{"id":508837,"date":"2024-01-10T14:06:53","date_gmt":"2024-01-10T17:06:53","guid":{"rendered":"https:\/\/www.suno.com.br\/noticias\/?p=508837"},"modified":"2024-01-10T14:06:59","modified_gmt":"2024-01-10T17:06:59","slug":"braskem-stf-acordo-maceio-gpj","status":"publish","type":"post","link":"https:\/\/www.suno.com.br\/noticias\/braskem-stf-acordo-maceio-gpj\/","title":{"rendered":"Braskem (BRKM5): STF pede informa\u00e7\u00f5es sobre acordo com prefeitura de Macei\u00f3"},"content":{"rendered":"<p>A ministra C\u00e1rmen L\u00facia, do Supremo Tribunal Federal (STF), concedeu nesta ter\u00e7a-feira (9) prazo de 30 dias para a prefeitura de Macei\u00f3 e a mineradora <strong>Braskem<\/strong> (<a href=\"https:\/\/statusinvest.com.br\/acoes\/brkm5\" target=\"_blank\" rel=\"noreferrer noopener\">BRKM5<\/a>) se manifestarem sobre o acordo de indeniza\u00e7\u00e3o, avaliado em R$ 1,7 bilh\u00e3o, pelos preju\u00edzos causados pela extra\u00e7\u00e3o de\u00a0sal-gema\u00a0na capital alagoana.<img decoding=\"async\" src=\"https:\/\/agenciabrasil.ebc.com.br\/ebc.png?id=1575870&amp;o=node\"><img decoding=\"async\" src=\"https:\/\/agenciabrasil.ebc.com.br\/ebc.gif?id=1575870&amp;o=node\"><\/p>\t<div class=\"wrapper-featured-image\">\n\t\t<figure class=\"spotlightImg\">\n\n\t\t\t<picture>\n\t\t\t\t<source media=\"(max-width: 768px)\" srcset=\"https:\/\/files.sunoresearch.com.br\/n\/uploads\/2022\/11\/braskem-brkm5-bofa-eleva-preco-alvo-upside-400x200.jpg\">\n\t\t\t\t<img loading=\"lazy\" decoding=\"async\" class=\"newsContent__article__imgCapa lazyloadDisabled \" src=\"https:\/\/files.sunoresearch.com.br\/n\/uploads\/2022\/11\/braskem-brkm5-bofa-eleva-preco-alvo-upside-800x450.jpg\" width=\"800\" height=\"450\" alt=\"Braskem (BRKM5): STF pede informa\u00e7\u00f5es sobre acordo com prefeitura de Macei\u00f3\" fetchpriority=high \/>\n\t\t\t<\/picture>\n\n\t\t\t<figcaption class=\"wp-caption-text wp-caption-text--show\">Braskem (BRKM5). Foto: Divulga\u00e7\u00e3o<\/figcaption>\n\t\t<\/figure>\n\t<\/div>\n\n\n\n\n\n\n\n\t<p>\n\t\t<a href=\"https:\/\/lp.suno.com.br\/planilha-da-vida-financeira\/\" target=\"_blank\" data-element=\"shortcode-suno-banner\" title=\"Banner SUNO, clique e saiba mais\">\n\t\t\t<picture>\n\t\t\t\t<source media=\"(max-width: 500px)\" srcset=\"https:\/\/files.sunoresearch.com.br\/n\/uploads\/2023\/04\/400x300-Planilha-vida-financeira-true.png\">\n\t\t\t\t<img class=\"newsContent__article__imgCapa newsContent__article__imgCapa--banner\"\n\t\t\t\t\tsrc=\"https:\/\/files.sunoresearch.com.br\/n\/uploads\/2023\/04\/1420x240-Planilha-vida-financeira-true.png\"\n\t\t\t\t\tdata-promo-id=\"106682\"\t\t\t\t\t\t\t\t\t\twidth='1420' height='240'\t\t\t\t\talt=\"https:\/\/files.sunoresearch.com.br\/n\/uploads\/2023\/04\/1420x240-Planilha-vida-financeira-true.png\"\n\t\t\t\t>\n\t\t\t<\/picture>\n\t\t<\/a>\n\t<\/p>\n\n\n\n\n\n<p>A decis\u00e3o da <strong>ministra do STF<\/strong> foi tomada para instruir a a\u00e7\u00e3o na qual o governo de Alagoas contesta a legalidade do acordo, assinado em julho do ano passado entre a empresa e o munic\u00edpio de Macei\u00f3. As cl\u00e1usulas foram questionadas no STF ap\u00f3s a Justi\u00e7a alagoana rejeitar a anula\u00e7\u00e3o do acordo.<\/p>\n\n\n\n<p>Ap\u00f3s receber as manifesta\u00e7\u00f5es, a ministra dever\u00e1 julgar a a\u00e7\u00e3o. N\u00e3o h\u00e1 prazo para o julgamento.<\/p>\n\n\n\n<p>O governo estadual alega que o acordo impede a integral repara\u00e7\u00e3o dos afetados pela minera\u00e7\u00e3o de sal-gema no estado. Al\u00e9m disso, questiona trechos que autorizam a empresa a se tornar propriet\u00e1ria de terrenos e continuar a explorar a regi\u00e3o devastada.<\/p>\n\n\n\n<p>Os acordos foram assinados pela Braskem em 2019, 2020 e 2022 com os seguintes \u00f3rg\u00e3os: Minist\u00e9rio P\u00fablico Federal (MPF), Minist\u00e9rio P\u00fablico de Alagoas (MPA), Defensoria P\u00fablica da Uni\u00e3o (DPU), Defensoria P\u00fablica de Alagoas e prefeitura de Macei\u00f3.<\/p>\n\n\n\n\t<div data-element=\"shortcode-read-more\" class=\"readToo\">\n\t\t\t\t<span class=\"readToo__title\">Leia mais<\/span>\n\t\t\t\t<ul class=\"readToo__list\">\n\t\t\t<li><a href=\"https:\/\/www.suno.com.br\/noticias\/lei-debentures-infraestrutura-sancionada-lula-evm\/\">Lei que disp\u00f5e sobre emiss\u00e3o de deb\u00eantures de infraestrutura \u00e9 sancionada<\/a><\/li><li><a href=\"https:\/\/www.suno.com.br\/noticias\/raia-drogasil-rebaixada-bb-gpj\/\">Raia Drogasil (RADL3) tem recomenda\u00e7\u00e3o rebaixada por banco; saiba por qu\u00ea<\/a><\/li><li><a href=\"https:\/\/www.suno.com.br\/noticias\/light-ligt3-substitui-cargos-diretoria-eduardo-gotilla-cpf\/\">Light (LIGT3) substitui tr\u00eas cargos de diretoria e se despede de Eduardo Gotilla<\/a><\/li>\t\t<\/ul>\n\t<\/div>\n\n\n\n\t<p>\n\t\t<a href=\"https:\/\/lp.suno.com.br\/ebook-como-analisar-uma-acao\/\" target=\"_blank\" data-element=\"shortcode-suno-banner\" title=\"Banner SUNO, clique e saiba mais\">\n\t\t\t<picture>\n\t\t\t\t<source media=\"(max-width: 500px)\" srcset=\"https:\/\/files.sunoresearch.com.br\/n\/uploads\/2023\/03\/Ebook-Acoes-Mobile.jpg\">\n\t\t\t\t<img class=\"newsContent__article__imgCapa newsContent__article__imgCapa--banner\"\n\t\t\t\t\tsrc=\"https:\/\/files.sunoresearch.com.br\/n\/uploads\/2023\/03\/Ebook-Acoes-Desktop.jpg\"\n\t\t\t\t\tdata-promo-id=\"378302\"\t\t\t\t\t\t\t\t\t\twidth='1420' height='286'\t\t\t\t\talt=\"https:\/\/files.sunoresearch.com.br\/n\/uploads\/2023\/03\/Ebook-Acoes-Desktop.jpg\"\n\t\t\t\t>\n\t\t\t<\/picture>\n\t\t<\/a>\n\t<\/p>\n\n\n\n\n\n<h2 class=\"wp-block-heading\">Braskem (BRKM5) sofre \u2018fac\u00e3o duplo\u2019 de ag\u00eancia de risco em meio a crise em Macei\u00f3<\/h2>\n\n\n\n<p>No \u00faltimo dia 15 de dezembro, a <strong>Fitch<\/strong>, ag\u00eancia de classifica\u00e7\u00e3o de risco, rebaixou a Braskem, reduzindo a nota de BBB- para BB+, a primeira nota do&nbsp;<a href=\"https:\/\/www.suno.com.br\/artigos\/grau-especulativo\/\" target=\"_blank\" rel=\"noreferrer noopener\">grau especulativo<\/a>.<\/p>\n\n\n\n<p>A mudan\u00e7a se d\u00e1 em meio \u00e0 crise da companhia em&nbsp;<strong>Macei\u00f3<\/strong>, al\u00e9m da alavancagem considerada relativamente alta.<\/p>\n\n\n\n<p>O problema ambiental em Alagoas, ali\u00e1s, tem rela\u00e7\u00e3o direta com esse rebaixamento \u2013 dado que deve trazer implica\u00e7\u00f5es financeiras relevantes para a companhia.<\/p>\n\n\n\n<p>\u201cO rebaixamento e a Observa\u00e7\u00e3o Negativa dos ratings refletem os crescentes riscos ambientais e as novas reivindica\u00e7\u00f5es, de R$ 1 bilh\u00e3o, associadas ao potencial colapso de uma mina de sal no contexto do evento geol\u00f3gico em Alagoas, que podem impactar negativamente o perfil do fluxo de caixa da empresa\u201d, diz a ag\u00eancia.<\/p>\n\n\n\n<p>\u201cA Fitch acredita que o&nbsp;<a target=\"_blank\" href=\"https:\/\/www.suno.com.br\/artigos\/fluxo-caixa-livre\/\" rel=\"noreferrer noopener\">fluxo de caixa livre<\/a>&nbsp;(FCF) ficar\u00e1 negativo por um per\u00edodo mais longo do que o esperado, enquanto a empresa permanece exposta a uma prolongada desacelera\u00e7\u00e3o no setor petroqu\u00edmico, o que resultou em significativo aumento da&nbsp;<a target=\"_blank\" href=\"https:\/\/www.suno.com.br\/artigos\/divida-liquida\/\" rel=\"noreferrer noopener\">d\u00edvida l\u00edquida<\/a>\u201c, segue.<\/p>\n\n\n\n<p>Nesse mesmo sentido, a&nbsp;<strong>Fitch<\/strong>&nbsp;rebaixou v\u00e1rios scores de relev\u00e2ncia de ESG da empresa, devido ao incidente, incorporando o aumento de impactos ambientais e sociais que podem resultar em custos de repara\u00e7\u00e3o e multas.<\/p>\n\n\n\n<p>\u201cO evento geol\u00f3gico poder\u00e1 ser um catalisador de deteriora\u00e7\u00e3o financeira, aumentando o passivo da Braskem, uma vez que o n\u00famero de processos envolvendo a empresa pode aumentar no futuro\u201d, observa a Fitch.<\/p>\n\n\n\n<p>\u201cA Fitch acredita que os casos podem impactar negativamente o FCF da empresa, de forma mais intensa do que o previsto anteriormente\u201d, acrescentou a ag\u00eancia sobre o rebaixamento da nota da <strong>Braskem<\/strong>.<\/p>\n\n\n\n<p><em>*Com informa\u00e7\u00f5es de Ag\u00eancia Brasil<\/em><\/p>\n\n\n\t<p>\n\t\t<a href=\"https:\/\/lp.suno.com.br\/planilha-da-vida-financeira\/\" target=\"_blank\" data-element=\"shortcode-suno-banner\" title=\"Banner SUNO, clique e saiba mais\">\n\t\t\t<picture>\n\t\t\t\t<source media=\"(max-width: 500px)\" srcset=\"https:\/\/files.sunoresearch.com.br\/n\/uploads\/2023\/04\/400x300-Planilha-vida-financeira-true.png\">\n\t\t\t\t<img class=\"newsContent__article__imgCapa newsContent__article__imgCapa--banner\"\n\t\t\t\t\tsrc=\"https:\/\/files.sunoresearch.com.br\/n\/uploads\/2023\/04\/1420x240-Planilha-vida-financeira-true.png\"\n\t\t\t\t\tdata-promo-id=\"383123\"\t\t\t\t\t\t\t\t\t\twidth='1420' height='240'\t\t\t\t\talt=\"https:\/\/files.sunoresearch.com.br\/n\/uploads\/2023\/04\/1420x240-Planilha-vida-financeira-true.png\"\n\t\t\t\t>\n\t\t\t<\/picture>\n\t\t<\/a>\n\t<\/p>\n\n\n","protected":false},"excerpt":{"rendered":"<p>A ministra C\u00e1rmen L\u00facia, do Supremo Tribunal Federal (STF), concedeu nesta ter\u00e7a-feira (9) prazo de 30 dias para a prefeitura de Macei\u00f3 e a mineradora Braskem (BRKM5) se manifestarem sobre o acordo de indeniza\u00e7\u00e3o, avaliado em R$ 1,7 bilh\u00e3o, pelos preju\u00edzos causados pela extra\u00e7\u00e3o de\u00a0sal-gema\u00a0na capital alagoana. Braskem (BRKM5). Foto: Divulga\u00e7\u00e3o A decis\u00e3o da ministra [&hellip;]<\/p>\n","protected":false},"author":43,"featured_media":325787,"comment_status":"closed","ping_status":"closed","sticky":false,"template":"","format":"standard","meta":[],"categories":[64],"tags":[395],"suno_strategy":[],"class_list":["post-508837","post","type-post","status-publish","format-standard","has-post-thumbnail","hentry","category-negocios","tag-braskem-brkm3-brkm5-brkm6"],"yoast_head":"<!-- This site is optimized with the Yoast SEO plugin v24.4 - https:\/\/yoast.com\/wordpress\/plugins\/seo\/ -->\n<title>Braskem (BRKM5): STF pede informa\u00e7\u00f5es sobre acordo com Macei\u00f3<\/title>\n<meta name=\"description\" content=\"O acordo de indeniza\u00e7\u00e3o est\u00e1 relacionado aos preju\u00edzos causados pela extra\u00e7\u00e3o de\u00a0sal-gema\u00a0da Braskem na capital alagoana.\" \/>\n<meta name=\"robots\" content=\"index, follow, max-snippet:-1, max-image-preview:large, max-video-preview:-1\" \/>\n<link rel=\"canonical\" href=\"https:\/\/www.suno.com.br\/noticias\/braskem-stf-acordo-maceio-gpj\/\" \/>\n<meta property=\"og:locale\" content=\"pt_BR\" \/>\n<meta property=\"og:type\" content=\"article\" \/>\n<meta property=\"og:title\" content=\"Braskem (BRKM5): STF pede informa\u00e7\u00f5es sobre acordo com Macei\u00f3\" \/>\n<meta property=\"og:description\" content=\"O acordo de indeniza\u00e7\u00e3o est\u00e1 relacionado aos preju\u00edzos causados pela extra\u00e7\u00e3o de\u00a0sal-gema\u00a0da Braskem na capital alagoana.\" \/>\n<meta property=\"og:url\" content=\"https:\/\/www.suno.com.br\/noticias\/braskem-stf-acordo-maceio-gpj\/\" \/>\n<meta property=\"og:site_name\" content=\"Suno Not\u00edcias\" \/>\n<meta property=\"article:publisher\" content=\"https:\/\/facebook.com\/sunoresearch\" \/>\n<meta property=\"article:author\" content=\"https:\/\/www.facebook.com\/sunonoticias\/\" \/>\n<meta property=\"og:image\" content=\"https:\/\/files.sunoresearch.com.br\/n\/uploads\/2022\/11\/braskem-brkm5-bofa-eleva-preco-alvo-upside.jpg\" \/>\n\t<meta property=\"og:image:width\" content=\"1200\" \/>\n\t<meta property=\"og:image:height\" content=\"800\" \/>\n\t<meta property=\"og:image:type\" content=\"image\/jpeg\" \/>\n<meta name=\"author\" content=\"Reda\u00e7\u00e3o Suno Not\u00edcias\" \/>\n<meta name=\"twitter:card\" content=\"summary_large_image\" \/>\n<meta name=\"twitter:creator\" content=\"@https:\/\/twitter.com\/sunoresearch\" \/>\n<meta name=\"twitter:site\" content=\"@sunoresearch\" \/>\n<meta name=\"twitter:label1\" content=\"Escrito por\" \/>\n\t<meta name=\"twitter:data1\" content=\"Reda\u00e7\u00e3o Suno Not\u00edcias\" \/>\n\t<meta name=\"twitter:label2\" content=\"Est. tempo de leitura\" \/>\n\t<meta name=\"twitter:data2\" content=\"4 minutos\" \/>\n<script type=\"application\/ld+json\" class=\"yoast-schema-graph\">{\"@context\":\"https:\/\/schema.org\",\"@graph\":[{\"@type\":\"NewsArticle\",\"@id\":\"https:\/\/www.suno.com.br\/noticias\/braskem-stf-acordo-maceio-gpj\/#article\",\"isPartOf\":{\"@id\":\"https:\/\/www.suno.com.br\/noticias\/braskem-stf-acordo-maceio-gpj\/\"},\"author\":{\"name\":\"Reda\u00e7\u00e3o Suno Not\u00edcias\",\"@id\":\"https:\/\/www.suno.com.br\/noticias\/#\/schema\/person\/c1b1bd3727fa852bd045e9dbff3673ea\"},\"headline\":\"Braskem (BRKM5): STF pede informa\u00e7\u00f5es sobre acordo com prefeitura de Macei\u00f3\",\"datePublished\":\"2024-01-10T17:06:53+00:00\",\"dateModified\":\"2024-01-10T17:06:59+00:00\",\"mainEntityOfPage\":{\"@id\":\"https:\/\/www.suno.com.br\/noticias\/braskem-stf-acordo-maceio-gpj\/\"},\"wordCount\":554,\"publisher\":{\"@id\":\"https:\/\/www.suno.com.br\/noticias\/#organization\"},\"image\":{\"@id\":\"https:\/\/www.suno.com.br\/noticias\/braskem-stf-acordo-maceio-gpj\/#primaryimage\"},\"thumbnailUrl\":\"https:\/\/files.sunoresearch.com.br\/n\/uploads\/2022\/11\/braskem-brkm5-bofa-eleva-preco-alvo-upside.jpg\",\"keywords\":[\"Braskem (BRKM3\/BRKM5\/BRKM6)\"],\"articleSection\":[\"Neg\u00f3cios\"],\"inLanguage\":\"pt-BR\"},{\"@type\":\"WebPage\",\"@id\":\"https:\/\/www.suno.com.br\/noticias\/braskem-stf-acordo-maceio-gpj\/\",\"url\":\"https:\/\/www.suno.com.br\/noticias\/braskem-stf-acordo-maceio-gpj\/\",\"name\":\"Braskem (BRKM5): STF pede informa\u00e7\u00f5es sobre acordo com Macei\u00f3\",\"isPartOf\":{\"@id\":\"https:\/\/www.suno.com.br\/noticias\/#website\"},\"primaryImageOfPage\":{\"@id\":\"https:\/\/www.suno.com.br\/noticias\/braskem-stf-acordo-maceio-gpj\/#primaryimage\"},\"image\":{\"@id\":\"https:\/\/www.suno.com.br\/noticias\/braskem-stf-acordo-maceio-gpj\/#primaryimage\"},\"thumbnailUrl\":\"https:\/\/files.sunoresearch.com.br\/n\/uploads\/2022\/11\/braskem-brkm5-bofa-eleva-preco-alvo-upside.jpg\",\"datePublished\":\"2024-01-10T17:06:53+00:00\",\"dateModified\":\"2024-01-10T17:06:59+00:00\",\"description\":\"O acordo de indeniza\u00e7\u00e3o est\u00e1 relacionado aos preju\u00edzos causados pela extra\u00e7\u00e3o de\u00a0sal-gema\u00a0da Braskem na capital alagoana.\",\"breadcrumb\":{\"@id\":\"https:\/\/www.suno.com.br\/noticias\/braskem-stf-acordo-maceio-gpj\/#breadcrumb\"},\"inLanguage\":\"pt-BR\",\"potentialAction\":[{\"@type\":\"ReadAction\",\"target\":[\"https:\/\/www.suno.com.br\/noticias\/braskem-stf-acordo-maceio-gpj\/\"]}]},{\"@type\":\"ImageObject\",\"inLanguage\":\"pt-BR\",\"@id\":\"https:\/\/www.suno.com.br\/noticias\/braskem-stf-acordo-maceio-gpj\/#primaryimage\",\"url\":\"https:\/\/files.sunoresearch.com.br\/n\/uploads\/2022\/11\/braskem-brkm5-bofa-eleva-preco-alvo-upside.jpg\",\"contentUrl\":\"https:\/\/files.sunoresearch.com.br\/n\/uploads\/2022\/11\/braskem-brkm5-bofa-eleva-preco-alvo-upside.jpg\",\"width\":1200,\"height\":800,\"caption\":\"Braskem (BRKM5). Foto: Divulga\u00e7\u00e3o\"},{\"@type\":\"BreadcrumbList\",\"@id\":\"https:\/\/www.suno.com.br\/noticias\/braskem-stf-acordo-maceio-gpj\/#breadcrumb\",\"itemListElement\":[{\"@type\":\"ListItem\",\"position\":1,\"name\":\"Not\u00edcias\",\"item\":\"https:\/\/www.suno.com.br\/noticias\/\"},{\"@type\":\"ListItem\",\"position\":2,\"name\":\"Neg\u00f3cios\",\"item\":\"https:\/\/www.suno.com.br\/noticias\/negocios\/\"},{\"@type\":\"ListItem\",\"position\":3,\"name\":\"Braskem (BRKM5): STF pede informa\u00e7\u00f5es sobre acordo com prefeitura de Macei\u00f3\"}]},{\"@type\":\"WebSite\",\"@id\":\"https:\/\/www.suno.com.br\/noticias\/#website\",\"url\":\"https:\/\/www.suno.com.br\/noticias\/\",\"name\":\"Suno Not\u00edcias\",\"description\":\"Seu portal de informa\u00e7\u00e3o sobre o mundo dos investimentos\",\"publisher\":{\"@id\":\"https:\/\/www.suno.com.br\/noticias\/#organization\"},\"potentialAction\":[{\"@type\":\"SearchAction\",\"target\":{\"@type\":\"EntryPoint\",\"urlTemplate\":\"https:\/\/www.suno.com.br\/noticias\/?s={search_term_string}\"},\"query-input\":{\"@type\":\"PropertyValueSpecification\",\"valueRequired\":true,\"valueName\":\"search_term_string\"}}],\"inLanguage\":\"pt-BR\"},{\"@type\":\"Organization\",\"@id\":\"https:\/\/www.suno.com.br\/noticias\/#organization\",\"name\":\"Suno Not\u00edcias\",\"url\":\"https:\/\/www.suno.com.br\/noticias\/\",\"logo\":{\"@type\":\"ImageObject\",\"inLanguage\":\"pt-BR\",\"@id\":\"https:\/\/www.suno.com.br\/noticias\/#\/schema\/logo\/image\/\",\"url\":\"https:\/\/files.sunoresearch.com.br\/n\/uploads\/2021\/09\/suno-logo.png\",\"contentUrl\":\"https:\/\/files.sunoresearch.com.br\/n\/uploads\/2021\/09\/suno-logo.png\",\"width\":180,\"height\":180,\"caption\":\"Suno Not\u00edcias\"},\"image\":{\"@id\":\"https:\/\/www.suno.com.br\/noticias\/#\/schema\/logo\/image\/\"},\"sameAs\":[\"https:\/\/facebook.com\/sunoresearch\",\"https:\/\/x.com\/sunoresearch\",\"https:\/\/www.instagram.com\/suno\",\"https:\/\/www.linkedin.com\/company\/suno-research\/\",\"https:\/\/www.youtube.com\/c\/sunoresearch\"]},{\"@type\":\"Person\",\"@id\":\"https:\/\/www.suno.com.br\/noticias\/#\/schema\/person\/c1b1bd3727fa852bd045e9dbff3673ea\",\"name\":\"Reda\u00e7\u00e3o Suno Not\u00edcias\",\"image\":{\"@type\":\"ImageObject\",\"inLanguage\":\"pt-BR\",\"@id\":\"https:\/\/www.suno.com.br\/noticias\/#\/schema\/person\/image\/\",\"url\":\"https:\/\/secure.gravatar.com\/avatar\/b8104b9b5a71985d5238ee59fbe418af?s=96&r=g\",\"contentUrl\":\"https:\/\/secure.gravatar.com\/avatar\/b8104b9b5a71985d5238ee59fbe418af?s=96&r=g\",\"caption\":\"Reda\u00e7\u00e3o Suno Not\u00edcias\"},\"description\":\"O Suno Not\u00edcias \u00e9 um portal de informa\u00e7\u00f5es sobre Mercado Financeiro, Pol\u00edtica, Neg\u00f3cios, Economia e Finan\u00e7as Pessoais.\",\"sameAs\":[\"https:\/\/www.suno.com.br\/noticias\",\"https:\/\/www.facebook.com\/sunonoticias\/\",\"https:\/\/www.instagram.com\/sunonoticias\/\",\"https:\/\/x.com\/https:\/\/twitter.com\/sunoresearch\",\"https:\/\/www.youtube.com\/sunonoticias\"],\"url\":\"https:\/\/www.suno.com.br\/noticias\/author\/redacao-suno\/\"}]}<\/script>\n<!-- \/ Yoast SEO plugin. -->","yoast_head_json":{"title":"Braskem (BRKM5): STF pede informa\u00e7\u00f5es sobre acordo com Macei\u00f3","description":"O acordo de indeniza\u00e7\u00e3o est\u00e1 relacionado aos preju\u00edzos causados pela extra\u00e7\u00e3o de\u00a0sal-gema\u00a0da Braskem na capital alagoana.","robots":{"index":"index","follow":"follow","max-snippet":"max-snippet:-1","max-image-preview":"max-image-preview:large","max-video-preview":"max-video-preview:-1"},"canonical":"https:\/\/www.suno.com.br\/noticias\/braskem-stf-acordo-maceio-gpj\/","og_locale":"pt_BR","og_type":"article","og_title":"Braskem (BRKM5): STF pede informa\u00e7\u00f5es sobre acordo com Macei\u00f3","og_description":"O acordo de indeniza\u00e7\u00e3o est\u00e1 relacionado aos preju\u00edzos causados pela extra\u00e7\u00e3o de\u00a0sal-gema\u00a0da Braskem na capital alagoana.","og_url":"https:\/\/www.suno.com.br\/noticias\/braskem-stf-acordo-maceio-gpj\/","og_site_name":"Suno Not\u00edcias","article_publisher":"https:\/\/facebook.com\/sunoresearch","article_author":"https:\/\/www.facebook.com\/sunonoticias\/","og_image":[{"width":1200,"height":800,"url":"https:\/\/files.sunoresearch.com.br\/n\/uploads\/2022\/11\/braskem-brkm5-bofa-eleva-preco-alvo-upside.jpg","type":"image\/jpeg"}],"author":"Reda\u00e7\u00e3o Suno Not\u00edcias","twitter_card":"summary_large_image","twitter_creator":"@https:\/\/twitter.com\/sunoresearch","twitter_site":"@sunoresearch","twitter_misc":{"Escrito por":"Reda\u00e7\u00e3o Suno Not\u00edcias","Est. tempo de leitura":"4 minutos"},"schema":{"@context":"https:\/\/schema.org","@graph":[{"@type":"NewsArticle","@id":"https:\/\/www.suno.com.br\/noticias\/braskem-stf-acordo-maceio-gpj\/#article","isPartOf":{"@id":"https:\/\/www.suno.com.br\/noticias\/braskem-stf-acordo-maceio-gpj\/"},"author":{"name":"Reda\u00e7\u00e3o Suno Not\u00edcias","@id":"https:\/\/www.suno.com.br\/noticias\/#\/schema\/person\/c1b1bd3727fa852bd045e9dbff3673ea"},"headline":"Braskem (BRKM5): STF pede informa\u00e7\u00f5es sobre acordo com prefeitura de Macei\u00f3","datePublished":"2024-01-10T17:06:53+00:00","dateModified":"2024-01-10T17:06:59+00:00","mainEntityOfPage":{"@id":"https:\/\/www.suno.com.br\/noticias\/braskem-stf-acordo-maceio-gpj\/"},"wordCount":554,"publisher":{"@id":"https:\/\/www.suno.com.br\/noticias\/#organization"},"image":{"@id":"https:\/\/www.suno.com.br\/noticias\/braskem-stf-acordo-maceio-gpj\/#primaryimage"},"thumbnailUrl":"https:\/\/files.sunoresearch.com.br\/n\/uploads\/2022\/11\/braskem-brkm5-bofa-eleva-preco-alvo-upside.jpg","keywords":["Braskem (BRKM3\/BRKM5\/BRKM6)"],"articleSection":["Neg\u00f3cios"],"inLanguage":"pt-BR"},{"@type":"WebPage","@id":"https:\/\/www.suno.com.br\/noticias\/braskem-stf-acordo-maceio-gpj\/","url":"https:\/\/www.suno.com.br\/noticias\/braskem-stf-acordo-maceio-gpj\/","name":"Braskem (BRKM5): STF pede informa\u00e7\u00f5es sobre acordo com Macei\u00f3","isPartOf":{"@id":"https:\/\/www.suno.com.br\/noticias\/#website"},"primaryImageOfPage":{"@id":"https:\/\/www.suno.com.br\/noticias\/braskem-stf-acordo-maceio-gpj\/#primaryimage"},"image":{"@id":"https:\/\/www.suno.com.br\/noticias\/braskem-stf-acordo-maceio-gpj\/#primaryimage"},"thumbnailUrl":"https:\/\/files.sunoresearch.com.br\/n\/uploads\/2022\/11\/braskem-brkm5-bofa-eleva-preco-alvo-upside.jpg","datePublished":"2024-01-10T17:06:53+00:00","dateModified":"2024-01-10T17:06:59+00:00","description":"O acordo de indeniza\u00e7\u00e3o est\u00e1 relacionado aos preju\u00edzos causados pela extra\u00e7\u00e3o de\u00a0sal-gema\u00a0da Braskem na capital alagoana.","breadcrumb":{"@id":"https:\/\/www.suno.com.br\/noticias\/braskem-stf-acordo-maceio-gpj\/#breadcrumb"},"inLanguage":"pt-BR","potentialAction":[{"@type":"ReadAction","target":["https:\/\/www.suno.com.br\/noticias\/braskem-stf-acordo-maceio-gpj\/"]}]},{"@type":"ImageObject","inLanguage":"pt-BR","@id":"https:\/\/www.suno.com.br\/noticias\/braskem-stf-acordo-maceio-gpj\/#primaryimage","url":"https:\/\/files.sunoresearch.com.br\/n\/uploads\/2022\/11\/braskem-brkm5-bofa-eleva-preco-alvo-upside.jpg","contentUrl":"https:\/\/files.sunoresearch.com.br\/n\/uploads\/2022\/11\/braskem-brkm5-bofa-eleva-preco-alvo-upside.jpg","width":1200,"height":800,"caption":"Braskem (BRKM5). Foto: Divulga\u00e7\u00e3o"},{"@type":"BreadcrumbList","@id":"https:\/\/www.suno.com.br\/noticias\/braskem-stf-acordo-maceio-gpj\/#breadcrumb","itemListElement":[{"@type":"ListItem","position":1,"name":"Not\u00edcias","item":"https:\/\/www.suno.com.br\/noticias\/"},{"@type":"ListItem","position":2,"name":"Neg\u00f3cios","item":"https:\/\/www.suno.com.br\/noticias\/negocios\/"},{"@type":"ListItem","position":3,"name":"Braskem (BRKM5): STF pede informa\u00e7\u00f5es sobre acordo com prefeitura de Macei\u00f3"}]},{"@type":"WebSite","@id":"https:\/\/www.suno.com.br\/noticias\/#website","url":"https:\/\/www.suno.com.br\/noticias\/","name":"Suno Not\u00edcias","description":"Seu portal de informa\u00e7\u00e3o sobre o mundo dos investimentos","publisher":{"@id":"https:\/\/www.suno.com.br\/noticias\/#organization"},"potentialAction":[{"@type":"SearchAction","target":{"@type":"EntryPoint","urlTemplate":"https:\/\/www.suno.com.br\/noticias\/?s={search_term_string}"},"query-input":{"@type":"PropertyValueSpecification","valueRequired":true,"valueName":"search_term_string"}}],"inLanguage":"pt-BR"},{"@type":"Organization","@id":"https:\/\/www.suno.com.br\/noticias\/#organization","name":"Suno Not\u00edcias","url":"https:\/\/www.suno.com.br\/noticias\/","logo":{"@type":"ImageObject","inLanguage":"pt-BR","@id":"https:\/\/www.suno.com.br\/noticias\/#\/schema\/logo\/image\/","url":"https:\/\/files.sunoresearch.com.br\/n\/uploads\/2021\/09\/suno-logo.png","contentUrl":"https:\/\/files.sunoresearch.com.br\/n\/uploads\/2021\/09\/suno-logo.png","width":180,"height":180,"caption":"Suno Not\u00edcias"},"image":{"@id":"https:\/\/www.suno.com.br\/noticias\/#\/schema\/logo\/image\/"},"sameAs":["https:\/\/facebook.com\/sunoresearch","https:\/\/x.com\/sunoresearch","https:\/\/www.instagram.com\/suno","https:\/\/www.linkedin.com\/company\/suno-research\/","https:\/\/www.youtube.com\/c\/sunoresearch"]},{"@type":"Person","@id":"https:\/\/www.suno.com.br\/noticias\/#\/schema\/person\/c1b1bd3727fa852bd045e9dbff3673ea","name":"Reda\u00e7\u00e3o Suno Not\u00edcias","image":{"@type":"ImageObject","inLanguage":"pt-BR","@id":"https:\/\/www.suno.com.br\/noticias\/#\/schema\/person\/image\/","url":"https:\/\/secure.gravatar.com\/avatar\/b8104b9b5a71985d5238ee59fbe418af?s=96&r=g","contentUrl":"https:\/\/secure.gravatar.com\/avatar\/b8104b9b5a71985d5238ee59fbe418af?s=96&r=g","caption":"Reda\u00e7\u00e3o Suno Not\u00edcias"},"description":"O Suno Not\u00edcias \u00e9 um portal de informa\u00e7\u00f5es sobre Mercado Financeiro, Pol\u00edtica, Neg\u00f3cios, Economia e Finan\u00e7as Pessoais.","sameAs":["https:\/\/www.suno.com.br\/noticias","https:\/\/www.facebook.com\/sunonoticias\/","https:\/\/www.instagram.com\/sunonoticias\/","https:\/\/x.com\/https:\/\/twitter.com\/sunoresearch","https:\/\/www.youtube.com\/sunonoticias"],"url":"https:\/\/www.suno.com.br\/noticias\/author\/redacao-suno\/"}]}},"default_loop_html":"<div class=\"cardsPage__listCard__boxs\"><div class=\"cardsPage__listCard__boxs__img\"><a href=\"https:\/\/www.suno.com.br\/noticias\/braskem-stf-acordo-maceio-gpj\/\"><img class=\"mask\" src=\"https:\/\/www.suno.com.br\/noticias\/wp-content\/themes\/suno\/resources\/images\/spotlight\/spotlight1img\/bg-mask.png\" alt=\"Image Mask\"\/><img src=\"https:\/\/files.sunoresearch.com.br\/n\/uploads\/2022\/11\/braskem-brkm5-bofa-eleva-preco-alvo-upside-400x200.jpg\" alt=\"Braskem (BRKM5): STF pede informa\u00e7\u00f5es sobre acordo com prefeitura de Macei\u00f3\"\/><\/a><span class=\"spotlightCategory\"><a href=\"https:\/\/www.suno.com.br\/noticias\/negocios\/\">Neg\u00f3cios<\/a><\/span><\/div><div class=\"cardsPage__listCard__boxs__content\"><a href=\"https:\/\/www.suno.com.br\/noticias\/braskem-stf-acordo-maceio-gpj\/\"><h2 class=\"content__title\">Braskem (BRKM5): STF pede informa\u00e7\u00f5es sobre acordo com prefeitura de Macei\u00f3<\/h2><\/a><div class=\"newsContent__article__meta\"><div class=\"newsContent__article__meta__authorBox\"><a href=\"https:\/\/www.suno.com.br\/noticias\/author\/camila-figueiredosuno-com-br\/\" class=\"authorBox__avatar noMobi\"><img src=\"https:\/\/files.sunoresearch.com.br\/n\/uploads\/2024\/05\/camila-paim-square-150x150.jpg\" alt=\"Camila Paim\"><\/a><div class=\"authorBox__name\"><span>por\n\t\t\t<a href=\"https:\/\/www.suno.com.br\/noticias\/author\/camila-figueiredosuno-com-br\/\"><span itemprop=\"author\">Camila Paim<\/span><\/a><\/span><time datetime=\"2024-01-10T14:06:53-03:00\" itemprop=\"datePublished\">10\/01\/2024 14:06<\/time><\/div><\/div><\/div><\/div><\/div>","single_layout":"posts","amp_enabled":true,"_links":{"self":[{"href":"https:\/\/www.suno.com.br\/noticias\/wp-json\/wp\/v2\/posts\/508837"}],"collection":[{"href":"https:\/\/www.suno.com.br\/noticias\/wp-json\/wp\/v2\/posts"}],"about":[{"href":"https:\/\/www.suno.com.br\/noticias\/wp-json\/wp\/v2\/types\/post"}],"author":[{"embeddable":true,"href":"https:\/\/www.suno.com.br\/noticias\/wp-json\/wp\/v2\/users\/43"}],"replies":[{"embeddable":true,"href":"https:\/\/www.suno.com.br\/noticias\/wp-json\/wp\/v2\/comments?post=508837"}],"version-history":[{"count":2,"href":"https:\/\/www.suno.com.br\/noticias\/wp-json\/wp\/v2\/posts\/508837\/revisions"}],"predecessor-version":[{"id":508883,"href":"https:\/\/www.suno.com.br\/noticias\/wp-json\/wp\/v2\/posts\/508837\/revisions\/508883"}],"wp:featuredmedia":[{"embeddable":true,"href":"https:\/\/www.suno.com.br\/noticias\/wp-json\/wp\/v2\/media\/325787"}],"wp:attachment":[{"href":"https:\/\/www.suno.com.br\/noticias\/wp-json\/wp\/v2\/media?parent=508837"}],"wp:term":[{"taxonomy":"category","embeddable":true,"href":"https:\/\/www.suno.com.br\/noticias\/wp-json\/wp\/v2\/categories?post=508837"},{"taxonomy":"post_tag","embeddable":true,"href":"https:\/\/www.suno.com.br\/noticias\/wp-json\/wp\/v2\/tags?post=508837"},{"taxonomy":"suno_strategy","embeddable":true,"href":"https:\/\/www.suno.com.br\/noticias\/wp-json\/wp\/v2\/suno_strategy?post=508837"}],"curies":[{"name":"wp","href":"https:\/\/api.w.org\/{rel}","templated":true}]}}