{"id":508812,"date":"2024-01-10T12:02:39","date_gmt":"2024-01-10T15:02:39","guid":{"rendered":"https:\/\/www.suno.com.br\/noticias\/?p=508812"},"modified":"2024-01-10T12:04:47","modified_gmt":"2024-01-10T15:04:47","slug":"lei-debentures-infraestrutura-sancionada-lula-evm","status":"publish","type":"post","link":"https:\/\/www.suno.com.br\/noticias\/lei-debentures-infraestrutura-sancionada-lula-evm\/","title":{"rendered":"Lei que disp\u00f5e sobre emiss\u00e3o de deb\u00eantures de infraestrutura \u00e9 sancionada"},"content":{"rendered":"<p>A Lei 14.801, que disp\u00f5e sobre a emiss\u00e3o de <strong><a href=\"https:\/\/www.suno.com.br\/noticias\/snid11-dividendos-gpj\/\" target=\"_blank\" rel=\"noreferrer noopener\">deb\u00eantures de infraestrutura<\/a><\/strong>, foi sancionada pelo presidente da Rep\u00fablica, Lula (PT), nesta quarta-feira (10).<\/p><div class=\"videoFull \">\n\t\t\t<div class=\"videoWrapper yt-lazyload center\"\n\t\t\t\tdata-width=\"960\"\n\t\t\t\tdata-height=\"540\"\n\t\t\t\tdata-id=\"hYgcExHjVa0\"\n\t\t\t\tdata-alt=\"V\u00eddeo do YouTube - clique para reproduzir\"\n\t\t\t\tdata-logo=\"3\"\n\t\t\t\tdata-imagequality=\"maxres\">\n\t\t\t<\/div>\n\t\t<\/div><script type=\"application\/ld+json\">{\"@context\":\"https:\/\/schema.org\",\"@type\":\"VideoObject\",\"name\":\"\ud83d\udd34 VALE (VALE3) E BRADESCO (BBDC4) DERRUBAM IBOVESPA| Limites na Eletrobras? | Demiss\u00e3o na CVC\",\"description\":\"#mercadofinanceiro #a\u00e7\u00f5es #investimentos #bolsadevalores #ibovespa #dinheiro #finan\u00e7as #pol\u00edtica #d\u00f3lar #livedas19h #petr4 #petrobras #vale3 #vale #a\u00e7\u00f5es #economia #dividendos #bradesco #bbdc4 #eletrobras #elet3 #cvc #cvcb3 #demiss\u00f5es \ud83d\udd34 SUNO A\u00c7\u00d5ES COM 60% DE DESCONTO: https:\/\/suno.me\/3RTjqGN 00:00 In\u00edcio do v\u00eddeo 1:50 O que esperar da bolsa em 2024? 08:25 Fechamento de preg\u00e3o 14:20 BBDC4 cai com rebaixamento do GS\u2026\",\"duration\":\"PT34M7S\",\"embedUrl\":\"https:\/\/www.youtube.com\/embed\/hYgcExHjVa0\",\"regionsAllowed\":\"en-US\",\"interactionStatistic\":{\"@type\":\"InteractionCounter\",\"interactionType\":{\"@type\":\"WatchAction\"},\"userInteractionCount\":1431},\"thumbnailUrl\":\"https:\/\/i.ytimg.com\/vi\/hYgcExHjVa0\/default.jpg\",\"uploadDate\":\"2024-01-10T10:42:54Z\"}<\/script>\n\n\n\n\n\t<p>\n\t\t<a href=\"\" target=\"_blank\" data-element=\"shortcode-suno-banner\" title=\"Banner SUNO, clique e saiba mais\">\n\t\t\t<picture>\n\t\t\t\t<source media=\"(max-width: 500px)\" srcset=\"\">\n\t\t\t\t<img class=\"newsContent__article__imgCapa newsContent__article__imgCapa--banner\"\n\t\t\t\t\tsrc=\"\"\n\t\t\t\t\tdata-promo-id=\"240038\"\t\t\t\t\t\t\t\t\t\t\t\t\t\t\talt=\"\"\n\t\t\t\t>\n\t\t\t<\/picture>\n\t\t<\/a>\n\t<\/p>\n\n\n\n\n\n\n\n<p>As deb\u00eantures de infraestrutura s\u00e3o um instrumento no <a class=\"suno-keyword\" target=\"_blank\" data-force=\"no\" data-priority=\"1\" href=\"https:\/\/www.suno.com.br\/artigos\/mercado-de-capitais-conceito\/\" rel=\"noopener\">mercado de capitais<\/a> que prev\u00ea incentivos tribut\u00e1rios para alavancar o investimento no setor.<\/p>\n\n\n\n<p>A legisla\u00e7\u00e3o que versa sobre a <strong>deb\u00eantures<\/strong> havia sido aprovada pelo Congresso nacional ainda em dezembro de 2023.<\/p>\n\n\n\n<p><strong>Deb\u00eantures s\u00e3o t\u00edtulos de d\u00edvida<\/strong> que as empresas podem lan\u00e7ar no mercado com o objetivo de captar recursos para financiar seus projetos de investimento. Esses t\u00edtulos podem ser adquiridos por pessoas f\u00edsicas e jur\u00eddicas, que passam a receber juros de forma peri\u00f3dica at\u00e9 o pagamento integral, numa esp\u00e9cie de empr\u00e9stimo.<\/p>\n\n\n\t<p>\n\t\t<a href=\"https:\/\/lp.suno.com.br\/ebook-gratuito-investindo-no-exterior\/\" target=\"_blank\" data-element=\"shortcode-suno-banner\" title=\"Banner SUNO, clique e saiba mais\">\n\t\t\t<picture>\n\t\t\t\t<source media=\"(max-width: 500px)\" srcset=\"https:\/\/files.sunoresearch.com.br\/n\/uploads\/2023\/03\/400x300-Investindo-no-exterior.png\">\n\t\t\t\t<img class=\"newsContent__article__imgCapa newsContent__article__imgCapa--banner\"\n\t\t\t\t\tsrc=\"https:\/\/files.sunoresearch.com.br\/n\/uploads\/2023\/03\/1420x240-Investindo-no-exterior.png\"\n\t\t\t\t\tdata-promo-id=\"383161\"\t\t\t\t\t\t\t\t\t\twidth='1420' height='240'\t\t\t\t\talt=\"https:\/\/files.sunoresearch.com.br\/n\/uploads\/2023\/03\/1420x240-Investindo-no-exterior.png\"\n\t\t\t\t>\n\t\t\t<\/picture>\n\t\t<\/a>\n\t<\/p>\n\n\n\n\n\n<h2 class=\"wp-block-heading\">O que muda com a lei das deb\u00eantures incentivadas<\/h2>\n\n\n\n<p>A lei <strong>cria uma nova modalidade de deb\u00eantures<\/strong>, as de infraestrutura. Desde 2011, j\u00e1 estavam em vigor as <strong>deb\u00eantures incentivadas<\/strong>. As duas modalidades funcionam com base em incentivos tribut\u00e1rios. <\/p>\n\n\n\n<p>A diferen\u00e7a \u00e9 que, No caso das incentivadas, o benef\u00edcio \u00e9 para os compradores dos t\u00edtulos. J\u00e1 nas deb\u00eantures de infraestrutura a vantagem \u00e9 para as empresas emissoras do instrumento.<\/p>\n\n\n\n<p>Segundo o texto da lei, as emissoras das deb\u00eantures de infraestrutura poder\u00e3o excluir na determina\u00e7\u00e3o do <a class=\"suno-keyword\" target=\"_blank\" data-force=\"no\" data-priority=\"2\" href=\"https:\/\/www.suno.com.br\/artigos\/lucro-real\/\" rel=\"noopener\">lucro real<\/a> e da base de c\u00e1lculo da Contribui\u00e7\u00e3o Social sobre <a class=\"suno-keyword\" target=\"_blank\" data-force=\"no\" data-priority=\"1\" href=\"https:\/\/www.suno.com.br\/artigos\/lucro-liquido\/\" rel=\"noopener\">Lucro L\u00edquido<\/a> (CSLL) o valor de 30% dos juros pagos aos detentores dos t\u00edtulos, em cada per\u00edodo.<\/p>\n\n\n\n<p>O emissor da deb\u00eanture poder\u00e1 ainda deduzir, para efeito de apura\u00e7\u00e3o do lucro l\u00edquido, o valor correspondente \u00e0 soma dos juros pagos ou incorridos, nos termos permitidos pela legisla\u00e7\u00e3o do imposto sobre a renda e da CSLL.<\/p>\n\n\n\n<p>O texto diz que os recursos captados por meio da emiss\u00e3o de <strong>deb\u00eantures de infraestrutura<\/strong> &#8220;ser\u00e3o destinados \u00e0 implementa\u00e7\u00e3o de projetos de investimento na \u00e1rea de infraestrutura ou de produ\u00e7\u00e3o econ\u00f4mica intensiva em pesquisa, desenvolvimento e inova\u00e7\u00e3o considerados como priorit\u00e1rios na forma regulamentada pelo Poder Executivo federal&#8221;.<\/p>\n\n\n\n<p>Com Estad\u00e3o Conte\u00fado<\/p>\n\n\n\t<p>\n\t\t<a href=\"https:\/\/lp.suno.com.br\/planilha-da-vida-financeira\/\" target=\"_blank\" data-element=\"shortcode-suno-banner\" title=\"Banner SUNO, clique e saiba mais\">\n\t\t\t<picture>\n\t\t\t\t<source media=\"(max-width: 500px)\" srcset=\"https:\/\/files.sunoresearch.com.br\/n\/uploads\/2023\/04\/400x300-Planilha-vida-financeira-true.png\">\n\t\t\t\t<img class=\"newsContent__article__imgCapa newsContent__article__imgCapa--banner\"\n\t\t\t\t\tsrc=\"https:\/\/files.sunoresearch.com.br\/n\/uploads\/2023\/04\/1420x240-Planilha-vida-financeira-true.png\"\n\t\t\t\t\tdata-promo-id=\"383123\"\t\t\t\t\t\t\t\t\t\twidth='1420' height='240'\t\t\t\t\talt=\"https:\/\/files.sunoresearch.com.br\/n\/uploads\/2023\/04\/1420x240-Planilha-vida-financeira-true.png\"\n\t\t\t\t>\n\t\t\t<\/picture>\n\t\t<\/a>\n\t<\/p>\n\n\n","protected":false},"excerpt":{"rendered":"<p>A Lei 14.801, que disp\u00f5e sobre a emiss\u00e3o de deb\u00eantures de infraestrutura, foi sancionada pelo presidente da Rep\u00fablica, Lula (PT), nesta quarta-feira (10). As deb\u00eantures de infraestrutura s\u00e3o um instrumento no mercado de capitais que prev\u00ea incentivos tribut\u00e1rios para alavancar o investimento no setor. A legisla\u00e7\u00e3o que versa sobre a deb\u00eantures havia sido aprovada pelo [&hellip;]<\/p>\n","protected":false},"author":73,"featured_media":412492,"comment_status":"closed","ping_status":"closed","sticky":false,"template":"","format":"standard","meta":[],"categories":[61],"tags":[],"suno_strategy":[],"class_list":["post-508812","post","type-post","status-publish","format-standard","has-post-thumbnail","hentry","category-politica"],"yoast_head":"<!-- This site is optimized with the Yoast SEO plugin v24.4 - https:\/\/yoast.com\/wordpress\/plugins\/seo\/ -->\n<title>Lei que muda regras de deb\u00eantures de infraestrutura \u00e9 sancionada<\/title>\n<meta name=\"description\" content=\"A lei cria uma nova modalidade de deb\u00eantures, as de infraestrutura; desde 2011, j\u00e1 estavam em vigor as deb\u00eantures incentivadas\" \/>\n<meta name=\"robots\" content=\"index, follow, max-snippet:-1, max-image-preview:large, max-video-preview:-1\" \/>\n<link rel=\"canonical\" href=\"https:\/\/www.suno.com.br\/noticias\/lei-debentures-infraestrutura-sancionada-lula-evm\/\" \/>\n<meta property=\"og:locale\" content=\"pt_BR\" \/>\n<meta property=\"og:type\" content=\"article\" \/>\n<meta property=\"og:title\" content=\"Lei que muda regras de deb\u00eantures de infraestrutura \u00e9 sancionada\" \/>\n<meta property=\"og:description\" content=\"A lei cria uma nova modalidade de deb\u00eantures, as de infraestrutura; desde 2011, j\u00e1 estavam em vigor as deb\u00eantures incentivadas\" \/>\n<meta property=\"og:url\" content=\"https:\/\/www.suno.com.br\/noticias\/lei-debentures-infraestrutura-sancionada-lula-evm\/\" \/>\n<meta property=\"og:site_name\" content=\"Suno Not\u00edcias\" \/>\n<meta property=\"article:publisher\" content=\"https:\/\/facebook.com\/sunoresearch\" \/>\n<meta property=\"og:image\" content=\"https:\/\/files.sunoresearch.com.br\/n\/uploads\/2023\/06\/governo.jpg\" \/>\n\t<meta property=\"og:image:width\" content=\"1280\" \/>\n\t<meta property=\"og:image:height\" content=\"959\" \/>\n\t<meta property=\"og:image:type\" content=\"image\/jpeg\" \/>\n<meta name=\"author\" content=\"Eduardo Vargas\" \/>\n<meta name=\"twitter:card\" content=\"summary_large_image\" \/>\n<meta name=\"twitter:creator\" content=\"@sunoresearch\" \/>\n<meta name=\"twitter:site\" content=\"@sunoresearch\" \/>\n<meta name=\"twitter:label1\" content=\"Escrito por\" \/>\n\t<meta name=\"twitter:data1\" content=\"Eduardo Vargas\" \/>\n\t<meta name=\"twitter:label2\" content=\"Est. tempo de leitura\" \/>\n\t<meta name=\"twitter:data2\" content=\"2 minutos\" \/>\n<script type=\"application\/ld+json\" class=\"yoast-schema-graph\">{\"@context\":\"https:\/\/schema.org\",\"@graph\":[{\"@type\":\"NewsArticle\",\"@id\":\"https:\/\/www.suno.com.br\/noticias\/lei-debentures-infraestrutura-sancionada-lula-evm\/#article\",\"isPartOf\":{\"@id\":\"https:\/\/www.suno.com.br\/noticias\/lei-debentures-infraestrutura-sancionada-lula-evm\/\"},\"author\":{\"name\":\"Eduardo Vargas\",\"@id\":\"https:\/\/www.suno.com.br\/noticias\/#\/schema\/person\/7f4d362bf3518e76090143ae77bb49a5\"},\"headline\":\"Lei que disp\u00f5e sobre emiss\u00e3o de deb\u00eantures de infraestrutura \u00e9 sancionada\",\"datePublished\":\"2024-01-10T15:02:39+00:00\",\"dateModified\":\"2024-01-10T15:04:47+00:00\",\"mainEntityOfPage\":{\"@id\":\"https:\/\/www.suno.com.br\/noticias\/lei-debentures-infraestrutura-sancionada-lula-evm\/\"},\"wordCount\":373,\"publisher\":{\"@id\":\"https:\/\/www.suno.com.br\/noticias\/#organization\"},\"image\":{\"@id\":\"https:\/\/www.suno.com.br\/noticias\/lei-debentures-infraestrutura-sancionada-lula-evm\/#primaryimage\"},\"thumbnailUrl\":\"https:\/\/files.sunoresearch.com.br\/n\/uploads\/2023\/06\/governo.jpg\",\"articleSection\":[\"Pol\u00edtica\"],\"inLanguage\":\"pt-BR\"},{\"@type\":\"WebPage\",\"@id\":\"https:\/\/www.suno.com.br\/noticias\/lei-debentures-infraestrutura-sancionada-lula-evm\/\",\"url\":\"https:\/\/www.suno.com.br\/noticias\/lei-debentures-infraestrutura-sancionada-lula-evm\/\",\"name\":\"Lei que muda regras de deb\u00eantures de infraestrutura \u00e9 sancionada\",\"isPartOf\":{\"@id\":\"https:\/\/www.suno.com.br\/noticias\/#website\"},\"primaryImageOfPage\":{\"@id\":\"https:\/\/www.suno.com.br\/noticias\/lei-debentures-infraestrutura-sancionada-lula-evm\/#primaryimage\"},\"image\":{\"@id\":\"https:\/\/www.suno.com.br\/noticias\/lei-debentures-infraestrutura-sancionada-lula-evm\/#primaryimage\"},\"thumbnailUrl\":\"https:\/\/files.sunoresearch.com.br\/n\/uploads\/2023\/06\/governo.jpg\",\"datePublished\":\"2024-01-10T15:02:39+00:00\",\"dateModified\":\"2024-01-10T15:04:47+00:00\",\"description\":\"A lei cria uma nova modalidade de deb\u00eantures, as de infraestrutura; desde 2011, j\u00e1 estavam em vigor as deb\u00eantures incentivadas\",\"breadcrumb\":{\"@id\":\"https:\/\/www.suno.com.br\/noticias\/lei-debentures-infraestrutura-sancionada-lula-evm\/#breadcrumb\"},\"inLanguage\":\"pt-BR\",\"potentialAction\":[{\"@type\":\"ReadAction\",\"target\":[\"https:\/\/www.suno.com.br\/noticias\/lei-debentures-infraestrutura-sancionada-lula-evm\/\"]}]},{\"@type\":\"ImageObject\",\"inLanguage\":\"pt-BR\",\"@id\":\"https:\/\/www.suno.com.br\/noticias\/lei-debentures-infraestrutura-sancionada-lula-evm\/#primaryimage\",\"url\":\"https:\/\/files.sunoresearch.com.br\/n\/uploads\/2023\/06\/governo.jpg\",\"contentUrl\":\"https:\/\/files.sunoresearch.com.br\/n\/uploads\/2023\/06\/governo.jpg\",\"width\":1280,\"height\":959,\"caption\":\"SNID11: cria\u00e7\u00e3o das deb\u00eantures de infraestrutura devem beneficiar o fundo-Foto: Pixabay.\"},{\"@type\":\"BreadcrumbList\",\"@id\":\"https:\/\/www.suno.com.br\/noticias\/lei-debentures-infraestrutura-sancionada-lula-evm\/#breadcrumb\",\"itemListElement\":[{\"@type\":\"ListItem\",\"position\":1,\"name\":\"Not\u00edcias\",\"item\":\"https:\/\/www.suno.com.br\/noticias\/\"},{\"@type\":\"ListItem\",\"position\":2,\"name\":\"Pol\u00edtica\",\"item\":\"https:\/\/www.suno.com.br\/noticias\/politica\/\"},{\"@type\":\"ListItem\",\"position\":3,\"name\":\"Lei que disp\u00f5e sobre emiss\u00e3o de deb\u00eantures de infraestrutura \u00e9 sancionada\"}]},{\"@type\":\"WebSite\",\"@id\":\"https:\/\/www.suno.com.br\/noticias\/#website\",\"url\":\"https:\/\/www.suno.com.br\/noticias\/\",\"name\":\"Suno Not\u00edcias\",\"description\":\"Seu portal de informa\u00e7\u00e3o sobre o mundo dos investimentos\",\"publisher\":{\"@id\":\"https:\/\/www.suno.com.br\/noticias\/#organization\"},\"potentialAction\":[{\"@type\":\"SearchAction\",\"target\":{\"@type\":\"EntryPoint\",\"urlTemplate\":\"https:\/\/www.suno.com.br\/noticias\/?s={search_term_string}\"},\"query-input\":{\"@type\":\"PropertyValueSpecification\",\"valueRequired\":true,\"valueName\":\"search_term_string\"}}],\"inLanguage\":\"pt-BR\"},{\"@type\":\"Organization\",\"@id\":\"https:\/\/www.suno.com.br\/noticias\/#organization\",\"name\":\"Suno Not\u00edcias\",\"url\":\"https:\/\/www.suno.com.br\/noticias\/\",\"logo\":{\"@type\":\"ImageObject\",\"inLanguage\":\"pt-BR\",\"@id\":\"https:\/\/www.suno.com.br\/noticias\/#\/schema\/logo\/image\/\",\"url\":\"https:\/\/files.sunoresearch.com.br\/n\/uploads\/2021\/09\/suno-logo.png\",\"contentUrl\":\"https:\/\/files.sunoresearch.com.br\/n\/uploads\/2021\/09\/suno-logo.png\",\"width\":180,\"height\":180,\"caption\":\"Suno Not\u00edcias\"},\"image\":{\"@id\":\"https:\/\/www.suno.com.br\/noticias\/#\/schema\/logo\/image\/\"},\"sameAs\":[\"https:\/\/facebook.com\/sunoresearch\",\"https:\/\/x.com\/sunoresearch\",\"https:\/\/www.instagram.com\/suno\",\"https:\/\/www.linkedin.com\/company\/suno-research\/\",\"https:\/\/www.youtube.com\/c\/sunoresearch\"]},{\"@type\":\"Person\",\"@id\":\"https:\/\/www.suno.com.br\/noticias\/#\/schema\/person\/7f4d362bf3518e76090143ae77bb49a5\",\"name\":\"Eduardo Vargas\",\"image\":{\"@type\":\"ImageObject\",\"inLanguage\":\"pt-BR\",\"@id\":\"https:\/\/www.suno.com.br\/noticias\/#\/schema\/person\/image\/\",\"url\":\"https:\/\/secure.gravatar.com\/avatar\/dac340933427a22924c9f99d1eb2e3f2?s=96&r=g\",\"contentUrl\":\"https:\/\/secure.gravatar.com\/avatar\/dac340933427a22924c9f99d1eb2e3f2?s=96&r=g\",\"caption\":\"Eduardo Vargas\"},\"description\":\"Jornalista formado pela UFSC, cobre macroeconomia, neg\u00f3cios e startups para o Suno Not\u00edcias, escrevendo principalmente not\u00edcias sobre o mercado financeiro e a bolsa de valores. No YouTube e no Instagram, \u00e9 respons\u00e1vel pela produ\u00e7\u00e3o de Reels e Shorts do Suno Not\u00edcias. Anteriormente, trabalhou cobrindo economia e cotidiano no ND+ e para o ND, maior jornal impresso de Santa Catarina. Cursou um semestre letivo de Estudos de M\u00eddia na Universidad de Buenos Aires.\",\"url\":\"https:\/\/www.suno.com.br\/noticias\/author\/eduardo-vargas\/\"}]}<\/script>\n<!-- \/ Yoast SEO plugin. -->","yoast_head_json":{"title":"Lei que muda regras de deb\u00eantures de infraestrutura \u00e9 sancionada","description":"A lei cria uma nova modalidade de deb\u00eantures, as de infraestrutura; desde 2011, j\u00e1 estavam em vigor as deb\u00eantures incentivadas","robots":{"index":"index","follow":"follow","max-snippet":"max-snippet:-1","max-image-preview":"max-image-preview:large","max-video-preview":"max-video-preview:-1"},"canonical":"https:\/\/www.suno.com.br\/noticias\/lei-debentures-infraestrutura-sancionada-lula-evm\/","og_locale":"pt_BR","og_type":"article","og_title":"Lei que muda regras de deb\u00eantures de infraestrutura \u00e9 sancionada","og_description":"A lei cria uma nova modalidade de deb\u00eantures, as de infraestrutura; desde 2011, j\u00e1 estavam em vigor as deb\u00eantures incentivadas","og_url":"https:\/\/www.suno.com.br\/noticias\/lei-debentures-infraestrutura-sancionada-lula-evm\/","og_site_name":"Suno Not\u00edcias","article_publisher":"https:\/\/facebook.com\/sunoresearch","og_image":[{"width":1280,"height":959,"url":"https:\/\/files.sunoresearch.com.br\/n\/uploads\/2023\/06\/governo.jpg","type":"image\/jpeg"}],"author":"Eduardo Vargas","twitter_card":"summary_large_image","twitter_creator":"@sunoresearch","twitter_site":"@sunoresearch","twitter_misc":{"Escrito por":"Eduardo Vargas","Est. tempo de leitura":"2 minutos"},"schema":{"@context":"https:\/\/schema.org","@graph":[{"@type":"NewsArticle","@id":"https:\/\/www.suno.com.br\/noticias\/lei-debentures-infraestrutura-sancionada-lula-evm\/#article","isPartOf":{"@id":"https:\/\/www.suno.com.br\/noticias\/lei-debentures-infraestrutura-sancionada-lula-evm\/"},"author":{"name":"Eduardo Vargas","@id":"https:\/\/www.suno.com.br\/noticias\/#\/schema\/person\/7f4d362bf3518e76090143ae77bb49a5"},"headline":"Lei que disp\u00f5e sobre emiss\u00e3o de deb\u00eantures de infraestrutura \u00e9 sancionada","datePublished":"2024-01-10T15:02:39+00:00","dateModified":"2024-01-10T15:04:47+00:00","mainEntityOfPage":{"@id":"https:\/\/www.suno.com.br\/noticias\/lei-debentures-infraestrutura-sancionada-lula-evm\/"},"wordCount":373,"publisher":{"@id":"https:\/\/www.suno.com.br\/noticias\/#organization"},"image":{"@id":"https:\/\/www.suno.com.br\/noticias\/lei-debentures-infraestrutura-sancionada-lula-evm\/#primaryimage"},"thumbnailUrl":"https:\/\/files.sunoresearch.com.br\/n\/uploads\/2023\/06\/governo.jpg","articleSection":["Pol\u00edtica"],"inLanguage":"pt-BR"},{"@type":"WebPage","@id":"https:\/\/www.suno.com.br\/noticias\/lei-debentures-infraestrutura-sancionada-lula-evm\/","url":"https:\/\/www.suno.com.br\/noticias\/lei-debentures-infraestrutura-sancionada-lula-evm\/","name":"Lei que muda regras de deb\u00eantures de infraestrutura \u00e9 sancionada","isPartOf":{"@id":"https:\/\/www.suno.com.br\/noticias\/#website"},"primaryImageOfPage":{"@id":"https:\/\/www.suno.com.br\/noticias\/lei-debentures-infraestrutura-sancionada-lula-evm\/#primaryimage"},"image":{"@id":"https:\/\/www.suno.com.br\/noticias\/lei-debentures-infraestrutura-sancionada-lula-evm\/#primaryimage"},"thumbnailUrl":"https:\/\/files.sunoresearch.com.br\/n\/uploads\/2023\/06\/governo.jpg","datePublished":"2024-01-10T15:02:39+00:00","dateModified":"2024-01-10T15:04:47+00:00","description":"A lei cria uma nova modalidade de deb\u00eantures, as de infraestrutura; desde 2011, j\u00e1 estavam em vigor as deb\u00eantures incentivadas","breadcrumb":{"@id":"https:\/\/www.suno.com.br\/noticias\/lei-debentures-infraestrutura-sancionada-lula-evm\/#breadcrumb"},"inLanguage":"pt-BR","potentialAction":[{"@type":"ReadAction","target":["https:\/\/www.suno.com.br\/noticias\/lei-debentures-infraestrutura-sancionada-lula-evm\/"]}]},{"@type":"ImageObject","inLanguage":"pt-BR","@id":"https:\/\/www.suno.com.br\/noticias\/lei-debentures-infraestrutura-sancionada-lula-evm\/#primaryimage","url":"https:\/\/files.sunoresearch.com.br\/n\/uploads\/2023\/06\/governo.jpg","contentUrl":"https:\/\/files.sunoresearch.com.br\/n\/uploads\/2023\/06\/governo.jpg","width":1280,"height":959,"caption":"SNID11: cria\u00e7\u00e3o das deb\u00eantures de infraestrutura devem beneficiar o fundo-Foto: Pixabay."},{"@type":"BreadcrumbList","@id":"https:\/\/www.suno.com.br\/noticias\/lei-debentures-infraestrutura-sancionada-lula-evm\/#breadcrumb","itemListElement":[{"@type":"ListItem","position":1,"name":"Not\u00edcias","item":"https:\/\/www.suno.com.br\/noticias\/"},{"@type":"ListItem","position":2,"name":"Pol\u00edtica","item":"https:\/\/www.suno.com.br\/noticias\/politica\/"},{"@type":"ListItem","position":3,"name":"Lei que disp\u00f5e sobre emiss\u00e3o de deb\u00eantures de infraestrutura \u00e9 sancionada"}]},{"@type":"WebSite","@id":"https:\/\/www.suno.com.br\/noticias\/#website","url":"https:\/\/www.suno.com.br\/noticias\/","name":"Suno Not\u00edcias","description":"Seu portal de informa\u00e7\u00e3o sobre o mundo dos investimentos","publisher":{"@id":"https:\/\/www.suno.com.br\/noticias\/#organization"},"potentialAction":[{"@type":"SearchAction","target":{"@type":"EntryPoint","urlTemplate":"https:\/\/www.suno.com.br\/noticias\/?s={search_term_string}"},"query-input":{"@type":"PropertyValueSpecification","valueRequired":true,"valueName":"search_term_string"}}],"inLanguage":"pt-BR"},{"@type":"Organization","@id":"https:\/\/www.suno.com.br\/noticias\/#organization","name":"Suno Not\u00edcias","url":"https:\/\/www.suno.com.br\/noticias\/","logo":{"@type":"ImageObject","inLanguage":"pt-BR","@id":"https:\/\/www.suno.com.br\/noticias\/#\/schema\/logo\/image\/","url":"https:\/\/files.sunoresearch.com.br\/n\/uploads\/2021\/09\/suno-logo.png","contentUrl":"https:\/\/files.sunoresearch.com.br\/n\/uploads\/2021\/09\/suno-logo.png","width":180,"height":180,"caption":"Suno Not\u00edcias"},"image":{"@id":"https:\/\/www.suno.com.br\/noticias\/#\/schema\/logo\/image\/"},"sameAs":["https:\/\/facebook.com\/sunoresearch","https:\/\/x.com\/sunoresearch","https:\/\/www.instagram.com\/suno","https:\/\/www.linkedin.com\/company\/suno-research\/","https:\/\/www.youtube.com\/c\/sunoresearch"]},{"@type":"Person","@id":"https:\/\/www.suno.com.br\/noticias\/#\/schema\/person\/7f4d362bf3518e76090143ae77bb49a5","name":"Eduardo Vargas","image":{"@type":"ImageObject","inLanguage":"pt-BR","@id":"https:\/\/www.suno.com.br\/noticias\/#\/schema\/person\/image\/","url":"https:\/\/secure.gravatar.com\/avatar\/dac340933427a22924c9f99d1eb2e3f2?s=96&r=g","contentUrl":"https:\/\/secure.gravatar.com\/avatar\/dac340933427a22924c9f99d1eb2e3f2?s=96&r=g","caption":"Eduardo Vargas"},"description":"Jornalista formado pela UFSC, cobre macroeconomia, neg\u00f3cios e startups para o Suno Not\u00edcias, escrevendo principalmente not\u00edcias sobre o mercado financeiro e a bolsa de valores. No YouTube e no Instagram, \u00e9 respons\u00e1vel pela produ\u00e7\u00e3o de Reels e Shorts do Suno Not\u00edcias. Anteriormente, trabalhou cobrindo economia e cotidiano no ND+ e para o ND, maior jornal impresso de Santa Catarina. Cursou um semestre letivo de Estudos de M\u00eddia na Universidad de Buenos Aires.","url":"https:\/\/www.suno.com.br\/noticias\/author\/eduardo-vargas\/"}]}},"default_loop_html":"<div class=\"cardsPage__listCard__boxs\"><div class=\"cardsPage__listCard__boxs__img\"><a href=\"https:\/\/www.suno.com.br\/noticias\/lei-debentures-infraestrutura-sancionada-lula-evm\/\"><img class=\"mask\" src=\"https:\/\/www.suno.com.br\/noticias\/wp-content\/themes\/suno\/resources\/images\/spotlight\/spotlight1img\/bg-mask.png\" alt=\"Image Mask\"\/><img src=\"https:\/\/files.sunoresearch.com.br\/n\/uploads\/2023\/06\/governo-400x200.jpg\" alt=\"Lei que disp\u00f5e sobre emiss\u00e3o de deb\u00eantures de infraestrutura \u00e9 sancionada\"\/><\/a><span class=\"spotlightCategory\"><a href=\"https:\/\/www.suno.com.br\/noticias\/politica\/\">Pol\u00edtica<\/a><\/span><\/div><div class=\"cardsPage__listCard__boxs__content\"><a href=\"https:\/\/www.suno.com.br\/noticias\/lei-debentures-infraestrutura-sancionada-lula-evm\/\"><h2 class=\"content__title\">Lei que disp\u00f5e sobre emiss\u00e3o de deb\u00eantures de infraestrutura \u00e9 sancionada<\/h2><\/a><div class=\"newsContent__article__meta\"><div class=\"newsContent__article__meta__authorBox\"><a href=\"https:\/\/www.suno.com.br\/noticias\/author\/eduardo-vargas\/\" class=\"authorBox__avatar noMobi\"><img src=\"https:\/\/secure.gravatar.com\/avatar\/dac340933427a22924c9f99d1eb2e3f2?s=96&#038;r=g\" alt=\"Eduardo Vargas\"><\/a><div class=\"authorBox__name\"><span>por\n\t\t\t<a href=\"https:\/\/www.suno.com.br\/noticias\/author\/eduardo-vargas\/\"><span itemprop=\"author\">Eduardo Vargas<\/span><\/a><\/span><time datetime=\"2024-01-10T12:02:39-03:00\" itemprop=\"datePublished\">10\/01\/2024 12:02<\/time><\/div><\/div><\/div><\/div><\/div>","single_layout":"posts","amp_enabled":true,"_links":{"self":[{"href":"https:\/\/www.suno.com.br\/noticias\/wp-json\/wp\/v2\/posts\/508812"}],"collection":[{"href":"https:\/\/www.suno.com.br\/noticias\/wp-json\/wp\/v2\/posts"}],"about":[{"href":"https:\/\/www.suno.com.br\/noticias\/wp-json\/wp\/v2\/types\/post"}],"author":[{"embeddable":true,"href":"https:\/\/www.suno.com.br\/noticias\/wp-json\/wp\/v2\/users\/73"}],"replies":[{"embeddable":true,"href":"https:\/\/www.suno.com.br\/noticias\/wp-json\/wp\/v2\/comments?post=508812"}],"version-history":[{"count":2,"href":"https:\/\/www.suno.com.br\/noticias\/wp-json\/wp\/v2\/posts\/508812\/revisions"}],"predecessor-version":[{"id":508833,"href":"https:\/\/www.suno.com.br\/noticias\/wp-json\/wp\/v2\/posts\/508812\/revisions\/508833"}],"wp:featuredmedia":[{"embeddable":true,"href":"https:\/\/www.suno.com.br\/noticias\/wp-json\/wp\/v2\/media\/412492"}],"wp:attachment":[{"href":"https:\/\/www.suno.com.br\/noticias\/wp-json\/wp\/v2\/media?parent=508812"}],"wp:term":[{"taxonomy":"category","embeddable":true,"href":"https:\/\/www.suno.com.br\/noticias\/wp-json\/wp\/v2\/categories?post=508812"},{"taxonomy":"post_tag","embeddable":true,"href":"https:\/\/www.suno.com.br\/noticias\/wp-json\/wp\/v2\/tags?post=508812"},{"taxonomy":"suno_strategy","embeddable":true,"href":"https:\/\/www.suno.com.br\/noticias\/wp-json\/wp\/v2\/suno_strategy?post=508812"}],"curies":[{"name":"wp","href":"https:\/\/api.w.org\/{rel}","templated":true}]}}