{"id":508294,"date":"2024-01-09T14:47:07","date_gmt":"2024-01-09T17:47:07","guid":{"rendered":"https:\/\/www.suno.com.br\/noticias\/?p=508294"},"modified":"2024-01-09T15:50:55","modified_gmt":"2024-01-09T18:50:55","slug":"vendas-no-varejo-sobem-icva-cielo-ciel3-evm","status":"publish","type":"post","link":"https:\/\/www.suno.com.br\/noticias\/vendas-no-varejo-sobem-icva-cielo-ciel3-evm\/","title":{"rendered":"Vendas no varejo avan\u00e7am 1,1%, mostra ICVA da Cielo (CIEL3)"},"content":{"rendered":"<p>As <strong><a href=\"https:\/\/www.suno.com.br\/noticias\/vivara-viva3-xp-top-pick-varejo-dados-4t23-va\/\" target=\"_blank\" rel=\"noreferrer noopener\">vendas no varejo<\/a><\/strong> em dezembro de 2023 cresceram 1,1% ante igual etapa do ano anterior &#8211; e se descontada a infla\u00e7\u00e3o &#8211; segundo dados do <a class=\"suno-keyword\" data-force=\"no\" data-priority=\"1\" href=\"https:\/\/www.suno.com.br\/artigos\/icva\/\" target=\"_blank\" rel=\"noopener\">\u00cdndice Cielo do Varejo Ampliado (ICVA)<\/a>. <\/p><div class=\"videoFull \">\n\t\t\t<div class=\"videoWrapper yt-lazyload center\"\n\t\t\t\tdata-width=\"960\"\n\t\t\t\tdata-height=\"540\"\n\t\t\t\tdata-id=\"kEHL0nkypVw\"\n\t\t\t\tdata-alt=\"V\u00eddeo do YouTube - clique para reproduzir\"\n\t\t\t\tdata-logo=\"3\"\n\t\t\t\tdata-imagequality=\"maxres\">\n\t\t\t<\/div>\n\t\t<\/div><script type=\"application\/ld+json\">{\"@context\":\"https:\/\/schema.org\",\"@type\":\"VideoObject\",\"name\":\"\ud83d\udd34 IBOVESPA SOBE E PETROBRAS (PETR4) DERRAPA | Nova Lu do Magalu? | Nubank \u00e9 subestimado, diz CEO\",\"description\":\"#mercadofinanceiro #a\u00e7\u00f5es #investimentos #bolsadevalores #ibovespa #dinheiro #finan\u00e7as #pol\u00edtica #d\u00f3lar #livedas19h #petr4 #petrobras #vale3 #vale #a\u00e7\u00f5es #economia #dividendos #nubank #roxo34 #ceo #magazineluiza #mglu3 #ludomagalu #casasbahia #bhia3 \ud83d\udd34 SUNOFLIX - MELHORES INVESTIMENTOS PARA 2024: https:\/\/lp.suno.com.br\/cl\/sunoflix-2024\/?utm_source=youtube.noticias&utm_medium=live&utm_campaign=RS.EIN24.ns.20240103&utm_content=noticias.live.03012024 00:00 In\u00edcio do v\u00eddeo 01:50 Fechamento de preg\u00e3o 06:50 Petr\u00f3leo despenca ap\u00f3s corte da Ar\u00e1bia Saudita 09:50 BHIA3 segue com revis\u00f5es pessimistas\u2026\",\"duration\":\"PT33M36S\",\"embedUrl\":\"https:\/\/www.youtube.com\/embed\/kEHL0nkypVw\",\"regionsAllowed\":\"en-US\",\"interactionStatistic\":{\"@type\":\"InteractionCounter\",\"interactionType\":{\"@type\":\"WatchAction\"},\"userInteractionCount\":1275},\"thumbnailUrl\":\"https:\/\/i.ytimg.com\/vi\/kEHL0nkypVw\/default.jpg\",\"uploadDate\":\"2024-01-09T10:41:26Z\"}<\/script>\n\n\n\n\n\t<p>\n\t\t<a href=\"https:\/\/lp.suno.com.br\/planilha-da-vida-financeira\/\" target=\"_blank\" data-element=\"shortcode-suno-banner\" title=\"Banner SUNO, clique e saiba mais\">\n\t\t\t<picture>\n\t\t\t\t<source media=\"(max-width: 500px)\" srcset=\"https:\/\/files.sunoresearch.com.br\/n\/uploads\/2023\/04\/400x300-Planilha-vida-financeira-true.png\">\n\t\t\t\t<img class=\"newsContent__article__imgCapa newsContent__article__imgCapa--banner\"\n\t\t\t\t\tsrc=\"https:\/\/files.sunoresearch.com.br\/n\/uploads\/2023\/04\/1420x240-Planilha-vida-financeira-true.png\"\n\t\t\t\t\tdata-promo-id=\"106682\"\t\t\t\t\t\t\t\t\t\twidth='1420' height='240'\t\t\t\t\talt=\"https:\/\/files.sunoresearch.com.br\/n\/uploads\/2023\/04\/1420x240-Planilha-vida-financeira-true.png\"\n\t\t\t\t>\n\t\t\t<\/picture>\n\t\t<\/a>\n\t<\/p>\n\n\n\n\n\n\n\n<p>J\u00e1 em termos nominais, que espelham a receita de vendas observadas pelo varejista, o <strong><a href=\"https:\/\/www.suno.com.br\/noticias\/varejo-investir-2024-acoes-apostar-gss\/\" target=\"_blank\" rel=\"noreferrer noopener\">crescimento das vendas no varejo<\/a><\/strong> foi de 4,3% no mesmo comparativo.<\/p>\n\n\n\n<p>\u201cO m\u00eas ficou marcado pela <a href=\"https:\/\/www.suno.com.br\/noticias\/taesa-taee11-3t23-deflacao-anulou-crescimento-evm\/\" target=\"_blank\" rel=\"noreferrer noopener\">defla\u00e7\u00e3o<\/a> em importantes <strong>segmentos do Varejo<\/strong>, como <strong>Supermercados e Hipermercados e M\u00f3veis<\/strong>, <strong>Eletrodom\u00e9sticos e Departamento<\/strong>, justamente os que mais contribu\u00edram para o crescimento\u201d, afirma Carlos Alves, vice-presidente de Tecnologia e Neg\u00f3cios da Cielo.<\/p>\n\n\n\n<p>Os dados do \u00edndices mostram que o setor de Bens N\u00e3o Dur\u00e1veis cresceu 2,3% ante igual m\u00eas do ano anterior, ao passo que o de Bens Dur\u00e1veis e Semidur\u00e1veis avan\u00e7ou 0,9%.<\/p>\n\n\n\n<p>Apesar de ser um m\u00eas sazonalmente positivo para o <strong>setor de varejo<\/strong> &#8211; por conta das festas de fim de ano, recebimento do 13\u00ba sal\u00e1rio e outros pontos &#8211; o ano de 2023 teve um calend\u00e1rio que prejudicou o nicho.<\/p>\n\n\n\n<p>Isso pois o m\u00eas teve uma quinta-feira a menos e um domingo a mais, dia de menor movimento para o <strong>com\u00e9rcio <\/strong>&#8211; se comparado com o ano anterior.<\/p>\n\n\n\n<p>\u201cO resultado poderia ser mais positivo se o dia 24, que costuma ser de forte impacto nas vendas, n\u00e3o tivesse ca\u00eddo num domingo. Esse fator atingiu especialmente lojas de rua. Sabemos que boa parte delas funciona parcialmente ou nem chega a abrir as portas no domingo\u201d, diz Alves.<\/p>\n\n\n\t<p>\n\t\t<a href=\"https:\/\/lp.suno.com.br\/ebook-como-analisar-uma-acao\/\" target=\"_blank\" data-element=\"shortcode-suno-banner\" title=\"Banner SUNO, clique e saiba mais\">\n\t\t\t<picture>\n\t\t\t\t<source media=\"(max-width: 500px)\" srcset=\"https:\/\/files.sunoresearch.com.br\/n\/uploads\/2023\/03\/Ebook-Acoes-Mobile.jpg\">\n\t\t\t\t<img class=\"newsContent__article__imgCapa newsContent__article__imgCapa--banner\"\n\t\t\t\t\tsrc=\"https:\/\/files.sunoresearch.com.br\/n\/uploads\/2023\/03\/Ebook-Acoes-Desktop.jpg\"\n\t\t\t\t\tdata-promo-id=\"378302\"\t\t\t\t\t\t\t\t\t\twidth='1420' height='286'\t\t\t\t\talt=\"https:\/\/files.sunoresearch.com.br\/n\/uploads\/2023\/03\/Ebook-Acoes-Desktop.jpg\"\n\t\t\t\t>\n\t\t\t<\/picture>\n\t\t<\/a>\n\t<\/p>\n\n\n\n\n\n<p>Em se tratando do crescimento distribu\u00eddo por regi\u00f5es, o Nordeste foi a regi\u00e3o que teve o maior crescimento ante igual per\u00edodo do ano anterior.<\/p>\n\n\n\n<ul class=\"wp-block-list\">\n<li>Nordeste: +2,6%<\/li>\n\n\n\n<li>Sudeste: +2,4%<\/li>\n\n\n\n<li>Sul: +2,2%<\/li>\n\n\n\n<li>Norte: +2,0%<\/li>\n\n\n\n<li>Centro-Oeste: +0,8%<\/li>\n<\/ul>\n\n\n\n<h2 class=\"wp-block-heading\">Vendas no varejo online e por regi\u00e3o<\/h2>\n\n\n\n<p>Conforme os dados do <strong>ICVA<\/strong>, no cen\u00e1rio do <strong>e-commerce<\/strong>, as vendas cresceram 4% em termos nominais.<\/p>\n\n\n\n<p>Enquanto isso, as <strong>vendas no varejo<\/strong> presenciais apresentaram um aumento de 4,4% em compara\u00e7\u00e3o com o mesmo m\u00eas de 2022.<\/p>\n\n\n\t<p>\n\t\t<a href=\"https:\/\/lp.suno.com.br\/planilha-da-vida-financeira\/\" target=\"_blank\" data-element=\"shortcode-suno-banner\" title=\"Banner SUNO, clique e saiba mais\">\n\t\t\t<picture>\n\t\t\t\t<source media=\"(max-width: 500px)\" srcset=\"https:\/\/files.sunoresearch.com.br\/n\/uploads\/2023\/04\/400x300-Planilha-vida-financeira-true.png\">\n\t\t\t\t<img class=\"newsContent__article__imgCapa newsContent__article__imgCapa--banner\"\n\t\t\t\t\tsrc=\"https:\/\/files.sunoresearch.com.br\/n\/uploads\/2023\/04\/1420x240-Planilha-vida-financeira-true.png\"\n\t\t\t\t\tdata-promo-id=\"383123\"\t\t\t\t\t\t\t\t\t\twidth='1420' height='240'\t\t\t\t\talt=\"https:\/\/files.sunoresearch.com.br\/n\/uploads\/2023\/04\/1420x240-Planilha-vida-financeira-true.png\"\n\t\t\t\t>\n\t\t\t<\/picture>\n\t\t<\/a>\n\t<\/p>\n\n\n","protected":false},"excerpt":{"rendered":"<p>As vendas no varejo em dezembro de 2023 cresceram 1,1% ante igual etapa do ano anterior &#8211; e se descontada a infla\u00e7\u00e3o &#8211; segundo dados do \u00cdndice Cielo do Varejo Ampliado (ICVA). J\u00e1 em termos nominais, que espelham a receita de vendas observadas pelo varejista, o crescimento das vendas no varejo foi de 4,3% no [&hellip;]<\/p>\n","protected":false},"author":73,"featured_media":332811,"comment_status":"closed","ping_status":"closed","sticky":false,"template":"","format":"standard","meta":[],"categories":[62],"tags":[45096,423,105816,803],"suno_strategy":[],"class_list":["post-508294","post","type-post","status-publish","format-standard","has-post-thumbnail","hentry","category-economia","tag-atividade-economica","tag-cielo-ciel3","tag-especialistas","tag-varejo"],"yoast_head":"<!-- This site is optimized with the Yoast SEO plugin v24.4 - https:\/\/yoast.com\/wordpress\/plugins\/seo\/ -->\n<title>Vendas no varejo avan\u00e7am 1,1%, mostra ICVA da Cielo (CIEL3)<\/title>\n<meta name=\"description\" content=\"Em termos nominais o crescimento das vendas no varejo foi de 4,3% em dezembro de 2023 no comparativo com igual etapa do ano anterior\" \/>\n<meta name=\"robots\" content=\"index, follow, max-snippet:-1, max-image-preview:large, max-video-preview:-1\" \/>\n<link rel=\"canonical\" href=\"https:\/\/www.suno.com.br\/noticias\/vendas-no-varejo-sobem-icva-cielo-ciel3-evm\/\" \/>\n<meta property=\"og:locale\" content=\"pt_BR\" \/>\n<meta property=\"og:type\" content=\"article\" \/>\n<meta property=\"og:title\" content=\"Vendas no varejo avan\u00e7am 1,1%, mostra ICVA da Cielo (CIEL3)\" \/>\n<meta property=\"og:description\" content=\"Em termos nominais o crescimento das vendas no varejo foi de 4,3% em dezembro de 2023 no comparativo com igual etapa do ano anterior\" \/>\n<meta property=\"og:url\" content=\"https:\/\/www.suno.com.br\/noticias\/vendas-no-varejo-sobem-icva-cielo-ciel3-evm\/\" \/>\n<meta property=\"og:site_name\" content=\"Suno Not\u00edcias\" \/>\n<meta property=\"article:publisher\" content=\"https:\/\/facebook.com\/sunoresearch\" \/>\n<meta property=\"og:image\" content=\"https:\/\/files.sunoresearch.com.br\/n\/uploads\/2022\/12\/cielo-ciel3-recomendacao-compra-foto-divulgacao.jpg\" \/>\n\t<meta property=\"og:image:width\" content=\"1200\" \/>\n\t<meta property=\"og:image:height\" content=\"675\" \/>\n\t<meta property=\"og:image:type\" content=\"image\/jpeg\" \/>\n<meta name=\"author\" content=\"Eduardo Vargas\" \/>\n<meta name=\"twitter:card\" content=\"summary_large_image\" \/>\n<meta name=\"twitter:creator\" content=\"@sunoresearch\" \/>\n<meta name=\"twitter:site\" content=\"@sunoresearch\" \/>\n<meta name=\"twitter:label1\" content=\"Escrito por\" \/>\n\t<meta name=\"twitter:data1\" content=\"Eduardo Vargas\" \/>\n\t<meta name=\"twitter:label2\" content=\"Est. tempo de leitura\" \/>\n\t<meta name=\"twitter:data2\" content=\"2 minutos\" \/>\n<script type=\"application\/ld+json\" class=\"yoast-schema-graph\">{\"@context\":\"https:\/\/schema.org\",\"@graph\":[{\"@type\":\"NewsArticle\",\"@id\":\"https:\/\/www.suno.com.br\/noticias\/vendas-no-varejo-sobem-icva-cielo-ciel3-evm\/#article\",\"isPartOf\":{\"@id\":\"https:\/\/www.suno.com.br\/noticias\/vendas-no-varejo-sobem-icva-cielo-ciel3-evm\/\"},\"author\":{\"name\":\"Eduardo Vargas\",\"@id\":\"https:\/\/www.suno.com.br\/noticias\/#\/schema\/person\/7f4d362bf3518e76090143ae77bb49a5\"},\"headline\":\"Vendas no varejo avan\u00e7am 1,1%, mostra ICVA da Cielo (CIEL3)\",\"datePublished\":\"2024-01-09T17:47:07+00:00\",\"dateModified\":\"2024-01-09T18:50:55+00:00\",\"mainEntityOfPage\":{\"@id\":\"https:\/\/www.suno.com.br\/noticias\/vendas-no-varejo-sobem-icva-cielo-ciel3-evm\/\"},\"wordCount\":350,\"publisher\":{\"@id\":\"https:\/\/www.suno.com.br\/noticias\/#organization\"},\"image\":{\"@id\":\"https:\/\/www.suno.com.br\/noticias\/vendas-no-varejo-sobem-icva-cielo-ciel3-evm\/#primaryimage\"},\"thumbnailUrl\":\"https:\/\/files.sunoresearch.com.br\/n\/uploads\/2022\/12\/cielo-ciel3-recomendacao-compra-foto-divulgacao.jpg\",\"keywords\":[\"atividade econ\u00f4mica\",\"Cielo (CIEL3)\",\"Especialistas\",\"varejo\"],\"articleSection\":[\"Economia\"],\"inLanguage\":\"pt-BR\"},{\"@type\":\"WebPage\",\"@id\":\"https:\/\/www.suno.com.br\/noticias\/vendas-no-varejo-sobem-icva-cielo-ciel3-evm\/\",\"url\":\"https:\/\/www.suno.com.br\/noticias\/vendas-no-varejo-sobem-icva-cielo-ciel3-evm\/\",\"name\":\"Vendas no varejo avan\u00e7am 1,1%, mostra ICVA da Cielo (CIEL3)\",\"isPartOf\":{\"@id\":\"https:\/\/www.suno.com.br\/noticias\/#website\"},\"primaryImageOfPage\":{\"@id\":\"https:\/\/www.suno.com.br\/noticias\/vendas-no-varejo-sobem-icva-cielo-ciel3-evm\/#primaryimage\"},\"image\":{\"@id\":\"https:\/\/www.suno.com.br\/noticias\/vendas-no-varejo-sobem-icva-cielo-ciel3-evm\/#primaryimage\"},\"thumbnailUrl\":\"https:\/\/files.sunoresearch.com.br\/n\/uploads\/2022\/12\/cielo-ciel3-recomendacao-compra-foto-divulgacao.jpg\",\"datePublished\":\"2024-01-09T17:47:07+00:00\",\"dateModified\":\"2024-01-09T18:50:55+00:00\",\"description\":\"Em termos nominais o crescimento das vendas no varejo foi de 4,3% em dezembro de 2023 no comparativo com igual etapa do ano anterior\",\"breadcrumb\":{\"@id\":\"https:\/\/www.suno.com.br\/noticias\/vendas-no-varejo-sobem-icva-cielo-ciel3-evm\/#breadcrumb\"},\"inLanguage\":\"pt-BR\",\"potentialAction\":[{\"@type\":\"ReadAction\",\"target\":[\"https:\/\/www.suno.com.br\/noticias\/vendas-no-varejo-sobem-icva-cielo-ciel3-evm\/\"]}]},{\"@type\":\"ImageObject\",\"inLanguage\":\"pt-BR\",\"@id\":\"https:\/\/www.suno.com.br\/noticias\/vendas-no-varejo-sobem-icva-cielo-ciel3-evm\/#primaryimage\",\"url\":\"https:\/\/files.sunoresearch.com.br\/n\/uploads\/2022\/12\/cielo-ciel3-recomendacao-compra-foto-divulgacao.jpg\",\"contentUrl\":\"https:\/\/files.sunoresearch.com.br\/n\/uploads\/2022\/12\/cielo-ciel3-recomendacao-compra-foto-divulgacao.jpg\",\"width\":1200,\"height\":675,\"caption\":\"M\u00e1quina da Cielo. Foto: Divulga\u00e7\u00e3o\"},{\"@type\":\"BreadcrumbList\",\"@id\":\"https:\/\/www.suno.com.br\/noticias\/vendas-no-varejo-sobem-icva-cielo-ciel3-evm\/#breadcrumb\",\"itemListElement\":[{\"@type\":\"ListItem\",\"position\":1,\"name\":\"Not\u00edcias\",\"item\":\"https:\/\/www.suno.com.br\/noticias\/\"},{\"@type\":\"ListItem\",\"position\":2,\"name\":\"Economia\",\"item\":\"https:\/\/www.suno.com.br\/noticias\/economia\/\"},{\"@type\":\"ListItem\",\"position\":3,\"name\":\"Vendas no varejo avan\u00e7am 1,1%, mostra ICVA da Cielo (CIEL3)\"}]},{\"@type\":\"WebSite\",\"@id\":\"https:\/\/www.suno.com.br\/noticias\/#website\",\"url\":\"https:\/\/www.suno.com.br\/noticias\/\",\"name\":\"Suno Not\u00edcias\",\"description\":\"Seu portal de informa\u00e7\u00e3o sobre o mundo dos investimentos\",\"publisher\":{\"@id\":\"https:\/\/www.suno.com.br\/noticias\/#organization\"},\"potentialAction\":[{\"@type\":\"SearchAction\",\"target\":{\"@type\":\"EntryPoint\",\"urlTemplate\":\"https:\/\/www.suno.com.br\/noticias\/?s={search_term_string}\"},\"query-input\":{\"@type\":\"PropertyValueSpecification\",\"valueRequired\":true,\"valueName\":\"search_term_string\"}}],\"inLanguage\":\"pt-BR\"},{\"@type\":\"Organization\",\"@id\":\"https:\/\/www.suno.com.br\/noticias\/#organization\",\"name\":\"Suno Not\u00edcias\",\"url\":\"https:\/\/www.suno.com.br\/noticias\/\",\"logo\":{\"@type\":\"ImageObject\",\"inLanguage\":\"pt-BR\",\"@id\":\"https:\/\/www.suno.com.br\/noticias\/#\/schema\/logo\/image\/\",\"url\":\"https:\/\/files.sunoresearch.com.br\/n\/uploads\/2021\/09\/suno-logo.png\",\"contentUrl\":\"https:\/\/files.sunoresearch.com.br\/n\/uploads\/2021\/09\/suno-logo.png\",\"width\":180,\"height\":180,\"caption\":\"Suno Not\u00edcias\"},\"image\":{\"@id\":\"https:\/\/www.suno.com.br\/noticias\/#\/schema\/logo\/image\/\"},\"sameAs\":[\"https:\/\/facebook.com\/sunoresearch\",\"https:\/\/x.com\/sunoresearch\",\"https:\/\/www.instagram.com\/suno\",\"https:\/\/www.linkedin.com\/company\/suno-research\/\",\"https:\/\/www.youtube.com\/c\/sunoresearch\"]},{\"@type\":\"Person\",\"@id\":\"https:\/\/www.suno.com.br\/noticias\/#\/schema\/person\/7f4d362bf3518e76090143ae77bb49a5\",\"name\":\"Eduardo Vargas\",\"image\":{\"@type\":\"ImageObject\",\"inLanguage\":\"pt-BR\",\"@id\":\"https:\/\/www.suno.com.br\/noticias\/#\/schema\/person\/image\/\",\"url\":\"https:\/\/secure.gravatar.com\/avatar\/dac340933427a22924c9f99d1eb2e3f2?s=96&r=g\",\"contentUrl\":\"https:\/\/secure.gravatar.com\/avatar\/dac340933427a22924c9f99d1eb2e3f2?s=96&r=g\",\"caption\":\"Eduardo Vargas\"},\"description\":\"Jornalista formado pela UFSC, cobre macroeconomia, neg\u00f3cios e startups para o Suno Not\u00edcias, escrevendo principalmente not\u00edcias sobre o mercado financeiro e a bolsa de valores. No YouTube e no Instagram, \u00e9 respons\u00e1vel pela produ\u00e7\u00e3o de Reels e Shorts do Suno Not\u00edcias. Anteriormente, trabalhou cobrindo economia e cotidiano no ND+ e para o ND, maior jornal impresso de Santa Catarina. Cursou um semestre letivo de Estudos de M\u00eddia na Universidad de Buenos Aires.\",\"url\":\"https:\/\/www.suno.com.br\/noticias\/author\/eduardo-vargas\/\"}]}<\/script>\n<!-- \/ Yoast SEO plugin. -->","yoast_head_json":{"title":"Vendas no varejo avan\u00e7am 1,1%, mostra ICVA da Cielo (CIEL3)","description":"Em termos nominais o crescimento das vendas no varejo foi de 4,3% em dezembro de 2023 no comparativo com igual etapa do ano anterior","robots":{"index":"index","follow":"follow","max-snippet":"max-snippet:-1","max-image-preview":"max-image-preview:large","max-video-preview":"max-video-preview:-1"},"canonical":"https:\/\/www.suno.com.br\/noticias\/vendas-no-varejo-sobem-icva-cielo-ciel3-evm\/","og_locale":"pt_BR","og_type":"article","og_title":"Vendas no varejo avan\u00e7am 1,1%, mostra ICVA da Cielo (CIEL3)","og_description":"Em termos nominais o crescimento das vendas no varejo foi de 4,3% em dezembro de 2023 no comparativo com igual etapa do ano anterior","og_url":"https:\/\/www.suno.com.br\/noticias\/vendas-no-varejo-sobem-icva-cielo-ciel3-evm\/","og_site_name":"Suno Not\u00edcias","article_publisher":"https:\/\/facebook.com\/sunoresearch","og_image":[{"width":1200,"height":675,"url":"https:\/\/files.sunoresearch.com.br\/n\/uploads\/2022\/12\/cielo-ciel3-recomendacao-compra-foto-divulgacao.jpg","type":"image\/jpeg"}],"author":"Eduardo Vargas","twitter_card":"summary_large_image","twitter_creator":"@sunoresearch","twitter_site":"@sunoresearch","twitter_misc":{"Escrito por":"Eduardo Vargas","Est. tempo de leitura":"2 minutos"},"schema":{"@context":"https:\/\/schema.org","@graph":[{"@type":"NewsArticle","@id":"https:\/\/www.suno.com.br\/noticias\/vendas-no-varejo-sobem-icva-cielo-ciel3-evm\/#article","isPartOf":{"@id":"https:\/\/www.suno.com.br\/noticias\/vendas-no-varejo-sobem-icva-cielo-ciel3-evm\/"},"author":{"name":"Eduardo Vargas","@id":"https:\/\/www.suno.com.br\/noticias\/#\/schema\/person\/7f4d362bf3518e76090143ae77bb49a5"},"headline":"Vendas no varejo avan\u00e7am 1,1%, mostra ICVA da Cielo (CIEL3)","datePublished":"2024-01-09T17:47:07+00:00","dateModified":"2024-01-09T18:50:55+00:00","mainEntityOfPage":{"@id":"https:\/\/www.suno.com.br\/noticias\/vendas-no-varejo-sobem-icva-cielo-ciel3-evm\/"},"wordCount":350,"publisher":{"@id":"https:\/\/www.suno.com.br\/noticias\/#organization"},"image":{"@id":"https:\/\/www.suno.com.br\/noticias\/vendas-no-varejo-sobem-icva-cielo-ciel3-evm\/#primaryimage"},"thumbnailUrl":"https:\/\/files.sunoresearch.com.br\/n\/uploads\/2022\/12\/cielo-ciel3-recomendacao-compra-foto-divulgacao.jpg","keywords":["atividade econ\u00f4mica","Cielo (CIEL3)","Especialistas","varejo"],"articleSection":["Economia"],"inLanguage":"pt-BR"},{"@type":"WebPage","@id":"https:\/\/www.suno.com.br\/noticias\/vendas-no-varejo-sobem-icva-cielo-ciel3-evm\/","url":"https:\/\/www.suno.com.br\/noticias\/vendas-no-varejo-sobem-icva-cielo-ciel3-evm\/","name":"Vendas no varejo avan\u00e7am 1,1%, mostra ICVA da Cielo (CIEL3)","isPartOf":{"@id":"https:\/\/www.suno.com.br\/noticias\/#website"},"primaryImageOfPage":{"@id":"https:\/\/www.suno.com.br\/noticias\/vendas-no-varejo-sobem-icva-cielo-ciel3-evm\/#primaryimage"},"image":{"@id":"https:\/\/www.suno.com.br\/noticias\/vendas-no-varejo-sobem-icva-cielo-ciel3-evm\/#primaryimage"},"thumbnailUrl":"https:\/\/files.sunoresearch.com.br\/n\/uploads\/2022\/12\/cielo-ciel3-recomendacao-compra-foto-divulgacao.jpg","datePublished":"2024-01-09T17:47:07+00:00","dateModified":"2024-01-09T18:50:55+00:00","description":"Em termos nominais o crescimento das vendas no varejo foi de 4,3% em dezembro de 2023 no comparativo com igual etapa do ano anterior","breadcrumb":{"@id":"https:\/\/www.suno.com.br\/noticias\/vendas-no-varejo-sobem-icva-cielo-ciel3-evm\/#breadcrumb"},"inLanguage":"pt-BR","potentialAction":[{"@type":"ReadAction","target":["https:\/\/www.suno.com.br\/noticias\/vendas-no-varejo-sobem-icva-cielo-ciel3-evm\/"]}]},{"@type":"ImageObject","inLanguage":"pt-BR","@id":"https:\/\/www.suno.com.br\/noticias\/vendas-no-varejo-sobem-icva-cielo-ciel3-evm\/#primaryimage","url":"https:\/\/files.sunoresearch.com.br\/n\/uploads\/2022\/12\/cielo-ciel3-recomendacao-compra-foto-divulgacao.jpg","contentUrl":"https:\/\/files.sunoresearch.com.br\/n\/uploads\/2022\/12\/cielo-ciel3-recomendacao-compra-foto-divulgacao.jpg","width":1200,"height":675,"caption":"M\u00e1quina da Cielo. Foto: Divulga\u00e7\u00e3o"},{"@type":"BreadcrumbList","@id":"https:\/\/www.suno.com.br\/noticias\/vendas-no-varejo-sobem-icva-cielo-ciel3-evm\/#breadcrumb","itemListElement":[{"@type":"ListItem","position":1,"name":"Not\u00edcias","item":"https:\/\/www.suno.com.br\/noticias\/"},{"@type":"ListItem","position":2,"name":"Economia","item":"https:\/\/www.suno.com.br\/noticias\/economia\/"},{"@type":"ListItem","position":3,"name":"Vendas no varejo avan\u00e7am 1,1%, mostra ICVA da Cielo (CIEL3)"}]},{"@type":"WebSite","@id":"https:\/\/www.suno.com.br\/noticias\/#website","url":"https:\/\/www.suno.com.br\/noticias\/","name":"Suno Not\u00edcias","description":"Seu portal de informa\u00e7\u00e3o sobre o mundo dos investimentos","publisher":{"@id":"https:\/\/www.suno.com.br\/noticias\/#organization"},"potentialAction":[{"@type":"SearchAction","target":{"@type":"EntryPoint","urlTemplate":"https:\/\/www.suno.com.br\/noticias\/?s={search_term_string}"},"query-input":{"@type":"PropertyValueSpecification","valueRequired":true,"valueName":"search_term_string"}}],"inLanguage":"pt-BR"},{"@type":"Organization","@id":"https:\/\/www.suno.com.br\/noticias\/#organization","name":"Suno Not\u00edcias","url":"https:\/\/www.suno.com.br\/noticias\/","logo":{"@type":"ImageObject","inLanguage":"pt-BR","@id":"https:\/\/www.suno.com.br\/noticias\/#\/schema\/logo\/image\/","url":"https:\/\/files.sunoresearch.com.br\/n\/uploads\/2021\/09\/suno-logo.png","contentUrl":"https:\/\/files.sunoresearch.com.br\/n\/uploads\/2021\/09\/suno-logo.png","width":180,"height":180,"caption":"Suno Not\u00edcias"},"image":{"@id":"https:\/\/www.suno.com.br\/noticias\/#\/schema\/logo\/image\/"},"sameAs":["https:\/\/facebook.com\/sunoresearch","https:\/\/x.com\/sunoresearch","https:\/\/www.instagram.com\/suno","https:\/\/www.linkedin.com\/company\/suno-research\/","https:\/\/www.youtube.com\/c\/sunoresearch"]},{"@type":"Person","@id":"https:\/\/www.suno.com.br\/noticias\/#\/schema\/person\/7f4d362bf3518e76090143ae77bb49a5","name":"Eduardo Vargas","image":{"@type":"ImageObject","inLanguage":"pt-BR","@id":"https:\/\/www.suno.com.br\/noticias\/#\/schema\/person\/image\/","url":"https:\/\/secure.gravatar.com\/avatar\/dac340933427a22924c9f99d1eb2e3f2?s=96&r=g","contentUrl":"https:\/\/secure.gravatar.com\/avatar\/dac340933427a22924c9f99d1eb2e3f2?s=96&r=g","caption":"Eduardo Vargas"},"description":"Jornalista formado pela UFSC, cobre macroeconomia, neg\u00f3cios e startups para o Suno Not\u00edcias, escrevendo principalmente not\u00edcias sobre o mercado financeiro e a bolsa de valores. No YouTube e no Instagram, \u00e9 respons\u00e1vel pela produ\u00e7\u00e3o de Reels e Shorts do Suno Not\u00edcias. Anteriormente, trabalhou cobrindo economia e cotidiano no ND+ e para o ND, maior jornal impresso de Santa Catarina. Cursou um semestre letivo de Estudos de M\u00eddia na Universidad de Buenos Aires.","url":"https:\/\/www.suno.com.br\/noticias\/author\/eduardo-vargas\/"}]}},"default_loop_html":"<div class=\"cardsPage__listCard__boxs\"><div class=\"cardsPage__listCard__boxs__img\"><a href=\"https:\/\/www.suno.com.br\/noticias\/vendas-no-varejo-sobem-icva-cielo-ciel3-evm\/\"><img class=\"mask\" src=\"https:\/\/www.suno.com.br\/noticias\/wp-content\/themes\/suno\/resources\/images\/spotlight\/spotlight1img\/bg-mask.png\" alt=\"Image Mask\"\/><img src=\"https:\/\/files.sunoresearch.com.br\/n\/uploads\/2022\/12\/cielo-ciel3-recomendacao-compra-foto-divulgacao-400x200.jpg\" alt=\"Vendas no varejo avan\u00e7am 1,1%, mostra ICVA da Cielo (CIEL3)\"\/><\/a><span class=\"spotlightCategory\"><a href=\"https:\/\/www.suno.com.br\/noticias\/economia\/\">Economia<\/a><\/span><\/div><div class=\"cardsPage__listCard__boxs__content\"><a href=\"https:\/\/www.suno.com.br\/noticias\/vendas-no-varejo-sobem-icva-cielo-ciel3-evm\/\"><h2 class=\"content__title\">Vendas no varejo avan\u00e7am 1,1%, mostra ICVA da Cielo (CIEL3)<\/h2><\/a><div class=\"newsContent__article__meta\"><div class=\"newsContent__article__meta__authorBox\"><a href=\"https:\/\/www.suno.com.br\/noticias\/author\/eduardo-vargas\/\" class=\"authorBox__avatar noMobi\"><img src=\"https:\/\/secure.gravatar.com\/avatar\/dac340933427a22924c9f99d1eb2e3f2?s=96&#038;r=g\" alt=\"Eduardo Vargas\"><\/a><div class=\"authorBox__name\"><span>por\n\t\t\t<a href=\"https:\/\/www.suno.com.br\/noticias\/author\/eduardo-vargas\/\"><span itemprop=\"author\">Eduardo Vargas<\/span><\/a><\/span><time datetime=\"2024-01-09T14:47:07-03:00\" itemprop=\"datePublished\">09\/01\/2024 14:47<\/time><\/div><\/div><\/div><\/div><\/div>","single_layout":"posts","amp_enabled":true,"_links":{"self":[{"href":"https:\/\/www.suno.com.br\/noticias\/wp-json\/wp\/v2\/posts\/508294"}],"collection":[{"href":"https:\/\/www.suno.com.br\/noticias\/wp-json\/wp\/v2\/posts"}],"about":[{"href":"https:\/\/www.suno.com.br\/noticias\/wp-json\/wp\/v2\/types\/post"}],"author":[{"embeddable":true,"href":"https:\/\/www.suno.com.br\/noticias\/wp-json\/wp\/v2\/users\/73"}],"replies":[{"embeddable":true,"href":"https:\/\/www.suno.com.br\/noticias\/wp-json\/wp\/v2\/comments?post=508294"}],"version-history":[{"count":3,"href":"https:\/\/www.suno.com.br\/noticias\/wp-json\/wp\/v2\/posts\/508294\/revisions"}],"predecessor-version":[{"id":508360,"href":"https:\/\/www.suno.com.br\/noticias\/wp-json\/wp\/v2\/posts\/508294\/revisions\/508360"}],"wp:featuredmedia":[{"embeddable":true,"href":"https:\/\/www.suno.com.br\/noticias\/wp-json\/wp\/v2\/media\/332811"}],"wp:attachment":[{"href":"https:\/\/www.suno.com.br\/noticias\/wp-json\/wp\/v2\/media?parent=508294"}],"wp:term":[{"taxonomy":"category","embeddable":true,"href":"https:\/\/www.suno.com.br\/noticias\/wp-json\/wp\/v2\/categories?post=508294"},{"taxonomy":"post_tag","embeddable":true,"href":"https:\/\/www.suno.com.br\/noticias\/wp-json\/wp\/v2\/tags?post=508294"},{"taxonomy":"suno_strategy","embeddable":true,"href":"https:\/\/www.suno.com.br\/noticias\/wp-json\/wp\/v2\/suno_strategy?post=508294"}],"curies":[{"name":"wp","href":"https:\/\/api.w.org\/{rel}","templated":true}]}}