{"id":508135,"date":"2024-01-09T10:09:43","date_gmt":"2024-01-09T13:09:43","guid":{"rendered":"https:\/\/www.suno.com.br\/noticias\/?p=508135"},"modified":"2024-01-09T10:09:50","modified_gmt":"2024-01-09T13:09:50","slug":"eletrobras-processo-limite-voto-gpj","status":"publish","type":"post","link":"https:\/\/www.suno.com.br\/noticias\/eletrobras-processo-limite-voto-gpj\/","title":{"rendered":"Eletrobras (ELET3) avan\u00e7a em processo sobre limita\u00e7\u00e3o do poder de voto da Uni\u00e3o; saiba mais"},"content":{"rendered":"<p>Em comunicado na segunda-feira (8), a <strong>Eletrobras<\/strong>&nbsp;(<a href=\"https:\/\/www.suno.com.br\/acoes\/elet3\/\" target=\"_blank\" rel=\"noreferrer noopener\">ELET3<\/a>) afirmou que aderiu ao processo arbitral que envolve a a\u00e7\u00e3o direta de inconstitucionalidade (ADI), solicitada pelo governo no Supremo Tribunal Federal (STF), sobre a limita\u00e7\u00e3o do poder de voto da Uni\u00e3o na empresa. <\/p>\t<div class=\"wrapper-featured-image\">\n\t\t<figure class=\"spotlightImg\">\n\n\t\t\t<picture>\n\t\t\t\t<source media=\"(max-width: 768px)\" srcset=\"https:\/\/files.sunoresearch.com.br\/n\/uploads\/2022\/12\/eletrobras-elet3-logo-companhia-foto-divulgacao-400x200.jpg\">\n\t\t\t\t<img loading=\"lazy\" decoding=\"async\" class=\"newsContent__article__imgCapa lazyloadDisabled \" src=\"https:\/\/files.sunoresearch.com.br\/n\/uploads\/2022\/12\/eletrobras-elet3-logo-companhia-foto-divulgacao-800x450.jpg\" width=\"800\" height=\"450\" alt=\"Eletrobras (ELET3) avan\u00e7a em processo sobre limita\u00e7\u00e3o do poder de voto da Uni\u00e3o; saiba mais\" fetchpriority=high \/>\n\t\t\t<\/picture>\n\n\t\t\t<figcaption class=\"wp-caption-text wp-caption-text--show\">Eletrobras (ELET3). Foto: Divulga\u00e7\u00e3o<\/figcaption>\n\t\t<\/figure>\n\t<\/div>\n\n\n\n\n\n\n\n\t<p>\n\t\t<a href=\"\" target=\"_blank\" data-element=\"shortcode-suno-banner\" title=\"Banner SUNO, clique e saiba mais\">\n\t\t\t<picture>\n\t\t\t\t<source media=\"(max-width: 500px)\" srcset=\"\">\n\t\t\t\t<img class=\"newsContent__article__imgCapa newsContent__article__imgCapa--banner\"\n\t\t\t\t\tsrc=\"\"\n\t\t\t\t\tdata-promo-id=\"265372\"\t\t\t\t\t\t\t\t\t\t\t\t\t\t\talt=\"\"\n\t\t\t\t>\n\t\t\t<\/picture>\n\t\t<\/a>\n\t<\/p>\n\n\n\n\n\n<p>No \u00faltimo dia 20 de dezembro, o ministro Nunes Marques, relator da ADI, encaminhou o caso para a C\u00e2mara de Concilia\u00e7\u00e3o e Arbitragem da Administra\u00e7\u00e3o Federal (CCAF), &#8220;para tentativa de reconcilia\u00e7\u00e3o e solu\u00e7\u00e3o consensual e amig\u00e1vel entre as partes&#8221;.<\/p>\n\n\n\n<p>Ainda de acordo com a Eletrobras, &#8220;eventuais delibera\u00e7\u00f5es decorrentes dos trabalhos na CCAF ser\u00e3o submetidas \u00e0 aprova\u00e7\u00e3o das inst\u00e2ncias de governan\u00e7a da companhia&#8221;.<\/p>\n\n\n\n<p>Vale lembrar que a ADI solicitada pelo <strong>presidente Lula<\/strong> com a Advocacia Geral da Uni\u00e3o (AGU) tem como objetivo anular artigos da Lei 14.182 da <strong>privatiza\u00e7\u00e3o da Eletrobras<\/strong>, que estabelecem limite de voto de acionistas da companhia a 10% do capital da empresa. A Uni\u00e3o tem cerca de 43% de participa\u00e7\u00e3o na el\u00e9trica.<\/p>\n\n\n\n\t<div data-element=\"shortcode-read-more\" class=\"readToo\">\n\t\t\t\t<span class=\"readToo__title\">Leia mais<\/span>\n\t\t\t\t<ul class=\"readToo__list\">\n\t\t\t<li><a href=\"https:\/\/www.suno.com.br\/noticias\/cvc-cvcb3-demissao-funcionarios-janeiro-cpf\/\">CVC (CVCB3) demite 90 funcion\u00e1rios, diz colunista<\/a><\/li><li><a href=\"https:\/\/www.suno.com.br\/noticias\/ambev-xp-4t-positivo-gpj\/\">Ambev (ABEV3): XP (XPBR31) prev\u00ea quarto trimestre positivo ap\u00f3s forte produ\u00e7\u00e3o<\/a><\/li><li><a href=\"https:\/\/www.suno.com.br\/noticias\/petrobras-concurso-inscricoes-reabertas-gpj\/\">Petrobras (PETR4): concurso para n\u00edvel t\u00e9cnico reabre inscri\u00e7\u00f5es; confira<\/a><\/li>\t\t<\/ul>\n\t<\/div>\n\n\n\n\n<h2 class=\"wp-block-heading\">Eletrobras (ELET3) conclui venda do complexo Candiota para grupo \u00c2mbar Energia<\/h2>\n\n\n\n<p>A&nbsp;<strong>Eletrobras<\/strong>&nbsp;concluiu no \u00faltimo dia 2 de janeiro a venda do complexo termoel\u00e9trico de Candiota, no Rio Grande do Sul, \u00fanico ativo a carv\u00e3o da companhia, para o grupo \u00c2mbar Energia.<\/p>\n\n\n\n<p>A opera\u00e7\u00e3o envolvendo o complexo, com&nbsp;<a href=\"https:\/\/www.suno.com.br\/artigos\/capacidade-instalada\/\">capacidade instalada<\/a>&nbsp;de 350 megawatts (MW), havia sido anunciada em setembro do ano passado e tem valor de R$ 72 milh\u00f5es.<\/p>\n\n\n\n<p>De acordo com a Eletrobras, a conclus\u00e3o da transa\u00e7\u00e3o \u00e9 um importante marco para alcan\u00e7ar a meta de neutralidade de carbono em 2030, uma vez que&nbsp;<strong>Candiota<\/strong>&nbsp;representava cerca de um ter\u00e7o das suas emiss\u00f5es totais.<\/p>\n\n\n\n<p>\u201cA opera\u00e7\u00e3o refor\u00e7a o compromisso da Eletrobras com a otimiza\u00e7\u00e3o de seu portf\u00f3lio, seguindo a disciplina de capital, e simplifica\u00e7\u00e3o de sua estrutura conforme previsto em seu plano estrat\u00e9gico\u201d, afirma a empresa.<\/p>\n\n\n\t<p>\n\t\t<a href=\"https:\/\/lp.suno.com.br\/ebook-como-analisar-uma-acao\/\" target=\"_blank\" data-element=\"shortcode-suno-banner\" title=\"Banner SUNO, clique e saiba mais\">\n\t\t\t<picture>\n\t\t\t\t<source media=\"(max-width: 500px)\" srcset=\"https:\/\/files.sunoresearch.com.br\/n\/uploads\/2023\/03\/Ebook-Acoes-Mobile.jpg\">\n\t\t\t\t<img class=\"newsContent__article__imgCapa newsContent__article__imgCapa--banner\"\n\t\t\t\t\tsrc=\"https:\/\/files.sunoresearch.com.br\/n\/uploads\/2023\/03\/Ebook-Acoes-Desktop.jpg\"\n\t\t\t\t\tdata-promo-id=\"378302\"\t\t\t\t\t\t\t\t\t\twidth='1420' height='286'\t\t\t\t\talt=\"https:\/\/files.sunoresearch.com.br\/n\/uploads\/2023\/03\/Ebook-Acoes-Desktop.jpg\"\n\t\t\t\t>\n\t\t\t<\/picture>\n\t\t<\/a>\n\t<\/p>\n\n\n\n\n\n<h2 class=\"wp-block-heading\">Cancelamento da AGE da Eletrobras (ELET3) sobre Furnas: empresa diz que est\u00e1 tomando provid\u00eancias para resguardar interesses<\/h2>\n\n\n\n<p>A&nbsp;Eletrobras&nbsp;informou no \u00faltimo dia 29 de dezembro que \u201cest\u00e1 tomando todas as provid\u00eancias necess\u00e1rias para resguardar seus interesses\u201d, referindo-se ao cancelamento da Assembleia Geral Extraordin\u00e1ria (AGE) que seria realizada nesta sexta e foi cancelada pela Justi\u00e7a. O objetivo da AGE era a incorpora\u00e7\u00e3o da subsidi\u00e1ria Furnas ao capital da Eletrobras.<\/p>\n\n\n\n<p>No mesmo dia, pela manh\u00e3, a desembargadora Maria Isabel Gon\u00e7alves, do Tribunal de Justi\u00e7a do Rio de Janeiro, concedeu liminar \u00e0&nbsp;<strong>Associa\u00e7\u00e3o dos Empregados de Furnas<\/strong>&nbsp;(Asef) suspendendo por 90 dias a Assembleia Geral Extraordin\u00e1ria, a&nbsp;<strong>AGE da Eletrobras<\/strong>, prevista \u00e0s 14h da sexta-feira.<\/p>\n\n\n\n<p>A liminar se baseia em decis\u00e3o da \u00faltima ter\u00e7a-feira (26), do ministro Nunes Marques, do Supremo Tribunal Federal (STF), que encaminhou para a C\u00e2mara de Concilia\u00e7\u00e3o e Arbitragem da Administra\u00e7\u00e3o Federal (CCAF) a a\u00e7\u00e3o em que o presidente da Rep\u00fablica, Luiz In\u00e1cio Lula da Silva, questiona a redu\u00e7\u00e3o de poder de&nbsp;<strong>voto da Uni\u00e3o na Eletrobras<\/strong>. A decis\u00e3o se deu na A\u00e7\u00e3o Direta de Inconstitucionalidade (ADI) 7385.<\/p>\n\n\n\n<p>De acordo com a desembargadora, \u201c\u00e0 conta de tais fundamentos, defere-se a liminar, para determinar a suspens\u00e3o da AGE, pelo prazo de 90 dias, que foi fixado pelo Ministro Nunes Marques na ADI 7385, visando \u00e0 media\u00e7\u00e3o conciliat\u00f3ria\u201d, informou em seu parecer.<\/p>\n\n\n\n<p>Desde janeiro de 2023, o governo tenta mudar cl\u00e1usulas da&nbsp;<strong>privatiza\u00e7\u00e3o da Eletrobras<\/strong>, ocorrida na gest\u00e3o Bolsonaro, principalmente a que se refere ao poder de voto, limitado a 10% \u2013 enquanto o governo possui 47% da companhia, se somadas as participa\u00e7\u00f5es de outros \u00f3rg\u00e3os p\u00fablicos.<\/p>\n\n\n\n<h2 class=\"wp-block-heading\">Desempenho das a\u00e7\u00f5es da Eletrobras<\/h2>\n\n\n\n<div class=\"pluginQuotation\">\n  <p class=\"ticker\">\n    Cota\u00e7\u00e3o <span>ELET3<\/span>\n  <\/p>\n  <div class=\"info\">\n    <div class=\"leftSide\">\n      Gr\u00e1fico gerado em: 09\/01\/2024    <\/div>\n\t\t\t\t\t<div class=\"rightSide\">\n\t\t\t\t\t<span class=\"period\">\n\t\t\t\t\t\t1 Dia\t\t\t\t\t<\/span>\n\t\t\t<\/div>\n\t\t  <\/div>\n\n  <div id=\"chart-934c18bdbb3802bc8230d5637aba5b80\" data-block-hash=\"934c18bdbb3802bc8230d5637aba5b80\"  class=\"chart\" style=\"width:100%;height:400px;\"><\/div>\n\n  <div class=\"pluginQuotation__footer\">\n    <div class=\"dataChart\">\n\n      <div class=\"dataChart__div1 variation\">\n        <div class=\"value-negative\">\n          -0,51 (-0,21%)        <\/div>\n        <div class=\"text\">\n          Varia\u00e7\u00e3o do per\u00edodo\n        <\/div>\n      <\/div>\n\n      <div class=\"dataChart__div2 minMax\">\n        <div class=\"value\">\n          R$\u00a040,96        <\/div>\n        <div class=\"text\">\n          M\u00ednima\n        <\/div>\n      <\/div>\n\n      <div class=\"dataChart__div3 minMax\">\n        <div class=\"value\">\n          R$\u00a041,33        <\/div>\n        <div class=\"text\">\n          M\u00e1xima\n        <\/div>\n      <\/div>\n\n\t\t\t<div class=\"dataChart__div4 rightSide\">\n\t\t\t\t<div class=\"analiticaSource\">\n\t\t\t\t\t<span>\n\t\t\t\t\t\tFonte:\n\t\t\t\t\t<\/span>\n\t\t\t\t\t<img decoding=\"async\" class=\"analiticaLogo\" src=\"https:\/\/www.suno.com.br\/noticias\/wp-content\/plugins\/suno-block-ticker-quotation\/src\/suno-analitica-logo.png\" alt=\"Logo Suno Anal\u00edtica\" \/>\n\t\t\t\t<\/div>\n\n\t\t\t\t<a href=\"https:\/\/www.suno.com.br\/analitica\/acoes\/ELET3\" target=\"_blank\">\n\t\t\t\t\t<span>\n\t\t\t\t\t\tVer mais cota\u00e7\u00f5es\n\t\t\t\t\t<\/span>\n\t\t\t\t\t<svg xmlns=\"http:\/\/www.w3.org\/2000\/svg\" width=\"9\" height=\"8\" viewBox=\"0 0 9 8\" fill=\"none\">\n\t\t\t\t\t\t<path d=\"M4.20996 0L3.50496 0.705L6.29496 3.5H0.209961V4.5H6.29496L3.50496 7.295L4.20996 8L8.20996 4L4.20996 0Z\" fill=\"#D42126\" \/>\n\t\t\t\t\t<\/svg>\n\t\t\t\t<\/a>\n    <\/div>\n\n    <\/div>\n  <\/div>\n<\/div>\n\n\n<script type=\"text\/javascript\">\n  let chart_934c18bdbb3802bc8230d5637aba5b80 = document.getElementById('chart-934c18bdbb3802bc8230d5637aba5b80');\n  let data_json_934c18bdbb3802bc8230d5637aba5b80 = \"[{\\\"date\\\":\\\"08\\\\\\\/01\\\\\\\/24 10:02\\\",\\\"value\\\":41.27},{\\\"date\\\":\\\"08\\\\\\\/01\\\\\\\/24 10:04\\\",\\\"value\\\":41.2},{\\\"date\\\":\\\"08\\\\\\\/01\\\\\\\/24 10:06\\\",\\\"value\\\":41.23},{\\\"date\\\":\\\"08\\\\\\\/01\\\\\\\/24 10:08\\\",\\\"value\\\":41.16},{\\\"date\\\":\\\"08\\\\\\\/01\\\\\\\/24 10:10\\\",\\\"value\\\":41.06},{\\\"date\\\":\\\"08\\\\\\\/01\\\\\\\/24 10:12\\\",\\\"value\\\":41.01},{\\\"date\\\":\\\"08\\\\\\\/01\\\\\\\/24 10:14\\\",\\\"value\\\":40.96},{\\\"date\\\":\\\"08\\\\\\\/01\\\\\\\/24 12:28\\\",\\\"value\\\":41.19},{\\\"date\\\":\\\"08\\\\\\\/01\\\\\\\/24 12:30\\\",\\\"value\\\":41.24},{\\\"date\\\":\\\"08\\\\\\\/01\\\\\\\/24 12:32\\\",\\\"value\\\":41.23},{\\\"date\\\":\\\"08\\\\\\\/01\\\\\\\/24 12:34\\\",\\\"value\\\":41.31},{\\\"date\\\":\\\"08\\\\\\\/01\\\\\\\/24 12:36\\\",\\\"value\\\":41.32},{\\\"date\\\":\\\"08\\\\\\\/01\\\\\\\/24 12:38\\\",\\\"value\\\":41.32},{\\\"date\\\":\\\"08\\\\\\\/01\\\\\\\/24 12:40\\\",\\\"value\\\":41.33},{\\\"date\\\":\\\"08\\\\\\\/01\\\\\\\/24 12:42\\\",\\\"value\\\":41.3},{\\\"date\\\":\\\"08\\\\\\\/01\\\\\\\/24 12:44\\\",\\\"value\\\":41.33},{\\\"date\\\":\\\"08\\\\\\\/01\\\\\\\/24 12:46\\\",\\\"value\\\":41.33},{\\\"date\\\":\\\"08\\\\\\\/01\\\\\\\/24 12:48\\\",\\\"value\\\":41.27},{\\\"date\\\":\\\"08\\\\\\\/01\\\\\\\/24 12:50\\\",\\\"value\\\":41.25},{\\\"date\\\":\\\"08\\\\\\\/01\\\\\\\/24 12:52\\\",\\\"value\\\":41.17},{\\\"date\\\":\\\"08\\\\\\\/01\\\\\\\/24 12:54\\\",\\\"value\\\":41.17},{\\\"date\\\":\\\"08\\\\\\\/01\\\\\\\/24 12:56\\\",\\\"value\\\":41.14},{\\\"date\\\":\\\"08\\\\\\\/01\\\\\\\/24 12:58\\\",\\\"value\\\":41.16},{\\\"date\\\":\\\"08\\\\\\\/01\\\\\\\/24 13:00\\\",\\\"value\\\":41.18},{\\\"date\\\":\\\"08\\\\\\\/01\\\\\\\/24 13:02\\\",\\\"value\\\":41.13},{\\\"date\\\":\\\"08\\\\\\\/01\\\\\\\/24 13:04\\\",\\\"value\\\":41.17},{\\\"date\\\":\\\"08\\\\\\\/01\\\\\\\/24 13:06\\\",\\\"value\\\":41.2},{\\\"date\\\":\\\"08\\\\\\\/01\\\\\\\/24 13:08\\\",\\\"value\\\":41.22},{\\\"date\\\":\\\"08\\\\\\\/01\\\\\\\/24 13:10\\\",\\\"value\\\":41.2},{\\\"date\\\":\\\"08\\\\\\\/01\\\\\\\/24 13:12\\\",\\\"value\\\":41.19},{\\\"date\\\":\\\"08\\\\\\\/01\\\\\\\/24 13:14\\\",\\\"value\\\":41.2},{\\\"date\\\":\\\"08\\\\\\\/01\\\\\\\/24 13:16\\\",\\\"value\\\":41.18},{\\\"date\\\":\\\"08\\\\\\\/01\\\\\\\/24 13:18\\\",\\\"value\\\":41.2},{\\\"date\\\":\\\"08\\\\\\\/01\\\\\\\/24 13:20\\\",\\\"value\\\":41.2},{\\\"date\\\":\\\"08\\\\\\\/01\\\\\\\/24 13:22\\\",\\\"value\\\":41.21},{\\\"date\\\":\\\"08\\\\\\\/01\\\\\\\/24 13:24\\\",\\\"value\\\":41.24},{\\\"date\\\":\\\"08\\\\\\\/01\\\\\\\/24 13:26\\\",\\\"value\\\":41.24},{\\\"date\\\":\\\"08\\\\\\\/01\\\\\\\/24 13:28\\\",\\\"value\\\":41.21},{\\\"date\\\":\\\"08\\\\\\\/01\\\\\\\/24 13:30\\\",\\\"value\\\":41.26},{\\\"date\\\":\\\"08\\\\\\\/01\\\\\\\/24 13:32\\\",\\\"value\\\":41.21},{\\\"date\\\":\\\"08\\\\\\\/01\\\\\\\/24 13:34\\\",\\\"value\\\":41.29},{\\\"date\\\":\\\"08\\\\\\\/01\\\\\\\/24 13:36\\\",\\\"value\\\":41.27},{\\\"date\\\":\\\"08\\\\\\\/01\\\\\\\/24 13:38\\\",\\\"value\\\":41.26},{\\\"date\\\":\\\"08\\\\\\\/01\\\\\\\/24 13:40\\\",\\\"value\\\":41.28},{\\\"date\\\":\\\"08\\\\\\\/01\\\\\\\/24 13:42\\\",\\\"value\\\":41.26},{\\\"date\\\":\\\"08\\\\\\\/01\\\\\\\/24 13:44\\\",\\\"value\\\":41.27},{\\\"date\\\":\\\"08\\\\\\\/01\\\\\\\/24 13:46\\\",\\\"value\\\":41.2},{\\\"date\\\":\\\"08\\\\\\\/01\\\\\\\/24 13:48\\\",\\\"value\\\":41.22},{\\\"date\\\":\\\"08\\\\\\\/01\\\\\\\/24 13:50\\\",\\\"value\\\":41.18},{\\\"date\\\":\\\"08\\\\\\\/01\\\\\\\/24 13:52\\\",\\\"value\\\":41.2},{\\\"date\\\":\\\"08\\\\\\\/01\\\\\\\/24 13:54\\\",\\\"value\\\":41.2},{\\\"date\\\":\\\"08\\\\\\\/01\\\\\\\/24 13:56\\\",\\\"value\\\":41.18},{\\\"date\\\":\\\"08\\\\\\\/01\\\\\\\/24 13:58\\\",\\\"value\\\":41.17},{\\\"date\\\":\\\"08\\\\\\\/01\\\\\\\/24 14:00\\\",\\\"value\\\":41.16},{\\\"date\\\":\\\"08\\\\\\\/01\\\\\\\/24 14:02\\\",\\\"value\\\":41.17},{\\\"date\\\":\\\"08\\\\\\\/01\\\\\\\/24 14:04\\\",\\\"value\\\":41.2},{\\\"date\\\":\\\"08\\\\\\\/01\\\\\\\/24 14:06\\\",\\\"value\\\":41.19},{\\\"date\\\":\\\"08\\\\\\\/01\\\\\\\/24 14:08\\\",\\\"value\\\":41.19},{\\\"date\\\":\\\"08\\\\\\\/01\\\\\\\/24 14:10\\\",\\\"value\\\":41.19},{\\\"date\\\":\\\"08\\\\\\\/01\\\\\\\/24 14:12\\\",\\\"value\\\":41.23},{\\\"date\\\":\\\"08\\\\\\\/01\\\\\\\/24 14:14\\\",\\\"value\\\":41.24},{\\\"date\\\":\\\"08\\\\\\\/01\\\\\\\/24 14:16\\\",\\\"value\\\":41.24},{\\\"date\\\":\\\"08\\\\\\\/01\\\\\\\/24 14:18\\\",\\\"value\\\":41.21},{\\\"date\\\":\\\"08\\\\\\\/01\\\\\\\/24 14:20\\\",\\\"value\\\":41.21},{\\\"date\\\":\\\"08\\\\\\\/01\\\\\\\/24 14:22\\\",\\\"value\\\":41.2},{\\\"date\\\":\\\"08\\\\\\\/01\\\\\\\/24 14:24\\\",\\\"value\\\":41.23},{\\\"date\\\":\\\"08\\\\\\\/01\\\\\\\/24 14:26\\\",\\\"value\\\":41.26},{\\\"date\\\":\\\"08\\\\\\\/01\\\\\\\/24 14:28\\\",\\\"value\\\":41.29},{\\\"date\\\":\\\"08\\\\\\\/01\\\\\\\/24 14:30\\\",\\\"value\\\":41.25},{\\\"date\\\":\\\"08\\\\\\\/01\\\\\\\/24 14:32\\\",\\\"value\\\":41.23},{\\\"date\\\":\\\"08\\\\\\\/01\\\\\\\/24 14:34\\\",\\\"value\\\":41.27},{\\\"date\\\":\\\"08\\\\\\\/01\\\\\\\/24 14:36\\\",\\\"value\\\":41.27},{\\\"date\\\":\\\"08\\\\\\\/01\\\\\\\/24 14:38\\\",\\\"value\\\":41.26},{\\\"date\\\":\\\"08\\\\\\\/01\\\\\\\/24 14:40\\\",\\\"value\\\":41.26},{\\\"date\\\":\\\"08\\\\\\\/01\\\\\\\/24 14:42\\\",\\\"value\\\":41.22},{\\\"date\\\":\\\"08\\\\\\\/01\\\\\\\/24 14:44\\\",\\\"value\\\":41.22},{\\\"date\\\":\\\"08\\\\\\\/01\\\\\\\/24 14:46\\\",\\\"value\\\":41.18},{\\\"date\\\":\\\"08\\\\\\\/01\\\\\\\/24 14:48\\\",\\\"value\\\":41.22},{\\\"date\\\":\\\"08\\\\\\\/01\\\\\\\/24 14:50\\\",\\\"value\\\":41.24},{\\\"date\\\":\\\"08\\\\\\\/01\\\\\\\/24 14:52\\\",\\\"value\\\":41.17},{\\\"date\\\":\\\"08\\\\\\\/01\\\\\\\/24 14:54\\\",\\\"value\\\":41.21},{\\\"date\\\":\\\"08\\\\\\\/01\\\\\\\/24 14:56\\\",\\\"value\\\":41.21},{\\\"date\\\":\\\"08\\\\\\\/01\\\\\\\/24 14:58\\\",\\\"value\\\":41.21},{\\\"date\\\":\\\"08\\\\\\\/01\\\\\\\/24 15:00\\\",\\\"value\\\":41.22},{\\\"date\\\":\\\"08\\\\\\\/01\\\\\\\/24 15:02\\\",\\\"value\\\":41.27},{\\\"date\\\":\\\"08\\\\\\\/01\\\\\\\/24 15:04\\\",\\\"value\\\":41.27},{\\\"date\\\":\\\"08\\\\\\\/01\\\\\\\/24 15:06\\\",\\\"value\\\":41.27},{\\\"date\\\":\\\"08\\\\\\\/01\\\\\\\/24 15:08\\\",\\\"value\\\":41.27},{\\\"date\\\":\\\"08\\\\\\\/01\\\\\\\/24 15:10\\\",\\\"value\\\":41.25},{\\\"date\\\":\\\"08\\\\\\\/01\\\\\\\/24 15:12\\\",\\\"value\\\":41.22},{\\\"date\\\":\\\"08\\\\\\\/01\\\\\\\/24 15:14\\\",\\\"value\\\":41.25},{\\\"date\\\":\\\"08\\\\\\\/01\\\\\\\/24 15:16\\\",\\\"value\\\":41.26},{\\\"date\\\":\\\"08\\\\\\\/01\\\\\\\/24 15:18\\\",\\\"value\\\":41.24},{\\\"date\\\":\\\"08\\\\\\\/01\\\\\\\/24 15:20\\\",\\\"value\\\":41.28},{\\\"date\\\":\\\"08\\\\\\\/01\\\\\\\/24 15:22\\\",\\\"value\\\":41.24},{\\\"date\\\":\\\"08\\\\\\\/01\\\\\\\/24 15:24\\\",\\\"value\\\":41.27},{\\\"date\\\":\\\"08\\\\\\\/01\\\\\\\/24 15:26\\\",\\\"value\\\":41.25},{\\\"date\\\":\\\"08\\\\\\\/01\\\\\\\/24 15:28\\\",\\\"value\\\":41.29},{\\\"date\\\":\\\"08\\\\\\\/01\\\\\\\/24 15:30\\\",\\\"value\\\":41.31},{\\\"date\\\":\\\"08\\\\\\\/01\\\\\\\/24 15:32\\\",\\\"value\\\":41.32},{\\\"date\\\":\\\"08\\\\\\\/01\\\\\\\/24 15:34\\\",\\\"value\\\":41.27},{\\\"date\\\":\\\"08\\\\\\\/01\\\\\\\/24 15:36\\\",\\\"value\\\":41.23},{\\\"date\\\":\\\"08\\\\\\\/01\\\\\\\/24 15:38\\\",\\\"value\\\":41.19},{\\\"date\\\":\\\"08\\\\\\\/01\\\\\\\/24 15:40\\\",\\\"value\\\":41.18},{\\\"date\\\":\\\"08\\\\\\\/01\\\\\\\/24 15:42\\\",\\\"value\\\":41.19},{\\\"date\\\":\\\"08\\\\\\\/01\\\\\\\/24 15:44\\\",\\\"value\\\":41.2},{\\\"date\\\":\\\"08\\\\\\\/01\\\\\\\/24 15:46\\\",\\\"value\\\":41.19},{\\\"date\\\":\\\"08\\\\\\\/01\\\\\\\/24 15:48\\\",\\\"value\\\":41.18},{\\\"date\\\":\\\"08\\\\\\\/01\\\\\\\/24 15:50\\\",\\\"value\\\":41.14},{\\\"date\\\":\\\"08\\\\\\\/01\\\\\\\/24 15:52\\\",\\\"value\\\":41.13},{\\\"date\\\":\\\"08\\\\\\\/01\\\\\\\/24 15:54\\\",\\\"value\\\":41.19},{\\\"date\\\":\\\"08\\\\\\\/01\\\\\\\/24 15:56\\\",\\\"value\\\":41.18},{\\\"date\\\":\\\"08\\\\\\\/01\\\\\\\/24 15:58\\\",\\\"value\\\":41.21},{\\\"date\\\":\\\"08\\\\\\\/01\\\\\\\/24 16:00\\\",\\\"value\\\":41.21},{\\\"date\\\":\\\"08\\\\\\\/01\\\\\\\/24 16:02\\\",\\\"value\\\":41.21},{\\\"date\\\":\\\"08\\\\\\\/01\\\\\\\/24 16:04\\\",\\\"value\\\":41.2},{\\\"date\\\":\\\"08\\\\\\\/01\\\\\\\/24 16:06\\\",\\\"value\\\":41.18},{\\\"date\\\":\\\"08\\\\\\\/01\\\\\\\/24 16:08\\\",\\\"value\\\":41.19},{\\\"date\\\":\\\"08\\\\\\\/01\\\\\\\/24 16:10\\\",\\\"value\\\":41.06},{\\\"date\\\":\\\"08\\\\\\\/01\\\\\\\/24 16:12\\\",\\\"value\\\":41.24},{\\\"date\\\":\\\"08\\\\\\\/01\\\\\\\/24 16:14\\\",\\\"value\\\":41.06}]\";\n  let isPositive_934c18bdbb3802bc8230d5637aba5b80 = \"\";\n\n  let color_934c18bdbb3802bc8230d5637aba5b80 = isPositive_934c18bdbb3802bc8230d5637aba5b80 ? '#3AB53A' : '#D92C2D';\n\n  let data_934c18bdbb3802bc8230d5637aba5b80 = JSON.parse(data_json_934c18bdbb3802bc8230d5637aba5b80);\n\n  const result_934c18bdbb3802bc8230d5637aba5b80 = {\n    date: [],\n    value: [],\n  };\n\n  data_934c18bdbb3802bc8230d5637aba5b80.forEach((item) => {\n    result_934c18bdbb3802bc8230d5637aba5b80.date.push(item.date);\n    result_934c18bdbb3802bc8230d5637aba5b80.value.push(Number(item.value));\n  });\n\n  let option_934c18bdbb3802bc8230d5637aba5b80 = {\n    \/\/ variavel de cor global\n    color: [color_934c18bdbb3802bc8230d5637aba5b80],\n    title: {\n      text: '',\n    },\n    tooltip: {\n      trigger: 'axis',\n      axisPointer: {\n        type: 'cross',\n        label: {\n          \/\/ cor dos valores em X e Y\n          backgroundColor: color_934c18bdbb3802bc8230d5637aba5b80,\n          formatter: (value) => {\n            if (typeof value.value === 'number') {\n              return Number(value.value).toLocaleString('pt-br', {\n                style: 'currency',\n                currency: 'BRL'\n              });\n            }\n            return value.value;\n          },\n        },\n      },\n      valueFormatter: (value) => Number(value).toLocaleString('pt-br', {\n        style: 'currency',\n        currency: 'BRL'\n      }),\n    },\n    legend: {\n      \/\/ data: ['Valor de Fechamento'],\n      show: false,\n    },\n    toolbox: {\n      feature: {\n        saveAsImage: {\n          show: false,\n        },\n      },\n    },\n    grid: {\n      left: '0px',\n      right: '0px',\n      bottom: '0px',\n      containLabel: true,\n    },\n    xAxis: [{\n      type: 'category',\n      data: result_934c18bdbb3802bc8230d5637aba5b80.date,\n      boundaryGap: true,\n    }],\n    yAxis: [{\n      type: 'value',\n      min: Math.min(...result_934c18bdbb3802bc8230d5637aba5b80.value),\n      max: Math.max(...result_934c18bdbb3802bc8230d5637aba5b80.value),\n      axisLabel: {\n        formatter: (value) => value.toLocaleString('pt-br', {\n          style: 'currency',\n          currency: 'BRL'\n        }),\n      },\n    }],\n    series: [{\n      name: 'Valor de Fechamento',\n      type: 'line',\n      stack: 'Total',\n      \/\/ cor do grafico\n      areaStyle: {},\n      emphasis: {\n        focus: 'series',\n      },\n      data: result_934c18bdbb3802bc8230d5637aba5b80.value,\n      \/\/ cor da linha\n      lineStyle: {\n        color: color_934c18bdbb3802bc8230d5637aba5b80,\n      },\n    }, ],\n  };\n\n\twindow.chart_934c18bdbb3802bc8230d5637aba5b80 = {\n\t\tel: chart_934c18bdbb3802bc8230d5637aba5b80,\n\t\toption: option_934c18bdbb3802bc8230d5637aba5b80\t};\n\n\n<\/script>\n\n\n\t<p>\n\t\t<a href=\"https:\/\/lp.suno.com.br\/plataforma-de-controle-de-investimentos\/\" target=\"_blank\" data-element=\"shortcode-suno-banner\" title=\"Banner SUNO, clique e saiba mais\">\n\t\t\t<picture>\n\t\t\t\t<source media=\"(max-width: 500px)\" srcset=\"https:\/\/files.sunoresearch.com.br\/n\/uploads\/2023\/03\/400x300-Controle-de-Investimentos.png\">\n\t\t\t\t<img class=\"newsContent__article__imgCapa newsContent__article__imgCapa--banner\"\n\t\t\t\t\tsrc=\"https:\/\/files.sunoresearch.com.br\/n\/uploads\/2023\/03\/1420x240-Controle-de-Investimentos.png\"\n\t\t\t\t\tdata-promo-id=\"383162\"\t\t\t\t\t\t\t\t\t\twidth='1420' height='240'\t\t\t\t\talt=\"https:\/\/files.sunoresearch.com.br\/n\/uploads\/2023\/03\/1420x240-Controle-de-Investimentos.png\"\n\t\t\t\t>\n\t\t\t<\/picture>\n\t\t<\/a>\n\t<\/p>\n\n\n","protected":false},"excerpt":{"rendered":"<p>Em comunicado na segunda-feira (8), a Eletrobras&nbsp;(ELET3) afirmou que aderiu ao processo arbitral que envolve a a\u00e7\u00e3o direta de inconstitucionalidade (ADI), solicitada pelo governo no Supremo Tribunal Federal (STF), sobre a limita\u00e7\u00e3o do poder de voto da Uni\u00e3o na empresa. Eletrobras (ELET3). Foto: Divulga\u00e7\u00e3o No \u00faltimo dia 20 de dezembro, o ministro Nunes Marques, relator [&hellip;]<\/p>\n","protected":false},"author":313,"featured_media":329592,"comment_status":"closed","ping_status":"closed","sticky":false,"template":"","format":"standard","meta":[],"categories":[64],"tags":[455],"suno_strategy":[],"class_list":["post-508135","post","type-post","status-publish","format-standard","has-post-thumbnail","hentry","category-negocios","tag-eletrobras-elet3-elet5-elet6"],"yoast_head":"<!-- This site is optimized with the Yoast SEO plugin v24.4 - https:\/\/yoast.com\/wordpress\/plugins\/seo\/ -->\n<title>Eletrobras avan\u00e7a em processo sobre limita\u00e7\u00e3o do poder de voto da Uni\u00e3o<\/title>\n<meta name=\"description\" content=\"A Eletrobras pontuou que eventuais delibera\u00e7\u00f5es decorrentes da arbitragem ser\u00e3o submetidas \u00e0 aprova\u00e7\u00e3o das inst\u00e2ncias de governan\u00e7a.\" \/>\n<meta name=\"robots\" content=\"index, follow, max-snippet:-1, max-image-preview:large, max-video-preview:-1\" \/>\n<link rel=\"canonical\" href=\"https:\/\/www.suno.com.br\/noticias\/eletrobras-processo-limite-voto-gpj\/\" \/>\n<meta property=\"og:locale\" content=\"pt_BR\" \/>\n<meta property=\"og:type\" content=\"article\" \/>\n<meta property=\"og:title\" content=\"Eletrobras avan\u00e7a em processo sobre limita\u00e7\u00e3o do poder de voto da Uni\u00e3o\" \/>\n<meta property=\"og:description\" content=\"A Eletrobras pontuou que eventuais delibera\u00e7\u00f5es decorrentes da arbitragem ser\u00e3o submetidas \u00e0 aprova\u00e7\u00e3o das inst\u00e2ncias de governan\u00e7a.\" \/>\n<meta property=\"og:url\" content=\"https:\/\/www.suno.com.br\/noticias\/eletrobras-processo-limite-voto-gpj\/\" \/>\n<meta property=\"og:site_name\" content=\"Suno Not\u00edcias\" \/>\n<meta property=\"article:publisher\" content=\"https:\/\/facebook.com\/sunoresearch\" \/>\n<meta property=\"og:image\" content=\"https:\/\/files.sunoresearch.com.br\/n\/uploads\/2022\/12\/eletrobras-elet3-logo-companhia-foto-divulgacao.jpg\" \/>\n\t<meta property=\"og:image:width\" content=\"1200\" \/>\n\t<meta property=\"og:image:height\" content=\"675\" \/>\n\t<meta property=\"og:image:type\" content=\"image\/jpeg\" \/>\n<meta name=\"author\" content=\"Giovanni Porf\u00edrio Jacomino\" \/>\n<meta name=\"twitter:card\" content=\"summary_large_image\" \/>\n<meta name=\"twitter:creator\" content=\"@sunoresearch\" \/>\n<meta name=\"twitter:site\" content=\"@sunoresearch\" \/>\n<meta name=\"twitter:label1\" content=\"Escrito por\" \/>\n\t<meta name=\"twitter:data1\" content=\"Giovanni Porf\u00edrio Jacomino\" \/>\n\t<meta name=\"twitter:label2\" content=\"Est. tempo de leitura\" \/>\n\t<meta name=\"twitter:data2\" content=\"4 minutos\" \/>\n<script type=\"application\/ld+json\" class=\"yoast-schema-graph\">{\"@context\":\"https:\/\/schema.org\",\"@graph\":[{\"@type\":\"NewsArticle\",\"@id\":\"https:\/\/www.suno.com.br\/noticias\/eletrobras-processo-limite-voto-gpj\/#article\",\"isPartOf\":{\"@id\":\"https:\/\/www.suno.com.br\/noticias\/eletrobras-processo-limite-voto-gpj\/\"},\"author\":{\"name\":\"Giovanni Porf\u00edrio Jacomino\",\"@id\":\"https:\/\/www.suno.com.br\/noticias\/#\/schema\/person\/d0f32748bbca4bee871fa191ee4e2d40\"},\"headline\":\"Eletrobras (ELET3) avan\u00e7a em processo sobre limita\u00e7\u00e3o do poder de voto da Uni\u00e3o; saiba mais\",\"datePublished\":\"2024-01-09T13:09:43+00:00\",\"dateModified\":\"2024-01-09T13:09:50+00:00\",\"mainEntityOfPage\":{\"@id\":\"https:\/\/www.suno.com.br\/noticias\/eletrobras-processo-limite-voto-gpj\/\"},\"wordCount\":650,\"publisher\":{\"@id\":\"https:\/\/www.suno.com.br\/noticias\/#organization\"},\"image\":{\"@id\":\"https:\/\/www.suno.com.br\/noticias\/eletrobras-processo-limite-voto-gpj\/#primaryimage\"},\"thumbnailUrl\":\"https:\/\/files.sunoresearch.com.br\/n\/uploads\/2022\/12\/eletrobras-elet3-logo-companhia-foto-divulgacao.jpg\",\"keywords\":[\"Eletrobras (ELET3\/ELET5\/ELET6)\"],\"articleSection\":[\"Neg\u00f3cios\"],\"inLanguage\":\"pt-BR\"},{\"@type\":\"WebPage\",\"@id\":\"https:\/\/www.suno.com.br\/noticias\/eletrobras-processo-limite-voto-gpj\/\",\"url\":\"https:\/\/www.suno.com.br\/noticias\/eletrobras-processo-limite-voto-gpj\/\",\"name\":\"Eletrobras avan\u00e7a em processo sobre limita\u00e7\u00e3o do poder de voto da Uni\u00e3o\",\"isPartOf\":{\"@id\":\"https:\/\/www.suno.com.br\/noticias\/#website\"},\"primaryImageOfPage\":{\"@id\":\"https:\/\/www.suno.com.br\/noticias\/eletrobras-processo-limite-voto-gpj\/#primaryimage\"},\"image\":{\"@id\":\"https:\/\/www.suno.com.br\/noticias\/eletrobras-processo-limite-voto-gpj\/#primaryimage\"},\"thumbnailUrl\":\"https:\/\/files.sunoresearch.com.br\/n\/uploads\/2022\/12\/eletrobras-elet3-logo-companhia-foto-divulgacao.jpg\",\"datePublished\":\"2024-01-09T13:09:43+00:00\",\"dateModified\":\"2024-01-09T13:09:50+00:00\",\"description\":\"A Eletrobras pontuou que eventuais delibera\u00e7\u00f5es decorrentes da arbitragem ser\u00e3o submetidas \u00e0 aprova\u00e7\u00e3o das inst\u00e2ncias de governan\u00e7a.\",\"breadcrumb\":{\"@id\":\"https:\/\/www.suno.com.br\/noticias\/eletrobras-processo-limite-voto-gpj\/#breadcrumb\"},\"inLanguage\":\"pt-BR\",\"potentialAction\":[{\"@type\":\"ReadAction\",\"target\":[\"https:\/\/www.suno.com.br\/noticias\/eletrobras-processo-limite-voto-gpj\/\"]}]},{\"@type\":\"ImageObject\",\"inLanguage\":\"pt-BR\",\"@id\":\"https:\/\/www.suno.com.br\/noticias\/eletrobras-processo-limite-voto-gpj\/#primaryimage\",\"url\":\"https:\/\/files.sunoresearch.com.br\/n\/uploads\/2022\/12\/eletrobras-elet3-logo-companhia-foto-divulgacao.jpg\",\"contentUrl\":\"https:\/\/files.sunoresearch.com.br\/n\/uploads\/2022\/12\/eletrobras-elet3-logo-companhia-foto-divulgacao.jpg\",\"width\":1200,\"height\":675,\"caption\":\"Eletrobras (ELET3). Foto: Divulga\u00e7\u00e3o\"},{\"@type\":\"BreadcrumbList\",\"@id\":\"https:\/\/www.suno.com.br\/noticias\/eletrobras-processo-limite-voto-gpj\/#breadcrumb\",\"itemListElement\":[{\"@type\":\"ListItem\",\"position\":1,\"name\":\"Not\u00edcias\",\"item\":\"https:\/\/www.suno.com.br\/noticias\/\"},{\"@type\":\"ListItem\",\"position\":2,\"name\":\"Neg\u00f3cios\",\"item\":\"https:\/\/www.suno.com.br\/noticias\/negocios\/\"},{\"@type\":\"ListItem\",\"position\":3,\"name\":\"Eletrobras (ELET3) avan\u00e7a em processo sobre limita\u00e7\u00e3o do poder de voto da Uni\u00e3o; saiba mais\"}]},{\"@type\":\"WebSite\",\"@id\":\"https:\/\/www.suno.com.br\/noticias\/#website\",\"url\":\"https:\/\/www.suno.com.br\/noticias\/\",\"name\":\"Suno Not\u00edcias\",\"description\":\"Seu portal de informa\u00e7\u00e3o sobre o mundo dos investimentos\",\"publisher\":{\"@id\":\"https:\/\/www.suno.com.br\/noticias\/#organization\"},\"potentialAction\":[{\"@type\":\"SearchAction\",\"target\":{\"@type\":\"EntryPoint\",\"urlTemplate\":\"https:\/\/www.suno.com.br\/noticias\/?s={search_term_string}\"},\"query-input\":{\"@type\":\"PropertyValueSpecification\",\"valueRequired\":true,\"valueName\":\"search_term_string\"}}],\"inLanguage\":\"pt-BR\"},{\"@type\":\"Organization\",\"@id\":\"https:\/\/www.suno.com.br\/noticias\/#organization\",\"name\":\"Suno Not\u00edcias\",\"url\":\"https:\/\/www.suno.com.br\/noticias\/\",\"logo\":{\"@type\":\"ImageObject\",\"inLanguage\":\"pt-BR\",\"@id\":\"https:\/\/www.suno.com.br\/noticias\/#\/schema\/logo\/image\/\",\"url\":\"https:\/\/files.sunoresearch.com.br\/n\/uploads\/2021\/09\/suno-logo.png\",\"contentUrl\":\"https:\/\/files.sunoresearch.com.br\/n\/uploads\/2021\/09\/suno-logo.png\",\"width\":180,\"height\":180,\"caption\":\"Suno Not\u00edcias\"},\"image\":{\"@id\":\"https:\/\/www.suno.com.br\/noticias\/#\/schema\/logo\/image\/\"},\"sameAs\":[\"https:\/\/facebook.com\/sunoresearch\",\"https:\/\/x.com\/sunoresearch\",\"https:\/\/www.instagram.com\/suno\",\"https:\/\/www.linkedin.com\/company\/suno-research\/\",\"https:\/\/www.youtube.com\/c\/sunoresearch\"]},{\"@type\":\"Person\",\"@id\":\"https:\/\/www.suno.com.br\/noticias\/#\/schema\/person\/d0f32748bbca4bee871fa191ee4e2d40\",\"name\":\"Giovanni Porf\u00edrio Jacomino\",\"image\":{\"@type\":\"ImageObject\",\"inLanguage\":\"pt-BR\",\"@id\":\"https:\/\/www.suno.com.br\/noticias\/#\/schema\/person\/image\/\",\"url\":\"https:\/\/secure.gravatar.com\/avatar\/efb32e19b730a121cb7a80f41ffec01a?s=96&r=g\",\"contentUrl\":\"https:\/\/secure.gravatar.com\/avatar\/efb32e19b730a121cb7a80f41ffec01a?s=96&r=g\",\"caption\":\"Giovanni Porf\u00edrio Jacomino\"},\"description\":\"Giovanni Porf\u00edrio Jacomino \u00e9 jornalista formado pela Universidade Estadual de Londrina (UEL) e p\u00f3s-graduado em Produ\u00e7\u00e3o e Pr\u00e1ticas Jornal\u00edsticas na Contemporaneidade na Faculdade C\u00e1sper L\u00edbero (FCL). Foi editor web no Startupi e no Finsiders, atuando ainda como editor no TC Mover, portal de not\u00edcias da TradersClub, fazendo a cobertura de assuntos relacionados ao mercado financeiro interno e externo. Atualmente, \u00e9 Rep\u00f3rter do Suno Not\u00edcias.\",\"url\":\"https:\/\/www.suno.com.br\/noticias\/author\/giovanni-porfiriosuno-com-br\/\"}]}<\/script>\n<!-- \/ Yoast SEO plugin. -->","yoast_head_json":{"title":"Eletrobras avan\u00e7a em processo sobre limita\u00e7\u00e3o do poder de voto da Uni\u00e3o","description":"A Eletrobras pontuou que eventuais delibera\u00e7\u00f5es decorrentes da arbitragem ser\u00e3o submetidas \u00e0 aprova\u00e7\u00e3o das inst\u00e2ncias de governan\u00e7a.","robots":{"index":"index","follow":"follow","max-snippet":"max-snippet:-1","max-image-preview":"max-image-preview:large","max-video-preview":"max-video-preview:-1"},"canonical":"https:\/\/www.suno.com.br\/noticias\/eletrobras-processo-limite-voto-gpj\/","og_locale":"pt_BR","og_type":"article","og_title":"Eletrobras avan\u00e7a em processo sobre limita\u00e7\u00e3o do poder de voto da Uni\u00e3o","og_description":"A Eletrobras pontuou que eventuais delibera\u00e7\u00f5es decorrentes da arbitragem ser\u00e3o submetidas \u00e0 aprova\u00e7\u00e3o das inst\u00e2ncias de governan\u00e7a.","og_url":"https:\/\/www.suno.com.br\/noticias\/eletrobras-processo-limite-voto-gpj\/","og_site_name":"Suno Not\u00edcias","article_publisher":"https:\/\/facebook.com\/sunoresearch","og_image":[{"width":1200,"height":675,"url":"https:\/\/files.sunoresearch.com.br\/n\/uploads\/2022\/12\/eletrobras-elet3-logo-companhia-foto-divulgacao.jpg","type":"image\/jpeg"}],"author":"Giovanni Porf\u00edrio Jacomino","twitter_card":"summary_large_image","twitter_creator":"@sunoresearch","twitter_site":"@sunoresearch","twitter_misc":{"Escrito por":"Giovanni Porf\u00edrio Jacomino","Est. tempo de leitura":"4 minutos"},"schema":{"@context":"https:\/\/schema.org","@graph":[{"@type":"NewsArticle","@id":"https:\/\/www.suno.com.br\/noticias\/eletrobras-processo-limite-voto-gpj\/#article","isPartOf":{"@id":"https:\/\/www.suno.com.br\/noticias\/eletrobras-processo-limite-voto-gpj\/"},"author":{"name":"Giovanni Porf\u00edrio Jacomino","@id":"https:\/\/www.suno.com.br\/noticias\/#\/schema\/person\/d0f32748bbca4bee871fa191ee4e2d40"},"headline":"Eletrobras (ELET3) avan\u00e7a em processo sobre limita\u00e7\u00e3o do poder de voto da Uni\u00e3o; saiba mais","datePublished":"2024-01-09T13:09:43+00:00","dateModified":"2024-01-09T13:09:50+00:00","mainEntityOfPage":{"@id":"https:\/\/www.suno.com.br\/noticias\/eletrobras-processo-limite-voto-gpj\/"},"wordCount":650,"publisher":{"@id":"https:\/\/www.suno.com.br\/noticias\/#organization"},"image":{"@id":"https:\/\/www.suno.com.br\/noticias\/eletrobras-processo-limite-voto-gpj\/#primaryimage"},"thumbnailUrl":"https:\/\/files.sunoresearch.com.br\/n\/uploads\/2022\/12\/eletrobras-elet3-logo-companhia-foto-divulgacao.jpg","keywords":["Eletrobras (ELET3\/ELET5\/ELET6)"],"articleSection":["Neg\u00f3cios"],"inLanguage":"pt-BR"},{"@type":"WebPage","@id":"https:\/\/www.suno.com.br\/noticias\/eletrobras-processo-limite-voto-gpj\/","url":"https:\/\/www.suno.com.br\/noticias\/eletrobras-processo-limite-voto-gpj\/","name":"Eletrobras avan\u00e7a em processo sobre limita\u00e7\u00e3o do poder de voto da Uni\u00e3o","isPartOf":{"@id":"https:\/\/www.suno.com.br\/noticias\/#website"},"primaryImageOfPage":{"@id":"https:\/\/www.suno.com.br\/noticias\/eletrobras-processo-limite-voto-gpj\/#primaryimage"},"image":{"@id":"https:\/\/www.suno.com.br\/noticias\/eletrobras-processo-limite-voto-gpj\/#primaryimage"},"thumbnailUrl":"https:\/\/files.sunoresearch.com.br\/n\/uploads\/2022\/12\/eletrobras-elet3-logo-companhia-foto-divulgacao.jpg","datePublished":"2024-01-09T13:09:43+00:00","dateModified":"2024-01-09T13:09:50+00:00","description":"A Eletrobras pontuou que eventuais delibera\u00e7\u00f5es decorrentes da arbitragem ser\u00e3o submetidas \u00e0 aprova\u00e7\u00e3o das inst\u00e2ncias de governan\u00e7a.","breadcrumb":{"@id":"https:\/\/www.suno.com.br\/noticias\/eletrobras-processo-limite-voto-gpj\/#breadcrumb"},"inLanguage":"pt-BR","potentialAction":[{"@type":"ReadAction","target":["https:\/\/www.suno.com.br\/noticias\/eletrobras-processo-limite-voto-gpj\/"]}]},{"@type":"ImageObject","inLanguage":"pt-BR","@id":"https:\/\/www.suno.com.br\/noticias\/eletrobras-processo-limite-voto-gpj\/#primaryimage","url":"https:\/\/files.sunoresearch.com.br\/n\/uploads\/2022\/12\/eletrobras-elet3-logo-companhia-foto-divulgacao.jpg","contentUrl":"https:\/\/files.sunoresearch.com.br\/n\/uploads\/2022\/12\/eletrobras-elet3-logo-companhia-foto-divulgacao.jpg","width":1200,"height":675,"caption":"Eletrobras (ELET3). Foto: Divulga\u00e7\u00e3o"},{"@type":"BreadcrumbList","@id":"https:\/\/www.suno.com.br\/noticias\/eletrobras-processo-limite-voto-gpj\/#breadcrumb","itemListElement":[{"@type":"ListItem","position":1,"name":"Not\u00edcias","item":"https:\/\/www.suno.com.br\/noticias\/"},{"@type":"ListItem","position":2,"name":"Neg\u00f3cios","item":"https:\/\/www.suno.com.br\/noticias\/negocios\/"},{"@type":"ListItem","position":3,"name":"Eletrobras (ELET3) avan\u00e7a em processo sobre limita\u00e7\u00e3o do poder de voto da Uni\u00e3o; saiba mais"}]},{"@type":"WebSite","@id":"https:\/\/www.suno.com.br\/noticias\/#website","url":"https:\/\/www.suno.com.br\/noticias\/","name":"Suno Not\u00edcias","description":"Seu portal de informa\u00e7\u00e3o sobre o mundo dos investimentos","publisher":{"@id":"https:\/\/www.suno.com.br\/noticias\/#organization"},"potentialAction":[{"@type":"SearchAction","target":{"@type":"EntryPoint","urlTemplate":"https:\/\/www.suno.com.br\/noticias\/?s={search_term_string}"},"query-input":{"@type":"PropertyValueSpecification","valueRequired":true,"valueName":"search_term_string"}}],"inLanguage":"pt-BR"},{"@type":"Organization","@id":"https:\/\/www.suno.com.br\/noticias\/#organization","name":"Suno Not\u00edcias","url":"https:\/\/www.suno.com.br\/noticias\/","logo":{"@type":"ImageObject","inLanguage":"pt-BR","@id":"https:\/\/www.suno.com.br\/noticias\/#\/schema\/logo\/image\/","url":"https:\/\/files.sunoresearch.com.br\/n\/uploads\/2021\/09\/suno-logo.png","contentUrl":"https:\/\/files.sunoresearch.com.br\/n\/uploads\/2021\/09\/suno-logo.png","width":180,"height":180,"caption":"Suno Not\u00edcias"},"image":{"@id":"https:\/\/www.suno.com.br\/noticias\/#\/schema\/logo\/image\/"},"sameAs":["https:\/\/facebook.com\/sunoresearch","https:\/\/x.com\/sunoresearch","https:\/\/www.instagram.com\/suno","https:\/\/www.linkedin.com\/company\/suno-research\/","https:\/\/www.youtube.com\/c\/sunoresearch"]},{"@type":"Person","@id":"https:\/\/www.suno.com.br\/noticias\/#\/schema\/person\/d0f32748bbca4bee871fa191ee4e2d40","name":"Giovanni Porf\u00edrio Jacomino","image":{"@type":"ImageObject","inLanguage":"pt-BR","@id":"https:\/\/www.suno.com.br\/noticias\/#\/schema\/person\/image\/","url":"https:\/\/secure.gravatar.com\/avatar\/efb32e19b730a121cb7a80f41ffec01a?s=96&r=g","contentUrl":"https:\/\/secure.gravatar.com\/avatar\/efb32e19b730a121cb7a80f41ffec01a?s=96&r=g","caption":"Giovanni Porf\u00edrio Jacomino"},"description":"Giovanni Porf\u00edrio Jacomino \u00e9 jornalista formado pela Universidade Estadual de Londrina (UEL) e p\u00f3s-graduado em Produ\u00e7\u00e3o e Pr\u00e1ticas Jornal\u00edsticas na Contemporaneidade na Faculdade C\u00e1sper L\u00edbero (FCL). Foi editor web no Startupi e no Finsiders, atuando ainda como editor no TC Mover, portal de not\u00edcias da TradersClub, fazendo a cobertura de assuntos relacionados ao mercado financeiro interno e externo. Atualmente, \u00e9 Rep\u00f3rter do Suno Not\u00edcias.","url":"https:\/\/www.suno.com.br\/noticias\/author\/giovanni-porfiriosuno-com-br\/"}]}},"default_loop_html":"<div class=\"cardsPage__listCard__boxs\"><div class=\"cardsPage__listCard__boxs__img\"><a href=\"https:\/\/www.suno.com.br\/noticias\/eletrobras-processo-limite-voto-gpj\/\"><img class=\"mask\" src=\"https:\/\/www.suno.com.br\/noticias\/wp-content\/themes\/suno\/resources\/images\/spotlight\/spotlight1img\/bg-mask.png\" alt=\"Image Mask\"\/><img src=\"https:\/\/files.sunoresearch.com.br\/n\/uploads\/2022\/12\/eletrobras-elet3-logo-companhia-foto-divulgacao-400x200.jpg\" alt=\"Eletrobras (ELET3) avan\u00e7a em processo sobre limita\u00e7\u00e3o do poder de voto da Uni\u00e3o; saiba mais\"\/><\/a><span class=\"spotlightCategory\"><a href=\"https:\/\/www.suno.com.br\/noticias\/negocios\/\">Neg\u00f3cios<\/a><\/span><\/div><div class=\"cardsPage__listCard__boxs__content\"><a href=\"https:\/\/www.suno.com.br\/noticias\/eletrobras-processo-limite-voto-gpj\/\"><h2 class=\"content__title\">Eletrobras (ELET3) avan\u00e7a em processo sobre limita\u00e7\u00e3o do poder de voto da Uni\u00e3o; saiba mais<\/h2><\/a><div class=\"newsContent__article__meta\"><div class=\"newsContent__article__meta__authorBox\"><a href=\"https:\/\/www.suno.com.br\/noticias\/author\/giovanni-porfiriosuno-com-br\/\" class=\"authorBox__avatar noMobi\"><img src=\"https:\/\/files.sunoresearch.com.br\/n\/uploads\/2024\/05\/DSCF4115-1-1-150x150.webp\" alt=\"Giovanni Porf\u00edrio Jacomino\"><\/a><div class=\"authorBox__name\"><span>por\n\t\t\t<a href=\"https:\/\/www.suno.com.br\/noticias\/author\/giovanni-porfiriosuno-com-br\/\"><span itemprop=\"author\">Giovanni Porf\u00edrio Jacomino<\/span><\/a><\/span><time datetime=\"2024-01-09T10:09:43-03:00\" itemprop=\"datePublished\">09\/01\/2024 10:09<\/time><\/div><\/div><\/div><\/div><\/div>","single_layout":"posts","amp_enabled":true,"_links":{"self":[{"href":"https:\/\/www.suno.com.br\/noticias\/wp-json\/wp\/v2\/posts\/508135"}],"collection":[{"href":"https:\/\/www.suno.com.br\/noticias\/wp-json\/wp\/v2\/posts"}],"about":[{"href":"https:\/\/www.suno.com.br\/noticias\/wp-json\/wp\/v2\/types\/post"}],"author":[{"embeddable":true,"href":"https:\/\/www.suno.com.br\/noticias\/wp-json\/wp\/v2\/users\/313"}],"replies":[{"embeddable":true,"href":"https:\/\/www.suno.com.br\/noticias\/wp-json\/wp\/v2\/comments?post=508135"}],"version-history":[{"count":3,"href":"https:\/\/www.suno.com.br\/noticias\/wp-json\/wp\/v2\/posts\/508135\/revisions"}],"predecessor-version":[{"id":508162,"href":"https:\/\/www.suno.com.br\/noticias\/wp-json\/wp\/v2\/posts\/508135\/revisions\/508162"}],"wp:featuredmedia":[{"embeddable":true,"href":"https:\/\/www.suno.com.br\/noticias\/wp-json\/wp\/v2\/media\/329592"}],"wp:attachment":[{"href":"https:\/\/www.suno.com.br\/noticias\/wp-json\/wp\/v2\/media?parent=508135"}],"wp:term":[{"taxonomy":"category","embeddable":true,"href":"https:\/\/www.suno.com.br\/noticias\/wp-json\/wp\/v2\/categories?post=508135"},{"taxonomy":"post_tag","embeddable":true,"href":"https:\/\/www.suno.com.br\/noticias\/wp-json\/wp\/v2\/tags?post=508135"},{"taxonomy":"suno_strategy","embeddable":true,"href":"https:\/\/www.suno.com.br\/noticias\/wp-json\/wp\/v2\/suno_strategy?post=508135"}],"curies":[{"name":"wp","href":"https:\/\/api.w.org\/{rel}","templated":true}]}}