{"id":508134,"date":"2024-01-09T09:45:52","date_gmt":"2024-01-09T12:45:52","guid":{"rendered":"https:\/\/www.suno.com.br\/noticias\/?p=508134"},"modified":"2024-01-09T11:06:59","modified_gmt":"2024-01-09T14:06:59","slug":"cvc-cvcb3-demissao-funcionarios-janeiro-cpf","status":"publish","type":"post","link":"https:\/\/www.suno.com.br\/noticias\/cvc-cvcb3-demissao-funcionarios-janeiro-cpf\/","title":{"rendered":"CVC (CVCB3) demite 90 funcion\u00e1rios, diz colunista"},"content":{"rendered":"<p>A <strong><a class=\"suno-keyword\" data-force=\"yes\" data-priority=\"2\" href=\"https:\/\/www.suno.com.br\/acoes\/CVCB3\/\" target=\"_blank\" rel=\"noopener\">CVC (CVCB3)<\/a> <\/strong>demitiu 90 funcion\u00e1rios nesta segunda-feira (8). A informa\u00e7\u00e3o foi publicada no blog do colunista Lauro Jardim, no jornal O Globo. <\/p>\t<div class=\"wrapper-featured-image\">\n\t\t<figure class=\"spotlightImg\">\n\n\t\t\t<picture>\n\t\t\t\t<source media=\"(max-width: 768px)\" srcset=\"https:\/\/files.sunoresearch.com.br\/n\/uploads\/2023\/03\/cvc-divulgacao-400x200.jpg\">\n\t\t\t\t<img loading=\"lazy\" decoding=\"async\" class=\"newsContent__article__imgCapa lazyloadDisabled \" src=\"https:\/\/files.sunoresearch.com.br\/n\/uploads\/2023\/03\/cvc-divulgacao-800x450.jpg\" width=\"800\" height=\"450\" alt=\"CVC (CVCB3) demite 90 funcion\u00e1rios, diz colunista\" fetchpriority=high \/>\n\t\t\t<\/picture>\n\n\t\t\t<figcaption class=\"wp-caption-text wp-caption-text--show\">CVC (CVCB3). Foto: Divulga\u00e7\u00e3o<\/figcaption>\n\t\t<\/figure>\n\t<\/div>\n\n\n\n\n\n\n\n\t<p>\n\t\t<a href=\"\" target=\"_blank\" data-element=\"shortcode-suno-banner\" title=\"Banner SUNO, clique e saiba mais\">\n\t\t\t<picture>\n\t\t\t\t<source media=\"(max-width: 500px)\" srcset=\"\">\n\t\t\t\t<img class=\"newsContent__article__imgCapa newsContent__article__imgCapa--banner\"\n\t\t\t\t\tsrc=\"\"\n\t\t\t\t\tdata-promo-id=\"265408\"\t\t\t\t\t\t\t\t\t\t\t\t\t\t\talt=\"\"\n\t\t\t\t>\n\t\t\t<\/picture>\n\t\t<\/a>\n\t<\/p>\n\n\n\n\n\n<p>De acordo com a informa\u00e7\u00e3o recebida por Jardim, diversas \u00e1reas da <strong>companhia de viagens<\/strong> foram atingidas. O maior impacto, entretanto, foi na comunica\u00e7\u00e3o com a sa\u00edda de Priscila Bures, diretora da \u00e1rea que estava na companhia h\u00e1 17 anos.<\/p>\n\n\n\n<p>Quando questionada pelo Suno Not\u00edcias, a CVC, atrav\u00e9s da assessoria, respondeu que as demiss\u00f5es eram parte do plano de uma readequa\u00e7\u00e3o do quadro de funcion\u00e1rios.<\/p>\n\n\n\n<p>&#8220;Dando continuidade ao plano de reestrutura\u00e7\u00e3o divulgado pela nova gest\u00e3o no momento do follow on da companhia, a CVC Corp informa que segue fazendo readequa\u00e7\u00f5es em seu quadro de funcion\u00e1rios, que envolvem algumas posi\u00e7\u00f5es em \u00e1reas espec\u00edficas&#8221;, informou a ag\u00eancia de viagens. <\/p>\n\n\n\n<p>Apesar das demiss\u00f5es, a companhia afirmou que est\u00e1 com vagas abertas em \u00e1reas do polo principal (core business), com 15 vagas abertas para trabalhar em Opera\u00e7\u00f5es e mais de 30 vagas abertas na CVC Corp, dispon\u00edveis na plataforma <a href=\"https:\/\/cvccorp.gupy.io\/\" target=\"_blank\" rel=\"noreferrer noopener\">Gupy<\/a>. H\u00e1 ainda mais de 500 vagas abertas para o Passaporte Franquia CVC, programa de empregabilidade para as lojas franqueadas CVC.<\/p>\n\n\n\t<p>\n\t\t<a href=\"https:\/\/lp.suno.com.br\/ebook-como-analisar-uma-acao\/\" target=\"_blank\" data-element=\"shortcode-suno-banner\" title=\"Banner SUNO, clique e saiba mais\">\n\t\t\t<picture>\n\t\t\t\t<source media=\"(max-width: 500px)\" srcset=\"https:\/\/files.sunoresearch.com.br\/n\/uploads\/2023\/03\/Ebook-Acoes-Mobile.jpg\">\n\t\t\t\t<img class=\"newsContent__article__imgCapa newsContent__article__imgCapa--banner\"\n\t\t\t\t\tsrc=\"https:\/\/files.sunoresearch.com.br\/n\/uploads\/2023\/03\/Ebook-Acoes-Desktop.jpg\"\n\t\t\t\t\tdata-promo-id=\"378302\"\t\t\t\t\t\t\t\t\t\twidth='1420' height='286'\t\t\t\t\talt=\"https:\/\/files.sunoresearch.com.br\/n\/uploads\/2023\/03\/Ebook-Acoes-Desktop.jpg\"\n\t\t\t\t>\n\t\t\t<\/picture>\n\t\t<\/a>\n\t<\/p>\n\n\n\n\n\n<h2 class=\"wp-block-heading\">Cen\u00e1rio da CVC (CVCB3) para 2024<\/h2>\n\n\n\n<p>No \u00faltimo balan\u00e7o divulgado pela companhia, no terceiro trimestre de 2023 (3T23), a <strong><a class=\"suno-keyword\" data-force=\"yes\" data-priority=\"2\" href=\"https:\/\/www.suno.com.br\/acoes\/CVCB3\/\" target=\"_blank\" rel=\"noopener\">CVC (CVCB3)<\/a> <\/strong>somava um preju\u00edzo l\u00edquido de R$ 87,5 milh\u00f5es, em compara\u00e7\u00e3o R$ 75 milh\u00f5es no mesmo per\u00edodo do ano passado. <\/p>\n\n\n\n<p>O valor l\u00edquido da <strong>d\u00edvida da CVC<\/strong> somava R$ 639,2 milh\u00f5es at\u00e9 o encerramento do 3T23. Isso mostra um acr\u00e9scimo de R$ 393,5 milh\u00f5es em rela\u00e7\u00e3o ao montante registrado ao final do mesmo trimestre de 2022.<\/p>\n\n\n\n<p>A <strong>empresa de pacotes de viagem <\/strong>durante o per\u00edodo destinou parte relevante das despesas com iniciativas de marketing na tentativa de recuperar a prefer\u00eancia dos consumidores. Nesse movimento, queimou R$ 400 milh\u00f5es de caixa, em linha com a deteriora\u00e7\u00e3o da din\u00e2mica do capital de giro.<\/p>\n\n\n\n<p>De acordo com o Bank of America, a <strong>CVC <\/strong>no per\u00edodo estava apresentando m\u00faltiplas melhorias qualitativas, com aumento da taxa de aceita\u00e7\u00e3o e redu\u00e7\u00e3o da estrutura de custos. Al\u00e9m disso, os analistas, reportaram otimismo com a recupera\u00e7\u00e3o, visto que a empresa tem capacidade de se beneficiar com o cen\u00e1rio complicado que rivais como 123 Milhas e Hurb enfrentam. <\/p>\n\n\n\n<p>O <strong>diretor executivo da CVC<\/strong> (CVCB3), F\u00e1bio Godinho, tamb\u00e9m refor\u00e7ou que o ambiente competitivo do turismo ap\u00f3s 123 Milhas e Hurb deixarem o mercado abriu mais espa\u00e7o para a empresa.<\/p>\n\n\n\n<p>Segundo Godinho, a empresa pode sim se aproveitar desse momento. No entanto, ele chamou a aten\u00e7\u00e3o para o fato de que clientes destas outras plataformas estavam comprando produtos que n\u00e3o existem por pre\u00e7os que n\u00e3o existem. Ou seja: estariam lidando com uma clientela muito sens\u00edvel ao pre\u00e7o, sem certeza de que a <strong>CVC <\/strong>consiga absorv\u00ea-la por completo.<\/p>\n\n\n\n<p><em>Com informa\u00e7\u00f5es do blog do colunista Lauro Jardim, no jornal O Globo.<\/em><\/p>\n\n\n\t<p>\n\t\t<a href=\"https:\/\/lp.suno.com.br\/plataforma-de-controle-de-investimentos\/\" target=\"_blank\" data-element=\"shortcode-suno-banner\" title=\"Banner SUNO, clique e saiba mais\">\n\t\t\t<picture>\n\t\t\t\t<source media=\"(max-width: 500px)\" srcset=\"https:\/\/files.sunoresearch.com.br\/n\/uploads\/2023\/03\/400x300-Controle-de-Investimentos.png\">\n\t\t\t\t<img class=\"newsContent__article__imgCapa newsContent__article__imgCapa--banner\"\n\t\t\t\t\tsrc=\"https:\/\/files.sunoresearch.com.br\/n\/uploads\/2023\/03\/1420x240-Controle-de-Investimentos.png\"\n\t\t\t\t\tdata-promo-id=\"383162\"\t\t\t\t\t\t\t\t\t\twidth='1420' height='240'\t\t\t\t\talt=\"https:\/\/files.sunoresearch.com.br\/n\/uploads\/2023\/03\/1420x240-Controle-de-Investimentos.png\"\n\t\t\t\t>\n\t\t\t<\/picture>\n\t\t<\/a>\n\t<\/p>\n\n\n","protected":false},"excerpt":{"rendered":"<p>A CVC (CVCB3) demitiu 90 funcion\u00e1rios nesta segunda-feira (8). A informa\u00e7\u00e3o foi publicada no blog do colunista Lauro Jardim, no jornal O Globo. CVC (CVCB3). Foto: Divulga\u00e7\u00e3o De acordo com a informa\u00e7\u00e3o recebida por Jardim, diversas \u00e1reas da companhia de viagens foram atingidas. O maior impacto, entretanto, foi na comunica\u00e7\u00e3o com a sa\u00edda de Priscila [&hellip;]<\/p>\n","protected":false},"author":283,"featured_media":376165,"comment_status":"closed","ping_status":"closed","sticky":false,"template":"","format":"standard","meta":[],"categories":[64],"tags":[442,2625],"suno_strategy":[],"class_list":["post-508134","post","type-post","status-publish","format-standard","has-post-thumbnail","hentry","category-negocios","tag-cvc-cvcb3","tag-demissoes"],"yoast_head":"<!-- This site is optimized with the Yoast SEO plugin v24.4 - https:\/\/yoast.com\/wordpress\/plugins\/seo\/ -->\n<title>CVC (CVCB3) demite 90 funcion\u00e1rios, diz colunista<\/title>\n<meta name=\"description\" content=\"A CVC (CVCB3) demitiu 90 funcion\u00e1rios nesta segunda-feira (8). A informa\u00e7\u00e3o foi publicada no blog do colunista Lauro Jardim, do O Globo.\" \/>\n<meta name=\"robots\" content=\"index, follow, max-snippet:-1, max-image-preview:large, max-video-preview:-1\" \/>\n<link rel=\"canonical\" href=\"https:\/\/www.suno.com.br\/noticias\/cvc-cvcb3-demissao-funcionarios-janeiro-cpf\/\" \/>\n<meta property=\"og:locale\" content=\"pt_BR\" \/>\n<meta property=\"og:type\" content=\"article\" \/>\n<meta property=\"og:title\" content=\"CVC (CVCB3) demite 90 funcion\u00e1rios, diz colunista\" \/>\n<meta property=\"og:description\" content=\"A CVC (CVCB3) demitiu 90 funcion\u00e1rios nesta segunda-feira (8). A informa\u00e7\u00e3o foi publicada no blog do colunista Lauro Jardim, do O Globo.\" \/>\n<meta property=\"og:url\" content=\"https:\/\/www.suno.com.br\/noticias\/cvc-cvcb3-demissao-funcionarios-janeiro-cpf\/\" \/>\n<meta property=\"og:site_name\" content=\"Suno Not\u00edcias\" \/>\n<meta property=\"article:publisher\" content=\"https:\/\/facebook.com\/sunoresearch\" \/>\n<meta property=\"og:image\" content=\"https:\/\/files.sunoresearch.com.br\/n\/uploads\/2023\/03\/cvc-divulgacao.jpg\" \/>\n\t<meta property=\"og:image:width\" content=\"1309\" \/>\n\t<meta property=\"og:image:height\" content=\"800\" \/>\n\t<meta property=\"og:image:type\" content=\"image\/jpeg\" \/>\n<meta name=\"author\" content=\"Camila Paim\" \/>\n<meta name=\"twitter:card\" content=\"summary_large_image\" \/>\n<meta name=\"twitter:creator\" content=\"@sunoresearch\" \/>\n<meta name=\"twitter:site\" content=\"@sunoresearch\" \/>\n<meta name=\"twitter:label1\" content=\"Escrito por\" \/>\n\t<meta name=\"twitter:data1\" content=\"Camila Paim\" \/>\n\t<meta name=\"twitter:label2\" content=\"Est. tempo de leitura\" \/>\n\t<meta name=\"twitter:data2\" content=\"3 minutos\" \/>\n<script type=\"application\/ld+json\" class=\"yoast-schema-graph\">{\"@context\":\"https:\/\/schema.org\",\"@graph\":[{\"@type\":\"NewsArticle\",\"@id\":\"https:\/\/www.suno.com.br\/noticias\/cvc-cvcb3-demissao-funcionarios-janeiro-cpf\/#article\",\"isPartOf\":{\"@id\":\"https:\/\/www.suno.com.br\/noticias\/cvc-cvcb3-demissao-funcionarios-janeiro-cpf\/\"},\"author\":{\"name\":\"Camila Paim\",\"@id\":\"https:\/\/www.suno.com.br\/noticias\/#\/schema\/person\/f341d3ae5d1cc685176c9a5327cdfdbb\"},\"headline\":\"CVC (CVCB3) demite 90 funcion\u00e1rios, diz colunista\",\"datePublished\":\"2024-01-09T12:45:52+00:00\",\"dateModified\":\"2024-01-09T14:06:59+00:00\",\"mainEntityOfPage\":{\"@id\":\"https:\/\/www.suno.com.br\/noticias\/cvc-cvcb3-demissao-funcionarios-janeiro-cpf\/\"},\"wordCount\":525,\"publisher\":{\"@id\":\"https:\/\/www.suno.com.br\/noticias\/#organization\"},\"image\":{\"@id\":\"https:\/\/www.suno.com.br\/noticias\/cvc-cvcb3-demissao-funcionarios-janeiro-cpf\/#primaryimage\"},\"thumbnailUrl\":\"https:\/\/files.sunoresearch.com.br\/n\/uploads\/2023\/03\/cvc-divulgacao.jpg\",\"keywords\":[\"CVC (CVCB3)\",\"demiss\u00f5es\"],\"articleSection\":[\"Neg\u00f3cios\"],\"inLanguage\":\"pt-BR\"},{\"@type\":\"WebPage\",\"@id\":\"https:\/\/www.suno.com.br\/noticias\/cvc-cvcb3-demissao-funcionarios-janeiro-cpf\/\",\"url\":\"https:\/\/www.suno.com.br\/noticias\/cvc-cvcb3-demissao-funcionarios-janeiro-cpf\/\",\"name\":\"CVC (CVCB3) demite 90 funcion\u00e1rios, diz colunista\",\"isPartOf\":{\"@id\":\"https:\/\/www.suno.com.br\/noticias\/#website\"},\"primaryImageOfPage\":{\"@id\":\"https:\/\/www.suno.com.br\/noticias\/cvc-cvcb3-demissao-funcionarios-janeiro-cpf\/#primaryimage\"},\"image\":{\"@id\":\"https:\/\/www.suno.com.br\/noticias\/cvc-cvcb3-demissao-funcionarios-janeiro-cpf\/#primaryimage\"},\"thumbnailUrl\":\"https:\/\/files.sunoresearch.com.br\/n\/uploads\/2023\/03\/cvc-divulgacao.jpg\",\"datePublished\":\"2024-01-09T12:45:52+00:00\",\"dateModified\":\"2024-01-09T14:06:59+00:00\",\"description\":\"A CVC (CVCB3) demitiu 90 funcion\u00e1rios nesta segunda-feira (8). A informa\u00e7\u00e3o foi publicada no blog do colunista Lauro Jardim, do O Globo.\",\"breadcrumb\":{\"@id\":\"https:\/\/www.suno.com.br\/noticias\/cvc-cvcb3-demissao-funcionarios-janeiro-cpf\/#breadcrumb\"},\"inLanguage\":\"pt-BR\",\"potentialAction\":[{\"@type\":\"ReadAction\",\"target\":[\"https:\/\/www.suno.com.br\/noticias\/cvc-cvcb3-demissao-funcionarios-janeiro-cpf\/\"]}]},{\"@type\":\"ImageObject\",\"inLanguage\":\"pt-BR\",\"@id\":\"https:\/\/www.suno.com.br\/noticias\/cvc-cvcb3-demissao-funcionarios-janeiro-cpf\/#primaryimage\",\"url\":\"https:\/\/files.sunoresearch.com.br\/n\/uploads\/2023\/03\/cvc-divulgacao.jpg\",\"contentUrl\":\"https:\/\/files.sunoresearch.com.br\/n\/uploads\/2023\/03\/cvc-divulgacao.jpg\",\"width\":1309,\"height\":800,\"caption\":\"CVC (CVCB3). Foto: Divulga\u00e7\u00e3o\"},{\"@type\":\"BreadcrumbList\",\"@id\":\"https:\/\/www.suno.com.br\/noticias\/cvc-cvcb3-demissao-funcionarios-janeiro-cpf\/#breadcrumb\",\"itemListElement\":[{\"@type\":\"ListItem\",\"position\":1,\"name\":\"Not\u00edcias\",\"item\":\"https:\/\/www.suno.com.br\/noticias\/\"},{\"@type\":\"ListItem\",\"position\":2,\"name\":\"Neg\u00f3cios\",\"item\":\"https:\/\/www.suno.com.br\/noticias\/negocios\/\"},{\"@type\":\"ListItem\",\"position\":3,\"name\":\"CVC (CVCB3) demite 90 funcion\u00e1rios, diz colunista\"}]},{\"@type\":\"WebSite\",\"@id\":\"https:\/\/www.suno.com.br\/noticias\/#website\",\"url\":\"https:\/\/www.suno.com.br\/noticias\/\",\"name\":\"Suno Not\u00edcias\",\"description\":\"Seu portal de informa\u00e7\u00e3o sobre o mundo dos investimentos\",\"publisher\":{\"@id\":\"https:\/\/www.suno.com.br\/noticias\/#organization\"},\"potentialAction\":[{\"@type\":\"SearchAction\",\"target\":{\"@type\":\"EntryPoint\",\"urlTemplate\":\"https:\/\/www.suno.com.br\/noticias\/?s={search_term_string}\"},\"query-input\":{\"@type\":\"PropertyValueSpecification\",\"valueRequired\":true,\"valueName\":\"search_term_string\"}}],\"inLanguage\":\"pt-BR\"},{\"@type\":\"Organization\",\"@id\":\"https:\/\/www.suno.com.br\/noticias\/#organization\",\"name\":\"Suno Not\u00edcias\",\"url\":\"https:\/\/www.suno.com.br\/noticias\/\",\"logo\":{\"@type\":\"ImageObject\",\"inLanguage\":\"pt-BR\",\"@id\":\"https:\/\/www.suno.com.br\/noticias\/#\/schema\/logo\/image\/\",\"url\":\"https:\/\/files.sunoresearch.com.br\/n\/uploads\/2021\/09\/suno-logo.png\",\"contentUrl\":\"https:\/\/files.sunoresearch.com.br\/n\/uploads\/2021\/09\/suno-logo.png\",\"width\":180,\"height\":180,\"caption\":\"Suno Not\u00edcias\"},\"image\":{\"@id\":\"https:\/\/www.suno.com.br\/noticias\/#\/schema\/logo\/image\/\"},\"sameAs\":[\"https:\/\/facebook.com\/sunoresearch\",\"https:\/\/x.com\/sunoresearch\",\"https:\/\/www.instagram.com\/suno\",\"https:\/\/www.linkedin.com\/company\/suno-research\/\",\"https:\/\/www.youtube.com\/c\/sunoresearch\"]},{\"@type\":\"Person\",\"@id\":\"https:\/\/www.suno.com.br\/noticias\/#\/schema\/person\/f341d3ae5d1cc685176c9a5327cdfdbb\",\"name\":\"Camila Paim\",\"image\":{\"@type\":\"ImageObject\",\"inLanguage\":\"pt-BR\",\"@id\":\"https:\/\/www.suno.com.br\/noticias\/#\/schema\/person\/image\/\",\"url\":\"https:\/\/secure.gravatar.com\/avatar\/f33728e65febb1aa7ecf6792956f9b20?s=96&r=g\",\"contentUrl\":\"https:\/\/secure.gravatar.com\/avatar\/f33728e65febb1aa7ecf6792956f9b20?s=96&r=g\",\"caption\":\"Camila Paim\"},\"description\":\"Jornalista formada pela USP, tem experi\u00eancia em reda\u00e7\u00f5es, SEO, Branded Content e Webdesign. Com passagem pelo Jornal da USP, Empiricus e C6 Bank, hoje \u00e9 rep\u00f3rter no Suno Not\u00edcias cobrindo macroeconomia, finan\u00e7as pessoais e startups.\",\"url\":\"https:\/\/www.suno.com.br\/noticias\/author\/camila-figueiredosuno-com-br\/\"}]}<\/script>\n<!-- \/ Yoast SEO plugin. -->","yoast_head_json":{"title":"CVC (CVCB3) demite 90 funcion\u00e1rios, diz colunista","description":"A CVC (CVCB3) demitiu 90 funcion\u00e1rios nesta segunda-feira (8). A informa\u00e7\u00e3o foi publicada no blog do colunista Lauro Jardim, do O Globo.","robots":{"index":"index","follow":"follow","max-snippet":"max-snippet:-1","max-image-preview":"max-image-preview:large","max-video-preview":"max-video-preview:-1"},"canonical":"https:\/\/www.suno.com.br\/noticias\/cvc-cvcb3-demissao-funcionarios-janeiro-cpf\/","og_locale":"pt_BR","og_type":"article","og_title":"CVC (CVCB3) demite 90 funcion\u00e1rios, diz colunista","og_description":"A CVC (CVCB3) demitiu 90 funcion\u00e1rios nesta segunda-feira (8). A informa\u00e7\u00e3o foi publicada no blog do colunista Lauro Jardim, do O Globo.","og_url":"https:\/\/www.suno.com.br\/noticias\/cvc-cvcb3-demissao-funcionarios-janeiro-cpf\/","og_site_name":"Suno Not\u00edcias","article_publisher":"https:\/\/facebook.com\/sunoresearch","og_image":[{"width":1309,"height":800,"url":"https:\/\/files.sunoresearch.com.br\/n\/uploads\/2023\/03\/cvc-divulgacao.jpg","type":"image\/jpeg"}],"author":"Camila Paim","twitter_card":"summary_large_image","twitter_creator":"@sunoresearch","twitter_site":"@sunoresearch","twitter_misc":{"Escrito por":"Camila Paim","Est. tempo de leitura":"3 minutos"},"schema":{"@context":"https:\/\/schema.org","@graph":[{"@type":"NewsArticle","@id":"https:\/\/www.suno.com.br\/noticias\/cvc-cvcb3-demissao-funcionarios-janeiro-cpf\/#article","isPartOf":{"@id":"https:\/\/www.suno.com.br\/noticias\/cvc-cvcb3-demissao-funcionarios-janeiro-cpf\/"},"author":{"name":"Camila Paim","@id":"https:\/\/www.suno.com.br\/noticias\/#\/schema\/person\/f341d3ae5d1cc685176c9a5327cdfdbb"},"headline":"CVC (CVCB3) demite 90 funcion\u00e1rios, diz colunista","datePublished":"2024-01-09T12:45:52+00:00","dateModified":"2024-01-09T14:06:59+00:00","mainEntityOfPage":{"@id":"https:\/\/www.suno.com.br\/noticias\/cvc-cvcb3-demissao-funcionarios-janeiro-cpf\/"},"wordCount":525,"publisher":{"@id":"https:\/\/www.suno.com.br\/noticias\/#organization"},"image":{"@id":"https:\/\/www.suno.com.br\/noticias\/cvc-cvcb3-demissao-funcionarios-janeiro-cpf\/#primaryimage"},"thumbnailUrl":"https:\/\/files.sunoresearch.com.br\/n\/uploads\/2023\/03\/cvc-divulgacao.jpg","keywords":["CVC (CVCB3)","demiss\u00f5es"],"articleSection":["Neg\u00f3cios"],"inLanguage":"pt-BR"},{"@type":"WebPage","@id":"https:\/\/www.suno.com.br\/noticias\/cvc-cvcb3-demissao-funcionarios-janeiro-cpf\/","url":"https:\/\/www.suno.com.br\/noticias\/cvc-cvcb3-demissao-funcionarios-janeiro-cpf\/","name":"CVC (CVCB3) demite 90 funcion\u00e1rios, diz colunista","isPartOf":{"@id":"https:\/\/www.suno.com.br\/noticias\/#website"},"primaryImageOfPage":{"@id":"https:\/\/www.suno.com.br\/noticias\/cvc-cvcb3-demissao-funcionarios-janeiro-cpf\/#primaryimage"},"image":{"@id":"https:\/\/www.suno.com.br\/noticias\/cvc-cvcb3-demissao-funcionarios-janeiro-cpf\/#primaryimage"},"thumbnailUrl":"https:\/\/files.sunoresearch.com.br\/n\/uploads\/2023\/03\/cvc-divulgacao.jpg","datePublished":"2024-01-09T12:45:52+00:00","dateModified":"2024-01-09T14:06:59+00:00","description":"A CVC (CVCB3) demitiu 90 funcion\u00e1rios nesta segunda-feira (8). A informa\u00e7\u00e3o foi publicada no blog do colunista Lauro Jardim, do O Globo.","breadcrumb":{"@id":"https:\/\/www.suno.com.br\/noticias\/cvc-cvcb3-demissao-funcionarios-janeiro-cpf\/#breadcrumb"},"inLanguage":"pt-BR","potentialAction":[{"@type":"ReadAction","target":["https:\/\/www.suno.com.br\/noticias\/cvc-cvcb3-demissao-funcionarios-janeiro-cpf\/"]}]},{"@type":"ImageObject","inLanguage":"pt-BR","@id":"https:\/\/www.suno.com.br\/noticias\/cvc-cvcb3-demissao-funcionarios-janeiro-cpf\/#primaryimage","url":"https:\/\/files.sunoresearch.com.br\/n\/uploads\/2023\/03\/cvc-divulgacao.jpg","contentUrl":"https:\/\/files.sunoresearch.com.br\/n\/uploads\/2023\/03\/cvc-divulgacao.jpg","width":1309,"height":800,"caption":"CVC (CVCB3). Foto: Divulga\u00e7\u00e3o"},{"@type":"BreadcrumbList","@id":"https:\/\/www.suno.com.br\/noticias\/cvc-cvcb3-demissao-funcionarios-janeiro-cpf\/#breadcrumb","itemListElement":[{"@type":"ListItem","position":1,"name":"Not\u00edcias","item":"https:\/\/www.suno.com.br\/noticias\/"},{"@type":"ListItem","position":2,"name":"Neg\u00f3cios","item":"https:\/\/www.suno.com.br\/noticias\/negocios\/"},{"@type":"ListItem","position":3,"name":"CVC (CVCB3) demite 90 funcion\u00e1rios, diz colunista"}]},{"@type":"WebSite","@id":"https:\/\/www.suno.com.br\/noticias\/#website","url":"https:\/\/www.suno.com.br\/noticias\/","name":"Suno Not\u00edcias","description":"Seu portal de informa\u00e7\u00e3o sobre o mundo dos investimentos","publisher":{"@id":"https:\/\/www.suno.com.br\/noticias\/#organization"},"potentialAction":[{"@type":"SearchAction","target":{"@type":"EntryPoint","urlTemplate":"https:\/\/www.suno.com.br\/noticias\/?s={search_term_string}"},"query-input":{"@type":"PropertyValueSpecification","valueRequired":true,"valueName":"search_term_string"}}],"inLanguage":"pt-BR"},{"@type":"Organization","@id":"https:\/\/www.suno.com.br\/noticias\/#organization","name":"Suno Not\u00edcias","url":"https:\/\/www.suno.com.br\/noticias\/","logo":{"@type":"ImageObject","inLanguage":"pt-BR","@id":"https:\/\/www.suno.com.br\/noticias\/#\/schema\/logo\/image\/","url":"https:\/\/files.sunoresearch.com.br\/n\/uploads\/2021\/09\/suno-logo.png","contentUrl":"https:\/\/files.sunoresearch.com.br\/n\/uploads\/2021\/09\/suno-logo.png","width":180,"height":180,"caption":"Suno Not\u00edcias"},"image":{"@id":"https:\/\/www.suno.com.br\/noticias\/#\/schema\/logo\/image\/"},"sameAs":["https:\/\/facebook.com\/sunoresearch","https:\/\/x.com\/sunoresearch","https:\/\/www.instagram.com\/suno","https:\/\/www.linkedin.com\/company\/suno-research\/","https:\/\/www.youtube.com\/c\/sunoresearch"]},{"@type":"Person","@id":"https:\/\/www.suno.com.br\/noticias\/#\/schema\/person\/f341d3ae5d1cc685176c9a5327cdfdbb","name":"Camila Paim","image":{"@type":"ImageObject","inLanguage":"pt-BR","@id":"https:\/\/www.suno.com.br\/noticias\/#\/schema\/person\/image\/","url":"https:\/\/secure.gravatar.com\/avatar\/f33728e65febb1aa7ecf6792956f9b20?s=96&r=g","contentUrl":"https:\/\/secure.gravatar.com\/avatar\/f33728e65febb1aa7ecf6792956f9b20?s=96&r=g","caption":"Camila Paim"},"description":"Jornalista formada pela USP, tem experi\u00eancia em reda\u00e7\u00f5es, SEO, Branded Content e Webdesign. Com passagem pelo Jornal da USP, Empiricus e C6 Bank, hoje \u00e9 rep\u00f3rter no Suno Not\u00edcias cobrindo macroeconomia, finan\u00e7as pessoais e startups.","url":"https:\/\/www.suno.com.br\/noticias\/author\/camila-figueiredosuno-com-br\/"}]}},"default_loop_html":"<div class=\"cardsPage__listCard__boxs\"><div class=\"cardsPage__listCard__boxs__img\"><a href=\"https:\/\/www.suno.com.br\/noticias\/cvc-cvcb3-demissao-funcionarios-janeiro-cpf\/\"><img class=\"mask\" src=\"https:\/\/www.suno.com.br\/noticias\/wp-content\/themes\/suno\/resources\/images\/spotlight\/spotlight1img\/bg-mask.png\" alt=\"Image Mask\"\/><img src=\"https:\/\/files.sunoresearch.com.br\/n\/uploads\/2023\/03\/cvc-divulgacao-400x200.jpg\" alt=\"CVC (CVCB3) demite 90 funcion\u00e1rios, diz colunista\"\/><\/a><span class=\"spotlightCategory\"><a href=\"https:\/\/www.suno.com.br\/noticias\/negocios\/\">Neg\u00f3cios<\/a><\/span><\/div><div class=\"cardsPage__listCard__boxs__content\"><a href=\"https:\/\/www.suno.com.br\/noticias\/cvc-cvcb3-demissao-funcionarios-janeiro-cpf\/\"><h2 class=\"content__title\">CVC (CVCB3) demite 90 funcion\u00e1rios, diz colunista<\/h2><\/a><div class=\"newsContent__article__meta\"><div class=\"newsContent__article__meta__authorBox\"><a href=\"https:\/\/www.suno.com.br\/noticias\/author\/camila-figueiredosuno-com-br\/\" class=\"authorBox__avatar noMobi\"><img src=\"https:\/\/files.sunoresearch.com.br\/n\/uploads\/2024\/05\/camila-paim-square-150x150.jpg\" alt=\"Camila Paim\"><\/a><div class=\"authorBox__name\"><span>por\n\t\t\t<a href=\"https:\/\/www.suno.com.br\/noticias\/author\/camila-figueiredosuno-com-br\/\"><span itemprop=\"author\">Camila Paim<\/span><\/a><\/span><time datetime=\"2024-01-09T09:45:52-03:00\" itemprop=\"datePublished\">09\/01\/2024 09:45<\/time><\/div><\/div><\/div><\/div><\/div>","single_layout":"posts","amp_enabled":true,"_links":{"self":[{"href":"https:\/\/www.suno.com.br\/noticias\/wp-json\/wp\/v2\/posts\/508134"}],"collection":[{"href":"https:\/\/www.suno.com.br\/noticias\/wp-json\/wp\/v2\/posts"}],"about":[{"href":"https:\/\/www.suno.com.br\/noticias\/wp-json\/wp\/v2\/types\/post"}],"author":[{"embeddable":true,"href":"https:\/\/www.suno.com.br\/noticias\/wp-json\/wp\/v2\/users\/283"}],"replies":[{"embeddable":true,"href":"https:\/\/www.suno.com.br\/noticias\/wp-json\/wp\/v2\/comments?post=508134"}],"version-history":[{"count":2,"href":"https:\/\/www.suno.com.br\/noticias\/wp-json\/wp\/v2\/posts\/508134\/revisions"}],"predecessor-version":[{"id":508201,"href":"https:\/\/www.suno.com.br\/noticias\/wp-json\/wp\/v2\/posts\/508134\/revisions\/508201"}],"wp:featuredmedia":[{"embeddable":true,"href":"https:\/\/www.suno.com.br\/noticias\/wp-json\/wp\/v2\/media\/376165"}],"wp:attachment":[{"href":"https:\/\/www.suno.com.br\/noticias\/wp-json\/wp\/v2\/media?parent=508134"}],"wp:term":[{"taxonomy":"category","embeddable":true,"href":"https:\/\/www.suno.com.br\/noticias\/wp-json\/wp\/v2\/categories?post=508134"},{"taxonomy":"post_tag","embeddable":true,"href":"https:\/\/www.suno.com.br\/noticias\/wp-json\/wp\/v2\/tags?post=508134"},{"taxonomy":"suno_strategy","embeddable":true,"href":"https:\/\/www.suno.com.br\/noticias\/wp-json\/wp\/v2\/suno_strategy?post=508134"}],"curies":[{"name":"wp","href":"https:\/\/api.w.org\/{rel}","templated":true}]}}