{"id":50802,"date":"2020-01-24T12:51:14","date_gmt":"2020-01-24T14:51:14","guid":{"rendered":"https:\/\/www.suno.com.br\/noticias\/?p=50802"},"modified":"2020-01-24T12:58:24","modified_gmt":"2020-01-24T14:58:24","slug":"caged-644-mil-vagas-carteira-assinada","status":"publish","type":"post","link":"https:\/\/www.suno.com.br\/noticias\/caged-644-mil-vagas-carteira-assinada\/","title":{"rendered":"Caged: Brasil gerou 644 mil vagas com carteira assinada em 2019"},"content":{"rendered":"<p>Em 2019, foram criadas 644.079 vagas com carteira assinada no <strong>Brasil<\/strong>. A leitura reporta o melhor resultado anual desde 2013. \u00c0 \u00e9poca, foram gerados 1,1 milh\u00e3o de postos de trabalho formais. As informa\u00e7\u00f5es do <strong>Cadastro Geral de Empregados e Desempregados (Caged) <\/strong>foram divulgados nesta sexta-feira (24) pelo Minist\u00e9rio da <a href=\"https:\/\/www.youtube.com\/channel\/UCWDeEIDAIi_oYKDiqwfGyRg\">Economia<\/a>.<\/p>\t<div class=\"wrapper-featured-image\">\n\t\t<figure class=\"spotlightImg\">\n\n\t\t\t<picture>\n\t\t\t\t<source media=\"(max-width: 768px)\" srcset=\"https:\/\/files.sunoresearch.com.br\/n\/uploads\/2018\/11\/ff108050-carteira-de-trabalho-400x200.webp\">\n\t\t\t\t<img loading=\"lazy\" decoding=\"async\" class=\"newsContent__article__imgCapa lazyloadDisabled newsContent__article__imgCapa--noCaption\" src=\"https:\/\/files.sunoresearch.com.br\/n\/uploads\/2018\/11\/ff108050-carteira-de-trabalho-800x450.webp\" width=\"800\" height=\"450\" alt=\"Caged: Brasil gerou 644 mil vagas com carteira assinada em 2019\" fetchpriority=high \/>\n\t\t\t<\/picture>\n\n\t\t\t<figcaption class=\"wp-caption-text wp-caption-text--hide\">Caged: Brasil cria 394,9 mil vagas em outubro<\/figcaption>\n\t\t<\/figure>\n\t<\/div>\n\n\n\n<p>No final do ano passado, antes da divulga\u00e7\u00e3o oficial do Caged, o secret\u00e1rio especial de <strong>Previd\u00eancia e Trabalho<\/strong> do Minist\u00e9rio da Economia, Rog\u00e9rio Marinho, estimou um saldo de pelo menos 635,5 mil novos postos de trabalho formais. Dessa forma, o resultado superou a expectativa da pasta econ\u00f4mica.<\/p>\n<p><a href=\"https:\/\/www.suno.com.br\/noticias\/confianca-do-empresario-e-a-maior-desde-junho-de-2010-aponta-cni\/\">Confira: Confian\u00e7a do empres\u00e1rio \u00e9 a maior desde junho de 2010, aponta CNI<\/a><\/p>\n<p>Dezembro confirmou a tend\u00eancia de fechamento de postos de trabalho ap\u00f3s as contrata\u00e7\u00f5es tempor\u00e1rias de final de ano, para suprir a demanda excedente do mercado. Foram encerrados 307.311 postos com carteira assinada no Pa\u00eds. O saldo do \u00faltimo m\u00eas do ano foi o melhor desde 2005, quando 286.719 vagas foram extintas.<\/p>\n<p>O comportamento do trabalho no m\u00eas passado ficou acima do esperado pelo mercado financeiro. Segundo a ag\u00eancia de not\u00edcias &#8220;Bloomberg&#8221;, os especialistas previam o corte de 324 mil contratos formais em dezembro.<\/p>\n\t<p>\n\t\t<a href=\"https:\/\/lp.statusinvest.com.br\/ao\/assessoria-status-invest\/\" target=\"_blank\" data-element=\"shortcode-suno-banner\" title=\"Banner SUNO, clique e saiba mais\">\n\t\t\t<picture>\n\t\t\t\t<source media=\"(max-width: 500px)\" srcset=\"https:\/\/files.sunoresearch.com.br\/n\/uploads\/2024\/03\/400x300-Mobile-1.png\">\n\t\t\t\t<img class=\"newsContent__article__imgCapa newsContent__article__imgCapa--banner\"\n\t\t\t\t\tsrc=\"https:\/\/files.sunoresearch.com.br\/n\/uploads\/2024\/03\/1420-x-240-Desktop.png\"\n\t\t\t\t\tdata-promo-id=\"537299\"\t\t\t\t\t\t\t\t\t\twidth='1420' height='250'\t\t\t\t\talt=\"https:\/\/files.sunoresearch.com.br\/n\/uploads\/2024\/03\/1420-x-240-Desktop.png\"\n\t\t\t\t>\n\t\t\t<\/picture>\n\t\t<\/a>\n\t<\/p>\n\n\n<p>O <strong>Minist\u00e9rio da Economia<\/strong> salientou que, em 2019, todos os oito ramos de atividade reportaram saldo positivo na cria\u00e7\u00e3o de empregos. S\u00e3o eles:<\/p>\n<ul>\n<li>Servi\u00e7os (382.525 vagas criadas)<\/li>\n<li>Com\u00e9rcio (145.475 vagas criadas)<\/li>\n<li>Constru\u00e7\u00e3o Civil (71.115 vagas criadas)<\/li>\n<li>Ind\u00fastria de Transforma\u00e7\u00e3o (18.341 vagas criadas)<\/li>\n<li>Agropecu\u00e1ria (14.366 vagas criadas)<\/li>\n<li>Servi\u00e7os Industriais de Utilidade P\u00fablica (6.430 vagas criadas)<\/li>\n<li>Extrativa Mineral (5.005 vagas criadas)<\/li>\n<li>Administra\u00e7\u00e3o P\u00fablica (822 vagas criadas)<\/li>\n<\/ul>\n<p>Todas as cinco regi\u00f5es do Brasil tamb\u00e9m apresentaram um desempenho positivo no mercado de trabalho no ano passado. O melhor resultado foi para a regi\u00e3o <strong>Sudeste<\/strong>, com 318.219 novas contrata\u00e7\u00f5es com carteira assinada. J\u00e1 na regi\u00e3o <strong>Sul<\/strong>, foram 143.273 postos.<\/p>\n<p>Segundo as informa\u00e7\u00f5es do <strong>Caged<\/strong>, em 2019, o sal\u00e1rio m\u00e9dio de contrata\u00e7\u00e3o foi de R$ 1.626,06, ao passo que o sal\u00e1rio m\u00e9dio das demiss\u00f5es foi de R$ 1.791,97.<\/p>\n\n","protected":false},"excerpt":{"rendered":"<p>Em 2019, foram criadas 644.079 vagas com carteira assinada no Brasil. A leitura reporta o melhor resultado anual desde 2013. \u00c0 \u00e9poca, foram gerados 1,1 milh\u00e3o de postos de trabalho formais. As informa\u00e7\u00f5es do Cadastro Geral de Empregados e Desempregados (Caged) foram divulgados nesta sexta-feira (24) pelo Minist\u00e9rio da Economia. Caged: Brasil cria 394,9 mil [&hellip;]<\/p>\n","protected":false},"author":24,"featured_media":7420,"comment_status":"closed","ping_status":"closed","sticky":false,"template":"","format":"standard","meta":[],"categories":[62],"tags":[1261,740],"suno_strategy":[],"class_list":["post-50802","post","type-post","status-publish","format-standard","has-post-thumbnail","hentry","category-economia","tag-caged","tag-economia"],"yoast_head":"<!-- This site is optimized with the Yoast SEO plugin v24.4 - https:\/\/yoast.com\/wordpress\/plugins\/seo\/ -->\n<title>Caged: Brasil gerou 644 mil vagas com carteira assinada em 2019<\/title>\n<meta name=\"description\" content=\"Em 2019, foram criadas 644.079 vagas com carteira assinada no Brasil. A leitura do Caged \u00e9 a melhor resultado anual desde 2013. Saiba mais.\" \/>\n<meta name=\"robots\" content=\"index, follow, max-snippet:-1, max-image-preview:large, max-video-preview:-1\" \/>\n<link rel=\"canonical\" href=\"https:\/\/www.suno.com.br\/noticias\/caged-644-mil-vagas-carteira-assinada\/\" \/>\n<meta property=\"og:locale\" content=\"pt_BR\" \/>\n<meta property=\"og:type\" content=\"article\" \/>\n<meta property=\"og:title\" content=\"Caged: Brasil gerou 644 mil vagas com carteira assinada em 2019\" \/>\n<meta property=\"og:description\" content=\"Em 2019, foram criadas 644.079 vagas com carteira assinada no Brasil. A leitura do Caged \u00e9 a melhor resultado anual desde 2013. Saiba mais.\" \/>\n<meta property=\"og:url\" content=\"https:\/\/www.suno.com.br\/noticias\/caged-644-mil-vagas-carteira-assinada\/\" \/>\n<meta property=\"og:site_name\" content=\"Suno Not\u00edcias\" \/>\n<meta property=\"article:publisher\" content=\"https:\/\/facebook.com\/sunoresearch\" \/>\n<meta property=\"og:image\" content=\"https:\/\/files.sunoresearch.com.br\/n\/uploads\/2018\/11\/ff108050-carteira-de-trabalho.jpg\" \/>\n\t<meta property=\"og:image:width\" content=\"1024\" \/>\n\t<meta property=\"og:image:height\" content=\"680\" \/>\n\t<meta property=\"og:image:type\" content=\"image\/jpeg\" \/>\n<meta name=\"author\" content=\"Jader Lazarini\" \/>\n<meta name=\"twitter:card\" content=\"summary_large_image\" \/>\n<meta name=\"twitter:creator\" content=\"@sunoresearch\" \/>\n<meta name=\"twitter:site\" content=\"@sunoresearch\" \/>\n<meta name=\"twitter:label1\" content=\"Escrito por\" \/>\n\t<meta name=\"twitter:data1\" content=\"Jader Lazarini\" \/>\n\t<meta name=\"twitter:label2\" content=\"Est. tempo de leitura\" \/>\n\t<meta name=\"twitter:data2\" content=\"2 minutos\" \/>\n<script type=\"application\/ld+json\" class=\"yoast-schema-graph\">{\"@context\":\"https:\/\/schema.org\",\"@graph\":[{\"@type\":\"NewsArticle\",\"@id\":\"https:\/\/www.suno.com.br\/noticias\/caged-644-mil-vagas-carteira-assinada\/#article\",\"isPartOf\":{\"@id\":\"https:\/\/www.suno.com.br\/noticias\/caged-644-mil-vagas-carteira-assinada\/\"},\"author\":{\"name\":\"Jader Lazarini\",\"@id\":\"https:\/\/www.suno.com.br\/noticias\/#\/schema\/person\/918d79de1f0281f01599b93f9ea6e23f\"},\"headline\":\"Caged: Brasil gerou 644 mil vagas com carteira assinada em 2019\",\"datePublished\":\"2020-01-24T14:51:14+00:00\",\"dateModified\":\"2020-01-24T14:58:24+00:00\",\"mainEntityOfPage\":{\"@id\":\"https:\/\/www.suno.com.br\/noticias\/caged-644-mil-vagas-carteira-assinada\/\"},\"wordCount\":363,\"publisher\":{\"@id\":\"https:\/\/www.suno.com.br\/noticias\/#organization\"},\"image\":{\"@id\":\"https:\/\/www.suno.com.br\/noticias\/caged-644-mil-vagas-carteira-assinada\/#primaryimage\"},\"thumbnailUrl\":\"https:\/\/files.sunoresearch.com.br\/n\/uploads\/2018\/11\/ff108050-carteira-de-trabalho-jpg.webp\",\"keywords\":[\"Caged\",\"Economia\"],\"articleSection\":[\"Economia\"],\"inLanguage\":\"pt-BR\"},{\"@type\":\"WebPage\",\"@id\":\"https:\/\/www.suno.com.br\/noticias\/caged-644-mil-vagas-carteira-assinada\/\",\"url\":\"https:\/\/www.suno.com.br\/noticias\/caged-644-mil-vagas-carteira-assinada\/\",\"name\":\"Caged: Brasil gerou 644 mil vagas com carteira assinada em 2019\",\"isPartOf\":{\"@id\":\"https:\/\/www.suno.com.br\/noticias\/#website\"},\"primaryImageOfPage\":{\"@id\":\"https:\/\/www.suno.com.br\/noticias\/caged-644-mil-vagas-carteira-assinada\/#primaryimage\"},\"image\":{\"@id\":\"https:\/\/www.suno.com.br\/noticias\/caged-644-mil-vagas-carteira-assinada\/#primaryimage\"},\"thumbnailUrl\":\"https:\/\/files.sunoresearch.com.br\/n\/uploads\/2018\/11\/ff108050-carteira-de-trabalho-jpg.webp\",\"datePublished\":\"2020-01-24T14:51:14+00:00\",\"dateModified\":\"2020-01-24T14:58:24+00:00\",\"description\":\"Em 2019, foram criadas 644.079 vagas com carteira assinada no Brasil. A leitura do Caged \u00e9 a melhor resultado anual desde 2013. Saiba mais.\",\"breadcrumb\":{\"@id\":\"https:\/\/www.suno.com.br\/noticias\/caged-644-mil-vagas-carteira-assinada\/#breadcrumb\"},\"inLanguage\":\"pt-BR\",\"potentialAction\":[{\"@type\":\"ReadAction\",\"target\":[\"https:\/\/www.suno.com.br\/noticias\/caged-644-mil-vagas-carteira-assinada\/\"]}]},{\"@type\":\"ImageObject\",\"inLanguage\":\"pt-BR\",\"@id\":\"https:\/\/www.suno.com.br\/noticias\/caged-644-mil-vagas-carteira-assinada\/#primaryimage\",\"url\":\"https:\/\/files.sunoresearch.com.br\/n\/uploads\/2018\/11\/ff108050-carteira-de-trabalho-jpg.webp\",\"contentUrl\":\"https:\/\/files.sunoresearch.com.br\/n\/uploads\/2018\/11\/ff108050-carteira-de-trabalho-jpg.webp\",\"width\":1024,\"height\":680,\"caption\":\"Caged: Brasil cria 394,9 mil vagas em outubro\"},{\"@type\":\"BreadcrumbList\",\"@id\":\"https:\/\/www.suno.com.br\/noticias\/caged-644-mil-vagas-carteira-assinada\/#breadcrumb\",\"itemListElement\":[{\"@type\":\"ListItem\",\"position\":1,\"name\":\"Not\u00edcias\",\"item\":\"https:\/\/www.suno.com.br\/noticias\/\"},{\"@type\":\"ListItem\",\"position\":2,\"name\":\"Economia\",\"item\":\"https:\/\/www.suno.com.br\/noticias\/economia\/\"},{\"@type\":\"ListItem\",\"position\":3,\"name\":\"Caged: Brasil gerou 644 mil vagas com carteira assinada em 2019\"}]},{\"@type\":\"WebSite\",\"@id\":\"https:\/\/www.suno.com.br\/noticias\/#website\",\"url\":\"https:\/\/www.suno.com.br\/noticias\/\",\"name\":\"Suno Not\u00edcias\",\"description\":\"Seu portal de informa\u00e7\u00e3o sobre o mundo dos investimentos\",\"publisher\":{\"@id\":\"https:\/\/www.suno.com.br\/noticias\/#organization\"},\"potentialAction\":[{\"@type\":\"SearchAction\",\"target\":{\"@type\":\"EntryPoint\",\"urlTemplate\":\"https:\/\/www.suno.com.br\/noticias\/?s={search_term_string}\"},\"query-input\":{\"@type\":\"PropertyValueSpecification\",\"valueRequired\":true,\"valueName\":\"search_term_string\"}}],\"inLanguage\":\"pt-BR\"},{\"@type\":\"Organization\",\"@id\":\"https:\/\/www.suno.com.br\/noticias\/#organization\",\"name\":\"Suno Not\u00edcias\",\"url\":\"https:\/\/www.suno.com.br\/noticias\/\",\"logo\":{\"@type\":\"ImageObject\",\"inLanguage\":\"pt-BR\",\"@id\":\"https:\/\/www.suno.com.br\/noticias\/#\/schema\/logo\/image\/\",\"url\":\"https:\/\/files.sunoresearch.com.br\/n\/uploads\/2021\/09\/suno-logo.png\",\"contentUrl\":\"https:\/\/files.sunoresearch.com.br\/n\/uploads\/2021\/09\/suno-logo.png\",\"width\":180,\"height\":180,\"caption\":\"Suno Not\u00edcias\"},\"image\":{\"@id\":\"https:\/\/www.suno.com.br\/noticias\/#\/schema\/logo\/image\/\"},\"sameAs\":[\"https:\/\/facebook.com\/sunoresearch\",\"https:\/\/x.com\/sunoresearch\",\"https:\/\/www.instagram.com\/suno\",\"https:\/\/www.linkedin.com\/company\/suno-research\/\",\"https:\/\/www.youtube.com\/c\/sunoresearch\"]},{\"@type\":\"Person\",\"@id\":\"https:\/\/www.suno.com.br\/noticias\/#\/schema\/person\/918d79de1f0281f01599b93f9ea6e23f\",\"name\":\"Jader Lazarini\",\"image\":{\"@type\":\"ImageObject\",\"inLanguage\":\"pt-BR\",\"@id\":\"https:\/\/www.suno.com.br\/noticias\/#\/schema\/person\/image\/\",\"url\":\"https:\/\/secure.gravatar.com\/avatar\/3c1ad8caa51589841baeb923fcddea97?s=96&r=g\",\"contentUrl\":\"https:\/\/secure.gravatar.com\/avatar\/3c1ad8caa51589841baeb923fcddea97?s=96&r=g\",\"caption\":\"Jader Lazarini\"},\"description\":\"Jader Lazarini escreve sobre investimentos, finan\u00e7as, economia e neg\u00f3cios. \u00c9 bacharel em Rela\u00e7\u00f5es Internacionais e analista CNPI (2619).\",\"url\":\"https:\/\/www.suno.com.br\/noticias\/author\/jader-lazarini\/\"}]}<\/script>\n<!-- \/ Yoast SEO plugin. -->","yoast_head_json":{"title":"Caged: Brasil gerou 644 mil vagas com carteira assinada em 2019","description":"Em 2019, foram criadas 644.079 vagas com carteira assinada no Brasil. A leitura do Caged \u00e9 a melhor resultado anual desde 2013. Saiba mais.","robots":{"index":"index","follow":"follow","max-snippet":"max-snippet:-1","max-image-preview":"max-image-preview:large","max-video-preview":"max-video-preview:-1"},"canonical":"https:\/\/www.suno.com.br\/noticias\/caged-644-mil-vagas-carteira-assinada\/","og_locale":"pt_BR","og_type":"article","og_title":"Caged: Brasil gerou 644 mil vagas com carteira assinada em 2019","og_description":"Em 2019, foram criadas 644.079 vagas com carteira assinada no Brasil. A leitura do Caged \u00e9 a melhor resultado anual desde 2013. Saiba mais.","og_url":"https:\/\/www.suno.com.br\/noticias\/caged-644-mil-vagas-carteira-assinada\/","og_site_name":"Suno Not\u00edcias","article_publisher":"https:\/\/facebook.com\/sunoresearch","og_image":[{"width":1024,"height":680,"url":"https:\/\/files.sunoresearch.com.br\/n\/uploads\/2018\/11\/ff108050-carteira-de-trabalho.jpg","type":"image\/jpeg"}],"author":"Jader Lazarini","twitter_card":"summary_large_image","twitter_creator":"@sunoresearch","twitter_site":"@sunoresearch","twitter_misc":{"Escrito por":"Jader Lazarini","Est. tempo de leitura":"2 minutos"},"schema":{"@context":"https:\/\/schema.org","@graph":[{"@type":"NewsArticle","@id":"https:\/\/www.suno.com.br\/noticias\/caged-644-mil-vagas-carteira-assinada\/#article","isPartOf":{"@id":"https:\/\/www.suno.com.br\/noticias\/caged-644-mil-vagas-carteira-assinada\/"},"author":{"name":"Jader Lazarini","@id":"https:\/\/www.suno.com.br\/noticias\/#\/schema\/person\/918d79de1f0281f01599b93f9ea6e23f"},"headline":"Caged: Brasil gerou 644 mil vagas com carteira assinada em 2019","datePublished":"2020-01-24T14:51:14+00:00","dateModified":"2020-01-24T14:58:24+00:00","mainEntityOfPage":{"@id":"https:\/\/www.suno.com.br\/noticias\/caged-644-mil-vagas-carteira-assinada\/"},"wordCount":363,"publisher":{"@id":"https:\/\/www.suno.com.br\/noticias\/#organization"},"image":{"@id":"https:\/\/www.suno.com.br\/noticias\/caged-644-mil-vagas-carteira-assinada\/#primaryimage"},"thumbnailUrl":"https:\/\/files.sunoresearch.com.br\/n\/uploads\/2018\/11\/ff108050-carteira-de-trabalho-jpg.webp","keywords":["Caged","Economia"],"articleSection":["Economia"],"inLanguage":"pt-BR"},{"@type":"WebPage","@id":"https:\/\/www.suno.com.br\/noticias\/caged-644-mil-vagas-carteira-assinada\/","url":"https:\/\/www.suno.com.br\/noticias\/caged-644-mil-vagas-carteira-assinada\/","name":"Caged: Brasil gerou 644 mil vagas com carteira assinada em 2019","isPartOf":{"@id":"https:\/\/www.suno.com.br\/noticias\/#website"},"primaryImageOfPage":{"@id":"https:\/\/www.suno.com.br\/noticias\/caged-644-mil-vagas-carteira-assinada\/#primaryimage"},"image":{"@id":"https:\/\/www.suno.com.br\/noticias\/caged-644-mil-vagas-carteira-assinada\/#primaryimage"},"thumbnailUrl":"https:\/\/files.sunoresearch.com.br\/n\/uploads\/2018\/11\/ff108050-carteira-de-trabalho-jpg.webp","datePublished":"2020-01-24T14:51:14+00:00","dateModified":"2020-01-24T14:58:24+00:00","description":"Em 2019, foram criadas 644.079 vagas com carteira assinada no Brasil. A leitura do Caged \u00e9 a melhor resultado anual desde 2013. Saiba mais.","breadcrumb":{"@id":"https:\/\/www.suno.com.br\/noticias\/caged-644-mil-vagas-carteira-assinada\/#breadcrumb"},"inLanguage":"pt-BR","potentialAction":[{"@type":"ReadAction","target":["https:\/\/www.suno.com.br\/noticias\/caged-644-mil-vagas-carteira-assinada\/"]}]},{"@type":"ImageObject","inLanguage":"pt-BR","@id":"https:\/\/www.suno.com.br\/noticias\/caged-644-mil-vagas-carteira-assinada\/#primaryimage","url":"https:\/\/files.sunoresearch.com.br\/n\/uploads\/2018\/11\/ff108050-carteira-de-trabalho-jpg.webp","contentUrl":"https:\/\/files.sunoresearch.com.br\/n\/uploads\/2018\/11\/ff108050-carteira-de-trabalho-jpg.webp","width":1024,"height":680,"caption":"Caged: Brasil cria 394,9 mil vagas em outubro"},{"@type":"BreadcrumbList","@id":"https:\/\/www.suno.com.br\/noticias\/caged-644-mil-vagas-carteira-assinada\/#breadcrumb","itemListElement":[{"@type":"ListItem","position":1,"name":"Not\u00edcias","item":"https:\/\/www.suno.com.br\/noticias\/"},{"@type":"ListItem","position":2,"name":"Economia","item":"https:\/\/www.suno.com.br\/noticias\/economia\/"},{"@type":"ListItem","position":3,"name":"Caged: Brasil gerou 644 mil vagas com carteira assinada em 2019"}]},{"@type":"WebSite","@id":"https:\/\/www.suno.com.br\/noticias\/#website","url":"https:\/\/www.suno.com.br\/noticias\/","name":"Suno Not\u00edcias","description":"Seu portal de informa\u00e7\u00e3o sobre o mundo dos investimentos","publisher":{"@id":"https:\/\/www.suno.com.br\/noticias\/#organization"},"potentialAction":[{"@type":"SearchAction","target":{"@type":"EntryPoint","urlTemplate":"https:\/\/www.suno.com.br\/noticias\/?s={search_term_string}"},"query-input":{"@type":"PropertyValueSpecification","valueRequired":true,"valueName":"search_term_string"}}],"inLanguage":"pt-BR"},{"@type":"Organization","@id":"https:\/\/www.suno.com.br\/noticias\/#organization","name":"Suno Not\u00edcias","url":"https:\/\/www.suno.com.br\/noticias\/","logo":{"@type":"ImageObject","inLanguage":"pt-BR","@id":"https:\/\/www.suno.com.br\/noticias\/#\/schema\/logo\/image\/","url":"https:\/\/files.sunoresearch.com.br\/n\/uploads\/2021\/09\/suno-logo.png","contentUrl":"https:\/\/files.sunoresearch.com.br\/n\/uploads\/2021\/09\/suno-logo.png","width":180,"height":180,"caption":"Suno Not\u00edcias"},"image":{"@id":"https:\/\/www.suno.com.br\/noticias\/#\/schema\/logo\/image\/"},"sameAs":["https:\/\/facebook.com\/sunoresearch","https:\/\/x.com\/sunoresearch","https:\/\/www.instagram.com\/suno","https:\/\/www.linkedin.com\/company\/suno-research\/","https:\/\/www.youtube.com\/c\/sunoresearch"]},{"@type":"Person","@id":"https:\/\/www.suno.com.br\/noticias\/#\/schema\/person\/918d79de1f0281f01599b93f9ea6e23f","name":"Jader Lazarini","image":{"@type":"ImageObject","inLanguage":"pt-BR","@id":"https:\/\/www.suno.com.br\/noticias\/#\/schema\/person\/image\/","url":"https:\/\/secure.gravatar.com\/avatar\/3c1ad8caa51589841baeb923fcddea97?s=96&r=g","contentUrl":"https:\/\/secure.gravatar.com\/avatar\/3c1ad8caa51589841baeb923fcddea97?s=96&r=g","caption":"Jader Lazarini"},"description":"Jader Lazarini escreve sobre investimentos, finan\u00e7as, economia e neg\u00f3cios. \u00c9 bacharel em Rela\u00e7\u00f5es Internacionais e analista CNPI (2619).","url":"https:\/\/www.suno.com.br\/noticias\/author\/jader-lazarini\/"}]}},"default_loop_html":"<div class=\"cardsPage__listCard__boxs\"><div class=\"cardsPage__listCard__boxs__img\"><a href=\"https:\/\/www.suno.com.br\/noticias\/caged-644-mil-vagas-carteira-assinada\/\"><img class=\"mask\" src=\"https:\/\/www.suno.com.br\/noticias\/wp-content\/themes\/suno\/resources\/images\/spotlight\/spotlight1img\/bg-mask.png\" alt=\"Image Mask\"\/><img src=\"https:\/\/files.sunoresearch.com.br\/n\/uploads\/2018\/11\/ff108050-carteira-de-trabalho-400x200.webp\" alt=\"Caged: Brasil gerou 644 mil vagas com carteira assinada em 2019\"\/><\/a><span class=\"spotlightCategory\"><a href=\"https:\/\/www.suno.com.br\/noticias\/economia\/\">Economia<\/a><\/span><\/div><div class=\"cardsPage__listCard__boxs__content\"><a href=\"https:\/\/www.suno.com.br\/noticias\/caged-644-mil-vagas-carteira-assinada\/\"><h2 class=\"content__title\">Caged: Brasil gerou 644 mil vagas com carteira assinada em 2019<\/h2><\/a><div class=\"newsContent__article__meta\"><div class=\"newsContent__article__meta__authorBox\"><a href=\"https:\/\/www.suno.com.br\/noticias\/author\/jader-lazarini\/\" class=\"authorBox__avatar noMobi\"><img src=\"https:\/\/files.sunoresearch.com.br\/n\/uploads\/2021\/01\/178e6598-foto-perfil-2-150x150.jpg\" alt=\"Jader Lazarini\"><\/a><div class=\"authorBox__name\"><span>por\n\t\t\t<a href=\"https:\/\/www.suno.com.br\/noticias\/author\/jader-lazarini\/\"><span itemprop=\"author\">Jader Lazarini<\/span><\/a><\/span><time datetime=\"2020-01-24T12:51:14-03:00\" itemprop=\"datePublished\">24\/01\/2020 12:51<\/time><\/div><\/div><\/div><\/div><\/div>","single_layout":"posts","amp_enabled":true,"_links":{"self":[{"href":"https:\/\/www.suno.com.br\/noticias\/wp-json\/wp\/v2\/posts\/50802"}],"collection":[{"href":"https:\/\/www.suno.com.br\/noticias\/wp-json\/wp\/v2\/posts"}],"about":[{"href":"https:\/\/www.suno.com.br\/noticias\/wp-json\/wp\/v2\/types\/post"}],"author":[{"embeddable":true,"href":"https:\/\/www.suno.com.br\/noticias\/wp-json\/wp\/v2\/users\/24"}],"replies":[{"embeddable":true,"href":"https:\/\/www.suno.com.br\/noticias\/wp-json\/wp\/v2\/comments?post=50802"}],"version-history":[{"count":0,"href":"https:\/\/www.suno.com.br\/noticias\/wp-json\/wp\/v2\/posts\/50802\/revisions"}],"wp:featuredmedia":[{"embeddable":true,"href":"https:\/\/www.suno.com.br\/noticias\/wp-json\/wp\/v2\/media\/7420"}],"wp:attachment":[{"href":"https:\/\/www.suno.com.br\/noticias\/wp-json\/wp\/v2\/media?parent=50802"}],"wp:term":[{"taxonomy":"category","embeddable":true,"href":"https:\/\/www.suno.com.br\/noticias\/wp-json\/wp\/v2\/categories?post=50802"},{"taxonomy":"post_tag","embeddable":true,"href":"https:\/\/www.suno.com.br\/noticias\/wp-json\/wp\/v2\/tags?post=50802"},{"taxonomy":"suno_strategy","embeddable":true,"href":"https:\/\/www.suno.com.br\/noticias\/wp-json\/wp\/v2\/suno_strategy?post=50802"}],"curies":[{"name":"wp","href":"https:\/\/api.w.org\/{rel}","templated":true}]}}