{"id":50794,"date":"2020-01-24T12:45:00","date_gmt":"2020-01-24T14:45:00","guid":{"rendered":"https:\/\/www.suno.com.br\/noticias\/?p=50794"},"modified":"2020-01-24T12:46:49","modified_gmt":"2020-01-24T14:46:49","slug":"uniao-europeia-cria-alianca-16-paises-lidar-disputas-comerciais","status":"publish","type":"post","link":"https:\/\/www.suno.com.br\/noticias\/uniao-europeia-cria-alianca-16-paises-lidar-disputas-comerciais\/","title":{"rendered":"Uni\u00e3o Europeia cria alian\u00e7a com 16 pa\u00edses para lidar com disputas comerciais"},"content":{"rendered":"<p>A <strong>Uni\u00e3o Europeia<\/strong> est\u00e1 formando um grupo com outros 16 pa\u00edses, incluindo Brasil e China, para a resolu\u00e7\u00e3o de disputas comerciais. Para isso, a UE est\u00e1 utilizando de um sistema de apela\u00e7\u00e3o da <a href=\"https:\/\/www.suno.com.br\/artigos\/omc-organizacao-mundial-do-comercio\/\">Organiza\u00e7\u00e3o Mundial do Com\u00e9rcio (OMC)<\/a> para substituir por um per\u00edodo provis\u00f3rio um processo bloqueado pelos Estados Unidos.<\/p>\t<div class=\"wrapper-featured-image\">\n\t\t<figure class=\"spotlightImg\">\n\n\t\t\t<picture>\n\t\t\t\t<source media=\"(max-width: 768px)\" srcset=\"https:\/\/files.sunoresearch.com.br\/n\/uploads\/2018\/11\/3ea236d3-uniao-europeia-400x200.webp\">\n\t\t\t\t<img loading=\"lazy\" decoding=\"async\" class=\"newsContent__article__imgCapa lazyloadDisabled newsContent__article__imgCapa--noCaption\" src=\"https:\/\/files.sunoresearch.com.br\/n\/uploads\/2018\/11\/3ea236d3-uniao-europeia-800x450.webp\" width=\"800\" height=\"450\" alt=\"Uni\u00e3o Europeia cria alian\u00e7a com 16 pa\u00edses para lidar com disputas comerciais\" fetchpriority=high \/>\n\t\t\t<\/picture>\n\n\t\t\t<figcaption class=\"wp-caption-text wp-caption-text--hide\">Uni\u00e3o Europeia<\/figcaption>\n\t\t<\/figure>\n\t<\/div>\n\n\n\n<p>\u201cVamos trabalhar para implementar medidas de conting\u00eancia que permitiriam a apela\u00e7\u00e3o de relat\u00f3rios do painel da OMC em nossas disputas\u201d, informa uma declara\u00e7\u00e3o conjunta publicada pela <strong>Comiss\u00e3o<\/strong> <strong>Europeia<\/strong>.<\/p>\n<p>Essa decis\u00e3o \u00e9 vista como um avan\u00e7o no plano da Uni\u00e3o Europeia para criar resolu\u00e7\u00e3o prontamente para as disputas comerciais internacionais atuais. Isso porque o \u00f3rg\u00e3o de apela\u00e7\u00e3o da OMC parou de funcionar.<\/p>\n<p>O acordo foi realizado ap\u00f3s uma reuni\u00e3o dos delegados da OMC que est\u00e3o no F\u00f3rum Econ\u00f4mico Mundial em Davos, na Su\u00ed\u00e7a.<\/p>\n\t<p>\n\t\t<a href=\"https:\/\/www.suno.com.br\/asset\/fundos\/suno-acoes-xp-seg-prev\/\" target=\"_blank\" data-element=\"shortcode-suno-banner\" title=\"Banner SUNO, clique e saiba mais\">\n\t\t\t<picture>\n\t\t\t\t<source media=\"(max-width: 500px)\" srcset=\"https:\/\/files.sunoresearch.com.br\/n\/uploads\/2023\/10\/SUNOPREV-400x300-Mobile-Artigos-3.png\">\n\t\t\t\t<img class=\"newsContent__article__imgCapa newsContent__article__imgCapa--banner\"\n\t\t\t\t\tsrc=\"https:\/\/files.sunoresearch.com.br\/n\/uploads\/2023\/10\/SUNOPREV-1420x240-Banner-Artigos-1-_-Banner-Materias-1.png\"\n\t\t\t\t\tdata-promo-id=\"476310\"\t\t\t\t\t\t\t\t\t\twidth='1420' height='240'\t\t\t\t\talt=\"https:\/\/files.sunoresearch.com.br\/n\/uploads\/2023\/10\/SUNOPREV-1420x240-Banner-Artigos-1-_-Banner-Materias-1.png\"\n\t\t\t\t>\n\t\t\t<\/picture>\n\t\t<\/a>\n\t<\/p>\n\n\n<p>\u201cAcreditamos que um sistema operacional de resolu\u00e7\u00e3o de controv\u00e9rsias da OMC \u00e9 da maior import\u00e2ncia para o sistema de negocia\u00e7\u00e3o baseado em regras e que um est\u00e1gio de apela\u00e7\u00e3o independente e imparcial deve continuar sendo uma de suas caracter\u00edsticas essenciais\u201d, diz o comunicado.<\/p>\n<h2>Uni\u00e3o Europeia: Trump fala sobre reforma na OMC<\/h2>\n<p>O presidente dos Estados Unidos, <strong>Donald<\/strong> <strong>Trump<\/strong>, afirmou, na \u00faltima quarta-feira (22), que os EUA iniciou negocia\u00e7\u00f5es com o chefe da <strong>Organiza\u00e7\u00e3o Mundial do Com\u00e9rcio <\/strong><strong>(OMC)<\/strong>, Roberto Azev\u00eado. O mandat\u00e1rio norte-americano disse que a institui\u00e7\u00e3o precisa de &#8220;reformas dr\u00e1sticas&#8221;.<\/p>\n<p><a href=\"https:\/\/www.suno.com.br\/noticias\/davos-george-soros-ataca-bolsonaro-amazonia\/\">Veja tamb\u00e9m: Davos: George Soros ataca Bolsonaro sobre a Amaz\u00f4nia<\/a><\/p>\n<p>Durante o <strong>F\u00f3rum Econ\u00f4mico Mundial<\/strong>, realizado em Davos, Trump afirmou que Azev\u00eado ir\u00e1 viajar para Washington, capital dos EUA, para ter conversas sobre o assunto na semana que vem.<\/p>\n<p>\u201cEstamos falando sobre toda uma nova estrutura ou teremos que fazer algo, mas a OMC tem sido muito injusta com os EUA por muitos, muitos anos\u201d, disse Trump.<\/p>\n<p>O diretor-geral da OMC apoiou a ideia que a entidade necessita uma reformula\u00e7\u00e3o. \u201cA OMC precisa ser atualizada, tem que ser reformada. Esta \u00e9 uma agenda que est\u00e1 diante dos membros\u201d, afirmou Azev\u00eado.<\/p>\n<p>\u201cO acordo multipartid\u00e1rio de arbitragem e apela\u00e7\u00e3o garantir\u00e1 que os membros participantes da OMC continuem tendo acesso a um sistema de solu\u00e7\u00e3o de controv\u00e9rsias vinculante, imparcial e de alta qualidade entre eles\u201d, afirmou o chefe de com\u00e9rcio da <strong>Uni\u00e3o<\/strong> <strong>Europeia<\/strong>, Phil Hogan.<\/p>\n\n","protected":false},"excerpt":{"rendered":"<p>A Uni\u00e3o Europeia est\u00e1 formando um grupo com outros 16 pa\u00edses, incluindo Brasil e China, para a resolu\u00e7\u00e3o de disputas comerciais. Para isso, a UE est\u00e1 utilizando de um sistema de apela\u00e7\u00e3o da Organiza\u00e7\u00e3o Mundial do Com\u00e9rcio (OMC) para substituir por um per\u00edodo provis\u00f3rio um processo bloqueado pelos Estados Unidos. Uni\u00e3o Europeia \u201cVamos trabalhar para [&hellip;]<\/p>\n","protected":false},"author":19,"featured_media":6293,"comment_status":"closed","ping_status":"closed","sticky":false,"template":"","format":"standard","meta":[],"categories":[63],"tags":[731],"suno_strategy":[],"class_list":["post-50794","post","type-post","status-publish","format-standard","has-post-thumbnail","hentry","category-internacional","tag-uniao-europeia"],"yoast_head":"<!-- This site is optimized with the Yoast SEO plugin v24.4 - https:\/\/yoast.com\/wordpress\/plugins\/seo\/ -->\n<title>Uni\u00e3o Europeia cria alian\u00e7a com 16 pa\u00edses para disputas comerciais<\/title>\n<meta name=\"description\" content=\"A Uni\u00e3o Europeia est\u00e1 formando um grupo com outros 16 pa\u00edses, incluindo Brasil e China, para a resolu\u00e7\u00e3o de disputas comerciais. Saiba mais.\" \/>\n<meta name=\"robots\" content=\"index, follow, max-snippet:-1, max-image-preview:large, max-video-preview:-1\" \/>\n<link rel=\"canonical\" href=\"https:\/\/www.suno.com.br\/noticias\/uniao-europeia-cria-alianca-16-paises-lidar-disputas-comerciais\/\" \/>\n<meta property=\"og:locale\" content=\"pt_BR\" \/>\n<meta property=\"og:type\" content=\"article\" \/>\n<meta property=\"og:title\" content=\"Uni\u00e3o Europeia cria alian\u00e7a com 16 pa\u00edses para disputas comerciais\" \/>\n<meta property=\"og:description\" content=\"A Uni\u00e3o Europeia est\u00e1 formando um grupo com outros 16 pa\u00edses, incluindo Brasil e China, para a resolu\u00e7\u00e3o de disputas comerciais. Saiba mais.\" \/>\n<meta property=\"og:url\" content=\"https:\/\/www.suno.com.br\/noticias\/uniao-europeia-cria-alianca-16-paises-lidar-disputas-comerciais\/\" \/>\n<meta property=\"og:site_name\" content=\"Suno Not\u00edcias\" \/>\n<meta property=\"article:publisher\" content=\"https:\/\/facebook.com\/sunoresearch\" \/>\n<meta property=\"og:image\" content=\"https:\/\/files.sunoresearch.com.br\/n\/uploads\/2018\/11\/3ea236d3-uniao-europeia.jpg\" \/>\n\t<meta property=\"og:image:width\" content=\"1920\" \/>\n\t<meta property=\"og:image:height\" content=\"1280\" \/>\n\t<meta property=\"og:image:type\" content=\"image\/jpeg\" \/>\n<meta name=\"author\" content=\"Juliano Passaro\" \/>\n<meta name=\"twitter:card\" content=\"summary_large_image\" \/>\n<meta name=\"twitter:creator\" content=\"@sunoresearch\" \/>\n<meta name=\"twitter:site\" content=\"@sunoresearch\" \/>\n<meta name=\"twitter:label1\" content=\"Escrito por\" \/>\n\t<meta name=\"twitter:data1\" content=\"Juliano Passaro\" \/>\n\t<meta name=\"twitter:label2\" content=\"Est. tempo de leitura\" \/>\n\t<meta name=\"twitter:data2\" content=\"2 minutos\" \/>\n<script type=\"application\/ld+json\" class=\"yoast-schema-graph\">{\"@context\":\"https:\/\/schema.org\",\"@graph\":[{\"@type\":\"NewsArticle\",\"@id\":\"https:\/\/www.suno.com.br\/noticias\/uniao-europeia-cria-alianca-16-paises-lidar-disputas-comerciais\/#article\",\"isPartOf\":{\"@id\":\"https:\/\/www.suno.com.br\/noticias\/uniao-europeia-cria-alianca-16-paises-lidar-disputas-comerciais\/\"},\"author\":{\"name\":\"Juliano Passaro\",\"@id\":\"https:\/\/www.suno.com.br\/noticias\/#\/schema\/person\/1db762f78ffd8919a648a63e425953e3\"},\"headline\":\"Uni\u00e3o Europeia cria alian\u00e7a com 16 pa\u00edses para lidar com disputas comerciais\",\"datePublished\":\"2020-01-24T14:45:00+00:00\",\"dateModified\":\"2020-01-24T14:46:49+00:00\",\"mainEntityOfPage\":{\"@id\":\"https:\/\/www.suno.com.br\/noticias\/uniao-europeia-cria-alianca-16-paises-lidar-disputas-comerciais\/\"},\"wordCount\":437,\"publisher\":{\"@id\":\"https:\/\/www.suno.com.br\/noticias\/#organization\"},\"image\":{\"@id\":\"https:\/\/www.suno.com.br\/noticias\/uniao-europeia-cria-alianca-16-paises-lidar-disputas-comerciais\/#primaryimage\"},\"thumbnailUrl\":\"https:\/\/files.sunoresearch.com.br\/n\/uploads\/2018\/11\/3ea236d3-uniao-europeia-jpg.webp\",\"keywords\":[\"Uni\u00e3o Europeia\"],\"articleSection\":[\"Internacional\"],\"inLanguage\":\"pt-BR\"},{\"@type\":\"WebPage\",\"@id\":\"https:\/\/www.suno.com.br\/noticias\/uniao-europeia-cria-alianca-16-paises-lidar-disputas-comerciais\/\",\"url\":\"https:\/\/www.suno.com.br\/noticias\/uniao-europeia-cria-alianca-16-paises-lidar-disputas-comerciais\/\",\"name\":\"Uni\u00e3o Europeia cria alian\u00e7a com 16 pa\u00edses para disputas comerciais\",\"isPartOf\":{\"@id\":\"https:\/\/www.suno.com.br\/noticias\/#website\"},\"primaryImageOfPage\":{\"@id\":\"https:\/\/www.suno.com.br\/noticias\/uniao-europeia-cria-alianca-16-paises-lidar-disputas-comerciais\/#primaryimage\"},\"image\":{\"@id\":\"https:\/\/www.suno.com.br\/noticias\/uniao-europeia-cria-alianca-16-paises-lidar-disputas-comerciais\/#primaryimage\"},\"thumbnailUrl\":\"https:\/\/files.sunoresearch.com.br\/n\/uploads\/2018\/11\/3ea236d3-uniao-europeia-jpg.webp\",\"datePublished\":\"2020-01-24T14:45:00+00:00\",\"dateModified\":\"2020-01-24T14:46:49+00:00\",\"description\":\"A Uni\u00e3o Europeia est\u00e1 formando um grupo com outros 16 pa\u00edses, incluindo Brasil e China, para a resolu\u00e7\u00e3o de disputas comerciais. Saiba mais.\",\"breadcrumb\":{\"@id\":\"https:\/\/www.suno.com.br\/noticias\/uniao-europeia-cria-alianca-16-paises-lidar-disputas-comerciais\/#breadcrumb\"},\"inLanguage\":\"pt-BR\",\"potentialAction\":[{\"@type\":\"ReadAction\",\"target\":[\"https:\/\/www.suno.com.br\/noticias\/uniao-europeia-cria-alianca-16-paises-lidar-disputas-comerciais\/\"]}]},{\"@type\":\"ImageObject\",\"inLanguage\":\"pt-BR\",\"@id\":\"https:\/\/www.suno.com.br\/noticias\/uniao-europeia-cria-alianca-16-paises-lidar-disputas-comerciais\/#primaryimage\",\"url\":\"https:\/\/files.sunoresearch.com.br\/n\/uploads\/2018\/11\/3ea236d3-uniao-europeia-jpg.webp\",\"contentUrl\":\"https:\/\/files.sunoresearch.com.br\/n\/uploads\/2018\/11\/3ea236d3-uniao-europeia-jpg.webp\",\"width\":1920,\"height\":1280,\"caption\":\"Uni\u00e3o Europeia\"},{\"@type\":\"BreadcrumbList\",\"@id\":\"https:\/\/www.suno.com.br\/noticias\/uniao-europeia-cria-alianca-16-paises-lidar-disputas-comerciais\/#breadcrumb\",\"itemListElement\":[{\"@type\":\"ListItem\",\"position\":1,\"name\":\"Not\u00edcias\",\"item\":\"https:\/\/www.suno.com.br\/noticias\/\"},{\"@type\":\"ListItem\",\"position\":2,\"name\":\"Internacional\",\"item\":\"https:\/\/www.suno.com.br\/noticias\/internacional\/\"},{\"@type\":\"ListItem\",\"position\":3,\"name\":\"Uni\u00e3o Europeia cria alian\u00e7a com 16 pa\u00edses para lidar com disputas comerciais\"}]},{\"@type\":\"WebSite\",\"@id\":\"https:\/\/www.suno.com.br\/noticias\/#website\",\"url\":\"https:\/\/www.suno.com.br\/noticias\/\",\"name\":\"Suno Not\u00edcias\",\"description\":\"Seu portal de informa\u00e7\u00e3o sobre o mundo dos investimentos\",\"publisher\":{\"@id\":\"https:\/\/www.suno.com.br\/noticias\/#organization\"},\"potentialAction\":[{\"@type\":\"SearchAction\",\"target\":{\"@type\":\"EntryPoint\",\"urlTemplate\":\"https:\/\/www.suno.com.br\/noticias\/?s={search_term_string}\"},\"query-input\":{\"@type\":\"PropertyValueSpecification\",\"valueRequired\":true,\"valueName\":\"search_term_string\"}}],\"inLanguage\":\"pt-BR\"},{\"@type\":\"Organization\",\"@id\":\"https:\/\/www.suno.com.br\/noticias\/#organization\",\"name\":\"Suno Not\u00edcias\",\"url\":\"https:\/\/www.suno.com.br\/noticias\/\",\"logo\":{\"@type\":\"ImageObject\",\"inLanguage\":\"pt-BR\",\"@id\":\"https:\/\/www.suno.com.br\/noticias\/#\/schema\/logo\/image\/\",\"url\":\"https:\/\/files.sunoresearch.com.br\/n\/uploads\/2021\/09\/suno-logo.png\",\"contentUrl\":\"https:\/\/files.sunoresearch.com.br\/n\/uploads\/2021\/09\/suno-logo.png\",\"width\":180,\"height\":180,\"caption\":\"Suno Not\u00edcias\"},\"image\":{\"@id\":\"https:\/\/www.suno.com.br\/noticias\/#\/schema\/logo\/image\/\"},\"sameAs\":[\"https:\/\/facebook.com\/sunoresearch\",\"https:\/\/x.com\/sunoresearch\",\"https:\/\/www.instagram.com\/suno\",\"https:\/\/www.linkedin.com\/company\/suno-research\/\",\"https:\/\/www.youtube.com\/c\/sunoresearch\"]},{\"@type\":\"Person\",\"@id\":\"https:\/\/www.suno.com.br\/noticias\/#\/schema\/person\/1db762f78ffd8919a648a63e425953e3\",\"name\":\"Juliano Passaro\",\"image\":{\"@type\":\"ImageObject\",\"inLanguage\":\"pt-BR\",\"@id\":\"https:\/\/www.suno.com.br\/noticias\/#\/schema\/person\/image\/\",\"url\":\"https:\/\/secure.gravatar.com\/avatar\/743d4df28eebf6dcc46b4ad03c319e92?s=96&r=g\",\"contentUrl\":\"https:\/\/secure.gravatar.com\/avatar\/743d4df28eebf6dcc46b4ad03c319e92?s=96&r=g\",\"caption\":\"Juliano Passaro\"},\"description\":\"Juliano Passaro escreve sobre pol\u00edtica, economia e neg\u00f3cios para o portal da Suno Research. Antes da Suno, trabalhou no Portal da Band. \u00c9 formado em jornalismo pela Universidade Presbiteriana Mackenzie.\",\"url\":\"https:\/\/www.suno.com.br\/noticias\/author\/juliano\/\"}]}<\/script>\n<!-- \/ Yoast SEO plugin. -->","yoast_head_json":{"title":"Uni\u00e3o Europeia cria alian\u00e7a com 16 pa\u00edses para disputas comerciais","description":"A Uni\u00e3o Europeia est\u00e1 formando um grupo com outros 16 pa\u00edses, incluindo Brasil e China, para a resolu\u00e7\u00e3o de disputas comerciais. Saiba mais.","robots":{"index":"index","follow":"follow","max-snippet":"max-snippet:-1","max-image-preview":"max-image-preview:large","max-video-preview":"max-video-preview:-1"},"canonical":"https:\/\/www.suno.com.br\/noticias\/uniao-europeia-cria-alianca-16-paises-lidar-disputas-comerciais\/","og_locale":"pt_BR","og_type":"article","og_title":"Uni\u00e3o Europeia cria alian\u00e7a com 16 pa\u00edses para disputas comerciais","og_description":"A Uni\u00e3o Europeia est\u00e1 formando um grupo com outros 16 pa\u00edses, incluindo Brasil e China, para a resolu\u00e7\u00e3o de disputas comerciais. Saiba mais.","og_url":"https:\/\/www.suno.com.br\/noticias\/uniao-europeia-cria-alianca-16-paises-lidar-disputas-comerciais\/","og_site_name":"Suno Not\u00edcias","article_publisher":"https:\/\/facebook.com\/sunoresearch","og_image":[{"width":1920,"height":1280,"url":"https:\/\/files.sunoresearch.com.br\/n\/uploads\/2018\/11\/3ea236d3-uniao-europeia.jpg","type":"image\/jpeg"}],"author":"Juliano Passaro","twitter_card":"summary_large_image","twitter_creator":"@sunoresearch","twitter_site":"@sunoresearch","twitter_misc":{"Escrito por":"Juliano Passaro","Est. tempo de leitura":"2 minutos"},"schema":{"@context":"https:\/\/schema.org","@graph":[{"@type":"NewsArticle","@id":"https:\/\/www.suno.com.br\/noticias\/uniao-europeia-cria-alianca-16-paises-lidar-disputas-comerciais\/#article","isPartOf":{"@id":"https:\/\/www.suno.com.br\/noticias\/uniao-europeia-cria-alianca-16-paises-lidar-disputas-comerciais\/"},"author":{"name":"Juliano Passaro","@id":"https:\/\/www.suno.com.br\/noticias\/#\/schema\/person\/1db762f78ffd8919a648a63e425953e3"},"headline":"Uni\u00e3o Europeia cria alian\u00e7a com 16 pa\u00edses para lidar com disputas comerciais","datePublished":"2020-01-24T14:45:00+00:00","dateModified":"2020-01-24T14:46:49+00:00","mainEntityOfPage":{"@id":"https:\/\/www.suno.com.br\/noticias\/uniao-europeia-cria-alianca-16-paises-lidar-disputas-comerciais\/"},"wordCount":437,"publisher":{"@id":"https:\/\/www.suno.com.br\/noticias\/#organization"},"image":{"@id":"https:\/\/www.suno.com.br\/noticias\/uniao-europeia-cria-alianca-16-paises-lidar-disputas-comerciais\/#primaryimage"},"thumbnailUrl":"https:\/\/files.sunoresearch.com.br\/n\/uploads\/2018\/11\/3ea236d3-uniao-europeia-jpg.webp","keywords":["Uni\u00e3o Europeia"],"articleSection":["Internacional"],"inLanguage":"pt-BR"},{"@type":"WebPage","@id":"https:\/\/www.suno.com.br\/noticias\/uniao-europeia-cria-alianca-16-paises-lidar-disputas-comerciais\/","url":"https:\/\/www.suno.com.br\/noticias\/uniao-europeia-cria-alianca-16-paises-lidar-disputas-comerciais\/","name":"Uni\u00e3o Europeia cria alian\u00e7a com 16 pa\u00edses para disputas comerciais","isPartOf":{"@id":"https:\/\/www.suno.com.br\/noticias\/#website"},"primaryImageOfPage":{"@id":"https:\/\/www.suno.com.br\/noticias\/uniao-europeia-cria-alianca-16-paises-lidar-disputas-comerciais\/#primaryimage"},"image":{"@id":"https:\/\/www.suno.com.br\/noticias\/uniao-europeia-cria-alianca-16-paises-lidar-disputas-comerciais\/#primaryimage"},"thumbnailUrl":"https:\/\/files.sunoresearch.com.br\/n\/uploads\/2018\/11\/3ea236d3-uniao-europeia-jpg.webp","datePublished":"2020-01-24T14:45:00+00:00","dateModified":"2020-01-24T14:46:49+00:00","description":"A Uni\u00e3o Europeia est\u00e1 formando um grupo com outros 16 pa\u00edses, incluindo Brasil e China, para a resolu\u00e7\u00e3o de disputas comerciais. Saiba mais.","breadcrumb":{"@id":"https:\/\/www.suno.com.br\/noticias\/uniao-europeia-cria-alianca-16-paises-lidar-disputas-comerciais\/#breadcrumb"},"inLanguage":"pt-BR","potentialAction":[{"@type":"ReadAction","target":["https:\/\/www.suno.com.br\/noticias\/uniao-europeia-cria-alianca-16-paises-lidar-disputas-comerciais\/"]}]},{"@type":"ImageObject","inLanguage":"pt-BR","@id":"https:\/\/www.suno.com.br\/noticias\/uniao-europeia-cria-alianca-16-paises-lidar-disputas-comerciais\/#primaryimage","url":"https:\/\/files.sunoresearch.com.br\/n\/uploads\/2018\/11\/3ea236d3-uniao-europeia-jpg.webp","contentUrl":"https:\/\/files.sunoresearch.com.br\/n\/uploads\/2018\/11\/3ea236d3-uniao-europeia-jpg.webp","width":1920,"height":1280,"caption":"Uni\u00e3o Europeia"},{"@type":"BreadcrumbList","@id":"https:\/\/www.suno.com.br\/noticias\/uniao-europeia-cria-alianca-16-paises-lidar-disputas-comerciais\/#breadcrumb","itemListElement":[{"@type":"ListItem","position":1,"name":"Not\u00edcias","item":"https:\/\/www.suno.com.br\/noticias\/"},{"@type":"ListItem","position":2,"name":"Internacional","item":"https:\/\/www.suno.com.br\/noticias\/internacional\/"},{"@type":"ListItem","position":3,"name":"Uni\u00e3o Europeia cria alian\u00e7a com 16 pa\u00edses para lidar com disputas comerciais"}]},{"@type":"WebSite","@id":"https:\/\/www.suno.com.br\/noticias\/#website","url":"https:\/\/www.suno.com.br\/noticias\/","name":"Suno Not\u00edcias","description":"Seu portal de informa\u00e7\u00e3o sobre o mundo dos investimentos","publisher":{"@id":"https:\/\/www.suno.com.br\/noticias\/#organization"},"potentialAction":[{"@type":"SearchAction","target":{"@type":"EntryPoint","urlTemplate":"https:\/\/www.suno.com.br\/noticias\/?s={search_term_string}"},"query-input":{"@type":"PropertyValueSpecification","valueRequired":true,"valueName":"search_term_string"}}],"inLanguage":"pt-BR"},{"@type":"Organization","@id":"https:\/\/www.suno.com.br\/noticias\/#organization","name":"Suno Not\u00edcias","url":"https:\/\/www.suno.com.br\/noticias\/","logo":{"@type":"ImageObject","inLanguage":"pt-BR","@id":"https:\/\/www.suno.com.br\/noticias\/#\/schema\/logo\/image\/","url":"https:\/\/files.sunoresearch.com.br\/n\/uploads\/2021\/09\/suno-logo.png","contentUrl":"https:\/\/files.sunoresearch.com.br\/n\/uploads\/2021\/09\/suno-logo.png","width":180,"height":180,"caption":"Suno Not\u00edcias"},"image":{"@id":"https:\/\/www.suno.com.br\/noticias\/#\/schema\/logo\/image\/"},"sameAs":["https:\/\/facebook.com\/sunoresearch","https:\/\/x.com\/sunoresearch","https:\/\/www.instagram.com\/suno","https:\/\/www.linkedin.com\/company\/suno-research\/","https:\/\/www.youtube.com\/c\/sunoresearch"]},{"@type":"Person","@id":"https:\/\/www.suno.com.br\/noticias\/#\/schema\/person\/1db762f78ffd8919a648a63e425953e3","name":"Juliano Passaro","image":{"@type":"ImageObject","inLanguage":"pt-BR","@id":"https:\/\/www.suno.com.br\/noticias\/#\/schema\/person\/image\/","url":"https:\/\/secure.gravatar.com\/avatar\/743d4df28eebf6dcc46b4ad03c319e92?s=96&r=g","contentUrl":"https:\/\/secure.gravatar.com\/avatar\/743d4df28eebf6dcc46b4ad03c319e92?s=96&r=g","caption":"Juliano Passaro"},"description":"Juliano Passaro escreve sobre pol\u00edtica, economia e neg\u00f3cios para o portal da Suno Research. Antes da Suno, trabalhou no Portal da Band. \u00c9 formado em jornalismo pela Universidade Presbiteriana Mackenzie.","url":"https:\/\/www.suno.com.br\/noticias\/author\/juliano\/"}]}},"default_loop_html":"<div class=\"cardsPage__listCard__boxs\"><div class=\"cardsPage__listCard__boxs__img\"><a href=\"https:\/\/www.suno.com.br\/noticias\/uniao-europeia-cria-alianca-16-paises-lidar-disputas-comerciais\/\"><img class=\"mask\" src=\"https:\/\/www.suno.com.br\/noticias\/wp-content\/themes\/suno\/resources\/images\/spotlight\/spotlight1img\/bg-mask.png\" alt=\"Image Mask\"\/><img src=\"https:\/\/files.sunoresearch.com.br\/n\/uploads\/2018\/11\/3ea236d3-uniao-europeia-400x200.webp\" alt=\"Uni\u00e3o Europeia cria alian\u00e7a com 16 pa\u00edses para lidar com disputas comerciais\"\/><\/a><span class=\"spotlightCategory\"><a href=\"https:\/\/www.suno.com.br\/noticias\/internacional\/\">Internacional<\/a><\/span><\/div><div class=\"cardsPage__listCard__boxs__content\"><a href=\"https:\/\/www.suno.com.br\/noticias\/uniao-europeia-cria-alianca-16-paises-lidar-disputas-comerciais\/\"><h2 class=\"content__title\">Uni\u00e3o Europeia cria alian\u00e7a com 16 pa\u00edses para lidar com disputas comerciais<\/h2><\/a><div class=\"newsContent__article__meta\"><div class=\"newsContent__article__meta__authorBox\"><a href=\"https:\/\/www.suno.com.br\/noticias\/author\/juliano\/\" class=\"authorBox__avatar noMobi\"><img src=\"https:\/\/files.sunoresearch.com.br\/n\/uploads\/2019\/06\/7cc3efea-whatsapp-image-2019-07-18-at-21.59.33-e1563499821209-150x150.webp\" alt=\"Juliano Passaro\"><\/a><div class=\"authorBox__name\"><span>por\n\t\t\t<a href=\"https:\/\/www.suno.com.br\/noticias\/author\/juliano\/\"><span itemprop=\"author\">Juliano Passaro<\/span><\/a><\/span><time datetime=\"2020-01-24T12:45:00-03:00\" itemprop=\"datePublished\">24\/01\/2020 12:45<\/time><\/div><\/div><\/div><\/div><\/div>","single_layout":"posts","amp_enabled":true,"_links":{"self":[{"href":"https:\/\/www.suno.com.br\/noticias\/wp-json\/wp\/v2\/posts\/50794"}],"collection":[{"href":"https:\/\/www.suno.com.br\/noticias\/wp-json\/wp\/v2\/posts"}],"about":[{"href":"https:\/\/www.suno.com.br\/noticias\/wp-json\/wp\/v2\/types\/post"}],"author":[{"embeddable":true,"href":"https:\/\/www.suno.com.br\/noticias\/wp-json\/wp\/v2\/users\/19"}],"replies":[{"embeddable":true,"href":"https:\/\/www.suno.com.br\/noticias\/wp-json\/wp\/v2\/comments?post=50794"}],"version-history":[{"count":0,"href":"https:\/\/www.suno.com.br\/noticias\/wp-json\/wp\/v2\/posts\/50794\/revisions"}],"wp:featuredmedia":[{"embeddable":true,"href":"https:\/\/www.suno.com.br\/noticias\/wp-json\/wp\/v2\/media\/6293"}],"wp:attachment":[{"href":"https:\/\/www.suno.com.br\/noticias\/wp-json\/wp\/v2\/media?parent=50794"}],"wp:term":[{"taxonomy":"category","embeddable":true,"href":"https:\/\/www.suno.com.br\/noticias\/wp-json\/wp\/v2\/categories?post=50794"},{"taxonomy":"post_tag","embeddable":true,"href":"https:\/\/www.suno.com.br\/noticias\/wp-json\/wp\/v2\/tags?post=50794"},{"taxonomy":"suno_strategy","embeddable":true,"href":"https:\/\/www.suno.com.br\/noticias\/wp-json\/wp\/v2\/suno_strategy?post=50794"}],"curies":[{"name":"wp","href":"https:\/\/api.w.org\/{rel}","templated":true}]}}