{"id":507707,"date":"2024-01-08T12:31:28","date_gmt":"2024-01-08T15:31:28","guid":{"rendered":"https:\/\/www.suno.com.br\/noticias\/?p=507707"},"modified":"2024-01-08T17:47:36","modified_gmt":"2024-01-08T20:47:36","slug":"pagamento-doc-acabar-janeiro-febraban-evm","status":"publish","type":"post","link":"https:\/\/www.suno.com.br\/noticias\/pagamento-doc-acabar-janeiro-febraban-evm\/","title":{"rendered":"Pagamento via DOC vai acabar no dia 15 de janeiro, informa Febraban"},"content":{"rendered":"<p>Os pagamentos via <strong>DOC<\/strong> ser\u00e3o encerrados no dia 15 de janeiro, segundo a <a href=\"https:\/\/www.suno.com.br\/noticias\/desenrola-bancos-febraban-gpj\/\" target=\"_blank\" rel=\"noreferrer noopener\">Federa\u00e7\u00e3o Brasileira de Bancos (Febraban)<\/a>. A modalidade de transfer\u00eancia existia h\u00e1 cerca de 40 anos.<\/p>\t<div class=\"wrapper-featured-image\">\n\t\t<figure class=\"spotlightImg\">\n\n\t\t\t<picture>\n\t\t\t\t<source media=\"(max-width: 768px)\" srcset=\"https:\/\/files.sunoresearch.com.br\/n\/uploads\/2022\/04\/safe-913452-400x200.jpg\">\n\t\t\t\t<img loading=\"lazy\" decoding=\"async\" class=\"newsContent__article__imgCapa lazyloadDisabled \" src=\"https:\/\/files.sunoresearch.com.br\/n\/uploads\/2022\/04\/safe-913452-800x450.jpg\" width=\"800\" height=\"450\" alt=\"Pagamento via DOC vai acabar no dia 15 de janeiro, informa Febraban\" fetchpriority=high \/>\n\t\t\t<\/picture>\n\n\t\t\t<figcaption class=\"wp-caption-text wp-caption-text--show\">Bancos. Foto: Pixabay.<\/figcaption>\n\t\t<\/figure>\n\t<\/div>\n\n\n\n\n\n\t<p>\n\t\t<a href=\"\" target=\"_blank\" data-element=\"shortcode-suno-banner\" title=\"Banner SUNO, clique e saiba mais\">\n\t\t\t<picture>\n\t\t\t\t<source media=\"(max-width: 500px)\" srcset=\"\">\n\t\t\t\t<img class=\"newsContent__article__imgCapa newsContent__article__imgCapa--banner\"\n\t\t\t\t\tsrc=\"\"\n\t\t\t\t\tdata-promo-id=\"240038\"\t\t\t\t\t\t\t\t\t\t\t\t\t\t\talt=\"\"\n\t\t\t\t>\n\t\t\t<\/picture>\n\t\t<\/a>\n\t<\/p>\n\n\n\n\n\n\n\n<p>O <strong>fim do DOC<\/strong> j\u00e1 havia sido anunciado em meados de 2023 pelas autoridades, em meio a um contexto de <a href=\"https:\/\/www.suno.com.br\/noticias\/web-stories\/pix-automatico-debito-automatico-evm\/\" target=\"_blank\" rel=\"noreferrer noopener\">aumento relevante do Pix como meio de <strong>pagamento<\/strong><\/a>.<\/p>\n\n\n\n<p>Apesar do encerramento do DOC no <strong>dia 15 de janeiro<\/strong>, at\u00e9 l\u00e1 ser\u00e1 poss\u00edvel agendar transa\u00e7\u00f5es atrav\u00e9s para liquida\u00e7\u00e3o at\u00e9 o dia 29 de fevereiro.<\/p>\n\n\n\n<p>Isso, pois dia 29 de fevereiro \u00e9 o \u00faltimo dia para que os bancos processem DOCs enviados pelos clientes.<\/p>\n\n\n\n<p>Juntamente com o <strong>encerramento do DOC<\/strong>, a Transfer\u00eancia Especial de Cr\u00e9dito (TEC) tamb\u00e9m ser\u00e1 extinta. A modalidade de pagamento existia at\u00e9 ent\u00e3o para que empresas pagassem benef\u00edcios aos seus funcion\u00e1rios &#8211; contudo, caiu em desuso tal como o DOC.<\/p>\n\n\n\n<p>&#8220;Tanto a TEC quando o DOC deixaram de ser a primeira op\u00e7\u00e3o dos clientes e sua utiliza\u00e7\u00e3o vem caindo continuamente nos \u00faltimos anos&#8221;, destaca, em nota, o diretor adjunto de Servi\u00e7os da <strong>Febraban<\/strong>, <a class=\"suno-keyword\" target=\"_blank\" data-force=\"no\" data-priority=\"2\" href=\"https:\/\/www.suno.com.br\/tudo-sobre\/walter-faria\/\" rel=\"noopener\">Walter Faria<\/a>. <\/p>\n\n\n\n<p>&#8220;Os clientes t\u00eam dado prefer\u00eancia ao Pix, por ser gratuito, instant\u00e2neo e tamb\u00e9m pelo valor que pode ser transacionado&#8221;, complementa.<\/p>\n\n\n\t<p>\n\t\t<a href=\"https:\/\/lp.suno.com.br\/ebook-gratuito-investindo-no-exterior\/\" target=\"_blank\" data-element=\"shortcode-suno-banner\" title=\"Banner SUNO, clique e saiba mais\">\n\t\t\t<picture>\n\t\t\t\t<source media=\"(max-width: 500px)\" srcset=\"https:\/\/files.sunoresearch.com.br\/n\/uploads\/2023\/03\/400x300-Investindo-no-exterior.png\">\n\t\t\t\t<img class=\"newsContent__article__imgCapa newsContent__article__imgCapa--banner\"\n\t\t\t\t\tsrc=\"https:\/\/files.sunoresearch.com.br\/n\/uploads\/2023\/03\/1420x240-Investindo-no-exterior.png\"\n\t\t\t\t\tdata-promo-id=\"383161\"\t\t\t\t\t\t\t\t\t\twidth='1420' height='240'\t\t\t\t\talt=\"https:\/\/files.sunoresearch.com.br\/n\/uploads\/2023\/03\/1420x240-Investindo-no-exterior.png\"\n\t\t\t\t>\n\t\t\t<\/picture>\n\t\t<\/a>\n\t<\/p>\n\n\n\n\n\n<h2 class=\"wp-block-heading\">TED ajudou DOC a cair em desuso<\/h2>\n\n\n\n<p>As informa\u00e7\u00f5es da Febraban ainda destacam que a <a href=\"https:\/\/www.suno.com.br\/artigos\/ted-ou-doc\/\" target=\"_blank\" rel=\"noreferrer noopener\">Transfer\u00eancia Eletr\u00f4nica Dispon\u00edvel (<strong>TED<\/strong>)<\/a>, criada em 2002, colaborou para que o DOC fosse utilizado cada vez menos.<\/p>\n\n\n\n<p>Dados oficiais mostram que no primeiro semestre de 2023, o DOC somou 18,3 milh\u00f5es de opera\u00e7\u00f5es, representando somente 0,05% das opera\u00e7\u00f5es de pagamento feitas no Brasil no per\u00edodo.<\/p>\n\n\n\n<p>No mesmo per\u00edodo, o levantamento da Febraban mostra que o Pix, teve 17,6 bilh\u00f5es de opera\u00e7\u00f5es, os cart\u00f5es de cr\u00e9dito e d\u00e9bito, com 8,4 bilh\u00f5es cada.<\/p>\n\n\n\n<p>Na mesma janela, a TED teve 448 milh\u00f5es de transa\u00e7\u00f5es &#8211; volume total que \u00e9 cerca de 24 vezes maior do que o n\u00famero de transa\u00e7\u00f5es feitas via <strong>DOC <\/strong>em igual per\u00edodo.<\/p>\n\n\n\t<p>\n\t\t<a href=\"https:\/\/lp.suno.com.br\/planilha-da-vida-financeira\/\" target=\"_blank\" data-element=\"shortcode-suno-banner\" title=\"Banner SUNO, clique e saiba mais\">\n\t\t\t<picture>\n\t\t\t\t<source media=\"(max-width: 500px)\" srcset=\"https:\/\/files.sunoresearch.com.br\/n\/uploads\/2023\/04\/400x300-Planilha-vida-financeira-true.png\">\n\t\t\t\t<img class=\"newsContent__article__imgCapa newsContent__article__imgCapa--banner\"\n\t\t\t\t\tsrc=\"https:\/\/files.sunoresearch.com.br\/n\/uploads\/2023\/04\/1420x240-Planilha-vida-financeira-true.png\"\n\t\t\t\t\tdata-promo-id=\"383123\"\t\t\t\t\t\t\t\t\t\twidth='1420' height='240'\t\t\t\t\talt=\"https:\/\/files.sunoresearch.com.br\/n\/uploads\/2023\/04\/1420x240-Planilha-vida-financeira-true.png\"\n\t\t\t\t>\n\t\t\t<\/picture>\n\t\t<\/a>\n\t<\/p>\n\n\n","protected":false},"excerpt":{"rendered":"<p>Os pagamentos via DOC ser\u00e3o encerrados no dia 15 de janeiro, segundo a Federa\u00e7\u00e3o Brasileira de Bancos (Febraban). A modalidade de transfer\u00eancia existia h\u00e1 cerca de 40 anos. Bancos. Foto: Pixabay. O fim do DOC j\u00e1 havia sido anunciado em meados de 2023 pelas autoridades, em meio a um contexto de aumento relevante do Pix [&hellip;]<\/p>\n","protected":false},"author":73,"featured_media":248341,"comment_status":"closed","ping_status":"closed","sticky":false,"template":"","format":"standard","meta":[],"categories":[65],"tags":[289,823],"suno_strategy":[],"class_list":["post-507707","post","type-post","status-publish","format-standard","has-post-thumbnail","hentry","category-financas-pessoais","tag-bancos","tag-febraban"],"yoast_head":"<!-- This site is optimized with the Yoast SEO plugin v24.4 - https:\/\/yoast.com\/wordpress\/plugins\/seo\/ -->\n<title>Pagamento via DOC vai acabar no dia 15 de janeiro, informa Febraban<\/title>\n<meta name=\"description\" content=\"O fim do DOC j\u00e1 havia sido anunciado em meados de 2023 pelas autoridades, em meio a um contexto de aumento relevante do Pix\" \/>\n<meta name=\"robots\" content=\"index, follow, max-snippet:-1, max-image-preview:large, max-video-preview:-1\" \/>\n<link rel=\"canonical\" href=\"https:\/\/www.suno.com.br\/noticias\/pagamento-doc-acabar-janeiro-febraban-evm\/\" \/>\n<meta property=\"og:locale\" content=\"pt_BR\" \/>\n<meta property=\"og:type\" content=\"article\" \/>\n<meta property=\"og:title\" content=\"Pagamento via DOC vai acabar no dia 15 de janeiro, informa Febraban\" \/>\n<meta property=\"og:description\" content=\"O fim do DOC j\u00e1 havia sido anunciado em meados de 2023 pelas autoridades, em meio a um contexto de aumento relevante do Pix\" \/>\n<meta property=\"og:url\" content=\"https:\/\/www.suno.com.br\/noticias\/pagamento-doc-acabar-janeiro-febraban-evm\/\" \/>\n<meta property=\"og:site_name\" content=\"Suno Not\u00edcias\" \/>\n<meta property=\"article:publisher\" content=\"https:\/\/facebook.com\/sunoresearch\" \/>\n<meta property=\"og:image\" content=\"https:\/\/files.sunoresearch.com.br\/n\/uploads\/2022\/04\/safe-913452-scaled.jpg\" \/>\n\t<meta property=\"og:image:width\" content=\"2560\" \/>\n\t<meta property=\"og:image:height\" content=\"2225\" \/>\n\t<meta property=\"og:image:type\" content=\"image\/jpeg\" \/>\n<meta name=\"author\" content=\"Eduardo Vargas\" \/>\n<meta name=\"twitter:card\" content=\"summary_large_image\" \/>\n<meta name=\"twitter:creator\" content=\"@sunoresearch\" \/>\n<meta name=\"twitter:site\" content=\"@sunoresearch\" \/>\n<meta name=\"twitter:label1\" content=\"Escrito por\" \/>\n\t<meta name=\"twitter:data1\" content=\"Eduardo Vargas\" \/>\n\t<meta name=\"twitter:label2\" content=\"Est. tempo de leitura\" \/>\n\t<meta name=\"twitter:data2\" content=\"2 minutos\" \/>\n<script type=\"application\/ld+json\" class=\"yoast-schema-graph\">{\"@context\":\"https:\/\/schema.org\",\"@graph\":[{\"@type\":\"NewsArticle\",\"@id\":\"https:\/\/www.suno.com.br\/noticias\/pagamento-doc-acabar-janeiro-febraban-evm\/#article\",\"isPartOf\":{\"@id\":\"https:\/\/www.suno.com.br\/noticias\/pagamento-doc-acabar-janeiro-febraban-evm\/\"},\"author\":{\"name\":\"Eduardo Vargas\",\"@id\":\"https:\/\/www.suno.com.br\/noticias\/#\/schema\/person\/7f4d362bf3518e76090143ae77bb49a5\"},\"headline\":\"Pagamento via DOC vai acabar no dia 15 de janeiro, informa Febraban\",\"datePublished\":\"2024-01-08T15:31:28+00:00\",\"dateModified\":\"2024-01-08T20:47:36+00:00\",\"mainEntityOfPage\":{\"@id\":\"https:\/\/www.suno.com.br\/noticias\/pagamento-doc-acabar-janeiro-febraban-evm\/\"},\"wordCount\":356,\"publisher\":{\"@id\":\"https:\/\/www.suno.com.br\/noticias\/#organization\"},\"image\":{\"@id\":\"https:\/\/www.suno.com.br\/noticias\/pagamento-doc-acabar-janeiro-febraban-evm\/#primaryimage\"},\"thumbnailUrl\":\"https:\/\/files.sunoresearch.com.br\/n\/uploads\/2022\/04\/safe-913452-scaled.jpg\",\"keywords\":[\"bancos\",\"Febraban\"],\"articleSection\":[\"Finan\u00e7as Pessoais\"],\"inLanguage\":\"pt-BR\"},{\"@type\":\"WebPage\",\"@id\":\"https:\/\/www.suno.com.br\/noticias\/pagamento-doc-acabar-janeiro-febraban-evm\/\",\"url\":\"https:\/\/www.suno.com.br\/noticias\/pagamento-doc-acabar-janeiro-febraban-evm\/\",\"name\":\"Pagamento via DOC vai acabar no dia 15 de janeiro, informa Febraban\",\"isPartOf\":{\"@id\":\"https:\/\/www.suno.com.br\/noticias\/#website\"},\"primaryImageOfPage\":{\"@id\":\"https:\/\/www.suno.com.br\/noticias\/pagamento-doc-acabar-janeiro-febraban-evm\/#primaryimage\"},\"image\":{\"@id\":\"https:\/\/www.suno.com.br\/noticias\/pagamento-doc-acabar-janeiro-febraban-evm\/#primaryimage\"},\"thumbnailUrl\":\"https:\/\/files.sunoresearch.com.br\/n\/uploads\/2022\/04\/safe-913452-scaled.jpg\",\"datePublished\":\"2024-01-08T15:31:28+00:00\",\"dateModified\":\"2024-01-08T20:47:36+00:00\",\"description\":\"O fim do DOC j\u00e1 havia sido anunciado em meados de 2023 pelas autoridades, em meio a um contexto de aumento relevante do Pix\",\"breadcrumb\":{\"@id\":\"https:\/\/www.suno.com.br\/noticias\/pagamento-doc-acabar-janeiro-febraban-evm\/#breadcrumb\"},\"inLanguage\":\"pt-BR\",\"potentialAction\":[{\"@type\":\"ReadAction\",\"target\":[\"https:\/\/www.suno.com.br\/noticias\/pagamento-doc-acabar-janeiro-febraban-evm\/\"]}]},{\"@type\":\"ImageObject\",\"inLanguage\":\"pt-BR\",\"@id\":\"https:\/\/www.suno.com.br\/noticias\/pagamento-doc-acabar-janeiro-febraban-evm\/#primaryimage\",\"url\":\"https:\/\/files.sunoresearch.com.br\/n\/uploads\/2022\/04\/safe-913452-scaled.jpg\",\"contentUrl\":\"https:\/\/files.sunoresearch.com.br\/n\/uploads\/2022\/04\/safe-913452-scaled.jpg\",\"width\":2560,\"height\":2225,\"caption\":\"Bancos. Foto: Pixabay.\"},{\"@type\":\"BreadcrumbList\",\"@id\":\"https:\/\/www.suno.com.br\/noticias\/pagamento-doc-acabar-janeiro-febraban-evm\/#breadcrumb\",\"itemListElement\":[{\"@type\":\"ListItem\",\"position\":1,\"name\":\"Not\u00edcias\",\"item\":\"https:\/\/www.suno.com.br\/noticias\/\"},{\"@type\":\"ListItem\",\"position\":2,\"name\":\"Finan\u00e7as Pessoais\",\"item\":\"https:\/\/www.suno.com.br\/noticias\/financas-pessoais\/\"},{\"@type\":\"ListItem\",\"position\":3,\"name\":\"Pagamento via DOC vai acabar no dia 15 de janeiro, informa Febraban\"}]},{\"@type\":\"WebSite\",\"@id\":\"https:\/\/www.suno.com.br\/noticias\/#website\",\"url\":\"https:\/\/www.suno.com.br\/noticias\/\",\"name\":\"Suno Not\u00edcias\",\"description\":\"Seu portal de informa\u00e7\u00e3o sobre o mundo dos investimentos\",\"publisher\":{\"@id\":\"https:\/\/www.suno.com.br\/noticias\/#organization\"},\"potentialAction\":[{\"@type\":\"SearchAction\",\"target\":{\"@type\":\"EntryPoint\",\"urlTemplate\":\"https:\/\/www.suno.com.br\/noticias\/?s={search_term_string}\"},\"query-input\":{\"@type\":\"PropertyValueSpecification\",\"valueRequired\":true,\"valueName\":\"search_term_string\"}}],\"inLanguage\":\"pt-BR\"},{\"@type\":\"Organization\",\"@id\":\"https:\/\/www.suno.com.br\/noticias\/#organization\",\"name\":\"Suno Not\u00edcias\",\"url\":\"https:\/\/www.suno.com.br\/noticias\/\",\"logo\":{\"@type\":\"ImageObject\",\"inLanguage\":\"pt-BR\",\"@id\":\"https:\/\/www.suno.com.br\/noticias\/#\/schema\/logo\/image\/\",\"url\":\"https:\/\/files.sunoresearch.com.br\/n\/uploads\/2021\/09\/suno-logo.png\",\"contentUrl\":\"https:\/\/files.sunoresearch.com.br\/n\/uploads\/2021\/09\/suno-logo.png\",\"width\":180,\"height\":180,\"caption\":\"Suno Not\u00edcias\"},\"image\":{\"@id\":\"https:\/\/www.suno.com.br\/noticias\/#\/schema\/logo\/image\/\"},\"sameAs\":[\"https:\/\/facebook.com\/sunoresearch\",\"https:\/\/x.com\/sunoresearch\",\"https:\/\/www.instagram.com\/suno\",\"https:\/\/www.linkedin.com\/company\/suno-research\/\",\"https:\/\/www.youtube.com\/c\/sunoresearch\"]},{\"@type\":\"Person\",\"@id\":\"https:\/\/www.suno.com.br\/noticias\/#\/schema\/person\/7f4d362bf3518e76090143ae77bb49a5\",\"name\":\"Eduardo Vargas\",\"image\":{\"@type\":\"ImageObject\",\"inLanguage\":\"pt-BR\",\"@id\":\"https:\/\/www.suno.com.br\/noticias\/#\/schema\/person\/image\/\",\"url\":\"https:\/\/secure.gravatar.com\/avatar\/dac340933427a22924c9f99d1eb2e3f2?s=96&r=g\",\"contentUrl\":\"https:\/\/secure.gravatar.com\/avatar\/dac340933427a22924c9f99d1eb2e3f2?s=96&r=g\",\"caption\":\"Eduardo Vargas\"},\"description\":\"Jornalista formado pela UFSC, cobre macroeconomia, neg\u00f3cios e startups para o Suno Not\u00edcias, escrevendo principalmente not\u00edcias sobre o mercado financeiro e a bolsa de valores. No YouTube e no Instagram, \u00e9 respons\u00e1vel pela produ\u00e7\u00e3o de Reels e Shorts do Suno Not\u00edcias. Anteriormente, trabalhou cobrindo economia e cotidiano no ND+ e para o ND, maior jornal impresso de Santa Catarina. Cursou um semestre letivo de Estudos de M\u00eddia na Universidad de Buenos Aires.\",\"url\":\"https:\/\/www.suno.com.br\/noticias\/author\/eduardo-vargas\/\"}]}<\/script>\n<!-- \/ Yoast SEO plugin. -->","yoast_head_json":{"title":"Pagamento via DOC vai acabar no dia 15 de janeiro, informa Febraban","description":"O fim do DOC j\u00e1 havia sido anunciado em meados de 2023 pelas autoridades, em meio a um contexto de aumento relevante do Pix","robots":{"index":"index","follow":"follow","max-snippet":"max-snippet:-1","max-image-preview":"max-image-preview:large","max-video-preview":"max-video-preview:-1"},"canonical":"https:\/\/www.suno.com.br\/noticias\/pagamento-doc-acabar-janeiro-febraban-evm\/","og_locale":"pt_BR","og_type":"article","og_title":"Pagamento via DOC vai acabar no dia 15 de janeiro, informa Febraban","og_description":"O fim do DOC j\u00e1 havia sido anunciado em meados de 2023 pelas autoridades, em meio a um contexto de aumento relevante do Pix","og_url":"https:\/\/www.suno.com.br\/noticias\/pagamento-doc-acabar-janeiro-febraban-evm\/","og_site_name":"Suno Not\u00edcias","article_publisher":"https:\/\/facebook.com\/sunoresearch","og_image":[{"width":2560,"height":2225,"url":"https:\/\/files.sunoresearch.com.br\/n\/uploads\/2022\/04\/safe-913452-scaled.jpg","type":"image\/jpeg"}],"author":"Eduardo Vargas","twitter_card":"summary_large_image","twitter_creator":"@sunoresearch","twitter_site":"@sunoresearch","twitter_misc":{"Escrito por":"Eduardo Vargas","Est. tempo de leitura":"2 minutos"},"schema":{"@context":"https:\/\/schema.org","@graph":[{"@type":"NewsArticle","@id":"https:\/\/www.suno.com.br\/noticias\/pagamento-doc-acabar-janeiro-febraban-evm\/#article","isPartOf":{"@id":"https:\/\/www.suno.com.br\/noticias\/pagamento-doc-acabar-janeiro-febraban-evm\/"},"author":{"name":"Eduardo Vargas","@id":"https:\/\/www.suno.com.br\/noticias\/#\/schema\/person\/7f4d362bf3518e76090143ae77bb49a5"},"headline":"Pagamento via DOC vai acabar no dia 15 de janeiro, informa Febraban","datePublished":"2024-01-08T15:31:28+00:00","dateModified":"2024-01-08T20:47:36+00:00","mainEntityOfPage":{"@id":"https:\/\/www.suno.com.br\/noticias\/pagamento-doc-acabar-janeiro-febraban-evm\/"},"wordCount":356,"publisher":{"@id":"https:\/\/www.suno.com.br\/noticias\/#organization"},"image":{"@id":"https:\/\/www.suno.com.br\/noticias\/pagamento-doc-acabar-janeiro-febraban-evm\/#primaryimage"},"thumbnailUrl":"https:\/\/files.sunoresearch.com.br\/n\/uploads\/2022\/04\/safe-913452-scaled.jpg","keywords":["bancos","Febraban"],"articleSection":["Finan\u00e7as Pessoais"],"inLanguage":"pt-BR"},{"@type":"WebPage","@id":"https:\/\/www.suno.com.br\/noticias\/pagamento-doc-acabar-janeiro-febraban-evm\/","url":"https:\/\/www.suno.com.br\/noticias\/pagamento-doc-acabar-janeiro-febraban-evm\/","name":"Pagamento via DOC vai acabar no dia 15 de janeiro, informa Febraban","isPartOf":{"@id":"https:\/\/www.suno.com.br\/noticias\/#website"},"primaryImageOfPage":{"@id":"https:\/\/www.suno.com.br\/noticias\/pagamento-doc-acabar-janeiro-febraban-evm\/#primaryimage"},"image":{"@id":"https:\/\/www.suno.com.br\/noticias\/pagamento-doc-acabar-janeiro-febraban-evm\/#primaryimage"},"thumbnailUrl":"https:\/\/files.sunoresearch.com.br\/n\/uploads\/2022\/04\/safe-913452-scaled.jpg","datePublished":"2024-01-08T15:31:28+00:00","dateModified":"2024-01-08T20:47:36+00:00","description":"O fim do DOC j\u00e1 havia sido anunciado em meados de 2023 pelas autoridades, em meio a um contexto de aumento relevante do Pix","breadcrumb":{"@id":"https:\/\/www.suno.com.br\/noticias\/pagamento-doc-acabar-janeiro-febraban-evm\/#breadcrumb"},"inLanguage":"pt-BR","potentialAction":[{"@type":"ReadAction","target":["https:\/\/www.suno.com.br\/noticias\/pagamento-doc-acabar-janeiro-febraban-evm\/"]}]},{"@type":"ImageObject","inLanguage":"pt-BR","@id":"https:\/\/www.suno.com.br\/noticias\/pagamento-doc-acabar-janeiro-febraban-evm\/#primaryimage","url":"https:\/\/files.sunoresearch.com.br\/n\/uploads\/2022\/04\/safe-913452-scaled.jpg","contentUrl":"https:\/\/files.sunoresearch.com.br\/n\/uploads\/2022\/04\/safe-913452-scaled.jpg","width":2560,"height":2225,"caption":"Bancos. Foto: Pixabay."},{"@type":"BreadcrumbList","@id":"https:\/\/www.suno.com.br\/noticias\/pagamento-doc-acabar-janeiro-febraban-evm\/#breadcrumb","itemListElement":[{"@type":"ListItem","position":1,"name":"Not\u00edcias","item":"https:\/\/www.suno.com.br\/noticias\/"},{"@type":"ListItem","position":2,"name":"Finan\u00e7as Pessoais","item":"https:\/\/www.suno.com.br\/noticias\/financas-pessoais\/"},{"@type":"ListItem","position":3,"name":"Pagamento via DOC vai acabar no dia 15 de janeiro, informa Febraban"}]},{"@type":"WebSite","@id":"https:\/\/www.suno.com.br\/noticias\/#website","url":"https:\/\/www.suno.com.br\/noticias\/","name":"Suno Not\u00edcias","description":"Seu portal de informa\u00e7\u00e3o sobre o mundo dos investimentos","publisher":{"@id":"https:\/\/www.suno.com.br\/noticias\/#organization"},"potentialAction":[{"@type":"SearchAction","target":{"@type":"EntryPoint","urlTemplate":"https:\/\/www.suno.com.br\/noticias\/?s={search_term_string}"},"query-input":{"@type":"PropertyValueSpecification","valueRequired":true,"valueName":"search_term_string"}}],"inLanguage":"pt-BR"},{"@type":"Organization","@id":"https:\/\/www.suno.com.br\/noticias\/#organization","name":"Suno Not\u00edcias","url":"https:\/\/www.suno.com.br\/noticias\/","logo":{"@type":"ImageObject","inLanguage":"pt-BR","@id":"https:\/\/www.suno.com.br\/noticias\/#\/schema\/logo\/image\/","url":"https:\/\/files.sunoresearch.com.br\/n\/uploads\/2021\/09\/suno-logo.png","contentUrl":"https:\/\/files.sunoresearch.com.br\/n\/uploads\/2021\/09\/suno-logo.png","width":180,"height":180,"caption":"Suno Not\u00edcias"},"image":{"@id":"https:\/\/www.suno.com.br\/noticias\/#\/schema\/logo\/image\/"},"sameAs":["https:\/\/facebook.com\/sunoresearch","https:\/\/x.com\/sunoresearch","https:\/\/www.instagram.com\/suno","https:\/\/www.linkedin.com\/company\/suno-research\/","https:\/\/www.youtube.com\/c\/sunoresearch"]},{"@type":"Person","@id":"https:\/\/www.suno.com.br\/noticias\/#\/schema\/person\/7f4d362bf3518e76090143ae77bb49a5","name":"Eduardo Vargas","image":{"@type":"ImageObject","inLanguage":"pt-BR","@id":"https:\/\/www.suno.com.br\/noticias\/#\/schema\/person\/image\/","url":"https:\/\/secure.gravatar.com\/avatar\/dac340933427a22924c9f99d1eb2e3f2?s=96&r=g","contentUrl":"https:\/\/secure.gravatar.com\/avatar\/dac340933427a22924c9f99d1eb2e3f2?s=96&r=g","caption":"Eduardo Vargas"},"description":"Jornalista formado pela UFSC, cobre macroeconomia, neg\u00f3cios e startups para o Suno Not\u00edcias, escrevendo principalmente not\u00edcias sobre o mercado financeiro e a bolsa de valores. No YouTube e no Instagram, \u00e9 respons\u00e1vel pela produ\u00e7\u00e3o de Reels e Shorts do Suno Not\u00edcias. Anteriormente, trabalhou cobrindo economia e cotidiano no ND+ e para o ND, maior jornal impresso de Santa Catarina. Cursou um semestre letivo de Estudos de M\u00eddia na Universidad de Buenos Aires.","url":"https:\/\/www.suno.com.br\/noticias\/author\/eduardo-vargas\/"}]}},"default_loop_html":"<div class=\"cardsPage__listCard__boxs\"><div class=\"cardsPage__listCard__boxs__img\"><a href=\"https:\/\/www.suno.com.br\/noticias\/pagamento-doc-acabar-janeiro-febraban-evm\/\"><img class=\"mask\" src=\"https:\/\/www.suno.com.br\/noticias\/wp-content\/themes\/suno\/resources\/images\/spotlight\/spotlight1img\/bg-mask.png\" alt=\"Image Mask\"\/><img src=\"https:\/\/files.sunoresearch.com.br\/n\/uploads\/2022\/04\/safe-913452-400x200.jpg\" alt=\"Pagamento via DOC vai acabar no dia 15 de janeiro, informa Febraban\"\/><\/a><span class=\"spotlightCategory\"><a href=\"https:\/\/www.suno.com.br\/noticias\/financas-pessoais\/\">Finan\u00e7as Pessoais<\/a><\/span><\/div><div class=\"cardsPage__listCard__boxs__content\"><a href=\"https:\/\/www.suno.com.br\/noticias\/pagamento-doc-acabar-janeiro-febraban-evm\/\"><h2 class=\"content__title\">Pagamento via DOC vai acabar no dia 15 de janeiro, informa Febraban<\/h2><\/a><div class=\"newsContent__article__meta\"><div class=\"newsContent__article__meta__authorBox\"><a href=\"https:\/\/www.suno.com.br\/noticias\/author\/eduardo-vargas\/\" class=\"authorBox__avatar noMobi\"><img src=\"https:\/\/secure.gravatar.com\/avatar\/dac340933427a22924c9f99d1eb2e3f2?s=96&#038;r=g\" alt=\"Eduardo Vargas\"><\/a><div class=\"authorBox__name\"><span>por\n\t\t\t<a href=\"https:\/\/www.suno.com.br\/noticias\/author\/eduardo-vargas\/\"><span itemprop=\"author\">Eduardo Vargas<\/span><\/a><\/span><time datetime=\"2024-01-08T12:31:28-03:00\" itemprop=\"datePublished\">08\/01\/2024 12:31<\/time><\/div><\/div><\/div><\/div><\/div>","single_layout":"posts","amp_enabled":true,"_links":{"self":[{"href":"https:\/\/www.suno.com.br\/noticias\/wp-json\/wp\/v2\/posts\/507707"}],"collection":[{"href":"https:\/\/www.suno.com.br\/noticias\/wp-json\/wp\/v2\/posts"}],"about":[{"href":"https:\/\/www.suno.com.br\/noticias\/wp-json\/wp\/v2\/types\/post"}],"author":[{"embeddable":true,"href":"https:\/\/www.suno.com.br\/noticias\/wp-json\/wp\/v2\/users\/73"}],"replies":[{"embeddable":true,"href":"https:\/\/www.suno.com.br\/noticias\/wp-json\/wp\/v2\/comments?post=507707"}],"version-history":[{"count":3,"href":"https:\/\/www.suno.com.br\/noticias\/wp-json\/wp\/v2\/posts\/507707\/revisions"}],"predecessor-version":[{"id":507875,"href":"https:\/\/www.suno.com.br\/noticias\/wp-json\/wp\/v2\/posts\/507707\/revisions\/507875"}],"wp:featuredmedia":[{"embeddable":true,"href":"https:\/\/www.suno.com.br\/noticias\/wp-json\/wp\/v2\/media\/248341"}],"wp:attachment":[{"href":"https:\/\/www.suno.com.br\/noticias\/wp-json\/wp\/v2\/media?parent=507707"}],"wp:term":[{"taxonomy":"category","embeddable":true,"href":"https:\/\/www.suno.com.br\/noticias\/wp-json\/wp\/v2\/categories?post=507707"},{"taxonomy":"post_tag","embeddable":true,"href":"https:\/\/www.suno.com.br\/noticias\/wp-json\/wp\/v2\/tags?post=507707"},{"taxonomy":"suno_strategy","embeddable":true,"href":"https:\/\/www.suno.com.br\/noticias\/wp-json\/wp\/v2\/suno_strategy?post=507707"}],"curies":[{"name":"wp","href":"https:\/\/api.w.org\/{rel}","templated":true}]}}