{"id":50764,"date":"2020-01-24T09:06:46","date_gmt":"2020-01-24T11:06:46","guid":{"rendered":"https:\/\/www.suno.com.br\/noticias\/?p=50764"},"modified":"2021-05-30T21:03:59","modified_gmt":"2021-05-31T00:03:59","slug":"engie-edp-joint-venture","status":"publish","type":"post","link":"https:\/\/www.suno.com.br\/noticias\/engie-edp-joint-venture\/","title":{"rendered":"Engie e EDP Renov\u00e1veis fecham joint-venture em energia e\u00f3lica"},"content":{"rendered":"<p>A <a href=\"https:\/\/www.suno.com.br\/acoes\/egie3\/\"><strong>Engie<\/strong> (EGIE3)<\/a> e as el\u00e9tricas <a href=\"https:\/\/www.suno.com.br\/acoes\/enbr3\/\"><strong>EDP<\/strong> (ENBR3)<\/a> conclu\u00edram um acordo para a cria\u00e7\u00e3o de uma <a href=\"https:\/\/www.suno.com.br\/artigos\/joint-venture\/\">joint-venture<\/a> em energia e\u00f3lica \u201coffshore\u201d. A nova empresa ter\u00e1 opera\u00e7\u00f5es tanto fixas quanto flutuantes, de acordo com o comunicado divulgado.<\/p>\t<div class=\"wrapper-featured-image\">\n\t\t<figure class=\"spotlightImg\">\n\n\t\t\t<picture>\n\t\t\t\t<source media=\"(max-width: 768px)\" srcset=\"https:\/\/files.sunoresearch.com.br\/n\/uploads\/2019\/02\/a795b83a-energia-e\u00f3lica-2-400x200.webp\">\n\t\t\t\t<img loading=\"lazy\" decoding=\"async\" class=\"newsContent__article__imgCapa lazyloadDisabled newsContent__article__imgCapa--noCaption\" src=\"https:\/\/files.sunoresearch.com.br\/n\/uploads\/2019\/02\/a795b83a-energia-e\u00f3lica-2-800x450.webp\" width=\"800\" height=\"450\" alt=\"Engie e EDP Renov\u00e1veis fecham joint-venture em energia e\u00f3lica\" fetchpriority=high \/>\n\t\t\t<\/picture>\n\n\t\t\t<figcaption class=\"wp-caption-text wp-caption-text--hide\">EDP Renov\u00e1veis vende parque e\u00f3lico no Nordeste por R$ 598 mi<\/figcaption>\n\t\t<\/figure>\n\t<\/div>\n\n\n\n<p>A assinatura do neg\u00f3cio acontece oito meses depois de que a Engie e a EDP Renov\u00e1veis anunciaram um memorando de entendimento para a forma\u00e7\u00e3o da parceria, que \u201cune a expertise industrial e a capacidade de <strong>desenvolvimento<\/strong> de ambas as companhias\u201d, segundo comunicado.<\/p>\n<p>De acordo com as informa\u00e7\u00f5es divulgadas, as companhias utilizar\u00e3o no novo empreendimento seus ativos e\u00f3licos \u201coffshore\u201d e os <strong>portf\u00f3lios<\/strong> de projetos no setor. A companhia nasce com um total de 1,5 gigawatts (GW) em constru\u00e7\u00e3o e 3,7 GW em desenvolvimento.<\/p>\n<p>Segundo os comunicados, a <strong>joint-venture<\/strong> deve come\u00e7ar a operar ainda no primeiro trimestre deste ano, trabalhando \u201cpara se tornar uma importante l\u00edder global no setor.\u201d<\/p>\n\t<p>\n\t\t<a href=\"https:\/\/lp.suno.com.br\/ebook-como-analisar-uma-acao\/\" target=\"_blank\" data-element=\"shortcode-suno-banner\" title=\"Banner SUNO, clique e saiba mais\">\n\t\t\t<picture>\n\t\t\t\t<source media=\"(max-width: 500px)\" srcset=\"https:\/\/files.sunoresearch.com.br\/n\/uploads\/2023\/03\/Ebook-Acoes-Mobile-1.jpg\">\n\t\t\t\t<img class=\"newsContent__article__imgCapa newsContent__article__imgCapa--banner\"\n\t\t\t\t\tsrc=\"https:\/\/files.sunoresearch.com.br\/n\/uploads\/2023\/03\/Ebook-Acoes-Desktop-1.jpg\"\n\t\t\t\t\tdata-promo-id=\"171998\"\t\t\t\t\t\t\t\t\t\twidth='1420' height='286'\t\t\t\t\talt=\"https:\/\/files.sunoresearch.com.br\/n\/uploads\/2023\/03\/Ebook-Acoes-Desktop-1.jpg\"\n\t\t\t\t>\n\t\t\t<\/picture>\n\t\t<\/a>\n\t<\/p>\n\n\n<p>\u201cO acordo anunciado hoje est\u00e1 sujeito a determinadas condi\u00e7\u00f5es precedentes, tais como o processo regulat\u00f3rio para aprova\u00e7\u00e3o da Comiss\u00e3o Europeia\u201d, acrescentaram as empresas.<\/p>\n<h2>Engie investir\u00e1 750 milh\u00f5es de euros no Brasil<\/h2>\n<p>A Engie comunicou na \u00faltima quinta-feira (23) que venceu uma licita\u00e7\u00e3o que d\u00e1 \u00e0 empresa o direito de explorar uma rede de transporte de energia el\u00e9trica no Brasil. O valor do investimento no projeto deve ser de 750 milh\u00f5es de euros (R$ 3,45 bilh\u00f5es).<\/p>\n<p>Este projeto liderado pela companhia &#8220;inclui a constru\u00e7\u00e3o, explora\u00e7\u00e3o e manuten\u00e7\u00e3o de uma rede de transporte de eletricidade de 1.800 km, de uma nova subesta\u00e7\u00e3o e da extens\u00e3o de outras tr\u00eas subesta\u00e7\u00f5es no norte do Brasil&#8221;, informou a empresa.<\/p>\n<p>As constru\u00e7\u00f5es das instala\u00e7\u00f5es devem come\u00e7ar a acontecer no ano que vem. Vale destacar que esta concess\u00e3o de 30 anos \u00e9 a segunda aposta da <strong>Engie<\/strong> no Brasil. H\u00e1 cerca de 3 anos, a empresa venceu uma licita\u00e7\u00e3o, ao Sul do Brasil, para construir redes de transporte e novas subesta\u00e7\u00f5es. O valor do neg\u00f3cio na \u00e9poca foi de 440 milh\u00f5es de euros.<\/p>\n\n","protected":false},"excerpt":{"rendered":"<p>A Engie (EGIE3) e as el\u00e9tricas EDP (ENBR3) conclu\u00edram um acordo para a cria\u00e7\u00e3o de uma joint-venture em energia e\u00f3lica \u201coffshore\u201d. A nova empresa ter\u00e1 opera\u00e7\u00f5es tanto fixas quanto flutuantes, de acordo com o comunicado divulgado. EDP Renov\u00e1veis vende parque e\u00f3lico no Nordeste por R$ 598 mi A assinatura do neg\u00f3cio acontece oito meses depois [&hellip;]<\/p>\n","protected":false},"author":24,"featured_media":15202,"comment_status":"closed","ping_status":"closed","sticky":false,"template":"","format":"standard","meta":[],"categories":[64],"tags":[1207,465,897],"suno_strategy":[],"class_list":["post-50764","post","type-post","status-publish","format-standard","has-post-thumbnail","hentry","category-negocios","tag-edp-brasil-enbr3","tag-engie-egie3","tag-joint-venture"],"yoast_head":"<!-- This site is optimized with the Yoast SEO plugin v24.4 - https:\/\/yoast.com\/wordpress\/plugins\/seo\/ -->\n<title>Engie e EDP Renov\u00e1veis fecham joint-venture em energia e\u00f3lica<\/title>\n<meta name=\"description\" content=\"A Engie e as el\u00e9tricas EDP conclu\u00edram um acordo para a cria\u00e7\u00e3o de uma joint-venture em energia e\u00f3lica \u201coffshore\u201d. Clique e saiba mais.\" \/>\n<meta name=\"robots\" content=\"index, follow, max-snippet:-1, max-image-preview:large, max-video-preview:-1\" \/>\n<link rel=\"canonical\" href=\"https:\/\/www.suno.com.br\/noticias\/engie-edp-joint-venture\/\" \/>\n<meta property=\"og:locale\" content=\"pt_BR\" \/>\n<meta property=\"og:type\" content=\"article\" \/>\n<meta property=\"og:title\" content=\"Engie e EDP Renov\u00e1veis fecham joint-venture em energia e\u00f3lica\" \/>\n<meta property=\"og:description\" content=\"A Engie e as el\u00e9tricas EDP conclu\u00edram um acordo para a cria\u00e7\u00e3o de uma joint-venture em energia e\u00f3lica \u201coffshore\u201d. Clique e saiba mais.\" \/>\n<meta property=\"og:url\" content=\"https:\/\/www.suno.com.br\/noticias\/engie-edp-joint-venture\/\" \/>\n<meta property=\"og:site_name\" content=\"Suno Not\u00edcias\" \/>\n<meta property=\"article:publisher\" content=\"https:\/\/facebook.com\/sunoresearch\" \/>\n<meta property=\"og:image\" content=\"https:\/\/files.sunoresearch.com.br\/n\/uploads\/2019\/02\/a795b83a-energia-e\u00f3lica-2.jpg\" \/>\n\t<meta property=\"og:image:width\" content=\"960\" \/>\n\t<meta property=\"og:image:height\" content=\"641\" \/>\n\t<meta property=\"og:image:type\" content=\"image\/jpeg\" \/>\n<meta name=\"author\" content=\"Jader Lazarini\" \/>\n<meta name=\"twitter:card\" content=\"summary_large_image\" \/>\n<meta name=\"twitter:creator\" content=\"@sunoresearch\" \/>\n<meta name=\"twitter:site\" content=\"@sunoresearch\" \/>\n<meta name=\"twitter:label1\" content=\"Escrito por\" \/>\n\t<meta name=\"twitter:data1\" content=\"Jader Lazarini\" \/>\n\t<meta name=\"twitter:label2\" content=\"Est. tempo de leitura\" \/>\n\t<meta name=\"twitter:data2\" content=\"2 minutos\" \/>\n<script type=\"application\/ld+json\" class=\"yoast-schema-graph\">{\"@context\":\"https:\/\/schema.org\",\"@graph\":[{\"@type\":\"NewsArticle\",\"@id\":\"https:\/\/www.suno.com.br\/noticias\/engie-edp-joint-venture\/#article\",\"isPartOf\":{\"@id\":\"https:\/\/www.suno.com.br\/noticias\/engie-edp-joint-venture\/\"},\"author\":{\"name\":\"Jader Lazarini\",\"@id\":\"https:\/\/www.suno.com.br\/noticias\/#\/schema\/person\/918d79de1f0281f01599b93f9ea6e23f\"},\"headline\":\"Engie e EDP Renov\u00e1veis fecham joint-venture em energia e\u00f3lica\",\"datePublished\":\"2020-01-24T11:06:46+00:00\",\"dateModified\":\"2021-05-31T00:03:59+00:00\",\"mainEntityOfPage\":{\"@id\":\"https:\/\/www.suno.com.br\/noticias\/engie-edp-joint-venture\/\"},\"wordCount\":368,\"publisher\":{\"@id\":\"https:\/\/www.suno.com.br\/noticias\/#organization\"},\"image\":{\"@id\":\"https:\/\/www.suno.com.br\/noticias\/engie-edp-joint-venture\/#primaryimage\"},\"thumbnailUrl\":\"https:\/\/files.sunoresearch.com.br\/n\/uploads\/2019\/02\/a795b83a-energia-e\u00f3lica-2-jpg.webp\",\"keywords\":[\"EDP Brasil (ENBR3)\",\"Engie (EGIE3)\",\"joint venture\"],\"articleSection\":[\"Neg\u00f3cios\"],\"inLanguage\":\"pt-BR\"},{\"@type\":\"WebPage\",\"@id\":\"https:\/\/www.suno.com.br\/noticias\/engie-edp-joint-venture\/\",\"url\":\"https:\/\/www.suno.com.br\/noticias\/engie-edp-joint-venture\/\",\"name\":\"Engie e EDP Renov\u00e1veis fecham joint-venture em energia e\u00f3lica\",\"isPartOf\":{\"@id\":\"https:\/\/www.suno.com.br\/noticias\/#website\"},\"primaryImageOfPage\":{\"@id\":\"https:\/\/www.suno.com.br\/noticias\/engie-edp-joint-venture\/#primaryimage\"},\"image\":{\"@id\":\"https:\/\/www.suno.com.br\/noticias\/engie-edp-joint-venture\/#primaryimage\"},\"thumbnailUrl\":\"https:\/\/files.sunoresearch.com.br\/n\/uploads\/2019\/02\/a795b83a-energia-e\u00f3lica-2-jpg.webp\",\"datePublished\":\"2020-01-24T11:06:46+00:00\",\"dateModified\":\"2021-05-31T00:03:59+00:00\",\"description\":\"A Engie e as el\u00e9tricas EDP conclu\u00edram um acordo para a cria\u00e7\u00e3o de uma joint-venture em energia e\u00f3lica \u201coffshore\u201d. Clique e saiba mais.\",\"breadcrumb\":{\"@id\":\"https:\/\/www.suno.com.br\/noticias\/engie-edp-joint-venture\/#breadcrumb\"},\"inLanguage\":\"pt-BR\",\"potentialAction\":[{\"@type\":\"ReadAction\",\"target\":[\"https:\/\/www.suno.com.br\/noticias\/engie-edp-joint-venture\/\"]}]},{\"@type\":\"ImageObject\",\"inLanguage\":\"pt-BR\",\"@id\":\"https:\/\/www.suno.com.br\/noticias\/engie-edp-joint-venture\/#primaryimage\",\"url\":\"https:\/\/files.sunoresearch.com.br\/n\/uploads\/2019\/02\/a795b83a-energia-e\u00f3lica-2-jpg.webp\",\"contentUrl\":\"https:\/\/files.sunoresearch.com.br\/n\/uploads\/2019\/02\/a795b83a-energia-e\u00f3lica-2-jpg.webp\",\"width\":960,\"height\":641,\"caption\":\"EDP Renov\u00e1veis vende parque e\u00f3lico no Nordeste por R$ 598 mi\"},{\"@type\":\"BreadcrumbList\",\"@id\":\"https:\/\/www.suno.com.br\/noticias\/engie-edp-joint-venture\/#breadcrumb\",\"itemListElement\":[{\"@type\":\"ListItem\",\"position\":1,\"name\":\"Not\u00edcias\",\"item\":\"https:\/\/www.suno.com.br\/noticias\/\"},{\"@type\":\"ListItem\",\"position\":2,\"name\":\"Neg\u00f3cios\",\"item\":\"https:\/\/www.suno.com.br\/noticias\/negocios\/\"},{\"@type\":\"ListItem\",\"position\":3,\"name\":\"Engie e EDP Renov\u00e1veis fecham joint-venture em energia e\u00f3lica\"}]},{\"@type\":\"WebSite\",\"@id\":\"https:\/\/www.suno.com.br\/noticias\/#website\",\"url\":\"https:\/\/www.suno.com.br\/noticias\/\",\"name\":\"Suno Not\u00edcias\",\"description\":\"Seu portal de informa\u00e7\u00e3o sobre o mundo dos investimentos\",\"publisher\":{\"@id\":\"https:\/\/www.suno.com.br\/noticias\/#organization\"},\"potentialAction\":[{\"@type\":\"SearchAction\",\"target\":{\"@type\":\"EntryPoint\",\"urlTemplate\":\"https:\/\/www.suno.com.br\/noticias\/?s={search_term_string}\"},\"query-input\":{\"@type\":\"PropertyValueSpecification\",\"valueRequired\":true,\"valueName\":\"search_term_string\"}}],\"inLanguage\":\"pt-BR\"},{\"@type\":\"Organization\",\"@id\":\"https:\/\/www.suno.com.br\/noticias\/#organization\",\"name\":\"Suno Not\u00edcias\",\"url\":\"https:\/\/www.suno.com.br\/noticias\/\",\"logo\":{\"@type\":\"ImageObject\",\"inLanguage\":\"pt-BR\",\"@id\":\"https:\/\/www.suno.com.br\/noticias\/#\/schema\/logo\/image\/\",\"url\":\"https:\/\/files.sunoresearch.com.br\/n\/uploads\/2021\/09\/suno-logo.png\",\"contentUrl\":\"https:\/\/files.sunoresearch.com.br\/n\/uploads\/2021\/09\/suno-logo.png\",\"width\":180,\"height\":180,\"caption\":\"Suno Not\u00edcias\"},\"image\":{\"@id\":\"https:\/\/www.suno.com.br\/noticias\/#\/schema\/logo\/image\/\"},\"sameAs\":[\"https:\/\/facebook.com\/sunoresearch\",\"https:\/\/x.com\/sunoresearch\",\"https:\/\/www.instagram.com\/suno\",\"https:\/\/www.linkedin.com\/company\/suno-research\/\",\"https:\/\/www.youtube.com\/c\/sunoresearch\"]},{\"@type\":\"Person\",\"@id\":\"https:\/\/www.suno.com.br\/noticias\/#\/schema\/person\/918d79de1f0281f01599b93f9ea6e23f\",\"name\":\"Jader Lazarini\",\"image\":{\"@type\":\"ImageObject\",\"inLanguage\":\"pt-BR\",\"@id\":\"https:\/\/www.suno.com.br\/noticias\/#\/schema\/person\/image\/\",\"url\":\"https:\/\/secure.gravatar.com\/avatar\/3c1ad8caa51589841baeb923fcddea97?s=96&r=g\",\"contentUrl\":\"https:\/\/secure.gravatar.com\/avatar\/3c1ad8caa51589841baeb923fcddea97?s=96&r=g\",\"caption\":\"Jader Lazarini\"},\"description\":\"Jader Lazarini escreve sobre investimentos, finan\u00e7as, economia e neg\u00f3cios. \u00c9 bacharel em Rela\u00e7\u00f5es Internacionais e analista CNPI (2619).\",\"url\":\"https:\/\/www.suno.com.br\/noticias\/author\/jader-lazarini\/\"}]}<\/script>\n<!-- \/ Yoast SEO plugin. -->","yoast_head_json":{"title":"Engie e EDP Renov\u00e1veis fecham joint-venture em energia e\u00f3lica","description":"A Engie e as el\u00e9tricas EDP conclu\u00edram um acordo para a cria\u00e7\u00e3o de uma joint-venture em energia e\u00f3lica \u201coffshore\u201d. Clique e saiba mais.","robots":{"index":"index","follow":"follow","max-snippet":"max-snippet:-1","max-image-preview":"max-image-preview:large","max-video-preview":"max-video-preview:-1"},"canonical":"https:\/\/www.suno.com.br\/noticias\/engie-edp-joint-venture\/","og_locale":"pt_BR","og_type":"article","og_title":"Engie e EDP Renov\u00e1veis fecham joint-venture em energia e\u00f3lica","og_description":"A Engie e as el\u00e9tricas EDP conclu\u00edram um acordo para a cria\u00e7\u00e3o de uma joint-venture em energia e\u00f3lica \u201coffshore\u201d. Clique e saiba mais.","og_url":"https:\/\/www.suno.com.br\/noticias\/engie-edp-joint-venture\/","og_site_name":"Suno Not\u00edcias","article_publisher":"https:\/\/facebook.com\/sunoresearch","og_image":[{"width":960,"height":641,"url":"https:\/\/files.sunoresearch.com.br\/n\/uploads\/2019\/02\/a795b83a-energia-e\u00f3lica-2.jpg","type":"image\/jpeg"}],"author":"Jader Lazarini","twitter_card":"summary_large_image","twitter_creator":"@sunoresearch","twitter_site":"@sunoresearch","twitter_misc":{"Escrito por":"Jader Lazarini","Est. tempo de leitura":"2 minutos"},"schema":{"@context":"https:\/\/schema.org","@graph":[{"@type":"NewsArticle","@id":"https:\/\/www.suno.com.br\/noticias\/engie-edp-joint-venture\/#article","isPartOf":{"@id":"https:\/\/www.suno.com.br\/noticias\/engie-edp-joint-venture\/"},"author":{"name":"Jader Lazarini","@id":"https:\/\/www.suno.com.br\/noticias\/#\/schema\/person\/918d79de1f0281f01599b93f9ea6e23f"},"headline":"Engie e EDP Renov\u00e1veis fecham joint-venture em energia e\u00f3lica","datePublished":"2020-01-24T11:06:46+00:00","dateModified":"2021-05-31T00:03:59+00:00","mainEntityOfPage":{"@id":"https:\/\/www.suno.com.br\/noticias\/engie-edp-joint-venture\/"},"wordCount":368,"publisher":{"@id":"https:\/\/www.suno.com.br\/noticias\/#organization"},"image":{"@id":"https:\/\/www.suno.com.br\/noticias\/engie-edp-joint-venture\/#primaryimage"},"thumbnailUrl":"https:\/\/files.sunoresearch.com.br\/n\/uploads\/2019\/02\/a795b83a-energia-e\u00f3lica-2-jpg.webp","keywords":["EDP Brasil (ENBR3)","Engie (EGIE3)","joint venture"],"articleSection":["Neg\u00f3cios"],"inLanguage":"pt-BR"},{"@type":"WebPage","@id":"https:\/\/www.suno.com.br\/noticias\/engie-edp-joint-venture\/","url":"https:\/\/www.suno.com.br\/noticias\/engie-edp-joint-venture\/","name":"Engie e EDP Renov\u00e1veis fecham joint-venture em energia e\u00f3lica","isPartOf":{"@id":"https:\/\/www.suno.com.br\/noticias\/#website"},"primaryImageOfPage":{"@id":"https:\/\/www.suno.com.br\/noticias\/engie-edp-joint-venture\/#primaryimage"},"image":{"@id":"https:\/\/www.suno.com.br\/noticias\/engie-edp-joint-venture\/#primaryimage"},"thumbnailUrl":"https:\/\/files.sunoresearch.com.br\/n\/uploads\/2019\/02\/a795b83a-energia-e\u00f3lica-2-jpg.webp","datePublished":"2020-01-24T11:06:46+00:00","dateModified":"2021-05-31T00:03:59+00:00","description":"A Engie e as el\u00e9tricas EDP conclu\u00edram um acordo para a cria\u00e7\u00e3o de uma joint-venture em energia e\u00f3lica \u201coffshore\u201d. Clique e saiba mais.","breadcrumb":{"@id":"https:\/\/www.suno.com.br\/noticias\/engie-edp-joint-venture\/#breadcrumb"},"inLanguage":"pt-BR","potentialAction":[{"@type":"ReadAction","target":["https:\/\/www.suno.com.br\/noticias\/engie-edp-joint-venture\/"]}]},{"@type":"ImageObject","inLanguage":"pt-BR","@id":"https:\/\/www.suno.com.br\/noticias\/engie-edp-joint-venture\/#primaryimage","url":"https:\/\/files.sunoresearch.com.br\/n\/uploads\/2019\/02\/a795b83a-energia-e\u00f3lica-2-jpg.webp","contentUrl":"https:\/\/files.sunoresearch.com.br\/n\/uploads\/2019\/02\/a795b83a-energia-e\u00f3lica-2-jpg.webp","width":960,"height":641,"caption":"EDP Renov\u00e1veis vende parque e\u00f3lico no Nordeste por R$ 598 mi"},{"@type":"BreadcrumbList","@id":"https:\/\/www.suno.com.br\/noticias\/engie-edp-joint-venture\/#breadcrumb","itemListElement":[{"@type":"ListItem","position":1,"name":"Not\u00edcias","item":"https:\/\/www.suno.com.br\/noticias\/"},{"@type":"ListItem","position":2,"name":"Neg\u00f3cios","item":"https:\/\/www.suno.com.br\/noticias\/negocios\/"},{"@type":"ListItem","position":3,"name":"Engie e EDP Renov\u00e1veis fecham joint-venture em energia e\u00f3lica"}]},{"@type":"WebSite","@id":"https:\/\/www.suno.com.br\/noticias\/#website","url":"https:\/\/www.suno.com.br\/noticias\/","name":"Suno Not\u00edcias","description":"Seu portal de informa\u00e7\u00e3o sobre o mundo dos investimentos","publisher":{"@id":"https:\/\/www.suno.com.br\/noticias\/#organization"},"potentialAction":[{"@type":"SearchAction","target":{"@type":"EntryPoint","urlTemplate":"https:\/\/www.suno.com.br\/noticias\/?s={search_term_string}"},"query-input":{"@type":"PropertyValueSpecification","valueRequired":true,"valueName":"search_term_string"}}],"inLanguage":"pt-BR"},{"@type":"Organization","@id":"https:\/\/www.suno.com.br\/noticias\/#organization","name":"Suno Not\u00edcias","url":"https:\/\/www.suno.com.br\/noticias\/","logo":{"@type":"ImageObject","inLanguage":"pt-BR","@id":"https:\/\/www.suno.com.br\/noticias\/#\/schema\/logo\/image\/","url":"https:\/\/files.sunoresearch.com.br\/n\/uploads\/2021\/09\/suno-logo.png","contentUrl":"https:\/\/files.sunoresearch.com.br\/n\/uploads\/2021\/09\/suno-logo.png","width":180,"height":180,"caption":"Suno Not\u00edcias"},"image":{"@id":"https:\/\/www.suno.com.br\/noticias\/#\/schema\/logo\/image\/"},"sameAs":["https:\/\/facebook.com\/sunoresearch","https:\/\/x.com\/sunoresearch","https:\/\/www.instagram.com\/suno","https:\/\/www.linkedin.com\/company\/suno-research\/","https:\/\/www.youtube.com\/c\/sunoresearch"]},{"@type":"Person","@id":"https:\/\/www.suno.com.br\/noticias\/#\/schema\/person\/918d79de1f0281f01599b93f9ea6e23f","name":"Jader Lazarini","image":{"@type":"ImageObject","inLanguage":"pt-BR","@id":"https:\/\/www.suno.com.br\/noticias\/#\/schema\/person\/image\/","url":"https:\/\/secure.gravatar.com\/avatar\/3c1ad8caa51589841baeb923fcddea97?s=96&r=g","contentUrl":"https:\/\/secure.gravatar.com\/avatar\/3c1ad8caa51589841baeb923fcddea97?s=96&r=g","caption":"Jader Lazarini"},"description":"Jader Lazarini escreve sobre investimentos, finan\u00e7as, economia e neg\u00f3cios. \u00c9 bacharel em Rela\u00e7\u00f5es Internacionais e analista CNPI (2619).","url":"https:\/\/www.suno.com.br\/noticias\/author\/jader-lazarini\/"}]}},"default_loop_html":"<div class=\"cardsPage__listCard__boxs\"><div class=\"cardsPage__listCard__boxs__img\"><a href=\"https:\/\/www.suno.com.br\/noticias\/engie-edp-joint-venture\/\"><img class=\"mask\" src=\"https:\/\/www.suno.com.br\/noticias\/wp-content\/themes\/suno\/resources\/images\/spotlight\/spotlight1img\/bg-mask.png\" alt=\"Image Mask\"\/><img src=\"https:\/\/files.sunoresearch.com.br\/n\/uploads\/2019\/02\/a795b83a-energia-e\u00f3lica-2-400x200.webp\" alt=\"Engie e EDP Renov\u00e1veis fecham joint-venture em energia e\u00f3lica\"\/><\/a><span class=\"spotlightCategory\"><a href=\"https:\/\/www.suno.com.br\/noticias\/negocios\/\">Neg\u00f3cios<\/a><\/span><\/div><div class=\"cardsPage__listCard__boxs__content\"><a href=\"https:\/\/www.suno.com.br\/noticias\/engie-edp-joint-venture\/\"><h2 class=\"content__title\">Engie e EDP Renov\u00e1veis fecham joint-venture em energia e\u00f3lica<\/h2><\/a><div class=\"newsContent__article__meta\"><div class=\"newsContent__article__meta__authorBox\"><a href=\"https:\/\/www.suno.com.br\/noticias\/author\/jader-lazarini\/\" class=\"authorBox__avatar noMobi\"><img src=\"https:\/\/files.sunoresearch.com.br\/n\/uploads\/2021\/01\/178e6598-foto-perfil-2-150x150.jpg\" alt=\"Jader Lazarini\"><\/a><div class=\"authorBox__name\"><span>por\n\t\t\t<a href=\"https:\/\/www.suno.com.br\/noticias\/author\/jader-lazarini\/\"><span itemprop=\"author\">Jader Lazarini<\/span><\/a><\/span><time datetime=\"2020-01-24T09:06:46-03:00\" itemprop=\"datePublished\">24\/01\/2020 09:06<\/time><\/div><\/div><\/div><\/div><\/div>","single_layout":"posts","amp_enabled":true,"_links":{"self":[{"href":"https:\/\/www.suno.com.br\/noticias\/wp-json\/wp\/v2\/posts\/50764"}],"collection":[{"href":"https:\/\/www.suno.com.br\/noticias\/wp-json\/wp\/v2\/posts"}],"about":[{"href":"https:\/\/www.suno.com.br\/noticias\/wp-json\/wp\/v2\/types\/post"}],"author":[{"embeddable":true,"href":"https:\/\/www.suno.com.br\/noticias\/wp-json\/wp\/v2\/users\/24"}],"replies":[{"embeddable":true,"href":"https:\/\/www.suno.com.br\/noticias\/wp-json\/wp\/v2\/comments?post=50764"}],"version-history":[{"count":1,"href":"https:\/\/www.suno.com.br\/noticias\/wp-json\/wp\/v2\/posts\/50764\/revisions"}],"predecessor-version":[{"id":152611,"href":"https:\/\/www.suno.com.br\/noticias\/wp-json\/wp\/v2\/posts\/50764\/revisions\/152611"}],"wp:featuredmedia":[{"embeddable":true,"href":"https:\/\/www.suno.com.br\/noticias\/wp-json\/wp\/v2\/media\/15202"}],"wp:attachment":[{"href":"https:\/\/www.suno.com.br\/noticias\/wp-json\/wp\/v2\/media?parent=50764"}],"wp:term":[{"taxonomy":"category","embeddable":true,"href":"https:\/\/www.suno.com.br\/noticias\/wp-json\/wp\/v2\/categories?post=50764"},{"taxonomy":"post_tag","embeddable":true,"href":"https:\/\/www.suno.com.br\/noticias\/wp-json\/wp\/v2\/tags?post=50764"},{"taxonomy":"suno_strategy","embeddable":true,"href":"https:\/\/www.suno.com.br\/noticias\/wp-json\/wp\/v2\/suno_strategy?post=50764"}],"curies":[{"name":"wp","href":"https:\/\/api.w.org\/{rel}","templated":true}]}}