{"id":507565,"date":"2024-01-08T10:17:59","date_gmt":"2024-01-08T13:17:59","guid":{"rendered":"https:\/\/www.suno.com.br\/noticias\/?p=507565"},"modified":"2024-01-08T11:28:20","modified_gmt":"2024-01-08T14:28:20","slug":"cosan-csan3-nuveen-lancam-joint-venture-agricola-cpf","status":"publish","type":"post","link":"https:\/\/www.suno.com.br\/noticias\/cosan-csan3-nuveen-lancam-joint-venture-agricola-cpf\/","title":{"rendered":"Cosan (CSAN3) e Nuveen lan\u00e7am joint venture no mercado de terras agr\u00edcolas, diz jornal"},"content":{"rendered":"<p>Com o foco voltado para o mercado de terras agr\u00edcolas, a <strong>Cosan (CSAN3) <\/strong>est\u00e1 criando uma <a class=\"suno-keyword\" data-force=\"no\" data-priority=\"2\" href=\"https:\/\/www.suno.com.br\/artigos\/joint-venture\/\" target=\"_blank\" rel=\"noopener\">joint venture<\/a> com a Nuveen Natural Capital. A opera\u00e7\u00e3o foi aprovada pelo Cade nesta segunda-feira (8).<\/p>\t<div class=\"wrapper-featured-image\">\n\t\t<figure class=\"spotlightImg\">\n\n\t\t\t<picture>\n\t\t\t\t<source media=\"(max-width: 768px)\" srcset=\"https:\/\/files.sunoresearch.com.br\/n\/uploads\/2023\/05\/investir-agro-400x200.jpg\">\n\t\t\t\t<img loading=\"lazy\" decoding=\"async\" class=\"newsContent__article__imgCapa lazyloadDisabled \" src=\"https:\/\/files.sunoresearch.com.br\/n\/uploads\/2023\/05\/investir-agro-800x450.jpg\" width=\"800\" height=\"450\" alt=\"Cosan (CSAN3) e Nuveen lan\u00e7am joint venture no mercado de terras agr\u00edcolas, diz jornal\" fetchpriority=high \/>\n\t\t\t<\/picture>\n\n\t\t\t<figcaption class=\"wp-caption-text wp-caption-text--show\">Investimentos - Foto: iStock<\/figcaption>\n\t\t<\/figure>\n\t<\/div>\n\n\n\n\n\n\n\n\t<p>\n\t\t<a href=\"\" target=\"_blank\" data-element=\"shortcode-suno-banner\" title=\"Banner SUNO, clique e saiba mais\">\n\t\t\t<picture>\n\t\t\t\t<source media=\"(max-width: 500px)\" srcset=\"\">\n\t\t\t\t<img class=\"newsContent__article__imgCapa newsContent__article__imgCapa--banner\"\n\t\t\t\t\tsrc=\"\"\n\t\t\t\t\tdata-promo-id=\"288008\"\t\t\t\t\t\t\t\t\t\t\t\t\t\t\talt=\"\"\n\t\t\t\t>\n\t\t\t<\/picture>\n\t\t<\/a>\n\t<\/p>\n\n\n\n\n\n<p>A uni\u00e3o comercial da companhia de <strong>Rubens Ometto<\/strong> com a gestora americana, subsidi\u00e1ria da Teachers Insurance and Annuity Association of America (TIAA), ser\u00e1 representada pela Radar Gest\u00e3o Investimentos com o objetivo de realizar uma gest\u00e3o conjunta de terras agr\u00edcolas e ativos florestais localizados na Am\u00e9rica Latina. Cada uma das partes ser\u00e1 respons\u00e1vel por 50% do business. <\/p>\n\n\n\n<p>A Radar, vertical da <strong>Cosan <\/strong>j\u00e1 existente, respons\u00e1vel pelas terras do grupo, ser\u00e1 incorporada na negocia\u00e7\u00e3o. Assim, os campos de cana-de-a\u00e7\u00facar, gr\u00e3os e eucalipto da <strong>CSAN3<\/strong>, de 315 mil hectares, assim como os 170 mil hectares de eucalipto da <strong>Nuveen<\/strong>, na Am\u00e9rica Latina, ser\u00e3o parte do desenvolvimento da joint venture. <\/p>\n\n\n\n<p>Segundo o despacho de aprova\u00e7\u00e3o da opera\u00e7\u00e3o, publicado na edi\u00e7\u00e3o de hoje do Di\u00e1rio Oficial da Uni\u00e3o, &#8220;a Radar Gestora, atualmente uma empresa n\u00e3o-operacional detida de forma integral pela Cosan, ser\u00e1 formada a partir da contribui\u00e7\u00e3o de determinados ativos das Requerentes&#8221;, diz o parecer.<\/p>\n\n\n\n<p>De acordo com a publica\u00e7\u00e3o do InfoMoney nesta segunda-feira (8), a nova empresa ter\u00e1 sob seu guarda-chuva ativos avaliados em mais de R$ 18 bilh\u00f5es, sendo R$ 14,6 bilh\u00f5es das <strong>terras da Cosan,<\/strong> e mais R$ 4 bilh\u00f5es da Nuveen, administrados pelo fundo em regi\u00f5es do Brasil, Chile, Uruguai, Col\u00f4mbia e Panam\u00e1.<\/p>\n\n\n\n<p>Para os dois lados, o neg\u00f3cio interessa, seja pela administra\u00e7\u00e3o ativa do portf\u00f3lio da Cosan, enquanto que a Nuveen pode expandir a carteira de terras do fundo. <\/p>\n\n\n\n<p>Segundo o Cade, a empresa americana atualmente \u00e9 gestora de propriedades rurais detidas pela Cosan, pela TIAA e demais investidores.<\/p>\n\n\n\n<p>&#8220;Ap\u00f3s a opera\u00e7\u00e3o, a gest\u00e3o de ativos de propriedades rurais localizadas na Am\u00e9rica Latina ser\u00e1 aportada para a Radar Gestora, que passar\u00e1 a ser controlada conjuntamente pela Cosan e pela Nuveen&#8221;, informou o documento do DOU.<\/p>\n\n\n\t<p>\n\t\t<a href=\"https:\/\/lp.suno.com.br\/ebook-como-analisar-uma-acao\/\" target=\"_blank\" data-element=\"shortcode-suno-banner\" title=\"Banner SUNO, clique e saiba mais\">\n\t\t\t<picture>\n\t\t\t\t<source media=\"(max-width: 500px)\" srcset=\"https:\/\/files.sunoresearch.com.br\/n\/uploads\/2023\/03\/Ebook-Acoes-Mobile.jpg\">\n\t\t\t\t<img class=\"newsContent__article__imgCapa newsContent__article__imgCapa--banner\"\n\t\t\t\t\tsrc=\"https:\/\/files.sunoresearch.com.br\/n\/uploads\/2023\/03\/Ebook-Acoes-Desktop.jpg\"\n\t\t\t\t\tdata-promo-id=\"378302\"\t\t\t\t\t\t\t\t\t\twidth='1420' height='286'\t\t\t\t\talt=\"https:\/\/files.sunoresearch.com.br\/n\/uploads\/2023\/03\/Ebook-Acoes-Desktop.jpg\"\n\t\t\t\t>\n\t\t\t<\/picture>\n\t\t<\/a>\n\t<\/p>\n\n\n\n\n\n<h2 class=\"wp-block-heading\">Parceria da Cosan (CSAN3) e TIAA, controladora da Nuveen<\/h2>\n\n\n\n<p>A uni\u00e3o da gestora norte-americana com a companhia piracicabana de terras agr\u00edcolas n\u00e3o \u00e9 novidade. Na gest\u00e3o de \u00e1reas, as duas marcas j\u00e1 se encontraram em outras parcerias e a partir de 202 esperam acelerar os neg\u00f3cios. <\/p>\n\n\n\n<p>Com a queda das commodities, o cen\u00e1rio finalmente parece ser positivo para o mercado de terras, que vinha caminhando a passos \u00e1rduos desde a pandemia e a guerra entre a R\u00fassia e a Ucr\u00e2nia. A alta dos produtos no per\u00edodo da covid-19 havia abalado os produtores, que n\u00e3o conseguiam honrar compromissos com os valores na alta. Com a perspectiva de mais terras dispon\u00edveis para serem arrendadas nos pr\u00f3ximos meses, o mercado come\u00e7a a enxergar um ano mais positivo \u00e0 frente.<\/p>\n\n\n\n<p>Ainda no final de dezembro, um relat\u00f3rio do BTG Pactual refor\u00e7ou uma vis\u00e3o otimista para a<strong> <a class=\"suno-keyword\" target=\"_blank\" data-force=\"yes\" data-priority=\"2\" href=\"https:\/\/www.suno.com.br\/acoes\/CSAN3\/\" rel=\"noopener\">Cosan (CSAN3)<\/a> em 2024<\/strong>. Sinalizando &#8220;compra&#8221; para as a\u00e7\u00f5es, os analistas afirmaram que a empresa est\u00e1 entre as &#8220;<a class=\"suno-keyword\" target=\"_blank\" data-force=\"no\" data-priority=\"1\" href=\"https:\/\/www.suno.com.br\/artigos\/top-picks\/\" rel=\"noopener\">Top Picks<\/a> para 2024, baseada na confian\u00e7a crescente na <a class=\"suno-keyword\" target=\"_blank\" data-force=\"no\" data-priority=\"1\" href=\"https:\/\/www.suno.com.br\/artigos\/geracao-de-caixa\/\" rel=\"noopener\">gera\u00e7\u00e3o de caixa<\/a> esperada de suas principais subsidi\u00e1rias. Isso, combinado com a expectativa na queda da taxa de juros, vai contribuir para a desalavancagem da holding&#8221;, disse o relat\u00f3rio.<\/p>\n\n\n\t<p>\n\t\t<a href=\"https:\/\/lp.suno.com.br\/plataforma-de-controle-de-investimentos\/\" target=\"_blank\" data-element=\"shortcode-suno-banner\" title=\"Banner SUNO, clique e saiba mais\">\n\t\t\t<picture>\n\t\t\t\t<source media=\"(max-width: 500px)\" srcset=\"https:\/\/files.sunoresearch.com.br\/n\/uploads\/2023\/03\/400x300-Controle-de-Investimentos.png\">\n\t\t\t\t<img class=\"newsContent__article__imgCapa newsContent__article__imgCapa--banner\"\n\t\t\t\t\tsrc=\"https:\/\/files.sunoresearch.com.br\/n\/uploads\/2023\/03\/1420x240-Controle-de-Investimentos.png\"\n\t\t\t\t\tdata-promo-id=\"383162\"\t\t\t\t\t\t\t\t\t\twidth='1420' height='240'\t\t\t\t\talt=\"https:\/\/files.sunoresearch.com.br\/n\/uploads\/2023\/03\/1420x240-Controle-de-Investimentos.png\"\n\t\t\t\t>\n\t\t\t<\/picture>\n\t\t<\/a>\n\t<\/p>\n\n\n","protected":false},"excerpt":{"rendered":"<p>Com o foco voltado para o mercado de terras agr\u00edcolas, a Cosan (CSAN3) est\u00e1 criando uma joint venture com a Nuveen Natural Capital. A opera\u00e7\u00e3o foi aprovada pelo Cade nesta segunda-feira (8). Investimentos &#8211; Foto: iStock A uni\u00e3o comercial da companhia de Rubens Ometto com a gestora americana, subsidi\u00e1ria da Teachers Insurance and Annuity Association [&hellip;]<\/p>\n","protected":false},"author":283,"featured_media":406431,"comment_status":"closed","ping_status":"closed","sticky":false,"template":"","format":"standard","meta":[],"categories":[107088],"tags":[433,105816,313,897],"suno_strategy":[],"class_list":["post-507565","post","type-post","status-publish","format-standard","has-post-thumbnail","hentry","category-agro","tag-cosan-csan3","tag-especialistas","tag-fundos-de-investimento","tag-joint-venture"],"yoast_head":"<!-- This site is optimized with the Yoast SEO plugin v24.4 - https:\/\/yoast.com\/wordpress\/plugins\/seo\/ -->\n<title>Cosan (CSAN3) e Nuveen lan\u00e7am joint venture de terras agr\u00edcolas<\/title>\n<meta name=\"description\" content=\"Otimista para o mercado de terras em 2024, a Cosan (CSAN3) est\u00e1 criando uma joint venture com a Nuveen Natural Capital, segundo o InfoMoney.\" \/>\n<meta name=\"robots\" content=\"index, follow, max-snippet:-1, max-image-preview:large, max-video-preview:-1\" \/>\n<link rel=\"canonical\" href=\"https:\/\/www.suno.com.br\/noticias\/cosan-csan3-nuveen-lancam-joint-venture-agricola-cpf\/\" \/>\n<meta property=\"og:locale\" content=\"pt_BR\" \/>\n<meta property=\"og:type\" content=\"article\" \/>\n<meta property=\"og:title\" content=\"Cosan (CSAN3) e Nuveen lan\u00e7am joint venture de terras agr\u00edcolas\" \/>\n<meta property=\"og:description\" content=\"Otimista para o mercado de terras em 2024, a Cosan (CSAN3) est\u00e1 criando uma joint venture com a Nuveen Natural Capital, segundo o InfoMoney.\" \/>\n<meta property=\"og:url\" content=\"https:\/\/www.suno.com.br\/noticias\/cosan-csan3-nuveen-lancam-joint-venture-agricola-cpf\/\" \/>\n<meta property=\"og:site_name\" content=\"Suno Not\u00edcias\" \/>\n<meta property=\"article:publisher\" content=\"https:\/\/facebook.com\/sunoresearch\" \/>\n<meta property=\"og:image\" content=\"https:\/\/files.sunoresearch.com.br\/n\/uploads\/2023\/05\/investir-agro.jpg\" \/>\n\t<meta property=\"og:image:width\" content=\"1200\" \/>\n\t<meta property=\"og:image:height\" content=\"800\" \/>\n\t<meta property=\"og:image:type\" content=\"image\/jpeg\" \/>\n<meta name=\"author\" content=\"Camila Paim\" \/>\n<meta name=\"twitter:card\" content=\"summary_large_image\" \/>\n<meta name=\"twitter:creator\" content=\"@sunoresearch\" \/>\n<meta name=\"twitter:site\" content=\"@sunoresearch\" \/>\n<meta name=\"twitter:label1\" content=\"Escrito por\" \/>\n\t<meta name=\"twitter:data1\" content=\"Camila Paim\" \/>\n\t<meta name=\"twitter:label2\" content=\"Est. tempo de leitura\" \/>\n\t<meta name=\"twitter:data2\" content=\"3 minutos\" \/>\n<script type=\"application\/ld+json\" class=\"yoast-schema-graph\">{\"@context\":\"https:\/\/schema.org\",\"@graph\":[{\"@type\":\"NewsArticle\",\"@id\":\"https:\/\/www.suno.com.br\/noticias\/cosan-csan3-nuveen-lancam-joint-venture-agricola-cpf\/#article\",\"isPartOf\":{\"@id\":\"https:\/\/www.suno.com.br\/noticias\/cosan-csan3-nuveen-lancam-joint-venture-agricola-cpf\/\"},\"author\":{\"name\":\"Camila Paim\",\"@id\":\"https:\/\/www.suno.com.br\/noticias\/#\/schema\/person\/f341d3ae5d1cc685176c9a5327cdfdbb\"},\"headline\":\"Cosan (CSAN3) e Nuveen lan\u00e7am joint venture no mercado de terras agr\u00edcolas, diz jornal\",\"datePublished\":\"2024-01-08T13:17:59+00:00\",\"dateModified\":\"2024-01-08T14:28:20+00:00\",\"mainEntityOfPage\":{\"@id\":\"https:\/\/www.suno.com.br\/noticias\/cosan-csan3-nuveen-lancam-joint-venture-agricola-cpf\/\"},\"wordCount\":582,\"publisher\":{\"@id\":\"https:\/\/www.suno.com.br\/noticias\/#organization\"},\"image\":{\"@id\":\"https:\/\/www.suno.com.br\/noticias\/cosan-csan3-nuveen-lancam-joint-venture-agricola-cpf\/#primaryimage\"},\"thumbnailUrl\":\"https:\/\/files.sunoresearch.com.br\/n\/uploads\/2023\/05\/investir-agro.jpg\",\"keywords\":[\"Cosan (CSAN3)\",\"Especialistas\",\"Fundos de investimento\",\"joint venture\"],\"articleSection\":[\"Agro\"],\"inLanguage\":\"pt-BR\"},{\"@type\":\"WebPage\",\"@id\":\"https:\/\/www.suno.com.br\/noticias\/cosan-csan3-nuveen-lancam-joint-venture-agricola-cpf\/\",\"url\":\"https:\/\/www.suno.com.br\/noticias\/cosan-csan3-nuveen-lancam-joint-venture-agricola-cpf\/\",\"name\":\"Cosan (CSAN3) e Nuveen lan\u00e7am joint venture de terras agr\u00edcolas\",\"isPartOf\":{\"@id\":\"https:\/\/www.suno.com.br\/noticias\/#website\"},\"primaryImageOfPage\":{\"@id\":\"https:\/\/www.suno.com.br\/noticias\/cosan-csan3-nuveen-lancam-joint-venture-agricola-cpf\/#primaryimage\"},\"image\":{\"@id\":\"https:\/\/www.suno.com.br\/noticias\/cosan-csan3-nuveen-lancam-joint-venture-agricola-cpf\/#primaryimage\"},\"thumbnailUrl\":\"https:\/\/files.sunoresearch.com.br\/n\/uploads\/2023\/05\/investir-agro.jpg\",\"datePublished\":\"2024-01-08T13:17:59+00:00\",\"dateModified\":\"2024-01-08T14:28:20+00:00\",\"description\":\"Otimista para o mercado de terras em 2024, a Cosan (CSAN3) est\u00e1 criando uma joint venture com a Nuveen Natural Capital, segundo o InfoMoney.\",\"breadcrumb\":{\"@id\":\"https:\/\/www.suno.com.br\/noticias\/cosan-csan3-nuveen-lancam-joint-venture-agricola-cpf\/#breadcrumb\"},\"inLanguage\":\"pt-BR\",\"potentialAction\":[{\"@type\":\"ReadAction\",\"target\":[\"https:\/\/www.suno.com.br\/noticias\/cosan-csan3-nuveen-lancam-joint-venture-agricola-cpf\/\"]}]},{\"@type\":\"ImageObject\",\"inLanguage\":\"pt-BR\",\"@id\":\"https:\/\/www.suno.com.br\/noticias\/cosan-csan3-nuveen-lancam-joint-venture-agricola-cpf\/#primaryimage\",\"url\":\"https:\/\/files.sunoresearch.com.br\/n\/uploads\/2023\/05\/investir-agro.jpg\",\"contentUrl\":\"https:\/\/files.sunoresearch.com.br\/n\/uploads\/2023\/05\/investir-agro.jpg\",\"width\":1200,\"height\":800,\"caption\":\"Investimentos - Foto: iStock\"},{\"@type\":\"BreadcrumbList\",\"@id\":\"https:\/\/www.suno.com.br\/noticias\/cosan-csan3-nuveen-lancam-joint-venture-agricola-cpf\/#breadcrumb\",\"itemListElement\":[{\"@type\":\"ListItem\",\"position\":1,\"name\":\"Not\u00edcias\",\"item\":\"https:\/\/www.suno.com.br\/noticias\/\"},{\"@type\":\"ListItem\",\"position\":2,\"name\":\"Agro\",\"item\":\"https:\/\/www.suno.com.br\/noticias\/agro\/\"},{\"@type\":\"ListItem\",\"position\":3,\"name\":\"Cosan (CSAN3) e Nuveen lan\u00e7am joint venture no mercado de terras agr\u00edcolas, diz jornal\"}]},{\"@type\":\"WebSite\",\"@id\":\"https:\/\/www.suno.com.br\/noticias\/#website\",\"url\":\"https:\/\/www.suno.com.br\/noticias\/\",\"name\":\"Suno Not\u00edcias\",\"description\":\"Seu portal de informa\u00e7\u00e3o sobre o mundo dos investimentos\",\"publisher\":{\"@id\":\"https:\/\/www.suno.com.br\/noticias\/#organization\"},\"potentialAction\":[{\"@type\":\"SearchAction\",\"target\":{\"@type\":\"EntryPoint\",\"urlTemplate\":\"https:\/\/www.suno.com.br\/noticias\/?s={search_term_string}\"},\"query-input\":{\"@type\":\"PropertyValueSpecification\",\"valueRequired\":true,\"valueName\":\"search_term_string\"}}],\"inLanguage\":\"pt-BR\"},{\"@type\":\"Organization\",\"@id\":\"https:\/\/www.suno.com.br\/noticias\/#organization\",\"name\":\"Suno Not\u00edcias\",\"url\":\"https:\/\/www.suno.com.br\/noticias\/\",\"logo\":{\"@type\":\"ImageObject\",\"inLanguage\":\"pt-BR\",\"@id\":\"https:\/\/www.suno.com.br\/noticias\/#\/schema\/logo\/image\/\",\"url\":\"https:\/\/files.sunoresearch.com.br\/n\/uploads\/2021\/09\/suno-logo.png\",\"contentUrl\":\"https:\/\/files.sunoresearch.com.br\/n\/uploads\/2021\/09\/suno-logo.png\",\"width\":180,\"height\":180,\"caption\":\"Suno Not\u00edcias\"},\"image\":{\"@id\":\"https:\/\/www.suno.com.br\/noticias\/#\/schema\/logo\/image\/\"},\"sameAs\":[\"https:\/\/facebook.com\/sunoresearch\",\"https:\/\/x.com\/sunoresearch\",\"https:\/\/www.instagram.com\/suno\",\"https:\/\/www.linkedin.com\/company\/suno-research\/\",\"https:\/\/www.youtube.com\/c\/sunoresearch\"]},{\"@type\":\"Person\",\"@id\":\"https:\/\/www.suno.com.br\/noticias\/#\/schema\/person\/f341d3ae5d1cc685176c9a5327cdfdbb\",\"name\":\"Camila Paim\",\"image\":{\"@type\":\"ImageObject\",\"inLanguage\":\"pt-BR\",\"@id\":\"https:\/\/www.suno.com.br\/noticias\/#\/schema\/person\/image\/\",\"url\":\"https:\/\/secure.gravatar.com\/avatar\/f33728e65febb1aa7ecf6792956f9b20?s=96&r=g\",\"contentUrl\":\"https:\/\/secure.gravatar.com\/avatar\/f33728e65febb1aa7ecf6792956f9b20?s=96&r=g\",\"caption\":\"Camila Paim\"},\"description\":\"Jornalista formada pela USP, tem experi\u00eancia em reda\u00e7\u00f5es, SEO, Branded Content e Webdesign. Com passagem pelo Jornal da USP, Empiricus e C6 Bank, hoje \u00e9 rep\u00f3rter no Suno Not\u00edcias cobrindo macroeconomia, finan\u00e7as pessoais e startups.\",\"url\":\"https:\/\/www.suno.com.br\/noticias\/author\/camila-figueiredosuno-com-br\/\"}]}<\/script>\n<!-- \/ Yoast SEO plugin. -->","yoast_head_json":{"title":"Cosan (CSAN3) e Nuveen lan\u00e7am joint venture de terras agr\u00edcolas","description":"Otimista para o mercado de terras em 2024, a Cosan (CSAN3) est\u00e1 criando uma joint venture com a Nuveen Natural Capital, segundo o InfoMoney.","robots":{"index":"index","follow":"follow","max-snippet":"max-snippet:-1","max-image-preview":"max-image-preview:large","max-video-preview":"max-video-preview:-1"},"canonical":"https:\/\/www.suno.com.br\/noticias\/cosan-csan3-nuveen-lancam-joint-venture-agricola-cpf\/","og_locale":"pt_BR","og_type":"article","og_title":"Cosan (CSAN3) e Nuveen lan\u00e7am joint venture de terras agr\u00edcolas","og_description":"Otimista para o mercado de terras em 2024, a Cosan (CSAN3) est\u00e1 criando uma joint venture com a Nuveen Natural Capital, segundo o InfoMoney.","og_url":"https:\/\/www.suno.com.br\/noticias\/cosan-csan3-nuveen-lancam-joint-venture-agricola-cpf\/","og_site_name":"Suno Not\u00edcias","article_publisher":"https:\/\/facebook.com\/sunoresearch","og_image":[{"width":1200,"height":800,"url":"https:\/\/files.sunoresearch.com.br\/n\/uploads\/2023\/05\/investir-agro.jpg","type":"image\/jpeg"}],"author":"Camila Paim","twitter_card":"summary_large_image","twitter_creator":"@sunoresearch","twitter_site":"@sunoresearch","twitter_misc":{"Escrito por":"Camila Paim","Est. tempo de leitura":"3 minutos"},"schema":{"@context":"https:\/\/schema.org","@graph":[{"@type":"NewsArticle","@id":"https:\/\/www.suno.com.br\/noticias\/cosan-csan3-nuveen-lancam-joint-venture-agricola-cpf\/#article","isPartOf":{"@id":"https:\/\/www.suno.com.br\/noticias\/cosan-csan3-nuveen-lancam-joint-venture-agricola-cpf\/"},"author":{"name":"Camila Paim","@id":"https:\/\/www.suno.com.br\/noticias\/#\/schema\/person\/f341d3ae5d1cc685176c9a5327cdfdbb"},"headline":"Cosan (CSAN3) e Nuveen lan\u00e7am joint venture no mercado de terras agr\u00edcolas, diz jornal","datePublished":"2024-01-08T13:17:59+00:00","dateModified":"2024-01-08T14:28:20+00:00","mainEntityOfPage":{"@id":"https:\/\/www.suno.com.br\/noticias\/cosan-csan3-nuveen-lancam-joint-venture-agricola-cpf\/"},"wordCount":582,"publisher":{"@id":"https:\/\/www.suno.com.br\/noticias\/#organization"},"image":{"@id":"https:\/\/www.suno.com.br\/noticias\/cosan-csan3-nuveen-lancam-joint-venture-agricola-cpf\/#primaryimage"},"thumbnailUrl":"https:\/\/files.sunoresearch.com.br\/n\/uploads\/2023\/05\/investir-agro.jpg","keywords":["Cosan (CSAN3)","Especialistas","Fundos de investimento","joint venture"],"articleSection":["Agro"],"inLanguage":"pt-BR"},{"@type":"WebPage","@id":"https:\/\/www.suno.com.br\/noticias\/cosan-csan3-nuveen-lancam-joint-venture-agricola-cpf\/","url":"https:\/\/www.suno.com.br\/noticias\/cosan-csan3-nuveen-lancam-joint-venture-agricola-cpf\/","name":"Cosan (CSAN3) e Nuveen lan\u00e7am joint venture de terras agr\u00edcolas","isPartOf":{"@id":"https:\/\/www.suno.com.br\/noticias\/#website"},"primaryImageOfPage":{"@id":"https:\/\/www.suno.com.br\/noticias\/cosan-csan3-nuveen-lancam-joint-venture-agricola-cpf\/#primaryimage"},"image":{"@id":"https:\/\/www.suno.com.br\/noticias\/cosan-csan3-nuveen-lancam-joint-venture-agricola-cpf\/#primaryimage"},"thumbnailUrl":"https:\/\/files.sunoresearch.com.br\/n\/uploads\/2023\/05\/investir-agro.jpg","datePublished":"2024-01-08T13:17:59+00:00","dateModified":"2024-01-08T14:28:20+00:00","description":"Otimista para o mercado de terras em 2024, a Cosan (CSAN3) est\u00e1 criando uma joint venture com a Nuveen Natural Capital, segundo o InfoMoney.","breadcrumb":{"@id":"https:\/\/www.suno.com.br\/noticias\/cosan-csan3-nuveen-lancam-joint-venture-agricola-cpf\/#breadcrumb"},"inLanguage":"pt-BR","potentialAction":[{"@type":"ReadAction","target":["https:\/\/www.suno.com.br\/noticias\/cosan-csan3-nuveen-lancam-joint-venture-agricola-cpf\/"]}]},{"@type":"ImageObject","inLanguage":"pt-BR","@id":"https:\/\/www.suno.com.br\/noticias\/cosan-csan3-nuveen-lancam-joint-venture-agricola-cpf\/#primaryimage","url":"https:\/\/files.sunoresearch.com.br\/n\/uploads\/2023\/05\/investir-agro.jpg","contentUrl":"https:\/\/files.sunoresearch.com.br\/n\/uploads\/2023\/05\/investir-agro.jpg","width":1200,"height":800,"caption":"Investimentos - Foto: iStock"},{"@type":"BreadcrumbList","@id":"https:\/\/www.suno.com.br\/noticias\/cosan-csan3-nuveen-lancam-joint-venture-agricola-cpf\/#breadcrumb","itemListElement":[{"@type":"ListItem","position":1,"name":"Not\u00edcias","item":"https:\/\/www.suno.com.br\/noticias\/"},{"@type":"ListItem","position":2,"name":"Agro","item":"https:\/\/www.suno.com.br\/noticias\/agro\/"},{"@type":"ListItem","position":3,"name":"Cosan (CSAN3) e Nuveen lan\u00e7am joint venture no mercado de terras agr\u00edcolas, diz jornal"}]},{"@type":"WebSite","@id":"https:\/\/www.suno.com.br\/noticias\/#website","url":"https:\/\/www.suno.com.br\/noticias\/","name":"Suno Not\u00edcias","description":"Seu portal de informa\u00e7\u00e3o sobre o mundo dos investimentos","publisher":{"@id":"https:\/\/www.suno.com.br\/noticias\/#organization"},"potentialAction":[{"@type":"SearchAction","target":{"@type":"EntryPoint","urlTemplate":"https:\/\/www.suno.com.br\/noticias\/?s={search_term_string}"},"query-input":{"@type":"PropertyValueSpecification","valueRequired":true,"valueName":"search_term_string"}}],"inLanguage":"pt-BR"},{"@type":"Organization","@id":"https:\/\/www.suno.com.br\/noticias\/#organization","name":"Suno Not\u00edcias","url":"https:\/\/www.suno.com.br\/noticias\/","logo":{"@type":"ImageObject","inLanguage":"pt-BR","@id":"https:\/\/www.suno.com.br\/noticias\/#\/schema\/logo\/image\/","url":"https:\/\/files.sunoresearch.com.br\/n\/uploads\/2021\/09\/suno-logo.png","contentUrl":"https:\/\/files.sunoresearch.com.br\/n\/uploads\/2021\/09\/suno-logo.png","width":180,"height":180,"caption":"Suno Not\u00edcias"},"image":{"@id":"https:\/\/www.suno.com.br\/noticias\/#\/schema\/logo\/image\/"},"sameAs":["https:\/\/facebook.com\/sunoresearch","https:\/\/x.com\/sunoresearch","https:\/\/www.instagram.com\/suno","https:\/\/www.linkedin.com\/company\/suno-research\/","https:\/\/www.youtube.com\/c\/sunoresearch"]},{"@type":"Person","@id":"https:\/\/www.suno.com.br\/noticias\/#\/schema\/person\/f341d3ae5d1cc685176c9a5327cdfdbb","name":"Camila Paim","image":{"@type":"ImageObject","inLanguage":"pt-BR","@id":"https:\/\/www.suno.com.br\/noticias\/#\/schema\/person\/image\/","url":"https:\/\/secure.gravatar.com\/avatar\/f33728e65febb1aa7ecf6792956f9b20?s=96&r=g","contentUrl":"https:\/\/secure.gravatar.com\/avatar\/f33728e65febb1aa7ecf6792956f9b20?s=96&r=g","caption":"Camila Paim"},"description":"Jornalista formada pela USP, tem experi\u00eancia em reda\u00e7\u00f5es, SEO, Branded Content e Webdesign. Com passagem pelo Jornal da USP, Empiricus e C6 Bank, hoje \u00e9 rep\u00f3rter no Suno Not\u00edcias cobrindo macroeconomia, finan\u00e7as pessoais e startups.","url":"https:\/\/www.suno.com.br\/noticias\/author\/camila-figueiredosuno-com-br\/"}]}},"default_loop_html":"<div class=\"cardsPage__listCard__boxs\"><div class=\"cardsPage__listCard__boxs__img\"><a href=\"https:\/\/www.suno.com.br\/noticias\/cosan-csan3-nuveen-lancam-joint-venture-agricola-cpf\/\"><img class=\"mask\" src=\"https:\/\/www.suno.com.br\/noticias\/wp-content\/themes\/suno\/resources\/images\/spotlight\/spotlight1img\/bg-mask.png\" alt=\"Image Mask\"\/><img src=\"https:\/\/files.sunoresearch.com.br\/n\/uploads\/2023\/05\/investir-agro-400x200.jpg\" alt=\"Cosan (CSAN3) e Nuveen lan\u00e7am joint venture no mercado de terras agr\u00edcolas, diz jornal\"\/><\/a><span class=\"spotlightCategory\"><a href=\"https:\/\/www.suno.com.br\/noticias\/agro\/\">Agro<\/a><\/span><\/div><div class=\"cardsPage__listCard__boxs__content\"><a href=\"https:\/\/www.suno.com.br\/noticias\/cosan-csan3-nuveen-lancam-joint-venture-agricola-cpf\/\"><h2 class=\"content__title\">Cosan (CSAN3) e Nuveen lan\u00e7am joint venture no mercado de terras agr\u00edcolas, diz jornal<\/h2><\/a><div class=\"newsContent__article__meta\"><div class=\"newsContent__article__meta__authorBox\"><a href=\"https:\/\/www.suno.com.br\/noticias\/author\/camila-figueiredosuno-com-br\/\" class=\"authorBox__avatar noMobi\"><img src=\"https:\/\/files.sunoresearch.com.br\/n\/uploads\/2024\/05\/camila-paim-square-150x150.jpg\" alt=\"Camila Paim\"><\/a><div class=\"authorBox__name\"><span>por\n\t\t\t<a href=\"https:\/\/www.suno.com.br\/noticias\/author\/camila-figueiredosuno-com-br\/\"><span itemprop=\"author\">Camila Paim<\/span><\/a><\/span><time datetime=\"2024-01-08T10:17:59-03:00\" itemprop=\"datePublished\">08\/01\/2024 10:17<\/time><\/div><\/div><\/div><\/div><\/div>","single_layout":"posts","amp_enabled":true,"_links":{"self":[{"href":"https:\/\/www.suno.com.br\/noticias\/wp-json\/wp\/v2\/posts\/507565"}],"collection":[{"href":"https:\/\/www.suno.com.br\/noticias\/wp-json\/wp\/v2\/posts"}],"about":[{"href":"https:\/\/www.suno.com.br\/noticias\/wp-json\/wp\/v2\/types\/post"}],"author":[{"embeddable":true,"href":"https:\/\/www.suno.com.br\/noticias\/wp-json\/wp\/v2\/users\/283"}],"replies":[{"embeddable":true,"href":"https:\/\/www.suno.com.br\/noticias\/wp-json\/wp\/v2\/comments?post=507565"}],"version-history":[{"count":2,"href":"https:\/\/www.suno.com.br\/noticias\/wp-json\/wp\/v2\/posts\/507565\/revisions"}],"predecessor-version":[{"id":507672,"href":"https:\/\/www.suno.com.br\/noticias\/wp-json\/wp\/v2\/posts\/507565\/revisions\/507672"}],"wp:featuredmedia":[{"embeddable":true,"href":"https:\/\/www.suno.com.br\/noticias\/wp-json\/wp\/v2\/media\/406431"}],"wp:attachment":[{"href":"https:\/\/www.suno.com.br\/noticias\/wp-json\/wp\/v2\/media?parent=507565"}],"wp:term":[{"taxonomy":"category","embeddable":true,"href":"https:\/\/www.suno.com.br\/noticias\/wp-json\/wp\/v2\/categories?post=507565"},{"taxonomy":"post_tag","embeddable":true,"href":"https:\/\/www.suno.com.br\/noticias\/wp-json\/wp\/v2\/tags?post=507565"},{"taxonomy":"suno_strategy","embeddable":true,"href":"https:\/\/www.suno.com.br\/noticias\/wp-json\/wp\/v2\/suno_strategy?post=507565"}],"curies":[{"name":"wp","href":"https:\/\/api.w.org\/{rel}","templated":true}]}}