{"id":50752,"date":"2020-01-23T19:10:03","date_gmt":"2020-01-23T21:10:03","guid":{"rendered":"https:\/\/www.suno.com.br\/noticias\/?p=50752"},"modified":"2020-01-23T19:14:56","modified_gmt":"2020-01-23T21:14:56","slug":"davos-george-soros-ataca-bolsonaro-amazonia","status":"publish","type":"post","link":"https:\/\/www.suno.com.br\/noticias\/davos-george-soros-ataca-bolsonaro-amazonia\/","title":{"rendered":"Davos: George Soros ataca Bolsonaro sobre a Amaz\u00f4nia"},"content":{"rendered":"<p>O megainvestidor, filantropo e ativista pol\u00edtico <a href=\"https:\/\/www.suno.com.br\/tudo-sobre\/george-soros\/\">George Soros<\/a> declarou que o presidente Jair Bolsonaro falhou em proteger a Floresta Amaz\u00f4nica. A declara\u00e7\u00e3o ocorreu, nesta quinta-feira (23), durante o <a href=\"https:\/\/www.suno.com.br\/noticias\/forum-economico-mundial\/\">F\u00f3rum Econ\u00f4mico Mundial<\/a>, em <strong>Davos<\/strong>, na Su\u00ed\u00e7a. O <a href=\"https:\/\/www.suno.com.br\/noticias\/\">Suno Not\u00edcias<\/a> est\u00e1 no local cobrindo o evento.<\/p>\t<div class=\"wrapper-featured-image\">\n\t\t<figure class=\"spotlightImg\">\n\n\t\t\t<picture>\n\t\t\t\t<source media=\"(max-width: 768px)\" srcset=\"https:\/\/files.sunoresearch.com.br\/n\/uploads\/2018\/12\/George-Soros-400x200.webp\">\n\t\t\t\t<img loading=\"lazy\" decoding=\"async\" class=\"newsContent__article__imgCapa lazyloadDisabled newsContent__article__imgCapa--noCaption\" src=\"https:\/\/files.sunoresearch.com.br\/n\/uploads\/2018\/12\/George-Soros-800x450.webp\" width=\"800\" height=\"450\" alt=\"Davos: George Soros ataca Bolsonaro sobre a Amaz\u00f4nia\" fetchpriority=high \/>\n\t\t\t<\/picture>\n\n\t\t\t<figcaption class=\"wp-caption-text wp-caption-text--hide\">George Soros diz que Mark Zuckerberg deve deixar o Facebook<\/figcaption>\n\t\t<\/figure>\n\t<\/div>\n\n\n\n<p>\u201cO presidente <strong>Bolsonaro<\/strong> falhou em proteger a <strong>Amaz\u00f4nia<\/strong> da destrui\u00e7\u00e3o para abrir a floresta para a cria\u00e7\u00e3o de gado. Ele rejeitou qualquer compromisso razo\u00e1vel alcan\u00e7\u00e1vel na Confer\u00eancia de Madrid sobre o Clima, dando mais um golpe para a prote\u00e7\u00e3o o meio ambiente\u201d, declarou <strong>Soros<\/strong> durante um jantar em Davos.<\/p>\n<p>Durante o discurso, o megainvestidor ainda comparou Bolsonaro ao presidente dos Estados Unidos, <a href=\"https:\/\/www.suno.com.br\/tudo-sobre\/donald-trump\/\">Donald Trump<\/a>, que acusou de ser autorit\u00e1rio. Al\u00e9m disso, Soros equiparou o presidente brasileiro ao ex-vice-primeiro ministro italiano Matteo Salvini, que chamou de &#8220;potencial ditador da It\u00e1lia&#8221;.<\/p>\n\t<p>\n\t\t<a href=\"https:\/\/www.suno.com.br\/asset\/fundos\/suno-acoes-xp-seg-prev\/\" target=\"_blank\" data-element=\"shortcode-suno-banner\" title=\"Banner SUNO, clique e saiba mais\">\n\t\t\t<picture>\n\t\t\t\t<source media=\"(max-width: 500px)\" srcset=\"https:\/\/files.sunoresearch.com.br\/n\/uploads\/2023\/10\/SUNOPREV-v2-400x300-Mobile-Artigos-3.png\">\n\t\t\t\t<img class=\"newsContent__article__imgCapa newsContent__article__imgCapa--banner\"\n\t\t\t\t\tsrc=\"https:\/\/files.sunoresearch.com.br\/n\/uploads\/2023\/10\/SUNOPREV-v2-1420x240-Banner-Artigos-1-_-Banner-Materias-1.png\"\n\t\t\t\t\tdata-promo-id=\"476311\"\t\t\t\t\t\t\t\t\t\twidth='1420' height='240'\t\t\t\t\talt=\"https:\/\/files.sunoresearch.com.br\/n\/uploads\/2023\/10\/SUNOPREV-v2-1420x240-Banner-Artigos-1-_-Banner-Materias-1.png\"\n\t\t\t\t>\n\t\t\t<\/picture>\n\t\t<\/a>\n\t<\/p>\n\n\n<p>O magnata discursou durante seu jantar tradicional realizado no quarto dia do F\u00f3rum Econ\u00f4mico Mundial. O encontro ocorreu no luxoso hotel Seehof, um dos mais consagrados hot\u00e9is de Davos.<\/p>\n<h2>Quem \u00e9 George Soros?<\/h2>\n<p>O magnata George Soros \u00e9 o fundador da Quantum Group Funds. A empresa de fundos possui mais de US$ 25 bilh\u00f5es de d\u00f3lares em ativos. Atualmente, a fortuna de Soros \u00e9 estimada em US$ 8,3 bilh\u00f5es. O montante faz com que o bilion\u00e1rio ocupe a posi\u00e7\u00e3o 218 na lista de pessoas mais ricas do mundo da Forbes.<\/p>\n<p>O investidor \u00e9 conhecido por seu ativismo pol\u00edtico. Soros apoia causas consideradas progressistas e liberais.<\/p>\n<p><a href=\"https:\/\/www.suno.com.br\/noticias\/george-soros-pessoa-ano-financial-times\/\">Leia tamb\u00e9m: George Soros \u00e9 eleito pessoa do ano de 2018 pelo Financial Times<\/a><\/p>\n<p>Soros j\u00e1 doou mais de US$ 32 bilh\u00f5es para sua ag\u00eancia filantr\u00f3pica, a Open Society Foundation. Somente entre 1979 e 2011, o magnata doou mais de US$ 11 bilh\u00f5es para causas filantr\u00f3picas por meio de sua funda\u00e7\u00e3o.<\/p>\n<p>Em 2018, o bilion\u00e1rio, que discursou em <a href=\"https:\/\/www.suno.com.br\/noticias\/davos-como-surgiu-maior-reuniao-elite-mundial\/\"><strong>Davos<\/strong><\/a> nesta quinta-feira, foi eleito a pessoa do ano pelo jornal brit\u00e2nico Financial Times. Para o jornal, Soros representa os valores democr\u00e1ticos. \u201cEle [Soros] \u00e9 o exemplo da defesa da democracia liberal e de uma sociedade aberta. Estas s\u00e3o ideias que triunfaram na Guerra Fria. Hoje, est\u00e3o sendo amea\u00e7adas por todos os lados, da R\u00fassia de Vladimir Putin aos EUA de Trump\u201d, comentou o ve\u00edculo.<\/p>\n\n","protected":false},"excerpt":{"rendered":"<p>O megainvestidor, filantropo e ativista pol\u00edtico George Soros declarou que o presidente Jair Bolsonaro falhou em proteger a Floresta Amaz\u00f4nica. A declara\u00e7\u00e3o ocorreu, nesta quinta-feira (23), durante o F\u00f3rum Econ\u00f4mico Mundial, em Davos, na Su\u00ed\u00e7a. O Suno Not\u00edcias est\u00e1 no local cobrindo o evento. George Soros diz que Mark Zuckerberg deve deixar o Facebook \u201cO [&hellip;]<\/p>\n","protected":false},"author":18,"featured_media":9514,"comment_status":"closed","ping_status":"closed","sticky":false,"template":"","format":"standard","meta":[],"categories":[63],"tags":[358,972,894,719],"suno_strategy":[],"class_list":["post-50752","post","type-post","status-publish","format-standard","has-post-thumbnail","hentry","category-internacional","tag-amazonia","tag-davos","tag-george-soros","tag-jair-bolsonaro"],"yoast_head":"<!-- This site is optimized with the Yoast SEO plugin v24.4 - https:\/\/yoast.com\/wordpress\/plugins\/seo\/ -->\n<title>Davos: George Soros ataca Bolsonaro sobre a Amaz\u00f4nia<\/title>\n<meta name=\"description\" content=\"George Soros declarou, em Davos, que o presidente Jair Bolsonaro falhou em proteger a Floresta Amaz\u00f4nica. Clique para saber mais.\" \/>\n<meta name=\"robots\" content=\"index, follow, max-snippet:-1, max-image-preview:large, max-video-preview:-1\" \/>\n<link rel=\"canonical\" href=\"https:\/\/www.suno.com.br\/noticias\/davos-george-soros-ataca-bolsonaro-amazonia\/\" \/>\n<meta property=\"og:locale\" content=\"pt_BR\" \/>\n<meta property=\"og:type\" content=\"article\" \/>\n<meta property=\"og:title\" content=\"Davos: George Soros ataca Bolsonaro sobre a Amaz\u00f4nia\" \/>\n<meta property=\"og:description\" content=\"George Soros declarou, em Davos, que o presidente Jair Bolsonaro falhou em proteger a Floresta Amaz\u00f4nica. Clique para saber mais.\" \/>\n<meta property=\"og:url\" content=\"https:\/\/www.suno.com.br\/noticias\/davos-george-soros-ataca-bolsonaro-amazonia\/\" \/>\n<meta property=\"og:site_name\" content=\"Suno Not\u00edcias\" \/>\n<meta property=\"article:publisher\" content=\"https:\/\/facebook.com\/sunoresearch\" \/>\n<meta property=\"og:image\" content=\"https:\/\/files.sunoresearch.com.br\/n\/uploads\/2018\/12\/George-Soros.jpg\" \/>\n\t<meta property=\"og:image:width\" content=\"2400\" \/>\n\t<meta property=\"og:image:height\" content=\"1347\" \/>\n\t<meta property=\"og:image:type\" content=\"image\/jpeg\" \/>\n<meta name=\"author\" content=\"Giovanna Oliveira\" \/>\n<meta name=\"twitter:card\" content=\"summary_large_image\" \/>\n<meta name=\"twitter:creator\" content=\"@sunoresearch\" \/>\n<meta name=\"twitter:site\" content=\"@sunoresearch\" \/>\n<meta name=\"twitter:label1\" content=\"Escrito por\" \/>\n\t<meta name=\"twitter:data1\" content=\"Giovanna Oliveira\" \/>\n\t<meta name=\"twitter:label2\" content=\"Est. tempo de leitura\" \/>\n\t<meta name=\"twitter:data2\" content=\"2 minutos\" \/>\n<script type=\"application\/ld+json\" class=\"yoast-schema-graph\">{\"@context\":\"https:\/\/schema.org\",\"@graph\":[{\"@type\":\"NewsArticle\",\"@id\":\"https:\/\/www.suno.com.br\/noticias\/davos-george-soros-ataca-bolsonaro-amazonia\/#article\",\"isPartOf\":{\"@id\":\"https:\/\/www.suno.com.br\/noticias\/davos-george-soros-ataca-bolsonaro-amazonia\/\"},\"author\":{\"name\":\"Giovanna Oliveira\",\"@id\":\"https:\/\/www.suno.com.br\/noticias\/#\/schema\/person\/4e19e3d2575736e5283d58eb3199d120\"},\"headline\":\"Davos: George Soros ataca Bolsonaro sobre a Amaz\u00f4nia\",\"datePublished\":\"2020-01-23T21:10:03+00:00\",\"dateModified\":\"2020-01-23T21:14:56+00:00\",\"mainEntityOfPage\":{\"@id\":\"https:\/\/www.suno.com.br\/noticias\/davos-george-soros-ataca-bolsonaro-amazonia\/\"},\"wordCount\":406,\"publisher\":{\"@id\":\"https:\/\/www.suno.com.br\/noticias\/#organization\"},\"image\":{\"@id\":\"https:\/\/www.suno.com.br\/noticias\/davos-george-soros-ataca-bolsonaro-amazonia\/#primaryimage\"},\"thumbnailUrl\":\"https:\/\/files.sunoresearch.com.br\/n\/uploads\/2018\/12\/George-Soros-jpg.webp\",\"keywords\":[\"Amazonia\",\"Davos\",\"George Soros\",\"Jair Bolsonaro\"],\"articleSection\":[\"Internacional\"],\"inLanguage\":\"pt-BR\"},{\"@type\":\"WebPage\",\"@id\":\"https:\/\/www.suno.com.br\/noticias\/davos-george-soros-ataca-bolsonaro-amazonia\/\",\"url\":\"https:\/\/www.suno.com.br\/noticias\/davos-george-soros-ataca-bolsonaro-amazonia\/\",\"name\":\"Davos: George Soros ataca Bolsonaro sobre a Amaz\u00f4nia\",\"isPartOf\":{\"@id\":\"https:\/\/www.suno.com.br\/noticias\/#website\"},\"primaryImageOfPage\":{\"@id\":\"https:\/\/www.suno.com.br\/noticias\/davos-george-soros-ataca-bolsonaro-amazonia\/#primaryimage\"},\"image\":{\"@id\":\"https:\/\/www.suno.com.br\/noticias\/davos-george-soros-ataca-bolsonaro-amazonia\/#primaryimage\"},\"thumbnailUrl\":\"https:\/\/files.sunoresearch.com.br\/n\/uploads\/2018\/12\/George-Soros-jpg.webp\",\"datePublished\":\"2020-01-23T21:10:03+00:00\",\"dateModified\":\"2020-01-23T21:14:56+00:00\",\"description\":\"George Soros declarou, em Davos, que o presidente Jair Bolsonaro falhou em proteger a Floresta Amaz\u00f4nica. Clique para saber mais.\",\"breadcrumb\":{\"@id\":\"https:\/\/www.suno.com.br\/noticias\/davos-george-soros-ataca-bolsonaro-amazonia\/#breadcrumb\"},\"inLanguage\":\"pt-BR\",\"potentialAction\":[{\"@type\":\"ReadAction\",\"target\":[\"https:\/\/www.suno.com.br\/noticias\/davos-george-soros-ataca-bolsonaro-amazonia\/\"]}]},{\"@type\":\"ImageObject\",\"inLanguage\":\"pt-BR\",\"@id\":\"https:\/\/www.suno.com.br\/noticias\/davos-george-soros-ataca-bolsonaro-amazonia\/#primaryimage\",\"url\":\"https:\/\/files.sunoresearch.com.br\/n\/uploads\/2018\/12\/George-Soros-jpg.webp\",\"contentUrl\":\"https:\/\/files.sunoresearch.com.br\/n\/uploads\/2018\/12\/George-Soros-jpg.webp\",\"width\":2400,\"height\":1347,\"caption\":\"George Soros diz que Mark Zuckerberg deve deixar o Facebook\"},{\"@type\":\"BreadcrumbList\",\"@id\":\"https:\/\/www.suno.com.br\/noticias\/davos-george-soros-ataca-bolsonaro-amazonia\/#breadcrumb\",\"itemListElement\":[{\"@type\":\"ListItem\",\"position\":1,\"name\":\"Not\u00edcias\",\"item\":\"https:\/\/www.suno.com.br\/noticias\/\"},{\"@type\":\"ListItem\",\"position\":2,\"name\":\"Internacional\",\"item\":\"https:\/\/www.suno.com.br\/noticias\/internacional\/\"},{\"@type\":\"ListItem\",\"position\":3,\"name\":\"Davos: George Soros ataca Bolsonaro sobre a Amaz\u00f4nia\"}]},{\"@type\":\"WebSite\",\"@id\":\"https:\/\/www.suno.com.br\/noticias\/#website\",\"url\":\"https:\/\/www.suno.com.br\/noticias\/\",\"name\":\"Suno Not\u00edcias\",\"description\":\"Seu portal de informa\u00e7\u00e3o sobre o mundo dos investimentos\",\"publisher\":{\"@id\":\"https:\/\/www.suno.com.br\/noticias\/#organization\"},\"potentialAction\":[{\"@type\":\"SearchAction\",\"target\":{\"@type\":\"EntryPoint\",\"urlTemplate\":\"https:\/\/www.suno.com.br\/noticias\/?s={search_term_string}\"},\"query-input\":{\"@type\":\"PropertyValueSpecification\",\"valueRequired\":true,\"valueName\":\"search_term_string\"}}],\"inLanguage\":\"pt-BR\"},{\"@type\":\"Organization\",\"@id\":\"https:\/\/www.suno.com.br\/noticias\/#organization\",\"name\":\"Suno Not\u00edcias\",\"url\":\"https:\/\/www.suno.com.br\/noticias\/\",\"logo\":{\"@type\":\"ImageObject\",\"inLanguage\":\"pt-BR\",\"@id\":\"https:\/\/www.suno.com.br\/noticias\/#\/schema\/logo\/image\/\",\"url\":\"https:\/\/files.sunoresearch.com.br\/n\/uploads\/2021\/09\/suno-logo.png\",\"contentUrl\":\"https:\/\/files.sunoresearch.com.br\/n\/uploads\/2021\/09\/suno-logo.png\",\"width\":180,\"height\":180,\"caption\":\"Suno Not\u00edcias\"},\"image\":{\"@id\":\"https:\/\/www.suno.com.br\/noticias\/#\/schema\/logo\/image\/\"},\"sameAs\":[\"https:\/\/facebook.com\/sunoresearch\",\"https:\/\/x.com\/sunoresearch\",\"https:\/\/www.instagram.com\/suno\",\"https:\/\/www.linkedin.com\/company\/suno-research\/\",\"https:\/\/www.youtube.com\/c\/sunoresearch\"]},{\"@type\":\"Person\",\"@id\":\"https:\/\/www.suno.com.br\/noticias\/#\/schema\/person\/4e19e3d2575736e5283d58eb3199d120\",\"name\":\"Giovanna Oliveira\",\"image\":{\"@type\":\"ImageObject\",\"inLanguage\":\"pt-BR\",\"@id\":\"https:\/\/www.suno.com.br\/noticias\/#\/schema\/person\/image\/\",\"url\":\"https:\/\/secure.gravatar.com\/avatar\/9a37b3ae208962ac568992d0ffdbc2eb?s=96&r=g\",\"contentUrl\":\"https:\/\/secure.gravatar.com\/avatar\/9a37b3ae208962ac568992d0ffdbc2eb?s=96&r=g\",\"caption\":\"Giovanna Oliveira\"},\"description\":\"Giovanna Oliveira escreve sobre economia e pol\u00edtica. Foi rep\u00f3rter do portal de jornalismo da ESPM-SP e produziu conte\u00fado para a Corinthians TV. \u00c9 estudante da ESPM.\",\"url\":\"https:\/\/www.suno.com.br\/noticias\/author\/giovanna\/\"}]}<\/script>\n<!-- \/ Yoast SEO plugin. -->","yoast_head_json":{"title":"Davos: George Soros ataca Bolsonaro sobre a Amaz\u00f4nia","description":"George Soros declarou, em Davos, que o presidente Jair Bolsonaro falhou em proteger a Floresta Amaz\u00f4nica. Clique para saber mais.","robots":{"index":"index","follow":"follow","max-snippet":"max-snippet:-1","max-image-preview":"max-image-preview:large","max-video-preview":"max-video-preview:-1"},"canonical":"https:\/\/www.suno.com.br\/noticias\/davos-george-soros-ataca-bolsonaro-amazonia\/","og_locale":"pt_BR","og_type":"article","og_title":"Davos: George Soros ataca Bolsonaro sobre a Amaz\u00f4nia","og_description":"George Soros declarou, em Davos, que o presidente Jair Bolsonaro falhou em proteger a Floresta Amaz\u00f4nica. Clique para saber mais.","og_url":"https:\/\/www.suno.com.br\/noticias\/davos-george-soros-ataca-bolsonaro-amazonia\/","og_site_name":"Suno Not\u00edcias","article_publisher":"https:\/\/facebook.com\/sunoresearch","og_image":[{"width":2400,"height":1347,"url":"https:\/\/files.sunoresearch.com.br\/n\/uploads\/2018\/12\/George-Soros.jpg","type":"image\/jpeg"}],"author":"Giovanna Oliveira","twitter_card":"summary_large_image","twitter_creator":"@sunoresearch","twitter_site":"@sunoresearch","twitter_misc":{"Escrito por":"Giovanna Oliveira","Est. tempo de leitura":"2 minutos"},"schema":{"@context":"https:\/\/schema.org","@graph":[{"@type":"NewsArticle","@id":"https:\/\/www.suno.com.br\/noticias\/davos-george-soros-ataca-bolsonaro-amazonia\/#article","isPartOf":{"@id":"https:\/\/www.suno.com.br\/noticias\/davos-george-soros-ataca-bolsonaro-amazonia\/"},"author":{"name":"Giovanna Oliveira","@id":"https:\/\/www.suno.com.br\/noticias\/#\/schema\/person\/4e19e3d2575736e5283d58eb3199d120"},"headline":"Davos: George Soros ataca Bolsonaro sobre a Amaz\u00f4nia","datePublished":"2020-01-23T21:10:03+00:00","dateModified":"2020-01-23T21:14:56+00:00","mainEntityOfPage":{"@id":"https:\/\/www.suno.com.br\/noticias\/davos-george-soros-ataca-bolsonaro-amazonia\/"},"wordCount":406,"publisher":{"@id":"https:\/\/www.suno.com.br\/noticias\/#organization"},"image":{"@id":"https:\/\/www.suno.com.br\/noticias\/davos-george-soros-ataca-bolsonaro-amazonia\/#primaryimage"},"thumbnailUrl":"https:\/\/files.sunoresearch.com.br\/n\/uploads\/2018\/12\/George-Soros-jpg.webp","keywords":["Amazonia","Davos","George Soros","Jair Bolsonaro"],"articleSection":["Internacional"],"inLanguage":"pt-BR"},{"@type":"WebPage","@id":"https:\/\/www.suno.com.br\/noticias\/davos-george-soros-ataca-bolsonaro-amazonia\/","url":"https:\/\/www.suno.com.br\/noticias\/davos-george-soros-ataca-bolsonaro-amazonia\/","name":"Davos: George Soros ataca Bolsonaro sobre a Amaz\u00f4nia","isPartOf":{"@id":"https:\/\/www.suno.com.br\/noticias\/#website"},"primaryImageOfPage":{"@id":"https:\/\/www.suno.com.br\/noticias\/davos-george-soros-ataca-bolsonaro-amazonia\/#primaryimage"},"image":{"@id":"https:\/\/www.suno.com.br\/noticias\/davos-george-soros-ataca-bolsonaro-amazonia\/#primaryimage"},"thumbnailUrl":"https:\/\/files.sunoresearch.com.br\/n\/uploads\/2018\/12\/George-Soros-jpg.webp","datePublished":"2020-01-23T21:10:03+00:00","dateModified":"2020-01-23T21:14:56+00:00","description":"George Soros declarou, em Davos, que o presidente Jair Bolsonaro falhou em proteger a Floresta Amaz\u00f4nica. Clique para saber mais.","breadcrumb":{"@id":"https:\/\/www.suno.com.br\/noticias\/davos-george-soros-ataca-bolsonaro-amazonia\/#breadcrumb"},"inLanguage":"pt-BR","potentialAction":[{"@type":"ReadAction","target":["https:\/\/www.suno.com.br\/noticias\/davos-george-soros-ataca-bolsonaro-amazonia\/"]}]},{"@type":"ImageObject","inLanguage":"pt-BR","@id":"https:\/\/www.suno.com.br\/noticias\/davos-george-soros-ataca-bolsonaro-amazonia\/#primaryimage","url":"https:\/\/files.sunoresearch.com.br\/n\/uploads\/2018\/12\/George-Soros-jpg.webp","contentUrl":"https:\/\/files.sunoresearch.com.br\/n\/uploads\/2018\/12\/George-Soros-jpg.webp","width":2400,"height":1347,"caption":"George Soros diz que Mark Zuckerberg deve deixar o Facebook"},{"@type":"BreadcrumbList","@id":"https:\/\/www.suno.com.br\/noticias\/davos-george-soros-ataca-bolsonaro-amazonia\/#breadcrumb","itemListElement":[{"@type":"ListItem","position":1,"name":"Not\u00edcias","item":"https:\/\/www.suno.com.br\/noticias\/"},{"@type":"ListItem","position":2,"name":"Internacional","item":"https:\/\/www.suno.com.br\/noticias\/internacional\/"},{"@type":"ListItem","position":3,"name":"Davos: George Soros ataca Bolsonaro sobre a Amaz\u00f4nia"}]},{"@type":"WebSite","@id":"https:\/\/www.suno.com.br\/noticias\/#website","url":"https:\/\/www.suno.com.br\/noticias\/","name":"Suno Not\u00edcias","description":"Seu portal de informa\u00e7\u00e3o sobre o mundo dos investimentos","publisher":{"@id":"https:\/\/www.suno.com.br\/noticias\/#organization"},"potentialAction":[{"@type":"SearchAction","target":{"@type":"EntryPoint","urlTemplate":"https:\/\/www.suno.com.br\/noticias\/?s={search_term_string}"},"query-input":{"@type":"PropertyValueSpecification","valueRequired":true,"valueName":"search_term_string"}}],"inLanguage":"pt-BR"},{"@type":"Organization","@id":"https:\/\/www.suno.com.br\/noticias\/#organization","name":"Suno Not\u00edcias","url":"https:\/\/www.suno.com.br\/noticias\/","logo":{"@type":"ImageObject","inLanguage":"pt-BR","@id":"https:\/\/www.suno.com.br\/noticias\/#\/schema\/logo\/image\/","url":"https:\/\/files.sunoresearch.com.br\/n\/uploads\/2021\/09\/suno-logo.png","contentUrl":"https:\/\/files.sunoresearch.com.br\/n\/uploads\/2021\/09\/suno-logo.png","width":180,"height":180,"caption":"Suno Not\u00edcias"},"image":{"@id":"https:\/\/www.suno.com.br\/noticias\/#\/schema\/logo\/image\/"},"sameAs":["https:\/\/facebook.com\/sunoresearch","https:\/\/x.com\/sunoresearch","https:\/\/www.instagram.com\/suno","https:\/\/www.linkedin.com\/company\/suno-research\/","https:\/\/www.youtube.com\/c\/sunoresearch"]},{"@type":"Person","@id":"https:\/\/www.suno.com.br\/noticias\/#\/schema\/person\/4e19e3d2575736e5283d58eb3199d120","name":"Giovanna Oliveira","image":{"@type":"ImageObject","inLanguage":"pt-BR","@id":"https:\/\/www.suno.com.br\/noticias\/#\/schema\/person\/image\/","url":"https:\/\/secure.gravatar.com\/avatar\/9a37b3ae208962ac568992d0ffdbc2eb?s=96&r=g","contentUrl":"https:\/\/secure.gravatar.com\/avatar\/9a37b3ae208962ac568992d0ffdbc2eb?s=96&r=g","caption":"Giovanna Oliveira"},"description":"Giovanna Oliveira escreve sobre economia e pol\u00edtica. Foi rep\u00f3rter do portal de jornalismo da ESPM-SP e produziu conte\u00fado para a Corinthians TV. \u00c9 estudante da ESPM.","url":"https:\/\/www.suno.com.br\/noticias\/author\/giovanna\/"}]}},"default_loop_html":"<div class=\"cardsPage__listCard__boxs\"><div class=\"cardsPage__listCard__boxs__img\"><a href=\"https:\/\/www.suno.com.br\/noticias\/davos-george-soros-ataca-bolsonaro-amazonia\/\"><img class=\"mask\" src=\"https:\/\/www.suno.com.br\/noticias\/wp-content\/themes\/suno\/resources\/images\/spotlight\/spotlight1img\/bg-mask.png\" alt=\"Image Mask\"\/><img src=\"https:\/\/files.sunoresearch.com.br\/n\/uploads\/2018\/12\/George-Soros-400x200.webp\" alt=\"Davos: George Soros ataca Bolsonaro sobre a Amaz\u00f4nia\"\/><\/a><span class=\"spotlightCategory\"><a href=\"https:\/\/www.suno.com.br\/noticias\/internacional\/\">Internacional<\/a><\/span><\/div><div class=\"cardsPage__listCard__boxs__content\"><a href=\"https:\/\/www.suno.com.br\/noticias\/davos-george-soros-ataca-bolsonaro-amazonia\/\"><h2 class=\"content__title\">Davos: George Soros ataca Bolsonaro sobre a Amaz\u00f4nia<\/h2><\/a><div class=\"newsContent__article__meta\"><div class=\"newsContent__article__meta__authorBox\"><a href=\"https:\/\/www.suno.com.br\/noticias\/author\/giovanna\/\" class=\"authorBox__avatar noMobi\"><img src=\"https:\/\/files.sunoresearch.com.br\/n\/uploads\/2019\/06\/952a89ca-screenshot_20190608-171507-150x150.webp\" alt=\"Giovanna Oliveira\"><\/a><div class=\"authorBox__name\"><span>por\n\t\t\t<a href=\"https:\/\/www.suno.com.br\/noticias\/author\/giovanna\/\"><span itemprop=\"author\">Giovanna Oliveira<\/span><\/a><\/span><time datetime=\"2020-01-23T19:10:03-03:00\" itemprop=\"datePublished\">23\/01\/2020 19:10<\/time><\/div><\/div><\/div><\/div><\/div>","single_layout":"posts","amp_enabled":true,"_links":{"self":[{"href":"https:\/\/www.suno.com.br\/noticias\/wp-json\/wp\/v2\/posts\/50752"}],"collection":[{"href":"https:\/\/www.suno.com.br\/noticias\/wp-json\/wp\/v2\/posts"}],"about":[{"href":"https:\/\/www.suno.com.br\/noticias\/wp-json\/wp\/v2\/types\/post"}],"author":[{"embeddable":true,"href":"https:\/\/www.suno.com.br\/noticias\/wp-json\/wp\/v2\/users\/18"}],"replies":[{"embeddable":true,"href":"https:\/\/www.suno.com.br\/noticias\/wp-json\/wp\/v2\/comments?post=50752"}],"version-history":[{"count":0,"href":"https:\/\/www.suno.com.br\/noticias\/wp-json\/wp\/v2\/posts\/50752\/revisions"}],"wp:featuredmedia":[{"embeddable":true,"href":"https:\/\/www.suno.com.br\/noticias\/wp-json\/wp\/v2\/media\/9514"}],"wp:attachment":[{"href":"https:\/\/www.suno.com.br\/noticias\/wp-json\/wp\/v2\/media?parent=50752"}],"wp:term":[{"taxonomy":"category","embeddable":true,"href":"https:\/\/www.suno.com.br\/noticias\/wp-json\/wp\/v2\/categories?post=50752"},{"taxonomy":"post_tag","embeddable":true,"href":"https:\/\/www.suno.com.br\/noticias\/wp-json\/wp\/v2\/tags?post=50752"},{"taxonomy":"suno_strategy","embeddable":true,"href":"https:\/\/www.suno.com.br\/noticias\/wp-json\/wp\/v2\/suno_strategy?post=50752"}],"curies":[{"name":"wp","href":"https:\/\/api.w.org\/{rel}","templated":true}]}}