{"id":507450,"date":"2024-01-07T15:39:46","date_gmt":"2024-01-07T18:39:46","guid":{"rendered":"https:\/\/www.suno.com.br\/noticias\/?p=507450"},"modified":"2024-01-07T15:39:50","modified_gmt":"2024-01-07T18:39:50","slug":"modelo-boeing-boei34-suspenso-brasil","status":"publish","type":"post","link":"https:\/\/www.suno.com.br\/noticias\/modelo-boeing-boei34-suspenso-brasil\/","title":{"rendered":"Uso de modelo da Boeing (BOEI34) envolvido em acidente \u00e9 suspenso no Brasil"},"content":{"rendered":"<p>Neste domingo (7), a Ag\u00eancia Nacional de Avia\u00e7\u00e3o Civil (Anac) anunciou a suspens\u00e3o da aeronave <strong>Boeing <\/strong>737 Max 9. A decis\u00e3o acontece ap\u00f3s autoridades dos Estados Unidos determinarem o veto ao modelo da Boeing (<a class=\"suno-keyword\" data-force=\"yes\" data-priority=\"2\" href=\"https:\/\/www.suno.com.br\/bdrs\/boei34\/\" target=\"_blank\" rel=\"noopener\">BOEI34<\/a>). Segundo a Anac, essa decis\u00e3o tamb\u00e9m se aplica ao Brasil.<\/p>\t<div class=\"wrapper-featured-image\">\n\t\t<figure class=\"spotlightImg\">\n\n\t\t\t<picture>\n\t\t\t\t<source media=\"(max-width: 768px)\" srcset=\"https:\/\/files.sunoresearch.com.br\/n\/uploads\/2024\/01\/ramon-kagie-YFpjo4zVeqA-unsplash-400x200.jpg\">\n\t\t\t\t<img loading=\"lazy\" decoding=\"async\" class=\"newsContent__article__imgCapa lazyloadDisabled \" src=\"https:\/\/files.sunoresearch.com.br\/n\/uploads\/2024\/01\/ramon-kagie-YFpjo4zVeqA-unsplash-800x450.jpg\" width=\"800\" height=\"450\" alt=\"Uso de modelo da Boeing (BOEI34) envolvido em acidente \u00e9 suspenso no Brasil\" fetchpriority=high \/>\n\t\t\t<\/picture>\n\n\t\t\t<figcaption class=\"wp-caption-text wp-caption-text--show\">Boeing (BOEI34). Foto: Ramon Kagie\/Unsplash<\/figcaption>\n\t\t<\/figure>\n\t<\/div>\n\n\n\n\n\n\t<p>\n\t\t<a href=\"https:\/\/lp.suno.com.br\/ebook-como-analisar-uma-acao\/\" target=\"_blank\" data-element=\"shortcode-suno-banner\" title=\"Banner SUNO, clique e saiba mais\">\n\t\t\t<picture>\n\t\t\t\t<source media=\"(max-width: 500px)\" srcset=\"https:\/\/files.sunoresearch.com.br\/n\/uploads\/2023\/03\/Ebook-Acoes-Mobile.jpg\">\n\t\t\t\t<img class=\"newsContent__article__imgCapa newsContent__article__imgCapa--banner\"\n\t\t\t\t\tsrc=\"https:\/\/files.sunoresearch.com.br\/n\/uploads\/2023\/03\/Ebook-Acoes-Desktop.jpg\"\n\t\t\t\t\tdata-promo-id=\"378302\"\t\t\t\t\t\t\t\t\t\twidth='1420' height='286'\t\t\t\t\talt=\"https:\/\/files.sunoresearch.com.br\/n\/uploads\/2023\/03\/Ebook-Acoes-Desktop.jpg\"\n\t\t\t\t>\n\t\t\t<\/picture>\n\t\t<\/a>\n\t<\/p>\n\n\n\n\n\n<p>A decis\u00e3o de suspender a utiliza\u00e7\u00e3o da aeronave da Boeing ocorre ap\u00f3s um desses modelos, operado pela Alaska Airways, apresentar problemas nos Estados Unidos.<\/p>\n\n\n\n<p>Durante um voo na \u00faltima sexta-feira (5), o painel dessa aeronave abriu \u2014 de modo a obrigar o piloto a fazer um pouso de emerg\u00eancia. Nenhum dos 171 passageiros e seis tripulantes se feriu neste imprevisto.<\/p>\n\n\n\n<p>Ap\u00f3s a porta do avi\u00e3o da Boeing se abrir durante o voo, a aeronave chegou a ficar aproximadamente 20 minutos no ar. Naquele momento, nenhum passageiro estava do lado da porta que apresentou problema.<\/p>\n\n\n\n<p>Ao longo dos \u00faltimos anos, a Boeing vem lidando com problemas em aeronaves, como defeitos de fabrica\u00e7\u00e3o. A empresa a\u00e9rea \u00e9 uma das principais na ind\u00fastria americana.<\/p>\n\n\n\t<p>\n\t\t<a href=\"https:\/\/lp.suno.com.br\/ebook-gratuito-investindo-no-exterior\/\" target=\"_blank\" data-element=\"shortcode-suno-banner\" title=\"Banner SUNO, clique e saiba mais\">\n\t\t\t<picture>\n\t\t\t\t<source media=\"(max-width: 500px)\" srcset=\"https:\/\/files.sunoresearch.com.br\/n\/uploads\/2023\/03\/400x300-Investindo-no-exterior.png\">\n\t\t\t\t<img class=\"newsContent__article__imgCapa newsContent__article__imgCapa--banner\"\n\t\t\t\t\tsrc=\"https:\/\/files.sunoresearch.com.br\/n\/uploads\/2023\/03\/1420x240-Investindo-no-exterior.png\"\n\t\t\t\t\tdata-promo-id=\"383161\"\t\t\t\t\t\t\t\t\t\twidth='1420' height='240'\t\t\t\t\talt=\"https:\/\/files.sunoresearch.com.br\/n\/uploads\/2023\/03\/1420x240-Investindo-no-exterior.png\"\n\t\t\t\t>\n\t\t\t<\/picture>\n\t\t<\/a>\n\t<\/p>\n\n\n\n\n\n<p>De acordo com a autoridade de avia\u00e7\u00e3o norte-americana Ag\u00eancia Federal de Avia\u00e7\u00e3o dos Estados Unidos (FAA), a medida impacta 171 aeronaves.<\/p>\n\n\n\n<p>Atualmente, a principal operadora do avi\u00e3o \u00e9 a United Airlines, contando com 79 aeronaves. Em seguida, aparece a Alaska Airways, com 65 unidades.<\/p>\n\n\n\n<h2 class=\"wp-block-heading\">Anac identifica uso de aeronave da Boeing no Brasil<\/h2>\n\n\n\n<p>A Ag\u00eancia Nacional de Avia\u00e7\u00e3o Civil alega que a Copa Airlines \u00e9 uma empresa que opera o Boeing 737 Max 9 em voos internacionais no Brasil com partida e chegada no aeroporto de Guarulhos.<\/p>\n\n\n\n<p>Segundo informado pela Anac, a companhia a\u00e9rea \u201cj\u00e1 anunciou a suspens\u00e3o das atividades com a aeronave para a revis\u00e3o t\u00e9cnica at\u00e9 que haja a libera\u00e7\u00e3o para retorno ao servi\u00e7o\u201d.<\/p>\n\n\n\n<p>Al\u00e9m disso, a ag\u00eancia brasileira citou que a companhia \u201cest\u00e1 trabalhando para minimizar os impactos para os passageiros\u201d. A Anac destaca estar monitorando esse processo, em meio ao problema recente ligado ao modelo da <strong>Boeing<\/strong>.\u00a0<\/p>\n\n\n\t<p>\n\t\t<a href=\"https:\/\/lp.suno.com.br\/planilha-da-vida-financeira\/\" target=\"_blank\" data-element=\"shortcode-suno-banner\" title=\"Banner SUNO, clique e saiba mais\">\n\t\t\t<picture>\n\t\t\t\t<source media=\"(max-width: 500px)\" srcset=\"https:\/\/files.sunoresearch.com.br\/n\/uploads\/2023\/04\/400x300-Planilha-vida-financeira-true.png\">\n\t\t\t\t<img class=\"newsContent__article__imgCapa newsContent__article__imgCapa--banner\"\n\t\t\t\t\tsrc=\"https:\/\/files.sunoresearch.com.br\/n\/uploads\/2023\/04\/1420x240-Planilha-vida-financeira-true.png\"\n\t\t\t\t\tdata-promo-id=\"383123\"\t\t\t\t\t\t\t\t\t\twidth='1420' height='240'\t\t\t\t\talt=\"https:\/\/files.sunoresearch.com.br\/n\/uploads\/2023\/04\/1420x240-Planilha-vida-financeira-true.png\"\n\t\t\t\t>\n\t\t\t<\/picture>\n\t\t<\/a>\n\t<\/p>\n\n\n","protected":false},"excerpt":{"rendered":"<p>Neste domingo (7), a Ag\u00eancia Nacional de Avia\u00e7\u00e3o Civil (Anac) anunciou a suspens\u00e3o da aeronave Boeing 737 Max 9. A decis\u00e3o acontece ap\u00f3s autoridades dos Estados Unidos determinarem o veto ao modelo da Boeing (BOEI34). Segundo a Anac, essa decis\u00e3o tamb\u00e9m se aplica ao Brasil. Boeing (BOEI34). Foto: Ramon Kagie\/Unsplash A decis\u00e3o de suspender a [&hellip;]<\/p>\n","protected":false},"author":224,"featured_media":507451,"comment_status":"closed","ping_status":"closed","sticky":false,"template":"","format":"standard","meta":[],"categories":[63],"tags":[828],"suno_strategy":[],"class_list":["post-507450","post","type-post","status-publish","format-standard","has-post-thumbnail","hentry","category-internacional","tag-boeing-boei34"],"yoast_head":"<!-- This site is optimized with the Yoast SEO plugin v24.4 - https:\/\/yoast.com\/wordpress\/plugins\/seo\/ -->\n<title>Uso de modelo da Boeing (BOEI34) \u00e9 suspenso no Brasil<\/title>\n<meta name=\"description\" content=\"O uso de modelo da empresa Boeing (BOEI34) envolvido em acidente \u00e9 suspenso no Brasil, informa a Anac. Saiba mais,\" \/>\n<meta name=\"robots\" content=\"index, follow, max-snippet:-1, max-image-preview:large, max-video-preview:-1\" \/>\n<link rel=\"canonical\" href=\"https:\/\/www.suno.com.br\/noticias\/modelo-boeing-boei34-suspenso-brasil\/\" \/>\n<meta property=\"og:locale\" content=\"pt_BR\" \/>\n<meta property=\"og:type\" content=\"article\" \/>\n<meta property=\"og:title\" content=\"Uso de modelo da Boeing (BOEI34) \u00e9 suspenso no Brasil\" \/>\n<meta property=\"og:description\" content=\"O uso de modelo da empresa Boeing (BOEI34) envolvido em acidente \u00e9 suspenso no Brasil, informa a Anac. Saiba mais,\" \/>\n<meta property=\"og:url\" content=\"https:\/\/www.suno.com.br\/noticias\/modelo-boeing-boei34-suspenso-brasil\/\" \/>\n<meta property=\"og:site_name\" content=\"Suno Not\u00edcias\" \/>\n<meta property=\"article:publisher\" content=\"https:\/\/facebook.com\/sunoresearch\" \/>\n<meta property=\"og:image\" content=\"https:\/\/files.sunoresearch.com.br\/n\/uploads\/2024\/01\/ramon-kagie-YFpjo4zVeqA-unsplash.jpg\" \/>\n\t<meta property=\"og:image:width\" content=\"1920\" \/>\n\t<meta property=\"og:image:height\" content=\"1272\" \/>\n\t<meta property=\"og:image:type\" content=\"image\/jpeg\" \/>\n<meta name=\"author\" content=\"Silvio Suehiro\" \/>\n<meta name=\"twitter:card\" content=\"summary_large_image\" \/>\n<meta name=\"twitter:creator\" content=\"@sunoresearch\" \/>\n<meta name=\"twitter:site\" content=\"@sunoresearch\" \/>\n<meta name=\"twitter:label1\" content=\"Escrito por\" \/>\n\t<meta name=\"twitter:data1\" content=\"Silvio Suehiro\" \/>\n\t<meta name=\"twitter:label2\" content=\"Est. tempo de leitura\" \/>\n\t<meta name=\"twitter:data2\" content=\"2 minutos\" \/>\n<script type=\"application\/ld+json\" class=\"yoast-schema-graph\">{\"@context\":\"https:\/\/schema.org\",\"@graph\":[{\"@type\":\"NewsArticle\",\"@id\":\"https:\/\/www.suno.com.br\/noticias\/modelo-boeing-boei34-suspenso-brasil\/#article\",\"isPartOf\":{\"@id\":\"https:\/\/www.suno.com.br\/noticias\/modelo-boeing-boei34-suspenso-brasil\/\"},\"author\":{\"name\":\"Silvio Suehiro\",\"@id\":\"https:\/\/www.suno.com.br\/noticias\/#\/schema\/person\/c94f387eeb0598ad381eac3e47a8686c\"},\"headline\":\"Uso de modelo da Boeing (BOEI34) envolvido em acidente \u00e9 suspenso no Brasil\",\"datePublished\":\"2024-01-07T18:39:46+00:00\",\"dateModified\":\"2024-01-07T18:39:50+00:00\",\"mainEntityOfPage\":{\"@id\":\"https:\/\/www.suno.com.br\/noticias\/modelo-boeing-boei34-suspenso-brasil\/\"},\"wordCount\":353,\"publisher\":{\"@id\":\"https:\/\/www.suno.com.br\/noticias\/#organization\"},\"image\":{\"@id\":\"https:\/\/www.suno.com.br\/noticias\/modelo-boeing-boei34-suspenso-brasil\/#primaryimage\"},\"thumbnailUrl\":\"https:\/\/files.sunoresearch.com.br\/n\/uploads\/2024\/01\/ramon-kagie-YFpjo4zVeqA-unsplash.jpg\",\"keywords\":[\"Boeing (BOEI34)\"],\"articleSection\":[\"Internacional\"],\"inLanguage\":\"pt-BR\"},{\"@type\":\"WebPage\",\"@id\":\"https:\/\/www.suno.com.br\/noticias\/modelo-boeing-boei34-suspenso-brasil\/\",\"url\":\"https:\/\/www.suno.com.br\/noticias\/modelo-boeing-boei34-suspenso-brasil\/\",\"name\":\"Uso de modelo da Boeing (BOEI34) \u00e9 suspenso no Brasil\",\"isPartOf\":{\"@id\":\"https:\/\/www.suno.com.br\/noticias\/#website\"},\"primaryImageOfPage\":{\"@id\":\"https:\/\/www.suno.com.br\/noticias\/modelo-boeing-boei34-suspenso-brasil\/#primaryimage\"},\"image\":{\"@id\":\"https:\/\/www.suno.com.br\/noticias\/modelo-boeing-boei34-suspenso-brasil\/#primaryimage\"},\"thumbnailUrl\":\"https:\/\/files.sunoresearch.com.br\/n\/uploads\/2024\/01\/ramon-kagie-YFpjo4zVeqA-unsplash.jpg\",\"datePublished\":\"2024-01-07T18:39:46+00:00\",\"dateModified\":\"2024-01-07T18:39:50+00:00\",\"description\":\"O uso de modelo da empresa Boeing (BOEI34) envolvido em acidente \u00e9 suspenso no Brasil, informa a Anac. Saiba mais,\",\"breadcrumb\":{\"@id\":\"https:\/\/www.suno.com.br\/noticias\/modelo-boeing-boei34-suspenso-brasil\/#breadcrumb\"},\"inLanguage\":\"pt-BR\",\"potentialAction\":[{\"@type\":\"ReadAction\",\"target\":[\"https:\/\/www.suno.com.br\/noticias\/modelo-boeing-boei34-suspenso-brasil\/\"]}]},{\"@type\":\"ImageObject\",\"inLanguage\":\"pt-BR\",\"@id\":\"https:\/\/www.suno.com.br\/noticias\/modelo-boeing-boei34-suspenso-brasil\/#primaryimage\",\"url\":\"https:\/\/files.sunoresearch.com.br\/n\/uploads\/2024\/01\/ramon-kagie-YFpjo4zVeqA-unsplash.jpg\",\"contentUrl\":\"https:\/\/files.sunoresearch.com.br\/n\/uploads\/2024\/01\/ramon-kagie-YFpjo4zVeqA-unsplash.jpg\",\"width\":1920,\"height\":1272,\"caption\":\"Boeing (BOEI34). Foto: Ramon Kagie\/Unsplash\"},{\"@type\":\"BreadcrumbList\",\"@id\":\"https:\/\/www.suno.com.br\/noticias\/modelo-boeing-boei34-suspenso-brasil\/#breadcrumb\",\"itemListElement\":[{\"@type\":\"ListItem\",\"position\":1,\"name\":\"Not\u00edcias\",\"item\":\"https:\/\/www.suno.com.br\/noticias\/\"},{\"@type\":\"ListItem\",\"position\":2,\"name\":\"Internacional\",\"item\":\"https:\/\/www.suno.com.br\/noticias\/internacional\/\"},{\"@type\":\"ListItem\",\"position\":3,\"name\":\"Uso de modelo da Boeing (BOEI34) envolvido em acidente \u00e9 suspenso no Brasil\"}]},{\"@type\":\"WebSite\",\"@id\":\"https:\/\/www.suno.com.br\/noticias\/#website\",\"url\":\"https:\/\/www.suno.com.br\/noticias\/\",\"name\":\"Suno Not\u00edcias\",\"description\":\"Seu portal de informa\u00e7\u00e3o sobre o mundo dos investimentos\",\"publisher\":{\"@id\":\"https:\/\/www.suno.com.br\/noticias\/#organization\"},\"potentialAction\":[{\"@type\":\"SearchAction\",\"target\":{\"@type\":\"EntryPoint\",\"urlTemplate\":\"https:\/\/www.suno.com.br\/noticias\/?s={search_term_string}\"},\"query-input\":{\"@type\":\"PropertyValueSpecification\",\"valueRequired\":true,\"valueName\":\"search_term_string\"}}],\"inLanguage\":\"pt-BR\"},{\"@type\":\"Organization\",\"@id\":\"https:\/\/www.suno.com.br\/noticias\/#organization\",\"name\":\"Suno Not\u00edcias\",\"url\":\"https:\/\/www.suno.com.br\/noticias\/\",\"logo\":{\"@type\":\"ImageObject\",\"inLanguage\":\"pt-BR\",\"@id\":\"https:\/\/www.suno.com.br\/noticias\/#\/schema\/logo\/image\/\",\"url\":\"https:\/\/files.sunoresearch.com.br\/n\/uploads\/2021\/09\/suno-logo.png\",\"contentUrl\":\"https:\/\/files.sunoresearch.com.br\/n\/uploads\/2021\/09\/suno-logo.png\",\"width\":180,\"height\":180,\"caption\":\"Suno Not\u00edcias\"},\"image\":{\"@id\":\"https:\/\/www.suno.com.br\/noticias\/#\/schema\/logo\/image\/\"},\"sameAs\":[\"https:\/\/facebook.com\/sunoresearch\",\"https:\/\/x.com\/sunoresearch\",\"https:\/\/www.instagram.com\/suno\",\"https:\/\/www.linkedin.com\/company\/suno-research\/\",\"https:\/\/www.youtube.com\/c\/sunoresearch\"]},{\"@type\":\"Person\",\"@id\":\"https:\/\/www.suno.com.br\/noticias\/#\/schema\/person\/c94f387eeb0598ad381eac3e47a8686c\",\"name\":\"Silvio Suehiro\",\"image\":{\"@type\":\"ImageObject\",\"inLanguage\":\"pt-BR\",\"@id\":\"https:\/\/www.suno.com.br\/noticias\/#\/schema\/person\/image\/\",\"url\":\"https:\/\/secure.gravatar.com\/avatar\/06585eb21140975c6be6bb79a07edac1?s=96&r=g\",\"contentUrl\":\"https:\/\/secure.gravatar.com\/avatar\/06585eb21140975c6be6bb79a07edac1?s=96&r=g\",\"caption\":\"Silvio Suehiro\"},\"description\":\"Redator freelancer, com experi\u00eancia na produ\u00e7\u00e3o de not\u00edcias e artigos para as \u00e1reas de economia, finan\u00e7as e investimentos. Graduado em Comunica\u00e7\u00e3o Social - Jornalismo pela Universidade de Mogi das Cruzes (UMC), e p\u00f3s-graduado em Produ\u00e7\u00e3o Audiovisual Multiplataforma pela Universidade Anhembi Morumbi (UAM).\",\"url\":\"https:\/\/www.suno.com.br\/noticias\/author\/silvio-suehiro\/\"}]}<\/script>\n<!-- \/ Yoast SEO plugin. -->","yoast_head_json":{"title":"Uso de modelo da Boeing (BOEI34) \u00e9 suspenso no Brasil","description":"O uso de modelo da empresa Boeing (BOEI34) envolvido em acidente \u00e9 suspenso no Brasil, informa a Anac. Saiba mais,","robots":{"index":"index","follow":"follow","max-snippet":"max-snippet:-1","max-image-preview":"max-image-preview:large","max-video-preview":"max-video-preview:-1"},"canonical":"https:\/\/www.suno.com.br\/noticias\/modelo-boeing-boei34-suspenso-brasil\/","og_locale":"pt_BR","og_type":"article","og_title":"Uso de modelo da Boeing (BOEI34) \u00e9 suspenso no Brasil","og_description":"O uso de modelo da empresa Boeing (BOEI34) envolvido em acidente \u00e9 suspenso no Brasil, informa a Anac. Saiba mais,","og_url":"https:\/\/www.suno.com.br\/noticias\/modelo-boeing-boei34-suspenso-brasil\/","og_site_name":"Suno Not\u00edcias","article_publisher":"https:\/\/facebook.com\/sunoresearch","og_image":[{"width":1920,"height":1272,"url":"https:\/\/files.sunoresearch.com.br\/n\/uploads\/2024\/01\/ramon-kagie-YFpjo4zVeqA-unsplash.jpg","type":"image\/jpeg"}],"author":"Silvio Suehiro","twitter_card":"summary_large_image","twitter_creator":"@sunoresearch","twitter_site":"@sunoresearch","twitter_misc":{"Escrito por":"Silvio Suehiro","Est. tempo de leitura":"2 minutos"},"schema":{"@context":"https:\/\/schema.org","@graph":[{"@type":"NewsArticle","@id":"https:\/\/www.suno.com.br\/noticias\/modelo-boeing-boei34-suspenso-brasil\/#article","isPartOf":{"@id":"https:\/\/www.suno.com.br\/noticias\/modelo-boeing-boei34-suspenso-brasil\/"},"author":{"name":"Silvio Suehiro","@id":"https:\/\/www.suno.com.br\/noticias\/#\/schema\/person\/c94f387eeb0598ad381eac3e47a8686c"},"headline":"Uso de modelo da Boeing (BOEI34) envolvido em acidente \u00e9 suspenso no Brasil","datePublished":"2024-01-07T18:39:46+00:00","dateModified":"2024-01-07T18:39:50+00:00","mainEntityOfPage":{"@id":"https:\/\/www.suno.com.br\/noticias\/modelo-boeing-boei34-suspenso-brasil\/"},"wordCount":353,"publisher":{"@id":"https:\/\/www.suno.com.br\/noticias\/#organization"},"image":{"@id":"https:\/\/www.suno.com.br\/noticias\/modelo-boeing-boei34-suspenso-brasil\/#primaryimage"},"thumbnailUrl":"https:\/\/files.sunoresearch.com.br\/n\/uploads\/2024\/01\/ramon-kagie-YFpjo4zVeqA-unsplash.jpg","keywords":["Boeing (BOEI34)"],"articleSection":["Internacional"],"inLanguage":"pt-BR"},{"@type":"WebPage","@id":"https:\/\/www.suno.com.br\/noticias\/modelo-boeing-boei34-suspenso-brasil\/","url":"https:\/\/www.suno.com.br\/noticias\/modelo-boeing-boei34-suspenso-brasil\/","name":"Uso de modelo da Boeing (BOEI34) \u00e9 suspenso no Brasil","isPartOf":{"@id":"https:\/\/www.suno.com.br\/noticias\/#website"},"primaryImageOfPage":{"@id":"https:\/\/www.suno.com.br\/noticias\/modelo-boeing-boei34-suspenso-brasil\/#primaryimage"},"image":{"@id":"https:\/\/www.suno.com.br\/noticias\/modelo-boeing-boei34-suspenso-brasil\/#primaryimage"},"thumbnailUrl":"https:\/\/files.sunoresearch.com.br\/n\/uploads\/2024\/01\/ramon-kagie-YFpjo4zVeqA-unsplash.jpg","datePublished":"2024-01-07T18:39:46+00:00","dateModified":"2024-01-07T18:39:50+00:00","description":"O uso de modelo da empresa Boeing (BOEI34) envolvido em acidente \u00e9 suspenso no Brasil, informa a Anac. Saiba mais,","breadcrumb":{"@id":"https:\/\/www.suno.com.br\/noticias\/modelo-boeing-boei34-suspenso-brasil\/#breadcrumb"},"inLanguage":"pt-BR","potentialAction":[{"@type":"ReadAction","target":["https:\/\/www.suno.com.br\/noticias\/modelo-boeing-boei34-suspenso-brasil\/"]}]},{"@type":"ImageObject","inLanguage":"pt-BR","@id":"https:\/\/www.suno.com.br\/noticias\/modelo-boeing-boei34-suspenso-brasil\/#primaryimage","url":"https:\/\/files.sunoresearch.com.br\/n\/uploads\/2024\/01\/ramon-kagie-YFpjo4zVeqA-unsplash.jpg","contentUrl":"https:\/\/files.sunoresearch.com.br\/n\/uploads\/2024\/01\/ramon-kagie-YFpjo4zVeqA-unsplash.jpg","width":1920,"height":1272,"caption":"Boeing (BOEI34). Foto: Ramon Kagie\/Unsplash"},{"@type":"BreadcrumbList","@id":"https:\/\/www.suno.com.br\/noticias\/modelo-boeing-boei34-suspenso-brasil\/#breadcrumb","itemListElement":[{"@type":"ListItem","position":1,"name":"Not\u00edcias","item":"https:\/\/www.suno.com.br\/noticias\/"},{"@type":"ListItem","position":2,"name":"Internacional","item":"https:\/\/www.suno.com.br\/noticias\/internacional\/"},{"@type":"ListItem","position":3,"name":"Uso de modelo da Boeing (BOEI34) envolvido em acidente \u00e9 suspenso no Brasil"}]},{"@type":"WebSite","@id":"https:\/\/www.suno.com.br\/noticias\/#website","url":"https:\/\/www.suno.com.br\/noticias\/","name":"Suno Not\u00edcias","description":"Seu portal de informa\u00e7\u00e3o sobre o mundo dos investimentos","publisher":{"@id":"https:\/\/www.suno.com.br\/noticias\/#organization"},"potentialAction":[{"@type":"SearchAction","target":{"@type":"EntryPoint","urlTemplate":"https:\/\/www.suno.com.br\/noticias\/?s={search_term_string}"},"query-input":{"@type":"PropertyValueSpecification","valueRequired":true,"valueName":"search_term_string"}}],"inLanguage":"pt-BR"},{"@type":"Organization","@id":"https:\/\/www.suno.com.br\/noticias\/#organization","name":"Suno Not\u00edcias","url":"https:\/\/www.suno.com.br\/noticias\/","logo":{"@type":"ImageObject","inLanguage":"pt-BR","@id":"https:\/\/www.suno.com.br\/noticias\/#\/schema\/logo\/image\/","url":"https:\/\/files.sunoresearch.com.br\/n\/uploads\/2021\/09\/suno-logo.png","contentUrl":"https:\/\/files.sunoresearch.com.br\/n\/uploads\/2021\/09\/suno-logo.png","width":180,"height":180,"caption":"Suno Not\u00edcias"},"image":{"@id":"https:\/\/www.suno.com.br\/noticias\/#\/schema\/logo\/image\/"},"sameAs":["https:\/\/facebook.com\/sunoresearch","https:\/\/x.com\/sunoresearch","https:\/\/www.instagram.com\/suno","https:\/\/www.linkedin.com\/company\/suno-research\/","https:\/\/www.youtube.com\/c\/sunoresearch"]},{"@type":"Person","@id":"https:\/\/www.suno.com.br\/noticias\/#\/schema\/person\/c94f387eeb0598ad381eac3e47a8686c","name":"Silvio Suehiro","image":{"@type":"ImageObject","inLanguage":"pt-BR","@id":"https:\/\/www.suno.com.br\/noticias\/#\/schema\/person\/image\/","url":"https:\/\/secure.gravatar.com\/avatar\/06585eb21140975c6be6bb79a07edac1?s=96&r=g","contentUrl":"https:\/\/secure.gravatar.com\/avatar\/06585eb21140975c6be6bb79a07edac1?s=96&r=g","caption":"Silvio Suehiro"},"description":"Redator freelancer, com experi\u00eancia na produ\u00e7\u00e3o de not\u00edcias e artigos para as \u00e1reas de economia, finan\u00e7as e investimentos. Graduado em Comunica\u00e7\u00e3o Social - Jornalismo pela Universidade de Mogi das Cruzes (UMC), e p\u00f3s-graduado em Produ\u00e7\u00e3o Audiovisual Multiplataforma pela Universidade Anhembi Morumbi (UAM).","url":"https:\/\/www.suno.com.br\/noticias\/author\/silvio-suehiro\/"}]}},"default_loop_html":"<div class=\"cardsPage__listCard__boxs\"><div class=\"cardsPage__listCard__boxs__img\"><a href=\"https:\/\/www.suno.com.br\/noticias\/modelo-boeing-boei34-suspenso-brasil\/\"><img class=\"mask\" src=\"https:\/\/www.suno.com.br\/noticias\/wp-content\/themes\/suno\/resources\/images\/spotlight\/spotlight1img\/bg-mask.png\" alt=\"Image Mask\"\/><img src=\"https:\/\/files.sunoresearch.com.br\/n\/uploads\/2024\/01\/ramon-kagie-YFpjo4zVeqA-unsplash-400x200.jpg\" alt=\"Uso de modelo da Boeing (BOEI34) envolvido em acidente \u00e9 suspenso no Brasil\"\/><\/a><span class=\"spotlightCategory\"><a href=\"https:\/\/www.suno.com.br\/noticias\/internacional\/\">Internacional<\/a><\/span><\/div><div class=\"cardsPage__listCard__boxs__content\"><a href=\"https:\/\/www.suno.com.br\/noticias\/modelo-boeing-boei34-suspenso-brasil\/\"><h2 class=\"content__title\">Uso de modelo da Boeing (BOEI34) envolvido em acidente \u00e9 suspenso no Brasil<\/h2><\/a><div class=\"newsContent__article__meta\"><div class=\"newsContent__article__meta__authorBox\"><a href=\"https:\/\/www.suno.com.br\/noticias\/author\/silvio-suehiro\/\" class=\"authorBox__avatar noMobi\"><img src=\"https:\/\/secure.gravatar.com\/avatar\/06585eb21140975c6be6bb79a07edac1?s=96&#038;r=g\" alt=\"Silvio Suehiro\"><\/a><div class=\"authorBox__name\"><span>por\n\t\t\t<a href=\"https:\/\/www.suno.com.br\/noticias\/author\/silvio-suehiro\/\"><span itemprop=\"author\">Silvio Suehiro<\/span><\/a><\/span><time datetime=\"2024-01-07T15:39:46-03:00\" itemprop=\"datePublished\">07\/01\/2024 15:39<\/time><\/div><\/div><\/div><\/div><\/div>","single_layout":"posts","amp_enabled":true,"_links":{"self":[{"href":"https:\/\/www.suno.com.br\/noticias\/wp-json\/wp\/v2\/posts\/507450"}],"collection":[{"href":"https:\/\/www.suno.com.br\/noticias\/wp-json\/wp\/v2\/posts"}],"about":[{"href":"https:\/\/www.suno.com.br\/noticias\/wp-json\/wp\/v2\/types\/post"}],"author":[{"embeddable":true,"href":"https:\/\/www.suno.com.br\/noticias\/wp-json\/wp\/v2\/users\/224"}],"replies":[{"embeddable":true,"href":"https:\/\/www.suno.com.br\/noticias\/wp-json\/wp\/v2\/comments?post=507450"}],"version-history":[{"count":2,"href":"https:\/\/www.suno.com.br\/noticias\/wp-json\/wp\/v2\/posts\/507450\/revisions"}],"predecessor-version":[{"id":507453,"href":"https:\/\/www.suno.com.br\/noticias\/wp-json\/wp\/v2\/posts\/507450\/revisions\/507453"}],"wp:featuredmedia":[{"embeddable":true,"href":"https:\/\/www.suno.com.br\/noticias\/wp-json\/wp\/v2\/media\/507451"}],"wp:attachment":[{"href":"https:\/\/www.suno.com.br\/noticias\/wp-json\/wp\/v2\/media?parent=507450"}],"wp:term":[{"taxonomy":"category","embeddable":true,"href":"https:\/\/www.suno.com.br\/noticias\/wp-json\/wp\/v2\/categories?post=507450"},{"taxonomy":"post_tag","embeddable":true,"href":"https:\/\/www.suno.com.br\/noticias\/wp-json\/wp\/v2\/tags?post=507450"},{"taxonomy":"suno_strategy","embeddable":true,"href":"https:\/\/www.suno.com.br\/noticias\/wp-json\/wp\/v2\/suno_strategy?post=507450"}],"curies":[{"name":"wp","href":"https:\/\/api.w.org\/{rel}","templated":true}]}}