{"id":507294,"date":"2024-01-05T20:58:43","date_gmt":"2024-01-05T23:58:43","guid":{"rendered":"https:\/\/www.suno.com.br\/noticias\/?p=507294"},"modified":"2024-01-05T20:58:49","modified_gmt":"2024-01-05T23:58:49","slug":"bmg-bmgb4-anuncia-programa-recompra-acoes-lt","status":"publish","type":"post","link":"https:\/\/www.suno.com.br\/noticias\/bmg-bmgb4-anuncia-programa-recompra-acoes-lt\/","title":{"rendered":"BMG (BMGB4) anuncia programa de recompra de a\u00e7\u00f5es; veja mais destaques do mercado nesta sexta (5)"},"content":{"rendered":"<p>O <a class=\"suno-keyword\" target=\"_blank\" data-force=\"no\" data-priority=\"1\" href=\"https:\/\/www.suno.com.br\/artigos\/conselho-administracao\/\" rel=\"noopener\">conselho de administra\u00e7\u00e3o<\/a> do <strong>BMG (BMGB4)<\/strong> aprovou nesta sexta-feira (5) um novo <strong>programa de recompra<\/strong> de at\u00e9 13,273 milh\u00f5es de <strong>a\u00e7\u00f5es preferenciais<\/strong>, o que corresponde a 10% dos pap\u00e9is em circula\u00e7\u00e3o, sem redu\u00e7\u00e3o do capital social.<\/p>\t<div class=\"wrapper-featured-image\">\n\t\t<figure class=\"spotlightImg\">\n\n\t\t\t<picture>\n\t\t\t\t<source media=\"(max-width: 768px)\" srcset=\"https:\/\/files.sunoresearch.com.br\/n\/uploads\/2023\/05\/crise-globo-vermelho-queda-400x200.jpg\">\n\t\t\t\t<img loading=\"lazy\" decoding=\"async\" class=\"newsContent__article__imgCapa lazyloadDisabled \" src=\"https:\/\/files.sunoresearch.com.br\/n\/uploads\/2023\/05\/crise-globo-vermelho-queda-800x450.jpg\" width=\"800\" height=\"450\" alt=\"BMG (BMGB4) anuncia programa de recompra de a\u00e7\u00f5es; veja mais destaques do mercado nesta sexta (5)\" fetchpriority=high \/>\n\t\t\t<\/picture>\n\n\t\t\t<figcaption class=\"wp-caption-text wp-caption-text--show\">bolsas da Europa. Foto: iStock<\/figcaption>\n\t\t<\/figure>\n\t<\/div>\n\n\n\n\n\n\t<p>\n\t\t<a href=\"https:\/\/lp.suno.com.br\/planilha-da-vida-financeira\/\" target=\"_blank\" data-element=\"shortcode-suno-banner\" title=\"Banner SUNO, clique e saiba mais\">\n\t\t\t<picture>\n\t\t\t\t<source media=\"(max-width: 500px)\" srcset=\"https:\/\/files.sunoresearch.com.br\/n\/uploads\/2023\/04\/400x300-Planilha-vida-financeira-true.png\">\n\t\t\t\t<img class=\"newsContent__article__imgCapa newsContent__article__imgCapa--banner\"\n\t\t\t\t\tsrc=\"https:\/\/files.sunoresearch.com.br\/n\/uploads\/2023\/04\/1420x240-Planilha-vida-financeira-true.png\"\n\t\t\t\t\tdata-promo-id=\"106682\"\t\t\t\t\t\t\t\t\t\twidth='1420' height='240'\t\t\t\t\talt=\"https:\/\/files.sunoresearch.com.br\/n\/uploads\/2023\/04\/1420x240-Planilha-vida-financeira-true.png\"\n\t\t\t\t>\n\t\t\t<\/picture>\n\t\t<\/a>\n\t<\/p>\n\n\n\n\n\n\n\n<p>Em comunicado enviado \u00e0 Comiss\u00e3o de Valores Mobili\u00e1rios (CVM), o banco informou que os <strong>pap\u00e9is BMGB4<\/strong> poder\u00e3o ser adquiridos, a <a class=\"suno-keyword\" target=\"_blank\" data-force=\"no\" data-priority=\"1\" href=\"https:\/\/www.suno.com.br\/artigos\/valor-de-mercado\/\" rel=\"noopener\">valor de mercado<\/a>, entre 8 de janeiro deste ano e 2 de julho de 2025.<\/p>\n\n\n\n<p>Segundo a companhia, o objetivo do <strong>programa de<\/strong> <strong>recompra do BMG<\/strong> \u00e9 manter as <a class=\"suno-keyword\" target=\"_blank\" data-force=\"no\" data-priority=\"1\" href=\"https:\/\/www.suno.com.br\/artigos\/acoes-em-tesouraria\/\" rel=\"noopener\">a\u00e7\u00f5es em tesouraria<\/a>, cancelar, realocar no mercado,ou utilizar para pagamento de remunera\u00e7\u00e3o a executivos e demais benefici\u00e1rios no \u00e2mbito do programa de incentivo de <a class=\"suno-keyword\" target=\"_blank\" data-force=\"no\" data-priority=\"1\" href=\"https:\/\/www.suno.com.br\/artigos\/longo-prazo\/\" rel=\"noopener\">longo prazo<\/a>.<\/p>\n\n\n\n<h2 class=\"wp-block-heading\">S\u00e3o Pedro Capital passa a deter 10,91% das a\u00e7\u00f5es da Enjoei (ENJU3)<\/h2>\n\n\n\n<p>A <strong>Enjoei (ENJU3)<\/strong>, uma das maiores empresas de com\u00e9rcio eletr\u00f4nico de consumo colaborativo do pa\u00eds, informou, nesta sexta-feira, 5, que a S\u00e3o Pedro Capital passou a deter, por meio de fundos, 10,91% do total de pap\u00e9is ordin\u00e1rios da companhia, ap\u00f3s a aquisi\u00e7\u00e3o de 10,880 milh\u00f5es de a\u00e7\u00f5es, totalizando 22,112 milh\u00f5es de pap\u00e9is.<\/p>\n\n\n\n<h2 class=\"wp-block-heading\">Banco Pine (PINE4) ajusta valores de JCP; veja valor por a\u00e7\u00e3o<\/h2>\n\n\n\n<p>O <a class=\"suno-keyword\" target=\"_blank\" data-force=\"no\" data-priority=\"1\" href=\"https:\/\/www.suno.com.br\/artigos\/conselho-administracao\/\" rel=\"noopener\">conselho de administra\u00e7\u00e3o<\/a> do <strong>Banco Pine (PINE4)<\/strong> aprovou, em reuni\u00e3o realizada nesta quinta (4), um ajuste nos valores para pagamento de <strong>juros sobre capital pr\u00f3prio (JCP)<\/strong>, que passaram de R$ 0,2333095229 para R$ 0,2080963062 por a\u00e7\u00e3o ordin\u00e1ria e preferencial, respectivamente.<\/p>\n\n\n\n<p>De acordo com comunicado enviado ao mercado nesta sexta (5) a institui\u00e7\u00e3o disse que o pagamento do <strong>provento<\/strong> ser\u00e1 efetuado no pr\u00f3ximo dia 15 de janeiro. Ter\u00e3o direito a receber os acionistas com posi\u00e7\u00e3o no dia 8 de janeiro &#8211; a partir do dia 9 de janeiro os pap\u00e9is ser\u00e3o negociados ex-JCP.<\/p>\n\n\n\t<p>\n\t\t<a href=\"https:\/\/lp.suno.com.br\/ebook-como-analisar-uma-acao\/\" target=\"_blank\" data-element=\"shortcode-suno-banner\" title=\"Banner SUNO, clique e saiba mais\">\n\t\t\t<picture>\n\t\t\t\t<source media=\"(max-width: 500px)\" srcset=\"https:\/\/files.sunoresearch.com.br\/n\/uploads\/2023\/03\/Ebook-Acoes-Mobile.jpg\">\n\t\t\t\t<img class=\"newsContent__article__imgCapa newsContent__article__imgCapa--banner\"\n\t\t\t\t\tsrc=\"https:\/\/files.sunoresearch.com.br\/n\/uploads\/2023\/03\/Ebook-Acoes-Desktop.jpg\"\n\t\t\t\t\tdata-promo-id=\"378302\"\t\t\t\t\t\t\t\t\t\twidth='1420' height='286'\t\t\t\t\talt=\"https:\/\/files.sunoresearch.com.br\/n\/uploads\/2023\/03\/Ebook-Acoes-Desktop.jpg\"\n\t\t\t\t>\n\t\t\t<\/picture>\n\t\t<\/a>\n\t<\/p>\n\n\n\n\n\n<h2 class=\"wp-block-heading\">Banco pagar\u00e1 R$ 195,6 milh\u00f5es em JCP; veja valor por a\u00e7\u00e3o<\/h2>\n\n\n\n<p>O&nbsp;<a href=\"https:\/\/www.suno.com.br\/artigos\/conselho-administracao\/\" target=\"_blank\" rel=\"noreferrer noopener\">conselho de administra\u00e7\u00e3o<\/a>&nbsp;do Banco&nbsp;<strong>BMG<\/strong> em 15 de dezembro a distribui\u00e7\u00e3o de&nbsp;<a href=\"https:\/\/www.suno.com.br\/artigos\/entenda-o-jcp\/\" target=\"_blank\" rel=\"noreferrer noopener\">juros sobre capital pr\u00f3prio<\/a>&nbsp;(JCP) no valor de R$ 195,6 milh\u00f5es para os seus investidores, segundo comunicado divulgado na Comiss\u00e3o de Valores Mobili\u00e1rios (CVM).<\/p>\n\n\n\n<p>Os novos&nbsp;<strong>JCP do BMG<\/strong>&nbsp;se referem ao quarto trimestre de 2023. O valor por a\u00e7\u00e3o ordin\u00e1ria dos proventos ser\u00e1 de R$ 0,33 e o pagamento dos&nbsp;<strong>juros sobre&nbsp;<a href=\"https:\/\/www.suno.com.br\/artigos\/capital-proprio\/\">capital pr\u00f3prio<\/a>&nbsp;do BMG<\/strong>&nbsp;ser\u00e1 feito no dia 15 de fevereiro de 2024.<\/p>\n\n\n\n<p>Desde 22 de dezembro de 2023, as<strong>&nbsp;a\u00e7\u00f5es do BMG<\/strong>&nbsp;passaram a ser negociadas como \u201cex-JCP\u201d, ou seja, sem direito aos proventos. A data de corte para receber os proventos era 21 de dezembro de 2023.<\/p>\n\n\n\n<p>O BMG ressalta que o valor a ser pago est\u00e1 sujeito \u00e0 reten\u00e7\u00e3o de 15% de&nbsp;<a href=\"https:\/\/www.suno.com.br\/guias\/imposto-de-renda-guia\/\">imposto de renda<\/a>&nbsp;retido na fonte, resultando no valor l\u00edquido de R$ 0,28526 por a\u00e7\u00e3o, exceto para acionistas pessoas jur\u00eddicas comprovadamente imunes ou isentos.<\/p>\n\n\n\n<h2 class=\"wp-block-heading\">Juros sobre capital pr\u00f3prio do BMG<\/h2>\n\n\n\n<ul class=\"wp-block-list\">\n<li>Valor total: R$ 195.676.316,99<\/li>\n\n\n\n<li>Valor por a\u00e7\u00e3o ordin\u00e1ria: R$ 0,33560<\/li>\n\n\n\n<li>Valor l\u00edquido por a\u00e7\u00e3o: R$ 0,28526<\/li>\n\n\n\n<li>Data de corte: 21 de dezembro de 2023<\/li>\n\n\n\n<li>Data de pagamento: 15 de fevereiro de 2024<\/li>\n<\/ul>\n\n\n\t<p>\n\t\t<a href=\"https:\/\/lp.suno.com.br\/planilha-da-vida-financeira\/\" target=\"_blank\" data-element=\"shortcode-suno-banner\" title=\"Banner SUNO, clique e saiba mais\">\n\t\t\t<picture>\n\t\t\t\t<source media=\"(max-width: 500px)\" srcset=\"https:\/\/files.sunoresearch.com.br\/n\/uploads\/2023\/04\/400x300-Planilha-vida-financeira-true.png\">\n\t\t\t\t<img class=\"newsContent__article__imgCapa newsContent__article__imgCapa--banner\"\n\t\t\t\t\tsrc=\"https:\/\/files.sunoresearch.com.br\/n\/uploads\/2023\/04\/1420x240-Planilha-vida-financeira-true.png\"\n\t\t\t\t\tdata-promo-id=\"383123\"\t\t\t\t\t\t\t\t\t\twidth='1420' height='240'\t\t\t\t\talt=\"https:\/\/files.sunoresearch.com.br\/n\/uploads\/2023\/04\/1420x240-Planilha-vida-financeira-true.png\"\n\t\t\t\t>\n\t\t\t<\/picture>\n\t\t<\/a>\n\t<\/p>\n\n\n","protected":false},"excerpt":{"rendered":"<p>O conselho de administra\u00e7\u00e3o do BMG (BMGB4) aprovou nesta sexta-feira (5) um novo programa de recompra de at\u00e9 13,273 milh\u00f5es de a\u00e7\u00f5es preferenciais, o que corresponde a 10% dos pap\u00e9is em circula\u00e7\u00e3o, sem redu\u00e7\u00e3o do capital social. bolsas da Europa. Foto: iStock Em comunicado enviado \u00e0 Comiss\u00e3o de Valores Mobili\u00e1rios (CVM), o banco informou que [&hellip;]<\/p>\n","protected":false},"author":340,"featured_media":401521,"comment_status":"closed","ping_status":"closed","sticky":false,"template":"","format":"standard","meta":[],"categories":[64],"tags":[286,1942,104838],"suno_strategy":[],"class_list":["post-507294","post","type-post","status-publish","format-standard","has-post-thumbnail","hentry","category-negocios","tag-acoes","tag-banco-bmg-bmgb4","tag-enjoei-enju3"],"yoast_head":"<!-- This site is optimized with the Yoast SEO plugin v24.4 - https:\/\/yoast.com\/wordpress\/plugins\/seo\/ -->\n<title>BMG (BMGB4) anuncia programa de recompra de a\u00e7\u00f5es<\/title>\n<meta name=\"description\" content=\"O conselho de administra\u00e7\u00e3o do BMG aprovou nesta sexta-feira (5) um novo programa de recompra de at\u00e9 13,273 milh\u00f5es de a\u00e7\u00f5es preferenciais\" \/>\n<meta name=\"robots\" content=\"index, follow, max-snippet:-1, max-image-preview:large, max-video-preview:-1\" \/>\n<link rel=\"canonical\" href=\"https:\/\/www.suno.com.br\/noticias\/bmg-bmgb4-anuncia-programa-recompra-acoes-lt\/\" \/>\n<meta property=\"og:locale\" content=\"pt_BR\" \/>\n<meta property=\"og:type\" content=\"article\" \/>\n<meta property=\"og:title\" content=\"BMG (BMGB4) anuncia programa de recompra de a\u00e7\u00f5es\" \/>\n<meta property=\"og:description\" content=\"O conselho de administra\u00e7\u00e3o do BMG aprovou nesta sexta-feira (5) um novo programa de recompra de at\u00e9 13,273 milh\u00f5es de a\u00e7\u00f5es preferenciais\" \/>\n<meta property=\"og:url\" content=\"https:\/\/www.suno.com.br\/noticias\/bmg-bmgb4-anuncia-programa-recompra-acoes-lt\/\" \/>\n<meta property=\"og:site_name\" content=\"Suno Not\u00edcias\" \/>\n<meta property=\"article:publisher\" content=\"https:\/\/facebook.com\/sunoresearch\" \/>\n<meta property=\"og:image\" content=\"https:\/\/files.sunoresearch.com.br\/n\/uploads\/2023\/05\/crise-globo-vermelho-queda.jpg\" \/>\n\t<meta property=\"og:image:width\" content=\"1200\" \/>\n\t<meta property=\"og:image:height\" content=\"800\" \/>\n\t<meta property=\"og:image:type\" content=\"image\/jpeg\" \/>\n<meta name=\"author\" content=\"Leandro Tavares\" \/>\n<meta name=\"twitter:card\" content=\"summary_large_image\" \/>\n<meta name=\"twitter:creator\" content=\"@sunoresearch\" \/>\n<meta name=\"twitter:site\" content=\"@sunoresearch\" \/>\n<meta name=\"twitter:label1\" content=\"Escrito por\" \/>\n\t<meta name=\"twitter:data1\" content=\"Leandro Tavares\" \/>\n\t<meta name=\"twitter:label2\" content=\"Est. tempo de leitura\" \/>\n\t<meta name=\"twitter:data2\" content=\"3 minutos\" \/>\n<script type=\"application\/ld+json\" class=\"yoast-schema-graph\">{\"@context\":\"https:\/\/schema.org\",\"@graph\":[{\"@type\":\"NewsArticle\",\"@id\":\"https:\/\/www.suno.com.br\/noticias\/bmg-bmgb4-anuncia-programa-recompra-acoes-lt\/#article\",\"isPartOf\":{\"@id\":\"https:\/\/www.suno.com.br\/noticias\/bmg-bmgb4-anuncia-programa-recompra-acoes-lt\/\"},\"author\":{\"name\":\"Leandro Tavares\",\"@id\":\"https:\/\/www.suno.com.br\/noticias\/#\/schema\/person\/96b86313436a5af8c004989de27d4962\"},\"headline\":\"BMG (BMGB4) anuncia programa de recompra de a\u00e7\u00f5es; veja mais destaques do mercado nesta sexta (5)\",\"datePublished\":\"2024-01-05T23:58:43+00:00\",\"dateModified\":\"2024-01-05T23:58:49+00:00\",\"mainEntityOfPage\":{\"@id\":\"https:\/\/www.suno.com.br\/noticias\/bmg-bmgb4-anuncia-programa-recompra-acoes-lt\/\"},\"wordCount\":545,\"publisher\":{\"@id\":\"https:\/\/www.suno.com.br\/noticias\/#organization\"},\"image\":{\"@id\":\"https:\/\/www.suno.com.br\/noticias\/bmg-bmgb4-anuncia-programa-recompra-acoes-lt\/#primaryimage\"},\"thumbnailUrl\":\"https:\/\/files.sunoresearch.com.br\/n\/uploads\/2023\/05\/crise-globo-vermelho-queda.jpg\",\"keywords\":[\"A\u00e7\u00f5es\",\"Banco BMG (BMGB4)\",\"Enjoei (ENJU3)\"],\"articleSection\":[\"Neg\u00f3cios\"],\"inLanguage\":\"pt-BR\"},{\"@type\":\"WebPage\",\"@id\":\"https:\/\/www.suno.com.br\/noticias\/bmg-bmgb4-anuncia-programa-recompra-acoes-lt\/\",\"url\":\"https:\/\/www.suno.com.br\/noticias\/bmg-bmgb4-anuncia-programa-recompra-acoes-lt\/\",\"name\":\"BMG (BMGB4) anuncia programa de recompra de a\u00e7\u00f5es\",\"isPartOf\":{\"@id\":\"https:\/\/www.suno.com.br\/noticias\/#website\"},\"primaryImageOfPage\":{\"@id\":\"https:\/\/www.suno.com.br\/noticias\/bmg-bmgb4-anuncia-programa-recompra-acoes-lt\/#primaryimage\"},\"image\":{\"@id\":\"https:\/\/www.suno.com.br\/noticias\/bmg-bmgb4-anuncia-programa-recompra-acoes-lt\/#primaryimage\"},\"thumbnailUrl\":\"https:\/\/files.sunoresearch.com.br\/n\/uploads\/2023\/05\/crise-globo-vermelho-queda.jpg\",\"datePublished\":\"2024-01-05T23:58:43+00:00\",\"dateModified\":\"2024-01-05T23:58:49+00:00\",\"description\":\"O conselho de administra\u00e7\u00e3o do BMG aprovou nesta sexta-feira (5) um novo programa de recompra de at\u00e9 13,273 milh\u00f5es de a\u00e7\u00f5es preferenciais\",\"breadcrumb\":{\"@id\":\"https:\/\/www.suno.com.br\/noticias\/bmg-bmgb4-anuncia-programa-recompra-acoes-lt\/#breadcrumb\"},\"inLanguage\":\"pt-BR\",\"potentialAction\":[{\"@type\":\"ReadAction\",\"target\":[\"https:\/\/www.suno.com.br\/noticias\/bmg-bmgb4-anuncia-programa-recompra-acoes-lt\/\"]}]},{\"@type\":\"ImageObject\",\"inLanguage\":\"pt-BR\",\"@id\":\"https:\/\/www.suno.com.br\/noticias\/bmg-bmgb4-anuncia-programa-recompra-acoes-lt\/#primaryimage\",\"url\":\"https:\/\/files.sunoresearch.com.br\/n\/uploads\/2023\/05\/crise-globo-vermelho-queda.jpg\",\"contentUrl\":\"https:\/\/files.sunoresearch.com.br\/n\/uploads\/2023\/05\/crise-globo-vermelho-queda.jpg\",\"width\":1200,\"height\":800,\"caption\":\"bolsas da Europa. Foto: iStock\"},{\"@type\":\"BreadcrumbList\",\"@id\":\"https:\/\/www.suno.com.br\/noticias\/bmg-bmgb4-anuncia-programa-recompra-acoes-lt\/#breadcrumb\",\"itemListElement\":[{\"@type\":\"ListItem\",\"position\":1,\"name\":\"Not\u00edcias\",\"item\":\"https:\/\/www.suno.com.br\/noticias\/\"},{\"@type\":\"ListItem\",\"position\":2,\"name\":\"Neg\u00f3cios\",\"item\":\"https:\/\/www.suno.com.br\/noticias\/negocios\/\"},{\"@type\":\"ListItem\",\"position\":3,\"name\":\"BMG (BMGB4) anuncia programa de recompra de a\u00e7\u00f5es; veja mais destaques do mercado nesta sexta (5)\"}]},{\"@type\":\"WebSite\",\"@id\":\"https:\/\/www.suno.com.br\/noticias\/#website\",\"url\":\"https:\/\/www.suno.com.br\/noticias\/\",\"name\":\"Suno Not\u00edcias\",\"description\":\"Seu portal de informa\u00e7\u00e3o sobre o mundo dos investimentos\",\"publisher\":{\"@id\":\"https:\/\/www.suno.com.br\/noticias\/#organization\"},\"potentialAction\":[{\"@type\":\"SearchAction\",\"target\":{\"@type\":\"EntryPoint\",\"urlTemplate\":\"https:\/\/www.suno.com.br\/noticias\/?s={search_term_string}\"},\"query-input\":{\"@type\":\"PropertyValueSpecification\",\"valueRequired\":true,\"valueName\":\"search_term_string\"}}],\"inLanguage\":\"pt-BR\"},{\"@type\":\"Organization\",\"@id\":\"https:\/\/www.suno.com.br\/noticias\/#organization\",\"name\":\"Suno Not\u00edcias\",\"url\":\"https:\/\/www.suno.com.br\/noticias\/\",\"logo\":{\"@type\":\"ImageObject\",\"inLanguage\":\"pt-BR\",\"@id\":\"https:\/\/www.suno.com.br\/noticias\/#\/schema\/logo\/image\/\",\"url\":\"https:\/\/files.sunoresearch.com.br\/n\/uploads\/2021\/09\/suno-logo.png\",\"contentUrl\":\"https:\/\/files.sunoresearch.com.br\/n\/uploads\/2021\/09\/suno-logo.png\",\"width\":180,\"height\":180,\"caption\":\"Suno Not\u00edcias\"},\"image\":{\"@id\":\"https:\/\/www.suno.com.br\/noticias\/#\/schema\/logo\/image\/\"},\"sameAs\":[\"https:\/\/facebook.com\/sunoresearch\",\"https:\/\/x.com\/sunoresearch\",\"https:\/\/www.instagram.com\/suno\",\"https:\/\/www.linkedin.com\/company\/suno-research\/\",\"https:\/\/www.youtube.com\/c\/sunoresearch\"]},{\"@type\":\"Person\",\"@id\":\"https:\/\/www.suno.com.br\/noticias\/#\/schema\/person\/96b86313436a5af8c004989de27d4962\",\"name\":\"Leandro Tavares\",\"image\":{\"@type\":\"ImageObject\",\"inLanguage\":\"pt-BR\",\"@id\":\"https:\/\/www.suno.com.br\/noticias\/#\/schema\/person\/image\/\",\"url\":\"https:\/\/secure.gravatar.com\/avatar\/cef3014f9ca74cf54fb41dc01807a08b?s=96&r=g\",\"contentUrl\":\"https:\/\/secure.gravatar.com\/avatar\/cef3014f9ca74cf54fb41dc01807a08b?s=96&r=g\",\"caption\":\"Leandro Tavares\"},\"url\":\"https:\/\/www.suno.com.br\/noticias\/author\/leandro-sbtavaresgmail-com\/\"}]}<\/script>\n<!-- \/ Yoast SEO plugin. -->","yoast_head_json":{"title":"BMG (BMGB4) anuncia programa de recompra de a\u00e7\u00f5es","description":"O conselho de administra\u00e7\u00e3o do BMG aprovou nesta sexta-feira (5) um novo programa de recompra de at\u00e9 13,273 milh\u00f5es de a\u00e7\u00f5es preferenciais","robots":{"index":"index","follow":"follow","max-snippet":"max-snippet:-1","max-image-preview":"max-image-preview:large","max-video-preview":"max-video-preview:-1"},"canonical":"https:\/\/www.suno.com.br\/noticias\/bmg-bmgb4-anuncia-programa-recompra-acoes-lt\/","og_locale":"pt_BR","og_type":"article","og_title":"BMG (BMGB4) anuncia programa de recompra de a\u00e7\u00f5es","og_description":"O conselho de administra\u00e7\u00e3o do BMG aprovou nesta sexta-feira (5) um novo programa de recompra de at\u00e9 13,273 milh\u00f5es de a\u00e7\u00f5es preferenciais","og_url":"https:\/\/www.suno.com.br\/noticias\/bmg-bmgb4-anuncia-programa-recompra-acoes-lt\/","og_site_name":"Suno Not\u00edcias","article_publisher":"https:\/\/facebook.com\/sunoresearch","og_image":[{"width":1200,"height":800,"url":"https:\/\/files.sunoresearch.com.br\/n\/uploads\/2023\/05\/crise-globo-vermelho-queda.jpg","type":"image\/jpeg"}],"author":"Leandro Tavares","twitter_card":"summary_large_image","twitter_creator":"@sunoresearch","twitter_site":"@sunoresearch","twitter_misc":{"Escrito por":"Leandro Tavares","Est. tempo de leitura":"3 minutos"},"schema":{"@context":"https:\/\/schema.org","@graph":[{"@type":"NewsArticle","@id":"https:\/\/www.suno.com.br\/noticias\/bmg-bmgb4-anuncia-programa-recompra-acoes-lt\/#article","isPartOf":{"@id":"https:\/\/www.suno.com.br\/noticias\/bmg-bmgb4-anuncia-programa-recompra-acoes-lt\/"},"author":{"name":"Leandro Tavares","@id":"https:\/\/www.suno.com.br\/noticias\/#\/schema\/person\/96b86313436a5af8c004989de27d4962"},"headline":"BMG (BMGB4) anuncia programa de recompra de a\u00e7\u00f5es; veja mais destaques do mercado nesta sexta (5)","datePublished":"2024-01-05T23:58:43+00:00","dateModified":"2024-01-05T23:58:49+00:00","mainEntityOfPage":{"@id":"https:\/\/www.suno.com.br\/noticias\/bmg-bmgb4-anuncia-programa-recompra-acoes-lt\/"},"wordCount":545,"publisher":{"@id":"https:\/\/www.suno.com.br\/noticias\/#organization"},"image":{"@id":"https:\/\/www.suno.com.br\/noticias\/bmg-bmgb4-anuncia-programa-recompra-acoes-lt\/#primaryimage"},"thumbnailUrl":"https:\/\/files.sunoresearch.com.br\/n\/uploads\/2023\/05\/crise-globo-vermelho-queda.jpg","keywords":["A\u00e7\u00f5es","Banco BMG (BMGB4)","Enjoei (ENJU3)"],"articleSection":["Neg\u00f3cios"],"inLanguage":"pt-BR"},{"@type":"WebPage","@id":"https:\/\/www.suno.com.br\/noticias\/bmg-bmgb4-anuncia-programa-recompra-acoes-lt\/","url":"https:\/\/www.suno.com.br\/noticias\/bmg-bmgb4-anuncia-programa-recompra-acoes-lt\/","name":"BMG (BMGB4) anuncia programa de recompra de a\u00e7\u00f5es","isPartOf":{"@id":"https:\/\/www.suno.com.br\/noticias\/#website"},"primaryImageOfPage":{"@id":"https:\/\/www.suno.com.br\/noticias\/bmg-bmgb4-anuncia-programa-recompra-acoes-lt\/#primaryimage"},"image":{"@id":"https:\/\/www.suno.com.br\/noticias\/bmg-bmgb4-anuncia-programa-recompra-acoes-lt\/#primaryimage"},"thumbnailUrl":"https:\/\/files.sunoresearch.com.br\/n\/uploads\/2023\/05\/crise-globo-vermelho-queda.jpg","datePublished":"2024-01-05T23:58:43+00:00","dateModified":"2024-01-05T23:58:49+00:00","description":"O conselho de administra\u00e7\u00e3o do BMG aprovou nesta sexta-feira (5) um novo programa de recompra de at\u00e9 13,273 milh\u00f5es de a\u00e7\u00f5es preferenciais","breadcrumb":{"@id":"https:\/\/www.suno.com.br\/noticias\/bmg-bmgb4-anuncia-programa-recompra-acoes-lt\/#breadcrumb"},"inLanguage":"pt-BR","potentialAction":[{"@type":"ReadAction","target":["https:\/\/www.suno.com.br\/noticias\/bmg-bmgb4-anuncia-programa-recompra-acoes-lt\/"]}]},{"@type":"ImageObject","inLanguage":"pt-BR","@id":"https:\/\/www.suno.com.br\/noticias\/bmg-bmgb4-anuncia-programa-recompra-acoes-lt\/#primaryimage","url":"https:\/\/files.sunoresearch.com.br\/n\/uploads\/2023\/05\/crise-globo-vermelho-queda.jpg","contentUrl":"https:\/\/files.sunoresearch.com.br\/n\/uploads\/2023\/05\/crise-globo-vermelho-queda.jpg","width":1200,"height":800,"caption":"bolsas da Europa. Foto: iStock"},{"@type":"BreadcrumbList","@id":"https:\/\/www.suno.com.br\/noticias\/bmg-bmgb4-anuncia-programa-recompra-acoes-lt\/#breadcrumb","itemListElement":[{"@type":"ListItem","position":1,"name":"Not\u00edcias","item":"https:\/\/www.suno.com.br\/noticias\/"},{"@type":"ListItem","position":2,"name":"Neg\u00f3cios","item":"https:\/\/www.suno.com.br\/noticias\/negocios\/"},{"@type":"ListItem","position":3,"name":"BMG (BMGB4) anuncia programa de recompra de a\u00e7\u00f5es; veja mais destaques do mercado nesta sexta (5)"}]},{"@type":"WebSite","@id":"https:\/\/www.suno.com.br\/noticias\/#website","url":"https:\/\/www.suno.com.br\/noticias\/","name":"Suno Not\u00edcias","description":"Seu portal de informa\u00e7\u00e3o sobre o mundo dos investimentos","publisher":{"@id":"https:\/\/www.suno.com.br\/noticias\/#organization"},"potentialAction":[{"@type":"SearchAction","target":{"@type":"EntryPoint","urlTemplate":"https:\/\/www.suno.com.br\/noticias\/?s={search_term_string}"},"query-input":{"@type":"PropertyValueSpecification","valueRequired":true,"valueName":"search_term_string"}}],"inLanguage":"pt-BR"},{"@type":"Organization","@id":"https:\/\/www.suno.com.br\/noticias\/#organization","name":"Suno Not\u00edcias","url":"https:\/\/www.suno.com.br\/noticias\/","logo":{"@type":"ImageObject","inLanguage":"pt-BR","@id":"https:\/\/www.suno.com.br\/noticias\/#\/schema\/logo\/image\/","url":"https:\/\/files.sunoresearch.com.br\/n\/uploads\/2021\/09\/suno-logo.png","contentUrl":"https:\/\/files.sunoresearch.com.br\/n\/uploads\/2021\/09\/suno-logo.png","width":180,"height":180,"caption":"Suno Not\u00edcias"},"image":{"@id":"https:\/\/www.suno.com.br\/noticias\/#\/schema\/logo\/image\/"},"sameAs":["https:\/\/facebook.com\/sunoresearch","https:\/\/x.com\/sunoresearch","https:\/\/www.instagram.com\/suno","https:\/\/www.linkedin.com\/company\/suno-research\/","https:\/\/www.youtube.com\/c\/sunoresearch"]},{"@type":"Person","@id":"https:\/\/www.suno.com.br\/noticias\/#\/schema\/person\/96b86313436a5af8c004989de27d4962","name":"Leandro Tavares","image":{"@type":"ImageObject","inLanguage":"pt-BR","@id":"https:\/\/www.suno.com.br\/noticias\/#\/schema\/person\/image\/","url":"https:\/\/secure.gravatar.com\/avatar\/cef3014f9ca74cf54fb41dc01807a08b?s=96&r=g","contentUrl":"https:\/\/secure.gravatar.com\/avatar\/cef3014f9ca74cf54fb41dc01807a08b?s=96&r=g","caption":"Leandro Tavares"},"url":"https:\/\/www.suno.com.br\/noticias\/author\/leandro-sbtavaresgmail-com\/"}]}},"default_loop_html":"<div class=\"cardsPage__listCard__boxs\"><div class=\"cardsPage__listCard__boxs__img\"><a href=\"https:\/\/www.suno.com.br\/noticias\/bmg-bmgb4-anuncia-programa-recompra-acoes-lt\/\"><img class=\"mask\" src=\"https:\/\/www.suno.com.br\/noticias\/wp-content\/themes\/suno\/resources\/images\/spotlight\/spotlight1img\/bg-mask.png\" alt=\"Image Mask\"\/><img src=\"https:\/\/files.sunoresearch.com.br\/n\/uploads\/2023\/05\/crise-globo-vermelho-queda-400x200.jpg\" alt=\"BMG (BMGB4) anuncia programa de recompra de a\u00e7\u00f5es; veja mais destaques do mercado nesta sexta (5)\"\/><\/a><span class=\"spotlightCategory\"><a href=\"https:\/\/www.suno.com.br\/noticias\/negocios\/\">Neg\u00f3cios<\/a><\/span><\/div><div class=\"cardsPage__listCard__boxs__content\"><a href=\"https:\/\/www.suno.com.br\/noticias\/bmg-bmgb4-anuncia-programa-recompra-acoes-lt\/\"><h2 class=\"content__title\">BMG (BMGB4) anuncia programa de recompra de a\u00e7\u00f5es; veja mais destaques do mercado nesta sexta (5)<\/h2><\/a><div class=\"newsContent__article__meta\"><div class=\"newsContent__article__meta__authorBox\"><a href=\"https:\/\/www.suno.com.br\/noticias\/author\/leandro-sbtavaresgmail-com\/\" class=\"authorBox__avatar noMobi\"><img src=\"https:\/\/files.sunoresearch.com.br\/n\/uploads\/2024\/01\/Foto-150x150.jpg\" alt=\"Leandro Tavares\"><\/a><div class=\"authorBox__name\"><span>por\n\t\t\t<a href=\"https:\/\/www.suno.com.br\/noticias\/author\/leandro-sbtavaresgmail-com\/\"><span itemprop=\"author\">Leandro Tavares<\/span><\/a><\/span><time datetime=\"2024-01-05T20:58:43-03:00\" itemprop=\"datePublished\">05\/01\/2024 20:58<\/time><\/div><\/div><\/div><\/div><\/div>","single_layout":"posts","amp_enabled":true,"_links":{"self":[{"href":"https:\/\/www.suno.com.br\/noticias\/wp-json\/wp\/v2\/posts\/507294"}],"collection":[{"href":"https:\/\/www.suno.com.br\/noticias\/wp-json\/wp\/v2\/posts"}],"about":[{"href":"https:\/\/www.suno.com.br\/noticias\/wp-json\/wp\/v2\/types\/post"}],"author":[{"embeddable":true,"href":"https:\/\/www.suno.com.br\/noticias\/wp-json\/wp\/v2\/users\/340"}],"replies":[{"embeddable":true,"href":"https:\/\/www.suno.com.br\/noticias\/wp-json\/wp\/v2\/comments?post=507294"}],"version-history":[{"count":3,"href":"https:\/\/www.suno.com.br\/noticias\/wp-json\/wp\/v2\/posts\/507294\/revisions"}],"predecessor-version":[{"id":507323,"href":"https:\/\/www.suno.com.br\/noticias\/wp-json\/wp\/v2\/posts\/507294\/revisions\/507323"}],"wp:featuredmedia":[{"embeddable":true,"href":"https:\/\/www.suno.com.br\/noticias\/wp-json\/wp\/v2\/media\/401521"}],"wp:attachment":[{"href":"https:\/\/www.suno.com.br\/noticias\/wp-json\/wp\/v2\/media?parent=507294"}],"wp:term":[{"taxonomy":"category","embeddable":true,"href":"https:\/\/www.suno.com.br\/noticias\/wp-json\/wp\/v2\/categories?post=507294"},{"taxonomy":"post_tag","embeddable":true,"href":"https:\/\/www.suno.com.br\/noticias\/wp-json\/wp\/v2\/tags?post=507294"},{"taxonomy":"suno_strategy","embeddable":true,"href":"https:\/\/www.suno.com.br\/noticias\/wp-json\/wp\/v2\/suno_strategy?post=507294"}],"curies":[{"name":"wp","href":"https:\/\/api.w.org\/{rel}","templated":true}]}}