{"id":507016,"date":"2024-01-05T12:28:48","date_gmt":"2024-01-05T15:28:48","guid":{"rendered":"https:\/\/www.suno.com.br\/noticias\/?p=507016"},"modified":"2024-01-05T13:02:27","modified_gmt":"2024-01-05T16:02:27","slug":"terror-casas-bahia-bhia3-advogado-multado-processos-evm","status":"publish","type":"post","link":"https:\/\/www.suno.com.br\/noticias\/terror-casas-bahia-bhia3-advogado-multado-processos-evm\/","title":{"rendered":"Terror das Casas Bahia (BHIA3): Advogado \u00e9 multado em R$ 1,7 milh\u00e3o por &#8216;pr\u00e1tica predat\u00f3ria&#8217;"},"content":{"rendered":"<p>A Justi\u00e7a do Trabalho do Rio de Janeiro aplicou uma multa e extinguiu 18 processos de uma s\u00f3 vez que foram movidos por um mesmo advogado contra diversas varejistas &#8211; incluindo as <a href=\"https:\/\/statusinvest.com.br\/acoes\/bhia3\" target=\"_blank\" rel=\"noreferrer noopener\"><strong>Casas Bahia<\/strong> (BHIA3)<\/a>, o <a class=\"suno-keyword\" data-force=\"yes\" data-priority=\"2\" href=\"https:\/\/www.suno.com.br\/acoes\/MGLU3\/\" target=\"_blank\" rel=\"noopener\">Magazine Luiza (MGLU3)<\/a> e outras.<\/p><div class=\"videoFull \">\n\t\t\t<div class=\"videoWrapper yt-lazyload center\"\n\t\t\t\tdata-width=\"960\"\n\t\t\t\tdata-height=\"540\"\n\t\t\t\tdata-id=\"JZFN4WA0AOg\"\n\t\t\t\tdata-alt=\"V\u00eddeo do YouTube - clique para reproduzir\"\n\t\t\t\tdata-logo=\"3\"\n\t\t\t\tdata-imagequality=\"maxres\">\n\t\t\t<\/div>\n\t\t<\/div><script type=\"application\/ld+json\">{\"@context\":\"https:\/\/schema.org\",\"@type\":\"VideoObject\",\"name\":\"\ud83d\udd34AMERICANAS (AMER3) NA MIRA DA CVM? | Ibovespa cai | Zamp, dona do BK, desaba na bolsa\",\"description\":\"#mercadofinanceiro #a\u00e7\u00f5es #investimentos #bolsadevalores #ibovespa #dinheiro #finan\u00e7as #pol\u00edtica #d\u00f3lar #livedas19h #petr4 #petrobras #vale3 #vale #a\u00e7\u00f5es #economia #dividendos #americanas #amer3 #zamp #zamp3 #burgerking #bk #cvm \ud83d\udd34 SUNOFLIX - MELHORES INVESTIMENTOS PARA 2024: https:\/\/lp.suno.com.br\/cl\/sunoflix-2024\/?utm_source=youtube.noticias&utm_medium=live&utm_campaign=RS.EIN24.ns.20240103&utm_content=noticias.live.03012024 00:00 In\u00edcio do v\u00eddeo 01:45 Fechamento de mercado 06:57 Americanas na mira da CVM 11:48 Zamp cai 19% ap\u00f3s sair do Novo Mercado\u2026\",\"duration\":\"PT28M51S\",\"embedUrl\":\"https:\/\/www.youtube.com\/embed\/JZFN4WA0AOg\",\"regionsAllowed\":\"en-US\",\"interactionStatistic\":{\"@type\":\"InteractionCounter\",\"interactionType\":{\"@type\":\"WatchAction\"},\"userInteractionCount\":1852},\"thumbnailUrl\":\"https:\/\/i.ytimg.com\/vi\/JZFN4WA0AOg\/default.jpg\",\"uploadDate\":\"2024-01-05T10:38:00Z\"}<\/script>\n\n\n\n\n\t<p>\n\t\t<a href=\"https:\/\/lp.suno.com.br\/planilha-da-vida-financeira\/\" target=\"_blank\" data-element=\"shortcode-suno-banner\" title=\"Banner SUNO, clique e saiba mais\">\n\t\t\t<picture>\n\t\t\t\t<source media=\"(max-width: 500px)\" srcset=\"https:\/\/files.sunoresearch.com.br\/n\/uploads\/2023\/04\/400x300-Planilha-vida-financeira-true.png\">\n\t\t\t\t<img class=\"newsContent__article__imgCapa newsContent__article__imgCapa--banner\"\n\t\t\t\t\tsrc=\"https:\/\/files.sunoresearch.com.br\/n\/uploads\/2023\/04\/1420x240-Planilha-vida-financeira-true.png\"\n\t\t\t\t\tdata-promo-id=\"106682\"\t\t\t\t\t\t\t\t\t\twidth='1420' height='240'\t\t\t\t\talt=\"https:\/\/files.sunoresearch.com.br\/n\/uploads\/2023\/04\/1420x240-Planilha-vida-financeira-true.png\"\n\t\t\t\t>\n\t\t\t<\/picture>\n\t\t<\/a>\n\t<\/p>\n\n\n\n\n\n\n\n<p>O entendimento da Justi\u00e7a fluminense foi de que o <strong>advogado que processou as Casas Bahia<\/strong> e outras varejistas estava praticando &#8220;advocacia predat\u00f3ria&#8221;. <\/p>\n\n\n\n<p>A senten\u00e7a judicial aponta que as causas movidas contra as empresas tinham alega\u00e7\u00f5es gen\u00e9ricas e falsas sobre horas extras e comiss\u00f5es n\u00e3o pagas.<\/p>\n\n\n\n<p>Os processos movidos pelo advogado somam R$ 8,7 milh\u00f5es e a multa firmada pela pr\u00e1tica de <strong>advocacia predat\u00f3ria<\/strong> \u00e9 de 20% desta cifra &#8211; totalizando pouco mais de R$ 1,7 milh\u00e3o.<\/p>\n\n\n\n<p>Segundo o juiz Marcelo Alexandrino da Costa Santos, da 3\u00aa Vara Trabalhista de Nova Igua\u00e7u, se verificam &#8220;conduta processual temerariamente fraudulenta e deliberada altera\u00e7\u00e3o da verdade dos fatos&#8221;.<\/p>\n\n\n\n<p>O magistrado destaca que \u201ch\u00e1 provas mais do que suficientes para caracterizar a abusividade e a fraudul\u00eancia das demandas massivamente patrocinadas pelo escrit\u00f3rio em desfavor, n\u00e3o apenas da r\u00e9, mas tamb\u00e9m de outras empresas\u201d.<\/p>\n\n\n\n<p>Al\u00e9m disso, o juiz destacou o valor das causas movidas pelo advogado, &#8220;muito mais altas que o usual&#8221;.<\/p>\n\n\n\n<p>Enquanto o valor de causas an\u00e1logas fica entre R$ 13 mil a R$ 56 mil, o valor m\u00e9dio das causas do advogado em quest\u00e3o era de R$ 484 mil.<\/p>\n\n\n\n<p>O juiz que determinou a penalidade, al\u00e9m da multa, determinou que o caso fosse enviado aos centros de intelig\u00eancia do Conselho Nacional de Justi\u00e7a (CNJ), do Tribunal Superior do Trabalho (TST), do Tribunal Regional do Trabalho do Rio de Janeiro (TRT-RJ), \u00e0 Corregedoria, ju\u00edzes e desembargadores do TRT, Minist\u00e9rio P\u00fablico Federal e Ordem dos Advogados do Brasil (OAB). <\/p>\n\n\n\n<p>Al\u00e9m das Casas Bahia e do Magalu, a lista de empresas que foram &#8216;alvo&#8217; do advogado contempla as <a class=\"suno-keyword\" target=\"_blank\" data-force=\"yes\" data-priority=\"2\" href=\"https:\/\/www.suno.com.br\/acoes\/LREN3\/\" rel=\"noopener\">Lojas Renner (LREN3)<\/a>, a Ri-Happy e o <a class=\"suno-keyword\" target=\"_blank\" data-force=\"yes\" data-priority=\"2\" href=\"https:\/\/www.suno.com.br\/acoes\/PCAR3\/\" rel=\"noopener\">GPA (PCAR3)<\/a>.<\/p>\n\n\n\t<p>\n\t\t<a href=\"https:\/\/lp.suno.com.br\/ebook-como-analisar-uma-acao\/\" target=\"_blank\" data-element=\"shortcode-suno-banner\" title=\"Banner SUNO, clique e saiba mais\">\n\t\t\t<picture>\n\t\t\t\t<source media=\"(max-width: 500px)\" srcset=\"https:\/\/files.sunoresearch.com.br\/n\/uploads\/2023\/03\/Ebook-Acoes-Mobile.jpg\">\n\t\t\t\t<img class=\"newsContent__article__imgCapa newsContent__article__imgCapa--banner\"\n\t\t\t\t\tsrc=\"https:\/\/files.sunoresearch.com.br\/n\/uploads\/2023\/03\/Ebook-Acoes-Desktop.jpg\"\n\t\t\t\t\tdata-promo-id=\"378302\"\t\t\t\t\t\t\t\t\t\twidth='1420' height='286'\t\t\t\t\talt=\"https:\/\/files.sunoresearch.com.br\/n\/uploads\/2023\/03\/Ebook-Acoes-Desktop.jpg\"\n\t\t\t\t>\n\t\t\t<\/picture>\n\t\t<\/a>\n\t<\/p>\n\n\n\n\n\n<h2 class=\"wp-block-heading\">Advogado da Casas Bahia destaca que caso &#8216;serve de exemplo&#8217;<\/h2>\n\n\n\n<p>O advogado que representou o <strong>Grupo Casas Bahia<\/strong> no processo em quest\u00e3o destacou ao jornal Valor Econ\u00f4mico que a decis\u00e3o judicial foi &#8216;exemplar&#8217;.<\/p>\n\n\n\n<p>\u201cA decis\u00e3o proferida \u00e9 louv\u00e1vel, e reflete a postura ativa das empresas e do Judici\u00e1rio no combate da advocacia predat\u00f3ria\u201d, disse Luciano Mariano.<\/p>\n\n\n\n<p>O <strong>advogado<\/strong> ainda chamou aten\u00e7\u00e3o para o fato de que esse tipo de pr\u00e1tica tem se tornado recorrente nos \u00faltimos anos e que, com isso, empresas tem sido lesadas financeiramente.<\/p>\n\n\n\n<p>\u201cEventuais condena\u00e7\u00f5es podem trazer um impacto financeiro grande para as empresas\u201d, disse o advogado das <strong>Casas Bahia<\/strong>.<\/p>\n\n\n\t<p>\n\t\t<a href=\"https:\/\/lp.suno.com.br\/planilha-da-vida-financeira\/\" target=\"_blank\" data-element=\"shortcode-suno-banner\" title=\"Banner SUNO, clique e saiba mais\">\n\t\t\t<picture>\n\t\t\t\t<source media=\"(max-width: 500px)\" srcset=\"https:\/\/files.sunoresearch.com.br\/n\/uploads\/2023\/04\/400x300-Planilha-vida-financeira-true.png\">\n\t\t\t\t<img class=\"newsContent__article__imgCapa newsContent__article__imgCapa--banner\"\n\t\t\t\t\tsrc=\"https:\/\/files.sunoresearch.com.br\/n\/uploads\/2023\/04\/1420x240-Planilha-vida-financeira-true.png\"\n\t\t\t\t\tdata-promo-id=\"383123\"\t\t\t\t\t\t\t\t\t\twidth='1420' height='240'\t\t\t\t\talt=\"https:\/\/files.sunoresearch.com.br\/n\/uploads\/2023\/04\/1420x240-Planilha-vida-financeira-true.png\"\n\t\t\t\t>\n\t\t\t<\/picture>\n\t\t<\/a>\n\t<\/p>\n\n\n","protected":false},"excerpt":{"rendered":"<p>A Justi\u00e7a do Trabalho do Rio de Janeiro aplicou uma multa e extinguiu 18 processos de uma s\u00f3 vez que foram movidos por um mesmo advogado contra diversas varejistas &#8211; incluindo as Casas Bahia (BHIA3), o Magazine Luiza (MGLU3) e outras. O entendimento da Justi\u00e7a fluminense foi de que o advogado que processou as Casas [&hellip;]<\/p>\n","protected":false},"author":73,"featured_media":452779,"comment_status":"closed","ping_status":"closed","sticky":false,"template":"","format":"standard","meta":[],"categories":[64],"tags":[],"suno_strategy":[],"class_list":["post-507016","post","type-post","status-publish","format-standard","has-post-thumbnail","hentry","category-negocios"],"yoast_head":"<!-- This site is optimized with the Yoast SEO plugin v24.4 - https:\/\/yoast.com\/wordpress\/plugins\/seo\/ -->\n<title>Terror das Casas Bahia (BHIA3): advogado sofre multa milion\u00e1ria<\/title>\n<meta name=\"description\" content=\"O entendimento da Justi\u00e7a foi de que o advogado que processou as Casas Bahia e outras varejistas estava praticando &quot;advocacia predat\u00f3ria&quot;\" \/>\n<meta name=\"robots\" content=\"index, follow, max-snippet:-1, max-image-preview:large, max-video-preview:-1\" \/>\n<link rel=\"canonical\" href=\"https:\/\/www.suno.com.br\/noticias\/terror-casas-bahia-bhia3-advogado-multado-processos-evm\/\" \/>\n<meta property=\"og:locale\" content=\"pt_BR\" \/>\n<meta property=\"og:type\" content=\"article\" \/>\n<meta property=\"og:title\" content=\"Terror das Casas Bahia (BHIA3): advogado sofre multa milion\u00e1ria\" \/>\n<meta property=\"og:description\" content=\"O entendimento da Justi\u00e7a foi de que o advogado que processou as Casas Bahia e outras varejistas estava praticando &quot;advocacia predat\u00f3ria&quot;\" \/>\n<meta property=\"og:url\" content=\"https:\/\/www.suno.com.br\/noticias\/terror-casas-bahia-bhia3-advogado-multado-processos-evm\/\" \/>\n<meta property=\"og:site_name\" content=\"Suno Not\u00edcias\" \/>\n<meta property=\"article:publisher\" content=\"https:\/\/facebook.com\/sunoresearch\" \/>\n<meta property=\"og:image\" content=\"https:\/\/files.sunoresearch.com.br\/n\/uploads\/2023\/09\/casas-bahia-via-viia3-loja.jpg\" \/>\n\t<meta property=\"og:image:width\" content=\"1200\" \/>\n\t<meta property=\"og:image:height\" content=\"800\" \/>\n\t<meta property=\"og:image:type\" content=\"image\/jpeg\" \/>\n<meta name=\"author\" content=\"Eduardo Vargas\" \/>\n<meta name=\"twitter:card\" content=\"summary_large_image\" \/>\n<meta name=\"twitter:creator\" content=\"@sunoresearch\" \/>\n<meta name=\"twitter:site\" content=\"@sunoresearch\" \/>\n<meta name=\"twitter:label1\" content=\"Escrito por\" \/>\n\t<meta name=\"twitter:data1\" content=\"Eduardo Vargas\" \/>\n\t<meta name=\"twitter:label2\" content=\"Est. tempo de leitura\" \/>\n\t<meta name=\"twitter:data2\" content=\"3 minutos\" \/>\n<script type=\"application\/ld+json\" class=\"yoast-schema-graph\">{\"@context\":\"https:\/\/schema.org\",\"@graph\":[{\"@type\":\"NewsArticle\",\"@id\":\"https:\/\/www.suno.com.br\/noticias\/terror-casas-bahia-bhia3-advogado-multado-processos-evm\/#article\",\"isPartOf\":{\"@id\":\"https:\/\/www.suno.com.br\/noticias\/terror-casas-bahia-bhia3-advogado-multado-processos-evm\/\"},\"author\":{\"name\":\"Eduardo Vargas\",\"@id\":\"https:\/\/www.suno.com.br\/noticias\/#\/schema\/person\/7f4d362bf3518e76090143ae77bb49a5\"},\"headline\":\"Terror das Casas Bahia (BHIA3): Advogado \u00e9 multado em R$ 1,7 milh\u00e3o por &#8216;pr\u00e1tica predat\u00f3ria&#8217;\",\"datePublished\":\"2024-01-05T15:28:48+00:00\",\"dateModified\":\"2024-01-05T16:02:27+00:00\",\"mainEntityOfPage\":{\"@id\":\"https:\/\/www.suno.com.br\/noticias\/terror-casas-bahia-bhia3-advogado-multado-processos-evm\/\"},\"wordCount\":467,\"publisher\":{\"@id\":\"https:\/\/www.suno.com.br\/noticias\/#organization\"},\"image\":{\"@id\":\"https:\/\/www.suno.com.br\/noticias\/terror-casas-bahia-bhia3-advogado-multado-processos-evm\/#primaryimage\"},\"thumbnailUrl\":\"https:\/\/files.sunoresearch.com.br\/n\/uploads\/2023\/09\/casas-bahia-via-viia3-loja.jpg\",\"articleSection\":[\"Neg\u00f3cios\"],\"inLanguage\":\"pt-BR\"},{\"@type\":\"WebPage\",\"@id\":\"https:\/\/www.suno.com.br\/noticias\/terror-casas-bahia-bhia3-advogado-multado-processos-evm\/\",\"url\":\"https:\/\/www.suno.com.br\/noticias\/terror-casas-bahia-bhia3-advogado-multado-processos-evm\/\",\"name\":\"Terror das Casas Bahia (BHIA3): advogado sofre multa milion\u00e1ria\",\"isPartOf\":{\"@id\":\"https:\/\/www.suno.com.br\/noticias\/#website\"},\"primaryImageOfPage\":{\"@id\":\"https:\/\/www.suno.com.br\/noticias\/terror-casas-bahia-bhia3-advogado-multado-processos-evm\/#primaryimage\"},\"image\":{\"@id\":\"https:\/\/www.suno.com.br\/noticias\/terror-casas-bahia-bhia3-advogado-multado-processos-evm\/#primaryimage\"},\"thumbnailUrl\":\"https:\/\/files.sunoresearch.com.br\/n\/uploads\/2023\/09\/casas-bahia-via-viia3-loja.jpg\",\"datePublished\":\"2024-01-05T15:28:48+00:00\",\"dateModified\":\"2024-01-05T16:02:27+00:00\",\"description\":\"O entendimento da Justi\u00e7a foi de que o advogado que processou as Casas Bahia e outras varejistas estava praticando \\\"advocacia predat\u00f3ria\\\"\",\"breadcrumb\":{\"@id\":\"https:\/\/www.suno.com.br\/noticias\/terror-casas-bahia-bhia3-advogado-multado-processos-evm\/#breadcrumb\"},\"inLanguage\":\"pt-BR\",\"potentialAction\":[{\"@type\":\"ReadAction\",\"target\":[\"https:\/\/www.suno.com.br\/noticias\/terror-casas-bahia-bhia3-advogado-multado-processos-evm\/\"]}]},{\"@type\":\"ImageObject\",\"inLanguage\":\"pt-BR\",\"@id\":\"https:\/\/www.suno.com.br\/noticias\/terror-casas-bahia-bhia3-advogado-multado-processos-evm\/#primaryimage\",\"url\":\"https:\/\/files.sunoresearch.com.br\/n\/uploads\/2023\/09\/casas-bahia-via-viia3-loja.jpg\",\"contentUrl\":\"https:\/\/files.sunoresearch.com.br\/n\/uploads\/2023\/09\/casas-bahia-via-viia3-loja.jpg\",\"width\":1200,\"height\":800,\"caption\":\"Casas Bahia (BHIA3). Foto: Reprodu\u00e7\u00e3o\/ Via\"},{\"@type\":\"BreadcrumbList\",\"@id\":\"https:\/\/www.suno.com.br\/noticias\/terror-casas-bahia-bhia3-advogado-multado-processos-evm\/#breadcrumb\",\"itemListElement\":[{\"@type\":\"ListItem\",\"position\":1,\"name\":\"Not\u00edcias\",\"item\":\"https:\/\/www.suno.com.br\/noticias\/\"},{\"@type\":\"ListItem\",\"position\":2,\"name\":\"Neg\u00f3cios\",\"item\":\"https:\/\/www.suno.com.br\/noticias\/negocios\/\"},{\"@type\":\"ListItem\",\"position\":3,\"name\":\"Terror das Casas Bahia (BHIA3): Advogado \u00e9 multado em R$ 1,7 milh\u00e3o por &#8216;pr\u00e1tica predat\u00f3ria&#8217;\"}]},{\"@type\":\"WebSite\",\"@id\":\"https:\/\/www.suno.com.br\/noticias\/#website\",\"url\":\"https:\/\/www.suno.com.br\/noticias\/\",\"name\":\"Suno Not\u00edcias\",\"description\":\"Seu portal de informa\u00e7\u00e3o sobre o mundo dos investimentos\",\"publisher\":{\"@id\":\"https:\/\/www.suno.com.br\/noticias\/#organization\"},\"potentialAction\":[{\"@type\":\"SearchAction\",\"target\":{\"@type\":\"EntryPoint\",\"urlTemplate\":\"https:\/\/www.suno.com.br\/noticias\/?s={search_term_string}\"},\"query-input\":{\"@type\":\"PropertyValueSpecification\",\"valueRequired\":true,\"valueName\":\"search_term_string\"}}],\"inLanguage\":\"pt-BR\"},{\"@type\":\"Organization\",\"@id\":\"https:\/\/www.suno.com.br\/noticias\/#organization\",\"name\":\"Suno Not\u00edcias\",\"url\":\"https:\/\/www.suno.com.br\/noticias\/\",\"logo\":{\"@type\":\"ImageObject\",\"inLanguage\":\"pt-BR\",\"@id\":\"https:\/\/www.suno.com.br\/noticias\/#\/schema\/logo\/image\/\",\"url\":\"https:\/\/files.sunoresearch.com.br\/n\/uploads\/2021\/09\/suno-logo.png\",\"contentUrl\":\"https:\/\/files.sunoresearch.com.br\/n\/uploads\/2021\/09\/suno-logo.png\",\"width\":180,\"height\":180,\"caption\":\"Suno Not\u00edcias\"},\"image\":{\"@id\":\"https:\/\/www.suno.com.br\/noticias\/#\/schema\/logo\/image\/\"},\"sameAs\":[\"https:\/\/facebook.com\/sunoresearch\",\"https:\/\/x.com\/sunoresearch\",\"https:\/\/www.instagram.com\/suno\",\"https:\/\/www.linkedin.com\/company\/suno-research\/\",\"https:\/\/www.youtube.com\/c\/sunoresearch\"]},{\"@type\":\"Person\",\"@id\":\"https:\/\/www.suno.com.br\/noticias\/#\/schema\/person\/7f4d362bf3518e76090143ae77bb49a5\",\"name\":\"Eduardo Vargas\",\"image\":{\"@type\":\"ImageObject\",\"inLanguage\":\"pt-BR\",\"@id\":\"https:\/\/www.suno.com.br\/noticias\/#\/schema\/person\/image\/\",\"url\":\"https:\/\/secure.gravatar.com\/avatar\/dac340933427a22924c9f99d1eb2e3f2?s=96&r=g\",\"contentUrl\":\"https:\/\/secure.gravatar.com\/avatar\/dac340933427a22924c9f99d1eb2e3f2?s=96&r=g\",\"caption\":\"Eduardo Vargas\"},\"description\":\"Jornalista formado pela UFSC, cobre macroeconomia, neg\u00f3cios e startups para o Suno Not\u00edcias, escrevendo principalmente not\u00edcias sobre o mercado financeiro e a bolsa de valores. No YouTube e no Instagram, \u00e9 respons\u00e1vel pela produ\u00e7\u00e3o de Reels e Shorts do Suno Not\u00edcias. Anteriormente, trabalhou cobrindo economia e cotidiano no ND+ e para o ND, maior jornal impresso de Santa Catarina. Cursou um semestre letivo de Estudos de M\u00eddia na Universidad de Buenos Aires.\",\"url\":\"https:\/\/www.suno.com.br\/noticias\/author\/eduardo-vargas\/\"}]}<\/script>\n<!-- \/ Yoast SEO plugin. -->","yoast_head_json":{"title":"Terror das Casas Bahia (BHIA3): advogado sofre multa milion\u00e1ria","description":"O entendimento da Justi\u00e7a foi de que o advogado que processou as Casas Bahia e outras varejistas estava praticando \"advocacia predat\u00f3ria\"","robots":{"index":"index","follow":"follow","max-snippet":"max-snippet:-1","max-image-preview":"max-image-preview:large","max-video-preview":"max-video-preview:-1"},"canonical":"https:\/\/www.suno.com.br\/noticias\/terror-casas-bahia-bhia3-advogado-multado-processos-evm\/","og_locale":"pt_BR","og_type":"article","og_title":"Terror das Casas Bahia (BHIA3): advogado sofre multa milion\u00e1ria","og_description":"O entendimento da Justi\u00e7a foi de que o advogado que processou as Casas Bahia e outras varejistas estava praticando \"advocacia predat\u00f3ria\"","og_url":"https:\/\/www.suno.com.br\/noticias\/terror-casas-bahia-bhia3-advogado-multado-processos-evm\/","og_site_name":"Suno Not\u00edcias","article_publisher":"https:\/\/facebook.com\/sunoresearch","og_image":[{"width":1200,"height":800,"url":"https:\/\/files.sunoresearch.com.br\/n\/uploads\/2023\/09\/casas-bahia-via-viia3-loja.jpg","type":"image\/jpeg"}],"author":"Eduardo Vargas","twitter_card":"summary_large_image","twitter_creator":"@sunoresearch","twitter_site":"@sunoresearch","twitter_misc":{"Escrito por":"Eduardo Vargas","Est. tempo de leitura":"3 minutos"},"schema":{"@context":"https:\/\/schema.org","@graph":[{"@type":"NewsArticle","@id":"https:\/\/www.suno.com.br\/noticias\/terror-casas-bahia-bhia3-advogado-multado-processos-evm\/#article","isPartOf":{"@id":"https:\/\/www.suno.com.br\/noticias\/terror-casas-bahia-bhia3-advogado-multado-processos-evm\/"},"author":{"name":"Eduardo Vargas","@id":"https:\/\/www.suno.com.br\/noticias\/#\/schema\/person\/7f4d362bf3518e76090143ae77bb49a5"},"headline":"Terror das Casas Bahia (BHIA3): Advogado \u00e9 multado em R$ 1,7 milh\u00e3o por &#8216;pr\u00e1tica predat\u00f3ria&#8217;","datePublished":"2024-01-05T15:28:48+00:00","dateModified":"2024-01-05T16:02:27+00:00","mainEntityOfPage":{"@id":"https:\/\/www.suno.com.br\/noticias\/terror-casas-bahia-bhia3-advogado-multado-processos-evm\/"},"wordCount":467,"publisher":{"@id":"https:\/\/www.suno.com.br\/noticias\/#organization"},"image":{"@id":"https:\/\/www.suno.com.br\/noticias\/terror-casas-bahia-bhia3-advogado-multado-processos-evm\/#primaryimage"},"thumbnailUrl":"https:\/\/files.sunoresearch.com.br\/n\/uploads\/2023\/09\/casas-bahia-via-viia3-loja.jpg","articleSection":["Neg\u00f3cios"],"inLanguage":"pt-BR"},{"@type":"WebPage","@id":"https:\/\/www.suno.com.br\/noticias\/terror-casas-bahia-bhia3-advogado-multado-processos-evm\/","url":"https:\/\/www.suno.com.br\/noticias\/terror-casas-bahia-bhia3-advogado-multado-processos-evm\/","name":"Terror das Casas Bahia (BHIA3): advogado sofre multa milion\u00e1ria","isPartOf":{"@id":"https:\/\/www.suno.com.br\/noticias\/#website"},"primaryImageOfPage":{"@id":"https:\/\/www.suno.com.br\/noticias\/terror-casas-bahia-bhia3-advogado-multado-processos-evm\/#primaryimage"},"image":{"@id":"https:\/\/www.suno.com.br\/noticias\/terror-casas-bahia-bhia3-advogado-multado-processos-evm\/#primaryimage"},"thumbnailUrl":"https:\/\/files.sunoresearch.com.br\/n\/uploads\/2023\/09\/casas-bahia-via-viia3-loja.jpg","datePublished":"2024-01-05T15:28:48+00:00","dateModified":"2024-01-05T16:02:27+00:00","description":"O entendimento da Justi\u00e7a foi de que o advogado que processou as Casas Bahia e outras varejistas estava praticando \"advocacia predat\u00f3ria\"","breadcrumb":{"@id":"https:\/\/www.suno.com.br\/noticias\/terror-casas-bahia-bhia3-advogado-multado-processos-evm\/#breadcrumb"},"inLanguage":"pt-BR","potentialAction":[{"@type":"ReadAction","target":["https:\/\/www.suno.com.br\/noticias\/terror-casas-bahia-bhia3-advogado-multado-processos-evm\/"]}]},{"@type":"ImageObject","inLanguage":"pt-BR","@id":"https:\/\/www.suno.com.br\/noticias\/terror-casas-bahia-bhia3-advogado-multado-processos-evm\/#primaryimage","url":"https:\/\/files.sunoresearch.com.br\/n\/uploads\/2023\/09\/casas-bahia-via-viia3-loja.jpg","contentUrl":"https:\/\/files.sunoresearch.com.br\/n\/uploads\/2023\/09\/casas-bahia-via-viia3-loja.jpg","width":1200,"height":800,"caption":"Casas Bahia (BHIA3). Foto: Reprodu\u00e7\u00e3o\/ Via"},{"@type":"BreadcrumbList","@id":"https:\/\/www.suno.com.br\/noticias\/terror-casas-bahia-bhia3-advogado-multado-processos-evm\/#breadcrumb","itemListElement":[{"@type":"ListItem","position":1,"name":"Not\u00edcias","item":"https:\/\/www.suno.com.br\/noticias\/"},{"@type":"ListItem","position":2,"name":"Neg\u00f3cios","item":"https:\/\/www.suno.com.br\/noticias\/negocios\/"},{"@type":"ListItem","position":3,"name":"Terror das Casas Bahia (BHIA3): Advogado \u00e9 multado em R$ 1,7 milh\u00e3o por &#8216;pr\u00e1tica predat\u00f3ria&#8217;"}]},{"@type":"WebSite","@id":"https:\/\/www.suno.com.br\/noticias\/#website","url":"https:\/\/www.suno.com.br\/noticias\/","name":"Suno Not\u00edcias","description":"Seu portal de informa\u00e7\u00e3o sobre o mundo dos investimentos","publisher":{"@id":"https:\/\/www.suno.com.br\/noticias\/#organization"},"potentialAction":[{"@type":"SearchAction","target":{"@type":"EntryPoint","urlTemplate":"https:\/\/www.suno.com.br\/noticias\/?s={search_term_string}"},"query-input":{"@type":"PropertyValueSpecification","valueRequired":true,"valueName":"search_term_string"}}],"inLanguage":"pt-BR"},{"@type":"Organization","@id":"https:\/\/www.suno.com.br\/noticias\/#organization","name":"Suno Not\u00edcias","url":"https:\/\/www.suno.com.br\/noticias\/","logo":{"@type":"ImageObject","inLanguage":"pt-BR","@id":"https:\/\/www.suno.com.br\/noticias\/#\/schema\/logo\/image\/","url":"https:\/\/files.sunoresearch.com.br\/n\/uploads\/2021\/09\/suno-logo.png","contentUrl":"https:\/\/files.sunoresearch.com.br\/n\/uploads\/2021\/09\/suno-logo.png","width":180,"height":180,"caption":"Suno Not\u00edcias"},"image":{"@id":"https:\/\/www.suno.com.br\/noticias\/#\/schema\/logo\/image\/"},"sameAs":["https:\/\/facebook.com\/sunoresearch","https:\/\/x.com\/sunoresearch","https:\/\/www.instagram.com\/suno","https:\/\/www.linkedin.com\/company\/suno-research\/","https:\/\/www.youtube.com\/c\/sunoresearch"]},{"@type":"Person","@id":"https:\/\/www.suno.com.br\/noticias\/#\/schema\/person\/7f4d362bf3518e76090143ae77bb49a5","name":"Eduardo Vargas","image":{"@type":"ImageObject","inLanguage":"pt-BR","@id":"https:\/\/www.suno.com.br\/noticias\/#\/schema\/person\/image\/","url":"https:\/\/secure.gravatar.com\/avatar\/dac340933427a22924c9f99d1eb2e3f2?s=96&r=g","contentUrl":"https:\/\/secure.gravatar.com\/avatar\/dac340933427a22924c9f99d1eb2e3f2?s=96&r=g","caption":"Eduardo Vargas"},"description":"Jornalista formado pela UFSC, cobre macroeconomia, neg\u00f3cios e startups para o Suno Not\u00edcias, escrevendo principalmente not\u00edcias sobre o mercado financeiro e a bolsa de valores. No YouTube e no Instagram, \u00e9 respons\u00e1vel pela produ\u00e7\u00e3o de Reels e Shorts do Suno Not\u00edcias. Anteriormente, trabalhou cobrindo economia e cotidiano no ND+ e para o ND, maior jornal impresso de Santa Catarina. Cursou um semestre letivo de Estudos de M\u00eddia na Universidad de Buenos Aires.","url":"https:\/\/www.suno.com.br\/noticias\/author\/eduardo-vargas\/"}]}},"default_loop_html":"<div class=\"cardsPage__listCard__boxs\"><div class=\"cardsPage__listCard__boxs__img\"><a href=\"https:\/\/www.suno.com.br\/noticias\/terror-casas-bahia-bhia3-advogado-multado-processos-evm\/\"><img class=\"mask\" src=\"https:\/\/www.suno.com.br\/noticias\/wp-content\/themes\/suno\/resources\/images\/spotlight\/spotlight1img\/bg-mask.png\" alt=\"Image Mask\"\/><img src=\"https:\/\/files.sunoresearch.com.br\/n\/uploads\/2023\/09\/casas-bahia-via-viia3-loja-400x200.jpg\" alt=\"Terror das Casas Bahia (BHIA3): Advogado \u00e9 multado em R$ 1,7 milh\u00e3o por &#8216;pr\u00e1tica predat\u00f3ria&#8217;\"\/><\/a><span class=\"spotlightCategory\"><a href=\"https:\/\/www.suno.com.br\/noticias\/negocios\/\">Neg\u00f3cios<\/a><\/span><\/div><div class=\"cardsPage__listCard__boxs__content\"><a href=\"https:\/\/www.suno.com.br\/noticias\/terror-casas-bahia-bhia3-advogado-multado-processos-evm\/\"><h2 class=\"content__title\">Terror das Casas Bahia (BHIA3): Advogado \u00e9 multado em R$ 1,7 milh\u00e3o por &#8216;pr\u00e1tica predat\u00f3ria&#8217;<\/h2><\/a><div class=\"newsContent__article__meta\"><div class=\"newsContent__article__meta__authorBox\"><a href=\"https:\/\/www.suno.com.br\/noticias\/author\/eduardo-vargas\/\" class=\"authorBox__avatar noMobi\"><img src=\"https:\/\/secure.gravatar.com\/avatar\/dac340933427a22924c9f99d1eb2e3f2?s=96&#038;r=g\" alt=\"Eduardo Vargas\"><\/a><div class=\"authorBox__name\"><span>por\n\t\t\t<a href=\"https:\/\/www.suno.com.br\/noticias\/author\/eduardo-vargas\/\"><span itemprop=\"author\">Eduardo Vargas<\/span><\/a><\/span><time datetime=\"2024-01-05T12:28:48-03:00\" itemprop=\"datePublished\">05\/01\/2024 12:28<\/time><\/div><\/div><\/div><\/div><\/div>","single_layout":"posts","amp_enabled":true,"_links":{"self":[{"href":"https:\/\/www.suno.com.br\/noticias\/wp-json\/wp\/v2\/posts\/507016"}],"collection":[{"href":"https:\/\/www.suno.com.br\/noticias\/wp-json\/wp\/v2\/posts"}],"about":[{"href":"https:\/\/www.suno.com.br\/noticias\/wp-json\/wp\/v2\/types\/post"}],"author":[{"embeddable":true,"href":"https:\/\/www.suno.com.br\/noticias\/wp-json\/wp\/v2\/users\/73"}],"replies":[{"embeddable":true,"href":"https:\/\/www.suno.com.br\/noticias\/wp-json\/wp\/v2\/comments?post=507016"}],"version-history":[{"count":2,"href":"https:\/\/www.suno.com.br\/noticias\/wp-json\/wp\/v2\/posts\/507016\/revisions"}],"predecessor-version":[{"id":507046,"href":"https:\/\/www.suno.com.br\/noticias\/wp-json\/wp\/v2\/posts\/507016\/revisions\/507046"}],"wp:featuredmedia":[{"embeddable":true,"href":"https:\/\/www.suno.com.br\/noticias\/wp-json\/wp\/v2\/media\/452779"}],"wp:attachment":[{"href":"https:\/\/www.suno.com.br\/noticias\/wp-json\/wp\/v2\/media?parent=507016"}],"wp:term":[{"taxonomy":"category","embeddable":true,"href":"https:\/\/www.suno.com.br\/noticias\/wp-json\/wp\/v2\/categories?post=507016"},{"taxonomy":"post_tag","embeddable":true,"href":"https:\/\/www.suno.com.br\/noticias\/wp-json\/wp\/v2\/tags?post=507016"},{"taxonomy":"suno_strategy","embeddable":true,"href":"https:\/\/www.suno.com.br\/noticias\/wp-json\/wp\/v2\/suno_strategy?post=507016"}],"curies":[{"name":"wp","href":"https:\/\/api.w.org\/{rel}","templated":true}]}}