{"id":50690,"date":"2020-01-23T13:36:06","date_gmt":"2020-01-23T15:36:06","guid":{"rendered":"https:\/\/www.suno.com.br\/noticias\/?p=50690"},"modified":"2020-01-23T13:38:12","modified_gmt":"2020-01-23T15:38:12","slug":"doria-entrevista-suno-davos","status":"publish","type":"post","link":"https:\/\/www.suno.com.br\/noticias\/doria-entrevista-suno-davos\/","title":{"rendered":"Exclusivo: Jo\u00e3o Doria fala, de Davos, sobre investimentos em SP"},"content":{"rendered":"<p>O governador de S\u00e3o Paulo, <a href=\"https:\/\/www.suno.com.br\/tudo-sobre\/joao-doria\/\"><strong>Jo\u00e3o Doria (PSDB)<\/strong><\/a> afirmou nesta quinta-feira (23) que a ida ao F\u00f3rum Econ\u00f4mico Mundial, sediado na cidade de Davos, na Su\u00ed\u00e7a, captou R$ 17 bilh\u00f5es em investimentos ao estado. O <strong>SUNO Not\u00edcias<\/strong> est\u00e1 acompanhando o <a href=\"https:\/\/www.suno.com.br\/noticias\/tags\/davos\/\">evento diretamente de Davos<\/a>.<\/p>\t<div class=\"wrapper-featured-image\">\n\t\t<figure class=\"spotlightImg\">\n\n\t\t\t<picture>\n\t\t\t\t<source media=\"(max-width: 768px)\" srcset=\"https:\/\/files.sunoresearch.com.br\/n\/uploads\/2018\/10\/b60151bb-joao-doria-400x200.webp\">\n\t\t\t\t<img loading=\"lazy\" decoding=\"async\" class=\"newsContent__article__imgCapa lazyloadDisabled newsContent__article__imgCapa--noCaption\" src=\"https:\/\/files.sunoresearch.com.br\/n\/uploads\/2018\/10\/b60151bb-joao-doria-jpg.webp\" width=\"800\" height=\"450\" alt=\"Exclusivo: Jo\u00e3o Doria fala, de Davos, sobre investimentos em SP\" fetchpriority=high \/>\n\t\t\t<\/picture>\n\n\t\t\t<figcaption class=\"wp-caption-text wp-caption-text--hide\">coronav\u00edrus<\/figcaption>\n\t\t<\/figure>\n\t<\/div>\n\n\n\n<p>&#8220;A miss\u00e3o foi muito boa, diria muito produtiva. Conversamos com muitas empresas e captamos um total de R$ 17,2 bilh\u00f5es em investimentos para os pr\u00f3ximos tr\u00eas anos de empresas como Iberdrloa, Proctar &amp; Gamble, PepsiCo, Actiona, Bracel e Enel&#8221;, disse Doria.<\/p>\n<p><a href=\"https:\/\/www.suno.com.br\/noticias\/paulo-guedes-governo-esta-trabalhando-para-desenvolver-industria\/\">Leia tamb\u00e9m: Davos: Guedes diz que governo busca desenvolver ind\u00fastria<\/a><\/p>\n<p>Confira a entrevista exclusiva do governador de S\u00e3o Paulo, Jo\u00e3o Doria, ao <strong>SUNO Not\u00edcias<\/strong>:<\/p>\n<p><strong>-Como foi a percep\u00e7\u00e3o\u00a0por parte dos investidores aqui em Davos da situa\u00e7\u00e3o econ\u00f4mica em S\u00e3o Paulo e da conjuntura no Brasil?<\/strong><br \/>\nNo caso de S\u00e3o Paulo, a percep\u00e7\u00e3o foi muito boa. Isso especialmente gra\u00e7as a nossa posi\u00e7\u00e3o liberal, pro-mercado, a favor das empresas, com marcos jur\u00eddicos claros, amplos programas de desburocratiza\u00e7\u00e3o e a favor dos investidores. Isso atrai muitas empresas estrangeiras. E os CEOs dessas empresas ficaram muito impressionados com algumas de nossas a\u00e7\u00f5es como a privatiza\u00e7\u00e3o da PIPA [o corredor rodovi\u00e1rio Piracicaba-Panorama], a maior a\u00e7\u00e3o de desestatiza\u00e7\u00e3o de uma rodovia do pa\u00eds. Isso animou muitos sobre os passos concretos do governo do estado de S\u00e3o Paulo.<\/p>\n<p><strong>-Essas empresas demonstraram interesses concretos em planos de desestatiza\u00e7\u00e3o do governo de S\u00e3o Paulo?<br \/>\n<\/strong>Sim. A Actiona demostrou muito interesse em planos de privatiza\u00e7\u00e3o do metr\u00f4, ferrovias. Assim como o fundo Mubala, de Abu Dhabi, um dos cinco maiores do mundo, que demonstrou muito interesse em processos de privatiza\u00e7\u00e3o de aeroportos, rodovias, portos, metros etc.. mas sobre a Mubadala teremos mais repostas concretas ap\u00f3s nossa miss\u00e3o em Abu Dhabi no come\u00e7o de fevereiro.<\/p>\n<p><strong>O tema principal do F\u00f3rum esse ano \u00e9 a sustentabilidade e a prote\u00e7\u00e3o do meio ambiente. O senhor foi questionado sobre a pol\u00edtica ambiental do estado de S\u00e3o Paulo por parte desses executivos e empres\u00e1rios?<br \/>\n<\/strong>N\u00e3o, pois o estado de S\u00e3o Paulo n\u00e3o tem contenciosos ambientais, n\u00e3o tem desmatamento, n\u00e3o tem problemas nesse aspecto. N\u00f3s respeitamos o acordo de Paris e o protocolo da COP de Madrid.<\/p>\n<p><strong>-Mas as empresas n\u00e3o pediram algum passo adiante, como exemplo a quest\u00e3o de \u201cinvestimentos zero emiss\u00f5es l\u00edquidas\u201d?<\/strong><br \/>\nN\u00e3o precisava, pois somos n\u00f3s mesmos, o governo do estado de S\u00e3o Paulo, que exige desses investimentos a emiss\u00e3o zero. Estamos na vanguarda da prote\u00e7\u00e3o do meio ambiente.<\/p>\n<p>A entrevista de <strong>Jo\u00e3o Doria<\/strong> foi realizada em Davos, durante o F\u00f3rum Econ\u00f4mico Mundial. O <strong>SUNO Not\u00edcias<\/strong> acompanha o evento at\u00e9 sexta-feira (24).<\/p>\n\n","protected":false},"excerpt":{"rendered":"<p>O governador de S\u00e3o Paulo, Jo\u00e3o Doria (PSDB) afirmou nesta quinta-feira (23) que a ida ao F\u00f3rum Econ\u00f4mico Mundial, sediado na cidade de Davos, na Su\u00ed\u00e7a, captou R$ 17 bilh\u00f5es em investimentos ao estado. O SUNO Not\u00edcias est\u00e1 acompanhando o evento diretamente de Davos. coronav\u00edrus &#8220;A miss\u00e3o foi muito boa, diria muito produtiva. Conversamos com [&hellip;]<\/p>\n","protected":false},"author":9,"featured_media":5784,"comment_status":"closed","ping_status":"closed","sticky":false,"template":"","format":"standard","meta":[],"categories":[64],"tags":[972,961,842],"suno_strategy":[],"class_list":["post-50690","post","type-post","status-publish","format-standard","has-post-thumbnail","hentry","category-negocios","tag-davos","tag-forum-economico-mundial","tag-joao-doria"],"yoast_head":"<!-- This site is optimized with the Yoast SEO plugin v24.4 - https:\/\/yoast.com\/wordpress\/plugins\/seo\/ -->\n<title>Exclusivo: Jo\u00e3o Doria d\u00e1 entrevista sobre investimentos em SP<\/title>\n<meta name=\"description\" content=\"O governador de S\u00e3o Paulo, Jo\u00e3o Doria, afirmou que o dinheiro servir\u00e1 como base na gera\u00e7\u00e3o de empregos. Clique aqui para saber mais.\" \/>\n<meta name=\"robots\" content=\"index, follow, max-snippet:-1, max-image-preview:large, max-video-preview:-1\" \/>\n<link rel=\"canonical\" href=\"https:\/\/www.suno.com.br\/noticias\/doria-entrevista-suno-davos\/\" \/>\n<meta property=\"og:locale\" content=\"pt_BR\" \/>\n<meta property=\"og:type\" content=\"article\" \/>\n<meta property=\"og:title\" content=\"Exclusivo: Jo\u00e3o Doria d\u00e1 entrevista sobre investimentos em SP\" \/>\n<meta property=\"og:description\" content=\"O governador de S\u00e3o Paulo, Jo\u00e3o Doria, afirmou que o dinheiro servir\u00e1 como base na gera\u00e7\u00e3o de empregos. Clique aqui para saber mais.\" \/>\n<meta property=\"og:url\" content=\"https:\/\/www.suno.com.br\/noticias\/doria-entrevista-suno-davos\/\" \/>\n<meta property=\"og:site_name\" content=\"Suno Not\u00edcias\" \/>\n<meta property=\"article:publisher\" content=\"https:\/\/facebook.com\/sunoresearch\" \/>\n<meta property=\"og:image\" content=\"https:\/\/files.sunoresearch.com.br\/n\/uploads\/2018\/10\/b60151bb-joao-doria.jpg\" \/>\n\t<meta property=\"og:image:width\" content=\"615\" \/>\n\t<meta property=\"og:image:height\" content=\"300\" \/>\n\t<meta property=\"og:image:type\" content=\"image\/jpeg\" \/>\n<meta name=\"author\" content=\"Carlo Cauti\" \/>\n<meta name=\"twitter:card\" content=\"summary_large_image\" \/>\n<meta name=\"twitter:creator\" content=\"@sunoresearch\" \/>\n<meta name=\"twitter:site\" content=\"@sunoresearch\" \/>\n<meta name=\"twitter:label1\" content=\"Escrito por\" \/>\n\t<meta name=\"twitter:data1\" content=\"Carlo Cauti\" \/>\n\t<meta name=\"twitter:label2\" content=\"Est. tempo de leitura\" \/>\n\t<meta name=\"twitter:data2\" content=\"2 minutos\" \/>\n<script type=\"application\/ld+json\" class=\"yoast-schema-graph\">{\"@context\":\"https:\/\/schema.org\",\"@graph\":[{\"@type\":\"NewsArticle\",\"@id\":\"https:\/\/www.suno.com.br\/noticias\/doria-entrevista-suno-davos\/#article\",\"isPartOf\":{\"@id\":\"https:\/\/www.suno.com.br\/noticias\/doria-entrevista-suno-davos\/\"},\"author\":{\"name\":\"Carlo Cauti\",\"@id\":\"https:\/\/www.suno.com.br\/noticias\/#\/schema\/person\/e6e0f723cc177805027f4566c1d5e0c8\"},\"headline\":\"Exclusivo: Jo\u00e3o Doria fala, de Davos, sobre investimentos em SP\",\"datePublished\":\"2020-01-23T15:36:06+00:00\",\"dateModified\":\"2020-01-23T15:38:12+00:00\",\"mainEntityOfPage\":{\"@id\":\"https:\/\/www.suno.com.br\/noticias\/doria-entrevista-suno-davos\/\"},\"wordCount\":503,\"publisher\":{\"@id\":\"https:\/\/www.suno.com.br\/noticias\/#organization\"},\"image\":{\"@id\":\"https:\/\/www.suno.com.br\/noticias\/doria-entrevista-suno-davos\/#primaryimage\"},\"thumbnailUrl\":\"https:\/\/files.sunoresearch.com.br\/n\/uploads\/2018\/10\/b60151bb-joao-doria-jpg.webp\",\"keywords\":[\"Davos\",\"F\u00f3rum Econ\u00f4mico Mundial\",\"Jo\u00e3o Doria\"],\"articleSection\":[\"Neg\u00f3cios\"],\"inLanguage\":\"pt-BR\"},{\"@type\":\"WebPage\",\"@id\":\"https:\/\/www.suno.com.br\/noticias\/doria-entrevista-suno-davos\/\",\"url\":\"https:\/\/www.suno.com.br\/noticias\/doria-entrevista-suno-davos\/\",\"name\":\"Exclusivo: Jo\u00e3o Doria d\u00e1 entrevista sobre investimentos em SP\",\"isPartOf\":{\"@id\":\"https:\/\/www.suno.com.br\/noticias\/#website\"},\"primaryImageOfPage\":{\"@id\":\"https:\/\/www.suno.com.br\/noticias\/doria-entrevista-suno-davos\/#primaryimage\"},\"image\":{\"@id\":\"https:\/\/www.suno.com.br\/noticias\/doria-entrevista-suno-davos\/#primaryimage\"},\"thumbnailUrl\":\"https:\/\/files.sunoresearch.com.br\/n\/uploads\/2018\/10\/b60151bb-joao-doria-jpg.webp\",\"datePublished\":\"2020-01-23T15:36:06+00:00\",\"dateModified\":\"2020-01-23T15:38:12+00:00\",\"description\":\"O governador de S\u00e3o Paulo, Jo\u00e3o Doria, afirmou que o dinheiro servir\u00e1 como base na gera\u00e7\u00e3o de empregos. Clique aqui para saber mais.\",\"breadcrumb\":{\"@id\":\"https:\/\/www.suno.com.br\/noticias\/doria-entrevista-suno-davos\/#breadcrumb\"},\"inLanguage\":\"pt-BR\",\"potentialAction\":[{\"@type\":\"ReadAction\",\"target\":[\"https:\/\/www.suno.com.br\/noticias\/doria-entrevista-suno-davos\/\"]}]},{\"@type\":\"ImageObject\",\"inLanguage\":\"pt-BR\",\"@id\":\"https:\/\/www.suno.com.br\/noticias\/doria-entrevista-suno-davos\/#primaryimage\",\"url\":\"https:\/\/files.sunoresearch.com.br\/n\/uploads\/2018\/10\/b60151bb-joao-doria-jpg.webp\",\"contentUrl\":\"https:\/\/files.sunoresearch.com.br\/n\/uploads\/2018\/10\/b60151bb-joao-doria-jpg.webp\",\"width\":615,\"height\":300,\"caption\":\"coronav\u00edrus\"},{\"@type\":\"BreadcrumbList\",\"@id\":\"https:\/\/www.suno.com.br\/noticias\/doria-entrevista-suno-davos\/#breadcrumb\",\"itemListElement\":[{\"@type\":\"ListItem\",\"position\":1,\"name\":\"Not\u00edcias\",\"item\":\"https:\/\/www.suno.com.br\/noticias\/\"},{\"@type\":\"ListItem\",\"position\":2,\"name\":\"Neg\u00f3cios\",\"item\":\"https:\/\/www.suno.com.br\/noticias\/negocios\/\"},{\"@type\":\"ListItem\",\"position\":3,\"name\":\"Exclusivo: Jo\u00e3o Doria fala, de Davos, sobre investimentos em SP\"}]},{\"@type\":\"WebSite\",\"@id\":\"https:\/\/www.suno.com.br\/noticias\/#website\",\"url\":\"https:\/\/www.suno.com.br\/noticias\/\",\"name\":\"Suno Not\u00edcias\",\"description\":\"Seu portal de informa\u00e7\u00e3o sobre o mundo dos investimentos\",\"publisher\":{\"@id\":\"https:\/\/www.suno.com.br\/noticias\/#organization\"},\"potentialAction\":[{\"@type\":\"SearchAction\",\"target\":{\"@type\":\"EntryPoint\",\"urlTemplate\":\"https:\/\/www.suno.com.br\/noticias\/?s={search_term_string}\"},\"query-input\":{\"@type\":\"PropertyValueSpecification\",\"valueRequired\":true,\"valueName\":\"search_term_string\"}}],\"inLanguage\":\"pt-BR\"},{\"@type\":\"Organization\",\"@id\":\"https:\/\/www.suno.com.br\/noticias\/#organization\",\"name\":\"Suno Not\u00edcias\",\"url\":\"https:\/\/www.suno.com.br\/noticias\/\",\"logo\":{\"@type\":\"ImageObject\",\"inLanguage\":\"pt-BR\",\"@id\":\"https:\/\/www.suno.com.br\/noticias\/#\/schema\/logo\/image\/\",\"url\":\"https:\/\/files.sunoresearch.com.br\/n\/uploads\/2021\/09\/suno-logo.png\",\"contentUrl\":\"https:\/\/files.sunoresearch.com.br\/n\/uploads\/2021\/09\/suno-logo.png\",\"width\":180,\"height\":180,\"caption\":\"Suno Not\u00edcias\"},\"image\":{\"@id\":\"https:\/\/www.suno.com.br\/noticias\/#\/schema\/logo\/image\/\"},\"sameAs\":[\"https:\/\/facebook.com\/sunoresearch\",\"https:\/\/x.com\/sunoresearch\",\"https:\/\/www.instagram.com\/suno\",\"https:\/\/www.linkedin.com\/company\/suno-research\/\",\"https:\/\/www.youtube.com\/c\/sunoresearch\"]},{\"@type\":\"Person\",\"@id\":\"https:\/\/www.suno.com.br\/noticias\/#\/schema\/person\/e6e0f723cc177805027f4566c1d5e0c8\",\"name\":\"Carlo Cauti\",\"image\":{\"@type\":\"ImageObject\",\"inLanguage\":\"pt-BR\",\"@id\":\"https:\/\/www.suno.com.br\/noticias\/#\/schema\/person\/image\/\",\"url\":\"https:\/\/secure.gravatar.com\/avatar\/3ada9e0bd164c23abd4792a9606d583c?s=96&r=g\",\"contentUrl\":\"https:\/\/secure.gravatar.com\/avatar\/3ada9e0bd164c23abd4792a9606d583c?s=96&r=g\",\"caption\":\"Carlo Cauti\"},\"description\":\"Editor multim\u00eddia do SUNO Not\u00edcias. Italiano, formado em Ci\u00eancias Pol\u00edticas pela universidade LUISS G. Carli de Roma e mestre cum laude em Rela\u00e7\u00f5es Internacionais, Jornalismo Internacional e de Guerra e em Economia Internacional. Concluiu tamb\u00e9m um MBA em Finan\u00e7as na B3. No Brasil, teve passagem por ve\u00edculos como Estad\u00e3o, Globo, Veja e EXAME. e nas ag\u00eancias de not\u00edcias italianas ANSA e NOVA.\",\"url\":\"https:\/\/www.suno.com.br\/noticias\/author\/carlo-cauti\/\"}]}<\/script>\n<!-- \/ Yoast SEO plugin. -->","yoast_head_json":{"title":"Exclusivo: Jo\u00e3o Doria d\u00e1 entrevista sobre investimentos em SP","description":"O governador de S\u00e3o Paulo, Jo\u00e3o Doria, afirmou que o dinheiro servir\u00e1 como base na gera\u00e7\u00e3o de empregos. Clique aqui para saber mais.","robots":{"index":"index","follow":"follow","max-snippet":"max-snippet:-1","max-image-preview":"max-image-preview:large","max-video-preview":"max-video-preview:-1"},"canonical":"https:\/\/www.suno.com.br\/noticias\/doria-entrevista-suno-davos\/","og_locale":"pt_BR","og_type":"article","og_title":"Exclusivo: Jo\u00e3o Doria d\u00e1 entrevista sobre investimentos em SP","og_description":"O governador de S\u00e3o Paulo, Jo\u00e3o Doria, afirmou que o dinheiro servir\u00e1 como base na gera\u00e7\u00e3o de empregos. Clique aqui para saber mais.","og_url":"https:\/\/www.suno.com.br\/noticias\/doria-entrevista-suno-davos\/","og_site_name":"Suno Not\u00edcias","article_publisher":"https:\/\/facebook.com\/sunoresearch","og_image":[{"width":615,"height":300,"url":"https:\/\/files.sunoresearch.com.br\/n\/uploads\/2018\/10\/b60151bb-joao-doria.jpg","type":"image\/jpeg"}],"author":"Carlo Cauti","twitter_card":"summary_large_image","twitter_creator":"@sunoresearch","twitter_site":"@sunoresearch","twitter_misc":{"Escrito por":"Carlo Cauti","Est. tempo de leitura":"2 minutos"},"schema":{"@context":"https:\/\/schema.org","@graph":[{"@type":"NewsArticle","@id":"https:\/\/www.suno.com.br\/noticias\/doria-entrevista-suno-davos\/#article","isPartOf":{"@id":"https:\/\/www.suno.com.br\/noticias\/doria-entrevista-suno-davos\/"},"author":{"name":"Carlo Cauti","@id":"https:\/\/www.suno.com.br\/noticias\/#\/schema\/person\/e6e0f723cc177805027f4566c1d5e0c8"},"headline":"Exclusivo: Jo\u00e3o Doria fala, de Davos, sobre investimentos em SP","datePublished":"2020-01-23T15:36:06+00:00","dateModified":"2020-01-23T15:38:12+00:00","mainEntityOfPage":{"@id":"https:\/\/www.suno.com.br\/noticias\/doria-entrevista-suno-davos\/"},"wordCount":503,"publisher":{"@id":"https:\/\/www.suno.com.br\/noticias\/#organization"},"image":{"@id":"https:\/\/www.suno.com.br\/noticias\/doria-entrevista-suno-davos\/#primaryimage"},"thumbnailUrl":"https:\/\/files.sunoresearch.com.br\/n\/uploads\/2018\/10\/b60151bb-joao-doria-jpg.webp","keywords":["Davos","F\u00f3rum Econ\u00f4mico Mundial","Jo\u00e3o Doria"],"articleSection":["Neg\u00f3cios"],"inLanguage":"pt-BR"},{"@type":"WebPage","@id":"https:\/\/www.suno.com.br\/noticias\/doria-entrevista-suno-davos\/","url":"https:\/\/www.suno.com.br\/noticias\/doria-entrevista-suno-davos\/","name":"Exclusivo: Jo\u00e3o Doria d\u00e1 entrevista sobre investimentos em SP","isPartOf":{"@id":"https:\/\/www.suno.com.br\/noticias\/#website"},"primaryImageOfPage":{"@id":"https:\/\/www.suno.com.br\/noticias\/doria-entrevista-suno-davos\/#primaryimage"},"image":{"@id":"https:\/\/www.suno.com.br\/noticias\/doria-entrevista-suno-davos\/#primaryimage"},"thumbnailUrl":"https:\/\/files.sunoresearch.com.br\/n\/uploads\/2018\/10\/b60151bb-joao-doria-jpg.webp","datePublished":"2020-01-23T15:36:06+00:00","dateModified":"2020-01-23T15:38:12+00:00","description":"O governador de S\u00e3o Paulo, Jo\u00e3o Doria, afirmou que o dinheiro servir\u00e1 como base na gera\u00e7\u00e3o de empregos. Clique aqui para saber mais.","breadcrumb":{"@id":"https:\/\/www.suno.com.br\/noticias\/doria-entrevista-suno-davos\/#breadcrumb"},"inLanguage":"pt-BR","potentialAction":[{"@type":"ReadAction","target":["https:\/\/www.suno.com.br\/noticias\/doria-entrevista-suno-davos\/"]}]},{"@type":"ImageObject","inLanguage":"pt-BR","@id":"https:\/\/www.suno.com.br\/noticias\/doria-entrevista-suno-davos\/#primaryimage","url":"https:\/\/files.sunoresearch.com.br\/n\/uploads\/2018\/10\/b60151bb-joao-doria-jpg.webp","contentUrl":"https:\/\/files.sunoresearch.com.br\/n\/uploads\/2018\/10\/b60151bb-joao-doria-jpg.webp","width":615,"height":300,"caption":"coronav\u00edrus"},{"@type":"BreadcrumbList","@id":"https:\/\/www.suno.com.br\/noticias\/doria-entrevista-suno-davos\/#breadcrumb","itemListElement":[{"@type":"ListItem","position":1,"name":"Not\u00edcias","item":"https:\/\/www.suno.com.br\/noticias\/"},{"@type":"ListItem","position":2,"name":"Neg\u00f3cios","item":"https:\/\/www.suno.com.br\/noticias\/negocios\/"},{"@type":"ListItem","position":3,"name":"Exclusivo: Jo\u00e3o Doria fala, de Davos, sobre investimentos em SP"}]},{"@type":"WebSite","@id":"https:\/\/www.suno.com.br\/noticias\/#website","url":"https:\/\/www.suno.com.br\/noticias\/","name":"Suno Not\u00edcias","description":"Seu portal de informa\u00e7\u00e3o sobre o mundo dos investimentos","publisher":{"@id":"https:\/\/www.suno.com.br\/noticias\/#organization"},"potentialAction":[{"@type":"SearchAction","target":{"@type":"EntryPoint","urlTemplate":"https:\/\/www.suno.com.br\/noticias\/?s={search_term_string}"},"query-input":{"@type":"PropertyValueSpecification","valueRequired":true,"valueName":"search_term_string"}}],"inLanguage":"pt-BR"},{"@type":"Organization","@id":"https:\/\/www.suno.com.br\/noticias\/#organization","name":"Suno Not\u00edcias","url":"https:\/\/www.suno.com.br\/noticias\/","logo":{"@type":"ImageObject","inLanguage":"pt-BR","@id":"https:\/\/www.suno.com.br\/noticias\/#\/schema\/logo\/image\/","url":"https:\/\/files.sunoresearch.com.br\/n\/uploads\/2021\/09\/suno-logo.png","contentUrl":"https:\/\/files.sunoresearch.com.br\/n\/uploads\/2021\/09\/suno-logo.png","width":180,"height":180,"caption":"Suno Not\u00edcias"},"image":{"@id":"https:\/\/www.suno.com.br\/noticias\/#\/schema\/logo\/image\/"},"sameAs":["https:\/\/facebook.com\/sunoresearch","https:\/\/x.com\/sunoresearch","https:\/\/www.instagram.com\/suno","https:\/\/www.linkedin.com\/company\/suno-research\/","https:\/\/www.youtube.com\/c\/sunoresearch"]},{"@type":"Person","@id":"https:\/\/www.suno.com.br\/noticias\/#\/schema\/person\/e6e0f723cc177805027f4566c1d5e0c8","name":"Carlo Cauti","image":{"@type":"ImageObject","inLanguage":"pt-BR","@id":"https:\/\/www.suno.com.br\/noticias\/#\/schema\/person\/image\/","url":"https:\/\/secure.gravatar.com\/avatar\/3ada9e0bd164c23abd4792a9606d583c?s=96&r=g","contentUrl":"https:\/\/secure.gravatar.com\/avatar\/3ada9e0bd164c23abd4792a9606d583c?s=96&r=g","caption":"Carlo Cauti"},"description":"Editor multim\u00eddia do SUNO Not\u00edcias. Italiano, formado em Ci\u00eancias Pol\u00edticas pela universidade LUISS G. Carli de Roma e mestre cum laude em Rela\u00e7\u00f5es Internacionais, Jornalismo Internacional e de Guerra e em Economia Internacional. Concluiu tamb\u00e9m um MBA em Finan\u00e7as na B3. No Brasil, teve passagem por ve\u00edculos como Estad\u00e3o, Globo, Veja e EXAME. e nas ag\u00eancias de not\u00edcias italianas ANSA e NOVA.","url":"https:\/\/www.suno.com.br\/noticias\/author\/carlo-cauti\/"}]}},"default_loop_html":"<div class=\"cardsPage__listCard__boxs\"><div class=\"cardsPage__listCard__boxs__img\"><a href=\"https:\/\/www.suno.com.br\/noticias\/doria-entrevista-suno-davos\/\"><img class=\"mask\" src=\"https:\/\/www.suno.com.br\/noticias\/wp-content\/themes\/suno\/resources\/images\/spotlight\/spotlight1img\/bg-mask.png\" alt=\"Image Mask\"\/><img src=\"https:\/\/files.sunoresearch.com.br\/n\/uploads\/2018\/10\/b60151bb-joao-doria-400x200.webp\" alt=\"Exclusivo: Jo\u00e3o Doria fala, de Davos, sobre investimentos em SP\"\/><\/a><span class=\"spotlightCategory\"><a href=\"https:\/\/www.suno.com.br\/noticias\/negocios\/\">Neg\u00f3cios<\/a><\/span><\/div><div class=\"cardsPage__listCard__boxs__content\"><a href=\"https:\/\/www.suno.com.br\/noticias\/doria-entrevista-suno-davos\/\"><h2 class=\"content__title\">Exclusivo: Jo\u00e3o Doria fala, de Davos, sobre investimentos em SP<\/h2><\/a><div class=\"newsContent__article__meta\"><div class=\"newsContent__article__meta__authorBox\"><a href=\"https:\/\/www.suno.com.br\/noticias\/author\/carlo-cauti\/\" class=\"authorBox__avatar noMobi\"><img src=\"https:\/\/files.sunoresearch.com.br\/n\/uploads\/2020\/08\/e3745f9a-perfil-carlo-cauti-150x150.webp\" alt=\"Carlo Cauti\"><\/a><div class=\"authorBox__name\"><span>por\n\t\t\t<a href=\"https:\/\/www.suno.com.br\/noticias\/author\/carlo-cauti\/\"><span itemprop=\"author\">Carlo Cauti<\/span><\/a><\/span><time datetime=\"2020-01-23T13:36:06-03:00\" itemprop=\"datePublished\">23\/01\/2020 13:36<\/time><\/div><\/div><\/div><\/div><\/div>","single_layout":"posts","amp_enabled":true,"_links":{"self":[{"href":"https:\/\/www.suno.com.br\/noticias\/wp-json\/wp\/v2\/posts\/50690"}],"collection":[{"href":"https:\/\/www.suno.com.br\/noticias\/wp-json\/wp\/v2\/posts"}],"about":[{"href":"https:\/\/www.suno.com.br\/noticias\/wp-json\/wp\/v2\/types\/post"}],"author":[{"embeddable":true,"href":"https:\/\/www.suno.com.br\/noticias\/wp-json\/wp\/v2\/users\/9"}],"replies":[{"embeddable":true,"href":"https:\/\/www.suno.com.br\/noticias\/wp-json\/wp\/v2\/comments?post=50690"}],"version-history":[{"count":0,"href":"https:\/\/www.suno.com.br\/noticias\/wp-json\/wp\/v2\/posts\/50690\/revisions"}],"wp:featuredmedia":[{"embeddable":true,"href":"https:\/\/www.suno.com.br\/noticias\/wp-json\/wp\/v2\/media\/5784"}],"wp:attachment":[{"href":"https:\/\/www.suno.com.br\/noticias\/wp-json\/wp\/v2\/media?parent=50690"}],"wp:term":[{"taxonomy":"category","embeddable":true,"href":"https:\/\/www.suno.com.br\/noticias\/wp-json\/wp\/v2\/categories?post=50690"},{"taxonomy":"post_tag","embeddable":true,"href":"https:\/\/www.suno.com.br\/noticias\/wp-json\/wp\/v2\/tags?post=50690"},{"taxonomy":"suno_strategy","embeddable":true,"href":"https:\/\/www.suno.com.br\/noticias\/wp-json\/wp\/v2\/suno_strategy?post=50690"}],"curies":[{"name":"wp","href":"https:\/\/api.w.org\/{rel}","templated":true}]}}