{"id":506487,"date":"2024-01-04T12:46:33","date_gmt":"2024-01-04T15:46:33","guid":{"rendered":"https:\/\/www.suno.com.br\/noticias\/?p=506487"},"modified":"2024-01-04T13:37:07","modified_gmt":"2024-01-04T16:37:07","slug":"pedidos-de-auxilio-desemprego-eua-caem-descolam-projecoes-evm","status":"publish","type":"post","link":"https:\/\/www.suno.com.br\/noticias\/pedidos-de-auxilio-desemprego-eua-caem-descolam-projecoes-evm\/","title":{"rendered":"Pedidos de aux\u00edlio desemprego nos EUA caem e descolam das proje\u00e7\u00f5es"},"content":{"rendered":"<p>O n\u00famero de <a href=\"https:\/\/www.suno.com.br\/noticias\/pedidos-iniciais-seguro-desemprego-eua-sobem-218-mil-evm\/\" target=\"_blank\" rel=\"noreferrer noopener\">pedidos de <strong>aux\u00edlio desemprego<\/strong><\/a> nos Estados Unidos teve queda de 18 mil na semana que terminou no dia 30 de dezembro, ficando em 202 mil. O n\u00famero ficou abaixo do que o mercado projetava, dado os 216 mil estimados pelo consenso Refinitiv.<\/p><div class=\"videoFull \">\n\t\t\t<div class=\"videoWrapper yt-lazyload center\"\n\t\t\t\tdata-width=\"960\"\n\t\t\t\tdata-height=\"540\"\n\t\t\t\tdata-id=\"tkCxE7k5AoM\"\n\t\t\t\tdata-alt=\"V\u00eddeo do YouTube - clique para reproduzir\"\n\t\t\t\tdata-logo=\"3\"\n\t\t\t\tdata-imagequality=\"maxres\">\n\t\t\t<\/div>\n\t\t<\/div><script type=\"application\/ld+json\">{\"@context\":\"https:\/\/schema.org\",\"@type\":\"VideoObject\",\"name\":\"\ud83d\udd34MAIS UM RALI DA PETROBRAS (PETR4)? | M\u00c1XIMA DO BANCO DO BRASIL (BBAS3) | INFLA\u00c7\u00c3O NA ARGENTINA\",\"description\":\"#mercadofinanceiro #a\u00e7\u00f5es #investimentos #bolsadevalores #ibovespa #dinheiro #finan\u00e7as #pol\u00edtica #d\u00f3lar #livedas19h #petr4 #petrobras #vale3 #vale #a\u00e7\u00f5es #economia #dividendos #bancodobrasil #bbas3 #assembleia #desdobramento #maxima #recorde #infla\u00e7\u00e3o #inflacao #argentina 00:00 In\u00edcio do v\u00eddeo 02:33 Fechamento de mercado 06:15 Entenda a alta de PETR4 10:47 M\u00e1xima hist\u00f3rica e desdobramento de BBAS3 15:20 SUNOFLIX POR TEMPO LIMITADO 17:28 Engie \u00e9\u2026\",\"duration\":\"PT31M6S\",\"embedUrl\":\"https:\/\/www.youtube.com\/embed\/tkCxE7k5AoM\",\"regionsAllowed\":\"en-US\",\"interactionStatistic\":{\"@type\":\"InteractionCounter\",\"interactionType\":{\"@type\":\"WatchAction\"},\"userInteractionCount\":1994},\"thumbnailUrl\":\"https:\/\/i.ytimg.com\/vi\/tkCxE7k5AoM\/default.jpg\",\"uploadDate\":\"2024-01-04T10:37:22Z\"}<\/script>\n\n\n\n\n\t<p>\n\t\t<a href=\"https:\/\/lp.suno.com.br\/ebook-como-analisar-uma-acao\/\" target=\"_blank\" data-element=\"shortcode-suno-banner\" title=\"Banner SUNO, clique e saiba mais\">\n\t\t\t<picture>\n\t\t\t\t<source media=\"(max-width: 500px)\" srcset=\"https:\/\/files.sunoresearch.com.br\/n\/uploads\/2023\/03\/Ebook-Acoes-Mobile.jpg\">\n\t\t\t\t<img class=\"newsContent__article__imgCapa newsContent__article__imgCapa--banner\"\n\t\t\t\t\tsrc=\"https:\/\/files.sunoresearch.com.br\/n\/uploads\/2023\/03\/Ebook-Acoes-Desktop.jpg\"\n\t\t\t\t\tdata-promo-id=\"378302\"\t\t\t\t\t\t\t\t\t\twidth='1420' height='286'\t\t\t\t\talt=\"https:\/\/files.sunoresearch.com.br\/n\/uploads\/2023\/03\/Ebook-Acoes-Desktop.jpg\"\n\t\t\t\t>\n\t\t\t<\/picture>\n\t\t<\/a>\n\t<\/p>\n\n\n\n\n\n\n\n<p>O dado anterior de <strong>pedidos de aux\u00edlio desemprego<\/strong>, que tinha sido revisado, foi de 220 mil na semana anterior.<\/p>\n\n\n\n<p>As informa\u00e7\u00f5es s\u00e3o do <a href=\"https:\/\/www.dol.gov\/\" target=\"_blank\" rel=\"noreferrer noopener\">Departamento do Trabalho dos EUA<\/a> e foram divulgadas ainda nesta quinta-feira (4).<\/p>\n\n\n\n<p>Com os novos dados de aux\u00edlio desemprego, a m\u00e9dia m\u00f3vel trimestral caiu para 207,7 mil, representando uma retra\u00e7\u00e3o de 4,75 mil na semana, ante um dado revisado de 212,5 mil na semana anterior.<\/p>\n\n\n\n<h2 class=\"wp-block-heading\">Al\u00e9m do aux\u00edlio desemprego, taxa de desemprego segurado recua marginalmente<\/h2>\n\n\n\n<p>Os dados tamb\u00e9m divulgados pelo <strong>Departamento do Trabalho dos EUA<\/strong> tamb\u00e9m mostram um recuo de 0,1 ponto percentual (p.p.) na taxa de desemprego segurado, que ficou em 1,2% na semana que acabou no dia 23 de deembro.<\/p>\n\n\n\n<p>J\u00e1 o n\u00famero de pedidos continuados teve um recuo de 31 mil na mesma semana, ficando em 1,85 milh\u00e3o, ante um dado revisado anterior de 1,88 milh\u00e3o.<\/p>\n\n\n\n<p>Os dados s\u00e3o divulgados em meio \u00e0s informa\u00e7\u00f5es de que os cortes de pessoal anunciados recuaram em dezembro.<\/p>\n\n\n\n<p>Um relat\u00f3rio da empresa global de recoloca\u00e7\u00e3o de mercado, a Challenger, Gray &amp; Christmas divulgado tamb\u00e9m nesta quinta (4) aponta que os cortes recuaram 24% no m\u00eas de dezembro, para 34,8 mil.<\/p>\n\n\n\t<p>\n\t\t<a href=\"https:\/\/lp.suno.com.br\/ebook-gratuito-investindo-no-exterior\/\" target=\"_blank\" data-element=\"shortcode-suno-banner\" title=\"Banner SUNO, clique e saiba mais\">\n\t\t\t<picture>\n\t\t\t\t<source media=\"(max-width: 500px)\" srcset=\"https:\/\/files.sunoresearch.com.br\/n\/uploads\/2023\/03\/400x300-Investindo-no-exterior.png\">\n\t\t\t\t<img class=\"newsContent__article__imgCapa newsContent__article__imgCapa--banner\"\n\t\t\t\t\tsrc=\"https:\/\/files.sunoresearch.com.br\/n\/uploads\/2023\/03\/1420x240-Investindo-no-exterior.png\"\n\t\t\t\t\tdata-promo-id=\"383161\"\t\t\t\t\t\t\t\t\t\twidth='1420' height='240'\t\t\t\t\talt=\"https:\/\/files.sunoresearch.com.br\/n\/uploads\/2023\/03\/1420x240-Investindo-no-exterior.png\"\n\t\t\t\t>\n\t\t\t<\/picture>\n\t\t<\/a>\n\t<\/p>\n\n\n","protected":false},"excerpt":{"rendered":"<p>O n\u00famero de pedidos de aux\u00edlio desemprego nos Estados Unidos teve queda de 18 mil na semana que terminou no dia 30 de dezembro, ficando em 202 mil. O n\u00famero ficou abaixo do que o mercado projetava, dado os 216 mil estimados pelo consenso Refinitiv. O dado anterior de pedidos de aux\u00edlio desemprego, que tinha [&hellip;]<\/p>\n","protected":false},"author":73,"featured_media":358608,"comment_status":"closed","ping_status":"closed","sticky":false,"template":"","format":"standard","meta":[],"categories":[63],"tags":[1296,1796,793,2274],"suno_strategy":[],"class_list":["post-506487","post","type-post","status-publish","format-standard","has-post-thumbnail","hentry","category-internacional","tag-desemprego","tag-emprego","tag-estados-unidos-eua","tag-seguro-desemprego"],"yoast_head":"<!-- This site is optimized with the Yoast SEO plugin v24.4 - https:\/\/yoast.com\/wordpress\/plugins\/seo\/ -->\n<title>Pedidos de aux\u00edlio desemprego nos EUA caem e descolam das proje\u00e7\u00f5es<\/title>\n<meta name=\"description\" content=\"O dado anterior de pedidos de aux\u00edlio desemprego, que fora revisado, foi de 220 mil na semana anterior, segundo o Departamento de Trabalho\" \/>\n<meta name=\"robots\" content=\"index, follow, max-snippet:-1, max-image-preview:large, max-video-preview:-1\" \/>\n<link rel=\"canonical\" href=\"https:\/\/www.suno.com.br\/noticias\/pedidos-de-auxilio-desemprego-eua-caem-descolam-projecoes-evm\/\" \/>\n<meta property=\"og:locale\" content=\"pt_BR\" \/>\n<meta property=\"og:type\" content=\"article\" \/>\n<meta property=\"og:title\" content=\"Pedidos de aux\u00edlio desemprego nos EUA caem e descolam das proje\u00e7\u00f5es\" \/>\n<meta property=\"og:description\" content=\"O dado anterior de pedidos de aux\u00edlio desemprego, que fora revisado, foi de 220 mil na semana anterior, segundo o Departamento de Trabalho\" \/>\n<meta property=\"og:url\" content=\"https:\/\/www.suno.com.br\/noticias\/pedidos-de-auxilio-desemprego-eua-caem-descolam-projecoes-evm\/\" \/>\n<meta property=\"og:site_name\" content=\"Suno Not\u00edcias\" \/>\n<meta property=\"article:publisher\" content=\"https:\/\/facebook.com\/sunoresearch\" \/>\n<meta property=\"og:image\" content=\"https:\/\/files.sunoresearch.com.br\/n\/uploads\/2023\/02\/Estados-Unidos-scaled-e1695907399505.jpg\" \/>\n\t<meta property=\"og:image:width\" content=\"1200\" \/>\n\t<meta property=\"og:image:height\" content=\"800\" \/>\n\t<meta property=\"og:image:type\" content=\"image\/jpeg\" \/>\n<meta name=\"author\" content=\"Eduardo Vargas\" \/>\n<meta name=\"twitter:card\" content=\"summary_large_image\" \/>\n<meta name=\"twitter:creator\" content=\"@sunoresearch\" \/>\n<meta name=\"twitter:site\" content=\"@sunoresearch\" \/>\n<meta name=\"twitter:label1\" content=\"Escrito por\" \/>\n\t<meta name=\"twitter:data1\" content=\"Eduardo Vargas\" \/>\n\t<meta name=\"twitter:label2\" content=\"Est. tempo de leitura\" \/>\n\t<meta name=\"twitter:data2\" content=\"2 minutos\" \/>\n<script type=\"application\/ld+json\" class=\"yoast-schema-graph\">{\"@context\":\"https:\/\/schema.org\",\"@graph\":[{\"@type\":\"NewsArticle\",\"@id\":\"https:\/\/www.suno.com.br\/noticias\/pedidos-de-auxilio-desemprego-eua-caem-descolam-projecoes-evm\/#article\",\"isPartOf\":{\"@id\":\"https:\/\/www.suno.com.br\/noticias\/pedidos-de-auxilio-desemprego-eua-caem-descolam-projecoes-evm\/\"},\"author\":{\"name\":\"Eduardo Vargas\",\"@id\":\"https:\/\/www.suno.com.br\/noticias\/#\/schema\/person\/7f4d362bf3518e76090143ae77bb49a5\"},\"headline\":\"Pedidos de aux\u00edlio desemprego nos EUA caem e descolam das proje\u00e7\u00f5es\",\"datePublished\":\"2024-01-04T15:46:33+00:00\",\"dateModified\":\"2024-01-04T16:37:07+00:00\",\"mainEntityOfPage\":{\"@id\":\"https:\/\/www.suno.com.br\/noticias\/pedidos-de-auxilio-desemprego-eua-caem-descolam-projecoes-evm\/\"},\"wordCount\":262,\"publisher\":{\"@id\":\"https:\/\/www.suno.com.br\/noticias\/#organization\"},\"image\":{\"@id\":\"https:\/\/www.suno.com.br\/noticias\/pedidos-de-auxilio-desemprego-eua-caem-descolam-projecoes-evm\/#primaryimage\"},\"thumbnailUrl\":\"https:\/\/files.sunoresearch.com.br\/n\/uploads\/2023\/02\/Estados-Unidos-scaled.webp\",\"keywords\":[\"Desemprego\",\"Emprego\",\"Estados Unidos (EUA)\",\"seguro desemprego\"],\"articleSection\":[\"Internacional\"],\"inLanguage\":\"pt-BR\"},{\"@type\":\"WebPage\",\"@id\":\"https:\/\/www.suno.com.br\/noticias\/pedidos-de-auxilio-desemprego-eua-caem-descolam-projecoes-evm\/\",\"url\":\"https:\/\/www.suno.com.br\/noticias\/pedidos-de-auxilio-desemprego-eua-caem-descolam-projecoes-evm\/\",\"name\":\"Pedidos de aux\u00edlio desemprego nos EUA caem e descolam das proje\u00e7\u00f5es\",\"isPartOf\":{\"@id\":\"https:\/\/www.suno.com.br\/noticias\/#website\"},\"primaryImageOfPage\":{\"@id\":\"https:\/\/www.suno.com.br\/noticias\/pedidos-de-auxilio-desemprego-eua-caem-descolam-projecoes-evm\/#primaryimage\"},\"image\":{\"@id\":\"https:\/\/www.suno.com.br\/noticias\/pedidos-de-auxilio-desemprego-eua-caem-descolam-projecoes-evm\/#primaryimage\"},\"thumbnailUrl\":\"https:\/\/files.sunoresearch.com.br\/n\/uploads\/2023\/02\/Estados-Unidos-scaled.webp\",\"datePublished\":\"2024-01-04T15:46:33+00:00\",\"dateModified\":\"2024-01-04T16:37:07+00:00\",\"description\":\"O dado anterior de pedidos de aux\u00edlio desemprego, que fora revisado, foi de 220 mil na semana anterior, segundo o Departamento de Trabalho\",\"breadcrumb\":{\"@id\":\"https:\/\/www.suno.com.br\/noticias\/pedidos-de-auxilio-desemprego-eua-caem-descolam-projecoes-evm\/#breadcrumb\"},\"inLanguage\":\"pt-BR\",\"potentialAction\":[{\"@type\":\"ReadAction\",\"target\":[\"https:\/\/www.suno.com.br\/noticias\/pedidos-de-auxilio-desemprego-eua-caem-descolam-projecoes-evm\/\"]}]},{\"@type\":\"ImageObject\",\"inLanguage\":\"pt-BR\",\"@id\":\"https:\/\/www.suno.com.br\/noticias\/pedidos-de-auxilio-desemprego-eua-caem-descolam-projecoes-evm\/#primaryimage\",\"url\":\"https:\/\/files.sunoresearch.com.br\/n\/uploads\/2023\/02\/Estados-Unidos-scaled.webp\",\"contentUrl\":\"https:\/\/files.sunoresearch.com.br\/n\/uploads\/2023\/02\/Estados-Unidos-scaled.webp\",\"width\":2560,\"height\":1707,\"caption\":\"Infla\u00e7\u00e3o nos EUA: CPI sobe 0,3% em janeiro; taxa anual desacelera a 3,1%. Foto: Unsplash\"},{\"@type\":\"BreadcrumbList\",\"@id\":\"https:\/\/www.suno.com.br\/noticias\/pedidos-de-auxilio-desemprego-eua-caem-descolam-projecoes-evm\/#breadcrumb\",\"itemListElement\":[{\"@type\":\"ListItem\",\"position\":1,\"name\":\"Not\u00edcias\",\"item\":\"https:\/\/www.suno.com.br\/noticias\/\"},{\"@type\":\"ListItem\",\"position\":2,\"name\":\"Internacional\",\"item\":\"https:\/\/www.suno.com.br\/noticias\/internacional\/\"},{\"@type\":\"ListItem\",\"position\":3,\"name\":\"Pedidos de aux\u00edlio desemprego nos EUA caem e descolam das proje\u00e7\u00f5es\"}]},{\"@type\":\"WebSite\",\"@id\":\"https:\/\/www.suno.com.br\/noticias\/#website\",\"url\":\"https:\/\/www.suno.com.br\/noticias\/\",\"name\":\"Suno Not\u00edcias\",\"description\":\"Seu portal de informa\u00e7\u00e3o sobre o mundo dos investimentos\",\"publisher\":{\"@id\":\"https:\/\/www.suno.com.br\/noticias\/#organization\"},\"potentialAction\":[{\"@type\":\"SearchAction\",\"target\":{\"@type\":\"EntryPoint\",\"urlTemplate\":\"https:\/\/www.suno.com.br\/noticias\/?s={search_term_string}\"},\"query-input\":{\"@type\":\"PropertyValueSpecification\",\"valueRequired\":true,\"valueName\":\"search_term_string\"}}],\"inLanguage\":\"pt-BR\"},{\"@type\":\"Organization\",\"@id\":\"https:\/\/www.suno.com.br\/noticias\/#organization\",\"name\":\"Suno Not\u00edcias\",\"url\":\"https:\/\/www.suno.com.br\/noticias\/\",\"logo\":{\"@type\":\"ImageObject\",\"inLanguage\":\"pt-BR\",\"@id\":\"https:\/\/www.suno.com.br\/noticias\/#\/schema\/logo\/image\/\",\"url\":\"https:\/\/files.sunoresearch.com.br\/n\/uploads\/2021\/09\/suno-logo.png\",\"contentUrl\":\"https:\/\/files.sunoresearch.com.br\/n\/uploads\/2021\/09\/suno-logo.png\",\"width\":180,\"height\":180,\"caption\":\"Suno Not\u00edcias\"},\"image\":{\"@id\":\"https:\/\/www.suno.com.br\/noticias\/#\/schema\/logo\/image\/\"},\"sameAs\":[\"https:\/\/facebook.com\/sunoresearch\",\"https:\/\/x.com\/sunoresearch\",\"https:\/\/www.instagram.com\/suno\",\"https:\/\/www.linkedin.com\/company\/suno-research\/\",\"https:\/\/www.youtube.com\/c\/sunoresearch\"]},{\"@type\":\"Person\",\"@id\":\"https:\/\/www.suno.com.br\/noticias\/#\/schema\/person\/7f4d362bf3518e76090143ae77bb49a5\",\"name\":\"Eduardo Vargas\",\"image\":{\"@type\":\"ImageObject\",\"inLanguage\":\"pt-BR\",\"@id\":\"https:\/\/www.suno.com.br\/noticias\/#\/schema\/person\/image\/\",\"url\":\"https:\/\/secure.gravatar.com\/avatar\/dac340933427a22924c9f99d1eb2e3f2?s=96&r=g\",\"contentUrl\":\"https:\/\/secure.gravatar.com\/avatar\/dac340933427a22924c9f99d1eb2e3f2?s=96&r=g\",\"caption\":\"Eduardo Vargas\"},\"description\":\"Jornalista formado pela UFSC, cobre macroeconomia, neg\u00f3cios e startups para o Suno Not\u00edcias, escrevendo principalmente not\u00edcias sobre o mercado financeiro e a bolsa de valores. No YouTube e no Instagram, \u00e9 respons\u00e1vel pela produ\u00e7\u00e3o de Reels e Shorts do Suno Not\u00edcias. Anteriormente, trabalhou cobrindo economia e cotidiano no ND+ e para o ND, maior jornal impresso de Santa Catarina. Cursou um semestre letivo de Estudos de M\u00eddia na Universidad de Buenos Aires.\",\"url\":\"https:\/\/www.suno.com.br\/noticias\/author\/eduardo-vargas\/\"}]}<\/script>\n<!-- \/ Yoast SEO plugin. -->","yoast_head_json":{"title":"Pedidos de aux\u00edlio desemprego nos EUA caem e descolam das proje\u00e7\u00f5es","description":"O dado anterior de pedidos de aux\u00edlio desemprego, que fora revisado, foi de 220 mil na semana anterior, segundo o Departamento de Trabalho","robots":{"index":"index","follow":"follow","max-snippet":"max-snippet:-1","max-image-preview":"max-image-preview:large","max-video-preview":"max-video-preview:-1"},"canonical":"https:\/\/www.suno.com.br\/noticias\/pedidos-de-auxilio-desemprego-eua-caem-descolam-projecoes-evm\/","og_locale":"pt_BR","og_type":"article","og_title":"Pedidos de aux\u00edlio desemprego nos EUA caem e descolam das proje\u00e7\u00f5es","og_description":"O dado anterior de pedidos de aux\u00edlio desemprego, que fora revisado, foi de 220 mil na semana anterior, segundo o Departamento de Trabalho","og_url":"https:\/\/www.suno.com.br\/noticias\/pedidos-de-auxilio-desemprego-eua-caem-descolam-projecoes-evm\/","og_site_name":"Suno Not\u00edcias","article_publisher":"https:\/\/facebook.com\/sunoresearch","og_image":[{"width":1200,"height":800,"url":"https:\/\/files.sunoresearch.com.br\/n\/uploads\/2023\/02\/Estados-Unidos-scaled-e1695907399505.jpg","type":"image\/jpeg"}],"author":"Eduardo Vargas","twitter_card":"summary_large_image","twitter_creator":"@sunoresearch","twitter_site":"@sunoresearch","twitter_misc":{"Escrito por":"Eduardo Vargas","Est. tempo de leitura":"2 minutos"},"schema":{"@context":"https:\/\/schema.org","@graph":[{"@type":"NewsArticle","@id":"https:\/\/www.suno.com.br\/noticias\/pedidos-de-auxilio-desemprego-eua-caem-descolam-projecoes-evm\/#article","isPartOf":{"@id":"https:\/\/www.suno.com.br\/noticias\/pedidos-de-auxilio-desemprego-eua-caem-descolam-projecoes-evm\/"},"author":{"name":"Eduardo Vargas","@id":"https:\/\/www.suno.com.br\/noticias\/#\/schema\/person\/7f4d362bf3518e76090143ae77bb49a5"},"headline":"Pedidos de aux\u00edlio desemprego nos EUA caem e descolam das proje\u00e7\u00f5es","datePublished":"2024-01-04T15:46:33+00:00","dateModified":"2024-01-04T16:37:07+00:00","mainEntityOfPage":{"@id":"https:\/\/www.suno.com.br\/noticias\/pedidos-de-auxilio-desemprego-eua-caem-descolam-projecoes-evm\/"},"wordCount":262,"publisher":{"@id":"https:\/\/www.suno.com.br\/noticias\/#organization"},"image":{"@id":"https:\/\/www.suno.com.br\/noticias\/pedidos-de-auxilio-desemprego-eua-caem-descolam-projecoes-evm\/#primaryimage"},"thumbnailUrl":"https:\/\/files.sunoresearch.com.br\/n\/uploads\/2023\/02\/Estados-Unidos-scaled.webp","keywords":["Desemprego","Emprego","Estados Unidos (EUA)","seguro desemprego"],"articleSection":["Internacional"],"inLanguage":"pt-BR"},{"@type":"WebPage","@id":"https:\/\/www.suno.com.br\/noticias\/pedidos-de-auxilio-desemprego-eua-caem-descolam-projecoes-evm\/","url":"https:\/\/www.suno.com.br\/noticias\/pedidos-de-auxilio-desemprego-eua-caem-descolam-projecoes-evm\/","name":"Pedidos de aux\u00edlio desemprego nos EUA caem e descolam das proje\u00e7\u00f5es","isPartOf":{"@id":"https:\/\/www.suno.com.br\/noticias\/#website"},"primaryImageOfPage":{"@id":"https:\/\/www.suno.com.br\/noticias\/pedidos-de-auxilio-desemprego-eua-caem-descolam-projecoes-evm\/#primaryimage"},"image":{"@id":"https:\/\/www.suno.com.br\/noticias\/pedidos-de-auxilio-desemprego-eua-caem-descolam-projecoes-evm\/#primaryimage"},"thumbnailUrl":"https:\/\/files.sunoresearch.com.br\/n\/uploads\/2023\/02\/Estados-Unidos-scaled.webp","datePublished":"2024-01-04T15:46:33+00:00","dateModified":"2024-01-04T16:37:07+00:00","description":"O dado anterior de pedidos de aux\u00edlio desemprego, que fora revisado, foi de 220 mil na semana anterior, segundo o Departamento de Trabalho","breadcrumb":{"@id":"https:\/\/www.suno.com.br\/noticias\/pedidos-de-auxilio-desemprego-eua-caem-descolam-projecoes-evm\/#breadcrumb"},"inLanguage":"pt-BR","potentialAction":[{"@type":"ReadAction","target":["https:\/\/www.suno.com.br\/noticias\/pedidos-de-auxilio-desemprego-eua-caem-descolam-projecoes-evm\/"]}]},{"@type":"ImageObject","inLanguage":"pt-BR","@id":"https:\/\/www.suno.com.br\/noticias\/pedidos-de-auxilio-desemprego-eua-caem-descolam-projecoes-evm\/#primaryimage","url":"https:\/\/files.sunoresearch.com.br\/n\/uploads\/2023\/02\/Estados-Unidos-scaled.webp","contentUrl":"https:\/\/files.sunoresearch.com.br\/n\/uploads\/2023\/02\/Estados-Unidos-scaled.webp","width":2560,"height":1707,"caption":"Infla\u00e7\u00e3o nos EUA: CPI sobe 0,3% em janeiro; taxa anual desacelera a 3,1%. Foto: Unsplash"},{"@type":"BreadcrumbList","@id":"https:\/\/www.suno.com.br\/noticias\/pedidos-de-auxilio-desemprego-eua-caem-descolam-projecoes-evm\/#breadcrumb","itemListElement":[{"@type":"ListItem","position":1,"name":"Not\u00edcias","item":"https:\/\/www.suno.com.br\/noticias\/"},{"@type":"ListItem","position":2,"name":"Internacional","item":"https:\/\/www.suno.com.br\/noticias\/internacional\/"},{"@type":"ListItem","position":3,"name":"Pedidos de aux\u00edlio desemprego nos EUA caem e descolam das proje\u00e7\u00f5es"}]},{"@type":"WebSite","@id":"https:\/\/www.suno.com.br\/noticias\/#website","url":"https:\/\/www.suno.com.br\/noticias\/","name":"Suno Not\u00edcias","description":"Seu portal de informa\u00e7\u00e3o sobre o mundo dos investimentos","publisher":{"@id":"https:\/\/www.suno.com.br\/noticias\/#organization"},"potentialAction":[{"@type":"SearchAction","target":{"@type":"EntryPoint","urlTemplate":"https:\/\/www.suno.com.br\/noticias\/?s={search_term_string}"},"query-input":{"@type":"PropertyValueSpecification","valueRequired":true,"valueName":"search_term_string"}}],"inLanguage":"pt-BR"},{"@type":"Organization","@id":"https:\/\/www.suno.com.br\/noticias\/#organization","name":"Suno Not\u00edcias","url":"https:\/\/www.suno.com.br\/noticias\/","logo":{"@type":"ImageObject","inLanguage":"pt-BR","@id":"https:\/\/www.suno.com.br\/noticias\/#\/schema\/logo\/image\/","url":"https:\/\/files.sunoresearch.com.br\/n\/uploads\/2021\/09\/suno-logo.png","contentUrl":"https:\/\/files.sunoresearch.com.br\/n\/uploads\/2021\/09\/suno-logo.png","width":180,"height":180,"caption":"Suno Not\u00edcias"},"image":{"@id":"https:\/\/www.suno.com.br\/noticias\/#\/schema\/logo\/image\/"},"sameAs":["https:\/\/facebook.com\/sunoresearch","https:\/\/x.com\/sunoresearch","https:\/\/www.instagram.com\/suno","https:\/\/www.linkedin.com\/company\/suno-research\/","https:\/\/www.youtube.com\/c\/sunoresearch"]},{"@type":"Person","@id":"https:\/\/www.suno.com.br\/noticias\/#\/schema\/person\/7f4d362bf3518e76090143ae77bb49a5","name":"Eduardo Vargas","image":{"@type":"ImageObject","inLanguage":"pt-BR","@id":"https:\/\/www.suno.com.br\/noticias\/#\/schema\/person\/image\/","url":"https:\/\/secure.gravatar.com\/avatar\/dac340933427a22924c9f99d1eb2e3f2?s=96&r=g","contentUrl":"https:\/\/secure.gravatar.com\/avatar\/dac340933427a22924c9f99d1eb2e3f2?s=96&r=g","caption":"Eduardo Vargas"},"description":"Jornalista formado pela UFSC, cobre macroeconomia, neg\u00f3cios e startups para o Suno Not\u00edcias, escrevendo principalmente not\u00edcias sobre o mercado financeiro e a bolsa de valores. No YouTube e no Instagram, \u00e9 respons\u00e1vel pela produ\u00e7\u00e3o de Reels e Shorts do Suno Not\u00edcias. Anteriormente, trabalhou cobrindo economia e cotidiano no ND+ e para o ND, maior jornal impresso de Santa Catarina. Cursou um semestre letivo de Estudos de M\u00eddia na Universidad de Buenos Aires.","url":"https:\/\/www.suno.com.br\/noticias\/author\/eduardo-vargas\/"}]}},"default_loop_html":"<div class=\"cardsPage__listCard__boxs\"><div class=\"cardsPage__listCard__boxs__img\"><a href=\"https:\/\/www.suno.com.br\/noticias\/pedidos-de-auxilio-desemprego-eua-caem-descolam-projecoes-evm\/\"><img class=\"mask\" src=\"https:\/\/www.suno.com.br\/noticias\/wp-content\/themes\/suno\/resources\/images\/spotlight\/spotlight1img\/bg-mask.png\" alt=\"Image Mask\"\/><img src=\"https:\/\/files.sunoresearch.com.br\/n\/uploads\/2023\/02\/Estados-Unidos-400x200.webp\" alt=\"Pedidos de aux\u00edlio desemprego nos EUA caem e descolam das proje\u00e7\u00f5es\"\/><\/a><span class=\"spotlightCategory\"><a href=\"https:\/\/www.suno.com.br\/noticias\/internacional\/\">Internacional<\/a><\/span><\/div><div class=\"cardsPage__listCard__boxs__content\"><a href=\"https:\/\/www.suno.com.br\/noticias\/pedidos-de-auxilio-desemprego-eua-caem-descolam-projecoes-evm\/\"><h2 class=\"content__title\">Pedidos de aux\u00edlio desemprego nos EUA caem e descolam das proje\u00e7\u00f5es<\/h2><\/a><div class=\"newsContent__article__meta\"><div class=\"newsContent__article__meta__authorBox\"><a href=\"https:\/\/www.suno.com.br\/noticias\/author\/eduardo-vargas\/\" class=\"authorBox__avatar noMobi\"><img src=\"https:\/\/secure.gravatar.com\/avatar\/dac340933427a22924c9f99d1eb2e3f2?s=96&#038;r=g\" alt=\"Eduardo Vargas\"><\/a><div class=\"authorBox__name\"><span>por\n\t\t\t<a href=\"https:\/\/www.suno.com.br\/noticias\/author\/eduardo-vargas\/\"><span itemprop=\"author\">Eduardo Vargas<\/span><\/a><\/span><time datetime=\"2024-01-04T12:46:33-03:00\" itemprop=\"datePublished\">04\/01\/2024 12:46<\/time><\/div><\/div><\/div><\/div><\/div>","single_layout":"posts","amp_enabled":true,"_links":{"self":[{"href":"https:\/\/www.suno.com.br\/noticias\/wp-json\/wp\/v2\/posts\/506487"}],"collection":[{"href":"https:\/\/www.suno.com.br\/noticias\/wp-json\/wp\/v2\/posts"}],"about":[{"href":"https:\/\/www.suno.com.br\/noticias\/wp-json\/wp\/v2\/types\/post"}],"author":[{"embeddable":true,"href":"https:\/\/www.suno.com.br\/noticias\/wp-json\/wp\/v2\/users\/73"}],"replies":[{"embeddable":true,"href":"https:\/\/www.suno.com.br\/noticias\/wp-json\/wp\/v2\/comments?post=506487"}],"version-history":[{"count":3,"href":"https:\/\/www.suno.com.br\/noticias\/wp-json\/wp\/v2\/posts\/506487\/revisions"}],"predecessor-version":[{"id":506534,"href":"https:\/\/www.suno.com.br\/noticias\/wp-json\/wp\/v2\/posts\/506487\/revisions\/506534"}],"wp:featuredmedia":[{"embeddable":true,"href":"https:\/\/www.suno.com.br\/noticias\/wp-json\/wp\/v2\/media\/358608"}],"wp:attachment":[{"href":"https:\/\/www.suno.com.br\/noticias\/wp-json\/wp\/v2\/media?parent=506487"}],"wp:term":[{"taxonomy":"category","embeddable":true,"href":"https:\/\/www.suno.com.br\/noticias\/wp-json\/wp\/v2\/categories?post=506487"},{"taxonomy":"post_tag","embeddable":true,"href":"https:\/\/www.suno.com.br\/noticias\/wp-json\/wp\/v2\/tags?post=506487"},{"taxonomy":"suno_strategy","embeddable":true,"href":"https:\/\/www.suno.com.br\/noticias\/wp-json\/wp\/v2\/suno_strategy?post=506487"}],"curies":[{"name":"wp","href":"https:\/\/api.w.org\/{rel}","templated":true}]}}