{"id":506479,"date":"2024-01-04T13:35:13","date_gmt":"2024-01-04T16:35:13","guid":{"rendered":"https:\/\/www.suno.com.br\/noticias\/?p=506479"},"modified":"2024-01-04T13:35:21","modified_gmt":"2024-01-04T16:35:21","slug":"americanas-amer3-cvm-gpj","status":"publish","type":"post","link":"https:\/\/www.suno.com.br\/noticias\/americanas-amer3-cvm-gpj\/","title":{"rendered":"Americanas (AMER3) e outras empresas est\u00e3o &#8216;devendo&#8217; para a CVM; entenda"},"content":{"rendered":"<p>A Superintend\u00eancia de Rela\u00e7\u00f5es com Empresas (SEP) da <a href=\"https:\/\/www.suno.com.br\/artigos\/cvm\/\">Comiss\u00e3o de Valores Mobili\u00e1rios (CVM)<\/a>, informou nesta quinta-feira (4) a rela\u00e7\u00e3o das <a href=\"https:\/\/www.suno.com.br\/artigos\/companhias-abertas\/\">companhias abertas<\/a> consideradas inadimplentes por n\u00e3o enviarem \u00e0 autarquia, h\u00e1 no m\u00ednimo tr\u00eas meses, pelo menos um de tr\u00eas documentos peri\u00f3dicos. Entre elas, est\u00e1 a <strong>Americanas<\/strong> (AMER3), em recupera\u00e7\u00e3o judicial.<\/p>\t<div class=\"wrapper-featured-image\">\n\t\t<figure class=\"spotlightImg\">\n\n\t\t\t<picture>\n\t\t\t\t<source media=\"(max-width: 768px)\" srcset=\"https:\/\/files.sunoresearch.com.br\/n\/uploads\/2023\/04\/americanas-amer3-fachada-loja-crise-foto-divulgacao-400x200.jpg\">\n\t\t\t\t<img loading=\"lazy\" decoding=\"async\" class=\"newsContent__article__imgCapa lazyloadDisabled \" src=\"https:\/\/files.sunoresearch.com.br\/n\/uploads\/2023\/04\/americanas-amer3-fachada-loja-crise-foto-divulgacao-800x450.jpg\" width=\"800\" height=\"450\" alt=\"Americanas (AMER3) e outras empresas est\u00e3o &#8216;devendo&#8217; para a CVM; entenda\" fetchpriority=high \/>\n\t\t\t<\/picture>\n\n\t\t\t<figcaption class=\"wp-caption-text wp-caption-text--show\">Americanas (AMER3) - Foto: Divulga\u00e7\u00e3o<\/figcaption>\n\t\t<\/figure>\n\t<\/div>\n\n\n\n\n\n\n\n\t<p>\n\t\t<a href=\"https:\/\/lp.suno.com.br\/planilha-da-vida-financeira\/\" target=\"_blank\" data-element=\"shortcode-suno-banner\" title=\"Banner SUNO, clique e saiba mais\">\n\t\t\t<picture>\n\t\t\t\t<source media=\"(max-width: 500px)\" srcset=\"https:\/\/files.sunoresearch.com.br\/n\/uploads\/2023\/04\/400x300-Planilha-vida-financeira-true.png\">\n\t\t\t\t<img class=\"newsContent__article__imgCapa newsContent__article__imgCapa--banner\"\n\t\t\t\t\tsrc=\"https:\/\/files.sunoresearch.com.br\/n\/uploads\/2023\/04\/1420x240-Planilha-vida-financeira-true.png\"\n\t\t\t\t\tdata-promo-id=\"106682\"\t\t\t\t\t\t\t\t\t\twidth='1420' height='240'\t\t\t\t\talt=\"https:\/\/files.sunoresearch.com.br\/n\/uploads\/2023\/04\/1420x240-Planilha-vida-financeira-true.png\"\n\t\t\t\t>\n\t\t\t<\/picture>\n\t\t<\/a>\n\t<\/p>\n\n\n\n\n\n<p>Os documentos citados pela <strong>CVM<\/strong> s\u00e3o: <\/p>\n\n\n\n<ul class=\"wp-block-list\">\n<li>Formul\u00e1rio de <a href=\"https:\/\/www.suno.com.br\/artigos\/demonstracoes-financeiras\/\">Demonstra\u00e7\u00f5es Financeiras<\/a> Padronizadas (DFP);<\/li>\n\n\n\n<li>Formul\u00e1rio de <a href=\"https:\/\/www.suno.com.br\/artigos\/informacoes-trimestrais\/\">Informa\u00e7\u00f5es Trimestrais<\/a> (ITR);<\/li>\n\n\n\n<li><a href=\"https:\/\/www.suno.com.br\/artigos\/formulario-de-referencia\/\">Formul\u00e1rio de Refer\u00eancia<\/a> (FRE).<\/li>\n<\/ul>\n\n\n\n<p>Na lista, est\u00e3o inclu\u00eddas oito <a href=\"https:\/\/www.suno.com.br\/artigos\/companhias-abertas\/\">companhias abertas<\/a> que n\u00e3o apresentaram, at\u00e9 esta quinta-feira (4), esses documentos. Confira:<\/p>\n\n\n\n<figure class=\"wp-block-table\"><table><tbody><tr><td>Denomina\u00e7\u00e3o Social<\/td><td>CNPJ<\/td><td>Documentos n\u00e3o entregues<\/td><\/tr><tr><td>Americanas S.A. \u2013 Em Recupera\u00e7\u00e3o Judicial&nbsp;&nbsp;<\/td><td>00.776.574\/0001-56<\/td><td>1\u00aa ITR\/2023<br>2\u00aa ITR\/2023<br>3\u00aa ITR\/2023<\/td><\/tr><tr><td>Ammo&nbsp;Varejo S.A.<\/td><td>03.494.776\/0001-01<\/td><td>1\u00aa ITR\/2023<br>2\u00aa ITR\/2023<br>3\u00aa ITR\/2023<\/td><\/tr><tr><td>Auzza&nbsp;Securitizadora&nbsp;S.A.&nbsp;<\/td><td>27.956.690\/0001-03<\/td><td>2\u00aa ITR\/2023<br>3\u00aa ITR\/2023<\/td><\/tr><tr><td>CIA Tecidos Norte de Minas \u2013 Coteminas&nbsp;&nbsp;<\/td><td>22.677.520\/0001-76<\/td><td>2\u00aa ITR\/2023<br>3\u00aa ITR\/2023<\/td><\/tr><tr><td>Leads&nbsp;Securitizadora&nbsp;S.A.&nbsp;<\/td><td>21.414.457\/0001-12<\/td><td>FRE\/2023<\/td><\/tr><tr><td>Rio Alto SLT Holding I S.A.&nbsp;<\/td><td>40.480.481\/0001-02<\/td><td>1\u00aa ITR\/2023<br>2\u00aa ITR\/2023<br>3\u00aa ITR\/2023<\/td><\/tr><tr><td>Serra Azul Water&nbsp;Park S.A.&nbsp;&nbsp;&nbsp;<\/td><td>00.545.378\/0001-70<\/td><td>FRE\/2023<\/td><\/tr><tr><td>Springs Global Participa\u00e7\u00f5es S.A.&nbsp;<\/td><td>07.718.269\/0001-57<\/td><td>2\u00aa ITR\/2023<br>3\u00aa ITR\/2023<\/td><\/tr><\/tbody><\/table><\/figure>\n\n\n\n<p>No comunicado, a autarquia informou que &#8220;n\u00e3o fazem parte dessa lista as companhias que estejam, segundo o cadastro da CVM, em situa\u00e7\u00e3o de fal\u00eancia ou liquida\u00e7\u00e3o, bem como as companhias que se encontram com seus registros suspensos, nos termos da Resolu\u00e7\u00e3o CVM n\u00b0 80\/22&#8221;.<\/p>\n\n\n\n\t<div data-element=\"shortcode-read-more\" class=\"readToo\">\n\t\t\t\t<span class=\"readToo__title\">Leia mais<\/span>\n\t\t\t\t<ul class=\"readToo__list\">\n\t\t\t<li><a href=\"https:\/\/www.suno.com.br\/noticias\/bb-bi-itau-itub4-novos-dados-divulgados-bc-evm\/\">BB-BI mant\u00e9m otimismo com Ita\u00fa (ITUB4) ap\u00f3s novos dados divulgados<\/a><\/li><li><a href=\"https:\/\/www.suno.com.br\/noticias\/endividamento-familias-outubro-banco-central-evm\/\">Endividamento das fam\u00edlias cai para 47% em outubro, revela BC<\/a><\/li><li><a href=\"https:\/\/www.suno.com.br\/noticias\/slc-agricola-incendio-galpao-gpj\/\">SLC Agr\u00edcola (SLCE3): inc\u00eandio atinge galp\u00e3o na Bahia; empresa se manifesta<\/a><\/li>\t\t<\/ul>\n\t<\/div>\n\n\n\n\t<p>\n\t\t<a href=\"https:\/\/lp.suno.com.br\/ebook-como-analisar-uma-acao\/\" target=\"_blank\" data-element=\"shortcode-suno-banner\" title=\"Banner SUNO, clique e saiba mais\">\n\t\t\t<picture>\n\t\t\t\t<source media=\"(max-width: 500px)\" srcset=\"https:\/\/files.sunoresearch.com.br\/n\/uploads\/2023\/03\/Ebook-Acoes-Mobile.jpg\">\n\t\t\t\t<img class=\"newsContent__article__imgCapa newsContent__article__imgCapa--banner\"\n\t\t\t\t\tsrc=\"https:\/\/files.sunoresearch.com.br\/n\/uploads\/2023\/03\/Ebook-Acoes-Desktop.jpg\"\n\t\t\t\t\tdata-promo-id=\"378302\"\t\t\t\t\t\t\t\t\t\twidth='1420' height='286'\t\t\t\t\talt=\"https:\/\/files.sunoresearch.com.br\/n\/uploads\/2023\/03\/Ebook-Acoes-Desktop.jpg\"\n\t\t\t\t>\n\t\t\t<\/picture>\n\t\t<\/a>\n\t<\/p>\n\n\n\n\n\n<h2 class=\"wp-block-heading\">Americanas (AMER3): credores aprovam plano de recupera\u00e7\u00e3o judicial<\/h2>\n\n\n\n<p>A Assembleia Geral de Credores (AGC) da&nbsp;Americanas aprovou no \u00faltimo dia 19 de dezembro o&nbsp;<a href=\"https:\/\/www.suno.com.br\/artigos\/plano-de-recuperacao\/\" target=\"_blank\" rel=\"noreferrer noopener\">plano de recupera\u00e7\u00e3o judicial<\/a>&nbsp;apresentado pela companhia em 27 de novembro e costurado por v\u00e1rios meses com bancos, seus maiores credores. <\/p>\n\n\n\n<p>A AGC e a vota\u00e7\u00e3o ocorreram digitalmente. A homologa\u00e7\u00e3o do plano deve acontecer a partir de 8 de janeiro, no retorno do recesso do Judici\u00e1rio.<\/p>\n\n\n\n<p><strong>Credores da Americanas<\/strong>, das classes 1 (trabalhadores) e 4 (micro e pequenas empresas), n\u00e3o tomaram parte da assembleia desta tarde porque n\u00e3o ser\u00e3o afetados pelas delibera\u00e7\u00f5es. Os credores presentes eram classe 3 (quirograf\u00e1rios), e o&nbsp;<strong>plano de recupera\u00e7\u00e3o judicial<\/strong>&nbsp;foi aprovado com ades\u00e3o de 91,14% dos presentes (voto por cabe\u00e7a) e por 97,19% dos cr\u00e9ditos.<\/p>\n\n\n\n<p>O trio de&nbsp;<strong>acionistas de refer\u00eancia da Americanas<\/strong>&nbsp;\u2013&nbsp;<a target=\"_blank\" href=\"https:\/\/www.suno.com.br\/tudo-sobre\/jorge-paulo-lemann\/\" rel=\"noreferrer noopener\">Jorge Paulo Lemann<\/a>, Marcel Telles e Carlos Alberto Sicupira \u2013 pode chegar a uma participa\u00e7\u00e3o de 49,3% na rede de varejo ap\u00f3s a capitaliza\u00e7\u00e3o de R$ 12 bilh\u00f5es proposta no&nbsp;<a target=\"_blank\" href=\"https:\/\/www.suno.com.br\/artigos\/plano-de-recuperacao\/\" rel=\"noreferrer noopener\">plano de recupera\u00e7\u00e3o judicial<\/a>&nbsp;da empresa. Atualmente, o trio de acionistas tem fatia de 30,1%.<\/p>\n\n\n\n<p>Os demais credores da Americanas, incluindo os bancos, como<strong>&nbsp;Bradesco<\/strong>&nbsp;(BBDC4),<strong>&nbsp;Ita\u00fa Unibanco<\/strong>&nbsp;(ITUB4),&nbsp;<strong>BTG Pactual<\/strong>&nbsp;(BPAC11) e&nbsp;<strong>Santander&nbsp;<\/strong>(SANB11), passar\u00e3o a deter 48,2% da empresa, por conta da convers\u00e3o da d\u00edvida em&nbsp;<strong>a\u00e7\u00f5es da varejista<\/strong>, em montante tamb\u00e9m de R$ 12 bilh\u00f5es.<\/p>\n\n\n\n<p>Assim, o&nbsp;<a href=\"https:\/\/www.suno.com.br\/artigos\/aumento-capital\/\" target=\"_blank\" rel=\"noreferrer noopener\">aumento de capital<\/a>&nbsp;total ser\u00e1 de R$ 24 bilh\u00f5es, conforme apresentado na tarde de hoje pela diretora financeira da Americanas, Camille Faria, que leu um resumo do plano de recupera\u00e7\u00e3o judicial. A capitaliza\u00e7\u00e3o deve reduzir a d\u00edvida da Americanas a cerca de R$ 1,9 bilh\u00e3o.<\/p>\n\n\n\n<p>No aporte, ser\u00e3o emitidas novas&nbsp;<strong>a\u00e7\u00f5es da Americanas<\/strong>, cada uma a um pre\u00e7o de R$ 1,30, um pr\u00eamio de 44% em rela\u00e7\u00e3o ao pre\u00e7o de fechamento nesta ter\u00e7a-feira. O valor foi definido atrav\u00e9s de um c\u00e1lculo que \u00e9 parte do acordo fechado entre a empresa e os credores para que o&nbsp;<a target=\"_blank\" href=\"https:\/\/www.suno.com.br\/artigos\/plano-de-recuperacao\/\" rel=\"noreferrer noopener\">plano de recupera\u00e7\u00e3o judicial<\/a>&nbsp;fosse finalmente votado.<\/p>\n\n\n\n<p>Os&nbsp;<strong>bancos credores<\/strong>&nbsp;pretendem vender suas a\u00e7\u00f5es \u00e0 frente, a depender do desempenho dos pap\u00e9is na bolsa. No plano, h\u00e1 uma veda\u00e7\u00e3o (lock-up, no jarg\u00e3o do mercado) de 3 anos para qualquer venda.<\/p>\n\n\n\n<p>Com a&nbsp;<strong>aprova\u00e7\u00e3o do plano<\/strong>, os bancos podem dar baixa dos d\u00e9bitos da Americanas em seus balan\u00e7os. A varejista tamb\u00e9m poder\u00e1 come\u00e7ar o ano de 2024 com o balan\u00e7o \u201climpo\u201d.<\/p>\n\n\n\n<p>A Americanas foi um dos maiores casos de fraude cont\u00e1bil do Pa\u00eds, de cerca de R$ 25 bilh\u00f5es, o que acabou levando a empresa a pedir recupera\u00e7\u00e3o judicial e um grande embate jur\u00eddico entre a empresa e bancos credores.<\/p>\n\n\n\n<p><em>*Com informa\u00e7\u00f5es de Estad\u00e3o Conte\u00fado<\/em><a href=\"https:\/\/lp.suno.com.br\/planilha-da-vida-financeira\/\" target=\"_blank\" rel=\"noreferrer noopener\"><\/a><\/p>\n\n\n\t<p>\n\t\t<a href=\"https:\/\/lp.suno.com.br\/planilha-da-vida-financeira\/\" target=\"_blank\" data-element=\"shortcode-suno-banner\" title=\"Banner SUNO, clique e saiba mais\">\n\t\t\t<picture>\n\t\t\t\t<source media=\"(max-width: 500px)\" srcset=\"https:\/\/files.sunoresearch.com.br\/n\/uploads\/2023\/04\/400x300-Planilha-vida-financeira-true.png\">\n\t\t\t\t<img class=\"newsContent__article__imgCapa newsContent__article__imgCapa--banner\"\n\t\t\t\t\tsrc=\"https:\/\/files.sunoresearch.com.br\/n\/uploads\/2023\/04\/1420x240-Planilha-vida-financeira-true.png\"\n\t\t\t\t\tdata-promo-id=\"383123\"\t\t\t\t\t\t\t\t\t\twidth='1420' height='240'\t\t\t\t\talt=\"https:\/\/files.sunoresearch.com.br\/n\/uploads\/2023\/04\/1420x240-Planilha-vida-financeira-true.png\"\n\t\t\t\t>\n\t\t\t<\/picture>\n\t\t<\/a>\n\t<\/p>\n\n\n","protected":false},"excerpt":{"rendered":"<p>A Superintend\u00eancia de Rela\u00e7\u00f5es com Empresas (SEP) da Comiss\u00e3o de Valores Mobili\u00e1rios (CVM), informou nesta quinta-feira (4) a rela\u00e7\u00e3o das companhias abertas consideradas inadimplentes por n\u00e3o enviarem \u00e0 autarquia, h\u00e1 no m\u00ednimo tr\u00eas meses, pelo menos um de tr\u00eas documentos peri\u00f3dicos. Entre elas, est\u00e1 a Americanas (AMER3), em recupera\u00e7\u00e3o judicial. Americanas (AMER3) &#8211; Foto: Divulga\u00e7\u00e3o [&hellip;]<\/p>\n","protected":false},"author":313,"featured_media":397195,"comment_status":"closed","ping_status":"closed","sticky":false,"template":"","format":"standard","meta":[],"categories":[64],"tags":[106605,902],"suno_strategy":[],"class_list":["post-506479","post","type-post","status-publish","format-standard","has-post-thumbnail","hentry","category-negocios","tag-americanas-s-a-amer3","tag-comissao-de-valores-mobiliarios-cvm"],"yoast_head":"<!-- This site is optimized with the Yoast SEO plugin v24.4 - https:\/\/yoast.com\/wordpress\/plugins\/seo\/ -->\n<title>Americanas (AMER3) e outras empresas est\u00e3o &#039;devendo&#039; para a CVM<\/title>\n<meta name=\"description\" content=\"A Americanas n\u00e3o forneceu pelo menos um dos tr\u00eas documentos solicitados periodicamente pela Comiss\u00e3o de Valores Mobili\u00e1rios (CVM).\" \/>\n<meta name=\"robots\" content=\"index, follow, max-snippet:-1, max-image-preview:large, max-video-preview:-1\" \/>\n<link rel=\"canonical\" href=\"https:\/\/www.suno.com.br\/noticias\/americanas-amer3-cvm-gpj\/\" \/>\n<meta property=\"og:locale\" content=\"pt_BR\" \/>\n<meta property=\"og:type\" content=\"article\" \/>\n<meta property=\"og:title\" content=\"Americanas (AMER3) e outras empresas est\u00e3o &#039;devendo&#039; para a CVM\" \/>\n<meta property=\"og:description\" content=\"A Americanas n\u00e3o forneceu pelo menos um dos tr\u00eas documentos solicitados periodicamente pela Comiss\u00e3o de Valores Mobili\u00e1rios (CVM).\" \/>\n<meta property=\"og:url\" content=\"https:\/\/www.suno.com.br\/noticias\/americanas-amer3-cvm-gpj\/\" \/>\n<meta property=\"og:site_name\" content=\"Suno Not\u00edcias\" \/>\n<meta property=\"article:publisher\" content=\"https:\/\/facebook.com\/sunoresearch\" \/>\n<meta property=\"og:image\" content=\"https:\/\/files.sunoresearch.com.br\/n\/uploads\/2023\/04\/americanas-amer3-fachada-loja-crise-foto-divulgacao.jpg\" \/>\n\t<meta property=\"og:image:width\" content=\"1250\" \/>\n\t<meta property=\"og:image:height\" content=\"833\" \/>\n\t<meta property=\"og:image:type\" content=\"image\/jpeg\" \/>\n<meta name=\"author\" content=\"Giovanni Porf\u00edrio Jacomino\" \/>\n<meta name=\"twitter:card\" content=\"summary_large_image\" \/>\n<meta name=\"twitter:creator\" content=\"@sunoresearch\" \/>\n<meta name=\"twitter:site\" content=\"@sunoresearch\" \/>\n<meta name=\"twitter:label1\" content=\"Escrito por\" \/>\n\t<meta name=\"twitter:data1\" content=\"Giovanni Porf\u00edrio Jacomino\" \/>\n\t<meta name=\"twitter:label2\" content=\"Est. tempo de leitura\" \/>\n\t<meta name=\"twitter:data2\" content=\"4 minutos\" \/>\n<script type=\"application\/ld+json\" class=\"yoast-schema-graph\">{\"@context\":\"https:\/\/schema.org\",\"@graph\":[{\"@type\":\"NewsArticle\",\"@id\":\"https:\/\/www.suno.com.br\/noticias\/americanas-amer3-cvm-gpj\/#article\",\"isPartOf\":{\"@id\":\"https:\/\/www.suno.com.br\/noticias\/americanas-amer3-cvm-gpj\/\"},\"author\":{\"name\":\"Giovanni Porf\u00edrio Jacomino\",\"@id\":\"https:\/\/www.suno.com.br\/noticias\/#\/schema\/person\/d0f32748bbca4bee871fa191ee4e2d40\"},\"headline\":\"Americanas (AMER3) e outras empresas est\u00e3o &#8216;devendo&#8217; para a CVM; entenda\",\"datePublished\":\"2024-01-04T16:35:13+00:00\",\"dateModified\":\"2024-01-04T16:35:21+00:00\",\"mainEntityOfPage\":{\"@id\":\"https:\/\/www.suno.com.br\/noticias\/americanas-amer3-cvm-gpj\/\"},\"wordCount\":766,\"publisher\":{\"@id\":\"https:\/\/www.suno.com.br\/noticias\/#organization\"},\"image\":{\"@id\":\"https:\/\/www.suno.com.br\/noticias\/americanas-amer3-cvm-gpj\/#primaryimage\"},\"thumbnailUrl\":\"https:\/\/files.sunoresearch.com.br\/n\/uploads\/2023\/04\/americanas-amer3-fachada-loja-crise-foto-divulgacao.jpg\",\"keywords\":[\"Americanas (AMER3)\",\"Comiss\u00e3o de Valores Mobili\u00e1rios (CVM)\"],\"articleSection\":[\"Neg\u00f3cios\"],\"inLanguage\":\"pt-BR\"},{\"@type\":\"WebPage\",\"@id\":\"https:\/\/www.suno.com.br\/noticias\/americanas-amer3-cvm-gpj\/\",\"url\":\"https:\/\/www.suno.com.br\/noticias\/americanas-amer3-cvm-gpj\/\",\"name\":\"Americanas (AMER3) e outras empresas est\u00e3o 'devendo' para a CVM\",\"isPartOf\":{\"@id\":\"https:\/\/www.suno.com.br\/noticias\/#website\"},\"primaryImageOfPage\":{\"@id\":\"https:\/\/www.suno.com.br\/noticias\/americanas-amer3-cvm-gpj\/#primaryimage\"},\"image\":{\"@id\":\"https:\/\/www.suno.com.br\/noticias\/americanas-amer3-cvm-gpj\/#primaryimage\"},\"thumbnailUrl\":\"https:\/\/files.sunoresearch.com.br\/n\/uploads\/2023\/04\/americanas-amer3-fachada-loja-crise-foto-divulgacao.jpg\",\"datePublished\":\"2024-01-04T16:35:13+00:00\",\"dateModified\":\"2024-01-04T16:35:21+00:00\",\"description\":\"A Americanas n\u00e3o forneceu pelo menos um dos tr\u00eas documentos solicitados periodicamente pela Comiss\u00e3o de Valores Mobili\u00e1rios (CVM).\",\"breadcrumb\":{\"@id\":\"https:\/\/www.suno.com.br\/noticias\/americanas-amer3-cvm-gpj\/#breadcrumb\"},\"inLanguage\":\"pt-BR\",\"potentialAction\":[{\"@type\":\"ReadAction\",\"target\":[\"https:\/\/www.suno.com.br\/noticias\/americanas-amer3-cvm-gpj\/\"]}]},{\"@type\":\"ImageObject\",\"inLanguage\":\"pt-BR\",\"@id\":\"https:\/\/www.suno.com.br\/noticias\/americanas-amer3-cvm-gpj\/#primaryimage\",\"url\":\"https:\/\/files.sunoresearch.com.br\/n\/uploads\/2023\/04\/americanas-amer3-fachada-loja-crise-foto-divulgacao.jpg\",\"contentUrl\":\"https:\/\/files.sunoresearch.com.br\/n\/uploads\/2023\/04\/americanas-amer3-fachada-loja-crise-foto-divulgacao.jpg\",\"width\":1250,\"height\":833,\"caption\":\"Americanas (AMER3) - Foto: Divulga\u00e7\u00e3o\"},{\"@type\":\"BreadcrumbList\",\"@id\":\"https:\/\/www.suno.com.br\/noticias\/americanas-amer3-cvm-gpj\/#breadcrumb\",\"itemListElement\":[{\"@type\":\"ListItem\",\"position\":1,\"name\":\"Not\u00edcias\",\"item\":\"https:\/\/www.suno.com.br\/noticias\/\"},{\"@type\":\"ListItem\",\"position\":2,\"name\":\"Neg\u00f3cios\",\"item\":\"https:\/\/www.suno.com.br\/noticias\/negocios\/\"},{\"@type\":\"ListItem\",\"position\":3,\"name\":\"Americanas (AMER3) e outras empresas est\u00e3o &#8216;devendo&#8217; para a CVM; entenda\"}]},{\"@type\":\"WebSite\",\"@id\":\"https:\/\/www.suno.com.br\/noticias\/#website\",\"url\":\"https:\/\/www.suno.com.br\/noticias\/\",\"name\":\"Suno Not\u00edcias\",\"description\":\"Seu portal de informa\u00e7\u00e3o sobre o mundo dos investimentos\",\"publisher\":{\"@id\":\"https:\/\/www.suno.com.br\/noticias\/#organization\"},\"potentialAction\":[{\"@type\":\"SearchAction\",\"target\":{\"@type\":\"EntryPoint\",\"urlTemplate\":\"https:\/\/www.suno.com.br\/noticias\/?s={search_term_string}\"},\"query-input\":{\"@type\":\"PropertyValueSpecification\",\"valueRequired\":true,\"valueName\":\"search_term_string\"}}],\"inLanguage\":\"pt-BR\"},{\"@type\":\"Organization\",\"@id\":\"https:\/\/www.suno.com.br\/noticias\/#organization\",\"name\":\"Suno Not\u00edcias\",\"url\":\"https:\/\/www.suno.com.br\/noticias\/\",\"logo\":{\"@type\":\"ImageObject\",\"inLanguage\":\"pt-BR\",\"@id\":\"https:\/\/www.suno.com.br\/noticias\/#\/schema\/logo\/image\/\",\"url\":\"https:\/\/files.sunoresearch.com.br\/n\/uploads\/2021\/09\/suno-logo.png\",\"contentUrl\":\"https:\/\/files.sunoresearch.com.br\/n\/uploads\/2021\/09\/suno-logo.png\",\"width\":180,\"height\":180,\"caption\":\"Suno Not\u00edcias\"},\"image\":{\"@id\":\"https:\/\/www.suno.com.br\/noticias\/#\/schema\/logo\/image\/\"},\"sameAs\":[\"https:\/\/facebook.com\/sunoresearch\",\"https:\/\/x.com\/sunoresearch\",\"https:\/\/www.instagram.com\/suno\",\"https:\/\/www.linkedin.com\/company\/suno-research\/\",\"https:\/\/www.youtube.com\/c\/sunoresearch\"]},{\"@type\":\"Person\",\"@id\":\"https:\/\/www.suno.com.br\/noticias\/#\/schema\/person\/d0f32748bbca4bee871fa191ee4e2d40\",\"name\":\"Giovanni Porf\u00edrio Jacomino\",\"image\":{\"@type\":\"ImageObject\",\"inLanguage\":\"pt-BR\",\"@id\":\"https:\/\/www.suno.com.br\/noticias\/#\/schema\/person\/image\/\",\"url\":\"https:\/\/secure.gravatar.com\/avatar\/efb32e19b730a121cb7a80f41ffec01a?s=96&r=g\",\"contentUrl\":\"https:\/\/secure.gravatar.com\/avatar\/efb32e19b730a121cb7a80f41ffec01a?s=96&r=g\",\"caption\":\"Giovanni Porf\u00edrio Jacomino\"},\"description\":\"Giovanni Porf\u00edrio Jacomino \u00e9 jornalista formado pela Universidade Estadual de Londrina (UEL) e p\u00f3s-graduado em Produ\u00e7\u00e3o e Pr\u00e1ticas Jornal\u00edsticas na Contemporaneidade na Faculdade C\u00e1sper L\u00edbero (FCL). Foi editor web no Startupi e no Finsiders, atuando ainda como editor no TC Mover, portal de not\u00edcias da TradersClub, fazendo a cobertura de assuntos relacionados ao mercado financeiro interno e externo. Atualmente, \u00e9 Rep\u00f3rter do Suno Not\u00edcias.\",\"url\":\"https:\/\/www.suno.com.br\/noticias\/author\/giovanni-porfiriosuno-com-br\/\"}]}<\/script>\n<!-- \/ Yoast SEO plugin. -->","yoast_head_json":{"title":"Americanas (AMER3) e outras empresas est\u00e3o 'devendo' para a CVM","description":"A Americanas n\u00e3o forneceu pelo menos um dos tr\u00eas documentos solicitados periodicamente pela Comiss\u00e3o de Valores Mobili\u00e1rios (CVM).","robots":{"index":"index","follow":"follow","max-snippet":"max-snippet:-1","max-image-preview":"max-image-preview:large","max-video-preview":"max-video-preview:-1"},"canonical":"https:\/\/www.suno.com.br\/noticias\/americanas-amer3-cvm-gpj\/","og_locale":"pt_BR","og_type":"article","og_title":"Americanas (AMER3) e outras empresas est\u00e3o 'devendo' para a CVM","og_description":"A Americanas n\u00e3o forneceu pelo menos um dos tr\u00eas documentos solicitados periodicamente pela Comiss\u00e3o de Valores Mobili\u00e1rios (CVM).","og_url":"https:\/\/www.suno.com.br\/noticias\/americanas-amer3-cvm-gpj\/","og_site_name":"Suno Not\u00edcias","article_publisher":"https:\/\/facebook.com\/sunoresearch","og_image":[{"width":1250,"height":833,"url":"https:\/\/files.sunoresearch.com.br\/n\/uploads\/2023\/04\/americanas-amer3-fachada-loja-crise-foto-divulgacao.jpg","type":"image\/jpeg"}],"author":"Giovanni Porf\u00edrio Jacomino","twitter_card":"summary_large_image","twitter_creator":"@sunoresearch","twitter_site":"@sunoresearch","twitter_misc":{"Escrito por":"Giovanni Porf\u00edrio Jacomino","Est. tempo de leitura":"4 minutos"},"schema":{"@context":"https:\/\/schema.org","@graph":[{"@type":"NewsArticle","@id":"https:\/\/www.suno.com.br\/noticias\/americanas-amer3-cvm-gpj\/#article","isPartOf":{"@id":"https:\/\/www.suno.com.br\/noticias\/americanas-amer3-cvm-gpj\/"},"author":{"name":"Giovanni Porf\u00edrio Jacomino","@id":"https:\/\/www.suno.com.br\/noticias\/#\/schema\/person\/d0f32748bbca4bee871fa191ee4e2d40"},"headline":"Americanas (AMER3) e outras empresas est\u00e3o &#8216;devendo&#8217; para a CVM; entenda","datePublished":"2024-01-04T16:35:13+00:00","dateModified":"2024-01-04T16:35:21+00:00","mainEntityOfPage":{"@id":"https:\/\/www.suno.com.br\/noticias\/americanas-amer3-cvm-gpj\/"},"wordCount":766,"publisher":{"@id":"https:\/\/www.suno.com.br\/noticias\/#organization"},"image":{"@id":"https:\/\/www.suno.com.br\/noticias\/americanas-amer3-cvm-gpj\/#primaryimage"},"thumbnailUrl":"https:\/\/files.sunoresearch.com.br\/n\/uploads\/2023\/04\/americanas-amer3-fachada-loja-crise-foto-divulgacao.jpg","keywords":["Americanas (AMER3)","Comiss\u00e3o de Valores Mobili\u00e1rios (CVM)"],"articleSection":["Neg\u00f3cios"],"inLanguage":"pt-BR"},{"@type":"WebPage","@id":"https:\/\/www.suno.com.br\/noticias\/americanas-amer3-cvm-gpj\/","url":"https:\/\/www.suno.com.br\/noticias\/americanas-amer3-cvm-gpj\/","name":"Americanas (AMER3) e outras empresas est\u00e3o 'devendo' para a CVM","isPartOf":{"@id":"https:\/\/www.suno.com.br\/noticias\/#website"},"primaryImageOfPage":{"@id":"https:\/\/www.suno.com.br\/noticias\/americanas-amer3-cvm-gpj\/#primaryimage"},"image":{"@id":"https:\/\/www.suno.com.br\/noticias\/americanas-amer3-cvm-gpj\/#primaryimage"},"thumbnailUrl":"https:\/\/files.sunoresearch.com.br\/n\/uploads\/2023\/04\/americanas-amer3-fachada-loja-crise-foto-divulgacao.jpg","datePublished":"2024-01-04T16:35:13+00:00","dateModified":"2024-01-04T16:35:21+00:00","description":"A Americanas n\u00e3o forneceu pelo menos um dos tr\u00eas documentos solicitados periodicamente pela Comiss\u00e3o de Valores Mobili\u00e1rios (CVM).","breadcrumb":{"@id":"https:\/\/www.suno.com.br\/noticias\/americanas-amer3-cvm-gpj\/#breadcrumb"},"inLanguage":"pt-BR","potentialAction":[{"@type":"ReadAction","target":["https:\/\/www.suno.com.br\/noticias\/americanas-amer3-cvm-gpj\/"]}]},{"@type":"ImageObject","inLanguage":"pt-BR","@id":"https:\/\/www.suno.com.br\/noticias\/americanas-amer3-cvm-gpj\/#primaryimage","url":"https:\/\/files.sunoresearch.com.br\/n\/uploads\/2023\/04\/americanas-amer3-fachada-loja-crise-foto-divulgacao.jpg","contentUrl":"https:\/\/files.sunoresearch.com.br\/n\/uploads\/2023\/04\/americanas-amer3-fachada-loja-crise-foto-divulgacao.jpg","width":1250,"height":833,"caption":"Americanas (AMER3) - Foto: Divulga\u00e7\u00e3o"},{"@type":"BreadcrumbList","@id":"https:\/\/www.suno.com.br\/noticias\/americanas-amer3-cvm-gpj\/#breadcrumb","itemListElement":[{"@type":"ListItem","position":1,"name":"Not\u00edcias","item":"https:\/\/www.suno.com.br\/noticias\/"},{"@type":"ListItem","position":2,"name":"Neg\u00f3cios","item":"https:\/\/www.suno.com.br\/noticias\/negocios\/"},{"@type":"ListItem","position":3,"name":"Americanas (AMER3) e outras empresas est\u00e3o &#8216;devendo&#8217; para a CVM; entenda"}]},{"@type":"WebSite","@id":"https:\/\/www.suno.com.br\/noticias\/#website","url":"https:\/\/www.suno.com.br\/noticias\/","name":"Suno Not\u00edcias","description":"Seu portal de informa\u00e7\u00e3o sobre o mundo dos investimentos","publisher":{"@id":"https:\/\/www.suno.com.br\/noticias\/#organization"},"potentialAction":[{"@type":"SearchAction","target":{"@type":"EntryPoint","urlTemplate":"https:\/\/www.suno.com.br\/noticias\/?s={search_term_string}"},"query-input":{"@type":"PropertyValueSpecification","valueRequired":true,"valueName":"search_term_string"}}],"inLanguage":"pt-BR"},{"@type":"Organization","@id":"https:\/\/www.suno.com.br\/noticias\/#organization","name":"Suno Not\u00edcias","url":"https:\/\/www.suno.com.br\/noticias\/","logo":{"@type":"ImageObject","inLanguage":"pt-BR","@id":"https:\/\/www.suno.com.br\/noticias\/#\/schema\/logo\/image\/","url":"https:\/\/files.sunoresearch.com.br\/n\/uploads\/2021\/09\/suno-logo.png","contentUrl":"https:\/\/files.sunoresearch.com.br\/n\/uploads\/2021\/09\/suno-logo.png","width":180,"height":180,"caption":"Suno Not\u00edcias"},"image":{"@id":"https:\/\/www.suno.com.br\/noticias\/#\/schema\/logo\/image\/"},"sameAs":["https:\/\/facebook.com\/sunoresearch","https:\/\/x.com\/sunoresearch","https:\/\/www.instagram.com\/suno","https:\/\/www.linkedin.com\/company\/suno-research\/","https:\/\/www.youtube.com\/c\/sunoresearch"]},{"@type":"Person","@id":"https:\/\/www.suno.com.br\/noticias\/#\/schema\/person\/d0f32748bbca4bee871fa191ee4e2d40","name":"Giovanni Porf\u00edrio Jacomino","image":{"@type":"ImageObject","inLanguage":"pt-BR","@id":"https:\/\/www.suno.com.br\/noticias\/#\/schema\/person\/image\/","url":"https:\/\/secure.gravatar.com\/avatar\/efb32e19b730a121cb7a80f41ffec01a?s=96&r=g","contentUrl":"https:\/\/secure.gravatar.com\/avatar\/efb32e19b730a121cb7a80f41ffec01a?s=96&r=g","caption":"Giovanni Porf\u00edrio Jacomino"},"description":"Giovanni Porf\u00edrio Jacomino \u00e9 jornalista formado pela Universidade Estadual de Londrina (UEL) e p\u00f3s-graduado em Produ\u00e7\u00e3o e Pr\u00e1ticas Jornal\u00edsticas na Contemporaneidade na Faculdade C\u00e1sper L\u00edbero (FCL). Foi editor web no Startupi e no Finsiders, atuando ainda como editor no TC Mover, portal de not\u00edcias da TradersClub, fazendo a cobertura de assuntos relacionados ao mercado financeiro interno e externo. Atualmente, \u00e9 Rep\u00f3rter do Suno Not\u00edcias.","url":"https:\/\/www.suno.com.br\/noticias\/author\/giovanni-porfiriosuno-com-br\/"}]}},"default_loop_html":"<div class=\"cardsPage__listCard__boxs\"><div class=\"cardsPage__listCard__boxs__img\"><a href=\"https:\/\/www.suno.com.br\/noticias\/americanas-amer3-cvm-gpj\/\"><img class=\"mask\" src=\"https:\/\/www.suno.com.br\/noticias\/wp-content\/themes\/suno\/resources\/images\/spotlight\/spotlight1img\/bg-mask.png\" alt=\"Image Mask\"\/><img src=\"https:\/\/files.sunoresearch.com.br\/n\/uploads\/2023\/04\/americanas-amer3-fachada-loja-crise-foto-divulgacao-400x200.jpg\" alt=\"Americanas (AMER3) e outras empresas est\u00e3o &#8216;devendo&#8217; para a CVM; entenda\"\/><\/a><span class=\"spotlightCategory\"><a href=\"https:\/\/www.suno.com.br\/noticias\/negocios\/\">Neg\u00f3cios<\/a><\/span><\/div><div class=\"cardsPage__listCard__boxs__content\"><a href=\"https:\/\/www.suno.com.br\/noticias\/americanas-amer3-cvm-gpj\/\"><h2 class=\"content__title\">Americanas (AMER3) e outras empresas est\u00e3o &#8216;devendo&#8217; para a CVM; entenda<\/h2><\/a><div class=\"newsContent__article__meta\"><div class=\"newsContent__article__meta__authorBox\"><a href=\"https:\/\/www.suno.com.br\/noticias\/author\/giovanni-porfiriosuno-com-br\/\" class=\"authorBox__avatar noMobi\"><img src=\"https:\/\/files.sunoresearch.com.br\/n\/uploads\/2024\/05\/DSCF4115-1-1-150x150.webp\" alt=\"Giovanni Porf\u00edrio Jacomino\"><\/a><div class=\"authorBox__name\"><span>por\n\t\t\t<a href=\"https:\/\/www.suno.com.br\/noticias\/author\/giovanni-porfiriosuno-com-br\/\"><span itemprop=\"author\">Giovanni Porf\u00edrio Jacomino<\/span><\/a><\/span><time datetime=\"2024-01-04T13:35:13-03:00\" itemprop=\"datePublished\">04\/01\/2024 13:35<\/time><\/div><\/div><\/div><\/div><\/div>","single_layout":"posts","amp_enabled":true,"_links":{"self":[{"href":"https:\/\/www.suno.com.br\/noticias\/wp-json\/wp\/v2\/posts\/506479"}],"collection":[{"href":"https:\/\/www.suno.com.br\/noticias\/wp-json\/wp\/v2\/posts"}],"about":[{"href":"https:\/\/www.suno.com.br\/noticias\/wp-json\/wp\/v2\/types\/post"}],"author":[{"embeddable":true,"href":"https:\/\/www.suno.com.br\/noticias\/wp-json\/wp\/v2\/users\/313"}],"replies":[{"embeddable":true,"href":"https:\/\/www.suno.com.br\/noticias\/wp-json\/wp\/v2\/comments?post=506479"}],"version-history":[{"count":2,"href":"https:\/\/www.suno.com.br\/noticias\/wp-json\/wp\/v2\/posts\/506479\/revisions"}],"predecessor-version":[{"id":506531,"href":"https:\/\/www.suno.com.br\/noticias\/wp-json\/wp\/v2\/posts\/506479\/revisions\/506531"}],"wp:featuredmedia":[{"embeddable":true,"href":"https:\/\/www.suno.com.br\/noticias\/wp-json\/wp\/v2\/media\/397195"}],"wp:attachment":[{"href":"https:\/\/www.suno.com.br\/noticias\/wp-json\/wp\/v2\/media?parent=506479"}],"wp:term":[{"taxonomy":"category","embeddable":true,"href":"https:\/\/www.suno.com.br\/noticias\/wp-json\/wp\/v2\/categories?post=506479"},{"taxonomy":"post_tag","embeddable":true,"href":"https:\/\/www.suno.com.br\/noticias\/wp-json\/wp\/v2\/tags?post=506479"},{"taxonomy":"suno_strategy","embeddable":true,"href":"https:\/\/www.suno.com.br\/noticias\/wp-json\/wp\/v2\/suno_strategy?post=506479"}],"curies":[{"name":"wp","href":"https:\/\/api.w.org\/{rel}","templated":true}]}}