{"id":506416,"date":"2024-01-04T11:11:03","date_gmt":"2024-01-04T14:11:03","guid":{"rendered":"https:\/\/www.suno.com.br\/noticias\/?p=506416"},"modified":"2024-01-04T11:11:12","modified_gmt":"2024-01-04T14:11:12","slug":"eletrobras-vivara-auren-destaques-va","status":"publish","type":"post","link":"https:\/\/www.suno.com.br\/noticias\/eletrobras-vivara-auren-destaques-va\/","title":{"rendered":"Eletrobras (ELET3), Vivara (VIVA3) e Auren (AURE3) agitam o mercado nesta quinta-feira; veja mais destaques"},"content":{"rendered":"<p>A informa\u00e7\u00e3o de que o ministro Alexandre de Moraes, do Supremo Tribunal Federal, cobrou explica\u00e7\u00f5es sobre a suspens\u00e3o da assembleia da<strong> Eletrobras <\/strong>(ELET3) est\u00e1 entre os destaques desta quinta-feira (04).&nbsp;<\/p>\t<div class=\"wrapper-featured-image\">\n\t\t<figure class=\"spotlightImg\">\n\n\t\t\t<picture>\n\t\t\t\t<source media=\"(max-width: 768px)\" srcset=\"https:\/\/files.sunoresearch.com.br\/n\/uploads\/2023\/05\/taxas-cotacoes-400x200.jpg\">\n\t\t\t\t<img loading=\"lazy\" decoding=\"async\" class=\"newsContent__article__imgCapa lazyloadDisabled \" src=\"https:\/\/files.sunoresearch.com.br\/n\/uploads\/2023\/05\/taxas-cotacoes-800x450.jpg\" width=\"800\" height=\"450\" alt=\"Eletrobras (ELET3), Vivara (VIVA3) e Auren (AURE3) agitam o mercado nesta quinta-feira; veja mais destaques\" fetchpriority=high \/>\n\t\t\t<\/picture>\n\n\t\t\t<figcaption class=\"wp-caption-text wp-caption-text--show\">Eletrobras (ELET3), Vivara (VIVA3) e Auren (AURE3) agitam o mercado.Foto: iStock<\/figcaption>\n\t\t<\/figure>\n\t<\/div>\n\n\n\n\n\n\t<p>\n\t\t<a href=\"https:\/\/lp.suno.com.br\/planilha-da-vida-financeira\/\" target=\"_blank\" data-element=\"shortcode-suno-banner\" title=\"Banner SUNO, clique e saiba mais\">\n\t\t\t<picture>\n\t\t\t\t<source media=\"(max-width: 500px)\" srcset=\"https:\/\/files.sunoresearch.com.br\/n\/uploads\/2023\/04\/400x300-Planilha-vida-financeira-true.png\">\n\t\t\t\t<img class=\"newsContent__article__imgCapa newsContent__article__imgCapa--banner\"\n\t\t\t\t\tsrc=\"https:\/\/files.sunoresearch.com.br\/n\/uploads\/2023\/04\/1420x240-Planilha-vida-financeira-true.png\"\n\t\t\t\t\tdata-promo-id=\"106682\"\t\t\t\t\t\t\t\t\t\twidth='1420' height='240'\t\t\t\t\talt=\"https:\/\/files.sunoresearch.com.br\/n\/uploads\/2023\/04\/1420x240-Planilha-vida-financeira-true.png\"\n\t\t\t\t>\n\t\t\t<\/picture>\n\t\t<\/a>\n\t<\/p>\n\n\n\n\n\n<p>A <a href=\"https:\/\/www.suno.com.br\/acoes\/VIVA3\/\" target=\"_blank\" rel=\"noreferrer noopener\">Vivara (VIVA3)<\/a> tamb\u00e9m est\u00e1 entre os<strong> destaques do mercado financeiro<\/strong>, ap\u00f3s atingir um novo recorde de vendas em 2023, totalizando R$ 2,8 bilh\u00f5es no per\u00edodo.\u00a0<\/p>\n\n\n\n<p>A Auren (AURE3), por sua vez, iniciou opera\u00e7\u00e3o de usina solar no Piau\u00ed, e \u00e9 outra empresa no radar dos investidores.\u00a0<\/p>\n\n\n\n<p>Veja os <strong>destaques do mercado financeiro<\/strong> hoje:<\/p>\n\n\n\n<h2 class=\"wp-block-heading\">Eletrobras<\/h2>\n\n\n\n<p>O ministro Alexandre de Moraes, do Supremo Tribunal Federal, estabeleceu nesta quarta-feira (3) o prazo de 48 horas para ju\u00edzos de inst\u00e2ncias inferiores se manifestarem sobre as decis\u00f5es que suspenderam a realiza\u00e7\u00e3o de uma assembleia geral extraordin\u00e1ria na <a class=\"suno-keyword\" target=\"_blank\" data-force=\"yes\" data-priority=\"2\" href=\"https:\/\/www.suno.com.br\/acoes\/ELET3\/\" rel=\"noopener\">Eletrobras (ELET3)<\/a>, na qual se decidiria sobre a incorpora\u00e7\u00e3o de Furnas.&nbsp;<\/p>\n\n\n\n<p>O encontro, por\u00e9m, foi barrado por decis\u00f5es liminares do Tribunal Regional do Trabalho da 1\u00aa Regi\u00e3o e do Tribunal de Justi\u00e7a do Rio de Janeiro. A Eletrobras acionou o STF e solicitou a anula\u00e7\u00e3o das decis\u00f5es de inst\u00e2ncias inferiores.<\/p>\n\n\n\n<h2 class=\"wp-block-heading\">Vivara<\/h2>\n\n\n\n<p>A <strong>Vivara (VIVA3) <\/strong>atingiu um novo recorde de vendas em 2023, totalizando R$ 2,8 bilh\u00f5es no per\u00edodo, uma alta de 21,6% em rela\u00e7\u00e3o ao ano anterior, impactada pela Black Friday e pelo Natal, duas datas vitais para o varejo nacional.\u00a0<\/p>\n\n\n\n<p>As vendas da Vivara entre 1\u00ba a 24 de dezembro totalizaram R$ 440 milh\u00f5es, n\u00famero 20,3% maior que o visto no mesmo intervalo de 2022. O destaque foi para as regi\u00f5es Nordeste e Centro-Oeste, que apresentaram uma expans\u00e3o de 25% de vendas no per\u00edodo. <\/p>\n\n\n\n<p>O Natal garantiu \u00e0 joalheria um mix de vendas diversificado em que 45,3% foram das marcas Life, 40,8% de joias e 11,8% de rel\u00f3gios.&nbsp;<\/p>\n\n\n\n<h2 class=\"wp-block-heading\">Auren<\/h2>\n\n\n\n<p>A <strong>Auren (AURE3)<\/strong> anunciou o in\u00edcio da opera\u00e7\u00e3o comercial da usina fotovoltaica Sol do Piau\u00ed, localizada no munic\u00edpio de Curral Novo (PI), adicionando 48 megawatts (MW) ao portf\u00f3lio da companhia.<\/p>\n\n\n\t<div data-element=\"shortcode-read-more\" class=\"knowMore\">\n\t\t\t\t<span class=\"knowMore__title\">Leia mais<\/span>\n\t\t\t\t<a class=\"knowMore__link\" href=\"https:\/\/www.suno.com.br\/noticias\/auren-aure3-operacoes-usina-fotovoltaica-piaui-lt\/\">\n\t\t\tAuren (AURE3) anuncia in\u00edcio de opera\u00e7\u00e3o de usina solar no Piau\u00ed\t\t<\/a>\n\t<\/div>\n\n\n\n\n<h2 class=\"wp-block-heading\">Zamp<\/h2>\n\n\n\n<p>Em assembleia realizada na quarta-feira (3), o <a class=\"suno-keyword\" target=\"_blank\" data-force=\"no\" data-priority=\"1\" href=\"https:\/\/www.suno.com.br\/artigos\/fundo-soberano\/\" rel=\"noopener\">fundo soberano<\/a> de Abu Dhabi, Mubadala Capital, conseguiu aprovar sua proposta para retirar<strong> a Zamp (ZAMP3)<\/strong> \u2013 dona das redes Burger King e Popeye\u2019s \u2013 do <a class=\"suno-keyword\" target=\"_blank\" data-force=\"no\" data-priority=\"1\" href=\"https:\/\/www.suno.com.br\/artigos\/novo-mercado\/\" rel=\"noopener\">Novo Mercado<\/a> da B3.<\/p>\n\n\n\n<p>A mudan\u00e7a no n\u00edvel de governan\u00e7a da Zamp significou a derrota de um grupo de investidores, liderados pela Mar Asset, que queria impor novas regras para segurar o avan\u00e7o do fundo, al\u00e9m da inclus\u00e3o de uma limita\u00e7\u00e3o de voto, dada a posi\u00e7\u00e3o que o Mubadala j\u00e1 possui (pouco mais de 30%).<\/p>\n\n\n\n<h2 class=\"wp-block-heading\">Embraer&nbsp;<\/h2>\n\n\n\n<p>A BlackRock reduziu sua participa\u00e7\u00e3o acion\u00e1ria na <strong>Embraer (EMBR3)<\/strong> para 3,4% do total de <a class=\"suno-keyword\" target=\"_blank\" data-force=\"no\" data-priority=\"1\" href=\"https:\/\/www.suno.com.br\/artigos\/o-que-sao-acoes-ordinarias-preferenciais-e-units\/\" rel=\"noopener\">a\u00e7\u00f5es ordin\u00e1rias<\/a> emitidas pela companhia. Segundo o informe, a BlackRock agora possui um montante de 24.643.936 a\u00e7\u00f5es ordin\u00e1rias da Embraer.<\/p>\n\n\n\n<h2 class=\"wp-block-heading\">IRB<\/h2>\n\n\n\n<p>O <strong>IRB Brasil (IRBR3)<\/strong> comunicou que a Previ \u2013 <a class=\"suno-keyword\" target=\"_blank\" data-force=\"no\" data-priority=\"1\" href=\"https:\/\/www.suno.com.br\/artigos\/fundo-previdencia\/\" rel=\"noopener\">fundo de previd\u00eancia<\/a> dos funcion\u00e1rios do <a class=\"suno-keyword\" target=\"_blank\" data-force=\"yes\" data-priority=\"2\" href=\"https:\/\/www.suno.com.br\/acoes\/BBAS3\/\" rel=\"noopener\">Banco do Brasil (BBAS3)<\/a> \u2013 entrou com um pedido de arbitragem contra a companhia.<\/p>\n\n\n\n<p>Al\u00e9m do IRB, tamb\u00e9m s\u00e3o alvos do pedido de arbitragem Fernando Passos e Jos\u00e9 Carlos Cardoso, ambos ex-executivos da empresa. No pedido, a Previ solicita um ressarcimento de R$ 10 milh\u00f5es.<\/p>\n\n\n\n<h2 class=\"wp-block-heading\">Locaweb<\/h2>\n\n\n\n<p>A<strong> Locaweb (LWSA3)<\/strong> informou que, a partir do preg\u00e3o de 10\/01\/2024, os valores mobili\u00e1rios da companhia passam a ser negociados com o nome de preg\u00e3o LWSA, refletindo assim o mesmo nome que leva o ticker na B3.\u00a0<\/p>\n\n\n\t<p>\n\t\t<a href=\"https:\/\/lp.suno.com.br\/ebook-como-analisar-uma-acao\/\" target=\"_blank\" data-element=\"shortcode-suno-banner\" title=\"Banner SUNO, clique e saiba mais\">\n\t\t\t<picture>\n\t\t\t\t<source media=\"(max-width: 500px)\" srcset=\"https:\/\/files.sunoresearch.com.br\/n\/uploads\/2023\/03\/Ebook-Acoes-Mobile.jpg\">\n\t\t\t\t<img class=\"newsContent__article__imgCapa newsContent__article__imgCapa--banner\"\n\t\t\t\t\tsrc=\"https:\/\/files.sunoresearch.com.br\/n\/uploads\/2023\/03\/Ebook-Acoes-Desktop.jpg\"\n\t\t\t\t\tdata-promo-id=\"378302\"\t\t\t\t\t\t\t\t\t\twidth='1420' height='286'\t\t\t\t\talt=\"https:\/\/files.sunoresearch.com.br\/n\/uploads\/2023\/03\/Ebook-Acoes-Desktop.jpg\"\n\t\t\t\t>\n\t\t\t<\/picture>\n\t\t<\/a>\n\t<\/p>\n\n\n\n\n\n<h2 class=\"wp-block-heading\">Ra\u00edzen&nbsp;<\/h2>\n\n\n\n<p>A<strong> Ra\u00edzen (RAIZ4)<\/strong> aprovou, na qualidade de tomadora, de financiamentos na modalidade NCE, em um montante total de at\u00e9 US$ 120 milh\u00f5es, junto \u00e0 institui\u00e7\u00e3o financeira Banco Citibank com garantia de sua subsidi\u00e1ria, Ra\u00edzen Energia S.A. como sua garantidora fidejuss\u00f3ria.<\/p>\n\n\n\n<h2 class=\"wp-block-heading\">Sanepar&nbsp;<\/h2>\n\n\n\n<p>A <strong>Sanepar (SAPR4)<\/strong> informou que a Tradener foi a vencedora da Licita\u00e7\u00e3o n\u00ba 1027477, <a class=\"suno-keyword\" target=\"_blank\" data-force=\"no\" data-priority=\"1\" href=\"https:\/\/www.suno.com.br\/artigos\/pregao-eletronico\/\" rel=\"noopener\">Preg\u00e3o Eletr\u00f4nico<\/a> n\u00ba 1594\/23, referente \u00e0 aquisi\u00e7\u00e3o, pela Sanepar, de energia el\u00e9trica no Ambiente de Contrata\u00e7\u00e3o Livre (ACL), incluindo a presta\u00e7\u00e3o de servi\u00e7o de gest\u00e3o e representa\u00e7\u00e3o junto \u00e0 C\u00e2mara de Comercializa\u00e7\u00e3o de Energia El\u00e9trica (CCEE) para 838 de suas unidades consumidoras.<\/p>\n\n\n\n<p>O Contrato associado com a Licita\u00e7\u00e3o prev\u00ea prazo de vig\u00eancia de 66 meses, a serem contados a partir da data de assinatura. O valor do referido contrato \u00e9 de R$ 178.528.609,80.<\/p>\n\n\n\n<h2 class=\"wp-block-heading\">Natura&amp;Co<\/h2>\n\n\n\n<p>O <a class=\"suno-keyword\" target=\"_blank\" data-force=\"no\" data-priority=\"1\" href=\"https:\/\/www.suno.com.br\/artigos\/conselho-administracao\/\" rel=\"noopener\">Conselho de administra\u00e7\u00e3o<\/a> da<strong> Natura (NTCO3) <\/strong>aprovou, por unanimidade, a distribui\u00e7\u00e3o de <a class=\"suno-keyword\" target=\"_blank\" data-force=\"no\" data-priority=\"1\" href=\"https:\/\/www.suno.com.br\/artigos\/entenda-o-jcp\/\" rel=\"noopener\">juros sobre o capital pr\u00f3prio<\/a> referentes ao per\u00edodo de 21 de dezembro de 2023 a 29 de dezembro de 2023.<\/p>\n\n\n\n<p>O valor total dos rendimentos \u00e9 de\u00a0R$ 18.580.228,59, o correspondente a R$ 0,0202 por a\u00e7\u00e3o. Com reten\u00e7\u00e3o de 15% de Imposto de Renda (IR), resulta em <a class=\"suno-keyword\" data-force=\"no\" data-priority=\"1\" href=\"https:\/\/www.suno.com.br\/artigos\/entenda-o-jcp\/\" target=\"_blank\" rel=\"noopener\">juros sobre o capital pr\u00f3prio<\/a> (JCP) l\u00edquidos de R$ 15.793.194,30 &#8211; equivalente a R$ 0,0172 por a\u00e7\u00e3o.\u00a0<\/p>\n\n\n\n<h2 class=\"wp-block-heading\">Mills<\/h2>\n\n\n\n<p>A <strong>Mills (MILS3)<\/strong> aprovou a realiza\u00e7\u00e3o da 8\u00aa emiss\u00e3o de deb\u00eantures simples, n\u00e3o convers\u00edveis em a\u00e7\u00f5es, da esp\u00e9cie quirograf\u00e1ria, no valor de R$ 200 milh\u00f5es, com prazo de 72 meses e amortiza\u00e7\u00e3o anual de principal a partir do 48\u00ba m\u00eas para distribui\u00e7\u00e3o p\u00fablica.&nbsp;<\/p>\n\n\n\n<p>Assim, ser\u00e3o emitidas 200 mil deb\u00eantures, que contar\u00e3o com remunera\u00e7\u00e3o correspondente \u00e0 <a class=\"suno-keyword\" target=\"_blank\" data-force=\"no\" data-priority=\"1\" href=\"https:\/\/www.suno.com.br\/artigos\/taxa-di\/\" rel=\"noopener\">Taxa DI<\/a> + 2,00% ao ano.<\/p>\n\n\n\n<h2 class=\"wp-block-heading\">Santander&nbsp;<\/h2>\n\n\n\n<p>O <strong>Santander (SANB11)<\/strong> concluiu a aquisi\u00e7\u00e3o da fatia remanescente na corretora Toro, anunciada em junho do ano passado.&nbsp;<\/p>\n\n\n\n<p>Os destaques do mercado financeiro do Suno Not\u00edcias mostram os principais acontecimentos que prometem movimentar o mercado durante o dia, como a <strong>Eletrobras<\/strong> (ELET3), que deve estar no foco dos investidores ao longo do dia.<\/p>\n\n\n\n\n\t<p>\n\t\t<a href=\"https:\/\/lp.suno.com.br\/planilha-da-vida-financeira\/\" target=\"_blank\" data-element=\"shortcode-suno-banner\" title=\"Banner SUNO, clique e saiba mais\">\n\t\t\t<picture>\n\t\t\t\t<source media=\"(max-width: 500px)\" srcset=\"https:\/\/files.sunoresearch.com.br\/n\/uploads\/2023\/04\/400x300-Planilha-vida-financeira-true.png\">\n\t\t\t\t<img class=\"newsContent__article__imgCapa newsContent__article__imgCapa--banner\"\n\t\t\t\t\tsrc=\"https:\/\/files.sunoresearch.com.br\/n\/uploads\/2023\/04\/1420x240-Planilha-vida-financeira-true.png\"\n\t\t\t\t\tdata-promo-id=\"383123\"\t\t\t\t\t\t\t\t\t\twidth='1420' height='240'\t\t\t\t\talt=\"https:\/\/files.sunoresearch.com.br\/n\/uploads\/2023\/04\/1420x240-Planilha-vida-financeira-true.png\"\n\t\t\t\t>\n\t\t\t<\/picture>\n\t\t<\/a>\n\t<\/p>\n\n\n","protected":false},"excerpt":{"rendered":"<p>A informa\u00e7\u00e3o de que o ministro Alexandre de Moraes, do Supremo Tribunal Federal, cobrou explica\u00e7\u00f5es sobre a suspens\u00e3o da assembleia da Eletrobras (ELET3) est\u00e1 entre os destaques desta quinta-feira (04).&nbsp; Eletrobras (ELET3), Vivara (VIVA3) e Auren (AURE3) agitam o mercado.Foto: iStock A Vivara (VIVA3) tamb\u00e9m est\u00e1 entre os destaques do mercado financeiro, ap\u00f3s atingir um [&hellip;]<\/p>\n","protected":false},"author":301,"featured_media":408702,"comment_status":"closed","ping_status":"closed","sticky":false,"template":"","format":"standard","meta":[],"categories":[60],"tags":[286,106963,455,460,1813,2330,561,574,106933,622,624,1431],"suno_strategy":[],"class_list":["post-506416","post","type-post","status-publish","format-standard","has-post-thumbnail","hentry","category-mercado","tag-acoes","tag-auren-aure3","tag-eletrobras-elet3-elet5-elet6","tag-embraer-embr3","tag-irb-brasil-irbr3","tag-locaweb-lwsa3","tag-mills-mils3","tag-natura-ntco3","tag-raizen-raiz4","tag-sanepar-sapr11-sapr3-sapr4","tag-santander-sanb11-sanb3-sanb4","tag-vivara-viva3"],"yoast_head":"<!-- This site is optimized with the Yoast SEO plugin v24.4 - https:\/\/yoast.com\/wordpress\/plugins\/seo\/ -->\n<title>Eletrobras (ELET3), Vivara (VIVA3) e Auren (AURE3) agitam o mercado<\/title>\n<meta name=\"description\" content=\"A informa\u00e7\u00e3o de que o STF cobrou explica\u00e7\u00f5es sobre a suspens\u00e3o da assembleia da Eletrobras (ELET3) est\u00e1 entre os destaques.\" \/>\n<meta name=\"robots\" content=\"index, follow, max-snippet:-1, max-image-preview:large, max-video-preview:-1\" \/>\n<link rel=\"canonical\" href=\"https:\/\/www.suno.com.br\/noticias\/eletrobras-vivara-auren-destaques-va\/\" \/>\n<meta property=\"og:locale\" content=\"pt_BR\" \/>\n<meta property=\"og:type\" content=\"article\" \/>\n<meta property=\"og:title\" content=\"Eletrobras (ELET3), Vivara (VIVA3) e Auren (AURE3) agitam o mercado\" \/>\n<meta property=\"og:description\" content=\"A informa\u00e7\u00e3o de que o STF cobrou explica\u00e7\u00f5es sobre a suspens\u00e3o da assembleia da Eletrobras (ELET3) est\u00e1 entre os destaques.\" \/>\n<meta property=\"og:url\" content=\"https:\/\/www.suno.com.br\/noticias\/eletrobras-vivara-auren-destaques-va\/\" \/>\n<meta property=\"og:site_name\" content=\"Suno Not\u00edcias\" \/>\n<meta property=\"article:publisher\" content=\"https:\/\/facebook.com\/sunoresearch\" \/>\n<meta property=\"og:image\" content=\"https:\/\/files.sunoresearch.com.br\/n\/uploads\/2023\/05\/taxas-cotacoes.jpg\" \/>\n\t<meta property=\"og:image:width\" content=\"1200\" \/>\n\t<meta property=\"og:image:height\" content=\"800\" \/>\n\t<meta property=\"og:image:type\" content=\"image\/jpeg\" \/>\n<meta name=\"author\" content=\"Vin\u00edcius Alves\" \/>\n<meta name=\"twitter:card\" content=\"summary_large_image\" \/>\n<meta name=\"twitter:creator\" content=\"@sunoresearch\" \/>\n<meta name=\"twitter:site\" content=\"@sunoresearch\" \/>\n<meta name=\"twitter:label1\" content=\"Escrito por\" \/>\n\t<meta name=\"twitter:data1\" content=\"Vin\u00edcius Alves\" \/>\n\t<meta name=\"twitter:label2\" content=\"Est. tempo de leitura\" \/>\n\t<meta name=\"twitter:data2\" content=\"5 minutos\" \/>\n<script type=\"application\/ld+json\" class=\"yoast-schema-graph\">{\"@context\":\"https:\/\/schema.org\",\"@graph\":[{\"@type\":\"NewsArticle\",\"@id\":\"https:\/\/www.suno.com.br\/noticias\/eletrobras-vivara-auren-destaques-va\/#article\",\"isPartOf\":{\"@id\":\"https:\/\/www.suno.com.br\/noticias\/eletrobras-vivara-auren-destaques-va\/\"},\"author\":{\"name\":\"Vin\u00edcius Alves\",\"@id\":\"https:\/\/www.suno.com.br\/noticias\/#\/schema\/person\/4a180549702d0e236b3e420862bcded3\"},\"headline\":\"Eletrobras (ELET3), Vivara (VIVA3) e Auren (AURE3) agitam o mercado nesta quinta-feira; veja mais destaques\",\"datePublished\":\"2024-01-04T14:11:03+00:00\",\"dateModified\":\"2024-01-04T14:11:12+00:00\",\"mainEntityOfPage\":{\"@id\":\"https:\/\/www.suno.com.br\/noticias\/eletrobras-vivara-auren-destaques-va\/\"},\"wordCount\":944,\"publisher\":{\"@id\":\"https:\/\/www.suno.com.br\/noticias\/#organization\"},\"image\":{\"@id\":\"https:\/\/www.suno.com.br\/noticias\/eletrobras-vivara-auren-destaques-va\/#primaryimage\"},\"thumbnailUrl\":\"https:\/\/files.sunoresearch.com.br\/n\/uploads\/2023\/05\/taxas-cotacoes.jpg\",\"keywords\":[\"A\u00e7\u00f5es\",\"Auren (AURE3)\",\"Eletrobras (ELET3\/ELET5\/ELET6)\",\"Embraer (EMBR3)\",\"IRB Brasil (IRBR3)\",\"Locaweb (LWSA3)\",\"Mills (MILS3)\",\"Natura (NTCO3)\",\"Ra\u00edzen (RAIZ4)\",\"Sanepar (SAPR11\/SAPR3\/SAPR4)\",\"Santander (SANB11\/SANB3\/SANB4)\",\"Vivara (VIVA3)\"],\"articleSection\":[\"Mercado\"],\"inLanguage\":\"pt-BR\"},{\"@type\":\"WebPage\",\"@id\":\"https:\/\/www.suno.com.br\/noticias\/eletrobras-vivara-auren-destaques-va\/\",\"url\":\"https:\/\/www.suno.com.br\/noticias\/eletrobras-vivara-auren-destaques-va\/\",\"name\":\"Eletrobras (ELET3), Vivara (VIVA3) e Auren (AURE3) agitam o mercado\",\"isPartOf\":{\"@id\":\"https:\/\/www.suno.com.br\/noticias\/#website\"},\"primaryImageOfPage\":{\"@id\":\"https:\/\/www.suno.com.br\/noticias\/eletrobras-vivara-auren-destaques-va\/#primaryimage\"},\"image\":{\"@id\":\"https:\/\/www.suno.com.br\/noticias\/eletrobras-vivara-auren-destaques-va\/#primaryimage\"},\"thumbnailUrl\":\"https:\/\/files.sunoresearch.com.br\/n\/uploads\/2023\/05\/taxas-cotacoes.jpg\",\"datePublished\":\"2024-01-04T14:11:03+00:00\",\"dateModified\":\"2024-01-04T14:11:12+00:00\",\"description\":\"A informa\u00e7\u00e3o de que o STF cobrou explica\u00e7\u00f5es sobre a suspens\u00e3o da assembleia da Eletrobras (ELET3) est\u00e1 entre os destaques.\",\"breadcrumb\":{\"@id\":\"https:\/\/www.suno.com.br\/noticias\/eletrobras-vivara-auren-destaques-va\/#breadcrumb\"},\"inLanguage\":\"pt-BR\",\"potentialAction\":[{\"@type\":\"ReadAction\",\"target\":[\"https:\/\/www.suno.com.br\/noticias\/eletrobras-vivara-auren-destaques-va\/\"]}]},{\"@type\":\"ImageObject\",\"inLanguage\":\"pt-BR\",\"@id\":\"https:\/\/www.suno.com.br\/noticias\/eletrobras-vivara-auren-destaques-va\/#primaryimage\",\"url\":\"https:\/\/files.sunoresearch.com.br\/n\/uploads\/2023\/05\/taxas-cotacoes.jpg\",\"contentUrl\":\"https:\/\/files.sunoresearch.com.br\/n\/uploads\/2023\/05\/taxas-cotacoes.jpg\",\"width\":1200,\"height\":800,\"caption\":\"Eletrobras (ELET3), Vivara (VIVA3) e Auren (AURE3) agitam o mercado.Foto: iStock\"},{\"@type\":\"BreadcrumbList\",\"@id\":\"https:\/\/www.suno.com.br\/noticias\/eletrobras-vivara-auren-destaques-va\/#breadcrumb\",\"itemListElement\":[{\"@type\":\"ListItem\",\"position\":1,\"name\":\"Not\u00edcias\",\"item\":\"https:\/\/www.suno.com.br\/noticias\/\"},{\"@type\":\"ListItem\",\"position\":2,\"name\":\"Mercado\",\"item\":\"https:\/\/www.suno.com.br\/noticias\/mercado\/\"},{\"@type\":\"ListItem\",\"position\":3,\"name\":\"Eletrobras (ELET3), Vivara (VIVA3) e Auren (AURE3) agitam o mercado nesta quinta-feira; veja mais destaques\"}]},{\"@type\":\"WebSite\",\"@id\":\"https:\/\/www.suno.com.br\/noticias\/#website\",\"url\":\"https:\/\/www.suno.com.br\/noticias\/\",\"name\":\"Suno Not\u00edcias\",\"description\":\"Seu portal de informa\u00e7\u00e3o sobre o mundo dos investimentos\",\"publisher\":{\"@id\":\"https:\/\/www.suno.com.br\/noticias\/#organization\"},\"potentialAction\":[{\"@type\":\"SearchAction\",\"target\":{\"@type\":\"EntryPoint\",\"urlTemplate\":\"https:\/\/www.suno.com.br\/noticias\/?s={search_term_string}\"},\"query-input\":{\"@type\":\"PropertyValueSpecification\",\"valueRequired\":true,\"valueName\":\"search_term_string\"}}],\"inLanguage\":\"pt-BR\"},{\"@type\":\"Organization\",\"@id\":\"https:\/\/www.suno.com.br\/noticias\/#organization\",\"name\":\"Suno Not\u00edcias\",\"url\":\"https:\/\/www.suno.com.br\/noticias\/\",\"logo\":{\"@type\":\"ImageObject\",\"inLanguage\":\"pt-BR\",\"@id\":\"https:\/\/www.suno.com.br\/noticias\/#\/schema\/logo\/image\/\",\"url\":\"https:\/\/files.sunoresearch.com.br\/n\/uploads\/2021\/09\/suno-logo.png\",\"contentUrl\":\"https:\/\/files.sunoresearch.com.br\/n\/uploads\/2021\/09\/suno-logo.png\",\"width\":180,\"height\":180,\"caption\":\"Suno Not\u00edcias\"},\"image\":{\"@id\":\"https:\/\/www.suno.com.br\/noticias\/#\/schema\/logo\/image\/\"},\"sameAs\":[\"https:\/\/facebook.com\/sunoresearch\",\"https:\/\/x.com\/sunoresearch\",\"https:\/\/www.instagram.com\/suno\",\"https:\/\/www.linkedin.com\/company\/suno-research\/\",\"https:\/\/www.youtube.com\/c\/sunoresearch\"]},{\"@type\":\"Person\",\"@id\":\"https:\/\/www.suno.com.br\/noticias\/#\/schema\/person\/4a180549702d0e236b3e420862bcded3\",\"name\":\"Vin\u00edcius Alves\",\"image\":{\"@type\":\"ImageObject\",\"inLanguage\":\"pt-BR\",\"@id\":\"https:\/\/www.suno.com.br\/noticias\/#\/schema\/person\/image\/\",\"url\":\"https:\/\/secure.gravatar.com\/avatar\/a95b7fe6d1b813f7907d4f476d5a39e1?s=96&r=g\",\"contentUrl\":\"https:\/\/secure.gravatar.com\/avatar\/a95b7fe6d1b813f7907d4f476d5a39e1?s=96&r=g\",\"caption\":\"Vin\u00edcius Alves\"},\"description\":\"Jornalista formado na Faculdade C\u00e1sper L\u00edbero. Com passagens pela Ag\u00eancia Estado, InfoMoney e Editora Globo.\",\"url\":\"https:\/\/www.suno.com.br\/noticias\/author\/vini08correiagmail-com\/\"}]}<\/script>\n<!-- \/ Yoast SEO plugin. -->","yoast_head_json":{"title":"Eletrobras (ELET3), Vivara (VIVA3) e Auren (AURE3) agitam o mercado","description":"A informa\u00e7\u00e3o de que o STF cobrou explica\u00e7\u00f5es sobre a suspens\u00e3o da assembleia da Eletrobras (ELET3) est\u00e1 entre os destaques.","robots":{"index":"index","follow":"follow","max-snippet":"max-snippet:-1","max-image-preview":"max-image-preview:large","max-video-preview":"max-video-preview:-1"},"canonical":"https:\/\/www.suno.com.br\/noticias\/eletrobras-vivara-auren-destaques-va\/","og_locale":"pt_BR","og_type":"article","og_title":"Eletrobras (ELET3), Vivara (VIVA3) e Auren (AURE3) agitam o mercado","og_description":"A informa\u00e7\u00e3o de que o STF cobrou explica\u00e7\u00f5es sobre a suspens\u00e3o da assembleia da Eletrobras (ELET3) est\u00e1 entre os destaques.","og_url":"https:\/\/www.suno.com.br\/noticias\/eletrobras-vivara-auren-destaques-va\/","og_site_name":"Suno Not\u00edcias","article_publisher":"https:\/\/facebook.com\/sunoresearch","og_image":[{"width":1200,"height":800,"url":"https:\/\/files.sunoresearch.com.br\/n\/uploads\/2023\/05\/taxas-cotacoes.jpg","type":"image\/jpeg"}],"author":"Vin\u00edcius Alves","twitter_card":"summary_large_image","twitter_creator":"@sunoresearch","twitter_site":"@sunoresearch","twitter_misc":{"Escrito por":"Vin\u00edcius Alves","Est. tempo de leitura":"5 minutos"},"schema":{"@context":"https:\/\/schema.org","@graph":[{"@type":"NewsArticle","@id":"https:\/\/www.suno.com.br\/noticias\/eletrobras-vivara-auren-destaques-va\/#article","isPartOf":{"@id":"https:\/\/www.suno.com.br\/noticias\/eletrobras-vivara-auren-destaques-va\/"},"author":{"name":"Vin\u00edcius Alves","@id":"https:\/\/www.suno.com.br\/noticias\/#\/schema\/person\/4a180549702d0e236b3e420862bcded3"},"headline":"Eletrobras (ELET3), Vivara (VIVA3) e Auren (AURE3) agitam o mercado nesta quinta-feira; veja mais destaques","datePublished":"2024-01-04T14:11:03+00:00","dateModified":"2024-01-04T14:11:12+00:00","mainEntityOfPage":{"@id":"https:\/\/www.suno.com.br\/noticias\/eletrobras-vivara-auren-destaques-va\/"},"wordCount":944,"publisher":{"@id":"https:\/\/www.suno.com.br\/noticias\/#organization"},"image":{"@id":"https:\/\/www.suno.com.br\/noticias\/eletrobras-vivara-auren-destaques-va\/#primaryimage"},"thumbnailUrl":"https:\/\/files.sunoresearch.com.br\/n\/uploads\/2023\/05\/taxas-cotacoes.jpg","keywords":["A\u00e7\u00f5es","Auren (AURE3)","Eletrobras (ELET3\/ELET5\/ELET6)","Embraer (EMBR3)","IRB Brasil (IRBR3)","Locaweb (LWSA3)","Mills (MILS3)","Natura (NTCO3)","Ra\u00edzen (RAIZ4)","Sanepar (SAPR11\/SAPR3\/SAPR4)","Santander (SANB11\/SANB3\/SANB4)","Vivara (VIVA3)"],"articleSection":["Mercado"],"inLanguage":"pt-BR"},{"@type":"WebPage","@id":"https:\/\/www.suno.com.br\/noticias\/eletrobras-vivara-auren-destaques-va\/","url":"https:\/\/www.suno.com.br\/noticias\/eletrobras-vivara-auren-destaques-va\/","name":"Eletrobras (ELET3), Vivara (VIVA3) e Auren (AURE3) agitam o mercado","isPartOf":{"@id":"https:\/\/www.suno.com.br\/noticias\/#website"},"primaryImageOfPage":{"@id":"https:\/\/www.suno.com.br\/noticias\/eletrobras-vivara-auren-destaques-va\/#primaryimage"},"image":{"@id":"https:\/\/www.suno.com.br\/noticias\/eletrobras-vivara-auren-destaques-va\/#primaryimage"},"thumbnailUrl":"https:\/\/files.sunoresearch.com.br\/n\/uploads\/2023\/05\/taxas-cotacoes.jpg","datePublished":"2024-01-04T14:11:03+00:00","dateModified":"2024-01-04T14:11:12+00:00","description":"A informa\u00e7\u00e3o de que o STF cobrou explica\u00e7\u00f5es sobre a suspens\u00e3o da assembleia da Eletrobras (ELET3) est\u00e1 entre os destaques.","breadcrumb":{"@id":"https:\/\/www.suno.com.br\/noticias\/eletrobras-vivara-auren-destaques-va\/#breadcrumb"},"inLanguage":"pt-BR","potentialAction":[{"@type":"ReadAction","target":["https:\/\/www.suno.com.br\/noticias\/eletrobras-vivara-auren-destaques-va\/"]}]},{"@type":"ImageObject","inLanguage":"pt-BR","@id":"https:\/\/www.suno.com.br\/noticias\/eletrobras-vivara-auren-destaques-va\/#primaryimage","url":"https:\/\/files.sunoresearch.com.br\/n\/uploads\/2023\/05\/taxas-cotacoes.jpg","contentUrl":"https:\/\/files.sunoresearch.com.br\/n\/uploads\/2023\/05\/taxas-cotacoes.jpg","width":1200,"height":800,"caption":"Eletrobras (ELET3), Vivara (VIVA3) e Auren (AURE3) agitam o mercado.Foto: iStock"},{"@type":"BreadcrumbList","@id":"https:\/\/www.suno.com.br\/noticias\/eletrobras-vivara-auren-destaques-va\/#breadcrumb","itemListElement":[{"@type":"ListItem","position":1,"name":"Not\u00edcias","item":"https:\/\/www.suno.com.br\/noticias\/"},{"@type":"ListItem","position":2,"name":"Mercado","item":"https:\/\/www.suno.com.br\/noticias\/mercado\/"},{"@type":"ListItem","position":3,"name":"Eletrobras (ELET3), Vivara (VIVA3) e Auren (AURE3) agitam o mercado nesta quinta-feira; veja mais destaques"}]},{"@type":"WebSite","@id":"https:\/\/www.suno.com.br\/noticias\/#website","url":"https:\/\/www.suno.com.br\/noticias\/","name":"Suno Not\u00edcias","description":"Seu portal de informa\u00e7\u00e3o sobre o mundo dos investimentos","publisher":{"@id":"https:\/\/www.suno.com.br\/noticias\/#organization"},"potentialAction":[{"@type":"SearchAction","target":{"@type":"EntryPoint","urlTemplate":"https:\/\/www.suno.com.br\/noticias\/?s={search_term_string}"},"query-input":{"@type":"PropertyValueSpecification","valueRequired":true,"valueName":"search_term_string"}}],"inLanguage":"pt-BR"},{"@type":"Organization","@id":"https:\/\/www.suno.com.br\/noticias\/#organization","name":"Suno Not\u00edcias","url":"https:\/\/www.suno.com.br\/noticias\/","logo":{"@type":"ImageObject","inLanguage":"pt-BR","@id":"https:\/\/www.suno.com.br\/noticias\/#\/schema\/logo\/image\/","url":"https:\/\/files.sunoresearch.com.br\/n\/uploads\/2021\/09\/suno-logo.png","contentUrl":"https:\/\/files.sunoresearch.com.br\/n\/uploads\/2021\/09\/suno-logo.png","width":180,"height":180,"caption":"Suno Not\u00edcias"},"image":{"@id":"https:\/\/www.suno.com.br\/noticias\/#\/schema\/logo\/image\/"},"sameAs":["https:\/\/facebook.com\/sunoresearch","https:\/\/x.com\/sunoresearch","https:\/\/www.instagram.com\/suno","https:\/\/www.linkedin.com\/company\/suno-research\/","https:\/\/www.youtube.com\/c\/sunoresearch"]},{"@type":"Person","@id":"https:\/\/www.suno.com.br\/noticias\/#\/schema\/person\/4a180549702d0e236b3e420862bcded3","name":"Vin\u00edcius Alves","image":{"@type":"ImageObject","inLanguage":"pt-BR","@id":"https:\/\/www.suno.com.br\/noticias\/#\/schema\/person\/image\/","url":"https:\/\/secure.gravatar.com\/avatar\/a95b7fe6d1b813f7907d4f476d5a39e1?s=96&r=g","contentUrl":"https:\/\/secure.gravatar.com\/avatar\/a95b7fe6d1b813f7907d4f476d5a39e1?s=96&r=g","caption":"Vin\u00edcius Alves"},"description":"Jornalista formado na Faculdade C\u00e1sper L\u00edbero. Com passagens pela Ag\u00eancia Estado, InfoMoney e Editora Globo.","url":"https:\/\/www.suno.com.br\/noticias\/author\/vini08correiagmail-com\/"}]}},"default_loop_html":"<div class=\"cardsPage__listCard__boxs\"><div class=\"cardsPage__listCard__boxs__img\"><a href=\"https:\/\/www.suno.com.br\/noticias\/eletrobras-vivara-auren-destaques-va\/\"><img class=\"mask\" src=\"https:\/\/www.suno.com.br\/noticias\/wp-content\/themes\/suno\/resources\/images\/spotlight\/spotlight1img\/bg-mask.png\" alt=\"Image Mask\"\/><img src=\"https:\/\/files.sunoresearch.com.br\/n\/uploads\/2023\/05\/taxas-cotacoes-400x200.jpg\" alt=\"Eletrobras (ELET3), Vivara (VIVA3) e Auren (AURE3) agitam o mercado nesta quinta-feira; veja mais destaques\"\/><\/a><span class=\"spotlightCategory\"><a href=\"https:\/\/www.suno.com.br\/noticias\/mercado\/\">Mercado<\/a><\/span><\/div><div class=\"cardsPage__listCard__boxs__content\"><a href=\"https:\/\/www.suno.com.br\/noticias\/eletrobras-vivara-auren-destaques-va\/\"><h2 class=\"content__title\">Eletrobras (ELET3), Vivara (VIVA3) e Auren (AURE3) agitam o mercado nesta quinta-feira; veja mais destaques<\/h2><\/a><div class=\"newsContent__article__meta\"><div class=\"newsContent__article__meta__authorBox\"><a href=\"https:\/\/www.suno.com.br\/noticias\/author\/vini08correiagmail-com\/\" class=\"authorBox__avatar noMobi\"><img src=\"https:\/\/files.sunoresearch.com.br\/n\/uploads\/2026\/04\/WhatsApp-Image-2026-04-20-at-19.35.48-150x150.webp\" alt=\"Vin\u00edcius Alves\"><\/a><div class=\"authorBox__name\"><span>por\n\t\t\t<a href=\"https:\/\/www.suno.com.br\/noticias\/author\/vini08correiagmail-com\/\"><span itemprop=\"author\">Vin\u00edcius Alves<\/span><\/a><\/span><time datetime=\"2024-01-04T11:11:03-03:00\" itemprop=\"datePublished\">04\/01\/2024 11:11<\/time><\/div><\/div><\/div><\/div><\/div>","single_layout":"posts","amp_enabled":true,"_links":{"self":[{"href":"https:\/\/www.suno.com.br\/noticias\/wp-json\/wp\/v2\/posts\/506416"}],"collection":[{"href":"https:\/\/www.suno.com.br\/noticias\/wp-json\/wp\/v2\/posts"}],"about":[{"href":"https:\/\/www.suno.com.br\/noticias\/wp-json\/wp\/v2\/types\/post"}],"author":[{"embeddable":true,"href":"https:\/\/www.suno.com.br\/noticias\/wp-json\/wp\/v2\/users\/301"}],"replies":[{"embeddable":true,"href":"https:\/\/www.suno.com.br\/noticias\/wp-json\/wp\/v2\/comments?post=506416"}],"version-history":[{"count":2,"href":"https:\/\/www.suno.com.br\/noticias\/wp-json\/wp\/v2\/posts\/506416\/revisions"}],"predecessor-version":[{"id":506437,"href":"https:\/\/www.suno.com.br\/noticias\/wp-json\/wp\/v2\/posts\/506416\/revisions\/506437"}],"wp:featuredmedia":[{"embeddable":true,"href":"https:\/\/www.suno.com.br\/noticias\/wp-json\/wp\/v2\/media\/408702"}],"wp:attachment":[{"href":"https:\/\/www.suno.com.br\/noticias\/wp-json\/wp\/v2\/media?parent=506416"}],"wp:term":[{"taxonomy":"category","embeddable":true,"href":"https:\/\/www.suno.com.br\/noticias\/wp-json\/wp\/v2\/categories?post=506416"},{"taxonomy":"post_tag","embeddable":true,"href":"https:\/\/www.suno.com.br\/noticias\/wp-json\/wp\/v2\/tags?post=506416"},{"taxonomy":"suno_strategy","embeddable":true,"href":"https:\/\/www.suno.com.br\/noticias\/wp-json\/wp\/v2\/suno_strategy?post=506416"}],"curies":[{"name":"wp","href":"https:\/\/api.w.org\/{rel}","templated":true}]}}