{"id":50624,"date":"2020-01-23T08:42:43","date_gmt":"2020-01-23T11:42:43","guid":{"rendered":"https:\/\/www.suno.com.br\/noticias\/?p=50624"},"modified":"2021-05-10T21:25:16","modified_gmt":"2021-05-11T00:25:16","slug":"eletrobras-emissao-titulos","status":"publish","type":"post","link":"https:\/\/www.suno.com.br\/noticias\/eletrobras-emissao-titulos\/","title":{"rendered":"Eletrobras anuncia emiss\u00e3o de t\u00edtulos no exterior que pode chegar a US$ 1,75 bi"},"content":{"rendered":"<p>A <a href=\"https:\/\/www.suno.com.br\/acoes\/elet6\/\"><strong>Eletrobras<\/strong> (ELET6)<\/a> informou, na \u00faltima quarta-feira (22), que iniciou o processo de emiss\u00e3o de t\u00edtulos de d\u00edvida no mercado internacional com valor que pode chegar a US$ 1,75 bilh\u00e3o (R$ 7,32 bilh\u00f5es), segundo o fato relevante divulgado pela companhia.<\/p>\t<div class=\"wrapper-featured-image\">\n\t\t<figure class=\"spotlightImg\">\n\n\t\t\t<picture>\n\t\t\t\t<source media=\"(max-width: 768px)\" srcset=\"https:\/\/files.sunoresearch.com.br\/n\/uploads\/2019\/09\/f165860f-eletrobras-400x200.webp\">\n\t\t\t\t<img loading=\"lazy\" decoding=\"async\" class=\"newsContent__article__imgCapa lazyloadDisabled newsContent__article__imgCapa--noCaption\" src=\"https:\/\/files.sunoresearch.com.br\/n\/uploads\/2019\/09\/f165860f-eletrobras-800x450.webp\" width=\"800\" height=\"450\" alt=\"Eletrobras anuncia emiss\u00e3o de t\u00edtulos no exterior que pode chegar a US$ 1,75 bi\" fetchpriority=high \/>\n\t\t\t<\/picture>\n\n\t\t\t<figcaption class=\"wp-caption-text wp-caption-text--hide\">Eletrobras (ELET3). Foto: Getty Images.<\/figcaption>\n\t\t<\/figure>\n\t<\/div>\n\n\n\n<p>De acordo com a Eletrobras, os t\u00edtulos possuem vencimentos em cinco anos (denominados \u201cNotes 2025\u201d) e em dez anos (denominados \u201cNotes 2030\u201d), somando que os cupons ser\u00e3o definidos seguindo a demanda de mercado. Os bancos participantes ser\u00e3o:<\/p>\n<ul>\n<li>Goldman Sachs<\/li>\n<li>Ita\u00fa BBA<\/li>\n<li>Santander<\/li>\n<\/ul>\n<p>Ademais, a Eletrobras tamb\u00e9m anunciou uma oferta de aquisi\u00e7\u00e3o dos t\u00edtulos emitidos pela companhia no mercado externo com vencimento no ano que vem, chamadas de \u201cNotes 2021\u201d, que t\u00eam um cupom de 5,75%.<\/p>\n<p><a href=\"https:\/\/www.suno.com.br\/noticias\/eletrobras-conclui-venda-de-49-da-centroeste-para-cemig\/\">Confira: Eletrobras conclui venda de 49% da Centroeste para Cemig<\/a><\/p>\n<p>\u201cOs recursos l\u00edquidos obtidos com a emiss\u00e3o das Notes ser\u00e3o utilizados para o <strong>refinanciamento<\/strong> de d\u00edvidas da companhia, incluindo, sem limita\u00e7\u00e3o, para a consuma\u00e7\u00e3o da Oferta de Aquisi\u00e7\u00e3o das Notes 2021\u201d, informou a el\u00e9trica no comunicado.<\/p>\n<h2>Privatiza\u00e7\u00e3o da Eletrobras encontra resist\u00eancia<\/h2>\n<p>O texto para a <a href=\"https:\/\/www.suno.com.br\/artigos\/privatizacao\/\"><strong>privatiza\u00e7\u00e3o<\/strong><\/a> da Eletrobras, enviada \u00e0 C\u00e2mara dos Deputados ap\u00f3s a aprova\u00e7\u00e3o da reforma da previd\u00eancia, em novembro, chegar\u00e1 ao recesso de final de ano sem iniciar a tramita\u00e7\u00e3o.<\/p>\n\t<p>\n\t\t<a href=\"https:\/\/lp.suno.com.br\/asset\/fundos\/suno-fic-fia\/\" target=\"_blank\" data-element=\"shortcode-suno-banner\" title=\"Banner SUNO, clique e saiba mais\">\n\t\t\t<picture>\n\t\t\t\t<source media=\"(max-width: 500px)\" srcset=\"https:\/\/files.sunoresearch.com.br\/n\/uploads\/2023\/10\/SUNO-FIC-FIA-400x300-Mobile-Artigos-5.png\">\n\t\t\t\t<img class=\"newsContent__article__imgCapa newsContent__article__imgCapa--banner\"\n\t\t\t\t\tsrc=\"https:\/\/files.sunoresearch.com.br\/n\/uploads\/2023\/10\/SUNO-FIC-FIA-1420x240-Banner-Artigos-1-_-Banner-Materias-4.png\"\n\t\t\t\t\tdata-promo-id=\"478742\"\t\t\t\t\t\t\t\t\t\twidth='2840' height='480'\t\t\t\t\talt=\"https:\/\/files.sunoresearch.com.br\/n\/uploads\/2023\/10\/SUNO-FIC-FIA-1420x240-Banner-Artigos-1-_-Banner-Materias-4.png\"\n\t\t\t\t>\n\t\t\t<\/picture>\n\t\t<\/a>\n\t<\/p>\n\n\n<p>A proposta de privatiza\u00e7\u00e3o da estatal ainda depende de um despacho do presidente da casa, Rodrigo Maia (DEM-RJ). Para isso, ele aguarda os l\u00edderes do governo convencerem os senadores da import\u00e2ncia do andamento do texto. \u00c9 poss\u00edvel que seja criada uma comiss\u00e3o especial, com o objetivo de debater o assunto, nos moldes do que ocorreu na legislatura passada.<\/p>\n<p><a href=\"https:\/\/www.suno.com.br\/noticias\/correios-ups-esta-interessada-na-compra-da-estatal-dizem-fontes\/\">Saiba mais: Correios: UPS est\u00e1 interessada na compra da estatal, dizem fontes<\/a><\/p>\n<p>Al\u00e9m disso, a proposta tamb\u00e9m ainda n\u00e3o tem um relator, mesmo que informal. O deputado Fernando Filho (DEM-PE), ex-ministro de Minas e Energia, \u00e9 o mais cotado para assumir a fun\u00e7\u00e3o.<\/p>\n<p>No governo Temer, Filho j\u00e1 havia levantado uma opera\u00e7\u00e3o similar para privatizar a <strong>Eletrobras<\/strong>. No entanto, o deputado contou a aliados que n\u00e3o pretende aceitar o desafio desta vez, j\u00e1 que desconfia estar fadado ao fracasso pelas dificuldades no Senado.<\/p>\n\n","protected":false},"excerpt":{"rendered":"<p>A Eletrobras (ELET6) informou, na \u00faltima quarta-feira (22), que iniciou o processo de emiss\u00e3o de t\u00edtulos de d\u00edvida no mercado internacional com valor que pode chegar a US$ 1,75 bilh\u00e3o (R$ 7,32 bilh\u00f5es), segundo o fato relevante divulgado pela companhia. Eletrobras (ELET3). Foto: Getty Images. De acordo com a Eletrobras, os t\u00edtulos possuem vencimentos em [&hellip;]<\/p>\n","protected":false},"author":24,"featured_media":37836,"comment_status":"closed","ping_status":"closed","sticky":false,"template":"","format":"standard","meta":[],"categories":[64],"tags":[455,2135],"suno_strategy":[],"class_list":["post-50624","post","type-post","status-publish","format-standard","has-post-thumbnail","hentry","category-negocios","tag-eletrobras-elet3-elet5-elet6","tag-titulos-de-divida"],"yoast_head":"<!-- This site is optimized with the Yoast SEO plugin v24.4 - https:\/\/yoast.com\/wordpress\/plugins\/seo\/ -->\n<title>Eletrobras comunica emiss\u00e3o de t\u00edtulos no exterior<\/title>\n<meta name=\"description\" content=\"A Eletrobras informou que iniciou o processo de emiss\u00e3o de t\u00edtulos de d\u00edvida no mercado internacional. Clique aqui e saiba mais.\" \/>\n<meta name=\"robots\" content=\"index, follow, max-snippet:-1, max-image-preview:large, max-video-preview:-1\" \/>\n<link rel=\"canonical\" href=\"https:\/\/www.suno.com.br\/noticias\/eletrobras-emissao-titulos\/\" \/>\n<meta property=\"og:locale\" content=\"pt_BR\" \/>\n<meta property=\"og:type\" content=\"article\" \/>\n<meta property=\"og:title\" content=\"Eletrobras comunica emiss\u00e3o de t\u00edtulos no exterior\" \/>\n<meta property=\"og:description\" content=\"A Eletrobras informou que iniciou o processo de emiss\u00e3o de t\u00edtulos de d\u00edvida no mercado internacional. Clique aqui e saiba mais.\" \/>\n<meta property=\"og:url\" content=\"https:\/\/www.suno.com.br\/noticias\/eletrobras-emissao-titulos\/\" \/>\n<meta property=\"og:site_name\" content=\"Suno Not\u00edcias\" \/>\n<meta property=\"article:publisher\" content=\"https:\/\/facebook.com\/sunoresearch\" \/>\n<meta property=\"og:image\" content=\"https:\/\/files.sunoresearch.com.br\/n\/uploads\/2019\/09\/f165860f-eletrobras.jpg\" \/>\n\t<meta property=\"og:image:width\" content=\"3000\" \/>\n\t<meta property=\"og:image:height\" content=\"2000\" \/>\n\t<meta property=\"og:image:type\" content=\"image\/jpeg\" \/>\n<meta name=\"author\" content=\"Jader Lazarini\" \/>\n<meta name=\"twitter:card\" content=\"summary_large_image\" \/>\n<meta name=\"twitter:creator\" content=\"@sunoresearch\" \/>\n<meta name=\"twitter:site\" content=\"@sunoresearch\" \/>\n<meta name=\"twitter:label1\" content=\"Escrito por\" \/>\n\t<meta name=\"twitter:data1\" content=\"Jader Lazarini\" \/>\n\t<meta name=\"twitter:label2\" content=\"Est. tempo de leitura\" \/>\n\t<meta name=\"twitter:data2\" content=\"2 minutos\" \/>\n<script type=\"application\/ld+json\" class=\"yoast-schema-graph\">{\"@context\":\"https:\/\/schema.org\",\"@graph\":[{\"@type\":\"NewsArticle\",\"@id\":\"https:\/\/www.suno.com.br\/noticias\/eletrobras-emissao-titulos\/#article\",\"isPartOf\":{\"@id\":\"https:\/\/www.suno.com.br\/noticias\/eletrobras-emissao-titulos\/\"},\"author\":{\"name\":\"Jader Lazarini\",\"@id\":\"https:\/\/www.suno.com.br\/noticias\/#\/schema\/person\/918d79de1f0281f01599b93f9ea6e23f\"},\"headline\":\"Eletrobras anuncia emiss\u00e3o de t\u00edtulos no exterior que pode chegar a US$ 1,75 bi\",\"datePublished\":\"2020-01-23T11:42:43+00:00\",\"dateModified\":\"2021-05-11T00:25:16+00:00\",\"mainEntityOfPage\":{\"@id\":\"https:\/\/www.suno.com.br\/noticias\/eletrobras-emissao-titulos\/\"},\"wordCount\":392,\"publisher\":{\"@id\":\"https:\/\/www.suno.com.br\/noticias\/#organization\"},\"image\":{\"@id\":\"https:\/\/www.suno.com.br\/noticias\/eletrobras-emissao-titulos\/#primaryimage\"},\"thumbnailUrl\":\"https:\/\/files.sunoresearch.com.br\/n\/uploads\/2019\/09\/f165860f-eletrobras-scaled.webp\",\"keywords\":[\"Eletrobras (ELET3\/ELET5\/ELET6)\",\"t\u00edtulos de d\u00edvida\"],\"articleSection\":[\"Neg\u00f3cios\"],\"inLanguage\":\"pt-BR\"},{\"@type\":\"WebPage\",\"@id\":\"https:\/\/www.suno.com.br\/noticias\/eletrobras-emissao-titulos\/\",\"url\":\"https:\/\/www.suno.com.br\/noticias\/eletrobras-emissao-titulos\/\",\"name\":\"Eletrobras comunica emiss\u00e3o de t\u00edtulos no exterior\",\"isPartOf\":{\"@id\":\"https:\/\/www.suno.com.br\/noticias\/#website\"},\"primaryImageOfPage\":{\"@id\":\"https:\/\/www.suno.com.br\/noticias\/eletrobras-emissao-titulos\/#primaryimage\"},\"image\":{\"@id\":\"https:\/\/www.suno.com.br\/noticias\/eletrobras-emissao-titulos\/#primaryimage\"},\"thumbnailUrl\":\"https:\/\/files.sunoresearch.com.br\/n\/uploads\/2019\/09\/f165860f-eletrobras-scaled.webp\",\"datePublished\":\"2020-01-23T11:42:43+00:00\",\"dateModified\":\"2021-05-11T00:25:16+00:00\",\"description\":\"A Eletrobras informou que iniciou o processo de emiss\u00e3o de t\u00edtulos de d\u00edvida no mercado internacional. Clique aqui e saiba mais.\",\"breadcrumb\":{\"@id\":\"https:\/\/www.suno.com.br\/noticias\/eletrobras-emissao-titulos\/#breadcrumb\"},\"inLanguage\":\"pt-BR\",\"potentialAction\":[{\"@type\":\"ReadAction\",\"target\":[\"https:\/\/www.suno.com.br\/noticias\/eletrobras-emissao-titulos\/\"]}]},{\"@type\":\"ImageObject\",\"inLanguage\":\"pt-BR\",\"@id\":\"https:\/\/www.suno.com.br\/noticias\/eletrobras-emissao-titulos\/#primaryimage\",\"url\":\"https:\/\/files.sunoresearch.com.br\/n\/uploads\/2019\/09\/f165860f-eletrobras-scaled.webp\",\"contentUrl\":\"https:\/\/files.sunoresearch.com.br\/n\/uploads\/2019\/09\/f165860f-eletrobras-scaled.webp\",\"width\":2560,\"height\":1707,\"caption\":\"Eletrobras (ELET3). Foto: Getty Images.\"},{\"@type\":\"BreadcrumbList\",\"@id\":\"https:\/\/www.suno.com.br\/noticias\/eletrobras-emissao-titulos\/#breadcrumb\",\"itemListElement\":[{\"@type\":\"ListItem\",\"position\":1,\"name\":\"Not\u00edcias\",\"item\":\"https:\/\/www.suno.com.br\/noticias\/\"},{\"@type\":\"ListItem\",\"position\":2,\"name\":\"Neg\u00f3cios\",\"item\":\"https:\/\/www.suno.com.br\/noticias\/negocios\/\"},{\"@type\":\"ListItem\",\"position\":3,\"name\":\"Eletrobras anuncia emiss\u00e3o de t\u00edtulos no exterior que pode chegar a US$ 1,75 bi\"}]},{\"@type\":\"WebSite\",\"@id\":\"https:\/\/www.suno.com.br\/noticias\/#website\",\"url\":\"https:\/\/www.suno.com.br\/noticias\/\",\"name\":\"Suno Not\u00edcias\",\"description\":\"Seu portal de informa\u00e7\u00e3o sobre o mundo dos investimentos\",\"publisher\":{\"@id\":\"https:\/\/www.suno.com.br\/noticias\/#organization\"},\"potentialAction\":[{\"@type\":\"SearchAction\",\"target\":{\"@type\":\"EntryPoint\",\"urlTemplate\":\"https:\/\/www.suno.com.br\/noticias\/?s={search_term_string}\"},\"query-input\":{\"@type\":\"PropertyValueSpecification\",\"valueRequired\":true,\"valueName\":\"search_term_string\"}}],\"inLanguage\":\"pt-BR\"},{\"@type\":\"Organization\",\"@id\":\"https:\/\/www.suno.com.br\/noticias\/#organization\",\"name\":\"Suno Not\u00edcias\",\"url\":\"https:\/\/www.suno.com.br\/noticias\/\",\"logo\":{\"@type\":\"ImageObject\",\"inLanguage\":\"pt-BR\",\"@id\":\"https:\/\/www.suno.com.br\/noticias\/#\/schema\/logo\/image\/\",\"url\":\"https:\/\/files.sunoresearch.com.br\/n\/uploads\/2021\/09\/suno-logo.png\",\"contentUrl\":\"https:\/\/files.sunoresearch.com.br\/n\/uploads\/2021\/09\/suno-logo.png\",\"width\":180,\"height\":180,\"caption\":\"Suno Not\u00edcias\"},\"image\":{\"@id\":\"https:\/\/www.suno.com.br\/noticias\/#\/schema\/logo\/image\/\"},\"sameAs\":[\"https:\/\/facebook.com\/sunoresearch\",\"https:\/\/x.com\/sunoresearch\",\"https:\/\/www.instagram.com\/suno\",\"https:\/\/www.linkedin.com\/company\/suno-research\/\",\"https:\/\/www.youtube.com\/c\/sunoresearch\"]},{\"@type\":\"Person\",\"@id\":\"https:\/\/www.suno.com.br\/noticias\/#\/schema\/person\/918d79de1f0281f01599b93f9ea6e23f\",\"name\":\"Jader Lazarini\",\"image\":{\"@type\":\"ImageObject\",\"inLanguage\":\"pt-BR\",\"@id\":\"https:\/\/www.suno.com.br\/noticias\/#\/schema\/person\/image\/\",\"url\":\"https:\/\/secure.gravatar.com\/avatar\/3c1ad8caa51589841baeb923fcddea97?s=96&r=g\",\"contentUrl\":\"https:\/\/secure.gravatar.com\/avatar\/3c1ad8caa51589841baeb923fcddea97?s=96&r=g\",\"caption\":\"Jader Lazarini\"},\"description\":\"Jader Lazarini escreve sobre investimentos, finan\u00e7as, economia e neg\u00f3cios. \u00c9 bacharel em Rela\u00e7\u00f5es Internacionais e analista CNPI (2619).\",\"url\":\"https:\/\/www.suno.com.br\/noticias\/author\/jader-lazarini\/\"}]}<\/script>\n<!-- \/ Yoast SEO plugin. -->","yoast_head_json":{"title":"Eletrobras comunica emiss\u00e3o de t\u00edtulos no exterior","description":"A Eletrobras informou que iniciou o processo de emiss\u00e3o de t\u00edtulos de d\u00edvida no mercado internacional. Clique aqui e saiba mais.","robots":{"index":"index","follow":"follow","max-snippet":"max-snippet:-1","max-image-preview":"max-image-preview:large","max-video-preview":"max-video-preview:-1"},"canonical":"https:\/\/www.suno.com.br\/noticias\/eletrobras-emissao-titulos\/","og_locale":"pt_BR","og_type":"article","og_title":"Eletrobras comunica emiss\u00e3o de t\u00edtulos no exterior","og_description":"A Eletrobras informou que iniciou o processo de emiss\u00e3o de t\u00edtulos de d\u00edvida no mercado internacional. Clique aqui e saiba mais.","og_url":"https:\/\/www.suno.com.br\/noticias\/eletrobras-emissao-titulos\/","og_site_name":"Suno Not\u00edcias","article_publisher":"https:\/\/facebook.com\/sunoresearch","og_image":[{"width":3000,"height":2000,"url":"https:\/\/files.sunoresearch.com.br\/n\/uploads\/2019\/09\/f165860f-eletrobras.jpg","type":"image\/jpeg"}],"author":"Jader Lazarini","twitter_card":"summary_large_image","twitter_creator":"@sunoresearch","twitter_site":"@sunoresearch","twitter_misc":{"Escrito por":"Jader Lazarini","Est. tempo de leitura":"2 minutos"},"schema":{"@context":"https:\/\/schema.org","@graph":[{"@type":"NewsArticle","@id":"https:\/\/www.suno.com.br\/noticias\/eletrobras-emissao-titulos\/#article","isPartOf":{"@id":"https:\/\/www.suno.com.br\/noticias\/eletrobras-emissao-titulos\/"},"author":{"name":"Jader Lazarini","@id":"https:\/\/www.suno.com.br\/noticias\/#\/schema\/person\/918d79de1f0281f01599b93f9ea6e23f"},"headline":"Eletrobras anuncia emiss\u00e3o de t\u00edtulos no exterior que pode chegar a US$ 1,75 bi","datePublished":"2020-01-23T11:42:43+00:00","dateModified":"2021-05-11T00:25:16+00:00","mainEntityOfPage":{"@id":"https:\/\/www.suno.com.br\/noticias\/eletrobras-emissao-titulos\/"},"wordCount":392,"publisher":{"@id":"https:\/\/www.suno.com.br\/noticias\/#organization"},"image":{"@id":"https:\/\/www.suno.com.br\/noticias\/eletrobras-emissao-titulos\/#primaryimage"},"thumbnailUrl":"https:\/\/files.sunoresearch.com.br\/n\/uploads\/2019\/09\/f165860f-eletrobras-scaled.webp","keywords":["Eletrobras (ELET3\/ELET5\/ELET6)","t\u00edtulos de d\u00edvida"],"articleSection":["Neg\u00f3cios"],"inLanguage":"pt-BR"},{"@type":"WebPage","@id":"https:\/\/www.suno.com.br\/noticias\/eletrobras-emissao-titulos\/","url":"https:\/\/www.suno.com.br\/noticias\/eletrobras-emissao-titulos\/","name":"Eletrobras comunica emiss\u00e3o de t\u00edtulos no exterior","isPartOf":{"@id":"https:\/\/www.suno.com.br\/noticias\/#website"},"primaryImageOfPage":{"@id":"https:\/\/www.suno.com.br\/noticias\/eletrobras-emissao-titulos\/#primaryimage"},"image":{"@id":"https:\/\/www.suno.com.br\/noticias\/eletrobras-emissao-titulos\/#primaryimage"},"thumbnailUrl":"https:\/\/files.sunoresearch.com.br\/n\/uploads\/2019\/09\/f165860f-eletrobras-scaled.webp","datePublished":"2020-01-23T11:42:43+00:00","dateModified":"2021-05-11T00:25:16+00:00","description":"A Eletrobras informou que iniciou o processo de emiss\u00e3o de t\u00edtulos de d\u00edvida no mercado internacional. Clique aqui e saiba mais.","breadcrumb":{"@id":"https:\/\/www.suno.com.br\/noticias\/eletrobras-emissao-titulos\/#breadcrumb"},"inLanguage":"pt-BR","potentialAction":[{"@type":"ReadAction","target":["https:\/\/www.suno.com.br\/noticias\/eletrobras-emissao-titulos\/"]}]},{"@type":"ImageObject","inLanguage":"pt-BR","@id":"https:\/\/www.suno.com.br\/noticias\/eletrobras-emissao-titulos\/#primaryimage","url":"https:\/\/files.sunoresearch.com.br\/n\/uploads\/2019\/09\/f165860f-eletrobras-scaled.webp","contentUrl":"https:\/\/files.sunoresearch.com.br\/n\/uploads\/2019\/09\/f165860f-eletrobras-scaled.webp","width":2560,"height":1707,"caption":"Eletrobras (ELET3). Foto: Getty Images."},{"@type":"BreadcrumbList","@id":"https:\/\/www.suno.com.br\/noticias\/eletrobras-emissao-titulos\/#breadcrumb","itemListElement":[{"@type":"ListItem","position":1,"name":"Not\u00edcias","item":"https:\/\/www.suno.com.br\/noticias\/"},{"@type":"ListItem","position":2,"name":"Neg\u00f3cios","item":"https:\/\/www.suno.com.br\/noticias\/negocios\/"},{"@type":"ListItem","position":3,"name":"Eletrobras anuncia emiss\u00e3o de t\u00edtulos no exterior que pode chegar a US$ 1,75 bi"}]},{"@type":"WebSite","@id":"https:\/\/www.suno.com.br\/noticias\/#website","url":"https:\/\/www.suno.com.br\/noticias\/","name":"Suno Not\u00edcias","description":"Seu portal de informa\u00e7\u00e3o sobre o mundo dos investimentos","publisher":{"@id":"https:\/\/www.suno.com.br\/noticias\/#organization"},"potentialAction":[{"@type":"SearchAction","target":{"@type":"EntryPoint","urlTemplate":"https:\/\/www.suno.com.br\/noticias\/?s={search_term_string}"},"query-input":{"@type":"PropertyValueSpecification","valueRequired":true,"valueName":"search_term_string"}}],"inLanguage":"pt-BR"},{"@type":"Organization","@id":"https:\/\/www.suno.com.br\/noticias\/#organization","name":"Suno Not\u00edcias","url":"https:\/\/www.suno.com.br\/noticias\/","logo":{"@type":"ImageObject","inLanguage":"pt-BR","@id":"https:\/\/www.suno.com.br\/noticias\/#\/schema\/logo\/image\/","url":"https:\/\/files.sunoresearch.com.br\/n\/uploads\/2021\/09\/suno-logo.png","contentUrl":"https:\/\/files.sunoresearch.com.br\/n\/uploads\/2021\/09\/suno-logo.png","width":180,"height":180,"caption":"Suno Not\u00edcias"},"image":{"@id":"https:\/\/www.suno.com.br\/noticias\/#\/schema\/logo\/image\/"},"sameAs":["https:\/\/facebook.com\/sunoresearch","https:\/\/x.com\/sunoresearch","https:\/\/www.instagram.com\/suno","https:\/\/www.linkedin.com\/company\/suno-research\/","https:\/\/www.youtube.com\/c\/sunoresearch"]},{"@type":"Person","@id":"https:\/\/www.suno.com.br\/noticias\/#\/schema\/person\/918d79de1f0281f01599b93f9ea6e23f","name":"Jader Lazarini","image":{"@type":"ImageObject","inLanguage":"pt-BR","@id":"https:\/\/www.suno.com.br\/noticias\/#\/schema\/person\/image\/","url":"https:\/\/secure.gravatar.com\/avatar\/3c1ad8caa51589841baeb923fcddea97?s=96&r=g","contentUrl":"https:\/\/secure.gravatar.com\/avatar\/3c1ad8caa51589841baeb923fcddea97?s=96&r=g","caption":"Jader Lazarini"},"description":"Jader Lazarini escreve sobre investimentos, finan\u00e7as, economia e neg\u00f3cios. \u00c9 bacharel em Rela\u00e7\u00f5es Internacionais e analista CNPI (2619).","url":"https:\/\/www.suno.com.br\/noticias\/author\/jader-lazarini\/"}]}},"default_loop_html":"<div class=\"cardsPage__listCard__boxs\"><div class=\"cardsPage__listCard__boxs__img\"><a href=\"https:\/\/www.suno.com.br\/noticias\/eletrobras-emissao-titulos\/\"><img class=\"mask\" src=\"https:\/\/www.suno.com.br\/noticias\/wp-content\/themes\/suno\/resources\/images\/spotlight\/spotlight1img\/bg-mask.png\" alt=\"Image Mask\"\/><img src=\"https:\/\/files.sunoresearch.com.br\/n\/uploads\/2019\/09\/f165860f-eletrobras-400x200.webp\" alt=\"Eletrobras anuncia emiss\u00e3o de t\u00edtulos no exterior que pode chegar a US$ 1,75 bi\"\/><\/a><span class=\"spotlightCategory\"><a href=\"https:\/\/www.suno.com.br\/noticias\/negocios\/\">Neg\u00f3cios<\/a><\/span><\/div><div class=\"cardsPage__listCard__boxs__content\"><a href=\"https:\/\/www.suno.com.br\/noticias\/eletrobras-emissao-titulos\/\"><h2 class=\"content__title\">Eletrobras anuncia emiss\u00e3o de t\u00edtulos no exterior que pode chegar a US$ 1,75 bi<\/h2><\/a><div class=\"newsContent__article__meta\"><div class=\"newsContent__article__meta__authorBox\"><a href=\"https:\/\/www.suno.com.br\/noticias\/author\/jader-lazarini\/\" class=\"authorBox__avatar noMobi\"><img src=\"https:\/\/files.sunoresearch.com.br\/n\/uploads\/2021\/01\/178e6598-foto-perfil-2-150x150.jpg\" alt=\"Jader Lazarini\"><\/a><div class=\"authorBox__name\"><span>por\n\t\t\t<a href=\"https:\/\/www.suno.com.br\/noticias\/author\/jader-lazarini\/\"><span itemprop=\"author\">Jader Lazarini<\/span><\/a><\/span><time datetime=\"2020-01-23T08:42:43-03:00\" itemprop=\"datePublished\">23\/01\/2020 08:42<\/time><\/div><\/div><\/div><\/div><\/div>","single_layout":"posts","amp_enabled":true,"_links":{"self":[{"href":"https:\/\/www.suno.com.br\/noticias\/wp-json\/wp\/v2\/posts\/50624"}],"collection":[{"href":"https:\/\/www.suno.com.br\/noticias\/wp-json\/wp\/v2\/posts"}],"about":[{"href":"https:\/\/www.suno.com.br\/noticias\/wp-json\/wp\/v2\/types\/post"}],"author":[{"embeddable":true,"href":"https:\/\/www.suno.com.br\/noticias\/wp-json\/wp\/v2\/users\/24"}],"replies":[{"embeddable":true,"href":"https:\/\/www.suno.com.br\/noticias\/wp-json\/wp\/v2\/comments?post=50624"}],"version-history":[{"count":1,"href":"https:\/\/www.suno.com.br\/noticias\/wp-json\/wp\/v2\/posts\/50624\/revisions"}],"predecessor-version":[{"id":146759,"href":"https:\/\/www.suno.com.br\/noticias\/wp-json\/wp\/v2\/posts\/50624\/revisions\/146759"}],"wp:featuredmedia":[{"embeddable":true,"href":"https:\/\/www.suno.com.br\/noticias\/wp-json\/wp\/v2\/media\/37836"}],"wp:attachment":[{"href":"https:\/\/www.suno.com.br\/noticias\/wp-json\/wp\/v2\/media?parent=50624"}],"wp:term":[{"taxonomy":"category","embeddable":true,"href":"https:\/\/www.suno.com.br\/noticias\/wp-json\/wp\/v2\/categories?post=50624"},{"taxonomy":"post_tag","embeddable":true,"href":"https:\/\/www.suno.com.br\/noticias\/wp-json\/wp\/v2\/tags?post=50624"},{"taxonomy":"suno_strategy","embeddable":true,"href":"https:\/\/www.suno.com.br\/noticias\/wp-json\/wp\/v2\/suno_strategy?post=50624"}],"curies":[{"name":"wp","href":"https:\/\/api.w.org\/{rel}","templated":true}]}}