{"id":506228,"date":"2024-01-03T23:00:59","date_gmt":"2024-01-04T02:00:59","guid":{"rendered":"https:\/\/www.suno.com.br\/noticias\/?p=506228"},"modified":"2024-01-03T23:01:11","modified_gmt":"2024-01-04T02:01:11","slug":"radar-irb-irbr3-vivara-viva3-cogna-cogn3","status":"publish","type":"post","link":"https:\/\/www.suno.com.br\/noticias\/radar-irb-irbr3-vivara-viva3-cogna-cogn3\/","title":{"rendered":"Radar: Previ entra com pedido de arbitragem contra o IRB (IRBR3), Vivara (VIVA3) bate recorde de vendas e BlackRock passa a deter 10% de a\u00e7\u00f5es ordin\u00e1rias da Cogna (COGN3)"},"content":{"rendered":"<p>O&nbsp;<a href=\"https:\/\/www.suno.com.br\/acoes\/IRBR3\/\" target=\"_blank\" rel=\"noreferrer noopener\"><strong>IRB<\/strong>&nbsp;Brasil (IRBR3)<\/a>&nbsp;comunicou que a Previ \u2013&nbsp;<a href=\"https:\/\/www.suno.com.br\/artigos\/fundo-previdencia\/\" target=\"_blank\" rel=\"noreferrer noopener\">fundo de previd\u00eancia<\/a>&nbsp;dos funcion\u00e1rios do Banco do Brasil (BBAS3) \u2013 entrou com um pedido de arbitragem contra a companhia.<\/p>\t<div class=\"wrapper-featured-image\">\n\t\t<figure class=\"spotlightImg\">\n\n\t\t\t<picture>\n\t\t\t\t<source media=\"(max-width: 768px)\" srcset=\"https:\/\/files.sunoresearch.com.br\/n\/uploads\/2021\/03\/62b33688-irb-1-400x200.webp\">\n\t\t\t\t<img loading=\"lazy\" decoding=\"async\" class=\"newsContent__article__imgCapa lazyloadDisabled \" src=\"https:\/\/files.sunoresearch.com.br\/n\/uploads\/2021\/03\/62b33688-irb-1-800x450.webp\" width=\"800\" height=\"450\" alt=\"Radar: Previ entra com pedido de arbitragem contra o IRB (IRBR3), Vivara (VIVA3) bate recorde de vendas e BlackRock passa a deter 10% de a\u00e7\u00f5es ordin\u00e1rias da Cogna (COGN3)\" fetchpriority=high \/>\n\t\t\t<\/picture>\n\n\t\t\t<figcaption class=\"wp-caption-text wp-caption-text--show\">IRB Brasil (IRBR3): resultados podem pressionar pre\u00e7o das a\u00e7\u00f5es, diz BTG; pap\u00e9is despencam. Foto Divulga\u00e7\u00e3o<\/figcaption>\n\t\t<\/figure>\n\t<\/div>\n\n\n\n\n\n\t<p>\n\t\t<a href=\"https:\/\/lp.suno.com.br\/planilha-da-vida-financeira\/\" target=\"_blank\" data-element=\"shortcode-suno-banner\" title=\"Banner SUNO, clique e saiba mais\">\n\t\t\t<picture>\n\t\t\t\t<source media=\"(max-width: 500px)\" srcset=\"https:\/\/files.sunoresearch.com.br\/n\/uploads\/2023\/04\/400x300-Planilha-vida-financeira-true.png\">\n\t\t\t\t<img class=\"newsContent__article__imgCapa newsContent__article__imgCapa--banner\"\n\t\t\t\t\tsrc=\"https:\/\/files.sunoresearch.com.br\/n\/uploads\/2023\/04\/1420x240-Planilha-vida-financeira-true.png\"\n\t\t\t\t\tdata-promo-id=\"106682\"\t\t\t\t\t\t\t\t\t\twidth='1420' height='240'\t\t\t\t\talt=\"https:\/\/files.sunoresearch.com.br\/n\/uploads\/2023\/04\/1420x240-Planilha-vida-financeira-true.png\"\n\t\t\t\t>\n\t\t\t<\/picture>\n\t\t<\/a>\n\t<\/p>\n\n\n\n\n\n\n\n<p>Al\u00e9m do IRB, tamb\u00e9m s\u00e3o alvos do&nbsp;<strong>pedido de arbitragem<\/strong>&nbsp;Fernando Passos e Jos\u00e9 Carlos Cardoso, ambos ex-executivos da empresa.<\/p>\n\n\n\n<p>No pedido, a&nbsp;<strong>Previ<\/strong>&nbsp;solicita um ressarcimento de R$ 10 milh\u00f5es.<\/p>\n\n\n\n<p>Conforme a resseguradora, o pedido foi feito \u00e0&nbsp;<a href=\"https:\/\/www.suno.com.br\/artigos\/camara-de-arbitragem\/\" target=\"_blank\" rel=\"noreferrer noopener\">C\u00e2mara de Arbitragem<\/a>&nbsp;(CAM) da B3 no dia 12 de dezembro, e a companhia tinha sido informada sobre o pedido ainda no fim de 2023, no dia 26 de dezembro.<\/p>\n\n\n\n<p>\u201cA requerente alega que as a\u00e7\u00f5es de emiss\u00e3o da companhia detidas por ela sofreram desvaloriza\u00e7\u00e3o abrupta desde fevereiro de 2020, em decorr\u00eancia de alegada divulga\u00e7\u00e3o de informa\u00e7\u00f5es falsas ou enganosas acerca das informa\u00e7\u00f5es financeiras elaboradas pela companhia e da sua base acion\u00e1ria. A requerente pede a condena\u00e7\u00e3o dos requeridos \u00e0 indeniza\u00e7\u00e3o por perdas e danos relacionados aos fatos narrados acima\u201d, diz o IRB.<\/p>\n\n\n\n<p>A companhia se envolveu em dois esc\u00e2ndalos nos \u00faltimos anos. O primeiro \u2013 e maior \u2013 foi uma fraude cont\u00e1bil revelada pela gestora Squadra, de&nbsp;<a href=\"https:\/\/www.suno.com.br\/tudo-sobre\/guilherme-ache\/\" target=\"_blank\" rel=\"noreferrer noopener\">Guilherme Ach\u00e9<\/a>.<\/p>\n\n\n\n<p>A frauda cont\u00e1bil, que derrubou as a\u00e7\u00f5es&nbsp;<strong>IRBR3<\/strong>, tamb\u00e9m causou a sa\u00edda de Passos e Cardoso.<\/p>\n\n\n\n<p>O segundo esc\u00e2ndalo consistiu na afirma\u00e7\u00e3o de que a Berkshire Hathaway (BERK34), de Warren Buffett, havia comprado&nbsp;<strong>a\u00e7\u00f5es do IRB<\/strong>.<\/p>\n\n\n\n<p>A afirma\u00e7\u00e3o foi feita por Passos e Cardoso quando ainda eram executivos do&nbsp;<strong>IRB<\/strong>, durante uma teleconfer\u00eancia de&nbsp;<a href=\"https:\/\/www.suno.com.br\/artigos\/resultados-trimestrais\/\" target=\"_blank\" rel=\"noreferrer noopener\">resultados trimestrais<\/a>.<\/p>\n\n\n\n<p>Al\u00e9m de IRB Brasil, confira outros destaques desta quarta-feira:<\/p>\n\n\n\n<h2 class=\"wp-block-heading\">Vivara (VIVA3) registra recorde de vendas em 2023: R$ 2,8 bi, alta anual de 21,6%; veja o que impactou o resultado<\/h2>\n\n\n\n<ul class=\"wp-block-list\">\n<li>A&nbsp;<a href=\"https:\/\/www.suno.com.br\/acoes\/viva3\/\"><strong>Vivara<\/strong>&nbsp;(VIVA3)<\/a>, maior joalheria da Am\u00e9rica Latina, atingiu um novo recorde de vendas em 2023, totalizando R$ 2,8 bilh\u00f5es no per\u00edodo, uma alta de 21,6% em rela\u00e7\u00e3o ao ano anterior, impactada pela Black Friday e Natal, duas datas vitais para o varejo nacional. Os n\u00fameros foram apresentados na pr\u00e9via operacional divulgada ao mercado nesta quarta (3).<\/li>\n<\/ul>\n\n\n\n<ul class=\"wp-block-list\">\n<li>A companhia informou que as&nbsp;<strong>vendas na Black Friday<\/strong>, compreendidas entre os dias 13 e 27 de novembro, cresceram 31,2% na base anual.<\/li>\n<\/ul>\n\n\n\n<ul class=\"wp-block-list\">\n<li>As vendas da&nbsp;<strong>Vivara no Natal<\/strong>, por sua vez, de 1\u00ba a 24 de dezembro, totalizaram R$ 440 milh\u00f5es, n\u00famero 20,3% maior que o visto no mesmo intervalo de 2022. O destaque foi para as regi\u00f5es Nordeste e Centro-Oeste, que apresentaram uma expans\u00e3o de 25% de vendas no per\u00edodo<\/li>\n<\/ul>\n\n\n\n<ul class=\"wp-block-list\">\n<li>Ainda segundo o documento, o&nbsp;<strong>aumento das vendas da Vivara<\/strong>&nbsp;reflete a expans\u00e3o de itens vendidos, respons\u00e1veis por 65% do crescimento registrado, a cria\u00e7\u00e3o de oito novas cole\u00e7\u00f5es e a antecipa\u00e7\u00e3o do abastecimento das lojas, que potencializou a venda dos produtos das novas cole\u00e7\u00f5es durante o per\u00edodo. \u201cO Natal garantiu \u00e0 joalheria um mix de vendas diversificado em que 45,3% foram das marcas Life, 40,8% de joias e 11,8% de rel\u00f3gios\u201d, diz a companhia.<\/li>\n<\/ul>\n\n\n\n<ul class=\"wp-block-list\">\n<li>Por categoria, do total vendido no ano passado, o maior volume de vendas foi das lojas F\u00edsicas, de R$ 2,33 bilh\u00f5es, enquanto as lojas Vivara somaram R$ 1,36 bilh\u00e3o. As lojas Life, voltadas para o p\u00fablico de m\u00e9dia renda, registraram R$ 1,01 bilh\u00e3o. Na sequ\u00eancia, aparecem os segmentos de Rel\u00f3gios e Acess\u00f3rios, que totalizaram R$ 337,14 milh\u00f5es e R$ 53,4 milh\u00f5es, respectivamente.<\/li>\n<\/ul>\n\n\n\n<h2 class=\"wp-block-heading\">BlackRock passa a deter 10% de a\u00e7\u00f5es ordin\u00e1rias da Cogna (COGN3)<\/h2>\n\n\n\n<ul class=\"wp-block-list\">\n<li>A&nbsp;<a href=\"https:\/\/www.suno.com.br\/acoes\/COGN3\/\" target=\"_blank\" rel=\"noreferrer noopener\">Cogna (COGN3)<\/a>&nbsp;anunciou nesta quarta-feira, 3, que a&nbsp;<strong>BlackRock<\/strong>, uma das maiores gestoras do mundo, passou a deter 188,006 milh\u00f5es de&nbsp;<a href=\"https:\/\/www.suno.com.br\/artigos\/o-que-sao-acoes-ordinarias-preferenciais-e-units\/\" target=\"_blank\" rel=\"noreferrer noopener\">a\u00e7\u00f5es ordin\u00e1rias<\/a>&nbsp;da companhia, o que representa 10,018% do total de a\u00e7\u00f5es de mesma classe.<\/li>\n<\/ul>\n\n\n\n<ul class=\"wp-block-list\">\n<li>Em comunicado enviado ao mercado, a empresa de educa\u00e7\u00e3o explicou que o&nbsp;<strong>objetivo da Blackrock<\/strong>, ao atingir esse percentual de&nbsp;<strong>a\u00e7\u00f5es na Cogna<\/strong>, \u00e9 estritamente investimento, n\u00e3o tendo como objetivo a altera\u00e7\u00e3o do&nbsp;<a href=\"https:\/\/www.suno.com.br\/artigos\/controle-acionario\/\" target=\"_blank\" rel=\"noreferrer noopener\">controle acion\u00e1rio<\/a>.<\/li>\n<\/ul>\n\n\n\t<p>\n\t\t<a href=\"https:\/\/lp.suno.com.br\/ebook-como-analisar-uma-acao\/\" target=\"_blank\" data-element=\"shortcode-suno-banner\" title=\"Banner SUNO, clique e saiba mais\">\n\t\t\t<picture>\n\t\t\t\t<source media=\"(max-width: 500px)\" srcset=\"https:\/\/files.sunoresearch.com.br\/n\/uploads\/2023\/03\/Ebook-Acoes-Mobile.jpg\">\n\t\t\t\t<img class=\"newsContent__article__imgCapa newsContent__article__imgCapa--banner\"\n\t\t\t\t\tsrc=\"https:\/\/files.sunoresearch.com.br\/n\/uploads\/2023\/03\/Ebook-Acoes-Desktop.jpg\"\n\t\t\t\t\tdata-promo-id=\"378302\"\t\t\t\t\t\t\t\t\t\twidth='1420' height='286'\t\t\t\t\talt=\"https:\/\/files.sunoresearch.com.br\/n\/uploads\/2023\/03\/Ebook-Acoes-Desktop.jpg\"\n\t\t\t\t>\n\t\t\t<\/picture>\n\t\t<\/a>\n\t<\/p>\n\n\n\n\n\n<h2 class=\"wp-block-heading\">Nubank (ROXO34): subsidi\u00e1ria da Col\u00f4mbia recebe aval para operar como financeira<\/h2>\n\n\n\n<ul class=\"wp-block-list\">\n<li>O Nu Col\u00f4mbia, subsidi\u00e1ria do&nbsp;<strong>Nubank<\/strong>&nbsp;(<a href=\"https:\/\/statusinvest.com.br\/bdrs\/roxo34?__hstc=189907700.57003753d8805be60d3d8f1693f0228c.1666093829288.1703206317265.1704327556694.322&amp;__hssc=189907700.24.1704327556694&amp;__hsfp=2194299992\" target=\"_blank\" rel=\"noreferrer noopener\">ROXO34<\/a>) no pa\u00eds, teve aprovada sua solicita\u00e7\u00e3o para operar como empresa financeira.<\/li>\n<\/ul>\n\n\n\n<ul class=\"wp-block-list\">\n<li>A decis\u00e3o foi comunicada pelo Nubank nesta quarta-feira (3), ap\u00f3s decis\u00e3o da Superintend\u00eancia Financeira da&nbsp;<strong>Col\u00f4mbia<\/strong>.<\/li>\n<\/ul>\n\n\n\n<ul class=\"wp-block-list\">\n<li>A aprova\u00e7\u00e3o significa um marco significativo para a opera\u00e7\u00e3o colombiana do Nu, que tamb\u00e9m abre espa\u00e7o para a expans\u00e3o de seu portf\u00f3lio de produtos para poupan\u00e7a, com o lan\u00e7amento iminente da Cuenta Nu, um movimento crucial para sua vis\u00e3o de&nbsp;<a href=\"https:\/\/www.suno.com.br\/artigos\/longo-prazo\/\" target=\"_blank\" rel=\"noreferrer noopener\">longo prazo<\/a>&nbsp;no pa\u00eds.<\/li>\n<\/ul>\n\n\n\n<ul class=\"wp-block-list\">\n<li>Segundo o Nubank, tornar-se uma financeira \u00e9 um passo fundamental no plano de crescimento do&nbsp;<strong>Nu Col\u00f4mbia<\/strong>, enquanto a empresa busca se tornar l\u00edder em servi\u00e7os financeiros digitais no pa\u00eds.<\/li>\n<\/ul>\n\n\n\n<ul class=\"wp-block-list\">\n<li>Atualmente, a empresa possui clientes em 100% dos departamentos colombianos e, at\u00e9 setembro de 2023, j\u00e1 havia alcan\u00e7ado 800.000 clientes apenas com seu produto de cart\u00e3o de cr\u00e9dito.<\/li>\n<\/ul>\n\n\n\n<ul class=\"wp-block-list\">\n<li>\u201cObter essa licen\u00e7a \u00e9 o resultado de meses de trabalho em equipe e representa um passo fundamental na nossa jornada na Col\u00f4mbia, ao fornecer o quadro regulat\u00f3rio adequado para o lan\u00e7amento da Cuenta Nu e a expans\u00e3o cont\u00ednua de nosso portf\u00f3lio de produtos\u201d, diz Marcela Torres, l\u00edder de opera\u00e7\u00f5es do Nu Col\u00f4mbia.<\/li>\n<\/ul>\n\n\n\n<ul class=\"wp-block-list\">\n<li>Segundo ela, a&nbsp;<strong>Cuenta Nu<\/strong>&nbsp;ajudar\u00e1 os colombianos a alcan\u00e7arem seus objetivos de economia e planos financeiros, e nos permitir\u00e1 ampliar nosso impacto para milh\u00f5es de pessoas, sendo capazes de dizer \u2018sim\u2019 a todos.<\/li>\n<\/ul>\n\n\n\n<ul class=\"wp-block-list\">\n<li>O Nu tem demonstrado seu compromisso com a Col\u00f4mbia, n\u00e3o apenas com a recente licen\u00e7a de opera\u00e7\u00e3o, mas tamb\u00e9m por meio de investimentos significativos. A empresa celebrou em 2023 o segundo anivers\u00e1rio do lan\u00e7amento de seu cart\u00e3o de cr\u00e9dito anunciando uma capitaliza\u00e7\u00e3o de aproximadamente US$ 150 milh\u00f5es para os pr\u00f3ximos dois anos, que, somado aos investimentos feitos desde 2021, totaliza cerca de US$ 450 milh\u00f5es.<\/li>\n<\/ul>\n\n\n\n<ul class=\"wp-block-list\">\n<li>Al\u00e9m disso, em setembro, o IFC aumentou o empr\u00e9stimo A\/B que havia concedido \u00e0 empresa: do compromisso inicial de US$ 150 milh\u00f5es para um valor total de US$ 265,1 milh\u00f5es.<\/li>\n<\/ul>\n\n\n\n<h2 class=\"wp-block-heading\">Vale (VALE3) segue como \u2018maior aposta\u2019 do Santander em carteira de dividendos<\/h2>\n\n\n\n<ul class=\"wp-block-list\">\n<li>Em nova atualiza\u00e7\u00e3o da sua carteira de&nbsp;<a href=\"https:\/\/www.suno.com.br\/guias\/dividendos\/\" target=\"_blank\" rel=\"noreferrer noopener\">dividendos<\/a>, os analistas do Santander mantiveram as a\u00e7\u00f5es da&nbsp;<a href=\"https:\/\/www.suno.com.br\/acoes\/VALE3\/\" target=\"_blank\" rel=\"noreferrer noopener\"><strong>Vale&nbsp;<\/strong>(VALE3)<\/a>&nbsp;como as com o maior percentual no portf\u00f3lio recomendado.<\/li>\n<\/ul>\n\n\n\n<ul class=\"wp-block-list\">\n<li>Conforme o \u00faltimo relat\u00f3rio, a recomenda\u00e7\u00e3o \u00e9 de 13% de aloca\u00e7\u00e3o nas&nbsp;<strong>a\u00e7\u00f5es da Vale<\/strong>&nbsp;visando&nbsp;<strong>dividendos<\/strong>.<\/li>\n<\/ul>\n\n\n\n<ul class=\"wp-block-list\">\n<li>Logo em seguida, aparecem os pap\u00e9is da&nbsp;<a href=\"https:\/\/www.suno.com.br\/acoes\/PETR3\/\" target=\"_blank\" rel=\"noreferrer noopener\">Petrobras (PETR3)<\/a>&nbsp;e do&nbsp;<a href=\"https:\/\/www.suno.com.br\/acoes\/BBAS3\/\" target=\"_blank\" rel=\"noreferrer noopener\">Banco do Brasil (BBAS3)<\/a>, com 12% e 11% recomendados, respectivamente.<\/li>\n<\/ul>\n\n\n\n<ul class=\"wp-block-list\">\n<li>Os especialistas destacaram que as a\u00e7\u00f5es&nbsp;<strong>VALE3<\/strong>&nbsp;s\u00e3o as prediletas da casa no segmento de Siderurgia &amp; Minera\u00e7\u00e3o, diante da prefer\u00eancia por min\u00e9rio de ferro ante a\u00e7o.<\/li>\n<\/ul>\n\n\n\n<ul class=\"wp-block-list\">\n<li>\u201cAl\u00e9m disso, vemos a Vale negociando a um valuation atraente (rendimento de FCL de 11% e 4,6x EV\/EBITDA 2024E), um desconto de 28% em rela\u00e7\u00e3o aos pares globais e um desconto de 30% em rela\u00e7\u00e3o \u00e0 m\u00e9dia da pr\u00f3pria Vale de 3 anos\u201d, explica a casa.<\/li>\n<\/ul>\n\n\n\n<ul class=\"wp-block-list\">\n<li>\u201cTamb\u00e9m estamos satisfeitos em ver a Administra\u00e7\u00e3o da Vale confiante em sua gera\u00e7\u00e3o de&nbsp;<a href=\"https:\/\/www.suno.com.br\/artigos\/fluxo-caixa-livre\/\" target=\"_blank\" rel=\"noreferrer noopener\">fluxo de caixa livre<\/a>, com a empresa anunciando um novo programa de&nbsp;<a href=\"https:\/\/www.suno.com.br\/artigos\/recompra-de-acoes\/\" target=\"_blank\" rel=\"noreferrer noopener\">recompra de a\u00e7\u00f5es<\/a>&nbsp;(cobrindo as a\u00e7\u00f5es remanescentes do programa anterior) e a distribui\u00e7\u00e3o de cerca de US$ 2 bilh\u00f5es em dividendos e&nbsp;<a href=\"https:\/\/www.suno.com.br\/artigos\/entenda-o-jcp\/\" target=\"_blank\" rel=\"noreferrer noopener\">juros sobre capital pr\u00f3prio<\/a>\u201c, completa.<\/li>\n<\/ul>\n\n\n\n<h2 class=\"wp-block-heading\">Banco do Brasil (BBAS3) atinge m\u00e1xima hist\u00f3rica ap\u00f3s alta de 76% em 2023<\/h2>\n\n\n\n<ul class=\"wp-block-list\">\n<li>As a\u00e7\u00f5es do&nbsp;<a href=\"https:\/\/www.suno.com.br\/acoes\/BBAS3\/\" target=\"_blank\" rel=\"noreferrer noopener\"><strong>Banco do Brasil<\/strong>&nbsp;(BBAS3)<\/a>&nbsp;fecharam o ano de 2023 na sua m\u00e1xima hist\u00f3rica, em uma cota\u00e7\u00e3o de R$ 55,39.<\/li>\n<\/ul>\n\n\n\n<ul class=\"wp-block-list\">\n<li>O recorde para as&nbsp;<strong>a\u00e7\u00f5es do Banco do Brasil<\/strong>&nbsp;\u00e9 fruto de um avan\u00e7o de 76% no acumulado de 2023.<\/li>\n<\/ul>\n\n\n\n<ul class=\"wp-block-list\">\n<li>Ap\u00f3s a valoriza\u00e7\u00e3o, o&nbsp;<a href=\"https:\/\/www.suno.com.br\/noticias\/banco-do-brasil-bbas3-assembleia-desdobramento-acoes-evm\/\" target=\"_blank\" rel=\"noreferrer noopener\">BB est\u00e1 propondo aos acionistas desdobrar cada a\u00e7\u00e3o em duas<\/a>, sem altera\u00e7\u00e3o do&nbsp;<a href=\"https:\/\/www.suno.com.br\/artigos\/capital-social\/\" target=\"_blank\" rel=\"noreferrer noopener\">capital social<\/a>, o que tamb\u00e9m dividiria a cota\u00e7\u00e3o e tornaria os pap\u00e9is mais acess\u00edveis a pequenos investidores.<\/li>\n<\/ul>\n\n\n\n<ul class=\"wp-block-list\">\n<li>A assembleia geral extraordin\u00e1ria que votar\u00e1 a proposta de desdobramento foi marcada para o dia 2 de fevereiro, conforme comunicado pela companhia ainda nesta quarta (3).<\/li>\n<\/ul>\n\n\n\n<ul class=\"wp-block-list\">\n<li>A alta das a\u00e7\u00f5es&nbsp;<strong><a href=\"https:\/\/statusinvest.com.br\/acoes\/bbas3?__hstc=189907700.57003753d8805be60d3d8f1693f0228c.1666093829288.1703206317265.1704327556694.322&amp;__hssc=189907700.23.1704327556694&amp;__hsfp=2194299992\" target=\"_blank\" rel=\"noreferrer noopener\">BBAS3<\/a><\/strong>&nbsp;foi a maior entre os grandes bancos brasileiros que t\u00eam capital aberto. Quest\u00f5es como a rentabilidade acima de 20% em um ano desafiador para os bancos de varejo, o crescimento da carteira de cr\u00e9dito a dois d\u00edgitos e a inadimpl\u00eancia abaixo dos pares impulsionaram os pap\u00e9is.<\/li>\n<\/ul>\n\n\n\n<ul class=\"wp-block-list\">\n<li>Os resultados reduziram os temores do mercado com poss\u00edveis guinadas na estrat\u00e9gia do banco com a mudan\u00e7a do governo, dado que a Uni\u00e3o \u00e9 a controladora do BB. A presidente do banco, Tarciana Medeiros, e os demais membros do comit\u00ea executivo que ela formou s\u00e3o funcion\u00e1rios de carreira do conglomerado.<\/li>\n<\/ul>\n\n\n\n<p>Do IRB Brasil \u00e0 Cogna, essas foram as empresas que se destacaram hoje. Para ler todas as mat\u00e9rias&nbsp;<strong><a href=\"https:\/\/www.suno.com.br\/noticias\/todos\/?utm_content=XYOE2ItQuUY.20201113&amp;utm_campaign=Track%2B&amp;utm_medium=video&amp;utm_source=telegram.sunoresearch\" target=\"_blank\" rel=\"noreferrer noopener\">clique aqui<\/a><\/strong>.<a href=\"https:\/\/lp.suno.com.br\/cl\/black-friday-suno-2023\/?_fs=16412753060-15131594205&amp;_fsRef=https%3A%2F%2Fwww.suno.com.br%2Fnoticias%2Fradar-caixa-seguridade-cxse3-itausa-itsa4-pao-de-acucar-pcar3%2F\" target=\"_blank\" rel=\"noreferrer noopener\"><\/a><a href=\"https:\/\/lp.suno.com.br\/cl\/black-friday-suno-2023\/?_fs=16412753060-15131594205&amp;_fsRef=https%3A%2F%2Fwww.suno.com.br%2Fnoticias%2Fcopel-cple6-xp-reitera-recomendacao-compra-va%2F\" target=\"_blank\" rel=\"noreferrer noopener\"><\/a><a href=\"https:\/\/lp.suno.com.br\/cl\/black-friday-suno-2023\/?_fs=16412753060-15131594205&amp;_fsRef=https%3A%2F%2Fwww.suno.com.br%2Fnoticias%2Fradar-magazine-luiza-mglu3-oi-oibr3-copel-cple6%2F\" target=\"_blank\" rel=\"noreferrer noopener\"><\/a><a href=\"https:\/\/lp.suno.com.br\/cl\/black-friday-suno-2023\/?_fs=16412753060-15131594205&amp;_fsRef=https%3A%2F%2Fwww.suno.com.br%2Fnoticias%2Fradar-irb-brasil-irbr3-klabin-klbn11-telefonica-vivt3%2F\" target=\"_blank\" rel=\"noreferrer noopener\"><\/a><a href=\"https:\/\/lp.suno.com.br\/cl\/black-friday-suno-2023\/?_fs=16439326504-15158167008&amp;_fsRef=https%3A%2F%2Fwww.suno.com.br%2Fnoticias%2Fradar-itausa-itsa4-brasilagro-agro3-weg-wege3%2F\" target=\"_blank\" rel=\"noreferrer noopener\"><\/a><a href=\"https:\/\/lp.suno.com.br\/cl\/black-friday-suno-2023\/?_fs=16439326504-15158167008&amp;_fsRef=https%3A%2F%2Fwww.suno.com.br%2Fnoticias%2Fradar-boa-safra-soja3-neoenergia-neoe3-kabin-klbn11%2F\" target=\"_blank\" rel=\"noreferrer noopener\"><\/a><a href=\"https:\/\/lp.suno.com.br\/cl\/black-friday-suno-2023\/?_fs=16439326504-15158167008&amp;_fsRef=https%3A%2F%2Fwww.suno.com.br%2Fnoticias%2Fsuzano-suzb3-3t23-reverte-lucro-prejuizo%2F\" target=\"_blank\" rel=\"noreferrer noopener\"><\/a><a href=\"https:\/\/lp.suno.com.br\/cl\/black-friday-suno-2023\/?_fs=16414994788-15133835730&amp;_fsRef=https%3A%2F%2Fwww.suno.com.br%2Fnoticias%2Fradar-vale-vale3-petrobras-petr4-lojas-marisa-amar3%2F\" target=\"_blank\" rel=\"noreferrer noopener\"><\/a><a href=\"https:\/\/lp.suno.com.br\/cl\/black-friday-suno-2023\/?_fs=16499472459-15218305374&amp;_fsRef=https%3A%2F%2Fwww.suno.com.br%2Fnoticias%2Fradar-engie-egie3-eletrobras-elet3-isa-cteep-trpl4-b3-b3sa3%2F\" target=\"_blank\" rel=\"noreferrer noopener\"><\/a><a href=\"https:\/\/lp.suno.com.br\/cl\/black-friday-suno-2023\/?_fs=16500193927-15219026842&amp;_fsRef=https%3A%2F%2Fwww.suno.com.br%2Fnoticias%2Fradar-prio-prio3-bradespar-brap4-bradesco-bbdc4%2F\" target=\"_blank\" rel=\"noreferrer noopener\"><\/a><a href=\"https:\/\/lp.suno.com.br\/cl\/black-friday-suno-2023\/?_fs=16500193927-15219026842&amp;_fsRef=https%3A%2F%2Fwww.suno.com.br%2Fnoticias%2Fradar-banco-do-brasil-bbas3-ceb-cebr3-cielo-ciel3%2F\" target=\"_blank\" rel=\"noreferrer noopener\"><\/a><a href=\"https:\/\/lp.suno.com.br\/pv\/black-friday-2023\/\" target=\"_blank\" rel=\"noreferrer noopener\"><\/a><a href=\"https:\/\/lp.suno.com.br\/pv\/black-friday-2023\/\" target=\"_blank\" rel=\"noreferrer noopener\"><\/a><a href=\"https:\/\/lp.suno.com.br\/pv\/black-friday-2023\/\" target=\"_blank\" rel=\"noreferrer noopener\"><\/a><a href=\"https:\/\/lp.suno.com.br\/pv\/black-friday-2023\/\" target=\"_blank\" rel=\"noreferrer noopener\"><\/a><a href=\"https:\/\/lp.suno.com.br\/pv\/black-friday-2023\/\" target=\"_blank\" rel=\"noreferrer noopener\"><\/a><a href=\"https:\/\/lp.suno.com.br\/pv\/black-friday-2023\/\" target=\"_blank\" rel=\"noreferrer noopener\"><\/a><a href=\"https:\/\/lp.suno.com.br\/pv\/black-friday-2023\/\" target=\"_blank\" rel=\"noreferrer noopener\"><\/a><a href=\"https:\/\/lp.suno.com.br\/planilha-da-vida-financeira\/\" target=\"_blank\" rel=\"noreferrer noopener\"><\/a><a href=\"https:\/\/lp.suno.com.br\/pv\/black-friday-2023\/\" target=\"_blank\" rel=\"noreferrer noopener\"><\/a><a href=\"https:\/\/lp.suno.com.br\/pv\/black-friday-2023\/\" target=\"_blank\" rel=\"noreferrer noopener\"><\/a><a href=\"https:\/\/lp.suno.com.br\/pv\/black-friday-2023\/\" target=\"_blank\" rel=\"noreferrer noopener\"><\/a><a href=\"https:\/\/lp.suno.com.br\/pv\/black-friday-2023\/\" target=\"_blank\" rel=\"noreferrer noopener\"><\/a><a href=\"https:\/\/lp.suno.com.br\/pv\/black-friday-2023\/\" target=\"_blank\" rel=\"noreferrer noopener\"><\/a><a href=\"https:\/\/lp.suno.com.br\/planilha-da-vida-financeira\/\" target=\"_blank\" rel=\"noreferrer noopener\"><\/a><a href=\"https:\/\/lp.suno.com.br\/planilha-da-vida-financeira\/\" target=\"_blank\" rel=\"noreferrer noopener\"><\/a><a href=\"https:\/\/lp.suno.com.br\/planilha-da-vida-financeira\/\" target=\"_blank\" rel=\"noreferrer noopener\"><\/a><a href=\"https:\/\/lp.suno.com.br\/planilha-da-vida-financeira\/\" target=\"_blank\" rel=\"noreferrer noopener\"><\/a><a href=\"https:\/\/lp.suno.com.br\/planilha-da-vida-financeira\/\" target=\"_blank\" rel=\"noreferrer noopener\"><\/a><a href=\"https:\/\/lp.suno.com.br\/pv\/sr-premium\/trial-1-real\/\" target=\"_blank\" rel=\"noreferrer noopener\"><\/a><a href=\"https:\/\/lp.suno.com.br\/planilha-da-vida-financeira\/\" target=\"_blank\" rel=\"noreferrer noopener\"><\/a><a href=\"https:\/\/lp.suno.com.br\/planilha-da-vida-financeira\/\" target=\"_blank\" rel=\"noreferrer noopener\"><\/a><a href=\"https:\/\/lp.suno.com.br\/planilha-da-vida-financeira\/\" target=\"_blank\" rel=\"noreferrer noopener\"><\/a><a href=\"https:\/\/lp.suno.com.br\/planilha-da-vida-financeira\/\" target=\"_blank\" rel=\"noreferrer noopener\"><\/a><a href=\"https:\/\/lp.suno.com.br\/planilha-da-vida-financeira\/\" target=\"_blank\" rel=\"noreferrer noopener\"><\/a><a href=\"https:\/\/lp.suno.com.br\/planilha-da-vida-financeira\/\" target=\"_blank\" rel=\"noreferrer noopener\"><\/a><a href=\"https:\/\/lp.suno.com.br\/planilha-da-vida-financeira\/\" target=\"_blank\" rel=\"noreferrer noopener\"><\/a><a href=\"https:\/\/lp.suno.com.br\/planilha-da-vida-financeira\/\" target=\"_blank\" rel=\"noreferrer noopener\"><\/a><\/p>\n\n\n\t<p>\n\t\t<a href=\"https:\/\/lp.suno.com.br\/planilha-da-vida-financeira\/\" target=\"_blank\" data-element=\"shortcode-suno-banner\" title=\"Banner SUNO, clique e saiba mais\">\n\t\t\t<picture>\n\t\t\t\t<source media=\"(max-width: 500px)\" srcset=\"https:\/\/files.sunoresearch.com.br\/n\/uploads\/2023\/04\/400x300-Planilha-vida-financeira-true.png\">\n\t\t\t\t<img class=\"newsContent__article__imgCapa newsContent__article__imgCapa--banner\"\n\t\t\t\t\tsrc=\"https:\/\/files.sunoresearch.com.br\/n\/uploads\/2023\/04\/1420x240-Planilha-vida-financeira-true.png\"\n\t\t\t\t\tdata-promo-id=\"383123\"\t\t\t\t\t\t\t\t\t\twidth='1420' height='240'\t\t\t\t\talt=\"https:\/\/files.sunoresearch.com.br\/n\/uploads\/2023\/04\/1420x240-Planilha-vida-financeira-true.png\"\n\t\t\t\t>\n\t\t\t<\/picture>\n\t\t<\/a>\n\t<\/p>\n\n\n","protected":false},"excerpt":{"rendered":"<p>O&nbsp;IRB&nbsp;Brasil (IRBR3)&nbsp;comunicou que a Previ \u2013&nbsp;fundo de previd\u00eancia&nbsp;dos funcion\u00e1rios do Banco do Brasil (BBAS3) \u2013 entrou com um pedido de arbitragem contra a companhia. IRB Brasil (IRBR3): resultados podem pressionar pre\u00e7o das a\u00e7\u00f5es, diz BTG; pap\u00e9is despencam. Foto Divulga\u00e7\u00e3o Al\u00e9m do IRB, tamb\u00e9m s\u00e3o alvos do&nbsp;pedido de arbitragem&nbsp;Fernando Passos e Jos\u00e9 Carlos Cardoso, ambos ex-executivos [&hellip;]<\/p>\n","protected":false},"author":227,"featured_media":130343,"comment_status":"closed","ping_status":"closed","sticky":false,"template":"","format":"standard","meta":[],"categories":[64],"tags":[732,2257,1813,107135,676,1431],"suno_strategy":[],"class_list":["post-506228","post","type-post","status-publish","format-standard","has-post-thumbnail","hentry","category-negocios","tag-banco-do-brasil-bbas3","tag-cogna-cogn3","tag-irb-brasil-irbr3","tag-roxo34","tag-vale-vale3","tag-vivara-viva3"],"yoast_head":"<!-- This site is optimized with the Yoast SEO plugin v24.4 - https:\/\/yoast.com\/wordpress\/plugins\/seo\/ -->\n<title>Radar: Previ entra com pedido de arbitragem contra o IRB (IRBR3), Vivara (VIVA3) bate recorde de vendas e BlackRock passa a deter 10% de a\u00e7\u00f5es ordin\u00e1rias da Cogna (COGN3)<\/title>\n<meta name=\"description\" content=\"Previ entra com pedido de arbitragem contra IRB (IRBR3), Vivara (VIVA3) bate recorde de vendas e Cogna (COGN3) ter\u00e1 parte das a\u00e7\u00f5es detida pela BlackRock\" \/>\n<meta name=\"robots\" content=\"index, follow, max-snippet:-1, max-image-preview:large, max-video-preview:-1\" \/>\n<link rel=\"canonical\" href=\"https:\/\/www.suno.com.br\/noticias\/radar-irb-irbr3-vivara-viva3-cogna-cogn3\/\" \/>\n<meta property=\"og:locale\" content=\"pt_BR\" \/>\n<meta property=\"og:type\" content=\"article\" \/>\n<meta property=\"og:title\" content=\"Radar: Previ entra com pedido de arbitragem contra o IRB (IRBR3), Vivara (VIVA3) bate recorde de vendas e BlackRock passa a deter 10% de a\u00e7\u00f5es ordin\u00e1rias da Cogna (COGN3)\" \/>\n<meta property=\"og:description\" content=\"Previ entra com pedido de arbitragem contra IRB (IRBR3), Vivara (VIVA3) bate recorde de vendas e Cogna (COGN3) ter\u00e1 parte das a\u00e7\u00f5es detida pela BlackRock\" \/>\n<meta property=\"og:url\" content=\"https:\/\/www.suno.com.br\/noticias\/radar-irb-irbr3-vivara-viva3-cogna-cogn3\/\" \/>\n<meta property=\"og:site_name\" content=\"Suno Not\u00edcias\" \/>\n<meta property=\"article:publisher\" content=\"https:\/\/facebook.com\/sunoresearch\" \/>\n<meta property=\"og:image\" content=\"https:\/\/files.sunoresearch.com.br\/n\/uploads\/2021\/03\/62b33688-irb-1.jpg\" \/>\n\t<meta property=\"og:image:width\" content=\"1200\" \/>\n\t<meta property=\"og:image:height\" content=\"800\" \/>\n\t<meta property=\"og:image:type\" content=\"image\/jpeg\" \/>\n<meta name=\"author\" content=\"Vanessa Loiola\" \/>\n<meta name=\"twitter:card\" content=\"summary_large_image\" \/>\n<meta name=\"twitter:creator\" content=\"@sunoresearch\" \/>\n<meta name=\"twitter:site\" content=\"@sunoresearch\" \/>\n<meta name=\"twitter:label1\" content=\"Escrito por\" \/>\n\t<meta name=\"twitter:data1\" content=\"Vanessa Loiola\" \/>\n\t<meta name=\"twitter:label2\" content=\"Est. tempo de leitura\" \/>\n\t<meta name=\"twitter:data2\" content=\"8 minutos\" \/>\n<script type=\"application\/ld+json\" class=\"yoast-schema-graph\">{\"@context\":\"https:\/\/schema.org\",\"@graph\":[{\"@type\":\"NewsArticle\",\"@id\":\"https:\/\/www.suno.com.br\/noticias\/radar-irb-irbr3-vivara-viva3-cogna-cogn3\/#article\",\"isPartOf\":{\"@id\":\"https:\/\/www.suno.com.br\/noticias\/radar-irb-irbr3-vivara-viva3-cogna-cogn3\/\"},\"author\":{\"name\":\"Vanessa Loiola\",\"@id\":\"https:\/\/www.suno.com.br\/noticias\/#\/schema\/person\/450c455ecff319bab1f1a0e643451479\"},\"headline\":\"Radar: Previ entra com pedido de arbitragem contra o IRB (IRBR3), Vivara (VIVA3) bate recorde de vendas e BlackRock passa a deter 10% de a\u00e7\u00f5es ordin\u00e1rias da Cogna (COGN3)\",\"datePublished\":\"2024-01-04T02:00:59+00:00\",\"dateModified\":\"2024-01-04T02:01:11+00:00\",\"mainEntityOfPage\":{\"@id\":\"https:\/\/www.suno.com.br\/noticias\/radar-irb-irbr3-vivara-viva3-cogna-cogn3\/\"},\"wordCount\":1603,\"publisher\":{\"@id\":\"https:\/\/www.suno.com.br\/noticias\/#organization\"},\"image\":{\"@id\":\"https:\/\/www.suno.com.br\/noticias\/radar-irb-irbr3-vivara-viva3-cogna-cogn3\/#primaryimage\"},\"thumbnailUrl\":\"https:\/\/files.sunoresearch.com.br\/n\/uploads\/2021\/03\/62b33688-irb-1-jpg.webp\",\"keywords\":[\"Banco do Brasil (BBAS3)\",\"Cogna (COGN3)\",\"IRB Brasil (IRBR3)\",\"ROXO34\",\"Vale (VALE3)\",\"Vivara (VIVA3)\"],\"articleSection\":[\"Neg\u00f3cios\"],\"inLanguage\":\"pt-BR\"},{\"@type\":\"WebPage\",\"@id\":\"https:\/\/www.suno.com.br\/noticias\/radar-irb-irbr3-vivara-viva3-cogna-cogn3\/\",\"url\":\"https:\/\/www.suno.com.br\/noticias\/radar-irb-irbr3-vivara-viva3-cogna-cogn3\/\",\"name\":\"Radar: Previ entra com pedido de arbitragem contra o IRB (IRBR3), Vivara (VIVA3) bate recorde de vendas e BlackRock passa a deter 10% de a\u00e7\u00f5es ordin\u00e1rias da Cogna (COGN3)\",\"isPartOf\":{\"@id\":\"https:\/\/www.suno.com.br\/noticias\/#website\"},\"primaryImageOfPage\":{\"@id\":\"https:\/\/www.suno.com.br\/noticias\/radar-irb-irbr3-vivara-viva3-cogna-cogn3\/#primaryimage\"},\"image\":{\"@id\":\"https:\/\/www.suno.com.br\/noticias\/radar-irb-irbr3-vivara-viva3-cogna-cogn3\/#primaryimage\"},\"thumbnailUrl\":\"https:\/\/files.sunoresearch.com.br\/n\/uploads\/2021\/03\/62b33688-irb-1-jpg.webp\",\"datePublished\":\"2024-01-04T02:00:59+00:00\",\"dateModified\":\"2024-01-04T02:01:11+00:00\",\"description\":\"Previ entra com pedido de arbitragem contra IRB (IRBR3), Vivara (VIVA3) bate recorde de vendas e Cogna (COGN3) ter\u00e1 parte das a\u00e7\u00f5es detida pela BlackRock\",\"breadcrumb\":{\"@id\":\"https:\/\/www.suno.com.br\/noticias\/radar-irb-irbr3-vivara-viva3-cogna-cogn3\/#breadcrumb\"},\"inLanguage\":\"pt-BR\",\"potentialAction\":[{\"@type\":\"ReadAction\",\"target\":[\"https:\/\/www.suno.com.br\/noticias\/radar-irb-irbr3-vivara-viva3-cogna-cogn3\/\"]}]},{\"@type\":\"ImageObject\",\"inLanguage\":\"pt-BR\",\"@id\":\"https:\/\/www.suno.com.br\/noticias\/radar-irb-irbr3-vivara-viva3-cogna-cogn3\/#primaryimage\",\"url\":\"https:\/\/files.sunoresearch.com.br\/n\/uploads\/2021\/03\/62b33688-irb-1-jpg.webp\",\"contentUrl\":\"https:\/\/files.sunoresearch.com.br\/n\/uploads\/2021\/03\/62b33688-irb-1-jpg.webp\",\"width\":1200,\"height\":800,\"caption\":\"IRB Brasil (IRBR3): resultados podem pressionar pre\u00e7o das a\u00e7\u00f5es, diz BTG; pap\u00e9is despencam. Foto Divulga\u00e7\u00e3o\"},{\"@type\":\"BreadcrumbList\",\"@id\":\"https:\/\/www.suno.com.br\/noticias\/radar-irb-irbr3-vivara-viva3-cogna-cogn3\/#breadcrumb\",\"itemListElement\":[{\"@type\":\"ListItem\",\"position\":1,\"name\":\"Not\u00edcias\",\"item\":\"https:\/\/www.suno.com.br\/noticias\/\"},{\"@type\":\"ListItem\",\"position\":2,\"name\":\"Neg\u00f3cios\",\"item\":\"https:\/\/www.suno.com.br\/noticias\/negocios\/\"},{\"@type\":\"ListItem\",\"position\":3,\"name\":\"Radar: Previ entra com pedido de arbitragem contra o IRB (IRBR3), Vivara (VIVA3) bate recorde de vendas e BlackRock passa a deter 10% de a\u00e7\u00f5es ordin\u00e1rias da Cogna (COGN3)\"}]},{\"@type\":\"WebSite\",\"@id\":\"https:\/\/www.suno.com.br\/noticias\/#website\",\"url\":\"https:\/\/www.suno.com.br\/noticias\/\",\"name\":\"Suno Not\u00edcias\",\"description\":\"Seu portal de informa\u00e7\u00e3o sobre o mundo dos investimentos\",\"publisher\":{\"@id\":\"https:\/\/www.suno.com.br\/noticias\/#organization\"},\"potentialAction\":[{\"@type\":\"SearchAction\",\"target\":{\"@type\":\"EntryPoint\",\"urlTemplate\":\"https:\/\/www.suno.com.br\/noticias\/?s={search_term_string}\"},\"query-input\":{\"@type\":\"PropertyValueSpecification\",\"valueRequired\":true,\"valueName\":\"search_term_string\"}}],\"inLanguage\":\"pt-BR\"},{\"@type\":\"Organization\",\"@id\":\"https:\/\/www.suno.com.br\/noticias\/#organization\",\"name\":\"Suno Not\u00edcias\",\"url\":\"https:\/\/www.suno.com.br\/noticias\/\",\"logo\":{\"@type\":\"ImageObject\",\"inLanguage\":\"pt-BR\",\"@id\":\"https:\/\/www.suno.com.br\/noticias\/#\/schema\/logo\/image\/\",\"url\":\"https:\/\/files.sunoresearch.com.br\/n\/uploads\/2021\/09\/suno-logo.png\",\"contentUrl\":\"https:\/\/files.sunoresearch.com.br\/n\/uploads\/2021\/09\/suno-logo.png\",\"width\":180,\"height\":180,\"caption\":\"Suno Not\u00edcias\"},\"image\":{\"@id\":\"https:\/\/www.suno.com.br\/noticias\/#\/schema\/logo\/image\/\"},\"sameAs\":[\"https:\/\/facebook.com\/sunoresearch\",\"https:\/\/x.com\/sunoresearch\",\"https:\/\/www.instagram.com\/suno\",\"https:\/\/www.linkedin.com\/company\/suno-research\/\",\"https:\/\/www.youtube.com\/c\/sunoresearch\"]},{\"@type\":\"Person\",\"@id\":\"https:\/\/www.suno.com.br\/noticias\/#\/schema\/person\/450c455ecff319bab1f1a0e643451479\",\"name\":\"Vanessa Loiola\",\"image\":{\"@type\":\"ImageObject\",\"inLanguage\":\"pt-BR\",\"@id\":\"https:\/\/www.suno.com.br\/noticias\/#\/schema\/person\/image\/\",\"url\":\"https:\/\/secure.gravatar.com\/avatar\/8b41117f9780831919eb38da349c3f20?s=96&r=g\",\"contentUrl\":\"https:\/\/secure.gravatar.com\/avatar\/8b41117f9780831919eb38da349c3f20?s=96&r=g\",\"caption\":\"Vanessa Loiola\"},\"description\":\"Jornalista formada pela PUC-SP, com experi\u00eancia na cobertura das editorias de economia, finan\u00e7as, bolsa de valores, pol\u00edtica, energia solar e entretenimento. Com passagem pela BM&amp;C News e RedeTV!\",\"url\":\"https:\/\/www.suno.com.br\/noticias\/author\/vanessal-loiolagmail-com\/\"}]}<\/script>\n<!-- \/ Yoast SEO plugin. -->","yoast_head_json":{"title":"Radar: Previ entra com pedido de arbitragem contra o IRB (IRBR3), Vivara (VIVA3) bate recorde de vendas e BlackRock passa a deter 10% de a\u00e7\u00f5es ordin\u00e1rias da Cogna (COGN3)","description":"Previ entra com pedido de arbitragem contra IRB (IRBR3), Vivara (VIVA3) bate recorde de vendas e Cogna (COGN3) ter\u00e1 parte das a\u00e7\u00f5es detida pela BlackRock","robots":{"index":"index","follow":"follow","max-snippet":"max-snippet:-1","max-image-preview":"max-image-preview:large","max-video-preview":"max-video-preview:-1"},"canonical":"https:\/\/www.suno.com.br\/noticias\/radar-irb-irbr3-vivara-viva3-cogna-cogn3\/","og_locale":"pt_BR","og_type":"article","og_title":"Radar: Previ entra com pedido de arbitragem contra o IRB (IRBR3), Vivara (VIVA3) bate recorde de vendas e BlackRock passa a deter 10% de a\u00e7\u00f5es ordin\u00e1rias da Cogna (COGN3)","og_description":"Previ entra com pedido de arbitragem contra IRB (IRBR3), Vivara (VIVA3) bate recorde de vendas e Cogna (COGN3) ter\u00e1 parte das a\u00e7\u00f5es detida pela BlackRock","og_url":"https:\/\/www.suno.com.br\/noticias\/radar-irb-irbr3-vivara-viva3-cogna-cogn3\/","og_site_name":"Suno Not\u00edcias","article_publisher":"https:\/\/facebook.com\/sunoresearch","og_image":[{"width":1200,"height":800,"url":"https:\/\/files.sunoresearch.com.br\/n\/uploads\/2021\/03\/62b33688-irb-1.jpg","type":"image\/jpeg"}],"author":"Vanessa Loiola","twitter_card":"summary_large_image","twitter_creator":"@sunoresearch","twitter_site":"@sunoresearch","twitter_misc":{"Escrito por":"Vanessa Loiola","Est. tempo de leitura":"8 minutos"},"schema":{"@context":"https:\/\/schema.org","@graph":[{"@type":"NewsArticle","@id":"https:\/\/www.suno.com.br\/noticias\/radar-irb-irbr3-vivara-viva3-cogna-cogn3\/#article","isPartOf":{"@id":"https:\/\/www.suno.com.br\/noticias\/radar-irb-irbr3-vivara-viva3-cogna-cogn3\/"},"author":{"name":"Vanessa Loiola","@id":"https:\/\/www.suno.com.br\/noticias\/#\/schema\/person\/450c455ecff319bab1f1a0e643451479"},"headline":"Radar: Previ entra com pedido de arbitragem contra o IRB (IRBR3), Vivara (VIVA3) bate recorde de vendas e BlackRock passa a deter 10% de a\u00e7\u00f5es ordin\u00e1rias da Cogna (COGN3)","datePublished":"2024-01-04T02:00:59+00:00","dateModified":"2024-01-04T02:01:11+00:00","mainEntityOfPage":{"@id":"https:\/\/www.suno.com.br\/noticias\/radar-irb-irbr3-vivara-viva3-cogna-cogn3\/"},"wordCount":1603,"publisher":{"@id":"https:\/\/www.suno.com.br\/noticias\/#organization"},"image":{"@id":"https:\/\/www.suno.com.br\/noticias\/radar-irb-irbr3-vivara-viva3-cogna-cogn3\/#primaryimage"},"thumbnailUrl":"https:\/\/files.sunoresearch.com.br\/n\/uploads\/2021\/03\/62b33688-irb-1-jpg.webp","keywords":["Banco do Brasil (BBAS3)","Cogna (COGN3)","IRB Brasil (IRBR3)","ROXO34","Vale (VALE3)","Vivara (VIVA3)"],"articleSection":["Neg\u00f3cios"],"inLanguage":"pt-BR"},{"@type":"WebPage","@id":"https:\/\/www.suno.com.br\/noticias\/radar-irb-irbr3-vivara-viva3-cogna-cogn3\/","url":"https:\/\/www.suno.com.br\/noticias\/radar-irb-irbr3-vivara-viva3-cogna-cogn3\/","name":"Radar: Previ entra com pedido de arbitragem contra o IRB (IRBR3), Vivara (VIVA3) bate recorde de vendas e BlackRock passa a deter 10% de a\u00e7\u00f5es ordin\u00e1rias da Cogna (COGN3)","isPartOf":{"@id":"https:\/\/www.suno.com.br\/noticias\/#website"},"primaryImageOfPage":{"@id":"https:\/\/www.suno.com.br\/noticias\/radar-irb-irbr3-vivara-viva3-cogna-cogn3\/#primaryimage"},"image":{"@id":"https:\/\/www.suno.com.br\/noticias\/radar-irb-irbr3-vivara-viva3-cogna-cogn3\/#primaryimage"},"thumbnailUrl":"https:\/\/files.sunoresearch.com.br\/n\/uploads\/2021\/03\/62b33688-irb-1-jpg.webp","datePublished":"2024-01-04T02:00:59+00:00","dateModified":"2024-01-04T02:01:11+00:00","description":"Previ entra com pedido de arbitragem contra IRB (IRBR3), Vivara (VIVA3) bate recorde de vendas e Cogna (COGN3) ter\u00e1 parte das a\u00e7\u00f5es detida pela BlackRock","breadcrumb":{"@id":"https:\/\/www.suno.com.br\/noticias\/radar-irb-irbr3-vivara-viva3-cogna-cogn3\/#breadcrumb"},"inLanguage":"pt-BR","potentialAction":[{"@type":"ReadAction","target":["https:\/\/www.suno.com.br\/noticias\/radar-irb-irbr3-vivara-viva3-cogna-cogn3\/"]}]},{"@type":"ImageObject","inLanguage":"pt-BR","@id":"https:\/\/www.suno.com.br\/noticias\/radar-irb-irbr3-vivara-viva3-cogna-cogn3\/#primaryimage","url":"https:\/\/files.sunoresearch.com.br\/n\/uploads\/2021\/03\/62b33688-irb-1-jpg.webp","contentUrl":"https:\/\/files.sunoresearch.com.br\/n\/uploads\/2021\/03\/62b33688-irb-1-jpg.webp","width":1200,"height":800,"caption":"IRB Brasil (IRBR3): resultados podem pressionar pre\u00e7o das a\u00e7\u00f5es, diz BTG; pap\u00e9is despencam. Foto Divulga\u00e7\u00e3o"},{"@type":"BreadcrumbList","@id":"https:\/\/www.suno.com.br\/noticias\/radar-irb-irbr3-vivara-viva3-cogna-cogn3\/#breadcrumb","itemListElement":[{"@type":"ListItem","position":1,"name":"Not\u00edcias","item":"https:\/\/www.suno.com.br\/noticias\/"},{"@type":"ListItem","position":2,"name":"Neg\u00f3cios","item":"https:\/\/www.suno.com.br\/noticias\/negocios\/"},{"@type":"ListItem","position":3,"name":"Radar: Previ entra com pedido de arbitragem contra o IRB (IRBR3), Vivara (VIVA3) bate recorde de vendas e BlackRock passa a deter 10% de a\u00e7\u00f5es ordin\u00e1rias da Cogna (COGN3)"}]},{"@type":"WebSite","@id":"https:\/\/www.suno.com.br\/noticias\/#website","url":"https:\/\/www.suno.com.br\/noticias\/","name":"Suno Not\u00edcias","description":"Seu portal de informa\u00e7\u00e3o sobre o mundo dos investimentos","publisher":{"@id":"https:\/\/www.suno.com.br\/noticias\/#organization"},"potentialAction":[{"@type":"SearchAction","target":{"@type":"EntryPoint","urlTemplate":"https:\/\/www.suno.com.br\/noticias\/?s={search_term_string}"},"query-input":{"@type":"PropertyValueSpecification","valueRequired":true,"valueName":"search_term_string"}}],"inLanguage":"pt-BR"},{"@type":"Organization","@id":"https:\/\/www.suno.com.br\/noticias\/#organization","name":"Suno Not\u00edcias","url":"https:\/\/www.suno.com.br\/noticias\/","logo":{"@type":"ImageObject","inLanguage":"pt-BR","@id":"https:\/\/www.suno.com.br\/noticias\/#\/schema\/logo\/image\/","url":"https:\/\/files.sunoresearch.com.br\/n\/uploads\/2021\/09\/suno-logo.png","contentUrl":"https:\/\/files.sunoresearch.com.br\/n\/uploads\/2021\/09\/suno-logo.png","width":180,"height":180,"caption":"Suno Not\u00edcias"},"image":{"@id":"https:\/\/www.suno.com.br\/noticias\/#\/schema\/logo\/image\/"},"sameAs":["https:\/\/facebook.com\/sunoresearch","https:\/\/x.com\/sunoresearch","https:\/\/www.instagram.com\/suno","https:\/\/www.linkedin.com\/company\/suno-research\/","https:\/\/www.youtube.com\/c\/sunoresearch"]},{"@type":"Person","@id":"https:\/\/www.suno.com.br\/noticias\/#\/schema\/person\/450c455ecff319bab1f1a0e643451479","name":"Vanessa Loiola","image":{"@type":"ImageObject","inLanguage":"pt-BR","@id":"https:\/\/www.suno.com.br\/noticias\/#\/schema\/person\/image\/","url":"https:\/\/secure.gravatar.com\/avatar\/8b41117f9780831919eb38da349c3f20?s=96&r=g","contentUrl":"https:\/\/secure.gravatar.com\/avatar\/8b41117f9780831919eb38da349c3f20?s=96&r=g","caption":"Vanessa Loiola"},"description":"Jornalista formada pela PUC-SP, com experi\u00eancia na cobertura das editorias de economia, finan\u00e7as, bolsa de valores, pol\u00edtica, energia solar e entretenimento. Com passagem pela BM&amp;C News e RedeTV!","url":"https:\/\/www.suno.com.br\/noticias\/author\/vanessal-loiolagmail-com\/"}]}},"default_loop_html":"<div class=\"cardsPage__listCard__boxs\"><div class=\"cardsPage__listCard__boxs__img\"><a href=\"https:\/\/www.suno.com.br\/noticias\/radar-irb-irbr3-vivara-viva3-cogna-cogn3\/\"><img class=\"mask\" src=\"https:\/\/www.suno.com.br\/noticias\/wp-content\/themes\/suno\/resources\/images\/spotlight\/spotlight1img\/bg-mask.png\" alt=\"Image Mask\"\/><img src=\"https:\/\/files.sunoresearch.com.br\/n\/uploads\/2021\/03\/62b33688-irb-1-400x200.webp\" alt=\"Radar: Previ entra com pedido de arbitragem contra o IRB (IRBR3), Vivara (VIVA3) bate recorde de vendas e BlackRock passa a deter 10% de a\u00e7\u00f5es ordin\u00e1rias da Cogna (COGN3)\"\/><\/a><span class=\"spotlightCategory\"><a href=\"https:\/\/www.suno.com.br\/noticias\/negocios\/\">Neg\u00f3cios<\/a><\/span><\/div><div class=\"cardsPage__listCard__boxs__content\"><a href=\"https:\/\/www.suno.com.br\/noticias\/radar-irb-irbr3-vivara-viva3-cogna-cogn3\/\"><h2 class=\"content__title\">Radar: Previ entra com pedido de arbitragem contra o IRB (IRBR3), Vivara (VIVA3) bate recorde de vendas e BlackRock passa a deter 10% de a\u00e7\u00f5es ordin\u00e1rias da Cogna (COGN3)<\/h2><\/a><div class=\"newsContent__article__meta\"><div class=\"newsContent__article__meta__authorBox\"><a href=\"https:\/\/www.suno.com.br\/noticias\/author\/vanessal-loiolagmail-com\/\" class=\"authorBox__avatar noMobi\"><img src=\"https:\/\/secure.gravatar.com\/avatar\/8b41117f9780831919eb38da349c3f20?s=96&#038;r=g\" alt=\"Vanessa Loiola\"><\/a><div class=\"authorBox__name\"><span>por\n\t\t\t<a href=\"https:\/\/www.suno.com.br\/noticias\/author\/vanessal-loiolagmail-com\/\"><span itemprop=\"author\">Vanessa Loiola<\/span><\/a><\/span><time datetime=\"2024-01-03T23:00:59-03:00\" itemprop=\"datePublished\">03\/01\/2024 23:00<\/time><\/div><\/div><\/div><\/div><\/div>","single_layout":"posts","amp_enabled":true,"_links":{"self":[{"href":"https:\/\/www.suno.com.br\/noticias\/wp-json\/wp\/v2\/posts\/506228"}],"collection":[{"href":"https:\/\/www.suno.com.br\/noticias\/wp-json\/wp\/v2\/posts"}],"about":[{"href":"https:\/\/www.suno.com.br\/noticias\/wp-json\/wp\/v2\/types\/post"}],"author":[{"embeddable":true,"href":"https:\/\/www.suno.com.br\/noticias\/wp-json\/wp\/v2\/users\/227"}],"replies":[{"embeddable":true,"href":"https:\/\/www.suno.com.br\/noticias\/wp-json\/wp\/v2\/comments?post=506228"}],"version-history":[{"count":3,"href":"https:\/\/www.suno.com.br\/noticias\/wp-json\/wp\/v2\/posts\/506228\/revisions"}],"predecessor-version":[{"id":506264,"href":"https:\/\/www.suno.com.br\/noticias\/wp-json\/wp\/v2\/posts\/506228\/revisions\/506264"}],"wp:featuredmedia":[{"embeddable":true,"href":"https:\/\/www.suno.com.br\/noticias\/wp-json\/wp\/v2\/media\/130343"}],"wp:attachment":[{"href":"https:\/\/www.suno.com.br\/noticias\/wp-json\/wp\/v2\/media?parent=506228"}],"wp:term":[{"taxonomy":"category","embeddable":true,"href":"https:\/\/www.suno.com.br\/noticias\/wp-json\/wp\/v2\/categories?post=506228"},{"taxonomy":"post_tag","embeddable":true,"href":"https:\/\/www.suno.com.br\/noticias\/wp-json\/wp\/v2\/tags?post=506228"},{"taxonomy":"suno_strategy","embeddable":true,"href":"https:\/\/www.suno.com.br\/noticias\/wp-json\/wp\/v2\/suno_strategy?post=506228"}],"curies":[{"name":"wp","href":"https:\/\/api.w.org\/{rel}","templated":true}]}}