{"id":506105,"date":"2024-01-03T16:52:04","date_gmt":"2024-01-03T19:52:04","guid":{"rendered":"https:\/\/www.suno.com.br\/noticias\/?p=506105"},"modified":"2024-01-03T18:12:01","modified_gmt":"2024-01-03T21:12:01","slug":"fed-dirigentes-ata-taxas-de-juros","status":"publish","type":"post","link":"https:\/\/www.suno.com.br\/noticias\/fed-dirigentes-ata-taxas-de-juros\/","title":{"rendered":"Fed: em ata, dirigentes dizem que taxa de juros est\u00e1 &#8220;no pico ou perto dele&#8221;"},"content":{"rendered":"<p>Os dirigentes do Federal Reserve (<strong>Fed<\/strong>) concordaram que o ciclo de aumento das taxas que come\u00e7ou em 2022 provavelmente chegou ao fim, de acordo com a ata da reuni\u00e3o de dezembro, divulgada nesta quarta-feira, 3. Na vis\u00e3o deles, o n\u00edvel est\u00e1 no &#8220;pico, ou perto dele&#8221;. Segundo o documento, os formuladores de pol\u00edtica apontaram para o abrandamento da infla\u00e7\u00e3o, especialmente para as taxas anualizadas a seis meses, bem como para sinais de que as cadeias de abastecimento est\u00e3o voltando \u00e0 normalidade, e que o <a class=\"suno-keyword\" target=\"_blank\" data-force=\"no\" data-priority=\"2\" href=\"https:\/\/www.suno.com.br\/artigos\/mercado-de-trabalho\/\" rel=\"noopener\">mercado de trabalho<\/a> est\u00e1 come\u00e7ando a relaxar \u00e0 medida que mais pessoas ingressam na for\u00e7a laboral.<\/p>\t<div class=\"wrapper-featured-image\">\n\t\t<figure class=\"spotlightImg\">\n\n\t\t\t<picture>\n\t\t\t\t<source media=\"(max-width: 768px)\" srcset=\"https:\/\/files.sunoresearch.com.br\/n\/uploads\/2022\/03\/fed-400x200.jpg\">\n\t\t\t\t<img loading=\"lazy\" decoding=\"async\" class=\"newsContent__article__imgCapa lazyloadDisabled \" src=\"https:\/\/files.sunoresearch.com.br\/n\/uploads\/2022\/03\/fed-800x450.jpg\" width=\"800\" height=\"450\" alt=\"Fed: em ata, dirigentes dizem que taxa de juros est\u00e1 &#8220;no pico ou perto dele&#8221;\" fetchpriority=high \/>\n\t\t\t<\/picture>\n\n\t\t\t<figcaption class=\"wp-caption-text wp-caption-text--show\">Fed: taxa de juros. Foto: Divulga\u00e7\u00e3o<\/figcaption>\n\t\t<\/figure>\n\t<\/div>\n\n\n\n\n\n\t<p>\n\t\t<a href=\"\" target=\"_blank\" data-element=\"shortcode-suno-banner\" title=\"Banner SUNO, clique e saiba mais\">\n\t\t\t<picture>\n\t\t\t\t<source media=\"(max-width: 500px)\" srcset=\"\">\n\t\t\t\t<img class=\"newsContent__article__imgCapa newsContent__article__imgCapa--banner\"\n\t\t\t\t\tsrc=\"\"\n\t\t\t\t\tdata-promo-id=\"240038\"\t\t\t\t\t\t\t\t\t\t\t\t\t\t\talt=\"\"\n\t\t\t\t>\n\t\t\t<\/picture>\n\t\t<\/a>\n\t<\/p>\n\n\n\n\n\n\n\n<p>Os <strong>dirigentes do Fed<\/strong> tamb\u00e9m disseram que elevar as <strong>taxas de juros<\/strong> acima de 5% reprimiu a demanda do consumidor, permitindo que a infla\u00e7\u00e3o diminu\u00edsse. Eles n\u00e3o discutiram quando come\u00e7ariam os cortes nas taxas. As autoridades do Fed planejaram tr\u00eas cortes nas taxas para 2024.<\/p>\n\n\n\n<p>Os participantes do <strong>encontro do Fed<\/strong> tamb\u00e9m observaram, no entanto, que as suas perspectivas estavam associadas a um grau de incerteza elevado e que era poss\u00edvel que a economia pudesse evoluir de uma forma que tornasse apropriados novos aumentos no intervalo-alvo das taxas.<\/p>\n\n\n\t<p>\n\t\t<a href=\"https:\/\/lp.suno.com.br\/ebook-gratuito-investindo-no-exterior\/\" target=\"_blank\" data-element=\"shortcode-suno-banner\" title=\"Banner SUNO, clique e saiba mais\">\n\t\t\t<picture>\n\t\t\t\t<source media=\"(max-width: 500px)\" srcset=\"https:\/\/files.sunoresearch.com.br\/n\/uploads\/2023\/03\/400x300-Investindo-no-exterior.png\">\n\t\t\t\t<img class=\"newsContent__article__imgCapa newsContent__article__imgCapa--banner\"\n\t\t\t\t\tsrc=\"https:\/\/files.sunoresearch.com.br\/n\/uploads\/2023\/03\/1420x240-Investindo-no-exterior.png\"\n\t\t\t\t\tdata-promo-id=\"383161\"\t\t\t\t\t\t\t\t\t\twidth='1420' height='240'\t\t\t\t\talt=\"https:\/\/files.sunoresearch.com.br\/n\/uploads\/2023\/03\/1420x240-Investindo-no-exterior.png\"\n\t\t\t\t>\n\t\t\t<\/picture>\n\t\t<\/a>\n\t<\/p>\n\n\n\n\n\n<p>Os participantes do encontro observaram que a <strong>infla\u00e7\u00e3o<\/strong> tinha diminu\u00eddo durante o ano passado, mas permaneceu elevada e acima da meta de <a class=\"suno-keyword\" target=\"_blank\" data-force=\"no\" data-priority=\"1\" href=\"https:\/\/www.suno.com.br\/artigos\/longo-prazo\/\" rel=\"noopener\">longo prazo<\/a> de 2%. Os dirigentes observaram que o progresso tinha sido desigual entre componentes, com os pre\u00e7os da energia e dos bens b\u00e1sicos caindo ou mudando pouco recentemente, mas os pre\u00e7os dos servi\u00e7os b\u00e1sicos ainda aumentando em um ritmo elevado.<\/p>\n\n\n\n<p>Os dirigentes do <strong>Fed<\/strong> consideraram geralmente que, em 2024, o crescimento real do PIB americano iria arrefecer e que o reequil\u00edbrio do <a class=\"suno-keyword\" target=\"_blank\" data-force=\"no\" data-priority=\"2\" href=\"https:\/\/www.suno.com.br\/artigos\/mercado-de-trabalho\/\" rel=\"noopener\">mercado de trabalho<\/a> continuaria, com a taxa de desemprego aumentando ligeiramente em rela\u00e7\u00e3o ao seu n\u00edvel atual.<\/p>\n\n\n\n<h2 class=\"wp-block-heading\">Ata do Fed: atividade desacelerou, mas infla\u00e7\u00e3o permanece elevada<\/h2>\n\n\n\n<p>Os dirigentes do Federal Reserve (Fed) concordaram, durante a reuni\u00e3o de <strong>pol\u00edtica monet\u00e1ria<\/strong> de dezembro, que a<strong> atividade econ\u00f4mica dos EUA<\/strong> havia desacelerado do forte ritmo visto no terceiro semestre. As autoridades observaram, no entanto, que a infla\u00e7\u00e3o e o crescimento nos empregos permaneciam elevados, apesar de terem suavizado ao longo do ano. Eles notaram tamb\u00e9m que a taxa de desemprego continuava baixa, segundo consta na ata do encontro.<\/p>\n\n\n\n<p>O documento destaca que os integrantes do Fed mudaram trecho do comunicado para indicar sua vis\u00e3o de que os juros provavelmente chegaram ao pico ou est\u00e3o muito pr\u00f3ximo disso, ao mesmo tempo deixando a porta aberta para eventual aperto adicional, se assim julgarem necess\u00e1rio.<\/p>\n\n\n\n<p>Os membros do Fed concordaram tamb\u00e9m que condi\u00e7\u00f5es financeiras e de cr\u00e9dito mais restritivas para as fam\u00edlias e as empresas provavelmente pesariam sobre a atividade econ\u00f4mica, as contrata\u00e7\u00f5es e a infla\u00e7\u00e3o, mas que a extens\u00e3o destes efeitos era incerta. Eles acertaram que permaneceriam &#8220;extremamente atentos aos riscos de infla\u00e7\u00e3o&#8221;. Eles disseram ainda que o <a class=\"suno-keyword\" target=\"_blank\" data-force=\"no\" data-priority=\"1\" href=\"https:\/\/www.suno.com.br\/artigos\/sistema-bancario\/\" rel=\"noopener\">sistema banc\u00e1rio<\/a> dos EUA era s\u00f3lido e resiliente.<\/p>\n\n\n\n<p>Os dirigentes refor\u00e7aram que continuariam monitorando novos dados e estariam preparados para ajustar a pol\u00edtica conforme for apropriado, &#8220;caso surjam riscos que possam impedir o alcan\u00e7amento das metas&#8221;.<\/p>\n\n\n\n<h2 class=\"wp-block-heading\">Staff via riscos altistas para infla\u00e7\u00e3o e baixistas para atividade dos EUA<\/h2>\n\n\n\n<p>A equipe t\u00e9cnica do Federal Reserve (Fed) avaliou os riscos para a infla\u00e7\u00e3o como altistas, ao apresentar sua revis\u00e3o sobre a economia durante reuni\u00e3o de <a class=\"suno-keyword\" target=\"_blank\" data-force=\"no\" data-priority=\"1\" href=\"https:\/\/www.suno.com.br\/artigos\/politica-monetaria\/\" rel=\"noopener\">pol\u00edtica monet\u00e1ria<\/a> de dezembro. Segundo a <strong>ata do Fed<\/strong> do encontro, o motivo \u00e9 que os pre\u00e7os continuavam elevados e havia a possibilidade de a infla\u00e7\u00e3o se revelar mais persistente que o esperado ou de ocorrerem choques de oferta.<\/p>\n\n\n\n<p>J\u00e1 os riscos para a atividade econ\u00f4mica foram considerados baixistas pelo staff. A pr\u00f3pria possibilidade de aperto monet\u00e1rio adicional foi vista como um risco descendente \u00e0s proje\u00e7\u00f5es de atividade.<\/p>\n\n\n\n<p>No geral, as previs\u00f5es econ\u00f4micas apresentadas em dezembro foram bem parecidas com as da reuni\u00e3o anterior, mostrou a ata divulgada hoje. O documento indicou que o staff continuava esperando desacelera\u00e7\u00e3o acentuada do avan\u00e7o do <a class=\"suno-keyword\" target=\"_blank\" data-force=\"no\" data-priority=\"2\" href=\"https:\/\/www.suno.com.br\/artigos\/pib-produto-interno-bruto\/\" rel=\"noopener\">Produto Interno Bruto (PIB)<\/a> no quarto trimestre de 2023 em rela\u00e7\u00e3o ao terceiro, mas que o crescimento do ano continuaria s\u00f3lido.<\/p>\n\n\n\n<p>&#8220;\u00c9 esperado que os efeitos atrasados das a\u00e7\u00f5es anteriores de pol\u00edtica monet\u00e1ria, atrav\u00e9s da sua contribui\u00e7\u00e3o para a restri\u00e7\u00e3o cont\u00ednua das condi\u00e7\u00f5es financeiras e de cr\u00e9dito, se revelem mais plenamente na conten\u00e7\u00e3o da atividade econ\u00f4mica nos pr\u00f3ximos anos&#8221;, aponta trecho da ata.<\/p>\n\n\n\n<p>O staff revisou para baixo sua proje\u00e7\u00e3o para a infla\u00e7\u00e3o, e avaliou que a infla\u00e7\u00e3o seria menos persistente do que anteriormente projetado. Os t\u00e9cnicos estimavam que o \u00edndice de pre\u00e7os de gastos com consumo (PCE, na sigla em ingl\u00eas) terminaria o ano um pouco abaixo de 3% ao ano, com o n\u00facleo do PCE um pouco acima de 3%. &#8220;\u00c9 esperado que a infla\u00e7\u00e3o diminua nos pr\u00f3ximos anos \u00e0 medida que a demanda e a oferta nos mercados de produtos e de trabalho se alinhem melhor; em 2026, espera-se que a infla\u00e7\u00e3o cheia e subjacente pelo PCE se aproxime de 2%&#8221;, diz a ata.<\/p>\n\n\n\n<h2 class=\"wp-block-heading\">Dados reduziram percep\u00e7\u00e3o de necessidade de pol\u00edtica restritiva<strong>, <\/strong>diz ata<\/h2>\n\n\n\n<p>Durante o per\u00edodo entre reuni\u00f5es, algumas divulga\u00e7\u00f5es de dados mais suaves do que o esperado pareceram diminuir a percep\u00e7\u00e3o entre os investidores de que a pol\u00edtica poder\u00e1 ter de ser ainda mais restritiva, avalia a equipe t\u00e9cnica do Federal Reserve (Fed), segundo a ata do \u00faltimo encontro da autoridade, em dezembro. A publica\u00e7\u00e3o, divulgada hoje, aponta que o staff tamb\u00e9m observou que os participantes no mercado consideraram que as comunica\u00e7\u00f5es sobre pol\u00edtica monet\u00e1ria, em geral, apontavam para uma pol\u00edtica um pouco menos restritiva do que o esperado.<\/p>\n\n\n\n<p>&#8220;Como resultado, os rendimentos nominais do Tesouro diminu\u00edram significativamente e a trajet\u00f3ria impl\u00edcita de mercado esperada para a <strong>taxa dos Fed funds<\/strong> para al\u00e9m dos pr\u00f3ximos meses deslocou-se para baixo&#8221;, indica. J\u00e1 as condi\u00e7\u00f5es de financiamento permaneceram moderadamente restritivas, uma vez que os custos dos empr\u00e9stimos permaneceram elevados, apesar de terem diminu\u00eddo durante o per\u00edodo intermedi\u00e1rio, avalia a equipe.<\/p>\n\n\n\n<p>As condi\u00e7\u00f5es de cr\u00e9dito banc\u00e1rio pareceram ficar um pouco mais restritivas durante o per\u00edodo entre reuni\u00f5es, mas o cr\u00e9dito \u00e0s empresas e \u00e0s fam\u00edlias permaneceu geralmente acess\u00edvel, aponta a equipe. O cr\u00e9dito permaneceu dispon\u00edvel para a maioria dos consumidores, embora os fluxos de cr\u00e9dito ao consumo tenham diminu\u00eddo nos \u00faltimos meses, sugere.<\/p>\n\n\n\n<h2 class=\"wp-block-heading\">Fed: condi\u00e7\u00f5es financeiras ficaram mais relaxadas, no per\u00edodo entre reuni\u00f5es<\/h2>\n\n\n\n<p>As condi\u00e7\u00f5es financeiras nos Estados Unidos reverteram parte do aperto que ocorreu durante o ver\u00e3o local e grande parte do outono, aponta a ata da reuni\u00e3o de <a class=\"suno-keyword\" target=\"_blank\" data-force=\"no\" data-priority=\"1\" href=\"https:\/\/www.suno.com.br\/artigos\/politica-monetaria\/\" rel=\"noopener\">pol\u00edtica monet\u00e1ria<\/a> do Federal Reserve (Fed). Segundo o documento, a subida dos pre\u00e7os das a\u00e7\u00f5es no pa\u00eds foi apoiada pela descida dos rendimentos dos<strong> t\u00edtulos dos Treasuries<\/strong> e pelo crescimento dos lucros. que excedeu as expectativas consensuais. A volatilidade impl\u00edcita nas a\u00e7\u00f5es diminuiu notavelmente, aponta ainda.<\/p>\n\n\n\n<p>Os<strong> rendimentos dos Treasuries<\/strong> diminu\u00edram acentuadamente durante o per\u00edodo entre reuni\u00f5es &#8211; mais ainda em prazos mais longos &#8211; depois de terem aumentado notavelmente durante o per\u00edodo anterior, \u00e0 medida que os investidores pareciam interpretar os dados recebidos como uma redu\u00e7\u00e3o dos riscos de press\u00f5es inflacion\u00e1rias prolongadas, diz a ata. Al\u00e9m disso, os participantes no mercado interpretaram as <strong>comunica\u00e7\u00f5es do Fed <\/strong>como solidificando a opini\u00e3o de que a taxa dos <a class=\"suno-keyword\" target=\"_blank\" data-force=\"no\" data-priority=\"1\" href=\"https:\/\/www.suno.com.br\/artigos\/fed-funds\/\" rel=\"noopener\">Fed funds<\/a> poder\u00e1 estar no seu m\u00e1ximo, diz o documento.<\/p>\n\n\n\n<p>Os inquiridos pela pesquisa do <strong>Fed<\/strong> convergiram em grande parte na opini\u00e3o de que o n\u00edvel m\u00e1ximo dos juros para este ciclo tinha sido atingido. A trajet\u00f3ria apontada pelos entrevistados sugeriu que a primeira redu\u00e7\u00e3o na taxa ocorreria em junho, inalterada em rela\u00e7\u00e3o \u00e0 pesquisa de outubro.<\/p>\n\n\n\n<p><em>Com Estad\u00e3o Conte\u00fado<\/em><\/p>\n\n\n\t<p>\n\t\t<a href=\"https:\/\/lp.suno.com.br\/planilha-da-vida-financeira\/\" target=\"_blank\" data-element=\"shortcode-suno-banner\" title=\"Banner SUNO, clique e saiba mais\">\n\t\t\t<picture>\n\t\t\t\t<source media=\"(max-width: 500px)\" srcset=\"https:\/\/files.sunoresearch.com.br\/n\/uploads\/2023\/04\/400x300-Planilha-vida-financeira-true.png\">\n\t\t\t\t<img class=\"newsContent__article__imgCapa newsContent__article__imgCapa--banner\"\n\t\t\t\t\tsrc=\"https:\/\/files.sunoresearch.com.br\/n\/uploads\/2023\/04\/1420x240-Planilha-vida-financeira-true.png\"\n\t\t\t\t\tdata-promo-id=\"383123\"\t\t\t\t\t\t\t\t\t\twidth='1420' height='240'\t\t\t\t\talt=\"https:\/\/files.sunoresearch.com.br\/n\/uploads\/2023\/04\/1420x240-Planilha-vida-financeira-true.png\"\n\t\t\t\t>\n\t\t\t<\/picture>\n\t\t<\/a>\n\t<\/p>\n\n\n","protected":false},"excerpt":{"rendered":"<p>Os dirigentes do Federal Reserve (Fed) concordaram que o ciclo de aumento das taxas que come\u00e7ou em 2022 provavelmente chegou ao fim, de acordo com a ata da reuni\u00e3o de dezembro, divulgada nesta quarta-feira, 3. Na vis\u00e3o deles, o n\u00edvel est\u00e1 no &#8220;pico, ou perto dele&#8221;. Segundo o documento, os formuladores de pol\u00edtica apontaram para [&hellip;]<\/p>\n","protected":false},"author":43,"featured_media":242171,"comment_status":"closed","ping_status":"closed","sticky":false,"template":"","format":"standard","meta":[],"categories":[62],"tags":[776,1752],"suno_strategy":[],"class_list":["post-506105","post","type-post","status-publish","format-standard","has-post-thumbnail","hentry","category-economia","tag-federal-reseve-fed","tag-taxa-de-juros"],"yoast_head":"<!-- This site is optimized with the Yoast SEO plugin v24.4 - https:\/\/yoast.com\/wordpress\/plugins\/seo\/ -->\n<title>Fed: em ata, dirigentes veem taxa de juros &quot;no pico ou perto dele&quot;<\/title>\n<meta name=\"description\" content=\"Os dirigentes do Federal Reserve (Fed) concordaram que o ciclo de aumento das taxas que come\u00e7ou em 2022 provavelmente chegou ao fim\" \/>\n<meta name=\"robots\" content=\"index, follow, max-snippet:-1, max-image-preview:large, max-video-preview:-1\" \/>\n<link rel=\"canonical\" href=\"https:\/\/www.suno.com.br\/noticias\/fed-dirigentes-ata-taxas-de-juros\/\" \/>\n<meta property=\"og:locale\" content=\"pt_BR\" \/>\n<meta property=\"og:type\" content=\"article\" \/>\n<meta property=\"og:title\" content=\"Fed: em ata, dirigentes veem taxa de juros &quot;no pico ou perto dele&quot;\" \/>\n<meta property=\"og:description\" content=\"Os dirigentes do Federal Reserve (Fed) concordaram que o ciclo de aumento das taxas que come\u00e7ou em 2022 provavelmente chegou ao fim\" \/>\n<meta property=\"og:url\" content=\"https:\/\/www.suno.com.br\/noticias\/fed-dirigentes-ata-taxas-de-juros\/\" \/>\n<meta property=\"og:site_name\" content=\"Suno Not\u00edcias\" \/>\n<meta property=\"article:publisher\" content=\"https:\/\/facebook.com\/sunoresearch\" \/>\n<meta property=\"article:author\" content=\"https:\/\/www.facebook.com\/sunonoticias\/\" \/>\n<meta property=\"og:image\" content=\"https:\/\/files.sunoresearch.com.br\/n\/uploads\/2022\/03\/fed.jpg\" \/>\n\t<meta property=\"og:image:width\" content=\"1200\" \/>\n\t<meta property=\"og:image:height\" content=\"801\" \/>\n\t<meta property=\"og:image:type\" content=\"image\/jpeg\" \/>\n<meta name=\"author\" content=\"Reda\u00e7\u00e3o Suno Not\u00edcias\" \/>\n<meta name=\"twitter:card\" content=\"summary_large_image\" \/>\n<meta name=\"twitter:creator\" content=\"@https:\/\/twitter.com\/sunoresearch\" \/>\n<meta name=\"twitter:site\" content=\"@sunoresearch\" \/>\n<meta name=\"twitter:label1\" content=\"Escrito por\" \/>\n\t<meta name=\"twitter:data1\" content=\"Reda\u00e7\u00e3o Suno Not\u00edcias\" \/>\n\t<meta name=\"twitter:label2\" content=\"Est. tempo de leitura\" \/>\n\t<meta name=\"twitter:data2\" content=\"7 minutos\" \/>\n<script type=\"application\/ld+json\" class=\"yoast-schema-graph\">{\"@context\":\"https:\/\/schema.org\",\"@graph\":[{\"@type\":\"NewsArticle\",\"@id\":\"https:\/\/www.suno.com.br\/noticias\/fed-dirigentes-ata-taxas-de-juros\/#article\",\"isPartOf\":{\"@id\":\"https:\/\/www.suno.com.br\/noticias\/fed-dirigentes-ata-taxas-de-juros\/\"},\"author\":{\"name\":\"Reda\u00e7\u00e3o Suno Not\u00edcias\",\"@id\":\"https:\/\/www.suno.com.br\/noticias\/#\/schema\/person\/c1b1bd3727fa852bd045e9dbff3673ea\"},\"headline\":\"Fed: em ata, dirigentes dizem que taxa de juros est\u00e1 &#8220;no pico ou perto dele&#8221;\",\"datePublished\":\"2024-01-03T19:52:04+00:00\",\"dateModified\":\"2024-01-03T21:12:01+00:00\",\"mainEntityOfPage\":{\"@id\":\"https:\/\/www.suno.com.br\/noticias\/fed-dirigentes-ata-taxas-de-juros\/\"},\"wordCount\":1397,\"publisher\":{\"@id\":\"https:\/\/www.suno.com.br\/noticias\/#organization\"},\"image\":{\"@id\":\"https:\/\/www.suno.com.br\/noticias\/fed-dirigentes-ata-taxas-de-juros\/#primaryimage\"},\"thumbnailUrl\":\"https:\/\/files.sunoresearch.com.br\/n\/uploads\/2022\/03\/fed.jpg\",\"keywords\":[\"Federal Reserve (FED)\",\"taxa de juros\"],\"articleSection\":[\"Economia\"],\"inLanguage\":\"pt-BR\"},{\"@type\":\"WebPage\",\"@id\":\"https:\/\/www.suno.com.br\/noticias\/fed-dirigentes-ata-taxas-de-juros\/\",\"url\":\"https:\/\/www.suno.com.br\/noticias\/fed-dirigentes-ata-taxas-de-juros\/\",\"name\":\"Fed: em ata, dirigentes veem taxa de juros \\\"no pico ou perto dele\\\"\",\"isPartOf\":{\"@id\":\"https:\/\/www.suno.com.br\/noticias\/#website\"},\"primaryImageOfPage\":{\"@id\":\"https:\/\/www.suno.com.br\/noticias\/fed-dirigentes-ata-taxas-de-juros\/#primaryimage\"},\"image\":{\"@id\":\"https:\/\/www.suno.com.br\/noticias\/fed-dirigentes-ata-taxas-de-juros\/#primaryimage\"},\"thumbnailUrl\":\"https:\/\/files.sunoresearch.com.br\/n\/uploads\/2022\/03\/fed.jpg\",\"datePublished\":\"2024-01-03T19:52:04+00:00\",\"dateModified\":\"2024-01-03T21:12:01+00:00\",\"description\":\"Os dirigentes do Federal Reserve (Fed) concordaram que o ciclo de aumento das taxas que come\u00e7ou em 2022 provavelmente chegou ao fim\",\"breadcrumb\":{\"@id\":\"https:\/\/www.suno.com.br\/noticias\/fed-dirigentes-ata-taxas-de-juros\/#breadcrumb\"},\"inLanguage\":\"pt-BR\",\"potentialAction\":[{\"@type\":\"ReadAction\",\"target\":[\"https:\/\/www.suno.com.br\/noticias\/fed-dirigentes-ata-taxas-de-juros\/\"]}]},{\"@type\":\"ImageObject\",\"inLanguage\":\"pt-BR\",\"@id\":\"https:\/\/www.suno.com.br\/noticias\/fed-dirigentes-ata-taxas-de-juros\/#primaryimage\",\"url\":\"https:\/\/files.sunoresearch.com.br\/n\/uploads\/2022\/03\/fed.jpg\",\"contentUrl\":\"https:\/\/files.sunoresearch.com.br\/n\/uploads\/2022\/03\/fed.jpg\",\"width\":1200,\"height\":801,\"caption\":\"Fed: taxa de juros. Foto: Divulga\u00e7\u00e3o\"},{\"@type\":\"BreadcrumbList\",\"@id\":\"https:\/\/www.suno.com.br\/noticias\/fed-dirigentes-ata-taxas-de-juros\/#breadcrumb\",\"itemListElement\":[{\"@type\":\"ListItem\",\"position\":1,\"name\":\"Not\u00edcias\",\"item\":\"https:\/\/www.suno.com.br\/noticias\/\"},{\"@type\":\"ListItem\",\"position\":2,\"name\":\"Economia\",\"item\":\"https:\/\/www.suno.com.br\/noticias\/economia\/\"},{\"@type\":\"ListItem\",\"position\":3,\"name\":\"Fed: em ata, dirigentes dizem que taxa de juros est\u00e1 &#8220;no pico ou perto dele&#8221;\"}]},{\"@type\":\"WebSite\",\"@id\":\"https:\/\/www.suno.com.br\/noticias\/#website\",\"url\":\"https:\/\/www.suno.com.br\/noticias\/\",\"name\":\"Suno Not\u00edcias\",\"description\":\"Seu portal de informa\u00e7\u00e3o sobre o mundo dos investimentos\",\"publisher\":{\"@id\":\"https:\/\/www.suno.com.br\/noticias\/#organization\"},\"potentialAction\":[{\"@type\":\"SearchAction\",\"target\":{\"@type\":\"EntryPoint\",\"urlTemplate\":\"https:\/\/www.suno.com.br\/noticias\/?s={search_term_string}\"},\"query-input\":{\"@type\":\"PropertyValueSpecification\",\"valueRequired\":true,\"valueName\":\"search_term_string\"}}],\"inLanguage\":\"pt-BR\"},{\"@type\":\"Organization\",\"@id\":\"https:\/\/www.suno.com.br\/noticias\/#organization\",\"name\":\"Suno Not\u00edcias\",\"url\":\"https:\/\/www.suno.com.br\/noticias\/\",\"logo\":{\"@type\":\"ImageObject\",\"inLanguage\":\"pt-BR\",\"@id\":\"https:\/\/www.suno.com.br\/noticias\/#\/schema\/logo\/image\/\",\"url\":\"https:\/\/files.sunoresearch.com.br\/n\/uploads\/2021\/09\/suno-logo.png\",\"contentUrl\":\"https:\/\/files.sunoresearch.com.br\/n\/uploads\/2021\/09\/suno-logo.png\",\"width\":180,\"height\":180,\"caption\":\"Suno Not\u00edcias\"},\"image\":{\"@id\":\"https:\/\/www.suno.com.br\/noticias\/#\/schema\/logo\/image\/\"},\"sameAs\":[\"https:\/\/facebook.com\/sunoresearch\",\"https:\/\/x.com\/sunoresearch\",\"https:\/\/www.instagram.com\/suno\",\"https:\/\/www.linkedin.com\/company\/suno-research\/\",\"https:\/\/www.youtube.com\/c\/sunoresearch\"]},{\"@type\":\"Person\",\"@id\":\"https:\/\/www.suno.com.br\/noticias\/#\/schema\/person\/c1b1bd3727fa852bd045e9dbff3673ea\",\"name\":\"Reda\u00e7\u00e3o Suno Not\u00edcias\",\"image\":{\"@type\":\"ImageObject\",\"inLanguage\":\"pt-BR\",\"@id\":\"https:\/\/www.suno.com.br\/noticias\/#\/schema\/person\/image\/\",\"url\":\"https:\/\/secure.gravatar.com\/avatar\/b8104b9b5a71985d5238ee59fbe418af?s=96&r=g\",\"contentUrl\":\"https:\/\/secure.gravatar.com\/avatar\/b8104b9b5a71985d5238ee59fbe418af?s=96&r=g\",\"caption\":\"Reda\u00e7\u00e3o Suno Not\u00edcias\"},\"description\":\"O Suno Not\u00edcias \u00e9 um portal de informa\u00e7\u00f5es sobre Mercado Financeiro, Pol\u00edtica, Neg\u00f3cios, Economia e Finan\u00e7as Pessoais.\",\"sameAs\":[\"https:\/\/www.suno.com.br\/noticias\",\"https:\/\/www.facebook.com\/sunonoticias\/\",\"https:\/\/www.instagram.com\/sunonoticias\/\",\"https:\/\/x.com\/https:\/\/twitter.com\/sunoresearch\",\"https:\/\/www.youtube.com\/sunonoticias\"],\"url\":\"https:\/\/www.suno.com.br\/noticias\/author\/redacao-suno\/\"}]}<\/script>\n<!-- \/ Yoast SEO plugin. -->","yoast_head_json":{"title":"Fed: em ata, dirigentes veem taxa de juros \"no pico ou perto dele\"","description":"Os dirigentes do Federal Reserve (Fed) concordaram que o ciclo de aumento das taxas que come\u00e7ou em 2022 provavelmente chegou ao fim","robots":{"index":"index","follow":"follow","max-snippet":"max-snippet:-1","max-image-preview":"max-image-preview:large","max-video-preview":"max-video-preview:-1"},"canonical":"https:\/\/www.suno.com.br\/noticias\/fed-dirigentes-ata-taxas-de-juros\/","og_locale":"pt_BR","og_type":"article","og_title":"Fed: em ata, dirigentes veem taxa de juros \"no pico ou perto dele\"","og_description":"Os dirigentes do Federal Reserve (Fed) concordaram que o ciclo de aumento das taxas que come\u00e7ou em 2022 provavelmente chegou ao fim","og_url":"https:\/\/www.suno.com.br\/noticias\/fed-dirigentes-ata-taxas-de-juros\/","og_site_name":"Suno Not\u00edcias","article_publisher":"https:\/\/facebook.com\/sunoresearch","article_author":"https:\/\/www.facebook.com\/sunonoticias\/","og_image":[{"width":1200,"height":801,"url":"https:\/\/files.sunoresearch.com.br\/n\/uploads\/2022\/03\/fed.jpg","type":"image\/jpeg"}],"author":"Reda\u00e7\u00e3o Suno Not\u00edcias","twitter_card":"summary_large_image","twitter_creator":"@https:\/\/twitter.com\/sunoresearch","twitter_site":"@sunoresearch","twitter_misc":{"Escrito por":"Reda\u00e7\u00e3o Suno Not\u00edcias","Est. tempo de leitura":"7 minutos"},"schema":{"@context":"https:\/\/schema.org","@graph":[{"@type":"NewsArticle","@id":"https:\/\/www.suno.com.br\/noticias\/fed-dirigentes-ata-taxas-de-juros\/#article","isPartOf":{"@id":"https:\/\/www.suno.com.br\/noticias\/fed-dirigentes-ata-taxas-de-juros\/"},"author":{"name":"Reda\u00e7\u00e3o Suno Not\u00edcias","@id":"https:\/\/www.suno.com.br\/noticias\/#\/schema\/person\/c1b1bd3727fa852bd045e9dbff3673ea"},"headline":"Fed: em ata, dirigentes dizem que taxa de juros est\u00e1 &#8220;no pico ou perto dele&#8221;","datePublished":"2024-01-03T19:52:04+00:00","dateModified":"2024-01-03T21:12:01+00:00","mainEntityOfPage":{"@id":"https:\/\/www.suno.com.br\/noticias\/fed-dirigentes-ata-taxas-de-juros\/"},"wordCount":1397,"publisher":{"@id":"https:\/\/www.suno.com.br\/noticias\/#organization"},"image":{"@id":"https:\/\/www.suno.com.br\/noticias\/fed-dirigentes-ata-taxas-de-juros\/#primaryimage"},"thumbnailUrl":"https:\/\/files.sunoresearch.com.br\/n\/uploads\/2022\/03\/fed.jpg","keywords":["Federal Reserve (FED)","taxa de juros"],"articleSection":["Economia"],"inLanguage":"pt-BR"},{"@type":"WebPage","@id":"https:\/\/www.suno.com.br\/noticias\/fed-dirigentes-ata-taxas-de-juros\/","url":"https:\/\/www.suno.com.br\/noticias\/fed-dirigentes-ata-taxas-de-juros\/","name":"Fed: em ata, dirigentes veem taxa de juros \"no pico ou perto dele\"","isPartOf":{"@id":"https:\/\/www.suno.com.br\/noticias\/#website"},"primaryImageOfPage":{"@id":"https:\/\/www.suno.com.br\/noticias\/fed-dirigentes-ata-taxas-de-juros\/#primaryimage"},"image":{"@id":"https:\/\/www.suno.com.br\/noticias\/fed-dirigentes-ata-taxas-de-juros\/#primaryimage"},"thumbnailUrl":"https:\/\/files.sunoresearch.com.br\/n\/uploads\/2022\/03\/fed.jpg","datePublished":"2024-01-03T19:52:04+00:00","dateModified":"2024-01-03T21:12:01+00:00","description":"Os dirigentes do Federal Reserve (Fed) concordaram que o ciclo de aumento das taxas que come\u00e7ou em 2022 provavelmente chegou ao fim","breadcrumb":{"@id":"https:\/\/www.suno.com.br\/noticias\/fed-dirigentes-ata-taxas-de-juros\/#breadcrumb"},"inLanguage":"pt-BR","potentialAction":[{"@type":"ReadAction","target":["https:\/\/www.suno.com.br\/noticias\/fed-dirigentes-ata-taxas-de-juros\/"]}]},{"@type":"ImageObject","inLanguage":"pt-BR","@id":"https:\/\/www.suno.com.br\/noticias\/fed-dirigentes-ata-taxas-de-juros\/#primaryimage","url":"https:\/\/files.sunoresearch.com.br\/n\/uploads\/2022\/03\/fed.jpg","contentUrl":"https:\/\/files.sunoresearch.com.br\/n\/uploads\/2022\/03\/fed.jpg","width":1200,"height":801,"caption":"Fed: taxa de juros. Foto: Divulga\u00e7\u00e3o"},{"@type":"BreadcrumbList","@id":"https:\/\/www.suno.com.br\/noticias\/fed-dirigentes-ata-taxas-de-juros\/#breadcrumb","itemListElement":[{"@type":"ListItem","position":1,"name":"Not\u00edcias","item":"https:\/\/www.suno.com.br\/noticias\/"},{"@type":"ListItem","position":2,"name":"Economia","item":"https:\/\/www.suno.com.br\/noticias\/economia\/"},{"@type":"ListItem","position":3,"name":"Fed: em ata, dirigentes dizem que taxa de juros est\u00e1 &#8220;no pico ou perto dele&#8221;"}]},{"@type":"WebSite","@id":"https:\/\/www.suno.com.br\/noticias\/#website","url":"https:\/\/www.suno.com.br\/noticias\/","name":"Suno Not\u00edcias","description":"Seu portal de informa\u00e7\u00e3o sobre o mundo dos investimentos","publisher":{"@id":"https:\/\/www.suno.com.br\/noticias\/#organization"},"potentialAction":[{"@type":"SearchAction","target":{"@type":"EntryPoint","urlTemplate":"https:\/\/www.suno.com.br\/noticias\/?s={search_term_string}"},"query-input":{"@type":"PropertyValueSpecification","valueRequired":true,"valueName":"search_term_string"}}],"inLanguage":"pt-BR"},{"@type":"Organization","@id":"https:\/\/www.suno.com.br\/noticias\/#organization","name":"Suno Not\u00edcias","url":"https:\/\/www.suno.com.br\/noticias\/","logo":{"@type":"ImageObject","inLanguage":"pt-BR","@id":"https:\/\/www.suno.com.br\/noticias\/#\/schema\/logo\/image\/","url":"https:\/\/files.sunoresearch.com.br\/n\/uploads\/2021\/09\/suno-logo.png","contentUrl":"https:\/\/files.sunoresearch.com.br\/n\/uploads\/2021\/09\/suno-logo.png","width":180,"height":180,"caption":"Suno Not\u00edcias"},"image":{"@id":"https:\/\/www.suno.com.br\/noticias\/#\/schema\/logo\/image\/"},"sameAs":["https:\/\/facebook.com\/sunoresearch","https:\/\/x.com\/sunoresearch","https:\/\/www.instagram.com\/suno","https:\/\/www.linkedin.com\/company\/suno-research\/","https:\/\/www.youtube.com\/c\/sunoresearch"]},{"@type":"Person","@id":"https:\/\/www.suno.com.br\/noticias\/#\/schema\/person\/c1b1bd3727fa852bd045e9dbff3673ea","name":"Reda\u00e7\u00e3o Suno Not\u00edcias","image":{"@type":"ImageObject","inLanguage":"pt-BR","@id":"https:\/\/www.suno.com.br\/noticias\/#\/schema\/person\/image\/","url":"https:\/\/secure.gravatar.com\/avatar\/b8104b9b5a71985d5238ee59fbe418af?s=96&r=g","contentUrl":"https:\/\/secure.gravatar.com\/avatar\/b8104b9b5a71985d5238ee59fbe418af?s=96&r=g","caption":"Reda\u00e7\u00e3o Suno Not\u00edcias"},"description":"O Suno Not\u00edcias \u00e9 um portal de informa\u00e7\u00f5es sobre Mercado Financeiro, Pol\u00edtica, Neg\u00f3cios, Economia e Finan\u00e7as Pessoais.","sameAs":["https:\/\/www.suno.com.br\/noticias","https:\/\/www.facebook.com\/sunonoticias\/","https:\/\/www.instagram.com\/sunonoticias\/","https:\/\/x.com\/https:\/\/twitter.com\/sunoresearch","https:\/\/www.youtube.com\/sunonoticias"],"url":"https:\/\/www.suno.com.br\/noticias\/author\/redacao-suno\/"}]}},"default_loop_html":"<div class=\"cardsPage__listCard__boxs\"><div class=\"cardsPage__listCard__boxs__img\"><a href=\"https:\/\/www.suno.com.br\/noticias\/fed-dirigentes-ata-taxas-de-juros\/\"><img class=\"mask\" src=\"https:\/\/www.suno.com.br\/noticias\/wp-content\/themes\/suno\/resources\/images\/spotlight\/spotlight1img\/bg-mask.png\" alt=\"Image Mask\"\/><img src=\"https:\/\/files.sunoresearch.com.br\/n\/uploads\/2022\/03\/fed-400x200.jpg\" alt=\"Fed: em ata, dirigentes dizem que taxa de juros est\u00e1 &#8220;no pico ou perto dele&#8221;\"\/><\/a><span class=\"spotlightCategory\"><a href=\"https:\/\/www.suno.com.br\/noticias\/economia\/\">Economia<\/a><\/span><\/div><div class=\"cardsPage__listCard__boxs__content\"><a href=\"https:\/\/www.suno.com.br\/noticias\/fed-dirigentes-ata-taxas-de-juros\/\"><h2 class=\"content__title\">Fed: em ata, dirigentes dizem que taxa de juros est\u00e1 &#8220;no pico ou perto dele&#8221;<\/h2><\/a><div class=\"newsContent__article__meta\"><div class=\"newsContent__article__meta__authorBox\"><a href=\"https:\/\/www.suno.com.br\/noticias\/author\/redacao-suno\/\" class=\"authorBox__avatar noMobi\"><img src=\"https:\/\/files.sunoresearch.com.br\/n\/uploads\/2020\/08\/0ace682d-redacao-1-150x150.webp\" alt=\"Reda\u00e7\u00e3o Suno Not\u00edcias\"><\/a><div class=\"authorBox__name\"><span>por\n\t\t\t<a href=\"https:\/\/www.suno.com.br\/noticias\/author\/redacao-suno\/\"><span itemprop=\"author\">Reda\u00e7\u00e3o Suno Not\u00edcias<\/span><\/a><\/span><time datetime=\"2024-01-03T16:52:04-03:00\" itemprop=\"datePublished\">03\/01\/2024 16:52<\/time><\/div><\/div><\/div><\/div><\/div>","single_layout":"posts","amp_enabled":true,"_links":{"self":[{"href":"https:\/\/www.suno.com.br\/noticias\/wp-json\/wp\/v2\/posts\/506105"}],"collection":[{"href":"https:\/\/www.suno.com.br\/noticias\/wp-json\/wp\/v2\/posts"}],"about":[{"href":"https:\/\/www.suno.com.br\/noticias\/wp-json\/wp\/v2\/types\/post"}],"author":[{"embeddable":true,"href":"https:\/\/www.suno.com.br\/noticias\/wp-json\/wp\/v2\/users\/43"}],"replies":[{"embeddable":true,"href":"https:\/\/www.suno.com.br\/noticias\/wp-json\/wp\/v2\/comments?post=506105"}],"version-history":[{"count":3,"href":"https:\/\/www.suno.com.br\/noticias\/wp-json\/wp\/v2\/posts\/506105\/revisions"}],"predecessor-version":[{"id":506142,"href":"https:\/\/www.suno.com.br\/noticias\/wp-json\/wp\/v2\/posts\/506105\/revisions\/506142"}],"wp:featuredmedia":[{"embeddable":true,"href":"https:\/\/www.suno.com.br\/noticias\/wp-json\/wp\/v2\/media\/242171"}],"wp:attachment":[{"href":"https:\/\/www.suno.com.br\/noticias\/wp-json\/wp\/v2\/media?parent=506105"}],"wp:term":[{"taxonomy":"category","embeddable":true,"href":"https:\/\/www.suno.com.br\/noticias\/wp-json\/wp\/v2\/categories?post=506105"},{"taxonomy":"post_tag","embeddable":true,"href":"https:\/\/www.suno.com.br\/noticias\/wp-json\/wp\/v2\/tags?post=506105"},{"taxonomy":"suno_strategy","embeddable":true,"href":"https:\/\/www.suno.com.br\/noticias\/wp-json\/wp\/v2\/suno_strategy?post=506105"}],"curies":[{"name":"wp","href":"https:\/\/api.w.org\/{rel}","templated":true}]}}