{"id":5060,"date":"2018-10-08T17:55:22","date_gmt":"2018-10-08T20:55:22","guid":{"rendered":"https:\/\/www.suno.com.br\/noticias\/?p=5060"},"modified":"2021-02-18T15:25:31","modified_gmt":"2021-02-18T18:25:31","slug":"animo-bolsonaro-ibovespa-valorizar","status":"publish","type":"post","link":"https:\/\/www.suno.com.br\/noticias\/animo-bolsonaro-ibovespa-valorizar\/","title":{"rendered":"\u00c2nimo com Bolsonaro faz Ibovespa valorizar 4,57%"},"content":{"rendered":"<p>O Ibovespa fechou a segunda-feira com valoriza\u00e7\u00e3o de 4,57% aos 86 mil pontos, frente \u00e0 euforia dos investidores com o resultado do primeiro turno das elei\u00e7\u00f5es \u00e0 Presid\u00eancia, com Jair Bolsonaro (PSL) abrindo ampla vantagem no segundo turno com 46% do votos contra Fernando Haddad (PT) que acabou em 29,2%. Al\u00e9m, disso a bancada do PSL acabou as elei\u00e7\u00f5es elegendo 52 deputados, menor apenas do que a petista.<\/p>\t<div class=\"wrapper-featured-image\">\n\t\t<figure class=\"spotlightImg\">\n\n\t\t\t<picture>\n\t\t\t\t<source media=\"(max-width: 768px)\" srcset=\"https:\/\/files.sunoresearch.com.br\/n\/uploads\/2018\/10\/7ae388cb-ibovespa-2-400x200.webp\">\n\t\t\t\t<img loading=\"lazy\" decoding=\"async\" class=\"newsContent__article__imgCapa lazyloadDisabled newsContent__article__imgCapa--noCaption\" src=\"https:\/\/files.sunoresearch.com.br\/n\/uploads\/2018\/10\/7ae388cb-ibovespa-2-800x450.webp\" width=\"800\" height=\"450\" alt=\"\u00c2nimo com Bolsonaro faz Ibovespa valorizar 4,57%\" fetchpriority=high \/>\n\t\t\t<\/picture>\n\n\t\t\t<figcaption class=\"wp-caption-text wp-caption-text--hide\">O Ibovespa <\/figcaption>\n\t\t<\/figure>\n\t<\/div>\n\n\n<p>O d\u00f3lar comercial fechou com desvaloriza\u00e7\u00e3o de 2,31% com o valor de venda a R$ 3,76.<\/p>\n<p><strong>Corrida \u00e0 Presid\u00eancia<\/strong><\/p>\n<p>O segundo turno das elei\u00e7\u00f5es, como j\u00e1 previsto pelas pesquisas eleitorais, ser\u00e1 entre Jair Bolsonaro e Fernando Haddad. Com 100% das urnas apuradas, o deputado federal alcan\u00e7ou 46,03% dos votos v\u00e1lidos (49.275 milh\u00f5es de votos) e o petista, por sua vez, obteve 29,28% dos votos (31.341 milh\u00f5es de votos).<\/p>\n<p>Os candidatos ficaram bem a frente dos demais presidenci\u00e1veis. O terceiro lugar ficou com o pedetista, Ciro Gomes, com 12,4% dos votos, seguido por Geraldo Alckmin (PSDB) e a grande surpresa das elei\u00e7\u00f5es, Jo\u00e3o Amo\u00eado (NOVO) que acabou com a quarta posi\u00e7\u00e3o sendo o preterido por 2,5% dos votos.<\/p>\n<p>O n\u00famero de absten\u00e7\u00f5es bateu o recorde nas elei\u00e7\u00f5es de 2018. 20% da popula\u00e7\u00e3o apta a votar n\u00e3o compareceu as urnas. O resultado foi maior do que em 2014 quando 19% da popula\u00e7\u00e3o se absteve do direito de votar.<\/p>\n<p>O segundo turno ser\u00e1 realizado no dia 28 de outubro, no \u00faltimo domingo do m\u00eas. O futuro presidente tomar\u00e1 posse na primeira semana de 2019.<\/p>\n<p><strong>A\u00e7\u00f5es em destaque<\/strong><\/p>\n<p>A euforia causada por Jair Bolsonaro elevou os papeis de v\u00e1rias empresas no \u00edndice da B3: Cemig PN (17,46%); Eletrobras On (16,75%); Eletrobras PBN(16,72%); Gol PN N2( 16,53%) apresentaram as maiores altas<\/p>\n","protected":false},"excerpt":{"rendered":"<p>O Ibovespa fechou a segunda-feira com valoriza\u00e7\u00e3o de 4,57% aos 86 mil pontos, frente \u00e0 euforia dos investidores com o resultado do primeiro turno das elei\u00e7\u00f5es \u00e0 Presid\u00eancia, com Jair Bolsonaro (PSL) abrindo ampla vantagem no segundo turno com 46% do votos contra Fernando Haddad (PT) que acabou em 29,2%. Al\u00e9m, disso a bancada do [&hellip;]<\/p>\n","protected":false},"author":6,"featured_media":4749,"comment_status":"closed","ping_status":"closed","sticky":false,"template":"","format":"standard","meta":[],"categories":[60],"tags":[309],"suno_strategy":[],"class_list":["post-5060","post","type-post","status-publish","format-standard","has-post-thumbnail","hentry","category-mercado","tag-bolsa-de-valores"],"yoast_head":"<!-- This site is optimized with the Yoast SEO plugin v24.4 - https:\/\/yoast.com\/wordpress\/plugins\/seo\/ -->\n<title>\u00c2nimo com Bolsonaro faz Ibovespa valorizar 4,57%<\/title>\n<meta name=\"description\" content=\"O d\u00f3lar comercial fechou com desvaloriza\u00e7\u00e3o de 2,31% com o valor de venda a R$ 3,76.Clique e saiba mais.\" \/>\n<meta name=\"robots\" content=\"index, follow, max-snippet:-1, max-image-preview:large, max-video-preview:-1\" \/>\n<link rel=\"canonical\" href=\"https:\/\/www.suno.com.br\/noticias\/animo-bolsonaro-ibovespa-valorizar\/\" \/>\n<meta property=\"og:locale\" content=\"pt_BR\" \/>\n<meta property=\"og:type\" content=\"article\" \/>\n<meta property=\"og:title\" content=\"\u00c2nimo com Bolsonaro faz Ibovespa valorizar 4,57%\" \/>\n<meta property=\"og:description\" content=\"O d\u00f3lar comercial fechou com desvaloriza\u00e7\u00e3o de 2,31% com o valor de venda a R$ 3,76.Clique e saiba mais.\" \/>\n<meta property=\"og:url\" content=\"https:\/\/www.suno.com.br\/noticias\/animo-bolsonaro-ibovespa-valorizar\/\" \/>\n<meta property=\"og:site_name\" content=\"Suno Not\u00edcias\" \/>\n<meta property=\"article:publisher\" content=\"https:\/\/facebook.com\/sunoresearch\" \/>\n<meta property=\"article:author\" content=\"https:\/\/www.linkedin.com\/in\/paulo-jaschke-328221168\/\" \/>\n<meta property=\"og:image\" content=\"https:\/\/files.sunoresearch.com.br\/n\/uploads\/2018\/10\/7ae388cb-ibovespa-2.jpg\" \/>\n\t<meta property=\"og:image:width\" content=\"1920\" \/>\n\t<meta property=\"og:image:height\" content=\"1078\" \/>\n\t<meta property=\"og:image:type\" content=\"image\/jpeg\" \/>\n<meta name=\"author\" content=\"Paulo Jaschke\" \/>\n<meta name=\"twitter:card\" content=\"summary_large_image\" \/>\n<meta name=\"twitter:creator\" content=\"@sunoresearch\" \/>\n<meta name=\"twitter:site\" content=\"@sunoresearch\" \/>\n<meta name=\"twitter:label1\" content=\"Escrito por\" \/>\n\t<meta name=\"twitter:data1\" content=\"Paulo Jaschke\" \/>\n\t<meta name=\"twitter:label2\" content=\"Est. tempo de leitura\" \/>\n\t<meta name=\"twitter:data2\" content=\"1 minuto\" \/>\n<script type=\"application\/ld+json\" class=\"yoast-schema-graph\">{\"@context\":\"https:\/\/schema.org\",\"@graph\":[{\"@type\":\"NewsArticle\",\"@id\":\"https:\/\/www.suno.com.br\/noticias\/animo-bolsonaro-ibovespa-valorizar\/#article\",\"isPartOf\":{\"@id\":\"https:\/\/www.suno.com.br\/noticias\/animo-bolsonaro-ibovespa-valorizar\/\"},\"author\":{\"name\":\"Paulo Jaschke\",\"@id\":\"https:\/\/www.suno.com.br\/noticias\/#\/schema\/person\/edc78e26bff487bcad4a7d5e75ca2938\"},\"headline\":\"\u00c2nimo com Bolsonaro faz Ibovespa valorizar 4,57%\",\"datePublished\":\"2018-10-08T20:55:22+00:00\",\"dateModified\":\"2021-02-18T18:25:31+00:00\",\"mainEntityOfPage\":{\"@id\":\"https:\/\/www.suno.com.br\/noticias\/animo-bolsonaro-ibovespa-valorizar\/\"},\"wordCount\":291,\"publisher\":{\"@id\":\"https:\/\/www.suno.com.br\/noticias\/#organization\"},\"image\":{\"@id\":\"https:\/\/www.suno.com.br\/noticias\/animo-bolsonaro-ibovespa-valorizar\/#primaryimage\"},\"thumbnailUrl\":\"https:\/\/files.sunoresearch.com.br\/n\/uploads\/2018\/10\/7ae388cb-ibovespa-2-jpg.webp\",\"keywords\":[\"Bolsa de Valores\"],\"articleSection\":[\"Mercado\"],\"inLanguage\":\"pt-BR\"},{\"@type\":\"WebPage\",\"@id\":\"https:\/\/www.suno.com.br\/noticias\/animo-bolsonaro-ibovespa-valorizar\/\",\"url\":\"https:\/\/www.suno.com.br\/noticias\/animo-bolsonaro-ibovespa-valorizar\/\",\"name\":\"\u00c2nimo com Bolsonaro faz Ibovespa valorizar 4,57%\",\"isPartOf\":{\"@id\":\"https:\/\/www.suno.com.br\/noticias\/#website\"},\"primaryImageOfPage\":{\"@id\":\"https:\/\/www.suno.com.br\/noticias\/animo-bolsonaro-ibovespa-valorizar\/#primaryimage\"},\"image\":{\"@id\":\"https:\/\/www.suno.com.br\/noticias\/animo-bolsonaro-ibovespa-valorizar\/#primaryimage\"},\"thumbnailUrl\":\"https:\/\/files.sunoresearch.com.br\/n\/uploads\/2018\/10\/7ae388cb-ibovespa-2-jpg.webp\",\"datePublished\":\"2018-10-08T20:55:22+00:00\",\"dateModified\":\"2021-02-18T18:25:31+00:00\",\"description\":\"O d\u00f3lar comercial fechou com desvaloriza\u00e7\u00e3o de 2,31% com o valor de venda a R$ 3,76.Clique e saiba mais.\",\"breadcrumb\":{\"@id\":\"https:\/\/www.suno.com.br\/noticias\/animo-bolsonaro-ibovespa-valorizar\/#breadcrumb\"},\"inLanguage\":\"pt-BR\",\"potentialAction\":[{\"@type\":\"ReadAction\",\"target\":[\"https:\/\/www.suno.com.br\/noticias\/animo-bolsonaro-ibovespa-valorizar\/\"]}]},{\"@type\":\"ImageObject\",\"inLanguage\":\"pt-BR\",\"@id\":\"https:\/\/www.suno.com.br\/noticias\/animo-bolsonaro-ibovespa-valorizar\/#primaryimage\",\"url\":\"https:\/\/files.sunoresearch.com.br\/n\/uploads\/2018\/10\/7ae388cb-ibovespa-2-jpg.webp\",\"contentUrl\":\"https:\/\/files.sunoresearch.com.br\/n\/uploads\/2018\/10\/7ae388cb-ibovespa-2-jpg.webp\",\"width\":1920,\"height\":1078,\"caption\":\"O Ibovespa\"},{\"@type\":\"BreadcrumbList\",\"@id\":\"https:\/\/www.suno.com.br\/noticias\/animo-bolsonaro-ibovespa-valorizar\/#breadcrumb\",\"itemListElement\":[{\"@type\":\"ListItem\",\"position\":1,\"name\":\"Not\u00edcias\",\"item\":\"https:\/\/www.suno.com.br\/noticias\/\"},{\"@type\":\"ListItem\",\"position\":2,\"name\":\"Mercado\",\"item\":\"https:\/\/www.suno.com.br\/noticias\/mercado\/\"},{\"@type\":\"ListItem\",\"position\":3,\"name\":\"\u00c2nimo com Bolsonaro faz Ibovespa valorizar 4,57%\"}]},{\"@type\":\"WebSite\",\"@id\":\"https:\/\/www.suno.com.br\/noticias\/#website\",\"url\":\"https:\/\/www.suno.com.br\/noticias\/\",\"name\":\"Suno Not\u00edcias\",\"description\":\"Seu portal de informa\u00e7\u00e3o sobre o mundo dos investimentos\",\"publisher\":{\"@id\":\"https:\/\/www.suno.com.br\/noticias\/#organization\"},\"potentialAction\":[{\"@type\":\"SearchAction\",\"target\":{\"@type\":\"EntryPoint\",\"urlTemplate\":\"https:\/\/www.suno.com.br\/noticias\/?s={search_term_string}\"},\"query-input\":{\"@type\":\"PropertyValueSpecification\",\"valueRequired\":true,\"valueName\":\"search_term_string\"}}],\"inLanguage\":\"pt-BR\"},{\"@type\":\"Organization\",\"@id\":\"https:\/\/www.suno.com.br\/noticias\/#organization\",\"name\":\"Suno Not\u00edcias\",\"url\":\"https:\/\/www.suno.com.br\/noticias\/\",\"logo\":{\"@type\":\"ImageObject\",\"inLanguage\":\"pt-BR\",\"@id\":\"https:\/\/www.suno.com.br\/noticias\/#\/schema\/logo\/image\/\",\"url\":\"https:\/\/files.sunoresearch.com.br\/n\/uploads\/2021\/09\/suno-logo.png\",\"contentUrl\":\"https:\/\/files.sunoresearch.com.br\/n\/uploads\/2021\/09\/suno-logo.png\",\"width\":180,\"height\":180,\"caption\":\"Suno Not\u00edcias\"},\"image\":{\"@id\":\"https:\/\/www.suno.com.br\/noticias\/#\/schema\/logo\/image\/\"},\"sameAs\":[\"https:\/\/facebook.com\/sunoresearch\",\"https:\/\/x.com\/sunoresearch\",\"https:\/\/www.instagram.com\/suno\",\"https:\/\/www.linkedin.com\/company\/suno-research\/\",\"https:\/\/www.youtube.com\/c\/sunoresearch\"]},{\"@type\":\"Person\",\"@id\":\"https:\/\/www.suno.com.br\/noticias\/#\/schema\/person\/edc78e26bff487bcad4a7d5e75ca2938\",\"name\":\"Paulo Jaschke\",\"image\":{\"@type\":\"ImageObject\",\"inLanguage\":\"pt-BR\",\"@id\":\"https:\/\/www.suno.com.br\/noticias\/#\/schema\/person\/image\/\",\"url\":\"https:\/\/secure.gravatar.com\/avatar\/d866ede420b0a0e4741620ba27841b8f?s=96&r=g\",\"contentUrl\":\"https:\/\/secure.gravatar.com\/avatar\/d866ede420b0a0e4741620ba27841b8f?s=96&r=g\",\"caption\":\"Paulo Jaschke\"},\"description\":\"Paulo Jaschke \u00e9 estudante de jornalismo na ESPM-SP. Escreve sobre o mercado financeiro, economia e pol\u00edtica internacional para o portal da Suno Research. Tamb\u00e9m escreve sobre economia internacional na ag\u00eancia CMA e \u00e9 rep\u00f3rter esportivo pela Web r\u00e1dio EsportesNet. Em 2018, foi rep\u00f3rter esportivo pela R\u00e1dio ESPM na Copa do Mundo 2018 e escreveu para a Revista Plural ESPM.\",\"sameAs\":[\"https:\/\/www.suno.com.br\/\",\"https:\/\/www.linkedin.com\/in\/paulo-jaschke-328221168\/\"],\"url\":\"https:\/\/www.suno.com.br\/noticias\/author\/paulo-jaschke\/\"}]}<\/script>\n<!-- \/ Yoast SEO plugin. -->","yoast_head_json":{"title":"\u00c2nimo com Bolsonaro faz Ibovespa valorizar 4,57%","description":"O d\u00f3lar comercial fechou com desvaloriza\u00e7\u00e3o de 2,31% com o valor de venda a R$ 3,76.Clique e saiba mais.","robots":{"index":"index","follow":"follow","max-snippet":"max-snippet:-1","max-image-preview":"max-image-preview:large","max-video-preview":"max-video-preview:-1"},"canonical":"https:\/\/www.suno.com.br\/noticias\/animo-bolsonaro-ibovespa-valorizar\/","og_locale":"pt_BR","og_type":"article","og_title":"\u00c2nimo com Bolsonaro faz Ibovespa valorizar 4,57%","og_description":"O d\u00f3lar comercial fechou com desvaloriza\u00e7\u00e3o de 2,31% com o valor de venda a R$ 3,76.Clique e saiba mais.","og_url":"https:\/\/www.suno.com.br\/noticias\/animo-bolsonaro-ibovespa-valorizar\/","og_site_name":"Suno Not\u00edcias","article_publisher":"https:\/\/facebook.com\/sunoresearch","article_author":"https:\/\/www.linkedin.com\/in\/paulo-jaschke-328221168\/","og_image":[{"width":1920,"height":1078,"url":"https:\/\/files.sunoresearch.com.br\/n\/uploads\/2018\/10\/7ae388cb-ibovespa-2.jpg","type":"image\/jpeg"}],"author":"Paulo Jaschke","twitter_card":"summary_large_image","twitter_creator":"@sunoresearch","twitter_site":"@sunoresearch","twitter_misc":{"Escrito por":"Paulo Jaschke","Est. tempo de leitura":"1 minuto"},"schema":{"@context":"https:\/\/schema.org","@graph":[{"@type":"NewsArticle","@id":"https:\/\/www.suno.com.br\/noticias\/animo-bolsonaro-ibovespa-valorizar\/#article","isPartOf":{"@id":"https:\/\/www.suno.com.br\/noticias\/animo-bolsonaro-ibovespa-valorizar\/"},"author":{"name":"Paulo Jaschke","@id":"https:\/\/www.suno.com.br\/noticias\/#\/schema\/person\/edc78e26bff487bcad4a7d5e75ca2938"},"headline":"\u00c2nimo com Bolsonaro faz Ibovespa valorizar 4,57%","datePublished":"2018-10-08T20:55:22+00:00","dateModified":"2021-02-18T18:25:31+00:00","mainEntityOfPage":{"@id":"https:\/\/www.suno.com.br\/noticias\/animo-bolsonaro-ibovespa-valorizar\/"},"wordCount":291,"publisher":{"@id":"https:\/\/www.suno.com.br\/noticias\/#organization"},"image":{"@id":"https:\/\/www.suno.com.br\/noticias\/animo-bolsonaro-ibovespa-valorizar\/#primaryimage"},"thumbnailUrl":"https:\/\/files.sunoresearch.com.br\/n\/uploads\/2018\/10\/7ae388cb-ibovespa-2-jpg.webp","keywords":["Bolsa de Valores"],"articleSection":["Mercado"],"inLanguage":"pt-BR"},{"@type":"WebPage","@id":"https:\/\/www.suno.com.br\/noticias\/animo-bolsonaro-ibovespa-valorizar\/","url":"https:\/\/www.suno.com.br\/noticias\/animo-bolsonaro-ibovespa-valorizar\/","name":"\u00c2nimo com Bolsonaro faz Ibovespa valorizar 4,57%","isPartOf":{"@id":"https:\/\/www.suno.com.br\/noticias\/#website"},"primaryImageOfPage":{"@id":"https:\/\/www.suno.com.br\/noticias\/animo-bolsonaro-ibovespa-valorizar\/#primaryimage"},"image":{"@id":"https:\/\/www.suno.com.br\/noticias\/animo-bolsonaro-ibovespa-valorizar\/#primaryimage"},"thumbnailUrl":"https:\/\/files.sunoresearch.com.br\/n\/uploads\/2018\/10\/7ae388cb-ibovespa-2-jpg.webp","datePublished":"2018-10-08T20:55:22+00:00","dateModified":"2021-02-18T18:25:31+00:00","description":"O d\u00f3lar comercial fechou com desvaloriza\u00e7\u00e3o de 2,31% com o valor de venda a R$ 3,76.Clique e saiba mais.","breadcrumb":{"@id":"https:\/\/www.suno.com.br\/noticias\/animo-bolsonaro-ibovespa-valorizar\/#breadcrumb"},"inLanguage":"pt-BR","potentialAction":[{"@type":"ReadAction","target":["https:\/\/www.suno.com.br\/noticias\/animo-bolsonaro-ibovespa-valorizar\/"]}]},{"@type":"ImageObject","inLanguage":"pt-BR","@id":"https:\/\/www.suno.com.br\/noticias\/animo-bolsonaro-ibovespa-valorizar\/#primaryimage","url":"https:\/\/files.sunoresearch.com.br\/n\/uploads\/2018\/10\/7ae388cb-ibovespa-2-jpg.webp","contentUrl":"https:\/\/files.sunoresearch.com.br\/n\/uploads\/2018\/10\/7ae388cb-ibovespa-2-jpg.webp","width":1920,"height":1078,"caption":"O Ibovespa"},{"@type":"BreadcrumbList","@id":"https:\/\/www.suno.com.br\/noticias\/animo-bolsonaro-ibovespa-valorizar\/#breadcrumb","itemListElement":[{"@type":"ListItem","position":1,"name":"Not\u00edcias","item":"https:\/\/www.suno.com.br\/noticias\/"},{"@type":"ListItem","position":2,"name":"Mercado","item":"https:\/\/www.suno.com.br\/noticias\/mercado\/"},{"@type":"ListItem","position":3,"name":"\u00c2nimo com Bolsonaro faz Ibovespa valorizar 4,57%"}]},{"@type":"WebSite","@id":"https:\/\/www.suno.com.br\/noticias\/#website","url":"https:\/\/www.suno.com.br\/noticias\/","name":"Suno Not\u00edcias","description":"Seu portal de informa\u00e7\u00e3o sobre o mundo dos investimentos","publisher":{"@id":"https:\/\/www.suno.com.br\/noticias\/#organization"},"potentialAction":[{"@type":"SearchAction","target":{"@type":"EntryPoint","urlTemplate":"https:\/\/www.suno.com.br\/noticias\/?s={search_term_string}"},"query-input":{"@type":"PropertyValueSpecification","valueRequired":true,"valueName":"search_term_string"}}],"inLanguage":"pt-BR"},{"@type":"Organization","@id":"https:\/\/www.suno.com.br\/noticias\/#organization","name":"Suno Not\u00edcias","url":"https:\/\/www.suno.com.br\/noticias\/","logo":{"@type":"ImageObject","inLanguage":"pt-BR","@id":"https:\/\/www.suno.com.br\/noticias\/#\/schema\/logo\/image\/","url":"https:\/\/files.sunoresearch.com.br\/n\/uploads\/2021\/09\/suno-logo.png","contentUrl":"https:\/\/files.sunoresearch.com.br\/n\/uploads\/2021\/09\/suno-logo.png","width":180,"height":180,"caption":"Suno Not\u00edcias"},"image":{"@id":"https:\/\/www.suno.com.br\/noticias\/#\/schema\/logo\/image\/"},"sameAs":["https:\/\/facebook.com\/sunoresearch","https:\/\/x.com\/sunoresearch","https:\/\/www.instagram.com\/suno","https:\/\/www.linkedin.com\/company\/suno-research\/","https:\/\/www.youtube.com\/c\/sunoresearch"]},{"@type":"Person","@id":"https:\/\/www.suno.com.br\/noticias\/#\/schema\/person\/edc78e26bff487bcad4a7d5e75ca2938","name":"Paulo Jaschke","image":{"@type":"ImageObject","inLanguage":"pt-BR","@id":"https:\/\/www.suno.com.br\/noticias\/#\/schema\/person\/image\/","url":"https:\/\/secure.gravatar.com\/avatar\/d866ede420b0a0e4741620ba27841b8f?s=96&r=g","contentUrl":"https:\/\/secure.gravatar.com\/avatar\/d866ede420b0a0e4741620ba27841b8f?s=96&r=g","caption":"Paulo Jaschke"},"description":"Paulo Jaschke \u00e9 estudante de jornalismo na ESPM-SP. Escreve sobre o mercado financeiro, economia e pol\u00edtica internacional para o portal da Suno Research. Tamb\u00e9m escreve sobre economia internacional na ag\u00eancia CMA e \u00e9 rep\u00f3rter esportivo pela Web r\u00e1dio EsportesNet. Em 2018, foi rep\u00f3rter esportivo pela R\u00e1dio ESPM na Copa do Mundo 2018 e escreveu para a Revista Plural ESPM.","sameAs":["https:\/\/www.suno.com.br\/","https:\/\/www.linkedin.com\/in\/paulo-jaschke-328221168\/"],"url":"https:\/\/www.suno.com.br\/noticias\/author\/paulo-jaschke\/"}]}},"default_loop_html":"<div class=\"cardsPage__listCard__boxs\"><div class=\"cardsPage__listCard__boxs__img\"><a href=\"https:\/\/www.suno.com.br\/noticias\/animo-bolsonaro-ibovespa-valorizar\/\"><img class=\"mask\" src=\"https:\/\/www.suno.com.br\/noticias\/wp-content\/themes\/suno\/resources\/images\/spotlight\/spotlight1img\/bg-mask.png\" alt=\"Image Mask\"\/><img src=\"https:\/\/files.sunoresearch.com.br\/n\/uploads\/2018\/10\/7ae388cb-ibovespa-2-400x200.webp\" alt=\"\u00c2nimo com Bolsonaro faz Ibovespa valorizar 4,57%\"\/><\/a><span class=\"spotlightCategory\"><a href=\"https:\/\/www.suno.com.br\/noticias\/mercado\/\">Mercado<\/a><\/span><\/div><div class=\"cardsPage__listCard__boxs__content\"><a href=\"https:\/\/www.suno.com.br\/noticias\/animo-bolsonaro-ibovespa-valorizar\/\"><h2 class=\"content__title\">\u00c2nimo com Bolsonaro faz Ibovespa valorizar 4,57%<\/h2><\/a><div class=\"newsContent__article__meta\"><div class=\"newsContent__article__meta__authorBox\"><a href=\"https:\/\/www.suno.com.br\/noticias\/author\/paulo-jaschke\/\" class=\"authorBox__avatar noMobi\"><img src=\"https:\/\/secure.gravatar.com\/avatar\/d866ede420b0a0e4741620ba27841b8f?s=96&#038;r=g\" alt=\"Paulo Jaschke\"><\/a><div class=\"authorBox__name\"><span>por\n\t\t\t<a href=\"https:\/\/www.suno.com.br\/noticias\/author\/paulo-jaschke\/\"><span itemprop=\"author\">Paulo Jaschke<\/span><\/a><\/span><time datetime=\"2018-10-08T17:55:22-03:00\" itemprop=\"datePublished\">08\/10\/2018 17:55<\/time><\/div><\/div><\/div><\/div><\/div>","single_layout":"posts","amp_enabled":true,"_links":{"self":[{"href":"https:\/\/www.suno.com.br\/noticias\/wp-json\/wp\/v2\/posts\/5060"}],"collection":[{"href":"https:\/\/www.suno.com.br\/noticias\/wp-json\/wp\/v2\/posts"}],"about":[{"href":"https:\/\/www.suno.com.br\/noticias\/wp-json\/wp\/v2\/types\/post"}],"author":[{"embeddable":true,"href":"https:\/\/www.suno.com.br\/noticias\/wp-json\/wp\/v2\/users\/6"}],"replies":[{"embeddable":true,"href":"https:\/\/www.suno.com.br\/noticias\/wp-json\/wp\/v2\/comments?post=5060"}],"version-history":[{"count":0,"href":"https:\/\/www.suno.com.br\/noticias\/wp-json\/wp\/v2\/posts\/5060\/revisions"}],"wp:featuredmedia":[{"embeddable":true,"href":"https:\/\/www.suno.com.br\/noticias\/wp-json\/wp\/v2\/media\/4749"}],"wp:attachment":[{"href":"https:\/\/www.suno.com.br\/noticias\/wp-json\/wp\/v2\/media?parent=5060"}],"wp:term":[{"taxonomy":"category","embeddable":true,"href":"https:\/\/www.suno.com.br\/noticias\/wp-json\/wp\/v2\/categories?post=5060"},{"taxonomy":"post_tag","embeddable":true,"href":"https:\/\/www.suno.com.br\/noticias\/wp-json\/wp\/v2\/tags?post=5060"},{"taxonomy":"suno_strategy","embeddable":true,"href":"https:\/\/www.suno.com.br\/noticias\/wp-json\/wp\/v2\/suno_strategy?post=5060"}],"curies":[{"name":"wp","href":"https:\/\/api.w.org\/{rel}","templated":true}]}}