{"id":505582,"date":"2024-01-02T15:28:16","date_gmt":"2024-01-02T18:28:16","guid":{"rendered":"https:\/\/www.suno.com.br\/noticias\/?p=505582"},"modified":"2024-01-02T15:29:11","modified_gmt":"2024-01-02T18:29:11","slug":"gasolina-diesel-entram-2024-paridade-mercado-internacional-abicom-va","status":"publish","type":"post","link":"https:\/\/www.suno.com.br\/noticias\/gasolina-diesel-entram-2024-paridade-mercado-internacional-abicom-va\/","title":{"rendered":"Gasolina e diesel entram em 2024 com valores pr\u00f3ximos ao mercado internacional, diz Abicom"},"content":{"rendered":"<p>Os pre\u00e7os da <strong>gasolina<\/strong> e do diesel no Brasil entraram em 2024 praticamente em paridade com os pre\u00e7os do mercado internacional, segundo dados da Associa\u00e7\u00e3o Brasileira dos Importadores de Combust\u00edveis (Abicom), que, no entanto, v\u00ea janelas abertas apenas para a compra de gasolina, que est\u00e1 h\u00e1 74 dias sem reajuste nas refinarias da <a class=\"suno-keyword\" target=\"_blank\" data-force=\"yes\" data-priority=\"2\" href=\"https:\/\/www.suno.com.br\/acoes\/PETR4\/\" rel=\"noopener\">Petrobras (PETR4)<\/a> e com pre\u00e7o 1% acima do praticado no Golfo do M\u00e9xico, refer\u00eancia dos importadores brasileiros.<\/p>\t<div class=\"wrapper-featured-image\">\n\t\t<figure class=\"spotlightImg\">\n\n\t\t\t<picture>\n\t\t\t\t<source media=\"(max-width: 768px)\" srcset=\"https:\/\/files.sunoresearch.com.br\/n\/uploads\/2022\/11\/imc-rede-negocia-venda-de-18-postos-400x200.jpg\">\n\t\t\t\t<img loading=\"lazy\" decoding=\"async\" class=\"newsContent__article__imgCapa lazyloadDisabled \" src=\"https:\/\/files.sunoresearch.com.br\/n\/uploads\/2022\/11\/imc-rede-negocia-venda-de-18-postos-800x450.jpg\" width=\"800\" height=\"450\" alt=\"Gasolina e diesel entram em 2024 com valores pr\u00f3ximos ao mercado internacional, diz Abicom\" fetchpriority=high \/>\n\t\t\t<\/picture>\n\n\t\t\t<figcaption class=\"wp-caption-text wp-caption-text--show\">Gasolina e paridade internacional. Foto: Engin Akyurt\/Unsplash<\/figcaption>\n\t\t<\/figure>\n\t<\/div>\n\n\n\n\n\n\t<p>\n\t\t<a href=\"\" target=\"_blank\" data-element=\"shortcode-suno-banner\" title=\"Banner SUNO, clique e saiba mais\">\n\t\t\t<picture>\n\t\t\t\t<source media=\"(max-width: 500px)\" srcset=\"\">\n\t\t\t\t<img class=\"newsContent__article__imgCapa newsContent__article__imgCapa--banner\"\n\t\t\t\t\tsrc=\"\"\n\t\t\t\t\tdata-promo-id=\"240038\"\t\t\t\t\t\t\t\t\t\t\t\t\t\t\talt=\"\"\n\t\t\t\t>\n\t\t\t<\/picture>\n\t\t<\/a>\n\t<\/p>\n\n\n\n\n\n<p>O <a class=\"suno-keyword\" target=\"_blank\" data-force=\"no\" data-priority=\"1\" href=\"https:\/\/www.suno.com.br\/artigos\/preco-do-petroleo\/\" rel=\"noopener\">pre\u00e7o do petr\u00f3leo<\/a> no patamar de US$ 77 o barril e o c\u00e2mbio estabilizado em torno dos R$ 4,8 ajudam a conter os pre\u00e7os no mercado interno, segundo a Abicom.<\/p>\n\n\n\n<p>J\u00e1 para o diesel, cujo pre\u00e7o foi reduzido duas vezes em dezembro pela Petrobras, as oportunidades de importa\u00e7\u00e3o est\u00e3o fechadas. A Acelen, que controla a Refinaria de Mataripe, \u00fanica unidade de refino privada relevante, tamb\u00e9m reduziu na \u00faltima quarta-feira do ano passado, 27, o pre\u00e7o do diesel em R$ 0,10\/litro.<\/p>\n\n\n\n<p>O <strong>pre\u00e7o do diesel<\/strong> est\u00e1 2% abaixo do praticado no Golfo do M\u00e9xico nas refinarias da Petrobras e 1% a menos na m\u00e9dia das refinarias brasileiras. No ano passado, a estatal reduziu o diesel em 22,5%, sendo a \u00faltima queda promovida na semana passada, da ordem de 7,9%, ou R$ 0,30 por litro. No in\u00edcio de dezembro a estatal j\u00e1 havia reduzido o pre\u00e7o do diesel em R$ 0,27\/litro.<\/p>\n\n\n\n<p>Desde maio, a Petrobras abandonou a <strong>pol\u00edtica de paridade com a importa\u00e7\u00e3o (PPI)<\/strong> e adotou uma estrat\u00e9gia comercial baseada no custo alternativo do cliente, como valor a ser priorizado na precifica\u00e7\u00e3o, e o valor marginal para a Petrobras. De acordo com o presidente da estatal, Jean Paul Prates, a nova estrat\u00e9gia deu maior previsibilidade para o mercado, ao mesmo tempo em que manteve a lucratividade da companhia.<\/p>\n\n\n\n<h2 class=\"wp-block-heading\">Petrobras anuncia redu\u00e7\u00e3o em R$ 0,30 do pre\u00e7o do diesel e mant\u00e9m da gasolina<\/h2>\n\n\n\n<p>A <a class=\"suno-keyword\" target=\"_blank\" data-force=\"yes\" data-priority=\"2\" href=\"https:\/\/www.suno.com.br\/acoes\/PETR4\/\" rel=\"noopener\">Petrobras (PETR4)<\/a> divulgou, em 26 de dezembro, uma diminui\u00e7\u00e3o de 7,9%, equivalente a R$ 0,30 por litro, no valor do diesel A comercializado em suas refinarias, com efeito a partir de quarta-feira, 27. Com essa decis\u00e3o, o pre\u00e7o para as distribuidoras desse combust\u00edvel ser\u00e1 ajustado para R$ 3,48 por litro.<\/p>\n\n\n\n<p>A estatal informou que, ao longo do ano, o diesel A apresenta uma redu\u00e7\u00e3o acumulada de 22,5%, representando uma diminui\u00e7\u00e3o de R$ 1,01 por litro.<\/p>\n\n\n\t<p>\n\t\t<a href=\"https:\/\/lp.suno.com.br\/ebook-gratuito-investindo-no-exterior\/\" target=\"_blank\" data-element=\"shortcode-suno-banner\" title=\"Banner SUNO, clique e saiba mais\">\n\t\t\t<picture>\n\t\t\t\t<source media=\"(max-width: 500px)\" srcset=\"https:\/\/files.sunoresearch.com.br\/n\/uploads\/2023\/03\/400x300-Investindo-no-exterior.png\">\n\t\t\t\t<img class=\"newsContent__article__imgCapa newsContent__article__imgCapa--banner\"\n\t\t\t\t\tsrc=\"https:\/\/files.sunoresearch.com.br\/n\/uploads\/2023\/03\/1420x240-Investindo-no-exterior.png\"\n\t\t\t\t\tdata-promo-id=\"383161\"\t\t\t\t\t\t\t\t\t\twidth='1420' height='240'\t\t\t\t\talt=\"https:\/\/files.sunoresearch.com.br\/n\/uploads\/2023\/03\/1420x240-Investindo-no-exterior.png\"\n\t\t\t\t>\n\t\t\t<\/picture>\n\t\t<\/a>\n\t<\/p>\n\n\n\n\n\n<p>\u201cO ajuste \u00e9 resultado da an\u00e1lise dos fundamentos dos mercados externo e interno frente \u00e0&nbsp;<strong>estrat\u00e9gia comercial da Petrobras<\/strong>, implementada em maio de 2023 em substitui\u00e7\u00e3o \u00e0 pol\u00edtica de pre\u00e7os anterior, e que passou a incorporar par\u00e2metros que refletem as melhores condi\u00e7\u00f5es de refino e log\u00edstica da Petrobras na sua precifica\u00e7\u00e3o\u201d, diz a estatal em nota.<\/p>\n\n\n\n<p>A companhia faz refer\u00eancia \u00e0 mudan\u00e7a da pol\u00edtica de pre\u00e7o de paridade de importa\u00e7\u00e3o (PPI) para uma banda de pre\u00e7os poss\u00edveis, em que o n\u00edvel mais baixo \u00e9 o pre\u00e7o de custo da estatal e o teto \u00e9 o pre\u00e7o alternativo do cliente, ou seja, o pre\u00e7o praticado pela concorr\u00eancia.<\/p>\n\n\n\n<p>Considerando a mistura obrigat\u00f3ria do diesel comercializado nos postos, com 88% de diesel A e 12% de biodiesel, nos postos, a&nbsp;<strong>parcela da Petrobras<\/strong>&nbsp;no pre\u00e7o ao consumidor ter\u00e1 redu\u00e7\u00e3o de R$ 0,26 por litro e passar\u00e1 a ser, em m\u00e9dia, R$ 3,06 a cada litro vendido na bomba.<\/p>\n\n\n\n<p>Como na semana passada, o levantamento de pre\u00e7os ao consumidor (LPC) da Ag\u00eancia Nacional de Petr\u00f3leo, G\u00e1s Natural e Biocombust\u00edveis (ANP) indicou um&nbsp;<a href=\"https:\/\/www.suno.com.br\/artigos\/preco-medio\/\" target=\"_blank\" rel=\"noreferrer noopener\">pre\u00e7o m\u00e9dio<\/a>&nbsp;nacional de R$ 5,98 por litro no postos, variando entre R$ 4,89 e R$ 8,52 por litro, a Petrobras calcula que, com o desconto, os pre\u00e7os finais do diesel A S10 nas bombas fique entre R$ 4,63 e R$ 8,26 por litro. Mas a Petrobras lembra que outros fatores como impostos, pre\u00e7o dos biocombust\u00edveis e margem de distribui\u00e7\u00e3o e revenda podem afetar esse pre\u00e7o final, que \u00e9 livre.<\/p>\n\n\n\n<p>Os pre\u00e7os d<strong>a gasolina<\/strong> e do g\u00e1s natural foram mantidos.<\/p>\n\n\n\n\t<div data-element=\"shortcode-read-more\" class=\"readToo\">\n\t\t\t\t<span class=\"readToo__title\">Leia mais<\/span>\n\t\t\t\t<ul class=\"readToo__list\">\n\t\t\t<li><a href=\"https:\/\/www.suno.com.br\/noticias\/dividendos-btg-aumenta-peso-de-petrobras-petr4-carteira-va\/\">Dividendos: BTG aumenta peso de Petrobras (PETR4) e CPFL (CPFE3) na carteira; analistas retiram dois pap\u00e9is<\/a><\/li><li><a href=\"https:\/\/www.suno.com.br\/noticias\/gasolina-brasil-mais-cara-exterior-combustiveis-diesel-evm\/\">Gasolina no Brasil est\u00e1 8% mais cara do que no exterior, diz Abicom<\/a><\/li>\t\t<\/ul>\n\t<\/div>\n\n\n\n\n\n\n<p>Com Estad\u00e3o Conte\u00fado<\/p>\n\n\n\t<p>\n\t\t<a href=\"https:\/\/lp.suno.com.br\/planilha-da-vida-financeira\/\" target=\"_blank\" data-element=\"shortcode-suno-banner\" title=\"Banner SUNO, clique e saiba mais\">\n\t\t\t<picture>\n\t\t\t\t<source media=\"(max-width: 500px)\" srcset=\"https:\/\/files.sunoresearch.com.br\/n\/uploads\/2023\/04\/400x300-Planilha-vida-financeira-true.png\">\n\t\t\t\t<img class=\"newsContent__article__imgCapa newsContent__article__imgCapa--banner\"\n\t\t\t\t\tsrc=\"https:\/\/files.sunoresearch.com.br\/n\/uploads\/2023\/04\/1420x240-Planilha-vida-financeira-true.png\"\n\t\t\t\t\tdata-promo-id=\"383123\"\t\t\t\t\t\t\t\t\t\twidth='1420' height='240'\t\t\t\t\talt=\"https:\/\/files.sunoresearch.com.br\/n\/uploads\/2023\/04\/1420x240-Planilha-vida-financeira-true.png\"\n\t\t\t\t>\n\t\t\t<\/picture>\n\t\t<\/a>\n\t<\/p>\n\n\n","protected":false},"excerpt":{"rendered":"<p>Os pre\u00e7os da gasolina e do diesel no Brasil entraram em 2024 praticamente em paridade com os pre\u00e7os do mercado internacional, segundo dados da Associa\u00e7\u00e3o Brasileira dos Importadores de Combust\u00edveis (Abicom), que, no entanto, v\u00ea janelas abertas apenas para a compra de gasolina, que est\u00e1 h\u00e1 74 dias sem reajuste nas refinarias da Petrobras (PETR4) [&hellip;]<\/p>\n","protected":false},"author":43,"featured_media":321663,"comment_status":"closed","ping_status":"closed","sticky":false,"template":"","format":"standard","meta":[],"categories":[62],"tags":[740,879],"suno_strategy":[],"class_list":["post-505582","post","type-post","status-publish","format-standard","has-post-thumbnail","hentry","category-economia","tag-economia","tag-gasolina"],"yoast_head":"<!-- This site is optimized with the Yoast SEO plugin v24.4 - https:\/\/yoast.com\/wordpress\/plugins\/seo\/ -->\n<title>Gasolina entra em 2024 com valor pr\u00f3ximo ao mercado internacional<\/title>\n<meta name=\"description\" content=\"Os pre\u00e7os da gasolina e do diesel no Brasil entraram em 2024 praticamente em paridade com os pre\u00e7os do mercado internacional, segundo Abicom.\" \/>\n<meta name=\"robots\" content=\"index, follow, max-snippet:-1, max-image-preview:large, max-video-preview:-1\" \/>\n<link rel=\"canonical\" href=\"https:\/\/www.suno.com.br\/noticias\/gasolina-diesel-entram-2024-paridade-mercado-internacional-abicom-va\/\" \/>\n<meta property=\"og:locale\" content=\"pt_BR\" \/>\n<meta property=\"og:type\" content=\"article\" \/>\n<meta property=\"og:title\" content=\"Gasolina entra em 2024 com valor pr\u00f3ximo ao mercado internacional\" \/>\n<meta property=\"og:description\" content=\"Os pre\u00e7os da gasolina e do diesel no Brasil entraram em 2024 praticamente em paridade com os pre\u00e7os do mercado internacional, segundo Abicom.\" \/>\n<meta property=\"og:url\" content=\"https:\/\/www.suno.com.br\/noticias\/gasolina-diesel-entram-2024-paridade-mercado-internacional-abicom-va\/\" \/>\n<meta property=\"og:site_name\" content=\"Suno Not\u00edcias\" \/>\n<meta property=\"article:publisher\" content=\"https:\/\/facebook.com\/sunoresearch\" \/>\n<meta property=\"article:author\" content=\"https:\/\/www.facebook.com\/sunonoticias\/\" \/>\n<meta property=\"og:image\" content=\"https:\/\/files.sunoresearch.com.br\/n\/uploads\/2022\/11\/imc-rede-negocia-venda-de-18-postos.jpg\" \/>\n\t<meta property=\"og:image:width\" content=\"1200\" \/>\n\t<meta property=\"og:image:height\" content=\"800\" \/>\n\t<meta property=\"og:image:type\" content=\"image\/jpeg\" \/>\n<meta name=\"author\" content=\"Reda\u00e7\u00e3o Suno Not\u00edcias\" \/>\n<meta name=\"twitter:card\" content=\"summary_large_image\" \/>\n<meta name=\"twitter:creator\" content=\"@https:\/\/twitter.com\/sunoresearch\" \/>\n<meta name=\"twitter:site\" content=\"@sunoresearch\" \/>\n<meta name=\"twitter:label1\" content=\"Escrito por\" \/>\n\t<meta name=\"twitter:data1\" content=\"Reda\u00e7\u00e3o Suno Not\u00edcias\" \/>\n\t<meta name=\"twitter:label2\" content=\"Est. tempo de leitura\" \/>\n\t<meta name=\"twitter:data2\" content=\"4 minutos\" \/>\n<script type=\"application\/ld+json\" class=\"yoast-schema-graph\">{\"@context\":\"https:\/\/schema.org\",\"@graph\":[{\"@type\":\"NewsArticle\",\"@id\":\"https:\/\/www.suno.com.br\/noticias\/gasolina-diesel-entram-2024-paridade-mercado-internacional-abicom-va\/#article\",\"isPartOf\":{\"@id\":\"https:\/\/www.suno.com.br\/noticias\/gasolina-diesel-entram-2024-paridade-mercado-internacional-abicom-va\/\"},\"author\":{\"name\":\"Reda\u00e7\u00e3o Suno Not\u00edcias\",\"@id\":\"https:\/\/www.suno.com.br\/noticias\/#\/schema\/person\/c1b1bd3727fa852bd045e9dbff3673ea\"},\"headline\":\"Gasolina e diesel entram em 2024 com valores pr\u00f3ximos ao mercado internacional, diz Abicom\",\"datePublished\":\"2024-01-02T18:28:16+00:00\",\"dateModified\":\"2024-01-02T18:29:11+00:00\",\"mainEntityOfPage\":{\"@id\":\"https:\/\/www.suno.com.br\/noticias\/gasolina-diesel-entram-2024-paridade-mercado-internacional-abicom-va\/\"},\"wordCount\":706,\"publisher\":{\"@id\":\"https:\/\/www.suno.com.br\/noticias\/#organization\"},\"image\":{\"@id\":\"https:\/\/www.suno.com.br\/noticias\/gasolina-diesel-entram-2024-paridade-mercado-internacional-abicom-va\/#primaryimage\"},\"thumbnailUrl\":\"https:\/\/files.sunoresearch.com.br\/n\/uploads\/2022\/11\/imc-rede-negocia-venda-de-18-postos.jpg\",\"keywords\":[\"Economia\",\"Gasolina\"],\"articleSection\":[\"Economia\"],\"inLanguage\":\"pt-BR\"},{\"@type\":\"WebPage\",\"@id\":\"https:\/\/www.suno.com.br\/noticias\/gasolina-diesel-entram-2024-paridade-mercado-internacional-abicom-va\/\",\"url\":\"https:\/\/www.suno.com.br\/noticias\/gasolina-diesel-entram-2024-paridade-mercado-internacional-abicom-va\/\",\"name\":\"Gasolina entra em 2024 com valor pr\u00f3ximo ao mercado internacional\",\"isPartOf\":{\"@id\":\"https:\/\/www.suno.com.br\/noticias\/#website\"},\"primaryImageOfPage\":{\"@id\":\"https:\/\/www.suno.com.br\/noticias\/gasolina-diesel-entram-2024-paridade-mercado-internacional-abicom-va\/#primaryimage\"},\"image\":{\"@id\":\"https:\/\/www.suno.com.br\/noticias\/gasolina-diesel-entram-2024-paridade-mercado-internacional-abicom-va\/#primaryimage\"},\"thumbnailUrl\":\"https:\/\/files.sunoresearch.com.br\/n\/uploads\/2022\/11\/imc-rede-negocia-venda-de-18-postos.jpg\",\"datePublished\":\"2024-01-02T18:28:16+00:00\",\"dateModified\":\"2024-01-02T18:29:11+00:00\",\"description\":\"Os pre\u00e7os da gasolina e do diesel no Brasil entraram em 2024 praticamente em paridade com os pre\u00e7os do mercado internacional, segundo Abicom.\",\"breadcrumb\":{\"@id\":\"https:\/\/www.suno.com.br\/noticias\/gasolina-diesel-entram-2024-paridade-mercado-internacional-abicom-va\/#breadcrumb\"},\"inLanguage\":\"pt-BR\",\"potentialAction\":[{\"@type\":\"ReadAction\",\"target\":[\"https:\/\/www.suno.com.br\/noticias\/gasolina-diesel-entram-2024-paridade-mercado-internacional-abicom-va\/\"]}]},{\"@type\":\"ImageObject\",\"inLanguage\":\"pt-BR\",\"@id\":\"https:\/\/www.suno.com.br\/noticias\/gasolina-diesel-entram-2024-paridade-mercado-internacional-abicom-va\/#primaryimage\",\"url\":\"https:\/\/files.sunoresearch.com.br\/n\/uploads\/2022\/11\/imc-rede-negocia-venda-de-18-postos.jpg\",\"contentUrl\":\"https:\/\/files.sunoresearch.com.br\/n\/uploads\/2022\/11\/imc-rede-negocia-venda-de-18-postos.jpg\",\"width\":1200,\"height\":800,\"caption\":\"Gasolina e paridade internacional. Foto: Engin Akyurt\/Unsplash\"},{\"@type\":\"BreadcrumbList\",\"@id\":\"https:\/\/www.suno.com.br\/noticias\/gasolina-diesel-entram-2024-paridade-mercado-internacional-abicom-va\/#breadcrumb\",\"itemListElement\":[{\"@type\":\"ListItem\",\"position\":1,\"name\":\"Not\u00edcias\",\"item\":\"https:\/\/www.suno.com.br\/noticias\/\"},{\"@type\":\"ListItem\",\"position\":2,\"name\":\"Economia\",\"item\":\"https:\/\/www.suno.com.br\/noticias\/economia\/\"},{\"@type\":\"ListItem\",\"position\":3,\"name\":\"Gasolina e diesel entram em 2024 com valores pr\u00f3ximos ao mercado internacional, diz Abicom\"}]},{\"@type\":\"WebSite\",\"@id\":\"https:\/\/www.suno.com.br\/noticias\/#website\",\"url\":\"https:\/\/www.suno.com.br\/noticias\/\",\"name\":\"Suno Not\u00edcias\",\"description\":\"Seu portal de informa\u00e7\u00e3o sobre o mundo dos investimentos\",\"publisher\":{\"@id\":\"https:\/\/www.suno.com.br\/noticias\/#organization\"},\"potentialAction\":[{\"@type\":\"SearchAction\",\"target\":{\"@type\":\"EntryPoint\",\"urlTemplate\":\"https:\/\/www.suno.com.br\/noticias\/?s={search_term_string}\"},\"query-input\":{\"@type\":\"PropertyValueSpecification\",\"valueRequired\":true,\"valueName\":\"search_term_string\"}}],\"inLanguage\":\"pt-BR\"},{\"@type\":\"Organization\",\"@id\":\"https:\/\/www.suno.com.br\/noticias\/#organization\",\"name\":\"Suno Not\u00edcias\",\"url\":\"https:\/\/www.suno.com.br\/noticias\/\",\"logo\":{\"@type\":\"ImageObject\",\"inLanguage\":\"pt-BR\",\"@id\":\"https:\/\/www.suno.com.br\/noticias\/#\/schema\/logo\/image\/\",\"url\":\"https:\/\/files.sunoresearch.com.br\/n\/uploads\/2021\/09\/suno-logo.png\",\"contentUrl\":\"https:\/\/files.sunoresearch.com.br\/n\/uploads\/2021\/09\/suno-logo.png\",\"width\":180,\"height\":180,\"caption\":\"Suno Not\u00edcias\"},\"image\":{\"@id\":\"https:\/\/www.suno.com.br\/noticias\/#\/schema\/logo\/image\/\"},\"sameAs\":[\"https:\/\/facebook.com\/sunoresearch\",\"https:\/\/x.com\/sunoresearch\",\"https:\/\/www.instagram.com\/suno\",\"https:\/\/www.linkedin.com\/company\/suno-research\/\",\"https:\/\/www.youtube.com\/c\/sunoresearch\"]},{\"@type\":\"Person\",\"@id\":\"https:\/\/www.suno.com.br\/noticias\/#\/schema\/person\/c1b1bd3727fa852bd045e9dbff3673ea\",\"name\":\"Reda\u00e7\u00e3o Suno Not\u00edcias\",\"image\":{\"@type\":\"ImageObject\",\"inLanguage\":\"pt-BR\",\"@id\":\"https:\/\/www.suno.com.br\/noticias\/#\/schema\/person\/image\/\",\"url\":\"https:\/\/secure.gravatar.com\/avatar\/b8104b9b5a71985d5238ee59fbe418af?s=96&r=g\",\"contentUrl\":\"https:\/\/secure.gravatar.com\/avatar\/b8104b9b5a71985d5238ee59fbe418af?s=96&r=g\",\"caption\":\"Reda\u00e7\u00e3o Suno Not\u00edcias\"},\"description\":\"O Suno Not\u00edcias \u00e9 um portal de informa\u00e7\u00f5es sobre Mercado Financeiro, Pol\u00edtica, Neg\u00f3cios, Economia e Finan\u00e7as Pessoais.\",\"sameAs\":[\"https:\/\/www.suno.com.br\/noticias\",\"https:\/\/www.facebook.com\/sunonoticias\/\",\"https:\/\/www.instagram.com\/sunonoticias\/\",\"https:\/\/x.com\/https:\/\/twitter.com\/sunoresearch\",\"https:\/\/www.youtube.com\/sunonoticias\"],\"url\":\"https:\/\/www.suno.com.br\/noticias\/author\/redacao-suno\/\"}]}<\/script>\n<!-- \/ Yoast SEO plugin. -->","yoast_head_json":{"title":"Gasolina entra em 2024 com valor pr\u00f3ximo ao mercado internacional","description":"Os pre\u00e7os da gasolina e do diesel no Brasil entraram em 2024 praticamente em paridade com os pre\u00e7os do mercado internacional, segundo Abicom.","robots":{"index":"index","follow":"follow","max-snippet":"max-snippet:-1","max-image-preview":"max-image-preview:large","max-video-preview":"max-video-preview:-1"},"canonical":"https:\/\/www.suno.com.br\/noticias\/gasolina-diesel-entram-2024-paridade-mercado-internacional-abicom-va\/","og_locale":"pt_BR","og_type":"article","og_title":"Gasolina entra em 2024 com valor pr\u00f3ximo ao mercado internacional","og_description":"Os pre\u00e7os da gasolina e do diesel no Brasil entraram em 2024 praticamente em paridade com os pre\u00e7os do mercado internacional, segundo Abicom.","og_url":"https:\/\/www.suno.com.br\/noticias\/gasolina-diesel-entram-2024-paridade-mercado-internacional-abicom-va\/","og_site_name":"Suno Not\u00edcias","article_publisher":"https:\/\/facebook.com\/sunoresearch","article_author":"https:\/\/www.facebook.com\/sunonoticias\/","og_image":[{"width":1200,"height":800,"url":"https:\/\/files.sunoresearch.com.br\/n\/uploads\/2022\/11\/imc-rede-negocia-venda-de-18-postos.jpg","type":"image\/jpeg"}],"author":"Reda\u00e7\u00e3o Suno Not\u00edcias","twitter_card":"summary_large_image","twitter_creator":"@https:\/\/twitter.com\/sunoresearch","twitter_site":"@sunoresearch","twitter_misc":{"Escrito por":"Reda\u00e7\u00e3o Suno Not\u00edcias","Est. tempo de leitura":"4 minutos"},"schema":{"@context":"https:\/\/schema.org","@graph":[{"@type":"NewsArticle","@id":"https:\/\/www.suno.com.br\/noticias\/gasolina-diesel-entram-2024-paridade-mercado-internacional-abicom-va\/#article","isPartOf":{"@id":"https:\/\/www.suno.com.br\/noticias\/gasolina-diesel-entram-2024-paridade-mercado-internacional-abicom-va\/"},"author":{"name":"Reda\u00e7\u00e3o Suno Not\u00edcias","@id":"https:\/\/www.suno.com.br\/noticias\/#\/schema\/person\/c1b1bd3727fa852bd045e9dbff3673ea"},"headline":"Gasolina e diesel entram em 2024 com valores pr\u00f3ximos ao mercado internacional, diz Abicom","datePublished":"2024-01-02T18:28:16+00:00","dateModified":"2024-01-02T18:29:11+00:00","mainEntityOfPage":{"@id":"https:\/\/www.suno.com.br\/noticias\/gasolina-diesel-entram-2024-paridade-mercado-internacional-abicom-va\/"},"wordCount":706,"publisher":{"@id":"https:\/\/www.suno.com.br\/noticias\/#organization"},"image":{"@id":"https:\/\/www.suno.com.br\/noticias\/gasolina-diesel-entram-2024-paridade-mercado-internacional-abicom-va\/#primaryimage"},"thumbnailUrl":"https:\/\/files.sunoresearch.com.br\/n\/uploads\/2022\/11\/imc-rede-negocia-venda-de-18-postos.jpg","keywords":["Economia","Gasolina"],"articleSection":["Economia"],"inLanguage":"pt-BR"},{"@type":"WebPage","@id":"https:\/\/www.suno.com.br\/noticias\/gasolina-diesel-entram-2024-paridade-mercado-internacional-abicom-va\/","url":"https:\/\/www.suno.com.br\/noticias\/gasolina-diesel-entram-2024-paridade-mercado-internacional-abicom-va\/","name":"Gasolina entra em 2024 com valor pr\u00f3ximo ao mercado internacional","isPartOf":{"@id":"https:\/\/www.suno.com.br\/noticias\/#website"},"primaryImageOfPage":{"@id":"https:\/\/www.suno.com.br\/noticias\/gasolina-diesel-entram-2024-paridade-mercado-internacional-abicom-va\/#primaryimage"},"image":{"@id":"https:\/\/www.suno.com.br\/noticias\/gasolina-diesel-entram-2024-paridade-mercado-internacional-abicom-va\/#primaryimage"},"thumbnailUrl":"https:\/\/files.sunoresearch.com.br\/n\/uploads\/2022\/11\/imc-rede-negocia-venda-de-18-postos.jpg","datePublished":"2024-01-02T18:28:16+00:00","dateModified":"2024-01-02T18:29:11+00:00","description":"Os pre\u00e7os da gasolina e do diesel no Brasil entraram em 2024 praticamente em paridade com os pre\u00e7os do mercado internacional, segundo Abicom.","breadcrumb":{"@id":"https:\/\/www.suno.com.br\/noticias\/gasolina-diesel-entram-2024-paridade-mercado-internacional-abicom-va\/#breadcrumb"},"inLanguage":"pt-BR","potentialAction":[{"@type":"ReadAction","target":["https:\/\/www.suno.com.br\/noticias\/gasolina-diesel-entram-2024-paridade-mercado-internacional-abicom-va\/"]}]},{"@type":"ImageObject","inLanguage":"pt-BR","@id":"https:\/\/www.suno.com.br\/noticias\/gasolina-diesel-entram-2024-paridade-mercado-internacional-abicom-va\/#primaryimage","url":"https:\/\/files.sunoresearch.com.br\/n\/uploads\/2022\/11\/imc-rede-negocia-venda-de-18-postos.jpg","contentUrl":"https:\/\/files.sunoresearch.com.br\/n\/uploads\/2022\/11\/imc-rede-negocia-venda-de-18-postos.jpg","width":1200,"height":800,"caption":"Gasolina e paridade internacional. Foto: Engin Akyurt\/Unsplash"},{"@type":"BreadcrumbList","@id":"https:\/\/www.suno.com.br\/noticias\/gasolina-diesel-entram-2024-paridade-mercado-internacional-abicom-va\/#breadcrumb","itemListElement":[{"@type":"ListItem","position":1,"name":"Not\u00edcias","item":"https:\/\/www.suno.com.br\/noticias\/"},{"@type":"ListItem","position":2,"name":"Economia","item":"https:\/\/www.suno.com.br\/noticias\/economia\/"},{"@type":"ListItem","position":3,"name":"Gasolina e diesel entram em 2024 com valores pr\u00f3ximos ao mercado internacional, diz Abicom"}]},{"@type":"WebSite","@id":"https:\/\/www.suno.com.br\/noticias\/#website","url":"https:\/\/www.suno.com.br\/noticias\/","name":"Suno Not\u00edcias","description":"Seu portal de informa\u00e7\u00e3o sobre o mundo dos investimentos","publisher":{"@id":"https:\/\/www.suno.com.br\/noticias\/#organization"},"potentialAction":[{"@type":"SearchAction","target":{"@type":"EntryPoint","urlTemplate":"https:\/\/www.suno.com.br\/noticias\/?s={search_term_string}"},"query-input":{"@type":"PropertyValueSpecification","valueRequired":true,"valueName":"search_term_string"}}],"inLanguage":"pt-BR"},{"@type":"Organization","@id":"https:\/\/www.suno.com.br\/noticias\/#organization","name":"Suno Not\u00edcias","url":"https:\/\/www.suno.com.br\/noticias\/","logo":{"@type":"ImageObject","inLanguage":"pt-BR","@id":"https:\/\/www.suno.com.br\/noticias\/#\/schema\/logo\/image\/","url":"https:\/\/files.sunoresearch.com.br\/n\/uploads\/2021\/09\/suno-logo.png","contentUrl":"https:\/\/files.sunoresearch.com.br\/n\/uploads\/2021\/09\/suno-logo.png","width":180,"height":180,"caption":"Suno Not\u00edcias"},"image":{"@id":"https:\/\/www.suno.com.br\/noticias\/#\/schema\/logo\/image\/"},"sameAs":["https:\/\/facebook.com\/sunoresearch","https:\/\/x.com\/sunoresearch","https:\/\/www.instagram.com\/suno","https:\/\/www.linkedin.com\/company\/suno-research\/","https:\/\/www.youtube.com\/c\/sunoresearch"]},{"@type":"Person","@id":"https:\/\/www.suno.com.br\/noticias\/#\/schema\/person\/c1b1bd3727fa852bd045e9dbff3673ea","name":"Reda\u00e7\u00e3o Suno Not\u00edcias","image":{"@type":"ImageObject","inLanguage":"pt-BR","@id":"https:\/\/www.suno.com.br\/noticias\/#\/schema\/person\/image\/","url":"https:\/\/secure.gravatar.com\/avatar\/b8104b9b5a71985d5238ee59fbe418af?s=96&r=g","contentUrl":"https:\/\/secure.gravatar.com\/avatar\/b8104b9b5a71985d5238ee59fbe418af?s=96&r=g","caption":"Reda\u00e7\u00e3o Suno Not\u00edcias"},"description":"O Suno Not\u00edcias \u00e9 um portal de informa\u00e7\u00f5es sobre Mercado Financeiro, Pol\u00edtica, Neg\u00f3cios, Economia e Finan\u00e7as Pessoais.","sameAs":["https:\/\/www.suno.com.br\/noticias","https:\/\/www.facebook.com\/sunonoticias\/","https:\/\/www.instagram.com\/sunonoticias\/","https:\/\/x.com\/https:\/\/twitter.com\/sunoresearch","https:\/\/www.youtube.com\/sunonoticias"],"url":"https:\/\/www.suno.com.br\/noticias\/author\/redacao-suno\/"}]}},"default_loop_html":"<div class=\"cardsPage__listCard__boxs\"><div class=\"cardsPage__listCard__boxs__img\"><a href=\"https:\/\/www.suno.com.br\/noticias\/gasolina-diesel-entram-2024-paridade-mercado-internacional-abicom-va\/\"><img class=\"mask\" src=\"https:\/\/www.suno.com.br\/noticias\/wp-content\/themes\/suno\/resources\/images\/spotlight\/spotlight1img\/bg-mask.png\" alt=\"Image Mask\"\/><img src=\"https:\/\/files.sunoresearch.com.br\/n\/uploads\/2022\/11\/imc-rede-negocia-venda-de-18-postos-400x200.jpg\" alt=\"Gasolina e diesel entram em 2024 com valores pr\u00f3ximos ao mercado internacional, diz Abicom\"\/><\/a><span class=\"spotlightCategory\"><a href=\"https:\/\/www.suno.com.br\/noticias\/economia\/\">Economia<\/a><\/span><\/div><div class=\"cardsPage__listCard__boxs__content\"><a href=\"https:\/\/www.suno.com.br\/noticias\/gasolina-diesel-entram-2024-paridade-mercado-internacional-abicom-va\/\"><h2 class=\"content__title\">Gasolina e diesel entram em 2024 com valores pr\u00f3ximos ao mercado internacional, diz Abicom<\/h2><\/a><div class=\"newsContent__article__meta\"><div class=\"newsContent__article__meta__authorBox\"><a href=\"https:\/\/www.suno.com.br\/noticias\/author\/eduardo-vargas\/\" class=\"authorBox__avatar noMobi\"><img src=\"https:\/\/secure.gravatar.com\/avatar\/dac340933427a22924c9f99d1eb2e3f2?s=96&#038;r=g\" alt=\"Eduardo Vargas\"><\/a><div class=\"authorBox__name\"><span>por\n\t\t\t<a href=\"https:\/\/www.suno.com.br\/noticias\/author\/eduardo-vargas\/\"><span itemprop=\"author\">Eduardo Vargas<\/span><\/a><\/span><time datetime=\"2024-01-02T15:28:16-03:00\" itemprop=\"datePublished\">02\/01\/2024 15:28<\/time><\/div><\/div><\/div><\/div><\/div>","single_layout":"posts","amp_enabled":true,"_links":{"self":[{"href":"https:\/\/www.suno.com.br\/noticias\/wp-json\/wp\/v2\/posts\/505582"}],"collection":[{"href":"https:\/\/www.suno.com.br\/noticias\/wp-json\/wp\/v2\/posts"}],"about":[{"href":"https:\/\/www.suno.com.br\/noticias\/wp-json\/wp\/v2\/types\/post"}],"author":[{"embeddable":true,"href":"https:\/\/www.suno.com.br\/noticias\/wp-json\/wp\/v2\/users\/43"}],"replies":[{"embeddable":true,"href":"https:\/\/www.suno.com.br\/noticias\/wp-json\/wp\/v2\/comments?post=505582"}],"version-history":[{"count":3,"href":"https:\/\/www.suno.com.br\/noticias\/wp-json\/wp\/v2\/posts\/505582\/revisions"}],"predecessor-version":[{"id":505638,"href":"https:\/\/www.suno.com.br\/noticias\/wp-json\/wp\/v2\/posts\/505582\/revisions\/505638"}],"wp:featuredmedia":[{"embeddable":true,"href":"https:\/\/www.suno.com.br\/noticias\/wp-json\/wp\/v2\/media\/321663"}],"wp:attachment":[{"href":"https:\/\/www.suno.com.br\/noticias\/wp-json\/wp\/v2\/media?parent=505582"}],"wp:term":[{"taxonomy":"category","embeddable":true,"href":"https:\/\/www.suno.com.br\/noticias\/wp-json\/wp\/v2\/categories?post=505582"},{"taxonomy":"post_tag","embeddable":true,"href":"https:\/\/www.suno.com.br\/noticias\/wp-json\/wp\/v2\/tags?post=505582"},{"taxonomy":"suno_strategy","embeddable":true,"href":"https:\/\/www.suno.com.br\/noticias\/wp-json\/wp\/v2\/suno_strategy?post=505582"}],"curies":[{"name":"wp","href":"https:\/\/api.w.org\/{rel}","templated":true}]}}