{"id":505530,"date":"2024-01-02T11:54:18","date_gmt":"2024-01-02T14:54:18","guid":{"rendered":"https:\/\/www.suno.com.br\/noticias\/?p=505530"},"modified":"2024-01-02T12:02:38","modified_gmt":"2024-01-02T15:02:38","slug":"boletim-focus-mercado-reduz-estimativa-inflacao-2024-va","status":"publish","type":"post","link":"https:\/\/www.suno.com.br\/noticias\/boletim-focus-mercado-reduz-estimativa-inflacao-2024-va\/","title":{"rendered":"Boletim Focus: mercado reduz estimativa para infla\u00e7\u00e3o; proje\u00e7\u00e3o da Selic \u00e9 de 9% para 2024"},"content":{"rendered":"<p>A previs\u00e3o do <a class=\"suno-keyword\" target=\"_blank\" data-force=\"no\" data-priority=\"2\" href=\"https:\/\/www.suno.com.br\/guias\/mercado-financeiro\/\" rel=\"noopener\">mercado financeiro<\/a> para o \u00cdndice Nacional de Pre\u00e7os ao Consumidor Amplo (IPCA) \u2013 considerado a infla\u00e7\u00e3o oficial do pa\u00eds \u2013 caiu de 3,91% para 3,9% este ano. A estimativa est\u00e1 no <strong>Boletim Focus <\/strong>desta ter\u00e7a-feira (2), pesquisa divulgada semanalmente pelo Banco Central (BC) com a expectativa de mais de 100 <a class=\"suno-keyword\" target=\"_blank\" data-force=\"no\" data-priority=\"1\" href=\"https:\/\/www.suno.com.br\/artigos\/instituicoes-financeiras\/\" rel=\"noopener\">institui\u00e7\u00f5es financeiras<\/a>.<\/p>\t<div class=\"wrapper-featured-image\">\n\t\t<figure class=\"spotlightImg\">\n\n\t\t\t<picture>\n\t\t\t\t<source media=\"(max-width: 768px)\" srcset=\"https:\/\/files.sunoresearch.com.br\/n\/uploads\/2023\/05\/inflacao-2-400x200.jpg\">\n\t\t\t\t<img loading=\"lazy\" decoding=\"async\" class=\"newsContent__article__imgCapa lazyloadDisabled \" src=\"https:\/\/files.sunoresearch.com.br\/n\/uploads\/2023\/05\/inflacao-2-800x450.jpg\" width=\"800\" height=\"450\" alt=\"Boletim Focus: mercado reduz estimativa para infla\u00e7\u00e3o; proje\u00e7\u00e3o da Selic \u00e9 de 9% para 2024\" fetchpriority=high \/>\n\t\t\t<\/picture>\n\n\t\t\t<figcaption class=\"wp-caption-text wp-caption-text--show\">Infla\u00e7\u00e3o - Foto: iStock<\/figcaption>\n\t\t<\/figure>\n\t<\/div>\n\n\n\n\n\n\t<p>\n\t\t<a href=\"\" target=\"_blank\" data-element=\"shortcode-suno-banner\" title=\"Banner SUNO, clique e saiba mais\">\n\t\t\t<picture>\n\t\t\t\t<source media=\"(max-width: 500px)\" srcset=\"\">\n\t\t\t\t<img class=\"newsContent__article__imgCapa newsContent__article__imgCapa--banner\"\n\t\t\t\t\tsrc=\"\"\n\t\t\t\t\tdata-promo-id=\"240038\"\t\t\t\t\t\t\t\t\t\t\t\t\t\t\talt=\"\"\n\t\t\t\t>\n\t\t\t<\/picture>\n\t\t<\/a>\n\t<\/p>\n\n\n\n\n\n<p>Em 2024, a <a class=\"suno-keyword\" target=\"_blank\" data-force=\"no\" data-priority=\"1\" href=\"https:\/\/www.suno.com.br\/artigos\/meta-de-inflacao\/\" rel=\"noopener\">meta de infla\u00e7\u00e3o<\/a> \u00e9 de 3% , oscilando em um intervalo entre 1,5% e 4,5%. Portanto, a previs\u00e3o de 3,9% feita pelos especialistas est\u00e1 dentro da meta.&nbsp;<\/p>\n\n\n\n<p>Para 2025, que tamb\u00e9m est\u00e1 no foco das decis\u00f5es do Copom, a proje\u00e7\u00e3o continuou em 3,50% pela 23\u00aa semana consecutiva. No horizonte mais longo, de 2026, a estimativa tamb\u00e9m seguiu em 3,50%, pela 26\u00aa semana seguida.<\/p>\n\n\n\n<p>O Comit\u00ea de <a class=\"suno-keyword\" target=\"_blank\" data-force=\"no\" data-priority=\"1\" href=\"https:\/\/www.suno.com.br\/artigos\/politica-monetaria\/\" rel=\"noopener\">Pol\u00edtica Monet\u00e1ria<\/a> (Copom) divulgou em dezembro proje\u00e7\u00e3o de 3,5% para o IPCA de 2024, abaixo dos 3,6% da reuni\u00e3o anterior, de novembro. Para 2025, seguiu em 3,2% no modelo. Para 2023, a proje\u00e7\u00e3o foi atualizada de 4,7% para 4,6%. O colegiado reduziu a Selic pela quarta vez consecutiva em 0,50 pp, para 11,75% ao ano.<\/p>\n\n\n\n<h2 class=\"wp-block-heading\">Expectativa do Boletim Focus para PIB e c\u00e2mbio<\/h2>\n\n\n\n<p>A proje\u00e7\u00e3o das institui\u00e7\u00f5es financeiras para o crescimento da economia brasileira neste ano permaneceu em 1,52%.&nbsp; Para 2025, a expectativa para o Produto Interno Bruto (PIB) &#8211; a soma de todos os bens e servi\u00e7os produzidos no pa\u00eds &#8211; \u00e9 de crescimento de 2%. Para 2026, o <a class=\"suno-keyword\" target=\"_blank\" data-force=\"no\" data-priority=\"2\" href=\"https:\/\/www.suno.com.br\/guias\/mercado-financeiro\/\" rel=\"noopener\">mercado financeiro<\/a> projeta expans\u00e3o do PIB tamb\u00e9m de 2%.&nbsp;<\/p>\n\n\n\t<p>\n\t\t<a href=\"https:\/\/lp.suno.com.br\/ebook-gratuito-investindo-no-exterior\/\" target=\"_blank\" data-element=\"shortcode-suno-banner\" title=\"Banner SUNO, clique e saiba mais\">\n\t\t\t<picture>\n\t\t\t\t<source media=\"(max-width: 500px)\" srcset=\"https:\/\/files.sunoresearch.com.br\/n\/uploads\/2023\/03\/400x300-Investindo-no-exterior.png\">\n\t\t\t\t<img class=\"newsContent__article__imgCapa newsContent__article__imgCapa--banner\"\n\t\t\t\t\tsrc=\"https:\/\/files.sunoresearch.com.br\/n\/uploads\/2023\/03\/1420x240-Investindo-no-exterior.png\"\n\t\t\t\t\tdata-promo-id=\"383161\"\t\t\t\t\t\t\t\t\t\twidth='1420' height='240'\t\t\t\t\talt=\"https:\/\/files.sunoresearch.com.br\/n\/uploads\/2023\/03\/1420x240-Investindo-no-exterior.png\"\n\t\t\t\t>\n\t\t\t<\/picture>\n\t\t<\/a>\n\t<\/p>\n\n\n\n\n\n<p>O Minist\u00e9rio da Fazenda revisou em novembro sua proje\u00e7\u00e3o para o crescimento do PIB em 2023 de 3,2% para 3,0%. Para 2024, a estimativa da equipe econ\u00f4mica \u00e9 de 2,2%. J\u00e1 no Banco Central, a proje\u00e7\u00e3o atual tamb\u00e9m \u00e9 de crescimento de 3,0% para 2023, mas de apenas 1,7% para 2024, conforme o Relat\u00f3rio Trimestral de Infla\u00e7\u00e3o (RTI) de dezembro.&nbsp;<\/p>\n\n\n\n<p>No final do ano passado, o presidente do BC, Roberto Campos Neto, disse estar mais otimista do que a estimativa apresentada pela pr\u00f3pria institui\u00e7\u00e3o, que \u00e9 preparada pela equipe t\u00e9cnica.<\/p>\n\n\n\n<p>A previs\u00e3o de cota\u00e7\u00e3o do d\u00f3lar est\u00e1 em R$ 5 para o fim deste ano. No fim de 2025, a previs\u00e3o \u00e9 que a moeda americana fique em R$ 5,03.&nbsp;<\/p>\n\n\n\n<h2 class=\"wp-block-heading\">Taxa de Juros<\/h2>\n\n\n\n<p>Para o mercado financeiro, a Selic deve encerrar 2024 em 9% ao ano. A primeira <a class=\"suno-keyword\" target=\"_blank\" data-force=\"no\" data-priority=\"2\" href=\"https:\/\/www.suno.com.br\/artigos\/copom\/\" rel=\"noopener\">reuni\u00e3o do Copom<\/a> neste ano ocorre em 30 e 31 de janeiro.<\/p>\n\n\n\n<p>De mar\u00e7o de 2021 a agosto de 2022, o Copom elevou a Selic por 12 vezes consecutivas, num ciclo de aperto monet\u00e1rio que come\u00e7ou em meio \u00e0 alta dos pre\u00e7os de alimentos, energia e combust\u00edveis. Por um ano, at\u00e9 agosto de 2023, a taxa foi mantida em 13,75% ao ano.\u00a0<\/p>\n\n\n\n\t<div data-element=\"shortcode-read-more\" class=\"readToo\">\n\t\t\t\t<span class=\"readToo__title\">Leia mais<\/span>\n\t\t\t\t<ul class=\"readToo__list\">\n\t\t\t<li><a href=\"https:\/\/www.suno.com.br\/noticias\/selic-ata-do-copom-gpj\/\">Redu\u00e7\u00e3o da Selic: H\u00e1 ainda longo caminho a percorrer para converg\u00eancia da infla\u00e7\u00e3o \u00e0 meta, diz ata do Copom<\/a><\/li><li><a href=\"https:\/\/www.suno.com.br\/noticias\/selic-2024-impulsionar-credito-presidente-caixa-economica-cpf\/\">Selic a 9,5% at\u00e9 o fim de 2024 permite acelera\u00e7\u00e3o de cr\u00e9dito e juros menores, projeta presidente da Caixa<\/a><\/li>\t\t<\/ul>\n\t<\/div>\n\n\n\n\n<p>Para o fim de 2025 e de 2026, a previs\u00e3o \u00e9 de Selic em 8,5% ao ano, nos dois anos, segundo o <strong>Boletim Focus<\/strong>.<\/p>\n\n\n\n<p>Com Ag\u00eancia Brasil e Estad\u00e3o Conte\u00fado <\/p>\n\n\n\n\n\t<p>\n\t\t<a href=\"https:\/\/lp.suno.com.br\/planilha-da-vida-financeira\/\" target=\"_blank\" data-element=\"shortcode-suno-banner\" title=\"Banner SUNO, clique e saiba mais\">\n\t\t\t<picture>\n\t\t\t\t<source media=\"(max-width: 500px)\" srcset=\"https:\/\/files.sunoresearch.com.br\/n\/uploads\/2023\/04\/400x300-Planilha-vida-financeira-true.png\">\n\t\t\t\t<img class=\"newsContent__article__imgCapa newsContent__article__imgCapa--banner\"\n\t\t\t\t\tsrc=\"https:\/\/files.sunoresearch.com.br\/n\/uploads\/2023\/04\/1420x240-Planilha-vida-financeira-true.png\"\n\t\t\t\t\tdata-promo-id=\"383123\"\t\t\t\t\t\t\t\t\t\twidth='1420' height='240'\t\t\t\t\talt=\"https:\/\/files.sunoresearch.com.br\/n\/uploads\/2023\/04\/1420x240-Planilha-vida-financeira-true.png\"\n\t\t\t\t>\n\t\t\t<\/picture>\n\t\t<\/a>\n\t<\/p>\n\n\n","protected":false},"excerpt":{"rendered":"<p>A previs\u00e3o do mercado financeiro para o \u00cdndice Nacional de Pre\u00e7os ao Consumidor Amplo (IPCA) \u2013 considerado a infla\u00e7\u00e3o oficial do pa\u00eds \u2013 caiu de 3,91% para 3,9% este ano. A estimativa est\u00e1 no Boletim Focus desta ter\u00e7a-feira (2), pesquisa divulgada semanalmente pelo Banco Central (BC) com a expectativa de mais de 100 institui\u00e7\u00f5es financeiras. [&hellip;]<\/p>\n","protected":false},"author":301,"featured_media":408706,"comment_status":"closed","ping_status":"closed","sticky":false,"template":"","format":"standard","meta":[],"categories":[62],"tags":[740],"suno_strategy":[],"class_list":["post-505530","post","type-post","status-publish","format-standard","has-post-thumbnail","hentry","category-economia","tag-economia"],"yoast_head":"<!-- This site is optimized with the Yoast SEO plugin v24.4 - https:\/\/yoast.com\/wordpress\/plugins\/seo\/ -->\n<title>Boletim Focus: mercado reduz estimativa infla\u00e7\u00e3o para 2024<\/title>\n<meta name=\"description\" content=\"A previs\u00e3o do mercado financeiro para IPCA caiu de 3,91% para 3,9% este ano, segundo Boletim Focus divulgado nesta ter\u00e7a.\" \/>\n<meta name=\"robots\" content=\"index, follow, max-snippet:-1, max-image-preview:large, max-video-preview:-1\" \/>\n<link rel=\"canonical\" href=\"https:\/\/www.suno.com.br\/noticias\/boletim-focus-mercado-reduz-estimativa-inflacao-2024-va\/\" \/>\n<meta property=\"og:locale\" content=\"pt_BR\" \/>\n<meta property=\"og:type\" content=\"article\" \/>\n<meta property=\"og:title\" content=\"Boletim Focus: mercado reduz estimativa infla\u00e7\u00e3o para 2024\" \/>\n<meta property=\"og:description\" content=\"A previs\u00e3o do mercado financeiro para IPCA caiu de 3,91% para 3,9% este ano, segundo Boletim Focus divulgado nesta ter\u00e7a.\" \/>\n<meta property=\"og:url\" content=\"https:\/\/www.suno.com.br\/noticias\/boletim-focus-mercado-reduz-estimativa-inflacao-2024-va\/\" \/>\n<meta property=\"og:site_name\" content=\"Suno Not\u00edcias\" \/>\n<meta property=\"article:publisher\" content=\"https:\/\/facebook.com\/sunoresearch\" \/>\n<meta property=\"og:image\" content=\"https:\/\/files.sunoresearch.com.br\/n\/uploads\/2023\/05\/inflacao-2.jpg\" \/>\n\t<meta property=\"og:image:width\" content=\"1200\" \/>\n\t<meta property=\"og:image:height\" content=\"800\" \/>\n\t<meta property=\"og:image:type\" content=\"image\/jpeg\" \/>\n<meta name=\"author\" content=\"Vin\u00edcius Alves\" \/>\n<meta name=\"twitter:card\" content=\"summary_large_image\" \/>\n<meta name=\"twitter:creator\" content=\"@sunoresearch\" \/>\n<meta name=\"twitter:site\" content=\"@sunoresearch\" \/>\n<meta name=\"twitter:label1\" content=\"Escrito por\" \/>\n\t<meta name=\"twitter:data1\" content=\"Vin\u00edcius Alves\" \/>\n\t<meta name=\"twitter:label2\" content=\"Est. tempo de leitura\" \/>\n\t<meta name=\"twitter:data2\" content=\"3 minutos\" \/>\n<script type=\"application\/ld+json\" class=\"yoast-schema-graph\">{\"@context\":\"https:\/\/schema.org\",\"@graph\":[{\"@type\":\"NewsArticle\",\"@id\":\"https:\/\/www.suno.com.br\/noticias\/boletim-focus-mercado-reduz-estimativa-inflacao-2024-va\/#article\",\"isPartOf\":{\"@id\":\"https:\/\/www.suno.com.br\/noticias\/boletim-focus-mercado-reduz-estimativa-inflacao-2024-va\/\"},\"author\":{\"name\":\"Vin\u00edcius Alves\",\"@id\":\"https:\/\/www.suno.com.br\/noticias\/#\/schema\/person\/4a180549702d0e236b3e420862bcded3\"},\"headline\":\"Boletim Focus: mercado reduz estimativa para infla\u00e7\u00e3o; proje\u00e7\u00e3o da Selic \u00e9 de 9% para 2024\",\"datePublished\":\"2024-01-02T14:54:18+00:00\",\"dateModified\":\"2024-01-02T15:02:38+00:00\",\"mainEntityOfPage\":{\"@id\":\"https:\/\/www.suno.com.br\/noticias\/boletim-focus-mercado-reduz-estimativa-inflacao-2024-va\/\"},\"wordCount\":484,\"publisher\":{\"@id\":\"https:\/\/www.suno.com.br\/noticias\/#organization\"},\"image\":{\"@id\":\"https:\/\/www.suno.com.br\/noticias\/boletim-focus-mercado-reduz-estimativa-inflacao-2024-va\/#primaryimage\"},\"thumbnailUrl\":\"https:\/\/files.sunoresearch.com.br\/n\/uploads\/2023\/05\/inflacao-2.jpg\",\"keywords\":[\"Economia\"],\"articleSection\":[\"Economia\"],\"inLanguage\":\"pt-BR\"},{\"@type\":\"WebPage\",\"@id\":\"https:\/\/www.suno.com.br\/noticias\/boletim-focus-mercado-reduz-estimativa-inflacao-2024-va\/\",\"url\":\"https:\/\/www.suno.com.br\/noticias\/boletim-focus-mercado-reduz-estimativa-inflacao-2024-va\/\",\"name\":\"Boletim Focus: mercado reduz estimativa infla\u00e7\u00e3o para 2024\",\"isPartOf\":{\"@id\":\"https:\/\/www.suno.com.br\/noticias\/#website\"},\"primaryImageOfPage\":{\"@id\":\"https:\/\/www.suno.com.br\/noticias\/boletim-focus-mercado-reduz-estimativa-inflacao-2024-va\/#primaryimage\"},\"image\":{\"@id\":\"https:\/\/www.suno.com.br\/noticias\/boletim-focus-mercado-reduz-estimativa-inflacao-2024-va\/#primaryimage\"},\"thumbnailUrl\":\"https:\/\/files.sunoresearch.com.br\/n\/uploads\/2023\/05\/inflacao-2.jpg\",\"datePublished\":\"2024-01-02T14:54:18+00:00\",\"dateModified\":\"2024-01-02T15:02:38+00:00\",\"description\":\"A previs\u00e3o do mercado financeiro para IPCA caiu de 3,91% para 3,9% este ano, segundo Boletim Focus divulgado nesta ter\u00e7a.\",\"breadcrumb\":{\"@id\":\"https:\/\/www.suno.com.br\/noticias\/boletim-focus-mercado-reduz-estimativa-inflacao-2024-va\/#breadcrumb\"},\"inLanguage\":\"pt-BR\",\"potentialAction\":[{\"@type\":\"ReadAction\",\"target\":[\"https:\/\/www.suno.com.br\/noticias\/boletim-focus-mercado-reduz-estimativa-inflacao-2024-va\/\"]}]},{\"@type\":\"ImageObject\",\"inLanguage\":\"pt-BR\",\"@id\":\"https:\/\/www.suno.com.br\/noticias\/boletim-focus-mercado-reduz-estimativa-inflacao-2024-va\/#primaryimage\",\"url\":\"https:\/\/files.sunoresearch.com.br\/n\/uploads\/2023\/05\/inflacao-2.jpg\",\"contentUrl\":\"https:\/\/files.sunoresearch.com.br\/n\/uploads\/2023\/05\/inflacao-2.jpg\",\"width\":1200,\"height\":800,\"caption\":\"Infla\u00e7\u00e3o - Foto: iStock\"},{\"@type\":\"BreadcrumbList\",\"@id\":\"https:\/\/www.suno.com.br\/noticias\/boletim-focus-mercado-reduz-estimativa-inflacao-2024-va\/#breadcrumb\",\"itemListElement\":[{\"@type\":\"ListItem\",\"position\":1,\"name\":\"Not\u00edcias\",\"item\":\"https:\/\/www.suno.com.br\/noticias\/\"},{\"@type\":\"ListItem\",\"position\":2,\"name\":\"Economia\",\"item\":\"https:\/\/www.suno.com.br\/noticias\/economia\/\"},{\"@type\":\"ListItem\",\"position\":3,\"name\":\"Boletim Focus: mercado reduz estimativa para infla\u00e7\u00e3o; proje\u00e7\u00e3o da Selic \u00e9 de 9% para 2024\"}]},{\"@type\":\"WebSite\",\"@id\":\"https:\/\/www.suno.com.br\/noticias\/#website\",\"url\":\"https:\/\/www.suno.com.br\/noticias\/\",\"name\":\"Suno Not\u00edcias\",\"description\":\"Seu portal de informa\u00e7\u00e3o sobre o mundo dos investimentos\",\"publisher\":{\"@id\":\"https:\/\/www.suno.com.br\/noticias\/#organization\"},\"potentialAction\":[{\"@type\":\"SearchAction\",\"target\":{\"@type\":\"EntryPoint\",\"urlTemplate\":\"https:\/\/www.suno.com.br\/noticias\/?s={search_term_string}\"},\"query-input\":{\"@type\":\"PropertyValueSpecification\",\"valueRequired\":true,\"valueName\":\"search_term_string\"}}],\"inLanguage\":\"pt-BR\"},{\"@type\":\"Organization\",\"@id\":\"https:\/\/www.suno.com.br\/noticias\/#organization\",\"name\":\"Suno Not\u00edcias\",\"url\":\"https:\/\/www.suno.com.br\/noticias\/\",\"logo\":{\"@type\":\"ImageObject\",\"inLanguage\":\"pt-BR\",\"@id\":\"https:\/\/www.suno.com.br\/noticias\/#\/schema\/logo\/image\/\",\"url\":\"https:\/\/files.sunoresearch.com.br\/n\/uploads\/2021\/09\/suno-logo.png\",\"contentUrl\":\"https:\/\/files.sunoresearch.com.br\/n\/uploads\/2021\/09\/suno-logo.png\",\"width\":180,\"height\":180,\"caption\":\"Suno Not\u00edcias\"},\"image\":{\"@id\":\"https:\/\/www.suno.com.br\/noticias\/#\/schema\/logo\/image\/\"},\"sameAs\":[\"https:\/\/facebook.com\/sunoresearch\",\"https:\/\/x.com\/sunoresearch\",\"https:\/\/www.instagram.com\/suno\",\"https:\/\/www.linkedin.com\/company\/suno-research\/\",\"https:\/\/www.youtube.com\/c\/sunoresearch\"]},{\"@type\":\"Person\",\"@id\":\"https:\/\/www.suno.com.br\/noticias\/#\/schema\/person\/4a180549702d0e236b3e420862bcded3\",\"name\":\"Vin\u00edcius Alves\",\"image\":{\"@type\":\"ImageObject\",\"inLanguage\":\"pt-BR\",\"@id\":\"https:\/\/www.suno.com.br\/noticias\/#\/schema\/person\/image\/\",\"url\":\"https:\/\/secure.gravatar.com\/avatar\/a95b7fe6d1b813f7907d4f476d5a39e1?s=96&r=g\",\"contentUrl\":\"https:\/\/secure.gravatar.com\/avatar\/a95b7fe6d1b813f7907d4f476d5a39e1?s=96&r=g\",\"caption\":\"Vin\u00edcius Alves\"},\"description\":\"Jornalista formado na Faculdade C\u00e1sper L\u00edbero. Com passagens pela Ag\u00eancia Estado, InfoMoney e Editora Globo.\",\"url\":\"https:\/\/www.suno.com.br\/noticias\/author\/vini08correiagmail-com\/\"}]}<\/script>\n<!-- \/ Yoast SEO plugin. -->","yoast_head_json":{"title":"Boletim Focus: mercado reduz estimativa infla\u00e7\u00e3o para 2024","description":"A previs\u00e3o do mercado financeiro para IPCA caiu de 3,91% para 3,9% este ano, segundo Boletim Focus divulgado nesta ter\u00e7a.","robots":{"index":"index","follow":"follow","max-snippet":"max-snippet:-1","max-image-preview":"max-image-preview:large","max-video-preview":"max-video-preview:-1"},"canonical":"https:\/\/www.suno.com.br\/noticias\/boletim-focus-mercado-reduz-estimativa-inflacao-2024-va\/","og_locale":"pt_BR","og_type":"article","og_title":"Boletim Focus: mercado reduz estimativa infla\u00e7\u00e3o para 2024","og_description":"A previs\u00e3o do mercado financeiro para IPCA caiu de 3,91% para 3,9% este ano, segundo Boletim Focus divulgado nesta ter\u00e7a.","og_url":"https:\/\/www.suno.com.br\/noticias\/boletim-focus-mercado-reduz-estimativa-inflacao-2024-va\/","og_site_name":"Suno Not\u00edcias","article_publisher":"https:\/\/facebook.com\/sunoresearch","og_image":[{"width":1200,"height":800,"url":"https:\/\/files.sunoresearch.com.br\/n\/uploads\/2023\/05\/inflacao-2.jpg","type":"image\/jpeg"}],"author":"Vin\u00edcius Alves","twitter_card":"summary_large_image","twitter_creator":"@sunoresearch","twitter_site":"@sunoresearch","twitter_misc":{"Escrito por":"Vin\u00edcius Alves","Est. tempo de leitura":"3 minutos"},"schema":{"@context":"https:\/\/schema.org","@graph":[{"@type":"NewsArticle","@id":"https:\/\/www.suno.com.br\/noticias\/boletim-focus-mercado-reduz-estimativa-inflacao-2024-va\/#article","isPartOf":{"@id":"https:\/\/www.suno.com.br\/noticias\/boletim-focus-mercado-reduz-estimativa-inflacao-2024-va\/"},"author":{"name":"Vin\u00edcius Alves","@id":"https:\/\/www.suno.com.br\/noticias\/#\/schema\/person\/4a180549702d0e236b3e420862bcded3"},"headline":"Boletim Focus: mercado reduz estimativa para infla\u00e7\u00e3o; proje\u00e7\u00e3o da Selic \u00e9 de 9% para 2024","datePublished":"2024-01-02T14:54:18+00:00","dateModified":"2024-01-02T15:02:38+00:00","mainEntityOfPage":{"@id":"https:\/\/www.suno.com.br\/noticias\/boletim-focus-mercado-reduz-estimativa-inflacao-2024-va\/"},"wordCount":484,"publisher":{"@id":"https:\/\/www.suno.com.br\/noticias\/#organization"},"image":{"@id":"https:\/\/www.suno.com.br\/noticias\/boletim-focus-mercado-reduz-estimativa-inflacao-2024-va\/#primaryimage"},"thumbnailUrl":"https:\/\/files.sunoresearch.com.br\/n\/uploads\/2023\/05\/inflacao-2.jpg","keywords":["Economia"],"articleSection":["Economia"],"inLanguage":"pt-BR"},{"@type":"WebPage","@id":"https:\/\/www.suno.com.br\/noticias\/boletim-focus-mercado-reduz-estimativa-inflacao-2024-va\/","url":"https:\/\/www.suno.com.br\/noticias\/boletim-focus-mercado-reduz-estimativa-inflacao-2024-va\/","name":"Boletim Focus: mercado reduz estimativa infla\u00e7\u00e3o para 2024","isPartOf":{"@id":"https:\/\/www.suno.com.br\/noticias\/#website"},"primaryImageOfPage":{"@id":"https:\/\/www.suno.com.br\/noticias\/boletim-focus-mercado-reduz-estimativa-inflacao-2024-va\/#primaryimage"},"image":{"@id":"https:\/\/www.suno.com.br\/noticias\/boletim-focus-mercado-reduz-estimativa-inflacao-2024-va\/#primaryimage"},"thumbnailUrl":"https:\/\/files.sunoresearch.com.br\/n\/uploads\/2023\/05\/inflacao-2.jpg","datePublished":"2024-01-02T14:54:18+00:00","dateModified":"2024-01-02T15:02:38+00:00","description":"A previs\u00e3o do mercado financeiro para IPCA caiu de 3,91% para 3,9% este ano, segundo Boletim Focus divulgado nesta ter\u00e7a.","breadcrumb":{"@id":"https:\/\/www.suno.com.br\/noticias\/boletim-focus-mercado-reduz-estimativa-inflacao-2024-va\/#breadcrumb"},"inLanguage":"pt-BR","potentialAction":[{"@type":"ReadAction","target":["https:\/\/www.suno.com.br\/noticias\/boletim-focus-mercado-reduz-estimativa-inflacao-2024-va\/"]}]},{"@type":"ImageObject","inLanguage":"pt-BR","@id":"https:\/\/www.suno.com.br\/noticias\/boletim-focus-mercado-reduz-estimativa-inflacao-2024-va\/#primaryimage","url":"https:\/\/files.sunoresearch.com.br\/n\/uploads\/2023\/05\/inflacao-2.jpg","contentUrl":"https:\/\/files.sunoresearch.com.br\/n\/uploads\/2023\/05\/inflacao-2.jpg","width":1200,"height":800,"caption":"Infla\u00e7\u00e3o - Foto: iStock"},{"@type":"BreadcrumbList","@id":"https:\/\/www.suno.com.br\/noticias\/boletim-focus-mercado-reduz-estimativa-inflacao-2024-va\/#breadcrumb","itemListElement":[{"@type":"ListItem","position":1,"name":"Not\u00edcias","item":"https:\/\/www.suno.com.br\/noticias\/"},{"@type":"ListItem","position":2,"name":"Economia","item":"https:\/\/www.suno.com.br\/noticias\/economia\/"},{"@type":"ListItem","position":3,"name":"Boletim Focus: mercado reduz estimativa para infla\u00e7\u00e3o; proje\u00e7\u00e3o da Selic \u00e9 de 9% para 2024"}]},{"@type":"WebSite","@id":"https:\/\/www.suno.com.br\/noticias\/#website","url":"https:\/\/www.suno.com.br\/noticias\/","name":"Suno Not\u00edcias","description":"Seu portal de informa\u00e7\u00e3o sobre o mundo dos investimentos","publisher":{"@id":"https:\/\/www.suno.com.br\/noticias\/#organization"},"potentialAction":[{"@type":"SearchAction","target":{"@type":"EntryPoint","urlTemplate":"https:\/\/www.suno.com.br\/noticias\/?s={search_term_string}"},"query-input":{"@type":"PropertyValueSpecification","valueRequired":true,"valueName":"search_term_string"}}],"inLanguage":"pt-BR"},{"@type":"Organization","@id":"https:\/\/www.suno.com.br\/noticias\/#organization","name":"Suno Not\u00edcias","url":"https:\/\/www.suno.com.br\/noticias\/","logo":{"@type":"ImageObject","inLanguage":"pt-BR","@id":"https:\/\/www.suno.com.br\/noticias\/#\/schema\/logo\/image\/","url":"https:\/\/files.sunoresearch.com.br\/n\/uploads\/2021\/09\/suno-logo.png","contentUrl":"https:\/\/files.sunoresearch.com.br\/n\/uploads\/2021\/09\/suno-logo.png","width":180,"height":180,"caption":"Suno Not\u00edcias"},"image":{"@id":"https:\/\/www.suno.com.br\/noticias\/#\/schema\/logo\/image\/"},"sameAs":["https:\/\/facebook.com\/sunoresearch","https:\/\/x.com\/sunoresearch","https:\/\/www.instagram.com\/suno","https:\/\/www.linkedin.com\/company\/suno-research\/","https:\/\/www.youtube.com\/c\/sunoresearch"]},{"@type":"Person","@id":"https:\/\/www.suno.com.br\/noticias\/#\/schema\/person\/4a180549702d0e236b3e420862bcded3","name":"Vin\u00edcius Alves","image":{"@type":"ImageObject","inLanguage":"pt-BR","@id":"https:\/\/www.suno.com.br\/noticias\/#\/schema\/person\/image\/","url":"https:\/\/secure.gravatar.com\/avatar\/a95b7fe6d1b813f7907d4f476d5a39e1?s=96&r=g","contentUrl":"https:\/\/secure.gravatar.com\/avatar\/a95b7fe6d1b813f7907d4f476d5a39e1?s=96&r=g","caption":"Vin\u00edcius Alves"},"description":"Jornalista formado na Faculdade C\u00e1sper L\u00edbero. Com passagens pela Ag\u00eancia Estado, InfoMoney e Editora Globo.","url":"https:\/\/www.suno.com.br\/noticias\/author\/vini08correiagmail-com\/"}]}},"default_loop_html":"<div class=\"cardsPage__listCard__boxs\"><div class=\"cardsPage__listCard__boxs__img\"><a href=\"https:\/\/www.suno.com.br\/noticias\/boletim-focus-mercado-reduz-estimativa-inflacao-2024-va\/\"><img class=\"mask\" src=\"https:\/\/www.suno.com.br\/noticias\/wp-content\/themes\/suno\/resources\/images\/spotlight\/spotlight1img\/bg-mask.png\" alt=\"Image Mask\"\/><img src=\"https:\/\/files.sunoresearch.com.br\/n\/uploads\/2023\/05\/inflacao-2-400x200.jpg\" alt=\"Boletim Focus: mercado reduz estimativa para infla\u00e7\u00e3o; proje\u00e7\u00e3o da Selic \u00e9 de 9% para 2024\"\/><\/a><span class=\"spotlightCategory\"><a href=\"https:\/\/www.suno.com.br\/noticias\/economia\/\">Economia<\/a><\/span><\/div><div class=\"cardsPage__listCard__boxs__content\"><a href=\"https:\/\/www.suno.com.br\/noticias\/boletim-focus-mercado-reduz-estimativa-inflacao-2024-va\/\"><h2 class=\"content__title\">Boletim Focus: mercado reduz estimativa para infla\u00e7\u00e3o; proje\u00e7\u00e3o da Selic \u00e9 de 9% para 2024<\/h2><\/a><div class=\"newsContent__article__meta\"><div class=\"newsContent__article__meta__authorBox\"><a href=\"https:\/\/www.suno.com.br\/noticias\/author\/camila-figueiredosuno-com-br\/\" class=\"authorBox__avatar noMobi\"><img src=\"https:\/\/files.sunoresearch.com.br\/n\/uploads\/2024\/05\/camila-paim-square-150x150.jpg\" alt=\"Camila Paim\"><\/a><div class=\"authorBox__name\"><span>por\n\t\t\t<a href=\"https:\/\/www.suno.com.br\/noticias\/author\/camila-figueiredosuno-com-br\/\"><span itemprop=\"author\">Camila Paim<\/span><\/a><\/span><time datetime=\"2024-01-02T11:54:18-03:00\" itemprop=\"datePublished\">02\/01\/2024 11:54<\/time><\/div><\/div><\/div><\/div><\/div>","single_layout":"posts","amp_enabled":true,"_links":{"self":[{"href":"https:\/\/www.suno.com.br\/noticias\/wp-json\/wp\/v2\/posts\/505530"}],"collection":[{"href":"https:\/\/www.suno.com.br\/noticias\/wp-json\/wp\/v2\/posts"}],"about":[{"href":"https:\/\/www.suno.com.br\/noticias\/wp-json\/wp\/v2\/types\/post"}],"author":[{"embeddable":true,"href":"https:\/\/www.suno.com.br\/noticias\/wp-json\/wp\/v2\/users\/301"}],"replies":[{"embeddable":true,"href":"https:\/\/www.suno.com.br\/noticias\/wp-json\/wp\/v2\/comments?post=505530"}],"version-history":[{"count":3,"href":"https:\/\/www.suno.com.br\/noticias\/wp-json\/wp\/v2\/posts\/505530\/revisions"}],"predecessor-version":[{"id":505539,"href":"https:\/\/www.suno.com.br\/noticias\/wp-json\/wp\/v2\/posts\/505530\/revisions\/505539"}],"wp:featuredmedia":[{"embeddable":true,"href":"https:\/\/www.suno.com.br\/noticias\/wp-json\/wp\/v2\/media\/408706"}],"wp:attachment":[{"href":"https:\/\/www.suno.com.br\/noticias\/wp-json\/wp\/v2\/media?parent=505530"}],"wp:term":[{"taxonomy":"category","embeddable":true,"href":"https:\/\/www.suno.com.br\/noticias\/wp-json\/wp\/v2\/categories?post=505530"},{"taxonomy":"post_tag","embeddable":true,"href":"https:\/\/www.suno.com.br\/noticias\/wp-json\/wp\/v2\/tags?post=505530"},{"taxonomy":"suno_strategy","embeddable":true,"href":"https:\/\/www.suno.com.br\/noticias\/wp-json\/wp\/v2\/suno_strategy?post=505530"}],"curies":[{"name":"wp","href":"https:\/\/api.w.org\/{rel}","templated":true}]}}