{"id":505472,"date":"2024-01-02T12:51:42","date_gmt":"2024-01-02T15:51:42","guid":{"rendered":"https:\/\/www.suno.com.br\/noticias\/?p=505472"},"modified":"2024-01-02T12:51:45","modified_gmt":"2024-01-02T15:51:45","slug":"lei-orcamentaria-2024-meta-deficit-primario-zero-sancionada-vetos","status":"publish","type":"post","link":"https:\/\/www.suno.com.br\/noticias\/lei-orcamentaria-2024-meta-deficit-primario-zero-sancionada-vetos\/","title":{"rendered":"Lei Or\u00e7ament\u00e1ria de 2024 com meta de d\u00e9ficit prim\u00e1rio zero \u00e9 sancionada com vetos"},"content":{"rendered":"<p>O presidente Luiz In\u00e1cio Lula da Silva sancionou a Lei de Diretrizes Or\u00e7ament\u00e1rias (LDO) de 2024, que estabelece, entre outros par\u00e2metros, a meta de d\u00e9ficit zero para o resultado prim\u00e1rio das contas p\u00fablicas. A <strong>Lei Or\u00e7ament\u00e1ria de 2024<\/strong>, publicada no <i>Di\u00e1rio Oficial da Uni\u00e3o<\/i> desta ter\u00e7a-feira, admite um intervalo de toler\u00e2ncia para o cumprimento da <a class=\"suno-keyword\" target=\"_blank\" data-force=\"no\" data-priority=\"1\" href=\"https:\/\/www.suno.com.br\/artigos\/meta-fiscal\/\" rel=\"noopener\">meta fiscal<\/a> que tem como limite superior um <a class=\"suno-keyword\" target=\"_blank\" data-force=\"no\" data-priority=\"1\" href=\"https:\/\/www.suno.com.br\/artigos\/superavit-primario\/\" rel=\"noopener\">super\u00e1vit prim\u00e1rio<\/a> de R$ 28,756 bilh\u00f5es e o limite inferior de <a class=\"suno-keyword\" target=\"_blank\" data-force=\"no\" data-priority=\"1\" href=\"https:\/\/www.suno.com.br\/artigos\/deficit-primario\/\" rel=\"noopener\">d\u00e9ficit prim\u00e1rio<\/a> de R$ 28,756 bilh\u00f5es.<\/p>\t<div class=\"wrapper-featured-image\">\n\t\t<figure class=\"spotlightImg\">\n\n\t\t\t<picture>\n\t\t\t\t<source media=\"(max-width: 768px)\" srcset=\"https:\/\/files.sunoresearch.com.br\/n\/uploads\/2023\/12\/Dividendos-4-400x200.jpg\">\n\t\t\t\t<img loading=\"lazy\" decoding=\"async\" class=\"newsContent__article__imgCapa lazyloadDisabled \" src=\"https:\/\/files.sunoresearch.com.br\/n\/uploads\/2023\/12\/Dividendos-4-800x450.jpg\" width=\"800\" height=\"450\" alt=\"Lei Or\u00e7ament\u00e1ria de 2024 com meta de d\u00e9ficit prim\u00e1rio zero \u00e9 sancionada com vetos\" fetchpriority=high \/>\n\t\t\t<\/picture>\n\n\t\t\t<figcaption class=\"wp-caption-text wp-caption-text--show\">Lei Or\u00e7ament\u00e1ria 2024. Foto: Pixabay<\/figcaption>\n\t\t<\/figure>\n\t<\/div>\n\n\n\n\n\n\t<p>\n\t\t<a href=\"\" target=\"_blank\" data-element=\"shortcode-suno-banner\" title=\"Banner SUNO, clique e saiba mais\">\n\t\t\t<picture>\n\t\t\t\t<source media=\"(max-width: 500px)\" srcset=\"\">\n\t\t\t\t<img class=\"newsContent__article__imgCapa newsContent__article__imgCapa--banner\"\n\t\t\t\t\tsrc=\"\"\n\t\t\t\t\tdata-promo-id=\"240038\"\t\t\t\t\t\t\t\t\t\t\t\t\t\t\talt=\"\"\n\t\t\t\t>\n\t\t\t<\/picture>\n\t\t<\/a>\n\t<\/p>\n\n\n\n\n\n\n\n<p>O texto, aprovado pelo Congresso em 19 de dezembro, traz orienta\u00e7\u00f5es para a elabora\u00e7\u00e3o do <strong>Or\u00e7amento de 2024<\/strong> e fixa par\u00e2metros para a aloca\u00e7\u00e3o de recursos para garantir a realiza\u00e7\u00e3o das metas e objetivos contemplados no Plano Plurianual (PPA).<\/p>\n\n\n\n<p>Entre as diretrizes, est\u00e1 a <strong>meta de <a class=\"suno-keyword\" data-force=\"no\" data-priority=\"1\" href=\"https:\/\/www.suno.com.br\/artigos\/deficit-primario\/\" target=\"_blank\" rel=\"noopener\">d\u00e9ficit prim\u00e1rio<\/a> zero<\/strong> para este ano, ou seja, os gastos federais n\u00e3o podem superar o somat\u00f3rio da arrecada\u00e7\u00e3o com tributos e outras fontes. Para <a href=\"https:\/\/agenciabrasil.ebc.com.br\/economia\/noticia\/2023-12\/haddad-diz-que-continuara-buscar-deficit-zero-em-2024\" target=\"_blank\" rel=\"noreferrer noopener\">cumprir a meta fiscal<\/a>, o governo precisa obter R$ 168 bilh\u00f5es em <strong>receitas extras<\/strong> em 2024.<\/p>\n\n\n\n<p>A LDO tamb\u00e9m prev\u00ea um teto de R$ 4,9 bilh\u00f5es para o <strong>Fundo Eleitoral<\/strong>, que poder\u00e1 ser utilizado pelos partidos pol\u00edticos em gastos com as elei\u00e7\u00f5es municipais de 2024.<\/p>\n\n\n\n<p>Na sequ\u00eancia \u00e0 aprecia\u00e7\u00e3o da LDO, os parlamentares tamb\u00e9m aprovaram, em 22 de dezembro, o p<strong>rojeto da lei or\u00e7ament\u00e1ria <\/strong>para este ano, que prev\u00ea despesas de R$ 5,5 trilh\u00f5es.<\/p>\n\n\n\n<p>Tradicionalmente a vota\u00e7\u00e3o da Lei Or\u00e7ament\u00e1ria Anual (LOA) \u00e9 a \u00faltima atividade do Legislativo antes do in\u00edcio do recesso, j\u00e1 que os parlamentares devem fechar o ano com o or\u00e7amento para o pr\u00f3ximo ano aprovado.<\/p>\n\n\n\n<p>A <strong>lei or\u00e7ament\u00e1ria<\/strong> foi sancionada com diversos vetos, entre eles o dispositivo que estabelecia que os recursos para pagamento de emendas individuais e de bancada estadual deveriam ser empenhados at\u00e9 30 dias ap\u00f3s a assinatura da proposta. Segundo as raz\u00f5es do veto, publicadas tamb\u00e9m no DOU, &#8220;o dispositivo estabeleceria cronograma obrigat\u00f3rio para empenho e pagamento de emendas individuais e de bancada estadual, o que atingiria diretamente a gest\u00e3o da execu\u00e7\u00e3o or\u00e7ament\u00e1ria e financeira do Poder Executivo federal, sem previs\u00e3o constitucional expressa e violaria o disposto no art. 2\u00ba da Constitui\u00e7\u00e3o, bem como iria de encontro ao primado de que o Poder Executivo federal estabelece o cronograma financeiro de desembolso, previsto na Lei Complementar n\u00ba 101, de 4 de maio de 2000 &#8211; Lei de Responsabilidade Fiscal. Adicionalmente, cumpre observar que o prazo de 30 dias para empenho poderia conflitar com a sistem\u00e1tica de execu\u00e7\u00e3o das despesas or\u00e7ament\u00e1rias, que varia de acordo com cada modalidade de execu\u00e7\u00e3o e contrata\u00e7\u00e3o, e requer o cumprimento de etapas regulares no \u00e2mbito dos processos administrativos. Portanto, depende de eventos que n\u00e3o necessariamente se concretizam nesse lapso temporal&#8221;.<\/p>\n\n\n\n<p>Tamb\u00e9m foi vetado na <strong>Lei Or\u00e7ament\u00e1ria deste ano<\/strong> o dispositivo que previa o pagamento integral at\u00e9 30 de junho de 2024, das emendas transferidas na modalidade fundo a fundo para entes (sa\u00fade e assist\u00eancia social). &#8220;O preceito atingiria diretamente a gest\u00e3o da execu\u00e7\u00e3o or\u00e7ament\u00e1ria e financeira do Poder Executivo federal sem previs\u00e3o constitucional expressa, o que violaria assim o disposto no art. 2\u00ba da Constitui\u00e7\u00e3o. Por fim, em rela\u00e7\u00e3o ao prazo de pagamento integral de transfer\u00eancias autom\u00e1ticas e regulares no \u00e2mbito do Sistema \u00danico de Sa\u00fade &#8211; SUS e do Sistema \u00danico de Assist\u00eancia Social &#8211; SUAS (at\u00e9 30 de junho de 2024), cumpre salientar ainda que, al\u00e9m de aumentar a rigidez na gest\u00e3o or\u00e7ament\u00e1ria e financeira e dificultar a gest\u00e3o das finan\u00e7as p\u00fablicas, com impacto potencial na efici\u00eancia, efic\u00e1cia e efetividade da administra\u00e7\u00e3o, tal dispositivo seria incompat\u00edvel com o disposto no art. 8\u00ba da Lei de Responsabilidade Fiscal, segundo o qual compete ao Poder Executivo federal estabelecer a programa\u00e7\u00e3o financeira e o cronograma de execu\u00e7\u00e3o mensal de desembolso&#8221;, justifica o <strong>governo federal<\/strong>.<\/p>\n\n\n\n<p>Outro ponto vetado estabelecia a devolu\u00e7\u00e3o de recursos ao governo federal caso os entes federados n\u00e3o efetuassem pagamento a prestadores de assist\u00eancia complementar ao SUS em at\u00e9 30 dias ap\u00f3s o prazo estipulado. &#8220;A medida contraria o interesse p\u00fablico, uma vez que poderia produzir uma s\u00e9rie de inefici\u00eancias procedimentais que prejudicariam ainda mais a popula\u00e7\u00e3o sujeita a eventuais atrasos nos referidos pagamentos.&#8221;<\/p>\n\n\n\t<p>\n\t\t<a href=\"https:\/\/lp.suno.com.br\/ebook-gratuito-investindo-no-exterior\/\" target=\"_blank\" data-element=\"shortcode-suno-banner\" title=\"Banner SUNO, clique e saiba mais\">\n\t\t\t<picture>\n\t\t\t\t<source media=\"(max-width: 500px)\" srcset=\"https:\/\/files.sunoresearch.com.br\/n\/uploads\/2023\/03\/400x300-Investindo-no-exterior.png\">\n\t\t\t\t<img class=\"newsContent__article__imgCapa newsContent__article__imgCapa--banner\"\n\t\t\t\t\tsrc=\"https:\/\/files.sunoresearch.com.br\/n\/uploads\/2023\/03\/1420x240-Investindo-no-exterior.png\"\n\t\t\t\t\tdata-promo-id=\"383161\"\t\t\t\t\t\t\t\t\t\twidth='1420' height='240'\t\t\t\t\talt=\"https:\/\/files.sunoresearch.com.br\/n\/uploads\/2023\/03\/1420x240-Investindo-no-exterior.png\"\n\t\t\t\t>\n\t\t\t<\/picture>\n\t\t<\/a>\n\t<\/p>\n\n\n\n\n\n<h2 class=\"wp-block-heading\">Lei Or\u00e7ament\u00e1ria: vetos<\/h2>\n\n\n\n<p>Tamb\u00e9m foi vetado dispositivo que dizia que despesas financiadas por recursos oriundos de emendas impositivas teriam prioridade para pagamento em rela\u00e7\u00e3o \u00e0s demais despesas discricion\u00e1rias. &#8220;Tal tratamento seria consubstanciado na obrigatoriedade de execu\u00e7\u00e3o dessas despesas at\u00e9 data definida e de seu tratamento priorit\u00e1rio, em detrimento das demais despesas p\u00fablicas. Deve-se notar que a caracter\u00edstica distintiva das despesas classificadas com RP 6 est\u00e1 no fato de elas resultarem de emendas individuais, inseridas durante o processo legislativo.&#8221; Al\u00e9m disso, complementa o governo nas raz\u00f5es do veto, &#8220;a imposi\u00e7\u00e3o de antecipa\u00e7\u00e3o de <a class=\"suno-keyword\" target=\"_blank\" data-force=\"no\" data-priority=\"1\" href=\"https:\/\/www.suno.com.br\/artigos\/recursos-financeiros\/\" rel=\"noopener\">recursos financeiros<\/a> e, consequentemente, o pagamento antecipado de despesa prevista para o exerc\u00edcio colocaria em risco a prerrogativa do Poder Executivo federal de administrar o fluxo de caixa da Conta \u00danica do Tesouro Nacional e, conforme disp\u00f5e o par\u00e1grafo 18 art. 166 da Constitui\u00e7\u00e3o, as emendas individuais impositivas s\u00e3o submetidas \u00e0 limita\u00e7\u00e3o or\u00e7ament\u00e1ria e financeira para fins de cumprimento da <a class=\"suno-keyword\" target=\"_blank\" data-force=\"no\" data-priority=\"1\" href=\"https:\/\/www.suno.com.br\/artigos\/meta-fiscal\/\" rel=\"noopener\">meta fiscal<\/a> do exerc\u00edcio e de sua antecipa\u00e7\u00e3o&#8221;.<\/p>\n\n\n\n<p>Outro veto foi ao dispositivo que instituiria, por meio da <strong>Lei Or\u00e7ament\u00e1ria<\/strong>, prazo m\u00ednimo para o cumprimento de cl\u00e1usulas suspensivas de instrumentos de transfer\u00eancias volunt\u00e1rias, &#8220;o que poderia ocasionar inseguran\u00e7a jur\u00eddica na manuten\u00e7\u00e3o e execu\u00e7\u00e3o de restos a pagar no \u00e2mbito da Uni\u00e3o&#8221;. &#8220;Isso porque, ao ser proposta pelo Poder Executivo federal ano a ano e aprovada pelo Poder Legislativo na mesma periodicidade, teria a Uni\u00e3o que estabelecer regras anuais para a manuten\u00e7\u00e3o e a execu\u00e7\u00e3o de restos a pagar e deixaria de cortejar regras fixas para tanto, como \u00e9 o caso, por exemplo, dos restos a pagar decorrentes de emendas parlamentares impositivas, os quais devem ser regulamentados por lei complementar, conforme prescreve o art. 165, par\u00e1grafo 9\u00ba, inciso III, da Constitui\u00e7\u00e3o, com reda\u00e7\u00e3o dada pela Emenda Constitucional n\u00ba 100, de 26 de junho de 2019&#8221;.<\/p>\n\n\n\n<p>Outro veto de Lula foi \u00e0 emenda apresentada pelo deputado Eduardo Bolsonaro (PL-SP) e aprovada pelos parlamentares na vota\u00e7\u00e3o final da LDO que pro\u00edbe eventuais despesas com invas\u00e3o ou ocupa\u00e7\u00e3o de propriedades rurais privadas; realiza\u00e7\u00e3o de abortos n\u00e3o permitidos em lei; cirurgias para troca de sexo de crian\u00e7as e adolescentes; a\u00e7\u00f5es que possam influenciar &#8220;crian\u00e7as e adolescentes, da creche ao ensino m\u00e9dio, a terem op\u00e7\u00f5es sexuais diferentes do sexo biol\u00f3gico&#8221;; e a\u00e7\u00f5es tendentes a desconstruir, diminuir ou extinguir o conceito de fam\u00edlia tradicional, formado por pai, m\u00e3e e filhos.<\/p>\n\n\n\n<p>Nenhum desses t\u00f3picos estava previsto no <strong>projeto da LDO<\/strong> e haviam sido rejeitados na Comiss\u00e3o Mista de Or\u00e7amento (CMO). O pr\u00f3prio relator do texto, deputado Danilo Forte (Uni\u00e3o-CE), considerou a emenda de destaque um \u201cjabuti\u201d, estranho ao texto.<\/p>\n\n\n\n<p>\u201cO texto da emenda tamb\u00e9m gera forte inseguran\u00e7a jur\u00eddica, frente \u00e0 proposta que trazia, de forma vaga, a veda\u00e7\u00e3o a despesas que \u2018direta ou indiretamente, promovam, incentivem ou financiem\u2019 v\u00e1rias condutas\u201d, explicou o governo, em comunicado.<\/p>\n\n\n\n<p>Entre outros, o presidente vetou o uso dos recursos da Uni\u00e3o destinados ao Fundo de Manuten\u00e7\u00e3o e Desenvolvimento da Educa\u00e7\u00e3o B\u00e1sica e de Valoriza\u00e7\u00e3o dos Profissionais da Educa\u00e7\u00e3o (<strong>Fundeb<\/strong>) para pagar despesas de transporte, alimenta\u00e7\u00e3o e fornecimento de uniforme e kit escolares. Foi vetada ainda a possibilidade de aloca\u00e7\u00e3o de recursos da Uni\u00e3o para constru\u00e7\u00e3o e manuten\u00e7\u00e3o de vias estaduais e municipais, que n\u00e3o est\u00e3o em sua esfera de compet\u00eancia.<\/p>\n\n\n\n<p>Lula tamb\u00e9m vetou a possibilidade de destina\u00e7\u00e3o de recursos para constru\u00e7\u00e3o, amplia\u00e7\u00e3o ou conclus\u00e3o de obras a entidades privadas sem fins lucrativos e a reserva de, no m\u00ednimo, 30% de recursos de programas de moradia, como o Minha Casa, Minha Vida, para cidades com at\u00e9 50 mil habitantes.<\/p>\n\n\n\n<p>O<strong> texto da LDO<\/strong> aprovado pelo Congresso previa ainda que o Minist\u00e9rio do Meio Ambiente deveria executar a\u00e7\u00f5es, atividades e estrat\u00e9gias voltadas ao bem-estar animal, \u00e0 aten\u00e7\u00e3o veterin\u00e1ria e ao controle populacional \u00e9tico, inclusive para a castra\u00e7\u00e3o. <\/p>\n\n\n\n<p>O trecho foi vetado por Lula j\u00e1 que \u00e9 estranho ao objetivo da<strong> Lei Or\u00e7ament\u00e1ria<\/strong>.<\/p>\n\n\n\n<p><em>Com Estad\u00e3o Conte\u00fado<\/em> <em>e Ag\u00eancia Brasil<\/em><\/p>\n\n\n\t<p>\n\t\t<a href=\"https:\/\/lp.suno.com.br\/planilha-da-vida-financeira\/\" target=\"_blank\" data-element=\"shortcode-suno-banner\" title=\"Banner SUNO, clique e saiba mais\">\n\t\t\t<picture>\n\t\t\t\t<source media=\"(max-width: 500px)\" srcset=\"https:\/\/files.sunoresearch.com.br\/n\/uploads\/2023\/04\/400x300-Planilha-vida-financeira-true.png\">\n\t\t\t\t<img class=\"newsContent__article__imgCapa newsContent__article__imgCapa--banner\"\n\t\t\t\t\tsrc=\"https:\/\/files.sunoresearch.com.br\/n\/uploads\/2023\/04\/1420x240-Planilha-vida-financeira-true.png\"\n\t\t\t\t\tdata-promo-id=\"383123\"\t\t\t\t\t\t\t\t\t\twidth='1420' height='240'\t\t\t\t\talt=\"https:\/\/files.sunoresearch.com.br\/n\/uploads\/2023\/04\/1420x240-Planilha-vida-financeira-true.png\"\n\t\t\t\t>\n\t\t\t<\/picture>\n\t\t<\/a>\n\t<\/p>\n\n\n","protected":false},"excerpt":{"rendered":"<p>O presidente Luiz In\u00e1cio Lula da Silva sancionou a Lei de Diretrizes Or\u00e7ament\u00e1rias (LDO) de 2024, que estabelece, entre outros par\u00e2metros, a meta de d\u00e9ficit zero para o resultado prim\u00e1rio das contas p\u00fablicas. A Lei Or\u00e7ament\u00e1ria de 2024, publicada no Di\u00e1rio Oficial da Uni\u00e3o desta ter\u00e7a-feira, admite um intervalo de toler\u00e2ncia para o cumprimento da [&hellip;]<\/p>\n","protected":false},"author":43,"featured_media":503176,"comment_status":"closed","ping_status":"closed","sticky":false,"template":"","format":"standard","meta":[],"categories":[61],"tags":[1556,106090,709,1128],"suno_strategy":[],"class_list":["post-505472","post","type-post","status-publish","format-standard","has-post-thumbnail","hentry","category-politica","tag-governo-federal","tag-lei-orcamentaria","tag-lula","tag-orcamento-publico"],"yoast_head":"<!-- This site is optimized with the Yoast SEO plugin v24.4 - https:\/\/yoast.com\/wordpress\/plugins\/seo\/ -->\n<title>Lei Or\u00e7ament\u00e1ria de 2024 com meta de d\u00e9ficit prim\u00e1rio zero \u00e9 sancionada<\/title>\n<meta name=\"description\" content=\"A Lei Or\u00e7ament\u00e1ria admite intervalo de toler\u00e2ncia para o cumprimento da meta fiscal e tem como limite superior um super\u00e1vit de R$ 28,756 bi\" \/>\n<meta name=\"robots\" content=\"index, follow, max-snippet:-1, max-image-preview:large, max-video-preview:-1\" \/>\n<link rel=\"canonical\" href=\"https:\/\/www.suno.com.br\/noticias\/lei-orcamentaria-2024-meta-deficit-primario-zero-sancionada-vetos\/\" \/>\n<meta property=\"og:locale\" content=\"pt_BR\" \/>\n<meta property=\"og:type\" content=\"article\" \/>\n<meta property=\"og:title\" content=\"Lei Or\u00e7ament\u00e1ria de 2024 com meta de d\u00e9ficit prim\u00e1rio zero \u00e9 sancionada\" \/>\n<meta property=\"og:description\" content=\"A Lei Or\u00e7ament\u00e1ria admite intervalo de toler\u00e2ncia para o cumprimento da meta fiscal e tem como limite superior um super\u00e1vit de R$ 28,756 bi\" \/>\n<meta property=\"og:url\" content=\"https:\/\/www.suno.com.br\/noticias\/lei-orcamentaria-2024-meta-deficit-primario-zero-sancionada-vetos\/\" \/>\n<meta property=\"og:site_name\" content=\"Suno Not\u00edcias\" \/>\n<meta property=\"article:publisher\" content=\"https:\/\/facebook.com\/sunoresearch\" \/>\n<meta property=\"article:author\" content=\"https:\/\/www.facebook.com\/sunonoticias\/\" \/>\n<meta property=\"og:image\" content=\"https:\/\/files.sunoresearch.com.br\/n\/uploads\/2023\/12\/Dividendos-4-scaled.jpg\" \/>\n\t<meta property=\"og:image:width\" content=\"2560\" \/>\n\t<meta property=\"og:image:height\" content=\"1707\" \/>\n\t<meta property=\"og:image:type\" content=\"image\/jpeg\" \/>\n<meta name=\"author\" content=\"Reda\u00e7\u00e3o Suno Not\u00edcias\" \/>\n<meta name=\"twitter:card\" content=\"summary_large_image\" \/>\n<meta name=\"twitter:creator\" content=\"@https:\/\/twitter.com\/sunoresearch\" \/>\n<meta name=\"twitter:site\" content=\"@sunoresearch\" \/>\n<meta name=\"twitter:label1\" content=\"Escrito por\" \/>\n\t<meta name=\"twitter:data1\" content=\"Reda\u00e7\u00e3o Suno Not\u00edcias\" \/>\n\t<meta name=\"twitter:label2\" content=\"Est. tempo de leitura\" \/>\n\t<meta name=\"twitter:data2\" content=\"8 minutos\" \/>\n<script type=\"application\/ld+json\" class=\"yoast-schema-graph\">{\"@context\":\"https:\/\/schema.org\",\"@graph\":[{\"@type\":\"NewsArticle\",\"@id\":\"https:\/\/www.suno.com.br\/noticias\/lei-orcamentaria-2024-meta-deficit-primario-zero-sancionada-vetos\/#article\",\"isPartOf\":{\"@id\":\"https:\/\/www.suno.com.br\/noticias\/lei-orcamentaria-2024-meta-deficit-primario-zero-sancionada-vetos\/\"},\"author\":{\"name\":\"Reda\u00e7\u00e3o Suno Not\u00edcias\",\"@id\":\"https:\/\/www.suno.com.br\/noticias\/#\/schema\/person\/c1b1bd3727fa852bd045e9dbff3673ea\"},\"headline\":\"Lei Or\u00e7ament\u00e1ria de 2024 com meta de d\u00e9ficit prim\u00e1rio zero \u00e9 sancionada com vetos\",\"datePublished\":\"2024-01-02T15:51:42+00:00\",\"dateModified\":\"2024-01-02T15:51:45+00:00\",\"mainEntityOfPage\":{\"@id\":\"https:\/\/www.suno.com.br\/noticias\/lei-orcamentaria-2024-meta-deficit-primario-zero-sancionada-vetos\/\"},\"wordCount\":1492,\"publisher\":{\"@id\":\"https:\/\/www.suno.com.br\/noticias\/#organization\"},\"image\":{\"@id\":\"https:\/\/www.suno.com.br\/noticias\/lei-orcamentaria-2024-meta-deficit-primario-zero-sancionada-vetos\/#primaryimage\"},\"thumbnailUrl\":\"https:\/\/files.sunoresearch.com.br\/n\/uploads\/2023\/12\/Dividendos-4-scaled.jpg\",\"keywords\":[\"governo federal\",\"Lei Or\u00e7ament\u00e1ria\",\"Lula\",\"Or\u00e7amento P\u00fablico\"],\"articleSection\":[\"Pol\u00edtica\"],\"inLanguage\":\"pt-BR\"},{\"@type\":\"WebPage\",\"@id\":\"https:\/\/www.suno.com.br\/noticias\/lei-orcamentaria-2024-meta-deficit-primario-zero-sancionada-vetos\/\",\"url\":\"https:\/\/www.suno.com.br\/noticias\/lei-orcamentaria-2024-meta-deficit-primario-zero-sancionada-vetos\/\",\"name\":\"Lei Or\u00e7ament\u00e1ria de 2024 com meta de d\u00e9ficit prim\u00e1rio zero \u00e9 sancionada\",\"isPartOf\":{\"@id\":\"https:\/\/www.suno.com.br\/noticias\/#website\"},\"primaryImageOfPage\":{\"@id\":\"https:\/\/www.suno.com.br\/noticias\/lei-orcamentaria-2024-meta-deficit-primario-zero-sancionada-vetos\/#primaryimage\"},\"image\":{\"@id\":\"https:\/\/www.suno.com.br\/noticias\/lei-orcamentaria-2024-meta-deficit-primario-zero-sancionada-vetos\/#primaryimage\"},\"thumbnailUrl\":\"https:\/\/files.sunoresearch.com.br\/n\/uploads\/2023\/12\/Dividendos-4-scaled.jpg\",\"datePublished\":\"2024-01-02T15:51:42+00:00\",\"dateModified\":\"2024-01-02T15:51:45+00:00\",\"description\":\"A Lei Or\u00e7ament\u00e1ria admite intervalo de toler\u00e2ncia para o cumprimento da meta fiscal e tem como limite superior um super\u00e1vit de R$ 28,756 bi\",\"breadcrumb\":{\"@id\":\"https:\/\/www.suno.com.br\/noticias\/lei-orcamentaria-2024-meta-deficit-primario-zero-sancionada-vetos\/#breadcrumb\"},\"inLanguage\":\"pt-BR\",\"potentialAction\":[{\"@type\":\"ReadAction\",\"target\":[\"https:\/\/www.suno.com.br\/noticias\/lei-orcamentaria-2024-meta-deficit-primario-zero-sancionada-vetos\/\"]}]},{\"@type\":\"ImageObject\",\"inLanguage\":\"pt-BR\",\"@id\":\"https:\/\/www.suno.com.br\/noticias\/lei-orcamentaria-2024-meta-deficit-primario-zero-sancionada-vetos\/#primaryimage\",\"url\":\"https:\/\/files.sunoresearch.com.br\/n\/uploads\/2023\/12\/Dividendos-4-scaled.jpg\",\"contentUrl\":\"https:\/\/files.sunoresearch.com.br\/n\/uploads\/2023\/12\/Dividendos-4-scaled.jpg\",\"width\":2560,\"height\":1707,\"caption\":\"Lei Or\u00e7ament\u00e1ria 2024. Foto: Pixabay\"},{\"@type\":\"BreadcrumbList\",\"@id\":\"https:\/\/www.suno.com.br\/noticias\/lei-orcamentaria-2024-meta-deficit-primario-zero-sancionada-vetos\/#breadcrumb\",\"itemListElement\":[{\"@type\":\"ListItem\",\"position\":1,\"name\":\"Not\u00edcias\",\"item\":\"https:\/\/www.suno.com.br\/noticias\/\"},{\"@type\":\"ListItem\",\"position\":2,\"name\":\"Pol\u00edtica\",\"item\":\"https:\/\/www.suno.com.br\/noticias\/politica\/\"},{\"@type\":\"ListItem\",\"position\":3,\"name\":\"Lei Or\u00e7ament\u00e1ria de 2024 com meta de d\u00e9ficit prim\u00e1rio zero \u00e9 sancionada com vetos\"}]},{\"@type\":\"WebSite\",\"@id\":\"https:\/\/www.suno.com.br\/noticias\/#website\",\"url\":\"https:\/\/www.suno.com.br\/noticias\/\",\"name\":\"Suno Not\u00edcias\",\"description\":\"Seu portal de informa\u00e7\u00e3o sobre o mundo dos investimentos\",\"publisher\":{\"@id\":\"https:\/\/www.suno.com.br\/noticias\/#organization\"},\"potentialAction\":[{\"@type\":\"SearchAction\",\"target\":{\"@type\":\"EntryPoint\",\"urlTemplate\":\"https:\/\/www.suno.com.br\/noticias\/?s={search_term_string}\"},\"query-input\":{\"@type\":\"PropertyValueSpecification\",\"valueRequired\":true,\"valueName\":\"search_term_string\"}}],\"inLanguage\":\"pt-BR\"},{\"@type\":\"Organization\",\"@id\":\"https:\/\/www.suno.com.br\/noticias\/#organization\",\"name\":\"Suno Not\u00edcias\",\"url\":\"https:\/\/www.suno.com.br\/noticias\/\",\"logo\":{\"@type\":\"ImageObject\",\"inLanguage\":\"pt-BR\",\"@id\":\"https:\/\/www.suno.com.br\/noticias\/#\/schema\/logo\/image\/\",\"url\":\"https:\/\/files.sunoresearch.com.br\/n\/uploads\/2021\/09\/suno-logo.png\",\"contentUrl\":\"https:\/\/files.sunoresearch.com.br\/n\/uploads\/2021\/09\/suno-logo.png\",\"width\":180,\"height\":180,\"caption\":\"Suno Not\u00edcias\"},\"image\":{\"@id\":\"https:\/\/www.suno.com.br\/noticias\/#\/schema\/logo\/image\/\"},\"sameAs\":[\"https:\/\/facebook.com\/sunoresearch\",\"https:\/\/x.com\/sunoresearch\",\"https:\/\/www.instagram.com\/suno\",\"https:\/\/www.linkedin.com\/company\/suno-research\/\",\"https:\/\/www.youtube.com\/c\/sunoresearch\"]},{\"@type\":\"Person\",\"@id\":\"https:\/\/www.suno.com.br\/noticias\/#\/schema\/person\/c1b1bd3727fa852bd045e9dbff3673ea\",\"name\":\"Reda\u00e7\u00e3o Suno Not\u00edcias\",\"image\":{\"@type\":\"ImageObject\",\"inLanguage\":\"pt-BR\",\"@id\":\"https:\/\/www.suno.com.br\/noticias\/#\/schema\/person\/image\/\",\"url\":\"https:\/\/secure.gravatar.com\/avatar\/b8104b9b5a71985d5238ee59fbe418af?s=96&r=g\",\"contentUrl\":\"https:\/\/secure.gravatar.com\/avatar\/b8104b9b5a71985d5238ee59fbe418af?s=96&r=g\",\"caption\":\"Reda\u00e7\u00e3o Suno Not\u00edcias\"},\"description\":\"O Suno Not\u00edcias \u00e9 um portal de informa\u00e7\u00f5es sobre Mercado Financeiro, Pol\u00edtica, Neg\u00f3cios, Economia e Finan\u00e7as Pessoais.\",\"sameAs\":[\"https:\/\/www.suno.com.br\/noticias\",\"https:\/\/www.facebook.com\/sunonoticias\/\",\"https:\/\/www.instagram.com\/sunonoticias\/\",\"https:\/\/x.com\/https:\/\/twitter.com\/sunoresearch\",\"https:\/\/www.youtube.com\/sunonoticias\"],\"url\":\"https:\/\/www.suno.com.br\/noticias\/author\/redacao-suno\/\"}]}<\/script>\n<!-- \/ Yoast SEO plugin. -->","yoast_head_json":{"title":"Lei Or\u00e7ament\u00e1ria de 2024 com meta de d\u00e9ficit prim\u00e1rio zero \u00e9 sancionada","description":"A Lei Or\u00e7ament\u00e1ria admite intervalo de toler\u00e2ncia para o cumprimento da meta fiscal e tem como limite superior um super\u00e1vit de R$ 28,756 bi","robots":{"index":"index","follow":"follow","max-snippet":"max-snippet:-1","max-image-preview":"max-image-preview:large","max-video-preview":"max-video-preview:-1"},"canonical":"https:\/\/www.suno.com.br\/noticias\/lei-orcamentaria-2024-meta-deficit-primario-zero-sancionada-vetos\/","og_locale":"pt_BR","og_type":"article","og_title":"Lei Or\u00e7ament\u00e1ria de 2024 com meta de d\u00e9ficit prim\u00e1rio zero \u00e9 sancionada","og_description":"A Lei Or\u00e7ament\u00e1ria admite intervalo de toler\u00e2ncia para o cumprimento da meta fiscal e tem como limite superior um super\u00e1vit de R$ 28,756 bi","og_url":"https:\/\/www.suno.com.br\/noticias\/lei-orcamentaria-2024-meta-deficit-primario-zero-sancionada-vetos\/","og_site_name":"Suno Not\u00edcias","article_publisher":"https:\/\/facebook.com\/sunoresearch","article_author":"https:\/\/www.facebook.com\/sunonoticias\/","og_image":[{"width":2560,"height":1707,"url":"https:\/\/files.sunoresearch.com.br\/n\/uploads\/2023\/12\/Dividendos-4-scaled.jpg","type":"image\/jpeg"}],"author":"Reda\u00e7\u00e3o Suno Not\u00edcias","twitter_card":"summary_large_image","twitter_creator":"@https:\/\/twitter.com\/sunoresearch","twitter_site":"@sunoresearch","twitter_misc":{"Escrito por":"Reda\u00e7\u00e3o Suno Not\u00edcias","Est. tempo de leitura":"8 minutos"},"schema":{"@context":"https:\/\/schema.org","@graph":[{"@type":"NewsArticle","@id":"https:\/\/www.suno.com.br\/noticias\/lei-orcamentaria-2024-meta-deficit-primario-zero-sancionada-vetos\/#article","isPartOf":{"@id":"https:\/\/www.suno.com.br\/noticias\/lei-orcamentaria-2024-meta-deficit-primario-zero-sancionada-vetos\/"},"author":{"name":"Reda\u00e7\u00e3o Suno Not\u00edcias","@id":"https:\/\/www.suno.com.br\/noticias\/#\/schema\/person\/c1b1bd3727fa852bd045e9dbff3673ea"},"headline":"Lei Or\u00e7ament\u00e1ria de 2024 com meta de d\u00e9ficit prim\u00e1rio zero \u00e9 sancionada com vetos","datePublished":"2024-01-02T15:51:42+00:00","dateModified":"2024-01-02T15:51:45+00:00","mainEntityOfPage":{"@id":"https:\/\/www.suno.com.br\/noticias\/lei-orcamentaria-2024-meta-deficit-primario-zero-sancionada-vetos\/"},"wordCount":1492,"publisher":{"@id":"https:\/\/www.suno.com.br\/noticias\/#organization"},"image":{"@id":"https:\/\/www.suno.com.br\/noticias\/lei-orcamentaria-2024-meta-deficit-primario-zero-sancionada-vetos\/#primaryimage"},"thumbnailUrl":"https:\/\/files.sunoresearch.com.br\/n\/uploads\/2023\/12\/Dividendos-4-scaled.jpg","keywords":["governo federal","Lei Or\u00e7ament\u00e1ria","Lula","Or\u00e7amento P\u00fablico"],"articleSection":["Pol\u00edtica"],"inLanguage":"pt-BR"},{"@type":"WebPage","@id":"https:\/\/www.suno.com.br\/noticias\/lei-orcamentaria-2024-meta-deficit-primario-zero-sancionada-vetos\/","url":"https:\/\/www.suno.com.br\/noticias\/lei-orcamentaria-2024-meta-deficit-primario-zero-sancionada-vetos\/","name":"Lei Or\u00e7ament\u00e1ria de 2024 com meta de d\u00e9ficit prim\u00e1rio zero \u00e9 sancionada","isPartOf":{"@id":"https:\/\/www.suno.com.br\/noticias\/#website"},"primaryImageOfPage":{"@id":"https:\/\/www.suno.com.br\/noticias\/lei-orcamentaria-2024-meta-deficit-primario-zero-sancionada-vetos\/#primaryimage"},"image":{"@id":"https:\/\/www.suno.com.br\/noticias\/lei-orcamentaria-2024-meta-deficit-primario-zero-sancionada-vetos\/#primaryimage"},"thumbnailUrl":"https:\/\/files.sunoresearch.com.br\/n\/uploads\/2023\/12\/Dividendos-4-scaled.jpg","datePublished":"2024-01-02T15:51:42+00:00","dateModified":"2024-01-02T15:51:45+00:00","description":"A Lei Or\u00e7ament\u00e1ria admite intervalo de toler\u00e2ncia para o cumprimento da meta fiscal e tem como limite superior um super\u00e1vit de R$ 28,756 bi","breadcrumb":{"@id":"https:\/\/www.suno.com.br\/noticias\/lei-orcamentaria-2024-meta-deficit-primario-zero-sancionada-vetos\/#breadcrumb"},"inLanguage":"pt-BR","potentialAction":[{"@type":"ReadAction","target":["https:\/\/www.suno.com.br\/noticias\/lei-orcamentaria-2024-meta-deficit-primario-zero-sancionada-vetos\/"]}]},{"@type":"ImageObject","inLanguage":"pt-BR","@id":"https:\/\/www.suno.com.br\/noticias\/lei-orcamentaria-2024-meta-deficit-primario-zero-sancionada-vetos\/#primaryimage","url":"https:\/\/files.sunoresearch.com.br\/n\/uploads\/2023\/12\/Dividendos-4-scaled.jpg","contentUrl":"https:\/\/files.sunoresearch.com.br\/n\/uploads\/2023\/12\/Dividendos-4-scaled.jpg","width":2560,"height":1707,"caption":"Lei Or\u00e7ament\u00e1ria 2024. Foto: Pixabay"},{"@type":"BreadcrumbList","@id":"https:\/\/www.suno.com.br\/noticias\/lei-orcamentaria-2024-meta-deficit-primario-zero-sancionada-vetos\/#breadcrumb","itemListElement":[{"@type":"ListItem","position":1,"name":"Not\u00edcias","item":"https:\/\/www.suno.com.br\/noticias\/"},{"@type":"ListItem","position":2,"name":"Pol\u00edtica","item":"https:\/\/www.suno.com.br\/noticias\/politica\/"},{"@type":"ListItem","position":3,"name":"Lei Or\u00e7ament\u00e1ria de 2024 com meta de d\u00e9ficit prim\u00e1rio zero \u00e9 sancionada com vetos"}]},{"@type":"WebSite","@id":"https:\/\/www.suno.com.br\/noticias\/#website","url":"https:\/\/www.suno.com.br\/noticias\/","name":"Suno Not\u00edcias","description":"Seu portal de informa\u00e7\u00e3o sobre o mundo dos investimentos","publisher":{"@id":"https:\/\/www.suno.com.br\/noticias\/#organization"},"potentialAction":[{"@type":"SearchAction","target":{"@type":"EntryPoint","urlTemplate":"https:\/\/www.suno.com.br\/noticias\/?s={search_term_string}"},"query-input":{"@type":"PropertyValueSpecification","valueRequired":true,"valueName":"search_term_string"}}],"inLanguage":"pt-BR"},{"@type":"Organization","@id":"https:\/\/www.suno.com.br\/noticias\/#organization","name":"Suno Not\u00edcias","url":"https:\/\/www.suno.com.br\/noticias\/","logo":{"@type":"ImageObject","inLanguage":"pt-BR","@id":"https:\/\/www.suno.com.br\/noticias\/#\/schema\/logo\/image\/","url":"https:\/\/files.sunoresearch.com.br\/n\/uploads\/2021\/09\/suno-logo.png","contentUrl":"https:\/\/files.sunoresearch.com.br\/n\/uploads\/2021\/09\/suno-logo.png","width":180,"height":180,"caption":"Suno Not\u00edcias"},"image":{"@id":"https:\/\/www.suno.com.br\/noticias\/#\/schema\/logo\/image\/"},"sameAs":["https:\/\/facebook.com\/sunoresearch","https:\/\/x.com\/sunoresearch","https:\/\/www.instagram.com\/suno","https:\/\/www.linkedin.com\/company\/suno-research\/","https:\/\/www.youtube.com\/c\/sunoresearch"]},{"@type":"Person","@id":"https:\/\/www.suno.com.br\/noticias\/#\/schema\/person\/c1b1bd3727fa852bd045e9dbff3673ea","name":"Reda\u00e7\u00e3o Suno Not\u00edcias","image":{"@type":"ImageObject","inLanguage":"pt-BR","@id":"https:\/\/www.suno.com.br\/noticias\/#\/schema\/person\/image\/","url":"https:\/\/secure.gravatar.com\/avatar\/b8104b9b5a71985d5238ee59fbe418af?s=96&r=g","contentUrl":"https:\/\/secure.gravatar.com\/avatar\/b8104b9b5a71985d5238ee59fbe418af?s=96&r=g","caption":"Reda\u00e7\u00e3o Suno Not\u00edcias"},"description":"O Suno Not\u00edcias \u00e9 um portal de informa\u00e7\u00f5es sobre Mercado Financeiro, Pol\u00edtica, Neg\u00f3cios, Economia e Finan\u00e7as Pessoais.","sameAs":["https:\/\/www.suno.com.br\/noticias","https:\/\/www.facebook.com\/sunonoticias\/","https:\/\/www.instagram.com\/sunonoticias\/","https:\/\/x.com\/https:\/\/twitter.com\/sunoresearch","https:\/\/www.youtube.com\/sunonoticias"],"url":"https:\/\/www.suno.com.br\/noticias\/author\/redacao-suno\/"}]}},"default_loop_html":"<div class=\"cardsPage__listCard__boxs\"><div class=\"cardsPage__listCard__boxs__img\"><a href=\"https:\/\/www.suno.com.br\/noticias\/lei-orcamentaria-2024-meta-deficit-primario-zero-sancionada-vetos\/\"><img class=\"mask\" src=\"https:\/\/www.suno.com.br\/noticias\/wp-content\/themes\/suno\/resources\/images\/spotlight\/spotlight1img\/bg-mask.png\" alt=\"Image Mask\"\/><img src=\"https:\/\/files.sunoresearch.com.br\/n\/uploads\/2023\/12\/Dividendos-4-400x200.jpg\" alt=\"Lei Or\u00e7ament\u00e1ria de 2024 com meta de d\u00e9ficit prim\u00e1rio zero \u00e9 sancionada com vetos\"\/><\/a><span class=\"spotlightCategory\"><a href=\"https:\/\/www.suno.com.br\/noticias\/politica\/\">Pol\u00edtica<\/a><\/span><\/div><div class=\"cardsPage__listCard__boxs__content\"><a href=\"https:\/\/www.suno.com.br\/noticias\/lei-orcamentaria-2024-meta-deficit-primario-zero-sancionada-vetos\/\"><h2 class=\"content__title\">Lei Or\u00e7ament\u00e1ria de 2024 com meta de d\u00e9ficit prim\u00e1rio zero \u00e9 sancionada com vetos<\/h2><\/a><div class=\"newsContent__article__meta\"><div class=\"newsContent__article__meta__authorBox\"><a href=\"https:\/\/www.suno.com.br\/noticias\/author\/redacao-suno\/\" class=\"authorBox__avatar noMobi\"><img src=\"https:\/\/files.sunoresearch.com.br\/n\/uploads\/2020\/08\/0ace682d-redacao-1-150x150.webp\" alt=\"Reda\u00e7\u00e3o Suno Not\u00edcias\"><\/a><div class=\"authorBox__name\"><span>por\n\t\t\t<a href=\"https:\/\/www.suno.com.br\/noticias\/author\/redacao-suno\/\"><span itemprop=\"author\">Reda\u00e7\u00e3o Suno Not\u00edcias<\/span><\/a><\/span><time datetime=\"2024-01-02T12:51:42-03:00\" itemprop=\"datePublished\">02\/01\/2024 12:51<\/time><\/div><\/div><\/div><\/div><\/div>","single_layout":"posts","amp_enabled":true,"_links":{"self":[{"href":"https:\/\/www.suno.com.br\/noticias\/wp-json\/wp\/v2\/posts\/505472"}],"collection":[{"href":"https:\/\/www.suno.com.br\/noticias\/wp-json\/wp\/v2\/posts"}],"about":[{"href":"https:\/\/www.suno.com.br\/noticias\/wp-json\/wp\/v2\/types\/post"}],"author":[{"embeddable":true,"href":"https:\/\/www.suno.com.br\/noticias\/wp-json\/wp\/v2\/users\/43"}],"replies":[{"embeddable":true,"href":"https:\/\/www.suno.com.br\/noticias\/wp-json\/wp\/v2\/comments?post=505472"}],"version-history":[{"count":2,"href":"https:\/\/www.suno.com.br\/noticias\/wp-json\/wp\/v2\/posts\/505472\/revisions"}],"predecessor-version":[{"id":505569,"href":"https:\/\/www.suno.com.br\/noticias\/wp-json\/wp\/v2\/posts\/505472\/revisions\/505569"}],"wp:featuredmedia":[{"embeddable":true,"href":"https:\/\/www.suno.com.br\/noticias\/wp-json\/wp\/v2\/media\/503176"}],"wp:attachment":[{"href":"https:\/\/www.suno.com.br\/noticias\/wp-json\/wp\/v2\/media?parent=505472"}],"wp:term":[{"taxonomy":"category","embeddable":true,"href":"https:\/\/www.suno.com.br\/noticias\/wp-json\/wp\/v2\/categories?post=505472"},{"taxonomy":"post_tag","embeddable":true,"href":"https:\/\/www.suno.com.br\/noticias\/wp-json\/wp\/v2\/tags?post=505472"},{"taxonomy":"suno_strategy","embeddable":true,"href":"https:\/\/www.suno.com.br\/noticias\/wp-json\/wp\/v2\/suno_strategy?post=505472"}],"curies":[{"name":"wp","href":"https:\/\/api.w.org\/{rel}","templated":true}]}}