{"id":505420,"date":"2024-01-01T14:52:44","date_gmt":"2024-01-01T17:52:44","guid":{"rendered":"https:\/\/www.suno.com.br\/noticias\/?p=505420"},"modified":"2024-01-01T14:52:50","modified_gmt":"2024-01-01T17:52:50","slug":"novos-ceos-assumem-postos-em-empresas-janeiro-va","status":"publish","type":"post","link":"https:\/\/www.suno.com.br\/noticias\/novos-ceos-assumem-postos-em-empresas-janeiro-va\/","title":{"rendered":"Os novos CEOs que assumem postos em empresas de capital aberto em janeiro"},"content":{"rendered":"<p>O ano de 2023 foi marcado pelo an\u00fancio de trocas de cadeiras em muitas empresas de capital aberto. Parte das novas gest\u00f5es come\u00e7a agora em janeiro de 2024. Entre eles est\u00e3o os novos<strong> CEOs<\/strong> da <a class=\"suno-keyword\" data-force=\"yes\" data-priority=\"2\" href=\"https:\/\/www.suno.com.br\/acoes\/CSAN3\/\" target=\"_blank\" rel=\"noopener\">Cosan (CSAN3)<\/a>, Petro Rec\u00f4ncavo (RECV3), Avon, subsidi\u00e1ria da <a class=\"suno-keyword\" data-force=\"yes\" data-priority=\"2\" href=\"https:\/\/www.suno.com.br\/acoes\/NTCO3\/\" target=\"_blank\" rel=\"noopener\">Natura (NTCO3)<\/a>, Avianca e Grupo Abra.<\/p>\t<div class=\"wrapper-featured-image\">\n\t\t<figure class=\"spotlightImg\">\n\n\t\t\t<picture>\n\t\t\t\t<source media=\"(max-width: 768px)\" srcset=\"https:\/\/files.sunoresearch.com.br\/n\/uploads\/2023\/04\/CEOs-400x200.jpg\">\n\t\t\t\t<img loading=\"lazy\" decoding=\"async\" class=\"newsContent__article__imgCapa lazyloadDisabled \" src=\"https:\/\/files.sunoresearch.com.br\/n\/uploads\/2023\/04\/CEOs-800x450.jpg\" width=\"800\" height=\"450\" alt=\"Os novos CEOs que assumem postos em empresas de capital aberto em janeiro\" fetchpriority=high \/>\n\t\t\t<\/picture>\n\n\t\t\t<figcaption class=\"wp-caption-text wp-caption-text--show\">Os novos CEOs que assumem postos em empresas de capital aberto em janeiro.Foto: Unsplash<\/figcaption>\n\t\t<\/figure>\n\t<\/div>\n\n\n\n\n\n\t<p>\n\t\t<a href=\"https:\/\/lp.suno.com.br\/planilha-da-vida-financeira\/\" target=\"_blank\" data-element=\"shortcode-suno-banner\" title=\"Banner SUNO, clique e saiba mais\">\n\t\t\t<picture>\n\t\t\t\t<source media=\"(max-width: 500px)\" srcset=\"https:\/\/files.sunoresearch.com.br\/n\/uploads\/2023\/04\/400x300-Planilha-vida-financeira-true.png\">\n\t\t\t\t<img class=\"newsContent__article__imgCapa newsContent__article__imgCapa--banner\"\n\t\t\t\t\tsrc=\"https:\/\/files.sunoresearch.com.br\/n\/uploads\/2023\/04\/1420x240-Planilha-vida-financeira-true.png\"\n\t\t\t\t\tdata-promo-id=\"106682\"\t\t\t\t\t\t\t\t\t\twidth='1420' height='240'\t\t\t\t\talt=\"https:\/\/files.sunoresearch.com.br\/n\/uploads\/2023\/04\/1420x240-Planilha-vida-financeira-true.png\"\n\t\t\t\t>\n\t\t\t<\/picture>\n\t\t<\/a>\n\t<\/p>\n\n\n\n\n\n<p>Na Cosan, Nelson Gomes assume o cargo de CEO a partir desta segunda-feira, dia 1\u00ba. Gomes era CEO da Compass, subsidi\u00e1ria da Cosan. O grupo tamb\u00e9m ter\u00e1 um novo CFO, Rodrigo Ara\u00fajo, atual diretor de Estrat\u00e9gia da empresa e ex-CFO da <a class=\"suno-keyword\" target=\"_blank\" data-force=\"yes\" data-priority=\"2\" href=\"https:\/\/www.suno.com.br\/acoes\/PETR4\/\" rel=\"noopener\">Petrobras (PETR4)<\/a>. Em novembro de 2023, tamb\u00e9m foram anunciadas mudan\u00e7as no comando da Compass e da Comg\u00e1s.<\/p>\n\n\n\n<p>O Grupo Abra, controlador da Gol e da Avianca, ter\u00e1 um novo CEO a partir deste m\u00eas. O ent\u00e3o CEO da Avianca, Adrian Neuhauser, assume o comando do Grupo Abra agora em janeiro. Frederico Pedreira, que atualmente \u00e9 CFO da Avianca, ser\u00e1 o novo CEO da companhia a\u00e9rea. A mudan\u00e7a nas lideran\u00e7as acontece em meio a negocia\u00e7\u00f5es da Gol para reestruturar d\u00edvidas com arrendadores de aeronaves e credores.<\/p>\n\n\n\n<p>Na Porto, Paulo Kakinoff, ex-CEO da Gol, assume como CEO a partir desta ter\u00e7a-feira (2). O executivo estava no <a class=\"suno-keyword\" target=\"_blank\" data-force=\"no\" data-priority=\"1\" href=\"https:\/\/www.suno.com.br\/artigos\/conselho-administracao\/\" rel=\"noopener\">conselho de administra\u00e7\u00e3o<\/a> da companhia de seguro desde 2020. Ele substitui Roberto Santos, que ocupa o cargo desde 2018 e agora passa a fazer parte do conselho de administra\u00e7\u00e3o. A sucess\u00e3o anunciada em maio de 2023 estava prevista, pois o estatuto da empresa limita a idade dos CEOs at\u00e9 os 65 anos.<\/p>\n\n\n\n<p>A PetroReconcavo ter\u00e1 um novo CEO a partir desta segunda-feira. Jos\u00e9 Firmo deixa o cargo de diretor-presidente do Porto do A\u00e7u, subsidi\u00e1ria da Prumo, e assume a chefia da petroleira. Ele substituir\u00e1 Marcelo Magalh\u00e3es. A mudan\u00e7a foi anunciada em novembro de 2023.<\/p>\n\n\n\n<p>Kristof Neirynck assume nesta segunda como novo CEO da Avon, subsidi\u00e1ria da Natura. O ent\u00e3o diretor de Marketing da Avon substitui Angela Cretu, que deixa o cargo ap\u00f3s 25 anos na companhia. A troca foi anunciada em novembro do ano passado.<\/p>\n\n\n\n<p>Na Hapvida, o ent\u00e3o diretor de <a class=\"suno-keyword\" target=\"_blank\" data-force=\"no\" data-priority=\"1\" href=\"https:\/\/www.suno.com.br\/artigos\/mercado-de-capitais-conceito\/\" rel=\"noopener\">Mercado de Capitais<\/a> Luccas Adib assume nesta segunda como CFO interino. Ele vai suceder Mauricio Teixeira, que deixou o cargo para assumir um assento no <a class=\"suno-keyword\" target=\"_blank\" data-force=\"no\" data-priority=\"1\" href=\"https:\/\/www.suno.com.br\/artigos\/conselho-administracao\/\" rel=\"noopener\">conselho de administra\u00e7\u00e3o<\/a> e no comit\u00ea financeiro. A mudan\u00e7a anunciada no m\u00eas passado levou \u00e0 queda da a\u00e7\u00e3o porque Teixeira, que tamb\u00e9m j\u00e1 foi CFO da Localiza, era bem visto por investidores.<\/p>\n\n\n\n<p>A Light (LIGT3), em recupera\u00e7\u00e3o judicial, trocou de CEO no \u00faltimo dia de 2023. Carlos Vinicius de S\u00e1 Roriz assumiu o cargo de CEO ap\u00f3s o t\u00e9rmino do per\u00edodo de transi\u00e7\u00e3o da lideran\u00e7a da empresa. Ele substitui Alexandre Ferreira Nogueira que passou a presidente do <a class=\"suno-keyword\" data-force=\"no\" data-priority=\"1\" href=\"https:\/\/www.suno.com.br\/artigos\/conselho-administracao\/\" target=\"_blank\" rel=\"noopener\">conselho de administra\u00e7\u00e3o<\/a> da Light. Ferreira foi nomeado como CEO em 18 de dezembro de 2023 como substituto de Octavio Cortes Pereira Lopes. Foi na gest\u00e3o de Lopes que a Light entrou com pedido de recupera\u00e7\u00e3o judicial por meio da holding.<\/p>\n\n\n\n\t<div data-element=\"shortcode-read-more\" class=\"readToo\">\n\t\t\t\t<span class=\"readToo__title\">Leia mais<\/span>\n\t\t\t\t<ul class=\"readToo__list\">\n\t\t\t<li><a href=\"https:\/\/www.suno.com.br\/noticias\/petrobras-petr4-operacao-plataforma-pre-sal-va\/\">Petrobras (PETR4) come\u00e7a nova opera\u00e7\u00e3o de plataforma no pr\u00e9-sal<\/a><\/li><li><a href=\"https:\/\/www.suno.com.br\/noticias\/cosan-csan3-debentures-32-bilhoes-evm\/\">Cosan (CSAN3) vai emitir R$ 3,2 bilh\u00f5es em deb\u00eantures<\/a><\/li>\t\t<\/ul>\n\t<\/div>\n\n\n\n\n<h2 class=\"wp-block-heading\">CEOs: quais as mudan\u00e7as futuras nas principais empresas?<\/h2>\n\n\n\n<p>Em fevereiro, est\u00e3o previstas mudan\u00e7as no<strong> CEOs <\/strong>da <a class=\"suno-keyword\" data-force=\"yes\" data-priority=\"2\" href=\"https:\/\/www.suno.com.br\/acoes\/DASA3\/\" target=\"_blank\" rel=\"noopener\">Dasa (DASA3)<\/a>, <a class=\"suno-keyword\" data-force=\"yes\" data-priority=\"2\" href=\"https:\/\/www.suno.com.br\/acoes\/JHSF3\/\" target=\"_blank\" rel=\"noopener\">JHSF (JHSF3)<\/a> e <a class=\"suno-keyword\" data-force=\"yes\" data-priority=\"2\" href=\"https:\/\/www.suno.com.br\/acoes\/ALPA4\/\" target=\"_blank\" rel=\"noopener\">Alpargatas (ALPA4)<\/a>. L\u00edcio Cintra, ex-executivo da Hapvida, assume o cargo de CEO da Dasa a partir de 1\u00ba de fevereiro de 2024. Augusto Martins, atual CEO da JHSF Capital, gestora do grupo, assume como CEO da JHSF tamb\u00e9m em fevereiro. Liel Miranda, ex-CEO da Mondelez Brasil, ser\u00e1 o novo CEO da Alpargatas no pr\u00f3ximo m\u00eas.<\/p>\n\n\n\t<p>\n\t\t<a href=\"https:\/\/lp.suno.com.br\/ebook-como-analisar-uma-acao\/\" target=\"_blank\" data-element=\"shortcode-suno-banner\" title=\"Banner SUNO, clique e saiba mais\">\n\t\t\t<picture>\n\t\t\t\t<source media=\"(max-width: 500px)\" srcset=\"https:\/\/files.sunoresearch.com.br\/n\/uploads\/2023\/03\/Ebook-Acoes-Mobile.jpg\">\n\t\t\t\t<img class=\"newsContent__article__imgCapa newsContent__article__imgCapa--banner\"\n\t\t\t\t\tsrc=\"https:\/\/files.sunoresearch.com.br\/n\/uploads\/2023\/03\/Ebook-Acoes-Desktop.jpg\"\n\t\t\t\t\tdata-promo-id=\"378302\"\t\t\t\t\t\t\t\t\t\twidth='1420' height='286'\t\t\t\t\talt=\"https:\/\/files.sunoresearch.com.br\/n\/uploads\/2023\/03\/Ebook-Acoes-Desktop.jpg\"\n\t\t\t\t>\n\t\t\t<\/picture>\n\t\t<\/a>\n\t<\/p>\n\n\n\n\n\n<p>Em mar\u00e7o, Deshnee Naidoo deixar\u00e1 o cargo de CEO da Vale Base Metals, subsidi\u00e1ria da Vale de metais b\u00e1sicos. A empresa ainda n\u00e3o anunciou o substituto. Em abril, Alberto Kuba assume como CEO da <a class=\"suno-keyword\" target=\"_blank\" data-force=\"yes\" data-priority=\"2\" href=\"https:\/\/www.suno.com.br\/acoes\/WEGE3\/\" rel=\"noopener\">Weg (WEGE3)<\/a>, no lugar de Harry Schmelzer J\u00fanior, que deixar\u00e1 o cargo ap\u00f3s 16 anos. Kuba \u00e9 o atual diretor superintendente da divis\u00e3o de Motores El\u00e9tricos Industriais.<\/p>\n\n\n\n<p>Com Estad\u00e3o Conte\u00fado<\/p>\n\n\n\n\n\t<p>\n\t\t<a href=\"https:\/\/lp.suno.com.br\/planilha-da-vida-financeira\/\" target=\"_blank\" data-element=\"shortcode-suno-banner\" title=\"Banner SUNO, clique e saiba mais\">\n\t\t\t<picture>\n\t\t\t\t<source media=\"(max-width: 500px)\" srcset=\"https:\/\/files.sunoresearch.com.br\/n\/uploads\/2023\/04\/400x300-Planilha-vida-financeira-true.png\">\n\t\t\t\t<img class=\"newsContent__article__imgCapa newsContent__article__imgCapa--banner\"\n\t\t\t\t\tsrc=\"https:\/\/files.sunoresearch.com.br\/n\/uploads\/2023\/04\/1420x240-Planilha-vida-financeira-true.png\"\n\t\t\t\t\tdata-promo-id=\"383123\"\t\t\t\t\t\t\t\t\t\twidth='1420' height='240'\t\t\t\t\talt=\"https:\/\/files.sunoresearch.com.br\/n\/uploads\/2023\/04\/1420x240-Planilha-vida-financeira-true.png\"\n\t\t\t\t>\n\t\t\t<\/picture>\n\t\t<\/a>\n\t<\/p>\n\n\n","protected":false},"excerpt":{"rendered":"<p>O ano de 2023 foi marcado pelo an\u00fancio de trocas de cadeiras em muitas empresas de capital aberto. Parte das novas gest\u00f5es come\u00e7a agora em janeiro de 2024. Entre eles est\u00e3o os novos CEOs da Cosan (CSAN3), Petro Rec\u00f4ncavo (RECV3), Avon, subsidi\u00e1ria da Natura (NTCO3), Avianca e Grupo Abra. Os novos CEOs que assumem postos [&hellip;]<\/p>\n","protected":false},"author":43,"featured_media":396929,"comment_status":"closed","ping_status":"closed","sticky":false,"template":"","format":"standard","meta":[],"categories":[64],"tags":[],"suno_strategy":[],"class_list":["post-505420","post","type-post","status-publish","format-standard","has-post-thumbnail","hentry","category-negocios"],"yoast_head":"<!-- This site is optimized with the Yoast SEO plugin v24.4 - https:\/\/yoast.com\/wordpress\/plugins\/seo\/ -->\n<title>Os CEOs que assumem postos em empresas de capital aberto em janeiro<\/title>\n<meta name=\"description\" content=\"O ano de 2023 foi marcado pelo an\u00fancio de trocas de cadeiras em muitas empresas. Parte das novas gest\u00f5es come\u00e7a agora em janeiro de 2024.\" \/>\n<meta name=\"robots\" content=\"index, follow, max-snippet:-1, max-image-preview:large, max-video-preview:-1\" \/>\n<link rel=\"canonical\" href=\"https:\/\/www.suno.com.br\/noticias\/novos-ceos-assumem-postos-em-empresas-janeiro-va\/\" \/>\n<meta property=\"og:locale\" content=\"pt_BR\" \/>\n<meta property=\"og:type\" content=\"article\" \/>\n<meta property=\"og:title\" content=\"Os CEOs que assumem postos em empresas de capital aberto em janeiro\" \/>\n<meta property=\"og:description\" content=\"O ano de 2023 foi marcado pelo an\u00fancio de trocas de cadeiras em muitas empresas. Parte das novas gest\u00f5es come\u00e7a agora em janeiro de 2024.\" \/>\n<meta property=\"og:url\" content=\"https:\/\/www.suno.com.br\/noticias\/novos-ceos-assumem-postos-em-empresas-janeiro-va\/\" \/>\n<meta property=\"og:site_name\" content=\"Suno Not\u00edcias\" \/>\n<meta property=\"article:publisher\" content=\"https:\/\/facebook.com\/sunoresearch\" \/>\n<meta property=\"article:author\" content=\"https:\/\/www.facebook.com\/sunonoticias\/\" \/>\n<meta property=\"og:image\" content=\"https:\/\/files.sunoresearch.com.br\/n\/uploads\/2023\/04\/CEOs-scaled.jpg\" \/>\n\t<meta property=\"og:image:width\" content=\"2560\" \/>\n\t<meta property=\"og:image:height\" content=\"1706\" \/>\n\t<meta property=\"og:image:type\" content=\"image\/jpeg\" \/>\n<meta name=\"author\" content=\"Reda\u00e7\u00e3o Suno Not\u00edcias\" \/>\n<meta name=\"twitter:card\" content=\"summary_large_image\" \/>\n<meta name=\"twitter:creator\" content=\"@https:\/\/twitter.com\/sunoresearch\" \/>\n<meta name=\"twitter:site\" content=\"@sunoresearch\" \/>\n<meta name=\"twitter:label1\" content=\"Escrito por\" \/>\n\t<meta name=\"twitter:data1\" content=\"Reda\u00e7\u00e3o Suno Not\u00edcias\" \/>\n\t<meta name=\"twitter:label2\" content=\"Est. tempo de leitura\" \/>\n\t<meta name=\"twitter:data2\" content=\"4 minutos\" \/>\n<script type=\"application\/ld+json\" class=\"yoast-schema-graph\">{\"@context\":\"https:\/\/schema.org\",\"@graph\":[{\"@type\":\"NewsArticle\",\"@id\":\"https:\/\/www.suno.com.br\/noticias\/novos-ceos-assumem-postos-em-empresas-janeiro-va\/#article\",\"isPartOf\":{\"@id\":\"https:\/\/www.suno.com.br\/noticias\/novos-ceos-assumem-postos-em-empresas-janeiro-va\/\"},\"author\":{\"name\":\"Reda\u00e7\u00e3o Suno Not\u00edcias\",\"@id\":\"https:\/\/www.suno.com.br\/noticias\/#\/schema\/person\/c1b1bd3727fa852bd045e9dbff3673ea\"},\"headline\":\"Os novos CEOs que assumem postos em empresas de capital aberto em janeiro\",\"datePublished\":\"2024-01-01T17:52:44+00:00\",\"dateModified\":\"2024-01-01T17:52:50+00:00\",\"mainEntityOfPage\":{\"@id\":\"https:\/\/www.suno.com.br\/noticias\/novos-ceos-assumem-postos-em-empresas-janeiro-va\/\"},\"wordCount\":683,\"publisher\":{\"@id\":\"https:\/\/www.suno.com.br\/noticias\/#organization\"},\"image\":{\"@id\":\"https:\/\/www.suno.com.br\/noticias\/novos-ceos-assumem-postos-em-empresas-janeiro-va\/#primaryimage\"},\"thumbnailUrl\":\"https:\/\/files.sunoresearch.com.br\/n\/uploads\/2023\/04\/CEOs-scaled.jpg\",\"articleSection\":[\"Neg\u00f3cios\"],\"inLanguage\":\"pt-BR\"},{\"@type\":\"WebPage\",\"@id\":\"https:\/\/www.suno.com.br\/noticias\/novos-ceos-assumem-postos-em-empresas-janeiro-va\/\",\"url\":\"https:\/\/www.suno.com.br\/noticias\/novos-ceos-assumem-postos-em-empresas-janeiro-va\/\",\"name\":\"Os CEOs que assumem postos em empresas de capital aberto em janeiro\",\"isPartOf\":{\"@id\":\"https:\/\/www.suno.com.br\/noticias\/#website\"},\"primaryImageOfPage\":{\"@id\":\"https:\/\/www.suno.com.br\/noticias\/novos-ceos-assumem-postos-em-empresas-janeiro-va\/#primaryimage\"},\"image\":{\"@id\":\"https:\/\/www.suno.com.br\/noticias\/novos-ceos-assumem-postos-em-empresas-janeiro-va\/#primaryimage\"},\"thumbnailUrl\":\"https:\/\/files.sunoresearch.com.br\/n\/uploads\/2023\/04\/CEOs-scaled.jpg\",\"datePublished\":\"2024-01-01T17:52:44+00:00\",\"dateModified\":\"2024-01-01T17:52:50+00:00\",\"description\":\"O ano de 2023 foi marcado pelo an\u00fancio de trocas de cadeiras em muitas empresas. Parte das novas gest\u00f5es come\u00e7a agora em janeiro de 2024.\",\"breadcrumb\":{\"@id\":\"https:\/\/www.suno.com.br\/noticias\/novos-ceos-assumem-postos-em-empresas-janeiro-va\/#breadcrumb\"},\"inLanguage\":\"pt-BR\",\"potentialAction\":[{\"@type\":\"ReadAction\",\"target\":[\"https:\/\/www.suno.com.br\/noticias\/novos-ceos-assumem-postos-em-empresas-janeiro-va\/\"]}]},{\"@type\":\"ImageObject\",\"inLanguage\":\"pt-BR\",\"@id\":\"https:\/\/www.suno.com.br\/noticias\/novos-ceos-assumem-postos-em-empresas-janeiro-va\/#primaryimage\",\"url\":\"https:\/\/files.sunoresearch.com.br\/n\/uploads\/2023\/04\/CEOs-scaled.jpg\",\"contentUrl\":\"https:\/\/files.sunoresearch.com.br\/n\/uploads\/2023\/04\/CEOs-scaled.jpg\",\"width\":2560,\"height\":1706,\"caption\":\"Os novos CEOs que assumem postos em empresas de capital aberto em janeiro.Foto: Unsplash\"},{\"@type\":\"BreadcrumbList\",\"@id\":\"https:\/\/www.suno.com.br\/noticias\/novos-ceos-assumem-postos-em-empresas-janeiro-va\/#breadcrumb\",\"itemListElement\":[{\"@type\":\"ListItem\",\"position\":1,\"name\":\"Not\u00edcias\",\"item\":\"https:\/\/www.suno.com.br\/noticias\/\"},{\"@type\":\"ListItem\",\"position\":2,\"name\":\"Neg\u00f3cios\",\"item\":\"https:\/\/www.suno.com.br\/noticias\/negocios\/\"},{\"@type\":\"ListItem\",\"position\":3,\"name\":\"Os novos CEOs que assumem postos em empresas de capital aberto em janeiro\"}]},{\"@type\":\"WebSite\",\"@id\":\"https:\/\/www.suno.com.br\/noticias\/#website\",\"url\":\"https:\/\/www.suno.com.br\/noticias\/\",\"name\":\"Suno Not\u00edcias\",\"description\":\"Seu portal de informa\u00e7\u00e3o sobre o mundo dos investimentos\",\"publisher\":{\"@id\":\"https:\/\/www.suno.com.br\/noticias\/#organization\"},\"potentialAction\":[{\"@type\":\"SearchAction\",\"target\":{\"@type\":\"EntryPoint\",\"urlTemplate\":\"https:\/\/www.suno.com.br\/noticias\/?s={search_term_string}\"},\"query-input\":{\"@type\":\"PropertyValueSpecification\",\"valueRequired\":true,\"valueName\":\"search_term_string\"}}],\"inLanguage\":\"pt-BR\"},{\"@type\":\"Organization\",\"@id\":\"https:\/\/www.suno.com.br\/noticias\/#organization\",\"name\":\"Suno Not\u00edcias\",\"url\":\"https:\/\/www.suno.com.br\/noticias\/\",\"logo\":{\"@type\":\"ImageObject\",\"inLanguage\":\"pt-BR\",\"@id\":\"https:\/\/www.suno.com.br\/noticias\/#\/schema\/logo\/image\/\",\"url\":\"https:\/\/files.sunoresearch.com.br\/n\/uploads\/2021\/09\/suno-logo.png\",\"contentUrl\":\"https:\/\/files.sunoresearch.com.br\/n\/uploads\/2021\/09\/suno-logo.png\",\"width\":180,\"height\":180,\"caption\":\"Suno Not\u00edcias\"},\"image\":{\"@id\":\"https:\/\/www.suno.com.br\/noticias\/#\/schema\/logo\/image\/\"},\"sameAs\":[\"https:\/\/facebook.com\/sunoresearch\",\"https:\/\/x.com\/sunoresearch\",\"https:\/\/www.instagram.com\/suno\",\"https:\/\/www.linkedin.com\/company\/suno-research\/\",\"https:\/\/www.youtube.com\/c\/sunoresearch\"]},{\"@type\":\"Person\",\"@id\":\"https:\/\/www.suno.com.br\/noticias\/#\/schema\/person\/c1b1bd3727fa852bd045e9dbff3673ea\",\"name\":\"Reda\u00e7\u00e3o Suno Not\u00edcias\",\"image\":{\"@type\":\"ImageObject\",\"inLanguage\":\"pt-BR\",\"@id\":\"https:\/\/www.suno.com.br\/noticias\/#\/schema\/person\/image\/\",\"url\":\"https:\/\/secure.gravatar.com\/avatar\/b8104b9b5a71985d5238ee59fbe418af?s=96&r=g\",\"contentUrl\":\"https:\/\/secure.gravatar.com\/avatar\/b8104b9b5a71985d5238ee59fbe418af?s=96&r=g\",\"caption\":\"Reda\u00e7\u00e3o Suno Not\u00edcias\"},\"description\":\"O Suno Not\u00edcias \u00e9 um portal de informa\u00e7\u00f5es sobre Mercado Financeiro, Pol\u00edtica, Neg\u00f3cios, Economia e Finan\u00e7as Pessoais.\",\"sameAs\":[\"https:\/\/www.suno.com.br\/noticias\",\"https:\/\/www.facebook.com\/sunonoticias\/\",\"https:\/\/www.instagram.com\/sunonoticias\/\",\"https:\/\/x.com\/https:\/\/twitter.com\/sunoresearch\",\"https:\/\/www.youtube.com\/sunonoticias\"],\"url\":\"https:\/\/www.suno.com.br\/noticias\/author\/redacao-suno\/\"}]}<\/script>\n<!-- \/ Yoast SEO plugin. -->","yoast_head_json":{"title":"Os CEOs que assumem postos em empresas de capital aberto em janeiro","description":"O ano de 2023 foi marcado pelo an\u00fancio de trocas de cadeiras em muitas empresas. Parte das novas gest\u00f5es come\u00e7a agora em janeiro de 2024.","robots":{"index":"index","follow":"follow","max-snippet":"max-snippet:-1","max-image-preview":"max-image-preview:large","max-video-preview":"max-video-preview:-1"},"canonical":"https:\/\/www.suno.com.br\/noticias\/novos-ceos-assumem-postos-em-empresas-janeiro-va\/","og_locale":"pt_BR","og_type":"article","og_title":"Os CEOs que assumem postos em empresas de capital aberto em janeiro","og_description":"O ano de 2023 foi marcado pelo an\u00fancio de trocas de cadeiras em muitas empresas. Parte das novas gest\u00f5es come\u00e7a agora em janeiro de 2024.","og_url":"https:\/\/www.suno.com.br\/noticias\/novos-ceos-assumem-postos-em-empresas-janeiro-va\/","og_site_name":"Suno Not\u00edcias","article_publisher":"https:\/\/facebook.com\/sunoresearch","article_author":"https:\/\/www.facebook.com\/sunonoticias\/","og_image":[{"width":2560,"height":1706,"url":"https:\/\/files.sunoresearch.com.br\/n\/uploads\/2023\/04\/CEOs-scaled.jpg","type":"image\/jpeg"}],"author":"Reda\u00e7\u00e3o Suno Not\u00edcias","twitter_card":"summary_large_image","twitter_creator":"@https:\/\/twitter.com\/sunoresearch","twitter_site":"@sunoresearch","twitter_misc":{"Escrito por":"Reda\u00e7\u00e3o Suno Not\u00edcias","Est. tempo de leitura":"4 minutos"},"schema":{"@context":"https:\/\/schema.org","@graph":[{"@type":"NewsArticle","@id":"https:\/\/www.suno.com.br\/noticias\/novos-ceos-assumem-postos-em-empresas-janeiro-va\/#article","isPartOf":{"@id":"https:\/\/www.suno.com.br\/noticias\/novos-ceos-assumem-postos-em-empresas-janeiro-va\/"},"author":{"name":"Reda\u00e7\u00e3o Suno Not\u00edcias","@id":"https:\/\/www.suno.com.br\/noticias\/#\/schema\/person\/c1b1bd3727fa852bd045e9dbff3673ea"},"headline":"Os novos CEOs que assumem postos em empresas de capital aberto em janeiro","datePublished":"2024-01-01T17:52:44+00:00","dateModified":"2024-01-01T17:52:50+00:00","mainEntityOfPage":{"@id":"https:\/\/www.suno.com.br\/noticias\/novos-ceos-assumem-postos-em-empresas-janeiro-va\/"},"wordCount":683,"publisher":{"@id":"https:\/\/www.suno.com.br\/noticias\/#organization"},"image":{"@id":"https:\/\/www.suno.com.br\/noticias\/novos-ceos-assumem-postos-em-empresas-janeiro-va\/#primaryimage"},"thumbnailUrl":"https:\/\/files.sunoresearch.com.br\/n\/uploads\/2023\/04\/CEOs-scaled.jpg","articleSection":["Neg\u00f3cios"],"inLanguage":"pt-BR"},{"@type":"WebPage","@id":"https:\/\/www.suno.com.br\/noticias\/novos-ceos-assumem-postos-em-empresas-janeiro-va\/","url":"https:\/\/www.suno.com.br\/noticias\/novos-ceos-assumem-postos-em-empresas-janeiro-va\/","name":"Os CEOs que assumem postos em empresas de capital aberto em janeiro","isPartOf":{"@id":"https:\/\/www.suno.com.br\/noticias\/#website"},"primaryImageOfPage":{"@id":"https:\/\/www.suno.com.br\/noticias\/novos-ceos-assumem-postos-em-empresas-janeiro-va\/#primaryimage"},"image":{"@id":"https:\/\/www.suno.com.br\/noticias\/novos-ceos-assumem-postos-em-empresas-janeiro-va\/#primaryimage"},"thumbnailUrl":"https:\/\/files.sunoresearch.com.br\/n\/uploads\/2023\/04\/CEOs-scaled.jpg","datePublished":"2024-01-01T17:52:44+00:00","dateModified":"2024-01-01T17:52:50+00:00","description":"O ano de 2023 foi marcado pelo an\u00fancio de trocas de cadeiras em muitas empresas. Parte das novas gest\u00f5es come\u00e7a agora em janeiro de 2024.","breadcrumb":{"@id":"https:\/\/www.suno.com.br\/noticias\/novos-ceos-assumem-postos-em-empresas-janeiro-va\/#breadcrumb"},"inLanguage":"pt-BR","potentialAction":[{"@type":"ReadAction","target":["https:\/\/www.suno.com.br\/noticias\/novos-ceos-assumem-postos-em-empresas-janeiro-va\/"]}]},{"@type":"ImageObject","inLanguage":"pt-BR","@id":"https:\/\/www.suno.com.br\/noticias\/novos-ceos-assumem-postos-em-empresas-janeiro-va\/#primaryimage","url":"https:\/\/files.sunoresearch.com.br\/n\/uploads\/2023\/04\/CEOs-scaled.jpg","contentUrl":"https:\/\/files.sunoresearch.com.br\/n\/uploads\/2023\/04\/CEOs-scaled.jpg","width":2560,"height":1706,"caption":"Os novos CEOs que assumem postos em empresas de capital aberto em janeiro.Foto: Unsplash"},{"@type":"BreadcrumbList","@id":"https:\/\/www.suno.com.br\/noticias\/novos-ceos-assumem-postos-em-empresas-janeiro-va\/#breadcrumb","itemListElement":[{"@type":"ListItem","position":1,"name":"Not\u00edcias","item":"https:\/\/www.suno.com.br\/noticias\/"},{"@type":"ListItem","position":2,"name":"Neg\u00f3cios","item":"https:\/\/www.suno.com.br\/noticias\/negocios\/"},{"@type":"ListItem","position":3,"name":"Os novos CEOs que assumem postos em empresas de capital aberto em janeiro"}]},{"@type":"WebSite","@id":"https:\/\/www.suno.com.br\/noticias\/#website","url":"https:\/\/www.suno.com.br\/noticias\/","name":"Suno Not\u00edcias","description":"Seu portal de informa\u00e7\u00e3o sobre o mundo dos investimentos","publisher":{"@id":"https:\/\/www.suno.com.br\/noticias\/#organization"},"potentialAction":[{"@type":"SearchAction","target":{"@type":"EntryPoint","urlTemplate":"https:\/\/www.suno.com.br\/noticias\/?s={search_term_string}"},"query-input":{"@type":"PropertyValueSpecification","valueRequired":true,"valueName":"search_term_string"}}],"inLanguage":"pt-BR"},{"@type":"Organization","@id":"https:\/\/www.suno.com.br\/noticias\/#organization","name":"Suno Not\u00edcias","url":"https:\/\/www.suno.com.br\/noticias\/","logo":{"@type":"ImageObject","inLanguage":"pt-BR","@id":"https:\/\/www.suno.com.br\/noticias\/#\/schema\/logo\/image\/","url":"https:\/\/files.sunoresearch.com.br\/n\/uploads\/2021\/09\/suno-logo.png","contentUrl":"https:\/\/files.sunoresearch.com.br\/n\/uploads\/2021\/09\/suno-logo.png","width":180,"height":180,"caption":"Suno Not\u00edcias"},"image":{"@id":"https:\/\/www.suno.com.br\/noticias\/#\/schema\/logo\/image\/"},"sameAs":["https:\/\/facebook.com\/sunoresearch","https:\/\/x.com\/sunoresearch","https:\/\/www.instagram.com\/suno","https:\/\/www.linkedin.com\/company\/suno-research\/","https:\/\/www.youtube.com\/c\/sunoresearch"]},{"@type":"Person","@id":"https:\/\/www.suno.com.br\/noticias\/#\/schema\/person\/c1b1bd3727fa852bd045e9dbff3673ea","name":"Reda\u00e7\u00e3o Suno Not\u00edcias","image":{"@type":"ImageObject","inLanguage":"pt-BR","@id":"https:\/\/www.suno.com.br\/noticias\/#\/schema\/person\/image\/","url":"https:\/\/secure.gravatar.com\/avatar\/b8104b9b5a71985d5238ee59fbe418af?s=96&r=g","contentUrl":"https:\/\/secure.gravatar.com\/avatar\/b8104b9b5a71985d5238ee59fbe418af?s=96&r=g","caption":"Reda\u00e7\u00e3o Suno Not\u00edcias"},"description":"O Suno Not\u00edcias \u00e9 um portal de informa\u00e7\u00f5es sobre Mercado Financeiro, Pol\u00edtica, Neg\u00f3cios, Economia e Finan\u00e7as Pessoais.","sameAs":["https:\/\/www.suno.com.br\/noticias","https:\/\/www.facebook.com\/sunonoticias\/","https:\/\/www.instagram.com\/sunonoticias\/","https:\/\/x.com\/https:\/\/twitter.com\/sunoresearch","https:\/\/www.youtube.com\/sunonoticias"],"url":"https:\/\/www.suno.com.br\/noticias\/author\/redacao-suno\/"}]}},"default_loop_html":"<div class=\"cardsPage__listCard__boxs\"><div class=\"cardsPage__listCard__boxs__img\"><a href=\"https:\/\/www.suno.com.br\/noticias\/novos-ceos-assumem-postos-em-empresas-janeiro-va\/\"><img class=\"mask\" src=\"https:\/\/www.suno.com.br\/noticias\/wp-content\/themes\/suno\/resources\/images\/spotlight\/spotlight1img\/bg-mask.png\" alt=\"Image Mask\"\/><img src=\"https:\/\/files.sunoresearch.com.br\/n\/uploads\/2023\/04\/CEOs-400x200.jpg\" alt=\"Os novos CEOs que assumem postos em empresas de capital aberto em janeiro\"\/><\/a><span class=\"spotlightCategory\"><a href=\"https:\/\/www.suno.com.br\/noticias\/negocios\/\">Neg\u00f3cios<\/a><\/span><\/div><div class=\"cardsPage__listCard__boxs__content\"><a href=\"https:\/\/www.suno.com.br\/noticias\/novos-ceos-assumem-postos-em-empresas-janeiro-va\/\"><h2 class=\"content__title\">Os novos CEOs que assumem postos em empresas de capital aberto em janeiro<\/h2><\/a><div class=\"newsContent__article__meta\"><div class=\"newsContent__article__meta__authorBox\"><a href=\"https:\/\/www.suno.com.br\/noticias\/author\/eduardo-vargas\/\" class=\"authorBox__avatar noMobi\"><img src=\"https:\/\/secure.gravatar.com\/avatar\/dac340933427a22924c9f99d1eb2e3f2?s=96&#038;r=g\" alt=\"Eduardo Vargas\"><\/a><div class=\"authorBox__name\"><span>por\n\t\t\t<a href=\"https:\/\/www.suno.com.br\/noticias\/author\/eduardo-vargas\/\"><span itemprop=\"author\">Eduardo Vargas<\/span><\/a><\/span><time datetime=\"2024-01-01T14:52:44-03:00\" itemprop=\"datePublished\">01\/01\/2024 14:52<\/time><\/div><\/div><\/div><\/div><\/div>","single_layout":"posts","amp_enabled":true,"_links":{"self":[{"href":"https:\/\/www.suno.com.br\/noticias\/wp-json\/wp\/v2\/posts\/505420"}],"collection":[{"href":"https:\/\/www.suno.com.br\/noticias\/wp-json\/wp\/v2\/posts"}],"about":[{"href":"https:\/\/www.suno.com.br\/noticias\/wp-json\/wp\/v2\/types\/post"}],"author":[{"embeddable":true,"href":"https:\/\/www.suno.com.br\/noticias\/wp-json\/wp\/v2\/users\/43"}],"replies":[{"embeddable":true,"href":"https:\/\/www.suno.com.br\/noticias\/wp-json\/wp\/v2\/comments?post=505420"}],"version-history":[{"count":3,"href":"https:\/\/www.suno.com.br\/noticias\/wp-json\/wp\/v2\/posts\/505420\/revisions"}],"predecessor-version":[{"id":505433,"href":"https:\/\/www.suno.com.br\/noticias\/wp-json\/wp\/v2\/posts\/505420\/revisions\/505433"}],"wp:featuredmedia":[{"embeddable":true,"href":"https:\/\/www.suno.com.br\/noticias\/wp-json\/wp\/v2\/media\/396929"}],"wp:attachment":[{"href":"https:\/\/www.suno.com.br\/noticias\/wp-json\/wp\/v2\/media?parent=505420"}],"wp:term":[{"taxonomy":"category","embeddable":true,"href":"https:\/\/www.suno.com.br\/noticias\/wp-json\/wp\/v2\/categories?post=505420"},{"taxonomy":"post_tag","embeddable":true,"href":"https:\/\/www.suno.com.br\/noticias\/wp-json\/wp\/v2\/tags?post=505420"},{"taxonomy":"suno_strategy","embeddable":true,"href":"https:\/\/www.suno.com.br\/noticias\/wp-json\/wp\/v2\/suno_strategy?post=505420"}],"curies":[{"name":"wp","href":"https:\/\/api.w.org\/{rel}","templated":true}]}}