{"id":50533,"date":"2020-01-22T12:09:54","date_gmt":"2020-01-22T14:09:54","guid":{"rendered":"https:\/\/www.suno.com.br\/noticias\/?p=50533"},"modified":"2020-01-22T12:09:54","modified_gmt":"2020-01-22T14:09:54","slug":"trump-afirma-que-boeing-e-uma-grande-decepcao","status":"publish","type":"post","link":"https:\/\/www.suno.com.br\/noticias\/trump-afirma-que-boeing-e-uma-grande-decepcao\/","title":{"rendered":"Trump afirma que Boeing \u00e9 uma &#8220;grande decep\u00e7\u00e3o&#8221;"},"content":{"rendered":"<p>O presidente dos Estados Unidos, <strong><a href=\"https:\/\/www.suno.com.br\/tudo-sobre\/donald-trump\/\">Donald Trump<\/a><\/strong>, disse que a <strong>Boeing<\/strong> \u00e9 uma &#8220;grande decep\u00e7\u00e3o&#8221;. A crise que a fabricante de aeronaves norte-americana enfrenta no atual momento com o <strong>737 MAX<\/strong> pode afetar a economia do pa\u00eds.<\/p>\t<div class=\"wrapper-featured-image\">\n\t\t<figure class=\"spotlightImg\">\n\n\t\t\t<picture>\n\t\t\t\t<source media=\"(max-width: 768px)\" srcset=\"https:\/\/files.sunoresearch.com.br\/n\/uploads\/2019\/06\/f836752b-trump-400x200.webp\">\n\t\t\t\t<img loading=\"lazy\" decoding=\"async\" class=\"newsContent__article__imgCapa lazyloadDisabled newsContent__article__imgCapa--noCaption\" src=\"https:\/\/files.sunoresearch.com.br\/n\/uploads\/2019\/06\/f836752b-trump-800x450.webp\" width=\"800\" height=\"450\" alt=\"Trump afirma que Boeing \u00e9 uma &#8220;grande decep\u00e7\u00e3o&#8221;\" fetchpriority=high \/>\n\t\t\t<\/picture>\n\n\t\t\t<figcaption class=\"wp-caption-text wp-caption-text--hide\">Trump afirma que Boeing \u00e9 uma &quot;grande decep\u00e7\u00e3o&quot;<\/figcaption>\n\t\t<\/figure>\n\t<\/div>\n\n\n\n<p>&#8220;A Boeing \u00e9 uma grande, grande decep\u00e7\u00e3o para mim. Foi at\u00e9 um ano atr\u00e1s um dos maiores grupos do mundo e de repente muitas coisas aconteceram. Estou muito decepcionado, tudo isso teve um grande impacto econ\u00f4mico&#8221;, afirmou o mandat\u00e1rio ao jornal americano &#8220;CNBC&#8221;, durante o <strong>F\u00f3rum Econ\u00f4mico Mundial<\/strong> em Davos, Su\u00ed\u00e7a.<\/p>\n<p>No in\u00edcio de janeiro, o secret\u00e1rio do Tesouro norte-americano Steve Mnunchin, disse que os problemas com 737 MAX podem diminuir o <a href=\"https:\/\/www.suno.com.br\/artigos\/pib-produto-interno-bruto\/\">Produto Interno Bruto (PIB)<\/a> dos EUA em 0,50% neste ano.<\/p>\n<p><a href=\"\/\/www.suno.com.br\/noticias\/gol-quer-voltar-a-operar-737-max-ate-abril-e-negocia-acordo-com-boeing\/\">Confira Tamb\u00e9m: Gol quer voltar a operar 737 MAX at\u00e9 abril e negocia acordo com Boeing<\/a><\/p>\n<p>\u201cPara esse ano, esperamos um crescimento entre 2,5% e 3%. Como eu disse, pode ser mais pr\u00f3ximo de 2,5% por conta dos ajustes dos n\u00fameros da Boeing\u201d, afirmou Mnuchin.<\/p>\n<p>A estimativa do secret\u00e1rio para o crescimento da economia do pa\u00eds \u00e9 mais otimista que a maioria dos economistas norte-americanos, de acordo com levantamento da ag\u00eancia de not\u00edcias &#8220;Bloomberg&#8221;. O consenso em janeiro era de um crescimento em torno de 1,8%, equivalente a uma queda em rela\u00e7\u00e3o aos 2,3% do ano passado.<\/p>\n\t<p>\n\t\t<a href=\"https:\/\/lp.suno.com.br\/ao\/cadastro-whatsapp\/\" target=\"_blank\" data-element=\"shortcode-suno-banner\" title=\"Banner SUNO, clique e saiba mais\">\n\t\t\t<picture>\n\t\t\t\t<source media=\"(max-width: 500px)\" srcset=\"https:\/\/files.sunoresearch.com.br\/n\/uploads\/2024\/02\/400x300-Mobile-Artigos-7.png\">\n\t\t\t\t<img class=\"newsContent__article__imgCapa newsContent__article__imgCapa--banner\"\n\t\t\t\t\tsrc=\"https:\/\/files.sunoresearch.com.br\/n\/uploads\/2024\/01\/1420x240-Banner-Artigos-1-_-Banner-Materias-8.png\"\n\t\t\t\t\tdata-promo-id=\"517344\"\t\t\t\t\t\t\t\t\t\twidth='1420' height='240'\t\t\t\t\talt=\"https:\/\/files.sunoresearch.com.br\/n\/uploads\/2024\/01\/1420x240-Banner-Artigos-1-_-Banner-Materias-8.png\"\n\t\t\t\t>\n\t\t\t<\/picture>\n\t\t<\/a>\n\t<\/p>\n\n\n<p>A maior parte do impacto viria de exporta\u00e7\u00f5es. A fabricante de aeronaves exporta tr\u00eas quartos de sua produ\u00e7\u00e3o, o que representa uma parte importante do com\u00e9rcio exterior dos EUA.<\/p>\n<p>&#8220;Ao falar sobre crescimento, as consequ\u00eancia (dos problemas da Boeing) s\u00e3o enormes&#8221;, completou Trump.<\/p>\n<h2>Boeing 737 MAX<\/h2>\n<p>O Boeing 737 MAX, modelo mais vendido da hist\u00f3ria da companhia, n\u00e3o pode voar no mundo inteiro desde mar\u00e7o de 2019 ap\u00f3s dois acidentes. Em 29 de outubro de 2018, a aeronave caiu no mar de Java, na Indon\u00e9sia, matando 189 pessoas.<\/p>\n<p>No dia 10 de mar\u00e7o do ano passado, o mesmo modelo da avi\u00e3o caiu na Eti\u00f3pia, vitimando 149 passageiros e 8 tripulantes, deflagrando a maior crise j\u00e1 vista na empresa em seus pouco mais de 103 anos.<\/p>\n<p>O problema teria sido causado pelo sistema de bordo da aeronave, segundo as investiga\u00e7\u00f5es. Al\u00e9m disso, documentos vazados mostram que funcion\u00e1rios da empresa tinham conhecimento de que havia falhas na seguran\u00e7a das aeronaves.<\/p>\n<p>A crise levou \u00e0 demiss\u00e3o do ent\u00e3o <a href=\"https:\/\/www.suno.com.br\/artigos\/ceo\/\">CEO<\/a> global da <strong>Boeing<\/strong>, Dennis Muilenburg, e j\u00e1 custou mais de US$ 9 bilh\u00f5es (R$ 37,2 bilh\u00f5es na cota\u00e7\u00e3o atual) \u00e0 companhia.<\/p>\n\n","protected":false},"excerpt":{"rendered":"<p>O presidente dos Estados Unidos, Donald Trump, disse que a Boeing \u00e9 uma &#8220;grande decep\u00e7\u00e3o&#8221;. A crise que a fabricante de aeronaves norte-americana enfrenta no atual momento com o 737 MAX pode afetar a economia do pa\u00eds. Trump afirma que Boeing \u00e9 uma &quot;grande decep\u00e7\u00e3o&quot; &#8220;A Boeing \u00e9 uma grande, grande decep\u00e7\u00e3o para mim. Foi [&hellip;]<\/p>\n","protected":false},"author":15,"featured_media":28893,"comment_status":"closed","ping_status":"closed","sticky":false,"template":"","format":"standard","meta":[],"categories":[63],"tags":[828,724],"suno_strategy":[],"class_list":["post-50533","post","type-post","status-publish","format-standard","has-post-thumbnail","hentry","category-internacional","tag-boeing-boei34","tag-donald-trump"],"yoast_head":"<!-- This site is optimized with the Yoast SEO plugin v24.4 - https:\/\/yoast.com\/wordpress\/plugins\/seo\/ -->\n<title>Trump afirma que Boeing \u00e9 uma &quot;grande decep\u00e7\u00e3o&quot;<\/title>\n<meta name=\"description\" content=\"A crise que a Boeing enfrenta no atual momento com o 737 MAX pode afetar a economia dos Estados Unidos. Clique aqui e saiba mais\" \/>\n<meta name=\"robots\" content=\"index, follow, max-snippet:-1, max-image-preview:large, max-video-preview:-1\" \/>\n<link rel=\"canonical\" href=\"https:\/\/www.suno.com.br\/noticias\/trump-afirma-que-boeing-e-uma-grande-decepcao\/\" \/>\n<meta property=\"og:locale\" content=\"pt_BR\" \/>\n<meta property=\"og:type\" content=\"article\" \/>\n<meta property=\"og:title\" content=\"Trump afirma que Boeing \u00e9 uma &quot;grande decep\u00e7\u00e3o&quot;\" \/>\n<meta property=\"og:description\" content=\"A crise que a Boeing enfrenta no atual momento com o 737 MAX pode afetar a economia dos Estados Unidos. Clique aqui e saiba mais\" \/>\n<meta property=\"og:url\" content=\"https:\/\/www.suno.com.br\/noticias\/trump-afirma-que-boeing-e-uma-grande-decepcao\/\" \/>\n<meta property=\"og:site_name\" content=\"Suno Not\u00edcias\" \/>\n<meta property=\"article:publisher\" content=\"https:\/\/facebook.com\/sunoresearch\" \/>\n<meta property=\"og:image\" content=\"https:\/\/files.sunoresearch.com.br\/n\/uploads\/2019\/06\/f836752b-trump.jpg\" \/>\n\t<meta property=\"og:image:width\" content=\"1140\" \/>\n\t<meta property=\"og:image:height\" content=\"760\" \/>\n\t<meta property=\"og:image:type\" content=\"image\/jpeg\" \/>\n<meta name=\"author\" content=\"Poliana Santos\" \/>\n<meta name=\"twitter:card\" content=\"summary_large_image\" \/>\n<meta name=\"twitter:creator\" content=\"@sunoresearch\" \/>\n<meta name=\"twitter:site\" content=\"@sunoresearch\" \/>\n<meta name=\"twitter:label1\" content=\"Escrito por\" \/>\n\t<meta name=\"twitter:data1\" content=\"Poliana Santos\" \/>\n\t<meta name=\"twitter:label2\" content=\"Est. tempo de leitura\" \/>\n\t<meta name=\"twitter:data2\" content=\"2 minutos\" \/>\n<script type=\"application\/ld+json\" class=\"yoast-schema-graph\">{\"@context\":\"https:\/\/schema.org\",\"@graph\":[{\"@type\":\"NewsArticle\",\"@id\":\"https:\/\/www.suno.com.br\/noticias\/trump-afirma-que-boeing-e-uma-grande-decepcao\/#article\",\"isPartOf\":{\"@id\":\"https:\/\/www.suno.com.br\/noticias\/trump-afirma-que-boeing-e-uma-grande-decepcao\/\"},\"author\":{\"name\":\"Poliana Santos\",\"@id\":\"https:\/\/www.suno.com.br\/noticias\/#\/schema\/person\/02ec1f752758247878a2bf4abee1aeda\"},\"headline\":\"Trump afirma que Boeing \u00e9 uma &#8220;grande decep\u00e7\u00e3o&#8221;\",\"datePublished\":\"2020-01-22T14:09:54+00:00\",\"mainEntityOfPage\":{\"@id\":\"https:\/\/www.suno.com.br\/noticias\/trump-afirma-que-boeing-e-uma-grande-decepcao\/\"},\"wordCount\":438,\"publisher\":{\"@id\":\"https:\/\/www.suno.com.br\/noticias\/#organization\"},\"image\":{\"@id\":\"https:\/\/www.suno.com.br\/noticias\/trump-afirma-que-boeing-e-uma-grande-decepcao\/#primaryimage\"},\"thumbnailUrl\":\"https:\/\/files.sunoresearch.com.br\/n\/uploads\/2019\/06\/f836752b-trump-jpg.webp\",\"keywords\":[\"Boeing (BOEI34)\",\"Donald Trump\"],\"articleSection\":[\"Internacional\"],\"inLanguage\":\"pt-BR\"},{\"@type\":\"WebPage\",\"@id\":\"https:\/\/www.suno.com.br\/noticias\/trump-afirma-que-boeing-e-uma-grande-decepcao\/\",\"url\":\"https:\/\/www.suno.com.br\/noticias\/trump-afirma-que-boeing-e-uma-grande-decepcao\/\",\"name\":\"Trump afirma que Boeing \u00e9 uma \\\"grande decep\u00e7\u00e3o\\\"\",\"isPartOf\":{\"@id\":\"https:\/\/www.suno.com.br\/noticias\/#website\"},\"primaryImageOfPage\":{\"@id\":\"https:\/\/www.suno.com.br\/noticias\/trump-afirma-que-boeing-e-uma-grande-decepcao\/#primaryimage\"},\"image\":{\"@id\":\"https:\/\/www.suno.com.br\/noticias\/trump-afirma-que-boeing-e-uma-grande-decepcao\/#primaryimage\"},\"thumbnailUrl\":\"https:\/\/files.sunoresearch.com.br\/n\/uploads\/2019\/06\/f836752b-trump-jpg.webp\",\"datePublished\":\"2020-01-22T14:09:54+00:00\",\"description\":\"A crise que a Boeing enfrenta no atual momento com o 737 MAX pode afetar a economia dos Estados Unidos. Clique aqui e saiba mais\",\"breadcrumb\":{\"@id\":\"https:\/\/www.suno.com.br\/noticias\/trump-afirma-que-boeing-e-uma-grande-decepcao\/#breadcrumb\"},\"inLanguage\":\"pt-BR\",\"potentialAction\":[{\"@type\":\"ReadAction\",\"target\":[\"https:\/\/www.suno.com.br\/noticias\/trump-afirma-que-boeing-e-uma-grande-decepcao\/\"]}]},{\"@type\":\"ImageObject\",\"inLanguage\":\"pt-BR\",\"@id\":\"https:\/\/www.suno.com.br\/noticias\/trump-afirma-que-boeing-e-uma-grande-decepcao\/#primaryimage\",\"url\":\"https:\/\/files.sunoresearch.com.br\/n\/uploads\/2019\/06\/f836752b-trump-jpg.webp\",\"contentUrl\":\"https:\/\/files.sunoresearch.com.br\/n\/uploads\/2019\/06\/f836752b-trump-jpg.webp\",\"width\":1140,\"height\":760,\"caption\":\"Trump afirma que Boeing \u00e9 uma \\\"grande decep\u00e7\u00e3o\\\"\"},{\"@type\":\"BreadcrumbList\",\"@id\":\"https:\/\/www.suno.com.br\/noticias\/trump-afirma-que-boeing-e-uma-grande-decepcao\/#breadcrumb\",\"itemListElement\":[{\"@type\":\"ListItem\",\"position\":1,\"name\":\"Not\u00edcias\",\"item\":\"https:\/\/www.suno.com.br\/noticias\/\"},{\"@type\":\"ListItem\",\"position\":2,\"name\":\"Internacional\",\"item\":\"https:\/\/www.suno.com.br\/noticias\/internacional\/\"},{\"@type\":\"ListItem\",\"position\":3,\"name\":\"Trump afirma que Boeing \u00e9 uma &#8220;grande decep\u00e7\u00e3o&#8221;\"}]},{\"@type\":\"WebSite\",\"@id\":\"https:\/\/www.suno.com.br\/noticias\/#website\",\"url\":\"https:\/\/www.suno.com.br\/noticias\/\",\"name\":\"Suno Not\u00edcias\",\"description\":\"Seu portal de informa\u00e7\u00e3o sobre o mundo dos investimentos\",\"publisher\":{\"@id\":\"https:\/\/www.suno.com.br\/noticias\/#organization\"},\"potentialAction\":[{\"@type\":\"SearchAction\",\"target\":{\"@type\":\"EntryPoint\",\"urlTemplate\":\"https:\/\/www.suno.com.br\/noticias\/?s={search_term_string}\"},\"query-input\":{\"@type\":\"PropertyValueSpecification\",\"valueRequired\":true,\"valueName\":\"search_term_string\"}}],\"inLanguage\":\"pt-BR\"},{\"@type\":\"Organization\",\"@id\":\"https:\/\/www.suno.com.br\/noticias\/#organization\",\"name\":\"Suno Not\u00edcias\",\"url\":\"https:\/\/www.suno.com.br\/noticias\/\",\"logo\":{\"@type\":\"ImageObject\",\"inLanguage\":\"pt-BR\",\"@id\":\"https:\/\/www.suno.com.br\/noticias\/#\/schema\/logo\/image\/\",\"url\":\"https:\/\/files.sunoresearch.com.br\/n\/uploads\/2021\/09\/suno-logo.png\",\"contentUrl\":\"https:\/\/files.sunoresearch.com.br\/n\/uploads\/2021\/09\/suno-logo.png\",\"width\":180,\"height\":180,\"caption\":\"Suno Not\u00edcias\"},\"image\":{\"@id\":\"https:\/\/www.suno.com.br\/noticias\/#\/schema\/logo\/image\/\"},\"sameAs\":[\"https:\/\/facebook.com\/sunoresearch\",\"https:\/\/x.com\/sunoresearch\",\"https:\/\/www.instagram.com\/suno\",\"https:\/\/www.linkedin.com\/company\/suno-research\/\",\"https:\/\/www.youtube.com\/c\/sunoresearch\"]},{\"@type\":\"Person\",\"@id\":\"https:\/\/www.suno.com.br\/noticias\/#\/schema\/person\/02ec1f752758247878a2bf4abee1aeda\",\"name\":\"Poliana Santos\",\"image\":{\"@type\":\"ImageObject\",\"inLanguage\":\"pt-BR\",\"@id\":\"https:\/\/www.suno.com.br\/noticias\/#\/schema\/person\/image\/\",\"url\":\"https:\/\/secure.gravatar.com\/avatar\/0645bd32f23d87b2130f2b2dff1d3f8d?s=96&r=g\",\"contentUrl\":\"https:\/\/secure.gravatar.com\/avatar\/0645bd32f23d87b2130f2b2dff1d3f8d?s=96&r=g\",\"caption\":\"Poliana Santos\"},\"description\":\"Rep\u00f3rter no Suno Not\u00edcias, com cobertura em mercado financeiro, economia, finan\u00e7as pessoais, renda fixa e varejo. Jornalista formada pela Faculdade C\u00e1sper L\u00edbero e possui passagem na R\u00e1dio Gazeta AM com a produ\u00e7\u00e3o de conte\u00fado sobre economia, pol\u00edtica, sa\u00fade, moda e m\u00fasica. Possui certificado de conclus\u00e3o do curso de An\u00e1lise de Balan\u00e7os pela Funda\u00e7\u00e3o Bradesco, Agenda Brasil pela FAAP, Educa\u00e7\u00e3o Pol\u00edtica por Alexandre Garcia e do Tesouro Direto e Mercado de A\u00e7\u00f5es pela B3.\",\"url\":\"https:\/\/www.suno.com.br\/noticias\/author\/poliana-santos\/\"}]}<\/script>\n<!-- \/ Yoast SEO plugin. -->","yoast_head_json":{"title":"Trump afirma que Boeing \u00e9 uma \"grande decep\u00e7\u00e3o\"","description":"A crise que a Boeing enfrenta no atual momento com o 737 MAX pode afetar a economia dos Estados Unidos. Clique aqui e saiba mais","robots":{"index":"index","follow":"follow","max-snippet":"max-snippet:-1","max-image-preview":"max-image-preview:large","max-video-preview":"max-video-preview:-1"},"canonical":"https:\/\/www.suno.com.br\/noticias\/trump-afirma-que-boeing-e-uma-grande-decepcao\/","og_locale":"pt_BR","og_type":"article","og_title":"Trump afirma que Boeing \u00e9 uma \"grande decep\u00e7\u00e3o\"","og_description":"A crise que a Boeing enfrenta no atual momento com o 737 MAX pode afetar a economia dos Estados Unidos. Clique aqui e saiba mais","og_url":"https:\/\/www.suno.com.br\/noticias\/trump-afirma-que-boeing-e-uma-grande-decepcao\/","og_site_name":"Suno Not\u00edcias","article_publisher":"https:\/\/facebook.com\/sunoresearch","og_image":[{"width":1140,"height":760,"url":"https:\/\/files.sunoresearch.com.br\/n\/uploads\/2019\/06\/f836752b-trump.jpg","type":"image\/jpeg"}],"author":"Poliana Santos","twitter_card":"summary_large_image","twitter_creator":"@sunoresearch","twitter_site":"@sunoresearch","twitter_misc":{"Escrito por":"Poliana Santos","Est. tempo de leitura":"2 minutos"},"schema":{"@context":"https:\/\/schema.org","@graph":[{"@type":"NewsArticle","@id":"https:\/\/www.suno.com.br\/noticias\/trump-afirma-que-boeing-e-uma-grande-decepcao\/#article","isPartOf":{"@id":"https:\/\/www.suno.com.br\/noticias\/trump-afirma-que-boeing-e-uma-grande-decepcao\/"},"author":{"name":"Poliana Santos","@id":"https:\/\/www.suno.com.br\/noticias\/#\/schema\/person\/02ec1f752758247878a2bf4abee1aeda"},"headline":"Trump afirma que Boeing \u00e9 uma &#8220;grande decep\u00e7\u00e3o&#8221;","datePublished":"2020-01-22T14:09:54+00:00","mainEntityOfPage":{"@id":"https:\/\/www.suno.com.br\/noticias\/trump-afirma-que-boeing-e-uma-grande-decepcao\/"},"wordCount":438,"publisher":{"@id":"https:\/\/www.suno.com.br\/noticias\/#organization"},"image":{"@id":"https:\/\/www.suno.com.br\/noticias\/trump-afirma-que-boeing-e-uma-grande-decepcao\/#primaryimage"},"thumbnailUrl":"https:\/\/files.sunoresearch.com.br\/n\/uploads\/2019\/06\/f836752b-trump-jpg.webp","keywords":["Boeing (BOEI34)","Donald Trump"],"articleSection":["Internacional"],"inLanguage":"pt-BR"},{"@type":"WebPage","@id":"https:\/\/www.suno.com.br\/noticias\/trump-afirma-que-boeing-e-uma-grande-decepcao\/","url":"https:\/\/www.suno.com.br\/noticias\/trump-afirma-que-boeing-e-uma-grande-decepcao\/","name":"Trump afirma que Boeing \u00e9 uma \"grande decep\u00e7\u00e3o\"","isPartOf":{"@id":"https:\/\/www.suno.com.br\/noticias\/#website"},"primaryImageOfPage":{"@id":"https:\/\/www.suno.com.br\/noticias\/trump-afirma-que-boeing-e-uma-grande-decepcao\/#primaryimage"},"image":{"@id":"https:\/\/www.suno.com.br\/noticias\/trump-afirma-que-boeing-e-uma-grande-decepcao\/#primaryimage"},"thumbnailUrl":"https:\/\/files.sunoresearch.com.br\/n\/uploads\/2019\/06\/f836752b-trump-jpg.webp","datePublished":"2020-01-22T14:09:54+00:00","description":"A crise que a Boeing enfrenta no atual momento com o 737 MAX pode afetar a economia dos Estados Unidos. Clique aqui e saiba mais","breadcrumb":{"@id":"https:\/\/www.suno.com.br\/noticias\/trump-afirma-que-boeing-e-uma-grande-decepcao\/#breadcrumb"},"inLanguage":"pt-BR","potentialAction":[{"@type":"ReadAction","target":["https:\/\/www.suno.com.br\/noticias\/trump-afirma-que-boeing-e-uma-grande-decepcao\/"]}]},{"@type":"ImageObject","inLanguage":"pt-BR","@id":"https:\/\/www.suno.com.br\/noticias\/trump-afirma-que-boeing-e-uma-grande-decepcao\/#primaryimage","url":"https:\/\/files.sunoresearch.com.br\/n\/uploads\/2019\/06\/f836752b-trump-jpg.webp","contentUrl":"https:\/\/files.sunoresearch.com.br\/n\/uploads\/2019\/06\/f836752b-trump-jpg.webp","width":1140,"height":760,"caption":"Trump afirma que Boeing \u00e9 uma \"grande decep\u00e7\u00e3o\""},{"@type":"BreadcrumbList","@id":"https:\/\/www.suno.com.br\/noticias\/trump-afirma-que-boeing-e-uma-grande-decepcao\/#breadcrumb","itemListElement":[{"@type":"ListItem","position":1,"name":"Not\u00edcias","item":"https:\/\/www.suno.com.br\/noticias\/"},{"@type":"ListItem","position":2,"name":"Internacional","item":"https:\/\/www.suno.com.br\/noticias\/internacional\/"},{"@type":"ListItem","position":3,"name":"Trump afirma que Boeing \u00e9 uma &#8220;grande decep\u00e7\u00e3o&#8221;"}]},{"@type":"WebSite","@id":"https:\/\/www.suno.com.br\/noticias\/#website","url":"https:\/\/www.suno.com.br\/noticias\/","name":"Suno Not\u00edcias","description":"Seu portal de informa\u00e7\u00e3o sobre o mundo dos investimentos","publisher":{"@id":"https:\/\/www.suno.com.br\/noticias\/#organization"},"potentialAction":[{"@type":"SearchAction","target":{"@type":"EntryPoint","urlTemplate":"https:\/\/www.suno.com.br\/noticias\/?s={search_term_string}"},"query-input":{"@type":"PropertyValueSpecification","valueRequired":true,"valueName":"search_term_string"}}],"inLanguage":"pt-BR"},{"@type":"Organization","@id":"https:\/\/www.suno.com.br\/noticias\/#organization","name":"Suno Not\u00edcias","url":"https:\/\/www.suno.com.br\/noticias\/","logo":{"@type":"ImageObject","inLanguage":"pt-BR","@id":"https:\/\/www.suno.com.br\/noticias\/#\/schema\/logo\/image\/","url":"https:\/\/files.sunoresearch.com.br\/n\/uploads\/2021\/09\/suno-logo.png","contentUrl":"https:\/\/files.sunoresearch.com.br\/n\/uploads\/2021\/09\/suno-logo.png","width":180,"height":180,"caption":"Suno Not\u00edcias"},"image":{"@id":"https:\/\/www.suno.com.br\/noticias\/#\/schema\/logo\/image\/"},"sameAs":["https:\/\/facebook.com\/sunoresearch","https:\/\/x.com\/sunoresearch","https:\/\/www.instagram.com\/suno","https:\/\/www.linkedin.com\/company\/suno-research\/","https:\/\/www.youtube.com\/c\/sunoresearch"]},{"@type":"Person","@id":"https:\/\/www.suno.com.br\/noticias\/#\/schema\/person\/02ec1f752758247878a2bf4abee1aeda","name":"Poliana Santos","image":{"@type":"ImageObject","inLanguage":"pt-BR","@id":"https:\/\/www.suno.com.br\/noticias\/#\/schema\/person\/image\/","url":"https:\/\/secure.gravatar.com\/avatar\/0645bd32f23d87b2130f2b2dff1d3f8d?s=96&r=g","contentUrl":"https:\/\/secure.gravatar.com\/avatar\/0645bd32f23d87b2130f2b2dff1d3f8d?s=96&r=g","caption":"Poliana Santos"},"description":"Rep\u00f3rter no Suno Not\u00edcias, com cobertura em mercado financeiro, economia, finan\u00e7as pessoais, renda fixa e varejo. Jornalista formada pela Faculdade C\u00e1sper L\u00edbero e possui passagem na R\u00e1dio Gazeta AM com a produ\u00e7\u00e3o de conte\u00fado sobre economia, pol\u00edtica, sa\u00fade, moda e m\u00fasica. Possui certificado de conclus\u00e3o do curso de An\u00e1lise de Balan\u00e7os pela Funda\u00e7\u00e3o Bradesco, Agenda Brasil pela FAAP, Educa\u00e7\u00e3o Pol\u00edtica por Alexandre Garcia e do Tesouro Direto e Mercado de A\u00e7\u00f5es pela B3.","url":"https:\/\/www.suno.com.br\/noticias\/author\/poliana-santos\/"}]}},"default_loop_html":"<div class=\"cardsPage__listCard__boxs\"><div class=\"cardsPage__listCard__boxs__img\"><a href=\"https:\/\/www.suno.com.br\/noticias\/trump-afirma-que-boeing-e-uma-grande-decepcao\/\"><img class=\"mask\" src=\"https:\/\/www.suno.com.br\/noticias\/wp-content\/themes\/suno\/resources\/images\/spotlight\/spotlight1img\/bg-mask.png\" alt=\"Image Mask\"\/><img src=\"https:\/\/files.sunoresearch.com.br\/n\/uploads\/2019\/06\/f836752b-trump-400x200.webp\" alt=\"Trump afirma que Boeing \u00e9 uma &#8220;grande decep\u00e7\u00e3o&#8221;\"\/><\/a><span class=\"spotlightCategory\"><a href=\"https:\/\/www.suno.com.br\/noticias\/internacional\/\">Internacional<\/a><\/span><\/div><div class=\"cardsPage__listCard__boxs__content\"><a href=\"https:\/\/www.suno.com.br\/noticias\/trump-afirma-que-boeing-e-uma-grande-decepcao\/\"><h2 class=\"content__title\">Trump afirma que Boeing \u00e9 uma &#8220;grande decep\u00e7\u00e3o&#8221;<\/h2><\/a><div class=\"newsContent__article__meta\"><div class=\"newsContent__article__meta__authorBox\"><a href=\"https:\/\/www.suno.com.br\/noticias\/author\/poliana-santos\/\" class=\"authorBox__avatar noMobi\"><img src=\"https:\/\/files.sunoresearch.com.br\/n\/uploads\/2020\/08\/7ef34026-whatsapp-image-2020-08-03-at-12.37.57-150x150.webp\" alt=\"Poliana Santos\"><\/a><div class=\"authorBox__name\"><span>por\n\t\t\t<a href=\"https:\/\/www.suno.com.br\/noticias\/author\/poliana-santos\/\"><span itemprop=\"author\">Poliana Santos<\/span><\/a><\/span><time datetime=\"2020-01-22T12:09:54-03:00\" itemprop=\"datePublished\">22\/01\/2020 12:09<\/time><\/div><\/div><\/div><\/div><\/div>","single_layout":"posts","amp_enabled":true,"_links":{"self":[{"href":"https:\/\/www.suno.com.br\/noticias\/wp-json\/wp\/v2\/posts\/50533"}],"collection":[{"href":"https:\/\/www.suno.com.br\/noticias\/wp-json\/wp\/v2\/posts"}],"about":[{"href":"https:\/\/www.suno.com.br\/noticias\/wp-json\/wp\/v2\/types\/post"}],"author":[{"embeddable":true,"href":"https:\/\/www.suno.com.br\/noticias\/wp-json\/wp\/v2\/users\/15"}],"replies":[{"embeddable":true,"href":"https:\/\/www.suno.com.br\/noticias\/wp-json\/wp\/v2\/comments?post=50533"}],"version-history":[{"count":0,"href":"https:\/\/www.suno.com.br\/noticias\/wp-json\/wp\/v2\/posts\/50533\/revisions"}],"wp:featuredmedia":[{"embeddable":true,"href":"https:\/\/www.suno.com.br\/noticias\/wp-json\/wp\/v2\/media\/28893"}],"wp:attachment":[{"href":"https:\/\/www.suno.com.br\/noticias\/wp-json\/wp\/v2\/media?parent=50533"}],"wp:term":[{"taxonomy":"category","embeddable":true,"href":"https:\/\/www.suno.com.br\/noticias\/wp-json\/wp\/v2\/categories?post=50533"},{"taxonomy":"post_tag","embeddable":true,"href":"https:\/\/www.suno.com.br\/noticias\/wp-json\/wp\/v2\/tags?post=50533"},{"taxonomy":"suno_strategy","embeddable":true,"href":"https:\/\/www.suno.com.br\/noticias\/wp-json\/wp\/v2\/suno_strategy?post=50533"}],"curies":[{"name":"wp","href":"https:\/\/api.w.org\/{rel}","templated":true}]}}