{"id":505300,"date":"2023-12-31T16:51:08","date_gmt":"2023-12-31T19:51:08","guid":{"rendered":"https:\/\/www.suno.com.br\/noticias\/?p=505300"},"modified":"2023-12-31T23:00:24","modified_gmt":"2024-01-01T02:00:24","slug":"sao-paulo-melhor-cidade-qualidade-vida-brasil-va","status":"publish","type":"post","link":"https:\/\/www.suno.com.br\/noticias\/sao-paulo-melhor-cidade-qualidade-vida-brasil-va\/","title":{"rendered":"Qual cidade tem a melhor qualidade de vida no Brasil? Veja ranking na Am\u00e9rica Latina"},"content":{"rendered":"<p>Uruguai, Porto Rico e Argentina s\u00e3o os pa\u00edses que possuem as cidades com melhor qualidade de vida na Am\u00e9rica Latina e Caribe, informa um relat\u00f3rio da Mercer. A cidade brasileira mais bem colocada foi<strong> S\u00e3o Paulo<\/strong>, que ficou \u00e0 frente de Rio de Janeiro e Bras\u00edlia.&nbsp;&nbsp;<\/p>\t<div class=\"wrapper-featured-image\">\n\t\t<figure class=\"spotlightImg\">\n\n\t\t\t<picture>\n\t\t\t\t<source media=\"(max-width: 768px)\" srcset=\"https:\/\/files.sunoresearch.com.br\/n\/uploads\/2023\/05\/fiis-sao-paulo-400x200.jpg\">\n\t\t\t\t<img loading=\"lazy\" decoding=\"async\" class=\"newsContent__article__imgCapa lazyloadDisabled \" src=\"https:\/\/files.sunoresearch.com.br\/n\/uploads\/2023\/05\/fiis-sao-paulo-800x450.jpg\" width=\"800\" height=\"450\" alt=\"Qual cidade tem a melhor qualidade de vida no Brasil? Veja ranking na Am\u00e9rica Latina\" fetchpriority=high \/>\n\t\t\t<\/picture>\n\n\t\t\t<figcaption class=\"wp-caption-text wp-caption-text--show\">S\u00e3o Paulo \u00e9 eleita a melhor cidade em qualidade de vida do Brasil - Foto: iStock<\/figcaption>\n\t\t<\/figure>\n\t<\/div>\n\n\n\n\n\n\t<p>\n\t\t<a href=\"\" target=\"_blank\" data-element=\"shortcode-suno-banner\" title=\"Banner SUNO, clique e saiba mais\">\n\t\t\t<picture>\n\t\t\t\t<source media=\"(max-width: 500px)\" srcset=\"\">\n\t\t\t\t<img class=\"newsContent__article__imgCapa newsContent__article__imgCapa--banner\"\n\t\t\t\t\tsrc=\"\"\n\t\t\t\t\tdata-promo-id=\"240038\"\t\t\t\t\t\t\t\t\t\t\t\t\t\t\talt=\"\"\n\t\t\t\t>\n\t\t\t<\/picture>\n\t\t<\/a>\n\t<\/p>\n\n\n\n\n\n<p>O <strong>ranking da Mercer<\/strong> levou em conta 241 pa\u00edses, avaliando mais de 10 categorias que inclu\u00edam: ambiente pol\u00edtico, sa\u00fade, servi\u00e7os p\u00fablicos, transporte e condi\u00e7\u00e3o social.&nbsp;<\/p>\n\n\n\n<p>Segundo Zulma Santamaria, head de remunera\u00e7\u00e3o da Mercer na Am\u00e9rica Latina, os pa\u00edses sul-americanos n\u00e3o tiveram progressos significativos em quest\u00f5es de sa\u00fade e mobilidade, o que fez alguns descessem de posi\u00e7\u00e3o em compara\u00e7\u00e3o com outras regi\u00f5es.&nbsp;<\/p>\n\n\n\n<p>\u201cA Am\u00e9rica Latina tem enfrentado mudan\u00e7as sociais e pol\u00edticas no \u00faltimo ano, por exemplo, <a href=\"https:\/\/www.suno.com.br\/noticias\/argentina-milei-carta-brics\/\">Argentina<\/a>, Col\u00f4mbia, Brasil e El Salvador&#8221;, disse Santamaria \u00e0 Bloomberg.<\/p>\n\n\n\n<p>Com isso,as cidades da regi\u00e3o aparecem praticamente no fim das cem melhores, sendo as&nbsp; mais bem colocadas:Montevid\u00e9u, Uruguai (89\u00ba no ranking mundial), San Juan, Porto Rico (92\u00ba ) e Buenos Aires, Argentina (100\u00ba ).&nbsp;<\/p>\n\n\n\n<p>Em seguida aparecem Cidade do Panam\u00e1 (103\u00ba), Santiago do Chile (104\u00ba ) e a brasileira mais bem colocada, S\u00e3o Paulo (108\u00ba). Em relat\u00f3rio, a Mercer destaca que S\u00e3o Paulo tem paridade com Nova York em rela\u00e7\u00e3o \u00e0 categoria de bens e consumo.&nbsp;<\/p>\n\n\n\n<p>No entanto, comparando as cidades com melhor desempenho em cada regi\u00e3o do mundo, as latino-americanas s\u00f3 superam as mais bem posicionadas da \u00c1frica.<\/p>\n\n\n\n<p>Nas primeiras posi\u00e7\u00f5es da lista est\u00e3o Viena (\u00c1ustria), que manteve o primeiro lugar no ranking de Qualidade de Vida, seguida por Zurique (Su\u00ed\u00e7a), Auckland (Nova Zel\u00e2ndia), Copenhague (Dinamarca) e Genebra (Su\u00ed\u00e7a).<\/p>\n\n\n\n<h2 class=\"wp-block-heading\">As melhores cidades do Brasil:<\/h2>\n\n\n\n<p>Em relat\u00f3rio da Mercer, as principais <strong>cidades do Brasil <\/strong>s\u00e3o:<\/p>\n\n\n\n<p>108. S\u00e3o Paulo, Brasil<\/p>\n\n\n\n<p>115. R\u00edo de Janeiro, Brasil<\/p>\n\n\n\n<p>119. Bras\u00edlia, Brasil<\/p>\n\n\n\t<p>\n\t\t<a href=\"https:\/\/lp.suno.com.br\/ebook-gratuito-investindo-no-exterior\/\" target=\"_blank\" data-element=\"shortcode-suno-banner\" title=\"Banner SUNO, clique e saiba mais\">\n\t\t\t<picture>\n\t\t\t\t<source media=\"(max-width: 500px)\" srcset=\"https:\/\/files.sunoresearch.com.br\/n\/uploads\/2023\/03\/400x300-Investindo-no-exterior.png\">\n\t\t\t\t<img class=\"newsContent__article__imgCapa newsContent__article__imgCapa--banner\"\n\t\t\t\t\tsrc=\"https:\/\/files.sunoresearch.com.br\/n\/uploads\/2023\/03\/1420x240-Investindo-no-exterior.png\"\n\t\t\t\t\tdata-promo-id=\"383161\"\t\t\t\t\t\t\t\t\t\twidth='1420' height='240'\t\t\t\t\talt=\"https:\/\/files.sunoresearch.com.br\/n\/uploads\/2023\/03\/1420x240-Investindo-no-exterior.png\"\n\t\t\t\t>\n\t\t\t<\/picture>\n\t\t<\/a>\n\t<\/p>\n\n\n\n\n\n<h2 class=\"wp-block-heading\">S\u00e3o Paulo responde por 9% do PIB brasileiro<\/h2>\n\n\n\n<p>Segundo dados recentes divulgados pelo&nbsp;<a href=\"https:\/\/www.suno.com.br\/artigos\/ibge\/\" target=\"_blank\" rel=\"noreferrer noopener\">Instituto Brasileiro de Geografia e Estat\u00edstica (IBGE)<\/a>. apenas 11 munic\u00edpios ainda detinham quase um quarto (24,4%) da economia brasileira em 2021. Segundo Instituto, a cidade de&nbsp;<a href=\"https:\/\/www.suno.com.br\/noticias\/web-stories\/passagem-de-onibus-sao-paulo-subiu-anos-cpf\/\" target=\"_blank\" rel=\"noreferrer noopener\"><strong>S\u00e3o Paulo<\/strong>&nbsp;<\/a>foi a maior geradora de riqueza, com uma fatia de 9,2% do Produto Interno Bruto (PIB) brasileiro.<\/p>\n\n\n\n<p>Ainda de acordo com os dados do IBGE, logo atr\u00e1s de S\u00e3o Paulo aparecem as cidades do Rio de Janeiro (4,0%), Bras\u00edlia (3,2%), Belo Horizonte (1,2%), Manaus (1,1%), Curitiba (1,1%), Osasco\/SP (1,0%), Maric\u00e1\/RJ (1,0%), Porto Alegre (0,9%), Guarulhos\/SP (0,9%) e Fortaleza\/CE (0,8%).<\/p>\n\n\n\n<p>\u201cOs resultados do&nbsp;<a href=\"https:\/\/www.suno.com.br\/noticias\/dolar-alta-china-pib-superando-expectativas-cpf\/\" target=\"_blank\" rel=\"noreferrer noopener\">PIB dos Munic\u00edpios<\/a>&nbsp;mostram que munic\u00edpios das capitais e demais agrega\u00e7\u00f5es municipais de maior participa\u00e7\u00e3o no PIB brasileiro, por concentrarem as atividades de servi\u00e7os presenciais, foram os mais afetados pelas medidas restritivas de isolamento decorrentes da pandemia de covid-19, ao longo de 2020, apresentando queda nominal (na atividade econ\u00f4mica), entre 2019 e 2020\u2033, diz o&nbsp;<strong>IBGE<\/strong>.<\/p>\n\n\n\n<p>\u201cEstes grupos de munic\u00edpios, entre 2020 e 2021, tiveram aumento nominal (no PIB); por\u00e9m, em termos de participa\u00e7\u00e3o n\u00e3o conseguiram retomar ao patamar de 2019, apesar da recupera\u00e7\u00e3o econ\u00f4mica verificada no \u00e2mbito nacional e regional, alavancada pelos servi\u00e7os. Portanto, a tend\u00eancia de desconcentra\u00e7\u00e3o econ\u00f4mica municipal identificada ao longo da s\u00e9rie hist\u00f3rica e intensificada em 2020, foi mantida\u201d, completa.<\/p>\n\n\n\n\t<div data-element=\"shortcode-read-more\" class=\"readToo\">\n\t\t\t\t<span class=\"readToo__title\">Leia mais<\/span>\n\t\t\t\t<ul class=\"readToo__list\">\n\t\t\t<li><a href=\"https:\/\/www.suno.com.br\/noticias\/sao-paulo-tarifa-metro-onibus-trem-janeiro-2024-cpf\/\">Metr\u00f4 e trem em S\u00e3o Paulo mais caros: tarifa sobe para R$ 5,00 em janeiro; \u00f4nibus n\u00e3o ir\u00e1 aumentar<\/a><\/li><li><a href=\"https:\/\/www.suno.com.br\/noticias\/passagem-onibus-gratuito-nos-domingos-sao-paulo-cpf\/\">\u00d4nibus gratuito nos domingos? Benef\u00edcio passa a valer no dia 17 de dezembro em S\u00e3o Paulo<\/a><\/li>\t\t<\/ul>\n\t<\/div>\n\n\n\n\n\n\t<p>\n\t\t<a href=\"https:\/\/lp.suno.com.br\/planilha-da-vida-financeira\/\" target=\"_blank\" data-element=\"shortcode-suno-banner\" title=\"Banner SUNO, clique e saiba mais\">\n\t\t\t<picture>\n\t\t\t\t<source media=\"(max-width: 500px)\" srcset=\"https:\/\/files.sunoresearch.com.br\/n\/uploads\/2023\/04\/400x300-Planilha-vida-financeira-true.png\">\n\t\t\t\t<img class=\"newsContent__article__imgCapa newsContent__article__imgCapa--banner\"\n\t\t\t\t\tsrc=\"https:\/\/files.sunoresearch.com.br\/n\/uploads\/2023\/04\/1420x240-Planilha-vida-financeira-true.png\"\n\t\t\t\t\tdata-promo-id=\"383123\"\t\t\t\t\t\t\t\t\t\twidth='1420' height='240'\t\t\t\t\talt=\"https:\/\/files.sunoresearch.com.br\/n\/uploads\/2023\/04\/1420x240-Planilha-vida-financeira-true.png\"\n\t\t\t\t>\n\t\t\t<\/picture>\n\t\t<\/a>\n\t<\/p>\n\n\n","protected":false},"excerpt":{"rendered":"<p>Uruguai, Porto Rico e Argentina s\u00e3o os pa\u00edses que possuem as cidades com melhor qualidade de vida na Am\u00e9rica Latina e Caribe, informa um relat\u00f3rio da Mercer. A cidade brasileira mais bem colocada foi S\u00e3o Paulo, que ficou \u00e0 frente de Rio de Janeiro e Bras\u00edlia.&nbsp;&nbsp; S\u00e3o Paulo \u00e9 eleita a melhor cidade em qualidade [&hellip;]<\/p>\n","protected":false},"author":301,"featured_media":408480,"comment_status":"closed","ping_status":"closed","sticky":false,"template":"","format":"standard","meta":[],"categories":[62],"tags":[1178,843],"suno_strategy":[],"class_list":["post-505300","post","type-post","status-publish","format-standard","has-post-thumbnail","hentry","category-economia","tag-ministerio-do-turismo","tag-sao-paulo"],"yoast_head":"<!-- This site is optimized with the Yoast SEO plugin v24.4 - https:\/\/yoast.com\/wordpress\/plugins\/seo\/ -->\n<title>S\u00e3o Paulo \u00e9 eleita como melhor cidade em qualidade de vida no Brasil<\/title>\n<meta name=\"description\" content=\"A cidade brasileira com melhor qualidade de vida \u00e9 S\u00e3o Paulo, que ficou \u00e0 frente de Rio de Janeiro. diz relat\u00f3rio da Mercer.\" \/>\n<meta name=\"robots\" content=\"index, follow, max-snippet:-1, max-image-preview:large, max-video-preview:-1\" \/>\n<link rel=\"canonical\" href=\"https:\/\/www.suno.com.br\/noticias\/sao-paulo-melhor-cidade-qualidade-vida-brasil-va\/\" \/>\n<meta property=\"og:locale\" content=\"pt_BR\" \/>\n<meta property=\"og:type\" content=\"article\" \/>\n<meta property=\"og:title\" content=\"S\u00e3o Paulo \u00e9 eleita como melhor cidade em qualidade de vida no Brasil\" \/>\n<meta property=\"og:description\" content=\"A cidade brasileira com melhor qualidade de vida \u00e9 S\u00e3o Paulo, que ficou \u00e0 frente de Rio de Janeiro. diz relat\u00f3rio da Mercer.\" \/>\n<meta property=\"og:url\" content=\"https:\/\/www.suno.com.br\/noticias\/sao-paulo-melhor-cidade-qualidade-vida-brasil-va\/\" \/>\n<meta property=\"og:site_name\" content=\"Suno Not\u00edcias\" \/>\n<meta property=\"article:publisher\" content=\"https:\/\/facebook.com\/sunoresearch\" \/>\n<meta property=\"og:image\" content=\"https:\/\/files.sunoresearch.com.br\/n\/uploads\/2023\/05\/fiis-sao-paulo.jpg\" \/>\n\t<meta property=\"og:image:width\" content=\"1200\" \/>\n\t<meta property=\"og:image:height\" content=\"800\" \/>\n\t<meta property=\"og:image:type\" content=\"image\/jpeg\" \/>\n<meta name=\"author\" content=\"Vin\u00edcius Alves\" \/>\n<meta name=\"twitter:card\" content=\"summary_large_image\" \/>\n<meta name=\"twitter:creator\" content=\"@sunoresearch\" \/>\n<meta name=\"twitter:site\" content=\"@sunoresearch\" \/>\n<meta name=\"twitter:label1\" content=\"Escrito por\" \/>\n\t<meta name=\"twitter:data1\" content=\"Vin\u00edcius Alves\" \/>\n\t<meta name=\"twitter:label2\" content=\"Est. tempo de leitura\" \/>\n\t<meta name=\"twitter:data2\" content=\"3 minutos\" \/>\n<script type=\"application\/ld+json\" class=\"yoast-schema-graph\">{\"@context\":\"https:\/\/schema.org\",\"@graph\":[{\"@type\":\"NewsArticle\",\"@id\":\"https:\/\/www.suno.com.br\/noticias\/sao-paulo-melhor-cidade-qualidade-vida-brasil-va\/#article\",\"isPartOf\":{\"@id\":\"https:\/\/www.suno.com.br\/noticias\/sao-paulo-melhor-cidade-qualidade-vida-brasil-va\/\"},\"author\":{\"name\":\"Vin\u00edcius Alves\",\"@id\":\"https:\/\/www.suno.com.br\/noticias\/#\/schema\/person\/4a180549702d0e236b3e420862bcded3\"},\"headline\":\"Qual cidade tem a melhor qualidade de vida no Brasil? Veja ranking na Am\u00e9rica Latina\",\"datePublished\":\"2023-12-31T19:51:08+00:00\",\"dateModified\":\"2024-01-01T02:00:24+00:00\",\"mainEntityOfPage\":{\"@id\":\"https:\/\/www.suno.com.br\/noticias\/sao-paulo-melhor-cidade-qualidade-vida-brasil-va\/\"},\"wordCount\":578,\"publisher\":{\"@id\":\"https:\/\/www.suno.com.br\/noticias\/#organization\"},\"image\":{\"@id\":\"https:\/\/www.suno.com.br\/noticias\/sao-paulo-melhor-cidade-qualidade-vida-brasil-va\/#primaryimage\"},\"thumbnailUrl\":\"https:\/\/files.sunoresearch.com.br\/n\/uploads\/2023\/05\/fiis-sao-paulo.jpg\",\"keywords\":[\"Minist\u00e9rio do Turismo\",\"S\u00e3o Paulo\"],\"articleSection\":[\"Economia\"],\"inLanguage\":\"pt-BR\"},{\"@type\":\"WebPage\",\"@id\":\"https:\/\/www.suno.com.br\/noticias\/sao-paulo-melhor-cidade-qualidade-vida-brasil-va\/\",\"url\":\"https:\/\/www.suno.com.br\/noticias\/sao-paulo-melhor-cidade-qualidade-vida-brasil-va\/\",\"name\":\"S\u00e3o Paulo \u00e9 eleita como melhor cidade em qualidade de vida no Brasil\",\"isPartOf\":{\"@id\":\"https:\/\/www.suno.com.br\/noticias\/#website\"},\"primaryImageOfPage\":{\"@id\":\"https:\/\/www.suno.com.br\/noticias\/sao-paulo-melhor-cidade-qualidade-vida-brasil-va\/#primaryimage\"},\"image\":{\"@id\":\"https:\/\/www.suno.com.br\/noticias\/sao-paulo-melhor-cidade-qualidade-vida-brasil-va\/#primaryimage\"},\"thumbnailUrl\":\"https:\/\/files.sunoresearch.com.br\/n\/uploads\/2023\/05\/fiis-sao-paulo.jpg\",\"datePublished\":\"2023-12-31T19:51:08+00:00\",\"dateModified\":\"2024-01-01T02:00:24+00:00\",\"description\":\"A cidade brasileira com melhor qualidade de vida \u00e9 S\u00e3o Paulo, que ficou \u00e0 frente de Rio de Janeiro. diz relat\u00f3rio da Mercer.\",\"breadcrumb\":{\"@id\":\"https:\/\/www.suno.com.br\/noticias\/sao-paulo-melhor-cidade-qualidade-vida-brasil-va\/#breadcrumb\"},\"inLanguage\":\"pt-BR\",\"potentialAction\":[{\"@type\":\"ReadAction\",\"target\":[\"https:\/\/www.suno.com.br\/noticias\/sao-paulo-melhor-cidade-qualidade-vida-brasil-va\/\"]}]},{\"@type\":\"ImageObject\",\"inLanguage\":\"pt-BR\",\"@id\":\"https:\/\/www.suno.com.br\/noticias\/sao-paulo-melhor-cidade-qualidade-vida-brasil-va\/#primaryimage\",\"url\":\"https:\/\/files.sunoresearch.com.br\/n\/uploads\/2023\/05\/fiis-sao-paulo.jpg\",\"contentUrl\":\"https:\/\/files.sunoresearch.com.br\/n\/uploads\/2023\/05\/fiis-sao-paulo.jpg\",\"width\":1200,\"height\":800,\"caption\":\"S\u00e3o Paulo \u00e9 eleita a melhor cidade em qualidade de vida do Brasil - Foto: iStock\"},{\"@type\":\"BreadcrumbList\",\"@id\":\"https:\/\/www.suno.com.br\/noticias\/sao-paulo-melhor-cidade-qualidade-vida-brasil-va\/#breadcrumb\",\"itemListElement\":[{\"@type\":\"ListItem\",\"position\":1,\"name\":\"Not\u00edcias\",\"item\":\"https:\/\/www.suno.com.br\/noticias\/\"},{\"@type\":\"ListItem\",\"position\":2,\"name\":\"Economia\",\"item\":\"https:\/\/www.suno.com.br\/noticias\/economia\/\"},{\"@type\":\"ListItem\",\"position\":3,\"name\":\"Qual cidade tem a melhor qualidade de vida no Brasil? Veja ranking na Am\u00e9rica Latina\"}]},{\"@type\":\"WebSite\",\"@id\":\"https:\/\/www.suno.com.br\/noticias\/#website\",\"url\":\"https:\/\/www.suno.com.br\/noticias\/\",\"name\":\"Suno Not\u00edcias\",\"description\":\"Seu portal de informa\u00e7\u00e3o sobre o mundo dos investimentos\",\"publisher\":{\"@id\":\"https:\/\/www.suno.com.br\/noticias\/#organization\"},\"potentialAction\":[{\"@type\":\"SearchAction\",\"target\":{\"@type\":\"EntryPoint\",\"urlTemplate\":\"https:\/\/www.suno.com.br\/noticias\/?s={search_term_string}\"},\"query-input\":{\"@type\":\"PropertyValueSpecification\",\"valueRequired\":true,\"valueName\":\"search_term_string\"}}],\"inLanguage\":\"pt-BR\"},{\"@type\":\"Organization\",\"@id\":\"https:\/\/www.suno.com.br\/noticias\/#organization\",\"name\":\"Suno Not\u00edcias\",\"url\":\"https:\/\/www.suno.com.br\/noticias\/\",\"logo\":{\"@type\":\"ImageObject\",\"inLanguage\":\"pt-BR\",\"@id\":\"https:\/\/www.suno.com.br\/noticias\/#\/schema\/logo\/image\/\",\"url\":\"https:\/\/files.sunoresearch.com.br\/n\/uploads\/2021\/09\/suno-logo.png\",\"contentUrl\":\"https:\/\/files.sunoresearch.com.br\/n\/uploads\/2021\/09\/suno-logo.png\",\"width\":180,\"height\":180,\"caption\":\"Suno Not\u00edcias\"},\"image\":{\"@id\":\"https:\/\/www.suno.com.br\/noticias\/#\/schema\/logo\/image\/\"},\"sameAs\":[\"https:\/\/facebook.com\/sunoresearch\",\"https:\/\/x.com\/sunoresearch\",\"https:\/\/www.instagram.com\/suno\",\"https:\/\/www.linkedin.com\/company\/suno-research\/\",\"https:\/\/www.youtube.com\/c\/sunoresearch\"]},{\"@type\":\"Person\",\"@id\":\"https:\/\/www.suno.com.br\/noticias\/#\/schema\/person\/4a180549702d0e236b3e420862bcded3\",\"name\":\"Vin\u00edcius Alves\",\"image\":{\"@type\":\"ImageObject\",\"inLanguage\":\"pt-BR\",\"@id\":\"https:\/\/www.suno.com.br\/noticias\/#\/schema\/person\/image\/\",\"url\":\"https:\/\/secure.gravatar.com\/avatar\/a95b7fe6d1b813f7907d4f476d5a39e1?s=96&r=g\",\"contentUrl\":\"https:\/\/secure.gravatar.com\/avatar\/a95b7fe6d1b813f7907d4f476d5a39e1?s=96&r=g\",\"caption\":\"Vin\u00edcius Alves\"},\"description\":\"Jornalista formado na Faculdade C\u00e1sper L\u00edbero. Com passagens pela Ag\u00eancia Estado, InfoMoney e Editora Globo.\",\"url\":\"https:\/\/www.suno.com.br\/noticias\/author\/vini08correiagmail-com\/\"}]}<\/script>\n<!-- \/ Yoast SEO plugin. -->","yoast_head_json":{"title":"S\u00e3o Paulo \u00e9 eleita como melhor cidade em qualidade de vida no Brasil","description":"A cidade brasileira com melhor qualidade de vida \u00e9 S\u00e3o Paulo, que ficou \u00e0 frente de Rio de Janeiro. diz relat\u00f3rio da Mercer.","robots":{"index":"index","follow":"follow","max-snippet":"max-snippet:-1","max-image-preview":"max-image-preview:large","max-video-preview":"max-video-preview:-1"},"canonical":"https:\/\/www.suno.com.br\/noticias\/sao-paulo-melhor-cidade-qualidade-vida-brasil-va\/","og_locale":"pt_BR","og_type":"article","og_title":"S\u00e3o Paulo \u00e9 eleita como melhor cidade em qualidade de vida no Brasil","og_description":"A cidade brasileira com melhor qualidade de vida \u00e9 S\u00e3o Paulo, que ficou \u00e0 frente de Rio de Janeiro. diz relat\u00f3rio da Mercer.","og_url":"https:\/\/www.suno.com.br\/noticias\/sao-paulo-melhor-cidade-qualidade-vida-brasil-va\/","og_site_name":"Suno Not\u00edcias","article_publisher":"https:\/\/facebook.com\/sunoresearch","og_image":[{"width":1200,"height":800,"url":"https:\/\/files.sunoresearch.com.br\/n\/uploads\/2023\/05\/fiis-sao-paulo.jpg","type":"image\/jpeg"}],"author":"Vin\u00edcius Alves","twitter_card":"summary_large_image","twitter_creator":"@sunoresearch","twitter_site":"@sunoresearch","twitter_misc":{"Escrito por":"Vin\u00edcius Alves","Est. tempo de leitura":"3 minutos"},"schema":{"@context":"https:\/\/schema.org","@graph":[{"@type":"NewsArticle","@id":"https:\/\/www.suno.com.br\/noticias\/sao-paulo-melhor-cidade-qualidade-vida-brasil-va\/#article","isPartOf":{"@id":"https:\/\/www.suno.com.br\/noticias\/sao-paulo-melhor-cidade-qualidade-vida-brasil-va\/"},"author":{"name":"Vin\u00edcius Alves","@id":"https:\/\/www.suno.com.br\/noticias\/#\/schema\/person\/4a180549702d0e236b3e420862bcded3"},"headline":"Qual cidade tem a melhor qualidade de vida no Brasil? Veja ranking na Am\u00e9rica Latina","datePublished":"2023-12-31T19:51:08+00:00","dateModified":"2024-01-01T02:00:24+00:00","mainEntityOfPage":{"@id":"https:\/\/www.suno.com.br\/noticias\/sao-paulo-melhor-cidade-qualidade-vida-brasil-va\/"},"wordCount":578,"publisher":{"@id":"https:\/\/www.suno.com.br\/noticias\/#organization"},"image":{"@id":"https:\/\/www.suno.com.br\/noticias\/sao-paulo-melhor-cidade-qualidade-vida-brasil-va\/#primaryimage"},"thumbnailUrl":"https:\/\/files.sunoresearch.com.br\/n\/uploads\/2023\/05\/fiis-sao-paulo.jpg","keywords":["Minist\u00e9rio do Turismo","S\u00e3o Paulo"],"articleSection":["Economia"],"inLanguage":"pt-BR"},{"@type":"WebPage","@id":"https:\/\/www.suno.com.br\/noticias\/sao-paulo-melhor-cidade-qualidade-vida-brasil-va\/","url":"https:\/\/www.suno.com.br\/noticias\/sao-paulo-melhor-cidade-qualidade-vida-brasil-va\/","name":"S\u00e3o Paulo \u00e9 eleita como melhor cidade em qualidade de vida no Brasil","isPartOf":{"@id":"https:\/\/www.suno.com.br\/noticias\/#website"},"primaryImageOfPage":{"@id":"https:\/\/www.suno.com.br\/noticias\/sao-paulo-melhor-cidade-qualidade-vida-brasil-va\/#primaryimage"},"image":{"@id":"https:\/\/www.suno.com.br\/noticias\/sao-paulo-melhor-cidade-qualidade-vida-brasil-va\/#primaryimage"},"thumbnailUrl":"https:\/\/files.sunoresearch.com.br\/n\/uploads\/2023\/05\/fiis-sao-paulo.jpg","datePublished":"2023-12-31T19:51:08+00:00","dateModified":"2024-01-01T02:00:24+00:00","description":"A cidade brasileira com melhor qualidade de vida \u00e9 S\u00e3o Paulo, que ficou \u00e0 frente de Rio de Janeiro. diz relat\u00f3rio da Mercer.","breadcrumb":{"@id":"https:\/\/www.suno.com.br\/noticias\/sao-paulo-melhor-cidade-qualidade-vida-brasil-va\/#breadcrumb"},"inLanguage":"pt-BR","potentialAction":[{"@type":"ReadAction","target":["https:\/\/www.suno.com.br\/noticias\/sao-paulo-melhor-cidade-qualidade-vida-brasil-va\/"]}]},{"@type":"ImageObject","inLanguage":"pt-BR","@id":"https:\/\/www.suno.com.br\/noticias\/sao-paulo-melhor-cidade-qualidade-vida-brasil-va\/#primaryimage","url":"https:\/\/files.sunoresearch.com.br\/n\/uploads\/2023\/05\/fiis-sao-paulo.jpg","contentUrl":"https:\/\/files.sunoresearch.com.br\/n\/uploads\/2023\/05\/fiis-sao-paulo.jpg","width":1200,"height":800,"caption":"S\u00e3o Paulo \u00e9 eleita a melhor cidade em qualidade de vida do Brasil - Foto: iStock"},{"@type":"BreadcrumbList","@id":"https:\/\/www.suno.com.br\/noticias\/sao-paulo-melhor-cidade-qualidade-vida-brasil-va\/#breadcrumb","itemListElement":[{"@type":"ListItem","position":1,"name":"Not\u00edcias","item":"https:\/\/www.suno.com.br\/noticias\/"},{"@type":"ListItem","position":2,"name":"Economia","item":"https:\/\/www.suno.com.br\/noticias\/economia\/"},{"@type":"ListItem","position":3,"name":"Qual cidade tem a melhor qualidade de vida no Brasil? Veja ranking na Am\u00e9rica Latina"}]},{"@type":"WebSite","@id":"https:\/\/www.suno.com.br\/noticias\/#website","url":"https:\/\/www.suno.com.br\/noticias\/","name":"Suno Not\u00edcias","description":"Seu portal de informa\u00e7\u00e3o sobre o mundo dos investimentos","publisher":{"@id":"https:\/\/www.suno.com.br\/noticias\/#organization"},"potentialAction":[{"@type":"SearchAction","target":{"@type":"EntryPoint","urlTemplate":"https:\/\/www.suno.com.br\/noticias\/?s={search_term_string}"},"query-input":{"@type":"PropertyValueSpecification","valueRequired":true,"valueName":"search_term_string"}}],"inLanguage":"pt-BR"},{"@type":"Organization","@id":"https:\/\/www.suno.com.br\/noticias\/#organization","name":"Suno Not\u00edcias","url":"https:\/\/www.suno.com.br\/noticias\/","logo":{"@type":"ImageObject","inLanguage":"pt-BR","@id":"https:\/\/www.suno.com.br\/noticias\/#\/schema\/logo\/image\/","url":"https:\/\/files.sunoresearch.com.br\/n\/uploads\/2021\/09\/suno-logo.png","contentUrl":"https:\/\/files.sunoresearch.com.br\/n\/uploads\/2021\/09\/suno-logo.png","width":180,"height":180,"caption":"Suno Not\u00edcias"},"image":{"@id":"https:\/\/www.suno.com.br\/noticias\/#\/schema\/logo\/image\/"},"sameAs":["https:\/\/facebook.com\/sunoresearch","https:\/\/x.com\/sunoresearch","https:\/\/www.instagram.com\/suno","https:\/\/www.linkedin.com\/company\/suno-research\/","https:\/\/www.youtube.com\/c\/sunoresearch"]},{"@type":"Person","@id":"https:\/\/www.suno.com.br\/noticias\/#\/schema\/person\/4a180549702d0e236b3e420862bcded3","name":"Vin\u00edcius Alves","image":{"@type":"ImageObject","inLanguage":"pt-BR","@id":"https:\/\/www.suno.com.br\/noticias\/#\/schema\/person\/image\/","url":"https:\/\/secure.gravatar.com\/avatar\/a95b7fe6d1b813f7907d4f476d5a39e1?s=96&r=g","contentUrl":"https:\/\/secure.gravatar.com\/avatar\/a95b7fe6d1b813f7907d4f476d5a39e1?s=96&r=g","caption":"Vin\u00edcius Alves"},"description":"Jornalista formado na Faculdade C\u00e1sper L\u00edbero. Com passagens pela Ag\u00eancia Estado, InfoMoney e Editora Globo.","url":"https:\/\/www.suno.com.br\/noticias\/author\/vini08correiagmail-com\/"}]}},"default_loop_html":"<div class=\"cardsPage__listCard__boxs\"><div class=\"cardsPage__listCard__boxs__img\"><a href=\"https:\/\/www.suno.com.br\/noticias\/sao-paulo-melhor-cidade-qualidade-vida-brasil-va\/\"><img class=\"mask\" src=\"https:\/\/www.suno.com.br\/noticias\/wp-content\/themes\/suno\/resources\/images\/spotlight\/spotlight1img\/bg-mask.png\" alt=\"Image Mask\"\/><img src=\"https:\/\/files.sunoresearch.com.br\/n\/uploads\/2023\/05\/fiis-sao-paulo-400x200.jpg\" alt=\"Qual cidade tem a melhor qualidade de vida no Brasil? Veja ranking na Am\u00e9rica Latina\"\/><\/a><span class=\"spotlightCategory\"><a href=\"https:\/\/www.suno.com.br\/noticias\/economia\/\">Economia<\/a><\/span><\/div><div class=\"cardsPage__listCard__boxs__content\"><a href=\"https:\/\/www.suno.com.br\/noticias\/sao-paulo-melhor-cidade-qualidade-vida-brasil-va\/\"><h2 class=\"content__title\">Qual cidade tem a melhor qualidade de vida no Brasil? Veja ranking na Am\u00e9rica Latina<\/h2><\/a><div class=\"newsContent__article__meta\"><div class=\"newsContent__article__meta__authorBox\"><a href=\"https:\/\/www.suno.com.br\/noticias\/author\/camila-figueiredosuno-com-br\/\" class=\"authorBox__avatar noMobi\"><img src=\"https:\/\/files.sunoresearch.com.br\/n\/uploads\/2024\/05\/camila-paim-square-150x150.jpg\" alt=\"Camila Paim\"><\/a><div class=\"authorBox__name\"><span>por\n\t\t\t<a href=\"https:\/\/www.suno.com.br\/noticias\/author\/camila-figueiredosuno-com-br\/\"><span itemprop=\"author\">Camila Paim<\/span><\/a><\/span><time datetime=\"2023-12-31T16:51:08-03:00\" itemprop=\"datePublished\">31\/12\/2023 16:51<\/time><\/div><\/div><\/div><\/div><\/div>","single_layout":"posts","amp_enabled":true,"_links":{"self":[{"href":"https:\/\/www.suno.com.br\/noticias\/wp-json\/wp\/v2\/posts\/505300"}],"collection":[{"href":"https:\/\/www.suno.com.br\/noticias\/wp-json\/wp\/v2\/posts"}],"about":[{"href":"https:\/\/www.suno.com.br\/noticias\/wp-json\/wp\/v2\/types\/post"}],"author":[{"embeddable":true,"href":"https:\/\/www.suno.com.br\/noticias\/wp-json\/wp\/v2\/users\/301"}],"replies":[{"embeddable":true,"href":"https:\/\/www.suno.com.br\/noticias\/wp-json\/wp\/v2\/comments?post=505300"}],"version-history":[{"count":3,"href":"https:\/\/www.suno.com.br\/noticias\/wp-json\/wp\/v2\/posts\/505300\/revisions"}],"predecessor-version":[{"id":505350,"href":"https:\/\/www.suno.com.br\/noticias\/wp-json\/wp\/v2\/posts\/505300\/revisions\/505350"}],"wp:featuredmedia":[{"embeddable":true,"href":"https:\/\/www.suno.com.br\/noticias\/wp-json\/wp\/v2\/media\/408480"}],"wp:attachment":[{"href":"https:\/\/www.suno.com.br\/noticias\/wp-json\/wp\/v2\/media?parent=505300"}],"wp:term":[{"taxonomy":"category","embeddable":true,"href":"https:\/\/www.suno.com.br\/noticias\/wp-json\/wp\/v2\/categories?post=505300"},{"taxonomy":"post_tag","embeddable":true,"href":"https:\/\/www.suno.com.br\/noticias\/wp-json\/wp\/v2\/tags?post=505300"},{"taxonomy":"suno_strategy","embeddable":true,"href":"https:\/\/www.suno.com.br\/noticias\/wp-json\/wp\/v2\/suno_strategy?post=505300"}],"curies":[{"name":"wp","href":"https:\/\/api.w.org\/{rel}","templated":true}]}}