{"id":505065,"date":"2023-12-30T10:33:20","date_gmt":"2023-12-30T13:33:20","guid":{"rendered":"https:\/\/www.suno.com.br\/noticias\/?p=505065"},"modified":"2023-12-30T10:33:26","modified_gmt":"2023-12-30T13:33:26","slug":"novo-salario-minimo-economia-sera-699-bilhoes-va","status":"publish","type":"post","link":"https:\/\/www.suno.com.br\/noticias\/novo-salario-minimo-economia-sera-699-bilhoes-va\/","title":{"rendered":"Sal\u00e1rio m\u00ednimo deve incrementar R$ 69,9 bilh\u00f5es na economia em 2024, diz Dieese"},"content":{"rendered":"<p>O Departamento Intersindical de Estat\u00edstica e Estudos Socioecon\u00f4micos (Dieese) avaliou o impacto do reajuste do <strong>sal\u00e1rio m\u00ednimo<\/strong> na economia. A entidade estima que 59,3 milh\u00f5es de pessoas t\u00eam rendimento referenciado no <a class=\"suno-keyword\" target=\"_blank\" data-force=\"no\" data-priority=\"3\" href=\"https:\/\/www.suno.com.br\/artigos\/salario-minimo\/\" rel=\"noopener\">sal\u00e1rio m\u00ednimo<\/a>, o que resultar\u00e1 em um incremento da renda anual no montante de R$ 69,9 bilh\u00f5es.<img decoding=\"async\" style=\"width: 1px; height: 1px;\" src=\"https:\/\/agenciabrasil.ebc.com.br\/ebc.png?id=1574756&amp;o=rss\"><img decoding=\"async\" style=\"width: 1px; height: 1px;\" src=\"https:\/\/agenciabrasil.ebc.com.br\/ebc.gif?id=1574756&amp;o=rss\"><\/p>\t<div class=\"wrapper-featured-image\">\n\t\t<figure class=\"spotlightImg\">\n\n\t\t\t<picture>\n\t\t\t\t<source media=\"(max-width: 768px)\" srcset=\"https:\/\/files.sunoresearch.com.br\/n\/uploads\/2022\/12\/dinheiro-projeto-pl-400x200.jpg\">\n\t\t\t\t<img loading=\"lazy\" decoding=\"async\" class=\"newsContent__article__imgCapa lazyloadDisabled \" src=\"https:\/\/files.sunoresearch.com.br\/n\/uploads\/2022\/12\/dinheiro-projeto-pl-800x450.jpg\" width=\"800\" height=\"450\" alt=\"Sal\u00e1rio m\u00ednimo deve incrementar R$ 69,9 bilh\u00f5es na economia em 2024, diz Dieese\" fetchpriority=high \/>\n\t\t\t<\/picture>\n\n\t\t\t<figcaption class=\"wp-caption-text wp-caption-text--show\">Dinheiro - Foto: Marcello Casal Jr\/Ag\u00eancia Brasil<\/figcaption>\n\t\t<\/figure>\n\t<\/div>\n\n\n\n\n\n\t<p>\n\t\t<a href=\"\" target=\"_blank\" data-element=\"shortcode-suno-banner\" title=\"Banner SUNO, clique e saiba mais\">\n\t\t\t<picture>\n\t\t\t\t<source media=\"(max-width: 500px)\" srcset=\"\">\n\t\t\t\t<img class=\"newsContent__article__imgCapa newsContent__article__imgCapa--banner\"\n\t\t\t\t\tsrc=\"\"\n\t\t\t\t\tdata-promo-id=\"240038\"\t\t\t\t\t\t\t\t\t\t\t\t\t\t\talt=\"\"\n\t\t\t\t>\n\t\t\t<\/picture>\n\t\t<\/a>\n\t<\/p>\n\n\n\n\n\n<p>Al\u00e9m disso, o Dieese estimou R$ 37,7 bilh\u00f5es de aumento na arrecada\u00e7\u00e3o tribut\u00e1ria anual sobre o consumo, como impacto tamb\u00e9m desse reajuste do m\u00ednimo.<\/p>\n\n\n\n<p>A partir de 1\u00ba de janeiro de 2024, o <a href=\"http:\/\/agenciabrasil.ebc.com.br\/economia\/noticia\/2023-12\/lula-assina-decreto-que-reajusta-salario-minimo-para-r-1412\">sal\u00e1rio m\u00ednimo oficial do Brasil ser\u00e1 de R$ 1.412<\/a>. Considerando a infla\u00e7\u00e3o medida pelo \u00cdndice Nacional de Pre\u00e7os ao Consumidor (INPC) para o per\u00edodo de maio &#8211; m\u00eas em que houve o \u00faltimo reajuste &#8211; a dezembro de 2023, o ganho real chegou a 5,77%, conforme calculou o Dieese.<\/p>\n\n\n\n<p>O aumento nominal de R$ 1.320&nbsp;para 1.412&nbsp;\u00e9 de 6,97%, enquanto o INPC est\u00e1 estimado em 1,14%, de maio a dezembro.<\/p>\n\n\n\n<p>Se usado como refer\u00eancia o m\u00eas de janeiro de 2023, quando o sal\u00e1rio m\u00ednimo era de R$ 1.302, o ganho real seria de 4,69%, em raz\u00e3o do reajuste (de 1,38%) abaixo da infla\u00e7\u00e3o ocorrido entre janeiro e maio. A varia\u00e7\u00e3o do INPC foi de 2,42% no quadrimestre janeiro-abril. Diante disso, houve uma perda real de 1,01% no reajuste realizado em maio deste ano.<\/p>\n\n\n\n<p>\u201cEntretanto, o reajuste fixado para janeiro de 2024 mais do que compensa essa perda ocasional, resultando, como j\u00e1 dito, em ganho real de 5,77% em rela\u00e7\u00e3o a maio de 2023\u201d, avalia o Dieese.<\/p>\n\n\n\n<h2 class=\"wp-block-heading\">Sal\u00e1rio M\u00ednimo: pol\u00edtica de valoriza\u00e7\u00e3o<\/h2>\n\n\n\n<p>No ano de 2002, o sal\u00e1rio m\u00ednimo ficou definido em R$ 200. Em rela\u00e7\u00e3o \u00e0 sua pol\u00edtica de valoriza\u00e7\u00e3o, que trouxe aumento real em todos os anos de 2003 a 2016, o Dieese avalia que ela constitui um dos fatores mais importantes para o aumento da renda da popula\u00e7\u00e3o mais pobre e marca o sucesso de uma luta que promoveu um grande acordo salarial na hist\u00f3ria do pa\u00eds.<\/p>\n\n\n\t<p>\n\t\t<a href=\"https:\/\/lp.suno.com.br\/ebook-gratuito-investindo-no-exterior\/\" target=\"_blank\" data-element=\"shortcode-suno-banner\" title=\"Banner SUNO, clique e saiba mais\">\n\t\t\t<picture>\n\t\t\t\t<source media=\"(max-width: 500px)\" srcset=\"https:\/\/files.sunoresearch.com.br\/n\/uploads\/2023\/03\/400x300-Investindo-no-exterior.png\">\n\t\t\t\t<img class=\"newsContent__article__imgCapa newsContent__article__imgCapa--banner\"\n\t\t\t\t\tsrc=\"https:\/\/files.sunoresearch.com.br\/n\/uploads\/2023\/03\/1420x240-Investindo-no-exterior.png\"\n\t\t\t\t\tdata-promo-id=\"383161\"\t\t\t\t\t\t\t\t\t\twidth='1420' height='240'\t\t\t\t\talt=\"https:\/\/files.sunoresearch.com.br\/n\/uploads\/2023\/03\/1420x240-Investindo-no-exterior.png\"\n\t\t\t\t>\n\t\t\t<\/picture>\n\t\t<\/a>\n\t<\/p>\n\n\n\n\n\n<p>\u201cA pol\u00edtica estabeleceu, ao mesmo tempo, uma regra est\u00e1vel, permanente e previs\u00edvel, promovendo a recupera\u00e7\u00e3o gradativa e diferida no tempo, com refer\u00eancia para os aumentos reais e est\u00edmulo ao crescimento da economia. A valoriza\u00e7\u00e3o do sal\u00e1rio m\u00ednimo induz \u00e0 amplia\u00e7\u00e3o do mercado consumidor interno e, em consequ\u00eancia, fortalece a economia brasileira\u201d, divulgou a entidade em nota t\u00e9cnica.<\/p>\n\n\n\n<p>O Dieese avalia ainda que, ao elevar o piso nacional, a pol\u00edtica contribuiu para reduzir as desigualdades salariais entre homens e mulheres, negros e n\u00e3o negros, entre regi\u00f5es do pa\u00eds. Al\u00e9m disso, teve impacto positivo sobre os reajustes dos pisos salariais das diversas categorias de trabalhadores e trabalhadoras.<\/p>\n\n\n\n<p>Em janeiro de 2017, o reajuste ficou abaixo da infla\u00e7\u00e3o, acumulando perda real de 0,10% no per\u00edodo de um ano, com base no \u00cdndice Nacional de Pre\u00e7os ao Consumidor (INPC). Em janeiro de 2018, a perda real acumulada foi de 0,25%.<\/p>\n\n\n\n<p>Em 2019, o ganho real foi de 1,14%; em 2020, a perda real foi de 0,36. Em 2021, o Dieese destaca que n\u00e3o houve incorpora\u00e7\u00e3o de qualquer ganho real, exceto por reflexo do pequeno arredondamento para o valor de R$ 1.100, que representou ganho de 0,01%. Para 2022, o ocorrido no ano anterior se repetiu, j\u00e1 que que o <strong>sal\u00e1rio m\u00ednimo<\/strong> teve ganho real de apenas 0,02%. Em janeiro de 2023, o aumento real foi de 1,41%.<\/p>\n\n\n\n\t<div data-element=\"shortcode-read-more\" class=\"readToo\">\n\t\t\t\t<span class=\"readToo__title\">Leia mais<\/span>\n\t\t\t\t<ul class=\"readToo__list\">\n\t\t\t<li><a href=\"https:\/\/www.suno.com.br\/noticias\/itausa-itsa4-bradesco-bbdc4-agenda-dividendos-29122023\/\">Ita\u00fasa (ITSA4), Bradesco (BBDC4): Veja as datas de corte e quem vai pagar dividendos e JCP na semana<\/a><\/li><li><a href=\"https:\/\/www.suno.com.br\/noticias\/servidores-bc-farao-apagao-de-24-horas-janeiro\/\">Servidores do BC far\u00e3o &#8216;apag\u00e3o&#8217; de 24 horas em janeiro, promete sindicato da categoria<\/a><\/li>\t\t<\/ul>\n\t<\/div>\n\n\n\n\n<p>Com Ag\u00eancia Brasil<\/p>\n\n\n\n\n\t<p>\n\t\t<a href=\"https:\/\/lp.suno.com.br\/planilha-da-vida-financeira\/\" target=\"_blank\" data-element=\"shortcode-suno-banner\" title=\"Banner SUNO, clique e saiba mais\">\n\t\t\t<picture>\n\t\t\t\t<source media=\"(max-width: 500px)\" srcset=\"https:\/\/files.sunoresearch.com.br\/n\/uploads\/2023\/04\/400x300-Planilha-vida-financeira-true.png\">\n\t\t\t\t<img class=\"newsContent__article__imgCapa newsContent__article__imgCapa--banner\"\n\t\t\t\t\tsrc=\"https:\/\/files.sunoresearch.com.br\/n\/uploads\/2023\/04\/1420x240-Planilha-vida-financeira-true.png\"\n\t\t\t\t\tdata-promo-id=\"383123\"\t\t\t\t\t\t\t\t\t\twidth='1420' height='240'\t\t\t\t\talt=\"https:\/\/files.sunoresearch.com.br\/n\/uploads\/2023\/04\/1420x240-Planilha-vida-financeira-true.png\"\n\t\t\t\t>\n\t\t\t<\/picture>\n\t\t<\/a>\n\t<\/p>\n\n\n","protected":false},"excerpt":{"rendered":"<p>O Departamento Intersindical de Estat\u00edstica e Estudos Socioecon\u00f4micos (Dieese) avaliou o impacto do reajuste do sal\u00e1rio m\u00ednimo na economia. A entidade estima que 59,3 milh\u00f5es de pessoas t\u00eam rendimento referenciado no sal\u00e1rio m\u00ednimo, o que resultar\u00e1 em um incremento da renda anual no montante de R$ 69,9 bilh\u00f5es. Dinheiro &#8211; Foto: Marcello Casal Jr\/Ag\u00eancia Brasil [&hellip;]<\/p>\n","protected":false},"author":43,"featured_media":329753,"comment_status":"closed","ping_status":"closed","sticky":false,"template":"","format":"standard","meta":[],"categories":[62],"tags":[740,1824],"suno_strategy":[],"class_list":["post-505065","post","type-post","status-publish","format-standard","has-post-thumbnail","hentry","category-economia","tag-economia","tag-salario-minimo"],"yoast_head":"<!-- This site is optimized with the Yoast SEO plugin v24.4 - https:\/\/yoast.com\/wordpress\/plugins\/seo\/ -->\n<title>Novo sal\u00e1rio m\u00ednimo deve incrementar R$ 69,9 bilh\u00f5es na economia<\/title>\n<meta name=\"description\" content=\"O Departamento Intersindical de Estat\u00edstica e Estudos Socioecon\u00f4micos (Dieese) avaliou o impacto do reajuste do sal\u00e1rio m\u00ednimo na economia.\" \/>\n<meta name=\"robots\" content=\"index, follow, max-snippet:-1, max-image-preview:large, max-video-preview:-1\" \/>\n<link rel=\"canonical\" href=\"https:\/\/www.suno.com.br\/noticias\/novo-salario-minimo-economia-sera-699-bilhoes-va\/\" \/>\n<meta property=\"og:locale\" content=\"pt_BR\" \/>\n<meta property=\"og:type\" content=\"article\" \/>\n<meta property=\"og:title\" content=\"Novo sal\u00e1rio m\u00ednimo deve incrementar R$ 69,9 bilh\u00f5es na economia\" \/>\n<meta property=\"og:description\" content=\"O Departamento Intersindical de Estat\u00edstica e Estudos Socioecon\u00f4micos (Dieese) avaliou o impacto do reajuste do sal\u00e1rio m\u00ednimo na economia.\" \/>\n<meta property=\"og:url\" content=\"https:\/\/www.suno.com.br\/noticias\/novo-salario-minimo-economia-sera-699-bilhoes-va\/\" \/>\n<meta property=\"og:site_name\" content=\"Suno Not\u00edcias\" \/>\n<meta property=\"article:publisher\" content=\"https:\/\/facebook.com\/sunoresearch\" \/>\n<meta property=\"article:author\" content=\"https:\/\/www.facebook.com\/sunonoticias\/\" \/>\n<meta property=\"og:image\" content=\"https:\/\/files.sunoresearch.com.br\/n\/uploads\/2022\/12\/dinheiro-projeto-pl-scaled.jpg\" \/>\n\t<meta property=\"og:image:width\" content=\"2560\" \/>\n\t<meta property=\"og:image:height\" content=\"1707\" \/>\n\t<meta property=\"og:image:type\" content=\"image\/jpeg\" \/>\n<meta name=\"author\" content=\"Reda\u00e7\u00e3o Suno Not\u00edcias\" \/>\n<meta name=\"twitter:card\" content=\"summary_large_image\" \/>\n<meta name=\"twitter:creator\" content=\"@https:\/\/twitter.com\/sunoresearch\" \/>\n<meta name=\"twitter:site\" content=\"@sunoresearch\" \/>\n<meta name=\"twitter:label1\" content=\"Escrito por\" \/>\n\t<meta name=\"twitter:data1\" content=\"Reda\u00e7\u00e3o Suno Not\u00edcias\" \/>\n\t<meta name=\"twitter:label2\" content=\"Est. tempo de leitura\" \/>\n\t<meta name=\"twitter:data2\" content=\"4 minutos\" \/>\n<script type=\"application\/ld+json\" class=\"yoast-schema-graph\">{\"@context\":\"https:\/\/schema.org\",\"@graph\":[{\"@type\":\"NewsArticle\",\"@id\":\"https:\/\/www.suno.com.br\/noticias\/novo-salario-minimo-economia-sera-699-bilhoes-va\/#article\",\"isPartOf\":{\"@id\":\"https:\/\/www.suno.com.br\/noticias\/novo-salario-minimo-economia-sera-699-bilhoes-va\/\"},\"author\":{\"name\":\"Reda\u00e7\u00e3o Suno Not\u00edcias\",\"@id\":\"https:\/\/www.suno.com.br\/noticias\/#\/schema\/person\/c1b1bd3727fa852bd045e9dbff3673ea\"},\"headline\":\"Sal\u00e1rio m\u00ednimo deve incrementar R$ 69,9 bilh\u00f5es na economia em 2024, diz Dieese\",\"datePublished\":\"2023-12-30T13:33:20+00:00\",\"dateModified\":\"2023-12-30T13:33:26+00:00\",\"mainEntityOfPage\":{\"@id\":\"https:\/\/www.suno.com.br\/noticias\/novo-salario-minimo-economia-sera-699-bilhoes-va\/\"},\"wordCount\":595,\"publisher\":{\"@id\":\"https:\/\/www.suno.com.br\/noticias\/#organization\"},\"image\":{\"@id\":\"https:\/\/www.suno.com.br\/noticias\/novo-salario-minimo-economia-sera-699-bilhoes-va\/#primaryimage\"},\"thumbnailUrl\":\"https:\/\/files.sunoresearch.com.br\/n\/uploads\/2022\/12\/dinheiro-projeto-pl-scaled.jpg\",\"keywords\":[\"Economia\",\"sal\u00e1rio m\u00ednimo\"],\"articleSection\":[\"Economia\"],\"inLanguage\":\"pt-BR\"},{\"@type\":\"WebPage\",\"@id\":\"https:\/\/www.suno.com.br\/noticias\/novo-salario-minimo-economia-sera-699-bilhoes-va\/\",\"url\":\"https:\/\/www.suno.com.br\/noticias\/novo-salario-minimo-economia-sera-699-bilhoes-va\/\",\"name\":\"Novo sal\u00e1rio m\u00ednimo deve incrementar R$ 69,9 bilh\u00f5es na economia\",\"isPartOf\":{\"@id\":\"https:\/\/www.suno.com.br\/noticias\/#website\"},\"primaryImageOfPage\":{\"@id\":\"https:\/\/www.suno.com.br\/noticias\/novo-salario-minimo-economia-sera-699-bilhoes-va\/#primaryimage\"},\"image\":{\"@id\":\"https:\/\/www.suno.com.br\/noticias\/novo-salario-minimo-economia-sera-699-bilhoes-va\/#primaryimage\"},\"thumbnailUrl\":\"https:\/\/files.sunoresearch.com.br\/n\/uploads\/2022\/12\/dinheiro-projeto-pl-scaled.jpg\",\"datePublished\":\"2023-12-30T13:33:20+00:00\",\"dateModified\":\"2023-12-30T13:33:26+00:00\",\"description\":\"O Departamento Intersindical de Estat\u00edstica e Estudos Socioecon\u00f4micos (Dieese) avaliou o impacto do reajuste do sal\u00e1rio m\u00ednimo na economia.\",\"breadcrumb\":{\"@id\":\"https:\/\/www.suno.com.br\/noticias\/novo-salario-minimo-economia-sera-699-bilhoes-va\/#breadcrumb\"},\"inLanguage\":\"pt-BR\",\"potentialAction\":[{\"@type\":\"ReadAction\",\"target\":[\"https:\/\/www.suno.com.br\/noticias\/novo-salario-minimo-economia-sera-699-bilhoes-va\/\"]}]},{\"@type\":\"ImageObject\",\"inLanguage\":\"pt-BR\",\"@id\":\"https:\/\/www.suno.com.br\/noticias\/novo-salario-minimo-economia-sera-699-bilhoes-va\/#primaryimage\",\"url\":\"https:\/\/files.sunoresearch.com.br\/n\/uploads\/2022\/12\/dinheiro-projeto-pl-scaled.jpg\",\"contentUrl\":\"https:\/\/files.sunoresearch.com.br\/n\/uploads\/2022\/12\/dinheiro-projeto-pl-scaled.jpg\",\"width\":2560,\"height\":1707,\"caption\":\"Dinheiro - Foto: Marcello Casal Jr\/Ag\u00eancia Brasil\"},{\"@type\":\"BreadcrumbList\",\"@id\":\"https:\/\/www.suno.com.br\/noticias\/novo-salario-minimo-economia-sera-699-bilhoes-va\/#breadcrumb\",\"itemListElement\":[{\"@type\":\"ListItem\",\"position\":1,\"name\":\"Not\u00edcias\",\"item\":\"https:\/\/www.suno.com.br\/noticias\/\"},{\"@type\":\"ListItem\",\"position\":2,\"name\":\"Economia\",\"item\":\"https:\/\/www.suno.com.br\/noticias\/economia\/\"},{\"@type\":\"ListItem\",\"position\":3,\"name\":\"Sal\u00e1rio m\u00ednimo deve incrementar R$ 69,9 bilh\u00f5es na economia em 2024, diz Dieese\"}]},{\"@type\":\"WebSite\",\"@id\":\"https:\/\/www.suno.com.br\/noticias\/#website\",\"url\":\"https:\/\/www.suno.com.br\/noticias\/\",\"name\":\"Suno Not\u00edcias\",\"description\":\"Seu portal de informa\u00e7\u00e3o sobre o mundo dos investimentos\",\"publisher\":{\"@id\":\"https:\/\/www.suno.com.br\/noticias\/#organization\"},\"potentialAction\":[{\"@type\":\"SearchAction\",\"target\":{\"@type\":\"EntryPoint\",\"urlTemplate\":\"https:\/\/www.suno.com.br\/noticias\/?s={search_term_string}\"},\"query-input\":{\"@type\":\"PropertyValueSpecification\",\"valueRequired\":true,\"valueName\":\"search_term_string\"}}],\"inLanguage\":\"pt-BR\"},{\"@type\":\"Organization\",\"@id\":\"https:\/\/www.suno.com.br\/noticias\/#organization\",\"name\":\"Suno Not\u00edcias\",\"url\":\"https:\/\/www.suno.com.br\/noticias\/\",\"logo\":{\"@type\":\"ImageObject\",\"inLanguage\":\"pt-BR\",\"@id\":\"https:\/\/www.suno.com.br\/noticias\/#\/schema\/logo\/image\/\",\"url\":\"https:\/\/files.sunoresearch.com.br\/n\/uploads\/2021\/09\/suno-logo.png\",\"contentUrl\":\"https:\/\/files.sunoresearch.com.br\/n\/uploads\/2021\/09\/suno-logo.png\",\"width\":180,\"height\":180,\"caption\":\"Suno Not\u00edcias\"},\"image\":{\"@id\":\"https:\/\/www.suno.com.br\/noticias\/#\/schema\/logo\/image\/\"},\"sameAs\":[\"https:\/\/facebook.com\/sunoresearch\",\"https:\/\/x.com\/sunoresearch\",\"https:\/\/www.instagram.com\/suno\",\"https:\/\/www.linkedin.com\/company\/suno-research\/\",\"https:\/\/www.youtube.com\/c\/sunoresearch\"]},{\"@type\":\"Person\",\"@id\":\"https:\/\/www.suno.com.br\/noticias\/#\/schema\/person\/c1b1bd3727fa852bd045e9dbff3673ea\",\"name\":\"Reda\u00e7\u00e3o Suno Not\u00edcias\",\"image\":{\"@type\":\"ImageObject\",\"inLanguage\":\"pt-BR\",\"@id\":\"https:\/\/www.suno.com.br\/noticias\/#\/schema\/person\/image\/\",\"url\":\"https:\/\/secure.gravatar.com\/avatar\/b8104b9b5a71985d5238ee59fbe418af?s=96&r=g\",\"contentUrl\":\"https:\/\/secure.gravatar.com\/avatar\/b8104b9b5a71985d5238ee59fbe418af?s=96&r=g\",\"caption\":\"Reda\u00e7\u00e3o Suno Not\u00edcias\"},\"description\":\"O Suno Not\u00edcias \u00e9 um portal de informa\u00e7\u00f5es sobre Mercado Financeiro, Pol\u00edtica, Neg\u00f3cios, Economia e Finan\u00e7as Pessoais.\",\"sameAs\":[\"https:\/\/www.suno.com.br\/noticias\",\"https:\/\/www.facebook.com\/sunonoticias\/\",\"https:\/\/www.instagram.com\/sunonoticias\/\",\"https:\/\/x.com\/https:\/\/twitter.com\/sunoresearch\",\"https:\/\/www.youtube.com\/sunonoticias\"],\"url\":\"https:\/\/www.suno.com.br\/noticias\/author\/redacao-suno\/\"}]}<\/script>\n<!-- \/ Yoast SEO plugin. -->","yoast_head_json":{"title":"Novo sal\u00e1rio m\u00ednimo deve incrementar R$ 69,9 bilh\u00f5es na economia","description":"O Departamento Intersindical de Estat\u00edstica e Estudos Socioecon\u00f4micos (Dieese) avaliou o impacto do reajuste do sal\u00e1rio m\u00ednimo na economia.","robots":{"index":"index","follow":"follow","max-snippet":"max-snippet:-1","max-image-preview":"max-image-preview:large","max-video-preview":"max-video-preview:-1"},"canonical":"https:\/\/www.suno.com.br\/noticias\/novo-salario-minimo-economia-sera-699-bilhoes-va\/","og_locale":"pt_BR","og_type":"article","og_title":"Novo sal\u00e1rio m\u00ednimo deve incrementar R$ 69,9 bilh\u00f5es na economia","og_description":"O Departamento Intersindical de Estat\u00edstica e Estudos Socioecon\u00f4micos (Dieese) avaliou o impacto do reajuste do sal\u00e1rio m\u00ednimo na economia.","og_url":"https:\/\/www.suno.com.br\/noticias\/novo-salario-minimo-economia-sera-699-bilhoes-va\/","og_site_name":"Suno Not\u00edcias","article_publisher":"https:\/\/facebook.com\/sunoresearch","article_author":"https:\/\/www.facebook.com\/sunonoticias\/","og_image":[{"width":2560,"height":1707,"url":"https:\/\/files.sunoresearch.com.br\/n\/uploads\/2022\/12\/dinheiro-projeto-pl-scaled.jpg","type":"image\/jpeg"}],"author":"Reda\u00e7\u00e3o Suno Not\u00edcias","twitter_card":"summary_large_image","twitter_creator":"@https:\/\/twitter.com\/sunoresearch","twitter_site":"@sunoresearch","twitter_misc":{"Escrito por":"Reda\u00e7\u00e3o Suno Not\u00edcias","Est. tempo de leitura":"4 minutos"},"schema":{"@context":"https:\/\/schema.org","@graph":[{"@type":"NewsArticle","@id":"https:\/\/www.suno.com.br\/noticias\/novo-salario-minimo-economia-sera-699-bilhoes-va\/#article","isPartOf":{"@id":"https:\/\/www.suno.com.br\/noticias\/novo-salario-minimo-economia-sera-699-bilhoes-va\/"},"author":{"name":"Reda\u00e7\u00e3o Suno Not\u00edcias","@id":"https:\/\/www.suno.com.br\/noticias\/#\/schema\/person\/c1b1bd3727fa852bd045e9dbff3673ea"},"headline":"Sal\u00e1rio m\u00ednimo deve incrementar R$ 69,9 bilh\u00f5es na economia em 2024, diz Dieese","datePublished":"2023-12-30T13:33:20+00:00","dateModified":"2023-12-30T13:33:26+00:00","mainEntityOfPage":{"@id":"https:\/\/www.suno.com.br\/noticias\/novo-salario-minimo-economia-sera-699-bilhoes-va\/"},"wordCount":595,"publisher":{"@id":"https:\/\/www.suno.com.br\/noticias\/#organization"},"image":{"@id":"https:\/\/www.suno.com.br\/noticias\/novo-salario-minimo-economia-sera-699-bilhoes-va\/#primaryimage"},"thumbnailUrl":"https:\/\/files.sunoresearch.com.br\/n\/uploads\/2022\/12\/dinheiro-projeto-pl-scaled.jpg","keywords":["Economia","sal\u00e1rio m\u00ednimo"],"articleSection":["Economia"],"inLanguage":"pt-BR"},{"@type":"WebPage","@id":"https:\/\/www.suno.com.br\/noticias\/novo-salario-minimo-economia-sera-699-bilhoes-va\/","url":"https:\/\/www.suno.com.br\/noticias\/novo-salario-minimo-economia-sera-699-bilhoes-va\/","name":"Novo sal\u00e1rio m\u00ednimo deve incrementar R$ 69,9 bilh\u00f5es na economia","isPartOf":{"@id":"https:\/\/www.suno.com.br\/noticias\/#website"},"primaryImageOfPage":{"@id":"https:\/\/www.suno.com.br\/noticias\/novo-salario-minimo-economia-sera-699-bilhoes-va\/#primaryimage"},"image":{"@id":"https:\/\/www.suno.com.br\/noticias\/novo-salario-minimo-economia-sera-699-bilhoes-va\/#primaryimage"},"thumbnailUrl":"https:\/\/files.sunoresearch.com.br\/n\/uploads\/2022\/12\/dinheiro-projeto-pl-scaled.jpg","datePublished":"2023-12-30T13:33:20+00:00","dateModified":"2023-12-30T13:33:26+00:00","description":"O Departamento Intersindical de Estat\u00edstica e Estudos Socioecon\u00f4micos (Dieese) avaliou o impacto do reajuste do sal\u00e1rio m\u00ednimo na economia.","breadcrumb":{"@id":"https:\/\/www.suno.com.br\/noticias\/novo-salario-minimo-economia-sera-699-bilhoes-va\/#breadcrumb"},"inLanguage":"pt-BR","potentialAction":[{"@type":"ReadAction","target":["https:\/\/www.suno.com.br\/noticias\/novo-salario-minimo-economia-sera-699-bilhoes-va\/"]}]},{"@type":"ImageObject","inLanguage":"pt-BR","@id":"https:\/\/www.suno.com.br\/noticias\/novo-salario-minimo-economia-sera-699-bilhoes-va\/#primaryimage","url":"https:\/\/files.sunoresearch.com.br\/n\/uploads\/2022\/12\/dinheiro-projeto-pl-scaled.jpg","contentUrl":"https:\/\/files.sunoresearch.com.br\/n\/uploads\/2022\/12\/dinheiro-projeto-pl-scaled.jpg","width":2560,"height":1707,"caption":"Dinheiro - Foto: Marcello Casal Jr\/Ag\u00eancia Brasil"},{"@type":"BreadcrumbList","@id":"https:\/\/www.suno.com.br\/noticias\/novo-salario-minimo-economia-sera-699-bilhoes-va\/#breadcrumb","itemListElement":[{"@type":"ListItem","position":1,"name":"Not\u00edcias","item":"https:\/\/www.suno.com.br\/noticias\/"},{"@type":"ListItem","position":2,"name":"Economia","item":"https:\/\/www.suno.com.br\/noticias\/economia\/"},{"@type":"ListItem","position":3,"name":"Sal\u00e1rio m\u00ednimo deve incrementar R$ 69,9 bilh\u00f5es na economia em 2024, diz Dieese"}]},{"@type":"WebSite","@id":"https:\/\/www.suno.com.br\/noticias\/#website","url":"https:\/\/www.suno.com.br\/noticias\/","name":"Suno Not\u00edcias","description":"Seu portal de informa\u00e7\u00e3o sobre o mundo dos investimentos","publisher":{"@id":"https:\/\/www.suno.com.br\/noticias\/#organization"},"potentialAction":[{"@type":"SearchAction","target":{"@type":"EntryPoint","urlTemplate":"https:\/\/www.suno.com.br\/noticias\/?s={search_term_string}"},"query-input":{"@type":"PropertyValueSpecification","valueRequired":true,"valueName":"search_term_string"}}],"inLanguage":"pt-BR"},{"@type":"Organization","@id":"https:\/\/www.suno.com.br\/noticias\/#organization","name":"Suno Not\u00edcias","url":"https:\/\/www.suno.com.br\/noticias\/","logo":{"@type":"ImageObject","inLanguage":"pt-BR","@id":"https:\/\/www.suno.com.br\/noticias\/#\/schema\/logo\/image\/","url":"https:\/\/files.sunoresearch.com.br\/n\/uploads\/2021\/09\/suno-logo.png","contentUrl":"https:\/\/files.sunoresearch.com.br\/n\/uploads\/2021\/09\/suno-logo.png","width":180,"height":180,"caption":"Suno Not\u00edcias"},"image":{"@id":"https:\/\/www.suno.com.br\/noticias\/#\/schema\/logo\/image\/"},"sameAs":["https:\/\/facebook.com\/sunoresearch","https:\/\/x.com\/sunoresearch","https:\/\/www.instagram.com\/suno","https:\/\/www.linkedin.com\/company\/suno-research\/","https:\/\/www.youtube.com\/c\/sunoresearch"]},{"@type":"Person","@id":"https:\/\/www.suno.com.br\/noticias\/#\/schema\/person\/c1b1bd3727fa852bd045e9dbff3673ea","name":"Reda\u00e7\u00e3o Suno Not\u00edcias","image":{"@type":"ImageObject","inLanguage":"pt-BR","@id":"https:\/\/www.suno.com.br\/noticias\/#\/schema\/person\/image\/","url":"https:\/\/secure.gravatar.com\/avatar\/b8104b9b5a71985d5238ee59fbe418af?s=96&r=g","contentUrl":"https:\/\/secure.gravatar.com\/avatar\/b8104b9b5a71985d5238ee59fbe418af?s=96&r=g","caption":"Reda\u00e7\u00e3o Suno Not\u00edcias"},"description":"O Suno Not\u00edcias \u00e9 um portal de informa\u00e7\u00f5es sobre Mercado Financeiro, Pol\u00edtica, Neg\u00f3cios, Economia e Finan\u00e7as Pessoais.","sameAs":["https:\/\/www.suno.com.br\/noticias","https:\/\/www.facebook.com\/sunonoticias\/","https:\/\/www.instagram.com\/sunonoticias\/","https:\/\/x.com\/https:\/\/twitter.com\/sunoresearch","https:\/\/www.youtube.com\/sunonoticias"],"url":"https:\/\/www.suno.com.br\/noticias\/author\/redacao-suno\/"}]}},"default_loop_html":"<div class=\"cardsPage__listCard__boxs\"><div class=\"cardsPage__listCard__boxs__img\"><a href=\"https:\/\/www.suno.com.br\/noticias\/novo-salario-minimo-economia-sera-699-bilhoes-va\/\"><img class=\"mask\" src=\"https:\/\/www.suno.com.br\/noticias\/wp-content\/themes\/suno\/resources\/images\/spotlight\/spotlight1img\/bg-mask.png\" alt=\"Image Mask\"\/><img src=\"https:\/\/files.sunoresearch.com.br\/n\/uploads\/2022\/12\/dinheiro-projeto-pl-400x200.jpg\" alt=\"Sal\u00e1rio m\u00ednimo deve incrementar R$ 69,9 bilh\u00f5es na economia em 2024, diz Dieese\"\/><\/a><span class=\"spotlightCategory\"><a href=\"https:\/\/www.suno.com.br\/noticias\/economia\/\">Economia<\/a><\/span><\/div><div class=\"cardsPage__listCard__boxs__content\"><a href=\"https:\/\/www.suno.com.br\/noticias\/novo-salario-minimo-economia-sera-699-bilhoes-va\/\"><h2 class=\"content__title\">Sal\u00e1rio m\u00ednimo deve incrementar R$ 69,9 bilh\u00f5es na economia em 2024, diz Dieese<\/h2><\/a><div class=\"newsContent__article__meta\"><div class=\"newsContent__article__meta__authorBox\"><a href=\"https:\/\/www.suno.com.br\/noticias\/author\/redacao-suno\/\" class=\"authorBox__avatar noMobi\"><img src=\"https:\/\/files.sunoresearch.com.br\/n\/uploads\/2020\/08\/0ace682d-redacao-1-150x150.webp\" alt=\"Reda\u00e7\u00e3o Suno Not\u00edcias\"><\/a><div class=\"authorBox__name\"><span>por\n\t\t\t<a href=\"https:\/\/www.suno.com.br\/noticias\/author\/redacao-suno\/\"><span itemprop=\"author\">Reda\u00e7\u00e3o Suno Not\u00edcias<\/span><\/a><\/span><time datetime=\"2023-12-30T10:33:20-03:00\" itemprop=\"datePublished\">30\/12\/2023 10:33<\/time><\/div><\/div><\/div><\/div><\/div>","single_layout":"posts","amp_enabled":true,"_links":{"self":[{"href":"https:\/\/www.suno.com.br\/noticias\/wp-json\/wp\/v2\/posts\/505065"}],"collection":[{"href":"https:\/\/www.suno.com.br\/noticias\/wp-json\/wp\/v2\/posts"}],"about":[{"href":"https:\/\/www.suno.com.br\/noticias\/wp-json\/wp\/v2\/types\/post"}],"author":[{"embeddable":true,"href":"https:\/\/www.suno.com.br\/noticias\/wp-json\/wp\/v2\/users\/43"}],"replies":[{"embeddable":true,"href":"https:\/\/www.suno.com.br\/noticias\/wp-json\/wp\/v2\/comments?post=505065"}],"version-history":[{"count":3,"href":"https:\/\/www.suno.com.br\/noticias\/wp-json\/wp\/v2\/posts\/505065\/revisions"}],"predecessor-version":[{"id":505076,"href":"https:\/\/www.suno.com.br\/noticias\/wp-json\/wp\/v2\/posts\/505065\/revisions\/505076"}],"wp:featuredmedia":[{"embeddable":true,"href":"https:\/\/www.suno.com.br\/noticias\/wp-json\/wp\/v2\/media\/329753"}],"wp:attachment":[{"href":"https:\/\/www.suno.com.br\/noticias\/wp-json\/wp\/v2\/media?parent=505065"}],"wp:term":[{"taxonomy":"category","embeddable":true,"href":"https:\/\/www.suno.com.br\/noticias\/wp-json\/wp\/v2\/categories?post=505065"},{"taxonomy":"post_tag","embeddable":true,"href":"https:\/\/www.suno.com.br\/noticias\/wp-json\/wp\/v2\/tags?post=505065"},{"taxonomy":"suno_strategy","embeddable":true,"href":"https:\/\/www.suno.com.br\/noticias\/wp-json\/wp\/v2\/suno_strategy?post=505065"}],"curies":[{"name":"wp","href":"https:\/\/api.w.org\/{rel}","templated":true}]}}