{"id":50506,"date":"2020-01-22T11:20:31","date_gmt":"2020-01-22T13:20:31","guid":{"rendered":"https:\/\/www.suno.com.br\/noticias\/?p=50506"},"modified":"2020-01-22T11:20:31","modified_gmt":"2020-01-22T13:20:31","slug":"gol-quer-voltar-a-operar-737-max-ate-abril-e-negocia-acordo-com-boeing","status":"publish","type":"post","link":"https:\/\/www.suno.com.br\/noticias\/gol-quer-voltar-a-operar-737-max-ate-abril-e-negocia-acordo-com-boeing\/","title":{"rendered":"Gol quer voltar a operar 737 MAX at\u00e9 abril e negocia acordo com Boeing"},"content":{"rendered":"<p>A <a href=\"https:\/\/www.suno.com.br\/acoes\/goll4\/\"><strong>Gol<\/strong> (GOLL4)<\/a> afirmou que espera retomar os voos com o<strong> 737 MAX<\/strong> da <strong>Boeing<\/strong> at\u00e9 abril, e deseja garantir um acordo de compensa\u00e7\u00e3o dentro de alguns meses.<\/p>\t<div class=\"wrapper-featured-image\">\n\t\t<figure class=\"spotlightImg\">\n\n\t\t\t<picture>\n\t\t\t\t<source media=\"(max-width: 768px)\" srcset=\"https:\/\/files.sunoresearch.com.br\/n\/uploads\/2019\/12\/c6c902e0-gol-400x200.webp\">\n\t\t\t\t<img loading=\"lazy\" decoding=\"async\" class=\"newsContent__article__imgCapa lazyloadDisabled newsContent__article__imgCapa--noCaption\" src=\"https:\/\/files.sunoresearch.com.br\/n\/uploads\/2019\/12\/c6c902e0-gol-800x450.webp\" width=\"800\" height=\"450\" alt=\"Gol quer voltar a operar 737 MAX at\u00e9 abril e negocia acordo com Boeing\" fetchpriority=high \/>\n\t\t\t<\/picture>\n\n\t\t\t<figcaption class=\"wp-caption-text wp-caption-text--hide\">Gol (GOLL4). Foto: Divulga\u00e7\u00e3o.<\/figcaption>\n\t\t<\/figure>\n\t<\/div>\n\n\n\n<p>De acordo com o vice-presidente financeiro da companhia a\u00e9rea brasileira, <strong>Richard Lark<\/strong>,\u00a0 a compensa\u00e7\u00e3o da Gol deve ser, em vez de dinheiro, em descontos no valor da entrada para compras futuras de aeronaves.<\/p>\n<p>Apesar da brasileira esperar o retorno do 737 MAX em abril, a fabricante norte-americana informou que n\u00e3o espera obter aprova\u00e7\u00e3o para o retorno dos voos antes da metade do ano, isso por causa de an\u00e1lises de autoridades de avia\u00e7\u00e3o sobre o sistema de controle de voo da aeronave.<\/p>\n<p><a href=\"\/\/www.suno.com.br\/noticias\/gol-planos-nao-serao-afetados-compra-twoflex\/\">Confira Tamb\u00e9m: Gol diz que planos n\u00e3o ser\u00e3o afetados por compra da TwoFlex<\/a><\/p>\n<p>O avi\u00e3o mais vendido da Boeing est\u00e1 proibido de voar desde mar\u00e7o do ano passado ap\u00f3s dois acidentes, um na Indon\u00e9sia\u00a0e um na Eti\u00f3pia, que causaram 346 mortes. Os \u00f3rg\u00e3os reguladores devem decidir sobre uma poss\u00edvel retomada do modelo at\u00e9 fevereiro. A fabricante estima os custos at\u00e9 agora da suspens\u00e3o dos voos do MAX em US$ 9 bilh\u00f5es.<\/p>\n<h2>Gol pretende alugar avi\u00f5es como solu\u00e7\u00e3o para crise da Boeing<\/h2>\n<p>A Gol informou, no inicio do m\u00eas de janeiro, que deve alugar aeronaves como solu\u00e7\u00e3o para a crise enfrentada pela fabricante de avi\u00f5es americana Boeing. Desde a suspens\u00e3o do 737 Max a companhia a\u00e9rea brasileira mant\u00e9m sete aeronaves do modelo estacionada.<\/p>\n<p>A companhia teme preju\u00edzos em julho, considerado alta temporada, e espera poder retornar a operar o modelo em abril. &#8220;Durante a baixa temporada, de fevereiro at\u00e9 junho, o Max n\u00e3o faz diferen\u00e7a para gente. Julho \u00e9 a grande quest\u00e3o&#8221;, disse o vice-presidente das opera\u00e7\u00f5es da companhia, Celso Ferrer.<\/p>\n\t<p>\n\t\t<a href=\"https:\/\/lp.suno.com.br\/ebook-guia-ir\/\" target=\"_blank\" data-element=\"shortcode-suno-banner\" title=\"Banner SUNO, clique e saiba mais\">\n\t\t\t<picture>\n\t\t\t\t<source media=\"(max-width: 500px)\" srcset=\"https:\/\/files.sunoresearch.com.br\/n\/uploads\/2023\/03\/400x300-Ebook-IR.png\">\n\t\t\t\t<img class=\"newsContent__article__imgCapa newsContent__article__imgCapa--banner\"\n\t\t\t\t\tsrc=\"https:\/\/files.sunoresearch.com.br\/n\/uploads\/2023\/03\/1420x240-Ebook-IR.png\"\n\t\t\t\t\tdata-promo-id=\"383124\"\t\t\t\t\t\t\t\t\t\twidth='1420' height='240'\t\t\t\t\talt=\"https:\/\/files.sunoresearch.com.br\/n\/uploads\/2023\/03\/1420x240-Ebook-IR.png\"\n\t\t\t\t>\n\t\t\t<\/picture>\n\t\t<\/a>\n\t<\/p>\n\n\n<p>De acordo com Ferrer, ainda n\u00e3o h\u00e1 uma estrat\u00e9gia tra\u00e7ada para o per\u00edodo de alta tempor\u00e1ria. No entanto, afirmou que &#8220;se tivermos um atraso adicional, teremos de construir um crescimento de capacidade para julho&#8221;.<\/p>\n<p>Apesar do atraso e da crise com 737 Max, o executivo informou que a <strong>Gol<\/strong> pretende adquirir 51 aeronaves de mesmo modelo at\u00e9 2024. Para este ano, o plano \u00e9 comprar 16 avi\u00f5es 737 Max, atingindo uma frota de 23 unidades deste tipo.<\/p>\n\n","protected":false},"excerpt":{"rendered":"<p>A Gol (GOLL4) afirmou que espera retomar os voos com o 737 MAX da Boeing at\u00e9 abril, e deseja garantir um acordo de compensa\u00e7\u00e3o dentro de alguns meses. Gol (GOLL4). Foto: Divulga\u00e7\u00e3o. De acordo com o vice-presidente financeiro da companhia a\u00e9rea brasileira, Richard Lark,\u00a0 a compensa\u00e7\u00e3o da Gol deve ser, em vez de dinheiro, em [&hellip;]<\/p>\n","protected":false},"author":15,"featured_media":46328,"comment_status":"closed","ping_status":"closed","sticky":false,"template":"","format":"standard","meta":[],"categories":[64],"tags":[828,489],"suno_strategy":[],"class_list":["post-50506","post","type-post","status-publish","format-standard","has-post-thumbnail","hentry","category-negocios","tag-boeing-boei34","tag-gol-linhas-aereas-goll11-goll4"],"yoast_head":"<!-- This site is optimized with the Yoast SEO plugin v24.4 - https:\/\/yoast.com\/wordpress\/plugins\/seo\/ -->\n<title>Gol quer voltar a operar 737 MAX at\u00e9 abril e negocia acordo com Boeing<\/title>\n<meta name=\"description\" content=\"A Gol afirmou que espera retomar os voos com o 737 MAX da Boeing at\u00e9 abril, e deseja garantir um acordo de compensa\u00e7\u00e3o. Clique aqui\" \/>\n<meta name=\"robots\" content=\"index, follow, max-snippet:-1, max-image-preview:large, max-video-preview:-1\" \/>\n<link rel=\"canonical\" href=\"https:\/\/www.suno.com.br\/noticias\/gol-quer-voltar-a-operar-737-max-ate-abril-e-negocia-acordo-com-boeing\/\" \/>\n<meta property=\"og:locale\" content=\"pt_BR\" \/>\n<meta property=\"og:type\" content=\"article\" \/>\n<meta property=\"og:title\" content=\"Gol quer voltar a operar 737 MAX at\u00e9 abril e negocia acordo com Boeing\" \/>\n<meta property=\"og:description\" content=\"A Gol afirmou que espera retomar os voos com o 737 MAX da Boeing at\u00e9 abril, e deseja garantir um acordo de compensa\u00e7\u00e3o. Clique aqui\" \/>\n<meta property=\"og:url\" content=\"https:\/\/www.suno.com.br\/noticias\/gol-quer-voltar-a-operar-737-max-ate-abril-e-negocia-acordo-com-boeing\/\" \/>\n<meta property=\"og:site_name\" content=\"Suno Not\u00edcias\" \/>\n<meta property=\"article:publisher\" content=\"https:\/\/facebook.com\/sunoresearch\" \/>\n<meta property=\"og:image\" content=\"https:\/\/files.sunoresearch.com.br\/n\/uploads\/2019\/12\/c6c902e0-gol.jpg\" \/>\n\t<meta property=\"og:image:width\" content=\"1200\" \/>\n\t<meta property=\"og:image:height\" content=\"800\" \/>\n\t<meta property=\"og:image:type\" content=\"image\/jpeg\" \/>\n<meta name=\"author\" content=\"Poliana Santos\" \/>\n<meta name=\"twitter:card\" content=\"summary_large_image\" \/>\n<meta name=\"twitter:creator\" content=\"@sunoresearch\" \/>\n<meta name=\"twitter:site\" content=\"@sunoresearch\" \/>\n<meta name=\"twitter:label1\" content=\"Escrito por\" \/>\n\t<meta name=\"twitter:data1\" content=\"Poliana Santos\" \/>\n\t<meta name=\"twitter:label2\" content=\"Est. tempo de leitura\" \/>\n\t<meta name=\"twitter:data2\" content=\"2 minutos\" \/>\n<script type=\"application\/ld+json\" class=\"yoast-schema-graph\">{\"@context\":\"https:\/\/schema.org\",\"@graph\":[{\"@type\":\"NewsArticle\",\"@id\":\"https:\/\/www.suno.com.br\/noticias\/gol-quer-voltar-a-operar-737-max-ate-abril-e-negocia-acordo-com-boeing\/#article\",\"isPartOf\":{\"@id\":\"https:\/\/www.suno.com.br\/noticias\/gol-quer-voltar-a-operar-737-max-ate-abril-e-negocia-acordo-com-boeing\/\"},\"author\":{\"name\":\"Poliana Santos\",\"@id\":\"https:\/\/www.suno.com.br\/noticias\/#\/schema\/person\/02ec1f752758247878a2bf4abee1aeda\"},\"headline\":\"Gol quer voltar a operar 737 MAX at\u00e9 abril e negocia acordo com Boeing\",\"datePublished\":\"2020-01-22T13:20:31+00:00\",\"mainEntityOfPage\":{\"@id\":\"https:\/\/www.suno.com.br\/noticias\/gol-quer-voltar-a-operar-737-max-ate-abril-e-negocia-acordo-com-boeing\/\"},\"wordCount\":406,\"publisher\":{\"@id\":\"https:\/\/www.suno.com.br\/noticias\/#organization\"},\"image\":{\"@id\":\"https:\/\/www.suno.com.br\/noticias\/gol-quer-voltar-a-operar-737-max-ate-abril-e-negocia-acordo-com-boeing\/#primaryimage\"},\"thumbnailUrl\":\"https:\/\/files.sunoresearch.com.br\/n\/uploads\/2019\/12\/c6c902e0-gol-jpg.webp\",\"keywords\":[\"Boeing (BOEI34)\",\"Gol Linhas A\u00e9reas (GOLL11\/GOLL4)\"],\"articleSection\":[\"Neg\u00f3cios\"],\"inLanguage\":\"pt-BR\"},{\"@type\":\"WebPage\",\"@id\":\"https:\/\/www.suno.com.br\/noticias\/gol-quer-voltar-a-operar-737-max-ate-abril-e-negocia-acordo-com-boeing\/\",\"url\":\"https:\/\/www.suno.com.br\/noticias\/gol-quer-voltar-a-operar-737-max-ate-abril-e-negocia-acordo-com-boeing\/\",\"name\":\"Gol quer voltar a operar 737 MAX at\u00e9 abril e negocia acordo com Boeing\",\"isPartOf\":{\"@id\":\"https:\/\/www.suno.com.br\/noticias\/#website\"},\"primaryImageOfPage\":{\"@id\":\"https:\/\/www.suno.com.br\/noticias\/gol-quer-voltar-a-operar-737-max-ate-abril-e-negocia-acordo-com-boeing\/#primaryimage\"},\"image\":{\"@id\":\"https:\/\/www.suno.com.br\/noticias\/gol-quer-voltar-a-operar-737-max-ate-abril-e-negocia-acordo-com-boeing\/#primaryimage\"},\"thumbnailUrl\":\"https:\/\/files.sunoresearch.com.br\/n\/uploads\/2019\/12\/c6c902e0-gol-jpg.webp\",\"datePublished\":\"2020-01-22T13:20:31+00:00\",\"description\":\"A Gol afirmou que espera retomar os voos com o 737 MAX da Boeing at\u00e9 abril, e deseja garantir um acordo de compensa\u00e7\u00e3o. Clique aqui\",\"breadcrumb\":{\"@id\":\"https:\/\/www.suno.com.br\/noticias\/gol-quer-voltar-a-operar-737-max-ate-abril-e-negocia-acordo-com-boeing\/#breadcrumb\"},\"inLanguage\":\"pt-BR\",\"potentialAction\":[{\"@type\":\"ReadAction\",\"target\":[\"https:\/\/www.suno.com.br\/noticias\/gol-quer-voltar-a-operar-737-max-ate-abril-e-negocia-acordo-com-boeing\/\"]}]},{\"@type\":\"ImageObject\",\"inLanguage\":\"pt-BR\",\"@id\":\"https:\/\/www.suno.com.br\/noticias\/gol-quer-voltar-a-operar-737-max-ate-abril-e-negocia-acordo-com-boeing\/#primaryimage\",\"url\":\"https:\/\/files.sunoresearch.com.br\/n\/uploads\/2019\/12\/c6c902e0-gol-jpg.webp\",\"contentUrl\":\"https:\/\/files.sunoresearch.com.br\/n\/uploads\/2019\/12\/c6c902e0-gol-jpg.webp\",\"width\":1200,\"height\":800,\"caption\":\"Gol (GOLL4). Foto: Divulga\u00e7\u00e3o.\"},{\"@type\":\"BreadcrumbList\",\"@id\":\"https:\/\/www.suno.com.br\/noticias\/gol-quer-voltar-a-operar-737-max-ate-abril-e-negocia-acordo-com-boeing\/#breadcrumb\",\"itemListElement\":[{\"@type\":\"ListItem\",\"position\":1,\"name\":\"Not\u00edcias\",\"item\":\"https:\/\/www.suno.com.br\/noticias\/\"},{\"@type\":\"ListItem\",\"position\":2,\"name\":\"Neg\u00f3cios\",\"item\":\"https:\/\/www.suno.com.br\/noticias\/negocios\/\"},{\"@type\":\"ListItem\",\"position\":3,\"name\":\"Gol quer voltar a operar 737 MAX at\u00e9 abril e negocia acordo com Boeing\"}]},{\"@type\":\"WebSite\",\"@id\":\"https:\/\/www.suno.com.br\/noticias\/#website\",\"url\":\"https:\/\/www.suno.com.br\/noticias\/\",\"name\":\"Suno Not\u00edcias\",\"description\":\"Seu portal de informa\u00e7\u00e3o sobre o mundo dos investimentos\",\"publisher\":{\"@id\":\"https:\/\/www.suno.com.br\/noticias\/#organization\"},\"potentialAction\":[{\"@type\":\"SearchAction\",\"target\":{\"@type\":\"EntryPoint\",\"urlTemplate\":\"https:\/\/www.suno.com.br\/noticias\/?s={search_term_string}\"},\"query-input\":{\"@type\":\"PropertyValueSpecification\",\"valueRequired\":true,\"valueName\":\"search_term_string\"}}],\"inLanguage\":\"pt-BR\"},{\"@type\":\"Organization\",\"@id\":\"https:\/\/www.suno.com.br\/noticias\/#organization\",\"name\":\"Suno Not\u00edcias\",\"url\":\"https:\/\/www.suno.com.br\/noticias\/\",\"logo\":{\"@type\":\"ImageObject\",\"inLanguage\":\"pt-BR\",\"@id\":\"https:\/\/www.suno.com.br\/noticias\/#\/schema\/logo\/image\/\",\"url\":\"https:\/\/files.sunoresearch.com.br\/n\/uploads\/2021\/09\/suno-logo.png\",\"contentUrl\":\"https:\/\/files.sunoresearch.com.br\/n\/uploads\/2021\/09\/suno-logo.png\",\"width\":180,\"height\":180,\"caption\":\"Suno Not\u00edcias\"},\"image\":{\"@id\":\"https:\/\/www.suno.com.br\/noticias\/#\/schema\/logo\/image\/\"},\"sameAs\":[\"https:\/\/facebook.com\/sunoresearch\",\"https:\/\/x.com\/sunoresearch\",\"https:\/\/www.instagram.com\/suno\",\"https:\/\/www.linkedin.com\/company\/suno-research\/\",\"https:\/\/www.youtube.com\/c\/sunoresearch\"]},{\"@type\":\"Person\",\"@id\":\"https:\/\/www.suno.com.br\/noticias\/#\/schema\/person\/02ec1f752758247878a2bf4abee1aeda\",\"name\":\"Poliana Santos\",\"image\":{\"@type\":\"ImageObject\",\"inLanguage\":\"pt-BR\",\"@id\":\"https:\/\/www.suno.com.br\/noticias\/#\/schema\/person\/image\/\",\"url\":\"https:\/\/secure.gravatar.com\/avatar\/0645bd32f23d87b2130f2b2dff1d3f8d?s=96&r=g\",\"contentUrl\":\"https:\/\/secure.gravatar.com\/avatar\/0645bd32f23d87b2130f2b2dff1d3f8d?s=96&r=g\",\"caption\":\"Poliana Santos\"},\"description\":\"Rep\u00f3rter no Suno Not\u00edcias, com cobertura em mercado financeiro, economia, finan\u00e7as pessoais, renda fixa e varejo. Jornalista formada pela Faculdade C\u00e1sper L\u00edbero e possui passagem na R\u00e1dio Gazeta AM com a produ\u00e7\u00e3o de conte\u00fado sobre economia, pol\u00edtica, sa\u00fade, moda e m\u00fasica. Possui certificado de conclus\u00e3o do curso de An\u00e1lise de Balan\u00e7os pela Funda\u00e7\u00e3o Bradesco, Agenda Brasil pela FAAP, Educa\u00e7\u00e3o Pol\u00edtica por Alexandre Garcia e do Tesouro Direto e Mercado de A\u00e7\u00f5es pela B3.\",\"url\":\"https:\/\/www.suno.com.br\/noticias\/author\/poliana-santos\/\"}]}<\/script>\n<!-- \/ Yoast SEO plugin. -->","yoast_head_json":{"title":"Gol quer voltar a operar 737 MAX at\u00e9 abril e negocia acordo com Boeing","description":"A Gol afirmou que espera retomar os voos com o 737 MAX da Boeing at\u00e9 abril, e deseja garantir um acordo de compensa\u00e7\u00e3o. Clique aqui","robots":{"index":"index","follow":"follow","max-snippet":"max-snippet:-1","max-image-preview":"max-image-preview:large","max-video-preview":"max-video-preview:-1"},"canonical":"https:\/\/www.suno.com.br\/noticias\/gol-quer-voltar-a-operar-737-max-ate-abril-e-negocia-acordo-com-boeing\/","og_locale":"pt_BR","og_type":"article","og_title":"Gol quer voltar a operar 737 MAX at\u00e9 abril e negocia acordo com Boeing","og_description":"A Gol afirmou que espera retomar os voos com o 737 MAX da Boeing at\u00e9 abril, e deseja garantir um acordo de compensa\u00e7\u00e3o. Clique aqui","og_url":"https:\/\/www.suno.com.br\/noticias\/gol-quer-voltar-a-operar-737-max-ate-abril-e-negocia-acordo-com-boeing\/","og_site_name":"Suno Not\u00edcias","article_publisher":"https:\/\/facebook.com\/sunoresearch","og_image":[{"width":1200,"height":800,"url":"https:\/\/files.sunoresearch.com.br\/n\/uploads\/2019\/12\/c6c902e0-gol.jpg","type":"image\/jpeg"}],"author":"Poliana Santos","twitter_card":"summary_large_image","twitter_creator":"@sunoresearch","twitter_site":"@sunoresearch","twitter_misc":{"Escrito por":"Poliana Santos","Est. tempo de leitura":"2 minutos"},"schema":{"@context":"https:\/\/schema.org","@graph":[{"@type":"NewsArticle","@id":"https:\/\/www.suno.com.br\/noticias\/gol-quer-voltar-a-operar-737-max-ate-abril-e-negocia-acordo-com-boeing\/#article","isPartOf":{"@id":"https:\/\/www.suno.com.br\/noticias\/gol-quer-voltar-a-operar-737-max-ate-abril-e-negocia-acordo-com-boeing\/"},"author":{"name":"Poliana Santos","@id":"https:\/\/www.suno.com.br\/noticias\/#\/schema\/person\/02ec1f752758247878a2bf4abee1aeda"},"headline":"Gol quer voltar a operar 737 MAX at\u00e9 abril e negocia acordo com Boeing","datePublished":"2020-01-22T13:20:31+00:00","mainEntityOfPage":{"@id":"https:\/\/www.suno.com.br\/noticias\/gol-quer-voltar-a-operar-737-max-ate-abril-e-negocia-acordo-com-boeing\/"},"wordCount":406,"publisher":{"@id":"https:\/\/www.suno.com.br\/noticias\/#organization"},"image":{"@id":"https:\/\/www.suno.com.br\/noticias\/gol-quer-voltar-a-operar-737-max-ate-abril-e-negocia-acordo-com-boeing\/#primaryimage"},"thumbnailUrl":"https:\/\/files.sunoresearch.com.br\/n\/uploads\/2019\/12\/c6c902e0-gol-jpg.webp","keywords":["Boeing (BOEI34)","Gol Linhas A\u00e9reas (GOLL11\/GOLL4)"],"articleSection":["Neg\u00f3cios"],"inLanguage":"pt-BR"},{"@type":"WebPage","@id":"https:\/\/www.suno.com.br\/noticias\/gol-quer-voltar-a-operar-737-max-ate-abril-e-negocia-acordo-com-boeing\/","url":"https:\/\/www.suno.com.br\/noticias\/gol-quer-voltar-a-operar-737-max-ate-abril-e-negocia-acordo-com-boeing\/","name":"Gol quer voltar a operar 737 MAX at\u00e9 abril e negocia acordo com Boeing","isPartOf":{"@id":"https:\/\/www.suno.com.br\/noticias\/#website"},"primaryImageOfPage":{"@id":"https:\/\/www.suno.com.br\/noticias\/gol-quer-voltar-a-operar-737-max-ate-abril-e-negocia-acordo-com-boeing\/#primaryimage"},"image":{"@id":"https:\/\/www.suno.com.br\/noticias\/gol-quer-voltar-a-operar-737-max-ate-abril-e-negocia-acordo-com-boeing\/#primaryimage"},"thumbnailUrl":"https:\/\/files.sunoresearch.com.br\/n\/uploads\/2019\/12\/c6c902e0-gol-jpg.webp","datePublished":"2020-01-22T13:20:31+00:00","description":"A Gol afirmou que espera retomar os voos com o 737 MAX da Boeing at\u00e9 abril, e deseja garantir um acordo de compensa\u00e7\u00e3o. Clique aqui","breadcrumb":{"@id":"https:\/\/www.suno.com.br\/noticias\/gol-quer-voltar-a-operar-737-max-ate-abril-e-negocia-acordo-com-boeing\/#breadcrumb"},"inLanguage":"pt-BR","potentialAction":[{"@type":"ReadAction","target":["https:\/\/www.suno.com.br\/noticias\/gol-quer-voltar-a-operar-737-max-ate-abril-e-negocia-acordo-com-boeing\/"]}]},{"@type":"ImageObject","inLanguage":"pt-BR","@id":"https:\/\/www.suno.com.br\/noticias\/gol-quer-voltar-a-operar-737-max-ate-abril-e-negocia-acordo-com-boeing\/#primaryimage","url":"https:\/\/files.sunoresearch.com.br\/n\/uploads\/2019\/12\/c6c902e0-gol-jpg.webp","contentUrl":"https:\/\/files.sunoresearch.com.br\/n\/uploads\/2019\/12\/c6c902e0-gol-jpg.webp","width":1200,"height":800,"caption":"Gol (GOLL4). Foto: Divulga\u00e7\u00e3o."},{"@type":"BreadcrumbList","@id":"https:\/\/www.suno.com.br\/noticias\/gol-quer-voltar-a-operar-737-max-ate-abril-e-negocia-acordo-com-boeing\/#breadcrumb","itemListElement":[{"@type":"ListItem","position":1,"name":"Not\u00edcias","item":"https:\/\/www.suno.com.br\/noticias\/"},{"@type":"ListItem","position":2,"name":"Neg\u00f3cios","item":"https:\/\/www.suno.com.br\/noticias\/negocios\/"},{"@type":"ListItem","position":3,"name":"Gol quer voltar a operar 737 MAX at\u00e9 abril e negocia acordo com Boeing"}]},{"@type":"WebSite","@id":"https:\/\/www.suno.com.br\/noticias\/#website","url":"https:\/\/www.suno.com.br\/noticias\/","name":"Suno Not\u00edcias","description":"Seu portal de informa\u00e7\u00e3o sobre o mundo dos investimentos","publisher":{"@id":"https:\/\/www.suno.com.br\/noticias\/#organization"},"potentialAction":[{"@type":"SearchAction","target":{"@type":"EntryPoint","urlTemplate":"https:\/\/www.suno.com.br\/noticias\/?s={search_term_string}"},"query-input":{"@type":"PropertyValueSpecification","valueRequired":true,"valueName":"search_term_string"}}],"inLanguage":"pt-BR"},{"@type":"Organization","@id":"https:\/\/www.suno.com.br\/noticias\/#organization","name":"Suno Not\u00edcias","url":"https:\/\/www.suno.com.br\/noticias\/","logo":{"@type":"ImageObject","inLanguage":"pt-BR","@id":"https:\/\/www.suno.com.br\/noticias\/#\/schema\/logo\/image\/","url":"https:\/\/files.sunoresearch.com.br\/n\/uploads\/2021\/09\/suno-logo.png","contentUrl":"https:\/\/files.sunoresearch.com.br\/n\/uploads\/2021\/09\/suno-logo.png","width":180,"height":180,"caption":"Suno Not\u00edcias"},"image":{"@id":"https:\/\/www.suno.com.br\/noticias\/#\/schema\/logo\/image\/"},"sameAs":["https:\/\/facebook.com\/sunoresearch","https:\/\/x.com\/sunoresearch","https:\/\/www.instagram.com\/suno","https:\/\/www.linkedin.com\/company\/suno-research\/","https:\/\/www.youtube.com\/c\/sunoresearch"]},{"@type":"Person","@id":"https:\/\/www.suno.com.br\/noticias\/#\/schema\/person\/02ec1f752758247878a2bf4abee1aeda","name":"Poliana Santos","image":{"@type":"ImageObject","inLanguage":"pt-BR","@id":"https:\/\/www.suno.com.br\/noticias\/#\/schema\/person\/image\/","url":"https:\/\/secure.gravatar.com\/avatar\/0645bd32f23d87b2130f2b2dff1d3f8d?s=96&r=g","contentUrl":"https:\/\/secure.gravatar.com\/avatar\/0645bd32f23d87b2130f2b2dff1d3f8d?s=96&r=g","caption":"Poliana Santos"},"description":"Rep\u00f3rter no Suno Not\u00edcias, com cobertura em mercado financeiro, economia, finan\u00e7as pessoais, renda fixa e varejo. Jornalista formada pela Faculdade C\u00e1sper L\u00edbero e possui passagem na R\u00e1dio Gazeta AM com a produ\u00e7\u00e3o de conte\u00fado sobre economia, pol\u00edtica, sa\u00fade, moda e m\u00fasica. Possui certificado de conclus\u00e3o do curso de An\u00e1lise de Balan\u00e7os pela Funda\u00e7\u00e3o Bradesco, Agenda Brasil pela FAAP, Educa\u00e7\u00e3o Pol\u00edtica por Alexandre Garcia e do Tesouro Direto e Mercado de A\u00e7\u00f5es pela B3.","url":"https:\/\/www.suno.com.br\/noticias\/author\/poliana-santos\/"}]}},"default_loop_html":"<div class=\"cardsPage__listCard__boxs\"><div class=\"cardsPage__listCard__boxs__img\"><a href=\"https:\/\/www.suno.com.br\/noticias\/gol-quer-voltar-a-operar-737-max-ate-abril-e-negocia-acordo-com-boeing\/\"><img class=\"mask\" src=\"https:\/\/www.suno.com.br\/noticias\/wp-content\/themes\/suno\/resources\/images\/spotlight\/spotlight1img\/bg-mask.png\" alt=\"Image Mask\"\/><img src=\"https:\/\/files.sunoresearch.com.br\/n\/uploads\/2019\/12\/c6c902e0-gol-400x200.webp\" alt=\"Gol quer voltar a operar 737 MAX at\u00e9 abril e negocia acordo com Boeing\"\/><\/a><span class=\"spotlightCategory\"><a href=\"https:\/\/www.suno.com.br\/noticias\/negocios\/\">Neg\u00f3cios<\/a><\/span><\/div><div class=\"cardsPage__listCard__boxs__content\"><a href=\"https:\/\/www.suno.com.br\/noticias\/gol-quer-voltar-a-operar-737-max-ate-abril-e-negocia-acordo-com-boeing\/\"><h2 class=\"content__title\">Gol quer voltar a operar 737 MAX at\u00e9 abril e negocia acordo com Boeing<\/h2><\/a><div class=\"newsContent__article__meta\"><div class=\"newsContent__article__meta__authorBox\"><a href=\"https:\/\/www.suno.com.br\/noticias\/author\/poliana-santos\/\" class=\"authorBox__avatar noMobi\"><img src=\"https:\/\/files.sunoresearch.com.br\/n\/uploads\/2020\/08\/7ef34026-whatsapp-image-2020-08-03-at-12.37.57-150x150.webp\" alt=\"Poliana Santos\"><\/a><div class=\"authorBox__name\"><span>por\n\t\t\t<a href=\"https:\/\/www.suno.com.br\/noticias\/author\/poliana-santos\/\"><span itemprop=\"author\">Poliana Santos<\/span><\/a><\/span><time datetime=\"2020-01-22T11:20:31-03:00\" itemprop=\"datePublished\">22\/01\/2020 11:20<\/time><\/div><\/div><\/div><\/div><\/div>","single_layout":"posts","amp_enabled":true,"_links":{"self":[{"href":"https:\/\/www.suno.com.br\/noticias\/wp-json\/wp\/v2\/posts\/50506"}],"collection":[{"href":"https:\/\/www.suno.com.br\/noticias\/wp-json\/wp\/v2\/posts"}],"about":[{"href":"https:\/\/www.suno.com.br\/noticias\/wp-json\/wp\/v2\/types\/post"}],"author":[{"embeddable":true,"href":"https:\/\/www.suno.com.br\/noticias\/wp-json\/wp\/v2\/users\/15"}],"replies":[{"embeddable":true,"href":"https:\/\/www.suno.com.br\/noticias\/wp-json\/wp\/v2\/comments?post=50506"}],"version-history":[{"count":0,"href":"https:\/\/www.suno.com.br\/noticias\/wp-json\/wp\/v2\/posts\/50506\/revisions"}],"wp:featuredmedia":[{"embeddable":true,"href":"https:\/\/www.suno.com.br\/noticias\/wp-json\/wp\/v2\/media\/46328"}],"wp:attachment":[{"href":"https:\/\/www.suno.com.br\/noticias\/wp-json\/wp\/v2\/media?parent=50506"}],"wp:term":[{"taxonomy":"category","embeddable":true,"href":"https:\/\/www.suno.com.br\/noticias\/wp-json\/wp\/v2\/categories?post=50506"},{"taxonomy":"post_tag","embeddable":true,"href":"https:\/\/www.suno.com.br\/noticias\/wp-json\/wp\/v2\/tags?post=50506"},{"taxonomy":"suno_strategy","embeddable":true,"href":"https:\/\/www.suno.com.br\/noticias\/wp-json\/wp\/v2\/suno_strategy?post=50506"}],"curies":[{"name":"wp","href":"https:\/\/api.w.org\/{rel}","templated":true}]}}