{"id":50500,"date":"2020-01-22T09:56:04","date_gmt":"2020-01-22T11:56:04","guid":{"rendered":"https:\/\/www.suno.com.br\/noticias\/?p=50500"},"modified":"2021-06-14T00:23:02","modified_gmt":"2021-06-14T03:23:02","slug":"agenda-do-dia-vale-caixa-petrobras-eztec","status":"publish","type":"post","link":"https:\/\/www.suno.com.br\/noticias\/agenda-do-dia-vale-caixa-petrobras-eztec\/","title":{"rendered":"Agenda do Dia: Vale; Caixa Econ\u00f4mica; Petrobras; EzTec"},"content":{"rendered":"<p>Os assuntos da Agenda do Dia desta quarta-feira (23) prometem mexer com o mercado interno e o externo.<\/p>\t<div class=\"wrapper-featured-image\">\n\t\t<figure class=\"spotlightImg\">\n\n\t\t\t<picture>\n\t\t\t\t<source media=\"(max-width: 768px)\" srcset=\"https:\/\/files.sunoresearch.com.br\/n\/uploads\/2019\/11\/649c095d-vale-400x200.webp\">\n\t\t\t\t<img loading=\"lazy\" decoding=\"async\" class=\"newsContent__article__imgCapa lazyloadDisabled newsContent__article__imgCapa--noCaption\" src=\"https:\/\/files.sunoresearch.com.br\/n\/uploads\/2019\/11\/649c095d-vale-800x450.webp\" width=\"800\" height=\"450\" alt=\"Agenda do Dia: Vale; Caixa Econ\u00f4mica; Petrobras; EzTec\" fetchpriority=high \/>\n\t\t\t<\/picture>\n\n\t\t\t<figcaption class=\"wp-caption-text wp-caption-text--hide\">Vale. Foto: Divulga\u00e7\u00e3o<\/figcaption>\n\t\t<\/figure>\n\t<\/div>\n\n\n\n<p>O Minist\u00e9rio P\u00fablico denunciou executivos da <strong>Vale<\/strong> por homic\u00eddio doloso. O presidente da <strong>Caixa<\/strong>, Pedro Guimar\u00e3es,\u00a0defendeu o <a href=\"https:\/\/www.suno.com.br\/artigos\/vale-pena-investir-em-um-ipo\/\">IPO<\/a> da <strong>Elo<\/strong>.<\/p>\n<p>A Agenda do Dia conta tamb\u00e9m com a not\u00edcia sobre a <strong>Petrobras<\/strong>, que comunicou que o <strong>Banco Nacional de Desenvolvimento Econ\u00f4mico e Social<\/strong><a href=\"https:\/\/www.suno.com.br\/artigos\/bancos-de-desenvolvimento\/\"> (BNDES)<\/a> ir\u00e1 vender 611,8 milh\u00f5es de a\u00e7\u00f5es ordin\u00e1rias da estatal.<\/p>\n<p>Confira os principais pontos da Agenda do Dia:<\/p>\n<h2>Vale<\/h2>\n<p>A <strong>Vale <a href=\"https:\/\/www.suno.com.br\/acoes\/vale3\/\">(VALE3)<\/a><\/strong> e a consultoria T\u00dcV S\u00dcD emitiram declara\u00e7\u00f5es falsas acerca das condi\u00e7\u00f5es de estabilidade de ao menos dez barragens, de acordo com informa\u00e7\u00f5es do Minist\u00e9rio P\u00fablico de Minas Gerais (MP-MG) divulgadas nesta ter\u00e7a-feira (21).<\/p>\n<p><a href=\"https:\/\/www.suno.com.br\/noticias\/iguatemi-adquire-fatias-de-shoppings-que-eram-do-irb-brasil\/\">Veja tamb\u00e9m: Iguatemi adquire fatias de shoppings que eram do IRB Brasil<\/a><\/p>\n<p>&#8220;Era uma lista mantida sigilosamente, internamente, pela Vale. Uma lista de barragens em &#8216;situa\u00e7\u00e3o inaceit\u00e1vel de seguran\u00e7a&#8217;. Era assim que eram reconhecidas ao menos essas dez barragens geridas pela Vale&#8221;, afirmou ao portal <em>G1<\/em> o coordenador do n\u00facleo criminal da for\u00e7a-tarefa do MP, William Garcia Pinto Coelho.<\/p>\n<p>O MP tamb\u00e9m denunciou executivos da Vale e da <strong>T\u00dcV S\u00dcD<\/strong> por homic\u00eddio doloso. As duas empresas dever\u00e3o responder por crime ambiental.<\/p>\n<h2>Caixa<\/h2>\n<p>A <strong>Elo<\/strong>, bandeira de cart\u00f5es que concorre com a <strong>Visa<\/strong> e a <strong>Mastercard<\/strong>, pode iniciar o processo de abertura de capital na bolsa (IPO). O presidente da Caixa Econ\u00f4mica Federal, Pedro Guimar\u00e3es, falou sobre esse plano em um evento da <strong>Caixa<\/strong> <strong>Cart\u00f5es<\/strong> <strong>Holding<\/strong>, um novo bra\u00e7o da estatal financeira que tem como objetivo entrar no mercado de &#8216;maquininhas&#8217;.<\/p>\n<p>\u201cEm algum momento pode ser que haja uma abertura de capital da pr\u00f3pria Elo\u201d, afirmou o presidente da Caixa Econ\u00f4mica em entrevista ao jornal &#8220;Valor Econ\u00f4mico&#8221;.<\/p>\n<h2>Petrobras<\/h2>\n<p>A <a href=\"https:\/\/www.suno.com.br\/acoes\/petr3\/\"><strong>Petrobras<\/strong> (PETR3)<\/a>, por meio de um documento enviado \u00e0 Securities and Exchange Commission (<a href=\"https:\/\/www.suno.com.br\/artigos\/sec\/\">SEC<\/a>, na sigla em ingl\u00eas), \u00f3rg\u00e3o regulador do mercado de capitais estadunidense, comunicou que o <a href=\"https:\/\/www.suno.com.br\/artigos\/bancos-de-desenvolvimento\/\">Banco Nacional de Desenvolvimento Econ\u00f4mico e Social (BNDES)<\/a> ir\u00e1 vender 611,8 milh\u00f5es de a\u00e7\u00f5es ordin\u00e1rias da petroleira.<\/p>\n<p>Considerando o fechamento do preg\u00e3o da <strong><a href=\"https:\/\/www.suno.com.br\/artigos\/b3\/\">B3<\/a><\/strong> na \u00faltima ter\u00e7a-feira (21), os pap\u00e9is da Petrobras est\u00e3o cotados a R$ 31,02, portanto a oferta pode chegar a R$ 19 bilh\u00f5es. A opera\u00e7\u00e3o prev\u00ea ainda um lote adicional de 20% sobre o montante inicial (mais 122 milh\u00f5es de a\u00e7\u00f5es). Atualmente, o BNDES possui 734,2 milh\u00f5es de a\u00e7\u00f5es da companhia. As informa\u00e7\u00f5es foram divulgadas inicialmente pelo site \u201cBrazil Journal&#8221;.<\/p>\n<h2>EzTec<\/h2>\n<p>A <strong>EzTec<\/strong> divulgou a pr\u00e9via operacional do quarto trimestre de 2019. De acordo com a construtora, suas vendas l\u00edquidas aumentaram 158% no ano passado sobre 2018, para R$ 1,56 bilh\u00e3o.<\/p>\n<p>A empresa informou que teve uma \u201cescalada\u201d de lan\u00e7amentos em 2019, com avan\u00e7o de 152% sobre o ano anterior, para R$ 1,89 bilh\u00e3o.<\/p>\n<h2>Tenda<\/h2>\n<p>A <a href=\"https:\/\/www.suno.com.br\/acoes\/tend3\/\"><strong>Tenda (TEND3)<\/strong><\/a> divulgou a pr\u00e9via operacional do quarto trimestre de 2019. De acordo com a companhia, as venda l\u00edquidas chegaram ao valor de R$ 615,9 milh\u00f5es no quarto trimestre, uma expans\u00e3o de 34% sobre igual per\u00edodo de 2018. Outro dado divulgado pela empresa foi o crescimento de 34,6% nos lan\u00e7amentos de 2019 sobre o ano anterior, que representa um valor de R$ 2,58 bilh\u00f5es.<\/p>\n<p>A <strong>Agenda<\/strong> <strong>do<\/strong> <strong>Dia<\/strong> da <a href=\"https:\/\/www.youtube.com\/channel\/UCWDeEIDAIi_oYKDiqwfGyRg\">Suno<\/a> mostra os principais acontecimentos que prometem movimentar o mercado durante o dia.<\/p>\n\n","protected":false},"excerpt":{"rendered":"<p>Os assuntos da Agenda do Dia desta quarta-feira (23) prometem mexer com o mercado interno e o externo. Vale. Foto: Divulga\u00e7\u00e3o O Minist\u00e9rio P\u00fablico denunciou executivos da Vale por homic\u00eddio doloso. O presidente da Caixa, Pedro Guimar\u00e3es,\u00a0defendeu o IPO da Elo. A Agenda do Dia conta tamb\u00e9m com a not\u00edcia sobre a Petrobras, que comunicou [&hellip;]<\/p>\n","protected":false},"author":19,"featured_media":44377,"comment_status":"closed","ping_status":"closed","sticky":false,"template":"","format":"standard","meta":[],"categories":[64],"tags":[1980,1199,473,595,660],"suno_strategy":[],"class_list":["post-50500","post","type-post","status-publish","format-standard","has-post-thumbnail","hentry","category-negocios","tag-agenda-do-dia","tag-caixa-economica-federal-cef","tag-eztec-eztc3","tag-petrobras-petr4","tag-tenda-tend3"],"yoast_head":"<!-- This site is optimized with the Yoast SEO plugin v24.4 - https:\/\/yoast.com\/wordpress\/plugins\/seo\/ -->\n<title>Agenda do Dia: Vale; Caixa Econ\u00f4mica; Petrobras; EzTec<\/title>\n<meta name=\"description\" content=\"Agenda do Dia: Vale; Caixa Econ\u00f4mica; Petrobras; pr\u00e9via operacional da EzTec e da construtora Tenda. Clique e saiba mais.\" \/>\n<meta name=\"robots\" content=\"index, follow, max-snippet:-1, max-image-preview:large, max-video-preview:-1\" \/>\n<link rel=\"canonical\" href=\"https:\/\/www.suno.com.br\/noticias\/agenda-do-dia-vale-caixa-petrobras-eztec\/\" \/>\n<meta property=\"og:locale\" content=\"pt_BR\" \/>\n<meta property=\"og:type\" content=\"article\" \/>\n<meta property=\"og:title\" content=\"Agenda do Dia: Vale; Caixa Econ\u00f4mica; Petrobras; EzTec\" \/>\n<meta property=\"og:description\" content=\"Agenda do Dia: Vale; Caixa Econ\u00f4mica; Petrobras; pr\u00e9via operacional da EzTec e da construtora Tenda. Clique e saiba mais.\" \/>\n<meta property=\"og:url\" content=\"https:\/\/www.suno.com.br\/noticias\/agenda-do-dia-vale-caixa-petrobras-eztec\/\" \/>\n<meta property=\"og:site_name\" content=\"Suno Not\u00edcias\" \/>\n<meta property=\"article:publisher\" content=\"https:\/\/facebook.com\/sunoresearch\" \/>\n<meta property=\"og:image\" content=\"https:\/\/files.sunoresearch.com.br\/n\/uploads\/2019\/11\/649c095d-vale.jpg\" \/>\n\t<meta property=\"og:image:width\" content=\"1500\" \/>\n\t<meta property=\"og:image:height\" content=\"1000\" \/>\n\t<meta property=\"og:image:type\" content=\"image\/jpeg\" \/>\n<meta name=\"author\" content=\"Juliano Passaro\" \/>\n<meta name=\"twitter:card\" content=\"summary_large_image\" \/>\n<meta name=\"twitter:creator\" content=\"@sunoresearch\" \/>\n<meta name=\"twitter:site\" content=\"@sunoresearch\" \/>\n<meta name=\"twitter:label1\" content=\"Escrito por\" \/>\n\t<meta name=\"twitter:data1\" content=\"Juliano Passaro\" \/>\n\t<meta name=\"twitter:label2\" content=\"Est. tempo de leitura\" \/>\n\t<meta name=\"twitter:data2\" content=\"3 minutos\" \/>\n<script type=\"application\/ld+json\" class=\"yoast-schema-graph\">{\"@context\":\"https:\/\/schema.org\",\"@graph\":[{\"@type\":\"NewsArticle\",\"@id\":\"https:\/\/www.suno.com.br\/noticias\/agenda-do-dia-vale-caixa-petrobras-eztec\/#article\",\"isPartOf\":{\"@id\":\"https:\/\/www.suno.com.br\/noticias\/agenda-do-dia-vale-caixa-petrobras-eztec\/\"},\"author\":{\"name\":\"Juliano Passaro\",\"@id\":\"https:\/\/www.suno.com.br\/noticias\/#\/schema\/person\/1db762f78ffd8919a648a63e425953e3\"},\"headline\":\"Agenda do Dia: Vale; Caixa Econ\u00f4mica; Petrobras; EzTec\",\"datePublished\":\"2020-01-22T11:56:04+00:00\",\"dateModified\":\"2021-06-14T03:23:02+00:00\",\"mainEntityOfPage\":{\"@id\":\"https:\/\/www.suno.com.br\/noticias\/agenda-do-dia-vale-caixa-petrobras-eztec\/\"},\"wordCount\":593,\"publisher\":{\"@id\":\"https:\/\/www.suno.com.br\/noticias\/#organization\"},\"image\":{\"@id\":\"https:\/\/www.suno.com.br\/noticias\/agenda-do-dia-vale-caixa-petrobras-eztec\/#primaryimage\"},\"thumbnailUrl\":\"https:\/\/files.sunoresearch.com.br\/n\/uploads\/2019\/11\/649c095d-vale-jpg.webp\",\"keywords\":[\"agenda do dia\",\"Caixa Econ\u00f4mica Federal (CEF)\",\"Eztec (EZTC3)\",\"Petrobras (PETR4)\",\"Tenda (TEND3)\"],\"articleSection\":[\"Neg\u00f3cios\"],\"inLanguage\":\"pt-BR\"},{\"@type\":\"WebPage\",\"@id\":\"https:\/\/www.suno.com.br\/noticias\/agenda-do-dia-vale-caixa-petrobras-eztec\/\",\"url\":\"https:\/\/www.suno.com.br\/noticias\/agenda-do-dia-vale-caixa-petrobras-eztec\/\",\"name\":\"Agenda do Dia: Vale; Caixa Econ\u00f4mica; Petrobras; EzTec\",\"isPartOf\":{\"@id\":\"https:\/\/www.suno.com.br\/noticias\/#website\"},\"primaryImageOfPage\":{\"@id\":\"https:\/\/www.suno.com.br\/noticias\/agenda-do-dia-vale-caixa-petrobras-eztec\/#primaryimage\"},\"image\":{\"@id\":\"https:\/\/www.suno.com.br\/noticias\/agenda-do-dia-vale-caixa-petrobras-eztec\/#primaryimage\"},\"thumbnailUrl\":\"https:\/\/files.sunoresearch.com.br\/n\/uploads\/2019\/11\/649c095d-vale-jpg.webp\",\"datePublished\":\"2020-01-22T11:56:04+00:00\",\"dateModified\":\"2021-06-14T03:23:02+00:00\",\"description\":\"Agenda do Dia: Vale; Caixa Econ\u00f4mica; Petrobras; pr\u00e9via operacional da EzTec e da construtora Tenda. Clique e saiba mais.\",\"breadcrumb\":{\"@id\":\"https:\/\/www.suno.com.br\/noticias\/agenda-do-dia-vale-caixa-petrobras-eztec\/#breadcrumb\"},\"inLanguage\":\"pt-BR\",\"potentialAction\":[{\"@type\":\"ReadAction\",\"target\":[\"https:\/\/www.suno.com.br\/noticias\/agenda-do-dia-vale-caixa-petrobras-eztec\/\"]}]},{\"@type\":\"ImageObject\",\"inLanguage\":\"pt-BR\",\"@id\":\"https:\/\/www.suno.com.br\/noticias\/agenda-do-dia-vale-caixa-petrobras-eztec\/#primaryimage\",\"url\":\"https:\/\/files.sunoresearch.com.br\/n\/uploads\/2019\/11\/649c095d-vale-jpg.webp\",\"contentUrl\":\"https:\/\/files.sunoresearch.com.br\/n\/uploads\/2019\/11\/649c095d-vale-jpg.webp\",\"width\":1500,\"height\":1000,\"caption\":\"Vale. Foto: Divulga\u00e7\u00e3o\"},{\"@type\":\"BreadcrumbList\",\"@id\":\"https:\/\/www.suno.com.br\/noticias\/agenda-do-dia-vale-caixa-petrobras-eztec\/#breadcrumb\",\"itemListElement\":[{\"@type\":\"ListItem\",\"position\":1,\"name\":\"Not\u00edcias\",\"item\":\"https:\/\/www.suno.com.br\/noticias\/\"},{\"@type\":\"ListItem\",\"position\":2,\"name\":\"Neg\u00f3cios\",\"item\":\"https:\/\/www.suno.com.br\/noticias\/negocios\/\"},{\"@type\":\"ListItem\",\"position\":3,\"name\":\"Agenda do Dia: Vale; Caixa Econ\u00f4mica; Petrobras; EzTec\"}]},{\"@type\":\"WebSite\",\"@id\":\"https:\/\/www.suno.com.br\/noticias\/#website\",\"url\":\"https:\/\/www.suno.com.br\/noticias\/\",\"name\":\"Suno Not\u00edcias\",\"description\":\"Seu portal de informa\u00e7\u00e3o sobre o mundo dos investimentos\",\"publisher\":{\"@id\":\"https:\/\/www.suno.com.br\/noticias\/#organization\"},\"potentialAction\":[{\"@type\":\"SearchAction\",\"target\":{\"@type\":\"EntryPoint\",\"urlTemplate\":\"https:\/\/www.suno.com.br\/noticias\/?s={search_term_string}\"},\"query-input\":{\"@type\":\"PropertyValueSpecification\",\"valueRequired\":true,\"valueName\":\"search_term_string\"}}],\"inLanguage\":\"pt-BR\"},{\"@type\":\"Organization\",\"@id\":\"https:\/\/www.suno.com.br\/noticias\/#organization\",\"name\":\"Suno Not\u00edcias\",\"url\":\"https:\/\/www.suno.com.br\/noticias\/\",\"logo\":{\"@type\":\"ImageObject\",\"inLanguage\":\"pt-BR\",\"@id\":\"https:\/\/www.suno.com.br\/noticias\/#\/schema\/logo\/image\/\",\"url\":\"https:\/\/files.sunoresearch.com.br\/n\/uploads\/2021\/09\/suno-logo.png\",\"contentUrl\":\"https:\/\/files.sunoresearch.com.br\/n\/uploads\/2021\/09\/suno-logo.png\",\"width\":180,\"height\":180,\"caption\":\"Suno Not\u00edcias\"},\"image\":{\"@id\":\"https:\/\/www.suno.com.br\/noticias\/#\/schema\/logo\/image\/\"},\"sameAs\":[\"https:\/\/facebook.com\/sunoresearch\",\"https:\/\/x.com\/sunoresearch\",\"https:\/\/www.instagram.com\/suno\",\"https:\/\/www.linkedin.com\/company\/suno-research\/\",\"https:\/\/www.youtube.com\/c\/sunoresearch\"]},{\"@type\":\"Person\",\"@id\":\"https:\/\/www.suno.com.br\/noticias\/#\/schema\/person\/1db762f78ffd8919a648a63e425953e3\",\"name\":\"Juliano Passaro\",\"image\":{\"@type\":\"ImageObject\",\"inLanguage\":\"pt-BR\",\"@id\":\"https:\/\/www.suno.com.br\/noticias\/#\/schema\/person\/image\/\",\"url\":\"https:\/\/secure.gravatar.com\/avatar\/743d4df28eebf6dcc46b4ad03c319e92?s=96&r=g\",\"contentUrl\":\"https:\/\/secure.gravatar.com\/avatar\/743d4df28eebf6dcc46b4ad03c319e92?s=96&r=g\",\"caption\":\"Juliano Passaro\"},\"description\":\"Juliano Passaro escreve sobre pol\u00edtica, economia e neg\u00f3cios para o portal da Suno Research. Antes da Suno, trabalhou no Portal da Band. \u00c9 formado em jornalismo pela Universidade Presbiteriana Mackenzie.\",\"url\":\"https:\/\/www.suno.com.br\/noticias\/author\/juliano\/\"}]}<\/script>\n<!-- \/ Yoast SEO plugin. -->","yoast_head_json":{"title":"Agenda do Dia: Vale; Caixa Econ\u00f4mica; Petrobras; EzTec","description":"Agenda do Dia: Vale; Caixa Econ\u00f4mica; Petrobras; pr\u00e9via operacional da EzTec e da construtora Tenda. Clique e saiba mais.","robots":{"index":"index","follow":"follow","max-snippet":"max-snippet:-1","max-image-preview":"max-image-preview:large","max-video-preview":"max-video-preview:-1"},"canonical":"https:\/\/www.suno.com.br\/noticias\/agenda-do-dia-vale-caixa-petrobras-eztec\/","og_locale":"pt_BR","og_type":"article","og_title":"Agenda do Dia: Vale; Caixa Econ\u00f4mica; Petrobras; EzTec","og_description":"Agenda do Dia: Vale; Caixa Econ\u00f4mica; Petrobras; pr\u00e9via operacional da EzTec e da construtora Tenda. Clique e saiba mais.","og_url":"https:\/\/www.suno.com.br\/noticias\/agenda-do-dia-vale-caixa-petrobras-eztec\/","og_site_name":"Suno Not\u00edcias","article_publisher":"https:\/\/facebook.com\/sunoresearch","og_image":[{"width":1500,"height":1000,"url":"https:\/\/files.sunoresearch.com.br\/n\/uploads\/2019\/11\/649c095d-vale.jpg","type":"image\/jpeg"}],"author":"Juliano Passaro","twitter_card":"summary_large_image","twitter_creator":"@sunoresearch","twitter_site":"@sunoresearch","twitter_misc":{"Escrito por":"Juliano Passaro","Est. tempo de leitura":"3 minutos"},"schema":{"@context":"https:\/\/schema.org","@graph":[{"@type":"NewsArticle","@id":"https:\/\/www.suno.com.br\/noticias\/agenda-do-dia-vale-caixa-petrobras-eztec\/#article","isPartOf":{"@id":"https:\/\/www.suno.com.br\/noticias\/agenda-do-dia-vale-caixa-petrobras-eztec\/"},"author":{"name":"Juliano Passaro","@id":"https:\/\/www.suno.com.br\/noticias\/#\/schema\/person\/1db762f78ffd8919a648a63e425953e3"},"headline":"Agenda do Dia: Vale; Caixa Econ\u00f4mica; Petrobras; EzTec","datePublished":"2020-01-22T11:56:04+00:00","dateModified":"2021-06-14T03:23:02+00:00","mainEntityOfPage":{"@id":"https:\/\/www.suno.com.br\/noticias\/agenda-do-dia-vale-caixa-petrobras-eztec\/"},"wordCount":593,"publisher":{"@id":"https:\/\/www.suno.com.br\/noticias\/#organization"},"image":{"@id":"https:\/\/www.suno.com.br\/noticias\/agenda-do-dia-vale-caixa-petrobras-eztec\/#primaryimage"},"thumbnailUrl":"https:\/\/files.sunoresearch.com.br\/n\/uploads\/2019\/11\/649c095d-vale-jpg.webp","keywords":["agenda do dia","Caixa Econ\u00f4mica Federal (CEF)","Eztec (EZTC3)","Petrobras (PETR4)","Tenda (TEND3)"],"articleSection":["Neg\u00f3cios"],"inLanguage":"pt-BR"},{"@type":"WebPage","@id":"https:\/\/www.suno.com.br\/noticias\/agenda-do-dia-vale-caixa-petrobras-eztec\/","url":"https:\/\/www.suno.com.br\/noticias\/agenda-do-dia-vale-caixa-petrobras-eztec\/","name":"Agenda do Dia: Vale; Caixa Econ\u00f4mica; Petrobras; EzTec","isPartOf":{"@id":"https:\/\/www.suno.com.br\/noticias\/#website"},"primaryImageOfPage":{"@id":"https:\/\/www.suno.com.br\/noticias\/agenda-do-dia-vale-caixa-petrobras-eztec\/#primaryimage"},"image":{"@id":"https:\/\/www.suno.com.br\/noticias\/agenda-do-dia-vale-caixa-petrobras-eztec\/#primaryimage"},"thumbnailUrl":"https:\/\/files.sunoresearch.com.br\/n\/uploads\/2019\/11\/649c095d-vale-jpg.webp","datePublished":"2020-01-22T11:56:04+00:00","dateModified":"2021-06-14T03:23:02+00:00","description":"Agenda do Dia: Vale; Caixa Econ\u00f4mica; Petrobras; pr\u00e9via operacional da EzTec e da construtora Tenda. Clique e saiba mais.","breadcrumb":{"@id":"https:\/\/www.suno.com.br\/noticias\/agenda-do-dia-vale-caixa-petrobras-eztec\/#breadcrumb"},"inLanguage":"pt-BR","potentialAction":[{"@type":"ReadAction","target":["https:\/\/www.suno.com.br\/noticias\/agenda-do-dia-vale-caixa-petrobras-eztec\/"]}]},{"@type":"ImageObject","inLanguage":"pt-BR","@id":"https:\/\/www.suno.com.br\/noticias\/agenda-do-dia-vale-caixa-petrobras-eztec\/#primaryimage","url":"https:\/\/files.sunoresearch.com.br\/n\/uploads\/2019\/11\/649c095d-vale-jpg.webp","contentUrl":"https:\/\/files.sunoresearch.com.br\/n\/uploads\/2019\/11\/649c095d-vale-jpg.webp","width":1500,"height":1000,"caption":"Vale. Foto: Divulga\u00e7\u00e3o"},{"@type":"BreadcrumbList","@id":"https:\/\/www.suno.com.br\/noticias\/agenda-do-dia-vale-caixa-petrobras-eztec\/#breadcrumb","itemListElement":[{"@type":"ListItem","position":1,"name":"Not\u00edcias","item":"https:\/\/www.suno.com.br\/noticias\/"},{"@type":"ListItem","position":2,"name":"Neg\u00f3cios","item":"https:\/\/www.suno.com.br\/noticias\/negocios\/"},{"@type":"ListItem","position":3,"name":"Agenda do Dia: Vale; Caixa Econ\u00f4mica; Petrobras; EzTec"}]},{"@type":"WebSite","@id":"https:\/\/www.suno.com.br\/noticias\/#website","url":"https:\/\/www.suno.com.br\/noticias\/","name":"Suno Not\u00edcias","description":"Seu portal de informa\u00e7\u00e3o sobre o mundo dos investimentos","publisher":{"@id":"https:\/\/www.suno.com.br\/noticias\/#organization"},"potentialAction":[{"@type":"SearchAction","target":{"@type":"EntryPoint","urlTemplate":"https:\/\/www.suno.com.br\/noticias\/?s={search_term_string}"},"query-input":{"@type":"PropertyValueSpecification","valueRequired":true,"valueName":"search_term_string"}}],"inLanguage":"pt-BR"},{"@type":"Organization","@id":"https:\/\/www.suno.com.br\/noticias\/#organization","name":"Suno Not\u00edcias","url":"https:\/\/www.suno.com.br\/noticias\/","logo":{"@type":"ImageObject","inLanguage":"pt-BR","@id":"https:\/\/www.suno.com.br\/noticias\/#\/schema\/logo\/image\/","url":"https:\/\/files.sunoresearch.com.br\/n\/uploads\/2021\/09\/suno-logo.png","contentUrl":"https:\/\/files.sunoresearch.com.br\/n\/uploads\/2021\/09\/suno-logo.png","width":180,"height":180,"caption":"Suno Not\u00edcias"},"image":{"@id":"https:\/\/www.suno.com.br\/noticias\/#\/schema\/logo\/image\/"},"sameAs":["https:\/\/facebook.com\/sunoresearch","https:\/\/x.com\/sunoresearch","https:\/\/www.instagram.com\/suno","https:\/\/www.linkedin.com\/company\/suno-research\/","https:\/\/www.youtube.com\/c\/sunoresearch"]},{"@type":"Person","@id":"https:\/\/www.suno.com.br\/noticias\/#\/schema\/person\/1db762f78ffd8919a648a63e425953e3","name":"Juliano Passaro","image":{"@type":"ImageObject","inLanguage":"pt-BR","@id":"https:\/\/www.suno.com.br\/noticias\/#\/schema\/person\/image\/","url":"https:\/\/secure.gravatar.com\/avatar\/743d4df28eebf6dcc46b4ad03c319e92?s=96&r=g","contentUrl":"https:\/\/secure.gravatar.com\/avatar\/743d4df28eebf6dcc46b4ad03c319e92?s=96&r=g","caption":"Juliano Passaro"},"description":"Juliano Passaro escreve sobre pol\u00edtica, economia e neg\u00f3cios para o portal da Suno Research. Antes da Suno, trabalhou no Portal da Band. \u00c9 formado em jornalismo pela Universidade Presbiteriana Mackenzie.","url":"https:\/\/www.suno.com.br\/noticias\/author\/juliano\/"}]}},"default_loop_html":"<div class=\"cardsPage__listCard__boxs\"><div class=\"cardsPage__listCard__boxs__img\"><a href=\"https:\/\/www.suno.com.br\/noticias\/agenda-do-dia-vale-caixa-petrobras-eztec\/\"><img class=\"mask\" src=\"https:\/\/www.suno.com.br\/noticias\/wp-content\/themes\/suno\/resources\/images\/spotlight\/spotlight1img\/bg-mask.png\" alt=\"Image Mask\"\/><img src=\"https:\/\/files.sunoresearch.com.br\/n\/uploads\/2019\/11\/649c095d-vale-400x200.webp\" alt=\"Agenda do Dia: Vale; Caixa Econ\u00f4mica; Petrobras; EzTec\"\/><\/a><span class=\"spotlightCategory\"><a href=\"https:\/\/www.suno.com.br\/noticias\/negocios\/\">Neg\u00f3cios<\/a><\/span><\/div><div class=\"cardsPage__listCard__boxs__content\"><a href=\"https:\/\/www.suno.com.br\/noticias\/agenda-do-dia-vale-caixa-petrobras-eztec\/\"><h2 class=\"content__title\">Agenda do Dia: Vale; Caixa Econ\u00f4mica; Petrobras; EzTec<\/h2><\/a><div class=\"newsContent__article__meta\"><div class=\"newsContent__article__meta__authorBox\"><a href=\"https:\/\/www.suno.com.br\/noticias\/author\/juliano\/\" class=\"authorBox__avatar noMobi\"><img src=\"https:\/\/files.sunoresearch.com.br\/n\/uploads\/2019\/06\/7cc3efea-whatsapp-image-2019-07-18-at-21.59.33-e1563499821209-150x150.webp\" alt=\"Juliano Passaro\"><\/a><div class=\"authorBox__name\"><span>por\n\t\t\t<a href=\"https:\/\/www.suno.com.br\/noticias\/author\/juliano\/\"><span itemprop=\"author\">Juliano Passaro<\/span><\/a><\/span><time datetime=\"2020-01-22T09:56:04-03:00\" itemprop=\"datePublished\">22\/01\/2020 09:56<\/time><\/div><\/div><\/div><\/div><\/div>","single_layout":"posts","amp_enabled":true,"_links":{"self":[{"href":"https:\/\/www.suno.com.br\/noticias\/wp-json\/wp\/v2\/posts\/50500"}],"collection":[{"href":"https:\/\/www.suno.com.br\/noticias\/wp-json\/wp\/v2\/posts"}],"about":[{"href":"https:\/\/www.suno.com.br\/noticias\/wp-json\/wp\/v2\/types\/post"}],"author":[{"embeddable":true,"href":"https:\/\/www.suno.com.br\/noticias\/wp-json\/wp\/v2\/users\/19"}],"replies":[{"embeddable":true,"href":"https:\/\/www.suno.com.br\/noticias\/wp-json\/wp\/v2\/comments?post=50500"}],"version-history":[{"count":1,"href":"https:\/\/www.suno.com.br\/noticias\/wp-json\/wp\/v2\/posts\/50500\/revisions"}],"predecessor-version":[{"id":157646,"href":"https:\/\/www.suno.com.br\/noticias\/wp-json\/wp\/v2\/posts\/50500\/revisions\/157646"}],"wp:featuredmedia":[{"embeddable":true,"href":"https:\/\/www.suno.com.br\/noticias\/wp-json\/wp\/v2\/media\/44377"}],"wp:attachment":[{"href":"https:\/\/www.suno.com.br\/noticias\/wp-json\/wp\/v2\/media?parent=50500"}],"wp:term":[{"taxonomy":"category","embeddable":true,"href":"https:\/\/www.suno.com.br\/noticias\/wp-json\/wp\/v2\/categories?post=50500"},{"taxonomy":"post_tag","embeddable":true,"href":"https:\/\/www.suno.com.br\/noticias\/wp-json\/wp\/v2\/tags?post=50500"},{"taxonomy":"suno_strategy","embeddable":true,"href":"https:\/\/www.suno.com.br\/noticias\/wp-json\/wp\/v2\/suno_strategy?post=50500"}],"curies":[{"name":"wp","href":"https:\/\/api.w.org\/{rel}","templated":true}]}}