{"id":504832,"date":"2023-12-29T17:48:33","date_gmt":"2023-12-29T20:48:33","guid":{"rendered":"https:\/\/www.suno.com.br\/noticias\/?p=504832"},"modified":"2023-12-29T17:48:36","modified_gmt":"2023-12-29T20:48:36","slug":"servidores-bc-farao-apagao-de-24-horas-janeiro","status":"publish","type":"post","link":"https:\/\/www.suno.com.br\/noticias\/servidores-bc-farao-apagao-de-24-horas-janeiro\/","title":{"rendered":"Servidores do BC far\u00e3o &#8216;apag\u00e3o&#8217; de 24 horas em janeiro, promete sindicato da categoria"},"content":{"rendered":"<p>Os servidores do Banco Central (<strong>BC<\/strong>) aprovaram nesta quinta-feira, 29, em assembleia geral, a realiza\u00e7\u00e3o de uma greve de 24 horas na institui\u00e7\u00e3o no pr\u00f3ximo dia 11, conforme informa\u00e7\u00f5es do Sindicato Nacional dos Funcion\u00e1rios do Banco Central (Sinal).<\/p>\t<div class=\"wrapper-featured-image\">\n\t\t<figure class=\"spotlightImg\">\n\n\t\t\t<picture>\n\t\t\t\t<source media=\"(max-width: 768px)\" srcset=\"https:\/\/files.sunoresearch.com.br\/n\/uploads\/2023\/05\/banco-centrla-bacen-400x200.jpg\">\n\t\t\t\t<img loading=\"lazy\" decoding=\"async\" class=\"newsContent__article__imgCapa lazyloadDisabled \" src=\"https:\/\/files.sunoresearch.com.br\/n\/uploads\/2023\/05\/banco-centrla-bacen-800x450.jpg\" width=\"800\" height=\"450\" alt=\"Servidores do BC far\u00e3o &#8216;apag\u00e3o&#8217; de 24 horas em janeiro, promete sindicato da categoria\" fetchpriority=high \/>\n\t\t\t<\/picture>\n\n\t\t\t<figcaption class=\"wp-caption-text wp-caption-text--show\">Banco Central, decis\u00e3o do Copom. Foto: iStock<\/figcaption>\n\t\t<\/figure>\n\t<\/div>\n\n\n\n\n\n\t<p>\n\t\t<a href=\"\" target=\"_blank\" data-element=\"shortcode-suno-banner\" title=\"Banner SUNO, clique e saiba mais\">\n\t\t\t<picture>\n\t\t\t\t<source media=\"(max-width: 500px)\" srcset=\"\">\n\t\t\t\t<img class=\"newsContent__article__imgCapa newsContent__article__imgCapa--banner\"\n\t\t\t\t\tsrc=\"\"\n\t\t\t\t\tdata-promo-id=\"240038\"\t\t\t\t\t\t\t\t\t\t\t\t\t\t\talt=\"\"\n\t\t\t\t>\n\t\t\t<\/picture>\n\t\t<\/a>\n\t<\/p>\n\n\n\n\n\n\n\n<p>Para a categoria, o Minist\u00e9rio de Gest\u00e3o e Inova\u00e7\u00e3o em Servi\u00e7os P\u00fablicos (MGI) tem tratado a pauta de reivindica\u00e7\u00f5es dos funcion\u00e1rios com &#8220;descaso&#8221;. Ao mesmo tempo, alegam os <strong>trabalhadores do BC<\/strong>, a Pasta tem feito concess\u00f5es assim\u00e9tricas a outras categorias, citando especificamente os policiais federais e auditores da <a class=\"suno-keyword\" target=\"_blank\" data-force=\"no\" data-priority=\"3\" href=\"https:\/\/www.suno.com.br\/artigos\/receita-federal\/\" rel=\"noopener\">Receita Federal<\/a>. &#8220;Enquanto para os servidores da PF e da SRF houve propostas concretas, para o BC s\u00f3 existiu enrola\u00e7\u00e3o&#8221;, trouxe a nota do Sinal.<\/p>\n\n\n\n<p>H\u00e1 meses, os <strong>servidores do BC<\/strong> j\u00e1 t\u00eam diminu\u00eddo o ritmo de trabalho, o que vem causando atrasos nas divulga\u00e7\u00f5es de dados estat\u00edsticos da entidade. Eles alegam que a opera\u00e7\u00e3o padr\u00e3o tamb\u00e9m atrasar\u00e1 a entrega de atualiza\u00e7\u00f5es e novas funcionalidades em temas caros \u00e0 institui\u00e7\u00e3o, caso do Pix. Nos \u00faltimos tempos, porta-vozes do BC t\u00eam ido a p\u00fablico defender os servidores em todas as oportunidades poss\u00edveis. At\u00e9 mesmo o presidente da institui\u00e7\u00e3o, Roberto Campos Neto, e membros da diretoria colegiada j\u00e1 se manifestaram a favor da pauta dos trabalhadores.<\/p>\n\n\n\n<p>&#8220;Diante do tratamento diferenciado, o corpo funcional do <em>Banco Central <\/em>vai cruzar os bra\u00e7os por 24 horas, com a expectativa de provocar um forte apag\u00e3o em todos os servi\u00e7os do \u00f3rg\u00e3o, com repercuss\u00f5es para o atendimento ao mercado e ao p\u00fablico&#8221;, informou o Sinal, citando cancelamento de reuni\u00f5es com o sistema financeiro, possibilidade de problemas de manuten\u00e7\u00e3o em sistemas do BC e mais atraso de divulga\u00e7\u00e3o de informa\u00e7\u00f5es.<\/p>\n\n\n\t<p>\n\t\t<a href=\"https:\/\/lp.suno.com.br\/ebook-gratuito-investindo-no-exterior\/\" target=\"_blank\" data-element=\"shortcode-suno-banner\" title=\"Banner SUNO, clique e saiba mais\">\n\t\t\t<picture>\n\t\t\t\t<source media=\"(max-width: 500px)\" srcset=\"https:\/\/files.sunoresearch.com.br\/n\/uploads\/2023\/03\/400x300-Investindo-no-exterior.png\">\n\t\t\t\t<img class=\"newsContent__article__imgCapa newsContent__article__imgCapa--banner\"\n\t\t\t\t\tsrc=\"https:\/\/files.sunoresearch.com.br\/n\/uploads\/2023\/03\/1420x240-Investindo-no-exterior.png\"\n\t\t\t\t\tdata-promo-id=\"383161\"\t\t\t\t\t\t\t\t\t\twidth='1420' height='240'\t\t\t\t\talt=\"https:\/\/files.sunoresearch.com.br\/n\/uploads\/2023\/03\/1420x240-Investindo-no-exterior.png\"\n\t\t\t\t>\n\t\t\t<\/picture>\n\t\t<\/a>\n\t<\/p>\n\n\n\n\n\n<p>Al\u00e9m disso, a categoria promete iniciar nesta sexta-feira, 29, o processo de lista de entrega de fun\u00e7\u00f5es comissionadas. Os servidores detentores de tais fun\u00e7\u00f5es v\u00e3o assinar uma lista na qual se comprometem a entregar suas comiss\u00f5es em data futura, a ser definida, caso as negocia\u00e7\u00f5es com o governo n\u00e3o avancem. Essas fun\u00e7\u00f5es &#8211; como chefe de se\u00e7\u00e3o e de departamento, por exemplo &#8211; costumam ser gratificadas.<\/p>\n\n\n\n<p>&#8220;Todo mundo vai entregar individual e simultaneamente suas fun\u00e7\u00f5es comissionadas para poder dificultar a administra\u00e7\u00e3o do Banco&#8221;, explicou ao <b>Estad\u00e3o\/Broadcast<\/b> o presidente do Sinal, F\u00e1bio Faiad. De acordo com ele, a expectativa com essa atua\u00e7\u00e3o \u00e9 a de que haja um agravamento de todos os atrasos e interrup\u00e7\u00f5es, uma vez que faltar\u00e1 gerentes e coordenadores para assinarem e autorizarem a execu\u00e7\u00e3o dos servi\u00e7os.<\/p>\n\n\n\n<h2 class=\"wp-block-heading\">Reivindica\u00e7\u00f5es dos servidores do BC<\/h2>\n\n\n\n<p>Entre os principais <strong>pleitos dos servidores do BC<\/strong> est\u00e3o a cria\u00e7\u00e3o de uma Retribui\u00e7\u00e3o por Produtividade Institucional, reajuste nas tabelas remunerat\u00f3rias, exig\u00eancia de n\u00edvel superior para o cargo de T\u00e9cnico e mudan\u00e7a do nome do cargo de Analista para Auditor. De acordo com o Sinal, entre os poss\u00edveis impactos da greve est\u00e3o: obstru\u00e7\u00e3o na <strong>gest\u00e3o do Banco Central<\/strong>, resultando em atrasos e n\u00e3o entrega de servi\u00e7os; possibilidade de preju\u00edzo \u00e0 manuten\u00e7\u00e3o do Pix, trazendo risco \u00e0 continuidade dos servi\u00e7os; maior impacto na conclus\u00e3o de projetos em curso, como o Drex, supervis\u00e3o de Preven\u00e7\u00e3o \u00e0 <a class=\"suno-keyword\" target=\"_blank\" data-force=\"no\" data-priority=\"2\" href=\"https:\/\/www.suno.com.br\/artigos\/lavagem-de-dinheiro\/\" rel=\"noopener\">Lavagem de Dinheiro<\/a> e Financiamento do Terrorismo, e regulamenta\u00e7\u00e3o de ativos virtuais; e poss\u00edveis adiamentos e suspens\u00f5es de atividades com a participa\u00e7\u00e3o dos <a class=\"suno-keyword\" target=\"_blank\" data-force=\"no\" data-priority=\"1\" href=\"https:\/\/www.suno.com.br\/artigos\/agentes-do-mercado\/\" rel=\"noopener\">agentes do mercado<\/a> financeiro.<\/p>\n\n\n\n<p>O Sinal destacou ainda a import\u00e2ncia do Banco Central para a estabilidade econ\u00f4mica do Pa\u00eds e a responsabilidade do governo em considerar equitativamente todas as carreiras estrat\u00e9gicas. Para Faiad, \u00e9 urgente uma resposta do governo para corrigir as disparidades. Ele ressaltou ainda a disposi\u00e7\u00e3o dos servidores em defender seus direitos. &#8220;N\u00e3o faz sentido atender a apenas Receita Federal e Pol\u00edcia Federal: o <strong>BC<\/strong> merece ser respeitado.&#8221;<\/p>\n\n\n\n<p><em>Com Estad\u00e3o Conte\u00fado<\/em><\/p>\n\n\n\t<p>\n\t\t<a href=\"https:\/\/lp.suno.com.br\/planilha-da-vida-financeira\/\" target=\"_blank\" data-element=\"shortcode-suno-banner\" title=\"Banner SUNO, clique e saiba mais\">\n\t\t\t<picture>\n\t\t\t\t<source media=\"(max-width: 500px)\" srcset=\"https:\/\/files.sunoresearch.com.br\/n\/uploads\/2023\/04\/400x300-Planilha-vida-financeira-true.png\">\n\t\t\t\t<img class=\"newsContent__article__imgCapa newsContent__article__imgCapa--banner\"\n\t\t\t\t\tsrc=\"https:\/\/files.sunoresearch.com.br\/n\/uploads\/2023\/04\/1420x240-Planilha-vida-financeira-true.png\"\n\t\t\t\t\tdata-promo-id=\"383123\"\t\t\t\t\t\t\t\t\t\twidth='1420' height='240'\t\t\t\t\talt=\"https:\/\/files.sunoresearch.com.br\/n\/uploads\/2023\/04\/1420x240-Planilha-vida-financeira-true.png\"\n\t\t\t\t>\n\t\t\t<\/picture>\n\t\t<\/a>\n\t<\/p>\n\n\n","protected":false},"excerpt":{"rendered":"<p>Os servidores do Banco Central (BC) aprovaram nesta quinta-feira, 29, em assembleia geral, a realiza\u00e7\u00e3o de uma greve de 24 horas na institui\u00e7\u00e3o no pr\u00f3ximo dia 11, conforme informa\u00e7\u00f5es do Sindicato Nacional dos Funcion\u00e1rios do Banco Central (Sinal). Banco Central, decis\u00e3o do Copom. Foto: iStock Para a categoria, o Minist\u00e9rio de Gest\u00e3o e Inova\u00e7\u00e3o em [&hellip;]<\/p>\n","protected":false},"author":43,"featured_media":408569,"comment_status":"closed","ping_status":"closed","sticky":false,"template":"","format":"standard","meta":[],"categories":[61],"tags":[1842],"suno_strategy":[],"class_list":["post-504832","post","type-post","status-publish","format-standard","has-post-thumbnail","hentry","category-politica","tag-banco-central-bc"],"yoast_head":"<!-- This site is optimized with the Yoast SEO plugin v24.4 - https:\/\/yoast.com\/wordpress\/plugins\/seo\/ -->\n<title>Servidores do BC far\u00e3o &#039;apag\u00e3o&#039; de 24 horas em janeiro, promete sindicato<\/title>\n<meta name=\"description\" content=\"Os servidores do BC aprovaram nesta quinta (29), em assembleia geral, a realiza\u00e7\u00e3o de uma greve de 24 horas na institui\u00e7\u00e3o no pr\u00f3ximo dia 11\" \/>\n<meta name=\"robots\" content=\"index, follow, max-snippet:-1, max-image-preview:large, max-video-preview:-1\" \/>\n<link rel=\"canonical\" href=\"https:\/\/www.suno.com.br\/noticias\/servidores-bc-farao-apagao-de-24-horas-janeiro\/\" \/>\n<meta property=\"og:locale\" content=\"pt_BR\" \/>\n<meta property=\"og:type\" content=\"article\" \/>\n<meta property=\"og:title\" content=\"Servidores do BC far\u00e3o &#039;apag\u00e3o&#039; de 24 horas em janeiro, promete sindicato\" \/>\n<meta property=\"og:description\" content=\"Os servidores do BC aprovaram nesta quinta (29), em assembleia geral, a realiza\u00e7\u00e3o de uma greve de 24 horas na institui\u00e7\u00e3o no pr\u00f3ximo dia 11\" \/>\n<meta property=\"og:url\" content=\"https:\/\/www.suno.com.br\/noticias\/servidores-bc-farao-apagao-de-24-horas-janeiro\/\" \/>\n<meta property=\"og:site_name\" content=\"Suno Not\u00edcias\" \/>\n<meta property=\"article:publisher\" content=\"https:\/\/facebook.com\/sunoresearch\" \/>\n<meta property=\"article:author\" content=\"https:\/\/www.facebook.com\/sunonoticias\/\" \/>\n<meta property=\"og:image\" content=\"https:\/\/files.sunoresearch.com.br\/n\/uploads\/2023\/05\/banco-centrla-bacen.jpg\" \/>\n\t<meta property=\"og:image:width\" content=\"1251\" \/>\n\t<meta property=\"og:image:height\" content=\"838\" \/>\n\t<meta property=\"og:image:type\" content=\"image\/jpeg\" \/>\n<meta name=\"author\" content=\"Reda\u00e7\u00e3o Suno Not\u00edcias\" \/>\n<meta name=\"twitter:card\" content=\"summary_large_image\" \/>\n<meta name=\"twitter:creator\" content=\"@https:\/\/twitter.com\/sunoresearch\" \/>\n<meta name=\"twitter:site\" content=\"@sunoresearch\" \/>\n<meta name=\"twitter:label1\" content=\"Escrito por\" \/>\n\t<meta name=\"twitter:data1\" content=\"Reda\u00e7\u00e3o Suno Not\u00edcias\" \/>\n\t<meta name=\"twitter:label2\" content=\"Est. tempo de leitura\" \/>\n\t<meta name=\"twitter:data2\" content=\"4 minutos\" \/>\n<script type=\"application\/ld+json\" class=\"yoast-schema-graph\">{\"@context\":\"https:\/\/schema.org\",\"@graph\":[{\"@type\":\"NewsArticle\",\"@id\":\"https:\/\/www.suno.com.br\/noticias\/servidores-bc-farao-apagao-de-24-horas-janeiro\/#article\",\"isPartOf\":{\"@id\":\"https:\/\/www.suno.com.br\/noticias\/servidores-bc-farao-apagao-de-24-horas-janeiro\/\"},\"author\":{\"name\":\"Reda\u00e7\u00e3o Suno Not\u00edcias\",\"@id\":\"https:\/\/www.suno.com.br\/noticias\/#\/schema\/person\/c1b1bd3727fa852bd045e9dbff3673ea\"},\"headline\":\"Servidores do BC far\u00e3o &#8216;apag\u00e3o&#8217; de 24 horas em janeiro, promete sindicato da categoria\",\"datePublished\":\"2023-12-29T20:48:33+00:00\",\"dateModified\":\"2023-12-29T20:48:36+00:00\",\"mainEntityOfPage\":{\"@id\":\"https:\/\/www.suno.com.br\/noticias\/servidores-bc-farao-apagao-de-24-horas-janeiro\/\"},\"wordCount\":695,\"publisher\":{\"@id\":\"https:\/\/www.suno.com.br\/noticias\/#organization\"},\"image\":{\"@id\":\"https:\/\/www.suno.com.br\/noticias\/servidores-bc-farao-apagao-de-24-horas-janeiro\/#primaryimage\"},\"thumbnailUrl\":\"https:\/\/files.sunoresearch.com.br\/n\/uploads\/2023\/05\/banco-centrla-bacen.jpg\",\"keywords\":[\"Banco Central (BC)\"],\"articleSection\":[\"Pol\u00edtica\"],\"inLanguage\":\"pt-BR\"},{\"@type\":\"WebPage\",\"@id\":\"https:\/\/www.suno.com.br\/noticias\/servidores-bc-farao-apagao-de-24-horas-janeiro\/\",\"url\":\"https:\/\/www.suno.com.br\/noticias\/servidores-bc-farao-apagao-de-24-horas-janeiro\/\",\"name\":\"Servidores do BC far\u00e3o 'apag\u00e3o' de 24 horas em janeiro, promete sindicato\",\"isPartOf\":{\"@id\":\"https:\/\/www.suno.com.br\/noticias\/#website\"},\"primaryImageOfPage\":{\"@id\":\"https:\/\/www.suno.com.br\/noticias\/servidores-bc-farao-apagao-de-24-horas-janeiro\/#primaryimage\"},\"image\":{\"@id\":\"https:\/\/www.suno.com.br\/noticias\/servidores-bc-farao-apagao-de-24-horas-janeiro\/#primaryimage\"},\"thumbnailUrl\":\"https:\/\/files.sunoresearch.com.br\/n\/uploads\/2023\/05\/banco-centrla-bacen.jpg\",\"datePublished\":\"2023-12-29T20:48:33+00:00\",\"dateModified\":\"2023-12-29T20:48:36+00:00\",\"description\":\"Os servidores do BC aprovaram nesta quinta (29), em assembleia geral, a realiza\u00e7\u00e3o de uma greve de 24 horas na institui\u00e7\u00e3o no pr\u00f3ximo dia 11\",\"breadcrumb\":{\"@id\":\"https:\/\/www.suno.com.br\/noticias\/servidores-bc-farao-apagao-de-24-horas-janeiro\/#breadcrumb\"},\"inLanguage\":\"pt-BR\",\"potentialAction\":[{\"@type\":\"ReadAction\",\"target\":[\"https:\/\/www.suno.com.br\/noticias\/servidores-bc-farao-apagao-de-24-horas-janeiro\/\"]}]},{\"@type\":\"ImageObject\",\"inLanguage\":\"pt-BR\",\"@id\":\"https:\/\/www.suno.com.br\/noticias\/servidores-bc-farao-apagao-de-24-horas-janeiro\/#primaryimage\",\"url\":\"https:\/\/files.sunoresearch.com.br\/n\/uploads\/2023\/05\/banco-centrla-bacen.jpg\",\"contentUrl\":\"https:\/\/files.sunoresearch.com.br\/n\/uploads\/2023\/05\/banco-centrla-bacen.jpg\",\"width\":1251,\"height\":838,\"caption\":\"Banco Central, decis\u00e3o do Copom. Foto: iStock\"},{\"@type\":\"BreadcrumbList\",\"@id\":\"https:\/\/www.suno.com.br\/noticias\/servidores-bc-farao-apagao-de-24-horas-janeiro\/#breadcrumb\",\"itemListElement\":[{\"@type\":\"ListItem\",\"position\":1,\"name\":\"Not\u00edcias\",\"item\":\"https:\/\/www.suno.com.br\/noticias\/\"},{\"@type\":\"ListItem\",\"position\":2,\"name\":\"Pol\u00edtica\",\"item\":\"https:\/\/www.suno.com.br\/noticias\/politica\/\"},{\"@type\":\"ListItem\",\"position\":3,\"name\":\"Servidores do BC far\u00e3o &#8216;apag\u00e3o&#8217; de 24 horas em janeiro, promete sindicato da categoria\"}]},{\"@type\":\"WebSite\",\"@id\":\"https:\/\/www.suno.com.br\/noticias\/#website\",\"url\":\"https:\/\/www.suno.com.br\/noticias\/\",\"name\":\"Suno Not\u00edcias\",\"description\":\"Seu portal de informa\u00e7\u00e3o sobre o mundo dos investimentos\",\"publisher\":{\"@id\":\"https:\/\/www.suno.com.br\/noticias\/#organization\"},\"potentialAction\":[{\"@type\":\"SearchAction\",\"target\":{\"@type\":\"EntryPoint\",\"urlTemplate\":\"https:\/\/www.suno.com.br\/noticias\/?s={search_term_string}\"},\"query-input\":{\"@type\":\"PropertyValueSpecification\",\"valueRequired\":true,\"valueName\":\"search_term_string\"}}],\"inLanguage\":\"pt-BR\"},{\"@type\":\"Organization\",\"@id\":\"https:\/\/www.suno.com.br\/noticias\/#organization\",\"name\":\"Suno Not\u00edcias\",\"url\":\"https:\/\/www.suno.com.br\/noticias\/\",\"logo\":{\"@type\":\"ImageObject\",\"inLanguage\":\"pt-BR\",\"@id\":\"https:\/\/www.suno.com.br\/noticias\/#\/schema\/logo\/image\/\",\"url\":\"https:\/\/files.sunoresearch.com.br\/n\/uploads\/2021\/09\/suno-logo.png\",\"contentUrl\":\"https:\/\/files.sunoresearch.com.br\/n\/uploads\/2021\/09\/suno-logo.png\",\"width\":180,\"height\":180,\"caption\":\"Suno Not\u00edcias\"},\"image\":{\"@id\":\"https:\/\/www.suno.com.br\/noticias\/#\/schema\/logo\/image\/\"},\"sameAs\":[\"https:\/\/facebook.com\/sunoresearch\",\"https:\/\/x.com\/sunoresearch\",\"https:\/\/www.instagram.com\/suno\",\"https:\/\/www.linkedin.com\/company\/suno-research\/\",\"https:\/\/www.youtube.com\/c\/sunoresearch\"]},{\"@type\":\"Person\",\"@id\":\"https:\/\/www.suno.com.br\/noticias\/#\/schema\/person\/c1b1bd3727fa852bd045e9dbff3673ea\",\"name\":\"Reda\u00e7\u00e3o Suno Not\u00edcias\",\"image\":{\"@type\":\"ImageObject\",\"inLanguage\":\"pt-BR\",\"@id\":\"https:\/\/www.suno.com.br\/noticias\/#\/schema\/person\/image\/\",\"url\":\"https:\/\/secure.gravatar.com\/avatar\/b8104b9b5a71985d5238ee59fbe418af?s=96&r=g\",\"contentUrl\":\"https:\/\/secure.gravatar.com\/avatar\/b8104b9b5a71985d5238ee59fbe418af?s=96&r=g\",\"caption\":\"Reda\u00e7\u00e3o Suno Not\u00edcias\"},\"description\":\"O Suno Not\u00edcias \u00e9 um portal de informa\u00e7\u00f5es sobre Mercado Financeiro, Pol\u00edtica, Neg\u00f3cios, Economia e Finan\u00e7as Pessoais.\",\"sameAs\":[\"https:\/\/www.suno.com.br\/noticias\",\"https:\/\/www.facebook.com\/sunonoticias\/\",\"https:\/\/www.instagram.com\/sunonoticias\/\",\"https:\/\/x.com\/https:\/\/twitter.com\/sunoresearch\",\"https:\/\/www.youtube.com\/sunonoticias\"],\"url\":\"https:\/\/www.suno.com.br\/noticias\/author\/redacao-suno\/\"}]}<\/script>\n<!-- \/ Yoast SEO plugin. -->","yoast_head_json":{"title":"Servidores do BC far\u00e3o 'apag\u00e3o' de 24 horas em janeiro, promete sindicato","description":"Os servidores do BC aprovaram nesta quinta (29), em assembleia geral, a realiza\u00e7\u00e3o de uma greve de 24 horas na institui\u00e7\u00e3o no pr\u00f3ximo dia 11","robots":{"index":"index","follow":"follow","max-snippet":"max-snippet:-1","max-image-preview":"max-image-preview:large","max-video-preview":"max-video-preview:-1"},"canonical":"https:\/\/www.suno.com.br\/noticias\/servidores-bc-farao-apagao-de-24-horas-janeiro\/","og_locale":"pt_BR","og_type":"article","og_title":"Servidores do BC far\u00e3o 'apag\u00e3o' de 24 horas em janeiro, promete sindicato","og_description":"Os servidores do BC aprovaram nesta quinta (29), em assembleia geral, a realiza\u00e7\u00e3o de uma greve de 24 horas na institui\u00e7\u00e3o no pr\u00f3ximo dia 11","og_url":"https:\/\/www.suno.com.br\/noticias\/servidores-bc-farao-apagao-de-24-horas-janeiro\/","og_site_name":"Suno Not\u00edcias","article_publisher":"https:\/\/facebook.com\/sunoresearch","article_author":"https:\/\/www.facebook.com\/sunonoticias\/","og_image":[{"width":1251,"height":838,"url":"https:\/\/files.sunoresearch.com.br\/n\/uploads\/2023\/05\/banco-centrla-bacen.jpg","type":"image\/jpeg"}],"author":"Reda\u00e7\u00e3o Suno Not\u00edcias","twitter_card":"summary_large_image","twitter_creator":"@https:\/\/twitter.com\/sunoresearch","twitter_site":"@sunoresearch","twitter_misc":{"Escrito por":"Reda\u00e7\u00e3o Suno Not\u00edcias","Est. tempo de leitura":"4 minutos"},"schema":{"@context":"https:\/\/schema.org","@graph":[{"@type":"NewsArticle","@id":"https:\/\/www.suno.com.br\/noticias\/servidores-bc-farao-apagao-de-24-horas-janeiro\/#article","isPartOf":{"@id":"https:\/\/www.suno.com.br\/noticias\/servidores-bc-farao-apagao-de-24-horas-janeiro\/"},"author":{"name":"Reda\u00e7\u00e3o Suno Not\u00edcias","@id":"https:\/\/www.suno.com.br\/noticias\/#\/schema\/person\/c1b1bd3727fa852bd045e9dbff3673ea"},"headline":"Servidores do BC far\u00e3o &#8216;apag\u00e3o&#8217; de 24 horas em janeiro, promete sindicato da categoria","datePublished":"2023-12-29T20:48:33+00:00","dateModified":"2023-12-29T20:48:36+00:00","mainEntityOfPage":{"@id":"https:\/\/www.suno.com.br\/noticias\/servidores-bc-farao-apagao-de-24-horas-janeiro\/"},"wordCount":695,"publisher":{"@id":"https:\/\/www.suno.com.br\/noticias\/#organization"},"image":{"@id":"https:\/\/www.suno.com.br\/noticias\/servidores-bc-farao-apagao-de-24-horas-janeiro\/#primaryimage"},"thumbnailUrl":"https:\/\/files.sunoresearch.com.br\/n\/uploads\/2023\/05\/banco-centrla-bacen.jpg","keywords":["Banco Central (BC)"],"articleSection":["Pol\u00edtica"],"inLanguage":"pt-BR"},{"@type":"WebPage","@id":"https:\/\/www.suno.com.br\/noticias\/servidores-bc-farao-apagao-de-24-horas-janeiro\/","url":"https:\/\/www.suno.com.br\/noticias\/servidores-bc-farao-apagao-de-24-horas-janeiro\/","name":"Servidores do BC far\u00e3o 'apag\u00e3o' de 24 horas em janeiro, promete sindicato","isPartOf":{"@id":"https:\/\/www.suno.com.br\/noticias\/#website"},"primaryImageOfPage":{"@id":"https:\/\/www.suno.com.br\/noticias\/servidores-bc-farao-apagao-de-24-horas-janeiro\/#primaryimage"},"image":{"@id":"https:\/\/www.suno.com.br\/noticias\/servidores-bc-farao-apagao-de-24-horas-janeiro\/#primaryimage"},"thumbnailUrl":"https:\/\/files.sunoresearch.com.br\/n\/uploads\/2023\/05\/banco-centrla-bacen.jpg","datePublished":"2023-12-29T20:48:33+00:00","dateModified":"2023-12-29T20:48:36+00:00","description":"Os servidores do BC aprovaram nesta quinta (29), em assembleia geral, a realiza\u00e7\u00e3o de uma greve de 24 horas na institui\u00e7\u00e3o no pr\u00f3ximo dia 11","breadcrumb":{"@id":"https:\/\/www.suno.com.br\/noticias\/servidores-bc-farao-apagao-de-24-horas-janeiro\/#breadcrumb"},"inLanguage":"pt-BR","potentialAction":[{"@type":"ReadAction","target":["https:\/\/www.suno.com.br\/noticias\/servidores-bc-farao-apagao-de-24-horas-janeiro\/"]}]},{"@type":"ImageObject","inLanguage":"pt-BR","@id":"https:\/\/www.suno.com.br\/noticias\/servidores-bc-farao-apagao-de-24-horas-janeiro\/#primaryimage","url":"https:\/\/files.sunoresearch.com.br\/n\/uploads\/2023\/05\/banco-centrla-bacen.jpg","contentUrl":"https:\/\/files.sunoresearch.com.br\/n\/uploads\/2023\/05\/banco-centrla-bacen.jpg","width":1251,"height":838,"caption":"Banco Central, decis\u00e3o do Copom. Foto: iStock"},{"@type":"BreadcrumbList","@id":"https:\/\/www.suno.com.br\/noticias\/servidores-bc-farao-apagao-de-24-horas-janeiro\/#breadcrumb","itemListElement":[{"@type":"ListItem","position":1,"name":"Not\u00edcias","item":"https:\/\/www.suno.com.br\/noticias\/"},{"@type":"ListItem","position":2,"name":"Pol\u00edtica","item":"https:\/\/www.suno.com.br\/noticias\/politica\/"},{"@type":"ListItem","position":3,"name":"Servidores do BC far\u00e3o &#8216;apag\u00e3o&#8217; de 24 horas em janeiro, promete sindicato da categoria"}]},{"@type":"WebSite","@id":"https:\/\/www.suno.com.br\/noticias\/#website","url":"https:\/\/www.suno.com.br\/noticias\/","name":"Suno Not\u00edcias","description":"Seu portal de informa\u00e7\u00e3o sobre o mundo dos investimentos","publisher":{"@id":"https:\/\/www.suno.com.br\/noticias\/#organization"},"potentialAction":[{"@type":"SearchAction","target":{"@type":"EntryPoint","urlTemplate":"https:\/\/www.suno.com.br\/noticias\/?s={search_term_string}"},"query-input":{"@type":"PropertyValueSpecification","valueRequired":true,"valueName":"search_term_string"}}],"inLanguage":"pt-BR"},{"@type":"Organization","@id":"https:\/\/www.suno.com.br\/noticias\/#organization","name":"Suno Not\u00edcias","url":"https:\/\/www.suno.com.br\/noticias\/","logo":{"@type":"ImageObject","inLanguage":"pt-BR","@id":"https:\/\/www.suno.com.br\/noticias\/#\/schema\/logo\/image\/","url":"https:\/\/files.sunoresearch.com.br\/n\/uploads\/2021\/09\/suno-logo.png","contentUrl":"https:\/\/files.sunoresearch.com.br\/n\/uploads\/2021\/09\/suno-logo.png","width":180,"height":180,"caption":"Suno Not\u00edcias"},"image":{"@id":"https:\/\/www.suno.com.br\/noticias\/#\/schema\/logo\/image\/"},"sameAs":["https:\/\/facebook.com\/sunoresearch","https:\/\/x.com\/sunoresearch","https:\/\/www.instagram.com\/suno","https:\/\/www.linkedin.com\/company\/suno-research\/","https:\/\/www.youtube.com\/c\/sunoresearch"]},{"@type":"Person","@id":"https:\/\/www.suno.com.br\/noticias\/#\/schema\/person\/c1b1bd3727fa852bd045e9dbff3673ea","name":"Reda\u00e7\u00e3o Suno Not\u00edcias","image":{"@type":"ImageObject","inLanguage":"pt-BR","@id":"https:\/\/www.suno.com.br\/noticias\/#\/schema\/person\/image\/","url":"https:\/\/secure.gravatar.com\/avatar\/b8104b9b5a71985d5238ee59fbe418af?s=96&r=g","contentUrl":"https:\/\/secure.gravatar.com\/avatar\/b8104b9b5a71985d5238ee59fbe418af?s=96&r=g","caption":"Reda\u00e7\u00e3o Suno Not\u00edcias"},"description":"O Suno Not\u00edcias \u00e9 um portal de informa\u00e7\u00f5es sobre Mercado Financeiro, Pol\u00edtica, Neg\u00f3cios, Economia e Finan\u00e7as Pessoais.","sameAs":["https:\/\/www.suno.com.br\/noticias","https:\/\/www.facebook.com\/sunonoticias\/","https:\/\/www.instagram.com\/sunonoticias\/","https:\/\/x.com\/https:\/\/twitter.com\/sunoresearch","https:\/\/www.youtube.com\/sunonoticias"],"url":"https:\/\/www.suno.com.br\/noticias\/author\/redacao-suno\/"}]}},"default_loop_html":"<div class=\"cardsPage__listCard__boxs\"><div class=\"cardsPage__listCard__boxs__img\"><a href=\"https:\/\/www.suno.com.br\/noticias\/servidores-bc-farao-apagao-de-24-horas-janeiro\/\"><img class=\"mask\" src=\"https:\/\/www.suno.com.br\/noticias\/wp-content\/themes\/suno\/resources\/images\/spotlight\/spotlight1img\/bg-mask.png\" alt=\"Image Mask\"\/><img src=\"https:\/\/files.sunoresearch.com.br\/n\/uploads\/2023\/05\/banco-centrla-bacen-400x200.jpg\" alt=\"Servidores do BC far\u00e3o &#8216;apag\u00e3o&#8217; de 24 horas em janeiro, promete sindicato da categoria\"\/><\/a><span class=\"spotlightCategory\"><a href=\"https:\/\/www.suno.com.br\/noticias\/politica\/\">Pol\u00edtica<\/a><\/span><\/div><div class=\"cardsPage__listCard__boxs__content\"><a href=\"https:\/\/www.suno.com.br\/noticias\/servidores-bc-farao-apagao-de-24-horas-janeiro\/\"><h2 class=\"content__title\">Servidores do BC far\u00e3o &#8216;apag\u00e3o&#8217; de 24 horas em janeiro, promete sindicato da categoria<\/h2><\/a><div class=\"newsContent__article__meta\"><div class=\"newsContent__article__meta__authorBox\"><a href=\"https:\/\/www.suno.com.br\/noticias\/author\/redacao-suno\/\" class=\"authorBox__avatar noMobi\"><img src=\"https:\/\/files.sunoresearch.com.br\/n\/uploads\/2020\/08\/0ace682d-redacao-1-150x150.webp\" alt=\"Reda\u00e7\u00e3o Suno Not\u00edcias\"><\/a><div class=\"authorBox__name\"><span>por\n\t\t\t<a href=\"https:\/\/www.suno.com.br\/noticias\/author\/redacao-suno\/\"><span itemprop=\"author\">Reda\u00e7\u00e3o Suno Not\u00edcias<\/span><\/a><\/span><time datetime=\"2023-12-29T17:48:33-03:00\" itemprop=\"datePublished\">29\/12\/2023 17:48<\/time><\/div><\/div><\/div><\/div><\/div>","single_layout":"posts","amp_enabled":true,"_links":{"self":[{"href":"https:\/\/www.suno.com.br\/noticias\/wp-json\/wp\/v2\/posts\/504832"}],"collection":[{"href":"https:\/\/www.suno.com.br\/noticias\/wp-json\/wp\/v2\/posts"}],"about":[{"href":"https:\/\/www.suno.com.br\/noticias\/wp-json\/wp\/v2\/types\/post"}],"author":[{"embeddable":true,"href":"https:\/\/www.suno.com.br\/noticias\/wp-json\/wp\/v2\/users\/43"}],"replies":[{"embeddable":true,"href":"https:\/\/www.suno.com.br\/noticias\/wp-json\/wp\/v2\/comments?post=504832"}],"version-history":[{"count":2,"href":"https:\/\/www.suno.com.br\/noticias\/wp-json\/wp\/v2\/posts\/504832\/revisions"}],"predecessor-version":[{"id":505003,"href":"https:\/\/www.suno.com.br\/noticias\/wp-json\/wp\/v2\/posts\/504832\/revisions\/505003"}],"wp:featuredmedia":[{"embeddable":true,"href":"https:\/\/www.suno.com.br\/noticias\/wp-json\/wp\/v2\/media\/408569"}],"wp:attachment":[{"href":"https:\/\/www.suno.com.br\/noticias\/wp-json\/wp\/v2\/media?parent=504832"}],"wp:term":[{"taxonomy":"category","embeddable":true,"href":"https:\/\/www.suno.com.br\/noticias\/wp-json\/wp\/v2\/categories?post=504832"},{"taxonomy":"post_tag","embeddable":true,"href":"https:\/\/www.suno.com.br\/noticias\/wp-json\/wp\/v2\/tags?post=504832"},{"taxonomy":"suno_strategy","embeddable":true,"href":"https:\/\/www.suno.com.br\/noticias\/wp-json\/wp\/v2\/suno_strategy?post=504832"}],"curies":[{"name":"wp","href":"https:\/\/api.w.org\/{rel}","templated":true}]}}