{"id":504808,"date":"2023-12-29T11:05:47","date_gmt":"2023-12-29T14:05:47","guid":{"rendered":"https:\/\/www.suno.com.br\/noticias\/?p=504808"},"modified":"2023-12-29T19:15:48","modified_gmt":"2023-12-29T22:15:48","slug":"haddad-envia-mp-que-revisa-desoneracao-folha-va","status":"publish","type":"post","link":"https:\/\/www.suno.com.br\/noticias\/haddad-envia-mp-que-revisa-desoneracao-folha-va\/","title":{"rendered":"Haddad envia MP que revisa desonera\u00e7\u00e3o da folha e cria mal-estar com o Congresso"},"content":{"rendered":"<p>O Congresso reagiu mal ao an\u00fancio da medida provis\u00f3ria (MP) apresentada pelo ministro da Fazenda, Fernando<strong> Haddad<\/strong>, com medidas que, segundo ele, t\u00eam o objetivo de recuperar receitas. Entre dispositivos da MP est\u00e1 a revoga\u00e7\u00e3o de uma lei aprovada pelo Congresso no dia 14 deste m\u00eas que desonera a folha de pagamento de 17 setores da economia que mais empregam no Pa\u00eds.<\/p>\t<div class=\"wrapper-featured-image\">\n\t\t<figure class=\"spotlightImg\">\n\n\t\t\t<picture>\n\t\t\t\t<source media=\"(max-width: 768px)\" srcset=\"https:\/\/files.sunoresearch.com.br\/n\/uploads\/2023\/03\/fernando-haddad-apresentacao-arcabouco-fiscal-foto-jose-cruz-agencia-brasil-400x200.jpg\">\n\t\t\t\t<img loading=\"lazy\" decoding=\"async\" class=\"newsContent__article__imgCapa lazyloadDisabled \" src=\"https:\/\/files.sunoresearch.com.br\/n\/uploads\/2023\/03\/fernando-haddad-apresentacao-arcabouco-fiscal-foto-jose-cruz-agencia-brasil-800x450.jpg\" width=\"800\" height=\"450\" alt=\"Haddad envia MP que revisa desonera\u00e7\u00e3o da folha e cria mal-estar com o Congresso\" fetchpriority=high \/>\n\t\t\t<\/picture>\n\n\t\t\t<figcaption class=\"wp-caption-text wp-caption-text--show\">Medidas para compensar desonera\u00e7\u00e3o da folha saem na pr\u00f3xima semana? Foto: Jos\u00e9 Cruz\/Ag\u00eancia Brasil<\/figcaption>\n\t\t<\/figure>\n\t<\/div>\n\n\n\n\n\n\t<p>\n\t\t<a href=\"\" target=\"_blank\" data-element=\"shortcode-suno-banner\" title=\"Banner SUNO, clique e saiba mais\">\n\t\t\t<picture>\n\t\t\t\t<source media=\"(max-width: 500px)\" srcset=\"\">\n\t\t\t\t<img class=\"newsContent__article__imgCapa newsContent__article__imgCapa--banner\"\n\t\t\t\t\tsrc=\"\"\n\t\t\t\t\tdata-promo-id=\"240038\"\t\t\t\t\t\t\t\t\t\t\t\t\t\t\talt=\"\"\n\t\t\t\t>\n\t\t\t<\/picture>\n\t\t<\/a>\n\t<\/p>\n\n\n\n\n\n<p>O texto invalida ainda o abatimento de impostos da folha de sal\u00e1rios de funcion\u00e1rios de prefeituras de at\u00e9 142 mil habitantes e cria um teto para que as empresas que ganharam a\u00e7\u00f5es contra o Fisco possam descontar de seus impostos.<\/p>\n\n\n\n<p>As tr\u00eas iniciativas ser\u00e3o objeto de uma \u00fanica MP, que j\u00e1 est\u00e1 na Casa Civil, e cuja data de publica\u00e7\u00e3o depende do presidente Luiz In\u00e1cio Lula da Silva. A lei que previa as desonera\u00e7\u00f5es no setor privado e nas prefeituras foi promulgada ap\u00f3s a derrubada de um veto de Lula \u00e0 proposta. Agora, a nova MP vai ter de ser discutida parlamentares em at\u00e9 120 dias.<\/p>\n\n\n\n<p>O senador Angelo Coronel (PSD-BA), que relatou o projeto de lei no Congresso, criticou a iniciativa do governo. &#8220;O mais certo era deixar andar a lei como j\u00e1 foi promulgada e, no decorrer do exerc\u00edcio futuro, discutir outra maneira de ajustar via projeto de lei. E n\u00e3o por medida provis\u00f3ria, cujos efeitos s\u00e3o imediatos&#8221;, disse.<\/p>\n\n\n\n<p>Para ele, isso pode gerar uma crise pol\u00edtica para o governo Lula em 2024. &#8220;Isso d\u00e1 uma fragilizada na rela\u00e7\u00e3o do Poder Executivo com o Congresso j\u00e1 que foi um projeto aprovado com ampla maioria na C\u00e2mara e no Senado, o governo vetou e o veto foi derrubado tamb\u00e9m com maioria esmagadora. A\u00ed vem uma medida provis\u00f3ria em cima desse texto? Acho muito perigoso e tende a ferir, a fragilizar a rela\u00e7\u00e3o do Congresso com o governo&#8221;, disse Coronel, que integra a base do governo no Senado.<\/p>\n\n\n\n<p>O governo alegou que a<strong><a href=\"https:\/\/www.suno.com.br\/noticias\/desoneracao-congresso-derruba-veto-derrota-governo\/\"> desonera\u00e7\u00e3o da folha<\/a><\/strong> \u00e9 inconstitucional, pois a reforma da Previd\u00eancia, em 2019, vedou a concess\u00e3o de benef\u00edcios tribut\u00e1rios sobre contribui\u00e7\u00f5es da seguridade social. Os parlamentares afirmaram, por\u00e9m, que se trata da prorroga\u00e7\u00e3o de um benef\u00edcio existente desde 2011 e que havia sido institu\u00eddo na gest\u00e3o Dilma Rousseff (PT).<\/p>\n\n\n\n<p>Haddad disse ontem esperar que o Congresso receba bem a MP. Para ele, as alternativas apresentadas pela equipe econ\u00f4mica n\u00e3o representam uma &#8220;afronta&#8221; ao Congresso.<\/p>\n\n\n\n<h2 class=\"wp-block-heading\">Regra<\/h2>\n\n\n\n<p>Pela regra prevista na MP que ainda ser\u00e1 publicada, as empresas ser\u00e3o divididas segundo as atividades econ\u00f4micas que desempenham e ter\u00e3o desconto &#8211; de 25% a 50% &#8211; na contribui\u00e7\u00e3o patronal recolhida s\u00f3 sobre o primeiro <a class=\"suno-keyword\" target=\"_blank\" data-force=\"no\" data-priority=\"3\" href=\"https:\/\/www.suno.com.br\/artigos\/salario-minimo\/\" rel=\"noopener\">sal\u00e1rio m\u00ednimo<\/a> de seus funcion\u00e1rios.<\/p>\n\n\n\n<p>A desonera\u00e7\u00e3o da folha de pagamentos de 17 setores teria um custo de R$ 12 bilh\u00f5es em 2024. Com a mudan\u00e7a por meio da nova MP custar\u00e1 R$ 6 bilh\u00f5es, que ser\u00e3o compensados com a extin\u00e7\u00e3o do Programa Emergencial de Retomada do Setor de Eventos (Perse), criado durante a pandemia.<\/p>\n\n\n\t<p>\n\t\t<a href=\"https:\/\/lp.suno.com.br\/ebook-gratuito-investindo-no-exterior\/\" target=\"_blank\" data-element=\"shortcode-suno-banner\" title=\"Banner SUNO, clique e saiba mais\">\n\t\t\t<picture>\n\t\t\t\t<source media=\"(max-width: 500px)\" srcset=\"https:\/\/files.sunoresearch.com.br\/n\/uploads\/2023\/03\/400x300-Investindo-no-exterior.png\">\n\t\t\t\t<img class=\"newsContent__article__imgCapa newsContent__article__imgCapa--banner\"\n\t\t\t\t\tsrc=\"https:\/\/files.sunoresearch.com.br\/n\/uploads\/2023\/03\/1420x240-Investindo-no-exterior.png\"\n\t\t\t\t\tdata-promo-id=\"383161\"\t\t\t\t\t\t\t\t\t\twidth='1420' height='240'\t\t\t\t\talt=\"https:\/\/files.sunoresearch.com.br\/n\/uploads\/2023\/03\/1420x240-Investindo-no-exterior.png\"\n\t\t\t\t>\n\t\t\t<\/picture>\n\t\t<\/a>\n\t<\/p>\n\n\n\n\n\n<h2 class=\"wp-block-heading\">Pacheco avisa Haddad que reunir\u00e1 l\u00edderes para decidir se devolve medida que revoga desonera\u00e7\u00e3o<\/h2>\n\n\n\n<p>O presidente do Senado, Rodrigo Pacheco (PSD-MG), avisou ao ministro da Fazenda, Fernando Haddad, que dever\u00e1 reunir os l\u00edderes do Congresso no in\u00edcio de janeiro para discutir a medida provis\u00f3ria que revogou a desonera\u00e7\u00e3o da folha de pagamentos para 17 setores da economia.<\/p>\n\n\n\n<p>A MP foi publicada nesta sexta-feira, 29, e revoga decis\u00e3o do Congresso Nacional de prorrogar at\u00e9 2027 o benef\u00edcio da desonera\u00e7\u00e3o da folha.<\/p>\n\n\n\n<p>&#8220;Farei uma an\u00e1lise apurada do teor da medida provis\u00f3ria com o assessoramento da consultoria legislativa do Senado Federal. Para al\u00e9m da estranheza sobre a desconstitui\u00e7\u00e3o da decis\u00e3o recente do Congresso Nacional sobre o tema, h\u00e1 a necessidade da an\u00e1lise t\u00e9cnica sobre os aspectos de constitucionalidade da MP&#8221;, afirmou Pacheco, em nota divulgada em suas redes sociais nesta sexta.<\/p>\n\n\n\n<p>&#8220;H\u00e1 tamb\u00e9m um contexto de rea\u00e7\u00e3o pol\u00edtica \u00e0 sua edi\u00e7\u00e3o que deve ser considerado, de modo que tamb\u00e9m ser\u00e1 importante reunir os l\u00edderes das duas Casas para ouvi-los, o que pretendo fazer nos primeiros dias de janeiro. Somente depois de cumprir essas etapas \u00e9 que posso decidir sobre a sua tramita\u00e7\u00e3o no Congresso Nacional ou n\u00e3o&#8221;, acrescenta a nota do presidente do Senado.<\/p>\n\n\n\n<p>O <strong>Estad\u00e3o<\/strong> apurou que, na v\u00e9spera, Pacheco j\u00e1 havia dito a Haddad que o caminho da MP era dif\u00edcil no Congresso e que previa resist\u00eancia, uma vez que o tema foi aprovado com maioria tanto na C\u00e2mara quanto no Senado. Ele evitou, por\u00e9m, dizer se devolveria a medida provis\u00f3ria e combinou de antes conversar com os l\u00edderes.<\/p>\n\n\n\n<p>Com o in\u00edcio da vig\u00eancia da MP apenas em abril, Pacheco disse a aliados que h\u00e1 tempo para analisar com calma a iniciativa do ministro sem que isso afete a vida das empresas.<\/p>\n\n\n\n<h2 class=\"wp-block-heading\">Haddad afirma que 100% dos precat\u00f3rios foram pagos pelo governo em 2023<\/h2>\n\n\n\n<p>O ministro da Fazenda, Fernando Haddad, afirmou nesta quinta-feira (28) que o governo realizou o pagamento de 100% dos&nbsp;<a href=\"https:\/\/www.suno.com.br\/noticias\/colunas\/ernesto-schlesinger\/selic-precatorios-credores-atentos\/\">precat\u00f3rios<\/a>, d\u00edvidas do governo transitadas em julgado para as quais n\u00e3o cabem mais recursos.<\/p>\n\n\n\n<p>\u201cEstamos falando de mais de R$ 90 bilh\u00f5es de precat\u00f3rios pagos\u201d, disse. \u201cNosso esfor\u00e7o continua no sentido de equilibrar as contas por meio da redu\u00e7\u00e3o de gastos tribut\u00e1rios\u201d, acrescentou, durante a \u00faltima entrevista coletiva prevista para o ano.<\/p>\n\n\n\n<p>Em rela\u00e7\u00e3o ao d\u00e9ficit fiscal de 2023, ele afirmou que o or\u00e7amento do ano anterior j\u00e1 previa um d\u00e9ficit para este ano que variasse entre R$ 120 bilh\u00f5es e R$ 130 bilh\u00f5es.<\/p>\n\n\n\n<p>O ministro disse que o objetivo da equipe econ\u00f4mica para este ano era reduzir esse montante. \u201cNosso esfor\u00e7o continua no sentido de equilibrar as contas por meio da redu\u00e7\u00e3o de gastos tribut\u00e1rios\u201d, pontuou&nbsp;<strong>Haddad<\/strong>.<\/p>\n\n\n\n\t<div data-element=\"shortcode-read-more\" class=\"readToo\">\n\t\t\t\t<span class=\"readToo__title\">Leia mais<\/span>\n\t\t\t\t<ul class=\"readToo__list\">\n\t\t\t<li><a href=\"https:\/\/www.suno.com.br\/noticias\/igp-m-sobe-074-em-dezembro-ante-059-em-novembro-afirma-fgv\/\">IGP-M sobe 0,74% em dezembro, ante 0,59% em novembro, afirma FGV<\/a><\/li><li><a href=\"https:\/\/www.suno.com.br\/noticias\/ipca-15-avanca-dezembro-segundo-ibge-va\/\">IPCA-15 avan\u00e7a 0,40% em dezembro e fecha ano em 4,72%, segundo IBGE<\/a><\/li>\t\t<\/ul>\n\t<\/div>\n\n\n\n\n\n\n<p>Com Estad\u00e3o Conte\u00fado<\/p>\n\n\n\t<p>\n\t\t<a href=\"https:\/\/lp.suno.com.br\/planilha-da-vida-financeira\/\" target=\"_blank\" data-element=\"shortcode-suno-banner\" title=\"Banner SUNO, clique e saiba mais\">\n\t\t\t<picture>\n\t\t\t\t<source media=\"(max-width: 500px)\" srcset=\"https:\/\/files.sunoresearch.com.br\/n\/uploads\/2023\/04\/400x300-Planilha-vida-financeira-true.png\">\n\t\t\t\t<img class=\"newsContent__article__imgCapa newsContent__article__imgCapa--banner\"\n\t\t\t\t\tsrc=\"https:\/\/files.sunoresearch.com.br\/n\/uploads\/2023\/04\/1420x240-Planilha-vida-financeira-true.png\"\n\t\t\t\t\tdata-promo-id=\"383123\"\t\t\t\t\t\t\t\t\t\twidth='1420' height='240'\t\t\t\t\talt=\"https:\/\/files.sunoresearch.com.br\/n\/uploads\/2023\/04\/1420x240-Planilha-vida-financeira-true.png\"\n\t\t\t\t>\n\t\t\t<\/picture>\n\t\t<\/a>\n\t<\/p>\n\n\n","protected":false},"excerpt":{"rendered":"<p>O Congresso reagiu mal ao an\u00fancio da medida provis\u00f3ria (MP) apresentada pelo ministro da Fazenda, Fernando Haddad, com medidas que, segundo ele, t\u00eam o objetivo de recuperar receitas. Entre dispositivos da MP est\u00e1 a revoga\u00e7\u00e3o de uma lei aprovada pelo Congresso no dia 14 deste m\u00eas que desonera a folha de pagamento de 17 setores [&hellip;]<\/p>\n","protected":false},"author":43,"featured_media":383197,"comment_status":"closed","ping_status":"closed","sticky":false,"template":"","format":"standard","meta":[],"categories":[62],"tags":[740,716],"suno_strategy":[],"class_list":["post-504808","post","type-post","status-publish","format-standard","has-post-thumbnail","hentry","category-economia","tag-economia","tag-fernando-haddad"],"yoast_head":"<!-- This site is optimized with the Yoast SEO plugin v24.4 - https:\/\/yoast.com\/wordpress\/plugins\/seo\/ -->\n<title>Haddad envia MP que revisa desonera\u00e7\u00e3o da folha<\/title>\n<meta name=\"description\" content=\"O Congresso reagiu mal ontem ao an\u00fancio da medida provis\u00f3ria (MP) apresentada pelo ministro da Fazenda, Fernando Haddad.\" \/>\n<meta name=\"robots\" content=\"index, follow, max-snippet:-1, max-image-preview:large, max-video-preview:-1\" \/>\n<link rel=\"canonical\" href=\"https:\/\/www.suno.com.br\/noticias\/haddad-envia-mp-que-revisa-desoneracao-folha-va\/\" \/>\n<meta property=\"og:locale\" content=\"pt_BR\" \/>\n<meta property=\"og:type\" content=\"article\" \/>\n<meta property=\"og:title\" content=\"Haddad envia MP que revisa desonera\u00e7\u00e3o da folha\" \/>\n<meta property=\"og:description\" content=\"O Congresso reagiu mal ontem ao an\u00fancio da medida provis\u00f3ria (MP) apresentada pelo ministro da Fazenda, Fernando Haddad.\" \/>\n<meta property=\"og:url\" content=\"https:\/\/www.suno.com.br\/noticias\/haddad-envia-mp-que-revisa-desoneracao-folha-va\/\" \/>\n<meta property=\"og:site_name\" content=\"Suno Not\u00edcias\" \/>\n<meta property=\"article:publisher\" content=\"https:\/\/facebook.com\/sunoresearch\" \/>\n<meta property=\"article:author\" content=\"https:\/\/www.facebook.com\/sunonoticias\/\" \/>\n<meta property=\"og:image\" content=\"https:\/\/files.sunoresearch.com.br\/n\/uploads\/2023\/03\/fernando-haddad-apresentacao-arcabouco-fiscal-foto-jose-cruz-agencia-brasil.jpg\" \/>\n\t<meta property=\"og:image:width\" content=\"1200\" \/>\n\t<meta property=\"og:image:height\" content=\"675\" \/>\n\t<meta property=\"og:image:type\" content=\"image\/jpeg\" \/>\n<meta name=\"author\" content=\"Reda\u00e7\u00e3o Suno Not\u00edcias\" \/>\n<meta name=\"twitter:card\" content=\"summary_large_image\" \/>\n<meta name=\"twitter:creator\" content=\"@https:\/\/twitter.com\/sunoresearch\" \/>\n<meta name=\"twitter:site\" content=\"@sunoresearch\" \/>\n<meta name=\"twitter:label1\" content=\"Escrito por\" \/>\n\t<meta name=\"twitter:data1\" content=\"Reda\u00e7\u00e3o Suno Not\u00edcias\" \/>\n\t<meta name=\"twitter:label2\" content=\"Est. tempo de leitura\" \/>\n\t<meta name=\"twitter:data2\" content=\"6 minutos\" \/>\n<script type=\"application\/ld+json\" class=\"yoast-schema-graph\">{\"@context\":\"https:\/\/schema.org\",\"@graph\":[{\"@type\":\"NewsArticle\",\"@id\":\"https:\/\/www.suno.com.br\/noticias\/haddad-envia-mp-que-revisa-desoneracao-folha-va\/#article\",\"isPartOf\":{\"@id\":\"https:\/\/www.suno.com.br\/noticias\/haddad-envia-mp-que-revisa-desoneracao-folha-va\/\"},\"author\":{\"name\":\"Reda\u00e7\u00e3o Suno Not\u00edcias\",\"@id\":\"https:\/\/www.suno.com.br\/noticias\/#\/schema\/person\/c1b1bd3727fa852bd045e9dbff3673ea\"},\"headline\":\"Haddad envia MP que revisa desonera\u00e7\u00e3o da folha e cria mal-estar com o Congresso\",\"datePublished\":\"2023-12-29T14:05:47+00:00\",\"dateModified\":\"2023-12-29T22:15:48+00:00\",\"mainEntityOfPage\":{\"@id\":\"https:\/\/www.suno.com.br\/noticias\/haddad-envia-mp-que-revisa-desoneracao-folha-va\/\"},\"wordCount\":1027,\"publisher\":{\"@id\":\"https:\/\/www.suno.com.br\/noticias\/#organization\"},\"image\":{\"@id\":\"https:\/\/www.suno.com.br\/noticias\/haddad-envia-mp-que-revisa-desoneracao-folha-va\/#primaryimage\"},\"thumbnailUrl\":\"https:\/\/files.sunoresearch.com.br\/n\/uploads\/2023\/03\/fernando-haddad-apresentacao-arcabouco-fiscal-foto-jose-cruz-agencia-brasil.jpg\",\"keywords\":[\"Economia\",\"Fernando Haddad\"],\"articleSection\":[\"Economia\"],\"inLanguage\":\"pt-BR\"},{\"@type\":\"WebPage\",\"@id\":\"https:\/\/www.suno.com.br\/noticias\/haddad-envia-mp-que-revisa-desoneracao-folha-va\/\",\"url\":\"https:\/\/www.suno.com.br\/noticias\/haddad-envia-mp-que-revisa-desoneracao-folha-va\/\",\"name\":\"Haddad envia MP que revisa desonera\u00e7\u00e3o da folha\",\"isPartOf\":{\"@id\":\"https:\/\/www.suno.com.br\/noticias\/#website\"},\"primaryImageOfPage\":{\"@id\":\"https:\/\/www.suno.com.br\/noticias\/haddad-envia-mp-que-revisa-desoneracao-folha-va\/#primaryimage\"},\"image\":{\"@id\":\"https:\/\/www.suno.com.br\/noticias\/haddad-envia-mp-que-revisa-desoneracao-folha-va\/#primaryimage\"},\"thumbnailUrl\":\"https:\/\/files.sunoresearch.com.br\/n\/uploads\/2023\/03\/fernando-haddad-apresentacao-arcabouco-fiscal-foto-jose-cruz-agencia-brasil.jpg\",\"datePublished\":\"2023-12-29T14:05:47+00:00\",\"dateModified\":\"2023-12-29T22:15:48+00:00\",\"description\":\"O Congresso reagiu mal ontem ao an\u00fancio da medida provis\u00f3ria (MP) apresentada pelo ministro da Fazenda, Fernando Haddad.\",\"breadcrumb\":{\"@id\":\"https:\/\/www.suno.com.br\/noticias\/haddad-envia-mp-que-revisa-desoneracao-folha-va\/#breadcrumb\"},\"inLanguage\":\"pt-BR\",\"potentialAction\":[{\"@type\":\"ReadAction\",\"target\":[\"https:\/\/www.suno.com.br\/noticias\/haddad-envia-mp-que-revisa-desoneracao-folha-va\/\"]}]},{\"@type\":\"ImageObject\",\"inLanguage\":\"pt-BR\",\"@id\":\"https:\/\/www.suno.com.br\/noticias\/haddad-envia-mp-que-revisa-desoneracao-folha-va\/#primaryimage\",\"url\":\"https:\/\/files.sunoresearch.com.br\/n\/uploads\/2023\/03\/fernando-haddad-apresentacao-arcabouco-fiscal-foto-jose-cruz-agencia-brasil.jpg\",\"contentUrl\":\"https:\/\/files.sunoresearch.com.br\/n\/uploads\/2023\/03\/fernando-haddad-apresentacao-arcabouco-fiscal-foto-jose-cruz-agencia-brasil.jpg\",\"width\":1200,\"height\":675,\"caption\":\"Medidas para compensar desonera\u00e7\u00e3o da folha saem na pr\u00f3xima semana? Foto: Jos\u00e9 Cruz\/Ag\u00eancia Brasil\"},{\"@type\":\"BreadcrumbList\",\"@id\":\"https:\/\/www.suno.com.br\/noticias\/haddad-envia-mp-que-revisa-desoneracao-folha-va\/#breadcrumb\",\"itemListElement\":[{\"@type\":\"ListItem\",\"position\":1,\"name\":\"Not\u00edcias\",\"item\":\"https:\/\/www.suno.com.br\/noticias\/\"},{\"@type\":\"ListItem\",\"position\":2,\"name\":\"Economia\",\"item\":\"https:\/\/www.suno.com.br\/noticias\/economia\/\"},{\"@type\":\"ListItem\",\"position\":3,\"name\":\"Haddad envia MP que revisa desonera\u00e7\u00e3o da folha e cria mal-estar com o Congresso\"}]},{\"@type\":\"WebSite\",\"@id\":\"https:\/\/www.suno.com.br\/noticias\/#website\",\"url\":\"https:\/\/www.suno.com.br\/noticias\/\",\"name\":\"Suno Not\u00edcias\",\"description\":\"Seu portal de informa\u00e7\u00e3o sobre o mundo dos investimentos\",\"publisher\":{\"@id\":\"https:\/\/www.suno.com.br\/noticias\/#organization\"},\"potentialAction\":[{\"@type\":\"SearchAction\",\"target\":{\"@type\":\"EntryPoint\",\"urlTemplate\":\"https:\/\/www.suno.com.br\/noticias\/?s={search_term_string}\"},\"query-input\":{\"@type\":\"PropertyValueSpecification\",\"valueRequired\":true,\"valueName\":\"search_term_string\"}}],\"inLanguage\":\"pt-BR\"},{\"@type\":\"Organization\",\"@id\":\"https:\/\/www.suno.com.br\/noticias\/#organization\",\"name\":\"Suno Not\u00edcias\",\"url\":\"https:\/\/www.suno.com.br\/noticias\/\",\"logo\":{\"@type\":\"ImageObject\",\"inLanguage\":\"pt-BR\",\"@id\":\"https:\/\/www.suno.com.br\/noticias\/#\/schema\/logo\/image\/\",\"url\":\"https:\/\/files.sunoresearch.com.br\/n\/uploads\/2021\/09\/suno-logo.png\",\"contentUrl\":\"https:\/\/files.sunoresearch.com.br\/n\/uploads\/2021\/09\/suno-logo.png\",\"width\":180,\"height\":180,\"caption\":\"Suno Not\u00edcias\"},\"image\":{\"@id\":\"https:\/\/www.suno.com.br\/noticias\/#\/schema\/logo\/image\/\"},\"sameAs\":[\"https:\/\/facebook.com\/sunoresearch\",\"https:\/\/x.com\/sunoresearch\",\"https:\/\/www.instagram.com\/suno\",\"https:\/\/www.linkedin.com\/company\/suno-research\/\",\"https:\/\/www.youtube.com\/c\/sunoresearch\"]},{\"@type\":\"Person\",\"@id\":\"https:\/\/www.suno.com.br\/noticias\/#\/schema\/person\/c1b1bd3727fa852bd045e9dbff3673ea\",\"name\":\"Reda\u00e7\u00e3o Suno Not\u00edcias\",\"image\":{\"@type\":\"ImageObject\",\"inLanguage\":\"pt-BR\",\"@id\":\"https:\/\/www.suno.com.br\/noticias\/#\/schema\/person\/image\/\",\"url\":\"https:\/\/secure.gravatar.com\/avatar\/b8104b9b5a71985d5238ee59fbe418af?s=96&r=g\",\"contentUrl\":\"https:\/\/secure.gravatar.com\/avatar\/b8104b9b5a71985d5238ee59fbe418af?s=96&r=g\",\"caption\":\"Reda\u00e7\u00e3o Suno Not\u00edcias\"},\"description\":\"O Suno Not\u00edcias \u00e9 um portal de informa\u00e7\u00f5es sobre Mercado Financeiro, Pol\u00edtica, Neg\u00f3cios, Economia e Finan\u00e7as Pessoais.\",\"sameAs\":[\"https:\/\/www.suno.com.br\/noticias\",\"https:\/\/www.facebook.com\/sunonoticias\/\",\"https:\/\/www.instagram.com\/sunonoticias\/\",\"https:\/\/x.com\/https:\/\/twitter.com\/sunoresearch\",\"https:\/\/www.youtube.com\/sunonoticias\"],\"url\":\"https:\/\/www.suno.com.br\/noticias\/author\/redacao-suno\/\"}]}<\/script>\n<!-- \/ Yoast SEO plugin. -->","yoast_head_json":{"title":"Haddad envia MP que revisa desonera\u00e7\u00e3o da folha","description":"O Congresso reagiu mal ontem ao an\u00fancio da medida provis\u00f3ria (MP) apresentada pelo ministro da Fazenda, Fernando Haddad.","robots":{"index":"index","follow":"follow","max-snippet":"max-snippet:-1","max-image-preview":"max-image-preview:large","max-video-preview":"max-video-preview:-1"},"canonical":"https:\/\/www.suno.com.br\/noticias\/haddad-envia-mp-que-revisa-desoneracao-folha-va\/","og_locale":"pt_BR","og_type":"article","og_title":"Haddad envia MP que revisa desonera\u00e7\u00e3o da folha","og_description":"O Congresso reagiu mal ontem ao an\u00fancio da medida provis\u00f3ria (MP) apresentada pelo ministro da Fazenda, Fernando Haddad.","og_url":"https:\/\/www.suno.com.br\/noticias\/haddad-envia-mp-que-revisa-desoneracao-folha-va\/","og_site_name":"Suno Not\u00edcias","article_publisher":"https:\/\/facebook.com\/sunoresearch","article_author":"https:\/\/www.facebook.com\/sunonoticias\/","og_image":[{"width":1200,"height":675,"url":"https:\/\/files.sunoresearch.com.br\/n\/uploads\/2023\/03\/fernando-haddad-apresentacao-arcabouco-fiscal-foto-jose-cruz-agencia-brasil.jpg","type":"image\/jpeg"}],"author":"Reda\u00e7\u00e3o Suno Not\u00edcias","twitter_card":"summary_large_image","twitter_creator":"@https:\/\/twitter.com\/sunoresearch","twitter_site":"@sunoresearch","twitter_misc":{"Escrito por":"Reda\u00e7\u00e3o Suno Not\u00edcias","Est. tempo de leitura":"6 minutos"},"schema":{"@context":"https:\/\/schema.org","@graph":[{"@type":"NewsArticle","@id":"https:\/\/www.suno.com.br\/noticias\/haddad-envia-mp-que-revisa-desoneracao-folha-va\/#article","isPartOf":{"@id":"https:\/\/www.suno.com.br\/noticias\/haddad-envia-mp-que-revisa-desoneracao-folha-va\/"},"author":{"name":"Reda\u00e7\u00e3o Suno Not\u00edcias","@id":"https:\/\/www.suno.com.br\/noticias\/#\/schema\/person\/c1b1bd3727fa852bd045e9dbff3673ea"},"headline":"Haddad envia MP que revisa desonera\u00e7\u00e3o da folha e cria mal-estar com o Congresso","datePublished":"2023-12-29T14:05:47+00:00","dateModified":"2023-12-29T22:15:48+00:00","mainEntityOfPage":{"@id":"https:\/\/www.suno.com.br\/noticias\/haddad-envia-mp-que-revisa-desoneracao-folha-va\/"},"wordCount":1027,"publisher":{"@id":"https:\/\/www.suno.com.br\/noticias\/#organization"},"image":{"@id":"https:\/\/www.suno.com.br\/noticias\/haddad-envia-mp-que-revisa-desoneracao-folha-va\/#primaryimage"},"thumbnailUrl":"https:\/\/files.sunoresearch.com.br\/n\/uploads\/2023\/03\/fernando-haddad-apresentacao-arcabouco-fiscal-foto-jose-cruz-agencia-brasil.jpg","keywords":["Economia","Fernando Haddad"],"articleSection":["Economia"],"inLanguage":"pt-BR"},{"@type":"WebPage","@id":"https:\/\/www.suno.com.br\/noticias\/haddad-envia-mp-que-revisa-desoneracao-folha-va\/","url":"https:\/\/www.suno.com.br\/noticias\/haddad-envia-mp-que-revisa-desoneracao-folha-va\/","name":"Haddad envia MP que revisa desonera\u00e7\u00e3o da folha","isPartOf":{"@id":"https:\/\/www.suno.com.br\/noticias\/#website"},"primaryImageOfPage":{"@id":"https:\/\/www.suno.com.br\/noticias\/haddad-envia-mp-que-revisa-desoneracao-folha-va\/#primaryimage"},"image":{"@id":"https:\/\/www.suno.com.br\/noticias\/haddad-envia-mp-que-revisa-desoneracao-folha-va\/#primaryimage"},"thumbnailUrl":"https:\/\/files.sunoresearch.com.br\/n\/uploads\/2023\/03\/fernando-haddad-apresentacao-arcabouco-fiscal-foto-jose-cruz-agencia-brasil.jpg","datePublished":"2023-12-29T14:05:47+00:00","dateModified":"2023-12-29T22:15:48+00:00","description":"O Congresso reagiu mal ontem ao an\u00fancio da medida provis\u00f3ria (MP) apresentada pelo ministro da Fazenda, Fernando Haddad.","breadcrumb":{"@id":"https:\/\/www.suno.com.br\/noticias\/haddad-envia-mp-que-revisa-desoneracao-folha-va\/#breadcrumb"},"inLanguage":"pt-BR","potentialAction":[{"@type":"ReadAction","target":["https:\/\/www.suno.com.br\/noticias\/haddad-envia-mp-que-revisa-desoneracao-folha-va\/"]}]},{"@type":"ImageObject","inLanguage":"pt-BR","@id":"https:\/\/www.suno.com.br\/noticias\/haddad-envia-mp-que-revisa-desoneracao-folha-va\/#primaryimage","url":"https:\/\/files.sunoresearch.com.br\/n\/uploads\/2023\/03\/fernando-haddad-apresentacao-arcabouco-fiscal-foto-jose-cruz-agencia-brasil.jpg","contentUrl":"https:\/\/files.sunoresearch.com.br\/n\/uploads\/2023\/03\/fernando-haddad-apresentacao-arcabouco-fiscal-foto-jose-cruz-agencia-brasil.jpg","width":1200,"height":675,"caption":"Medidas para compensar desonera\u00e7\u00e3o da folha saem na pr\u00f3xima semana? Foto: Jos\u00e9 Cruz\/Ag\u00eancia Brasil"},{"@type":"BreadcrumbList","@id":"https:\/\/www.suno.com.br\/noticias\/haddad-envia-mp-que-revisa-desoneracao-folha-va\/#breadcrumb","itemListElement":[{"@type":"ListItem","position":1,"name":"Not\u00edcias","item":"https:\/\/www.suno.com.br\/noticias\/"},{"@type":"ListItem","position":2,"name":"Economia","item":"https:\/\/www.suno.com.br\/noticias\/economia\/"},{"@type":"ListItem","position":3,"name":"Haddad envia MP que revisa desonera\u00e7\u00e3o da folha e cria mal-estar com o Congresso"}]},{"@type":"WebSite","@id":"https:\/\/www.suno.com.br\/noticias\/#website","url":"https:\/\/www.suno.com.br\/noticias\/","name":"Suno Not\u00edcias","description":"Seu portal de informa\u00e7\u00e3o sobre o mundo dos investimentos","publisher":{"@id":"https:\/\/www.suno.com.br\/noticias\/#organization"},"potentialAction":[{"@type":"SearchAction","target":{"@type":"EntryPoint","urlTemplate":"https:\/\/www.suno.com.br\/noticias\/?s={search_term_string}"},"query-input":{"@type":"PropertyValueSpecification","valueRequired":true,"valueName":"search_term_string"}}],"inLanguage":"pt-BR"},{"@type":"Organization","@id":"https:\/\/www.suno.com.br\/noticias\/#organization","name":"Suno Not\u00edcias","url":"https:\/\/www.suno.com.br\/noticias\/","logo":{"@type":"ImageObject","inLanguage":"pt-BR","@id":"https:\/\/www.suno.com.br\/noticias\/#\/schema\/logo\/image\/","url":"https:\/\/files.sunoresearch.com.br\/n\/uploads\/2021\/09\/suno-logo.png","contentUrl":"https:\/\/files.sunoresearch.com.br\/n\/uploads\/2021\/09\/suno-logo.png","width":180,"height":180,"caption":"Suno Not\u00edcias"},"image":{"@id":"https:\/\/www.suno.com.br\/noticias\/#\/schema\/logo\/image\/"},"sameAs":["https:\/\/facebook.com\/sunoresearch","https:\/\/x.com\/sunoresearch","https:\/\/www.instagram.com\/suno","https:\/\/www.linkedin.com\/company\/suno-research\/","https:\/\/www.youtube.com\/c\/sunoresearch"]},{"@type":"Person","@id":"https:\/\/www.suno.com.br\/noticias\/#\/schema\/person\/c1b1bd3727fa852bd045e9dbff3673ea","name":"Reda\u00e7\u00e3o Suno Not\u00edcias","image":{"@type":"ImageObject","inLanguage":"pt-BR","@id":"https:\/\/www.suno.com.br\/noticias\/#\/schema\/person\/image\/","url":"https:\/\/secure.gravatar.com\/avatar\/b8104b9b5a71985d5238ee59fbe418af?s=96&r=g","contentUrl":"https:\/\/secure.gravatar.com\/avatar\/b8104b9b5a71985d5238ee59fbe418af?s=96&r=g","caption":"Reda\u00e7\u00e3o Suno Not\u00edcias"},"description":"O Suno Not\u00edcias \u00e9 um portal de informa\u00e7\u00f5es sobre Mercado Financeiro, Pol\u00edtica, Neg\u00f3cios, Economia e Finan\u00e7as Pessoais.","sameAs":["https:\/\/www.suno.com.br\/noticias","https:\/\/www.facebook.com\/sunonoticias\/","https:\/\/www.instagram.com\/sunonoticias\/","https:\/\/x.com\/https:\/\/twitter.com\/sunoresearch","https:\/\/www.youtube.com\/sunonoticias"],"url":"https:\/\/www.suno.com.br\/noticias\/author\/redacao-suno\/"}]}},"default_loop_html":"<div class=\"cardsPage__listCard__boxs\"><div class=\"cardsPage__listCard__boxs__img\"><a href=\"https:\/\/www.suno.com.br\/noticias\/haddad-envia-mp-que-revisa-desoneracao-folha-va\/\"><img class=\"mask\" src=\"https:\/\/www.suno.com.br\/noticias\/wp-content\/themes\/suno\/resources\/images\/spotlight\/spotlight1img\/bg-mask.png\" alt=\"Image Mask\"\/><img src=\"https:\/\/files.sunoresearch.com.br\/n\/uploads\/2023\/03\/fernando-haddad-apresentacao-arcabouco-fiscal-foto-jose-cruz-agencia-brasil-400x200.jpg\" alt=\"Haddad envia MP que revisa desonera\u00e7\u00e3o da folha e cria mal-estar com o Congresso\"\/><\/a><span class=\"spotlightCategory\"><a href=\"https:\/\/www.suno.com.br\/noticias\/economia\/\">Economia<\/a><\/span><\/div><div class=\"cardsPage__listCard__boxs__content\"><a href=\"https:\/\/www.suno.com.br\/noticias\/haddad-envia-mp-que-revisa-desoneracao-folha-va\/\"><h2 class=\"content__title\">Haddad envia MP que revisa desonera\u00e7\u00e3o da folha e cria mal-estar com o Congresso<\/h2><\/a><div class=\"newsContent__article__meta\"><div class=\"newsContent__article__meta__authorBox\"><a href=\"https:\/\/www.suno.com.br\/noticias\/author\/redacao-suno\/\" class=\"authorBox__avatar noMobi\"><img src=\"https:\/\/files.sunoresearch.com.br\/n\/uploads\/2020\/08\/0ace682d-redacao-1-150x150.webp\" alt=\"Reda\u00e7\u00e3o Suno Not\u00edcias\"><\/a><div class=\"authorBox__name\"><span>por\n\t\t\t<a href=\"https:\/\/www.suno.com.br\/noticias\/author\/redacao-suno\/\"><span itemprop=\"author\">Reda\u00e7\u00e3o Suno Not\u00edcias<\/span><\/a><\/span><time datetime=\"2023-12-29T11:05:47-03:00\" itemprop=\"datePublished\">29\/12\/2023 11:05<\/time><\/div><\/div><\/div><\/div><\/div>","single_layout":"posts","amp_enabled":true,"_links":{"self":[{"href":"https:\/\/www.suno.com.br\/noticias\/wp-json\/wp\/v2\/posts\/504808"}],"collection":[{"href":"https:\/\/www.suno.com.br\/noticias\/wp-json\/wp\/v2\/posts"}],"about":[{"href":"https:\/\/www.suno.com.br\/noticias\/wp-json\/wp\/v2\/types\/post"}],"author":[{"embeddable":true,"href":"https:\/\/www.suno.com.br\/noticias\/wp-json\/wp\/v2\/users\/43"}],"replies":[{"embeddable":true,"href":"https:\/\/www.suno.com.br\/noticias\/wp-json\/wp\/v2\/comments?post=504808"}],"version-history":[{"count":2,"href":"https:\/\/www.suno.com.br\/noticias\/wp-json\/wp\/v2\/posts\/504808\/revisions"}],"predecessor-version":[{"id":505058,"href":"https:\/\/www.suno.com.br\/noticias\/wp-json\/wp\/v2\/posts\/504808\/revisions\/505058"}],"wp:featuredmedia":[{"embeddable":true,"href":"https:\/\/www.suno.com.br\/noticias\/wp-json\/wp\/v2\/media\/383197"}],"wp:attachment":[{"href":"https:\/\/www.suno.com.br\/noticias\/wp-json\/wp\/v2\/media?parent=504808"}],"wp:term":[{"taxonomy":"category","embeddable":true,"href":"https:\/\/www.suno.com.br\/noticias\/wp-json\/wp\/v2\/categories?post=504808"},{"taxonomy":"post_tag","embeddable":true,"href":"https:\/\/www.suno.com.br\/noticias\/wp-json\/wp\/v2\/tags?post=504808"},{"taxonomy":"suno_strategy","embeddable":true,"href":"https:\/\/www.suno.com.br\/noticias\/wp-json\/wp\/v2\/suno_strategy?post=504808"}],"curies":[{"name":"wp","href":"https:\/\/api.w.org\/{rel}","templated":true}]}}