{"id":504522,"date":"2023-12-28T10:19:09","date_gmt":"2023-12-28T13:19:09","guid":{"rendered":"https:\/\/www.suno.com.br\/noticias\/?p=504522"},"modified":"2023-12-28T10:56:14","modified_gmt":"2023-12-28T13:56:14","slug":"apos-maxima-historica-ibovespa-abre-queda-va","status":"publish","type":"post","link":"https:\/\/www.suno.com.br\/noticias\/apos-maxima-historica-ibovespa-abre-queda-va\/","title":{"rendered":"Ap\u00f3s m\u00e1xima hist\u00f3rica, Ibovespa abre em queda em \u00faltimo preg\u00e3o do ano"},"content":{"rendered":"<p>Ap\u00f3s renovar m\u00e1xima hist\u00f3rica pela quarta vez seguida, o<strong> Ibovespa<\/strong>, principal <a class=\"suno-keyword\" data-force=\"no\" data-priority=\"1\" href=\"https:\/\/www.suno.com.br\/artigos\/indice-de-acoes\/\" target=\"_blank\" rel=\"noopener\">\u00edndice de a\u00e7\u00f5es<\/a> brasileiras, abriu a sess\u00e3o em queda de 0.23% nesta quinta-feira (28), aos 133.881 pontos. Hoje, o foco do investidor s\u00e3o as divulga\u00e7\u00f5es do IPCA-15 e IGP-M, al\u00e9m da espera de an\u00fancios do governo que visam compensar a perda fiscal pela desonera\u00e7\u00e3o da folha de pagamentos.&nbsp;<\/p>\t<div class=\"wrapper-featured-image\">\n\t\t<figure class=\"spotlightImg\">\n\n\t\t\t<picture>\n\t\t\t\t<source media=\"(max-width: 768px)\" srcset=\"https:\/\/files.sunoresearch.com.br\/n\/uploads\/2023\/05\/bolsa-cotacao-400x200.jpg\">\n\t\t\t\t<img loading=\"lazy\" decoding=\"async\" class=\"newsContent__article__imgCapa lazyloadDisabled \" src=\"https:\/\/files.sunoresearch.com.br\/n\/uploads\/2023\/05\/bolsa-cotacao-800x450.jpg\" width=\"800\" height=\"450\" alt=\"Ap\u00f3s m\u00e1xima hist\u00f3rica, Ibovespa abre em queda em \u00faltimo preg\u00e3o do ano\" fetchpriority=high \/>\n\t\t\t<\/picture>\n\n\t\t\t<figcaption class=\"wp-caption-text wp-caption-text--show\">Ibovespa atinge novo recorde hist\u00f3rico de fechamento aos 144 mil pontos.<\/figcaption>\n\t\t<\/figure>\n\t<\/div>\n\n\n\n\n\n\t<p>\n\t\t<a href=\"https:\/\/lp.suno.com.br\/planilha-da-vida-financeira\/\" target=\"_blank\" data-element=\"shortcode-suno-banner\" title=\"Banner SUNO, clique e saiba mais\">\n\t\t\t<picture>\n\t\t\t\t<source media=\"(max-width: 500px)\" srcset=\"https:\/\/files.sunoresearch.com.br\/n\/uploads\/2023\/04\/400x300-Planilha-vida-financeira-true.png\">\n\t\t\t\t<img class=\"newsContent__article__imgCapa newsContent__article__imgCapa--banner\"\n\t\t\t\t\tsrc=\"https:\/\/files.sunoresearch.com.br\/n\/uploads\/2023\/04\/1420x240-Planilha-vida-financeira-true.png\"\n\t\t\t\t\tdata-promo-id=\"106682\"\t\t\t\t\t\t\t\t\t\twidth='1420' height='240'\t\t\t\t\talt=\"https:\/\/files.sunoresearch.com.br\/n\/uploads\/2023\/04\/1420x240-Planilha-vida-financeira-true.png\"\n\t\t\t\t>\n\t\t\t<\/picture>\n\t\t<\/a>\n\t<\/p>\n\n\n\n\n\n<p>Dentre as maiores altas, por volta das 10h08, a\u00e7\u00f5es da MRV (MRV3) lideram com \u00edndice, subindo 2,90%. Enquanto no campo negativo, <a class=\"suno-keyword\" data-force=\"yes\" data-priority=\"2\" href=\"https:\/\/www.suno.com.br\/acoes\/MGLU3\/\" target=\"_blank\" rel=\"noopener\">Magazine Luiza (MGLU3)<\/a> recuava 1,78%.<\/p>\n\n\n\n<p>A<strong> Petrobras (PETR4)<\/strong> inicia sess\u00e3o com as a\u00e7\u00f5es preferenciais em queda de 0,62%, cotadas a R$ 37,13. Movimento similar ocorreu com as a\u00e7\u00f5es ordin\u00e1rias da Petrobras (PETR3) que tem queda de 0,59%, a R$ 38,91.<\/p>\n\n\n\n<p>No sentido oposto, a <strong>Vale (VALE3) <\/strong>tem queda de 0,36%, cotada a R$ 77,12. Nesta manh\u00e3, o min\u00e9rio de ferro no mercado futuro da Dalian Commodity Exchange fechou em queda de 1,33%, cotado a US$ 135,26. Enquanto, o min\u00e9rio de ferro negociado na Bolsa de Cingapura, para entrega em janeiro de 2024, recuou 1,80% para US$ 138,70.<\/p>\n\n\n\n<p>No <a class=\"suno-keyword\" data-force=\"no\" data-priority=\"1\" href=\"https:\/\/www.suno.com.br\/artigos\/mercado-externo\/\" target=\"_blank\" rel=\"noopener\">mercado externo<\/a>, o<strong> \u00edndice d\u00f3lar (DXY) <\/strong>cai pelo quinto dia seguido, com a expectativa do mercado sobre a queda de juros do Federal Reserve no pr\u00f3ximo ano. Os investidores est\u00e3o atentos com novos dados econ\u00f4micos dos EUA, como vendas de casas e os pedidos de aux\u00edlio-desemprego. Os futuros de Nova York oscilam hoje.<\/p>\n\n\n\n<p>As bolsas asi\u00e1ticas fecharam em alta, enquanto os \u00edndices futuros e bolsas da Europa est\u00e3o com desempenho misto. \u00c0s 9h30 (de Bras\u00edlia), a Bolsa de Londres tinha baixa marginal de 0,15%, a de Paris ca\u00eda 0,36% e a de Frankfurt recuava 0,20%.&nbsp;<\/p>\n\n\n\n<p>Por aqui, foram divulgados os novos dados do IGP-M, o \u00edndice avan\u00e7ou 0,74% em dezembro e 0,59% em novembro. Nos \u00faltimos doze meses, o \u00edndice acumulou queda de 3,18%, a menor taxa da s\u00e9rie hist\u00f3rica, segundo a Funda\u00e7\u00e3o Get\u00falio Vargas (FGV).<\/p>\n\n\n\n<p>Por sua vez, o IPCA-15 acelerou para 0,40% em dezembro, com resultado acima do esperado no consenso do mercado, que previa avan\u00e7o de 0,27%, informou o <a class=\"suno-keyword\" data-force=\"no\" data-priority=\"3\" href=\"https:\/\/www.suno.com.br\/artigos\/ibge\/\" target=\"_blank\" rel=\"noopener\">Instituto Brasileiro de Geografia e Estat\u00edstica (IBGE)<\/a>.<\/p>\n\n\n\n<h2 class=\"wp-block-heading\">Maiores altas do Ibovespa<\/h2>\n\n\n\n<ul class=\"wp-block-list\">\n<li>Taesa (TAEE11): +1,75%<\/li>\n<\/ul>\n\n\n\n<ul class=\"wp-block-list\">\n<li>MRV (MRVE11): +0,82%<\/li>\n<\/ul>\n\n\n\n<ul class=\"wp-block-list\">\n<li>S\u00e3o Martinho (SMTO3): +0,52%<\/li>\n<\/ul>\n\n\n\n<h2 class=\"wp-block-heading\">Maiores quedas do Ibovespa<\/h2>\n\n\n\n<ul class=\"wp-block-list\">\n<li>CVC (CVCB3): &#8211; 5,24%<\/li>\n<\/ul>\n\n\n\n<ul class=\"wp-block-list\">\n<li>Magazine Luiza (MGLU3): &#8211; 3,56%<\/li>\n<\/ul>\n\n\n\n<ul class=\"wp-block-list\">\n<li>Locaweb (LWSA): &#8211; 3,33%<\/li>\n<\/ul>\n\n\n\n<p>Cota\u00e7\u00f5es publicada \u00e0s 10h50. <\/p>\n\n\n\t<p>\n\t\t<a href=\"https:\/\/lp.suno.com.br\/ebook-como-analisar-uma-acao\/\" target=\"_blank\" data-element=\"shortcode-suno-banner\" title=\"Banner SUNO, clique e saiba mais\">\n\t\t\t<picture>\n\t\t\t\t<source media=\"(max-width: 500px)\" srcset=\"https:\/\/files.sunoresearch.com.br\/n\/uploads\/2023\/03\/Ebook-Acoes-Mobile.jpg\">\n\t\t\t\t<img class=\"newsContent__article__imgCapa newsContent__article__imgCapa--banner\"\n\t\t\t\t\tsrc=\"https:\/\/files.sunoresearch.com.br\/n\/uploads\/2023\/03\/Ebook-Acoes-Desktop.jpg\"\n\t\t\t\t\tdata-promo-id=\"378302\"\t\t\t\t\t\t\t\t\t\twidth='1420' height='286'\t\t\t\t\talt=\"https:\/\/files.sunoresearch.com.br\/n\/uploads\/2023\/03\/Ebook-Acoes-Desktop.jpg\"\n\t\t\t\t>\n\t\t\t<\/picture>\n\t\t<\/a>\n\t<\/p>\n\n\n\n\n\n<h2 class=\"wp-block-heading\">Agenda do Dia<\/h2>\n\n\n\n<ul class=\"wp-block-list\">\n<li>10h00:&nbsp; Governo Federal deve anunciar alternativas \u00e0 desonera\u00e7\u00e3o da folha<\/li>\n\n\n\n<li>10h30: EUA: Dados de aux\u00edlio-desemprego&nbsp;<\/li>\n\n\n\n<li>12h00:&nbsp; EUA: Vendas pendentes de im\u00f3veis em novembro<\/li>\n\n\n\n<li>13h00: EUA: Estoques de petr\u00f3leo do DoE<\/li>\n\n\n\n<li>14h00: Emprego do Caged de novembro<\/li>\n\n\n\n<li>14h30: BC: Fluxo cambial semanal<\/li>\n<\/ul>\n\n\n\n<h2 class=\"wp-block-heading\">\u00daltimo fechamento do Ibovespa<\/h2>\n\n\n\n<p>Ontem, o <strong>Ibovespa<\/strong> superou o pr\u00f3prio recorde novamente, pela quarta sess\u00e3o consecutiva, dando continuidade ao rali da semana e subindo 0,49%, aos 134.193,72 pontos.&nbsp;<\/p>\n\n\n\n\n\t<p>\n\t\t<a href=\"https:\/\/lp.suno.com.br\/planilha-da-vida-financeira\/\" target=\"_blank\" data-element=\"shortcode-suno-banner\" title=\"Banner SUNO, clique e saiba mais\">\n\t\t\t<picture>\n\t\t\t\t<source media=\"(max-width: 500px)\" srcset=\"https:\/\/files.sunoresearch.com.br\/n\/uploads\/2023\/04\/400x300-Planilha-vida-financeira-true.png\">\n\t\t\t\t<img class=\"newsContent__article__imgCapa newsContent__article__imgCapa--banner\"\n\t\t\t\t\tsrc=\"https:\/\/files.sunoresearch.com.br\/n\/uploads\/2023\/04\/1420x240-Planilha-vida-financeira-true.png\"\n\t\t\t\t\tdata-promo-id=\"383123\"\t\t\t\t\t\t\t\t\t\twidth='1420' height='240'\t\t\t\t\talt=\"https:\/\/files.sunoresearch.com.br\/n\/uploads\/2023\/04\/1420x240-Planilha-vida-financeira-true.png\"\n\t\t\t\t>\n\t\t\t<\/picture>\n\t\t<\/a>\n\t<\/p>\n\n\n","protected":false},"excerpt":{"rendered":"<p>Ap\u00f3s renovar m\u00e1xima hist\u00f3rica pela quarta vez seguida, o Ibovespa, principal \u00edndice de a\u00e7\u00f5es brasileiras, abriu a sess\u00e3o em queda de 0.23% nesta quinta-feira (28), aos 133.881 pontos. Hoje, o foco do investidor s\u00e3o as divulga\u00e7\u00f5es do IPCA-15 e IGP-M, al\u00e9m da espera de an\u00fancios do governo que visam compensar a perda fiscal pela desonera\u00e7\u00e3o [&hellip;]<\/p>\n","protected":false},"author":301,"featured_media":406457,"comment_status":"closed","ping_status":"closed","sticky":false,"template":"","format":"standard","meta":[],"categories":[60],"tags":[286,721],"suno_strategy":[],"class_list":["post-504522","post","type-post","status-publish","format-standard","has-post-thumbnail","hentry","category-mercado","tag-acoes","tag-ibovespa"],"yoast_head":"<!-- This site is optimized with the Yoast SEO plugin v24.4 - https:\/\/yoast.com\/wordpress\/plugins\/seo\/ -->\n<title>Ap\u00f3s m\u00e1xima hist\u00f3rica, Ibovespa abre em queda em \u00faltimo preg\u00e3o do ano<\/title>\n<meta name=\"description\" content=\"O Ibovespa, principal \u00edndice de a\u00e7\u00f5es brasileiras, abriu a sess\u00e3o em queda de 0.23% nesta quinta-feira (28), aos 133.881 pontos.\" \/>\n<meta name=\"robots\" content=\"index, follow, max-snippet:-1, max-image-preview:large, max-video-preview:-1\" \/>\n<link rel=\"canonical\" href=\"https:\/\/www.suno.com.br\/noticias\/apos-maxima-historica-ibovespa-abre-queda-va\/\" \/>\n<meta property=\"og:locale\" content=\"pt_BR\" \/>\n<meta property=\"og:type\" content=\"article\" \/>\n<meta property=\"og:title\" content=\"Ap\u00f3s m\u00e1xima hist\u00f3rica, Ibovespa abre em queda em \u00faltimo preg\u00e3o do ano\" \/>\n<meta property=\"og:description\" content=\"O Ibovespa, principal \u00edndice de a\u00e7\u00f5es brasileiras, abriu a sess\u00e3o em queda de 0.23% nesta quinta-feira (28), aos 133.881 pontos.\" \/>\n<meta property=\"og:url\" content=\"https:\/\/www.suno.com.br\/noticias\/apos-maxima-historica-ibovespa-abre-queda-va\/\" \/>\n<meta property=\"og:site_name\" content=\"Suno Not\u00edcias\" \/>\n<meta property=\"article:publisher\" content=\"https:\/\/facebook.com\/sunoresearch\" \/>\n<meta property=\"og:image\" content=\"https:\/\/files.sunoresearch.com.br\/n\/uploads\/2023\/05\/bolsa-cotacao.jpg\" \/>\n\t<meta property=\"og:image:width\" content=\"1200\" \/>\n\t<meta property=\"og:image:height\" content=\"800\" \/>\n\t<meta property=\"og:image:type\" content=\"image\/jpeg\" \/>\n<meta name=\"author\" content=\"Vin\u00edcius Alves\" \/>\n<meta name=\"twitter:card\" content=\"summary_large_image\" \/>\n<meta name=\"twitter:creator\" content=\"@sunoresearch\" \/>\n<meta name=\"twitter:site\" content=\"@sunoresearch\" \/>\n<meta name=\"twitter:label1\" content=\"Escrito por\" \/>\n\t<meta name=\"twitter:data1\" content=\"Vin\u00edcius Alves\" \/>\n\t<meta name=\"twitter:label2\" content=\"Est. tempo de leitura\" \/>\n\t<meta name=\"twitter:data2\" content=\"3 minutos\" \/>\n<script type=\"application\/ld+json\" class=\"yoast-schema-graph\">{\"@context\":\"https:\/\/schema.org\",\"@graph\":[{\"@type\":\"NewsArticle\",\"@id\":\"https:\/\/www.suno.com.br\/noticias\/apos-maxima-historica-ibovespa-abre-queda-va\/#article\",\"isPartOf\":{\"@id\":\"https:\/\/www.suno.com.br\/noticias\/apos-maxima-historica-ibovespa-abre-queda-va\/\"},\"author\":{\"name\":\"Vin\u00edcius Alves\",\"@id\":\"https:\/\/www.suno.com.br\/noticias\/#\/schema\/person\/4a180549702d0e236b3e420862bcded3\"},\"headline\":\"Ap\u00f3s m\u00e1xima hist\u00f3rica, Ibovespa abre em queda em \u00faltimo preg\u00e3o do ano\",\"datePublished\":\"2023-12-28T13:19:09+00:00\",\"dateModified\":\"2023-12-28T13:56:14+00:00\",\"mainEntityOfPage\":{\"@id\":\"https:\/\/www.suno.com.br\/noticias\/apos-maxima-historica-ibovespa-abre-queda-va\/\"},\"wordCount\":493,\"publisher\":{\"@id\":\"https:\/\/www.suno.com.br\/noticias\/#organization\"},\"image\":{\"@id\":\"https:\/\/www.suno.com.br\/noticias\/apos-maxima-historica-ibovespa-abre-queda-va\/#primaryimage\"},\"thumbnailUrl\":\"https:\/\/files.sunoresearch.com.br\/n\/uploads\/2023\/05\/bolsa-cotacao.jpg\",\"keywords\":[\"A\u00e7\u00f5es\",\"Ibovespa\"],\"articleSection\":[\"Mercado\"],\"inLanguage\":\"pt-BR\"},{\"@type\":\"WebPage\",\"@id\":\"https:\/\/www.suno.com.br\/noticias\/apos-maxima-historica-ibovespa-abre-queda-va\/\",\"url\":\"https:\/\/www.suno.com.br\/noticias\/apos-maxima-historica-ibovespa-abre-queda-va\/\",\"name\":\"Ap\u00f3s m\u00e1xima hist\u00f3rica, Ibovespa abre em queda em \u00faltimo preg\u00e3o do ano\",\"isPartOf\":{\"@id\":\"https:\/\/www.suno.com.br\/noticias\/#website\"},\"primaryImageOfPage\":{\"@id\":\"https:\/\/www.suno.com.br\/noticias\/apos-maxima-historica-ibovespa-abre-queda-va\/#primaryimage\"},\"image\":{\"@id\":\"https:\/\/www.suno.com.br\/noticias\/apos-maxima-historica-ibovespa-abre-queda-va\/#primaryimage\"},\"thumbnailUrl\":\"https:\/\/files.sunoresearch.com.br\/n\/uploads\/2023\/05\/bolsa-cotacao.jpg\",\"datePublished\":\"2023-12-28T13:19:09+00:00\",\"dateModified\":\"2023-12-28T13:56:14+00:00\",\"description\":\"O Ibovespa, principal \u00edndice de a\u00e7\u00f5es brasileiras, abriu a sess\u00e3o em queda de 0.23% nesta quinta-feira (28), aos 133.881 pontos.\",\"breadcrumb\":{\"@id\":\"https:\/\/www.suno.com.br\/noticias\/apos-maxima-historica-ibovespa-abre-queda-va\/#breadcrumb\"},\"inLanguage\":\"pt-BR\",\"potentialAction\":[{\"@type\":\"ReadAction\",\"target\":[\"https:\/\/www.suno.com.br\/noticias\/apos-maxima-historica-ibovespa-abre-queda-va\/\"]}]},{\"@type\":\"ImageObject\",\"inLanguage\":\"pt-BR\",\"@id\":\"https:\/\/www.suno.com.br\/noticias\/apos-maxima-historica-ibovespa-abre-queda-va\/#primaryimage\",\"url\":\"https:\/\/files.sunoresearch.com.br\/n\/uploads\/2023\/05\/bolsa-cotacao.jpg\",\"contentUrl\":\"https:\/\/files.sunoresearch.com.br\/n\/uploads\/2023\/05\/bolsa-cotacao.jpg\",\"width\":1200,\"height\":800,\"caption\":\"Ibovespa atinge novo recorde hist\u00f3rico de fechamento aos 144 mil pontos.\"},{\"@type\":\"BreadcrumbList\",\"@id\":\"https:\/\/www.suno.com.br\/noticias\/apos-maxima-historica-ibovespa-abre-queda-va\/#breadcrumb\",\"itemListElement\":[{\"@type\":\"ListItem\",\"position\":1,\"name\":\"Not\u00edcias\",\"item\":\"https:\/\/www.suno.com.br\/noticias\/\"},{\"@type\":\"ListItem\",\"position\":2,\"name\":\"Mercado\",\"item\":\"https:\/\/www.suno.com.br\/noticias\/mercado\/\"},{\"@type\":\"ListItem\",\"position\":3,\"name\":\"Ap\u00f3s m\u00e1xima hist\u00f3rica, Ibovespa abre em queda em \u00faltimo preg\u00e3o do ano\"}]},{\"@type\":\"WebSite\",\"@id\":\"https:\/\/www.suno.com.br\/noticias\/#website\",\"url\":\"https:\/\/www.suno.com.br\/noticias\/\",\"name\":\"Suno Not\u00edcias\",\"description\":\"Seu portal de informa\u00e7\u00e3o sobre o mundo dos investimentos\",\"publisher\":{\"@id\":\"https:\/\/www.suno.com.br\/noticias\/#organization\"},\"potentialAction\":[{\"@type\":\"SearchAction\",\"target\":{\"@type\":\"EntryPoint\",\"urlTemplate\":\"https:\/\/www.suno.com.br\/noticias\/?s={search_term_string}\"},\"query-input\":{\"@type\":\"PropertyValueSpecification\",\"valueRequired\":true,\"valueName\":\"search_term_string\"}}],\"inLanguage\":\"pt-BR\"},{\"@type\":\"Organization\",\"@id\":\"https:\/\/www.suno.com.br\/noticias\/#organization\",\"name\":\"Suno Not\u00edcias\",\"url\":\"https:\/\/www.suno.com.br\/noticias\/\",\"logo\":{\"@type\":\"ImageObject\",\"inLanguage\":\"pt-BR\",\"@id\":\"https:\/\/www.suno.com.br\/noticias\/#\/schema\/logo\/image\/\",\"url\":\"https:\/\/files.sunoresearch.com.br\/n\/uploads\/2021\/09\/suno-logo.png\",\"contentUrl\":\"https:\/\/files.sunoresearch.com.br\/n\/uploads\/2021\/09\/suno-logo.png\",\"width\":180,\"height\":180,\"caption\":\"Suno Not\u00edcias\"},\"image\":{\"@id\":\"https:\/\/www.suno.com.br\/noticias\/#\/schema\/logo\/image\/\"},\"sameAs\":[\"https:\/\/facebook.com\/sunoresearch\",\"https:\/\/x.com\/sunoresearch\",\"https:\/\/www.instagram.com\/suno\",\"https:\/\/www.linkedin.com\/company\/suno-research\/\",\"https:\/\/www.youtube.com\/c\/sunoresearch\"]},{\"@type\":\"Person\",\"@id\":\"https:\/\/www.suno.com.br\/noticias\/#\/schema\/person\/4a180549702d0e236b3e420862bcded3\",\"name\":\"Vin\u00edcius Alves\",\"image\":{\"@type\":\"ImageObject\",\"inLanguage\":\"pt-BR\",\"@id\":\"https:\/\/www.suno.com.br\/noticias\/#\/schema\/person\/image\/\",\"url\":\"https:\/\/secure.gravatar.com\/avatar\/a95b7fe6d1b813f7907d4f476d5a39e1?s=96&r=g\",\"contentUrl\":\"https:\/\/secure.gravatar.com\/avatar\/a95b7fe6d1b813f7907d4f476d5a39e1?s=96&r=g\",\"caption\":\"Vin\u00edcius Alves\"},\"description\":\"Jornalista formado na Faculdade C\u00e1sper L\u00edbero. Com passagens pela Ag\u00eancia Estado, InfoMoney e Editora Globo.\",\"url\":\"https:\/\/www.suno.com.br\/noticias\/author\/vini08correiagmail-com\/\"}]}<\/script>\n<!-- \/ Yoast SEO plugin. -->","yoast_head_json":{"title":"Ap\u00f3s m\u00e1xima hist\u00f3rica, Ibovespa abre em queda em \u00faltimo preg\u00e3o do ano","description":"O Ibovespa, principal \u00edndice de a\u00e7\u00f5es brasileiras, abriu a sess\u00e3o em queda de 0.23% nesta quinta-feira (28), aos 133.881 pontos.","robots":{"index":"index","follow":"follow","max-snippet":"max-snippet:-1","max-image-preview":"max-image-preview:large","max-video-preview":"max-video-preview:-1"},"canonical":"https:\/\/www.suno.com.br\/noticias\/apos-maxima-historica-ibovespa-abre-queda-va\/","og_locale":"pt_BR","og_type":"article","og_title":"Ap\u00f3s m\u00e1xima hist\u00f3rica, Ibovespa abre em queda em \u00faltimo preg\u00e3o do ano","og_description":"O Ibovespa, principal \u00edndice de a\u00e7\u00f5es brasileiras, abriu a sess\u00e3o em queda de 0.23% nesta quinta-feira (28), aos 133.881 pontos.","og_url":"https:\/\/www.suno.com.br\/noticias\/apos-maxima-historica-ibovespa-abre-queda-va\/","og_site_name":"Suno Not\u00edcias","article_publisher":"https:\/\/facebook.com\/sunoresearch","og_image":[{"width":1200,"height":800,"url":"https:\/\/files.sunoresearch.com.br\/n\/uploads\/2023\/05\/bolsa-cotacao.jpg","type":"image\/jpeg"}],"author":"Vin\u00edcius Alves","twitter_card":"summary_large_image","twitter_creator":"@sunoresearch","twitter_site":"@sunoresearch","twitter_misc":{"Escrito por":"Vin\u00edcius Alves","Est. tempo de leitura":"3 minutos"},"schema":{"@context":"https:\/\/schema.org","@graph":[{"@type":"NewsArticle","@id":"https:\/\/www.suno.com.br\/noticias\/apos-maxima-historica-ibovespa-abre-queda-va\/#article","isPartOf":{"@id":"https:\/\/www.suno.com.br\/noticias\/apos-maxima-historica-ibovespa-abre-queda-va\/"},"author":{"name":"Vin\u00edcius Alves","@id":"https:\/\/www.suno.com.br\/noticias\/#\/schema\/person\/4a180549702d0e236b3e420862bcded3"},"headline":"Ap\u00f3s m\u00e1xima hist\u00f3rica, Ibovespa abre em queda em \u00faltimo preg\u00e3o do ano","datePublished":"2023-12-28T13:19:09+00:00","dateModified":"2023-12-28T13:56:14+00:00","mainEntityOfPage":{"@id":"https:\/\/www.suno.com.br\/noticias\/apos-maxima-historica-ibovespa-abre-queda-va\/"},"wordCount":493,"publisher":{"@id":"https:\/\/www.suno.com.br\/noticias\/#organization"},"image":{"@id":"https:\/\/www.suno.com.br\/noticias\/apos-maxima-historica-ibovespa-abre-queda-va\/#primaryimage"},"thumbnailUrl":"https:\/\/files.sunoresearch.com.br\/n\/uploads\/2023\/05\/bolsa-cotacao.jpg","keywords":["A\u00e7\u00f5es","Ibovespa"],"articleSection":["Mercado"],"inLanguage":"pt-BR"},{"@type":"WebPage","@id":"https:\/\/www.suno.com.br\/noticias\/apos-maxima-historica-ibovespa-abre-queda-va\/","url":"https:\/\/www.suno.com.br\/noticias\/apos-maxima-historica-ibovespa-abre-queda-va\/","name":"Ap\u00f3s m\u00e1xima hist\u00f3rica, Ibovespa abre em queda em \u00faltimo preg\u00e3o do ano","isPartOf":{"@id":"https:\/\/www.suno.com.br\/noticias\/#website"},"primaryImageOfPage":{"@id":"https:\/\/www.suno.com.br\/noticias\/apos-maxima-historica-ibovespa-abre-queda-va\/#primaryimage"},"image":{"@id":"https:\/\/www.suno.com.br\/noticias\/apos-maxima-historica-ibovespa-abre-queda-va\/#primaryimage"},"thumbnailUrl":"https:\/\/files.sunoresearch.com.br\/n\/uploads\/2023\/05\/bolsa-cotacao.jpg","datePublished":"2023-12-28T13:19:09+00:00","dateModified":"2023-12-28T13:56:14+00:00","description":"O Ibovespa, principal \u00edndice de a\u00e7\u00f5es brasileiras, abriu a sess\u00e3o em queda de 0.23% nesta quinta-feira (28), aos 133.881 pontos.","breadcrumb":{"@id":"https:\/\/www.suno.com.br\/noticias\/apos-maxima-historica-ibovespa-abre-queda-va\/#breadcrumb"},"inLanguage":"pt-BR","potentialAction":[{"@type":"ReadAction","target":["https:\/\/www.suno.com.br\/noticias\/apos-maxima-historica-ibovespa-abre-queda-va\/"]}]},{"@type":"ImageObject","inLanguage":"pt-BR","@id":"https:\/\/www.suno.com.br\/noticias\/apos-maxima-historica-ibovespa-abre-queda-va\/#primaryimage","url":"https:\/\/files.sunoresearch.com.br\/n\/uploads\/2023\/05\/bolsa-cotacao.jpg","contentUrl":"https:\/\/files.sunoresearch.com.br\/n\/uploads\/2023\/05\/bolsa-cotacao.jpg","width":1200,"height":800,"caption":"Ibovespa atinge novo recorde hist\u00f3rico de fechamento aos 144 mil pontos."},{"@type":"BreadcrumbList","@id":"https:\/\/www.suno.com.br\/noticias\/apos-maxima-historica-ibovespa-abre-queda-va\/#breadcrumb","itemListElement":[{"@type":"ListItem","position":1,"name":"Not\u00edcias","item":"https:\/\/www.suno.com.br\/noticias\/"},{"@type":"ListItem","position":2,"name":"Mercado","item":"https:\/\/www.suno.com.br\/noticias\/mercado\/"},{"@type":"ListItem","position":3,"name":"Ap\u00f3s m\u00e1xima hist\u00f3rica, Ibovespa abre em queda em \u00faltimo preg\u00e3o do ano"}]},{"@type":"WebSite","@id":"https:\/\/www.suno.com.br\/noticias\/#website","url":"https:\/\/www.suno.com.br\/noticias\/","name":"Suno Not\u00edcias","description":"Seu portal de informa\u00e7\u00e3o sobre o mundo dos investimentos","publisher":{"@id":"https:\/\/www.suno.com.br\/noticias\/#organization"},"potentialAction":[{"@type":"SearchAction","target":{"@type":"EntryPoint","urlTemplate":"https:\/\/www.suno.com.br\/noticias\/?s={search_term_string}"},"query-input":{"@type":"PropertyValueSpecification","valueRequired":true,"valueName":"search_term_string"}}],"inLanguage":"pt-BR"},{"@type":"Organization","@id":"https:\/\/www.suno.com.br\/noticias\/#organization","name":"Suno Not\u00edcias","url":"https:\/\/www.suno.com.br\/noticias\/","logo":{"@type":"ImageObject","inLanguage":"pt-BR","@id":"https:\/\/www.suno.com.br\/noticias\/#\/schema\/logo\/image\/","url":"https:\/\/files.sunoresearch.com.br\/n\/uploads\/2021\/09\/suno-logo.png","contentUrl":"https:\/\/files.sunoresearch.com.br\/n\/uploads\/2021\/09\/suno-logo.png","width":180,"height":180,"caption":"Suno Not\u00edcias"},"image":{"@id":"https:\/\/www.suno.com.br\/noticias\/#\/schema\/logo\/image\/"},"sameAs":["https:\/\/facebook.com\/sunoresearch","https:\/\/x.com\/sunoresearch","https:\/\/www.instagram.com\/suno","https:\/\/www.linkedin.com\/company\/suno-research\/","https:\/\/www.youtube.com\/c\/sunoresearch"]},{"@type":"Person","@id":"https:\/\/www.suno.com.br\/noticias\/#\/schema\/person\/4a180549702d0e236b3e420862bcded3","name":"Vin\u00edcius Alves","image":{"@type":"ImageObject","inLanguage":"pt-BR","@id":"https:\/\/www.suno.com.br\/noticias\/#\/schema\/person\/image\/","url":"https:\/\/secure.gravatar.com\/avatar\/a95b7fe6d1b813f7907d4f476d5a39e1?s=96&r=g","contentUrl":"https:\/\/secure.gravatar.com\/avatar\/a95b7fe6d1b813f7907d4f476d5a39e1?s=96&r=g","caption":"Vin\u00edcius Alves"},"description":"Jornalista formado na Faculdade C\u00e1sper L\u00edbero. Com passagens pela Ag\u00eancia Estado, InfoMoney e Editora Globo.","url":"https:\/\/www.suno.com.br\/noticias\/author\/vini08correiagmail-com\/"}]}},"default_loop_html":"<div class=\"cardsPage__listCard__boxs\"><div class=\"cardsPage__listCard__boxs__img\"><a href=\"https:\/\/www.suno.com.br\/noticias\/apos-maxima-historica-ibovespa-abre-queda-va\/\"><img class=\"mask\" src=\"https:\/\/www.suno.com.br\/noticias\/wp-content\/themes\/suno\/resources\/images\/spotlight\/spotlight1img\/bg-mask.png\" alt=\"Image Mask\"\/><img src=\"https:\/\/files.sunoresearch.com.br\/n\/uploads\/2023\/05\/bolsa-cotacao-400x200.jpg\" alt=\"Ap\u00f3s m\u00e1xima hist\u00f3rica, Ibovespa abre em queda em \u00faltimo preg\u00e3o do ano\"\/><\/a><span class=\"spotlightCategory\"><a href=\"https:\/\/www.suno.com.br\/noticias\/mercado\/\">Mercado<\/a><\/span><\/div><div class=\"cardsPage__listCard__boxs__content\"><a href=\"https:\/\/www.suno.com.br\/noticias\/apos-maxima-historica-ibovespa-abre-queda-va\/\"><h2 class=\"content__title\">Ap\u00f3s m\u00e1xima hist\u00f3rica, Ibovespa abre em queda em \u00faltimo preg\u00e3o do ano<\/h2><\/a><div class=\"newsContent__article__meta\"><div class=\"newsContent__article__meta__authorBox\"><a href=\"https:\/\/www.suno.com.br\/noticias\/author\/vini08correiagmail-com\/\" class=\"authorBox__avatar noMobi\"><img src=\"https:\/\/files.sunoresearch.com.br\/n\/uploads\/2026\/04\/WhatsApp-Image-2026-04-20-at-19.35.48-150x150.webp\" alt=\"Vin\u00edcius Alves\"><\/a><div class=\"authorBox__name\"><span>por\n\t\t\t<a href=\"https:\/\/www.suno.com.br\/noticias\/author\/vini08correiagmail-com\/\"><span itemprop=\"author\">Vin\u00edcius Alves<\/span><\/a><\/span><time datetime=\"2023-12-28T10:19:09-03:00\" itemprop=\"datePublished\">28\/12\/2023 10:19<\/time><\/div><\/div><\/div><\/div><\/div>","single_layout":"posts","amp_enabled":true,"_links":{"self":[{"href":"https:\/\/www.suno.com.br\/noticias\/wp-json\/wp\/v2\/posts\/504522"}],"collection":[{"href":"https:\/\/www.suno.com.br\/noticias\/wp-json\/wp\/v2\/posts"}],"about":[{"href":"https:\/\/www.suno.com.br\/noticias\/wp-json\/wp\/v2\/types\/post"}],"author":[{"embeddable":true,"href":"https:\/\/www.suno.com.br\/noticias\/wp-json\/wp\/v2\/users\/301"}],"replies":[{"embeddable":true,"href":"https:\/\/www.suno.com.br\/noticias\/wp-json\/wp\/v2\/comments?post=504522"}],"version-history":[{"count":3,"href":"https:\/\/www.suno.com.br\/noticias\/wp-json\/wp\/v2\/posts\/504522\/revisions"}],"predecessor-version":[{"id":504558,"href":"https:\/\/www.suno.com.br\/noticias\/wp-json\/wp\/v2\/posts\/504522\/revisions\/504558"}],"wp:featuredmedia":[{"embeddable":true,"href":"https:\/\/www.suno.com.br\/noticias\/wp-json\/wp\/v2\/media\/406457"}],"wp:attachment":[{"href":"https:\/\/www.suno.com.br\/noticias\/wp-json\/wp\/v2\/media?parent=504522"}],"wp:term":[{"taxonomy":"category","embeddable":true,"href":"https:\/\/www.suno.com.br\/noticias\/wp-json\/wp\/v2\/categories?post=504522"},{"taxonomy":"post_tag","embeddable":true,"href":"https:\/\/www.suno.com.br\/noticias\/wp-json\/wp\/v2\/tags?post=504522"},{"taxonomy":"suno_strategy","embeddable":true,"href":"https:\/\/www.suno.com.br\/noticias\/wp-json\/wp\/v2\/suno_strategy?post=504522"}],"curies":[{"name":"wp","href":"https:\/\/api.w.org\/{rel}","templated":true}]}}