{"id":504340,"date":"2023-12-27T12:24:15","date_gmt":"2023-12-27T15:24:15","guid":{"rendered":"https:\/\/www.suno.com.br\/noticias\/?p=504340"},"modified":"2023-12-27T12:24:21","modified_gmt":"2023-12-27T15:24:21","slug":"bb-seguridade-bbse3-escolhe-ceo-telefonica-vivt3-altera-jcp-va","status":"publish","type":"post","link":"https:\/\/www.suno.com.br\/noticias\/bb-seguridade-bbse3-escolhe-ceo-telefonica-vivt3-altera-jcp-va\/","title":{"rendered":"BB Seguridade (BBSE3) escolhe CEO e Telef\u00f4nica (VIVT3) altera JCP; veja mais destaques\u00a0\u00a0"},"content":{"rendered":"<p>A informa\u00e7\u00e3o de que o<strong> BB Seguridade<\/strong> (BBSE3) escolheu um novo CEO ap\u00f3s a ren\u00fancia de Ullisses Silva Assis aos cargos de presidente-executivo e membro do <a class=\"suno-keyword\" target=\"_blank\" data-force=\"no\" data-priority=\"1\" href=\"https:\/\/www.suno.com.br\/artigos\/conselho-administracao\/\" rel=\"noopener\">conselho de administra\u00e7\u00e3o<\/a> da BB Seguridade (BBSE3 est\u00e1 entre os destaques desta sexta-feira (27).&nbsp;<\/p>\t<div class=\"wrapper-featured-image\">\n\t\t<figure class=\"spotlightImg\">\n\n\t\t\t<picture>\n\t\t\t\t<source media=\"(max-width: 768px)\" srcset=\"https:\/\/files.sunoresearch.com.br\/n\/uploads\/2023\/07\/bolsa-exchange-acoes-400x200.jpg\">\n\t\t\t\t<img loading=\"lazy\" decoding=\"async\" class=\"newsContent__article__imgCapa lazyloadDisabled \" src=\"https:\/\/files.sunoresearch.com.br\/n\/uploads\/2023\/07\/bolsa-exchange-acoes-800x450.jpg\" width=\"800\" height=\"450\" alt=\"BB Seguridade (BBSE3) escolhe CEO e Telef\u00f4nica (VIVT3) altera JCP; veja mais destaques\u00a0\u00a0\" fetchpriority=high \/>\n\t\t\t<\/picture>\n\n\t\t\t<figcaption class=\"wp-caption-text wp-caption-text--show\">BB Seguridade (BBSE3) escolhe CEO e Telef\u00f4nica (VIVT3) altera JCP.Foto: iStock<\/figcaption>\n\t\t<\/figure>\n\t<\/div>\n\n\n\n\n\n\t<p>\n\t\t<a href=\"https:\/\/lp.suno.com.br\/planilha-da-vida-financeira\/\" target=\"_blank\" data-element=\"shortcode-suno-banner\" title=\"Banner SUNO, clique e saiba mais\">\n\t\t\t<picture>\n\t\t\t\t<source media=\"(max-width: 500px)\" srcset=\"https:\/\/files.sunoresearch.com.br\/n\/uploads\/2023\/04\/400x300-Planilha-vida-financeira-true.png\">\n\t\t\t\t<img class=\"newsContent__article__imgCapa newsContent__article__imgCapa--banner\"\n\t\t\t\t\tsrc=\"https:\/\/files.sunoresearch.com.br\/n\/uploads\/2023\/04\/1420x240-Planilha-vida-financeira-true.png\"\n\t\t\t\t\tdata-promo-id=\"106682\"\t\t\t\t\t\t\t\t\t\twidth='1420' height='240'\t\t\t\t\talt=\"https:\/\/files.sunoresearch.com.br\/n\/uploads\/2023\/04\/1420x240-Planilha-vida-financeira-true.png\"\n\t\t\t\t>\n\t\t\t<\/picture>\n\t\t<\/a>\n\t<\/p>\n\n\n\n\n\n<p>Tamb\u00e9m est\u00e1 entre os<strong> destaques do mercado financeiro<\/strong> a <a class=\"suno-keyword\" target=\"_blank\" data-force=\"yes\" data-priority=\"1\" href=\"https:\/\/www.suno.com.br\/acoes\/raiz4\/\" rel=\"noopener\">Ra\u00edzen (RAIZ4)<\/a> que anunciou nesta o desempenho da moagem na safra 2023\/2024.<\/p>\n\n\n\n<p>A<strong> Telef\u00f4nica (VIVT3) <\/strong>tamb\u00e9m \u00e9 destaque hoje, depois de alterar&nbsp; o valor por a\u00e7\u00e3o dos juros sobre o capital aprovados em 14 de dezembro de 2023.<\/p>\n\n\n\n<p>Veja os <strong>destaques do mercado financeiro<\/strong> hoje:<\/p>\n\n\n\n<h2 class=\"wp-block-heading\">BB Seguridade&nbsp;<\/h2>\n\n\n\n<p>Em&nbsp; comunicado, a <strong>BB Seguridade (BBSE3)<\/strong> anunciou que o presidente-executivo e membro do <a class=\"suno-keyword\" target=\"_blank\" data-force=\"no\" data-priority=\"1\" href=\"https:\/\/www.suno.com.br\/artigos\/conselho-administracao\/\" rel=\"noopener\">conselho de administra\u00e7\u00e3o<\/a> Ullisses Silva Assis renunciou aos cargos para \u201cbuscar novos desafios profissionais na <a class=\"suno-keyword\" target=\"_blank\" data-force=\"no\" data-priority=\"1\" href=\"https:\/\/www.suno.com.br\/artigos\/iniciativa-privada\/\" rel=\"noopener\">iniciativa privada<\/a>\u201d.<\/p>\n\n\n\n<p>A companhia afirmou que a controladora escolheu Andr\u00e9 Gustavo Borba Assump\u00e7\u00e3o Haui para completar os mandatos 2023-2025 como diretor-presidente e como membro do conselho de administra\u00e7\u00e3o.<\/p>\n\n\n\n<h2 class=\"wp-block-heading\">Ra\u00edzen&nbsp;<\/h2>\n\n\n\n<p>A <strong>Ra\u00edzen (RAIZ4) <\/strong>anunciou nesta quarta-feira o desempenho da moagem na safra 2023\/2024.<\/p>\n\n\n\n<p>De acordo com a Ra\u00edzen, a quantidade de cana mo\u00edda passou de 73,2 milh\u00f5es de toneladas no ciclo anterior (22\/23) para 83,2 milh\u00f5es de toneladas, uma alta de 14%.&nbsp;<\/p>\n\n\n\n<p>Por sua vez,&nbsp; as toneladas de cana-de-a\u00e7\u00facar por hectare da pr\u00f3pria companhia, tiveram um avan\u00e7o de 25%, subindo de 69 milh\u00f5es de toneladas para 86 milh\u00f5es de toneladas.<\/p>\n\n\n\n<p>Segundo a Ra\u00edzen, o volume de cana processada superou as expectativas da companhia em 4% ante as 80 milh\u00f5es de toneladas de cana antes mencionadas.&nbsp;<\/p>\n\n\n\n<h2 class=\"wp-block-heading\">Telef\u00f4nica&nbsp;<\/h2>\n\n\n\n<p>A <strong>Telef\u00f4nica Brasil (VIVT3) <\/strong>divulgou que alterou o valor por a\u00e7\u00e3o dos juros sobre o capital (JCP) aprovados em 14 de dezembro de 2023. Com isso, o JCP passou de R$ 0,43700377284 l\u00edquido por a\u00e7\u00e3o para R$ 0,43719411434.&nbsp;<\/p>\n\n\n\n<p>Segundo a empresa, a altera\u00e7\u00e3o ocorreu devido \u00e0s aquisi\u00e7\u00f5es de a\u00e7\u00f5es de sua pr\u00f3pria emiss\u00e3o ocorridas no \u00e2mbito do programa de <a class=\"suno-keyword\" target=\"_blank\" data-force=\"no\" data-priority=\"1\" href=\"https:\/\/www.suno.com.br\/artigos\/recompra-de-acoes\/\" rel=\"noopener\">recompra de a\u00e7\u00f5es<\/a> da companhia.&nbsp;<\/p>\n\n\n\n<p>A posi\u00e7\u00e3o acion\u00e1ria para ter direito ao provento foi at\u00e9 a \u00faltima ter\u00e7a-feira, 26. O pagamento deste provento ser\u00e1 realizado at\u00e9 30 de abril de 2024.&nbsp;<\/p>\n\n\n\n<h2 class=\"wp-block-heading\">Azul&nbsp;<\/h2>\n\n\n\n<p>A<strong> Azul (AZUL4)<\/strong> informou que suas subsidi\u00e1rias Azul Linhas A\u00e9reas Brasileiras S.A. (ALAB) e Azul Investments LLP receberam aprova\u00e7\u00e3o para acessar uma nova linha de cr\u00e9dito securitizada de US$ 200 milh\u00f5es.<\/p>\n\n\n\n<p>A linha de cr\u00e9dito ser\u00e1 utilizada para financiar a manuten\u00e7\u00e3o de motores da frota Embraer e Airbus da ALAB, realizada pela GE Celma.&nbsp;<\/p>\n\n\n\t<p>\n\t\t<a href=\"https:\/\/lp.suno.com.br\/ebook-como-analisar-uma-acao\/\" target=\"_blank\" data-element=\"shortcode-suno-banner\" title=\"Banner SUNO, clique e saiba mais\">\n\t\t\t<picture>\n\t\t\t\t<source media=\"(max-width: 500px)\" srcset=\"https:\/\/files.sunoresearch.com.br\/n\/uploads\/2023\/03\/Ebook-Acoes-Mobile.jpg\">\n\t\t\t\t<img class=\"newsContent__article__imgCapa newsContent__article__imgCapa--banner\"\n\t\t\t\t\tsrc=\"https:\/\/files.sunoresearch.com.br\/n\/uploads\/2023\/03\/Ebook-Acoes-Desktop.jpg\"\n\t\t\t\t\tdata-promo-id=\"378302\"\t\t\t\t\t\t\t\t\t\twidth='1420' height='286'\t\t\t\t\talt=\"https:\/\/files.sunoresearch.com.br\/n\/uploads\/2023\/03\/Ebook-Acoes-Desktop.jpg\"\n\t\t\t\t>\n\t\t\t<\/picture>\n\t\t<\/a>\n\t<\/p>\n\n\n\n\n\n<p>A Ag\u00eancia Brasileira Gestora de Fundos Garantidores e Garantias (ABGF) foi a relatora. O Comit\u00ea de Financiamento e Garantia das Exporta\u00e7\u00f5es (COFIG) aprovou a opera\u00e7\u00e3o nas condi\u00e7\u00f5es apresentadas pela ABGF.<\/p>\n\n\n\n<p>Os destaques do <a class=\"suno-keyword\" target=\"_blank\" data-force=\"no\" data-priority=\"2\" href=\"https:\/\/www.suno.com.br\/guias\/mercado-financeiro\/\" rel=\"noopener\">mercado financeiro<\/a> do Suno Not\u00edcias mostram os principais acontecimentos que prometem movimentar o mercado durante o dia, como o <strong>BB Seguridade (BBSE3)<\/strong>, que deve estar no foco dos investidores ao longo do dia.<\/p>\n\n\n\n\n\t<p>\n\t\t<a href=\"https:\/\/lp.suno.com.br\/planilha-da-vida-financeira\/\" target=\"_blank\" data-element=\"shortcode-suno-banner\" title=\"Banner SUNO, clique e saiba mais\">\n\t\t\t<picture>\n\t\t\t\t<source media=\"(max-width: 500px)\" srcset=\"https:\/\/files.sunoresearch.com.br\/n\/uploads\/2023\/04\/400x300-Planilha-vida-financeira-true.png\">\n\t\t\t\t<img class=\"newsContent__article__imgCapa newsContent__article__imgCapa--banner\"\n\t\t\t\t\tsrc=\"https:\/\/files.sunoresearch.com.br\/n\/uploads\/2023\/04\/1420x240-Planilha-vida-financeira-true.png\"\n\t\t\t\t\tdata-promo-id=\"383123\"\t\t\t\t\t\t\t\t\t\twidth='1420' height='240'\t\t\t\t\talt=\"https:\/\/files.sunoresearch.com.br\/n\/uploads\/2023\/04\/1420x240-Planilha-vida-financeira-true.png\"\n\t\t\t\t>\n\t\t\t<\/picture>\n\t\t<\/a>\n\t<\/p>\n\n\n","protected":false},"excerpt":{"rendered":"<p>A informa\u00e7\u00e3o de que o BB Seguridade (BBSE3) escolheu um novo CEO ap\u00f3s a ren\u00fancia de Ullisses Silva Assis aos cargos de presidente-executivo e membro do conselho de administra\u00e7\u00e3o da BB Seguridade (BBSE3 est\u00e1 entre os destaques desta sexta-feira (27).&nbsp; BB Seguridade (BBSE3) escolhe CEO e Telef\u00f4nica (VIVT3) altera JCP.Foto: iStock Tamb\u00e9m est\u00e1 entre os [&hellip;]<\/p>\n","protected":false},"author":301,"featured_media":425841,"comment_status":"closed","ping_status":"closed","sticky":false,"template":"","format":"standard","meta":[],"categories":[60],"tags":[286,106932,378,1166,659],"suno_strategy":[],"class_list":["post-504340","post","type-post","status-publish","format-standard","has-post-thumbnail","hentry","category-mercado","tag-acoes","tag-azul-azul4","tag-bb-seguridade-bbse3","tag-raizen","tag-telefonica-vivt3"],"yoast_head":"<!-- This site is optimized with the Yoast SEO plugin v24.4 - https:\/\/yoast.com\/wordpress\/plugins\/seo\/ -->\n<title>BB Seguridade (BBSE3) escolhe CEO e Telef\u00f4nica (VIVT3) altera JCP<\/title>\n<meta name=\"description\" content=\"A informa\u00e7\u00e3o de que o BB Seguridade (BBSE3) escolheu um novo CEO ap\u00f3s a ren\u00fancia de Ullisses Silva Assis est\u00e1 entre os destaques.\" \/>\n<meta name=\"robots\" content=\"index, follow, max-snippet:-1, max-image-preview:large, max-video-preview:-1\" \/>\n<link rel=\"canonical\" href=\"https:\/\/www.suno.com.br\/noticias\/bb-seguridade-bbse3-escolhe-ceo-telefonica-vivt3-altera-jcp-va\/\" \/>\n<meta property=\"og:locale\" content=\"pt_BR\" \/>\n<meta property=\"og:type\" content=\"article\" \/>\n<meta property=\"og:title\" content=\"BB Seguridade (BBSE3) escolhe CEO e Telef\u00f4nica (VIVT3) altera JCP\" \/>\n<meta property=\"og:description\" content=\"A informa\u00e7\u00e3o de que o BB Seguridade (BBSE3) escolheu um novo CEO ap\u00f3s a ren\u00fancia de Ullisses Silva Assis est\u00e1 entre os destaques.\" \/>\n<meta property=\"og:url\" content=\"https:\/\/www.suno.com.br\/noticias\/bb-seguridade-bbse3-escolhe-ceo-telefonica-vivt3-altera-jcp-va\/\" \/>\n<meta property=\"og:site_name\" content=\"Suno Not\u00edcias\" \/>\n<meta property=\"article:publisher\" content=\"https:\/\/facebook.com\/sunoresearch\" \/>\n<meta property=\"og:image\" content=\"https:\/\/files.sunoresearch.com.br\/n\/uploads\/2023\/07\/bolsa-exchange-acoes.jpg\" \/>\n\t<meta property=\"og:image:width\" content=\"1200\" \/>\n\t<meta property=\"og:image:height\" content=\"800\" \/>\n\t<meta property=\"og:image:type\" content=\"image\/jpeg\" \/>\n<meta name=\"author\" content=\"Vin\u00edcius Alves\" \/>\n<meta name=\"twitter:card\" content=\"summary_large_image\" \/>\n<meta name=\"twitter:creator\" content=\"@sunoresearch\" \/>\n<meta name=\"twitter:site\" content=\"@sunoresearch\" \/>\n<meta name=\"twitter:label1\" content=\"Escrito por\" \/>\n\t<meta name=\"twitter:data1\" content=\"Vin\u00edcius Alves\" \/>\n\t<meta name=\"twitter:label2\" content=\"Est. tempo de leitura\" \/>\n\t<meta name=\"twitter:data2\" content=\"3 minutos\" \/>\n<script type=\"application\/ld+json\" class=\"yoast-schema-graph\">{\"@context\":\"https:\/\/schema.org\",\"@graph\":[{\"@type\":\"NewsArticle\",\"@id\":\"https:\/\/www.suno.com.br\/noticias\/bb-seguridade-bbse3-escolhe-ceo-telefonica-vivt3-altera-jcp-va\/#article\",\"isPartOf\":{\"@id\":\"https:\/\/www.suno.com.br\/noticias\/bb-seguridade-bbse3-escolhe-ceo-telefonica-vivt3-altera-jcp-va\/\"},\"author\":{\"name\":\"Vin\u00edcius Alves\",\"@id\":\"https:\/\/www.suno.com.br\/noticias\/#\/schema\/person\/4a180549702d0e236b3e420862bcded3\"},\"headline\":\"BB Seguridade (BBSE3) escolhe CEO e Telef\u00f4nica (VIVT3) altera JCP; veja mais destaques\u00a0\u00a0\",\"datePublished\":\"2023-12-27T15:24:15+00:00\",\"dateModified\":\"2023-12-27T15:24:21+00:00\",\"mainEntityOfPage\":{\"@id\":\"https:\/\/www.suno.com.br\/noticias\/bb-seguridade-bbse3-escolhe-ceo-telefonica-vivt3-altera-jcp-va\/\"},\"wordCount\":526,\"publisher\":{\"@id\":\"https:\/\/www.suno.com.br\/noticias\/#organization\"},\"image\":{\"@id\":\"https:\/\/www.suno.com.br\/noticias\/bb-seguridade-bbse3-escolhe-ceo-telefonica-vivt3-altera-jcp-va\/#primaryimage\"},\"thumbnailUrl\":\"https:\/\/files.sunoresearch.com.br\/n\/uploads\/2023\/07\/bolsa-exchange-acoes.jpg\",\"keywords\":[\"A\u00e7\u00f5es\",\"Azul (AZUL4)\",\"BB Seguridade (BBSE3)\",\"Ra\u00edzen\",\"Telef\u00f4nica (VIVT3)\"],\"articleSection\":[\"Mercado\"],\"inLanguage\":\"pt-BR\"},{\"@type\":\"WebPage\",\"@id\":\"https:\/\/www.suno.com.br\/noticias\/bb-seguridade-bbse3-escolhe-ceo-telefonica-vivt3-altera-jcp-va\/\",\"url\":\"https:\/\/www.suno.com.br\/noticias\/bb-seguridade-bbse3-escolhe-ceo-telefonica-vivt3-altera-jcp-va\/\",\"name\":\"BB Seguridade (BBSE3) escolhe CEO e Telef\u00f4nica (VIVT3) altera JCP\",\"isPartOf\":{\"@id\":\"https:\/\/www.suno.com.br\/noticias\/#website\"},\"primaryImageOfPage\":{\"@id\":\"https:\/\/www.suno.com.br\/noticias\/bb-seguridade-bbse3-escolhe-ceo-telefonica-vivt3-altera-jcp-va\/#primaryimage\"},\"image\":{\"@id\":\"https:\/\/www.suno.com.br\/noticias\/bb-seguridade-bbse3-escolhe-ceo-telefonica-vivt3-altera-jcp-va\/#primaryimage\"},\"thumbnailUrl\":\"https:\/\/files.sunoresearch.com.br\/n\/uploads\/2023\/07\/bolsa-exchange-acoes.jpg\",\"datePublished\":\"2023-12-27T15:24:15+00:00\",\"dateModified\":\"2023-12-27T15:24:21+00:00\",\"description\":\"A informa\u00e7\u00e3o de que o BB Seguridade (BBSE3) escolheu um novo CEO ap\u00f3s a ren\u00fancia de Ullisses Silva Assis est\u00e1 entre os destaques.\",\"breadcrumb\":{\"@id\":\"https:\/\/www.suno.com.br\/noticias\/bb-seguridade-bbse3-escolhe-ceo-telefonica-vivt3-altera-jcp-va\/#breadcrumb\"},\"inLanguage\":\"pt-BR\",\"potentialAction\":[{\"@type\":\"ReadAction\",\"target\":[\"https:\/\/www.suno.com.br\/noticias\/bb-seguridade-bbse3-escolhe-ceo-telefonica-vivt3-altera-jcp-va\/\"]}]},{\"@type\":\"ImageObject\",\"inLanguage\":\"pt-BR\",\"@id\":\"https:\/\/www.suno.com.br\/noticias\/bb-seguridade-bbse3-escolhe-ceo-telefonica-vivt3-altera-jcp-va\/#primaryimage\",\"url\":\"https:\/\/files.sunoresearch.com.br\/n\/uploads\/2023\/07\/bolsa-exchange-acoes.jpg\",\"contentUrl\":\"https:\/\/files.sunoresearch.com.br\/n\/uploads\/2023\/07\/bolsa-exchange-acoes.jpg\",\"width\":1200,\"height\":800,\"caption\":\"BB Seguridade (BBSE3) escolhe CEO e Telef\u00f4nica (VIVT3) altera JCP.Foto: iStock\"},{\"@type\":\"BreadcrumbList\",\"@id\":\"https:\/\/www.suno.com.br\/noticias\/bb-seguridade-bbse3-escolhe-ceo-telefonica-vivt3-altera-jcp-va\/#breadcrumb\",\"itemListElement\":[{\"@type\":\"ListItem\",\"position\":1,\"name\":\"Not\u00edcias\",\"item\":\"https:\/\/www.suno.com.br\/noticias\/\"},{\"@type\":\"ListItem\",\"position\":2,\"name\":\"Mercado\",\"item\":\"https:\/\/www.suno.com.br\/noticias\/mercado\/\"},{\"@type\":\"ListItem\",\"position\":3,\"name\":\"BB Seguridade (BBSE3) escolhe CEO e Telef\u00f4nica (VIVT3) altera JCP; veja mais destaques\u00a0\u00a0\"}]},{\"@type\":\"WebSite\",\"@id\":\"https:\/\/www.suno.com.br\/noticias\/#website\",\"url\":\"https:\/\/www.suno.com.br\/noticias\/\",\"name\":\"Suno Not\u00edcias\",\"description\":\"Seu portal de informa\u00e7\u00e3o sobre o mundo dos investimentos\",\"publisher\":{\"@id\":\"https:\/\/www.suno.com.br\/noticias\/#organization\"},\"potentialAction\":[{\"@type\":\"SearchAction\",\"target\":{\"@type\":\"EntryPoint\",\"urlTemplate\":\"https:\/\/www.suno.com.br\/noticias\/?s={search_term_string}\"},\"query-input\":{\"@type\":\"PropertyValueSpecification\",\"valueRequired\":true,\"valueName\":\"search_term_string\"}}],\"inLanguage\":\"pt-BR\"},{\"@type\":\"Organization\",\"@id\":\"https:\/\/www.suno.com.br\/noticias\/#organization\",\"name\":\"Suno Not\u00edcias\",\"url\":\"https:\/\/www.suno.com.br\/noticias\/\",\"logo\":{\"@type\":\"ImageObject\",\"inLanguage\":\"pt-BR\",\"@id\":\"https:\/\/www.suno.com.br\/noticias\/#\/schema\/logo\/image\/\",\"url\":\"https:\/\/files.sunoresearch.com.br\/n\/uploads\/2021\/09\/suno-logo.png\",\"contentUrl\":\"https:\/\/files.sunoresearch.com.br\/n\/uploads\/2021\/09\/suno-logo.png\",\"width\":180,\"height\":180,\"caption\":\"Suno Not\u00edcias\"},\"image\":{\"@id\":\"https:\/\/www.suno.com.br\/noticias\/#\/schema\/logo\/image\/\"},\"sameAs\":[\"https:\/\/facebook.com\/sunoresearch\",\"https:\/\/x.com\/sunoresearch\",\"https:\/\/www.instagram.com\/suno\",\"https:\/\/www.linkedin.com\/company\/suno-research\/\",\"https:\/\/www.youtube.com\/c\/sunoresearch\"]},{\"@type\":\"Person\",\"@id\":\"https:\/\/www.suno.com.br\/noticias\/#\/schema\/person\/4a180549702d0e236b3e420862bcded3\",\"name\":\"Vin\u00edcius Alves\",\"image\":{\"@type\":\"ImageObject\",\"inLanguage\":\"pt-BR\",\"@id\":\"https:\/\/www.suno.com.br\/noticias\/#\/schema\/person\/image\/\",\"url\":\"https:\/\/secure.gravatar.com\/avatar\/a95b7fe6d1b813f7907d4f476d5a39e1?s=96&r=g\",\"contentUrl\":\"https:\/\/secure.gravatar.com\/avatar\/a95b7fe6d1b813f7907d4f476d5a39e1?s=96&r=g\",\"caption\":\"Vin\u00edcius Alves\"},\"description\":\"Jornalista formado na Faculdade C\u00e1sper L\u00edbero. Com passagens pela Ag\u00eancia Estado, InfoMoney e Editora Globo.\",\"url\":\"https:\/\/www.suno.com.br\/noticias\/author\/vini08correiagmail-com\/\"}]}<\/script>\n<!-- \/ Yoast SEO plugin. -->","yoast_head_json":{"title":"BB Seguridade (BBSE3) escolhe CEO e Telef\u00f4nica (VIVT3) altera JCP","description":"A informa\u00e7\u00e3o de que o BB Seguridade (BBSE3) escolheu um novo CEO ap\u00f3s a ren\u00fancia de Ullisses Silva Assis est\u00e1 entre os destaques.","robots":{"index":"index","follow":"follow","max-snippet":"max-snippet:-1","max-image-preview":"max-image-preview:large","max-video-preview":"max-video-preview:-1"},"canonical":"https:\/\/www.suno.com.br\/noticias\/bb-seguridade-bbse3-escolhe-ceo-telefonica-vivt3-altera-jcp-va\/","og_locale":"pt_BR","og_type":"article","og_title":"BB Seguridade (BBSE3) escolhe CEO e Telef\u00f4nica (VIVT3) altera JCP","og_description":"A informa\u00e7\u00e3o de que o BB Seguridade (BBSE3) escolheu um novo CEO ap\u00f3s a ren\u00fancia de Ullisses Silva Assis est\u00e1 entre os destaques.","og_url":"https:\/\/www.suno.com.br\/noticias\/bb-seguridade-bbse3-escolhe-ceo-telefonica-vivt3-altera-jcp-va\/","og_site_name":"Suno Not\u00edcias","article_publisher":"https:\/\/facebook.com\/sunoresearch","og_image":[{"width":1200,"height":800,"url":"https:\/\/files.sunoresearch.com.br\/n\/uploads\/2023\/07\/bolsa-exchange-acoes.jpg","type":"image\/jpeg"}],"author":"Vin\u00edcius Alves","twitter_card":"summary_large_image","twitter_creator":"@sunoresearch","twitter_site":"@sunoresearch","twitter_misc":{"Escrito por":"Vin\u00edcius Alves","Est. tempo de leitura":"3 minutos"},"schema":{"@context":"https:\/\/schema.org","@graph":[{"@type":"NewsArticle","@id":"https:\/\/www.suno.com.br\/noticias\/bb-seguridade-bbse3-escolhe-ceo-telefonica-vivt3-altera-jcp-va\/#article","isPartOf":{"@id":"https:\/\/www.suno.com.br\/noticias\/bb-seguridade-bbse3-escolhe-ceo-telefonica-vivt3-altera-jcp-va\/"},"author":{"name":"Vin\u00edcius Alves","@id":"https:\/\/www.suno.com.br\/noticias\/#\/schema\/person\/4a180549702d0e236b3e420862bcded3"},"headline":"BB Seguridade (BBSE3) escolhe CEO e Telef\u00f4nica (VIVT3) altera JCP; veja mais destaques\u00a0\u00a0","datePublished":"2023-12-27T15:24:15+00:00","dateModified":"2023-12-27T15:24:21+00:00","mainEntityOfPage":{"@id":"https:\/\/www.suno.com.br\/noticias\/bb-seguridade-bbse3-escolhe-ceo-telefonica-vivt3-altera-jcp-va\/"},"wordCount":526,"publisher":{"@id":"https:\/\/www.suno.com.br\/noticias\/#organization"},"image":{"@id":"https:\/\/www.suno.com.br\/noticias\/bb-seguridade-bbse3-escolhe-ceo-telefonica-vivt3-altera-jcp-va\/#primaryimage"},"thumbnailUrl":"https:\/\/files.sunoresearch.com.br\/n\/uploads\/2023\/07\/bolsa-exchange-acoes.jpg","keywords":["A\u00e7\u00f5es","Azul (AZUL4)","BB Seguridade (BBSE3)","Ra\u00edzen","Telef\u00f4nica (VIVT3)"],"articleSection":["Mercado"],"inLanguage":"pt-BR"},{"@type":"WebPage","@id":"https:\/\/www.suno.com.br\/noticias\/bb-seguridade-bbse3-escolhe-ceo-telefonica-vivt3-altera-jcp-va\/","url":"https:\/\/www.suno.com.br\/noticias\/bb-seguridade-bbse3-escolhe-ceo-telefonica-vivt3-altera-jcp-va\/","name":"BB Seguridade (BBSE3) escolhe CEO e Telef\u00f4nica (VIVT3) altera JCP","isPartOf":{"@id":"https:\/\/www.suno.com.br\/noticias\/#website"},"primaryImageOfPage":{"@id":"https:\/\/www.suno.com.br\/noticias\/bb-seguridade-bbse3-escolhe-ceo-telefonica-vivt3-altera-jcp-va\/#primaryimage"},"image":{"@id":"https:\/\/www.suno.com.br\/noticias\/bb-seguridade-bbse3-escolhe-ceo-telefonica-vivt3-altera-jcp-va\/#primaryimage"},"thumbnailUrl":"https:\/\/files.sunoresearch.com.br\/n\/uploads\/2023\/07\/bolsa-exchange-acoes.jpg","datePublished":"2023-12-27T15:24:15+00:00","dateModified":"2023-12-27T15:24:21+00:00","description":"A informa\u00e7\u00e3o de que o BB Seguridade (BBSE3) escolheu um novo CEO ap\u00f3s a ren\u00fancia de Ullisses Silva Assis est\u00e1 entre os destaques.","breadcrumb":{"@id":"https:\/\/www.suno.com.br\/noticias\/bb-seguridade-bbse3-escolhe-ceo-telefonica-vivt3-altera-jcp-va\/#breadcrumb"},"inLanguage":"pt-BR","potentialAction":[{"@type":"ReadAction","target":["https:\/\/www.suno.com.br\/noticias\/bb-seguridade-bbse3-escolhe-ceo-telefonica-vivt3-altera-jcp-va\/"]}]},{"@type":"ImageObject","inLanguage":"pt-BR","@id":"https:\/\/www.suno.com.br\/noticias\/bb-seguridade-bbse3-escolhe-ceo-telefonica-vivt3-altera-jcp-va\/#primaryimage","url":"https:\/\/files.sunoresearch.com.br\/n\/uploads\/2023\/07\/bolsa-exchange-acoes.jpg","contentUrl":"https:\/\/files.sunoresearch.com.br\/n\/uploads\/2023\/07\/bolsa-exchange-acoes.jpg","width":1200,"height":800,"caption":"BB Seguridade (BBSE3) escolhe CEO e Telef\u00f4nica (VIVT3) altera JCP.Foto: iStock"},{"@type":"BreadcrumbList","@id":"https:\/\/www.suno.com.br\/noticias\/bb-seguridade-bbse3-escolhe-ceo-telefonica-vivt3-altera-jcp-va\/#breadcrumb","itemListElement":[{"@type":"ListItem","position":1,"name":"Not\u00edcias","item":"https:\/\/www.suno.com.br\/noticias\/"},{"@type":"ListItem","position":2,"name":"Mercado","item":"https:\/\/www.suno.com.br\/noticias\/mercado\/"},{"@type":"ListItem","position":3,"name":"BB Seguridade (BBSE3) escolhe CEO e Telef\u00f4nica (VIVT3) altera JCP; veja mais destaques\u00a0\u00a0"}]},{"@type":"WebSite","@id":"https:\/\/www.suno.com.br\/noticias\/#website","url":"https:\/\/www.suno.com.br\/noticias\/","name":"Suno Not\u00edcias","description":"Seu portal de informa\u00e7\u00e3o sobre o mundo dos investimentos","publisher":{"@id":"https:\/\/www.suno.com.br\/noticias\/#organization"},"potentialAction":[{"@type":"SearchAction","target":{"@type":"EntryPoint","urlTemplate":"https:\/\/www.suno.com.br\/noticias\/?s={search_term_string}"},"query-input":{"@type":"PropertyValueSpecification","valueRequired":true,"valueName":"search_term_string"}}],"inLanguage":"pt-BR"},{"@type":"Organization","@id":"https:\/\/www.suno.com.br\/noticias\/#organization","name":"Suno Not\u00edcias","url":"https:\/\/www.suno.com.br\/noticias\/","logo":{"@type":"ImageObject","inLanguage":"pt-BR","@id":"https:\/\/www.suno.com.br\/noticias\/#\/schema\/logo\/image\/","url":"https:\/\/files.sunoresearch.com.br\/n\/uploads\/2021\/09\/suno-logo.png","contentUrl":"https:\/\/files.sunoresearch.com.br\/n\/uploads\/2021\/09\/suno-logo.png","width":180,"height":180,"caption":"Suno Not\u00edcias"},"image":{"@id":"https:\/\/www.suno.com.br\/noticias\/#\/schema\/logo\/image\/"},"sameAs":["https:\/\/facebook.com\/sunoresearch","https:\/\/x.com\/sunoresearch","https:\/\/www.instagram.com\/suno","https:\/\/www.linkedin.com\/company\/suno-research\/","https:\/\/www.youtube.com\/c\/sunoresearch"]},{"@type":"Person","@id":"https:\/\/www.suno.com.br\/noticias\/#\/schema\/person\/4a180549702d0e236b3e420862bcded3","name":"Vin\u00edcius Alves","image":{"@type":"ImageObject","inLanguage":"pt-BR","@id":"https:\/\/www.suno.com.br\/noticias\/#\/schema\/person\/image\/","url":"https:\/\/secure.gravatar.com\/avatar\/a95b7fe6d1b813f7907d4f476d5a39e1?s=96&r=g","contentUrl":"https:\/\/secure.gravatar.com\/avatar\/a95b7fe6d1b813f7907d4f476d5a39e1?s=96&r=g","caption":"Vin\u00edcius Alves"},"description":"Jornalista formado na Faculdade C\u00e1sper L\u00edbero. Com passagens pela Ag\u00eancia Estado, InfoMoney e Editora Globo.","url":"https:\/\/www.suno.com.br\/noticias\/author\/vini08correiagmail-com\/"}]}},"default_loop_html":"<div class=\"cardsPage__listCard__boxs\"><div class=\"cardsPage__listCard__boxs__img\"><a href=\"https:\/\/www.suno.com.br\/noticias\/bb-seguridade-bbse3-escolhe-ceo-telefonica-vivt3-altera-jcp-va\/\"><img class=\"mask\" src=\"https:\/\/www.suno.com.br\/noticias\/wp-content\/themes\/suno\/resources\/images\/spotlight\/spotlight1img\/bg-mask.png\" alt=\"Image Mask\"\/><img src=\"https:\/\/files.sunoresearch.com.br\/n\/uploads\/2023\/07\/bolsa-exchange-acoes-400x200.jpg\" alt=\"BB Seguridade (BBSE3) escolhe CEO e Telef\u00f4nica (VIVT3) altera JCP; veja mais destaques\u00a0\u00a0\"\/><\/a><span class=\"spotlightCategory\"><a href=\"https:\/\/www.suno.com.br\/noticias\/mercado\/\">Mercado<\/a><\/span><\/div><div class=\"cardsPage__listCard__boxs__content\"><a href=\"https:\/\/www.suno.com.br\/noticias\/bb-seguridade-bbse3-escolhe-ceo-telefonica-vivt3-altera-jcp-va\/\"><h2 class=\"content__title\">BB Seguridade (BBSE3) escolhe CEO e Telef\u00f4nica (VIVT3) altera JCP; veja mais destaques\u00a0\u00a0<\/h2><\/a><div class=\"newsContent__article__meta\"><div class=\"newsContent__article__meta__authorBox\"><a href=\"https:\/\/www.suno.com.br\/noticias\/author\/vini08correiagmail-com\/\" class=\"authorBox__avatar noMobi\"><img src=\"https:\/\/files.sunoresearch.com.br\/n\/uploads\/2026\/04\/WhatsApp-Image-2026-04-20-at-19.35.48-150x150.webp\" alt=\"Vin\u00edcius Alves\"><\/a><div class=\"authorBox__name\"><span>por\n\t\t\t<a href=\"https:\/\/www.suno.com.br\/noticias\/author\/vini08correiagmail-com\/\"><span itemprop=\"author\">Vin\u00edcius Alves<\/span><\/a><\/span><time datetime=\"2023-12-27T12:24:15-03:00\" itemprop=\"datePublished\">27\/12\/2023 12:24<\/time><\/div><\/div><\/div><\/div><\/div>","single_layout":"posts","amp_enabled":true,"_links":{"self":[{"href":"https:\/\/www.suno.com.br\/noticias\/wp-json\/wp\/v2\/posts\/504340"}],"collection":[{"href":"https:\/\/www.suno.com.br\/noticias\/wp-json\/wp\/v2\/posts"}],"about":[{"href":"https:\/\/www.suno.com.br\/noticias\/wp-json\/wp\/v2\/types\/post"}],"author":[{"embeddable":true,"href":"https:\/\/www.suno.com.br\/noticias\/wp-json\/wp\/v2\/users\/301"}],"replies":[{"embeddable":true,"href":"https:\/\/www.suno.com.br\/noticias\/wp-json\/wp\/v2\/comments?post=504340"}],"version-history":[{"count":3,"href":"https:\/\/www.suno.com.br\/noticias\/wp-json\/wp\/v2\/posts\/504340\/revisions"}],"predecessor-version":[{"id":504355,"href":"https:\/\/www.suno.com.br\/noticias\/wp-json\/wp\/v2\/posts\/504340\/revisions\/504355"}],"wp:featuredmedia":[{"embeddable":true,"href":"https:\/\/www.suno.com.br\/noticias\/wp-json\/wp\/v2\/media\/425841"}],"wp:attachment":[{"href":"https:\/\/www.suno.com.br\/noticias\/wp-json\/wp\/v2\/media?parent=504340"}],"wp:term":[{"taxonomy":"category","embeddable":true,"href":"https:\/\/www.suno.com.br\/noticias\/wp-json\/wp\/v2\/categories?post=504340"},{"taxonomy":"post_tag","embeddable":true,"href":"https:\/\/www.suno.com.br\/noticias\/wp-json\/wp\/v2\/tags?post=504340"},{"taxonomy":"suno_strategy","embeddable":true,"href":"https:\/\/www.suno.com.br\/noticias\/wp-json\/wp\/v2\/suno_strategy?post=504340"}],"curies":[{"name":"wp","href":"https:\/\/api.w.org\/{rel}","templated":true}]}}