{"id":504147,"date":"2023-12-26T15:33:10","date_gmt":"2023-12-26T18:33:10","guid":{"rendered":"https:\/\/www.suno.com.br\/noticias\/?p=504147"},"modified":"2023-12-26T15:33:13","modified_gmt":"2023-12-26T18:33:13","slug":"novo-salario-minimo-2024-valor-data-jvj","status":"publish","type":"post","link":"https:\/\/www.suno.com.br\/noticias\/novo-salario-minimo-2024-valor-data-jvj\/","title":{"rendered":"Novo sal\u00e1rio m\u00ednimo 2024: veja o valor e quando passa a valer"},"content":{"rendered":"<p>O Congresso Nacional aprovou o novo Projeto de <a class=\"suno-keyword\" target=\"_blank\" data-force=\"no\" data-priority=\"2\" href=\"https:\/\/www.suno.com.br\/artigos\/lei-orcamentaria-anual\/\" rel=\"noopener\">Lei Or\u00e7ament\u00e1ria Anual<\/a> (Ploa) para o ano de 2024. Uma vota\u00e7\u00e3o simb\u00f3lica aconteceu na \u00faltima sexta-feira (22) e agora o projeto ser\u00e1 enviado para san\u00e7\u00e3o do presidente da rep\u00fablica, Luiz In\u00e1cio Lula da Silva (PT). O valor do<strong> sal\u00e1rio m\u00ednimo<\/strong> previsto no projeto \u00e9 de R$ 1.412.<\/p>\t<div class=\"wrapper-featured-image\">\n\t\t<figure class=\"spotlightImg\">\n\n\t\t\t<picture>\n\t\t\t\t<source media=\"(max-width: 768px)\" srcset=\"https:\/\/files.sunoresearch.com.br\/n\/uploads\/2023\/10\/salario-minimo-400x200.jpg\">\n\t\t\t\t<img loading=\"lazy\" decoding=\"async\" class=\"newsContent__article__imgCapa lazyloadDisabled \" src=\"https:\/\/files.sunoresearch.com.br\/n\/uploads\/2023\/10\/salario-minimo-800x450.jpg\" width=\"800\" height=\"450\" alt=\"Novo sal\u00e1rio m\u00ednimo 2024: veja o valor e quando passa a valer\" fetchpriority=high \/>\n\t\t\t<\/picture>\n\n\t\t\t<figcaption class=\"wp-caption-text wp-caption-text--show\">sal\u00e1rio m\u00ednimo 2025. Foto: Pixabay<\/figcaption>\n\t\t<\/figure>\n\t<\/div>\n\n\n\n\n\n\t<p>\n\t\t<a href=\"https:\/\/lp.suno.com.br\/ebook-como-analisar-uma-acao\/\" target=\"_blank\" data-element=\"shortcode-suno-banner\" title=\"Banner SUNO, clique e saiba mais\">\n\t\t\t<picture>\n\t\t\t\t<source media=\"(max-width: 500px)\" srcset=\"https:\/\/files.sunoresearch.com.br\/n\/uploads\/2023\/12\/Ebook-Acoes-Mobile.jpg\">\n\t\t\t\t<img class=\"newsContent__article__imgCapa newsContent__article__imgCapa--banner\"\n\t\t\t\t\tsrc=\"https:\/\/files.sunoresearch.com.br\/n\/uploads\/2023\/12\/Ebook-Acoes-Desktop.webp\"\n\t\t\t\t\tdata-promo-id=\"311260\"\t\t\t\t\t\t\t\t\t\twidth='1420' height='286'\t\t\t\t\talt=\"https:\/\/files.sunoresearch.com.br\/n\/uploads\/2023\/12\/Ebook-Acoes-Desktop.webp\"\n\t\t\t\t>\n\t\t\t<\/picture>\n\t\t<\/a>\n\t<\/p>\n\n\n\n\n\n<p>Esse novo valor do sal\u00e1rio m\u00ednimo est\u00e1 em conformidade com a quantia confirmada pelo ministro do Trabalho e Emprego, Luiz Marinho na \u00faltima quinta-feira (21). Apesar disso, o valor estimado pelo governo inicialmente era de R$ 1.421,00.<\/p>\n\n\n\n<p>Considerando o <strong>sal\u00e1rio m\u00ednimo atual<\/strong> de R$ 1.320,00, o novo valor mostra um adicional de R$ 92 (6,97%).<\/p>\n\n\n\n<p>A lei determina que a composi\u00e7\u00e3o da pol\u00edtica de valoriza\u00e7\u00e3o do sal\u00e1rio m\u00ednimo conta com a somat\u00f3ria de 2 \u00edndices, sendo um deles o \u00cdndice Nacional de Pre\u00e7o dos Consumidores (INPC) acumulado em 12 meses (considerando os dados at\u00e9 o m\u00eas de novembro) e o <a class=\"suno-keyword\" target=\"_blank\" data-force=\"no\" data-priority=\"2\" href=\"https:\/\/www.suno.com.br\/artigos\/pib-produto-interno-bruto\/\" rel=\"noopener\">produto interno bruto (PIB)<\/a> consolidado nos 2 \u00faltimos anos.<\/p>\n\n\n\t<div data-element=\"shortcode-read-more\" class=\"knowMore\">\n\t\t\t\t<span class=\"knowMore__title\">Leia mais<\/span>\n\t\t\t\t<a class=\"knowMore__link\" href=\"https:\/\/www.suno.com.br\/noticias\/itau-itub4-investe-subsidiaria-equatorial-eqtl3-va\/\">\n\t\t\tIta\u00fa (ITUB4) investe R$ 1,3 bilh\u00e3o em subsidi\u00e1ria da Equatorial (EQTL3) e refor\u00e7a presen\u00e7a no setor de energia\u00a0\t\t<\/a>\n\t<\/div>\n\n\n\n\n<p>No m\u00eas de novembro, o INPC veio abaixo das expectativas do mercado, o que fez com que o <strong>valor do sal\u00e1rio m\u00ednimo<\/strong> fosse um pouco inferior \u00e0 estimativa inicial do governo de R$ 1.421,00, que havia sido colocada em uma vers\u00e3o inicial do texto do Or\u00e7amento para 2024.<\/p>\n\n\n\n<p>Por conta disso, o governo tamb\u00e9m ter\u00e1 um menor custo com benef\u00edcios associados ao sal\u00e1rio m\u00ednimo, como os da Previd\u00eancia, por exemplo.<\/p>\n\n\n\n<h2 class=\"wp-block-heading\"><a><\/a>Quando passar\u00e1 a valer o novo sal\u00e1rio m\u00ednimo?<\/h2>\n\n\n\n<p>A expectativa \u00e9 de que Lula publique um decreto nos pr\u00f3ximos dias confirmando o novo valor do <strong>sal\u00e1rio m\u00ednimo em 2024<\/strong>. Uma vez confirmado, a nova quantia entrar\u00e1 em vigor a partir de 1\u00ba de janeiro de 2024.<\/p>\n\n\n\n<p>Al\u00e9m disso, esse valor ficar\u00e1 valendo at\u00e9 que uma nova lei que altere o valor seja discutida e aprovada pelos poderes competentes.<\/p>\n\n\n\n<p>Veja o hist\u00f3rico do sal\u00e1rio m\u00ednimo nos \u00faltimos 10 anos, conforme dados do Departamento Intersindical de Estat\u00edsticas e Estudos Socioecon\u00f4micos (Dieese).<\/p>\n\n\n\n<ul class=\"wp-block-list\">\n<li>2023: R$ 1.302\/ R$ 1.320<\/li>\n\n\n\n<li>2022: R$ 1.212<\/li>\n\n\n\n<li>2021: R$ 1.100<\/li>\n\n\n\n<li>2020: R$ 1.039\/ R$ 1.045<\/li>\n\n\n\n<li>2019: R$ 998<\/li>\n\n\n\n<li>2018: R$ 954<\/li>\n\n\n\n<li>2017: R$ 937<\/li>\n\n\n\n<li>2016: R$ 880<\/li>\n\n\n\n<li>2015: R$ 788<\/li>\n\n\n\n<li>2014: R$ 724<\/li>\n<\/ul>\n\n\n\n<p>Nota-se que o primeiro valor aprovado para 2023 foi de R$ 1.302, mas que passou por um reajuste at\u00e9 alcan\u00e7ar os R$ 1.320,00. No ano de 2020, o <strong>sal\u00e1rio m\u00ednimo<\/strong> tamb\u00e9m teve um reajuste adicional durante o ano, passando do valor inicial de R$ 1.039 para R$ 1.045.<\/p>\n\n\n\t<p>\n\t\t<a href=\"https:\/\/lp2.suno.com.br\/cl\/black-friday-2025\/?utm_campaign=_SNCDF0E4858_\" target=\"_blank\" data-element=\"shortcode-suno-banner\" title=\"Banner SUNO, clique e saiba mais\">\n\t\t\t<picture>\n\t\t\t\t<source media=\"(max-width: 500px)\" srcset=\"https:\/\/files.sunoresearch.com.br\/n\/uploads\/2025\/10\/Artigos-e-Noticias-Banner-Home-artigos-01-Mobile_-400x300-1-png.webp\">\n\t\t\t\t<img class=\"newsContent__article__imgCapa newsContent__article__imgCapa--banner\"\n\t\t\t\t\tsrc=\"https:\/\/files.sunoresearch.com.br\/n\/uploads\/2025\/10\/Artigos-e-Noticias-Banner-Home-artigos-01-Desktop_-1420x240-1-png.webp\"\n\t\t\t\t\tdata-promo-id=\"311259\"\t\t\t\t\t\t\t\t\t\twidth='1420' height='240'\t\t\t\t\talt=\"https:\/\/files.sunoresearch.com.br\/n\/uploads\/2025\/10\/Artigos-e-Noticias-Banner-Home-artigos-01-Desktop_-1420x240-1-png.webp\"\n\t\t\t\t>\n\t\t\t<\/picture>\n\t\t<\/a>\n\t<\/p>\n\n\n","protected":false},"excerpt":{"rendered":"<p>O Congresso Nacional aprovou o novo Projeto de Lei Or\u00e7ament\u00e1ria Anual (Ploa) para o ano de 2024. Uma vota\u00e7\u00e3o simb\u00f3lica aconteceu na \u00faltima sexta-feira (22) e agora o projeto ser\u00e1 enviado para san\u00e7\u00e3o do presidente da rep\u00fablica, Luiz In\u00e1cio Lula da Silva (PT). O valor do sal\u00e1rio m\u00ednimo previsto no projeto \u00e9 de R$ 1.412. [&hellip;]<\/p>\n","protected":false},"author":173,"featured_media":466374,"comment_status":"closed","ping_status":"closed","sticky":false,"template":"","format":"standard","meta":[],"categories":[64],"tags":[1824],"suno_strategy":[],"class_list":["post-504147","post","type-post","status-publish","format-standard","has-post-thumbnail","hentry","category-negocios","tag-salario-minimo"],"yoast_head":"<!-- This site is optimized with the Yoast SEO plugin v24.4 - https:\/\/yoast.com\/wordpress\/plugins\/seo\/ -->\n<title>Novo sal\u00e1rio m\u00ednimo 2024: veja o valor e quando passa a valer<\/title>\n<meta name=\"description\" content=\"O Congresso aprovou o novo Projeto de Lei Or\u00e7ament\u00e1ria Anual (Ploa) para 2024. Veja o valor do novo sal\u00e1rio m\u00ednimo e quando passa a valer.\" \/>\n<meta name=\"robots\" content=\"index, follow, max-snippet:-1, max-image-preview:large, max-video-preview:-1\" \/>\n<link rel=\"canonical\" href=\"https:\/\/www.suno.com.br\/noticias\/novo-salario-minimo-2024-valor-data-jvj\/\" \/>\n<meta property=\"og:locale\" content=\"pt_BR\" \/>\n<meta property=\"og:type\" content=\"article\" \/>\n<meta property=\"og:title\" content=\"Novo sal\u00e1rio m\u00ednimo 2024: veja o valor e quando passa a valer\" \/>\n<meta property=\"og:description\" content=\"O Congresso aprovou o novo Projeto de Lei Or\u00e7ament\u00e1ria Anual (Ploa) para 2024. Veja o valor do novo sal\u00e1rio m\u00ednimo e quando passa a valer.\" \/>\n<meta property=\"og:url\" content=\"https:\/\/www.suno.com.br\/noticias\/novo-salario-minimo-2024-valor-data-jvj\/\" \/>\n<meta property=\"og:site_name\" content=\"Suno Not\u00edcias\" \/>\n<meta property=\"article:publisher\" content=\"https:\/\/facebook.com\/sunoresearch\" \/>\n<meta property=\"og:image\" content=\"https:\/\/files.sunoresearch.com.br\/n\/uploads\/2023\/10\/salario-minimo.jpg\" \/>\n\t<meta property=\"og:image:width\" content=\"1280\" \/>\n\t<meta property=\"og:image:height\" content=\"853\" \/>\n\t<meta property=\"og:image:type\" content=\"image\/jpeg\" \/>\n<meta name=\"author\" content=\"Jo\u00e3o Vitor\" \/>\n<meta name=\"twitter:card\" content=\"summary_large_image\" \/>\n<meta name=\"twitter:creator\" content=\"@sunoresearch\" \/>\n<meta name=\"twitter:site\" content=\"@sunoresearch\" \/>\n<meta name=\"twitter:label1\" content=\"Escrito por\" \/>\n\t<meta name=\"twitter:data1\" content=\"Jo\u00e3o Vitor\" \/>\n\t<meta name=\"twitter:label2\" content=\"Est. tempo de leitura\" \/>\n\t<meta name=\"twitter:data2\" content=\"3 minutos\" \/>\n<script type=\"application\/ld+json\" class=\"yoast-schema-graph\">{\"@context\":\"https:\/\/schema.org\",\"@graph\":[{\"@type\":\"NewsArticle\",\"@id\":\"https:\/\/www.suno.com.br\/noticias\/novo-salario-minimo-2024-valor-data-jvj\/#article\",\"isPartOf\":{\"@id\":\"https:\/\/www.suno.com.br\/noticias\/novo-salario-minimo-2024-valor-data-jvj\/\"},\"author\":{\"name\":\"Jo\u00e3o Vitor\",\"@id\":\"https:\/\/www.suno.com.br\/noticias\/#\/schema\/person\/87fc6973867c52dd884811905c43afba\"},\"headline\":\"Novo sal\u00e1rio m\u00ednimo 2024: veja o valor e quando passa a valer\",\"datePublished\":\"2023-12-26T18:33:10+00:00\",\"dateModified\":\"2023-12-26T18:33:13+00:00\",\"mainEntityOfPage\":{\"@id\":\"https:\/\/www.suno.com.br\/noticias\/novo-salario-minimo-2024-valor-data-jvj\/\"},\"wordCount\":422,\"publisher\":{\"@id\":\"https:\/\/www.suno.com.br\/noticias\/#organization\"},\"image\":{\"@id\":\"https:\/\/www.suno.com.br\/noticias\/novo-salario-minimo-2024-valor-data-jvj\/#primaryimage\"},\"thumbnailUrl\":\"https:\/\/files.sunoresearch.com.br\/n\/uploads\/2023\/10\/salario-minimo.jpg\",\"keywords\":[\"sal\u00e1rio m\u00ednimo\"],\"articleSection\":[\"Neg\u00f3cios\"],\"inLanguage\":\"pt-BR\"},{\"@type\":\"WebPage\",\"@id\":\"https:\/\/www.suno.com.br\/noticias\/novo-salario-minimo-2024-valor-data-jvj\/\",\"url\":\"https:\/\/www.suno.com.br\/noticias\/novo-salario-minimo-2024-valor-data-jvj\/\",\"name\":\"Novo sal\u00e1rio m\u00ednimo 2024: veja o valor e quando passa a valer\",\"isPartOf\":{\"@id\":\"https:\/\/www.suno.com.br\/noticias\/#website\"},\"primaryImageOfPage\":{\"@id\":\"https:\/\/www.suno.com.br\/noticias\/novo-salario-minimo-2024-valor-data-jvj\/#primaryimage\"},\"image\":{\"@id\":\"https:\/\/www.suno.com.br\/noticias\/novo-salario-minimo-2024-valor-data-jvj\/#primaryimage\"},\"thumbnailUrl\":\"https:\/\/files.sunoresearch.com.br\/n\/uploads\/2023\/10\/salario-minimo.jpg\",\"datePublished\":\"2023-12-26T18:33:10+00:00\",\"dateModified\":\"2023-12-26T18:33:13+00:00\",\"description\":\"O Congresso aprovou o novo Projeto de Lei Or\u00e7ament\u00e1ria Anual (Ploa) para 2024. Veja o valor do novo sal\u00e1rio m\u00ednimo e quando passa a valer.\",\"breadcrumb\":{\"@id\":\"https:\/\/www.suno.com.br\/noticias\/novo-salario-minimo-2024-valor-data-jvj\/#breadcrumb\"},\"inLanguage\":\"pt-BR\",\"potentialAction\":[{\"@type\":\"ReadAction\",\"target\":[\"https:\/\/www.suno.com.br\/noticias\/novo-salario-minimo-2024-valor-data-jvj\/\"]}]},{\"@type\":\"ImageObject\",\"inLanguage\":\"pt-BR\",\"@id\":\"https:\/\/www.suno.com.br\/noticias\/novo-salario-minimo-2024-valor-data-jvj\/#primaryimage\",\"url\":\"https:\/\/files.sunoresearch.com.br\/n\/uploads\/2023\/10\/salario-minimo.jpg\",\"contentUrl\":\"https:\/\/files.sunoresearch.com.br\/n\/uploads\/2023\/10\/salario-minimo.jpg\",\"width\":1280,\"height\":853,\"caption\":\"sal\u00e1rio m\u00ednimo 2025. Foto: Pixabay\"},{\"@type\":\"BreadcrumbList\",\"@id\":\"https:\/\/www.suno.com.br\/noticias\/novo-salario-minimo-2024-valor-data-jvj\/#breadcrumb\",\"itemListElement\":[{\"@type\":\"ListItem\",\"position\":1,\"name\":\"Not\u00edcias\",\"item\":\"https:\/\/www.suno.com.br\/noticias\/\"},{\"@type\":\"ListItem\",\"position\":2,\"name\":\"Neg\u00f3cios\",\"item\":\"https:\/\/www.suno.com.br\/noticias\/negocios\/\"},{\"@type\":\"ListItem\",\"position\":3,\"name\":\"Novo sal\u00e1rio m\u00ednimo 2024: veja o valor e quando passa a valer\"}]},{\"@type\":\"WebSite\",\"@id\":\"https:\/\/www.suno.com.br\/noticias\/#website\",\"url\":\"https:\/\/www.suno.com.br\/noticias\/\",\"name\":\"Suno Not\u00edcias\",\"description\":\"Seu portal de informa\u00e7\u00e3o sobre o mundo dos investimentos\",\"publisher\":{\"@id\":\"https:\/\/www.suno.com.br\/noticias\/#organization\"},\"potentialAction\":[{\"@type\":\"SearchAction\",\"target\":{\"@type\":\"EntryPoint\",\"urlTemplate\":\"https:\/\/www.suno.com.br\/noticias\/?s={search_term_string}\"},\"query-input\":{\"@type\":\"PropertyValueSpecification\",\"valueRequired\":true,\"valueName\":\"search_term_string\"}}],\"inLanguage\":\"pt-BR\"},{\"@type\":\"Organization\",\"@id\":\"https:\/\/www.suno.com.br\/noticias\/#organization\",\"name\":\"Suno Not\u00edcias\",\"url\":\"https:\/\/www.suno.com.br\/noticias\/\",\"logo\":{\"@type\":\"ImageObject\",\"inLanguage\":\"pt-BR\",\"@id\":\"https:\/\/www.suno.com.br\/noticias\/#\/schema\/logo\/image\/\",\"url\":\"https:\/\/files.sunoresearch.com.br\/n\/uploads\/2021\/09\/suno-logo.png\",\"contentUrl\":\"https:\/\/files.sunoresearch.com.br\/n\/uploads\/2021\/09\/suno-logo.png\",\"width\":180,\"height\":180,\"caption\":\"Suno Not\u00edcias\"},\"image\":{\"@id\":\"https:\/\/www.suno.com.br\/noticias\/#\/schema\/logo\/image\/\"},\"sameAs\":[\"https:\/\/facebook.com\/sunoresearch\",\"https:\/\/x.com\/sunoresearch\",\"https:\/\/www.instagram.com\/suno\",\"https:\/\/www.linkedin.com\/company\/suno-research\/\",\"https:\/\/www.youtube.com\/c\/sunoresearch\"]},{\"@type\":\"Person\",\"@id\":\"https:\/\/www.suno.com.br\/noticias\/#\/schema\/person\/87fc6973867c52dd884811905c43afba\",\"name\":\"Jo\u00e3o Vitor\",\"image\":{\"@type\":\"ImageObject\",\"inLanguage\":\"pt-BR\",\"@id\":\"https:\/\/www.suno.com.br\/noticias\/#\/schema\/person\/image\/\",\"url\":\"https:\/\/secure.gravatar.com\/avatar\/2843227ca03ccf8cc7ccca45204c127e?s=96&r=g\",\"contentUrl\":\"https:\/\/secure.gravatar.com\/avatar\/2843227ca03ccf8cc7ccca45204c127e?s=96&r=g\",\"caption\":\"Jo\u00e3o Vitor\"},\"description\":\"Redator profissional, com atua\u00e7\u00e3o no mercado editorial na produ\u00e7\u00e3o de not\u00edcias e conte\u00fados sobre o mercado de a\u00e7\u00f5es, fundos imobili\u00e1rios e economia popular. Graduando em Engenharia Qu\u00edmica pela Unesp, tamb\u00e9m j\u00e1 atuou como consultor financeiro.\",\"url\":\"https:\/\/www.suno.com.br\/noticias\/author\/joao-vitor-jacintho\/\"}]}<\/script>\n<!-- \/ Yoast SEO plugin. -->","yoast_head_json":{"title":"Novo sal\u00e1rio m\u00ednimo 2024: veja o valor e quando passa a valer","description":"O Congresso aprovou o novo Projeto de Lei Or\u00e7ament\u00e1ria Anual (Ploa) para 2024. Veja o valor do novo sal\u00e1rio m\u00ednimo e quando passa a valer.","robots":{"index":"index","follow":"follow","max-snippet":"max-snippet:-1","max-image-preview":"max-image-preview:large","max-video-preview":"max-video-preview:-1"},"canonical":"https:\/\/www.suno.com.br\/noticias\/novo-salario-minimo-2024-valor-data-jvj\/","og_locale":"pt_BR","og_type":"article","og_title":"Novo sal\u00e1rio m\u00ednimo 2024: veja o valor e quando passa a valer","og_description":"O Congresso aprovou o novo Projeto de Lei Or\u00e7ament\u00e1ria Anual (Ploa) para 2024. Veja o valor do novo sal\u00e1rio m\u00ednimo e quando passa a valer.","og_url":"https:\/\/www.suno.com.br\/noticias\/novo-salario-minimo-2024-valor-data-jvj\/","og_site_name":"Suno Not\u00edcias","article_publisher":"https:\/\/facebook.com\/sunoresearch","og_image":[{"width":1280,"height":853,"url":"https:\/\/files.sunoresearch.com.br\/n\/uploads\/2023\/10\/salario-minimo.jpg","type":"image\/jpeg"}],"author":"Jo\u00e3o Vitor","twitter_card":"summary_large_image","twitter_creator":"@sunoresearch","twitter_site":"@sunoresearch","twitter_misc":{"Escrito por":"Jo\u00e3o Vitor","Est. tempo de leitura":"3 minutos"},"schema":{"@context":"https:\/\/schema.org","@graph":[{"@type":"NewsArticle","@id":"https:\/\/www.suno.com.br\/noticias\/novo-salario-minimo-2024-valor-data-jvj\/#article","isPartOf":{"@id":"https:\/\/www.suno.com.br\/noticias\/novo-salario-minimo-2024-valor-data-jvj\/"},"author":{"name":"Jo\u00e3o Vitor","@id":"https:\/\/www.suno.com.br\/noticias\/#\/schema\/person\/87fc6973867c52dd884811905c43afba"},"headline":"Novo sal\u00e1rio m\u00ednimo 2024: veja o valor e quando passa a valer","datePublished":"2023-12-26T18:33:10+00:00","dateModified":"2023-12-26T18:33:13+00:00","mainEntityOfPage":{"@id":"https:\/\/www.suno.com.br\/noticias\/novo-salario-minimo-2024-valor-data-jvj\/"},"wordCount":422,"publisher":{"@id":"https:\/\/www.suno.com.br\/noticias\/#organization"},"image":{"@id":"https:\/\/www.suno.com.br\/noticias\/novo-salario-minimo-2024-valor-data-jvj\/#primaryimage"},"thumbnailUrl":"https:\/\/files.sunoresearch.com.br\/n\/uploads\/2023\/10\/salario-minimo.jpg","keywords":["sal\u00e1rio m\u00ednimo"],"articleSection":["Neg\u00f3cios"],"inLanguage":"pt-BR"},{"@type":"WebPage","@id":"https:\/\/www.suno.com.br\/noticias\/novo-salario-minimo-2024-valor-data-jvj\/","url":"https:\/\/www.suno.com.br\/noticias\/novo-salario-minimo-2024-valor-data-jvj\/","name":"Novo sal\u00e1rio m\u00ednimo 2024: veja o valor e quando passa a valer","isPartOf":{"@id":"https:\/\/www.suno.com.br\/noticias\/#website"},"primaryImageOfPage":{"@id":"https:\/\/www.suno.com.br\/noticias\/novo-salario-minimo-2024-valor-data-jvj\/#primaryimage"},"image":{"@id":"https:\/\/www.suno.com.br\/noticias\/novo-salario-minimo-2024-valor-data-jvj\/#primaryimage"},"thumbnailUrl":"https:\/\/files.sunoresearch.com.br\/n\/uploads\/2023\/10\/salario-minimo.jpg","datePublished":"2023-12-26T18:33:10+00:00","dateModified":"2023-12-26T18:33:13+00:00","description":"O Congresso aprovou o novo Projeto de Lei Or\u00e7ament\u00e1ria Anual (Ploa) para 2024. Veja o valor do novo sal\u00e1rio m\u00ednimo e quando passa a valer.","breadcrumb":{"@id":"https:\/\/www.suno.com.br\/noticias\/novo-salario-minimo-2024-valor-data-jvj\/#breadcrumb"},"inLanguage":"pt-BR","potentialAction":[{"@type":"ReadAction","target":["https:\/\/www.suno.com.br\/noticias\/novo-salario-minimo-2024-valor-data-jvj\/"]}]},{"@type":"ImageObject","inLanguage":"pt-BR","@id":"https:\/\/www.suno.com.br\/noticias\/novo-salario-minimo-2024-valor-data-jvj\/#primaryimage","url":"https:\/\/files.sunoresearch.com.br\/n\/uploads\/2023\/10\/salario-minimo.jpg","contentUrl":"https:\/\/files.sunoresearch.com.br\/n\/uploads\/2023\/10\/salario-minimo.jpg","width":1280,"height":853,"caption":"sal\u00e1rio m\u00ednimo 2025. Foto: Pixabay"},{"@type":"BreadcrumbList","@id":"https:\/\/www.suno.com.br\/noticias\/novo-salario-minimo-2024-valor-data-jvj\/#breadcrumb","itemListElement":[{"@type":"ListItem","position":1,"name":"Not\u00edcias","item":"https:\/\/www.suno.com.br\/noticias\/"},{"@type":"ListItem","position":2,"name":"Neg\u00f3cios","item":"https:\/\/www.suno.com.br\/noticias\/negocios\/"},{"@type":"ListItem","position":3,"name":"Novo sal\u00e1rio m\u00ednimo 2024: veja o valor e quando passa a valer"}]},{"@type":"WebSite","@id":"https:\/\/www.suno.com.br\/noticias\/#website","url":"https:\/\/www.suno.com.br\/noticias\/","name":"Suno Not\u00edcias","description":"Seu portal de informa\u00e7\u00e3o sobre o mundo dos investimentos","publisher":{"@id":"https:\/\/www.suno.com.br\/noticias\/#organization"},"potentialAction":[{"@type":"SearchAction","target":{"@type":"EntryPoint","urlTemplate":"https:\/\/www.suno.com.br\/noticias\/?s={search_term_string}"},"query-input":{"@type":"PropertyValueSpecification","valueRequired":true,"valueName":"search_term_string"}}],"inLanguage":"pt-BR"},{"@type":"Organization","@id":"https:\/\/www.suno.com.br\/noticias\/#organization","name":"Suno Not\u00edcias","url":"https:\/\/www.suno.com.br\/noticias\/","logo":{"@type":"ImageObject","inLanguage":"pt-BR","@id":"https:\/\/www.suno.com.br\/noticias\/#\/schema\/logo\/image\/","url":"https:\/\/files.sunoresearch.com.br\/n\/uploads\/2021\/09\/suno-logo.png","contentUrl":"https:\/\/files.sunoresearch.com.br\/n\/uploads\/2021\/09\/suno-logo.png","width":180,"height":180,"caption":"Suno Not\u00edcias"},"image":{"@id":"https:\/\/www.suno.com.br\/noticias\/#\/schema\/logo\/image\/"},"sameAs":["https:\/\/facebook.com\/sunoresearch","https:\/\/x.com\/sunoresearch","https:\/\/www.instagram.com\/suno","https:\/\/www.linkedin.com\/company\/suno-research\/","https:\/\/www.youtube.com\/c\/sunoresearch"]},{"@type":"Person","@id":"https:\/\/www.suno.com.br\/noticias\/#\/schema\/person\/87fc6973867c52dd884811905c43afba","name":"Jo\u00e3o Vitor","image":{"@type":"ImageObject","inLanguage":"pt-BR","@id":"https:\/\/www.suno.com.br\/noticias\/#\/schema\/person\/image\/","url":"https:\/\/secure.gravatar.com\/avatar\/2843227ca03ccf8cc7ccca45204c127e?s=96&r=g","contentUrl":"https:\/\/secure.gravatar.com\/avatar\/2843227ca03ccf8cc7ccca45204c127e?s=96&r=g","caption":"Jo\u00e3o Vitor"},"description":"Redator profissional, com atua\u00e7\u00e3o no mercado editorial na produ\u00e7\u00e3o de not\u00edcias e conte\u00fados sobre o mercado de a\u00e7\u00f5es, fundos imobili\u00e1rios e economia popular. Graduando em Engenharia Qu\u00edmica pela Unesp, tamb\u00e9m j\u00e1 atuou como consultor financeiro.","url":"https:\/\/www.suno.com.br\/noticias\/author\/joao-vitor-jacintho\/"}]}},"default_loop_html":"<div class=\"cardsPage__listCard__boxs\"><div class=\"cardsPage__listCard__boxs__img\"><a href=\"https:\/\/www.suno.com.br\/noticias\/novo-salario-minimo-2024-valor-data-jvj\/\"><img class=\"mask\" src=\"https:\/\/www.suno.com.br\/noticias\/wp-content\/themes\/suno\/resources\/images\/spotlight\/spotlight1img\/bg-mask.png\" alt=\"Image Mask\"\/><img src=\"https:\/\/files.sunoresearch.com.br\/n\/uploads\/2023\/10\/salario-minimo-400x200.jpg\" alt=\"Novo sal\u00e1rio m\u00ednimo 2024: veja o valor e quando passa a valer\"\/><\/a><span class=\"spotlightCategory\"><a href=\"https:\/\/www.suno.com.br\/noticias\/negocios\/\">Neg\u00f3cios<\/a><\/span><\/div><div class=\"cardsPage__listCard__boxs__content\"><a href=\"https:\/\/www.suno.com.br\/noticias\/novo-salario-minimo-2024-valor-data-jvj\/\"><h2 class=\"content__title\">Novo sal\u00e1rio m\u00ednimo 2024: veja o valor e quando passa a valer<\/h2><\/a><div class=\"newsContent__article__meta\"><div class=\"newsContent__article__meta__authorBox\"><a href=\"https:\/\/www.suno.com.br\/noticias\/author\/joao-vitor-jacintho\/\" class=\"authorBox__avatar noMobi\"><img src=\"https:\/\/secure.gravatar.com\/avatar\/2843227ca03ccf8cc7ccca45204c127e?s=96&#038;r=g\" alt=\"Jo\u00e3o Vitor Jacintho\"><\/a><div class=\"authorBox__name\"><span>por\n\t\t\t<a href=\"https:\/\/www.suno.com.br\/noticias\/author\/joao-vitor-jacintho\/\"><span itemprop=\"author\">Jo\u00e3o Vitor Jacintho<\/span><\/a><\/span><time datetime=\"2023-12-26T15:33:10-03:00\" itemprop=\"datePublished\">26\/12\/2023 15:33<\/time><\/div><\/div><\/div><\/div><\/div>","single_layout":"posts","amp_enabled":true,"_links":{"self":[{"href":"https:\/\/www.suno.com.br\/noticias\/wp-json\/wp\/v2\/posts\/504147"}],"collection":[{"href":"https:\/\/www.suno.com.br\/noticias\/wp-json\/wp\/v2\/posts"}],"about":[{"href":"https:\/\/www.suno.com.br\/noticias\/wp-json\/wp\/v2\/types\/post"}],"author":[{"embeddable":true,"href":"https:\/\/www.suno.com.br\/noticias\/wp-json\/wp\/v2\/users\/173"}],"replies":[{"embeddable":true,"href":"https:\/\/www.suno.com.br\/noticias\/wp-json\/wp\/v2\/comments?post=504147"}],"version-history":[{"count":2,"href":"https:\/\/www.suno.com.br\/noticias\/wp-json\/wp\/v2\/posts\/504147\/revisions"}],"predecessor-version":[{"id":504156,"href":"https:\/\/www.suno.com.br\/noticias\/wp-json\/wp\/v2\/posts\/504147\/revisions\/504156"}],"wp:featuredmedia":[{"embeddable":true,"href":"https:\/\/www.suno.com.br\/noticias\/wp-json\/wp\/v2\/media\/466374"}],"wp:attachment":[{"href":"https:\/\/www.suno.com.br\/noticias\/wp-json\/wp\/v2\/media?parent=504147"}],"wp:term":[{"taxonomy":"category","embeddable":true,"href":"https:\/\/www.suno.com.br\/noticias\/wp-json\/wp\/v2\/categories?post=504147"},{"taxonomy":"post_tag","embeddable":true,"href":"https:\/\/www.suno.com.br\/noticias\/wp-json\/wp\/v2\/tags?post=504147"},{"taxonomy":"suno_strategy","embeddable":true,"href":"https:\/\/www.suno.com.br\/noticias\/wp-json\/wp\/v2\/suno_strategy?post=504147"}],"curies":[{"name":"wp","href":"https:\/\/api.w.org\/{rel}","templated":true}]}}