{"id":50393,"date":"2020-01-21T13:13:43","date_gmt":"2020-01-21T15:13:43","guid":{"rendered":"https:\/\/www.suno.com.br\/noticias\/?p=50393"},"modified":"2020-01-21T13:13:43","modified_gmt":"2020-01-21T15:13:43","slug":"itau-nao-ha-objetivo-tao-claro-como-previdencia-diz-mesquita","status":"publish","type":"post","link":"https:\/\/www.suno.com.br\/noticias\/itau-nao-ha-objetivo-tao-claro-como-previdencia-diz-mesquita\/","title":{"rendered":"Ita\u00fa: N\u00e3o h\u00e1 objetivo t\u00e3o claro como Previd\u00eancia, diz Mesquita"},"content":{"rendered":"<p>O economista-chefe do <strong>Ita\u00fa<\/strong>. M\u00e1rio Mesquita, afirmou que neste ano o Brasil n\u00e3o tem um objetivo tra\u00e7ado t\u00e3o claro quanto foi a reforma da Previd\u00eancia no ano passado. A avalia\u00e7\u00e3o foi feita ap\u00f3s evento nesta ter\u00e7a-feira (21) da empresa no F\u00f3rum Econ\u00f4mico Mundial. O Suno Not\u00edcias est\u00e1 cobrindo o encontro diretamente de Davos.<\/p>\t<div class=\"wrapper-featured-image\">\n\t\t<figure class=\"spotlightImg\">\n\n\t\t\t<picture>\n\t\t\t\t<source media=\"(max-width: 768px)\" srcset=\"https:\/\/files.sunoresearch.com.br\/n\/uploads\/2019\/09\/60797fd9-m\u00e1rio-mesquita-400x200.webp\">\n\t\t\t\t<img loading=\"lazy\" decoding=\"async\" class=\"newsContent__article__imgCapa lazyloadDisabled newsContent__article__imgCapa--noCaption\" src=\"https:\/\/files.sunoresearch.com.br\/n\/uploads\/2019\/09\/60797fd9-m\u00e1rio-mesquita-800x450.webp\" width=\"800\" height=\"450\" alt=\"Ita\u00fa: N\u00e3o h\u00e1 objetivo t\u00e3o claro como Previd\u00eancia, diz Mesquita\" fetchpriority=high \/>\n\t\t\t<\/picture>\n\n\t\t\t<figcaption class=\"wp-caption-text wp-caption-text--hide\">Ita\u00fa - Mario Mesquita<\/figcaption>\n\t\t<\/figure>\n\t<\/div>\n\n\n\n<p>Para Mesquita, a mudan\u00e7a nas regras da aposentadoria &#8220;\u00e9 um divisor de \u00e1guas na situa\u00e7\u00e3o fiscal brasileira&#8221;. A expectativa, segundo o executivo, \u00e9 que a economia do Pa\u00eds cres\u00e7a mais neste ano do que no ano passado.<\/p>\n<p>No encontro promovido pelo banco, o ministro da Economia, Paulo Guedes, falou sobre os assuntos referentes ao Brasil como: reforma da Previd\u00eancia, reforma tribut\u00e1ria e pacto federativo. Na plat\u00e9ia estavam, al\u00e9m de representantes de empresas nacionais, <a href=\"https:\/\/www.youtube.com\/channel\/UCWDeEIDAIi_oYKDiqwfGyRg\">investidores<\/a> estrangeiros.<\/p>\n<p><a href=\"https:\/\/www.suno.com.br\/noticias\/reforma-tributaria-deve-aliviar-area-fiscal\/\">Veja tamb\u00e9m: Reforma tribut\u00e1ria deve aliviar \u00e1rea fiscal de empresas, diz Bradesco<\/a><\/p>\n<p>Segundo Mesquita, um outro assunto abordado por Guedes e que ganhou destaque foi investimentos em infraestrutura. O tema foi acompanhado por investidores europeus do setor que estavam na plateia, segundo o economista-chefe do Ita\u00fa.<\/p>\n<p>Mesquita tamb\u00e9m falou que as medidas do governo e o consequente avan\u00e7o da economia deve aumentar o interesse dos estrangeiros no Brasil.<\/p>\n<h2>Privatiza\u00e7\u00f5es<\/h2>\n<p>O economista-chefe do Ita\u00fa afirmou tamb\u00e9m que, na sua vis\u00e3o, as privatiza\u00e7\u00f5es est\u00e3o se desenvolvendo em um n\u00edvel importante. &#8220;O governo acabou vendendo at\u00e9 mais ativos do que se esperava no ano passado. A privatiza\u00e7\u00e3o de grandes empresas estatais acaba sendo um tema mais controverso, mas o governo vai continuar com a venda de participa\u00e7\u00f5es minorit\u00e1rias que s\u00e3o bastante expressivas&#8221;.<\/p>\n<p>Sobre os poss\u00edveis riscos no cen\u00e1rio de reformas no Brasil, M\u00e1rio Mesquita disse que esse tipo de preocupa\u00e7\u00e3o sempre existe. &#8220;O maior deles seria o Brasil abandonar a agenda de reformas ou reverter alguma reforma fiscal&#8221;, disse o economista-chefe do <strong>Ita\u00fa<\/strong>.<\/p>\n","protected":false},"excerpt":{"rendered":"<p>O economista-chefe do Ita\u00fa. M\u00e1rio Mesquita, afirmou que neste ano o Brasil n\u00e3o tem um objetivo tra\u00e7ado t\u00e3o claro quanto foi a reforma da Previd\u00eancia no ano passado. A avalia\u00e7\u00e3o foi feita ap\u00f3s evento nesta ter\u00e7a-feira (21) da empresa no F\u00f3rum Econ\u00f4mico Mundial. O Suno Not\u00edcias est\u00e1 cobrindo o encontro diretamente de Davos. Ita\u00fa &#8211; [&hellip;]<\/p>\n","protected":false},"author":19,"featured_media":37927,"comment_status":"closed","ping_status":"closed","sticky":false,"template":"","format":"standard","meta":[],"categories":[64],"tags":[1886],"suno_strategy":[],"class_list":["post-50393","post","type-post","status-publish","format-standard","has-post-thumbnail","hentry","category-negocios","tag-itau-bba"],"yoast_head":"<!-- This site is optimized with the Yoast SEO plugin v24.4 - https:\/\/yoast.com\/wordpress\/plugins\/seo\/ -->\n<title>Ita\u00fa: N\u00e3o h\u00e1 objetivo t\u00e3o claro como Previd\u00eancia, diz Mesquita<\/title>\n<meta name=\"description\" content=\"M\u00e1rio Mesquita, executivo do Ita\u00fa, disse que neste ano n\u00e3o h\u00e1 um objetivo t\u00e3o claro quanto foi a reforma da Previd\u00eancia em 2019. Saiba mais.\" \/>\n<meta name=\"robots\" content=\"index, follow, max-snippet:-1, max-image-preview:large, max-video-preview:-1\" \/>\n<link rel=\"canonical\" href=\"https:\/\/www.suno.com.br\/noticias\/itau-nao-ha-objetivo-tao-claro-como-previdencia-diz-mesquita\/\" \/>\n<meta property=\"og:locale\" content=\"pt_BR\" \/>\n<meta property=\"og:type\" content=\"article\" \/>\n<meta property=\"og:title\" content=\"Ita\u00fa: N\u00e3o h\u00e1 objetivo t\u00e3o claro como Previd\u00eancia, diz Mesquita\" \/>\n<meta property=\"og:description\" content=\"M\u00e1rio Mesquita, executivo do Ita\u00fa, disse que neste ano n\u00e3o h\u00e1 um objetivo t\u00e3o claro quanto foi a reforma da Previd\u00eancia em 2019. Saiba mais.\" \/>\n<meta property=\"og:url\" content=\"https:\/\/www.suno.com.br\/noticias\/itau-nao-ha-objetivo-tao-claro-como-previdencia-diz-mesquita\/\" \/>\n<meta property=\"og:site_name\" content=\"Suno Not\u00edcias\" \/>\n<meta property=\"article:publisher\" content=\"https:\/\/facebook.com\/sunoresearch\" \/>\n<meta property=\"og:image\" content=\"https:\/\/files.sunoresearch.com.br\/n\/uploads\/2019\/09\/60797fd9-m\u00e1rio-mesquita.jpg\" \/>\n\t<meta property=\"og:image:width\" content=\"2400\" \/>\n\t<meta property=\"og:image:height\" content=\"1600\" \/>\n\t<meta property=\"og:image:type\" content=\"image\/jpeg\" \/>\n<meta name=\"author\" content=\"Juliano Passaro\" \/>\n<meta name=\"twitter:card\" content=\"summary_large_image\" \/>\n<meta name=\"twitter:creator\" content=\"@sunoresearch\" \/>\n<meta name=\"twitter:site\" content=\"@sunoresearch\" \/>\n<meta name=\"twitter:label1\" content=\"Escrito por\" \/>\n\t<meta name=\"twitter:data1\" content=\"Juliano Passaro\" \/>\n\t<meta name=\"twitter:label2\" content=\"Est. tempo de leitura\" \/>\n\t<meta name=\"twitter:data2\" content=\"2 minutos\" \/>\n<script type=\"application\/ld+json\" class=\"yoast-schema-graph\">{\"@context\":\"https:\/\/schema.org\",\"@graph\":[{\"@type\":\"NewsArticle\",\"@id\":\"https:\/\/www.suno.com.br\/noticias\/itau-nao-ha-objetivo-tao-claro-como-previdencia-diz-mesquita\/#article\",\"isPartOf\":{\"@id\":\"https:\/\/www.suno.com.br\/noticias\/itau-nao-ha-objetivo-tao-claro-como-previdencia-diz-mesquita\/\"},\"author\":{\"name\":\"Juliano Passaro\",\"@id\":\"https:\/\/www.suno.com.br\/noticias\/#\/schema\/person\/1db762f78ffd8919a648a63e425953e3\"},\"headline\":\"Ita\u00fa: N\u00e3o h\u00e1 objetivo t\u00e3o claro como Previd\u00eancia, diz Mesquita\",\"datePublished\":\"2020-01-21T15:13:43+00:00\",\"mainEntityOfPage\":{\"@id\":\"https:\/\/www.suno.com.br\/noticias\/itau-nao-ha-objetivo-tao-claro-como-previdencia-diz-mesquita\/\"},\"wordCount\":347,\"publisher\":{\"@id\":\"https:\/\/www.suno.com.br\/noticias\/#organization\"},\"image\":{\"@id\":\"https:\/\/www.suno.com.br\/noticias\/itau-nao-ha-objetivo-tao-claro-como-previdencia-diz-mesquita\/#primaryimage\"},\"thumbnailUrl\":\"https:\/\/files.sunoresearch.com.br\/n\/uploads\/2019\/09\/60797fd9-m\u00e1rio-mesquita-jpg.webp\",\"keywords\":[\"Ita\u00fa BBA\"],\"articleSection\":[\"Neg\u00f3cios\"],\"inLanguage\":\"pt-BR\"},{\"@type\":\"WebPage\",\"@id\":\"https:\/\/www.suno.com.br\/noticias\/itau-nao-ha-objetivo-tao-claro-como-previdencia-diz-mesquita\/\",\"url\":\"https:\/\/www.suno.com.br\/noticias\/itau-nao-ha-objetivo-tao-claro-como-previdencia-diz-mesquita\/\",\"name\":\"Ita\u00fa: N\u00e3o h\u00e1 objetivo t\u00e3o claro como Previd\u00eancia, diz Mesquita\",\"isPartOf\":{\"@id\":\"https:\/\/www.suno.com.br\/noticias\/#website\"},\"primaryImageOfPage\":{\"@id\":\"https:\/\/www.suno.com.br\/noticias\/itau-nao-ha-objetivo-tao-claro-como-previdencia-diz-mesquita\/#primaryimage\"},\"image\":{\"@id\":\"https:\/\/www.suno.com.br\/noticias\/itau-nao-ha-objetivo-tao-claro-como-previdencia-diz-mesquita\/#primaryimage\"},\"thumbnailUrl\":\"https:\/\/files.sunoresearch.com.br\/n\/uploads\/2019\/09\/60797fd9-m\u00e1rio-mesquita-jpg.webp\",\"datePublished\":\"2020-01-21T15:13:43+00:00\",\"description\":\"M\u00e1rio Mesquita, executivo do Ita\u00fa, disse que neste ano n\u00e3o h\u00e1 um objetivo t\u00e3o claro quanto foi a reforma da Previd\u00eancia em 2019. Saiba mais.\",\"breadcrumb\":{\"@id\":\"https:\/\/www.suno.com.br\/noticias\/itau-nao-ha-objetivo-tao-claro-como-previdencia-diz-mesquita\/#breadcrumb\"},\"inLanguage\":\"pt-BR\",\"potentialAction\":[{\"@type\":\"ReadAction\",\"target\":[\"https:\/\/www.suno.com.br\/noticias\/itau-nao-ha-objetivo-tao-claro-como-previdencia-diz-mesquita\/\"]}]},{\"@type\":\"ImageObject\",\"inLanguage\":\"pt-BR\",\"@id\":\"https:\/\/www.suno.com.br\/noticias\/itau-nao-ha-objetivo-tao-claro-como-previdencia-diz-mesquita\/#primaryimage\",\"url\":\"https:\/\/files.sunoresearch.com.br\/n\/uploads\/2019\/09\/60797fd9-m\u00e1rio-mesquita-jpg.webp\",\"contentUrl\":\"https:\/\/files.sunoresearch.com.br\/n\/uploads\/2019\/09\/60797fd9-m\u00e1rio-mesquita-jpg.webp\",\"width\":2400,\"height\":1600,\"caption\":\"Ita\u00fa - Mario Mesquita\"},{\"@type\":\"BreadcrumbList\",\"@id\":\"https:\/\/www.suno.com.br\/noticias\/itau-nao-ha-objetivo-tao-claro-como-previdencia-diz-mesquita\/#breadcrumb\",\"itemListElement\":[{\"@type\":\"ListItem\",\"position\":1,\"name\":\"Not\u00edcias\",\"item\":\"https:\/\/www.suno.com.br\/noticias\/\"},{\"@type\":\"ListItem\",\"position\":2,\"name\":\"Neg\u00f3cios\",\"item\":\"https:\/\/www.suno.com.br\/noticias\/negocios\/\"},{\"@type\":\"ListItem\",\"position\":3,\"name\":\"Ita\u00fa: N\u00e3o h\u00e1 objetivo t\u00e3o claro como Previd\u00eancia, diz Mesquita\"}]},{\"@type\":\"WebSite\",\"@id\":\"https:\/\/www.suno.com.br\/noticias\/#website\",\"url\":\"https:\/\/www.suno.com.br\/noticias\/\",\"name\":\"Suno Not\u00edcias\",\"description\":\"Seu portal de informa\u00e7\u00e3o sobre o mundo dos investimentos\",\"publisher\":{\"@id\":\"https:\/\/www.suno.com.br\/noticias\/#organization\"},\"potentialAction\":[{\"@type\":\"SearchAction\",\"target\":{\"@type\":\"EntryPoint\",\"urlTemplate\":\"https:\/\/www.suno.com.br\/noticias\/?s={search_term_string}\"},\"query-input\":{\"@type\":\"PropertyValueSpecification\",\"valueRequired\":true,\"valueName\":\"search_term_string\"}}],\"inLanguage\":\"pt-BR\"},{\"@type\":\"Organization\",\"@id\":\"https:\/\/www.suno.com.br\/noticias\/#organization\",\"name\":\"Suno Not\u00edcias\",\"url\":\"https:\/\/www.suno.com.br\/noticias\/\",\"logo\":{\"@type\":\"ImageObject\",\"inLanguage\":\"pt-BR\",\"@id\":\"https:\/\/www.suno.com.br\/noticias\/#\/schema\/logo\/image\/\",\"url\":\"https:\/\/files.sunoresearch.com.br\/n\/uploads\/2021\/09\/suno-logo.png\",\"contentUrl\":\"https:\/\/files.sunoresearch.com.br\/n\/uploads\/2021\/09\/suno-logo.png\",\"width\":180,\"height\":180,\"caption\":\"Suno Not\u00edcias\"},\"image\":{\"@id\":\"https:\/\/www.suno.com.br\/noticias\/#\/schema\/logo\/image\/\"},\"sameAs\":[\"https:\/\/facebook.com\/sunoresearch\",\"https:\/\/x.com\/sunoresearch\",\"https:\/\/www.instagram.com\/suno\",\"https:\/\/www.linkedin.com\/company\/suno-research\/\",\"https:\/\/www.youtube.com\/c\/sunoresearch\"]},{\"@type\":\"Person\",\"@id\":\"https:\/\/www.suno.com.br\/noticias\/#\/schema\/person\/1db762f78ffd8919a648a63e425953e3\",\"name\":\"Juliano Passaro\",\"image\":{\"@type\":\"ImageObject\",\"inLanguage\":\"pt-BR\",\"@id\":\"https:\/\/www.suno.com.br\/noticias\/#\/schema\/person\/image\/\",\"url\":\"https:\/\/secure.gravatar.com\/avatar\/743d4df28eebf6dcc46b4ad03c319e92?s=96&r=g\",\"contentUrl\":\"https:\/\/secure.gravatar.com\/avatar\/743d4df28eebf6dcc46b4ad03c319e92?s=96&r=g\",\"caption\":\"Juliano Passaro\"},\"description\":\"Juliano Passaro escreve sobre pol\u00edtica, economia e neg\u00f3cios para o portal da Suno Research. Antes da Suno, trabalhou no Portal da Band. \u00c9 formado em jornalismo pela Universidade Presbiteriana Mackenzie.\",\"url\":\"https:\/\/www.suno.com.br\/noticias\/author\/juliano\/\"}]}<\/script>\n<!-- \/ Yoast SEO plugin. -->","yoast_head_json":{"title":"Ita\u00fa: N\u00e3o h\u00e1 objetivo t\u00e3o claro como Previd\u00eancia, diz Mesquita","description":"M\u00e1rio Mesquita, executivo do Ita\u00fa, disse que neste ano n\u00e3o h\u00e1 um objetivo t\u00e3o claro quanto foi a reforma da Previd\u00eancia em 2019. Saiba mais.","robots":{"index":"index","follow":"follow","max-snippet":"max-snippet:-1","max-image-preview":"max-image-preview:large","max-video-preview":"max-video-preview:-1"},"canonical":"https:\/\/www.suno.com.br\/noticias\/itau-nao-ha-objetivo-tao-claro-como-previdencia-diz-mesquita\/","og_locale":"pt_BR","og_type":"article","og_title":"Ita\u00fa: N\u00e3o h\u00e1 objetivo t\u00e3o claro como Previd\u00eancia, diz Mesquita","og_description":"M\u00e1rio Mesquita, executivo do Ita\u00fa, disse que neste ano n\u00e3o h\u00e1 um objetivo t\u00e3o claro quanto foi a reforma da Previd\u00eancia em 2019. Saiba mais.","og_url":"https:\/\/www.suno.com.br\/noticias\/itau-nao-ha-objetivo-tao-claro-como-previdencia-diz-mesquita\/","og_site_name":"Suno Not\u00edcias","article_publisher":"https:\/\/facebook.com\/sunoresearch","og_image":[{"width":2400,"height":1600,"url":"https:\/\/files.sunoresearch.com.br\/n\/uploads\/2019\/09\/60797fd9-m\u00e1rio-mesquita.jpg","type":"image\/jpeg"}],"author":"Juliano Passaro","twitter_card":"summary_large_image","twitter_creator":"@sunoresearch","twitter_site":"@sunoresearch","twitter_misc":{"Escrito por":"Juliano Passaro","Est. tempo de leitura":"2 minutos"},"schema":{"@context":"https:\/\/schema.org","@graph":[{"@type":"NewsArticle","@id":"https:\/\/www.suno.com.br\/noticias\/itau-nao-ha-objetivo-tao-claro-como-previdencia-diz-mesquita\/#article","isPartOf":{"@id":"https:\/\/www.suno.com.br\/noticias\/itau-nao-ha-objetivo-tao-claro-como-previdencia-diz-mesquita\/"},"author":{"name":"Juliano Passaro","@id":"https:\/\/www.suno.com.br\/noticias\/#\/schema\/person\/1db762f78ffd8919a648a63e425953e3"},"headline":"Ita\u00fa: N\u00e3o h\u00e1 objetivo t\u00e3o claro como Previd\u00eancia, diz Mesquita","datePublished":"2020-01-21T15:13:43+00:00","mainEntityOfPage":{"@id":"https:\/\/www.suno.com.br\/noticias\/itau-nao-ha-objetivo-tao-claro-como-previdencia-diz-mesquita\/"},"wordCount":347,"publisher":{"@id":"https:\/\/www.suno.com.br\/noticias\/#organization"},"image":{"@id":"https:\/\/www.suno.com.br\/noticias\/itau-nao-ha-objetivo-tao-claro-como-previdencia-diz-mesquita\/#primaryimage"},"thumbnailUrl":"https:\/\/files.sunoresearch.com.br\/n\/uploads\/2019\/09\/60797fd9-m\u00e1rio-mesquita-jpg.webp","keywords":["Ita\u00fa BBA"],"articleSection":["Neg\u00f3cios"],"inLanguage":"pt-BR"},{"@type":"WebPage","@id":"https:\/\/www.suno.com.br\/noticias\/itau-nao-ha-objetivo-tao-claro-como-previdencia-diz-mesquita\/","url":"https:\/\/www.suno.com.br\/noticias\/itau-nao-ha-objetivo-tao-claro-como-previdencia-diz-mesquita\/","name":"Ita\u00fa: N\u00e3o h\u00e1 objetivo t\u00e3o claro como Previd\u00eancia, diz Mesquita","isPartOf":{"@id":"https:\/\/www.suno.com.br\/noticias\/#website"},"primaryImageOfPage":{"@id":"https:\/\/www.suno.com.br\/noticias\/itau-nao-ha-objetivo-tao-claro-como-previdencia-diz-mesquita\/#primaryimage"},"image":{"@id":"https:\/\/www.suno.com.br\/noticias\/itau-nao-ha-objetivo-tao-claro-como-previdencia-diz-mesquita\/#primaryimage"},"thumbnailUrl":"https:\/\/files.sunoresearch.com.br\/n\/uploads\/2019\/09\/60797fd9-m\u00e1rio-mesquita-jpg.webp","datePublished":"2020-01-21T15:13:43+00:00","description":"M\u00e1rio Mesquita, executivo do Ita\u00fa, disse que neste ano n\u00e3o h\u00e1 um objetivo t\u00e3o claro quanto foi a reforma da Previd\u00eancia em 2019. Saiba mais.","breadcrumb":{"@id":"https:\/\/www.suno.com.br\/noticias\/itau-nao-ha-objetivo-tao-claro-como-previdencia-diz-mesquita\/#breadcrumb"},"inLanguage":"pt-BR","potentialAction":[{"@type":"ReadAction","target":["https:\/\/www.suno.com.br\/noticias\/itau-nao-ha-objetivo-tao-claro-como-previdencia-diz-mesquita\/"]}]},{"@type":"ImageObject","inLanguage":"pt-BR","@id":"https:\/\/www.suno.com.br\/noticias\/itau-nao-ha-objetivo-tao-claro-como-previdencia-diz-mesquita\/#primaryimage","url":"https:\/\/files.sunoresearch.com.br\/n\/uploads\/2019\/09\/60797fd9-m\u00e1rio-mesquita-jpg.webp","contentUrl":"https:\/\/files.sunoresearch.com.br\/n\/uploads\/2019\/09\/60797fd9-m\u00e1rio-mesquita-jpg.webp","width":2400,"height":1600,"caption":"Ita\u00fa - Mario Mesquita"},{"@type":"BreadcrumbList","@id":"https:\/\/www.suno.com.br\/noticias\/itau-nao-ha-objetivo-tao-claro-como-previdencia-diz-mesquita\/#breadcrumb","itemListElement":[{"@type":"ListItem","position":1,"name":"Not\u00edcias","item":"https:\/\/www.suno.com.br\/noticias\/"},{"@type":"ListItem","position":2,"name":"Neg\u00f3cios","item":"https:\/\/www.suno.com.br\/noticias\/negocios\/"},{"@type":"ListItem","position":3,"name":"Ita\u00fa: N\u00e3o h\u00e1 objetivo t\u00e3o claro como Previd\u00eancia, diz Mesquita"}]},{"@type":"WebSite","@id":"https:\/\/www.suno.com.br\/noticias\/#website","url":"https:\/\/www.suno.com.br\/noticias\/","name":"Suno Not\u00edcias","description":"Seu portal de informa\u00e7\u00e3o sobre o mundo dos investimentos","publisher":{"@id":"https:\/\/www.suno.com.br\/noticias\/#organization"},"potentialAction":[{"@type":"SearchAction","target":{"@type":"EntryPoint","urlTemplate":"https:\/\/www.suno.com.br\/noticias\/?s={search_term_string}"},"query-input":{"@type":"PropertyValueSpecification","valueRequired":true,"valueName":"search_term_string"}}],"inLanguage":"pt-BR"},{"@type":"Organization","@id":"https:\/\/www.suno.com.br\/noticias\/#organization","name":"Suno Not\u00edcias","url":"https:\/\/www.suno.com.br\/noticias\/","logo":{"@type":"ImageObject","inLanguage":"pt-BR","@id":"https:\/\/www.suno.com.br\/noticias\/#\/schema\/logo\/image\/","url":"https:\/\/files.sunoresearch.com.br\/n\/uploads\/2021\/09\/suno-logo.png","contentUrl":"https:\/\/files.sunoresearch.com.br\/n\/uploads\/2021\/09\/suno-logo.png","width":180,"height":180,"caption":"Suno Not\u00edcias"},"image":{"@id":"https:\/\/www.suno.com.br\/noticias\/#\/schema\/logo\/image\/"},"sameAs":["https:\/\/facebook.com\/sunoresearch","https:\/\/x.com\/sunoresearch","https:\/\/www.instagram.com\/suno","https:\/\/www.linkedin.com\/company\/suno-research\/","https:\/\/www.youtube.com\/c\/sunoresearch"]},{"@type":"Person","@id":"https:\/\/www.suno.com.br\/noticias\/#\/schema\/person\/1db762f78ffd8919a648a63e425953e3","name":"Juliano Passaro","image":{"@type":"ImageObject","inLanguage":"pt-BR","@id":"https:\/\/www.suno.com.br\/noticias\/#\/schema\/person\/image\/","url":"https:\/\/secure.gravatar.com\/avatar\/743d4df28eebf6dcc46b4ad03c319e92?s=96&r=g","contentUrl":"https:\/\/secure.gravatar.com\/avatar\/743d4df28eebf6dcc46b4ad03c319e92?s=96&r=g","caption":"Juliano Passaro"},"description":"Juliano Passaro escreve sobre pol\u00edtica, economia e neg\u00f3cios para o portal da Suno Research. Antes da Suno, trabalhou no Portal da Band. \u00c9 formado em jornalismo pela Universidade Presbiteriana Mackenzie.","url":"https:\/\/www.suno.com.br\/noticias\/author\/juliano\/"}]}},"default_loop_html":"<div class=\"cardsPage__listCard__boxs\"><div class=\"cardsPage__listCard__boxs__img\"><a href=\"https:\/\/www.suno.com.br\/noticias\/itau-nao-ha-objetivo-tao-claro-como-previdencia-diz-mesquita\/\"><img class=\"mask\" src=\"https:\/\/www.suno.com.br\/noticias\/wp-content\/themes\/suno\/resources\/images\/spotlight\/spotlight1img\/bg-mask.png\" alt=\"Image Mask\"\/><img src=\"https:\/\/files.sunoresearch.com.br\/n\/uploads\/2019\/09\/60797fd9-m\u00e1rio-mesquita-400x200.webp\" alt=\"Ita\u00fa: N\u00e3o h\u00e1 objetivo t\u00e3o claro como Previd\u00eancia, diz Mesquita\"\/><\/a><span class=\"spotlightCategory\"><a href=\"https:\/\/www.suno.com.br\/noticias\/negocios\/\">Neg\u00f3cios<\/a><\/span><\/div><div class=\"cardsPage__listCard__boxs__content\"><a href=\"https:\/\/www.suno.com.br\/noticias\/itau-nao-ha-objetivo-tao-claro-como-previdencia-diz-mesquita\/\"><h2 class=\"content__title\">Ita\u00fa: N\u00e3o h\u00e1 objetivo t\u00e3o claro como Previd\u00eancia, diz Mesquita<\/h2><\/a><div class=\"newsContent__article__meta\"><div class=\"newsContent__article__meta__authorBox\"><a href=\"https:\/\/www.suno.com.br\/noticias\/author\/juliano\/\" class=\"authorBox__avatar noMobi\"><img src=\"https:\/\/files.sunoresearch.com.br\/n\/uploads\/2019\/06\/7cc3efea-whatsapp-image-2019-07-18-at-21.59.33-e1563499821209-150x150.webp\" alt=\"Juliano Passaro\"><\/a><div class=\"authorBox__name\"><span>por\n\t\t\t<a href=\"https:\/\/www.suno.com.br\/noticias\/author\/juliano\/\"><span itemprop=\"author\">Juliano Passaro<\/span><\/a><\/span><time datetime=\"2020-01-21T13:13:43-03:00\" itemprop=\"datePublished\">21\/01\/2020 13:13<\/time><\/div><\/div><\/div><\/div><\/div>","single_layout":"posts","amp_enabled":true,"_links":{"self":[{"href":"https:\/\/www.suno.com.br\/noticias\/wp-json\/wp\/v2\/posts\/50393"}],"collection":[{"href":"https:\/\/www.suno.com.br\/noticias\/wp-json\/wp\/v2\/posts"}],"about":[{"href":"https:\/\/www.suno.com.br\/noticias\/wp-json\/wp\/v2\/types\/post"}],"author":[{"embeddable":true,"href":"https:\/\/www.suno.com.br\/noticias\/wp-json\/wp\/v2\/users\/19"}],"replies":[{"embeddable":true,"href":"https:\/\/www.suno.com.br\/noticias\/wp-json\/wp\/v2\/comments?post=50393"}],"version-history":[{"count":0,"href":"https:\/\/www.suno.com.br\/noticias\/wp-json\/wp\/v2\/posts\/50393\/revisions"}],"wp:featuredmedia":[{"embeddable":true,"href":"https:\/\/www.suno.com.br\/noticias\/wp-json\/wp\/v2\/media\/37927"}],"wp:attachment":[{"href":"https:\/\/www.suno.com.br\/noticias\/wp-json\/wp\/v2\/media?parent=50393"}],"wp:term":[{"taxonomy":"category","embeddable":true,"href":"https:\/\/www.suno.com.br\/noticias\/wp-json\/wp\/v2\/categories?post=50393"},{"taxonomy":"post_tag","embeddable":true,"href":"https:\/\/www.suno.com.br\/noticias\/wp-json\/wp\/v2\/tags?post=50393"},{"taxonomy":"suno_strategy","embeddable":true,"href":"https:\/\/www.suno.com.br\/noticias\/wp-json\/wp\/v2\/suno_strategy?post=50393"}],"curies":[{"name":"wp","href":"https:\/\/api.w.org\/{rel}","templated":true}]}}