{"id":50391,"date":"2020-01-21T13:01:53","date_gmt":"2020-01-21T15:01:53","guid":{"rendered":"https:\/\/www.suno.com.br\/noticias\/?p=50391"},"modified":"2021-05-30T19:17:23","modified_gmt":"2021-05-30T22:17:23","slug":"reforma-tributaria-deve-aliviar-area-fiscal","status":"publish","type":"post","link":"https:\/\/www.suno.com.br\/noticias\/reforma-tributaria-deve-aliviar-area-fiscal\/","title":{"rendered":"Reforma tribut\u00e1ria deve aliviar \u00e1rea fiscal de empresas, diz Bradesco"},"content":{"rendered":"<p>O presidente do <a href=\"https:\/\/www.suno.com.br\/acoes\/bbdc4\/\"><strong>Bradesco <\/strong>(BBDC4)<\/a>, <a href=\"https:\/\/www.suno.com.br\/tudo-sobre\/octavio-de-lazari\/\">Octavio de Lazari<\/a>, presente no F\u00f3rum Econ\u00f4mico Mundial, em Davos, afirmou a jornalistas que, \u00e0 luz da<a href=\"https:\/\/www.suno.com.br\/noticias\/senado-aprova-pec-paralela-da-reforma-da-previdencia\/\"> reforma da previd\u00eancia<\/a>, a <strong>reforma tribut\u00e1ria<\/strong> precisa &#8220;tentar aglutinar os principais impostos do Brasil&#8221;. O <a href=\"https:\/\/www.suno.com.br\/\">SUNO Not\u00edcias<\/a> est\u00e1 cobrindo o evento\u00a0diretamente da Su\u00ed\u00e7a.<\/p>\t<div class=\"wrapper-featured-image\">\n\t\t<figure class=\"spotlightImg\">\n\n\t\t\t<picture>\n\t\t\t\t<source media=\"(max-width: 768px)\" srcset=\"https:\/\/files.sunoresearch.com.br\/n\/uploads\/2020\/01\/41aadfc4-bradesco-400x200.webp\">\n\t\t\t\t<img loading=\"lazy\" decoding=\"async\" class=\"newsContent__article__imgCapa lazyloadDisabled newsContent__article__imgCapa--noCaption\" src=\"https:\/\/files.sunoresearch.com.br\/n\/uploads\/2020\/01\/41aadfc4-bradesco-800x450.webp\" width=\"800\" height=\"450\" alt=\"Reforma tribut\u00e1ria deve aliviar \u00e1rea fiscal de empresas, diz Bradesco\" fetchpriority=high \/>\n\t\t\t<\/picture>\n\n\t\t\t<figcaption class=\"wp-caption-text wp-caption-text--hide\">(Divulga\u00e7\u00e3o)<\/figcaption>\n\t\t<\/figure>\n\t<\/div>\n\n\n\n<p>Segundo o CEO da institui\u00e7\u00e3o financeira, a reforma tribut\u00e1ria vir\u00e1 para deixar &#8220;mais leve essa estrutura que as empresas precisam ter pra poder administrar ou controlar os impostos que elas pagam&#8221;.<\/p>\n<p>Em um almo\u00e7o privado organizado pelo <a href=\"https:\/\/www.suno.com.br\/acoes\/itub4\/\"><strong>Ita\u00fa Unibanco<\/strong> (ITUB4)<\/a>, Lazari disse que, al\u00e9m da tribut\u00e1ria, &#8220;<strong><a href=\"https:\/\/www.suno.com.br\/tudo-sobre\/paulo-guedes\/\">Paulo Guedes<\/a><\/strong> (ministro da Economia) est\u00e1 convicto de que iremos passar a reforma administrativa, mas com uma preocupa\u00e7\u00e3o muito importante: o \u00f3timo \u00e9 inimigo do bom&#8221;.<\/p>\n<p><a href=\"https:\/\/www.suno.com.br\/noticias\/davos-compras-governamentais-paulo-guedes\/\">Confira: Davos: acordo de compras governamentais ataca corrup\u00e7\u00e3o, diz Guedes<\/a><\/p>\n<p>Segundo ele, a reforma tribut\u00e1ria &#8220;perfeita&#8221; no Brasil \u00e9 &#8220;imposs\u00edvel dada a profundidade e a diversidade do Pa\u00eds&#8221;. &#8220;O <strong>Brasil<\/strong> tem dimens\u00f5es continentais, com os mais variados problemas. Ent\u00e3o se tentarmos simplificar isso de uma maneira igual para o Pa\u00eds inteiro, n\u00e3o ser\u00e1 poss\u00edvel. Sendo assim, essa simplifica\u00e7\u00e3o fiscal talvez seja o primeiro passo importante&#8221;, disse.<\/p>\n<p>O presidente do Bradesco afirma que \u00e9 poss\u00edvel tornar o recolhimento de impostos muito menos burocr\u00e1tico, com uma estrutura mais eficiente. &#8220;N\u00f3s n\u00e3o podemos diminuir o volume de arrecada\u00e7\u00e3o, mas n\u00f3s temos um problema fiscal que ser\u00e1 resolvido dentro dos pr\u00f3ximos cinco ou 10 anos&#8221;, salienta.<\/p>\n<h2>Reforma tribut\u00e1ria \u00e9 o come\u00e7o<\/h2>\n<p>Lazari comentou que Guedes &#8220;estava muito correto e convicto do que estava falando [no almo\u00e7o]. Do jeito que pegou o governo, o que foi implementado em um ano, o que a gente achava, na \u00e9poca, era inimagin\u00e1vel. Eu tenho 41 anos de mercado e h\u00e1 30 anos eu ou\u00e7o dizer em reforma da previd\u00eancia&#8221;.<\/p>\n\t<p>\n\t\t<a href=\"https:\/\/lp2.suno.com.br\/pv\/eu-invisto-2026\/?utm_source=suno-noticias&#038;utm_medium=banner&#038;utm_campaign=_SNC4CCF8112_\" target=\"_blank\" data-element=\"shortcode-suno-banner\" title=\"Banner SUNO, clique e saiba mais\">\n\t\t\t<picture>\n\t\t\t\t<source media=\"(max-width: 500px)\" srcset=\"https:\/\/files.sunoresearch.com.br\/n\/uploads\/2025\/12\/Banner-Materias-01-Mbl_-400x300-1-png.webp\">\n\t\t\t\t<img class=\"newsContent__article__imgCapa newsContent__article__imgCapa--banner\"\n\t\t\t\t\tsrc=\"https:\/\/files.sunoresearch.com.br\/n\/uploads\/2025\/12\/Banner-Materias-01-Dkp_-1420x240-1-png.webp\"\n\t\t\t\t\tdata-promo-id=\"635514\"\t\t\t\t\t\t\t\t\t\twidth='1420' height='240'\t\t\t\t\talt=\"https:\/\/files.sunoresearch.com.br\/n\/uploads\/2025\/12\/Banner-Materias-01-Dkp_-1420x240-1-png.webp\"\n\t\t\t\t>\n\t\t\t<\/picture>\n\t\t<\/a>\n\t<\/p>\n\n\n<p>&#8220;Quer queira, quer n\u00e3o, talvez algumas classes n\u00e3o tenho sido beneficiadas, mas no fim das contas para o Pa\u00eds isso vai ser bom e para a economia \u00e9 importante&#8221;, disse Lazari acerca das altera\u00e7\u00f5es previdenci\u00e1rias.<\/p>\n<p>Quanto \u00e0 abertura comercial do Brasil, que traria competi\u00e7\u00e3o para os bancos, o executivo diz ser &#8220;sadia&#8221;. No entanto, salienta que, por natureza do neg\u00f3cio, o <strong>setor financeiro<\/strong>, entre outros, possu\u00ed alto investimento, o que afasta a entrada de novos players.<\/p>\n<p>&#8220;O fato \u00e9 que em setores de alto investimento, como o banc\u00e1rio, petr\u00f3leo e energia existem poucas empresas mesmo, isso \u00e9 natural, faz parte do jogo&#8221;, disse.<\/p>\n<p><a href=\"https:\/\/www.suno.com.br\/noticias\/fmi-crescimento-economico-brasil\/\">Saiba mais: FMI estima PIB brasileiro com alta maior em nova proje\u00e7\u00e3o<\/a><\/p>\n<p>No entanto, Lazari comenta que, nos <strong>Estados Unidos<\/strong>, existem cerca de 1.400 bancos, mas quando voc\u00ea citar o nome de todos, &#8220;ir\u00e1 lembrar de 10 bancos&#8221;.<\/p>\n<p>Seguindo a tend\u00eancia da <strong>reforma tribut\u00e1ria<\/strong>, o CEO disse que &#8220;tanto o governo como o Roberto Campos Neto no <a href=\"https:\/\/www.suno.com.br\/artigos\/bacen\/\">Banco Central (BC)<\/a> vem fazendo um trabalho importante para inserir novos atores neste mercado&#8221;. &#8220;O que importa \u00e9 que o povo brasileiro seja atendido. Se aparecer algu\u00e9m que fa\u00e7a melhor que n\u00f3s, precisaremos correr atr\u00e1s&#8221;. O <a href=\"https:\/\/www.suno.com.br\/\">SUNO Not\u00edcias<\/a> est\u00e1 trazendo as informa\u00e7\u00f5es do <strong>F\u00f3rum Econ\u00f4mico Mundial<\/strong> diretamente de Davos.<\/p>\n\n","protected":false},"excerpt":{"rendered":"<p>O presidente do Bradesco (BBDC4), Octavio de Lazari, presente no F\u00f3rum Econ\u00f4mico Mundial, em Davos, afirmou a jornalistas que, \u00e0 luz da reforma da previd\u00eancia, a reforma tribut\u00e1ria precisa &#8220;tentar aglutinar os principais impostos do Brasil&#8221;. O SUNO Not\u00edcias est\u00e1 cobrindo o evento\u00a0diretamente da Su\u00ed\u00e7a. (Divulga\u00e7\u00e3o) Segundo o CEO da institui\u00e7\u00e3o financeira, a reforma tribut\u00e1ria [&hellip;]<\/p>\n","protected":false},"author":24,"featured_media":50397,"comment_status":"closed","ping_status":"closed","sticky":false,"template":"","format":"standard","meta":[],"categories":[62],"tags":[1842,392,519,940,1286],"suno_strategy":[],"class_list":["post-50391","post","type-post","status-publish","format-standard","has-post-thumbnail","hentry","category-economia","tag-banco-central-bc","tag-bradesco-bbdc3-bbdc4","tag-itau-unibanco-itub3-itub4","tag-reforma-da-previdencia","tag-reforma-tributaria"],"yoast_head":"<!-- This site is optimized with the Yoast SEO plugin v24.4 - https:\/\/yoast.com\/wordpress\/plugins\/seo\/ -->\n<title>Reforma tribut\u00e1ria deve aliviar \u00e1rea fiscal de empresas, diz Bradesco<\/title>\n<meta name=\"description\" content=\"O CEO do Bradesco, Octavio de Lazari, disse a jornalistas em Davos que a reforma tribut\u00e1ria precisa alivar estrutura fiscal. Saiba mais.\" \/>\n<meta name=\"robots\" content=\"index, follow, max-snippet:-1, max-image-preview:large, max-video-preview:-1\" \/>\n<link rel=\"canonical\" href=\"https:\/\/www.suno.com.br\/noticias\/reforma-tributaria-deve-aliviar-area-fiscal\/\" \/>\n<meta property=\"og:locale\" content=\"pt_BR\" \/>\n<meta property=\"og:type\" content=\"article\" \/>\n<meta property=\"og:title\" content=\"Reforma tribut\u00e1ria deve aliviar \u00e1rea fiscal de empresas, diz Bradesco\" \/>\n<meta property=\"og:description\" content=\"O CEO do Bradesco, Octavio de Lazari, disse a jornalistas em Davos que a reforma tribut\u00e1ria precisa alivar estrutura fiscal. Saiba mais.\" \/>\n<meta property=\"og:url\" content=\"https:\/\/www.suno.com.br\/noticias\/reforma-tributaria-deve-aliviar-area-fiscal\/\" \/>\n<meta property=\"og:site_name\" content=\"Suno Not\u00edcias\" \/>\n<meta property=\"article:publisher\" content=\"https:\/\/facebook.com\/sunoresearch\" \/>\n<meta property=\"og:image\" content=\"https:\/\/files.sunoresearch.com.br\/n\/uploads\/2020\/01\/41aadfc4-bradesco.jpeg\" \/>\n\t<meta property=\"og:image:width\" content=\"1600\" \/>\n\t<meta property=\"og:image:height\" content=\"1066\" \/>\n\t<meta property=\"og:image:type\" content=\"image\/jpeg\" \/>\n<meta name=\"author\" content=\"Jader Lazarini\" \/>\n<meta name=\"twitter:card\" content=\"summary_large_image\" \/>\n<meta name=\"twitter:creator\" content=\"@sunoresearch\" \/>\n<meta name=\"twitter:site\" content=\"@sunoresearch\" \/>\n<meta name=\"twitter:label1\" content=\"Escrito por\" \/>\n\t<meta name=\"twitter:data1\" content=\"Jader Lazarini\" \/>\n\t<meta name=\"twitter:label2\" content=\"Est. tempo de leitura\" \/>\n\t<meta name=\"twitter:data2\" content=\"3 minutos\" \/>\n<script type=\"application\/ld+json\" class=\"yoast-schema-graph\">{\"@context\":\"https:\/\/schema.org\",\"@graph\":[{\"@type\":\"NewsArticle\",\"@id\":\"https:\/\/www.suno.com.br\/noticias\/reforma-tributaria-deve-aliviar-area-fiscal\/#article\",\"isPartOf\":{\"@id\":\"https:\/\/www.suno.com.br\/noticias\/reforma-tributaria-deve-aliviar-area-fiscal\/\"},\"author\":{\"name\":\"Jader Lazarini\",\"@id\":\"https:\/\/www.suno.com.br\/noticias\/#\/schema\/person\/918d79de1f0281f01599b93f9ea6e23f\"},\"headline\":\"Reforma tribut\u00e1ria deve aliviar \u00e1rea fiscal de empresas, diz Bradesco\",\"datePublished\":\"2020-01-21T15:01:53+00:00\",\"dateModified\":\"2021-05-30T22:17:23+00:00\",\"mainEntityOfPage\":{\"@id\":\"https:\/\/www.suno.com.br\/noticias\/reforma-tributaria-deve-aliviar-area-fiscal\/\"},\"wordCount\":560,\"publisher\":{\"@id\":\"https:\/\/www.suno.com.br\/noticias\/#organization\"},\"image\":{\"@id\":\"https:\/\/www.suno.com.br\/noticias\/reforma-tributaria-deve-aliviar-area-fiscal\/#primaryimage\"},\"thumbnailUrl\":\"https:\/\/files.sunoresearch.com.br\/n\/uploads\/2020\/01\/41aadfc4-bradesco-jpeg.webp\",\"keywords\":[\"Banco Central (BC)\",\"Bradesco (BBDC3\/BBDC4)\",\"Ita\u00fa Unibanco (ITUB3\/ITUB4)\",\"Reforma da Previd\u00eancia\",\"reforma tribut\u00e1ria\"],\"articleSection\":[\"Economia\"],\"inLanguage\":\"pt-BR\"},{\"@type\":\"WebPage\",\"@id\":\"https:\/\/www.suno.com.br\/noticias\/reforma-tributaria-deve-aliviar-area-fiscal\/\",\"url\":\"https:\/\/www.suno.com.br\/noticias\/reforma-tributaria-deve-aliviar-area-fiscal\/\",\"name\":\"Reforma tribut\u00e1ria deve aliviar \u00e1rea fiscal de empresas, diz Bradesco\",\"isPartOf\":{\"@id\":\"https:\/\/www.suno.com.br\/noticias\/#website\"},\"primaryImageOfPage\":{\"@id\":\"https:\/\/www.suno.com.br\/noticias\/reforma-tributaria-deve-aliviar-area-fiscal\/#primaryimage\"},\"image\":{\"@id\":\"https:\/\/www.suno.com.br\/noticias\/reforma-tributaria-deve-aliviar-area-fiscal\/#primaryimage\"},\"thumbnailUrl\":\"https:\/\/files.sunoresearch.com.br\/n\/uploads\/2020\/01\/41aadfc4-bradesco-jpeg.webp\",\"datePublished\":\"2020-01-21T15:01:53+00:00\",\"dateModified\":\"2021-05-30T22:17:23+00:00\",\"description\":\"O CEO do Bradesco, Octavio de Lazari, disse a jornalistas em Davos que a reforma tribut\u00e1ria precisa alivar estrutura fiscal. Saiba mais.\",\"breadcrumb\":{\"@id\":\"https:\/\/www.suno.com.br\/noticias\/reforma-tributaria-deve-aliviar-area-fiscal\/#breadcrumb\"},\"inLanguage\":\"pt-BR\",\"potentialAction\":[{\"@type\":\"ReadAction\",\"target\":[\"https:\/\/www.suno.com.br\/noticias\/reforma-tributaria-deve-aliviar-area-fiscal\/\"]}]},{\"@type\":\"ImageObject\",\"inLanguage\":\"pt-BR\",\"@id\":\"https:\/\/www.suno.com.br\/noticias\/reforma-tributaria-deve-aliviar-area-fiscal\/#primaryimage\",\"url\":\"https:\/\/files.sunoresearch.com.br\/n\/uploads\/2020\/01\/41aadfc4-bradesco-jpeg.webp\",\"contentUrl\":\"https:\/\/files.sunoresearch.com.br\/n\/uploads\/2020\/01\/41aadfc4-bradesco-jpeg.webp\",\"width\":1600,\"height\":1066,\"caption\":\"(Divulga\u00e7\u00e3o)\"},{\"@type\":\"BreadcrumbList\",\"@id\":\"https:\/\/www.suno.com.br\/noticias\/reforma-tributaria-deve-aliviar-area-fiscal\/#breadcrumb\",\"itemListElement\":[{\"@type\":\"ListItem\",\"position\":1,\"name\":\"Not\u00edcias\",\"item\":\"https:\/\/www.suno.com.br\/noticias\/\"},{\"@type\":\"ListItem\",\"position\":2,\"name\":\"Economia\",\"item\":\"https:\/\/www.suno.com.br\/noticias\/economia\/\"},{\"@type\":\"ListItem\",\"position\":3,\"name\":\"Reforma tribut\u00e1ria deve aliviar \u00e1rea fiscal de empresas, diz Bradesco\"}]},{\"@type\":\"WebSite\",\"@id\":\"https:\/\/www.suno.com.br\/noticias\/#website\",\"url\":\"https:\/\/www.suno.com.br\/noticias\/\",\"name\":\"Suno Not\u00edcias\",\"description\":\"Seu portal de informa\u00e7\u00e3o sobre o mundo dos investimentos\",\"publisher\":{\"@id\":\"https:\/\/www.suno.com.br\/noticias\/#organization\"},\"potentialAction\":[{\"@type\":\"SearchAction\",\"target\":{\"@type\":\"EntryPoint\",\"urlTemplate\":\"https:\/\/www.suno.com.br\/noticias\/?s={search_term_string}\"},\"query-input\":{\"@type\":\"PropertyValueSpecification\",\"valueRequired\":true,\"valueName\":\"search_term_string\"}}],\"inLanguage\":\"pt-BR\"},{\"@type\":\"Organization\",\"@id\":\"https:\/\/www.suno.com.br\/noticias\/#organization\",\"name\":\"Suno Not\u00edcias\",\"url\":\"https:\/\/www.suno.com.br\/noticias\/\",\"logo\":{\"@type\":\"ImageObject\",\"inLanguage\":\"pt-BR\",\"@id\":\"https:\/\/www.suno.com.br\/noticias\/#\/schema\/logo\/image\/\",\"url\":\"https:\/\/files.sunoresearch.com.br\/n\/uploads\/2021\/09\/suno-logo.png\",\"contentUrl\":\"https:\/\/files.sunoresearch.com.br\/n\/uploads\/2021\/09\/suno-logo.png\",\"width\":180,\"height\":180,\"caption\":\"Suno Not\u00edcias\"},\"image\":{\"@id\":\"https:\/\/www.suno.com.br\/noticias\/#\/schema\/logo\/image\/\"},\"sameAs\":[\"https:\/\/facebook.com\/sunoresearch\",\"https:\/\/x.com\/sunoresearch\",\"https:\/\/www.instagram.com\/suno\",\"https:\/\/www.linkedin.com\/company\/suno-research\/\",\"https:\/\/www.youtube.com\/c\/sunoresearch\"]},{\"@type\":\"Person\",\"@id\":\"https:\/\/www.suno.com.br\/noticias\/#\/schema\/person\/918d79de1f0281f01599b93f9ea6e23f\",\"name\":\"Jader Lazarini\",\"image\":{\"@type\":\"ImageObject\",\"inLanguage\":\"pt-BR\",\"@id\":\"https:\/\/www.suno.com.br\/noticias\/#\/schema\/person\/image\/\",\"url\":\"https:\/\/secure.gravatar.com\/avatar\/3c1ad8caa51589841baeb923fcddea97?s=96&r=g\",\"contentUrl\":\"https:\/\/secure.gravatar.com\/avatar\/3c1ad8caa51589841baeb923fcddea97?s=96&r=g\",\"caption\":\"Jader Lazarini\"},\"description\":\"Jader Lazarini escreve sobre investimentos, finan\u00e7as, economia e neg\u00f3cios. \u00c9 bacharel em Rela\u00e7\u00f5es Internacionais e analista CNPI (2619).\",\"url\":\"https:\/\/www.suno.com.br\/noticias\/author\/jader-lazarini\/\"}]}<\/script>\n<!-- \/ Yoast SEO plugin. -->","yoast_head_json":{"title":"Reforma tribut\u00e1ria deve aliviar \u00e1rea fiscal de empresas, diz Bradesco","description":"O CEO do Bradesco, Octavio de Lazari, disse a jornalistas em Davos que a reforma tribut\u00e1ria precisa alivar estrutura fiscal. Saiba mais.","robots":{"index":"index","follow":"follow","max-snippet":"max-snippet:-1","max-image-preview":"max-image-preview:large","max-video-preview":"max-video-preview:-1"},"canonical":"https:\/\/www.suno.com.br\/noticias\/reforma-tributaria-deve-aliviar-area-fiscal\/","og_locale":"pt_BR","og_type":"article","og_title":"Reforma tribut\u00e1ria deve aliviar \u00e1rea fiscal de empresas, diz Bradesco","og_description":"O CEO do Bradesco, Octavio de Lazari, disse a jornalistas em Davos que a reforma tribut\u00e1ria precisa alivar estrutura fiscal. Saiba mais.","og_url":"https:\/\/www.suno.com.br\/noticias\/reforma-tributaria-deve-aliviar-area-fiscal\/","og_site_name":"Suno Not\u00edcias","article_publisher":"https:\/\/facebook.com\/sunoresearch","og_image":[{"width":1600,"height":1066,"url":"https:\/\/files.sunoresearch.com.br\/n\/uploads\/2020\/01\/41aadfc4-bradesco.jpeg","type":"image\/jpeg"}],"author":"Jader Lazarini","twitter_card":"summary_large_image","twitter_creator":"@sunoresearch","twitter_site":"@sunoresearch","twitter_misc":{"Escrito por":"Jader Lazarini","Est. tempo de leitura":"3 minutos"},"schema":{"@context":"https:\/\/schema.org","@graph":[{"@type":"NewsArticle","@id":"https:\/\/www.suno.com.br\/noticias\/reforma-tributaria-deve-aliviar-area-fiscal\/#article","isPartOf":{"@id":"https:\/\/www.suno.com.br\/noticias\/reforma-tributaria-deve-aliviar-area-fiscal\/"},"author":{"name":"Jader Lazarini","@id":"https:\/\/www.suno.com.br\/noticias\/#\/schema\/person\/918d79de1f0281f01599b93f9ea6e23f"},"headline":"Reforma tribut\u00e1ria deve aliviar \u00e1rea fiscal de empresas, diz Bradesco","datePublished":"2020-01-21T15:01:53+00:00","dateModified":"2021-05-30T22:17:23+00:00","mainEntityOfPage":{"@id":"https:\/\/www.suno.com.br\/noticias\/reforma-tributaria-deve-aliviar-area-fiscal\/"},"wordCount":560,"publisher":{"@id":"https:\/\/www.suno.com.br\/noticias\/#organization"},"image":{"@id":"https:\/\/www.suno.com.br\/noticias\/reforma-tributaria-deve-aliviar-area-fiscal\/#primaryimage"},"thumbnailUrl":"https:\/\/files.sunoresearch.com.br\/n\/uploads\/2020\/01\/41aadfc4-bradesco-jpeg.webp","keywords":["Banco Central (BC)","Bradesco (BBDC3\/BBDC4)","Ita\u00fa Unibanco (ITUB3\/ITUB4)","Reforma da Previd\u00eancia","reforma tribut\u00e1ria"],"articleSection":["Economia"],"inLanguage":"pt-BR"},{"@type":"WebPage","@id":"https:\/\/www.suno.com.br\/noticias\/reforma-tributaria-deve-aliviar-area-fiscal\/","url":"https:\/\/www.suno.com.br\/noticias\/reforma-tributaria-deve-aliviar-area-fiscal\/","name":"Reforma tribut\u00e1ria deve aliviar \u00e1rea fiscal de empresas, diz Bradesco","isPartOf":{"@id":"https:\/\/www.suno.com.br\/noticias\/#website"},"primaryImageOfPage":{"@id":"https:\/\/www.suno.com.br\/noticias\/reforma-tributaria-deve-aliviar-area-fiscal\/#primaryimage"},"image":{"@id":"https:\/\/www.suno.com.br\/noticias\/reforma-tributaria-deve-aliviar-area-fiscal\/#primaryimage"},"thumbnailUrl":"https:\/\/files.sunoresearch.com.br\/n\/uploads\/2020\/01\/41aadfc4-bradesco-jpeg.webp","datePublished":"2020-01-21T15:01:53+00:00","dateModified":"2021-05-30T22:17:23+00:00","description":"O CEO do Bradesco, Octavio de Lazari, disse a jornalistas em Davos que a reforma tribut\u00e1ria precisa alivar estrutura fiscal. Saiba mais.","breadcrumb":{"@id":"https:\/\/www.suno.com.br\/noticias\/reforma-tributaria-deve-aliviar-area-fiscal\/#breadcrumb"},"inLanguage":"pt-BR","potentialAction":[{"@type":"ReadAction","target":["https:\/\/www.suno.com.br\/noticias\/reforma-tributaria-deve-aliviar-area-fiscal\/"]}]},{"@type":"ImageObject","inLanguage":"pt-BR","@id":"https:\/\/www.suno.com.br\/noticias\/reforma-tributaria-deve-aliviar-area-fiscal\/#primaryimage","url":"https:\/\/files.sunoresearch.com.br\/n\/uploads\/2020\/01\/41aadfc4-bradesco-jpeg.webp","contentUrl":"https:\/\/files.sunoresearch.com.br\/n\/uploads\/2020\/01\/41aadfc4-bradesco-jpeg.webp","width":1600,"height":1066,"caption":"(Divulga\u00e7\u00e3o)"},{"@type":"BreadcrumbList","@id":"https:\/\/www.suno.com.br\/noticias\/reforma-tributaria-deve-aliviar-area-fiscal\/#breadcrumb","itemListElement":[{"@type":"ListItem","position":1,"name":"Not\u00edcias","item":"https:\/\/www.suno.com.br\/noticias\/"},{"@type":"ListItem","position":2,"name":"Economia","item":"https:\/\/www.suno.com.br\/noticias\/economia\/"},{"@type":"ListItem","position":3,"name":"Reforma tribut\u00e1ria deve aliviar \u00e1rea fiscal de empresas, diz Bradesco"}]},{"@type":"WebSite","@id":"https:\/\/www.suno.com.br\/noticias\/#website","url":"https:\/\/www.suno.com.br\/noticias\/","name":"Suno Not\u00edcias","description":"Seu portal de informa\u00e7\u00e3o sobre o mundo dos investimentos","publisher":{"@id":"https:\/\/www.suno.com.br\/noticias\/#organization"},"potentialAction":[{"@type":"SearchAction","target":{"@type":"EntryPoint","urlTemplate":"https:\/\/www.suno.com.br\/noticias\/?s={search_term_string}"},"query-input":{"@type":"PropertyValueSpecification","valueRequired":true,"valueName":"search_term_string"}}],"inLanguage":"pt-BR"},{"@type":"Organization","@id":"https:\/\/www.suno.com.br\/noticias\/#organization","name":"Suno Not\u00edcias","url":"https:\/\/www.suno.com.br\/noticias\/","logo":{"@type":"ImageObject","inLanguage":"pt-BR","@id":"https:\/\/www.suno.com.br\/noticias\/#\/schema\/logo\/image\/","url":"https:\/\/files.sunoresearch.com.br\/n\/uploads\/2021\/09\/suno-logo.png","contentUrl":"https:\/\/files.sunoresearch.com.br\/n\/uploads\/2021\/09\/suno-logo.png","width":180,"height":180,"caption":"Suno Not\u00edcias"},"image":{"@id":"https:\/\/www.suno.com.br\/noticias\/#\/schema\/logo\/image\/"},"sameAs":["https:\/\/facebook.com\/sunoresearch","https:\/\/x.com\/sunoresearch","https:\/\/www.instagram.com\/suno","https:\/\/www.linkedin.com\/company\/suno-research\/","https:\/\/www.youtube.com\/c\/sunoresearch"]},{"@type":"Person","@id":"https:\/\/www.suno.com.br\/noticias\/#\/schema\/person\/918d79de1f0281f01599b93f9ea6e23f","name":"Jader Lazarini","image":{"@type":"ImageObject","inLanguage":"pt-BR","@id":"https:\/\/www.suno.com.br\/noticias\/#\/schema\/person\/image\/","url":"https:\/\/secure.gravatar.com\/avatar\/3c1ad8caa51589841baeb923fcddea97?s=96&r=g","contentUrl":"https:\/\/secure.gravatar.com\/avatar\/3c1ad8caa51589841baeb923fcddea97?s=96&r=g","caption":"Jader Lazarini"},"description":"Jader Lazarini escreve sobre investimentos, finan\u00e7as, economia e neg\u00f3cios. \u00c9 bacharel em Rela\u00e7\u00f5es Internacionais e analista CNPI (2619).","url":"https:\/\/www.suno.com.br\/noticias\/author\/jader-lazarini\/"}]}},"default_loop_html":"<div class=\"cardsPage__listCard__boxs\"><div class=\"cardsPage__listCard__boxs__img\"><a href=\"https:\/\/www.suno.com.br\/noticias\/reforma-tributaria-deve-aliviar-area-fiscal\/\"><img class=\"mask\" src=\"https:\/\/www.suno.com.br\/noticias\/wp-content\/themes\/suno\/resources\/images\/spotlight\/spotlight1img\/bg-mask.png\" alt=\"Image Mask\"\/><img src=\"https:\/\/files.sunoresearch.com.br\/n\/uploads\/2020\/01\/41aadfc4-bradesco-400x200.webp\" alt=\"Reforma tribut\u00e1ria deve aliviar \u00e1rea fiscal de empresas, diz Bradesco\"\/><\/a><span class=\"spotlightCategory\"><a href=\"https:\/\/www.suno.com.br\/noticias\/economia\/\">Economia<\/a><\/span><\/div><div class=\"cardsPage__listCard__boxs__content\"><a href=\"https:\/\/www.suno.com.br\/noticias\/reforma-tributaria-deve-aliviar-area-fiscal\/\"><h2 class=\"content__title\">Reforma tribut\u00e1ria deve aliviar \u00e1rea fiscal de empresas, diz Bradesco<\/h2><\/a><div class=\"newsContent__article__meta\"><div class=\"newsContent__article__meta__authorBox\"><a href=\"https:\/\/www.suno.com.br\/noticias\/author\/jader-lazarini\/\" class=\"authorBox__avatar noMobi\"><img src=\"https:\/\/files.sunoresearch.com.br\/n\/uploads\/2021\/01\/178e6598-foto-perfil-2-150x150.jpg\" alt=\"Jader Lazarini\"><\/a><div class=\"authorBox__name\"><span>por\n\t\t\t<a href=\"https:\/\/www.suno.com.br\/noticias\/author\/jader-lazarini\/\"><span itemprop=\"author\">Jader Lazarini<\/span><\/a><\/span><time datetime=\"2020-01-21T13:01:53-03:00\" itemprop=\"datePublished\">21\/01\/2020 13:01<\/time><\/div><\/div><\/div><\/div><\/div>","single_layout":"posts","amp_enabled":true,"_links":{"self":[{"href":"https:\/\/www.suno.com.br\/noticias\/wp-json\/wp\/v2\/posts\/50391"}],"collection":[{"href":"https:\/\/www.suno.com.br\/noticias\/wp-json\/wp\/v2\/posts"}],"about":[{"href":"https:\/\/www.suno.com.br\/noticias\/wp-json\/wp\/v2\/types\/post"}],"author":[{"embeddable":true,"href":"https:\/\/www.suno.com.br\/noticias\/wp-json\/wp\/v2\/users\/24"}],"replies":[{"embeddable":true,"href":"https:\/\/www.suno.com.br\/noticias\/wp-json\/wp\/v2\/comments?post=50391"}],"version-history":[{"count":1,"href":"https:\/\/www.suno.com.br\/noticias\/wp-json\/wp\/v2\/posts\/50391\/revisions"}],"predecessor-version":[{"id":152535,"href":"https:\/\/www.suno.com.br\/noticias\/wp-json\/wp\/v2\/posts\/50391\/revisions\/152535"}],"wp:featuredmedia":[{"embeddable":true,"href":"https:\/\/www.suno.com.br\/noticias\/wp-json\/wp\/v2\/media\/50397"}],"wp:attachment":[{"href":"https:\/\/www.suno.com.br\/noticias\/wp-json\/wp\/v2\/media?parent=50391"}],"wp:term":[{"taxonomy":"category","embeddable":true,"href":"https:\/\/www.suno.com.br\/noticias\/wp-json\/wp\/v2\/categories?post=50391"},{"taxonomy":"post_tag","embeddable":true,"href":"https:\/\/www.suno.com.br\/noticias\/wp-json\/wp\/v2\/tags?post=50391"},{"taxonomy":"suno_strategy","embeddable":true,"href":"https:\/\/www.suno.com.br\/noticias\/wp-json\/wp\/v2\/suno_strategy?post=50391"}],"curies":[{"name":"wp","href":"https:\/\/api.w.org\/{rel}","templated":true}]}}