{"id":503712,"date":"2023-12-22T16:00:19","date_gmt":"2023-12-22T19:00:19","guid":{"rendered":"https:\/\/www.suno.com.br\/noticias\/?p=503712"},"modified":"2023-12-22T16:00:34","modified_gmt":"2023-12-22T19:00:34","slug":"congresso-orcamento-2024-fundao-eleitoral-recorde-jvj","status":"publish","type":"post","link":"https:\/\/www.suno.com.br\/noticias\/congresso-orcamento-2024-fundao-eleitoral-recorde-jvj\/","title":{"rendered":"Congresso aprova Or\u00e7amento de 2024 com &#039;fund\u00e3o&#039; eleitoral recorde de R$ 4,9 bilh\u00f5es"},"content":{"rendered":"<p>O Congresso Nacional aprovou nesta sexta-feira, 22, \u00faltimo dia do ano legislativo, o<strong> Or\u00e7amento<\/strong> de 2024 com fundo eleitoral com valor de aproximadamente R$ 4,9 bilh\u00f5es para financiamento das elei\u00e7\u00f5es no ano que vem. A cifra \u00e9 recorde para uma campanha pelo comando do Poder Executivo nos munic\u00edpios. O texto vai \u00e0 san\u00e7\u00e3o do presidente Luiz In\u00e1cio Lula da Silva.<\/p>\t<div class=\"wrapper-featured-image\">\n\t\t<figure class=\"spotlightImg\">\n\n\t\t\t<picture>\n\t\t\t\t<source media=\"(max-width: 768px)\" srcset=\"https:\/\/files.sunoresearch.com.br\/n\/uploads\/2023\/12\/Dividendos-4-400x200.jpg\">\n\t\t\t\t<img loading=\"lazy\" decoding=\"async\" class=\"newsContent__article__imgCapa lazyloadDisabled \" src=\"https:\/\/files.sunoresearch.com.br\/n\/uploads\/2023\/12\/Dividendos-4-800x450.jpg\" width=\"800\" height=\"450\" alt=\"Congresso aprova Or\u00e7amento de 2024 com &#039;fund\u00e3o&#039; eleitoral recorde de R$ 4,9 bilh\u00f5es\" fetchpriority=high \/>\n\t\t\t<\/picture>\n\n\t\t\t<figcaption class=\"wp-caption-text wp-caption-text--show\">Lei Or\u00e7ament\u00e1ria 2024. Foto: Pixabay<\/figcaption>\n\t\t<\/figure>\n\t<\/div>\n\n\n\n\n\n\t<p>\n\t\t<a href=\"https:\/\/lp.suno.com.br\/ebook-como-analisar-uma-acao\/\" target=\"_blank\" data-element=\"shortcode-suno-banner\" title=\"Banner SUNO, clique e saiba mais\">\n\t\t\t<picture>\n\t\t\t\t<source media=\"(max-width: 500px)\" srcset=\"https:\/\/files.sunoresearch.com.br\/n\/uploads\/2023\/12\/Ebook-Acoes-Mobile.jpg\">\n\t\t\t\t<img class=\"newsContent__article__imgCapa newsContent__article__imgCapa--banner\"\n\t\t\t\t\tsrc=\"https:\/\/files.sunoresearch.com.br\/n\/uploads\/2023\/12\/Ebook-Acoes-Desktop.webp\"\n\t\t\t\t\tdata-promo-id=\"311260\"\t\t\t\t\t\t\t\t\t\twidth='1420' height='286'\t\t\t\t\talt=\"https:\/\/files.sunoresearch.com.br\/n\/uploads\/2023\/12\/Ebook-Acoes-Desktop.webp\"\n\t\t\t\t>\n\t\t\t<\/picture>\n\t\t<\/a>\n\t<\/p>\n\n\n\n\n\n<p>O valor de R$ 4,9 bilh\u00f5es \u00e9 equivalente ao que foi utilizado na elei\u00e7\u00e3o presidencial, de governadores, deputados e senadores no ano passado. Na elei\u00e7\u00e3o municipal de 2020, o chamado &#8220;fund\u00e3o&#8221; chegou a R$ 2 bilh\u00f5es.<\/p>\n\n\n\n<p>A disputa pelo valor do fundo virou um impasse na vota\u00e7\u00e3o do <strong>Or\u00e7amento 2024<\/strong>. O presidente da C\u00e2mara, Arthur Lira (PP-AL), chegou a dizer a aliados que R$ 2 bilh\u00f5es n\u00e3o foram suficientes para bancar as campanhas municipais na elei\u00e7\u00e3o de 2020, sugerindo apoiar uma quantia maior.<\/p>\n\n\n\t<div data-element=\"shortcode-read-more\" class=\"knowMore\">\n\t\t\t\t<span class=\"knowMore__title\">Leia mais<\/span>\n\t\t\t\t<a class=\"knowMore__link\" href=\"https:\/\/www.suno.com.br\/noticias\/b3-b3sa3-dividendos-jcp-564-milhoes-reais-jvj\/\">\n\t\t\tB3 (B3SA3) vai pagar mais de R$ 564 milh\u00f5es em dividendos e JCP; Veja quem recebe\t\t<\/a>\n\t<\/div>\n\n\n\n\n<p>J\u00e1 o presidente do Senado, Rodrigo Pacheco, afirmou nesta sexta-feira discordar &#8220;totalmente&#8221; do valor recorde do fundo eleitoral. &#8220;O fundo eleitoral com base em 2022 para elei\u00e7\u00e3o municipal \u00e9 um erro grave do Congresso&#8221;, disse a jornalistas durante caf\u00e9 da manh\u00e3.<\/p>\n\n\n\n<p>O partido Novo apresentou um destaque (sugest\u00e3o de mudan\u00e7a) no <strong>projeto do Or\u00e7amento de 2024<\/strong> para reduzir o valor do <strong>fundo eleitoral<\/strong> para R$ 939,3 milh\u00f5es, como proposto pelo governo no Projeto de <a class=\"suno-keyword\" target=\"_blank\" data-force=\"no\" data-priority=\"2\" href=\"https:\/\/www.suno.com.br\/artigos\/lei-orcamentaria-anual\/\" rel=\"noopener\">Lei Or\u00e7ament\u00e1ria Anual<\/a> (PLOA) enviado em agosto. A proposta teve apoio de Pacheco. O Congresso, no entanto, rejeitou o requerimento de admissibilidade para an\u00e1lise do destaque.<\/p>\n\n\n\n<p>Para dar conta de assegurar o montante bilion\u00e1rio aos partidos no pleito do pr\u00f3ximo ano, Motta retirou R$ 4 bilh\u00f5es das emendas de bancada estadual. O parlamentar ficou respons\u00e1vel por definir de onde tiraria recursos para aumentar o valor do fundo.<\/p>\n\n\n\n<p>O relator da Lei de Diretrizes Or\u00e7ament\u00e1rias (LDO), deputado Danilo Forte (Uni\u00e3o-CE), retirou do parecer final o dispositivo que previa que eventual verba extra para as campanhas deveria ser custeada por emendas de bancada estadual.<\/p>\n\n\n\n<p>Forte apenas fixou um teto para o fundo em torno de R$ 5 bilh\u00f5es, valor mais pr\u00f3ximo do que defendem os deputados e presidentes dos partidos. J\u00e1 os senadores e o pr\u00f3prio governo defendiam um valor em torno de R$ 2 bilh\u00f5es, o que seria equivalente ao valor destinado \u00e0 campanha municipal de 2020 mais a infla\u00e7\u00e3o.<\/p>\n\n\n\n<p>O <strong>Or\u00e7amento<\/strong> de 2024 tamb\u00e9m foi aprovado com um corte em recursos do Programa de Acelera\u00e7\u00e3o do Crescimento (PAC) em torno de R$ 7 bilh\u00f5es e com um volume recorde de emendas parlamentares, no valor de, aproximadamente, R$ 53 bilh\u00f5es. No total, os parlamentares ter\u00e3o direito a cerca de R$ 16,6 bilh\u00f5es em emendas de comiss\u00e3o, R$ 25 bilh\u00f5es em emendas individuais impositivas e R$ 11,3 bilh\u00f5es em emendas de bancada estadual.<\/p>\n\n\n\n<p>(Com informa\u00e7\u00f5es de Estad\u00e3o Conte\u00fado)<\/p>\n\n\n\t<p>\n\t\t<a href=\"https:\/\/lp2.suno.com.br\/cl\/black-friday-2025\/?utm_campaign=_SNCDF0E4858_\" target=\"_blank\" data-element=\"shortcode-suno-banner\" title=\"Banner SUNO, clique e saiba mais\">\n\t\t\t<picture>\n\t\t\t\t<source media=\"(max-width: 500px)\" srcset=\"https:\/\/files.sunoresearch.com.br\/n\/uploads\/2025\/10\/Artigos-e-Noticias-Banner-Home-artigos-01-Mobile_-400x300-1-png.webp\">\n\t\t\t\t<img class=\"newsContent__article__imgCapa newsContent__article__imgCapa--banner\"\n\t\t\t\t\tsrc=\"https:\/\/files.sunoresearch.com.br\/n\/uploads\/2025\/10\/Artigos-e-Noticias-Banner-Home-artigos-01-Desktop_-1420x240-1-png.webp\"\n\t\t\t\t\tdata-promo-id=\"311259\"\t\t\t\t\t\t\t\t\t\twidth='1420' height='240'\t\t\t\t\talt=\"https:\/\/files.sunoresearch.com.br\/n\/uploads\/2025\/10\/Artigos-e-Noticias-Banner-Home-artigos-01-Desktop_-1420x240-1-png.webp\"\n\t\t\t\t>\n\t\t\t<\/picture>\n\t\t<\/a>\n\t<\/p>\n\n\n","protected":false},"excerpt":{"rendered":"<p>O Congresso Nacional aprovou nesta sexta-feira, 22, \u00faltimo dia do ano legislativo, o Or\u00e7amento de 2024 com fundo eleitoral com valor de aproximadamente R$ 4,9 bilh\u00f5es para financiamento das elei\u00e7\u00f5es no ano que vem. A cifra \u00e9 recorde para uma campanha pelo comando do Poder Executivo nos munic\u00edpios. O texto vai \u00e0 san\u00e7\u00e3o do presidente [&hellip;]<\/p>\n","protected":false},"author":173,"featured_media":503176,"comment_status":"closed","ping_status":"closed","sticky":false,"template":"","format":"standard","meta":[],"categories":[64],"tags":[1128],"suno_strategy":[],"class_list":["post-503712","post","type-post","status-publish","format-standard","has-post-thumbnail","hentry","category-negocios","tag-orcamento-publico"],"yoast_head":"<!-- This site is optimized with the Yoast SEO plugin v24.4 - https:\/\/yoast.com\/wordpress\/plugins\/seo\/ -->\n<title>Congresso aprova Or\u00e7amento de 2024 com &#039;fund\u00e3o&#039; eleitoral recorde; Veja valor<\/title>\n<meta name=\"description\" content=\"O Congresso aprovou o Or\u00e7amento de 2024 com um &#039;fund\u00e3o&#039; eleitoral de valor recorde. Confira o valor do fundo e detalhes do or\u00e7amento.\" \/>\n<meta name=\"robots\" content=\"index, follow, max-snippet:-1, max-image-preview:large, max-video-preview:-1\" \/>\n<link rel=\"canonical\" href=\"https:\/\/www.suno.com.br\/noticias\/congresso-orcamento-2024-fundao-eleitoral-recorde-jvj\/\" \/>\n<meta property=\"og:locale\" content=\"pt_BR\" \/>\n<meta property=\"og:type\" content=\"article\" \/>\n<meta property=\"og:title\" content=\"Congresso aprova Or\u00e7amento de 2024 com &#039;fund\u00e3o&#039; eleitoral recorde; Veja valor\" \/>\n<meta property=\"og:description\" content=\"O Congresso aprovou o Or\u00e7amento de 2024 com um &#039;fund\u00e3o&#039; eleitoral de valor recorde. Confira o valor do fundo e detalhes do or\u00e7amento.\" \/>\n<meta property=\"og:url\" content=\"https:\/\/www.suno.com.br\/noticias\/congresso-orcamento-2024-fundao-eleitoral-recorde-jvj\/\" \/>\n<meta property=\"og:site_name\" content=\"Suno Not\u00edcias\" \/>\n<meta property=\"article:publisher\" content=\"https:\/\/facebook.com\/sunoresearch\" \/>\n<meta property=\"og:image\" content=\"https:\/\/files.sunoresearch.com.br\/n\/uploads\/2023\/12\/Dividendos-4-scaled.jpg\" \/>\n\t<meta property=\"og:image:width\" content=\"2560\" \/>\n\t<meta property=\"og:image:height\" content=\"1707\" \/>\n\t<meta property=\"og:image:type\" content=\"image\/jpeg\" \/>\n<meta name=\"author\" content=\"Jo\u00e3o Vitor\" \/>\n<meta name=\"twitter:card\" content=\"summary_large_image\" \/>\n<meta name=\"twitter:creator\" content=\"@sunoresearch\" \/>\n<meta name=\"twitter:site\" content=\"@sunoresearch\" \/>\n<meta name=\"twitter:label1\" content=\"Escrito por\" \/>\n\t<meta name=\"twitter:data1\" content=\"Jo\u00e3o Vitor\" \/>\n\t<meta name=\"twitter:label2\" content=\"Est. tempo de leitura\" \/>\n\t<meta name=\"twitter:data2\" content=\"3 minutos\" \/>\n<script type=\"application\/ld+json\" class=\"yoast-schema-graph\">{\"@context\":\"https:\/\/schema.org\",\"@graph\":[{\"@type\":\"NewsArticle\",\"@id\":\"https:\/\/www.suno.com.br\/noticias\/congresso-orcamento-2024-fundao-eleitoral-recorde-jvj\/#article\",\"isPartOf\":{\"@id\":\"https:\/\/www.suno.com.br\/noticias\/congresso-orcamento-2024-fundao-eleitoral-recorde-jvj\/\"},\"author\":{\"name\":\"Jo\u00e3o Vitor\",\"@id\":\"https:\/\/www.suno.com.br\/noticias\/#\/schema\/person\/87fc6973867c52dd884811905c43afba\"},\"headline\":\"Congresso aprova Or\u00e7amento de 2024 com &#039;fund\u00e3o&#039; eleitoral recorde de R$ 4,9 bilh\u00f5es\",\"datePublished\":\"2023-12-22T19:00:19+00:00\",\"dateModified\":\"2023-12-22T19:00:34+00:00\",\"mainEntityOfPage\":{\"@id\":\"https:\/\/www.suno.com.br\/noticias\/congresso-orcamento-2024-fundao-eleitoral-recorde-jvj\/\"},\"wordCount\":496,\"publisher\":{\"@id\":\"https:\/\/www.suno.com.br\/noticias\/#organization\"},\"image\":{\"@id\":\"https:\/\/www.suno.com.br\/noticias\/congresso-orcamento-2024-fundao-eleitoral-recorde-jvj\/#primaryimage\"},\"thumbnailUrl\":\"https:\/\/files.sunoresearch.com.br\/n\/uploads\/2023\/12\/Dividendos-4-scaled.jpg\",\"keywords\":[\"Or\u00e7amento P\u00fablico\"],\"articleSection\":[\"Neg\u00f3cios\"],\"inLanguage\":\"pt-BR\"},{\"@type\":\"WebPage\",\"@id\":\"https:\/\/www.suno.com.br\/noticias\/congresso-orcamento-2024-fundao-eleitoral-recorde-jvj\/\",\"url\":\"https:\/\/www.suno.com.br\/noticias\/congresso-orcamento-2024-fundao-eleitoral-recorde-jvj\/\",\"name\":\"Congresso aprova Or\u00e7amento de 2024 com 'fund\u00e3o' eleitoral recorde; Veja valor\",\"isPartOf\":{\"@id\":\"https:\/\/www.suno.com.br\/noticias\/#website\"},\"primaryImageOfPage\":{\"@id\":\"https:\/\/www.suno.com.br\/noticias\/congresso-orcamento-2024-fundao-eleitoral-recorde-jvj\/#primaryimage\"},\"image\":{\"@id\":\"https:\/\/www.suno.com.br\/noticias\/congresso-orcamento-2024-fundao-eleitoral-recorde-jvj\/#primaryimage\"},\"thumbnailUrl\":\"https:\/\/files.sunoresearch.com.br\/n\/uploads\/2023\/12\/Dividendos-4-scaled.jpg\",\"datePublished\":\"2023-12-22T19:00:19+00:00\",\"dateModified\":\"2023-12-22T19:00:34+00:00\",\"description\":\"O Congresso aprovou o Or\u00e7amento de 2024 com um 'fund\u00e3o' eleitoral de valor recorde. Confira o valor do fundo e detalhes do or\u00e7amento.\",\"breadcrumb\":{\"@id\":\"https:\/\/www.suno.com.br\/noticias\/congresso-orcamento-2024-fundao-eleitoral-recorde-jvj\/#breadcrumb\"},\"inLanguage\":\"pt-BR\",\"potentialAction\":[{\"@type\":\"ReadAction\",\"target\":[\"https:\/\/www.suno.com.br\/noticias\/congresso-orcamento-2024-fundao-eleitoral-recorde-jvj\/\"]}]},{\"@type\":\"ImageObject\",\"inLanguage\":\"pt-BR\",\"@id\":\"https:\/\/www.suno.com.br\/noticias\/congresso-orcamento-2024-fundao-eleitoral-recorde-jvj\/#primaryimage\",\"url\":\"https:\/\/files.sunoresearch.com.br\/n\/uploads\/2023\/12\/Dividendos-4-scaled.jpg\",\"contentUrl\":\"https:\/\/files.sunoresearch.com.br\/n\/uploads\/2023\/12\/Dividendos-4-scaled.jpg\",\"width\":2560,\"height\":1707,\"caption\":\"Lei Or\u00e7ament\u00e1ria 2024. Foto: Pixabay\"},{\"@type\":\"BreadcrumbList\",\"@id\":\"https:\/\/www.suno.com.br\/noticias\/congresso-orcamento-2024-fundao-eleitoral-recorde-jvj\/#breadcrumb\",\"itemListElement\":[{\"@type\":\"ListItem\",\"position\":1,\"name\":\"Not\u00edcias\",\"item\":\"https:\/\/www.suno.com.br\/noticias\/\"},{\"@type\":\"ListItem\",\"position\":2,\"name\":\"Neg\u00f3cios\",\"item\":\"https:\/\/www.suno.com.br\/noticias\/negocios\/\"},{\"@type\":\"ListItem\",\"position\":3,\"name\":\"Congresso aprova Or\u00e7amento de 2024 com &#039;fund\u00e3o&#039; eleitoral recorde de R$ 4,9 bilh\u00f5es\"}]},{\"@type\":\"WebSite\",\"@id\":\"https:\/\/www.suno.com.br\/noticias\/#website\",\"url\":\"https:\/\/www.suno.com.br\/noticias\/\",\"name\":\"Suno Not\u00edcias\",\"description\":\"Seu portal de informa\u00e7\u00e3o sobre o mundo dos investimentos\",\"publisher\":{\"@id\":\"https:\/\/www.suno.com.br\/noticias\/#organization\"},\"potentialAction\":[{\"@type\":\"SearchAction\",\"target\":{\"@type\":\"EntryPoint\",\"urlTemplate\":\"https:\/\/www.suno.com.br\/noticias\/?s={search_term_string}\"},\"query-input\":{\"@type\":\"PropertyValueSpecification\",\"valueRequired\":true,\"valueName\":\"search_term_string\"}}],\"inLanguage\":\"pt-BR\"},{\"@type\":\"Organization\",\"@id\":\"https:\/\/www.suno.com.br\/noticias\/#organization\",\"name\":\"Suno Not\u00edcias\",\"url\":\"https:\/\/www.suno.com.br\/noticias\/\",\"logo\":{\"@type\":\"ImageObject\",\"inLanguage\":\"pt-BR\",\"@id\":\"https:\/\/www.suno.com.br\/noticias\/#\/schema\/logo\/image\/\",\"url\":\"https:\/\/files.sunoresearch.com.br\/n\/uploads\/2021\/09\/suno-logo.png\",\"contentUrl\":\"https:\/\/files.sunoresearch.com.br\/n\/uploads\/2021\/09\/suno-logo.png\",\"width\":180,\"height\":180,\"caption\":\"Suno Not\u00edcias\"},\"image\":{\"@id\":\"https:\/\/www.suno.com.br\/noticias\/#\/schema\/logo\/image\/\"},\"sameAs\":[\"https:\/\/facebook.com\/sunoresearch\",\"https:\/\/x.com\/sunoresearch\",\"https:\/\/www.instagram.com\/suno\",\"https:\/\/www.linkedin.com\/company\/suno-research\/\",\"https:\/\/www.youtube.com\/c\/sunoresearch\"]},{\"@type\":\"Person\",\"@id\":\"https:\/\/www.suno.com.br\/noticias\/#\/schema\/person\/87fc6973867c52dd884811905c43afba\",\"name\":\"Jo\u00e3o Vitor\",\"image\":{\"@type\":\"ImageObject\",\"inLanguage\":\"pt-BR\",\"@id\":\"https:\/\/www.suno.com.br\/noticias\/#\/schema\/person\/image\/\",\"url\":\"https:\/\/secure.gravatar.com\/avatar\/2843227ca03ccf8cc7ccca45204c127e?s=96&r=g\",\"contentUrl\":\"https:\/\/secure.gravatar.com\/avatar\/2843227ca03ccf8cc7ccca45204c127e?s=96&r=g\",\"caption\":\"Jo\u00e3o Vitor\"},\"description\":\"Redator profissional, com atua\u00e7\u00e3o no mercado editorial na produ\u00e7\u00e3o de not\u00edcias e conte\u00fados sobre o mercado de a\u00e7\u00f5es, fundos imobili\u00e1rios e economia popular. Graduando em Engenharia Qu\u00edmica pela Unesp, tamb\u00e9m j\u00e1 atuou como consultor financeiro.\",\"url\":\"https:\/\/www.suno.com.br\/noticias\/author\/joao-vitor-jacintho\/\"}]}<\/script>\n<!-- \/ Yoast SEO plugin. -->","yoast_head_json":{"title":"Congresso aprova Or\u00e7amento de 2024 com 'fund\u00e3o' eleitoral recorde; Veja valor","description":"O Congresso aprovou o Or\u00e7amento de 2024 com um 'fund\u00e3o' eleitoral de valor recorde. Confira o valor do fundo e detalhes do or\u00e7amento.","robots":{"index":"index","follow":"follow","max-snippet":"max-snippet:-1","max-image-preview":"max-image-preview:large","max-video-preview":"max-video-preview:-1"},"canonical":"https:\/\/www.suno.com.br\/noticias\/congresso-orcamento-2024-fundao-eleitoral-recorde-jvj\/","og_locale":"pt_BR","og_type":"article","og_title":"Congresso aprova Or\u00e7amento de 2024 com 'fund\u00e3o' eleitoral recorde; Veja valor","og_description":"O Congresso aprovou o Or\u00e7amento de 2024 com um 'fund\u00e3o' eleitoral de valor recorde. Confira o valor do fundo e detalhes do or\u00e7amento.","og_url":"https:\/\/www.suno.com.br\/noticias\/congresso-orcamento-2024-fundao-eleitoral-recorde-jvj\/","og_site_name":"Suno Not\u00edcias","article_publisher":"https:\/\/facebook.com\/sunoresearch","og_image":[{"width":2560,"height":1707,"url":"https:\/\/files.sunoresearch.com.br\/n\/uploads\/2023\/12\/Dividendos-4-scaled.jpg","type":"image\/jpeg"}],"author":"Jo\u00e3o Vitor","twitter_card":"summary_large_image","twitter_creator":"@sunoresearch","twitter_site":"@sunoresearch","twitter_misc":{"Escrito por":"Jo\u00e3o Vitor","Est. tempo de leitura":"3 minutos"},"schema":{"@context":"https:\/\/schema.org","@graph":[{"@type":"NewsArticle","@id":"https:\/\/www.suno.com.br\/noticias\/congresso-orcamento-2024-fundao-eleitoral-recorde-jvj\/#article","isPartOf":{"@id":"https:\/\/www.suno.com.br\/noticias\/congresso-orcamento-2024-fundao-eleitoral-recorde-jvj\/"},"author":{"name":"Jo\u00e3o Vitor","@id":"https:\/\/www.suno.com.br\/noticias\/#\/schema\/person\/87fc6973867c52dd884811905c43afba"},"headline":"Congresso aprova Or\u00e7amento de 2024 com &#039;fund\u00e3o&#039; eleitoral recorde de R$ 4,9 bilh\u00f5es","datePublished":"2023-12-22T19:00:19+00:00","dateModified":"2023-12-22T19:00:34+00:00","mainEntityOfPage":{"@id":"https:\/\/www.suno.com.br\/noticias\/congresso-orcamento-2024-fundao-eleitoral-recorde-jvj\/"},"wordCount":496,"publisher":{"@id":"https:\/\/www.suno.com.br\/noticias\/#organization"},"image":{"@id":"https:\/\/www.suno.com.br\/noticias\/congresso-orcamento-2024-fundao-eleitoral-recorde-jvj\/#primaryimage"},"thumbnailUrl":"https:\/\/files.sunoresearch.com.br\/n\/uploads\/2023\/12\/Dividendos-4-scaled.jpg","keywords":["Or\u00e7amento P\u00fablico"],"articleSection":["Neg\u00f3cios"],"inLanguage":"pt-BR"},{"@type":"WebPage","@id":"https:\/\/www.suno.com.br\/noticias\/congresso-orcamento-2024-fundao-eleitoral-recorde-jvj\/","url":"https:\/\/www.suno.com.br\/noticias\/congresso-orcamento-2024-fundao-eleitoral-recorde-jvj\/","name":"Congresso aprova Or\u00e7amento de 2024 com 'fund\u00e3o' eleitoral recorde; Veja valor","isPartOf":{"@id":"https:\/\/www.suno.com.br\/noticias\/#website"},"primaryImageOfPage":{"@id":"https:\/\/www.suno.com.br\/noticias\/congresso-orcamento-2024-fundao-eleitoral-recorde-jvj\/#primaryimage"},"image":{"@id":"https:\/\/www.suno.com.br\/noticias\/congresso-orcamento-2024-fundao-eleitoral-recorde-jvj\/#primaryimage"},"thumbnailUrl":"https:\/\/files.sunoresearch.com.br\/n\/uploads\/2023\/12\/Dividendos-4-scaled.jpg","datePublished":"2023-12-22T19:00:19+00:00","dateModified":"2023-12-22T19:00:34+00:00","description":"O Congresso aprovou o Or\u00e7amento de 2024 com um 'fund\u00e3o' eleitoral de valor recorde. Confira o valor do fundo e detalhes do or\u00e7amento.","breadcrumb":{"@id":"https:\/\/www.suno.com.br\/noticias\/congresso-orcamento-2024-fundao-eleitoral-recorde-jvj\/#breadcrumb"},"inLanguage":"pt-BR","potentialAction":[{"@type":"ReadAction","target":["https:\/\/www.suno.com.br\/noticias\/congresso-orcamento-2024-fundao-eleitoral-recorde-jvj\/"]}]},{"@type":"ImageObject","inLanguage":"pt-BR","@id":"https:\/\/www.suno.com.br\/noticias\/congresso-orcamento-2024-fundao-eleitoral-recorde-jvj\/#primaryimage","url":"https:\/\/files.sunoresearch.com.br\/n\/uploads\/2023\/12\/Dividendos-4-scaled.jpg","contentUrl":"https:\/\/files.sunoresearch.com.br\/n\/uploads\/2023\/12\/Dividendos-4-scaled.jpg","width":2560,"height":1707,"caption":"Lei Or\u00e7ament\u00e1ria 2024. Foto: Pixabay"},{"@type":"BreadcrumbList","@id":"https:\/\/www.suno.com.br\/noticias\/congresso-orcamento-2024-fundao-eleitoral-recorde-jvj\/#breadcrumb","itemListElement":[{"@type":"ListItem","position":1,"name":"Not\u00edcias","item":"https:\/\/www.suno.com.br\/noticias\/"},{"@type":"ListItem","position":2,"name":"Neg\u00f3cios","item":"https:\/\/www.suno.com.br\/noticias\/negocios\/"},{"@type":"ListItem","position":3,"name":"Congresso aprova Or\u00e7amento de 2024 com &#039;fund\u00e3o&#039; eleitoral recorde de R$ 4,9 bilh\u00f5es"}]},{"@type":"WebSite","@id":"https:\/\/www.suno.com.br\/noticias\/#website","url":"https:\/\/www.suno.com.br\/noticias\/","name":"Suno Not\u00edcias","description":"Seu portal de informa\u00e7\u00e3o sobre o mundo dos investimentos","publisher":{"@id":"https:\/\/www.suno.com.br\/noticias\/#organization"},"potentialAction":[{"@type":"SearchAction","target":{"@type":"EntryPoint","urlTemplate":"https:\/\/www.suno.com.br\/noticias\/?s={search_term_string}"},"query-input":{"@type":"PropertyValueSpecification","valueRequired":true,"valueName":"search_term_string"}}],"inLanguage":"pt-BR"},{"@type":"Organization","@id":"https:\/\/www.suno.com.br\/noticias\/#organization","name":"Suno Not\u00edcias","url":"https:\/\/www.suno.com.br\/noticias\/","logo":{"@type":"ImageObject","inLanguage":"pt-BR","@id":"https:\/\/www.suno.com.br\/noticias\/#\/schema\/logo\/image\/","url":"https:\/\/files.sunoresearch.com.br\/n\/uploads\/2021\/09\/suno-logo.png","contentUrl":"https:\/\/files.sunoresearch.com.br\/n\/uploads\/2021\/09\/suno-logo.png","width":180,"height":180,"caption":"Suno Not\u00edcias"},"image":{"@id":"https:\/\/www.suno.com.br\/noticias\/#\/schema\/logo\/image\/"},"sameAs":["https:\/\/facebook.com\/sunoresearch","https:\/\/x.com\/sunoresearch","https:\/\/www.instagram.com\/suno","https:\/\/www.linkedin.com\/company\/suno-research\/","https:\/\/www.youtube.com\/c\/sunoresearch"]},{"@type":"Person","@id":"https:\/\/www.suno.com.br\/noticias\/#\/schema\/person\/87fc6973867c52dd884811905c43afba","name":"Jo\u00e3o Vitor","image":{"@type":"ImageObject","inLanguage":"pt-BR","@id":"https:\/\/www.suno.com.br\/noticias\/#\/schema\/person\/image\/","url":"https:\/\/secure.gravatar.com\/avatar\/2843227ca03ccf8cc7ccca45204c127e?s=96&r=g","contentUrl":"https:\/\/secure.gravatar.com\/avatar\/2843227ca03ccf8cc7ccca45204c127e?s=96&r=g","caption":"Jo\u00e3o Vitor"},"description":"Redator profissional, com atua\u00e7\u00e3o no mercado editorial na produ\u00e7\u00e3o de not\u00edcias e conte\u00fados sobre o mercado de a\u00e7\u00f5es, fundos imobili\u00e1rios e economia popular. Graduando em Engenharia Qu\u00edmica pela Unesp, tamb\u00e9m j\u00e1 atuou como consultor financeiro.","url":"https:\/\/www.suno.com.br\/noticias\/author\/joao-vitor-jacintho\/"}]}},"default_loop_html":"<div class=\"cardsPage__listCard__boxs\"><div class=\"cardsPage__listCard__boxs__img\"><a href=\"https:\/\/www.suno.com.br\/noticias\/congresso-orcamento-2024-fundao-eleitoral-recorde-jvj\/\"><img class=\"mask\" src=\"https:\/\/www.suno.com.br\/noticias\/wp-content\/themes\/suno\/resources\/images\/spotlight\/spotlight1img\/bg-mask.png\" alt=\"Image Mask\"\/><img src=\"https:\/\/files.sunoresearch.com.br\/n\/uploads\/2023\/12\/Dividendos-4-400x200.jpg\" alt=\"Congresso aprova Or\u00e7amento de 2024 com &#039;fund\u00e3o&#039; eleitoral recorde de R$ 4,9 bilh\u00f5es\"\/><\/a><span class=\"spotlightCategory\"><a href=\"https:\/\/www.suno.com.br\/noticias\/negocios\/\">Neg\u00f3cios<\/a><\/span><\/div><div class=\"cardsPage__listCard__boxs__content\"><a href=\"https:\/\/www.suno.com.br\/noticias\/congresso-orcamento-2024-fundao-eleitoral-recorde-jvj\/\"><h2 class=\"content__title\">Congresso aprova Or\u00e7amento de 2024 com &#039;fund\u00e3o&#039; eleitoral recorde de R$ 4,9 bilh\u00f5es<\/h2><\/a><div class=\"newsContent__article__meta\"><div class=\"newsContent__article__meta__authorBox\"><a href=\"https:\/\/www.suno.com.br\/noticias\/author\/joao-vitor-jacintho\/\" class=\"authorBox__avatar noMobi\"><img src=\"https:\/\/secure.gravatar.com\/avatar\/2843227ca03ccf8cc7ccca45204c127e?s=96&#038;r=g\" alt=\"Jo\u00e3o Vitor Jacintho\"><\/a><div class=\"authorBox__name\"><span>por\n\t\t\t<a href=\"https:\/\/www.suno.com.br\/noticias\/author\/joao-vitor-jacintho\/\"><span itemprop=\"author\">Jo\u00e3o Vitor Jacintho<\/span><\/a><\/span><time datetime=\"2023-12-22T16:00:19-03:00\" itemprop=\"datePublished\">22\/12\/2023 16:00<\/time><\/div><\/div><\/div><\/div><\/div>","single_layout":"posts","amp_enabled":true,"_links":{"self":[{"href":"https:\/\/www.suno.com.br\/noticias\/wp-json\/wp\/v2\/posts\/503712"}],"collection":[{"href":"https:\/\/www.suno.com.br\/noticias\/wp-json\/wp\/v2\/posts"}],"about":[{"href":"https:\/\/www.suno.com.br\/noticias\/wp-json\/wp\/v2\/types\/post"}],"author":[{"embeddable":true,"href":"https:\/\/www.suno.com.br\/noticias\/wp-json\/wp\/v2\/users\/173"}],"replies":[{"embeddable":true,"href":"https:\/\/www.suno.com.br\/noticias\/wp-json\/wp\/v2\/comments?post=503712"}],"version-history":[{"count":3,"href":"https:\/\/www.suno.com.br\/noticias\/wp-json\/wp\/v2\/posts\/503712\/revisions"}],"predecessor-version":[{"id":503719,"href":"https:\/\/www.suno.com.br\/noticias\/wp-json\/wp\/v2\/posts\/503712\/revisions\/503719"}],"wp:featuredmedia":[{"embeddable":true,"href":"https:\/\/www.suno.com.br\/noticias\/wp-json\/wp\/v2\/media\/503176"}],"wp:attachment":[{"href":"https:\/\/www.suno.com.br\/noticias\/wp-json\/wp\/v2\/media?parent=503712"}],"wp:term":[{"taxonomy":"category","embeddable":true,"href":"https:\/\/www.suno.com.br\/noticias\/wp-json\/wp\/v2\/categories?post=503712"},{"taxonomy":"post_tag","embeddable":true,"href":"https:\/\/www.suno.com.br\/noticias\/wp-json\/wp\/v2\/tags?post=503712"},{"taxonomy":"suno_strategy","embeddable":true,"href":"https:\/\/www.suno.com.br\/noticias\/wp-json\/wp\/v2\/suno_strategy?post=503712"}],"curies":[{"name":"wp","href":"https:\/\/api.w.org\/{rel}","templated":true}]}}