{"id":50344,"date":"2020-01-21T09:18:10","date_gmt":"2020-01-21T11:18:10","guid":{"rendered":"https:\/\/www.suno.com.br\/noticias\/?p=50344"},"modified":"2020-01-21T09:25:05","modified_gmt":"2020-01-21T11:25:05","slug":"davos-como-surgiu-maior-reuniao-elite-mundial","status":"publish","type":"post","link":"https:\/\/www.suno.com.br\/noticias\/davos-como-surgiu-maior-reuniao-elite-mundial\/","title":{"rendered":"Davos: o que \u00e9 e como surgiu a maior reuni\u00e3o da elite mundial"},"content":{"rendered":"<p>Em 1970 um desconhecido professor su\u00ed\u00e7o chamado <strong>Kalus Schwab<\/strong> decidiu organizar uma reuni\u00e3o com um grupo de empres\u00e1rios, acad\u00eamicos e pol\u00edticos do mundo inteiro, para falar dos problemas da humanidade propor solu\u00e7\u00f5es para o futuro. A cidade escolhida para sediar o evento foi um pequeno vilarejo no meio dos alpes da Su\u00ed\u00e7a oriental chamado <strong>Davos<\/strong>. Surgiu assim o <strong>F\u00f3rum Econ\u00f4mico Mundial, <\/strong>o qual o<strong> Suno Not\u00edcias <\/strong>est\u00e1 cobrindo diretamente do local.<\/p>\t<div class=\"wrapper-featured-image\">\n\t\t<figure class=\"spotlightImg\">\n\n\t\t\t<picture>\n\t\t\t\t<source media=\"(max-width: 768px)\" srcset=\"https:\/\/files.sunoresearch.com.br\/n\/uploads\/2020\/01\/5228892b-davos-400x200.webp\">\n\t\t\t\t<img loading=\"lazy\" decoding=\"async\" class=\"newsContent__article__imgCapa lazyloadDisabled newsContent__article__imgCapa--noCaption\" src=\"https:\/\/files.sunoresearch.com.br\/n\/uploads\/2020\/01\/5228892b-davos-800x450.webp\" width=\"800\" height=\"450\" alt=\"Davos: o que \u00e9 e como surgiu a maior reuni\u00e3o da elite mundial\" fetchpriority=high \/>\n\t\t\t<\/picture>\n\n\t\t\t<figcaption class=\"wp-caption-text wp-caption-text--hide\">Davos: Confira a agenda para o quarto dia do evento<\/figcaption>\n\t\t<\/figure>\n\t<\/div>\n\n\n\n<p>Cinquenta anos depois, Davos se tornou uma esp\u00e9cie de Monte Olimpo da <strong>economia<\/strong>, pol\u00edtica e das <strong>finan\u00e7as<\/strong> <strong>globais<\/strong>. Um lugar onde, durante uma semana por ano, ocorre a maior concentra\u00e7\u00e3o de poder do planeta.<\/p>\n<p>Todos os janeiros passam por essa pequena localidade presidentes e primeiros ministros, banqueiros centrais e chefes de grandes empresas, industriais, bilion\u00e1rios, acad\u00eamicos influentes, esportistas, atores e estrelas do rock e das artes.<\/p>\n<p>O professor <strong>Schwab<\/strong>, 82 anos, continua presidindo e apresentando as reuni\u00f5es com as personalidades mais importantes convidadas cada ano. Em recente entrevista ao Financial Times, ele lembrou que o WEF &#8220;sempre foi concebido como uma plataforma para investidores&#8221;.<\/p>\n<p>Neste meio s\u00e9culo, tornou-se outra coisa, mas o professor garante que ele nunca perdeu sua alma. \u00c9 claro que ele evoluiu porque se adaptou aos tempos e trouxe mais pol\u00edtica e mais personalidades. Se tornando um lugar onde tamb\u00e9m se discute de problemas mundiais como o aquecimento global (principal tem\u00e1tica desse ano), as tens\u00f5es no Oriente M\u00e9dio e o aumento das desigualdades sociais.<\/p>\n<h2>Centro de divulga\u00e7\u00e3o de ideias<\/h2>\n<p>Ao longo desse meio s\u00e9culo de atividades, Davos tamb\u00e9m se tornou o centro de divulga\u00e7\u00e3o de novas ideias. Entre elas, as teorias de Milton Friedman sobre mais mercado e menos estado. Ou tamb\u00e9m o aumento da centralidade dos acionistas na governan\u00e7a das empresas no mundo todo.<\/p>\n\t<p>\n\t\t<a href=\"https:\/\/lp.statusinvest.com.br\/ao\/assessoria-status-invest\/\" target=\"_blank\" data-element=\"shortcode-suno-banner\" title=\"Banner SUNO, clique e saiba mais\">\n\t\t\t<picture>\n\t\t\t\t<source media=\"(max-width: 500px)\" srcset=\"https:\/\/files.sunoresearch.com.br\/n\/uploads\/2024\/03\/400x300-Mobile.png\">\n\t\t\t\t<img class=\"newsContent__article__imgCapa newsContent__article__imgCapa--banner\"\n\t\t\t\t\tsrc=\"https:\/\/files.sunoresearch.com.br\/n\/uploads\/2024\/03\/1420x240-Desktop.png\"\n\t\t\t\t\tdata-promo-id=\"537248\"\t\t\t\t\t\t\t\t\t\twidth='1400' height='240'\t\t\t\t\talt=\"https:\/\/files.sunoresearch.com.br\/n\/uploads\/2024\/03\/1420x240-Desktop.png\"\n\t\t\t\t>\n\t\t\t<\/picture>\n\t\t<\/a>\n\t<\/p>\n\n\n<p>Esse ano se discute sobre um poss\u00edvel capitalismo \u00e9tico, e por isso foi lan\u00e7ado um manifesto para orientar nesse aspecto as empresas na \u201cera da Quarta Revolu\u00e7\u00e3o Industrial&#8221;. E se tenta prever o futuro, ou pelo menos o rumo que o mundo est\u00e1 tomando. Por exemplo, em 2004 Bill Gates previu que em breve o mundo seria dominado por uma nova epidemia: o spam.<\/p>\n<h2>C\u00fapula inacess\u00edvel<\/h2>\n<p>Considerado pela maioria das pessoas como uma c\u00fapula exclusiva e inacess\u00edvel aberta apenas para os chamados &#8220;homens de Davos&#8221;. Pessoas ricas \u2013 participar custa mais de US$ 55 mil (cerca de R$ 220 mil) por pessoa \u2013 poliglota (pois os pain\u00e9is de discuss\u00e3o s\u00e3o exclusivamente em ingl\u00eas, sem tradu\u00e7\u00e3o), cosmopolita, naturalmente global.<\/p>\n<p>O evento tornou-se cada vez mais coberto pela m\u00eddia. Dezenas de milhares de jornalistas do mundo inteiro tentam acessar no local das reuni\u00f5es, mas apenas poucas dezenas s\u00e3o credenciados (o <a href=\"https:\/\/www.youtube.com\/channel\/UCWDeEIDAIi_oYKDiqwfGyRg\">SUNO Not\u00edcias<\/a> est\u00e1 entre esses), enquanto o resto fica amontoado nas estreitas ruas da cidade, buscando entrevistas os poderosos que andam, rigorosamente a p\u00e9, de seus hot\u00e9is para o centro de conven\u00e7\u00f5es.<\/p>\n<p><a href=\"https:\/\/www.suno.com.br\/noticias\/davos-agenda-segundo-dia-evento\/\">Veja tamb\u00e9m: Davos: Confira a agenda para o segundo dia do evento<\/a><\/p>\n<p>Essa extensa cobertura, entretanto, n\u00e3o conseguiu eliminar a percep\u00e7\u00e3o de suspeita sobre o que se discute no evento. Mesmo se quase todas as reuni\u00f5es s\u00e3o transmitidas em streaming no YouTube. Os movimentos populistas e anti-\u00e9lites do mundo inteiro acusam Davos de ser um local de compl\u00f4s globais contra os povos.<\/p>\n<p>Al\u00e9m disso, o evento \u00e9 acusado de ser elitista. Com uma brincadeira que todos os anos se repete, descrevendo Davos como um \u201clugar onde bilion\u00e1rios explicam para milion\u00e1rios como pensa a classe m\u00e9dia\u201d.<\/p>\n<h2>Quem participa e quem n\u00e3o foi<\/h2>\n<p>Todos os anos h\u00e1 uma grande especula\u00e7\u00e3o sobre quem participar\u00e1 e quem ficar\u00e1 por fora do evento. <a href=\"https:\/\/www.suno.com.br\/tudo-sobre\/donald-trump\/\">Donald Trump<\/a> foi o primeiro presidente dos EUA em exerc\u00edcio a participar do evento. Ele foi pela primeira vez em 2018 e voltar\u00e1 em 2020. H\u00e1 dois anos ele tinha defendido seu \u201cAmerica First\u201d e atacado as pol\u00edticas comerciais da <a href=\"https:\/\/www.suno.com.br\/artigos\/uniao-europeia\/\">Uni\u00e3o Europeia<\/a> e da China, anunciando o come\u00e7o da guerra comercial com Pequim. Esse ano, provavelmente, ele falar\u00e1 sobre o meio ambiente, dando sua vis\u00e3o contr\u00e1ria ao ambientalismo defendido por outra participante do F\u00f3rum, a ativista sueca de 16 anos, <strong>Greta<\/strong> <strong>Thunberg<\/strong>.<\/p>\n<p>No caso do Brasil, o presidente Jair Bolsonaro, que inaugurou o evento em 2019, n\u00e3o participar\u00e1 esse ano. Seu discurso de abertura tinha sido alvo de fortes cr\u00edticas, seja pela curta dura\u00e7\u00e3o (cerca de 3 minutos), como pelo conte\u00fado. Bolsonaro chegou a discursar sem nem tirar o palet\u00f3. Esse ano, provavelmente, ele preferiu n\u00e3o repetir o feito, e encarregou o ministro da Economia, Paulo Guedes, de representar o Brasil.<\/p>\n<h2>Dress code em Davos<\/h2>\n<p>O c\u00f3digo de vestimenta \u00e9 bastante r\u00edgido. Terno escuros e gravata pelos homens, roupas elegantes para as mulheres. \u00danicas excep\u00e7\u00f5es, fundadores de startups com menos de 30 anos, que chegam em jeans e camisetas, ou artistas, como o brasileiro Romero Brito, que anda pelos corredores do centro de conven\u00e7\u00f5es de Davos com um terno colorido com suas estampas.<\/p>\n<p>A seguran\u00e7a do evento n\u00e3o \u00e9 nada discreta, considerando a presen\u00e7a de pol\u00edticos, banqueiros, bilion\u00e1rios, grandes chefes de multinacionais, celebridades do mundo todo. Espa\u00e7o a\u00e9reo fechado, ex\u00e9rcito nas ruas, snipers nos telhados, controles mais r\u00edgidos do que em aeroportos em cada porta.<\/p>\n<p>Os controles j\u00e1 come\u00e7am na fronteira da Su\u00ed\u00e7a, e continuam at\u00e9 chegar aos 1.500 metros acima do n\u00edvel do mar, onde fica Davos. E chegando na cidade, se n\u00e3o for rico ou bem financiado, ficar\u00e1 hospedado em hot\u00e9is distantes do centro de conven\u00e7\u00f5es, portanto, meia hora de \u00f4nibus por dia no meio da neve. Com controles at\u00e9 dentro dos ve\u00edculos.<\/p>\n<h2>Oportunidade \u00fanica<\/h2>\n<p>Mas quem vai at\u00e9 <strong>Davos<\/strong> relata que \u00e9 uma oportunidade \u00fanica. N\u00e3o \u00e9 todos os dias que as duas mil pessoas mais poderosas e influentes da Terra se re\u00fanem em uma aldeia sem assessores ou barreiras. Para quem quer ir al\u00e9m da cotidianidade, vale a pena encarar uma semana de correria e agenda intensa para ouvir, conversar e aprender algo novo.<\/p>\n\n","protected":false},"excerpt":{"rendered":"<p>Em 1970 um desconhecido professor su\u00ed\u00e7o chamado Kalus Schwab decidiu organizar uma reuni\u00e3o com um grupo de empres\u00e1rios, acad\u00eamicos e pol\u00edticos do mundo inteiro, para falar dos problemas da humanidade propor solu\u00e7\u00f5es para o futuro. A cidade escolhida para sediar o evento foi um pequeno vilarejo no meio dos alpes da Su\u00ed\u00e7a oriental chamado Davos. [&hellip;]<\/p>\n","protected":false},"author":9,"featured_media":50349,"comment_status":"closed","ping_status":"closed","sticky":false,"template":"","format":"standard","meta":[],"categories":[63],"tags":[972],"suno_strategy":[],"class_list":["post-50344","post","type-post","status-publish","format-standard","has-post-thumbnail","hentry","category-internacional","tag-davos"],"yoast_head":"<!-- This site is optimized with the Yoast SEO plugin v24.4 - https:\/\/yoast.com\/wordpress\/plugins\/seo\/ -->\n<title>Davos: o que \u00e9 e como surgiu a maior reuni\u00e3o da elite mundial<\/title>\n<meta name=\"description\" content=\"Saiba como surgiu a reuni\u00e3o de Davos, a maior da elite mundial, que discute os mais abrangentes temas e solu\u00e7\u00f5es para o futuro. Saiba mais.\" \/>\n<meta name=\"robots\" content=\"index, follow, max-snippet:-1, max-image-preview:large, max-video-preview:-1\" \/>\n<link rel=\"canonical\" href=\"https:\/\/www.suno.com.br\/noticias\/davos-como-surgiu-maior-reuniao-elite-mundial\/\" \/>\n<meta property=\"og:locale\" content=\"pt_BR\" \/>\n<meta property=\"og:type\" content=\"article\" \/>\n<meta property=\"og:title\" content=\"Davos: o que \u00e9 e como surgiu a maior reuni\u00e3o da elite mundial\" \/>\n<meta property=\"og:description\" content=\"Saiba como surgiu a reuni\u00e3o de Davos, a maior da elite mundial, que discute os mais abrangentes temas e solu\u00e7\u00f5es para o futuro. Saiba mais.\" \/>\n<meta property=\"og:url\" content=\"https:\/\/www.suno.com.br\/noticias\/davos-como-surgiu-maior-reuniao-elite-mundial\/\" \/>\n<meta property=\"og:site_name\" content=\"Suno Not\u00edcias\" \/>\n<meta property=\"article:publisher\" content=\"https:\/\/facebook.com\/sunoresearch\" \/>\n<meta property=\"og:image\" content=\"https:\/\/files.sunoresearch.com.br\/n\/uploads\/2020\/01\/5228892b-davos.jpg\" \/>\n\t<meta property=\"og:image:width\" content=\"2048\" \/>\n\t<meta property=\"og:image:height\" content=\"1365\" \/>\n\t<meta property=\"og:image:type\" content=\"image\/jpeg\" \/>\n<meta name=\"author\" content=\"Carlo Cauti\" \/>\n<meta name=\"twitter:card\" content=\"summary_large_image\" \/>\n<meta name=\"twitter:creator\" content=\"@sunoresearch\" \/>\n<meta name=\"twitter:site\" content=\"@sunoresearch\" \/>\n<meta name=\"twitter:label1\" content=\"Escrito por\" \/>\n\t<meta name=\"twitter:data1\" content=\"Carlo Cauti\" \/>\n\t<meta name=\"twitter:label2\" content=\"Est. tempo de leitura\" \/>\n\t<meta name=\"twitter:data2\" content=\"5 minutos\" \/>\n<script type=\"application\/ld+json\" class=\"yoast-schema-graph\">{\"@context\":\"https:\/\/schema.org\",\"@graph\":[{\"@type\":\"NewsArticle\",\"@id\":\"https:\/\/www.suno.com.br\/noticias\/davos-como-surgiu-maior-reuniao-elite-mundial\/#article\",\"isPartOf\":{\"@id\":\"https:\/\/www.suno.com.br\/noticias\/davos-como-surgiu-maior-reuniao-elite-mundial\/\"},\"author\":{\"name\":\"Carlo Cauti\",\"@id\":\"https:\/\/www.suno.com.br\/noticias\/#\/schema\/person\/e6e0f723cc177805027f4566c1d5e0c8\"},\"headline\":\"Davos: o que \u00e9 e como surgiu a maior reuni\u00e3o da elite mundial\",\"datePublished\":\"2020-01-21T11:18:10+00:00\",\"dateModified\":\"2020-01-21T11:25:05+00:00\",\"mainEntityOfPage\":{\"@id\":\"https:\/\/www.suno.com.br\/noticias\/davos-como-surgiu-maior-reuniao-elite-mundial\/\"},\"wordCount\":1064,\"publisher\":{\"@id\":\"https:\/\/www.suno.com.br\/noticias\/#organization\"},\"image\":{\"@id\":\"https:\/\/www.suno.com.br\/noticias\/davos-como-surgiu-maior-reuniao-elite-mundial\/#primaryimage\"},\"thumbnailUrl\":\"https:\/\/files.sunoresearch.com.br\/n\/uploads\/2020\/01\/5228892b-davos-jpg.webp\",\"keywords\":[\"Davos\"],\"articleSection\":[\"Internacional\"],\"inLanguage\":\"pt-BR\"},{\"@type\":\"WebPage\",\"@id\":\"https:\/\/www.suno.com.br\/noticias\/davos-como-surgiu-maior-reuniao-elite-mundial\/\",\"url\":\"https:\/\/www.suno.com.br\/noticias\/davos-como-surgiu-maior-reuniao-elite-mundial\/\",\"name\":\"Davos: o que \u00e9 e como surgiu a maior reuni\u00e3o da elite mundial\",\"isPartOf\":{\"@id\":\"https:\/\/www.suno.com.br\/noticias\/#website\"},\"primaryImageOfPage\":{\"@id\":\"https:\/\/www.suno.com.br\/noticias\/davos-como-surgiu-maior-reuniao-elite-mundial\/#primaryimage\"},\"image\":{\"@id\":\"https:\/\/www.suno.com.br\/noticias\/davos-como-surgiu-maior-reuniao-elite-mundial\/#primaryimage\"},\"thumbnailUrl\":\"https:\/\/files.sunoresearch.com.br\/n\/uploads\/2020\/01\/5228892b-davos-jpg.webp\",\"datePublished\":\"2020-01-21T11:18:10+00:00\",\"dateModified\":\"2020-01-21T11:25:05+00:00\",\"description\":\"Saiba como surgiu a reuni\u00e3o de Davos, a maior da elite mundial, que discute os mais abrangentes temas e solu\u00e7\u00f5es para o futuro. Saiba mais.\",\"breadcrumb\":{\"@id\":\"https:\/\/www.suno.com.br\/noticias\/davos-como-surgiu-maior-reuniao-elite-mundial\/#breadcrumb\"},\"inLanguage\":\"pt-BR\",\"potentialAction\":[{\"@type\":\"ReadAction\",\"target\":[\"https:\/\/www.suno.com.br\/noticias\/davos-como-surgiu-maior-reuniao-elite-mundial\/\"]}]},{\"@type\":\"ImageObject\",\"inLanguage\":\"pt-BR\",\"@id\":\"https:\/\/www.suno.com.br\/noticias\/davos-como-surgiu-maior-reuniao-elite-mundial\/#primaryimage\",\"url\":\"https:\/\/files.sunoresearch.com.br\/n\/uploads\/2020\/01\/5228892b-davos-jpg.webp\",\"contentUrl\":\"https:\/\/files.sunoresearch.com.br\/n\/uploads\/2020\/01\/5228892b-davos-jpg.webp\",\"width\":2048,\"height\":1365,\"caption\":\"Davos: Confira a agenda para o quarto dia do evento\"},{\"@type\":\"BreadcrumbList\",\"@id\":\"https:\/\/www.suno.com.br\/noticias\/davos-como-surgiu-maior-reuniao-elite-mundial\/#breadcrumb\",\"itemListElement\":[{\"@type\":\"ListItem\",\"position\":1,\"name\":\"Not\u00edcias\",\"item\":\"https:\/\/www.suno.com.br\/noticias\/\"},{\"@type\":\"ListItem\",\"position\":2,\"name\":\"Internacional\",\"item\":\"https:\/\/www.suno.com.br\/noticias\/internacional\/\"},{\"@type\":\"ListItem\",\"position\":3,\"name\":\"Davos: o que \u00e9 e como surgiu a maior reuni\u00e3o da elite mundial\"}]},{\"@type\":\"WebSite\",\"@id\":\"https:\/\/www.suno.com.br\/noticias\/#website\",\"url\":\"https:\/\/www.suno.com.br\/noticias\/\",\"name\":\"Suno Not\u00edcias\",\"description\":\"Seu portal de informa\u00e7\u00e3o sobre o mundo dos investimentos\",\"publisher\":{\"@id\":\"https:\/\/www.suno.com.br\/noticias\/#organization\"},\"potentialAction\":[{\"@type\":\"SearchAction\",\"target\":{\"@type\":\"EntryPoint\",\"urlTemplate\":\"https:\/\/www.suno.com.br\/noticias\/?s={search_term_string}\"},\"query-input\":{\"@type\":\"PropertyValueSpecification\",\"valueRequired\":true,\"valueName\":\"search_term_string\"}}],\"inLanguage\":\"pt-BR\"},{\"@type\":\"Organization\",\"@id\":\"https:\/\/www.suno.com.br\/noticias\/#organization\",\"name\":\"Suno Not\u00edcias\",\"url\":\"https:\/\/www.suno.com.br\/noticias\/\",\"logo\":{\"@type\":\"ImageObject\",\"inLanguage\":\"pt-BR\",\"@id\":\"https:\/\/www.suno.com.br\/noticias\/#\/schema\/logo\/image\/\",\"url\":\"https:\/\/files.sunoresearch.com.br\/n\/uploads\/2021\/09\/suno-logo.png\",\"contentUrl\":\"https:\/\/files.sunoresearch.com.br\/n\/uploads\/2021\/09\/suno-logo.png\",\"width\":180,\"height\":180,\"caption\":\"Suno Not\u00edcias\"},\"image\":{\"@id\":\"https:\/\/www.suno.com.br\/noticias\/#\/schema\/logo\/image\/\"},\"sameAs\":[\"https:\/\/facebook.com\/sunoresearch\",\"https:\/\/x.com\/sunoresearch\",\"https:\/\/www.instagram.com\/suno\",\"https:\/\/www.linkedin.com\/company\/suno-research\/\",\"https:\/\/www.youtube.com\/c\/sunoresearch\"]},{\"@type\":\"Person\",\"@id\":\"https:\/\/www.suno.com.br\/noticias\/#\/schema\/person\/e6e0f723cc177805027f4566c1d5e0c8\",\"name\":\"Carlo Cauti\",\"image\":{\"@type\":\"ImageObject\",\"inLanguage\":\"pt-BR\",\"@id\":\"https:\/\/www.suno.com.br\/noticias\/#\/schema\/person\/image\/\",\"url\":\"https:\/\/secure.gravatar.com\/avatar\/3ada9e0bd164c23abd4792a9606d583c?s=96&r=g\",\"contentUrl\":\"https:\/\/secure.gravatar.com\/avatar\/3ada9e0bd164c23abd4792a9606d583c?s=96&r=g\",\"caption\":\"Carlo Cauti\"},\"description\":\"Editor multim\u00eddia do SUNO Not\u00edcias. Italiano, formado em Ci\u00eancias Pol\u00edticas pela universidade LUISS G. Carli de Roma e mestre cum laude em Rela\u00e7\u00f5es Internacionais, Jornalismo Internacional e de Guerra e em Economia Internacional. Concluiu tamb\u00e9m um MBA em Finan\u00e7as na B3. No Brasil, teve passagem por ve\u00edculos como Estad\u00e3o, Globo, Veja e EXAME. e nas ag\u00eancias de not\u00edcias italianas ANSA e NOVA.\",\"url\":\"https:\/\/www.suno.com.br\/noticias\/author\/carlo-cauti\/\"}]}<\/script>\n<!-- \/ Yoast SEO plugin. -->","yoast_head_json":{"title":"Davos: o que \u00e9 e como surgiu a maior reuni\u00e3o da elite mundial","description":"Saiba como surgiu a reuni\u00e3o de Davos, a maior da elite mundial, que discute os mais abrangentes temas e solu\u00e7\u00f5es para o futuro. Saiba mais.","robots":{"index":"index","follow":"follow","max-snippet":"max-snippet:-1","max-image-preview":"max-image-preview:large","max-video-preview":"max-video-preview:-1"},"canonical":"https:\/\/www.suno.com.br\/noticias\/davos-como-surgiu-maior-reuniao-elite-mundial\/","og_locale":"pt_BR","og_type":"article","og_title":"Davos: o que \u00e9 e como surgiu a maior reuni\u00e3o da elite mundial","og_description":"Saiba como surgiu a reuni\u00e3o de Davos, a maior da elite mundial, que discute os mais abrangentes temas e solu\u00e7\u00f5es para o futuro. Saiba mais.","og_url":"https:\/\/www.suno.com.br\/noticias\/davos-como-surgiu-maior-reuniao-elite-mundial\/","og_site_name":"Suno Not\u00edcias","article_publisher":"https:\/\/facebook.com\/sunoresearch","og_image":[{"width":2048,"height":1365,"url":"https:\/\/files.sunoresearch.com.br\/n\/uploads\/2020\/01\/5228892b-davos.jpg","type":"image\/jpeg"}],"author":"Carlo Cauti","twitter_card":"summary_large_image","twitter_creator":"@sunoresearch","twitter_site":"@sunoresearch","twitter_misc":{"Escrito por":"Carlo Cauti","Est. tempo de leitura":"5 minutos"},"schema":{"@context":"https:\/\/schema.org","@graph":[{"@type":"NewsArticle","@id":"https:\/\/www.suno.com.br\/noticias\/davos-como-surgiu-maior-reuniao-elite-mundial\/#article","isPartOf":{"@id":"https:\/\/www.suno.com.br\/noticias\/davos-como-surgiu-maior-reuniao-elite-mundial\/"},"author":{"name":"Carlo Cauti","@id":"https:\/\/www.suno.com.br\/noticias\/#\/schema\/person\/e6e0f723cc177805027f4566c1d5e0c8"},"headline":"Davos: o que \u00e9 e como surgiu a maior reuni\u00e3o da elite mundial","datePublished":"2020-01-21T11:18:10+00:00","dateModified":"2020-01-21T11:25:05+00:00","mainEntityOfPage":{"@id":"https:\/\/www.suno.com.br\/noticias\/davos-como-surgiu-maior-reuniao-elite-mundial\/"},"wordCount":1064,"publisher":{"@id":"https:\/\/www.suno.com.br\/noticias\/#organization"},"image":{"@id":"https:\/\/www.suno.com.br\/noticias\/davos-como-surgiu-maior-reuniao-elite-mundial\/#primaryimage"},"thumbnailUrl":"https:\/\/files.sunoresearch.com.br\/n\/uploads\/2020\/01\/5228892b-davos-jpg.webp","keywords":["Davos"],"articleSection":["Internacional"],"inLanguage":"pt-BR"},{"@type":"WebPage","@id":"https:\/\/www.suno.com.br\/noticias\/davos-como-surgiu-maior-reuniao-elite-mundial\/","url":"https:\/\/www.suno.com.br\/noticias\/davos-como-surgiu-maior-reuniao-elite-mundial\/","name":"Davos: o que \u00e9 e como surgiu a maior reuni\u00e3o da elite mundial","isPartOf":{"@id":"https:\/\/www.suno.com.br\/noticias\/#website"},"primaryImageOfPage":{"@id":"https:\/\/www.suno.com.br\/noticias\/davos-como-surgiu-maior-reuniao-elite-mundial\/#primaryimage"},"image":{"@id":"https:\/\/www.suno.com.br\/noticias\/davos-como-surgiu-maior-reuniao-elite-mundial\/#primaryimage"},"thumbnailUrl":"https:\/\/files.sunoresearch.com.br\/n\/uploads\/2020\/01\/5228892b-davos-jpg.webp","datePublished":"2020-01-21T11:18:10+00:00","dateModified":"2020-01-21T11:25:05+00:00","description":"Saiba como surgiu a reuni\u00e3o de Davos, a maior da elite mundial, que discute os mais abrangentes temas e solu\u00e7\u00f5es para o futuro. Saiba mais.","breadcrumb":{"@id":"https:\/\/www.suno.com.br\/noticias\/davos-como-surgiu-maior-reuniao-elite-mundial\/#breadcrumb"},"inLanguage":"pt-BR","potentialAction":[{"@type":"ReadAction","target":["https:\/\/www.suno.com.br\/noticias\/davos-como-surgiu-maior-reuniao-elite-mundial\/"]}]},{"@type":"ImageObject","inLanguage":"pt-BR","@id":"https:\/\/www.suno.com.br\/noticias\/davos-como-surgiu-maior-reuniao-elite-mundial\/#primaryimage","url":"https:\/\/files.sunoresearch.com.br\/n\/uploads\/2020\/01\/5228892b-davos-jpg.webp","contentUrl":"https:\/\/files.sunoresearch.com.br\/n\/uploads\/2020\/01\/5228892b-davos-jpg.webp","width":2048,"height":1365,"caption":"Davos: Confira a agenda para o quarto dia do evento"},{"@type":"BreadcrumbList","@id":"https:\/\/www.suno.com.br\/noticias\/davos-como-surgiu-maior-reuniao-elite-mundial\/#breadcrumb","itemListElement":[{"@type":"ListItem","position":1,"name":"Not\u00edcias","item":"https:\/\/www.suno.com.br\/noticias\/"},{"@type":"ListItem","position":2,"name":"Internacional","item":"https:\/\/www.suno.com.br\/noticias\/internacional\/"},{"@type":"ListItem","position":3,"name":"Davos: o que \u00e9 e como surgiu a maior reuni\u00e3o da elite mundial"}]},{"@type":"WebSite","@id":"https:\/\/www.suno.com.br\/noticias\/#website","url":"https:\/\/www.suno.com.br\/noticias\/","name":"Suno Not\u00edcias","description":"Seu portal de informa\u00e7\u00e3o sobre o mundo dos investimentos","publisher":{"@id":"https:\/\/www.suno.com.br\/noticias\/#organization"},"potentialAction":[{"@type":"SearchAction","target":{"@type":"EntryPoint","urlTemplate":"https:\/\/www.suno.com.br\/noticias\/?s={search_term_string}"},"query-input":{"@type":"PropertyValueSpecification","valueRequired":true,"valueName":"search_term_string"}}],"inLanguage":"pt-BR"},{"@type":"Organization","@id":"https:\/\/www.suno.com.br\/noticias\/#organization","name":"Suno Not\u00edcias","url":"https:\/\/www.suno.com.br\/noticias\/","logo":{"@type":"ImageObject","inLanguage":"pt-BR","@id":"https:\/\/www.suno.com.br\/noticias\/#\/schema\/logo\/image\/","url":"https:\/\/files.sunoresearch.com.br\/n\/uploads\/2021\/09\/suno-logo.png","contentUrl":"https:\/\/files.sunoresearch.com.br\/n\/uploads\/2021\/09\/suno-logo.png","width":180,"height":180,"caption":"Suno Not\u00edcias"},"image":{"@id":"https:\/\/www.suno.com.br\/noticias\/#\/schema\/logo\/image\/"},"sameAs":["https:\/\/facebook.com\/sunoresearch","https:\/\/x.com\/sunoresearch","https:\/\/www.instagram.com\/suno","https:\/\/www.linkedin.com\/company\/suno-research\/","https:\/\/www.youtube.com\/c\/sunoresearch"]},{"@type":"Person","@id":"https:\/\/www.suno.com.br\/noticias\/#\/schema\/person\/e6e0f723cc177805027f4566c1d5e0c8","name":"Carlo Cauti","image":{"@type":"ImageObject","inLanguage":"pt-BR","@id":"https:\/\/www.suno.com.br\/noticias\/#\/schema\/person\/image\/","url":"https:\/\/secure.gravatar.com\/avatar\/3ada9e0bd164c23abd4792a9606d583c?s=96&r=g","contentUrl":"https:\/\/secure.gravatar.com\/avatar\/3ada9e0bd164c23abd4792a9606d583c?s=96&r=g","caption":"Carlo Cauti"},"description":"Editor multim\u00eddia do SUNO Not\u00edcias. Italiano, formado em Ci\u00eancias Pol\u00edticas pela universidade LUISS G. Carli de Roma e mestre cum laude em Rela\u00e7\u00f5es Internacionais, Jornalismo Internacional e de Guerra e em Economia Internacional. Concluiu tamb\u00e9m um MBA em Finan\u00e7as na B3. No Brasil, teve passagem por ve\u00edculos como Estad\u00e3o, Globo, Veja e EXAME. e nas ag\u00eancias de not\u00edcias italianas ANSA e NOVA.","url":"https:\/\/www.suno.com.br\/noticias\/author\/carlo-cauti\/"}]}},"default_loop_html":"<div class=\"cardsPage__listCard__boxs\"><div class=\"cardsPage__listCard__boxs__img\"><a href=\"https:\/\/www.suno.com.br\/noticias\/davos-como-surgiu-maior-reuniao-elite-mundial\/\"><img class=\"mask\" src=\"https:\/\/www.suno.com.br\/noticias\/wp-content\/themes\/suno\/resources\/images\/spotlight\/spotlight1img\/bg-mask.png\" alt=\"Image Mask\"\/><img src=\"https:\/\/files.sunoresearch.com.br\/n\/uploads\/2020\/01\/5228892b-davos-400x200.webp\" alt=\"Davos: o que \u00e9 e como surgiu a maior reuni\u00e3o da elite mundial\"\/><\/a><span class=\"spotlightCategory\"><a href=\"https:\/\/www.suno.com.br\/noticias\/internacional\/\">Internacional<\/a><\/span><\/div><div class=\"cardsPage__listCard__boxs__content\"><a href=\"https:\/\/www.suno.com.br\/noticias\/davos-como-surgiu-maior-reuniao-elite-mundial\/\"><h2 class=\"content__title\">Davos: o que \u00e9 e como surgiu a maior reuni\u00e3o da elite mundial<\/h2><\/a><div class=\"newsContent__article__meta\"><div class=\"newsContent__article__meta__authorBox\"><a href=\"https:\/\/www.suno.com.br\/noticias\/author\/carlo-cauti\/\" class=\"authorBox__avatar noMobi\"><img src=\"https:\/\/files.sunoresearch.com.br\/n\/uploads\/2020\/08\/e3745f9a-perfil-carlo-cauti-150x150.webp\" alt=\"Carlo Cauti\"><\/a><div class=\"authorBox__name\"><span>por\n\t\t\t<a href=\"https:\/\/www.suno.com.br\/noticias\/author\/carlo-cauti\/\"><span itemprop=\"author\">Carlo Cauti<\/span><\/a><\/span><time datetime=\"2020-01-21T09:18:10-03:00\" itemprop=\"datePublished\">21\/01\/2020 09:18<\/time><\/div><\/div><\/div><\/div><\/div>","single_layout":"posts","amp_enabled":true,"_links":{"self":[{"href":"https:\/\/www.suno.com.br\/noticias\/wp-json\/wp\/v2\/posts\/50344"}],"collection":[{"href":"https:\/\/www.suno.com.br\/noticias\/wp-json\/wp\/v2\/posts"}],"about":[{"href":"https:\/\/www.suno.com.br\/noticias\/wp-json\/wp\/v2\/types\/post"}],"author":[{"embeddable":true,"href":"https:\/\/www.suno.com.br\/noticias\/wp-json\/wp\/v2\/users\/9"}],"replies":[{"embeddable":true,"href":"https:\/\/www.suno.com.br\/noticias\/wp-json\/wp\/v2\/comments?post=50344"}],"version-history":[{"count":0,"href":"https:\/\/www.suno.com.br\/noticias\/wp-json\/wp\/v2\/posts\/50344\/revisions"}],"wp:featuredmedia":[{"embeddable":true,"href":"https:\/\/www.suno.com.br\/noticias\/wp-json\/wp\/v2\/media\/50349"}],"wp:attachment":[{"href":"https:\/\/www.suno.com.br\/noticias\/wp-json\/wp\/v2\/media?parent=50344"}],"wp:term":[{"taxonomy":"category","embeddable":true,"href":"https:\/\/www.suno.com.br\/noticias\/wp-json\/wp\/v2\/categories?post=50344"},{"taxonomy":"post_tag","embeddable":true,"href":"https:\/\/www.suno.com.br\/noticias\/wp-json\/wp\/v2\/tags?post=50344"},{"taxonomy":"suno_strategy","embeddable":true,"href":"https:\/\/www.suno.com.br\/noticias\/wp-json\/wp\/v2\/suno_strategy?post=50344"}],"curies":[{"name":"wp","href":"https:\/\/api.w.org\/{rel}","templated":true}]}}