{"id":503429,"date":"2023-12-21T10:59:42","date_gmt":"2023-12-21T13:59:42","guid":{"rendered":"https:\/\/www.suno.com.br\/noticias\/?p=503429"},"modified":"2023-12-21T10:59:45","modified_gmt":"2023-12-21T13:59:45","slug":"operacao-pf-braskem-maceio-gss","status":"publish","type":"post","link":"https:\/\/www.suno.com.br\/noticias\/operacao-pf-braskem-maceio-gss\/","title":{"rendered":"Opera\u00e7\u00e3o da PF investiga Braskem (BRKM5) por afundamento em Macei\u00f3; Empresa diz que est\u00e1 \u00e0 disposi\u00e7\u00e3o"},"content":{"rendered":"<p>A <strong>Braskem <\/strong>(BRKM5) est\u00e1 sendo investigada pela Pol\u00edcia Federal, no \u00e2mbito da opera\u00e7\u00e3o L\u00e1grimas de Sal, deflagrada na manh\u00e3 desta quinta-feira (21). A a\u00e7\u00e3o visa abastecer o inqu\u00e9rito sobre a explora\u00e7\u00e3o de sal-gema em Macei\u00f3, que causou a instabilidade do solo e o afundamento de bairros da capital alagoana.<\/p>\t<div class=\"wrapper-featured-image\">\n\t\t<figure class=\"spotlightImg\">\n\n\t\t\t<picture>\n\t\t\t\t<source media=\"(max-width: 768px)\" srcset=\"https:\/\/files.sunoresearch.com.br\/n\/uploads\/2023\/12\/Braskem-Maceio-1-400x200.jpg\">\n\t\t\t\t<img loading=\"lazy\" decoding=\"async\" class=\"newsContent__article__imgCapa lazyloadDisabled \" src=\"https:\/\/files.sunoresearch.com.br\/n\/uploads\/2023\/12\/Braskem-Maceio-1-800x450.jpg\" width=\"800\" height=\"450\" alt=\"Opera\u00e7\u00e3o da PF investiga Braskem (BRKM5) por afundamento em Macei\u00f3; Empresa diz que est\u00e1 \u00e0 disposi\u00e7\u00e3o\" fetchpriority=high \/>\n\t\t\t<\/picture>\n\n\t\t\t<figcaption class=\"wp-caption-text wp-caption-text--show\">Braskem: Macei\u00f3. Foto: UFAL<\/figcaption>\n\t\t<\/figure>\n\t<\/div>\n\n\n\n\n\n\n\n\t<p>\n\t\t<a href=\"https:\/\/lp.suno.com.br\/planilha-da-vida-financeira\/\" target=\"_blank\" data-element=\"shortcode-suno-banner\" title=\"Banner SUNO, clique e saiba mais\">\n\t\t\t<picture>\n\t\t\t\t<source media=\"(max-width: 500px)\" srcset=\"https:\/\/files.sunoresearch.com.br\/n\/uploads\/2023\/04\/400x300-Planilha-vida-financeira-true.png\">\n\t\t\t\t<img class=\"newsContent__article__imgCapa newsContent__article__imgCapa--banner\"\n\t\t\t\t\tsrc=\"https:\/\/files.sunoresearch.com.br\/n\/uploads\/2023\/04\/1420x240-Planilha-vida-financeira-true.png\"\n\t\t\t\t\tdata-promo-id=\"106682\"\t\t\t\t\t\t\t\t\t\twidth='1420' height='240'\t\t\t\t\talt=\"https:\/\/files.sunoresearch.com.br\/n\/uploads\/2023\/04\/1420x240-Planilha-vida-financeira-true.png\"\n\t\t\t\t>\n\t\t\t<\/picture>\n\t\t<\/a>\n\t<\/p>\n\n\n\n\n\n<p>Agentes cumprem 14 ordens de busca e apreens\u00e3o em Macei\u00f3 (11), no Rio de Janeiro (2), Aracaju (1). A sede da Braskem em Alagoas \u00e9 um dos alvos das dilig\u00eancias.<\/p>\n\n\n\n<p>De acordo com a PF, foram apurados ind\u00edcios de que as atividades de minera\u00e7\u00e3o desenvolvidas no local pela Braskem &#8220;n\u00e3o seguiram os par\u00e2metros de seguran\u00e7a previstos na literatura cient\u00edfica e nos respectivos planos de lavra, que visavam garantir a estabilidade das minas e a seguran\u00e7a da popula\u00e7\u00e3o que residia na superf\u00edcie&#8221;.<\/p>\n\n\n\n<p>A corpora\u00e7\u00e3o ainda encontrou ind\u00edcios de que foram apresentados dados falsos e omitidas informa\u00e7\u00f5es relevantes aos \u00f3rg\u00e3os p\u00fablicos respons\u00e1veis pela fiscaliza\u00e7\u00e3o da atividade da empresa, &#8220;permitindo assim a continuidade dos trabalhos, mesmo quando j\u00e1 presentes problemas de estabilidade das cavidades de sal e sinais de subsid\u00eancia do solo acima das minas&#8221;.<\/p>\n\n\n\n<p>A ofensiva mira supostos crimes de polui\u00e7\u00e3o qualificada, usurpa\u00e7\u00e3o de recursos da Uni\u00e3o e apresenta\u00e7\u00e3o de estudos ambientais falsos ou enganosos, inclusive por omiss\u00e3o.<\/p>\n\n\n\t<p>\n\t\t<a href=\"https:\/\/lp.suno.com.br\/ebook-como-analisar-uma-acao\/\" target=\"_blank\" data-element=\"shortcode-suno-banner\" title=\"Banner SUNO, clique e saiba mais\">\n\t\t\t<picture>\n\t\t\t\t<source media=\"(max-width: 500px)\" srcset=\"https:\/\/files.sunoresearch.com.br\/n\/uploads\/2023\/03\/Ebook-Acoes-Mobile.jpg\">\n\t\t\t\t<img class=\"newsContent__article__imgCapa newsContent__article__imgCapa--banner\"\n\t\t\t\t\tsrc=\"https:\/\/files.sunoresearch.com.br\/n\/uploads\/2023\/03\/Ebook-Acoes-Desktop.jpg\"\n\t\t\t\t\tdata-promo-id=\"378302\"\t\t\t\t\t\t\t\t\t\twidth='1420' height='286'\t\t\t\t\talt=\"https:\/\/files.sunoresearch.com.br\/n\/uploads\/2023\/03\/Ebook-Acoes-Desktop.jpg\"\n\t\t\t\t>\n\t\t\t<\/picture>\n\t\t<\/a>\n\t<\/p>\n\n\n\n\n\n<h2 class=\"wp-block-heading\">Braskem diz estar \u00e0 disposi\u00e7\u00e3o<\/h2>\n\n\n\n<p>Em nota, a Braskem afirmou que &#8220;est\u00e1 acompanhando a opera\u00e7\u00e3o da PF e est\u00e1 \u00e0 disposi\u00e7\u00e3o das autoridades, como sempre atuou&#8221;. De acordo com a empresa, todas as informa\u00e7\u00f5es ser\u00e3o prestadas no transcorrer do processo.<\/p>\n\n\n\n<p>Quando o caso veio \u00e0 tona, a Braskem afirmou que a extra\u00e7\u00e3o de <strong>sal-gema em Macei\u00f3<\/strong> &#8220;sempre foi acompanhada utilizando a melhor t\u00e9cnica dispon\u00edvel, fiscalizada pelos \u00f3rg\u00e3os p\u00fablicos competentes e com todas as licen\u00e7as necess\u00e1rias para sua opera\u00e7\u00e3o&#8221;.<\/p>\n\n\n\n<p>A empresa tamb\u00e9m declarou que n\u00e3o havia ind\u00edcios de problemas relacionados \u00e0 minera\u00e7\u00e3o at\u00e9 cinco anos atr\u00e1s.<\/p>\n\n\n\n<p>&#8220;Antes de 2018, n\u00e3o existiam indicativos de trincas ou rachaduras sobre as quais houvesse suspeita de rela\u00e7\u00e3o com a atividade de extra\u00e7\u00e3o de sal. De acordo com os estudos t\u00e9cnicos realizados nos \u00faltimos quatro anos, conduzidos por diversos especialistas nacionais e internacionais das diferentes \u00e1reas das Geoci\u00eancias, foi evidenciado que a subsid\u00eancia \u00e9 complexa&#8221;, disse a <strong>Braskem<\/strong>, em nota. &#8220;Ao tomar ci\u00eancia em 2019 de que a subsid\u00eancia estava acontecendo na regi\u00e3o, a companhia interrompeu definitivamente a extra\u00e7\u00e3o de sal-gema nessa regi\u00e3o e iniciou as a\u00e7\u00f5es para mitiga\u00e7\u00e3o de riscos e repara\u00e7\u00f5es.&#8221;<\/p>\n\n\n\n<p><em>Com Estad\u00e3o Conte\u00fado<\/em><\/p>\n\n\n\t<p>\n\t\t<a href=\"https:\/\/lp.suno.com.br\/planilha-da-vida-financeira\/\" target=\"_blank\" data-element=\"shortcode-suno-banner\" title=\"Banner SUNO, clique e saiba mais\">\n\t\t\t<picture>\n\t\t\t\t<source media=\"(max-width: 500px)\" srcset=\"https:\/\/files.sunoresearch.com.br\/n\/uploads\/2023\/04\/400x300-Planilha-vida-financeira-true.png\">\n\t\t\t\t<img class=\"newsContent__article__imgCapa newsContent__article__imgCapa--banner\"\n\t\t\t\t\tsrc=\"https:\/\/files.sunoresearch.com.br\/n\/uploads\/2023\/04\/1420x240-Planilha-vida-financeira-true.png\"\n\t\t\t\t\tdata-promo-id=\"383123\"\t\t\t\t\t\t\t\t\t\twidth='1420' height='240'\t\t\t\t\talt=\"https:\/\/files.sunoresearch.com.br\/n\/uploads\/2023\/04\/1420x240-Planilha-vida-financeira-true.png\"\n\t\t\t\t>\n\t\t\t<\/picture>\n\t\t<\/a>\n\t<\/p>\n\n\n","protected":false},"excerpt":{"rendered":"<p>A Braskem (BRKM5) est\u00e1 sendo investigada pela Pol\u00edcia Federal, no \u00e2mbito da opera\u00e7\u00e3o L\u00e1grimas de Sal, deflagrada na manh\u00e3 desta quinta-feira (21). A a\u00e7\u00e3o visa abastecer o inqu\u00e9rito sobre a explora\u00e7\u00e3o de sal-gema em Macei\u00f3, que causou a instabilidade do solo e o afundamento de bairros da capital alagoana. Braskem: Macei\u00f3. Foto: UFAL Agentes cumprem [&hellip;]<\/p>\n","protected":false},"author":43,"featured_media":495645,"comment_status":"closed","ping_status":"closed","sticky":false,"template":"","format":"standard","meta":[],"categories":[64],"tags":[395],"suno_strategy":[106958],"class_list":["post-503429","post","type-post","status-publish","format-standard","has-post-thumbnail","hentry","category-negocios","tag-braskem-brkm3-brkm5-brkm6"],"yoast_head":"<!-- This site is optimized with the Yoast SEO plugin v24.4 - https:\/\/yoast.com\/wordpress\/plugins\/seo\/ -->\n<title>Braskem (BRKM5) \u00e9 investigada pela PF por afundamento em Macei\u00f3<\/title>\n<meta name=\"description\" content=\"A Braskem (BRKM5) est\u00e1 sendo investigada pela Pol\u00edcia Federal na opera\u00e7\u00e3o L\u00e1grimas de Sal, que investiga o afundamento do solo em Macei\u00f3.\" \/>\n<meta name=\"robots\" content=\"index, follow, max-snippet:-1, max-image-preview:large, max-video-preview:-1\" \/>\n<link rel=\"canonical\" href=\"https:\/\/www.suno.com.br\/noticias\/operacao-pf-braskem-maceio-gss\/\" \/>\n<meta property=\"og:locale\" content=\"pt_BR\" \/>\n<meta property=\"og:type\" content=\"article\" \/>\n<meta property=\"og:title\" content=\"Braskem (BRKM5) \u00e9 investigada pela PF por afundamento em Macei\u00f3\" \/>\n<meta property=\"og:description\" content=\"A Braskem (BRKM5) est\u00e1 sendo investigada pela Pol\u00edcia Federal na opera\u00e7\u00e3o L\u00e1grimas de Sal, que investiga o afundamento do solo em Macei\u00f3.\" \/>\n<meta property=\"og:url\" content=\"https:\/\/www.suno.com.br\/noticias\/operacao-pf-braskem-maceio-gss\/\" \/>\n<meta property=\"og:site_name\" content=\"Suno Not\u00edcias\" \/>\n<meta property=\"article:publisher\" content=\"https:\/\/facebook.com\/sunoresearch\" \/>\n<meta property=\"article:author\" content=\"https:\/\/www.facebook.com\/sunonoticias\/\" \/>\n<meta property=\"og:image\" content=\"https:\/\/files.sunoresearch.com.br\/n\/uploads\/2023\/12\/Braskem-Maceio-1.jpg\" \/>\n\t<meta property=\"og:image:width\" content=\"1400\" \/>\n\t<meta property=\"og:image:height\" content=\"838\" \/>\n\t<meta property=\"og:image:type\" content=\"image\/jpeg\" \/>\n<meta name=\"author\" content=\"Reda\u00e7\u00e3o Suno Not\u00edcias\" \/>\n<meta name=\"twitter:card\" content=\"summary_large_image\" \/>\n<meta name=\"twitter:creator\" content=\"@https:\/\/twitter.com\/sunoresearch\" \/>\n<meta name=\"twitter:site\" content=\"@sunoresearch\" \/>\n<meta name=\"twitter:label1\" content=\"Escrito por\" \/>\n\t<meta name=\"twitter:data1\" content=\"Reda\u00e7\u00e3o Suno Not\u00edcias\" \/>\n\t<meta name=\"twitter:label2\" content=\"Est. tempo de leitura\" \/>\n\t<meta name=\"twitter:data2\" content=\"3 minutos\" \/>\n<script type=\"application\/ld+json\" class=\"yoast-schema-graph\">{\"@context\":\"https:\/\/schema.org\",\"@graph\":[{\"@type\":\"NewsArticle\",\"@id\":\"https:\/\/www.suno.com.br\/noticias\/operacao-pf-braskem-maceio-gss\/#article\",\"isPartOf\":{\"@id\":\"https:\/\/www.suno.com.br\/noticias\/operacao-pf-braskem-maceio-gss\/\"},\"author\":{\"name\":\"Reda\u00e7\u00e3o Suno Not\u00edcias\",\"@id\":\"https:\/\/www.suno.com.br\/noticias\/#\/schema\/person\/c1b1bd3727fa852bd045e9dbff3673ea\"},\"headline\":\"Opera\u00e7\u00e3o da PF investiga Braskem (BRKM5) por afundamento em Macei\u00f3; Empresa diz que est\u00e1 \u00e0 disposi\u00e7\u00e3o\",\"datePublished\":\"2023-12-21T13:59:42+00:00\",\"dateModified\":\"2023-12-21T13:59:45+00:00\",\"mainEntityOfPage\":{\"@id\":\"https:\/\/www.suno.com.br\/noticias\/operacao-pf-braskem-maceio-gss\/\"},\"wordCount\":472,\"publisher\":{\"@id\":\"https:\/\/www.suno.com.br\/noticias\/#organization\"},\"image\":{\"@id\":\"https:\/\/www.suno.com.br\/noticias\/operacao-pf-braskem-maceio-gss\/#primaryimage\"},\"thumbnailUrl\":\"https:\/\/files.sunoresearch.com.br\/n\/uploads\/2023\/12\/Braskem-Maceio-1.jpg\",\"keywords\":[\"Braskem (BRKM3\/BRKM5\/BRKM6)\"],\"articleSection\":[\"Neg\u00f3cios\"],\"inLanguage\":\"pt-BR\"},{\"@type\":\"WebPage\",\"@id\":\"https:\/\/www.suno.com.br\/noticias\/operacao-pf-braskem-maceio-gss\/\",\"url\":\"https:\/\/www.suno.com.br\/noticias\/operacao-pf-braskem-maceio-gss\/\",\"name\":\"Braskem (BRKM5) \u00e9 investigada pela PF por afundamento em Macei\u00f3\",\"isPartOf\":{\"@id\":\"https:\/\/www.suno.com.br\/noticias\/#website\"},\"primaryImageOfPage\":{\"@id\":\"https:\/\/www.suno.com.br\/noticias\/operacao-pf-braskem-maceio-gss\/#primaryimage\"},\"image\":{\"@id\":\"https:\/\/www.suno.com.br\/noticias\/operacao-pf-braskem-maceio-gss\/#primaryimage\"},\"thumbnailUrl\":\"https:\/\/files.sunoresearch.com.br\/n\/uploads\/2023\/12\/Braskem-Maceio-1.jpg\",\"datePublished\":\"2023-12-21T13:59:42+00:00\",\"dateModified\":\"2023-12-21T13:59:45+00:00\",\"description\":\"A Braskem (BRKM5) est\u00e1 sendo investigada pela Pol\u00edcia Federal na opera\u00e7\u00e3o L\u00e1grimas de Sal, que investiga o afundamento do solo em Macei\u00f3.\",\"breadcrumb\":{\"@id\":\"https:\/\/www.suno.com.br\/noticias\/operacao-pf-braskem-maceio-gss\/#breadcrumb\"},\"inLanguage\":\"pt-BR\",\"potentialAction\":[{\"@type\":\"ReadAction\",\"target\":[\"https:\/\/www.suno.com.br\/noticias\/operacao-pf-braskem-maceio-gss\/\"]}]},{\"@type\":\"ImageObject\",\"inLanguage\":\"pt-BR\",\"@id\":\"https:\/\/www.suno.com.br\/noticias\/operacao-pf-braskem-maceio-gss\/#primaryimage\",\"url\":\"https:\/\/files.sunoresearch.com.br\/n\/uploads\/2023\/12\/Braskem-Maceio-1.jpg\",\"contentUrl\":\"https:\/\/files.sunoresearch.com.br\/n\/uploads\/2023\/12\/Braskem-Maceio-1.jpg\",\"width\":1400,\"height\":838,\"caption\":\"Braskem: Macei\u00f3. Foto: UFAL\"},{\"@type\":\"BreadcrumbList\",\"@id\":\"https:\/\/www.suno.com.br\/noticias\/operacao-pf-braskem-maceio-gss\/#breadcrumb\",\"itemListElement\":[{\"@type\":\"ListItem\",\"position\":1,\"name\":\"Not\u00edcias\",\"item\":\"https:\/\/www.suno.com.br\/noticias\/\"},{\"@type\":\"ListItem\",\"position\":2,\"name\":\"Neg\u00f3cios\",\"item\":\"https:\/\/www.suno.com.br\/noticias\/negocios\/\"},{\"@type\":\"ListItem\",\"position\":3,\"name\":\"Opera\u00e7\u00e3o da PF investiga Braskem (BRKM5) por afundamento em Macei\u00f3; Empresa diz que est\u00e1 \u00e0 disposi\u00e7\u00e3o\"}]},{\"@type\":\"WebSite\",\"@id\":\"https:\/\/www.suno.com.br\/noticias\/#website\",\"url\":\"https:\/\/www.suno.com.br\/noticias\/\",\"name\":\"Suno Not\u00edcias\",\"description\":\"Seu portal de informa\u00e7\u00e3o sobre o mundo dos investimentos\",\"publisher\":{\"@id\":\"https:\/\/www.suno.com.br\/noticias\/#organization\"},\"potentialAction\":[{\"@type\":\"SearchAction\",\"target\":{\"@type\":\"EntryPoint\",\"urlTemplate\":\"https:\/\/www.suno.com.br\/noticias\/?s={search_term_string}\"},\"query-input\":{\"@type\":\"PropertyValueSpecification\",\"valueRequired\":true,\"valueName\":\"search_term_string\"}}],\"inLanguage\":\"pt-BR\"},{\"@type\":\"Organization\",\"@id\":\"https:\/\/www.suno.com.br\/noticias\/#organization\",\"name\":\"Suno Not\u00edcias\",\"url\":\"https:\/\/www.suno.com.br\/noticias\/\",\"logo\":{\"@type\":\"ImageObject\",\"inLanguage\":\"pt-BR\",\"@id\":\"https:\/\/www.suno.com.br\/noticias\/#\/schema\/logo\/image\/\",\"url\":\"https:\/\/files.sunoresearch.com.br\/n\/uploads\/2021\/09\/suno-logo.png\",\"contentUrl\":\"https:\/\/files.sunoresearch.com.br\/n\/uploads\/2021\/09\/suno-logo.png\",\"width\":180,\"height\":180,\"caption\":\"Suno Not\u00edcias\"},\"image\":{\"@id\":\"https:\/\/www.suno.com.br\/noticias\/#\/schema\/logo\/image\/\"},\"sameAs\":[\"https:\/\/facebook.com\/sunoresearch\",\"https:\/\/x.com\/sunoresearch\",\"https:\/\/www.instagram.com\/suno\",\"https:\/\/www.linkedin.com\/company\/suno-research\/\",\"https:\/\/www.youtube.com\/c\/sunoresearch\"]},{\"@type\":\"Person\",\"@id\":\"https:\/\/www.suno.com.br\/noticias\/#\/schema\/person\/c1b1bd3727fa852bd045e9dbff3673ea\",\"name\":\"Reda\u00e7\u00e3o Suno Not\u00edcias\",\"image\":{\"@type\":\"ImageObject\",\"inLanguage\":\"pt-BR\",\"@id\":\"https:\/\/www.suno.com.br\/noticias\/#\/schema\/person\/image\/\",\"url\":\"https:\/\/secure.gravatar.com\/avatar\/b8104b9b5a71985d5238ee59fbe418af?s=96&r=g\",\"contentUrl\":\"https:\/\/secure.gravatar.com\/avatar\/b8104b9b5a71985d5238ee59fbe418af?s=96&r=g\",\"caption\":\"Reda\u00e7\u00e3o Suno Not\u00edcias\"},\"description\":\"O Suno Not\u00edcias \u00e9 um portal de informa\u00e7\u00f5es sobre Mercado Financeiro, Pol\u00edtica, Neg\u00f3cios, Economia e Finan\u00e7as Pessoais.\",\"sameAs\":[\"https:\/\/www.suno.com.br\/noticias\",\"https:\/\/www.facebook.com\/sunonoticias\/\",\"https:\/\/www.instagram.com\/sunonoticias\/\",\"https:\/\/x.com\/https:\/\/twitter.com\/sunoresearch\",\"https:\/\/www.youtube.com\/sunonoticias\"],\"url\":\"https:\/\/www.suno.com.br\/noticias\/author\/redacao-suno\/\"}]}<\/script>\n<!-- \/ Yoast SEO plugin. -->","yoast_head_json":{"title":"Braskem (BRKM5) \u00e9 investigada pela PF por afundamento em Macei\u00f3","description":"A Braskem (BRKM5) est\u00e1 sendo investigada pela Pol\u00edcia Federal na opera\u00e7\u00e3o L\u00e1grimas de Sal, que investiga o afundamento do solo em Macei\u00f3.","robots":{"index":"index","follow":"follow","max-snippet":"max-snippet:-1","max-image-preview":"max-image-preview:large","max-video-preview":"max-video-preview:-1"},"canonical":"https:\/\/www.suno.com.br\/noticias\/operacao-pf-braskem-maceio-gss\/","og_locale":"pt_BR","og_type":"article","og_title":"Braskem (BRKM5) \u00e9 investigada pela PF por afundamento em Macei\u00f3","og_description":"A Braskem (BRKM5) est\u00e1 sendo investigada pela Pol\u00edcia Federal na opera\u00e7\u00e3o L\u00e1grimas de Sal, que investiga o afundamento do solo em Macei\u00f3.","og_url":"https:\/\/www.suno.com.br\/noticias\/operacao-pf-braskem-maceio-gss\/","og_site_name":"Suno Not\u00edcias","article_publisher":"https:\/\/facebook.com\/sunoresearch","article_author":"https:\/\/www.facebook.com\/sunonoticias\/","og_image":[{"width":1400,"height":838,"url":"https:\/\/files.sunoresearch.com.br\/n\/uploads\/2023\/12\/Braskem-Maceio-1.jpg","type":"image\/jpeg"}],"author":"Reda\u00e7\u00e3o Suno Not\u00edcias","twitter_card":"summary_large_image","twitter_creator":"@https:\/\/twitter.com\/sunoresearch","twitter_site":"@sunoresearch","twitter_misc":{"Escrito por":"Reda\u00e7\u00e3o Suno Not\u00edcias","Est. tempo de leitura":"3 minutos"},"schema":{"@context":"https:\/\/schema.org","@graph":[{"@type":"NewsArticle","@id":"https:\/\/www.suno.com.br\/noticias\/operacao-pf-braskem-maceio-gss\/#article","isPartOf":{"@id":"https:\/\/www.suno.com.br\/noticias\/operacao-pf-braskem-maceio-gss\/"},"author":{"name":"Reda\u00e7\u00e3o Suno Not\u00edcias","@id":"https:\/\/www.suno.com.br\/noticias\/#\/schema\/person\/c1b1bd3727fa852bd045e9dbff3673ea"},"headline":"Opera\u00e7\u00e3o da PF investiga Braskem (BRKM5) por afundamento em Macei\u00f3; Empresa diz que est\u00e1 \u00e0 disposi\u00e7\u00e3o","datePublished":"2023-12-21T13:59:42+00:00","dateModified":"2023-12-21T13:59:45+00:00","mainEntityOfPage":{"@id":"https:\/\/www.suno.com.br\/noticias\/operacao-pf-braskem-maceio-gss\/"},"wordCount":472,"publisher":{"@id":"https:\/\/www.suno.com.br\/noticias\/#organization"},"image":{"@id":"https:\/\/www.suno.com.br\/noticias\/operacao-pf-braskem-maceio-gss\/#primaryimage"},"thumbnailUrl":"https:\/\/files.sunoresearch.com.br\/n\/uploads\/2023\/12\/Braskem-Maceio-1.jpg","keywords":["Braskem (BRKM3\/BRKM5\/BRKM6)"],"articleSection":["Neg\u00f3cios"],"inLanguage":"pt-BR"},{"@type":"WebPage","@id":"https:\/\/www.suno.com.br\/noticias\/operacao-pf-braskem-maceio-gss\/","url":"https:\/\/www.suno.com.br\/noticias\/operacao-pf-braskem-maceio-gss\/","name":"Braskem (BRKM5) \u00e9 investigada pela PF por afundamento em Macei\u00f3","isPartOf":{"@id":"https:\/\/www.suno.com.br\/noticias\/#website"},"primaryImageOfPage":{"@id":"https:\/\/www.suno.com.br\/noticias\/operacao-pf-braskem-maceio-gss\/#primaryimage"},"image":{"@id":"https:\/\/www.suno.com.br\/noticias\/operacao-pf-braskem-maceio-gss\/#primaryimage"},"thumbnailUrl":"https:\/\/files.sunoresearch.com.br\/n\/uploads\/2023\/12\/Braskem-Maceio-1.jpg","datePublished":"2023-12-21T13:59:42+00:00","dateModified":"2023-12-21T13:59:45+00:00","description":"A Braskem (BRKM5) est\u00e1 sendo investigada pela Pol\u00edcia Federal na opera\u00e7\u00e3o L\u00e1grimas de Sal, que investiga o afundamento do solo em Macei\u00f3.","breadcrumb":{"@id":"https:\/\/www.suno.com.br\/noticias\/operacao-pf-braskem-maceio-gss\/#breadcrumb"},"inLanguage":"pt-BR","potentialAction":[{"@type":"ReadAction","target":["https:\/\/www.suno.com.br\/noticias\/operacao-pf-braskem-maceio-gss\/"]}]},{"@type":"ImageObject","inLanguage":"pt-BR","@id":"https:\/\/www.suno.com.br\/noticias\/operacao-pf-braskem-maceio-gss\/#primaryimage","url":"https:\/\/files.sunoresearch.com.br\/n\/uploads\/2023\/12\/Braskem-Maceio-1.jpg","contentUrl":"https:\/\/files.sunoresearch.com.br\/n\/uploads\/2023\/12\/Braskem-Maceio-1.jpg","width":1400,"height":838,"caption":"Braskem: Macei\u00f3. Foto: UFAL"},{"@type":"BreadcrumbList","@id":"https:\/\/www.suno.com.br\/noticias\/operacao-pf-braskem-maceio-gss\/#breadcrumb","itemListElement":[{"@type":"ListItem","position":1,"name":"Not\u00edcias","item":"https:\/\/www.suno.com.br\/noticias\/"},{"@type":"ListItem","position":2,"name":"Neg\u00f3cios","item":"https:\/\/www.suno.com.br\/noticias\/negocios\/"},{"@type":"ListItem","position":3,"name":"Opera\u00e7\u00e3o da PF investiga Braskem (BRKM5) por afundamento em Macei\u00f3; Empresa diz que est\u00e1 \u00e0 disposi\u00e7\u00e3o"}]},{"@type":"WebSite","@id":"https:\/\/www.suno.com.br\/noticias\/#website","url":"https:\/\/www.suno.com.br\/noticias\/","name":"Suno Not\u00edcias","description":"Seu portal de informa\u00e7\u00e3o sobre o mundo dos investimentos","publisher":{"@id":"https:\/\/www.suno.com.br\/noticias\/#organization"},"potentialAction":[{"@type":"SearchAction","target":{"@type":"EntryPoint","urlTemplate":"https:\/\/www.suno.com.br\/noticias\/?s={search_term_string}"},"query-input":{"@type":"PropertyValueSpecification","valueRequired":true,"valueName":"search_term_string"}}],"inLanguage":"pt-BR"},{"@type":"Organization","@id":"https:\/\/www.suno.com.br\/noticias\/#organization","name":"Suno Not\u00edcias","url":"https:\/\/www.suno.com.br\/noticias\/","logo":{"@type":"ImageObject","inLanguage":"pt-BR","@id":"https:\/\/www.suno.com.br\/noticias\/#\/schema\/logo\/image\/","url":"https:\/\/files.sunoresearch.com.br\/n\/uploads\/2021\/09\/suno-logo.png","contentUrl":"https:\/\/files.sunoresearch.com.br\/n\/uploads\/2021\/09\/suno-logo.png","width":180,"height":180,"caption":"Suno Not\u00edcias"},"image":{"@id":"https:\/\/www.suno.com.br\/noticias\/#\/schema\/logo\/image\/"},"sameAs":["https:\/\/facebook.com\/sunoresearch","https:\/\/x.com\/sunoresearch","https:\/\/www.instagram.com\/suno","https:\/\/www.linkedin.com\/company\/suno-research\/","https:\/\/www.youtube.com\/c\/sunoresearch"]},{"@type":"Person","@id":"https:\/\/www.suno.com.br\/noticias\/#\/schema\/person\/c1b1bd3727fa852bd045e9dbff3673ea","name":"Reda\u00e7\u00e3o Suno Not\u00edcias","image":{"@type":"ImageObject","inLanguage":"pt-BR","@id":"https:\/\/www.suno.com.br\/noticias\/#\/schema\/person\/image\/","url":"https:\/\/secure.gravatar.com\/avatar\/b8104b9b5a71985d5238ee59fbe418af?s=96&r=g","contentUrl":"https:\/\/secure.gravatar.com\/avatar\/b8104b9b5a71985d5238ee59fbe418af?s=96&r=g","caption":"Reda\u00e7\u00e3o Suno Not\u00edcias"},"description":"O Suno Not\u00edcias \u00e9 um portal de informa\u00e7\u00f5es sobre Mercado Financeiro, Pol\u00edtica, Neg\u00f3cios, Economia e Finan\u00e7as Pessoais.","sameAs":["https:\/\/www.suno.com.br\/noticias","https:\/\/www.facebook.com\/sunonoticias\/","https:\/\/www.instagram.com\/sunonoticias\/","https:\/\/x.com\/https:\/\/twitter.com\/sunoresearch","https:\/\/www.youtube.com\/sunonoticias"],"url":"https:\/\/www.suno.com.br\/noticias\/author\/redacao-suno\/"}]}},"default_loop_html":"<div class=\"cardsPage__listCard__boxs\"><div class=\"cardsPage__listCard__boxs__img\"><a href=\"https:\/\/www.suno.com.br\/noticias\/operacao-pf-braskem-maceio-gss\/\"><img class=\"mask\" src=\"https:\/\/www.suno.com.br\/noticias\/wp-content\/themes\/suno\/resources\/images\/spotlight\/spotlight1img\/bg-mask.png\" alt=\"Image Mask\"\/><img src=\"https:\/\/files.sunoresearch.com.br\/n\/uploads\/2023\/12\/Braskem-Maceio-1-400x200.jpg\" alt=\"Opera\u00e7\u00e3o da PF investiga Braskem (BRKM5) por afundamento em Macei\u00f3; Empresa diz que est\u00e1 \u00e0 disposi\u00e7\u00e3o\"\/><\/a><span class=\"spotlightCategory\"><a href=\"https:\/\/www.suno.com.br\/noticias\/negocios\/\">Neg\u00f3cios<\/a><\/span><\/div><div class=\"cardsPage__listCard__boxs__content\"><a href=\"https:\/\/www.suno.com.br\/noticias\/operacao-pf-braskem-maceio-gss\/\"><h2 class=\"content__title\">Opera\u00e7\u00e3o da PF investiga Braskem (BRKM5) por afundamento em Macei\u00f3; Empresa diz que est\u00e1 \u00e0 disposi\u00e7\u00e3o<\/h2><\/a><div class=\"newsContent__article__meta\"><div class=\"newsContent__article__meta__authorBox\"><a href=\"https:\/\/www.suno.com.br\/noticias\/author\/redacao-suno\/\" class=\"authorBox__avatar noMobi\"><img src=\"https:\/\/files.sunoresearch.com.br\/n\/uploads\/2020\/08\/0ace682d-redacao-1-150x150.webp\" alt=\"Reda\u00e7\u00e3o Suno Not\u00edcias\"><\/a><div class=\"authorBox__name\"><span>por\n\t\t\t<a href=\"https:\/\/www.suno.com.br\/noticias\/author\/redacao-suno\/\"><span itemprop=\"author\">Reda\u00e7\u00e3o Suno Not\u00edcias<\/span><\/a><\/span><time datetime=\"2023-12-21T10:59:42-03:00\" itemprop=\"datePublished\">21\/12\/2023 10:59<\/time><\/div><\/div><\/div><\/div><\/div>","single_layout":"posts","amp_enabled":true,"_links":{"self":[{"href":"https:\/\/www.suno.com.br\/noticias\/wp-json\/wp\/v2\/posts\/503429"}],"collection":[{"href":"https:\/\/www.suno.com.br\/noticias\/wp-json\/wp\/v2\/posts"}],"about":[{"href":"https:\/\/www.suno.com.br\/noticias\/wp-json\/wp\/v2\/types\/post"}],"author":[{"embeddable":true,"href":"https:\/\/www.suno.com.br\/noticias\/wp-json\/wp\/v2\/users\/43"}],"replies":[{"embeddable":true,"href":"https:\/\/www.suno.com.br\/noticias\/wp-json\/wp\/v2\/comments?post=503429"}],"version-history":[{"count":2,"href":"https:\/\/www.suno.com.br\/noticias\/wp-json\/wp\/v2\/posts\/503429\/revisions"}],"predecessor-version":[{"id":503434,"href":"https:\/\/www.suno.com.br\/noticias\/wp-json\/wp\/v2\/posts\/503429\/revisions\/503434"}],"wp:featuredmedia":[{"embeddable":true,"href":"https:\/\/www.suno.com.br\/noticias\/wp-json\/wp\/v2\/media\/495645"}],"wp:attachment":[{"href":"https:\/\/www.suno.com.br\/noticias\/wp-json\/wp\/v2\/media?parent=503429"}],"wp:term":[{"taxonomy":"category","embeddable":true,"href":"https:\/\/www.suno.com.br\/noticias\/wp-json\/wp\/v2\/categories?post=503429"},{"taxonomy":"post_tag","embeddable":true,"href":"https:\/\/www.suno.com.br\/noticias\/wp-json\/wp\/v2\/tags?post=503429"},{"taxonomy":"suno_strategy","embeddable":true,"href":"https:\/\/www.suno.com.br\/noticias\/wp-json\/wp\/v2\/suno_strategy?post=503429"}],"curies":[{"name":"wp","href":"https:\/\/api.w.org\/{rel}","templated":true}]}}