{"id":50340,"date":"2020-01-21T09:17:45","date_gmt":"2020-01-21T11:17:45","guid":{"rendered":"https:\/\/www.suno.com.br\/noticias\/?p=50340"},"modified":"2020-01-21T09:22:22","modified_gmt":"2020-01-21T11:22:22","slug":"davos-compras-governamentais-paulo-guedes","status":"publish","type":"post","link":"https:\/\/www.suno.com.br\/noticias\/davos-compras-governamentais-paulo-guedes\/","title":{"rendered":"Davos: acordo de compras governamentais ataca corrup\u00e7\u00e3o, diz Guedes"},"content":{"rendered":"<p>O ministro da Economia <strong><a href=\"https:\/\/www.suno.com.br\/tudo-sobre\/paulo-guedes\/\">Paulo Guedes<\/a><\/strong> disse \u00e0 jornalistas, na manh\u00e3 desta ter\u00e7a-feira (21), em <strong>Davos<\/strong>, que o acordo de compras governamentais &#8220;\u00e9 um ataque frontal \u00e0 <strong>corrup\u00e7\u00e3o<\/strong>&#8220;. O <a href=\"https:\/\/www.suno.com.br\/\">SUNO Not\u00edcias<\/a> est\u00e1 cobrindo o <strong>F\u00f3rum Econ\u00f4mico Mundial<\/strong> diretamente da Su\u00ed\u00e7a.<\/p>\t<div class=\"wrapper-featured-image\">\n\t\t<figure class=\"spotlightImg\">\n\n\t\t\t<picture>\n\t\t\t\t<source media=\"(max-width: 768px)\" srcset=\"https:\/\/files.sunoresearch.com.br\/n\/uploads\/2019\/01\/e6bd7dc4-world-economic-forum-davos-400x200.webp\">\n\t\t\t\t<img loading=\"lazy\" decoding=\"async\" class=\"newsContent__article__imgCapa lazyloadDisabled newsContent__article__imgCapa--noCaption\" src=\"https:\/\/files.sunoresearch.com.br\/n\/uploads\/2019\/01\/e6bd7dc4-world-economic-forum-davos-jpg.webp\" width=\"800\" height=\"450\" alt=\"Davos: acordo de compras governamentais ataca corrup\u00e7\u00e3o, diz Guedes\" fetchpriority=high \/>\n\t\t\t<\/picture>\n\n\t\t\t<figcaption class=\"wp-caption-text wp-caption-text--hide\">F\u00f3rum Econ\u00f4mico Mundial est\u00e1 previsto para acontecer entre os dias 18 a 21 de maio de 2021.<\/figcaption>\n\t\t<\/figure>\n\t<\/div>\n\n\n\n<p>Segundo o discurso de Guedes em Davos, &#8220;o Brasil deve entrar no que chamam de <strong>Government Procurement Agreement (GPA)<\/strong>. \u00c9 o acordo pelo qual passamos a admitir agentes e empresas estrangeiras no Pa\u00eds.&#8221;<\/p>\n<p>&#8220;O Brasil est\u00e1 querendo entrar para a primeira divis\u00e3o de melhores pr\u00e1ticas e isso, realmente, \u00e9 um ataque frontal \u00e0 corrup\u00e7\u00e3o. O principal tema na campanha eleitoral do presidente Bolsonaro foi acabar com a corrup\u00e7\u00e3o, e n\u00f3s sabemos que muito da corrup\u00e7\u00e3o foi permitida por coisas de governo, como <strong>empreiteiras<\/strong> e obras governamentais&#8217;, disse.<\/p>\n<p><a href=\"https:\/\/www.suno.com.br\/noticias\/fmi-crescimento-economico-brasil\/\">Saiba mais: FMI estima PIB brasileiro com alta maior em nova proje\u00e7\u00e3o<\/a><\/p>\n<p>Al\u00e9m disso, Guedes refor\u00e7ou a necessidade de uma abertura econ\u00f4mica, com competi\u00e7\u00e3o e melhores oportunidades de neg\u00f3cios no Pa\u00eds.<\/p>\n<p>&#8220;O Brasil n\u00e3o \u00e9 uma f\u00e1brica de bilion\u00e1rios \u00e0 custa da explora\u00e7\u00e3o dos seus consumidores. O Brasil \u00e9 um pa\u00eds querendo crescimento, competi\u00e7\u00e3o, melhores <a href=\"https:\/\/www.youtube.com\/channel\/UCWDeEIDAIi_oYKDiqwfGyRg\"><strong>oportunidades<\/strong><\/a> e se livrar de corrup\u00e7\u00e3o. Ent\u00e3o esse acordo de compras governamentais \u00e9 frontal \u00e0 corrup\u00e7\u00e3o. S\u00e3o as melhores pr\u00e1ticas de quando o governo vai realizar alguma compra&#8221;, salientou.<\/p>\n<h2>Discurso em Davos<\/h2>\n<p>Entre outros assuntos, Guedes tamb\u00e9m falou sobre a situa\u00e7\u00e3o da ind\u00fastria nacional e do papel do Brasil na l\u00f3gica de produ\u00e7\u00e3o global do futuro.<\/p>\n\t<p>\n\t\t<a href=\"https:\/\/lp.suno.com.br\/cl\/webinario-suno-black-2024\/\" target=\"_blank\" data-element=\"shortcode-suno-banner\" title=\"Banner SUNO, clique e saiba mais\">\n\t\t\t<picture>\n\t\t\t\t<source media=\"(max-width: 500px)\" srcset=\"https:\/\/files.sunoresearch.com.br\/n\/uploads\/2024\/04\/400x300-Banner-Home-1.png\">\n\t\t\t\t<img class=\"newsContent__article__imgCapa newsContent__article__imgCapa--banner\"\n\t\t\t\t\tsrc=\"https:\/\/files.sunoresearch.com.br\/n\/uploads\/2024\/04\/400x300-Banner-Home-1.png\"\n\t\t\t\t\tdata-promo-id=\"102411\"\t\t\t\t\t\t\t\t\t\twidth='401' height='300'\t\t\t\t\talt=\"https:\/\/files.sunoresearch.com.br\/n\/uploads\/2024\/04\/400x300-Banner-Home-1.png\"\n\t\t\t\t>\n\t\t\t<\/picture>\n\t\t<\/a>\n\t<\/p>\n\n\n<p>Segundo o chefe da pasta econ\u00f4mica, \u201co Brasil perdeu essa onda da manufatura avan\u00e7ada, mas agora estamos tentando correr atr\u00e1s\u201d. \u201cO futuro n\u00e3o \u00e9 apenas da manufatura, mas \u00e9 sobre <strong>mindfactory<\/strong> (palavra em ingl\u00eas que identifica uma produ\u00e7\u00e3o da manufatura \u2018inteligente\u2019)\u201d.<\/p>\n<p>\u201cO nosso maior papel como Brasil n\u00e3o \u00e9 inovar, mas garantir que temos um ambiente de neg\u00f3cios amig\u00e1vel para aplicar essas inova\u00e7\u00f5es, criar uma academia s\u00f3lida e pessoas preparadas para trabalhar nesse futuro de ind\u00fastria inovadora\u201d, afirmou.<\/p>\n<p><a href=\"https:\/\/www.suno.com.br\/noticias\/davos-agenda-segundo-dia-evento\/\">Confira: Davos: Confira a agenda para o segundo dia do evento<\/a><\/p>\n<p>Ademais, Guedes fez coment\u00e1rios sobre a educa\u00e7\u00e3o do Pa\u00eds e do mundo, salientando que \u201cnosso desafio \u00e9 educar as pessoas para que sejam prontas para esse futuro\u201d.<\/p>\n<p>Quando ao meio ambiente, tema central do encontro deste ano, para o ministro brasileiro, &#8220;o maior risco \u00e9 a pobreza, pois as pessoas destroem florestas e outros ambientes naturais para comer e ganhar dinheiro\u201d.<\/p>\n<p>O <strong>SUNO Not\u00edcias<\/strong> est\u00e1 acompanhando o encontro de <strong>Davos<\/strong> diretamente da Su\u00ed\u00e7a trazendo todas as informa\u00e7\u00f5es.<\/p>\n\n","protected":false},"excerpt":{"rendered":"<p>O ministro da Economia Paulo Guedes disse \u00e0 jornalistas, na manh\u00e3 desta ter\u00e7a-feira (21), em Davos, que o acordo de compras governamentais &#8220;\u00e9 um ataque frontal \u00e0 corrup\u00e7\u00e3o&#8220;. O SUNO Not\u00edcias est\u00e1 cobrindo o F\u00f3rum Econ\u00f4mico Mundial diretamente da Su\u00ed\u00e7a. F\u00f3rum Econ\u00f4mico Mundial est\u00e1 previsto para acontecer entre os dias 18 a 21 de maio [&hellip;]<\/p>\n","protected":false},"author":24,"featured_media":11997,"comment_status":"closed","ping_status":"closed","sticky":false,"template":"","format":"standard","meta":[],"categories":[63],"tags":[972,796],"suno_strategy":[],"class_list":["post-50340","post","type-post","status-publish","format-standard","has-post-thumbnail","hentry","category-internacional","tag-davos","tag-paulo-guedes"],"yoast_head":"<!-- This site is optimized with the Yoast SEO plugin v24.4 - https:\/\/yoast.com\/wordpress\/plugins\/seo\/ -->\n<title>Davos: acordo de compras governamentais ataca corrup\u00e7\u00e3o, diz Guedes<\/title>\n<meta name=\"description\" content=\"O ministro Paulo Guedes disse que o acordo de compras governamentais &quot;\u00e9 um ataque frontal \u00e0 corrup\u00e7\u00e3o&quot;.\u00a0Clique e saiba mais.\" \/>\n<meta name=\"robots\" content=\"index, follow, max-snippet:-1, max-image-preview:large, max-video-preview:-1\" \/>\n<link rel=\"canonical\" href=\"https:\/\/www.suno.com.br\/noticias\/davos-compras-governamentais-paulo-guedes\/\" \/>\n<meta property=\"og:locale\" content=\"pt_BR\" \/>\n<meta property=\"og:type\" content=\"article\" \/>\n<meta property=\"og:title\" content=\"Davos: acordo de compras governamentais ataca corrup\u00e7\u00e3o, diz Guedes\" \/>\n<meta property=\"og:description\" content=\"O ministro Paulo Guedes disse que o acordo de compras governamentais &quot;\u00e9 um ataque frontal \u00e0 corrup\u00e7\u00e3o&quot;.\u00a0Clique e saiba mais.\" \/>\n<meta property=\"og:url\" content=\"https:\/\/www.suno.com.br\/noticias\/davos-compras-governamentais-paulo-guedes\/\" \/>\n<meta property=\"og:site_name\" content=\"Suno Not\u00edcias\" \/>\n<meta property=\"article:publisher\" content=\"https:\/\/facebook.com\/sunoresearch\" \/>\n<meta property=\"og:image\" content=\"https:\/\/files.sunoresearch.com.br\/n\/uploads\/2019\/01\/e6bd7dc4-world-economic-forum-davos.jpg\" \/>\n\t<meta property=\"og:image:width\" content=\"1008\" \/>\n\t<meta property=\"og:image:height\" content=\"435\" \/>\n\t<meta property=\"og:image:type\" content=\"image\/jpeg\" \/>\n<meta name=\"author\" content=\"Jader Lazarini\" \/>\n<meta name=\"twitter:card\" content=\"summary_large_image\" \/>\n<meta name=\"twitter:creator\" content=\"@sunoresearch\" \/>\n<meta name=\"twitter:site\" content=\"@sunoresearch\" \/>\n<meta name=\"twitter:label1\" content=\"Escrito por\" \/>\n\t<meta name=\"twitter:data1\" content=\"Jader Lazarini\" \/>\n\t<meta name=\"twitter:label2\" content=\"Est. tempo de leitura\" \/>\n\t<meta name=\"twitter:data2\" content=\"2 minutos\" \/>\n<script type=\"application\/ld+json\" class=\"yoast-schema-graph\">{\"@context\":\"https:\/\/schema.org\",\"@graph\":[{\"@type\":\"NewsArticle\",\"@id\":\"https:\/\/www.suno.com.br\/noticias\/davos-compras-governamentais-paulo-guedes\/#article\",\"isPartOf\":{\"@id\":\"https:\/\/www.suno.com.br\/noticias\/davos-compras-governamentais-paulo-guedes\/\"},\"author\":{\"name\":\"Jader Lazarini\",\"@id\":\"https:\/\/www.suno.com.br\/noticias\/#\/schema\/person\/918d79de1f0281f01599b93f9ea6e23f\"},\"headline\":\"Davos: acordo de compras governamentais ataca corrup\u00e7\u00e3o, diz Guedes\",\"datePublished\":\"2020-01-21T11:17:45+00:00\",\"dateModified\":\"2020-01-21T11:22:22+00:00\",\"mainEntityOfPage\":{\"@id\":\"https:\/\/www.suno.com.br\/noticias\/davos-compras-governamentais-paulo-guedes\/\"},\"wordCount\":462,\"publisher\":{\"@id\":\"https:\/\/www.suno.com.br\/noticias\/#organization\"},\"image\":{\"@id\":\"https:\/\/www.suno.com.br\/noticias\/davos-compras-governamentais-paulo-guedes\/#primaryimage\"},\"thumbnailUrl\":\"https:\/\/files.sunoresearch.com.br\/n\/uploads\/2019\/01\/e6bd7dc4-world-economic-forum-davos-jpg.webp\",\"keywords\":[\"Davos\",\"Paulo Guedes\"],\"articleSection\":[\"Internacional\"],\"inLanguage\":\"pt-BR\"},{\"@type\":\"WebPage\",\"@id\":\"https:\/\/www.suno.com.br\/noticias\/davos-compras-governamentais-paulo-guedes\/\",\"url\":\"https:\/\/www.suno.com.br\/noticias\/davos-compras-governamentais-paulo-guedes\/\",\"name\":\"Davos: acordo de compras governamentais ataca corrup\u00e7\u00e3o, diz Guedes\",\"isPartOf\":{\"@id\":\"https:\/\/www.suno.com.br\/noticias\/#website\"},\"primaryImageOfPage\":{\"@id\":\"https:\/\/www.suno.com.br\/noticias\/davos-compras-governamentais-paulo-guedes\/#primaryimage\"},\"image\":{\"@id\":\"https:\/\/www.suno.com.br\/noticias\/davos-compras-governamentais-paulo-guedes\/#primaryimage\"},\"thumbnailUrl\":\"https:\/\/files.sunoresearch.com.br\/n\/uploads\/2019\/01\/e6bd7dc4-world-economic-forum-davos-jpg.webp\",\"datePublished\":\"2020-01-21T11:17:45+00:00\",\"dateModified\":\"2020-01-21T11:22:22+00:00\",\"description\":\"O ministro Paulo Guedes disse que o acordo de compras governamentais \\\"\u00e9 um ataque frontal \u00e0 corrup\u00e7\u00e3o\\\".\u00a0Clique e saiba mais.\",\"breadcrumb\":{\"@id\":\"https:\/\/www.suno.com.br\/noticias\/davos-compras-governamentais-paulo-guedes\/#breadcrumb\"},\"inLanguage\":\"pt-BR\",\"potentialAction\":[{\"@type\":\"ReadAction\",\"target\":[\"https:\/\/www.suno.com.br\/noticias\/davos-compras-governamentais-paulo-guedes\/\"]}]},{\"@type\":\"ImageObject\",\"inLanguage\":\"pt-BR\",\"@id\":\"https:\/\/www.suno.com.br\/noticias\/davos-compras-governamentais-paulo-guedes\/#primaryimage\",\"url\":\"https:\/\/files.sunoresearch.com.br\/n\/uploads\/2019\/01\/e6bd7dc4-world-economic-forum-davos-jpg.webp\",\"contentUrl\":\"https:\/\/files.sunoresearch.com.br\/n\/uploads\/2019\/01\/e6bd7dc4-world-economic-forum-davos-jpg.webp\",\"width\":1008,\"height\":435,\"caption\":\"F\u00f3rum Econ\u00f4mico Mundial est\u00e1 previsto para acontecer entre os dias 18 a 21 de maio de 2021.\"},{\"@type\":\"BreadcrumbList\",\"@id\":\"https:\/\/www.suno.com.br\/noticias\/davos-compras-governamentais-paulo-guedes\/#breadcrumb\",\"itemListElement\":[{\"@type\":\"ListItem\",\"position\":1,\"name\":\"Not\u00edcias\",\"item\":\"https:\/\/www.suno.com.br\/noticias\/\"},{\"@type\":\"ListItem\",\"position\":2,\"name\":\"Internacional\",\"item\":\"https:\/\/www.suno.com.br\/noticias\/internacional\/\"},{\"@type\":\"ListItem\",\"position\":3,\"name\":\"Davos: acordo de compras governamentais ataca corrup\u00e7\u00e3o, diz Guedes\"}]},{\"@type\":\"WebSite\",\"@id\":\"https:\/\/www.suno.com.br\/noticias\/#website\",\"url\":\"https:\/\/www.suno.com.br\/noticias\/\",\"name\":\"Suno Not\u00edcias\",\"description\":\"Seu portal de informa\u00e7\u00e3o sobre o mundo dos investimentos\",\"publisher\":{\"@id\":\"https:\/\/www.suno.com.br\/noticias\/#organization\"},\"potentialAction\":[{\"@type\":\"SearchAction\",\"target\":{\"@type\":\"EntryPoint\",\"urlTemplate\":\"https:\/\/www.suno.com.br\/noticias\/?s={search_term_string}\"},\"query-input\":{\"@type\":\"PropertyValueSpecification\",\"valueRequired\":true,\"valueName\":\"search_term_string\"}}],\"inLanguage\":\"pt-BR\"},{\"@type\":\"Organization\",\"@id\":\"https:\/\/www.suno.com.br\/noticias\/#organization\",\"name\":\"Suno Not\u00edcias\",\"url\":\"https:\/\/www.suno.com.br\/noticias\/\",\"logo\":{\"@type\":\"ImageObject\",\"inLanguage\":\"pt-BR\",\"@id\":\"https:\/\/www.suno.com.br\/noticias\/#\/schema\/logo\/image\/\",\"url\":\"https:\/\/files.sunoresearch.com.br\/n\/uploads\/2021\/09\/suno-logo.png\",\"contentUrl\":\"https:\/\/files.sunoresearch.com.br\/n\/uploads\/2021\/09\/suno-logo.png\",\"width\":180,\"height\":180,\"caption\":\"Suno Not\u00edcias\"},\"image\":{\"@id\":\"https:\/\/www.suno.com.br\/noticias\/#\/schema\/logo\/image\/\"},\"sameAs\":[\"https:\/\/facebook.com\/sunoresearch\",\"https:\/\/x.com\/sunoresearch\",\"https:\/\/www.instagram.com\/suno\",\"https:\/\/www.linkedin.com\/company\/suno-research\/\",\"https:\/\/www.youtube.com\/c\/sunoresearch\"]},{\"@type\":\"Person\",\"@id\":\"https:\/\/www.suno.com.br\/noticias\/#\/schema\/person\/918d79de1f0281f01599b93f9ea6e23f\",\"name\":\"Jader Lazarini\",\"image\":{\"@type\":\"ImageObject\",\"inLanguage\":\"pt-BR\",\"@id\":\"https:\/\/www.suno.com.br\/noticias\/#\/schema\/person\/image\/\",\"url\":\"https:\/\/secure.gravatar.com\/avatar\/3c1ad8caa51589841baeb923fcddea97?s=96&r=g\",\"contentUrl\":\"https:\/\/secure.gravatar.com\/avatar\/3c1ad8caa51589841baeb923fcddea97?s=96&r=g\",\"caption\":\"Jader Lazarini\"},\"description\":\"Jader Lazarini escreve sobre investimentos, finan\u00e7as, economia e neg\u00f3cios. \u00c9 bacharel em Rela\u00e7\u00f5es Internacionais e analista CNPI (2619).\",\"url\":\"https:\/\/www.suno.com.br\/noticias\/author\/jader-lazarini\/\"}]}<\/script>\n<!-- \/ Yoast SEO plugin. -->","yoast_head_json":{"title":"Davos: acordo de compras governamentais ataca corrup\u00e7\u00e3o, diz Guedes","description":"O ministro Paulo Guedes disse que o acordo de compras governamentais \"\u00e9 um ataque frontal \u00e0 corrup\u00e7\u00e3o\".\u00a0Clique e saiba mais.","robots":{"index":"index","follow":"follow","max-snippet":"max-snippet:-1","max-image-preview":"max-image-preview:large","max-video-preview":"max-video-preview:-1"},"canonical":"https:\/\/www.suno.com.br\/noticias\/davos-compras-governamentais-paulo-guedes\/","og_locale":"pt_BR","og_type":"article","og_title":"Davos: acordo de compras governamentais ataca corrup\u00e7\u00e3o, diz Guedes","og_description":"O ministro Paulo Guedes disse que o acordo de compras governamentais \"\u00e9 um ataque frontal \u00e0 corrup\u00e7\u00e3o\".\u00a0Clique e saiba mais.","og_url":"https:\/\/www.suno.com.br\/noticias\/davos-compras-governamentais-paulo-guedes\/","og_site_name":"Suno Not\u00edcias","article_publisher":"https:\/\/facebook.com\/sunoresearch","og_image":[{"width":1008,"height":435,"url":"https:\/\/files.sunoresearch.com.br\/n\/uploads\/2019\/01\/e6bd7dc4-world-economic-forum-davos.jpg","type":"image\/jpeg"}],"author":"Jader Lazarini","twitter_card":"summary_large_image","twitter_creator":"@sunoresearch","twitter_site":"@sunoresearch","twitter_misc":{"Escrito por":"Jader Lazarini","Est. tempo de leitura":"2 minutos"},"schema":{"@context":"https:\/\/schema.org","@graph":[{"@type":"NewsArticle","@id":"https:\/\/www.suno.com.br\/noticias\/davos-compras-governamentais-paulo-guedes\/#article","isPartOf":{"@id":"https:\/\/www.suno.com.br\/noticias\/davos-compras-governamentais-paulo-guedes\/"},"author":{"name":"Jader Lazarini","@id":"https:\/\/www.suno.com.br\/noticias\/#\/schema\/person\/918d79de1f0281f01599b93f9ea6e23f"},"headline":"Davos: acordo de compras governamentais ataca corrup\u00e7\u00e3o, diz Guedes","datePublished":"2020-01-21T11:17:45+00:00","dateModified":"2020-01-21T11:22:22+00:00","mainEntityOfPage":{"@id":"https:\/\/www.suno.com.br\/noticias\/davos-compras-governamentais-paulo-guedes\/"},"wordCount":462,"publisher":{"@id":"https:\/\/www.suno.com.br\/noticias\/#organization"},"image":{"@id":"https:\/\/www.suno.com.br\/noticias\/davos-compras-governamentais-paulo-guedes\/#primaryimage"},"thumbnailUrl":"https:\/\/files.sunoresearch.com.br\/n\/uploads\/2019\/01\/e6bd7dc4-world-economic-forum-davos-jpg.webp","keywords":["Davos","Paulo Guedes"],"articleSection":["Internacional"],"inLanguage":"pt-BR"},{"@type":"WebPage","@id":"https:\/\/www.suno.com.br\/noticias\/davos-compras-governamentais-paulo-guedes\/","url":"https:\/\/www.suno.com.br\/noticias\/davos-compras-governamentais-paulo-guedes\/","name":"Davos: acordo de compras governamentais ataca corrup\u00e7\u00e3o, diz Guedes","isPartOf":{"@id":"https:\/\/www.suno.com.br\/noticias\/#website"},"primaryImageOfPage":{"@id":"https:\/\/www.suno.com.br\/noticias\/davos-compras-governamentais-paulo-guedes\/#primaryimage"},"image":{"@id":"https:\/\/www.suno.com.br\/noticias\/davos-compras-governamentais-paulo-guedes\/#primaryimage"},"thumbnailUrl":"https:\/\/files.sunoresearch.com.br\/n\/uploads\/2019\/01\/e6bd7dc4-world-economic-forum-davos-jpg.webp","datePublished":"2020-01-21T11:17:45+00:00","dateModified":"2020-01-21T11:22:22+00:00","description":"O ministro Paulo Guedes disse que o acordo de compras governamentais \"\u00e9 um ataque frontal \u00e0 corrup\u00e7\u00e3o\".\u00a0Clique e saiba mais.","breadcrumb":{"@id":"https:\/\/www.suno.com.br\/noticias\/davos-compras-governamentais-paulo-guedes\/#breadcrumb"},"inLanguage":"pt-BR","potentialAction":[{"@type":"ReadAction","target":["https:\/\/www.suno.com.br\/noticias\/davos-compras-governamentais-paulo-guedes\/"]}]},{"@type":"ImageObject","inLanguage":"pt-BR","@id":"https:\/\/www.suno.com.br\/noticias\/davos-compras-governamentais-paulo-guedes\/#primaryimage","url":"https:\/\/files.sunoresearch.com.br\/n\/uploads\/2019\/01\/e6bd7dc4-world-economic-forum-davos-jpg.webp","contentUrl":"https:\/\/files.sunoresearch.com.br\/n\/uploads\/2019\/01\/e6bd7dc4-world-economic-forum-davos-jpg.webp","width":1008,"height":435,"caption":"F\u00f3rum Econ\u00f4mico Mundial est\u00e1 previsto para acontecer entre os dias 18 a 21 de maio de 2021."},{"@type":"BreadcrumbList","@id":"https:\/\/www.suno.com.br\/noticias\/davos-compras-governamentais-paulo-guedes\/#breadcrumb","itemListElement":[{"@type":"ListItem","position":1,"name":"Not\u00edcias","item":"https:\/\/www.suno.com.br\/noticias\/"},{"@type":"ListItem","position":2,"name":"Internacional","item":"https:\/\/www.suno.com.br\/noticias\/internacional\/"},{"@type":"ListItem","position":3,"name":"Davos: acordo de compras governamentais ataca corrup\u00e7\u00e3o, diz Guedes"}]},{"@type":"WebSite","@id":"https:\/\/www.suno.com.br\/noticias\/#website","url":"https:\/\/www.suno.com.br\/noticias\/","name":"Suno Not\u00edcias","description":"Seu portal de informa\u00e7\u00e3o sobre o mundo dos investimentos","publisher":{"@id":"https:\/\/www.suno.com.br\/noticias\/#organization"},"potentialAction":[{"@type":"SearchAction","target":{"@type":"EntryPoint","urlTemplate":"https:\/\/www.suno.com.br\/noticias\/?s={search_term_string}"},"query-input":{"@type":"PropertyValueSpecification","valueRequired":true,"valueName":"search_term_string"}}],"inLanguage":"pt-BR"},{"@type":"Organization","@id":"https:\/\/www.suno.com.br\/noticias\/#organization","name":"Suno Not\u00edcias","url":"https:\/\/www.suno.com.br\/noticias\/","logo":{"@type":"ImageObject","inLanguage":"pt-BR","@id":"https:\/\/www.suno.com.br\/noticias\/#\/schema\/logo\/image\/","url":"https:\/\/files.sunoresearch.com.br\/n\/uploads\/2021\/09\/suno-logo.png","contentUrl":"https:\/\/files.sunoresearch.com.br\/n\/uploads\/2021\/09\/suno-logo.png","width":180,"height":180,"caption":"Suno Not\u00edcias"},"image":{"@id":"https:\/\/www.suno.com.br\/noticias\/#\/schema\/logo\/image\/"},"sameAs":["https:\/\/facebook.com\/sunoresearch","https:\/\/x.com\/sunoresearch","https:\/\/www.instagram.com\/suno","https:\/\/www.linkedin.com\/company\/suno-research\/","https:\/\/www.youtube.com\/c\/sunoresearch"]},{"@type":"Person","@id":"https:\/\/www.suno.com.br\/noticias\/#\/schema\/person\/918d79de1f0281f01599b93f9ea6e23f","name":"Jader Lazarini","image":{"@type":"ImageObject","inLanguage":"pt-BR","@id":"https:\/\/www.suno.com.br\/noticias\/#\/schema\/person\/image\/","url":"https:\/\/secure.gravatar.com\/avatar\/3c1ad8caa51589841baeb923fcddea97?s=96&r=g","contentUrl":"https:\/\/secure.gravatar.com\/avatar\/3c1ad8caa51589841baeb923fcddea97?s=96&r=g","caption":"Jader Lazarini"},"description":"Jader Lazarini escreve sobre investimentos, finan\u00e7as, economia e neg\u00f3cios. \u00c9 bacharel em Rela\u00e7\u00f5es Internacionais e analista CNPI (2619).","url":"https:\/\/www.suno.com.br\/noticias\/author\/jader-lazarini\/"}]}},"default_loop_html":"<div class=\"cardsPage__listCard__boxs\"><div class=\"cardsPage__listCard__boxs__img\"><a href=\"https:\/\/www.suno.com.br\/noticias\/davos-compras-governamentais-paulo-guedes\/\"><img class=\"mask\" src=\"https:\/\/www.suno.com.br\/noticias\/wp-content\/themes\/suno\/resources\/images\/spotlight\/spotlight1img\/bg-mask.png\" alt=\"Image Mask\"\/><img src=\"https:\/\/files.sunoresearch.com.br\/n\/uploads\/2019\/01\/e6bd7dc4-world-economic-forum-davos-400x200.webp\" alt=\"Davos: acordo de compras governamentais ataca corrup\u00e7\u00e3o, diz Guedes\"\/><\/a><span class=\"spotlightCategory\"><a href=\"https:\/\/www.suno.com.br\/noticias\/internacional\/\">Internacional<\/a><\/span><\/div><div class=\"cardsPage__listCard__boxs__content\"><a href=\"https:\/\/www.suno.com.br\/noticias\/davos-compras-governamentais-paulo-guedes\/\"><h2 class=\"content__title\">Davos: acordo de compras governamentais ataca corrup\u00e7\u00e3o, diz Guedes<\/h2><\/a><div class=\"newsContent__article__meta\"><div class=\"newsContent__article__meta__authorBox\"><a href=\"https:\/\/www.suno.com.br\/noticias\/author\/jader-lazarini\/\" class=\"authorBox__avatar noMobi\"><img src=\"https:\/\/files.sunoresearch.com.br\/n\/uploads\/2021\/01\/178e6598-foto-perfil-2-150x150.jpg\" alt=\"Jader Lazarini\"><\/a><div class=\"authorBox__name\"><span>por\n\t\t\t<a href=\"https:\/\/www.suno.com.br\/noticias\/author\/jader-lazarini\/\"><span itemprop=\"author\">Jader Lazarini<\/span><\/a><\/span><time datetime=\"2020-01-21T09:17:45-03:00\" itemprop=\"datePublished\">21\/01\/2020 09:17<\/time><\/div><\/div><\/div><\/div><\/div>","single_layout":"posts","amp_enabled":true,"_links":{"self":[{"href":"https:\/\/www.suno.com.br\/noticias\/wp-json\/wp\/v2\/posts\/50340"}],"collection":[{"href":"https:\/\/www.suno.com.br\/noticias\/wp-json\/wp\/v2\/posts"}],"about":[{"href":"https:\/\/www.suno.com.br\/noticias\/wp-json\/wp\/v2\/types\/post"}],"author":[{"embeddable":true,"href":"https:\/\/www.suno.com.br\/noticias\/wp-json\/wp\/v2\/users\/24"}],"replies":[{"embeddable":true,"href":"https:\/\/www.suno.com.br\/noticias\/wp-json\/wp\/v2\/comments?post=50340"}],"version-history":[{"count":0,"href":"https:\/\/www.suno.com.br\/noticias\/wp-json\/wp\/v2\/posts\/50340\/revisions"}],"wp:featuredmedia":[{"embeddable":true,"href":"https:\/\/www.suno.com.br\/noticias\/wp-json\/wp\/v2\/media\/11997"}],"wp:attachment":[{"href":"https:\/\/www.suno.com.br\/noticias\/wp-json\/wp\/v2\/media?parent=50340"}],"wp:term":[{"taxonomy":"category","embeddable":true,"href":"https:\/\/www.suno.com.br\/noticias\/wp-json\/wp\/v2\/categories?post=50340"},{"taxonomy":"post_tag","embeddable":true,"href":"https:\/\/www.suno.com.br\/noticias\/wp-json\/wp\/v2\/tags?post=50340"},{"taxonomy":"suno_strategy","embeddable":true,"href":"https:\/\/www.suno.com.br\/noticias\/wp-json\/wp\/v2\/suno_strategy?post=50340"}],"curies":[{"name":"wp","href":"https:\/\/api.w.org\/{rel}","templated":true}]}}