{"id":50338,"date":"2020-01-25T14:29:45","date_gmt":"2020-01-25T16:29:45","guid":{"rendered":"https:\/\/www.suno.com.br\/noticias\/?p=50338"},"modified":"2020-07-20T17:52:02","modified_gmt":"2020-07-20T20:52:02","slug":"brasil-india-acordo-comercio-bilateral","status":"publish","type":"post","link":"https:\/\/www.suno.com.br\/noticias\/brasil-india-acordo-comercio-bilateral\/","title":{"rendered":"Brasil e \u00cdndia alcan\u00e7am acordo para dobrar com\u00e9rcio bilateral"},"content":{"rendered":"<p>O <strong>Brasil<\/strong> e a \u00cdndia alcan\u00e7aram um acordo para dobrar o <strong><a href=\"https:\/\/www.suno.com.br\/artigos\/comercio-internacional\/\">com\u00e9rcio bilateral<\/a>.<\/strong> Os dois gigantes econ\u00f4micos anunciaram a inten\u00e7\u00e3o de aumentar o com\u00e9rcio para US$ 15 bilh\u00f5es at\u00e9 2022.<\/p>\t<div class=\"wrapper-featured-image\">\n\t\t<figure class=\"spotlightImg\">\n\n\t\t\t<picture>\n\t\t\t\t<source media=\"(max-width: 768px)\" srcset=\"https:\/\/files.sunoresearch.com.br\/n\/uploads\/2018\/12\/d3785640-exportacao-400x200.webp\">\n\t\t\t\t<img loading=\"lazy\" decoding=\"async\" class=\"newsContent__article__imgCapa lazyloadDisabled newsContent__article__imgCapa--noCaption\" src=\"https:\/\/files.sunoresearch.com.br\/n\/uploads\/2018\/12\/d3785640-exportacao-800x450.webp\" width=\"800\" height=\"450\" alt=\"Brasil e \u00cdndia alcan\u00e7am acordo para dobrar com\u00e9rcio bilateral\" fetchpriority=high \/>\n\t\t\t<\/picture>\n\n\t\t\t<figcaption class=\"wp-caption-text wp-caption-text--hide\">Balan\u00e7a comercial tem d\u00e9ficit de US$ 701 mi na terceira semana de maio<\/figcaption>\n\t\t<\/figure>\n\t<\/div>\n\n\n\n<p>Em um comunicado conjunto divulgado neste s\u00e1bado pelo presidente brasileiro, <strong>Jair Bolsonaro,<\/strong> e por seu hom\u00f3logo indiano, <strong>Narendra Modi,<\/strong> foi inclu\u00edda a meta de dobrar o com\u00e9rcio bilateral. O acordo foi alcan\u00e7ando durante a visita oficial de Bolsonaro na <strong>\u00cdndia.<\/strong><\/p>\n<p>O presidente brasileiro tinha salientado no come\u00e7o do dia que as expectativas indicavam uma melhora no relacionamento comercial bilateral entre os pa\u00edses. <strong>Bolsonaro<\/strong> chegou a citar o valor de US$ 50 bilh\u00f5es em tr\u00eas anos como poss\u00edvel meta. Entretanto, segundo a delega\u00e7\u00e3o brasileira esse valor deveria ser alcan\u00e7ado em alguns anos.<\/p>\n<p>Atualmente <strong>\u00cdndia<\/strong> \u00e9 o quarto maior parceiro comercial do <strong>Brasil<\/strong> no continente asi\u00e1tico. Em 2019 o fluxo comercial bilateral atingiu US$ 7 bilh\u00f5es. Desse total, as exporta\u00e7\u00f5es brasileiras alcan\u00e7aram US$ 2,76 bilh\u00f5es e<br \/>\nas importa\u00e7\u00f5es de produtos indianos chegaram a um montante de US$ 4,26 bilh\u00f5es.<\/p>\n<h2>Aumentar com\u00e9rcio e investimentos com a \u00ccndia<\/h2>\n<p>Segundo o <strong>Minist\u00e9rio das Rela\u00e7\u00f5es Exteriores<\/strong>, o objetivo n\u00e3o \u00e9 apenas aumentar o com\u00e9rcio bilateral, mas tamb\u00e9m potenciar os <strong><a href=\"https:\/\/www.suno.com.br\/noticias\/tags\/investimento-estrangeiro\/\">investimentos<\/a> <\/strong>brasileiros na \u00cdndia e indianos no Brasil.<\/p>\n<p><a href=\"https:\/\/www.suno.com.br\/noticias\/bolsonaro-acordos-comerciais-india-embaixador\/\">Saiba mais: Bolsonaro assinar\u00e1 acordos comerciais na \u00cdndia, afirma embaixador<\/a><\/p>\n<p>A <strong>\u00cdndia<\/strong> j\u00e1 participa do <strong>Programa de Parcerias de Investimentos (PPI)<\/strong>, em particular no setor da transmiss\u00e3o de energia el\u00e9trica. Os investimentos indianos previstos est\u00e3o na ordem de R$ 7 bilh\u00f5es.<\/p>\n<p>Para o chanceler brasileiro, Ernesto Ara\u00fajo, h\u00e1 uma forte vontade pol\u00edtica em multiplicar o acordo de prefer\u00eancia tarif\u00e1ria entre o Mercosul e a \u00cdndia. O tratado atualmente inclui 450 produtos e poderia passar a incluir mais de 2 mil produtos.<\/p>\n\t<p>\n\t\t<a href=\"https:\/\/lp.suno.com.br\/ao\/cadastro-whatsapp\/?utm_source=sunoresearch&#038;utm_medium=banner.sidebar&#038;utm_campaign=_SNC1787C4C9_\" target=\"_blank\" data-element=\"shortcode-suno-banner\" title=\"Banner SUNO, clique e saiba mais\">\n\t\t\t<picture>\n\t\t\t\t<source media=\"(max-width: 500px)\" srcset=\"https:\/\/files.sunoresearch.com.br\/n\/uploads\/2024\/09\/wpp-suno.png\">\n\t\t\t\t<img class=\"newsContent__article__imgCapa newsContent__article__imgCapa--banner\"\n\t\t\t\t\tsrc=\"https:\/\/files.sunoresearch.com.br\/n\/uploads\/2024\/09\/wpp-suno.png\"\n\t\t\t\t\tdata-promo-id=\"574195\"\t\t\t\t\t\t\t\t\t\twidth='360' height='98'\t\t\t\t\talt=\"https:\/\/files.sunoresearch.com.br\/n\/uploads\/2024\/09\/wpp-suno.png\"\n\t\t\t\t>\n\t\t\t<\/picture>\n\t\t<\/a>\n\t<\/p>\n\n\n<p>Ara\u00fajo tamb\u00e9m indicou como o presidente <strong>Bolsonaro<\/strong> quer rever, mas n\u00e3o suspender, a controv\u00e9rsia entre Bras\u00edlia e Nova Deli na <strong><a href=\"https:\/\/www.suno.com.br\/artigos\/omc-organizacao-mundial-do-comercio\/\">Organiza\u00e7\u00e3o Mundial do Com\u00e9rcio (OMC)<\/a><\/strong>. A disputa trada dos subs\u00eddios indianos na exporta\u00e7\u00e3o de a\u00e7\u00facar.<\/p>\n<p>Essa revis\u00e3o deveria ocorrer no futuro, envolvendo outros temas como, por exemplo, coopera\u00e7\u00e3o para produ\u00e7\u00e3o de etanol pela <strong>\u00cdndia.<\/strong><\/p>\n\n","protected":false},"excerpt":{"rendered":"<p>O Brasil e a \u00cdndia alcan\u00e7aram um acordo para dobrar o com\u00e9rcio bilateral. Os dois gigantes econ\u00f4micos anunciaram a inten\u00e7\u00e3o de aumentar o com\u00e9rcio para US$ 15 bilh\u00f5es at\u00e9 2022. Balan\u00e7a comercial tem d\u00e9ficit de US$ 701 mi na terceira semana de maio Em um comunicado conjunto divulgado neste s\u00e1bado pelo presidente brasileiro, Jair Bolsonaro, [&hellip;]<\/p>\n","protected":false},"author":9,"featured_media":7709,"comment_status":"closed","ping_status":"closed","sticky":false,"template":"","format":"standard","meta":[],"categories":[61],"tags":[923],"suno_strategy":[],"class_list":["post-50338","post","type-post","status-publish","format-standard","has-post-thumbnail","hentry","category-politica","tag-comercio-exterior"],"yoast_head":"<!-- This site is optimized with the Yoast SEO plugin v24.4 - https:\/\/yoast.com\/wordpress\/plugins\/seo\/ -->\n<title>Brasil e \u00cdndia alcan\u00e7am acordo para dobrar com\u00e9rcio bilateral<\/title>\n<meta name=\"description\" content=\"O Brasil e a \u00cdndia alcan\u00e7aram um acordo para dobrar o com\u00e9rcio bilateral alcan\u00e7ando US$ 15 bilh\u00f5es at\u00e9 2022. Clique aqui e saiba mais.\" \/>\n<meta name=\"robots\" content=\"index, follow, max-snippet:-1, max-image-preview:large, max-video-preview:-1\" \/>\n<link rel=\"canonical\" href=\"https:\/\/www.suno.com.br\/noticias\/brasil-india-acordo-comercio-bilateral\/\" \/>\n<meta property=\"og:locale\" content=\"pt_BR\" \/>\n<meta property=\"og:type\" content=\"article\" \/>\n<meta property=\"og:title\" content=\"Brasil e \u00cdndia alcan\u00e7am acordo para dobrar com\u00e9rcio bilateral\" \/>\n<meta property=\"og:description\" content=\"O Brasil e a \u00cdndia alcan\u00e7aram um acordo para dobrar o com\u00e9rcio bilateral alcan\u00e7ando US$ 15 bilh\u00f5es at\u00e9 2022. Clique aqui e saiba mais.\" \/>\n<meta property=\"og:url\" content=\"https:\/\/www.suno.com.br\/noticias\/brasil-india-acordo-comercio-bilateral\/\" \/>\n<meta property=\"og:site_name\" content=\"Suno Not\u00edcias\" \/>\n<meta property=\"article:publisher\" content=\"https:\/\/facebook.com\/sunoresearch\" \/>\n<meta property=\"og:image\" content=\"https:\/\/files.sunoresearch.com.br\/n\/uploads\/2018\/12\/d3785640-exportacao.jpg\" \/>\n\t<meta property=\"og:image:width\" content=\"960\" \/>\n\t<meta property=\"og:image:height\" content=\"609\" \/>\n\t<meta property=\"og:image:type\" content=\"image\/jpeg\" \/>\n<meta name=\"author\" content=\"Carlo Cauti\" \/>\n<meta name=\"twitter:card\" content=\"summary_large_image\" \/>\n<meta name=\"twitter:creator\" content=\"@sunoresearch\" \/>\n<meta name=\"twitter:site\" content=\"@sunoresearch\" \/>\n<meta name=\"twitter:label1\" content=\"Escrito por\" \/>\n\t<meta name=\"twitter:data1\" content=\"Carlo Cauti\" \/>\n\t<meta name=\"twitter:label2\" content=\"Est. tempo de leitura\" \/>\n\t<meta name=\"twitter:data2\" content=\"2 minutos\" \/>\n<script type=\"application\/ld+json\" class=\"yoast-schema-graph\">{\"@context\":\"https:\/\/schema.org\",\"@graph\":[{\"@type\":\"NewsArticle\",\"@id\":\"https:\/\/www.suno.com.br\/noticias\/brasil-india-acordo-comercio-bilateral\/#article\",\"isPartOf\":{\"@id\":\"https:\/\/www.suno.com.br\/noticias\/brasil-india-acordo-comercio-bilateral\/\"},\"author\":{\"name\":\"Carlo Cauti\",\"@id\":\"https:\/\/www.suno.com.br\/noticias\/#\/schema\/person\/e6e0f723cc177805027f4566c1d5e0c8\"},\"headline\":\"Brasil e \u00cdndia alcan\u00e7am acordo para dobrar com\u00e9rcio bilateral\",\"datePublished\":\"2020-01-25T16:29:45+00:00\",\"dateModified\":\"2020-07-20T20:52:02+00:00\",\"mainEntityOfPage\":{\"@id\":\"https:\/\/www.suno.com.br\/noticias\/brasil-india-acordo-comercio-bilateral\/\"},\"wordCount\":398,\"publisher\":{\"@id\":\"https:\/\/www.suno.com.br\/noticias\/#organization\"},\"image\":{\"@id\":\"https:\/\/www.suno.com.br\/noticias\/brasil-india-acordo-comercio-bilateral\/#primaryimage\"},\"thumbnailUrl\":\"https:\/\/files.sunoresearch.com.br\/n\/uploads\/2018\/12\/d3785640-exportacao-jpg.webp\",\"keywords\":[\"comercio exterior\"],\"articleSection\":[\"Pol\u00edtica\"],\"inLanguage\":\"pt-BR\"},{\"@type\":\"WebPage\",\"@id\":\"https:\/\/www.suno.com.br\/noticias\/brasil-india-acordo-comercio-bilateral\/\",\"url\":\"https:\/\/www.suno.com.br\/noticias\/brasil-india-acordo-comercio-bilateral\/\",\"name\":\"Brasil e \u00cdndia alcan\u00e7am acordo para dobrar com\u00e9rcio bilateral\",\"isPartOf\":{\"@id\":\"https:\/\/www.suno.com.br\/noticias\/#website\"},\"primaryImageOfPage\":{\"@id\":\"https:\/\/www.suno.com.br\/noticias\/brasil-india-acordo-comercio-bilateral\/#primaryimage\"},\"image\":{\"@id\":\"https:\/\/www.suno.com.br\/noticias\/brasil-india-acordo-comercio-bilateral\/#primaryimage\"},\"thumbnailUrl\":\"https:\/\/files.sunoresearch.com.br\/n\/uploads\/2018\/12\/d3785640-exportacao-jpg.webp\",\"datePublished\":\"2020-01-25T16:29:45+00:00\",\"dateModified\":\"2020-07-20T20:52:02+00:00\",\"description\":\"O Brasil e a \u00cdndia alcan\u00e7aram um acordo para dobrar o com\u00e9rcio bilateral alcan\u00e7ando US$ 15 bilh\u00f5es at\u00e9 2022. Clique aqui e saiba mais.\",\"breadcrumb\":{\"@id\":\"https:\/\/www.suno.com.br\/noticias\/brasil-india-acordo-comercio-bilateral\/#breadcrumb\"},\"inLanguage\":\"pt-BR\",\"potentialAction\":[{\"@type\":\"ReadAction\",\"target\":[\"https:\/\/www.suno.com.br\/noticias\/brasil-india-acordo-comercio-bilateral\/\"]}]},{\"@type\":\"ImageObject\",\"inLanguage\":\"pt-BR\",\"@id\":\"https:\/\/www.suno.com.br\/noticias\/brasil-india-acordo-comercio-bilateral\/#primaryimage\",\"url\":\"https:\/\/files.sunoresearch.com.br\/n\/uploads\/2018\/12\/d3785640-exportacao-jpg.webp\",\"contentUrl\":\"https:\/\/files.sunoresearch.com.br\/n\/uploads\/2018\/12\/d3785640-exportacao-jpg.webp\",\"width\":960,\"height\":609,\"caption\":\"Balan\u00e7a comercial tem d\u00e9ficit de US$ 701 mi na terceira semana de maio\"},{\"@type\":\"BreadcrumbList\",\"@id\":\"https:\/\/www.suno.com.br\/noticias\/brasil-india-acordo-comercio-bilateral\/#breadcrumb\",\"itemListElement\":[{\"@type\":\"ListItem\",\"position\":1,\"name\":\"Not\u00edcias\",\"item\":\"https:\/\/www.suno.com.br\/noticias\/\"},{\"@type\":\"ListItem\",\"position\":2,\"name\":\"Pol\u00edtica\",\"item\":\"https:\/\/www.suno.com.br\/noticias\/politica\/\"},{\"@type\":\"ListItem\",\"position\":3,\"name\":\"Brasil e \u00cdndia alcan\u00e7am acordo para dobrar com\u00e9rcio bilateral\"}]},{\"@type\":\"WebSite\",\"@id\":\"https:\/\/www.suno.com.br\/noticias\/#website\",\"url\":\"https:\/\/www.suno.com.br\/noticias\/\",\"name\":\"Suno Not\u00edcias\",\"description\":\"Seu portal de informa\u00e7\u00e3o sobre o mundo dos investimentos\",\"publisher\":{\"@id\":\"https:\/\/www.suno.com.br\/noticias\/#organization\"},\"potentialAction\":[{\"@type\":\"SearchAction\",\"target\":{\"@type\":\"EntryPoint\",\"urlTemplate\":\"https:\/\/www.suno.com.br\/noticias\/?s={search_term_string}\"},\"query-input\":{\"@type\":\"PropertyValueSpecification\",\"valueRequired\":true,\"valueName\":\"search_term_string\"}}],\"inLanguage\":\"pt-BR\"},{\"@type\":\"Organization\",\"@id\":\"https:\/\/www.suno.com.br\/noticias\/#organization\",\"name\":\"Suno Not\u00edcias\",\"url\":\"https:\/\/www.suno.com.br\/noticias\/\",\"logo\":{\"@type\":\"ImageObject\",\"inLanguage\":\"pt-BR\",\"@id\":\"https:\/\/www.suno.com.br\/noticias\/#\/schema\/logo\/image\/\",\"url\":\"https:\/\/files.sunoresearch.com.br\/n\/uploads\/2021\/09\/suno-logo.png\",\"contentUrl\":\"https:\/\/files.sunoresearch.com.br\/n\/uploads\/2021\/09\/suno-logo.png\",\"width\":180,\"height\":180,\"caption\":\"Suno Not\u00edcias\"},\"image\":{\"@id\":\"https:\/\/www.suno.com.br\/noticias\/#\/schema\/logo\/image\/\"},\"sameAs\":[\"https:\/\/facebook.com\/sunoresearch\",\"https:\/\/x.com\/sunoresearch\",\"https:\/\/www.instagram.com\/suno\",\"https:\/\/www.linkedin.com\/company\/suno-research\/\",\"https:\/\/www.youtube.com\/c\/sunoresearch\"]},{\"@type\":\"Person\",\"@id\":\"https:\/\/www.suno.com.br\/noticias\/#\/schema\/person\/e6e0f723cc177805027f4566c1d5e0c8\",\"name\":\"Carlo Cauti\",\"image\":{\"@type\":\"ImageObject\",\"inLanguage\":\"pt-BR\",\"@id\":\"https:\/\/www.suno.com.br\/noticias\/#\/schema\/person\/image\/\",\"url\":\"https:\/\/secure.gravatar.com\/avatar\/3ada9e0bd164c23abd4792a9606d583c?s=96&r=g\",\"contentUrl\":\"https:\/\/secure.gravatar.com\/avatar\/3ada9e0bd164c23abd4792a9606d583c?s=96&r=g\",\"caption\":\"Carlo Cauti\"},\"description\":\"Editor multim\u00eddia do SUNO Not\u00edcias. Italiano, formado em Ci\u00eancias Pol\u00edticas pela universidade LUISS G. Carli de Roma e mestre cum laude em Rela\u00e7\u00f5es Internacionais, Jornalismo Internacional e de Guerra e em Economia Internacional. Concluiu tamb\u00e9m um MBA em Finan\u00e7as na B3. No Brasil, teve passagem por ve\u00edculos como Estad\u00e3o, Globo, Veja e EXAME. e nas ag\u00eancias de not\u00edcias italianas ANSA e NOVA.\",\"url\":\"https:\/\/www.suno.com.br\/noticias\/author\/carlo-cauti\/\"}]}<\/script>\n<!-- \/ Yoast SEO plugin. -->","yoast_head_json":{"title":"Brasil e \u00cdndia alcan\u00e7am acordo para dobrar com\u00e9rcio bilateral","description":"O Brasil e a \u00cdndia alcan\u00e7aram um acordo para dobrar o com\u00e9rcio bilateral alcan\u00e7ando US$ 15 bilh\u00f5es at\u00e9 2022. Clique aqui e saiba mais.","robots":{"index":"index","follow":"follow","max-snippet":"max-snippet:-1","max-image-preview":"max-image-preview:large","max-video-preview":"max-video-preview:-1"},"canonical":"https:\/\/www.suno.com.br\/noticias\/brasil-india-acordo-comercio-bilateral\/","og_locale":"pt_BR","og_type":"article","og_title":"Brasil e \u00cdndia alcan\u00e7am acordo para dobrar com\u00e9rcio bilateral","og_description":"O Brasil e a \u00cdndia alcan\u00e7aram um acordo para dobrar o com\u00e9rcio bilateral alcan\u00e7ando US$ 15 bilh\u00f5es at\u00e9 2022. Clique aqui e saiba mais.","og_url":"https:\/\/www.suno.com.br\/noticias\/brasil-india-acordo-comercio-bilateral\/","og_site_name":"Suno Not\u00edcias","article_publisher":"https:\/\/facebook.com\/sunoresearch","og_image":[{"width":960,"height":609,"url":"https:\/\/files.sunoresearch.com.br\/n\/uploads\/2018\/12\/d3785640-exportacao.jpg","type":"image\/jpeg"}],"author":"Carlo Cauti","twitter_card":"summary_large_image","twitter_creator":"@sunoresearch","twitter_site":"@sunoresearch","twitter_misc":{"Escrito por":"Carlo Cauti","Est. tempo de leitura":"2 minutos"},"schema":{"@context":"https:\/\/schema.org","@graph":[{"@type":"NewsArticle","@id":"https:\/\/www.suno.com.br\/noticias\/brasil-india-acordo-comercio-bilateral\/#article","isPartOf":{"@id":"https:\/\/www.suno.com.br\/noticias\/brasil-india-acordo-comercio-bilateral\/"},"author":{"name":"Carlo Cauti","@id":"https:\/\/www.suno.com.br\/noticias\/#\/schema\/person\/e6e0f723cc177805027f4566c1d5e0c8"},"headline":"Brasil e \u00cdndia alcan\u00e7am acordo para dobrar com\u00e9rcio bilateral","datePublished":"2020-01-25T16:29:45+00:00","dateModified":"2020-07-20T20:52:02+00:00","mainEntityOfPage":{"@id":"https:\/\/www.suno.com.br\/noticias\/brasil-india-acordo-comercio-bilateral\/"},"wordCount":398,"publisher":{"@id":"https:\/\/www.suno.com.br\/noticias\/#organization"},"image":{"@id":"https:\/\/www.suno.com.br\/noticias\/brasil-india-acordo-comercio-bilateral\/#primaryimage"},"thumbnailUrl":"https:\/\/files.sunoresearch.com.br\/n\/uploads\/2018\/12\/d3785640-exportacao-jpg.webp","keywords":["comercio exterior"],"articleSection":["Pol\u00edtica"],"inLanguage":"pt-BR"},{"@type":"WebPage","@id":"https:\/\/www.suno.com.br\/noticias\/brasil-india-acordo-comercio-bilateral\/","url":"https:\/\/www.suno.com.br\/noticias\/brasil-india-acordo-comercio-bilateral\/","name":"Brasil e \u00cdndia alcan\u00e7am acordo para dobrar com\u00e9rcio bilateral","isPartOf":{"@id":"https:\/\/www.suno.com.br\/noticias\/#website"},"primaryImageOfPage":{"@id":"https:\/\/www.suno.com.br\/noticias\/brasil-india-acordo-comercio-bilateral\/#primaryimage"},"image":{"@id":"https:\/\/www.suno.com.br\/noticias\/brasil-india-acordo-comercio-bilateral\/#primaryimage"},"thumbnailUrl":"https:\/\/files.sunoresearch.com.br\/n\/uploads\/2018\/12\/d3785640-exportacao-jpg.webp","datePublished":"2020-01-25T16:29:45+00:00","dateModified":"2020-07-20T20:52:02+00:00","description":"O Brasil e a \u00cdndia alcan\u00e7aram um acordo para dobrar o com\u00e9rcio bilateral alcan\u00e7ando US$ 15 bilh\u00f5es at\u00e9 2022. Clique aqui e saiba mais.","breadcrumb":{"@id":"https:\/\/www.suno.com.br\/noticias\/brasil-india-acordo-comercio-bilateral\/#breadcrumb"},"inLanguage":"pt-BR","potentialAction":[{"@type":"ReadAction","target":["https:\/\/www.suno.com.br\/noticias\/brasil-india-acordo-comercio-bilateral\/"]}]},{"@type":"ImageObject","inLanguage":"pt-BR","@id":"https:\/\/www.suno.com.br\/noticias\/brasil-india-acordo-comercio-bilateral\/#primaryimage","url":"https:\/\/files.sunoresearch.com.br\/n\/uploads\/2018\/12\/d3785640-exportacao-jpg.webp","contentUrl":"https:\/\/files.sunoresearch.com.br\/n\/uploads\/2018\/12\/d3785640-exportacao-jpg.webp","width":960,"height":609,"caption":"Balan\u00e7a comercial tem d\u00e9ficit de US$ 701 mi na terceira semana de maio"},{"@type":"BreadcrumbList","@id":"https:\/\/www.suno.com.br\/noticias\/brasil-india-acordo-comercio-bilateral\/#breadcrumb","itemListElement":[{"@type":"ListItem","position":1,"name":"Not\u00edcias","item":"https:\/\/www.suno.com.br\/noticias\/"},{"@type":"ListItem","position":2,"name":"Pol\u00edtica","item":"https:\/\/www.suno.com.br\/noticias\/politica\/"},{"@type":"ListItem","position":3,"name":"Brasil e \u00cdndia alcan\u00e7am acordo para dobrar com\u00e9rcio bilateral"}]},{"@type":"WebSite","@id":"https:\/\/www.suno.com.br\/noticias\/#website","url":"https:\/\/www.suno.com.br\/noticias\/","name":"Suno Not\u00edcias","description":"Seu portal de informa\u00e7\u00e3o sobre o mundo dos investimentos","publisher":{"@id":"https:\/\/www.suno.com.br\/noticias\/#organization"},"potentialAction":[{"@type":"SearchAction","target":{"@type":"EntryPoint","urlTemplate":"https:\/\/www.suno.com.br\/noticias\/?s={search_term_string}"},"query-input":{"@type":"PropertyValueSpecification","valueRequired":true,"valueName":"search_term_string"}}],"inLanguage":"pt-BR"},{"@type":"Organization","@id":"https:\/\/www.suno.com.br\/noticias\/#organization","name":"Suno Not\u00edcias","url":"https:\/\/www.suno.com.br\/noticias\/","logo":{"@type":"ImageObject","inLanguage":"pt-BR","@id":"https:\/\/www.suno.com.br\/noticias\/#\/schema\/logo\/image\/","url":"https:\/\/files.sunoresearch.com.br\/n\/uploads\/2021\/09\/suno-logo.png","contentUrl":"https:\/\/files.sunoresearch.com.br\/n\/uploads\/2021\/09\/suno-logo.png","width":180,"height":180,"caption":"Suno Not\u00edcias"},"image":{"@id":"https:\/\/www.suno.com.br\/noticias\/#\/schema\/logo\/image\/"},"sameAs":["https:\/\/facebook.com\/sunoresearch","https:\/\/x.com\/sunoresearch","https:\/\/www.instagram.com\/suno","https:\/\/www.linkedin.com\/company\/suno-research\/","https:\/\/www.youtube.com\/c\/sunoresearch"]},{"@type":"Person","@id":"https:\/\/www.suno.com.br\/noticias\/#\/schema\/person\/e6e0f723cc177805027f4566c1d5e0c8","name":"Carlo Cauti","image":{"@type":"ImageObject","inLanguage":"pt-BR","@id":"https:\/\/www.suno.com.br\/noticias\/#\/schema\/person\/image\/","url":"https:\/\/secure.gravatar.com\/avatar\/3ada9e0bd164c23abd4792a9606d583c?s=96&r=g","contentUrl":"https:\/\/secure.gravatar.com\/avatar\/3ada9e0bd164c23abd4792a9606d583c?s=96&r=g","caption":"Carlo Cauti"},"description":"Editor multim\u00eddia do SUNO Not\u00edcias. Italiano, formado em Ci\u00eancias Pol\u00edticas pela universidade LUISS G. Carli de Roma e mestre cum laude em Rela\u00e7\u00f5es Internacionais, Jornalismo Internacional e de Guerra e em Economia Internacional. Concluiu tamb\u00e9m um MBA em Finan\u00e7as na B3. No Brasil, teve passagem por ve\u00edculos como Estad\u00e3o, Globo, Veja e EXAME. e nas ag\u00eancias de not\u00edcias italianas ANSA e NOVA.","url":"https:\/\/www.suno.com.br\/noticias\/author\/carlo-cauti\/"}]}},"default_loop_html":"<div class=\"cardsPage__listCard__boxs\"><div class=\"cardsPage__listCard__boxs__img\"><a href=\"https:\/\/www.suno.com.br\/noticias\/brasil-india-acordo-comercio-bilateral\/\"><img class=\"mask\" src=\"https:\/\/www.suno.com.br\/noticias\/wp-content\/themes\/suno\/resources\/images\/spotlight\/spotlight1img\/bg-mask.png\" alt=\"Image Mask\"\/><img src=\"https:\/\/files.sunoresearch.com.br\/n\/uploads\/2018\/12\/d3785640-exportacao-400x200.webp\" alt=\"Brasil e \u00cdndia alcan\u00e7am acordo para dobrar com\u00e9rcio bilateral\"\/><\/a><span class=\"spotlightCategory\"><a href=\"https:\/\/www.suno.com.br\/noticias\/politica\/\">Pol\u00edtica<\/a><\/span><\/div><div class=\"cardsPage__listCard__boxs__content\"><a href=\"https:\/\/www.suno.com.br\/noticias\/brasil-india-acordo-comercio-bilateral\/\"><h2 class=\"content__title\">Brasil e \u00cdndia alcan\u00e7am acordo para dobrar com\u00e9rcio bilateral<\/h2><\/a><div class=\"newsContent__article__meta\"><div class=\"newsContent__article__meta__authorBox\"><a href=\"https:\/\/www.suno.com.br\/noticias\/author\/carlo-cauti\/\" class=\"authorBox__avatar noMobi\"><img src=\"https:\/\/files.sunoresearch.com.br\/n\/uploads\/2020\/08\/e3745f9a-perfil-carlo-cauti-150x150.webp\" alt=\"Carlo Cauti\"><\/a><div class=\"authorBox__name\"><span>por\n\t\t\t<a href=\"https:\/\/www.suno.com.br\/noticias\/author\/carlo-cauti\/\"><span itemprop=\"author\">Carlo Cauti<\/span><\/a><\/span><time datetime=\"2020-01-25T14:29:45-03:00\" itemprop=\"datePublished\">25\/01\/2020 14:29<\/time><\/div><\/div><\/div><\/div><\/div>","single_layout":"posts","amp_enabled":true,"_links":{"self":[{"href":"https:\/\/www.suno.com.br\/noticias\/wp-json\/wp\/v2\/posts\/50338"}],"collection":[{"href":"https:\/\/www.suno.com.br\/noticias\/wp-json\/wp\/v2\/posts"}],"about":[{"href":"https:\/\/www.suno.com.br\/noticias\/wp-json\/wp\/v2\/types\/post"}],"author":[{"embeddable":true,"href":"https:\/\/www.suno.com.br\/noticias\/wp-json\/wp\/v2\/users\/9"}],"replies":[{"embeddable":true,"href":"https:\/\/www.suno.com.br\/noticias\/wp-json\/wp\/v2\/comments?post=50338"}],"version-history":[{"count":0,"href":"https:\/\/www.suno.com.br\/noticias\/wp-json\/wp\/v2\/posts\/50338\/revisions"}],"wp:featuredmedia":[{"embeddable":true,"href":"https:\/\/www.suno.com.br\/noticias\/wp-json\/wp\/v2\/media\/7709"}],"wp:attachment":[{"href":"https:\/\/www.suno.com.br\/noticias\/wp-json\/wp\/v2\/media?parent=50338"}],"wp:term":[{"taxonomy":"category","embeddable":true,"href":"https:\/\/www.suno.com.br\/noticias\/wp-json\/wp\/v2\/categories?post=50338"},{"taxonomy":"post_tag","embeddable":true,"href":"https:\/\/www.suno.com.br\/noticias\/wp-json\/wp\/v2\/tags?post=50338"},{"taxonomy":"suno_strategy","embeddable":true,"href":"https:\/\/www.suno.com.br\/noticias\/wp-json\/wp\/v2\/suno_strategy?post=50338"}],"curies":[{"name":"wp","href":"https:\/\/api.w.org\/{rel}","templated":true}]}}