{"id":50327,"date":"2020-01-20T21:02:30","date_gmt":"2020-01-20T23:02:30","guid":{"rendered":"https:\/\/www.suno.com.br\/noticias\/?p=50327"},"modified":"2020-01-20T21:02:30","modified_gmt":"2020-01-20T23:02:30","slug":"cyrela-queda-vendas-4t19","status":"publish","type":"post","link":"https:\/\/www.suno.com.br\/noticias\/cyrela-queda-vendas-4t19\/","title":{"rendered":"Cyrela registra queda de 15,4% nas vendas do 4T19"},"content":{"rendered":"<p>A <a href=\"https:\/\/www.suno.com.br\/acoes\/cyre3\/\"><strong>Cyrela<\/strong> (CYRE3)<\/a> divulgou, nesta segunda-feira (20), que registrou queda nas vendas e nos lan\u00e7amentos de im\u00f3veis residenciais no quarto trimestre em compara\u00e7\u00e3o ao mesmo per\u00edodo de 2018, tendo a maior parte do volume comercializado como lan\u00e7amentos.<\/p>\t<div class=\"wrapper-featured-image\">\n\t\t<figure class=\"spotlightImg\">\n\n\t\t\t<picture>\n\t\t\t\t<source media=\"(max-width: 768px)\" srcset=\"https:\/\/files.sunoresearch.com.br\/n\/uploads\/2019\/05\/946e0469-cyrela-400x200.webp\">\n\t\t\t\t<img loading=\"lazy\" decoding=\"async\" class=\"newsContent__article__imgCapa lazyloadDisabled newsContent__article__imgCapa--noCaption\" src=\"https:\/\/files.sunoresearch.com.br\/n\/uploads\/2019\/05\/946e0469-cyrela-800x450.webp\" width=\"800\" height=\"450\" alt=\"Cyrela registra queda de 15,4% nas vendas do 4T19\" fetchpriority=high \/>\n\t\t\t<\/picture>\n\n\t\t\t<figcaption class=\"wp-caption-text wp-caption-text--hide\">Cyrela (Foto: Divulga\u00e7\u00e3o)<\/figcaption>\n\t\t<\/figure>\n\t<\/div>\n\n\n\n<p>A Cyrela registrou queda de 15,5% nas vendas entre os meses de outubro e dezembro, chegando a R$ 2,06 bilh\u00f5es. Do valor, R$ 1,08 bilh\u00e3o corresponderam a lan\u00e7amentos.<\/p>\n<p>A empresa tamb\u00e9m registrou uma baixa nos lan\u00e7amentos de 11,7%, para R$ 2,39 bilh\u00f5es. Deste n\u00famero, R$ 1,02 bilh\u00e3o foram no segmento &#8220;Minha Casa Minha Vida&#8221; faixas 2 e 3. Entre os tr\u00eas meses, a Cyrela realizou 27 lan\u00e7amentos.<\/p>\n\t<p>\n\t\t<a href=\"https:\/\/lp.suno.com.br\/ebook-investindo-em-dividendos\/\" target=\"_blank\" data-element=\"shortcode-suno-banner\" title=\"Banner SUNO, clique e saiba mais\">\n\t\t\t<picture>\n\t\t\t\t<source media=\"(max-width: 500px)\" srcset=\"https:\/\/files.sunoresearch.com.br\/n\/uploads\/2023\/03\/400x300-Dividendos.png\">\n\t\t\t\t<img class=\"newsContent__article__imgCapa newsContent__article__imgCapa--banner\"\n\t\t\t\t\tsrc=\"https:\/\/files.sunoresearch.com.br\/n\/uploads\/2023\/03\/1420x240-Dividendos.png\"\n\t\t\t\t\tdata-promo-id=\"383163\"\t\t\t\t\t\t\t\t\t\twidth='1420' height='240'\t\t\t\t\talt=\"https:\/\/files.sunoresearch.com.br\/n\/uploads\/2023\/03\/1420x240-Dividendos.png\"\n\t\t\t\t>\n\t\t\t<\/picture>\n\t\t<\/a>\n\t<\/p>\n\n\n<p>Em 2019, a companhia cresceu 35% nos lan\u00e7amentos, chegando a R$ 6,8 bilh\u00f5es. As vendas subiram 30%, atingindo o valor de R$ 6,57 bilh\u00f5es.<\/p>\n<p>A construtora disse em seu relat\u00f3rio de vendas que, apesar de ter come\u00e7ado a comercializa\u00e7\u00e3o de seis empreendimentos MCMV entre os tr\u00eas meses, n\u00e3o possu\u00edam contrato de cr\u00e9dito associativo firmado at\u00e9 o fim de 2019 e, por conta disso, &#8220;n\u00e3o foram reconhecidos como lan\u00e7ados no trimestre.&#8221;<\/p>\n<h2>Resultado do 3T19<\/h2>\n<p>A Cyrela havia reportado um <a href=\"https:\/\/www.suno.com.br\/artigos\/lucro-liquido\/\">lucro <\/a><a href=\"https:\/\/www.suno.com.br\/artigos\/lucro-liquido\/\">l\u00edquido<\/a> de R$ 104,4 milh\u00f5es no terceiro trimestre deste ano, revertendo o preju\u00edzo do mesmo per\u00edodo de 2018.<\/p>\n<p><a href=\"https:\/\/www.suno.com.br\/noticias\/cyrela-reverte-prejuizo-e-lucra-104-milhoes-no-3t19\/\">Saiba mais: Cyrela reverte preju\u00edzo e lucra R$ 104 milh\u00f5es no 3T19<\/a><\/p>\n<p>No terceiro trimestre do ano passado, a Cyrela teve um <a href=\"https:\/\/www.suno.com.br\/artigos\/prejuizos-acumulados\/\">preju\u00edzo l\u00edquido<\/a> atribu\u00eddo aos acionistas de R$ 121 milh\u00f5es. No entanto, o lucro apresentando no per\u00edodo de julho a setembro deste ano \u00e9 1,4% menor em compara\u00e7\u00e3o aos ganhos do 2T19, quando a companhia teve R$ 114 milh\u00f5es de lucro.<\/p>\n<p>A <a href=\"https:\/\/www.suno.com.br\/artigos\/o-que-receita-liquida\/\">receita l\u00edquida<\/a> da empresa aumentou 28,9%, chegando a R$ 934,7 milh\u00f5es. A margem bruta passou de 28,3%, no terceiro trimestre do ano passado, a 30,9%. O <a href=\"https:\/\/www.suno.com.br\/artigos\/roe-utilidade\/\">Retorno sobre Patrim\u00f4nio L\u00edquido (ROE)<\/a> sobre os \u00faltimos 12 meses foi de 7,3%.<\/p>\n<p>A <strong>Cyrela<\/strong> apresentou uma <a href=\"https:\/\/www.suno.com.br\/artigos\/regime-caixa\/\">gera\u00e7\u00e3o de caixa<\/a> de R$ 78 milh\u00f5es, no trimestre, e de R$ 424 milh\u00f5es no acumulado dos nove primeiros meses do ano. A companhia entregou 14 projetos no trimestre, com valor geral de vendas (VGV) de R$ 1,233 bilh\u00e3o na data dos respectivos lan\u00e7amentos.<\/p>\n\n","protected":false},"excerpt":{"rendered":"<p>A Cyrela (CYRE3) divulgou, nesta segunda-feira (20), que registrou queda nas vendas e nos lan\u00e7amentos de im\u00f3veis residenciais no quarto trimestre em compara\u00e7\u00e3o ao mesmo per\u00edodo de 2018, tendo a maior parte do volume comercializado como lan\u00e7amentos. Cyrela (Foto: Divulga\u00e7\u00e3o) A Cyrela registrou queda de 15,5% nas vendas entre os meses de outubro e dezembro, [&hellip;]<\/p>\n","protected":false},"author":23,"featured_media":24046,"comment_status":"closed","ping_status":"closed","sticky":false,"template":"","format":"standard","meta":[],"categories":[64],"tags":[443,1607],"suno_strategy":[],"class_list":["post-50327","post","type-post","status-publish","format-standard","has-post-thumbnail","hentry","category-negocios","tag-cyrela-cyre3","tag-resultado-das-empresas"],"yoast_head":"<!-- This site is optimized with the Yoast SEO plugin v24.4 - https:\/\/yoast.com\/wordpress\/plugins\/seo\/ -->\n<title>Cyrela registra queda de 15,4% nas vendas do 4T19<\/title>\n<meta name=\"description\" content=\"A Cyrela registrou queda nas vendas e lan\u00e7amentos de im\u00f3veis residenciais no 4\u00ba tri em compara\u00e7\u00e3o ao mesmo per\u00edodo de 2018. Clique para mais.\" \/>\n<meta name=\"robots\" content=\"index, follow, max-snippet:-1, max-image-preview:large, max-video-preview:-1\" \/>\n<link rel=\"canonical\" href=\"https:\/\/www.suno.com.br\/noticias\/cyrela-queda-vendas-4t19\/\" \/>\n<meta property=\"og:locale\" content=\"pt_BR\" \/>\n<meta property=\"og:type\" content=\"article\" \/>\n<meta property=\"og:title\" content=\"Cyrela registra queda de 15,4% nas vendas do 4T19\" \/>\n<meta property=\"og:description\" content=\"A Cyrela registrou queda nas vendas e lan\u00e7amentos de im\u00f3veis residenciais no 4\u00ba tri em compara\u00e7\u00e3o ao mesmo per\u00edodo de 2018. Clique para mais.\" \/>\n<meta property=\"og:url\" content=\"https:\/\/www.suno.com.br\/noticias\/cyrela-queda-vendas-4t19\/\" \/>\n<meta property=\"og:site_name\" content=\"Suno Not\u00edcias\" \/>\n<meta property=\"article:publisher\" content=\"https:\/\/facebook.com\/sunoresearch\" \/>\n<meta property=\"og:image\" content=\"https:\/\/files.sunoresearch.com.br\/n\/uploads\/2019\/05\/946e0469-cyrela.jpg\" \/>\n\t<meta property=\"og:image:width\" content=\"1024\" \/>\n\t<meta property=\"og:image:height\" content=\"683\" \/>\n\t<meta property=\"og:image:type\" content=\"image\/jpeg\" \/>\n<meta name=\"author\" content=\"Rafael Lara\" \/>\n<meta name=\"twitter:card\" content=\"summary_large_image\" \/>\n<meta name=\"twitter:creator\" content=\"@sunoresearch\" \/>\n<meta name=\"twitter:site\" content=\"@sunoresearch\" \/>\n<meta name=\"twitter:label1\" content=\"Escrito por\" \/>\n\t<meta name=\"twitter:data1\" content=\"Rafael Lara\" \/>\n\t<meta name=\"twitter:label2\" content=\"Est. tempo de leitura\" \/>\n\t<meta name=\"twitter:data2\" content=\"2 minutos\" \/>\n<script type=\"application\/ld+json\" class=\"yoast-schema-graph\">{\"@context\":\"https:\/\/schema.org\",\"@graph\":[{\"@type\":\"NewsArticle\",\"@id\":\"https:\/\/www.suno.com.br\/noticias\/cyrela-queda-vendas-4t19\/#article\",\"isPartOf\":{\"@id\":\"https:\/\/www.suno.com.br\/noticias\/cyrela-queda-vendas-4t19\/\"},\"author\":{\"name\":\"Rafael Lara\",\"@id\":\"https:\/\/www.suno.com.br\/noticias\/#\/schema\/person\/098743caeed97b37f51315c9576c4078\"},\"headline\":\"Cyrela registra queda de 15,4% nas vendas do 4T19\",\"datePublished\":\"2020-01-20T23:02:30+00:00\",\"mainEntityOfPage\":{\"@id\":\"https:\/\/www.suno.com.br\/noticias\/cyrela-queda-vendas-4t19\/\"},\"wordCount\":385,\"publisher\":{\"@id\":\"https:\/\/www.suno.com.br\/noticias\/#organization\"},\"image\":{\"@id\":\"https:\/\/www.suno.com.br\/noticias\/cyrela-queda-vendas-4t19\/#primaryimage\"},\"thumbnailUrl\":\"https:\/\/files.sunoresearch.com.br\/n\/uploads\/2019\/05\/946e0469-cyrela-jpg.webp\",\"keywords\":[\"Cyrela (CYRE3)\",\"Resultado das empresas\"],\"articleSection\":[\"Neg\u00f3cios\"],\"inLanguage\":\"pt-BR\"},{\"@type\":\"WebPage\",\"@id\":\"https:\/\/www.suno.com.br\/noticias\/cyrela-queda-vendas-4t19\/\",\"url\":\"https:\/\/www.suno.com.br\/noticias\/cyrela-queda-vendas-4t19\/\",\"name\":\"Cyrela registra queda de 15,4% nas vendas do 4T19\",\"isPartOf\":{\"@id\":\"https:\/\/www.suno.com.br\/noticias\/#website\"},\"primaryImageOfPage\":{\"@id\":\"https:\/\/www.suno.com.br\/noticias\/cyrela-queda-vendas-4t19\/#primaryimage\"},\"image\":{\"@id\":\"https:\/\/www.suno.com.br\/noticias\/cyrela-queda-vendas-4t19\/#primaryimage\"},\"thumbnailUrl\":\"https:\/\/files.sunoresearch.com.br\/n\/uploads\/2019\/05\/946e0469-cyrela-jpg.webp\",\"datePublished\":\"2020-01-20T23:02:30+00:00\",\"description\":\"A Cyrela registrou queda nas vendas e lan\u00e7amentos de im\u00f3veis residenciais no 4\u00ba tri em compara\u00e7\u00e3o ao mesmo per\u00edodo de 2018. Clique para mais.\",\"breadcrumb\":{\"@id\":\"https:\/\/www.suno.com.br\/noticias\/cyrela-queda-vendas-4t19\/#breadcrumb\"},\"inLanguage\":\"pt-BR\",\"potentialAction\":[{\"@type\":\"ReadAction\",\"target\":[\"https:\/\/www.suno.com.br\/noticias\/cyrela-queda-vendas-4t19\/\"]}]},{\"@type\":\"ImageObject\",\"inLanguage\":\"pt-BR\",\"@id\":\"https:\/\/www.suno.com.br\/noticias\/cyrela-queda-vendas-4t19\/#primaryimage\",\"url\":\"https:\/\/files.sunoresearch.com.br\/n\/uploads\/2019\/05\/946e0469-cyrela-jpg.webp\",\"contentUrl\":\"https:\/\/files.sunoresearch.com.br\/n\/uploads\/2019\/05\/946e0469-cyrela-jpg.webp\",\"width\":1024,\"height\":683,\"caption\":\"Cyrela (Foto: Divulga\u00e7\u00e3o)\"},{\"@type\":\"BreadcrumbList\",\"@id\":\"https:\/\/www.suno.com.br\/noticias\/cyrela-queda-vendas-4t19\/#breadcrumb\",\"itemListElement\":[{\"@type\":\"ListItem\",\"position\":1,\"name\":\"Not\u00edcias\",\"item\":\"https:\/\/www.suno.com.br\/noticias\/\"},{\"@type\":\"ListItem\",\"position\":2,\"name\":\"Neg\u00f3cios\",\"item\":\"https:\/\/www.suno.com.br\/noticias\/negocios\/\"},{\"@type\":\"ListItem\",\"position\":3,\"name\":\"Cyrela registra queda de 15,4% nas vendas do 4T19\"}]},{\"@type\":\"WebSite\",\"@id\":\"https:\/\/www.suno.com.br\/noticias\/#website\",\"url\":\"https:\/\/www.suno.com.br\/noticias\/\",\"name\":\"Suno Not\u00edcias\",\"description\":\"Seu portal de informa\u00e7\u00e3o sobre o mundo dos investimentos\",\"publisher\":{\"@id\":\"https:\/\/www.suno.com.br\/noticias\/#organization\"},\"potentialAction\":[{\"@type\":\"SearchAction\",\"target\":{\"@type\":\"EntryPoint\",\"urlTemplate\":\"https:\/\/www.suno.com.br\/noticias\/?s={search_term_string}\"},\"query-input\":{\"@type\":\"PropertyValueSpecification\",\"valueRequired\":true,\"valueName\":\"search_term_string\"}}],\"inLanguage\":\"pt-BR\"},{\"@type\":\"Organization\",\"@id\":\"https:\/\/www.suno.com.br\/noticias\/#organization\",\"name\":\"Suno Not\u00edcias\",\"url\":\"https:\/\/www.suno.com.br\/noticias\/\",\"logo\":{\"@type\":\"ImageObject\",\"inLanguage\":\"pt-BR\",\"@id\":\"https:\/\/www.suno.com.br\/noticias\/#\/schema\/logo\/image\/\",\"url\":\"https:\/\/files.sunoresearch.com.br\/n\/uploads\/2021\/09\/suno-logo.png\",\"contentUrl\":\"https:\/\/files.sunoresearch.com.br\/n\/uploads\/2021\/09\/suno-logo.png\",\"width\":180,\"height\":180,\"caption\":\"Suno Not\u00edcias\"},\"image\":{\"@id\":\"https:\/\/www.suno.com.br\/noticias\/#\/schema\/logo\/image\/\"},\"sameAs\":[\"https:\/\/facebook.com\/sunoresearch\",\"https:\/\/x.com\/sunoresearch\",\"https:\/\/www.instagram.com\/suno\",\"https:\/\/www.linkedin.com\/company\/suno-research\/\",\"https:\/\/www.youtube.com\/c\/sunoresearch\"]},{\"@type\":\"Person\",\"@id\":\"https:\/\/www.suno.com.br\/noticias\/#\/schema\/person\/098743caeed97b37f51315c9576c4078\",\"name\":\"Rafael Lara\",\"image\":{\"@type\":\"ImageObject\",\"inLanguage\":\"pt-BR\",\"@id\":\"https:\/\/www.suno.com.br\/noticias\/#\/schema\/person\/image\/\",\"url\":\"https:\/\/secure.gravatar.com\/avatar\/dfc254ab9bb2ea1895d98b9e9dae4bdd?s=96&r=g\",\"contentUrl\":\"https:\/\/secure.gravatar.com\/avatar\/dfc254ab9bb2ea1895d98b9e9dae4bdd?s=96&r=g\",\"caption\":\"Rafael Lara\"},\"description\":\"Rafael Lara cursa jornalismo na Faculdade C\u00e1sper L\u00edbero. Escreve sobre pol\u00edtica, economia e neg\u00f3cios para o portal Suno Not\u00edcias. Antes, colaborou na TV Gazeta na produ\u00e7\u00e3o do programa Edi\u00e7\u00e3o Extra.\",\"url\":\"https:\/\/www.suno.com.br\/noticias\/author\/rafael\/\"}]}<\/script>\n<!-- \/ Yoast SEO plugin. -->","yoast_head_json":{"title":"Cyrela registra queda de 15,4% nas vendas do 4T19","description":"A Cyrela registrou queda nas vendas e lan\u00e7amentos de im\u00f3veis residenciais no 4\u00ba tri em compara\u00e7\u00e3o ao mesmo per\u00edodo de 2018. Clique para mais.","robots":{"index":"index","follow":"follow","max-snippet":"max-snippet:-1","max-image-preview":"max-image-preview:large","max-video-preview":"max-video-preview:-1"},"canonical":"https:\/\/www.suno.com.br\/noticias\/cyrela-queda-vendas-4t19\/","og_locale":"pt_BR","og_type":"article","og_title":"Cyrela registra queda de 15,4% nas vendas do 4T19","og_description":"A Cyrela registrou queda nas vendas e lan\u00e7amentos de im\u00f3veis residenciais no 4\u00ba tri em compara\u00e7\u00e3o ao mesmo per\u00edodo de 2018. Clique para mais.","og_url":"https:\/\/www.suno.com.br\/noticias\/cyrela-queda-vendas-4t19\/","og_site_name":"Suno Not\u00edcias","article_publisher":"https:\/\/facebook.com\/sunoresearch","og_image":[{"width":1024,"height":683,"url":"https:\/\/files.sunoresearch.com.br\/n\/uploads\/2019\/05\/946e0469-cyrela.jpg","type":"image\/jpeg"}],"author":"Rafael Lara","twitter_card":"summary_large_image","twitter_creator":"@sunoresearch","twitter_site":"@sunoresearch","twitter_misc":{"Escrito por":"Rafael Lara","Est. tempo de leitura":"2 minutos"},"schema":{"@context":"https:\/\/schema.org","@graph":[{"@type":"NewsArticle","@id":"https:\/\/www.suno.com.br\/noticias\/cyrela-queda-vendas-4t19\/#article","isPartOf":{"@id":"https:\/\/www.suno.com.br\/noticias\/cyrela-queda-vendas-4t19\/"},"author":{"name":"Rafael Lara","@id":"https:\/\/www.suno.com.br\/noticias\/#\/schema\/person\/098743caeed97b37f51315c9576c4078"},"headline":"Cyrela registra queda de 15,4% nas vendas do 4T19","datePublished":"2020-01-20T23:02:30+00:00","mainEntityOfPage":{"@id":"https:\/\/www.suno.com.br\/noticias\/cyrela-queda-vendas-4t19\/"},"wordCount":385,"publisher":{"@id":"https:\/\/www.suno.com.br\/noticias\/#organization"},"image":{"@id":"https:\/\/www.suno.com.br\/noticias\/cyrela-queda-vendas-4t19\/#primaryimage"},"thumbnailUrl":"https:\/\/files.sunoresearch.com.br\/n\/uploads\/2019\/05\/946e0469-cyrela-jpg.webp","keywords":["Cyrela (CYRE3)","Resultado das empresas"],"articleSection":["Neg\u00f3cios"],"inLanguage":"pt-BR"},{"@type":"WebPage","@id":"https:\/\/www.suno.com.br\/noticias\/cyrela-queda-vendas-4t19\/","url":"https:\/\/www.suno.com.br\/noticias\/cyrela-queda-vendas-4t19\/","name":"Cyrela registra queda de 15,4% nas vendas do 4T19","isPartOf":{"@id":"https:\/\/www.suno.com.br\/noticias\/#website"},"primaryImageOfPage":{"@id":"https:\/\/www.suno.com.br\/noticias\/cyrela-queda-vendas-4t19\/#primaryimage"},"image":{"@id":"https:\/\/www.suno.com.br\/noticias\/cyrela-queda-vendas-4t19\/#primaryimage"},"thumbnailUrl":"https:\/\/files.sunoresearch.com.br\/n\/uploads\/2019\/05\/946e0469-cyrela-jpg.webp","datePublished":"2020-01-20T23:02:30+00:00","description":"A Cyrela registrou queda nas vendas e lan\u00e7amentos de im\u00f3veis residenciais no 4\u00ba tri em compara\u00e7\u00e3o ao mesmo per\u00edodo de 2018. Clique para mais.","breadcrumb":{"@id":"https:\/\/www.suno.com.br\/noticias\/cyrela-queda-vendas-4t19\/#breadcrumb"},"inLanguage":"pt-BR","potentialAction":[{"@type":"ReadAction","target":["https:\/\/www.suno.com.br\/noticias\/cyrela-queda-vendas-4t19\/"]}]},{"@type":"ImageObject","inLanguage":"pt-BR","@id":"https:\/\/www.suno.com.br\/noticias\/cyrela-queda-vendas-4t19\/#primaryimage","url":"https:\/\/files.sunoresearch.com.br\/n\/uploads\/2019\/05\/946e0469-cyrela-jpg.webp","contentUrl":"https:\/\/files.sunoresearch.com.br\/n\/uploads\/2019\/05\/946e0469-cyrela-jpg.webp","width":1024,"height":683,"caption":"Cyrela (Foto: Divulga\u00e7\u00e3o)"},{"@type":"BreadcrumbList","@id":"https:\/\/www.suno.com.br\/noticias\/cyrela-queda-vendas-4t19\/#breadcrumb","itemListElement":[{"@type":"ListItem","position":1,"name":"Not\u00edcias","item":"https:\/\/www.suno.com.br\/noticias\/"},{"@type":"ListItem","position":2,"name":"Neg\u00f3cios","item":"https:\/\/www.suno.com.br\/noticias\/negocios\/"},{"@type":"ListItem","position":3,"name":"Cyrela registra queda de 15,4% nas vendas do 4T19"}]},{"@type":"WebSite","@id":"https:\/\/www.suno.com.br\/noticias\/#website","url":"https:\/\/www.suno.com.br\/noticias\/","name":"Suno Not\u00edcias","description":"Seu portal de informa\u00e7\u00e3o sobre o mundo dos investimentos","publisher":{"@id":"https:\/\/www.suno.com.br\/noticias\/#organization"},"potentialAction":[{"@type":"SearchAction","target":{"@type":"EntryPoint","urlTemplate":"https:\/\/www.suno.com.br\/noticias\/?s={search_term_string}"},"query-input":{"@type":"PropertyValueSpecification","valueRequired":true,"valueName":"search_term_string"}}],"inLanguage":"pt-BR"},{"@type":"Organization","@id":"https:\/\/www.suno.com.br\/noticias\/#organization","name":"Suno Not\u00edcias","url":"https:\/\/www.suno.com.br\/noticias\/","logo":{"@type":"ImageObject","inLanguage":"pt-BR","@id":"https:\/\/www.suno.com.br\/noticias\/#\/schema\/logo\/image\/","url":"https:\/\/files.sunoresearch.com.br\/n\/uploads\/2021\/09\/suno-logo.png","contentUrl":"https:\/\/files.sunoresearch.com.br\/n\/uploads\/2021\/09\/suno-logo.png","width":180,"height":180,"caption":"Suno Not\u00edcias"},"image":{"@id":"https:\/\/www.suno.com.br\/noticias\/#\/schema\/logo\/image\/"},"sameAs":["https:\/\/facebook.com\/sunoresearch","https:\/\/x.com\/sunoresearch","https:\/\/www.instagram.com\/suno","https:\/\/www.linkedin.com\/company\/suno-research\/","https:\/\/www.youtube.com\/c\/sunoresearch"]},{"@type":"Person","@id":"https:\/\/www.suno.com.br\/noticias\/#\/schema\/person\/098743caeed97b37f51315c9576c4078","name":"Rafael Lara","image":{"@type":"ImageObject","inLanguage":"pt-BR","@id":"https:\/\/www.suno.com.br\/noticias\/#\/schema\/person\/image\/","url":"https:\/\/secure.gravatar.com\/avatar\/dfc254ab9bb2ea1895d98b9e9dae4bdd?s=96&r=g","contentUrl":"https:\/\/secure.gravatar.com\/avatar\/dfc254ab9bb2ea1895d98b9e9dae4bdd?s=96&r=g","caption":"Rafael Lara"},"description":"Rafael Lara cursa jornalismo na Faculdade C\u00e1sper L\u00edbero. Escreve sobre pol\u00edtica, economia e neg\u00f3cios para o portal Suno Not\u00edcias. Antes, colaborou na TV Gazeta na produ\u00e7\u00e3o do programa Edi\u00e7\u00e3o Extra.","url":"https:\/\/www.suno.com.br\/noticias\/author\/rafael\/"}]}},"default_loop_html":"<div class=\"cardsPage__listCard__boxs\"><div class=\"cardsPage__listCard__boxs__img\"><a href=\"https:\/\/www.suno.com.br\/noticias\/cyrela-queda-vendas-4t19\/\"><img class=\"mask\" src=\"https:\/\/www.suno.com.br\/noticias\/wp-content\/themes\/suno\/resources\/images\/spotlight\/spotlight1img\/bg-mask.png\" alt=\"Image Mask\"\/><img src=\"https:\/\/files.sunoresearch.com.br\/n\/uploads\/2019\/05\/946e0469-cyrela-400x200.webp\" alt=\"Cyrela registra queda de 15,4% nas vendas do 4T19\"\/><\/a><span class=\"spotlightCategory\"><a href=\"https:\/\/www.suno.com.br\/noticias\/negocios\/\">Neg\u00f3cios<\/a><\/span><\/div><div class=\"cardsPage__listCard__boxs__content\"><a href=\"https:\/\/www.suno.com.br\/noticias\/cyrela-queda-vendas-4t19\/\"><h2 class=\"content__title\">Cyrela registra queda de 15,4% nas vendas do 4T19<\/h2><\/a><div class=\"newsContent__article__meta\"><div class=\"newsContent__article__meta__authorBox\"><a href=\"https:\/\/www.suno.com.br\/noticias\/author\/rafael\/\" class=\"authorBox__avatar noMobi\"><img src=\"https:\/\/secure.gravatar.com\/avatar\/dfc254ab9bb2ea1895d98b9e9dae4bdd?s=96&#038;r=g\" alt=\"Rafael Lara\"><\/a><div class=\"authorBox__name\"><span>por\n\t\t\t<a href=\"https:\/\/www.suno.com.br\/noticias\/author\/rafael\/\"><span itemprop=\"author\">Rafael Lara<\/span><\/a><\/span><time datetime=\"2020-01-20T21:02:30-03:00\" itemprop=\"datePublished\">20\/01\/2020 21:02<\/time><\/div><\/div><\/div><\/div><\/div>","single_layout":"posts","amp_enabled":true,"_links":{"self":[{"href":"https:\/\/www.suno.com.br\/noticias\/wp-json\/wp\/v2\/posts\/50327"}],"collection":[{"href":"https:\/\/www.suno.com.br\/noticias\/wp-json\/wp\/v2\/posts"}],"about":[{"href":"https:\/\/www.suno.com.br\/noticias\/wp-json\/wp\/v2\/types\/post"}],"author":[{"embeddable":true,"href":"https:\/\/www.suno.com.br\/noticias\/wp-json\/wp\/v2\/users\/23"}],"replies":[{"embeddable":true,"href":"https:\/\/www.suno.com.br\/noticias\/wp-json\/wp\/v2\/comments?post=50327"}],"version-history":[{"count":0,"href":"https:\/\/www.suno.com.br\/noticias\/wp-json\/wp\/v2\/posts\/50327\/revisions"}],"wp:featuredmedia":[{"embeddable":true,"href":"https:\/\/www.suno.com.br\/noticias\/wp-json\/wp\/v2\/media\/24046"}],"wp:attachment":[{"href":"https:\/\/www.suno.com.br\/noticias\/wp-json\/wp\/v2\/media?parent=50327"}],"wp:term":[{"taxonomy":"category","embeddable":true,"href":"https:\/\/www.suno.com.br\/noticias\/wp-json\/wp\/v2\/categories?post=50327"},{"taxonomy":"post_tag","embeddable":true,"href":"https:\/\/www.suno.com.br\/noticias\/wp-json\/wp\/v2\/tags?post=50327"},{"taxonomy":"suno_strategy","embeddable":true,"href":"https:\/\/www.suno.com.br\/noticias\/wp-json\/wp\/v2\/suno_strategy?post=50327"}],"curies":[{"name":"wp","href":"https:\/\/api.w.org\/{rel}","templated":true}]}}