{"id":503077,"date":"2023-12-19T22:26:53","date_gmt":"2023-12-20T01:26:53","guid":{"rendered":"https:\/\/www.suno.com.br\/noticias\/?p=503077"},"modified":"2023-12-19T23:09:46","modified_gmt":"2023-12-20T02:09:46","slug":"radar-neoenergia-neoe3-americanas-amer3-bb-seguridade-bbse3-jvj","status":"publish","type":"post","link":"https:\/\/www.suno.com.br\/noticias\/radar-neoenergia-neoe3-americanas-amer3-bb-seguridade-bbse3-jvj\/","title":{"rendered":"Radar: Neoenergia (NEOE3) pagar\u00e1 R$ 1,4 bi em dividendos e JCP, Americanas (AMER3) aprova plano de recupera\u00e7\u00e3o judicial e BB Seguridade (BBSE3) vira &#8220;queridinha&#8221; do BTG"},"content":{"rendered":"<p>A <a href=\"https:\/\/www.suno.com.br\/acoes\/NEOE3\/\"><strong>Neoenergia (NEOE3)<\/strong><\/a> vai pagar mais de R$ 1,4 bilh\u00e3o em <a href=\"https:\/\/www.suno.com.br\/guias\/dividendos\/\"><strong>dividendos<\/strong><\/a> e <a href=\"https:\/\/www.suno.com.br\/artigos\/entenda-o-jcp\/\"><strong>juros sobre capital pr\u00f3prio<\/strong><\/a> (JCP) aos seus investidores.<\/p>\t<div class=\"wrapper-featured-image\">\n\t\t<figure class=\"spotlightImg\">\n\n\t\t\t<picture>\n\t\t\t\t<source media=\"(max-width: 768px)\" srcset=\"https:\/\/files.sunoresearch.com.br\/n\/uploads\/2022\/12\/neoenergia-neoe3-400x200.jpg\">\n\t\t\t\t<img loading=\"lazy\" decoding=\"async\" class=\"newsContent__article__imgCapa lazyloadDisabled \" src=\"https:\/\/files.sunoresearch.com.br\/n\/uploads\/2022\/12\/neoenergia-neoe3-800x450.jpg\" width=\"800\" height=\"450\" alt=\"Radar: Neoenergia (NEOE3) pagar\u00e1 R$ 1,4 bi em dividendos e JCP, Americanas (AMER3) aprova plano de recupera\u00e7\u00e3o judicial e BB Seguridade (BBSE3) vira &#8220;queridinha&#8221; do BTG\" fetchpriority=high \/>\n\t\t\t<\/picture>\n\n\t\t\t<figcaption class=\"wp-caption-text wp-caption-text--show\">Neoenergia (NEOE3). Foto: Divulga\u00e7\u00e3o<\/figcaption>\n\t\t<\/figure>\n\t<\/div>\n\n\n\n\n\n\t<p>\n\t\t<a href=\"https:\/\/lp.suno.com.br\/planilha-da-vida-financeira\/\" target=\"_blank\" data-element=\"shortcode-suno-banner\" title=\"Banner SUNO, clique e saiba mais\">\n\t\t\t<picture>\n\t\t\t\t<source media=\"(max-width: 500px)\" srcset=\"https:\/\/files.sunoresearch.com.br\/n\/uploads\/2023\/04\/400x300-Planilha-vida-financeira-true.png\">\n\t\t\t\t<img class=\"newsContent__article__imgCapa newsContent__article__imgCapa--banner\"\n\t\t\t\t\tsrc=\"https:\/\/files.sunoresearch.com.br\/n\/uploads\/2023\/04\/1420x240-Planilha-vida-financeira-true.png\"\n\t\t\t\t\tdata-promo-id=\"106682\"\t\t\t\t\t\t\t\t\t\twidth='1420' height='240'\t\t\t\t\talt=\"https:\/\/files.sunoresearch.com.br\/n\/uploads\/2023\/04\/1420x240-Planilha-vida-financeira-true.png\"\n\t\t\t\t>\n\t\t\t<\/picture>\n\t\t<\/a>\n\t<\/p>\n\n\n\n\n\n<p>Esse montante inclui um pagamento de<strong> juros sobre capital pr\u00f3prio da Energia<\/strong> no valor de R$ 308,249 milh\u00f5es, correspondente a R$ 0,2539543586 por a\u00e7\u00e3o ordin\u00e1ria, cujo pagamento vai acontecer a partir de 27 de dezembro de 2023.<\/p>\n\n\n\n<p>Nesse caso, n\u00e3o est\u00e1 prevista atualiza\u00e7\u00e3o monet\u00e1ria sobre o valor, que ser\u00e1 distribu\u00eddo aos investidores com posi\u00e7\u00e3o acion\u00e1ria ao final de 4 de janeiro de 2023.<\/p>\n\n\n\n<p>Esse montante foi aprovado na reuni\u00e3o do <a href=\"https:\/\/www.suno.com.br\/artigos\/conselho-administracao\/\"><strong>conselho de administra\u00e7\u00e3o<\/strong><\/a> da companhia, realizada em 13 de dezembro de 2022, com base nos resultados do segundo semestre de 2022.<\/p>\n\n\n\n<p>Sobre os <strong>JCP da Neoenergia <\/strong>haver\u00e1 dedu\u00e7\u00e3o de Imposto de Renda, com exce\u00e7\u00e3o dos acionistas que comprovaram estar dispensados da tributa\u00e7\u00e3o junto ao banco <a href=\"https:\/\/www.suno.com.br\/acoes\/ITUB4\/\"><strong>Ita\u00fa (ITUB4)<\/strong><\/a>.<\/p>\n\n\n\n<p>Tamb\u00e9m a partir de 27 de dezembro, com base na posi\u00e7\u00e3o acion\u00e1ria do dia 27 de abril de 2023, a Neoenergia pagar\u00e1 R$ 708,66 milh\u00f5es em dividendos, equivalente a R$ 0,5838428214 por a\u00e7\u00e3o ordin\u00e1ria.<\/p>\n\n\n\n<p>Os <strong>dividendos da Neoenergia<\/strong> foram aprovados em <a href=\"https:\/\/www.suno.com.br\/artigos\/assembleia-geral-ordinaria\/\"><strong>assembleia geral ordin\u00e1ria<\/strong><\/a> e extraordin\u00e1ria da empresa, que foi realizada em 27 de abril de 2023, n\u00e3o estando prevista qualquer atualiza\u00e7\u00e3o monet\u00e1ria.<\/p>\n\n\n\n<p>A Neoenergia tamb\u00e9m pagar\u00e1 outro montante em juros sobre capital pr\u00f3prio, que foi aprovado na reuni\u00e3o do conselho de administra\u00e7\u00e3o da empresa, realizada em 27 de junho de 2023, conforme os resultados do primeiro semestre de 2023, no valor de R$ 387,059 milh\u00f5es.<\/p>\n\n\n\n<p>Esse outro pagamento de JCP da Neoenergia corresponde a R$ 0,3193050597 por a\u00e7\u00e3o ordin\u00e1ria. Assim como os demais proventos, a distribui\u00e7\u00e3o ser\u00e1 realizada a partir de 27 de dezembro de 2023, mas somente aos que detinham a\u00e7\u00f5es da empresa ao final de 30 de junho de 2023.<\/p>\n\n\n\n<h2 class=\"wp-block-heading\"><a><\/a><strong>Dividendos da Neoenergia<\/strong><\/h2>\n\n\n\n<ul class=\"wp-block-list\">\n<li>Valor: R$ 708.666.576,37<\/li>\n\n\n\n<li>Valor por a\u00e7\u00e3o: R$ 0,5838428214<\/li>\n\n\n\n<li>Data de corte: 27 de abril de 2023<\/li>\n\n\n\n<li>Data de pagamento: a partir de 27 de dezembro de 2023<\/li>\n<\/ul>\n\n\n\n<h2 class=\"wp-block-heading\"><a><\/a><strong>JCP da Neoenergia<\/strong><\/h2>\n\n\n\n<ul class=\"wp-block-list\">\n<li>Valor: R$ 695.308.000,00<\/li>\n\n\n\n<li>Valor por a\u00e7\u00e3o: R$ 0,5732594183<\/li>\n\n\n\n<li>Data de corte: 4 de janeiro de 2023 e 30 de junho de 2023<\/li>\n\n\n\n<li>Data de pagamento: a partir de 27 de dezembro de 2023<\/li>\n<\/ul>\n\n\n\n<p>Al\u00e9m de Neoenergia, confira outros destaques desta ter\u00e7a-feira:<\/p>\n\n\n\n<h2 class=\"wp-block-heading\"><a><\/a>Americanas (AMER3): credores aprovam plano de recupera\u00e7\u00e3o judicial<\/h2>\n\n\n\n<ul class=\"wp-block-list\">\n<li>Seis horas depois de seu in\u00edcio, a Assembleia Geral de Credores (ACG) da <strong>Americanas<\/strong> (AMER3) aprovou nesta ter\u00e7a-feira (19) o <a href=\"https:\/\/www.suno.com.br\/artigos\/plano-de-recuperacao\/\"><strong>plano de recupera\u00e7\u00e3o judicial<\/strong><\/a> apresentado pela companhia em 27 de novembro e costurado por v\u00e1rios meses com bancos, seus maiores credores. A AGC e a vota\u00e7\u00e3o ocorreram digitalmente. A homologa\u00e7\u00e3o do plano deve acontecer a partir de 8 de janeiro, no retorno do recesso do Judici\u00e1rio.<\/li>\n<\/ul>\n\n\n\n<ul class=\"wp-block-list\">\n<li>Credores da Americanas, das classes 1 (trabalhadores) e 4 (micro e pequenas empresas), n\u00e3o tomaram parte da assembleia desta tarde porque n\u00e3o ser\u00e3o afetados pelas delibera\u00e7\u00f5es. Os credores presentes eram classe 3 (quirograf\u00e1rios), e o plano de recupera\u00e7\u00e3o judicial foi aprovado com ades\u00e3o de 91,14% dos presentes (voto por cabe\u00e7a) e por 97,19% dos cr\u00e9ditos.<\/li>\n<\/ul>\n\n\n\n<ul class=\"wp-block-list\">\n<li>O trio de acionistas de refer\u00eancia da Americanas \u2013 Jorge Paulo Lemann, Marcel Telles e Carlos Alberto Sicupira \u2013 pode chegar a uma participa\u00e7\u00e3o de 49,3% na rede de varejo ap\u00f3s a capitaliza\u00e7\u00e3o de R$ 12 bilh\u00f5es proposta no plano de recupera\u00e7\u00e3o judicial da empresa. Atualmente, o trio de acionistas tem fatia de 30,1%.<\/li>\n<\/ul>\n\n\n\n<ul class=\"wp-block-list\">\n<li>Os demais credores da Americanas, incluindo os bancos, como Bradesco (BBDC4), Ita\u00fa Unibanco (ITUB4), BTG Pactual (BPAC11) e Santander (SANB11), passar\u00e3o a deter 48,2% da empresa, por conta da convers\u00e3o da d\u00edvida em a\u00e7\u00f5es da varejista, em montante tamb\u00e9m de R$ 12 bilh\u00f5es.<\/li>\n<\/ul>\n\n\n\n<ul class=\"wp-block-list\">\n<li>Assim, o aumento de capital total ser\u00e1 de R$ 24 bilh\u00f5es, conforme apresentado na tarde de hoje pela diretora financeira da Americanas, Camille Faria, que leu um resumo do plano de recupera\u00e7\u00e3o judicial. A capitaliza\u00e7\u00e3o deve reduzir a d\u00edvida da Americanas a cerca de R$ 1,9 bilh\u00e3o.<\/li>\n<\/ul>\n\n\n\t<p>\n\t\t<a href=\"https:\/\/lp.suno.com.br\/ebook-como-analisar-uma-acao\/\" target=\"_blank\" data-element=\"shortcode-suno-banner\" title=\"Banner SUNO, clique e saiba mais\">\n\t\t\t<picture>\n\t\t\t\t<source media=\"(max-width: 500px)\" srcset=\"https:\/\/files.sunoresearch.com.br\/n\/uploads\/2023\/03\/Ebook-Acoes-Mobile.jpg\">\n\t\t\t\t<img class=\"newsContent__article__imgCapa newsContent__article__imgCapa--banner\"\n\t\t\t\t\tsrc=\"https:\/\/files.sunoresearch.com.br\/n\/uploads\/2023\/03\/Ebook-Acoes-Desktop.jpg\"\n\t\t\t\t\tdata-promo-id=\"378302\"\t\t\t\t\t\t\t\t\t\twidth='1420' height='286'\t\t\t\t\talt=\"https:\/\/files.sunoresearch.com.br\/n\/uploads\/2023\/03\/Ebook-Acoes-Desktop.jpg\"\n\t\t\t\t>\n\t\t\t<\/picture>\n\t\t<\/a>\n\t<\/p>\n\n\n\n\n\n<h2 class=\"wp-block-heading\"><a><\/a>BB Seguridade (BBSE3) vira preferida do BTG Pactual (BPAC11) para 2024; veja por qu\u00ea<\/h2>\n\n\n\n<ul class=\"wp-block-list\">\n<li>Em relat\u00f3rio divulgado na ter\u00e7a-feira (18), ap\u00f3s reuni\u00e3o com a equipe do <strong>BB Seguridade<\/strong> (<a href=\"https:\/\/www.suno.com.br\/acoes\/bbse3\/\"><strong>BBSE3<\/strong><\/a>), o <a href=\"https:\/\/www.suno.com.br\/acoes\/BPAC11\/\"><strong>BTG Pactual (BPAC11)<\/strong><\/a> espera que os n\u00fameros operacionais da companhia permane\u00e7am fortes em 2024. A empresa \u00e9 uma das principais escolhas dos analistas do BTG para o ano que vem, junto com <a href=\"https:\/\/www.suno.com.br\/acoes\/ITUB4\/\"><strong>Ita\u00fa (ITUB4)<\/strong><\/a>, <a href=\"https:\/\/www.suno.com.br\/acoes\/BBAS3\/\"><strong>Banco do Brasil (BBAS3)<\/strong><\/a> e XP (<a href=\"https:\/\/www.suno.com.br\/bdrs\/xpbr31\/\"><strong>XPBR31<\/strong><\/a>).<\/li>\n<\/ul>\n\n\n\n<ul class=\"wp-block-list\">\n<li>Em reuni\u00e3o com a companhia, o BTG mencionou que a abertura de um novo programa de <a href=\"https:\/\/www.suno.com.br\/artigos\/recompra-de-acoes\/\"><strong>recompra de a\u00e7\u00f5es<\/strong><\/a><strong> do BB Seguridade<\/strong> ser\u00e1 decidido pelos acionistas na assembleia anual, marcada para o final de abril.<\/li>\n\n\n\n<li>\u201cAcreditamos que isso n\u00e3o s\u00f3 apoia ainda mais as a\u00e7\u00f5es, mas tamb\u00e9m aumenta implicitamente a <strong>participa\u00e7\u00e3o do Banco do Brasil no BB Seguridade<\/strong>. O BB det\u00e9m, atualmente, 66,25% do <strong>BBSE3 <\/strong>e, caso o programa seja 100% executado, sua participa\u00e7\u00e3o dever\u00e1 aumentar para quase 69%. Esperamos que a participa\u00e7\u00e3o do BB ultrapasse o limite de 70% em 2024\u2033, destacam os analistas Eduardo Rosman, Thiago Paura e Ricardo Buchpiguel.<\/li>\n\n\n\n<li>O BTG sinaliza, tamb\u00e9m, que a<strong> sinistralidade do BB Seguridade <\/strong>deve retornar a n\u00edveis mais normalizados (e superiores) no pr\u00f3ximo ano. \u201cA equipe espera que o \u00edndice de sinistralidade consolidado aumente entre 100 a 150 pontos-base em 2024, liderado pelo \u00edndice de sinistralidade no seguro agr\u00edcola convergindo para os n\u00edveis hist\u00f3ricos ap\u00f3s um 2023 muito baixo at\u00e9 outubro\u201d, dizem os analistas.<\/li>\n\n\n\n<li>Ainda de acordo com o BTG, o <a href=\"https:\/\/www.suno.com.br\/artigos\/resultado-financeiro\/\"><strong>resultado financeiro<\/strong><\/a> ser\u00e1 outro obst\u00e1culo para o crescimento dos <strong>resultados de BB Seguridade<\/strong> no pr\u00f3ximo ano. De acordo com o banco, o BB Seguridade continua prevendo impacto de R$ 100 milh\u00f5es no <a href=\"https:\/\/www.suno.com.br\/artigos\/lucro-liquido\/\"><strong>lucro l\u00edquido<\/strong><\/a> para cada corte de 100 pontos base na <strong>taxa Selic<\/strong>.<\/li>\n\n\n\n<li>\u201cConsiderando a Selic entre 250 e 300 bps menor em 2024, o impacto negativo no lucro l\u00edquido poderia ficar em torno de R$ 250 a 300 milh\u00f5es\u201d, afirma. No entanto, pontua o BTG, \u201cisso dever\u00e1 ser parcialmente compensado por um saldo m\u00e9dio de investimento mais elevado, devido ao crescimento da <a href=\"https:\/\/www.suno.com.br\/guias\/carteira-de-investimentos\/\"><strong>carteira de investimentos<\/strong><\/a>\u201c.<\/li>\n\n\n\n<li>A institui\u00e7\u00e3o acrescentou ainda que o BB Seguridade n\u00e3o espera um impacto positivo nem negativo do descasamento do <strong>IGPM <\/strong>e <strong>IPCA <\/strong>ao longo de 2024, reduzindo alguma volatilidade nesta linha.<\/li>\n<\/ul>\n\n\n\n<h2 class=\"wp-block-heading\"><a><\/a>BB Seguridade: estimativa maior de dividendos<\/h2>\n\n\n\n<ul class=\"wp-block-list\">\n<li>Para o BTG, embora o BB Seguridade tenha aberto capital em 2013 com um <a href=\"https:\/\/www.suno.com.br\/artigos\/valor-de-mercado\/\"><strong>valor de mercado<\/strong><\/a> de R$ 34 bilh\u00f5es, com pagamento de aproximadamente R$ 40 bilh\u00f5es em <a href=\"https:\/\/www.suno.com.br\/guias\/dividendos\/\"><strong>dividendos<\/strong><\/a> desde ent\u00e3o, o seu valor de mercado ainda \u00e9 de R$ 65 bilh\u00f5es. \u201cEsperamos que pague mais do que isso em dividendos at\u00e9 2033, quando expira o seu contrato com o BB\u201d, pontua.<\/li>\n\n\n\n<li>O BTG tem recomenda\u00e7\u00e3o de compra para as <strong>a\u00e7\u00f5es de BB Seguridade<\/strong>, com pre\u00e7o-alvo a R$ 41, ante cota\u00e7\u00e3o atual de R$ 33,24.<\/li>\n<\/ul>\n\n\n\n<h2 class=\"wp-block-heading\"><a><\/a>Gerdau (GGBR4): analistas rebaixam recomenda\u00e7\u00e3o e veem impacto nos dividendos em 2024; a\u00e7\u00e3o despenca<\/h2>\n\n\n\n<ul class=\"wp-block-list\">\n<li>O Ita\u00fa BBA rebaixou a recomenda\u00e7\u00e3o da <strong>Gerdau <\/strong>(GGBR4) de compra para neutra, introduzindo novo pre\u00e7o-alvo de R$ 26 (antes eram R$ 30). Segundo analistas do BBA, em 2023, a Gerdau reportou resultados fracos nas divis\u00f5es do Brasil e Am\u00e9rica do Norte. No pr\u00f3ximo ano, o BBA ainda v\u00ea press\u00e3o nas divis\u00f5es, podendo impactar os dividendos. Hoje (19), as a\u00e7\u00f5es da Gerdau est\u00e3o entre as maiores baixas no Ibovespa.<\/li>\n<\/ul>\n\n\n\n<ul class=\"wp-block-list\">\n<li>\u201cAt\u00e9 agora em 2023, as <strong>a\u00e7\u00f5es da GGBR4<\/strong> ca\u00edram 16% e tiveram desempenho inferior ao do Ibovespa em 39%. Em nossa opini\u00e3o, o principal fator por tr\u00e1s do fraco desempenho foi a deteriora\u00e7\u00e3o das opera\u00e7\u00f5es no Brasil e na Am\u00e9rica do Norte\u201d, diz o Ita\u00fa BBA.<\/li>\n\n\n\n<li>Para o <strong>4T23 da Gerdau<\/strong>, os analistas esperam um Ebitda de R$ 2 bilh\u00f5es, uma queda de 40% na compara\u00e7\u00e3o trimestral.<\/li>\n\n\n\n<li>Em 2024, a casa prev\u00ea que os <strong>resultados da Gerdau<\/strong> no Brasil continuar\u00e3o sob press\u00e3o, com um modesto aumento de 2% nos volumes dom\u00e9sticos de a\u00e7o em rela\u00e7\u00e3o ao ano anterior. Os analistas lembram que um ambiente competitivo acirrado limita espa\u00e7o para aumentos de pre\u00e7os.<\/li>\n\n\n\n<li>A estimativa do BBA \u00e9 de que a margem Ebitda no Brasil caia para 11,8% em 2024 (de 12,9% em 2023).<\/li>\n\n\n\n<li>Em rela\u00e7\u00e3o \u00e0 Am\u00e9rica do Norte \u00e9 esperada uma deteriora\u00e7\u00e3o adicional nos resultados devido a pre\u00e7os mais baixos do a\u00e7o (queda de 5% em rela\u00e7\u00e3o ao ano anterior). As proje\u00e7\u00f5es apontam que as margens nos EUA v\u00e3o diminuir para 17,4% em 2024 (de 25,6% em 2023).<\/li>\n\n\n\n<li>\u201cAssim, esperamos que a Gerdau reporte uma modesta gera\u00e7\u00e3o de caixa de R$ 2,7 bilh\u00f5es em 2024, o GGBR4<\/li>\n\n\n\n<li>que pode limitar o pagamento de dividendos no ano. Adicionalmente, vemos a empresa negociando a um m\u00faltiplo EV\/Ebitda (valor da empresa em rela\u00e7\u00e3o ao resultado operacional) de 4,3 vezes, em linha com n\u00edveis hist\u00f3ricos\u201d, comenta o BBA.<\/li>\n<\/ul>\n\n\n\n<h2 class=\"wp-block-heading\"><a><\/a>Vibra (VBBR3) vai pagar R$ 928,4 milh\u00f5es em JCP; Veja quem recebe<\/h2>\n\n\n\n<ul class=\"wp-block-list\">\n<li>O <a href=\"https:\/\/www.suno.com.br\/artigos\/conselho-administracao\/\"><strong>conselho de administra\u00e7\u00e3o<\/strong><\/a> da <a href=\"https:\/\/www.suno.com.br\/acoes\/vbbr3\/\"><strong>Vibra Energia (VBBR3)<\/strong><\/a> aprovou o segundo pagamento de remunera\u00e7\u00e3o antecipada aos acionistas, na forma de JCP. A empresa tamb\u00e9m comunicou a data de pagamento da primeira parcela dos proventos. Os dois pagamentos somam R$ 928,42 milh\u00f5es, ou R$ 0,83271618 por a\u00e7\u00e3o.<\/li>\n<\/ul>\n\n\n\n<ul class=\"wp-block-list\">\n<li>Conforme comunicado nesta ter\u00e7a-feira (19), a empresa vai distribuir R$ 450 milh\u00f5es em <a href=\"https:\/\/www.suno.com.br\/artigos\/entenda-o-jcp\/\"><strong>juros sobre capital pr\u00f3prio<\/strong><\/a> (JCP), referente a essa segunda parcela.<\/li>\n\n\n\n<li>Nesse caso, os <strong>JCP da Vibra Energia<\/strong> equivalem a R$ 0,40362074704 por a\u00e7\u00e3o, tendo como refer\u00eancia o <a href=\"https:\/\/www.suno.com.br\/artigos\/exercicio-social\/\"><strong>exerc\u00edcio social<\/strong><\/a> de 2023.<\/li>\n\n\n\n<li>O pagamento dessa segunda parcela ser\u00e1 realizado aos investidores que detiverem a\u00e7\u00f5es da companhia ao final da sess\u00e3o de 22 de dezembro de 2023.<\/li>\n\n\n\n<li>Esse pagamento de <strong>juros sobre capital pr\u00f3prio da Vibra Energia<\/strong> vai acontecer em 29 de maio de 2024, n\u00e3o estando prevista qualquer atualiza\u00e7\u00e3o ou corre\u00e7\u00e3o monet\u00e1ria.<\/li>\n\n\n\n<li>A empresa tamb\u00e9m comunicou que o pagamento da primeira parcela dos JCP, relativos ao exerc\u00edcio de 2023, ser\u00e1 realizado no dia 29 de fevereiro de 2024, no valor de R$ 478,4 milh\u00f5es, ou R$ 0,42909543292 por a\u00e7\u00e3o.<\/li>\n\n\n\n<li>Nessa primeira parcela, somente ter\u00e3o direito ao recebimento dos proventos os investidores comprados nas <strong>a\u00e7\u00f5es da Vibra Energia<\/strong> at\u00e9 21 de setembro de 2023.<\/li>\n<\/ul>\n\n\n\n<h2 class=\"wp-block-heading\"><a><\/a><strong>JCP da Vibra Energia<\/strong><\/h2>\n\n\n\n<ul class=\"wp-block-list\">\n<li>Valor: R$ 928.421.090,24 (R$ 450.021.090,24 + R$ 478.400.000,00)<\/li>\n\n\n\n<li>Valor por a\u00e7\u00e3o: R$ 0,83271618 (R$ 0,40362074704 e R$ 0,42909543292)<\/li>\n\n\n\n<li>Data de corte: 22 de dezembro de 2023 e 21 de setembro de 2023<\/li>\n\n\n\n<li>Data de pagamento: 29 de maio de 2024 e 29 de fevereiro de 2024<\/li>\n<\/ul>\n\n\n\n<h2 class=\"wp-block-heading\"><a><\/a>Azul (AZUL4) vai decolar? Banco projeta melhora em 2024, mas ainda v\u00ea desafios; a\u00e7\u00f5es sobem<\/h2>\n\n\n\n<ul class=\"wp-block-list\">\n<li>Apesar de projetar melhora no setor em 2024, o BTG Pactual reiterou recomenda\u00e7\u00e3o neutra para a <strong>Azul <\/strong>(AZUL4). De acordo com o banco, as restri\u00e7\u00f5es de oferta continuam representando um gargalo para o crescimento da companhia. Hoje, as a\u00e7\u00f5es da Azul lideram as altas da <a href=\"https:\/\/www.suno.com.br\/guias\/bolsa-de-valores\/\"><strong>Bolsa de Valores<\/strong><\/a>.<\/li>\n\n\n\n<li>Segundo o BTG, apesar da \u201cpostura neutra\u201d, h\u00e1 um otimismo em rela\u00e7\u00e3o \u00e0<strong> recupera\u00e7\u00e3o da Azul<\/strong>. \u201cVemos espa\u00e7o para a a\u00e7\u00e3o se valorizar, apoiada por um \u00edmpeto setorial mais forte, uma <a href=\"https:\/\/www.suno.com.br\/artigos\/indicadores-estrutura-capital\/\"><strong>estrutura de capital<\/strong><\/a> aprimorada e tend\u00eancias macroecon\u00f4micas mais favor\u00e1veis\u201d, diz o BTG.<\/li>\n\n\n\n<li>Os analistas apontam que o cen\u00e1rio da ind\u00fastria tornou-se mais racional, com os players buscando reestruturar a lucratividade. No entanto, as previs\u00f5es para o <strong>4T23 da Azul<\/strong> sugerem que a capacidade permanecer\u00e1 abaixo dos n\u00edveis do 4T19, o que significa quatro anos sem crescimento.<\/li>\n\n\n\n<li>\u201cA reestrutura\u00e7\u00e3o significativa da d\u00edvida na ind\u00fastria levou a uma concorr\u00eancia mais racional, sustentando os n\u00edveis de pre\u00e7os atuais, em parte impulsionados pela <a href=\"https:\/\/www.suno.com.br\/artigos\/oferta-restrita\/\"><strong>oferta restrita<\/strong><\/a> de novas aeronaves nos mercados globais\u201d, destaca o BTG.<\/li>\n\n\n\n<li>Em rela\u00e7\u00e3o a <strong>demanda da Azul<\/strong>, o banco afirma que a resposta dos clientes aos n\u00edveis tarif\u00e1rios atuais foi positiva, sem sinal de desacelera\u00e7\u00e3o. Dessa forma, as reservas futuras devem permanecer robustas e a potencial redu\u00e7\u00e3o de capacidade por parte de um dos principais <strong>concorrentes da Azul <\/strong>exerce press\u00e3o positiva sobre os rendimentos.<\/li>\n\n\n\n<li>Al\u00e9m disso, a Azul planeja oferecer 10 milh\u00f5es de passagens de ida e volta a at\u00e9 R$ 1,6 mil. Em troca, o governo se comprometeu a apoiar as companhias a\u00e9reas na redu\u00e7\u00e3o da judicializa\u00e7\u00e3o do setor, na fixa\u00e7\u00e3o de pre\u00e7os de combust\u00edveis e no financiamento colateral.<\/li>\n\n\n\n<li>Neste contexto, o banco tem recomenda\u00e7\u00e3o neutra sobre os <strong>pap\u00e9is da Azul<\/strong>, com pre\u00e7o-alvo de R$ 20.<\/li>\n<\/ul>\n\n\n\n<p>Da Neoenergia a Azul, essas foram as empresas que se destacaram hoje. Para ler todas as mat\u00e9rias, <a href=\"https:\/\/www.suno.com.br\/noticias\/todos\/?utm_content=XYOE2ItQuUY.20201113&amp;utm_campaign=Track%2B&amp;utm_medium=video&amp;utm_source=telegram.sunoresearch\">clique aqui<\/a>.<\/p>\n\n\n\t<p>\n\t\t<a href=\"https:\/\/lp.suno.com.br\/planilha-da-vida-financeira\/\" target=\"_blank\" data-element=\"shortcode-suno-banner\" title=\"Banner SUNO, clique e saiba mais\">\n\t\t\t<picture>\n\t\t\t\t<source media=\"(max-width: 500px)\" srcset=\"https:\/\/files.sunoresearch.com.br\/n\/uploads\/2023\/04\/400x300-Planilha-vida-financeira-true.png\">\n\t\t\t\t<img class=\"newsContent__article__imgCapa newsContent__article__imgCapa--banner\"\n\t\t\t\t\tsrc=\"https:\/\/files.sunoresearch.com.br\/n\/uploads\/2023\/04\/1420x240-Planilha-vida-financeira-true.png\"\n\t\t\t\t\tdata-promo-id=\"383123\"\t\t\t\t\t\t\t\t\t\twidth='1420' height='240'\t\t\t\t\talt=\"https:\/\/files.sunoresearch.com.br\/n\/uploads\/2023\/04\/1420x240-Planilha-vida-financeira-true.png\"\n\t\t\t\t>\n\t\t\t<\/picture>\n\t\t<\/a>\n\t<\/p>\n\n\n","protected":false},"excerpt":{"rendered":"<p>A Neoenergia (NEOE3) vai pagar mais de R$ 1,4 bilh\u00e3o em dividendos e juros sobre capital pr\u00f3prio (JCP) aos seus investidores. Neoenergia (NEOE3). Foto: Divulga\u00e7\u00e3o Esse montante inclui um pagamento de juros sobre capital pr\u00f3prio da Energia no valor de R$ 308,249 milh\u00f5es, correspondente a R$ 0,2539543586 por a\u00e7\u00e3o ordin\u00e1ria, cujo pagamento vai acontecer a [&hellip;]<\/p>\n","protected":false},"author":173,"featured_media":336534,"comment_status":"closed","ping_status":"closed","sticky":false,"template":"","format":"standard","meta":[],"categories":[64],"tags":[106605,106932,378,488,575,596],"suno_strategy":[],"class_list":["post-503077","post","type-post","status-publish","format-standard","has-post-thumbnail","hentry","category-negocios","tag-americanas-s-a-amer3","tag-azul-azul4","tag-bb-seguridade-bbse3","tag-gerdau-ggbr3-ggbr4","tag-neoenergia-neoe3","tag-vibra-energia-vbbr3"],"yoast_head":"<!-- This site is optimized with the Yoast SEO plugin v24.4 - https:\/\/yoast.com\/wordpress\/plugins\/seo\/ -->\n<title>Radar: Neoenergia (NEOE3) pagar\u00e1 R$ 1,4 bi em dividendos e JCP, Americanas (AMER3) aprova plano de recupera\u00e7\u00e3o judicial e BB Seguridade (BBSE3) vira &quot;queridinha&quot; do BTG<\/title>\n<meta name=\"description\" content=\"Neoenergia (NEOE3) vai pagar R$ 1,4 bilh\u00e3o em proventos e credores da Americanas (AMER3) aprovaram plano de recupera\u00e7\u00e3o judicial.\" \/>\n<meta name=\"robots\" content=\"index, follow, max-snippet:-1, max-image-preview:large, max-video-preview:-1\" \/>\n<link rel=\"canonical\" href=\"https:\/\/www.suno.com.br\/noticias\/radar-neoenergia-neoe3-americanas-amer3-bb-seguridade-bbse3-jvj\/\" \/>\n<meta property=\"og:locale\" content=\"pt_BR\" \/>\n<meta property=\"og:type\" content=\"article\" \/>\n<meta property=\"og:title\" content=\"Radar: Neoenergia (NEOE3) pagar\u00e1 R$ 1,4 bi em dividendos e JCP, Americanas (AMER3) aprova plano de recupera\u00e7\u00e3o judicial e BB Seguridade (BBSE3) vira &quot;queridinha&quot; do BTG\" \/>\n<meta property=\"og:description\" content=\"Neoenergia (NEOE3) vai pagar R$ 1,4 bilh\u00e3o em proventos e credores da Americanas (AMER3) aprovaram plano de recupera\u00e7\u00e3o judicial.\" \/>\n<meta property=\"og:url\" content=\"https:\/\/www.suno.com.br\/noticias\/radar-neoenergia-neoe3-americanas-amer3-bb-seguridade-bbse3-jvj\/\" \/>\n<meta property=\"og:site_name\" content=\"Suno Not\u00edcias\" \/>\n<meta property=\"article:publisher\" content=\"https:\/\/facebook.com\/sunoresearch\" \/>\n<meta property=\"og:image\" content=\"https:\/\/files.sunoresearch.com.br\/n\/uploads\/2022\/12\/neoenergia-neoe3.jpg\" \/>\n\t<meta property=\"og:image:width\" content=\"1200\" \/>\n\t<meta property=\"og:image:height\" content=\"800\" \/>\n\t<meta property=\"og:image:type\" content=\"image\/jpeg\" \/>\n<meta name=\"author\" content=\"Jo\u00e3o Vitor\" \/>\n<meta name=\"twitter:card\" content=\"summary_large_image\" \/>\n<meta name=\"twitter:creator\" content=\"@sunoresearch\" \/>\n<meta name=\"twitter:site\" content=\"@sunoresearch\" \/>\n<meta name=\"twitter:label1\" content=\"Escrito por\" \/>\n\t<meta name=\"twitter:data1\" content=\"Jo\u00e3o Vitor\" \/>\n\t<meta name=\"twitter:label2\" content=\"Est. tempo de leitura\" \/>\n\t<meta name=\"twitter:data2\" content=\"12 minutos\" \/>\n<script type=\"application\/ld+json\" class=\"yoast-schema-graph\">{\"@context\":\"https:\/\/schema.org\",\"@graph\":[{\"@type\":\"NewsArticle\",\"@id\":\"https:\/\/www.suno.com.br\/noticias\/radar-neoenergia-neoe3-americanas-amer3-bb-seguridade-bbse3-jvj\/#article\",\"isPartOf\":{\"@id\":\"https:\/\/www.suno.com.br\/noticias\/radar-neoenergia-neoe3-americanas-amer3-bb-seguridade-bbse3-jvj\/\"},\"author\":{\"name\":\"Jo\u00e3o Vitor\",\"@id\":\"https:\/\/www.suno.com.br\/noticias\/#\/schema\/person\/87fc6973867c52dd884811905c43afba\"},\"headline\":\"Radar: Neoenergia (NEOE3) pagar\u00e1 R$ 1,4 bi em dividendos e JCP, Americanas (AMER3) aprova plano de recupera\u00e7\u00e3o judicial e BB Seguridade (BBSE3) vira &#8220;queridinha&#8221; do BTG\",\"datePublished\":\"2023-12-20T01:26:53+00:00\",\"dateModified\":\"2023-12-20T02:09:46+00:00\",\"mainEntityOfPage\":{\"@id\":\"https:\/\/www.suno.com.br\/noticias\/radar-neoenergia-neoe3-americanas-amer3-bb-seguridade-bbse3-jvj\/\"},\"wordCount\":2102,\"publisher\":{\"@id\":\"https:\/\/www.suno.com.br\/noticias\/#organization\"},\"image\":{\"@id\":\"https:\/\/www.suno.com.br\/noticias\/radar-neoenergia-neoe3-americanas-amer3-bb-seguridade-bbse3-jvj\/#primaryimage\"},\"thumbnailUrl\":\"https:\/\/files.sunoresearch.com.br\/n\/uploads\/2022\/12\/neoenergia-neoe3.jpg\",\"keywords\":[\"Americanas (AMER3)\",\"Azul (AZUL4)\",\"BB Seguridade (BBSE3)\",\"Gerdau (GGBR3\/GGBR4)\",\"Neoenergia (NEOE3)\",\"Vibra Energia (VBBR3)\"],\"articleSection\":[\"Neg\u00f3cios\"],\"inLanguage\":\"pt-BR\"},{\"@type\":\"WebPage\",\"@id\":\"https:\/\/www.suno.com.br\/noticias\/radar-neoenergia-neoe3-americanas-amer3-bb-seguridade-bbse3-jvj\/\",\"url\":\"https:\/\/www.suno.com.br\/noticias\/radar-neoenergia-neoe3-americanas-amer3-bb-seguridade-bbse3-jvj\/\",\"name\":\"Radar: Neoenergia (NEOE3) pagar\u00e1 R$ 1,4 bi em dividendos e JCP, Americanas (AMER3) aprova plano de recupera\u00e7\u00e3o judicial e BB Seguridade (BBSE3) vira \\\"queridinha\\\" do BTG\",\"isPartOf\":{\"@id\":\"https:\/\/www.suno.com.br\/noticias\/#website\"},\"primaryImageOfPage\":{\"@id\":\"https:\/\/www.suno.com.br\/noticias\/radar-neoenergia-neoe3-americanas-amer3-bb-seguridade-bbse3-jvj\/#primaryimage\"},\"image\":{\"@id\":\"https:\/\/www.suno.com.br\/noticias\/radar-neoenergia-neoe3-americanas-amer3-bb-seguridade-bbse3-jvj\/#primaryimage\"},\"thumbnailUrl\":\"https:\/\/files.sunoresearch.com.br\/n\/uploads\/2022\/12\/neoenergia-neoe3.jpg\",\"datePublished\":\"2023-12-20T01:26:53+00:00\",\"dateModified\":\"2023-12-20T02:09:46+00:00\",\"description\":\"Neoenergia (NEOE3) vai pagar R$ 1,4 bilh\u00e3o em proventos e credores da Americanas (AMER3) aprovaram plano de recupera\u00e7\u00e3o judicial.\",\"breadcrumb\":{\"@id\":\"https:\/\/www.suno.com.br\/noticias\/radar-neoenergia-neoe3-americanas-amer3-bb-seguridade-bbse3-jvj\/#breadcrumb\"},\"inLanguage\":\"pt-BR\",\"potentialAction\":[{\"@type\":\"ReadAction\",\"target\":[\"https:\/\/www.suno.com.br\/noticias\/radar-neoenergia-neoe3-americanas-amer3-bb-seguridade-bbse3-jvj\/\"]}]},{\"@type\":\"ImageObject\",\"inLanguage\":\"pt-BR\",\"@id\":\"https:\/\/www.suno.com.br\/noticias\/radar-neoenergia-neoe3-americanas-amer3-bb-seguridade-bbse3-jvj\/#primaryimage\",\"url\":\"https:\/\/files.sunoresearch.com.br\/n\/uploads\/2022\/12\/neoenergia-neoe3.jpg\",\"contentUrl\":\"https:\/\/files.sunoresearch.com.br\/n\/uploads\/2022\/12\/neoenergia-neoe3.jpg\",\"width\":1200,\"height\":800,\"caption\":\"Neoenergia (NEOE3). Foto: Divulga\u00e7\u00e3o\"},{\"@type\":\"BreadcrumbList\",\"@id\":\"https:\/\/www.suno.com.br\/noticias\/radar-neoenergia-neoe3-americanas-amer3-bb-seguridade-bbse3-jvj\/#breadcrumb\",\"itemListElement\":[{\"@type\":\"ListItem\",\"position\":1,\"name\":\"Not\u00edcias\",\"item\":\"https:\/\/www.suno.com.br\/noticias\/\"},{\"@type\":\"ListItem\",\"position\":2,\"name\":\"Neg\u00f3cios\",\"item\":\"https:\/\/www.suno.com.br\/noticias\/negocios\/\"},{\"@type\":\"ListItem\",\"position\":3,\"name\":\"Radar: Neoenergia (NEOE3) pagar\u00e1 R$ 1,4 bi em dividendos e JCP, Americanas (AMER3) aprova plano de recupera\u00e7\u00e3o judicial e BB Seguridade (BBSE3) vira &#8220;queridinha&#8221; do BTG\"}]},{\"@type\":\"WebSite\",\"@id\":\"https:\/\/www.suno.com.br\/noticias\/#website\",\"url\":\"https:\/\/www.suno.com.br\/noticias\/\",\"name\":\"Suno Not\u00edcias\",\"description\":\"Seu portal de informa\u00e7\u00e3o sobre o mundo dos investimentos\",\"publisher\":{\"@id\":\"https:\/\/www.suno.com.br\/noticias\/#organization\"},\"potentialAction\":[{\"@type\":\"SearchAction\",\"target\":{\"@type\":\"EntryPoint\",\"urlTemplate\":\"https:\/\/www.suno.com.br\/noticias\/?s={search_term_string}\"},\"query-input\":{\"@type\":\"PropertyValueSpecification\",\"valueRequired\":true,\"valueName\":\"search_term_string\"}}],\"inLanguage\":\"pt-BR\"},{\"@type\":\"Organization\",\"@id\":\"https:\/\/www.suno.com.br\/noticias\/#organization\",\"name\":\"Suno Not\u00edcias\",\"url\":\"https:\/\/www.suno.com.br\/noticias\/\",\"logo\":{\"@type\":\"ImageObject\",\"inLanguage\":\"pt-BR\",\"@id\":\"https:\/\/www.suno.com.br\/noticias\/#\/schema\/logo\/image\/\",\"url\":\"https:\/\/files.sunoresearch.com.br\/n\/uploads\/2021\/09\/suno-logo.png\",\"contentUrl\":\"https:\/\/files.sunoresearch.com.br\/n\/uploads\/2021\/09\/suno-logo.png\",\"width\":180,\"height\":180,\"caption\":\"Suno Not\u00edcias\"},\"image\":{\"@id\":\"https:\/\/www.suno.com.br\/noticias\/#\/schema\/logo\/image\/\"},\"sameAs\":[\"https:\/\/facebook.com\/sunoresearch\",\"https:\/\/x.com\/sunoresearch\",\"https:\/\/www.instagram.com\/suno\",\"https:\/\/www.linkedin.com\/company\/suno-research\/\",\"https:\/\/www.youtube.com\/c\/sunoresearch\"]},{\"@type\":\"Person\",\"@id\":\"https:\/\/www.suno.com.br\/noticias\/#\/schema\/person\/87fc6973867c52dd884811905c43afba\",\"name\":\"Jo\u00e3o Vitor\",\"image\":{\"@type\":\"ImageObject\",\"inLanguage\":\"pt-BR\",\"@id\":\"https:\/\/www.suno.com.br\/noticias\/#\/schema\/person\/image\/\",\"url\":\"https:\/\/secure.gravatar.com\/avatar\/2843227ca03ccf8cc7ccca45204c127e?s=96&r=g\",\"contentUrl\":\"https:\/\/secure.gravatar.com\/avatar\/2843227ca03ccf8cc7ccca45204c127e?s=96&r=g\",\"caption\":\"Jo\u00e3o Vitor\"},\"description\":\"Redator profissional, com atua\u00e7\u00e3o no mercado editorial na produ\u00e7\u00e3o de not\u00edcias e conte\u00fados sobre o mercado de a\u00e7\u00f5es, fundos imobili\u00e1rios e economia popular. Graduando em Engenharia Qu\u00edmica pela Unesp, tamb\u00e9m j\u00e1 atuou como consultor financeiro.\",\"url\":\"https:\/\/www.suno.com.br\/noticias\/author\/joao-vitor-jacintho\/\"}]}<\/script>\n<!-- \/ Yoast SEO plugin. -->","yoast_head_json":{"title":"Radar: Neoenergia (NEOE3) pagar\u00e1 R$ 1,4 bi em dividendos e JCP, Americanas (AMER3) aprova plano de recupera\u00e7\u00e3o judicial e BB Seguridade (BBSE3) vira \"queridinha\" do BTG","description":"Neoenergia (NEOE3) vai pagar R$ 1,4 bilh\u00e3o em proventos e credores da Americanas (AMER3) aprovaram plano de recupera\u00e7\u00e3o judicial.","robots":{"index":"index","follow":"follow","max-snippet":"max-snippet:-1","max-image-preview":"max-image-preview:large","max-video-preview":"max-video-preview:-1"},"canonical":"https:\/\/www.suno.com.br\/noticias\/radar-neoenergia-neoe3-americanas-amer3-bb-seguridade-bbse3-jvj\/","og_locale":"pt_BR","og_type":"article","og_title":"Radar: Neoenergia (NEOE3) pagar\u00e1 R$ 1,4 bi em dividendos e JCP, Americanas (AMER3) aprova plano de recupera\u00e7\u00e3o judicial e BB Seguridade (BBSE3) vira \"queridinha\" do BTG","og_description":"Neoenergia (NEOE3) vai pagar R$ 1,4 bilh\u00e3o em proventos e credores da Americanas (AMER3) aprovaram plano de recupera\u00e7\u00e3o judicial.","og_url":"https:\/\/www.suno.com.br\/noticias\/radar-neoenergia-neoe3-americanas-amer3-bb-seguridade-bbse3-jvj\/","og_site_name":"Suno Not\u00edcias","article_publisher":"https:\/\/facebook.com\/sunoresearch","og_image":[{"width":1200,"height":800,"url":"https:\/\/files.sunoresearch.com.br\/n\/uploads\/2022\/12\/neoenergia-neoe3.jpg","type":"image\/jpeg"}],"author":"Jo\u00e3o Vitor","twitter_card":"summary_large_image","twitter_creator":"@sunoresearch","twitter_site":"@sunoresearch","twitter_misc":{"Escrito por":"Jo\u00e3o Vitor","Est. tempo de leitura":"12 minutos"},"schema":{"@context":"https:\/\/schema.org","@graph":[{"@type":"NewsArticle","@id":"https:\/\/www.suno.com.br\/noticias\/radar-neoenergia-neoe3-americanas-amer3-bb-seguridade-bbse3-jvj\/#article","isPartOf":{"@id":"https:\/\/www.suno.com.br\/noticias\/radar-neoenergia-neoe3-americanas-amer3-bb-seguridade-bbse3-jvj\/"},"author":{"name":"Jo\u00e3o Vitor","@id":"https:\/\/www.suno.com.br\/noticias\/#\/schema\/person\/87fc6973867c52dd884811905c43afba"},"headline":"Radar: Neoenergia (NEOE3) pagar\u00e1 R$ 1,4 bi em dividendos e JCP, Americanas (AMER3) aprova plano de recupera\u00e7\u00e3o judicial e BB Seguridade (BBSE3) vira &#8220;queridinha&#8221; do BTG","datePublished":"2023-12-20T01:26:53+00:00","dateModified":"2023-12-20T02:09:46+00:00","mainEntityOfPage":{"@id":"https:\/\/www.suno.com.br\/noticias\/radar-neoenergia-neoe3-americanas-amer3-bb-seguridade-bbse3-jvj\/"},"wordCount":2102,"publisher":{"@id":"https:\/\/www.suno.com.br\/noticias\/#organization"},"image":{"@id":"https:\/\/www.suno.com.br\/noticias\/radar-neoenergia-neoe3-americanas-amer3-bb-seguridade-bbse3-jvj\/#primaryimage"},"thumbnailUrl":"https:\/\/files.sunoresearch.com.br\/n\/uploads\/2022\/12\/neoenergia-neoe3.jpg","keywords":["Americanas (AMER3)","Azul (AZUL4)","BB Seguridade (BBSE3)","Gerdau (GGBR3\/GGBR4)","Neoenergia (NEOE3)","Vibra Energia (VBBR3)"],"articleSection":["Neg\u00f3cios"],"inLanguage":"pt-BR"},{"@type":"WebPage","@id":"https:\/\/www.suno.com.br\/noticias\/radar-neoenergia-neoe3-americanas-amer3-bb-seguridade-bbse3-jvj\/","url":"https:\/\/www.suno.com.br\/noticias\/radar-neoenergia-neoe3-americanas-amer3-bb-seguridade-bbse3-jvj\/","name":"Radar: Neoenergia (NEOE3) pagar\u00e1 R$ 1,4 bi em dividendos e JCP, Americanas (AMER3) aprova plano de recupera\u00e7\u00e3o judicial e BB Seguridade (BBSE3) vira \"queridinha\" do BTG","isPartOf":{"@id":"https:\/\/www.suno.com.br\/noticias\/#website"},"primaryImageOfPage":{"@id":"https:\/\/www.suno.com.br\/noticias\/radar-neoenergia-neoe3-americanas-amer3-bb-seguridade-bbse3-jvj\/#primaryimage"},"image":{"@id":"https:\/\/www.suno.com.br\/noticias\/radar-neoenergia-neoe3-americanas-amer3-bb-seguridade-bbse3-jvj\/#primaryimage"},"thumbnailUrl":"https:\/\/files.sunoresearch.com.br\/n\/uploads\/2022\/12\/neoenergia-neoe3.jpg","datePublished":"2023-12-20T01:26:53+00:00","dateModified":"2023-12-20T02:09:46+00:00","description":"Neoenergia (NEOE3) vai pagar R$ 1,4 bilh\u00e3o em proventos e credores da Americanas (AMER3) aprovaram plano de recupera\u00e7\u00e3o judicial.","breadcrumb":{"@id":"https:\/\/www.suno.com.br\/noticias\/radar-neoenergia-neoe3-americanas-amer3-bb-seguridade-bbse3-jvj\/#breadcrumb"},"inLanguage":"pt-BR","potentialAction":[{"@type":"ReadAction","target":["https:\/\/www.suno.com.br\/noticias\/radar-neoenergia-neoe3-americanas-amer3-bb-seguridade-bbse3-jvj\/"]}]},{"@type":"ImageObject","inLanguage":"pt-BR","@id":"https:\/\/www.suno.com.br\/noticias\/radar-neoenergia-neoe3-americanas-amer3-bb-seguridade-bbse3-jvj\/#primaryimage","url":"https:\/\/files.sunoresearch.com.br\/n\/uploads\/2022\/12\/neoenergia-neoe3.jpg","contentUrl":"https:\/\/files.sunoresearch.com.br\/n\/uploads\/2022\/12\/neoenergia-neoe3.jpg","width":1200,"height":800,"caption":"Neoenergia (NEOE3). Foto: Divulga\u00e7\u00e3o"},{"@type":"BreadcrumbList","@id":"https:\/\/www.suno.com.br\/noticias\/radar-neoenergia-neoe3-americanas-amer3-bb-seguridade-bbse3-jvj\/#breadcrumb","itemListElement":[{"@type":"ListItem","position":1,"name":"Not\u00edcias","item":"https:\/\/www.suno.com.br\/noticias\/"},{"@type":"ListItem","position":2,"name":"Neg\u00f3cios","item":"https:\/\/www.suno.com.br\/noticias\/negocios\/"},{"@type":"ListItem","position":3,"name":"Radar: Neoenergia (NEOE3) pagar\u00e1 R$ 1,4 bi em dividendos e JCP, Americanas (AMER3) aprova plano de recupera\u00e7\u00e3o judicial e BB Seguridade (BBSE3) vira &#8220;queridinha&#8221; do BTG"}]},{"@type":"WebSite","@id":"https:\/\/www.suno.com.br\/noticias\/#website","url":"https:\/\/www.suno.com.br\/noticias\/","name":"Suno Not\u00edcias","description":"Seu portal de informa\u00e7\u00e3o sobre o mundo dos investimentos","publisher":{"@id":"https:\/\/www.suno.com.br\/noticias\/#organization"},"potentialAction":[{"@type":"SearchAction","target":{"@type":"EntryPoint","urlTemplate":"https:\/\/www.suno.com.br\/noticias\/?s={search_term_string}"},"query-input":{"@type":"PropertyValueSpecification","valueRequired":true,"valueName":"search_term_string"}}],"inLanguage":"pt-BR"},{"@type":"Organization","@id":"https:\/\/www.suno.com.br\/noticias\/#organization","name":"Suno Not\u00edcias","url":"https:\/\/www.suno.com.br\/noticias\/","logo":{"@type":"ImageObject","inLanguage":"pt-BR","@id":"https:\/\/www.suno.com.br\/noticias\/#\/schema\/logo\/image\/","url":"https:\/\/files.sunoresearch.com.br\/n\/uploads\/2021\/09\/suno-logo.png","contentUrl":"https:\/\/files.sunoresearch.com.br\/n\/uploads\/2021\/09\/suno-logo.png","width":180,"height":180,"caption":"Suno Not\u00edcias"},"image":{"@id":"https:\/\/www.suno.com.br\/noticias\/#\/schema\/logo\/image\/"},"sameAs":["https:\/\/facebook.com\/sunoresearch","https:\/\/x.com\/sunoresearch","https:\/\/www.instagram.com\/suno","https:\/\/www.linkedin.com\/company\/suno-research\/","https:\/\/www.youtube.com\/c\/sunoresearch"]},{"@type":"Person","@id":"https:\/\/www.suno.com.br\/noticias\/#\/schema\/person\/87fc6973867c52dd884811905c43afba","name":"Jo\u00e3o Vitor","image":{"@type":"ImageObject","inLanguage":"pt-BR","@id":"https:\/\/www.suno.com.br\/noticias\/#\/schema\/person\/image\/","url":"https:\/\/secure.gravatar.com\/avatar\/2843227ca03ccf8cc7ccca45204c127e?s=96&r=g","contentUrl":"https:\/\/secure.gravatar.com\/avatar\/2843227ca03ccf8cc7ccca45204c127e?s=96&r=g","caption":"Jo\u00e3o Vitor"},"description":"Redator profissional, com atua\u00e7\u00e3o no mercado editorial na produ\u00e7\u00e3o de not\u00edcias e conte\u00fados sobre o mercado de a\u00e7\u00f5es, fundos imobili\u00e1rios e economia popular. Graduando em Engenharia Qu\u00edmica pela Unesp, tamb\u00e9m j\u00e1 atuou como consultor financeiro.","url":"https:\/\/www.suno.com.br\/noticias\/author\/joao-vitor-jacintho\/"}]}},"default_loop_html":"<div class=\"cardsPage__listCard__boxs\"><div class=\"cardsPage__listCard__boxs__img\"><a href=\"https:\/\/www.suno.com.br\/noticias\/radar-neoenergia-neoe3-americanas-amer3-bb-seguridade-bbse3-jvj\/\"><img class=\"mask\" src=\"https:\/\/www.suno.com.br\/noticias\/wp-content\/themes\/suno\/resources\/images\/spotlight\/spotlight1img\/bg-mask.png\" alt=\"Image Mask\"\/><img src=\"https:\/\/files.sunoresearch.com.br\/n\/uploads\/2022\/12\/neoenergia-neoe3-400x200.jpg\" alt=\"Radar: Neoenergia (NEOE3) pagar\u00e1 R$ 1,4 bi em dividendos e JCP, Americanas (AMER3) aprova plano de recupera\u00e7\u00e3o judicial e BB Seguridade (BBSE3) vira &#8220;queridinha&#8221; do BTG\"\/><\/a><span class=\"spotlightCategory\"><a href=\"https:\/\/www.suno.com.br\/noticias\/negocios\/\">Neg\u00f3cios<\/a><\/span><\/div><div class=\"cardsPage__listCard__boxs__content\"><a href=\"https:\/\/www.suno.com.br\/noticias\/radar-neoenergia-neoe3-americanas-amer3-bb-seguridade-bbse3-jvj\/\"><h2 class=\"content__title\">Radar: Neoenergia (NEOE3) pagar\u00e1 R$ 1,4 bi em dividendos e JCP, Americanas (AMER3) aprova plano de recupera\u00e7\u00e3o judicial e BB Seguridade (BBSE3) vira &#8220;queridinha&#8221; do BTG<\/h2><\/a><div class=\"newsContent__article__meta\"><div class=\"newsContent__article__meta__authorBox\"><a href=\"https:\/\/www.suno.com.br\/noticias\/author\/joao-vitor-jacintho\/\" class=\"authorBox__avatar noMobi\"><img src=\"https:\/\/secure.gravatar.com\/avatar\/2843227ca03ccf8cc7ccca45204c127e?s=96&#038;r=g\" alt=\"Jo\u00e3o Vitor Jacintho\"><\/a><div class=\"authorBox__name\"><span>por\n\t\t\t<a href=\"https:\/\/www.suno.com.br\/noticias\/author\/joao-vitor-jacintho\/\"><span itemprop=\"author\">Jo\u00e3o Vitor Jacintho<\/span><\/a><\/span><time datetime=\"2023-12-19T22:26:53-03:00\" itemprop=\"datePublished\">19\/12\/2023 22:26<\/time><\/div><\/div><\/div><\/div><\/div>","single_layout":"posts","amp_enabled":true,"_links":{"self":[{"href":"https:\/\/www.suno.com.br\/noticias\/wp-json\/wp\/v2\/posts\/503077"}],"collection":[{"href":"https:\/\/www.suno.com.br\/noticias\/wp-json\/wp\/v2\/posts"}],"about":[{"href":"https:\/\/www.suno.com.br\/noticias\/wp-json\/wp\/v2\/types\/post"}],"author":[{"embeddable":true,"href":"https:\/\/www.suno.com.br\/noticias\/wp-json\/wp\/v2\/users\/173"}],"replies":[{"embeddable":true,"href":"https:\/\/www.suno.com.br\/noticias\/wp-json\/wp\/v2\/comments?post=503077"}],"version-history":[{"count":2,"href":"https:\/\/www.suno.com.br\/noticias\/wp-json\/wp\/v2\/posts\/503077\/revisions"}],"predecessor-version":[{"id":503092,"href":"https:\/\/www.suno.com.br\/noticias\/wp-json\/wp\/v2\/posts\/503077\/revisions\/503092"}],"wp:featuredmedia":[{"embeddable":true,"href":"https:\/\/www.suno.com.br\/noticias\/wp-json\/wp\/v2\/media\/336534"}],"wp:attachment":[{"href":"https:\/\/www.suno.com.br\/noticias\/wp-json\/wp\/v2\/media?parent=503077"}],"wp:term":[{"taxonomy":"category","embeddable":true,"href":"https:\/\/www.suno.com.br\/noticias\/wp-json\/wp\/v2\/categories?post=503077"},{"taxonomy":"post_tag","embeddable":true,"href":"https:\/\/www.suno.com.br\/noticias\/wp-json\/wp\/v2\/tags?post=503077"},{"taxonomy":"suno_strategy","embeddable":true,"href":"https:\/\/www.suno.com.br\/noticias\/wp-json\/wp\/v2\/suno_strategy?post=503077"}],"curies":[{"name":"wp","href":"https:\/\/api.w.org\/{rel}","templated":true}]}}