{"id":502844,"date":"2023-12-25T10:01:00","date_gmt":"2023-12-25T13:01:00","guid":{"rendered":"https:\/\/www.suno.com.br\/noticias\/?p=502844"},"modified":"2023-12-19T22:37:39","modified_gmt":"2023-12-20T01:37:39","slug":"recuperacao-judicial-2023-gpj","status":"publish","type":"post","link":"https:\/\/www.suno.com.br\/noticias\/recuperacao-judicial-2023-gpj\/","title":{"rendered":"Pedidos de recupera\u00e7\u00e3o judicial marcam 2023. O que esperar do pr\u00f3ximo ano?"},"content":{"rendered":"<p>A trajet\u00f3ria de algumas empresas brasileiras em 2023 ficou marcada pelo termo \u2018<strong>recupera\u00e7\u00e3o judicial<\/strong>\u2019. Isso gerou impactos expressivos em toda a economia, j\u00e1 penalizada pelo aumento nas taxas de juros, e colocou em d\u00favida o futuro de companhias, sobretudo de m\u00e9dio e pequeno porte no Brasil.\u00a0<\/p>\t<div class=\"wrapper-featured-image\">\n\t\t<figure class=\"spotlightImg\">\n\n\t\t\t<picture>\n\t\t\t\t<source media=\"(max-width: 768px)\" srcset=\"https:\/\/files.sunoresearch.com.br\/n\/uploads\/2023\/05\/recuperacao-judicial-400x200.jpg\">\n\t\t\t\t<img loading=\"lazy\" decoding=\"async\" class=\"newsContent__article__imgCapa lazyloadDisabled \" src=\"https:\/\/files.sunoresearch.com.br\/n\/uploads\/2023\/05\/recuperacao-judicial-800x450.jpg\" width=\"800\" height=\"450\" alt=\"Pedidos de recupera\u00e7\u00e3o judicial marcam 2023. O que esperar do pr\u00f3ximo ano?\" fetchpriority=high \/>\n\t\t\t<\/picture>\n\n\t\t\t<figcaption class=\"wp-caption-text wp-caption-text--show\">Recupera\u00e7\u00e3o Judicial - Foto: iStock<\/figcaption>\n\t\t<\/figure>\n\t<\/div>\n\n\n\n\n\n\n\n\t<p>\n\t\t<a href=\"https:\/\/lp.suno.com.br\/planilha-da-vida-financeira\/\" target=\"_blank\" data-element=\"shortcode-suno-banner\" title=\"Banner SUNO, clique e saiba mais\">\n\t\t\t<picture>\n\t\t\t\t<source media=\"(max-width: 500px)\" srcset=\"https:\/\/files.sunoresearch.com.br\/n\/uploads\/2023\/04\/400x300-Planilha-vida-financeira-true.png\">\n\t\t\t\t<img class=\"newsContent__article__imgCapa newsContent__article__imgCapa--banner\"\n\t\t\t\t\tsrc=\"https:\/\/files.sunoresearch.com.br\/n\/uploads\/2023\/04\/1420x240-Planilha-vida-financeira-true.png\"\n\t\t\t\t\tdata-promo-id=\"106682\"\t\t\t\t\t\t\t\t\t\twidth='1420' height='240'\t\t\t\t\talt=\"https:\/\/files.sunoresearch.com.br\/n\/uploads\/2023\/04\/1420x240-Planilha-vida-financeira-true.png\"\n\t\t\t\t>\n\t\t\t<\/picture>\n\t\t<\/a>\n\t<\/p>\n\n\n\n\n\n<p>Segundo dados da <a href=\"https:\/\/www.suno.com.br\/artigos\/serasa\/\">Serasa Experian<\/a> divulgados pelo jornal Valor Econ\u00f4mico, cerca de 40% de todos os<strong> pedidos de recupera\u00e7\u00e3o judicial no Brasil<\/strong> foram registrados entre julho e setembro &#8211; s\u00f3 neste m\u00eas em espec\u00edfico, foram 136, alta de 94,3% na compara\u00e7\u00e3o com o mesmo per\u00edodo do ano passado. Ao todo, em nove meses de 2023, foram 966 pedidos &#8211; em todo o ano de 2022, foram 833 solicita\u00e7\u00f5es.<\/p>\n\n\n\n<p>Um dos processos mais recentes foi a da <strong>123milhas<\/strong>, que na semana passada recebeu uma determina\u00e7\u00e3o da Justi\u00e7a de Minas Gerais para a retomada do <strong>processo de recupera\u00e7\u00e3o judicial<\/strong>, suspenso em setembro at\u00e9 que fosse apresentado o resultado da constata\u00e7\u00e3o pr\u00e9via pelos peritos. <\/p>\n\n\n\n<p>Integram essa lista casos de empresas como <strong>Americanas<\/strong> (AMER3), <strong>Light<\/strong> (LIGT3), <strong>Oi <\/strong>(OIBR3) e <strong>Grupo Petr\u00f3polis, <\/strong>que ainda aguardam novidades sobre seus pedidos de recupera\u00e7\u00e3o judicial.<\/p>\n\n\n\t<p>\n\t\t<a href=\"https:\/\/lp.suno.com.br\/ebook-como-analisar-uma-acao\/\" target=\"_blank\" data-element=\"shortcode-suno-banner\" title=\"Banner SUNO, clique e saiba mais\">\n\t\t\t<picture>\n\t\t\t\t<source media=\"(max-width: 500px)\" srcset=\"https:\/\/files.sunoresearch.com.br\/n\/uploads\/2023\/03\/Ebook-Acoes-Mobile.jpg\">\n\t\t\t\t<img class=\"newsContent__article__imgCapa newsContent__article__imgCapa--banner\"\n\t\t\t\t\tsrc=\"https:\/\/files.sunoresearch.com.br\/n\/uploads\/2023\/03\/Ebook-Acoes-Desktop.jpg\"\n\t\t\t\t\tdata-promo-id=\"378302\"\t\t\t\t\t\t\t\t\t\twidth='1420' height='286'\t\t\t\t\talt=\"https:\/\/files.sunoresearch.com.br\/n\/uploads\/2023\/03\/Ebook-Acoes-Desktop.jpg\"\n\t\t\t\t>\n\t\t\t<\/picture>\n\t\t<\/a>\n\t<\/p>\n\n\n\n\n\n<p>No geral, um <strong>pedido de recupera\u00e7\u00e3o judicial<\/strong> de uma grande empresa pode prejudicar ou at\u00e9 mesmo inviabilizar a opera\u00e7\u00e3o de empresas menores &#8211; estas, segundo Gustavo Mizrahi, s\u00f3cio do escrit\u00f3rio Vieites Mizrahi Rei Advogados, dependem de companhias maiores para a comercializa\u00e7\u00e3o de seus produtos ou t\u00eam grandes empresas como relevantes fornecedores, produtores ou clientes.<\/p>\n\n\n\n<p>No caso da Americanas, as d\u00edvidas com as micro, pequenas e m\u00e9dias empresas que eram fornecedoras de produtos ou servi\u00e7os, logo ap\u00f3s a descoberta de inconsist\u00eancias cont\u00e1beis da companhia em janeiro, somavam pelo menos R$ 1 bilh\u00e3o.\u00a0A varejista logo entraria em recupera\u00e7\u00e3o judicial. <\/p>\n\n\n\n<p>\u201cVale ressaltar, contudo, que a recupera\u00e7\u00e3o judicial \u00e9 um instrumento que busca evitar a quebra da empresa, algo que seria muito pior em termos econ\u00f4micos e para as empresas dela dependentes\u201d, pontua Mizrahi.<\/p>\n\n\n\n<p>Na vis\u00e3o de Alessandra Palma, advogada e s\u00f3cia de servi\u00e7os da Bissolatti Advogados, quando grandes empresas entram com pedidos de recupera\u00e7\u00e3o judicial, as menores podem ser afetadas diretamente no aumento do custo de tomada de cr\u00e9dito.<\/p>\n\n\n\n<p>\u201cIsso ocorre em raz\u00e3o da inadimpl\u00eancia das sociedades de grande porte, ou mesmo indiretamente por decorr\u00eancia da redu\u00e7\u00e3o do poder de venda\/compra dos setores vinculados \u00e0s empresas que se encontram em recupera\u00e7\u00e3o judicial &#8211; seja por encerramento de parcerias comerciais, inadimpl\u00eancia fiscal ou mesmo por corte direto de funcion\u00e1rios, o que acaba por reduzir tamb\u00e9m o <a href=\"https:\/\/www.suno.com.br\/artigos\/poder-de-compra\/\">poder de compra<\/a> geral\u201d, destaca.<\/p>\n\n\n\n<p>Rafael Rebola, s\u00f3cio da RVF Advogados, lista outros fatores que podem prejudicar empresas de pequeno porte, como redu\u00e7\u00e3o de receita e da confian\u00e7a no mercado. Ele exemplifica o pedido de recupera\u00e7\u00e3o judicial da <strong>Maxmilhas<\/strong>, ocorrido em outubro.<\/p>\n\n\n\n<p>A companhia foi inclu\u00edda no <strong>processo de recupera\u00e7\u00e3o judicial da 123milhas<\/strong>, ocorrido um pouco antes, e foi fruto, principalmente, dos efeitos no mercado de ag\u00eancias de turismo online decorrentes da reestrutura\u00e7\u00e3o da empresa mineira.<\/p>\n\n\n\n\t<div data-element=\"shortcode-read-more\" class=\"readToo\">\n\t\t\t\t<span class=\"readToo__title\">Leia mais<\/span>\n\t\t\t\t<ul class=\"readToo__list\">\n\t\t\t<li><a href=\"https:\/\/www.suno.com.br\/noticias\/123milhas-ministerio-justica-processo-administrativo-mal\/\">Minist\u00e9rio da Justi\u00e7a abre processo administrativo contra 123milhas<\/a><\/li><li><a href=\"https:\/\/www.suno.com.br\/noticias\/banco-do-brasil-bbas3-maxmilhas-recuperacao-judicial-evm\/\">Banco do Brasil (BBAS3) \u00e9 principal credor da Maxmilhas; empresa do grupo 123milhas tem d\u00edvidas com Bradesco (BBDC4) e Ita\u00fa (ITUB4)<\/a><\/li><li><a href=\"https:\/\/www.suno.com.br\/noticias\/123-milhas-maxmilhas-recuperacao-judicial-jvj\/\">Novo epis\u00f3dio da crise: do grupo da 123milhas, Maxmilhas pede recupera\u00e7\u00e3o judicial em car\u00e1ter de urg\u00eancia<\/a><\/li>\t\t<\/ul>\n\t<\/div>\n\n\n\n\n<h2 class=\"wp-block-heading\">Quais fatores levaram as empresas a entrarem com pedido de recupera\u00e7\u00e3o judicial este ano?<\/h2>\n\n\n\n<p>De modo geral, as empresas que entraram com pedido de recupera\u00e7\u00e3o judicial este ano conjugam alguns fatores centrais para o descumprimento das obriga\u00e7\u00f5es financeiras e a dificuldade de acesso a cr\u00e9dito, como <a href=\"https:\/\/www.suno.com.br\/artigos\/crise-economica-oportunidade-ou-ameaca\/\">crise econ\u00f4mica<\/a> decorrente da pandemia da Covid-19, al\u00e9m da desacelera\u00e7\u00e3o da economia em virtude da alta de juros.<\/p>\n\n\n\n<p>S\u00e9rvulo Mendon\u00e7a, presidente do <a href=\"https:\/\/www.suno.com.br\/artigos\/conselho-administracao\/\">conselho de administra\u00e7\u00e3o<\/a> da <strong>SM Holding<\/strong>, diz que o fato de empresas entrarem com pedidos de recupera\u00e7\u00e3o judicial n\u00e3o \u00e9 necessariamente uma novidade, mas, quando uma modelagem de alto padr\u00e3o se satisfaz desse arranjo legal, fatalmente se cria um conceito no mercado e outras empresas acabam enxergando \u201csolu\u00e7\u00f5es de problemas\u201d e grandes perspectivas com o uso desse mecanismo.<\/p>\n\n\n\n<p>\u201cSobre a economia desacelerar, precisamos entender que a roda gira mais ou menos forte, a depender de in\u00fameros fatores n\u00e3o s\u00f3 pol\u00edticos. At\u00e9 mesmo fatores do clima podem impactar a economia\u201d, avalia.<\/p>\n\n\n\n<p>Neste sentido, a recupera\u00e7\u00e3o judicial n\u00e3o \u00e9 um \u2018instrumento pr\u00e9-falimentar\u2019, mas apenas uma ferramenta jur\u00eddica que viabiliza a manuten\u00e7\u00e3o de atividades economicamente rent\u00e1veis durante o per\u00edodo de \u2018<strong>renegocia\u00e7\u00e3o de d\u00edvidas<\/strong>\u2019, diz Alessandra Palma, da Bissolati Advogados.\u00a0<\/p>\n\n\n\n<p>\u201cNo pedido de <strong>recupera\u00e7\u00e3o judicial da Light<\/strong>, concession\u00e1ria de fornecimento de energia el\u00e9trica de diversas cidades do Estado do Rio de Janeiro, por exemplo, foi citado que uma das causas determinantes para o decl\u00ednio financeiro da empresa era a pr\u00e1tica de furto de energia\u201d, lembra Mizrahi.<\/p>\n\n\n\n\t<div data-element=\"shortcode-read-more\" class=\"readToo\">\n\t\t\t\t<span class=\"readToo__title\">Leia mais<\/span>\n\t\t\t\t<ul class=\"readToo__list\">\n\t\t\t<li><a href=\"https:\/\/www.suno.com.br\/noticias\/light-ligt3-lucro-vira-prejuizo-resultado-trimestre-cpf\/\">Light (LIGT3) muda para pior: lucro vira preju\u00edzo de R$ 10,1 milh\u00f5es no 3\u00ba trimestre<\/a><\/li><li><a href=\"https:\/\/www.suno.com.br\/noticias\/light-ligt3-novo-plano-recuperacao-judicial\/\">Light (LIGT3) apresenta novo plano de recupera\u00e7\u00e3o judicial; Veja os principais pontos<\/a><\/li>\t\t<\/ul>\n\t<\/div>\n\n\n\n\n<h2 class=\"wp-block-heading\">Qual a expectativa para empresas que ainda enfrentam recupera\u00e7\u00e3o judicial?&nbsp;<\/h2>\n\n\n\n<p>Vale lembrar que, al\u00e9m da Americanas e Light, outras empresas ainda aguardam respostas sobre seus pedidos de recupera\u00e7\u00e3o judicial, como a <strong>Oi<\/strong> (<strong>OIBR3<\/strong>) e o <strong>Grupo Petr\u00f3polis<\/strong>. Na vis\u00e3o de Rebola, da RVF Advogados, o cen\u00e1rio do ano que vem ainda \u00e9 incerto, com perspectivas de que os bancos centrais, inclusive o brasileiro, promovam cortes nas taxas de juros, o que poderia impulsionar o mercado.\u00a0<\/p>\n\n\n\n<p>\u201cContudo, o cen\u00e1rio fiscal nacional e o aumento expressivo dos gastos p\u00fablicos ainda causam inseguran\u00e7a \u00e0s empresas e aos consumidores, que v\u00eam diminuindo despesas\u201d, aponta.<\/p>\n\n\n\n<p>J\u00e1 para Alessandra Palma, da Bissolati Advogados, a recupera\u00e7\u00e3o judicial tem se mostrado um meio efetivo de renegocia\u00e7\u00e3o e manuten\u00e7\u00e3o de atividade empresarial, e cada vez mais o judici\u00e1rio e os agentes econ\u00f4micos v\u00eam se especializando para dar estrutura efetiva ao procedimento.&nbsp;<\/p>\n\n\n\n<h2 class=\"wp-block-heading\">Quais setores podem ser impactados com poss\u00edveis pedidos de recupera\u00e7\u00e3o judicial no futuro?<\/h2>\n\n\n\n<p>Segundo Rafael Rebola, da RVF Advogados, setores como o de servi\u00e7os, varejo e entretenimento podem ser impactados com poss\u00edveis pedidos de recupera\u00e7\u00e3o judicial em 2024. \u201cNo caso do <strong>setor de servi\u00e7os<\/strong>, isso pode ocorrer pelo fato de muitos dos neg\u00f3cios possu\u00edrem parte de sua receita decorrente de grandes empresas; Assim, um eventual pedido de recupera\u00e7\u00e3o judicial pode comprometer severamente a sua <a href=\"https:\/\/www.suno.com.br\/artigos\/saude-financeira\/\">sa\u00fade financeira<\/a>\u201d, diz.<\/p>\n\n\n\n<p>J\u00e1 em rela\u00e7\u00e3o ao <strong>setor de varejo<\/strong>, o s\u00f3cio da RVF Advogados afirma que por ser um segmento altamente competitivo, pode sofrer com o impacto financeiro em escala da recupera\u00e7\u00e3o judicial de uma grande empresa, sobretudo por uma queda no <a href=\"https:\/\/www.suno.com.br\/artigos\/poder-de-compra\/\">poder de compra<\/a> dos consumidores. \u201cAl\u00e9m disso, o consumidor vem preferindo compras online, em vez de lojas f\u00edsicas\u201d, pontua.<\/p>\n\n\n\n<p>Por fim, sobre o <strong>setor de entretenimento<\/strong>, Rafael atribuiu ao fato de que com a redu\u00e7\u00e3o do poder de compra, as pessoas tendem a reduzir despesas e, em primeiro lugar, cortar gastos que consideram sup\u00e9rfluos. \u201cDesta forma, o mercado do entretenimento pode sofrer perda consider\u00e1vel no ano que vem\u201d, finaliza o s\u00f3cio sobre setores que podem ser impactados com pedidos de <strong>recupera\u00e7\u00e3o judicial<\/strong>.<\/p>\n\n\n\t<p>\n\t\t<a href=\"https:\/\/lp.suno.com.br\/planilha-da-vida-financeira\/\" target=\"_blank\" data-element=\"shortcode-suno-banner\" title=\"Banner SUNO, clique e saiba mais\">\n\t\t\t<picture>\n\t\t\t\t<source media=\"(max-width: 500px)\" srcset=\"https:\/\/files.sunoresearch.com.br\/n\/uploads\/2023\/04\/400x300-Planilha-vida-financeira-true.png\">\n\t\t\t\t<img class=\"newsContent__article__imgCapa newsContent__article__imgCapa--banner\"\n\t\t\t\t\tsrc=\"https:\/\/files.sunoresearch.com.br\/n\/uploads\/2023\/04\/1420x240-Planilha-vida-financeira-true.png\"\n\t\t\t\t\tdata-promo-id=\"383123\"\t\t\t\t\t\t\t\t\t\twidth='1420' height='240'\t\t\t\t\talt=\"https:\/\/files.sunoresearch.com.br\/n\/uploads\/2023\/04\/1420x240-Planilha-vida-financeira-true.png\"\n\t\t\t\t>\n\t\t\t<\/picture>\n\t\t<\/a>\n\t<\/p>\n\n\n","protected":false},"excerpt":{"rendered":"<p>A trajet\u00f3ria de algumas empresas brasileiras em 2023 ficou marcada pelo termo \u2018recupera\u00e7\u00e3o judicial\u2019. Isso gerou impactos expressivos em toda a economia, j\u00e1 penalizada pelo aumento nas taxas de juros, e colocou em d\u00favida o futuro de companhias, sobretudo de m\u00e9dio e pequeno porte no Brasil.\u00a0 Recupera\u00e7\u00e3o Judicial &#8211; Foto: iStock Segundo dados da Serasa [&hellip;]<\/p>\n","protected":false},"author":313,"featured_media":408679,"comment_status":"closed","ping_status":"closed","sticky":false,"template":"","format":"standard","meta":[],"categories":[64],"tags":[286,106605,105816,41531,584,106134,314,290],"suno_strategy":[],"class_list":["post-502844","post","type-post","status-publish","format-standard","has-post-thumbnail","hentry","category-negocios","tag-acoes","tag-americanas-s-a-amer3","tag-especialistas","tag-light-ligt3","tag-oi-oibr3-oibr4","tag-petropolis","tag-recuperacao-judicial","tag-taxa-selic"],"yoast_head":"<!-- This site is optimized with the Yoast SEO plugin v24.4 - https:\/\/yoast.com\/wordpress\/plugins\/seo\/ -->\n<title>Recupera\u00e7\u00e3o judicial: tema marcou 2023. O que esperar de 2024?<\/title>\n<meta name=\"description\" content=\"Os pedidos de recupera\u00e7\u00e3o judicial geraram impactos expressivos em toda a economia, j\u00e1 penalizada pelo aumento nas taxas de juros.\" \/>\n<meta name=\"robots\" content=\"index, follow, max-snippet:-1, max-image-preview:large, max-video-preview:-1\" \/>\n<link rel=\"canonical\" href=\"https:\/\/www.suno.com.br\/noticias\/recuperacao-judicial-2023-gpj\/\" \/>\n<meta property=\"og:locale\" content=\"pt_BR\" \/>\n<meta property=\"og:type\" content=\"article\" \/>\n<meta property=\"og:title\" content=\"Recupera\u00e7\u00e3o judicial: tema marcou 2023. O que esperar de 2024?\" \/>\n<meta property=\"og:description\" content=\"Os pedidos de recupera\u00e7\u00e3o judicial geraram impactos expressivos em toda a economia, j\u00e1 penalizada pelo aumento nas taxas de juros.\" \/>\n<meta property=\"og:url\" content=\"https:\/\/www.suno.com.br\/noticias\/recuperacao-judicial-2023-gpj\/\" \/>\n<meta property=\"og:site_name\" content=\"Suno Not\u00edcias\" \/>\n<meta property=\"article:publisher\" content=\"https:\/\/facebook.com\/sunoresearch\" \/>\n<meta property=\"og:image\" content=\"http:\/\/files.sunoresearch.com.br\/n\/uploads\/2023\/05\/recuperacao-judicial.jpg\" \/>\n\t<meta property=\"og:image:width\" content=\"1200\" \/>\n\t<meta property=\"og:image:height\" content=\"800\" \/>\n\t<meta property=\"og:image:type\" content=\"image\/jpeg\" \/>\n<meta name=\"author\" content=\"Giovanni Porf\u00edrio Jacomino\" \/>\n<meta name=\"twitter:card\" content=\"summary_large_image\" \/>\n<meta name=\"twitter:creator\" content=\"@sunoresearch\" \/>\n<meta name=\"twitter:site\" content=\"@sunoresearch\" \/>\n<meta name=\"twitter:label1\" content=\"Escrito por\" \/>\n\t<meta name=\"twitter:data1\" content=\"Giovanni Porf\u00edrio Jacomino\" \/>\n\t<meta name=\"twitter:label2\" content=\"Est. tempo de leitura\" \/>\n\t<meta name=\"twitter:data2\" content=\"6 minutos\" \/>\n<script type=\"application\/ld+json\" class=\"yoast-schema-graph\">{\"@context\":\"https:\/\/schema.org\",\"@graph\":[{\"@type\":\"NewsArticle\",\"@id\":\"https:\/\/www.suno.com.br\/noticias\/recuperacao-judicial-2023-gpj\/#article\",\"isPartOf\":{\"@id\":\"https:\/\/www.suno.com.br\/noticias\/recuperacao-judicial-2023-gpj\/\"},\"author\":{\"name\":\"Giovanni Porf\u00edrio Jacomino\",\"@id\":\"https:\/\/www.suno.com.br\/noticias\/#\/schema\/person\/d0f32748bbca4bee871fa191ee4e2d40\"},\"headline\":\"Pedidos de recupera\u00e7\u00e3o judicial marcam 2023. O que esperar do pr\u00f3ximo ano?\",\"datePublished\":\"2023-12-25T13:01:00+00:00\",\"mainEntityOfPage\":{\"@id\":\"https:\/\/www.suno.com.br\/noticias\/recuperacao-judicial-2023-gpj\/\"},\"wordCount\":1196,\"publisher\":{\"@id\":\"https:\/\/www.suno.com.br\/noticias\/#organization\"},\"image\":{\"@id\":\"https:\/\/www.suno.com.br\/noticias\/recuperacao-judicial-2023-gpj\/#primaryimage\"},\"thumbnailUrl\":\"https:\/\/files.sunoresearch.com.br\/n\/uploads\/2023\/05\/recuperacao-judicial.jpg\",\"keywords\":[\"A\u00e7\u00f5es\",\"Americanas (AMER3)\",\"Especialistas\",\"Light (LIGT3)\",\"Oi (OIBR3\/OIBR4)\",\"Petr\u00f3polis\",\"recupera\u00e7\u00e3o judicial\",\"Taxa Selic\"],\"articleSection\":[\"Neg\u00f3cios\"],\"inLanguage\":\"pt-BR\"},{\"@type\":\"WebPage\",\"@id\":\"https:\/\/www.suno.com.br\/noticias\/recuperacao-judicial-2023-gpj\/\",\"url\":\"https:\/\/www.suno.com.br\/noticias\/recuperacao-judicial-2023-gpj\/\",\"name\":\"Recupera\u00e7\u00e3o judicial: tema marcou 2023. O que esperar de 2024?\",\"isPartOf\":{\"@id\":\"https:\/\/www.suno.com.br\/noticias\/#website\"},\"primaryImageOfPage\":{\"@id\":\"https:\/\/www.suno.com.br\/noticias\/recuperacao-judicial-2023-gpj\/#primaryimage\"},\"image\":{\"@id\":\"https:\/\/www.suno.com.br\/noticias\/recuperacao-judicial-2023-gpj\/#primaryimage\"},\"thumbnailUrl\":\"https:\/\/files.sunoresearch.com.br\/n\/uploads\/2023\/05\/recuperacao-judicial.jpg\",\"datePublished\":\"2023-12-25T13:01:00+00:00\",\"description\":\"Os pedidos de recupera\u00e7\u00e3o judicial geraram impactos expressivos em toda a economia, j\u00e1 penalizada pelo aumento nas taxas de juros.\",\"breadcrumb\":{\"@id\":\"https:\/\/www.suno.com.br\/noticias\/recuperacao-judicial-2023-gpj\/#breadcrumb\"},\"inLanguage\":\"pt-BR\",\"potentialAction\":[{\"@type\":\"ReadAction\",\"target\":[\"https:\/\/www.suno.com.br\/noticias\/recuperacao-judicial-2023-gpj\/\"]}]},{\"@type\":\"ImageObject\",\"inLanguage\":\"pt-BR\",\"@id\":\"https:\/\/www.suno.com.br\/noticias\/recuperacao-judicial-2023-gpj\/#primaryimage\",\"url\":\"https:\/\/files.sunoresearch.com.br\/n\/uploads\/2023\/05\/recuperacao-judicial.jpg\",\"contentUrl\":\"https:\/\/files.sunoresearch.com.br\/n\/uploads\/2023\/05\/recuperacao-judicial.jpg\",\"width\":1200,\"height\":800,\"caption\":\"Recupera\u00e7\u00e3o Judicial - Foto: iStock\"},{\"@type\":\"BreadcrumbList\",\"@id\":\"https:\/\/www.suno.com.br\/noticias\/recuperacao-judicial-2023-gpj\/#breadcrumb\",\"itemListElement\":[{\"@type\":\"ListItem\",\"position\":1,\"name\":\"Not\u00edcias\",\"item\":\"https:\/\/www.suno.com.br\/noticias\/\"},{\"@type\":\"ListItem\",\"position\":2,\"name\":\"Neg\u00f3cios\",\"item\":\"https:\/\/www.suno.com.br\/noticias\/negocios\/\"},{\"@type\":\"ListItem\",\"position\":3,\"name\":\"Pedidos de recupera\u00e7\u00e3o judicial marcam 2023. O que esperar do pr\u00f3ximo ano?\"}]},{\"@type\":\"WebSite\",\"@id\":\"https:\/\/www.suno.com.br\/noticias\/#website\",\"url\":\"https:\/\/www.suno.com.br\/noticias\/\",\"name\":\"Suno Not\u00edcias\",\"description\":\"Seu portal de informa\u00e7\u00e3o sobre o mundo dos investimentos\",\"publisher\":{\"@id\":\"https:\/\/www.suno.com.br\/noticias\/#organization\"},\"potentialAction\":[{\"@type\":\"SearchAction\",\"target\":{\"@type\":\"EntryPoint\",\"urlTemplate\":\"https:\/\/www.suno.com.br\/noticias\/?s={search_term_string}\"},\"query-input\":{\"@type\":\"PropertyValueSpecification\",\"valueRequired\":true,\"valueName\":\"search_term_string\"}}],\"inLanguage\":\"pt-BR\"},{\"@type\":\"Organization\",\"@id\":\"https:\/\/www.suno.com.br\/noticias\/#organization\",\"name\":\"Suno Not\u00edcias\",\"url\":\"https:\/\/www.suno.com.br\/noticias\/\",\"logo\":{\"@type\":\"ImageObject\",\"inLanguage\":\"pt-BR\",\"@id\":\"https:\/\/www.suno.com.br\/noticias\/#\/schema\/logo\/image\/\",\"url\":\"https:\/\/files.sunoresearch.com.br\/n\/uploads\/2021\/09\/suno-logo.png\",\"contentUrl\":\"https:\/\/files.sunoresearch.com.br\/n\/uploads\/2021\/09\/suno-logo.png\",\"width\":180,\"height\":180,\"caption\":\"Suno Not\u00edcias\"},\"image\":{\"@id\":\"https:\/\/www.suno.com.br\/noticias\/#\/schema\/logo\/image\/\"},\"sameAs\":[\"https:\/\/facebook.com\/sunoresearch\",\"https:\/\/x.com\/sunoresearch\",\"https:\/\/www.instagram.com\/suno\",\"https:\/\/www.linkedin.com\/company\/suno-research\/\",\"https:\/\/www.youtube.com\/c\/sunoresearch\"]},{\"@type\":\"Person\",\"@id\":\"https:\/\/www.suno.com.br\/noticias\/#\/schema\/person\/d0f32748bbca4bee871fa191ee4e2d40\",\"name\":\"Giovanni Porf\u00edrio Jacomino\",\"image\":{\"@type\":\"ImageObject\",\"inLanguage\":\"pt-BR\",\"@id\":\"https:\/\/www.suno.com.br\/noticias\/#\/schema\/person\/image\/\",\"url\":\"https:\/\/secure.gravatar.com\/avatar\/efb32e19b730a121cb7a80f41ffec01a?s=96&r=g\",\"contentUrl\":\"https:\/\/secure.gravatar.com\/avatar\/efb32e19b730a121cb7a80f41ffec01a?s=96&r=g\",\"caption\":\"Giovanni Porf\u00edrio Jacomino\"},\"description\":\"Giovanni Porf\u00edrio Jacomino \u00e9 jornalista formado pela Universidade Estadual de Londrina (UEL) e p\u00f3s-graduado em Produ\u00e7\u00e3o e Pr\u00e1ticas Jornal\u00edsticas na Contemporaneidade na Faculdade C\u00e1sper L\u00edbero (FCL). Foi editor web no Startupi e no Finsiders, atuando ainda como editor no TC Mover, portal de not\u00edcias da TradersClub, fazendo a cobertura de assuntos relacionados ao mercado financeiro interno e externo. Atualmente, \u00e9 Rep\u00f3rter do Suno Not\u00edcias.\",\"url\":\"https:\/\/www.suno.com.br\/noticias\/author\/giovanni-porfiriosuno-com-br\/\"}]}<\/script>\n<!-- \/ Yoast SEO plugin. -->","yoast_head_json":{"title":"Recupera\u00e7\u00e3o judicial: tema marcou 2023. O que esperar de 2024?","description":"Os pedidos de recupera\u00e7\u00e3o judicial geraram impactos expressivos em toda a economia, j\u00e1 penalizada pelo aumento nas taxas de juros.","robots":{"index":"index","follow":"follow","max-snippet":"max-snippet:-1","max-image-preview":"max-image-preview:large","max-video-preview":"max-video-preview:-1"},"canonical":"https:\/\/www.suno.com.br\/noticias\/recuperacao-judicial-2023-gpj\/","og_locale":"pt_BR","og_type":"article","og_title":"Recupera\u00e7\u00e3o judicial: tema marcou 2023. O que esperar de 2024?","og_description":"Os pedidos de recupera\u00e7\u00e3o judicial geraram impactos expressivos em toda a economia, j\u00e1 penalizada pelo aumento nas taxas de juros.","og_url":"https:\/\/www.suno.com.br\/noticias\/recuperacao-judicial-2023-gpj\/","og_site_name":"Suno Not\u00edcias","article_publisher":"https:\/\/facebook.com\/sunoresearch","og_image":[{"width":1200,"height":800,"url":"http:\/\/files.sunoresearch.com.br\/n\/uploads\/2023\/05\/recuperacao-judicial.jpg","type":"image\/jpeg"}],"author":"Giovanni Porf\u00edrio Jacomino","twitter_card":"summary_large_image","twitter_creator":"@sunoresearch","twitter_site":"@sunoresearch","twitter_misc":{"Escrito por":"Giovanni Porf\u00edrio Jacomino","Est. tempo de leitura":"6 minutos"},"schema":{"@context":"https:\/\/schema.org","@graph":[{"@type":"NewsArticle","@id":"https:\/\/www.suno.com.br\/noticias\/recuperacao-judicial-2023-gpj\/#article","isPartOf":{"@id":"https:\/\/www.suno.com.br\/noticias\/recuperacao-judicial-2023-gpj\/"},"author":{"name":"Giovanni Porf\u00edrio Jacomino","@id":"https:\/\/www.suno.com.br\/noticias\/#\/schema\/person\/d0f32748bbca4bee871fa191ee4e2d40"},"headline":"Pedidos de recupera\u00e7\u00e3o judicial marcam 2023. O que esperar do pr\u00f3ximo ano?","datePublished":"2023-12-25T13:01:00+00:00","mainEntityOfPage":{"@id":"https:\/\/www.suno.com.br\/noticias\/recuperacao-judicial-2023-gpj\/"},"wordCount":1196,"publisher":{"@id":"https:\/\/www.suno.com.br\/noticias\/#organization"},"image":{"@id":"https:\/\/www.suno.com.br\/noticias\/recuperacao-judicial-2023-gpj\/#primaryimage"},"thumbnailUrl":"https:\/\/files.sunoresearch.com.br\/n\/uploads\/2023\/05\/recuperacao-judicial.jpg","keywords":["A\u00e7\u00f5es","Americanas (AMER3)","Especialistas","Light (LIGT3)","Oi (OIBR3\/OIBR4)","Petr\u00f3polis","recupera\u00e7\u00e3o judicial","Taxa Selic"],"articleSection":["Neg\u00f3cios"],"inLanguage":"pt-BR"},{"@type":"WebPage","@id":"https:\/\/www.suno.com.br\/noticias\/recuperacao-judicial-2023-gpj\/","url":"https:\/\/www.suno.com.br\/noticias\/recuperacao-judicial-2023-gpj\/","name":"Recupera\u00e7\u00e3o judicial: tema marcou 2023. O que esperar de 2024?","isPartOf":{"@id":"https:\/\/www.suno.com.br\/noticias\/#website"},"primaryImageOfPage":{"@id":"https:\/\/www.suno.com.br\/noticias\/recuperacao-judicial-2023-gpj\/#primaryimage"},"image":{"@id":"https:\/\/www.suno.com.br\/noticias\/recuperacao-judicial-2023-gpj\/#primaryimage"},"thumbnailUrl":"https:\/\/files.sunoresearch.com.br\/n\/uploads\/2023\/05\/recuperacao-judicial.jpg","datePublished":"2023-12-25T13:01:00+00:00","description":"Os pedidos de recupera\u00e7\u00e3o judicial geraram impactos expressivos em toda a economia, j\u00e1 penalizada pelo aumento nas taxas de juros.","breadcrumb":{"@id":"https:\/\/www.suno.com.br\/noticias\/recuperacao-judicial-2023-gpj\/#breadcrumb"},"inLanguage":"pt-BR","potentialAction":[{"@type":"ReadAction","target":["https:\/\/www.suno.com.br\/noticias\/recuperacao-judicial-2023-gpj\/"]}]},{"@type":"ImageObject","inLanguage":"pt-BR","@id":"https:\/\/www.suno.com.br\/noticias\/recuperacao-judicial-2023-gpj\/#primaryimage","url":"https:\/\/files.sunoresearch.com.br\/n\/uploads\/2023\/05\/recuperacao-judicial.jpg","contentUrl":"https:\/\/files.sunoresearch.com.br\/n\/uploads\/2023\/05\/recuperacao-judicial.jpg","width":1200,"height":800,"caption":"Recupera\u00e7\u00e3o Judicial - Foto: iStock"},{"@type":"BreadcrumbList","@id":"https:\/\/www.suno.com.br\/noticias\/recuperacao-judicial-2023-gpj\/#breadcrumb","itemListElement":[{"@type":"ListItem","position":1,"name":"Not\u00edcias","item":"https:\/\/www.suno.com.br\/noticias\/"},{"@type":"ListItem","position":2,"name":"Neg\u00f3cios","item":"https:\/\/www.suno.com.br\/noticias\/negocios\/"},{"@type":"ListItem","position":3,"name":"Pedidos de recupera\u00e7\u00e3o judicial marcam 2023. O que esperar do pr\u00f3ximo ano?"}]},{"@type":"WebSite","@id":"https:\/\/www.suno.com.br\/noticias\/#website","url":"https:\/\/www.suno.com.br\/noticias\/","name":"Suno Not\u00edcias","description":"Seu portal de informa\u00e7\u00e3o sobre o mundo dos investimentos","publisher":{"@id":"https:\/\/www.suno.com.br\/noticias\/#organization"},"potentialAction":[{"@type":"SearchAction","target":{"@type":"EntryPoint","urlTemplate":"https:\/\/www.suno.com.br\/noticias\/?s={search_term_string}"},"query-input":{"@type":"PropertyValueSpecification","valueRequired":true,"valueName":"search_term_string"}}],"inLanguage":"pt-BR"},{"@type":"Organization","@id":"https:\/\/www.suno.com.br\/noticias\/#organization","name":"Suno Not\u00edcias","url":"https:\/\/www.suno.com.br\/noticias\/","logo":{"@type":"ImageObject","inLanguage":"pt-BR","@id":"https:\/\/www.suno.com.br\/noticias\/#\/schema\/logo\/image\/","url":"https:\/\/files.sunoresearch.com.br\/n\/uploads\/2021\/09\/suno-logo.png","contentUrl":"https:\/\/files.sunoresearch.com.br\/n\/uploads\/2021\/09\/suno-logo.png","width":180,"height":180,"caption":"Suno Not\u00edcias"},"image":{"@id":"https:\/\/www.suno.com.br\/noticias\/#\/schema\/logo\/image\/"},"sameAs":["https:\/\/facebook.com\/sunoresearch","https:\/\/x.com\/sunoresearch","https:\/\/www.instagram.com\/suno","https:\/\/www.linkedin.com\/company\/suno-research\/","https:\/\/www.youtube.com\/c\/sunoresearch"]},{"@type":"Person","@id":"https:\/\/www.suno.com.br\/noticias\/#\/schema\/person\/d0f32748bbca4bee871fa191ee4e2d40","name":"Giovanni Porf\u00edrio Jacomino","image":{"@type":"ImageObject","inLanguage":"pt-BR","@id":"https:\/\/www.suno.com.br\/noticias\/#\/schema\/person\/image\/","url":"https:\/\/secure.gravatar.com\/avatar\/efb32e19b730a121cb7a80f41ffec01a?s=96&r=g","contentUrl":"https:\/\/secure.gravatar.com\/avatar\/efb32e19b730a121cb7a80f41ffec01a?s=96&r=g","caption":"Giovanni Porf\u00edrio Jacomino"},"description":"Giovanni Porf\u00edrio Jacomino \u00e9 jornalista formado pela Universidade Estadual de Londrina (UEL) e p\u00f3s-graduado em Produ\u00e7\u00e3o e Pr\u00e1ticas Jornal\u00edsticas na Contemporaneidade na Faculdade C\u00e1sper L\u00edbero (FCL). Foi editor web no Startupi e no Finsiders, atuando ainda como editor no TC Mover, portal de not\u00edcias da TradersClub, fazendo a cobertura de assuntos relacionados ao mercado financeiro interno e externo. Atualmente, \u00e9 Rep\u00f3rter do Suno Not\u00edcias.","url":"https:\/\/www.suno.com.br\/noticias\/author\/giovanni-porfiriosuno-com-br\/"}]}},"default_loop_html":"<div class=\"cardsPage__listCard__boxs\"><div class=\"cardsPage__listCard__boxs__img\"><a href=\"https:\/\/www.suno.com.br\/noticias\/recuperacao-judicial-2023-gpj\/\"><img class=\"mask\" src=\"https:\/\/www.suno.com.br\/noticias\/wp-content\/themes\/suno\/resources\/images\/spotlight\/spotlight1img\/bg-mask.png\" alt=\"Image Mask\"\/><img src=\"https:\/\/files.sunoresearch.com.br\/n\/uploads\/2023\/05\/recuperacao-judicial-400x200.jpg\" alt=\"Pedidos de recupera\u00e7\u00e3o judicial marcam 2023. O que esperar do pr\u00f3ximo ano?\"\/><\/a><span class=\"spotlightCategory\"><a href=\"https:\/\/www.suno.com.br\/noticias\/negocios\/\">Neg\u00f3cios<\/a><\/span><\/div><div class=\"cardsPage__listCard__boxs__content\"><a href=\"https:\/\/www.suno.com.br\/noticias\/recuperacao-judicial-2023-gpj\/\"><h2 class=\"content__title\">Pedidos de recupera\u00e7\u00e3o judicial marcam 2023. O que esperar do pr\u00f3ximo ano?<\/h2><\/a><div class=\"newsContent__article__meta\"><div class=\"newsContent__article__meta__authorBox\"><a href=\"https:\/\/www.suno.com.br\/noticias\/author\/joao-vitor-jacintho\/\" class=\"authorBox__avatar noMobi\"><img src=\"https:\/\/secure.gravatar.com\/avatar\/2843227ca03ccf8cc7ccca45204c127e?s=96&#038;r=g\" alt=\"Jo\u00e3o Vitor Jacintho\"><\/a><div class=\"authorBox__name\"><span>por\n\t\t\t<a href=\"https:\/\/www.suno.com.br\/noticias\/author\/joao-vitor-jacintho\/\"><span itemprop=\"author\">Jo\u00e3o Vitor Jacintho<\/span><\/a><\/span><time datetime=\"2023-12-25T10:01:00-03:00\" itemprop=\"datePublished\">25\/12\/2023 10:01<\/time><\/div><\/div><\/div><\/div><\/div>","single_layout":"posts","amp_enabled":true,"_links":{"self":[{"href":"https:\/\/www.suno.com.br\/noticias\/wp-json\/wp\/v2\/posts\/502844"}],"collection":[{"href":"https:\/\/www.suno.com.br\/noticias\/wp-json\/wp\/v2\/posts"}],"about":[{"href":"https:\/\/www.suno.com.br\/noticias\/wp-json\/wp\/v2\/types\/post"}],"author":[{"embeddable":true,"href":"https:\/\/www.suno.com.br\/noticias\/wp-json\/wp\/v2\/users\/313"}],"replies":[{"embeddable":true,"href":"https:\/\/www.suno.com.br\/noticias\/wp-json\/wp\/v2\/comments?post=502844"}],"version-history":[{"count":2,"href":"https:\/\/www.suno.com.br\/noticias\/wp-json\/wp\/v2\/posts\/502844\/revisions"}],"predecessor-version":[{"id":503085,"href":"https:\/\/www.suno.com.br\/noticias\/wp-json\/wp\/v2\/posts\/502844\/revisions\/503085"}],"wp:featuredmedia":[{"embeddable":true,"href":"https:\/\/www.suno.com.br\/noticias\/wp-json\/wp\/v2\/media\/408679"}],"wp:attachment":[{"href":"https:\/\/www.suno.com.br\/noticias\/wp-json\/wp\/v2\/media?parent=502844"}],"wp:term":[{"taxonomy":"category","embeddable":true,"href":"https:\/\/www.suno.com.br\/noticias\/wp-json\/wp\/v2\/categories?post=502844"},{"taxonomy":"post_tag","embeddable":true,"href":"https:\/\/www.suno.com.br\/noticias\/wp-json\/wp\/v2\/tags?post=502844"},{"taxonomy":"suno_strategy","embeddable":true,"href":"https:\/\/www.suno.com.br\/noticias\/wp-json\/wp\/v2\/suno_strategy?post=502844"}],"curies":[{"name":"wp","href":"https:\/\/api.w.org\/{rel}","templated":true}]}}