{"id":502819,"date":"2023-12-19T22:21:19","date_gmt":"2023-12-20T01:21:19","guid":{"rendered":"https:\/\/www.suno.com.br\/noticias\/?p=502819"},"modified":"2023-12-19T22:21:23","modified_gmt":"2023-12-20T01:21:23","slug":"brasil-nona-economia-do-mundo-em-2023","status":"publish","type":"post","link":"https:\/\/www.suno.com.br\/noticias\/brasil-nona-economia-do-mundo-em-2023\/","title":{"rendered":"Brasil salta duas posi\u00e7\u00f5es e se torna a nona economia do mundo em 2023"},"content":{"rendered":"<p>Com previs\u00e3o de crescimento de 3,1% no <a class=\"suno-keyword\" target=\"_blank\" data-force=\"no\" data-priority=\"2\" href=\"https:\/\/www.suno.com.br\/artigos\/pib-produto-interno-bruto\/\" rel=\"noopener\">Produto Interno Bruto (PIB)<\/a> neste ano, o <strong>Brasil<\/strong> saltar\u00e1 duas posi\u00e7\u00f5es e se tornar\u00e1 a nona economia do mundo em 2023, divulgou nesta ter\u00e7a-feira (19) o Fundo Monet\u00e1rio Internacional (FMI). Segundo a institui\u00e7\u00e3o, o pa\u00eds dever\u00e1 encerrar o ano com PIB nominal de US$ 2,13 trilh\u00f5es, ultrapassando o Canad\u00e1, com PIB estimado em US$ 2,12 trilh\u00f5es.<img decoding=\"async\" style=\"width: 1px; height: 1px;\" src=\"https:\/\/agenciabrasil.ebc.com.br\/ebc.png?id=1573349&amp;o=rss\"><img decoding=\"async\" style=\"width: 1px; height: 1px;\" src=\"https:\/\/agenciabrasil.ebc.com.br\/ebc.gif?id=1573349&amp;o=rss\"><\/p>\t<div class=\"wrapper-featured-image\">\n\t\t<figure class=\"spotlightImg\">\n\n\t\t\t<picture>\n\t\t\t\t<source media=\"(max-width: 768px)\" srcset=\"https:\/\/files.sunoresearch.com.br\/n\/uploads\/2023\/05\/economia-alta-400x200.jpg\">\n\t\t\t\t<img loading=\"lazy\" decoding=\"async\" class=\"newsContent__article__imgCapa lazyloadDisabled \" src=\"https:\/\/files.sunoresearch.com.br\/n\/uploads\/2023\/05\/economia-alta-800x450.jpg\" width=\"800\" height=\"450\" alt=\"Brasil salta duas posi\u00e7\u00f5es e se torna a nona economia do mundo em 2023\" fetchpriority=high \/>\n\t\t\t<\/picture>\n\n\t\t\t<figcaption class=\"wp-caption-text wp-caption-text--show\">Brasil - Foto: iStock<\/figcaption>\n\t\t<\/figure>\n\t<\/div>\n\n\n\n\n\n\t<p>\n\t\t<a href=\"\" target=\"_blank\" data-element=\"shortcode-suno-banner\" title=\"Banner SUNO, clique e saiba mais\">\n\t\t\t<picture>\n\t\t\t\t<source media=\"(max-width: 500px)\" srcset=\"\">\n\t\t\t\t<img class=\"newsContent__article__imgCapa newsContent__article__imgCapa--banner\"\n\t\t\t\t\tsrc=\"\"\n\t\t\t\t\tdata-promo-id=\"240038\"\t\t\t\t\t\t\t\t\t\t\t\t\t\t\talt=\"\"\n\t\t\t\t>\n\t\t\t<\/picture>\n\t\t<\/a>\n\t<\/p>\n\n\n\n\n\n\n\n<p>No ano passado, o Brasil estava na 11\u00aa posi\u00e7\u00e3o. Segundo o <strong>FMI<\/strong>, at\u00e9 2026, o Brasil pode subir uma posi\u00e7\u00e3o e tornar-se a oitava maior economia do planeta, com PIB estimado em US$ 2,476 trilh\u00f5es.<\/p>\n\n\n\n<ul class=\"wp-block-list\"><\/ul>\n\n\n\n<p>As estimativas foram divulgadas com base no relat\u00f3rio<strong> Perspectiva Econ\u00f4mica Mundial<\/strong>, lan\u00e7ado em outubro. Na ocasi\u00e3o, o FMI estimou crescimento de 3,1% para o PIB brasileiro neste ano, contra estimativa de 2,1% no relat\u00f3rio anterior.<\/p>\n\n\n\n<p>Segundo o FMI, os Estados Unidos, a China e Alemanha continuaram sendo as <strong>maiores economias do mundo<\/strong> neste ano. O \u00f3rg\u00e3o projeta que a economia global desacelerar\u00e1 neste ano, crescendo 3%, contra 3,5% em 2022. Para 2024, o FMI estima expans\u00e3o global de 2,9%.<\/p>\n\n\n\n<p>Para o Brasil, o FMI projeta crescimento de 1,5% no pr\u00f3ximo ano. A proje\u00e7\u00e3o \u00e9 mais baixa que a da <a class=\"suno-keyword\" target=\"_blank\" data-force=\"no\" data-priority=\"2\" href=\"https:\/\/www.suno.com.br\/artigos\/ocde\/\" rel=\"noopener\">Organiza\u00e7\u00e3o para a Coopera\u00e7\u00e3o e Desenvolvimento Econ\u00f4mico (OCDE<\/a>), que prev\u00ea expans\u00e3o de 1,8% para a economia brasileira em 2024. O Minist\u00e9rio da Fazenda projeta crescimento de 2,2%.<\/p>\n\n\n\n<p>Confira o <em>ranking<\/em> das dez maiores economias do mundo em 2023, segundo proje\u00e7\u00e3o do FMI:<\/p>\n\n\n\n<p>1. Estados Unidos \u2013 US$ 26,95 trilh\u00f5es<br>2. China \u2013 US$ 17,7 trilh\u00f5es<br>3- Alemanha \u2013 US$ 4,43 trilh\u00f5es<br>4. Jap\u00e3o \u2013 US$ 4,23 trilh\u00f5es<br>5. \u00cdndia \u2013 US$ 3,73 trilh\u00f5es<br>6. Reino Unido \u2013 US$ 3,33 trilh\u00f5es<br>7. Fran\u00e7a \u2013 US$ 3,05 trilh\u00f5es<br>8. It\u00e1lia \u2013 US$ 2,19 trilh\u00f5es<br>9. Brasil \u2013 US$ 2,13 trilh\u00f5es<br>10. Canad\u00e1 \u2013 US$ 2,12 trilh\u00f5es<\/p>\n\n\n\n<p>Fonte: Fundo Monet\u00e1rio Internacional<\/p>\n\n\n\t<p>\n\t\t<a href=\"https:\/\/lp.suno.com.br\/ebook-gratuito-investindo-no-exterior\/\" target=\"_blank\" data-element=\"shortcode-suno-banner\" title=\"Banner SUNO, clique e saiba mais\">\n\t\t\t<picture>\n\t\t\t\t<source media=\"(max-width: 500px)\" srcset=\"https:\/\/files.sunoresearch.com.br\/n\/uploads\/2023\/03\/400x300-Investindo-no-exterior.png\">\n\t\t\t\t<img class=\"newsContent__article__imgCapa newsContent__article__imgCapa--banner\"\n\t\t\t\t\tsrc=\"https:\/\/files.sunoresearch.com.br\/n\/uploads\/2023\/03\/1420x240-Investindo-no-exterior.png\"\n\t\t\t\t\tdata-promo-id=\"383161\"\t\t\t\t\t\t\t\t\t\twidth='1420' height='240'\t\t\t\t\talt=\"https:\/\/files.sunoresearch.com.br\/n\/uploads\/2023\/03\/1420x240-Investindo-no-exterior.png\"\n\t\t\t\t>\n\t\t\t<\/picture>\n\t\t<\/a>\n\t<\/p>\n\n\n\n\n\n<h2 class=\"wp-block-heading\">S&amp;P eleva rating do Brasil para \u2018BB\u2019, com perspectiva est\u00e1vel, ap\u00f3s aprova\u00e7\u00e3o da reforma tribut\u00e1ria<\/h2>\n\n\n\n<p>A ag\u00eancia de avalia\u00e7\u00e3o de risco&nbsp;<strong>S&amp;P Global Ratings<\/strong>&nbsp;anunciou hoje (19) um aumento na nota de cr\u00e9dito do Brasil de BB- para BB. A perspectiva atribu\u00edda \u00e9 est\u00e1vel.<\/p>\n\n\n\n<p>Apesar da melhoria no&nbsp;<strong>rating do Brasil<\/strong>, a classifica\u00e7\u00e3o ainda indica um \u201c<a class=\"suno-keyword\" target=\"_blank\" data-force=\"no\" data-priority=\"1\" href=\"https:\/\/www.suno.com.br\/artigos\/grau-especulativo\/\" rel=\"noopener\">grau especulativo<\/a>\u201d. Segundo a&nbsp;<strong>S&amp;P<\/strong>, isso sugere que o Brasil est\u00e1 menos suscet\u00edvel a riscos a <a class=\"suno-keyword\" target=\"_blank\" data-force=\"no\" data-priority=\"1\" href=\"https:\/\/www.suno.com.br\/artigos\/curto-prazo\/\" rel=\"noopener\">curto prazo<\/a>, mas continua a enfrentar incertezas em rela\u00e7\u00e3o \u00e0s condi\u00e7\u00f5es financeiras e econ\u00f4micas adversas.<\/p>\n\n\n\n<p>\u201cA perspectiva est\u00e1vel reflete nossa expectativa de que o Brasil manter\u00e1 uma posi\u00e7\u00e3o externa forte, gra\u00e7as \u00e0 forte produ\u00e7\u00e3o de commodities e \u00e0s necessidades limitadas de financiamento externo\u201d, diz a&nbsp;<strong>ag\u00eancia de classifica\u00e7\u00e3o de risco<\/strong>.<\/p>\n\n\n\n<p>Para a S&amp;P, a estrutura institucional do Brasil \u00e9 destacada como capaz de sustentar a formula\u00e7\u00e3o de pol\u00edticas est\u00e1veis e pragm\u00e1ticas, fundamentadas em \u201ccontroles e equil\u00edbrios\u201d abrangentes em todos os poderes.&nbsp;<\/p>\n\n\n\n<p>Na semana passada, a Fitch, que foi a primeira a elevar a nota do Brasil este ano, j\u00e1 havia reiterado o rating soberano, tamb\u00e9m classificado como \u2018BB\u2019.<\/p>\n\n\n\n<p>\u201d A&nbsp;<strong>estrutura institucional do Brasil&nbsp;<\/strong>pode sustentar a formula\u00e7\u00e3o de pol\u00edticas est\u00e1veis e pragm\u00e1ticas, com base em amplos freios e contrapesos nos poderes executivo, legislativo e judici\u00e1rio do governo. Esperamos uma corre\u00e7\u00e3o fiscal muito gradual, mas antecipamos que os d\u00e9ficits fiscais permanecer\u00e3o elevados\u201d, diz a ag\u00eancia.<\/p>\n\n\n\n<p>A S&amp;P indica que prev\u00ea uma corre\u00e7\u00e3o fiscal de modo muito gradual, antecipando a manuten\u00e7\u00e3o de d\u00e9ficits fiscais expressivos.<\/p>\n\n\n\n<p>No entanto, a ag\u00eancia alerta para poss\u00edveis impactos negativos, afirmando que poder\u00e1 rebaixar a nota do Brasil em caso de uma deteriora\u00e7\u00e3o fiscal adicional e um aumento da <a class=\"suno-keyword\" target=\"_blank\" data-force=\"no\" data-priority=\"1\" href=\"https:\/\/www.suno.com.br\/artigos\/divida-publica\/\" rel=\"noopener\">d\u00edvida p\u00fablica<\/a> al\u00e9m das expectativas. Acrescenta que uma piora na sinaliza\u00e7\u00e3o pol\u00edtica tamb\u00e9m poder\u00e1 reduzir os fluxos de <a class=\"suno-keyword\" target=\"_blank\" data-force=\"no\" data-priority=\"1\" href=\"https:\/\/www.suno.com.br\/artigos\/investimento-estrangeiro-direto-ied\/\" rel=\"noopener\">investimento estrangeiro direto<\/a>, enfraquecendo, assim, a economia brasileira.<\/p>\n\n\n\n\t<div data-element=\"shortcode-read-more\" class=\"readToo\">\n\t\t\t\t<span class=\"readToo__title\">Leia mais<\/span>\n\t\t\t\t<ul class=\"readToo__list\">\n\t\t\t<li><a href=\"https:\/\/www.suno.com.br\/noticias\/gestores-ibovespa-acima-140-mil-pontos-mostra-bofa-va\/\">Ibovespa: gestores de fundos projetam \u00edndice acima dos 140 mil pontos, mostra pesquisa do BofA\u00a0\u00a0<\/a><\/li><li><a href=\"https:\/\/www.suno.com.br\/noticias\/ibovespa-maxima-historica-fechamento-gss\/\">Ibovespa sobe e renova m\u00e1xima hist\u00f3rica, perto dos 132 mil pontos; Braskem (BRKM5) lidera ganhos e Embraer (EMBR3) tem a maior queda<\/a><\/li><li><a href=\"https:\/\/www.suno.com.br\/noticias\/sp-global-ratings-eleva-rating-brasil-va\/\">S&#038;P eleva rating do Brasil para &#8216;BB&#8217;, com perspectiva est\u00e1vel, ap\u00f3s aprova\u00e7\u00e3o da reforma tribut\u00e1ria<\/a><\/li>\t\t<\/ul>\n\t<\/div>\n\n\n\n\n<p>Com Ag\u00eancia Brasil<\/p>\n\n\n\t<p>\n\t\t<a href=\"https:\/\/lp.suno.com.br\/planilha-da-vida-financeira\/\" target=\"_blank\" data-element=\"shortcode-suno-banner\" title=\"Banner SUNO, clique e saiba mais\">\n\t\t\t<picture>\n\t\t\t\t<source media=\"(max-width: 500px)\" srcset=\"https:\/\/files.sunoresearch.com.br\/n\/uploads\/2023\/04\/400x300-Planilha-vida-financeira-true.png\">\n\t\t\t\t<img class=\"newsContent__article__imgCapa newsContent__article__imgCapa--banner\"\n\t\t\t\t\tsrc=\"https:\/\/files.sunoresearch.com.br\/n\/uploads\/2023\/04\/1420x240-Planilha-vida-financeira-true.png\"\n\t\t\t\t\tdata-promo-id=\"383123\"\t\t\t\t\t\t\t\t\t\twidth='1420' height='240'\t\t\t\t\talt=\"https:\/\/files.sunoresearch.com.br\/n\/uploads\/2023\/04\/1420x240-Planilha-vida-financeira-true.png\"\n\t\t\t\t>\n\t\t\t<\/picture>\n\t\t<\/a>\n\t<\/p>\n\n\n","protected":false},"excerpt":{"rendered":"<p>Com previs\u00e3o de crescimento de 3,1% no Produto Interno Bruto (PIB) neste ano, o Brasil saltar\u00e1 duas posi\u00e7\u00f5es e se tornar\u00e1 a nona economia do mundo em 2023, divulgou nesta ter\u00e7a-feira (19) o Fundo Monet\u00e1rio Internacional (FMI). Segundo a institui\u00e7\u00e3o, o pa\u00eds dever\u00e1 encerrar o ano com PIB nominal de US$ 2,13 trilh\u00f5es, ultrapassando o [&hellip;]<\/p>\n","protected":false},"author":43,"featured_media":408632,"comment_status":"closed","ping_status":"closed","sticky":false,"template":"","format":"standard","meta":[],"categories":[62],"tags":[806,807],"suno_strategy":[],"class_list":["post-502819","post","type-post","status-publish","format-standard","has-post-thumbnail","hentry","category-economia","tag-fundo-monetario-internacional-fmi","tag-produto-interno-bruto-pib"],"yoast_head":"<!-- This site is optimized with the Yoast SEO plugin v24.4 - https:\/\/yoast.com\/wordpress\/plugins\/seo\/ -->\n<title>Brasil salta duas posi\u00e7\u00f5es e se torna a nona economia do mundo em 2023<\/title>\n<meta name=\"description\" content=\"Com previs\u00e3o de crescimento de 3,1% no PIB neste ano, o Brasil saltar\u00e1 duas posi\u00e7\u00f5es e se tornar\u00e1 a 9\u00aa economia do mundo em 2023\" \/>\n<meta name=\"robots\" content=\"index, follow, max-snippet:-1, max-image-preview:large, max-video-preview:-1\" \/>\n<link rel=\"canonical\" href=\"https:\/\/www.suno.com.br\/noticias\/brasil-nona-economia-do-mundo-em-2023\/\" \/>\n<meta property=\"og:locale\" content=\"pt_BR\" \/>\n<meta property=\"og:type\" content=\"article\" \/>\n<meta property=\"og:title\" content=\"Brasil salta duas posi\u00e7\u00f5es e se torna a nona economia do mundo em 2023\" \/>\n<meta property=\"og:description\" content=\"Com previs\u00e3o de crescimento de 3,1% no PIB neste ano, o Brasil saltar\u00e1 duas posi\u00e7\u00f5es e se tornar\u00e1 a 9\u00aa economia do mundo em 2023\" \/>\n<meta property=\"og:url\" content=\"https:\/\/www.suno.com.br\/noticias\/brasil-nona-economia-do-mundo-em-2023\/\" \/>\n<meta property=\"og:site_name\" content=\"Suno Not\u00edcias\" \/>\n<meta property=\"article:publisher\" content=\"https:\/\/facebook.com\/sunoresearch\" \/>\n<meta property=\"article:author\" content=\"https:\/\/www.facebook.com\/sunonoticias\/\" \/>\n<meta property=\"og:image\" content=\"https:\/\/files.sunoresearch.com.br\/n\/uploads\/2023\/05\/economia-alta.jpg\" \/>\n\t<meta property=\"og:image:width\" content=\"1200\" \/>\n\t<meta property=\"og:image:height\" content=\"800\" \/>\n\t<meta property=\"og:image:type\" content=\"image\/jpeg\" \/>\n<meta name=\"author\" content=\"Reda\u00e7\u00e3o Suno Not\u00edcias\" \/>\n<meta name=\"twitter:card\" content=\"summary_large_image\" \/>\n<meta name=\"twitter:creator\" content=\"@https:\/\/twitter.com\/sunoresearch\" \/>\n<meta name=\"twitter:site\" content=\"@sunoresearch\" \/>\n<meta name=\"twitter:label1\" content=\"Escrito por\" \/>\n\t<meta name=\"twitter:data1\" content=\"Reda\u00e7\u00e3o Suno Not\u00edcias\" \/>\n\t<meta name=\"twitter:label2\" content=\"Est. tempo de leitura\" \/>\n\t<meta name=\"twitter:data2\" content=\"4 minutos\" \/>\n<script type=\"application\/ld+json\" class=\"yoast-schema-graph\">{\"@context\":\"https:\/\/schema.org\",\"@graph\":[{\"@type\":\"NewsArticle\",\"@id\":\"https:\/\/www.suno.com.br\/noticias\/brasil-nona-economia-do-mundo-em-2023\/#article\",\"isPartOf\":{\"@id\":\"https:\/\/www.suno.com.br\/noticias\/brasil-nona-economia-do-mundo-em-2023\/\"},\"author\":{\"name\":\"Reda\u00e7\u00e3o Suno Not\u00edcias\",\"@id\":\"https:\/\/www.suno.com.br\/noticias\/#\/schema\/person\/c1b1bd3727fa852bd045e9dbff3673ea\"},\"headline\":\"Brasil salta duas posi\u00e7\u00f5es e se torna a nona economia do mundo em 2023\",\"datePublished\":\"2023-12-20T01:21:19+00:00\",\"dateModified\":\"2023-12-20T01:21:23+00:00\",\"mainEntityOfPage\":{\"@id\":\"https:\/\/www.suno.com.br\/noticias\/brasil-nona-economia-do-mundo-em-2023\/\"},\"wordCount\":682,\"publisher\":{\"@id\":\"https:\/\/www.suno.com.br\/noticias\/#organization\"},\"image\":{\"@id\":\"https:\/\/www.suno.com.br\/noticias\/brasil-nona-economia-do-mundo-em-2023\/#primaryimage\"},\"thumbnailUrl\":\"https:\/\/files.sunoresearch.com.br\/n\/uploads\/2023\/05\/economia-alta.jpg\",\"keywords\":[\"Fundo Monet\u00e1rio Internacional (FMI)\",\"Produto Interno Bruto (PIB)\"],\"articleSection\":[\"Economia\"],\"inLanguage\":\"pt-BR\"},{\"@type\":\"WebPage\",\"@id\":\"https:\/\/www.suno.com.br\/noticias\/brasil-nona-economia-do-mundo-em-2023\/\",\"url\":\"https:\/\/www.suno.com.br\/noticias\/brasil-nona-economia-do-mundo-em-2023\/\",\"name\":\"Brasil salta duas posi\u00e7\u00f5es e se torna a nona economia do mundo em 2023\",\"isPartOf\":{\"@id\":\"https:\/\/www.suno.com.br\/noticias\/#website\"},\"primaryImageOfPage\":{\"@id\":\"https:\/\/www.suno.com.br\/noticias\/brasil-nona-economia-do-mundo-em-2023\/#primaryimage\"},\"image\":{\"@id\":\"https:\/\/www.suno.com.br\/noticias\/brasil-nona-economia-do-mundo-em-2023\/#primaryimage\"},\"thumbnailUrl\":\"https:\/\/files.sunoresearch.com.br\/n\/uploads\/2023\/05\/economia-alta.jpg\",\"datePublished\":\"2023-12-20T01:21:19+00:00\",\"dateModified\":\"2023-12-20T01:21:23+00:00\",\"description\":\"Com previs\u00e3o de crescimento de 3,1% no PIB neste ano, o Brasil saltar\u00e1 duas posi\u00e7\u00f5es e se tornar\u00e1 a 9\u00aa economia do mundo em 2023\",\"breadcrumb\":{\"@id\":\"https:\/\/www.suno.com.br\/noticias\/brasil-nona-economia-do-mundo-em-2023\/#breadcrumb\"},\"inLanguage\":\"pt-BR\",\"potentialAction\":[{\"@type\":\"ReadAction\",\"target\":[\"https:\/\/www.suno.com.br\/noticias\/brasil-nona-economia-do-mundo-em-2023\/\"]}]},{\"@type\":\"ImageObject\",\"inLanguage\":\"pt-BR\",\"@id\":\"https:\/\/www.suno.com.br\/noticias\/brasil-nona-economia-do-mundo-em-2023\/#primaryimage\",\"url\":\"https:\/\/files.sunoresearch.com.br\/n\/uploads\/2023\/05\/economia-alta.jpg\",\"contentUrl\":\"https:\/\/files.sunoresearch.com.br\/n\/uploads\/2023\/05\/economia-alta.jpg\",\"width\":1200,\"height\":800,\"caption\":\"Brasil - Foto: iStock\"},{\"@type\":\"BreadcrumbList\",\"@id\":\"https:\/\/www.suno.com.br\/noticias\/brasil-nona-economia-do-mundo-em-2023\/#breadcrumb\",\"itemListElement\":[{\"@type\":\"ListItem\",\"position\":1,\"name\":\"Not\u00edcias\",\"item\":\"https:\/\/www.suno.com.br\/noticias\/\"},{\"@type\":\"ListItem\",\"position\":2,\"name\":\"Economia\",\"item\":\"https:\/\/www.suno.com.br\/noticias\/economia\/\"},{\"@type\":\"ListItem\",\"position\":3,\"name\":\"Brasil salta duas posi\u00e7\u00f5es e se torna a nona economia do mundo em 2023\"}]},{\"@type\":\"WebSite\",\"@id\":\"https:\/\/www.suno.com.br\/noticias\/#website\",\"url\":\"https:\/\/www.suno.com.br\/noticias\/\",\"name\":\"Suno Not\u00edcias\",\"description\":\"Seu portal de informa\u00e7\u00e3o sobre o mundo dos investimentos\",\"publisher\":{\"@id\":\"https:\/\/www.suno.com.br\/noticias\/#organization\"},\"potentialAction\":[{\"@type\":\"SearchAction\",\"target\":{\"@type\":\"EntryPoint\",\"urlTemplate\":\"https:\/\/www.suno.com.br\/noticias\/?s={search_term_string}\"},\"query-input\":{\"@type\":\"PropertyValueSpecification\",\"valueRequired\":true,\"valueName\":\"search_term_string\"}}],\"inLanguage\":\"pt-BR\"},{\"@type\":\"Organization\",\"@id\":\"https:\/\/www.suno.com.br\/noticias\/#organization\",\"name\":\"Suno Not\u00edcias\",\"url\":\"https:\/\/www.suno.com.br\/noticias\/\",\"logo\":{\"@type\":\"ImageObject\",\"inLanguage\":\"pt-BR\",\"@id\":\"https:\/\/www.suno.com.br\/noticias\/#\/schema\/logo\/image\/\",\"url\":\"https:\/\/files.sunoresearch.com.br\/n\/uploads\/2021\/09\/suno-logo.png\",\"contentUrl\":\"https:\/\/files.sunoresearch.com.br\/n\/uploads\/2021\/09\/suno-logo.png\",\"width\":180,\"height\":180,\"caption\":\"Suno Not\u00edcias\"},\"image\":{\"@id\":\"https:\/\/www.suno.com.br\/noticias\/#\/schema\/logo\/image\/\"},\"sameAs\":[\"https:\/\/facebook.com\/sunoresearch\",\"https:\/\/x.com\/sunoresearch\",\"https:\/\/www.instagram.com\/suno\",\"https:\/\/www.linkedin.com\/company\/suno-research\/\",\"https:\/\/www.youtube.com\/c\/sunoresearch\"]},{\"@type\":\"Person\",\"@id\":\"https:\/\/www.suno.com.br\/noticias\/#\/schema\/person\/c1b1bd3727fa852bd045e9dbff3673ea\",\"name\":\"Reda\u00e7\u00e3o Suno Not\u00edcias\",\"image\":{\"@type\":\"ImageObject\",\"inLanguage\":\"pt-BR\",\"@id\":\"https:\/\/www.suno.com.br\/noticias\/#\/schema\/person\/image\/\",\"url\":\"https:\/\/secure.gravatar.com\/avatar\/b8104b9b5a71985d5238ee59fbe418af?s=96&r=g\",\"contentUrl\":\"https:\/\/secure.gravatar.com\/avatar\/b8104b9b5a71985d5238ee59fbe418af?s=96&r=g\",\"caption\":\"Reda\u00e7\u00e3o Suno Not\u00edcias\"},\"description\":\"O Suno Not\u00edcias \u00e9 um portal de informa\u00e7\u00f5es sobre Mercado Financeiro, Pol\u00edtica, Neg\u00f3cios, Economia e Finan\u00e7as Pessoais.\",\"sameAs\":[\"https:\/\/www.suno.com.br\/noticias\",\"https:\/\/www.facebook.com\/sunonoticias\/\",\"https:\/\/www.instagram.com\/sunonoticias\/\",\"https:\/\/x.com\/https:\/\/twitter.com\/sunoresearch\",\"https:\/\/www.youtube.com\/sunonoticias\"],\"url\":\"https:\/\/www.suno.com.br\/noticias\/author\/redacao-suno\/\"}]}<\/script>\n<!-- \/ Yoast SEO plugin. -->","yoast_head_json":{"title":"Brasil salta duas posi\u00e7\u00f5es e se torna a nona economia do mundo em 2023","description":"Com previs\u00e3o de crescimento de 3,1% no PIB neste ano, o Brasil saltar\u00e1 duas posi\u00e7\u00f5es e se tornar\u00e1 a 9\u00aa economia do mundo em 2023","robots":{"index":"index","follow":"follow","max-snippet":"max-snippet:-1","max-image-preview":"max-image-preview:large","max-video-preview":"max-video-preview:-1"},"canonical":"https:\/\/www.suno.com.br\/noticias\/brasil-nona-economia-do-mundo-em-2023\/","og_locale":"pt_BR","og_type":"article","og_title":"Brasil salta duas posi\u00e7\u00f5es e se torna a nona economia do mundo em 2023","og_description":"Com previs\u00e3o de crescimento de 3,1% no PIB neste ano, o Brasil saltar\u00e1 duas posi\u00e7\u00f5es e se tornar\u00e1 a 9\u00aa economia do mundo em 2023","og_url":"https:\/\/www.suno.com.br\/noticias\/brasil-nona-economia-do-mundo-em-2023\/","og_site_name":"Suno Not\u00edcias","article_publisher":"https:\/\/facebook.com\/sunoresearch","article_author":"https:\/\/www.facebook.com\/sunonoticias\/","og_image":[{"width":1200,"height":800,"url":"https:\/\/files.sunoresearch.com.br\/n\/uploads\/2023\/05\/economia-alta.jpg","type":"image\/jpeg"}],"author":"Reda\u00e7\u00e3o Suno Not\u00edcias","twitter_card":"summary_large_image","twitter_creator":"@https:\/\/twitter.com\/sunoresearch","twitter_site":"@sunoresearch","twitter_misc":{"Escrito por":"Reda\u00e7\u00e3o Suno Not\u00edcias","Est. tempo de leitura":"4 minutos"},"schema":{"@context":"https:\/\/schema.org","@graph":[{"@type":"NewsArticle","@id":"https:\/\/www.suno.com.br\/noticias\/brasil-nona-economia-do-mundo-em-2023\/#article","isPartOf":{"@id":"https:\/\/www.suno.com.br\/noticias\/brasil-nona-economia-do-mundo-em-2023\/"},"author":{"name":"Reda\u00e7\u00e3o Suno Not\u00edcias","@id":"https:\/\/www.suno.com.br\/noticias\/#\/schema\/person\/c1b1bd3727fa852bd045e9dbff3673ea"},"headline":"Brasil salta duas posi\u00e7\u00f5es e se torna a nona economia do mundo em 2023","datePublished":"2023-12-20T01:21:19+00:00","dateModified":"2023-12-20T01:21:23+00:00","mainEntityOfPage":{"@id":"https:\/\/www.suno.com.br\/noticias\/brasil-nona-economia-do-mundo-em-2023\/"},"wordCount":682,"publisher":{"@id":"https:\/\/www.suno.com.br\/noticias\/#organization"},"image":{"@id":"https:\/\/www.suno.com.br\/noticias\/brasil-nona-economia-do-mundo-em-2023\/#primaryimage"},"thumbnailUrl":"https:\/\/files.sunoresearch.com.br\/n\/uploads\/2023\/05\/economia-alta.jpg","keywords":["Fundo Monet\u00e1rio Internacional (FMI)","Produto Interno Bruto (PIB)"],"articleSection":["Economia"],"inLanguage":"pt-BR"},{"@type":"WebPage","@id":"https:\/\/www.suno.com.br\/noticias\/brasil-nona-economia-do-mundo-em-2023\/","url":"https:\/\/www.suno.com.br\/noticias\/brasil-nona-economia-do-mundo-em-2023\/","name":"Brasil salta duas posi\u00e7\u00f5es e se torna a nona economia do mundo em 2023","isPartOf":{"@id":"https:\/\/www.suno.com.br\/noticias\/#website"},"primaryImageOfPage":{"@id":"https:\/\/www.suno.com.br\/noticias\/brasil-nona-economia-do-mundo-em-2023\/#primaryimage"},"image":{"@id":"https:\/\/www.suno.com.br\/noticias\/brasil-nona-economia-do-mundo-em-2023\/#primaryimage"},"thumbnailUrl":"https:\/\/files.sunoresearch.com.br\/n\/uploads\/2023\/05\/economia-alta.jpg","datePublished":"2023-12-20T01:21:19+00:00","dateModified":"2023-12-20T01:21:23+00:00","description":"Com previs\u00e3o de crescimento de 3,1% no PIB neste ano, o Brasil saltar\u00e1 duas posi\u00e7\u00f5es e se tornar\u00e1 a 9\u00aa economia do mundo em 2023","breadcrumb":{"@id":"https:\/\/www.suno.com.br\/noticias\/brasil-nona-economia-do-mundo-em-2023\/#breadcrumb"},"inLanguage":"pt-BR","potentialAction":[{"@type":"ReadAction","target":["https:\/\/www.suno.com.br\/noticias\/brasil-nona-economia-do-mundo-em-2023\/"]}]},{"@type":"ImageObject","inLanguage":"pt-BR","@id":"https:\/\/www.suno.com.br\/noticias\/brasil-nona-economia-do-mundo-em-2023\/#primaryimage","url":"https:\/\/files.sunoresearch.com.br\/n\/uploads\/2023\/05\/economia-alta.jpg","contentUrl":"https:\/\/files.sunoresearch.com.br\/n\/uploads\/2023\/05\/economia-alta.jpg","width":1200,"height":800,"caption":"Brasil - Foto: iStock"},{"@type":"BreadcrumbList","@id":"https:\/\/www.suno.com.br\/noticias\/brasil-nona-economia-do-mundo-em-2023\/#breadcrumb","itemListElement":[{"@type":"ListItem","position":1,"name":"Not\u00edcias","item":"https:\/\/www.suno.com.br\/noticias\/"},{"@type":"ListItem","position":2,"name":"Economia","item":"https:\/\/www.suno.com.br\/noticias\/economia\/"},{"@type":"ListItem","position":3,"name":"Brasil salta duas posi\u00e7\u00f5es e se torna a nona economia do mundo em 2023"}]},{"@type":"WebSite","@id":"https:\/\/www.suno.com.br\/noticias\/#website","url":"https:\/\/www.suno.com.br\/noticias\/","name":"Suno Not\u00edcias","description":"Seu portal de informa\u00e7\u00e3o sobre o mundo dos investimentos","publisher":{"@id":"https:\/\/www.suno.com.br\/noticias\/#organization"},"potentialAction":[{"@type":"SearchAction","target":{"@type":"EntryPoint","urlTemplate":"https:\/\/www.suno.com.br\/noticias\/?s={search_term_string}"},"query-input":{"@type":"PropertyValueSpecification","valueRequired":true,"valueName":"search_term_string"}}],"inLanguage":"pt-BR"},{"@type":"Organization","@id":"https:\/\/www.suno.com.br\/noticias\/#organization","name":"Suno Not\u00edcias","url":"https:\/\/www.suno.com.br\/noticias\/","logo":{"@type":"ImageObject","inLanguage":"pt-BR","@id":"https:\/\/www.suno.com.br\/noticias\/#\/schema\/logo\/image\/","url":"https:\/\/files.sunoresearch.com.br\/n\/uploads\/2021\/09\/suno-logo.png","contentUrl":"https:\/\/files.sunoresearch.com.br\/n\/uploads\/2021\/09\/suno-logo.png","width":180,"height":180,"caption":"Suno Not\u00edcias"},"image":{"@id":"https:\/\/www.suno.com.br\/noticias\/#\/schema\/logo\/image\/"},"sameAs":["https:\/\/facebook.com\/sunoresearch","https:\/\/x.com\/sunoresearch","https:\/\/www.instagram.com\/suno","https:\/\/www.linkedin.com\/company\/suno-research\/","https:\/\/www.youtube.com\/c\/sunoresearch"]},{"@type":"Person","@id":"https:\/\/www.suno.com.br\/noticias\/#\/schema\/person\/c1b1bd3727fa852bd045e9dbff3673ea","name":"Reda\u00e7\u00e3o Suno Not\u00edcias","image":{"@type":"ImageObject","inLanguage":"pt-BR","@id":"https:\/\/www.suno.com.br\/noticias\/#\/schema\/person\/image\/","url":"https:\/\/secure.gravatar.com\/avatar\/b8104b9b5a71985d5238ee59fbe418af?s=96&r=g","contentUrl":"https:\/\/secure.gravatar.com\/avatar\/b8104b9b5a71985d5238ee59fbe418af?s=96&r=g","caption":"Reda\u00e7\u00e3o Suno Not\u00edcias"},"description":"O Suno Not\u00edcias \u00e9 um portal de informa\u00e7\u00f5es sobre Mercado Financeiro, Pol\u00edtica, Neg\u00f3cios, Economia e Finan\u00e7as Pessoais.","sameAs":["https:\/\/www.suno.com.br\/noticias","https:\/\/www.facebook.com\/sunonoticias\/","https:\/\/www.instagram.com\/sunonoticias\/","https:\/\/x.com\/https:\/\/twitter.com\/sunoresearch","https:\/\/www.youtube.com\/sunonoticias"],"url":"https:\/\/www.suno.com.br\/noticias\/author\/redacao-suno\/"}]}},"default_loop_html":"<div class=\"cardsPage__listCard__boxs\"><div class=\"cardsPage__listCard__boxs__img\"><a href=\"https:\/\/www.suno.com.br\/noticias\/brasil-nona-economia-do-mundo-em-2023\/\"><img class=\"mask\" src=\"https:\/\/www.suno.com.br\/noticias\/wp-content\/themes\/suno\/resources\/images\/spotlight\/spotlight1img\/bg-mask.png\" alt=\"Image Mask\"\/><img src=\"https:\/\/files.sunoresearch.com.br\/n\/uploads\/2023\/05\/economia-alta-400x200.jpg\" alt=\"Brasil salta duas posi\u00e7\u00f5es e se torna a nona economia do mundo em 2023\"\/><\/a><span class=\"spotlightCategory\"><a href=\"https:\/\/www.suno.com.br\/noticias\/economia\/\">Economia<\/a><\/span><\/div><div class=\"cardsPage__listCard__boxs__content\"><a href=\"https:\/\/www.suno.com.br\/noticias\/brasil-nona-economia-do-mundo-em-2023\/\"><h2 class=\"content__title\">Brasil salta duas posi\u00e7\u00f5es e se torna a nona economia do mundo em 2023<\/h2><\/a><div class=\"newsContent__article__meta\"><div class=\"newsContent__article__meta__authorBox\"><a href=\"https:\/\/www.suno.com.br\/noticias\/author\/vini08correiagmail-com\/\" class=\"authorBox__avatar noMobi\"><img src=\"https:\/\/files.sunoresearch.com.br\/n\/uploads\/2026\/04\/WhatsApp-Image-2026-04-20-at-19.35.48-150x150.webp\" alt=\"Vin\u00edcius Alves\"><\/a><div class=\"authorBox__name\"><span>por\n\t\t\t<a href=\"https:\/\/www.suno.com.br\/noticias\/author\/vini08correiagmail-com\/\"><span itemprop=\"author\">Vin\u00edcius Alves<\/span><\/a><\/span><time datetime=\"2023-12-19T22:21:19-03:00\" itemprop=\"datePublished\">19\/12\/2023 22:21<\/time><\/div><\/div><\/div><\/div><\/div>","single_layout":"posts","amp_enabled":true,"_links":{"self":[{"href":"https:\/\/www.suno.com.br\/noticias\/wp-json\/wp\/v2\/posts\/502819"}],"collection":[{"href":"https:\/\/www.suno.com.br\/noticias\/wp-json\/wp\/v2\/posts"}],"about":[{"href":"https:\/\/www.suno.com.br\/noticias\/wp-json\/wp\/v2\/types\/post"}],"author":[{"embeddable":true,"href":"https:\/\/www.suno.com.br\/noticias\/wp-json\/wp\/v2\/users\/43"}],"replies":[{"embeddable":true,"href":"https:\/\/www.suno.com.br\/noticias\/wp-json\/wp\/v2\/comments?post=502819"}],"version-history":[{"count":2,"href":"https:\/\/www.suno.com.br\/noticias\/wp-json\/wp\/v2\/posts\/502819\/revisions"}],"predecessor-version":[{"id":503080,"href":"https:\/\/www.suno.com.br\/noticias\/wp-json\/wp\/v2\/posts\/502819\/revisions\/503080"}],"wp:featuredmedia":[{"embeddable":true,"href":"https:\/\/www.suno.com.br\/noticias\/wp-json\/wp\/v2\/media\/408632"}],"wp:attachment":[{"href":"https:\/\/www.suno.com.br\/noticias\/wp-json\/wp\/v2\/media?parent=502819"}],"wp:term":[{"taxonomy":"category","embeddable":true,"href":"https:\/\/www.suno.com.br\/noticias\/wp-json\/wp\/v2\/categories?post=502819"},{"taxonomy":"post_tag","embeddable":true,"href":"https:\/\/www.suno.com.br\/noticias\/wp-json\/wp\/v2\/tags?post=502819"},{"taxonomy":"suno_strategy","embeddable":true,"href":"https:\/\/www.suno.com.br\/noticias\/wp-json\/wp\/v2\/suno_strategy?post=502819"}],"curies":[{"name":"wp","href":"https:\/\/api.w.org\/{rel}","templated":true}]}}