{"id":502532,"date":"2023-12-19T09:33:14","date_gmt":"2023-12-19T12:33:14","guid":{"rendered":"https:\/\/www.suno.com.br\/noticias\/?p=502532"},"modified":"2023-12-19T09:37:52","modified_gmt":"2023-12-19T12:37:52","slug":"telefonica-vivt3-auren-aure3-jv-energia-renovavel-gpj","status":"publish","type":"post","link":"https:\/\/www.suno.com.br\/noticias\/telefonica-vivt3-auren-aure3-jv-energia-renovavel-gpj\/","title":{"rendered":"Telef\u00f4nica (VIVT3) e Auren (AURE3) criam joint venture focada em energia renov\u00e1vel; saiba mais"},"content":{"rendered":"<p>A <strong>Telef\u00f4nica <\/strong>Brasil (<a href=\"https:\/\/www.suno.com.br\/acoes\/vivt3\/\" target=\"_blank\" rel=\"noreferrer noopener\">VIVT3<\/a>) e a Auren Energia (AURE3), por meio de sua controlada Auren Comercializadora de Energia, firmaram acordo de investimento para a constitui\u00e7\u00e3o de uma joint venture, focada na comercializa\u00e7\u00e3o de solu\u00e7\u00f5es customizadas em energia renov\u00e1vel em todo o Brasil.<\/p>\t<div class=\"wrapper-featured-image\">\n\t\t<figure class=\"spotlightImg\">\n\n\t\t\t<picture>\n\t\t\t\t<source media=\"(max-width: 768px)\" srcset=\"https:\/\/files.sunoresearch.com.br\/n\/uploads\/2019\/09\/804d60e4-telef\u00f3nica-400x200.webp\">\n\t\t\t\t<img loading=\"lazy\" decoding=\"async\" class=\"newsContent__article__imgCapa lazyloadDisabled \" src=\"https:\/\/files.sunoresearch.com.br\/n\/uploads\/2019\/09\/804d60e4-telef\u00f3nica-800x450.webp\" width=\"800\" height=\"450\" alt=\"Telef\u00f4nica (VIVT3) e Auren (AURE3) criam joint venture focada em energia renov\u00e1vel; saiba mais\" fetchpriority=high \/>\n\t\t\t<\/picture>\n\n\t\t\t<figcaption class=\"wp-caption-text wp-caption-text--show\">Telef\u00f4nica (VIVT3). Foto: Divulga\u00e7\u00e3o<\/figcaption>\n\t\t<\/figure>\n\t<\/div>\n\n\n\n\n\n\n\n\t<p>\n\t\t<a href=\"https:\/\/lp.suno.com.br\/planilha-da-vida-financeira\/\" target=\"_blank\" data-element=\"shortcode-suno-banner\" title=\"Banner SUNO, clique e saiba mais\">\n\t\t\t<picture>\n\t\t\t\t<source media=\"(max-width: 500px)\" srcset=\"https:\/\/files.sunoresearch.com.br\/n\/uploads\/2023\/04\/400x300-Planilha-vida-financeira-true.png\">\n\t\t\t\t<img class=\"newsContent__article__imgCapa newsContent__article__imgCapa--banner\"\n\t\t\t\t\tsrc=\"https:\/\/files.sunoresearch.com.br\/n\/uploads\/2023\/04\/1420x240-Planilha-vida-financeira-true.png\"\n\t\t\t\t\tdata-promo-id=\"106682\"\t\t\t\t\t\t\t\t\t\twidth='1420' height='240'\t\t\t\t\talt=\"https:\/\/files.sunoresearch.com.br\/n\/uploads\/2023\/04\/1420x240-Planilha-vida-financeira-true.png\"\n\t\t\t\t>\n\t\t\t<\/picture>\n\t\t<\/a>\n\t<\/p>\n\n\n\n\n\n<p>Em comunicado, a Telef\u00f4nica afirmou que cada acionista deter\u00e1 50% de participa\u00e7\u00e3o acion\u00e1ria.<\/p>\n\n\n\n<p>A futura joint-venture com a <strong>Auren <\/strong>pretende se posicionar no <a href=\"https:\/\/www.suno.com.br\/artigos\/mercado-livre-de-energia\/\">mercado livre de energia<\/a> do Brasil, cuja abertura vem sendo implementada de forma gradativa e, a partir de janeiro de 2024, estar\u00e1 acess\u00edvel a clientes do setor empresarial ligados \u00e0 rede de alta tens\u00e3o com demanda inferior a 500kW, diz a Telef\u00f4nica.<\/p>\n\n\n\n<p>&#8220;O potencial mercado de atua\u00e7\u00e3o da joint venture \u00e9 estimado em mais de 72 mil grandes empresas entre f\u00e1bricas, escrit\u00f3rios e estabelecimentos comerciais, al\u00e9m de preparar-se para, no futuro, atuar nos segmentos de baixa tens\u00e3o e residencial em um cen\u00e1rio de abertura total do mercado de eletricidade brasileiro&#8221;, pontua.<\/p>\n\n\n\n<p>Ainda de acordo com a Telef\u00f4nica, a conclus\u00e3o da opera\u00e7\u00e3o est\u00e1 sujeita \u00e0 obten\u00e7\u00e3o das autoriza\u00e7\u00f5es antitruste aplic\u00e1veis, condi\u00e7\u00e3o precedente para a constitui\u00e7\u00e3o da<strong> joint venture da Telef\u00f4nica com a<\/strong> <strong>Auren Energia<\/strong>.<\/p>\n\n\n\n<p>Disse tamb\u00e9m que ap\u00f3s a devida constitui\u00e7\u00e3o, a nova empresa iniciar\u00e1 os procedimentos necess\u00e1rios para obten\u00e7\u00e3o das respectivas licen\u00e7as e autoriza\u00e7\u00f5es para o desenvolvimento dos seus neg\u00f3cios, cujas atividades t\u00eam previs\u00e3o para in\u00edcio no segundo semestre de 2024, e contar\u00e1 com uma equipe pr\u00f3pria e independente.<\/p>\n\n\n\n\t<div data-element=\"shortcode-read-more\" class=\"readToo\">\n\t\t\t\t<span class=\"readToo__title\">Leia mais<\/span>\n\t\t\t\t<ul class=\"readToo__list\">\n\t\t\t<li><a href=\"https:\/\/www.suno.com.br\/noticias\/americanas-amer3-assembleia-gpj-2\/\">Americanas (AMER3) consegue maioria para aprovar plano em assembleia<\/a><\/li><li><a href=\"https:\/\/www.suno.com.br\/noticias\/segunda-parcela-decimo-terceiro-13o-salario-pagar-cpf\/\">\u00c9 amanh\u00e3: parcela do 13\u00ba sal\u00e1rio dever\u00e1 ser paga at\u00e9 esta quarta-feira (20)<\/a><\/li><li><a href=\"https:\/\/www.suno.com.br\/noticias\/cosan-csan3-debentures-32-bilhoes-evm\/\">Cosan (CSAN3) vai emitir R$ 3,2 bilh\u00f5es em deb\u00eantures<\/a><\/li>\t\t<\/ul>\n\t<\/div>\n\n\n\n\t<p>\n\t\t<a href=\"https:\/\/lp.suno.com.br\/ebook-como-analisar-uma-acao\/\" target=\"_blank\" data-element=\"shortcode-suno-banner\" title=\"Banner SUNO, clique e saiba mais\">\n\t\t\t<picture>\n\t\t\t\t<source media=\"(max-width: 500px)\" srcset=\"https:\/\/files.sunoresearch.com.br\/n\/uploads\/2023\/03\/Ebook-Acoes-Mobile.jpg\">\n\t\t\t\t<img class=\"newsContent__article__imgCapa newsContent__article__imgCapa--banner\"\n\t\t\t\t\tsrc=\"https:\/\/files.sunoresearch.com.br\/n\/uploads\/2023\/03\/Ebook-Acoes-Desktop.jpg\"\n\t\t\t\t\tdata-promo-id=\"378302\"\t\t\t\t\t\t\t\t\t\twidth='1420' height='286'\t\t\t\t\talt=\"https:\/\/files.sunoresearch.com.br\/n\/uploads\/2023\/03\/Ebook-Acoes-Desktop.jpg\"\n\t\t\t\t>\n\t\t\t<\/picture>\n\t\t<\/a>\n\t<\/p>\n\n\n\n\n\n<h2 class=\"wp-block-heading\">Telef\u00f4nica (VIVT3) vai pagar R$ 850 milh\u00f5es em JCP; veja o valor por a\u00e7\u00e3o<\/h2>\n\n\n\n<p>O\u00a0<a href=\"https:\/\/www.suno.com.br\/artigos\/conselho-administracao\/\" target=\"_blank\" rel=\"noreferrer noopener\">conselho de administra\u00e7\u00e3o<\/a>\u00a0da\u00a0Telef\u00f4nica aprovou nova distribui\u00e7\u00e3o de\u00a0<a href=\"https:\/\/www.suno.com.br\/artigos\/entenda-o-jcp\/\" target=\"_blank\" rel=\"noreferrer noopener\">juros sobre capital pr\u00f3prio<\/a>\u00a0(JCP), no valor bruto de R$ 850 milh\u00f5es, conforme comunicado na semana passada.<\/p>\n\n\n\n<p>O valor dos&nbsp;<strong>juros sobre capital pr\u00f3prio da Telef\u00f4nica<\/strong>&nbsp;est\u00e1 sujeito a reten\u00e7\u00e3o de imposto de renda na fonte com uma al\u00edquota de 15%, o que resulta em um montante l\u00edquido de IR de R$ 722,5 milh\u00f5es.<\/p>\n\n\n\n<p>Os novos proventos da companhia s\u00e3o baseados no balan\u00e7o patrimonial de 30 de novembro de 2023.<\/p>\n\n\n\n<p>Os&nbsp;<strong>JCP da Telef\u00f4nica<\/strong>, que foram declarados hoje (14), equivalem a um valor bruto de 0,5141220857 por a\u00e7\u00e3o. Considerando a reten\u00e7\u00e3o de 15% em IR (R$ 0,07711831285), o valor l\u00edquido por a\u00e7\u00e3o \u00e9 de R$ 0,43700377284.<\/p>\n\n\n\n<p>O pagamento vai ser realizado considerando a posi\u00e7\u00e3o acion\u00e1ria nos registros da Telef\u00f4nica at\u00e9 o final da sess\u00e3o de 26 de dezembro de 2023.<\/p>\n\n\n\n<p>Depois dessa&nbsp;<a target=\"_blank\" href=\"https:\/\/www.suno.com.br\/artigos\/dividendos-datas-importantes\/\" rel=\"noreferrer noopener\">data de corte<\/a>, as<strong>&nbsp;a\u00e7\u00f5es da Telef\u00f4nica&nbsp;<\/strong>v\u00e3o ser consideradas como \u201cex-juros\u201d, ou seja, os pap\u00e9is comprados em datas posteriores n\u00e3o ter\u00e3o direito ao recebimento dos proventos.<\/p>\n\n\n\n<p>A distribui\u00e7\u00e3o de proventos da empresa vai acontecer at\u00e9 30 de abril de 2024, mas a data espec\u00edfica ainda ser\u00e1 definida pela diretoria.<\/p>\n\n\n\n<h2 class=\"wp-block-heading\"><a><\/a>JCP da Telef\u00f4nica<\/h2>\n\n\n\n<ul class=\"wp-block-list\">\n<li>Valor: R$ 850.000.000,00 (R$ 722.500.000,00 l\u00edquido de IR)<\/li>\n\n\n\n<li>Valor por a\u00e7\u00e3o: R$ 0,5141220857 (R$ 0,43700377284 l\u00edquido de IR)<\/li>\n\n\n\n<li>Data de corte: 26 de dezembro de 2023<\/li>\n\n\n\n<li>Data de pagamento: at\u00e9 30 de abril de 2024<\/li>\n<\/ul>\n\n\n\n<p>Os <a href=\"https:\/\/www.suno.com.br\/artigos\/entenda-o-jcp\/\">juros sobre capital pr\u00f3prio<\/a> v\u00e3o ser imputados ao dividendo obrigat\u00f3rio do\u00a0<a href=\"https:\/\/www.suno.com.br\/artigos\/exercicio-social\/\" target=\"_blank\" rel=\"noreferrer noopener\">exerc\u00edcio social<\/a>\u00a0que se encerra em 31 de dezembro de 2023, conforme\u00a0<a href=\"https:\/\/www.suno.com.br\/artigos\/assembleia-geral-ordinaria\/\" target=\"_blank\" rel=\"noreferrer noopener\">Assembleia Geral Ordin\u00e1ria<\/a>\u00a0(AGO) de investidores que ser\u00e1 feita em 2024.<\/p>\n\n\n\n<p>Os&nbsp;<strong>proventos da Telef\u00f4nica<\/strong>&nbsp;ainda poder\u00e3o passar por ajustes, em decorr\u00eancia de eventuais compras de a\u00e7\u00f5es no \u00e2mbito do programa de recompra em vigor.<\/p>\n\n\n\n<p>Os investidores que forem imunes ou isentos de imposto de renda ter\u00e3o que provar essa condi\u00e7\u00e3o at\u00e9 o dia 4 de janeiro de 2024, juntamente ao Departamento de A\u00e7\u00f5es e Cust\u00f3dia do&nbsp;<a target=\"_blank\" href=\"https:\/\/www.suno.com.br\/acoes\/BBDC4\/\" rel=\"noreferrer noopener\">Bradesco (BBDC4)<\/a>, que \u00e9 a institui\u00e7\u00e3o deposit\u00e1ria de&nbsp;<a target=\"_blank\" href=\"https:\/\/www.suno.com.br\/artigos\/acoes-escriturais\/\" rel=\"noreferrer noopener\">a\u00e7\u00f5es escriturais<\/a>&nbsp;da&nbsp;<strong>Telef\u00f4nica<\/strong>.<\/p>\n\n\n\t<p>\n\t\t<a href=\"https:\/\/lp.suno.com.br\/planilha-da-vida-financeira\/\" target=\"_blank\" data-element=\"shortcode-suno-banner\" title=\"Banner SUNO, clique e saiba mais\">\n\t\t\t<picture>\n\t\t\t\t<source media=\"(max-width: 500px)\" srcset=\"https:\/\/files.sunoresearch.com.br\/n\/uploads\/2023\/04\/400x300-Planilha-vida-financeira-true.png\">\n\t\t\t\t<img class=\"newsContent__article__imgCapa newsContent__article__imgCapa--banner\"\n\t\t\t\t\tsrc=\"https:\/\/files.sunoresearch.com.br\/n\/uploads\/2023\/04\/1420x240-Planilha-vida-financeira-true.png\"\n\t\t\t\t\tdata-promo-id=\"383123\"\t\t\t\t\t\t\t\t\t\twidth='1420' height='240'\t\t\t\t\talt=\"https:\/\/files.sunoresearch.com.br\/n\/uploads\/2023\/04\/1420x240-Planilha-vida-financeira-true.png\"\n\t\t\t\t>\n\t\t\t<\/picture>\n\t\t<\/a>\n\t<\/p>\n\n\n","protected":false},"excerpt":{"rendered":"<p>A Telef\u00f4nica Brasil (VIVT3) e a Auren Energia (AURE3), por meio de sua controlada Auren Comercializadora de Energia, firmaram acordo de investimento para a constitui\u00e7\u00e3o de uma joint venture, focada na comercializa\u00e7\u00e3o de solu\u00e7\u00f5es customizadas em energia renov\u00e1vel em todo o Brasil. Telef\u00f4nica (VIVT3). Foto: Divulga\u00e7\u00e3o Em comunicado, a Telef\u00f4nica afirmou que cada acionista deter\u00e1 [&hellip;]<\/p>\n","protected":false},"author":313,"featured_media":38053,"comment_status":"closed","ping_status":"closed","sticky":false,"template":"","format":"standard","meta":[],"categories":[64],"tags":[106963,659],"suno_strategy":[],"class_list":["post-502532","post","type-post","status-publish","format-standard","has-post-thumbnail","hentry","category-negocios","tag-auren-aure3","tag-telefonica-vivt3"],"yoast_head":"<!-- This site is optimized with the Yoast SEO plugin v24.4 - https:\/\/yoast.com\/wordpress\/plugins\/seo\/ -->\n<title>Telef\u00f4nica e Auren criam JV focada em energia renov\u00e1vel<\/title>\n<meta name=\"description\" content=\"Em comunicado, a Telef\u00f4nica afirmou que com a nova joint venture, cada acionista deter\u00e1 50% de participa\u00e7\u00e3o acion\u00e1ria.\" \/>\n<meta name=\"robots\" content=\"index, follow, max-snippet:-1, max-image-preview:large, max-video-preview:-1\" \/>\n<link rel=\"canonical\" href=\"https:\/\/www.suno.com.br\/noticias\/telefonica-vivt3-auren-aure3-jv-energia-renovavel-gpj\/\" \/>\n<meta property=\"og:locale\" content=\"pt_BR\" \/>\n<meta property=\"og:type\" content=\"article\" \/>\n<meta property=\"og:title\" content=\"Telef\u00f4nica e Auren criam JV focada em energia renov\u00e1vel\" \/>\n<meta property=\"og:description\" content=\"Em comunicado, a Telef\u00f4nica afirmou que com a nova joint venture, cada acionista deter\u00e1 50% de participa\u00e7\u00e3o acion\u00e1ria.\" \/>\n<meta property=\"og:url\" content=\"https:\/\/www.suno.com.br\/noticias\/telefonica-vivt3-auren-aure3-jv-energia-renovavel-gpj\/\" \/>\n<meta property=\"og:site_name\" content=\"Suno Not\u00edcias\" \/>\n<meta property=\"article:publisher\" content=\"https:\/\/facebook.com\/sunoresearch\" \/>\n<meta property=\"og:image\" content=\"https:\/\/files.sunoresearch.com.br\/n\/uploads\/2019\/09\/804d60e4-telef\u00f3nica.jpg\" \/>\n\t<meta property=\"og:image:width\" content=\"4288\" \/>\n\t<meta property=\"og:image:height\" content=\"2079\" \/>\n\t<meta property=\"og:image:type\" content=\"image\/jpeg\" \/>\n<meta name=\"author\" content=\"Giovanni Porf\u00edrio Jacomino\" \/>\n<meta name=\"twitter:card\" content=\"summary_large_image\" \/>\n<meta name=\"twitter:creator\" content=\"@sunoresearch\" \/>\n<meta name=\"twitter:site\" content=\"@sunoresearch\" \/>\n<meta name=\"twitter:label1\" content=\"Escrito por\" \/>\n\t<meta name=\"twitter:data1\" content=\"Giovanni Porf\u00edrio Jacomino\" \/>\n\t<meta name=\"twitter:label2\" content=\"Est. tempo de leitura\" \/>\n\t<meta name=\"twitter:data2\" content=\"4 minutos\" \/>\n<script type=\"application\/ld+json\" class=\"yoast-schema-graph\">{\"@context\":\"https:\/\/schema.org\",\"@graph\":[{\"@type\":\"NewsArticle\",\"@id\":\"https:\/\/www.suno.com.br\/noticias\/telefonica-vivt3-auren-aure3-jv-energia-renovavel-gpj\/#article\",\"isPartOf\":{\"@id\":\"https:\/\/www.suno.com.br\/noticias\/telefonica-vivt3-auren-aure3-jv-energia-renovavel-gpj\/\"},\"author\":{\"name\":\"Giovanni Porf\u00edrio Jacomino\",\"@id\":\"https:\/\/www.suno.com.br\/noticias\/#\/schema\/person\/d0f32748bbca4bee871fa191ee4e2d40\"},\"headline\":\"Telef\u00f4nica (VIVT3) e Auren (AURE3) criam joint venture focada em energia renov\u00e1vel; saiba mais\",\"datePublished\":\"2023-12-19T12:33:14+00:00\",\"dateModified\":\"2023-12-19T12:37:52+00:00\",\"mainEntityOfPage\":{\"@id\":\"https:\/\/www.suno.com.br\/noticias\/telefonica-vivt3-auren-aure3-jv-energia-renovavel-gpj\/\"},\"wordCount\":673,\"publisher\":{\"@id\":\"https:\/\/www.suno.com.br\/noticias\/#organization\"},\"image\":{\"@id\":\"https:\/\/www.suno.com.br\/noticias\/telefonica-vivt3-auren-aure3-jv-energia-renovavel-gpj\/#primaryimage\"},\"thumbnailUrl\":\"https:\/\/files.sunoresearch.com.br\/n\/uploads\/2019\/09\/804d60e4-telef\u00f3nica-scaled.webp\",\"keywords\":[\"Auren (AURE3)\",\"Telef\u00f4nica (VIVT3)\"],\"articleSection\":[\"Neg\u00f3cios\"],\"inLanguage\":\"pt-BR\"},{\"@type\":\"WebPage\",\"@id\":\"https:\/\/www.suno.com.br\/noticias\/telefonica-vivt3-auren-aure3-jv-energia-renovavel-gpj\/\",\"url\":\"https:\/\/www.suno.com.br\/noticias\/telefonica-vivt3-auren-aure3-jv-energia-renovavel-gpj\/\",\"name\":\"Telef\u00f4nica e Auren criam JV focada em energia renov\u00e1vel\",\"isPartOf\":{\"@id\":\"https:\/\/www.suno.com.br\/noticias\/#website\"},\"primaryImageOfPage\":{\"@id\":\"https:\/\/www.suno.com.br\/noticias\/telefonica-vivt3-auren-aure3-jv-energia-renovavel-gpj\/#primaryimage\"},\"image\":{\"@id\":\"https:\/\/www.suno.com.br\/noticias\/telefonica-vivt3-auren-aure3-jv-energia-renovavel-gpj\/#primaryimage\"},\"thumbnailUrl\":\"https:\/\/files.sunoresearch.com.br\/n\/uploads\/2019\/09\/804d60e4-telef\u00f3nica-scaled.webp\",\"datePublished\":\"2023-12-19T12:33:14+00:00\",\"dateModified\":\"2023-12-19T12:37:52+00:00\",\"description\":\"Em comunicado, a Telef\u00f4nica afirmou que com a nova joint venture, cada acionista deter\u00e1 50% de participa\u00e7\u00e3o acion\u00e1ria.\",\"breadcrumb\":{\"@id\":\"https:\/\/www.suno.com.br\/noticias\/telefonica-vivt3-auren-aure3-jv-energia-renovavel-gpj\/#breadcrumb\"},\"inLanguage\":\"pt-BR\",\"potentialAction\":[{\"@type\":\"ReadAction\",\"target\":[\"https:\/\/www.suno.com.br\/noticias\/telefonica-vivt3-auren-aure3-jv-energia-renovavel-gpj\/\"]}]},{\"@type\":\"ImageObject\",\"inLanguage\":\"pt-BR\",\"@id\":\"https:\/\/www.suno.com.br\/noticias\/telefonica-vivt3-auren-aure3-jv-energia-renovavel-gpj\/#primaryimage\",\"url\":\"https:\/\/files.sunoresearch.com.br\/n\/uploads\/2019\/09\/804d60e4-telef\u00f3nica-scaled.webp\",\"contentUrl\":\"https:\/\/files.sunoresearch.com.br\/n\/uploads\/2019\/09\/804d60e4-telef\u00f3nica-scaled.webp\",\"width\":2560,\"height\":1241,\"caption\":\"Telef\u00f4nica (VIVT3). Foto: Divulga\u00e7\u00e3o\"},{\"@type\":\"BreadcrumbList\",\"@id\":\"https:\/\/www.suno.com.br\/noticias\/telefonica-vivt3-auren-aure3-jv-energia-renovavel-gpj\/#breadcrumb\",\"itemListElement\":[{\"@type\":\"ListItem\",\"position\":1,\"name\":\"Not\u00edcias\",\"item\":\"https:\/\/www.suno.com.br\/noticias\/\"},{\"@type\":\"ListItem\",\"position\":2,\"name\":\"Neg\u00f3cios\",\"item\":\"https:\/\/www.suno.com.br\/noticias\/negocios\/\"},{\"@type\":\"ListItem\",\"position\":3,\"name\":\"Telef\u00f4nica (VIVT3) e Auren (AURE3) criam joint venture focada em energia renov\u00e1vel; saiba mais\"}]},{\"@type\":\"WebSite\",\"@id\":\"https:\/\/www.suno.com.br\/noticias\/#website\",\"url\":\"https:\/\/www.suno.com.br\/noticias\/\",\"name\":\"Suno Not\u00edcias\",\"description\":\"Seu portal de informa\u00e7\u00e3o sobre o mundo dos investimentos\",\"publisher\":{\"@id\":\"https:\/\/www.suno.com.br\/noticias\/#organization\"},\"potentialAction\":[{\"@type\":\"SearchAction\",\"target\":{\"@type\":\"EntryPoint\",\"urlTemplate\":\"https:\/\/www.suno.com.br\/noticias\/?s={search_term_string}\"},\"query-input\":{\"@type\":\"PropertyValueSpecification\",\"valueRequired\":true,\"valueName\":\"search_term_string\"}}],\"inLanguage\":\"pt-BR\"},{\"@type\":\"Organization\",\"@id\":\"https:\/\/www.suno.com.br\/noticias\/#organization\",\"name\":\"Suno Not\u00edcias\",\"url\":\"https:\/\/www.suno.com.br\/noticias\/\",\"logo\":{\"@type\":\"ImageObject\",\"inLanguage\":\"pt-BR\",\"@id\":\"https:\/\/www.suno.com.br\/noticias\/#\/schema\/logo\/image\/\",\"url\":\"https:\/\/files.sunoresearch.com.br\/n\/uploads\/2021\/09\/suno-logo.png\",\"contentUrl\":\"https:\/\/files.sunoresearch.com.br\/n\/uploads\/2021\/09\/suno-logo.png\",\"width\":180,\"height\":180,\"caption\":\"Suno Not\u00edcias\"},\"image\":{\"@id\":\"https:\/\/www.suno.com.br\/noticias\/#\/schema\/logo\/image\/\"},\"sameAs\":[\"https:\/\/facebook.com\/sunoresearch\",\"https:\/\/x.com\/sunoresearch\",\"https:\/\/www.instagram.com\/suno\",\"https:\/\/www.linkedin.com\/company\/suno-research\/\",\"https:\/\/www.youtube.com\/c\/sunoresearch\"]},{\"@type\":\"Person\",\"@id\":\"https:\/\/www.suno.com.br\/noticias\/#\/schema\/person\/d0f32748bbca4bee871fa191ee4e2d40\",\"name\":\"Giovanni Porf\u00edrio Jacomino\",\"image\":{\"@type\":\"ImageObject\",\"inLanguage\":\"pt-BR\",\"@id\":\"https:\/\/www.suno.com.br\/noticias\/#\/schema\/person\/image\/\",\"url\":\"https:\/\/secure.gravatar.com\/avatar\/efb32e19b730a121cb7a80f41ffec01a?s=96&r=g\",\"contentUrl\":\"https:\/\/secure.gravatar.com\/avatar\/efb32e19b730a121cb7a80f41ffec01a?s=96&r=g\",\"caption\":\"Giovanni Porf\u00edrio Jacomino\"},\"description\":\"Giovanni Porf\u00edrio Jacomino \u00e9 jornalista formado pela Universidade Estadual de Londrina (UEL) e p\u00f3s-graduado em Produ\u00e7\u00e3o e Pr\u00e1ticas Jornal\u00edsticas na Contemporaneidade na Faculdade C\u00e1sper L\u00edbero (FCL). Foi editor web no Startupi e no Finsiders, atuando ainda como editor no TC Mover, portal de not\u00edcias da TradersClub, fazendo a cobertura de assuntos relacionados ao mercado financeiro interno e externo. Atualmente, \u00e9 Rep\u00f3rter do Suno Not\u00edcias.\",\"url\":\"https:\/\/www.suno.com.br\/noticias\/author\/giovanni-porfiriosuno-com-br\/\"}]}<\/script>\n<!-- \/ Yoast SEO plugin. -->","yoast_head_json":{"title":"Telef\u00f4nica e Auren criam JV focada em energia renov\u00e1vel","description":"Em comunicado, a Telef\u00f4nica afirmou que com a nova joint venture, cada acionista deter\u00e1 50% de participa\u00e7\u00e3o acion\u00e1ria.","robots":{"index":"index","follow":"follow","max-snippet":"max-snippet:-1","max-image-preview":"max-image-preview:large","max-video-preview":"max-video-preview:-1"},"canonical":"https:\/\/www.suno.com.br\/noticias\/telefonica-vivt3-auren-aure3-jv-energia-renovavel-gpj\/","og_locale":"pt_BR","og_type":"article","og_title":"Telef\u00f4nica e Auren criam JV focada em energia renov\u00e1vel","og_description":"Em comunicado, a Telef\u00f4nica afirmou que com a nova joint venture, cada acionista deter\u00e1 50% de participa\u00e7\u00e3o acion\u00e1ria.","og_url":"https:\/\/www.suno.com.br\/noticias\/telefonica-vivt3-auren-aure3-jv-energia-renovavel-gpj\/","og_site_name":"Suno Not\u00edcias","article_publisher":"https:\/\/facebook.com\/sunoresearch","og_image":[{"width":4288,"height":2079,"url":"https:\/\/files.sunoresearch.com.br\/n\/uploads\/2019\/09\/804d60e4-telef\u00f3nica.jpg","type":"image\/jpeg"}],"author":"Giovanni Porf\u00edrio Jacomino","twitter_card":"summary_large_image","twitter_creator":"@sunoresearch","twitter_site":"@sunoresearch","twitter_misc":{"Escrito por":"Giovanni Porf\u00edrio Jacomino","Est. tempo de leitura":"4 minutos"},"schema":{"@context":"https:\/\/schema.org","@graph":[{"@type":"NewsArticle","@id":"https:\/\/www.suno.com.br\/noticias\/telefonica-vivt3-auren-aure3-jv-energia-renovavel-gpj\/#article","isPartOf":{"@id":"https:\/\/www.suno.com.br\/noticias\/telefonica-vivt3-auren-aure3-jv-energia-renovavel-gpj\/"},"author":{"name":"Giovanni Porf\u00edrio Jacomino","@id":"https:\/\/www.suno.com.br\/noticias\/#\/schema\/person\/d0f32748bbca4bee871fa191ee4e2d40"},"headline":"Telef\u00f4nica (VIVT3) e Auren (AURE3) criam joint venture focada em energia renov\u00e1vel; saiba mais","datePublished":"2023-12-19T12:33:14+00:00","dateModified":"2023-12-19T12:37:52+00:00","mainEntityOfPage":{"@id":"https:\/\/www.suno.com.br\/noticias\/telefonica-vivt3-auren-aure3-jv-energia-renovavel-gpj\/"},"wordCount":673,"publisher":{"@id":"https:\/\/www.suno.com.br\/noticias\/#organization"},"image":{"@id":"https:\/\/www.suno.com.br\/noticias\/telefonica-vivt3-auren-aure3-jv-energia-renovavel-gpj\/#primaryimage"},"thumbnailUrl":"https:\/\/files.sunoresearch.com.br\/n\/uploads\/2019\/09\/804d60e4-telef\u00f3nica-scaled.webp","keywords":["Auren (AURE3)","Telef\u00f4nica (VIVT3)"],"articleSection":["Neg\u00f3cios"],"inLanguage":"pt-BR"},{"@type":"WebPage","@id":"https:\/\/www.suno.com.br\/noticias\/telefonica-vivt3-auren-aure3-jv-energia-renovavel-gpj\/","url":"https:\/\/www.suno.com.br\/noticias\/telefonica-vivt3-auren-aure3-jv-energia-renovavel-gpj\/","name":"Telef\u00f4nica e Auren criam JV focada em energia renov\u00e1vel","isPartOf":{"@id":"https:\/\/www.suno.com.br\/noticias\/#website"},"primaryImageOfPage":{"@id":"https:\/\/www.suno.com.br\/noticias\/telefonica-vivt3-auren-aure3-jv-energia-renovavel-gpj\/#primaryimage"},"image":{"@id":"https:\/\/www.suno.com.br\/noticias\/telefonica-vivt3-auren-aure3-jv-energia-renovavel-gpj\/#primaryimage"},"thumbnailUrl":"https:\/\/files.sunoresearch.com.br\/n\/uploads\/2019\/09\/804d60e4-telef\u00f3nica-scaled.webp","datePublished":"2023-12-19T12:33:14+00:00","dateModified":"2023-12-19T12:37:52+00:00","description":"Em comunicado, a Telef\u00f4nica afirmou que com a nova joint venture, cada acionista deter\u00e1 50% de participa\u00e7\u00e3o acion\u00e1ria.","breadcrumb":{"@id":"https:\/\/www.suno.com.br\/noticias\/telefonica-vivt3-auren-aure3-jv-energia-renovavel-gpj\/#breadcrumb"},"inLanguage":"pt-BR","potentialAction":[{"@type":"ReadAction","target":["https:\/\/www.suno.com.br\/noticias\/telefonica-vivt3-auren-aure3-jv-energia-renovavel-gpj\/"]}]},{"@type":"ImageObject","inLanguage":"pt-BR","@id":"https:\/\/www.suno.com.br\/noticias\/telefonica-vivt3-auren-aure3-jv-energia-renovavel-gpj\/#primaryimage","url":"https:\/\/files.sunoresearch.com.br\/n\/uploads\/2019\/09\/804d60e4-telef\u00f3nica-scaled.webp","contentUrl":"https:\/\/files.sunoresearch.com.br\/n\/uploads\/2019\/09\/804d60e4-telef\u00f3nica-scaled.webp","width":2560,"height":1241,"caption":"Telef\u00f4nica (VIVT3). Foto: Divulga\u00e7\u00e3o"},{"@type":"BreadcrumbList","@id":"https:\/\/www.suno.com.br\/noticias\/telefonica-vivt3-auren-aure3-jv-energia-renovavel-gpj\/#breadcrumb","itemListElement":[{"@type":"ListItem","position":1,"name":"Not\u00edcias","item":"https:\/\/www.suno.com.br\/noticias\/"},{"@type":"ListItem","position":2,"name":"Neg\u00f3cios","item":"https:\/\/www.suno.com.br\/noticias\/negocios\/"},{"@type":"ListItem","position":3,"name":"Telef\u00f4nica (VIVT3) e Auren (AURE3) criam joint venture focada em energia renov\u00e1vel; saiba mais"}]},{"@type":"WebSite","@id":"https:\/\/www.suno.com.br\/noticias\/#website","url":"https:\/\/www.suno.com.br\/noticias\/","name":"Suno Not\u00edcias","description":"Seu portal de informa\u00e7\u00e3o sobre o mundo dos investimentos","publisher":{"@id":"https:\/\/www.suno.com.br\/noticias\/#organization"},"potentialAction":[{"@type":"SearchAction","target":{"@type":"EntryPoint","urlTemplate":"https:\/\/www.suno.com.br\/noticias\/?s={search_term_string}"},"query-input":{"@type":"PropertyValueSpecification","valueRequired":true,"valueName":"search_term_string"}}],"inLanguage":"pt-BR"},{"@type":"Organization","@id":"https:\/\/www.suno.com.br\/noticias\/#organization","name":"Suno Not\u00edcias","url":"https:\/\/www.suno.com.br\/noticias\/","logo":{"@type":"ImageObject","inLanguage":"pt-BR","@id":"https:\/\/www.suno.com.br\/noticias\/#\/schema\/logo\/image\/","url":"https:\/\/files.sunoresearch.com.br\/n\/uploads\/2021\/09\/suno-logo.png","contentUrl":"https:\/\/files.sunoresearch.com.br\/n\/uploads\/2021\/09\/suno-logo.png","width":180,"height":180,"caption":"Suno Not\u00edcias"},"image":{"@id":"https:\/\/www.suno.com.br\/noticias\/#\/schema\/logo\/image\/"},"sameAs":["https:\/\/facebook.com\/sunoresearch","https:\/\/x.com\/sunoresearch","https:\/\/www.instagram.com\/suno","https:\/\/www.linkedin.com\/company\/suno-research\/","https:\/\/www.youtube.com\/c\/sunoresearch"]},{"@type":"Person","@id":"https:\/\/www.suno.com.br\/noticias\/#\/schema\/person\/d0f32748bbca4bee871fa191ee4e2d40","name":"Giovanni Porf\u00edrio Jacomino","image":{"@type":"ImageObject","inLanguage":"pt-BR","@id":"https:\/\/www.suno.com.br\/noticias\/#\/schema\/person\/image\/","url":"https:\/\/secure.gravatar.com\/avatar\/efb32e19b730a121cb7a80f41ffec01a?s=96&r=g","contentUrl":"https:\/\/secure.gravatar.com\/avatar\/efb32e19b730a121cb7a80f41ffec01a?s=96&r=g","caption":"Giovanni Porf\u00edrio Jacomino"},"description":"Giovanni Porf\u00edrio Jacomino \u00e9 jornalista formado pela Universidade Estadual de Londrina (UEL) e p\u00f3s-graduado em Produ\u00e7\u00e3o e Pr\u00e1ticas Jornal\u00edsticas na Contemporaneidade na Faculdade C\u00e1sper L\u00edbero (FCL). Foi editor web no Startupi e no Finsiders, atuando ainda como editor no TC Mover, portal de not\u00edcias da TradersClub, fazendo a cobertura de assuntos relacionados ao mercado financeiro interno e externo. Atualmente, \u00e9 Rep\u00f3rter do Suno Not\u00edcias.","url":"https:\/\/www.suno.com.br\/noticias\/author\/giovanni-porfiriosuno-com-br\/"}]}},"default_loop_html":"<div class=\"cardsPage__listCard__boxs\"><div class=\"cardsPage__listCard__boxs__img\"><a href=\"https:\/\/www.suno.com.br\/noticias\/telefonica-vivt3-auren-aure3-jv-energia-renovavel-gpj\/\"><img class=\"mask\" src=\"https:\/\/www.suno.com.br\/noticias\/wp-content\/themes\/suno\/resources\/images\/spotlight\/spotlight1img\/bg-mask.png\" alt=\"Image Mask\"\/><img src=\"https:\/\/files.sunoresearch.com.br\/n\/uploads\/2019\/09\/804d60e4-telef\u00f3nica-400x200.webp\" alt=\"Telef\u00f4nica (VIVT3) e Auren (AURE3) criam joint venture focada em energia renov\u00e1vel; saiba mais\"\/><\/a><span class=\"spotlightCategory\"><a href=\"https:\/\/www.suno.com.br\/noticias\/negocios\/\">Neg\u00f3cios<\/a><\/span><\/div><div class=\"cardsPage__listCard__boxs__content\"><a href=\"https:\/\/www.suno.com.br\/noticias\/telefonica-vivt3-auren-aure3-jv-energia-renovavel-gpj\/\"><h2 class=\"content__title\">Telef\u00f4nica (VIVT3) e Auren (AURE3) criam joint venture focada em energia renov\u00e1vel; saiba mais<\/h2><\/a><div class=\"newsContent__article__meta\"><div class=\"newsContent__article__meta__authorBox\"><a href=\"https:\/\/www.suno.com.br\/noticias\/author\/eduardo-vargas\/\" class=\"authorBox__avatar noMobi\"><img src=\"https:\/\/secure.gravatar.com\/avatar\/dac340933427a22924c9f99d1eb2e3f2?s=96&#038;r=g\" alt=\"Eduardo Vargas\"><\/a><div class=\"authorBox__name\"><span>por\n\t\t\t<a href=\"https:\/\/www.suno.com.br\/noticias\/author\/eduardo-vargas\/\"><span itemprop=\"author\">Eduardo Vargas<\/span><\/a><\/span><time datetime=\"2023-12-19T09:33:14-03:00\" itemprop=\"datePublished\">19\/12\/2023 09:33<\/time><\/div><\/div><\/div><\/div><\/div>","single_layout":"posts","amp_enabled":true,"_links":{"self":[{"href":"https:\/\/www.suno.com.br\/noticias\/wp-json\/wp\/v2\/posts\/502532"}],"collection":[{"href":"https:\/\/www.suno.com.br\/noticias\/wp-json\/wp\/v2\/posts"}],"about":[{"href":"https:\/\/www.suno.com.br\/noticias\/wp-json\/wp\/v2\/types\/post"}],"author":[{"embeddable":true,"href":"https:\/\/www.suno.com.br\/noticias\/wp-json\/wp\/v2\/users\/313"}],"replies":[{"embeddable":true,"href":"https:\/\/www.suno.com.br\/noticias\/wp-json\/wp\/v2\/comments?post=502532"}],"version-history":[{"count":3,"href":"https:\/\/www.suno.com.br\/noticias\/wp-json\/wp\/v2\/posts\/502532\/revisions"}],"predecessor-version":[{"id":502543,"href":"https:\/\/www.suno.com.br\/noticias\/wp-json\/wp\/v2\/posts\/502532\/revisions\/502543"}],"wp:featuredmedia":[{"embeddable":true,"href":"https:\/\/www.suno.com.br\/noticias\/wp-json\/wp\/v2\/media\/38053"}],"wp:attachment":[{"href":"https:\/\/www.suno.com.br\/noticias\/wp-json\/wp\/v2\/media?parent=502532"}],"wp:term":[{"taxonomy":"category","embeddable":true,"href":"https:\/\/www.suno.com.br\/noticias\/wp-json\/wp\/v2\/categories?post=502532"},{"taxonomy":"post_tag","embeddable":true,"href":"https:\/\/www.suno.com.br\/noticias\/wp-json\/wp\/v2\/tags?post=502532"},{"taxonomy":"suno_strategy","embeddable":true,"href":"https:\/\/www.suno.com.br\/noticias\/wp-json\/wp\/v2\/suno_strategy?post=502532"}],"curies":[{"name":"wp","href":"https:\/\/api.w.org\/{rel}","templated":true}]}}