{"id":502351,"date":"2023-12-18T20:22:22","date_gmt":"2023-12-18T23:22:22","guid":{"rendered":"https:\/\/www.suno.com.br\/noticias\/?p=502351"},"modified":"2023-12-18T20:22:25","modified_gmt":"2023-12-18T23:22:25","slug":"ocde-mudancas-climaticas-crescimento-brasil-mal","status":"publish","type":"post","link":"https:\/\/www.suno.com.br\/noticias\/ocde-mudancas-climaticas-crescimento-brasil-mal\/","title":{"rendered":"Mudan\u00e7as clim\u00e1ticas prejudicam crescimento do Brasil, diz OCDE"},"content":{"rendered":"<p>Os eventos extremos provocados pelas mudan\u00e7as clim\u00e1ticas est\u00e3o prejudicando a infraestrutura brasileira e comprometendo o crescimento do pa\u00eds, informou nesta segunda-feira (18) a Organiza\u00e7\u00e3o para a Coopera\u00e7\u00e3o e <a class=\"suno-keyword\" target=\"_blank\" data-force=\"no\" data-priority=\"1\" href=\"https:\/\/www.suno.com.br\/artigos\/desenvolvimento-economico\/\" rel=\"noopener\">Desenvolvimento Econ\u00f4mico<\/a> (<strong>OCDE<\/strong>). No relat\u00f3rio Estudos Econ\u00f4micos da OCDE: Brasil, documento bianual com perspectivas para o pa\u00eds, a organiza\u00e7\u00e3o sugere planejamento nas obras p\u00fablicas, novas pol\u00edticas urbanas e o cumprimento mais amplo do C\u00f3digo Florestal.<\/p>\t<div class=\"wrapper-featured-image\">\n\t\t<figure class=\"spotlightImg\">\n\n\t\t\t<picture>\n\t\t\t\t<source media=\"(max-width: 768px)\" srcset=\"https:\/\/files.sunoresearch.com.br\/n\/uploads\/2023\/09\/calor-verao-temperatura-praia-400x200.jpg\">\n\t\t\t\t<img loading=\"lazy\" decoding=\"async\" class=\"newsContent__article__imgCapa lazyloadDisabled \" src=\"https:\/\/files.sunoresearch.com.br\/n\/uploads\/2023\/09\/calor-verao-temperatura-praia-800x450.jpg\" width=\"800\" height=\"450\" alt=\"Mudan\u00e7as clim\u00e1ticas prejudicam crescimento do Brasil, diz OCDE\" fetchpriority=high \/>\n\t\t\t<\/picture>\n\n\t\t\t<figcaption class=\"wp-caption-text wp-caption-text--show\">OCDE: Ver\u00e3o acima da m\u00e9dia - Foto: Wirestock\/ Freepik<\/figcaption>\n\t\t<\/figure>\n\t<\/div>\n\n\n\n\n\n\t<p>\n\t\t<a href=\"\" target=\"_blank\" data-element=\"shortcode-suno-banner\" title=\"Banner SUNO, clique e saiba mais\">\n\t\t\t<picture>\n\t\t\t\t<source media=\"(max-width: 500px)\" srcset=\"\">\n\t\t\t\t<img class=\"newsContent__article__imgCapa newsContent__article__imgCapa--banner\"\n\t\t\t\t\tsrc=\"\"\n\t\t\t\t\tdata-promo-id=\"240038\"\t\t\t\t\t\t\t\t\t\t\t\t\t\t\talt=\"\"\n\t\t\t\t>\n\t\t\t<\/picture>\n\t\t<\/a>\n\t<\/p>\n\n\n\n\n\n\n\n<p>\u201cA infraestrutura p\u00fablica [do Brasil] \u00e9 particularmente vulner\u00e1vel a <strong>choques clim\u00e1ticos<\/strong> em meio a uma r\u00e1pida, n\u00e3o planejada e descontrolada urbaniza\u00e7\u00e3o\u201d, destacou a OCDE, organiza\u00e7\u00e3o formada por pa\u00edses que se comprometem com metas econ\u00f4micas, sociais, ambientais e institucionais e \u00e0 qual o Brasil est\u00e1 em processo de ades\u00e3o. Segundo a organiza\u00e7\u00e3o, tanto as secas como as enchentes trazem preju\u00edzos \u00e0 infraestrutura brasileira.<\/p>\n\n\n\n<p>\u201cSecas frequentes e <strong>aumento das temperaturas<\/strong> v\u00e3o criar desafios para fornecimento de energia, particularmente de fontes hidrel\u00e9tricas\u201d, destacou o relat\u00f3rio. Em rela\u00e7\u00e3o \u00e0s chuvas, a OCDE ressalta que os deslizamentos e as <strong>enchentes<\/strong> trazem preju\u00edzos \u00e0s cidades e ao transporte. \u201cAs enchentes comp\u00f5em 65% dos riscos naturais [no Brasil], e os danos associados a enxurradas e deslizamentos foram respons\u00e1veis por 74% das mortes relacionadas a desastres naturais entre 1991 e 2010\u201d, informa o documento.<\/p>\n\n\n\n<p>A OCDE cita um<strong> estudo do Banco Mundial<\/strong> de 2021 segundo o qual a mudan\u00e7a clim\u00e1tica custa 1,3% do Produto Interno Bruto (<strong>PIB<\/strong>, soma dos bens e servi\u00e7os produzidos) a cada ano para as empresas do pa\u00eds. Segundo o relat\u00f3rio, 55% dos preju\u00edzos afetam as infraestruturas de transporte, 44%, o fornecimento de energia e 2%, o abastecimento de \u00e1gua. O relat\u00f3rio destaca que a queda no n\u00edvel dos reservat\u00f3rios das hidrel\u00e9tricas entre 2013 e 2021 amea\u00e7ou o fornecimento de energia num pa\u00eds onde dois ter\u00e7os da matriz energ\u00e9tica est\u00e1 associado \u00e0s hidrel\u00e9tricas.<\/p>\n\n\n\t<p>\n\t\t<a href=\"https:\/\/lp.suno.com.br\/ebook-gratuito-investindo-no-exterior\/\" target=\"_blank\" data-element=\"shortcode-suno-banner\" title=\"Banner SUNO, clique e saiba mais\">\n\t\t\t<picture>\n\t\t\t\t<source media=\"(max-width: 500px)\" srcset=\"https:\/\/files.sunoresearch.com.br\/n\/uploads\/2023\/03\/400x300-Investindo-no-exterior.png\">\n\t\t\t\t<img class=\"newsContent__article__imgCapa newsContent__article__imgCapa--banner\"\n\t\t\t\t\tsrc=\"https:\/\/files.sunoresearch.com.br\/n\/uploads\/2023\/03\/1420x240-Investindo-no-exterior.png\"\n\t\t\t\t\tdata-promo-id=\"383161\"\t\t\t\t\t\t\t\t\t\twidth='1420' height='240'\t\t\t\t\talt=\"https:\/\/files.sunoresearch.com.br\/n\/uploads\/2023\/03\/1420x240-Investindo-no-exterior.png\"\n\t\t\t\t>\n\t\t\t<\/picture>\n\t\t<\/a>\n\t<\/p>\n\n\n\n\n\n<h2 class=\"wp-block-heading\">Recomenda\u00e7\u00f5es da OCDE<\/h2>\n\n\n\n<p>O <strong>relat\u00f3rio da OCDE<\/strong> forneceu uma s\u00e9rie de recomenda\u00e7\u00f5es ao Brasil para enfrentar as mudan\u00e7as clim\u00e1ticas. A primeira diz respeito \u00e0 melhoria do planejamento, do financiamento e da entrega de empreendimento de infraestrutura para considerarem a resili\u00eancia clim\u00e1tica. Segundo a OCDE, os projetos precisar\u00e3o ter apoio legislativo, or\u00e7ament\u00e1rio e claras responsabiliza\u00e7\u00f5es que considerem eventos clim\u00e1ticos extremos.<\/p>\n\n\n\n<p>\u201cUm portf\u00f3lio otimizado de ativos de infraestrutura levaria em conta a an\u00e1lise do custo-benef\u00edcio, com alguns ativos [empreendimentos] sendo resilientes ao clima, mas n\u00e3o necessariamente todos\u201d, aconselhou o relat\u00f3rio.<\/p>\n\n\n\n<p>A OCDE tamb\u00e9m pediu revis\u00f5es das pol\u00edticas urbanas para evitar novas constru\u00e7\u00f5es em \u00e1reas de risco e reduzir o impacto das <strong>mudan\u00e7as clim\u00e1ticas<\/strong>. \u201cElaborar diretrizes para apoiar as prefeituras em levantar os riscos clim\u00e1ticos e integr\u00e1-los ao planejamento fundi\u00e1rio e fornecer mapas de riscos e acesso a informa\u00e7\u00f5es clim\u00e1ticas \u00e0s prefeituras para que executem o levantamento de perigos melhoraria o planejamento urbano\u201d, destacou o documento. O relat\u00f3rio tamb\u00e9m pediu mais investimentos em transporte coletivo para reduzir a vulnerabilidade da infraestrutura deste setor,<\/p>\n\n\n\n<p>De maneira mais ampla, a OCDE pediu o desenvolvimento do <strong>mercado de carbono<\/strong>, com a melhoria dos mecanismos de precifica\u00e7\u00e3o das emiss\u00f5es de g\u00e1s carb\u00f4nico, para reduzir a emiss\u00e3o. Por meio desse mercado, investidores de pa\u00edses desenvolvidos financiam projetos de recupera\u00e7\u00e3o florestal ou de desenvolvimento socioambiental em troca de emitirem carbono nos pa\u00edses de origem.<\/p>\n\n\n\n<p>A organiza\u00e7\u00e3o tamb\u00e9m pediu o refor\u00e7o do cumprimento da legisla\u00e7\u00e3o contra o desmatamento. \u201cUm cumprimento mais rigoroso do C\u00f3digo Florestal, somado a recursos mais adequados para as ag\u00eancias reguladoras, deve ajudar a reduzir o desmatamento\u201d, destacou.<\/p>\n\n\n\n<p>Novamente citando estimativas do <a class=\"suno-keyword\" target=\"_blank\" data-force=\"no\" data-priority=\"2\" href=\"https:\/\/www.suno.com.br\/artigos\/banco-mundial\/\" rel=\"noopener\">Banco Mundial<\/a>, a <strong>OCDE <\/strong>estima que os investimentos para adaptar a infraestrutura \u00e0s mudan\u00e7as clim\u00e1ticas custam, em m\u00e9dia, 0,8% do PIB por ano entre 2022 e 2030, variando conforme o tipo de infraestrutura. O custo alto, ressaltou o relat\u00f3rio, seria compensado pela diminui\u00e7\u00e3o dos preju\u00edzos e pelo retorno econ\u00f4mico. \u201cNo setor de infraestrutura rodovi\u00e1ria, um investimento de 1,2% do PIB melhoraria significativamente a resili\u00eancia clim\u00e1tica de 23% dos novos investimentos necess\u00e1rios para a pr\u00f3xima d\u00e9cada. Al\u00e9m disso, evitaria perdas estimadas em 2,5% do PIB\u201d, afirmou o relat\u00f3rio.<\/p>\n\n\n\t<p>\n\t\t<a href=\"https:\/\/lp.suno.com.br\/planilha-da-vida-financeira\/\" target=\"_blank\" data-element=\"shortcode-suno-banner\" title=\"Banner SUNO, clique e saiba mais\">\n\t\t\t<picture>\n\t\t\t\t<source media=\"(max-width: 500px)\" srcset=\"https:\/\/files.sunoresearch.com.br\/n\/uploads\/2023\/04\/400x300-Planilha-vida-financeira-true.png\">\n\t\t\t\t<img class=\"newsContent__article__imgCapa newsContent__article__imgCapa--banner\"\n\t\t\t\t\tsrc=\"https:\/\/files.sunoresearch.com.br\/n\/uploads\/2023\/04\/1420x240-Planilha-vida-financeira-true.png\"\n\t\t\t\t\tdata-promo-id=\"383123\"\t\t\t\t\t\t\t\t\t\twidth='1420' height='240'\t\t\t\t\talt=\"https:\/\/files.sunoresearch.com.br\/n\/uploads\/2023\/04\/1420x240-Planilha-vida-financeira-true.png\"\n\t\t\t\t>\n\t\t\t<\/picture>\n\t\t<\/a>\n\t<\/p>\n\n\n\n\n\n<p><em>Com Ag\u00eancia Brasil<\/em><\/p>\n","protected":false},"excerpt":{"rendered":"<p>Os eventos extremos provocados pelas mudan\u00e7as clim\u00e1ticas est\u00e3o prejudicando a infraestrutura brasileira e comprometendo o crescimento do pa\u00eds, informou nesta segunda-feira (18) a Organiza\u00e7\u00e3o para a Coopera\u00e7\u00e3o e Desenvolvimento Econ\u00f4mico (OCDE). No relat\u00f3rio Estudos Econ\u00f4micos da OCDE: Brasil, documento bianual com perspectivas para o pa\u00eds, a organiza\u00e7\u00e3o sugere planejamento nas obras p\u00fablicas, novas pol\u00edticas urbanas [&hellip;]<\/p>\n","protected":false},"author":98,"featured_media":461095,"comment_status":"closed","ping_status":"closed","sticky":false,"template":"","format":"standard","meta":[],"categories":[62],"tags":[105634,962],"suno_strategy":[],"class_list":["post-502351","post","type-post","status-publish","format-standard","has-post-thumbnail","hentry","category-economia","tag-mudancas-climaticas","tag-ocde"],"yoast_head":"<!-- This site is optimized with the Yoast SEO plugin v24.4 - https:\/\/yoast.com\/wordpress\/plugins\/seo\/ -->\n<title>OCDE: mudan\u00e7as clim\u00e1ticas prejudicam crescimento do Brasil<\/title>\n<meta name=\"description\" content=\"Os eventos extremos provocados pelas mudan\u00e7as clim\u00e1ticas est\u00e3o comprometendo o crescimento do pa\u00eds, informou a OCDE\" \/>\n<meta name=\"robots\" content=\"index, follow, max-snippet:-1, max-image-preview:large, max-video-preview:-1\" \/>\n<link rel=\"canonical\" href=\"https:\/\/www.suno.com.br\/noticias\/ocde-mudancas-climaticas-crescimento-brasil-mal\/\" \/>\n<meta property=\"og:locale\" content=\"pt_BR\" \/>\n<meta property=\"og:type\" content=\"article\" \/>\n<meta property=\"og:title\" content=\"OCDE: mudan\u00e7as clim\u00e1ticas prejudicam crescimento do Brasil\" \/>\n<meta property=\"og:description\" content=\"Os eventos extremos provocados pelas mudan\u00e7as clim\u00e1ticas est\u00e3o comprometendo o crescimento do pa\u00eds, informou a OCDE\" \/>\n<meta property=\"og:url\" content=\"https:\/\/www.suno.com.br\/noticias\/ocde-mudancas-climaticas-crescimento-brasil-mal\/\" \/>\n<meta property=\"og:site_name\" content=\"Suno Not\u00edcias\" \/>\n<meta property=\"article:publisher\" content=\"https:\/\/facebook.com\/sunoresearch\" \/>\n<meta property=\"og:image\" content=\"https:\/\/files.sunoresearch.com.br\/n\/uploads\/2023\/09\/calor-verao-temperatura-praia.jpg\" \/>\n\t<meta property=\"og:image:width\" content=\"1200\" \/>\n\t<meta property=\"og:image:height\" content=\"800\" \/>\n\t<meta property=\"og:image:type\" content=\"image\/jpeg\" \/>\n<meta name=\"author\" content=\"Marco Ant\u00f4nio Lopes\" \/>\n<meta name=\"twitter:card\" content=\"summary_large_image\" \/>\n<meta name=\"twitter:creator\" content=\"@sunoresearch\" \/>\n<meta name=\"twitter:site\" content=\"@sunoresearch\" \/>\n<meta name=\"twitter:label1\" content=\"Escrito por\" \/>\n\t<meta name=\"twitter:data1\" content=\"Marco Ant\u00f4nio Lopes\" \/>\n\t<meta name=\"twitter:label2\" content=\"Est. tempo de leitura\" \/>\n\t<meta name=\"twitter:data2\" content=\"4 minutos\" \/>\n<script type=\"application\/ld+json\" class=\"yoast-schema-graph\">{\"@context\":\"https:\/\/schema.org\",\"@graph\":[{\"@type\":\"NewsArticle\",\"@id\":\"https:\/\/www.suno.com.br\/noticias\/ocde-mudancas-climaticas-crescimento-brasil-mal\/#article\",\"isPartOf\":{\"@id\":\"https:\/\/www.suno.com.br\/noticias\/ocde-mudancas-climaticas-crescimento-brasil-mal\/\"},\"author\":{\"name\":\"Marco Ant\u00f4nio Lopes\",\"@id\":\"https:\/\/www.suno.com.br\/noticias\/#\/schema\/person\/829bbe8d57f84333b966b96229c6bf5f\"},\"headline\":\"Mudan\u00e7as clim\u00e1ticas prejudicam crescimento do Brasil, diz OCDE\",\"datePublished\":\"2023-12-18T23:22:22+00:00\",\"dateModified\":\"2023-12-18T23:22:25+00:00\",\"mainEntityOfPage\":{\"@id\":\"https:\/\/www.suno.com.br\/noticias\/ocde-mudancas-climaticas-crescimento-brasil-mal\/\"},\"wordCount\":752,\"publisher\":{\"@id\":\"https:\/\/www.suno.com.br\/noticias\/#organization\"},\"image\":{\"@id\":\"https:\/\/www.suno.com.br\/noticias\/ocde-mudancas-climaticas-crescimento-brasil-mal\/#primaryimage\"},\"thumbnailUrl\":\"https:\/\/files.sunoresearch.com.br\/n\/uploads\/2023\/09\/calor-verao-temperatura-praia.jpg\",\"keywords\":[\"mudan\u00e7as clim\u00e1ticas\",\"OCDE\"],\"articleSection\":[\"Economia\"],\"inLanguage\":\"pt-BR\"},{\"@type\":\"WebPage\",\"@id\":\"https:\/\/www.suno.com.br\/noticias\/ocde-mudancas-climaticas-crescimento-brasil-mal\/\",\"url\":\"https:\/\/www.suno.com.br\/noticias\/ocde-mudancas-climaticas-crescimento-brasil-mal\/\",\"name\":\"OCDE: mudan\u00e7as clim\u00e1ticas prejudicam crescimento do Brasil\",\"isPartOf\":{\"@id\":\"https:\/\/www.suno.com.br\/noticias\/#website\"},\"primaryImageOfPage\":{\"@id\":\"https:\/\/www.suno.com.br\/noticias\/ocde-mudancas-climaticas-crescimento-brasil-mal\/#primaryimage\"},\"image\":{\"@id\":\"https:\/\/www.suno.com.br\/noticias\/ocde-mudancas-climaticas-crescimento-brasil-mal\/#primaryimage\"},\"thumbnailUrl\":\"https:\/\/files.sunoresearch.com.br\/n\/uploads\/2023\/09\/calor-verao-temperatura-praia.jpg\",\"datePublished\":\"2023-12-18T23:22:22+00:00\",\"dateModified\":\"2023-12-18T23:22:25+00:00\",\"description\":\"Os eventos extremos provocados pelas mudan\u00e7as clim\u00e1ticas est\u00e3o comprometendo o crescimento do pa\u00eds, informou a OCDE\",\"breadcrumb\":{\"@id\":\"https:\/\/www.suno.com.br\/noticias\/ocde-mudancas-climaticas-crescimento-brasil-mal\/#breadcrumb\"},\"inLanguage\":\"pt-BR\",\"potentialAction\":[{\"@type\":\"ReadAction\",\"target\":[\"https:\/\/www.suno.com.br\/noticias\/ocde-mudancas-climaticas-crescimento-brasil-mal\/\"]}]},{\"@type\":\"ImageObject\",\"inLanguage\":\"pt-BR\",\"@id\":\"https:\/\/www.suno.com.br\/noticias\/ocde-mudancas-climaticas-crescimento-brasil-mal\/#primaryimage\",\"url\":\"https:\/\/files.sunoresearch.com.br\/n\/uploads\/2023\/09\/calor-verao-temperatura-praia.jpg\",\"contentUrl\":\"https:\/\/files.sunoresearch.com.br\/n\/uploads\/2023\/09\/calor-verao-temperatura-praia.jpg\",\"width\":1200,\"height\":800,\"caption\":\"OCDE: Ver\u00e3o acima da m\u00e9dia - Foto: Wirestock\/ Freepik\"},{\"@type\":\"BreadcrumbList\",\"@id\":\"https:\/\/www.suno.com.br\/noticias\/ocde-mudancas-climaticas-crescimento-brasil-mal\/#breadcrumb\",\"itemListElement\":[{\"@type\":\"ListItem\",\"position\":1,\"name\":\"Not\u00edcias\",\"item\":\"https:\/\/www.suno.com.br\/noticias\/\"},{\"@type\":\"ListItem\",\"position\":2,\"name\":\"Economia\",\"item\":\"https:\/\/www.suno.com.br\/noticias\/economia\/\"},{\"@type\":\"ListItem\",\"position\":3,\"name\":\"Mudan\u00e7as clim\u00e1ticas prejudicam crescimento do Brasil, diz OCDE\"}]},{\"@type\":\"WebSite\",\"@id\":\"https:\/\/www.suno.com.br\/noticias\/#website\",\"url\":\"https:\/\/www.suno.com.br\/noticias\/\",\"name\":\"Suno Not\u00edcias\",\"description\":\"Seu portal de informa\u00e7\u00e3o sobre o mundo dos investimentos\",\"publisher\":{\"@id\":\"https:\/\/www.suno.com.br\/noticias\/#organization\"},\"potentialAction\":[{\"@type\":\"SearchAction\",\"target\":{\"@type\":\"EntryPoint\",\"urlTemplate\":\"https:\/\/www.suno.com.br\/noticias\/?s={search_term_string}\"},\"query-input\":{\"@type\":\"PropertyValueSpecification\",\"valueRequired\":true,\"valueName\":\"search_term_string\"}}],\"inLanguage\":\"pt-BR\"},{\"@type\":\"Organization\",\"@id\":\"https:\/\/www.suno.com.br\/noticias\/#organization\",\"name\":\"Suno Not\u00edcias\",\"url\":\"https:\/\/www.suno.com.br\/noticias\/\",\"logo\":{\"@type\":\"ImageObject\",\"inLanguage\":\"pt-BR\",\"@id\":\"https:\/\/www.suno.com.br\/noticias\/#\/schema\/logo\/image\/\",\"url\":\"https:\/\/files.sunoresearch.com.br\/n\/uploads\/2021\/09\/suno-logo.png\",\"contentUrl\":\"https:\/\/files.sunoresearch.com.br\/n\/uploads\/2021\/09\/suno-logo.png\",\"width\":180,\"height\":180,\"caption\":\"Suno Not\u00edcias\"},\"image\":{\"@id\":\"https:\/\/www.suno.com.br\/noticias\/#\/schema\/logo\/image\/\"},\"sameAs\":[\"https:\/\/facebook.com\/sunoresearch\",\"https:\/\/x.com\/sunoresearch\",\"https:\/\/www.instagram.com\/suno\",\"https:\/\/www.linkedin.com\/company\/suno-research\/\",\"https:\/\/www.youtube.com\/c\/sunoresearch\"]},{\"@type\":\"Person\",\"@id\":\"https:\/\/www.suno.com.br\/noticias\/#\/schema\/person\/829bbe8d57f84333b966b96229c6bf5f\",\"name\":\"Marco Ant\u00f4nio Lopes\",\"image\":{\"@type\":\"ImageObject\",\"inLanguage\":\"pt-BR\",\"@id\":\"https:\/\/www.suno.com.br\/noticias\/#\/schema\/person\/image\/\",\"url\":\"https:\/\/secure.gravatar.com\/avatar\/385167b012fbc1cde32c5446ee253313?s=96&r=g\",\"contentUrl\":\"https:\/\/secure.gravatar.com\/avatar\/385167b012fbc1cde32c5446ee253313?s=96&r=g\",\"caption\":\"Marco Ant\u00f4nio Lopes\"},\"description\":\"Jornalista, \u00e9 editor no Suno Not\u00edcias. Trabalhou nas revistas Playboy, Super, Veja Comer &amp; Beber, Homem Vogue e Universo Masculino, al\u00e9m dos portais Abril.com, R7, nas editorias de Home, Esportes, Hora 7, Entretenimento e Geral, e Eu Quero Investir. Autor do livro Bruce Lee: Definitivo (Editora Conrad). Colaborou nas revistas Nova, Veja SP, Grandes Guerras, Placar, Bizz, Casa Claudia e Quatro Rodas.\",\"url\":\"https:\/\/www.suno.com.br\/noticias\/author\/marco-lopes\/\"}]}<\/script>\n<!-- \/ Yoast SEO plugin. -->","yoast_head_json":{"title":"OCDE: mudan\u00e7as clim\u00e1ticas prejudicam crescimento do Brasil","description":"Os eventos extremos provocados pelas mudan\u00e7as clim\u00e1ticas est\u00e3o comprometendo o crescimento do pa\u00eds, informou a OCDE","robots":{"index":"index","follow":"follow","max-snippet":"max-snippet:-1","max-image-preview":"max-image-preview:large","max-video-preview":"max-video-preview:-1"},"canonical":"https:\/\/www.suno.com.br\/noticias\/ocde-mudancas-climaticas-crescimento-brasil-mal\/","og_locale":"pt_BR","og_type":"article","og_title":"OCDE: mudan\u00e7as clim\u00e1ticas prejudicam crescimento do Brasil","og_description":"Os eventos extremos provocados pelas mudan\u00e7as clim\u00e1ticas est\u00e3o comprometendo o crescimento do pa\u00eds, informou a OCDE","og_url":"https:\/\/www.suno.com.br\/noticias\/ocde-mudancas-climaticas-crescimento-brasil-mal\/","og_site_name":"Suno Not\u00edcias","article_publisher":"https:\/\/facebook.com\/sunoresearch","og_image":[{"width":1200,"height":800,"url":"https:\/\/files.sunoresearch.com.br\/n\/uploads\/2023\/09\/calor-verao-temperatura-praia.jpg","type":"image\/jpeg"}],"author":"Marco Ant\u00f4nio Lopes","twitter_card":"summary_large_image","twitter_creator":"@sunoresearch","twitter_site":"@sunoresearch","twitter_misc":{"Escrito por":"Marco Ant\u00f4nio Lopes","Est. tempo de leitura":"4 minutos"},"schema":{"@context":"https:\/\/schema.org","@graph":[{"@type":"NewsArticle","@id":"https:\/\/www.suno.com.br\/noticias\/ocde-mudancas-climaticas-crescimento-brasil-mal\/#article","isPartOf":{"@id":"https:\/\/www.suno.com.br\/noticias\/ocde-mudancas-climaticas-crescimento-brasil-mal\/"},"author":{"name":"Marco Ant\u00f4nio Lopes","@id":"https:\/\/www.suno.com.br\/noticias\/#\/schema\/person\/829bbe8d57f84333b966b96229c6bf5f"},"headline":"Mudan\u00e7as clim\u00e1ticas prejudicam crescimento do Brasil, diz OCDE","datePublished":"2023-12-18T23:22:22+00:00","dateModified":"2023-12-18T23:22:25+00:00","mainEntityOfPage":{"@id":"https:\/\/www.suno.com.br\/noticias\/ocde-mudancas-climaticas-crescimento-brasil-mal\/"},"wordCount":752,"publisher":{"@id":"https:\/\/www.suno.com.br\/noticias\/#organization"},"image":{"@id":"https:\/\/www.suno.com.br\/noticias\/ocde-mudancas-climaticas-crescimento-brasil-mal\/#primaryimage"},"thumbnailUrl":"https:\/\/files.sunoresearch.com.br\/n\/uploads\/2023\/09\/calor-verao-temperatura-praia.jpg","keywords":["mudan\u00e7as clim\u00e1ticas","OCDE"],"articleSection":["Economia"],"inLanguage":"pt-BR"},{"@type":"WebPage","@id":"https:\/\/www.suno.com.br\/noticias\/ocde-mudancas-climaticas-crescimento-brasil-mal\/","url":"https:\/\/www.suno.com.br\/noticias\/ocde-mudancas-climaticas-crescimento-brasil-mal\/","name":"OCDE: mudan\u00e7as clim\u00e1ticas prejudicam crescimento do Brasil","isPartOf":{"@id":"https:\/\/www.suno.com.br\/noticias\/#website"},"primaryImageOfPage":{"@id":"https:\/\/www.suno.com.br\/noticias\/ocde-mudancas-climaticas-crescimento-brasil-mal\/#primaryimage"},"image":{"@id":"https:\/\/www.suno.com.br\/noticias\/ocde-mudancas-climaticas-crescimento-brasil-mal\/#primaryimage"},"thumbnailUrl":"https:\/\/files.sunoresearch.com.br\/n\/uploads\/2023\/09\/calor-verao-temperatura-praia.jpg","datePublished":"2023-12-18T23:22:22+00:00","dateModified":"2023-12-18T23:22:25+00:00","description":"Os eventos extremos provocados pelas mudan\u00e7as clim\u00e1ticas est\u00e3o comprometendo o crescimento do pa\u00eds, informou a OCDE","breadcrumb":{"@id":"https:\/\/www.suno.com.br\/noticias\/ocde-mudancas-climaticas-crescimento-brasil-mal\/#breadcrumb"},"inLanguage":"pt-BR","potentialAction":[{"@type":"ReadAction","target":["https:\/\/www.suno.com.br\/noticias\/ocde-mudancas-climaticas-crescimento-brasil-mal\/"]}]},{"@type":"ImageObject","inLanguage":"pt-BR","@id":"https:\/\/www.suno.com.br\/noticias\/ocde-mudancas-climaticas-crescimento-brasil-mal\/#primaryimage","url":"https:\/\/files.sunoresearch.com.br\/n\/uploads\/2023\/09\/calor-verao-temperatura-praia.jpg","contentUrl":"https:\/\/files.sunoresearch.com.br\/n\/uploads\/2023\/09\/calor-verao-temperatura-praia.jpg","width":1200,"height":800,"caption":"OCDE: Ver\u00e3o acima da m\u00e9dia - Foto: Wirestock\/ Freepik"},{"@type":"BreadcrumbList","@id":"https:\/\/www.suno.com.br\/noticias\/ocde-mudancas-climaticas-crescimento-brasil-mal\/#breadcrumb","itemListElement":[{"@type":"ListItem","position":1,"name":"Not\u00edcias","item":"https:\/\/www.suno.com.br\/noticias\/"},{"@type":"ListItem","position":2,"name":"Economia","item":"https:\/\/www.suno.com.br\/noticias\/economia\/"},{"@type":"ListItem","position":3,"name":"Mudan\u00e7as clim\u00e1ticas prejudicam crescimento do Brasil, diz OCDE"}]},{"@type":"WebSite","@id":"https:\/\/www.suno.com.br\/noticias\/#website","url":"https:\/\/www.suno.com.br\/noticias\/","name":"Suno Not\u00edcias","description":"Seu portal de informa\u00e7\u00e3o sobre o mundo dos investimentos","publisher":{"@id":"https:\/\/www.suno.com.br\/noticias\/#organization"},"potentialAction":[{"@type":"SearchAction","target":{"@type":"EntryPoint","urlTemplate":"https:\/\/www.suno.com.br\/noticias\/?s={search_term_string}"},"query-input":{"@type":"PropertyValueSpecification","valueRequired":true,"valueName":"search_term_string"}}],"inLanguage":"pt-BR"},{"@type":"Organization","@id":"https:\/\/www.suno.com.br\/noticias\/#organization","name":"Suno Not\u00edcias","url":"https:\/\/www.suno.com.br\/noticias\/","logo":{"@type":"ImageObject","inLanguage":"pt-BR","@id":"https:\/\/www.suno.com.br\/noticias\/#\/schema\/logo\/image\/","url":"https:\/\/files.sunoresearch.com.br\/n\/uploads\/2021\/09\/suno-logo.png","contentUrl":"https:\/\/files.sunoresearch.com.br\/n\/uploads\/2021\/09\/suno-logo.png","width":180,"height":180,"caption":"Suno Not\u00edcias"},"image":{"@id":"https:\/\/www.suno.com.br\/noticias\/#\/schema\/logo\/image\/"},"sameAs":["https:\/\/facebook.com\/sunoresearch","https:\/\/x.com\/sunoresearch","https:\/\/www.instagram.com\/suno","https:\/\/www.linkedin.com\/company\/suno-research\/","https:\/\/www.youtube.com\/c\/sunoresearch"]},{"@type":"Person","@id":"https:\/\/www.suno.com.br\/noticias\/#\/schema\/person\/829bbe8d57f84333b966b96229c6bf5f","name":"Marco Ant\u00f4nio Lopes","image":{"@type":"ImageObject","inLanguage":"pt-BR","@id":"https:\/\/www.suno.com.br\/noticias\/#\/schema\/person\/image\/","url":"https:\/\/secure.gravatar.com\/avatar\/385167b012fbc1cde32c5446ee253313?s=96&r=g","contentUrl":"https:\/\/secure.gravatar.com\/avatar\/385167b012fbc1cde32c5446ee253313?s=96&r=g","caption":"Marco Ant\u00f4nio Lopes"},"description":"Jornalista, \u00e9 editor no Suno Not\u00edcias. Trabalhou nas revistas Playboy, Super, Veja Comer &amp; Beber, Homem Vogue e Universo Masculino, al\u00e9m dos portais Abril.com, R7, nas editorias de Home, Esportes, Hora 7, Entretenimento e Geral, e Eu Quero Investir. Autor do livro Bruce Lee: Definitivo (Editora Conrad). Colaborou nas revistas Nova, Veja SP, Grandes Guerras, Placar, Bizz, Casa Claudia e Quatro Rodas.","url":"https:\/\/www.suno.com.br\/noticias\/author\/marco-lopes\/"}]}},"default_loop_html":"<div class=\"cardsPage__listCard__boxs\"><div class=\"cardsPage__listCard__boxs__img\"><a href=\"https:\/\/www.suno.com.br\/noticias\/ocde-mudancas-climaticas-crescimento-brasil-mal\/\"><img class=\"mask\" src=\"https:\/\/www.suno.com.br\/noticias\/wp-content\/themes\/suno\/resources\/images\/spotlight\/spotlight1img\/bg-mask.png\" alt=\"Image Mask\"\/><img src=\"https:\/\/files.sunoresearch.com.br\/n\/uploads\/2023\/09\/calor-verao-temperatura-praia-400x200.jpg\" alt=\"Mudan\u00e7as clim\u00e1ticas prejudicam crescimento do Brasil, diz OCDE\"\/><\/a><span class=\"spotlightCategory\"><a href=\"https:\/\/www.suno.com.br\/noticias\/economia\/\">Economia<\/a><\/span><\/div><div class=\"cardsPage__listCard__boxs__content\"><a href=\"https:\/\/www.suno.com.br\/noticias\/ocde-mudancas-climaticas-crescimento-brasil-mal\/\"><h2 class=\"content__title\">Mudan\u00e7as clim\u00e1ticas prejudicam crescimento do Brasil, diz OCDE<\/h2><\/a><div class=\"newsContent__article__meta\"><div class=\"newsContent__article__meta__authorBox\"><a href=\"https:\/\/www.suno.com.br\/noticias\/author\/marco-lopes\/\" class=\"authorBox__avatar noMobi\"><img src=\"https:\/\/secure.gravatar.com\/avatar\/385167b012fbc1cde32c5446ee253313?s=96&#038;r=g\" alt=\"Marco Ant\u00f4nio Lopes\"><\/a><div class=\"authorBox__name\"><span>por\n\t\t\t<a href=\"https:\/\/www.suno.com.br\/noticias\/author\/marco-lopes\/\"><span itemprop=\"author\">Marco Ant\u00f4nio Lopes<\/span><\/a><\/span><time datetime=\"2023-12-18T20:22:22-03:00\" itemprop=\"datePublished\">18\/12\/2023 20:22<\/time><\/div><\/div><\/div><\/div><\/div>","single_layout":"posts","amp_enabled":true,"_links":{"self":[{"href":"https:\/\/www.suno.com.br\/noticias\/wp-json\/wp\/v2\/posts\/502351"}],"collection":[{"href":"https:\/\/www.suno.com.br\/noticias\/wp-json\/wp\/v2\/posts"}],"about":[{"href":"https:\/\/www.suno.com.br\/noticias\/wp-json\/wp\/v2\/types\/post"}],"author":[{"embeddable":true,"href":"https:\/\/www.suno.com.br\/noticias\/wp-json\/wp\/v2\/users\/98"}],"replies":[{"embeddable":true,"href":"https:\/\/www.suno.com.br\/noticias\/wp-json\/wp\/v2\/comments?post=502351"}],"version-history":[{"count":2,"href":"https:\/\/www.suno.com.br\/noticias\/wp-json\/wp\/v2\/posts\/502351\/revisions"}],"predecessor-version":[{"id":502373,"href":"https:\/\/www.suno.com.br\/noticias\/wp-json\/wp\/v2\/posts\/502351\/revisions\/502373"}],"wp:featuredmedia":[{"embeddable":true,"href":"https:\/\/www.suno.com.br\/noticias\/wp-json\/wp\/v2\/media\/461095"}],"wp:attachment":[{"href":"https:\/\/www.suno.com.br\/noticias\/wp-json\/wp\/v2\/media?parent=502351"}],"wp:term":[{"taxonomy":"category","embeddable":true,"href":"https:\/\/www.suno.com.br\/noticias\/wp-json\/wp\/v2\/categories?post=502351"},{"taxonomy":"post_tag","embeddable":true,"href":"https:\/\/www.suno.com.br\/noticias\/wp-json\/wp\/v2\/tags?post=502351"},{"taxonomy":"suno_strategy","embeddable":true,"href":"https:\/\/www.suno.com.br\/noticias\/wp-json\/wp\/v2\/suno_strategy?post=502351"}],"curies":[{"name":"wp","href":"https:\/\/api.w.org\/{rel}","templated":true}]}}