{"id":5023,"date":"2018-10-08T12:24:49","date_gmt":"2018-10-08T15:24:49","guid":{"rendered":"https:\/\/www.suno.com.br\/noticias\/?p=5023"},"modified":"2018-10-08T12:24:49","modified_gmt":"2018-10-08T15:24:49","slug":"acoes-de-estatais-alta-eleicoes","status":"publish","type":"post","link":"https:\/\/www.suno.com.br\/noticias\/acoes-de-estatais-alta-eleicoes\/","title":{"rendered":"A\u00e7\u00f5es de estatais tem alta em meio ao resultado das elei\u00e7\u00f5es"},"content":{"rendered":"<p>Em meio a alta do Ibovespa que, \u00e0s 10h44, apresentava a pontua\u00e7\u00e3o de 86.667, subindo mais de 5%, as a\u00e7\u00f5es de estatais tiveram alta. Entre elas, destaque para a alta nos t\u00edtulos da Petrobras, Eletrobras, Cemig, Copasa e Banco do Brasil.<\/p>\t<div class=\"wrapper-featured-image\">\n\t\t<figure class=\"spotlightImg\">\n\n\t\t\t<picture>\n\t\t\t\t<source media=\"(max-width: 768px)\" srcset=\"https:\/\/files.sunoresearch.com.br\/n\/uploads\/2018\/10\/a0c446c9-acoes-de-estatais-400x200.webp\">\n\t\t\t\t<img loading=\"lazy\" decoding=\"async\" class=\"newsContent__article__imgCapa lazyloadDisabled newsContent__article__imgCapa--noCaption\" src=\"https:\/\/files.sunoresearch.com.br\/n\/uploads\/2018\/10\/a0c446c9-acoes-de-estatais-800x450.webp\" width=\"800\" height=\"450\" alt=\"A\u00e7\u00f5es de estatais tem alta em meio ao resultado das elei\u00e7\u00f5es\" fetchpriority=high \/>\n\t\t\t<\/picture>\n\n\t\t\t<figcaption class=\"wp-caption-text wp-caption-text--hide\">D\u00f3lar registra novo recorde e fecha com alta de 0,566\u00a0%, cotado a R$ 4,80<\/figcaption>\n\t\t<\/figure>\n\t<\/div>\n\n\n<p>Os n\u00fameros positivos das <strong>a\u00e7\u00f5es de estatais<\/strong> acontece um dia ap\u00f3s as elei\u00e7\u00f5es deste ano.<\/p>\n<p>O candidato do PSL, Jair Bolsonaro, vai disputar o segundo turno contra Fernando Haddad (PT).<\/p>\n<p>Por\u00e9m, a vantagem do capit\u00e3o reformado \u00e9 alta.<\/p>\n<p>A consultoria pol\u00edtica Eurasia aponta que Bolsonaro tem 75% de chance de vencer as elei\u00e7\u00f5es para o cargo m\u00e1ximo do executivo.<\/p>\n<p><strong>Petrobras\u00a0<\/strong><\/p>\n<p>\u00c0s 11h40 desta segunda-feira (8), as a\u00e7\u00f5es da Petrobras operavam em alta de 8,43%.<\/p>\n<p><strong>Eletrobras <\/strong><\/p>\n<p>\u00c0s 11h40\u00a0desta segunda-feira (8), as a\u00e7\u00f5es da Eletrobras subiam mais de 10%, chegando 13,27% de alta.<\/p>\n<p><strong>Banco do Brasil<\/strong><\/p>\n<p>Por volta das 11h45 desta segunda-feira (8), os t\u00edtulos do Banco do Brasil cresciam 9,37%.<\/p>\n<p><strong>Cemig e Copasa<\/strong><\/p>\n<p>A a\u00e7\u00f5es da companhia de energia e companhia de saneamento chegaram a operar acima dos 20% na manh\u00e3 desta segunda-feira. \u00c0s 11h45, a Cemig tinha crescimento de 16,65%, enquanto a Copasa, ao meio dia, operava em alta de 17,59%.<\/p>\n<p>Os n\u00fameros positivos nas <strong>a\u00e7\u00f5es de estatais<\/strong> mineiras acontecem em meio a confirma\u00e7\u00e3o que haver\u00e1 segundo turno para governador no estado. Ant\u00f4nio Anastasia (PSDB) e Romeu Zema (NOVO) disputar\u00e3o o pleito.<\/p>\n","protected":false},"excerpt":{"rendered":"<p>Em meio a alta do Ibovespa que, \u00e0s 10h44, apresentava a pontua\u00e7\u00e3o de 86.667, subindo mais de 5%, as a\u00e7\u00f5es de estatais tiveram alta. Entre elas, destaque para a alta nos t\u00edtulos da Petrobras, Eletrobras, Cemig, Copasa e Banco do Brasil. D\u00f3lar registra novo recorde e fecha com alta de 0,566\u00a0%, cotado a R$ 4,80 [&hellip;]<\/p>\n","protected":false},"author":7,"featured_media":5025,"comment_status":"closed","ping_status":"closed","sticky":false,"template":"","format":"standard","meta":[],"categories":[60],"tags":[732,309,420,430,697,455,716,721,719,595],"suno_strategy":[],"class_list":["post-5023","post","type-post","status-publish","format-standard","has-post-thumbnail","hentry","category-mercado","tag-banco-do-brasil-bbas3","tag-bolsa-de-valores","tag-cemig-cmig3-cmig4","tag-copasa-csmg3","tag-eleicoes","tag-eletrobras-elet3-elet5-elet6","tag-fernando-haddad","tag-ibovespa","tag-jair-bolsonaro","tag-petrobras-petr4"],"yoast_head":"<!-- This site is optimized with the Yoast SEO plugin v24.4 - https:\/\/yoast.com\/wordpress\/plugins\/seo\/ -->\n<title>A\u00e7\u00f5es de estatais tem alta em meio ao resultado das elei\u00e7\u00f5es<\/title>\n<meta name=\"description\" content=\"As ac\u00f5es de estatais operavam em alta nesta segunda-feira, 8 de outubro, p\u00f3s-elei\u00e7\u00f5es. Clique para saber mais.\" \/>\n<meta name=\"robots\" content=\"index, follow, max-snippet:-1, max-image-preview:large, max-video-preview:-1\" \/>\n<link rel=\"canonical\" href=\"https:\/\/www.suno.com.br\/noticias\/acoes-de-estatais-alta-eleicoes\/\" \/>\n<meta property=\"og:locale\" content=\"pt_BR\" \/>\n<meta property=\"og:type\" content=\"article\" \/>\n<meta property=\"og:title\" content=\"A\u00e7\u00f5es de estatais tem alta em meio ao resultado das elei\u00e7\u00f5es\" \/>\n<meta property=\"og:description\" content=\"As ac\u00f5es de estatais operavam em alta nesta segunda-feira, 8 de outubro, p\u00f3s-elei\u00e7\u00f5es. Clique para saber mais.\" \/>\n<meta property=\"og:url\" content=\"https:\/\/www.suno.com.br\/noticias\/acoes-de-estatais-alta-eleicoes\/\" \/>\n<meta property=\"og:site_name\" content=\"Suno Not\u00edcias\" \/>\n<meta property=\"article:publisher\" content=\"https:\/\/facebook.com\/sunoresearch\" \/>\n<meta property=\"article:author\" content=\"https:\/\/www.linkedin.com\/in\/mateus-vasconcellos-4b3542123\/\" \/>\n<meta property=\"og:image\" content=\"https:\/\/files.sunoresearch.com.br\/n\/uploads\/2018\/10\/a0c446c9-acoes-de-estatais.jpg\" \/>\n\t<meta property=\"og:image:width\" content=\"1920\" \/>\n\t<meta property=\"og:image:height\" content=\"1357\" \/>\n\t<meta property=\"og:image:type\" content=\"image\/jpeg\" \/>\n<meta name=\"author\" content=\"Mateus Vasconcellos\" \/>\n<meta name=\"twitter:card\" content=\"summary_large_image\" \/>\n<meta name=\"twitter:creator\" content=\"@sunoresearch\" \/>\n<meta name=\"twitter:site\" content=\"@sunoresearch\" \/>\n<meta name=\"twitter:label1\" content=\"Escrito por\" \/>\n\t<meta name=\"twitter:data1\" content=\"Mateus Vasconcellos\" \/>\n\t<meta name=\"twitter:label2\" content=\"Est. tempo de leitura\" \/>\n\t<meta name=\"twitter:data2\" content=\"1 minuto\" \/>\n<script type=\"application\/ld+json\" class=\"yoast-schema-graph\">{\"@context\":\"https:\/\/schema.org\",\"@graph\":[{\"@type\":\"NewsArticle\",\"@id\":\"https:\/\/www.suno.com.br\/noticias\/acoes-de-estatais-alta-eleicoes\/#article\",\"isPartOf\":{\"@id\":\"https:\/\/www.suno.com.br\/noticias\/acoes-de-estatais-alta-eleicoes\/\"},\"author\":{\"name\":\"Mateus Vasconcellos\",\"@id\":\"https:\/\/www.suno.com.br\/noticias\/#\/schema\/person\/ff5cc30ec6c0b55b6d3f3cfc4378b74e\"},\"headline\":\"A\u00e7\u00f5es de estatais tem alta em meio ao resultado das elei\u00e7\u00f5es\",\"datePublished\":\"2018-10-08T15:24:49+00:00\",\"mainEntityOfPage\":{\"@id\":\"https:\/\/www.suno.com.br\/noticias\/acoes-de-estatais-alta-eleicoes\/\"},\"wordCount\":244,\"publisher\":{\"@id\":\"https:\/\/www.suno.com.br\/noticias\/#organization\"},\"image\":{\"@id\":\"https:\/\/www.suno.com.br\/noticias\/acoes-de-estatais-alta-eleicoes\/#primaryimage\"},\"thumbnailUrl\":\"https:\/\/files.sunoresearch.com.br\/n\/uploads\/2018\/10\/a0c446c9-acoes-de-estatais-jpg.webp\",\"keywords\":[\"Banco do Brasil (BBAS3)\",\"Bolsa de Valores\",\"Cemig (CMIG3\/CMIG4)\",\"Copasa (CSMG3)\",\"Elei\u00e7\u00f5es\",\"Eletrobras (ELET3\/ELET5\/ELET6)\",\"Fernando Haddad\",\"Ibovespa\",\"Jair Bolsonaro\",\"Petrobras (PETR4)\"],\"articleSection\":[\"Mercado\"],\"inLanguage\":\"pt-BR\"},{\"@type\":\"WebPage\",\"@id\":\"https:\/\/www.suno.com.br\/noticias\/acoes-de-estatais-alta-eleicoes\/\",\"url\":\"https:\/\/www.suno.com.br\/noticias\/acoes-de-estatais-alta-eleicoes\/\",\"name\":\"A\u00e7\u00f5es de estatais tem alta em meio ao resultado das elei\u00e7\u00f5es\",\"isPartOf\":{\"@id\":\"https:\/\/www.suno.com.br\/noticias\/#website\"},\"primaryImageOfPage\":{\"@id\":\"https:\/\/www.suno.com.br\/noticias\/acoes-de-estatais-alta-eleicoes\/#primaryimage\"},\"image\":{\"@id\":\"https:\/\/www.suno.com.br\/noticias\/acoes-de-estatais-alta-eleicoes\/#primaryimage\"},\"thumbnailUrl\":\"https:\/\/files.sunoresearch.com.br\/n\/uploads\/2018\/10\/a0c446c9-acoes-de-estatais-jpg.webp\",\"datePublished\":\"2018-10-08T15:24:49+00:00\",\"description\":\"As ac\u00f5es de estatais operavam em alta nesta segunda-feira, 8 de outubro, p\u00f3s-elei\u00e7\u00f5es. Clique para saber mais.\",\"breadcrumb\":{\"@id\":\"https:\/\/www.suno.com.br\/noticias\/acoes-de-estatais-alta-eleicoes\/#breadcrumb\"},\"inLanguage\":\"pt-BR\",\"potentialAction\":[{\"@type\":\"ReadAction\",\"target\":[\"https:\/\/www.suno.com.br\/noticias\/acoes-de-estatais-alta-eleicoes\/\"]}]},{\"@type\":\"ImageObject\",\"inLanguage\":\"pt-BR\",\"@id\":\"https:\/\/www.suno.com.br\/noticias\/acoes-de-estatais-alta-eleicoes\/#primaryimage\",\"url\":\"https:\/\/files.sunoresearch.com.br\/n\/uploads\/2018\/10\/a0c446c9-acoes-de-estatais-jpg.webp\",\"contentUrl\":\"https:\/\/files.sunoresearch.com.br\/n\/uploads\/2018\/10\/a0c446c9-acoes-de-estatais-jpg.webp\",\"width\":1920,\"height\":1357,\"caption\":\"D\u00f3lar registra novo recorde e fecha com alta de 0,566\u00a0%, cotado a R$ 4,80\"},{\"@type\":\"BreadcrumbList\",\"@id\":\"https:\/\/www.suno.com.br\/noticias\/acoes-de-estatais-alta-eleicoes\/#breadcrumb\",\"itemListElement\":[{\"@type\":\"ListItem\",\"position\":1,\"name\":\"Not\u00edcias\",\"item\":\"https:\/\/www.suno.com.br\/noticias\/\"},{\"@type\":\"ListItem\",\"position\":2,\"name\":\"Mercado\",\"item\":\"https:\/\/www.suno.com.br\/noticias\/mercado\/\"},{\"@type\":\"ListItem\",\"position\":3,\"name\":\"A\u00e7\u00f5es de estatais tem alta em meio ao resultado das elei\u00e7\u00f5es\"}]},{\"@type\":\"WebSite\",\"@id\":\"https:\/\/www.suno.com.br\/noticias\/#website\",\"url\":\"https:\/\/www.suno.com.br\/noticias\/\",\"name\":\"Suno Not\u00edcias\",\"description\":\"Seu portal de informa\u00e7\u00e3o sobre o mundo dos investimentos\",\"publisher\":{\"@id\":\"https:\/\/www.suno.com.br\/noticias\/#organization\"},\"potentialAction\":[{\"@type\":\"SearchAction\",\"target\":{\"@type\":\"EntryPoint\",\"urlTemplate\":\"https:\/\/www.suno.com.br\/noticias\/?s={search_term_string}\"},\"query-input\":{\"@type\":\"PropertyValueSpecification\",\"valueRequired\":true,\"valueName\":\"search_term_string\"}}],\"inLanguage\":\"pt-BR\"},{\"@type\":\"Organization\",\"@id\":\"https:\/\/www.suno.com.br\/noticias\/#organization\",\"name\":\"Suno Not\u00edcias\",\"url\":\"https:\/\/www.suno.com.br\/noticias\/\",\"logo\":{\"@type\":\"ImageObject\",\"inLanguage\":\"pt-BR\",\"@id\":\"https:\/\/www.suno.com.br\/noticias\/#\/schema\/logo\/image\/\",\"url\":\"https:\/\/files.sunoresearch.com.br\/n\/uploads\/2021\/09\/suno-logo.png\",\"contentUrl\":\"https:\/\/files.sunoresearch.com.br\/n\/uploads\/2021\/09\/suno-logo.png\",\"width\":180,\"height\":180,\"caption\":\"Suno Not\u00edcias\"},\"image\":{\"@id\":\"https:\/\/www.suno.com.br\/noticias\/#\/schema\/logo\/image\/\"},\"sameAs\":[\"https:\/\/facebook.com\/sunoresearch\",\"https:\/\/x.com\/sunoresearch\",\"https:\/\/www.instagram.com\/suno\",\"https:\/\/www.linkedin.com\/company\/suno-research\/\",\"https:\/\/www.youtube.com\/c\/sunoresearch\"]},{\"@type\":\"Person\",\"@id\":\"https:\/\/www.suno.com.br\/noticias\/#\/schema\/person\/ff5cc30ec6c0b55b6d3f3cfc4378b74e\",\"name\":\"Mateus Vasconcellos\",\"image\":{\"@type\":\"ImageObject\",\"inLanguage\":\"pt-BR\",\"@id\":\"https:\/\/www.suno.com.br\/noticias\/#\/schema\/person\/image\/\",\"url\":\"https:\/\/secure.gravatar.com\/avatar\/8d725238a0ef7530bdf58578a222f948?s=96&r=g\",\"contentUrl\":\"https:\/\/secure.gravatar.com\/avatar\/8d725238a0ef7530bdf58578a222f948?s=96&r=g\",\"caption\":\"Mateus Vasconcellos\"},\"description\":\"Formado em jornalismo pela Universidade Presbiteriana Mackenzie, Mateus Vasconcellos escreve sobre o mercado financeiro para o portal de not\u00edcias da Suno Research. Antes da Suno, teve passagem pelo Observat\u00f3rio do Terceiro Setor e \u00e9 vencedor do 7\u00b0 Pr\u00eamio Jovem Jornalista Fernando Pacheco Jord\u00e3o.\",\"sameAs\":[\"https:\/\/www.suno.com.br\",\"https:\/\/www.linkedin.com\/in\/mateus-vasconcellos-4b3542123\/\"],\"url\":\"https:\/\/www.suno.com.br\/noticias\/author\/mateus-vasconcellos\/\"}]}<\/script>\n<!-- \/ Yoast SEO plugin. -->","yoast_head_json":{"title":"A\u00e7\u00f5es de estatais tem alta em meio ao resultado das elei\u00e7\u00f5es","description":"As ac\u00f5es de estatais operavam em alta nesta segunda-feira, 8 de outubro, p\u00f3s-elei\u00e7\u00f5es. Clique para saber mais.","robots":{"index":"index","follow":"follow","max-snippet":"max-snippet:-1","max-image-preview":"max-image-preview:large","max-video-preview":"max-video-preview:-1"},"canonical":"https:\/\/www.suno.com.br\/noticias\/acoes-de-estatais-alta-eleicoes\/","og_locale":"pt_BR","og_type":"article","og_title":"A\u00e7\u00f5es de estatais tem alta em meio ao resultado das elei\u00e7\u00f5es","og_description":"As ac\u00f5es de estatais operavam em alta nesta segunda-feira, 8 de outubro, p\u00f3s-elei\u00e7\u00f5es. Clique para saber mais.","og_url":"https:\/\/www.suno.com.br\/noticias\/acoes-de-estatais-alta-eleicoes\/","og_site_name":"Suno Not\u00edcias","article_publisher":"https:\/\/facebook.com\/sunoresearch","article_author":"https:\/\/www.linkedin.com\/in\/mateus-vasconcellos-4b3542123\/","og_image":[{"width":1920,"height":1357,"url":"https:\/\/files.sunoresearch.com.br\/n\/uploads\/2018\/10\/a0c446c9-acoes-de-estatais.jpg","type":"image\/jpeg"}],"author":"Mateus Vasconcellos","twitter_card":"summary_large_image","twitter_creator":"@sunoresearch","twitter_site":"@sunoresearch","twitter_misc":{"Escrito por":"Mateus Vasconcellos","Est. tempo de leitura":"1 minuto"},"schema":{"@context":"https:\/\/schema.org","@graph":[{"@type":"NewsArticle","@id":"https:\/\/www.suno.com.br\/noticias\/acoes-de-estatais-alta-eleicoes\/#article","isPartOf":{"@id":"https:\/\/www.suno.com.br\/noticias\/acoes-de-estatais-alta-eleicoes\/"},"author":{"name":"Mateus Vasconcellos","@id":"https:\/\/www.suno.com.br\/noticias\/#\/schema\/person\/ff5cc30ec6c0b55b6d3f3cfc4378b74e"},"headline":"A\u00e7\u00f5es de estatais tem alta em meio ao resultado das elei\u00e7\u00f5es","datePublished":"2018-10-08T15:24:49+00:00","mainEntityOfPage":{"@id":"https:\/\/www.suno.com.br\/noticias\/acoes-de-estatais-alta-eleicoes\/"},"wordCount":244,"publisher":{"@id":"https:\/\/www.suno.com.br\/noticias\/#organization"},"image":{"@id":"https:\/\/www.suno.com.br\/noticias\/acoes-de-estatais-alta-eleicoes\/#primaryimage"},"thumbnailUrl":"https:\/\/files.sunoresearch.com.br\/n\/uploads\/2018\/10\/a0c446c9-acoes-de-estatais-jpg.webp","keywords":["Banco do Brasil (BBAS3)","Bolsa de Valores","Cemig (CMIG3\/CMIG4)","Copasa (CSMG3)","Elei\u00e7\u00f5es","Eletrobras (ELET3\/ELET5\/ELET6)","Fernando Haddad","Ibovespa","Jair Bolsonaro","Petrobras (PETR4)"],"articleSection":["Mercado"],"inLanguage":"pt-BR"},{"@type":"WebPage","@id":"https:\/\/www.suno.com.br\/noticias\/acoes-de-estatais-alta-eleicoes\/","url":"https:\/\/www.suno.com.br\/noticias\/acoes-de-estatais-alta-eleicoes\/","name":"A\u00e7\u00f5es de estatais tem alta em meio ao resultado das elei\u00e7\u00f5es","isPartOf":{"@id":"https:\/\/www.suno.com.br\/noticias\/#website"},"primaryImageOfPage":{"@id":"https:\/\/www.suno.com.br\/noticias\/acoes-de-estatais-alta-eleicoes\/#primaryimage"},"image":{"@id":"https:\/\/www.suno.com.br\/noticias\/acoes-de-estatais-alta-eleicoes\/#primaryimage"},"thumbnailUrl":"https:\/\/files.sunoresearch.com.br\/n\/uploads\/2018\/10\/a0c446c9-acoes-de-estatais-jpg.webp","datePublished":"2018-10-08T15:24:49+00:00","description":"As ac\u00f5es de estatais operavam em alta nesta segunda-feira, 8 de outubro, p\u00f3s-elei\u00e7\u00f5es. Clique para saber mais.","breadcrumb":{"@id":"https:\/\/www.suno.com.br\/noticias\/acoes-de-estatais-alta-eleicoes\/#breadcrumb"},"inLanguage":"pt-BR","potentialAction":[{"@type":"ReadAction","target":["https:\/\/www.suno.com.br\/noticias\/acoes-de-estatais-alta-eleicoes\/"]}]},{"@type":"ImageObject","inLanguage":"pt-BR","@id":"https:\/\/www.suno.com.br\/noticias\/acoes-de-estatais-alta-eleicoes\/#primaryimage","url":"https:\/\/files.sunoresearch.com.br\/n\/uploads\/2018\/10\/a0c446c9-acoes-de-estatais-jpg.webp","contentUrl":"https:\/\/files.sunoresearch.com.br\/n\/uploads\/2018\/10\/a0c446c9-acoes-de-estatais-jpg.webp","width":1920,"height":1357,"caption":"D\u00f3lar registra novo recorde e fecha com alta de 0,566\u00a0%, cotado a R$ 4,80"},{"@type":"BreadcrumbList","@id":"https:\/\/www.suno.com.br\/noticias\/acoes-de-estatais-alta-eleicoes\/#breadcrumb","itemListElement":[{"@type":"ListItem","position":1,"name":"Not\u00edcias","item":"https:\/\/www.suno.com.br\/noticias\/"},{"@type":"ListItem","position":2,"name":"Mercado","item":"https:\/\/www.suno.com.br\/noticias\/mercado\/"},{"@type":"ListItem","position":3,"name":"A\u00e7\u00f5es de estatais tem alta em meio ao resultado das elei\u00e7\u00f5es"}]},{"@type":"WebSite","@id":"https:\/\/www.suno.com.br\/noticias\/#website","url":"https:\/\/www.suno.com.br\/noticias\/","name":"Suno Not\u00edcias","description":"Seu portal de informa\u00e7\u00e3o sobre o mundo dos investimentos","publisher":{"@id":"https:\/\/www.suno.com.br\/noticias\/#organization"},"potentialAction":[{"@type":"SearchAction","target":{"@type":"EntryPoint","urlTemplate":"https:\/\/www.suno.com.br\/noticias\/?s={search_term_string}"},"query-input":{"@type":"PropertyValueSpecification","valueRequired":true,"valueName":"search_term_string"}}],"inLanguage":"pt-BR"},{"@type":"Organization","@id":"https:\/\/www.suno.com.br\/noticias\/#organization","name":"Suno Not\u00edcias","url":"https:\/\/www.suno.com.br\/noticias\/","logo":{"@type":"ImageObject","inLanguage":"pt-BR","@id":"https:\/\/www.suno.com.br\/noticias\/#\/schema\/logo\/image\/","url":"https:\/\/files.sunoresearch.com.br\/n\/uploads\/2021\/09\/suno-logo.png","contentUrl":"https:\/\/files.sunoresearch.com.br\/n\/uploads\/2021\/09\/suno-logo.png","width":180,"height":180,"caption":"Suno Not\u00edcias"},"image":{"@id":"https:\/\/www.suno.com.br\/noticias\/#\/schema\/logo\/image\/"},"sameAs":["https:\/\/facebook.com\/sunoresearch","https:\/\/x.com\/sunoresearch","https:\/\/www.instagram.com\/suno","https:\/\/www.linkedin.com\/company\/suno-research\/","https:\/\/www.youtube.com\/c\/sunoresearch"]},{"@type":"Person","@id":"https:\/\/www.suno.com.br\/noticias\/#\/schema\/person\/ff5cc30ec6c0b55b6d3f3cfc4378b74e","name":"Mateus Vasconcellos","image":{"@type":"ImageObject","inLanguage":"pt-BR","@id":"https:\/\/www.suno.com.br\/noticias\/#\/schema\/person\/image\/","url":"https:\/\/secure.gravatar.com\/avatar\/8d725238a0ef7530bdf58578a222f948?s=96&r=g","contentUrl":"https:\/\/secure.gravatar.com\/avatar\/8d725238a0ef7530bdf58578a222f948?s=96&r=g","caption":"Mateus Vasconcellos"},"description":"Formado em jornalismo pela Universidade Presbiteriana Mackenzie, Mateus Vasconcellos escreve sobre o mercado financeiro para o portal de not\u00edcias da Suno Research. Antes da Suno, teve passagem pelo Observat\u00f3rio do Terceiro Setor e \u00e9 vencedor do 7\u00b0 Pr\u00eamio Jovem Jornalista Fernando Pacheco Jord\u00e3o.","sameAs":["https:\/\/www.suno.com.br","https:\/\/www.linkedin.com\/in\/mateus-vasconcellos-4b3542123\/"],"url":"https:\/\/www.suno.com.br\/noticias\/author\/mateus-vasconcellos\/"}]}},"default_loop_html":"<div class=\"cardsPage__listCard__boxs\"><div class=\"cardsPage__listCard__boxs__img\"><a href=\"https:\/\/www.suno.com.br\/noticias\/acoes-de-estatais-alta-eleicoes\/\"><img class=\"mask\" src=\"https:\/\/www.suno.com.br\/noticias\/wp-content\/themes\/suno\/resources\/images\/spotlight\/spotlight1img\/bg-mask.png\" alt=\"Image Mask\"\/><img src=\"https:\/\/files.sunoresearch.com.br\/n\/uploads\/2018\/10\/a0c446c9-acoes-de-estatais-400x200.webp\" alt=\"A\u00e7\u00f5es de estatais tem alta em meio ao resultado das elei\u00e7\u00f5es\"\/><\/a><span class=\"spotlightCategory\"><a href=\"https:\/\/www.suno.com.br\/noticias\/mercado\/\">Mercado<\/a><\/span><\/div><div class=\"cardsPage__listCard__boxs__content\"><a href=\"https:\/\/www.suno.com.br\/noticias\/acoes-de-estatais-alta-eleicoes\/\"><h2 class=\"content__title\">A\u00e7\u00f5es de estatais tem alta em meio ao resultado das elei\u00e7\u00f5es<\/h2><\/a><div class=\"newsContent__article__meta\"><div class=\"newsContent__article__meta__authorBox\"><a href=\"https:\/\/www.suno.com.br\/noticias\/author\/mateus-vasconcellos\/\" class=\"authorBox__avatar noMobi\"><img src=\"https:\/\/secure.gravatar.com\/avatar\/8d725238a0ef7530bdf58578a222f948?s=96&#038;r=g\" alt=\"Mateus Vasconcellos\"><\/a><div class=\"authorBox__name\"><span>por\n\t\t\t<a href=\"https:\/\/www.suno.com.br\/noticias\/author\/mateus-vasconcellos\/\"><span itemprop=\"author\">Mateus Vasconcellos<\/span><\/a><\/span><time datetime=\"2018-10-08T12:24:49-03:00\" itemprop=\"datePublished\">08\/10\/2018 12:24<\/time><\/div><\/div><\/div><\/div><\/div>","single_layout":"posts","amp_enabled":true,"_links":{"self":[{"href":"https:\/\/www.suno.com.br\/noticias\/wp-json\/wp\/v2\/posts\/5023"}],"collection":[{"href":"https:\/\/www.suno.com.br\/noticias\/wp-json\/wp\/v2\/posts"}],"about":[{"href":"https:\/\/www.suno.com.br\/noticias\/wp-json\/wp\/v2\/types\/post"}],"author":[{"embeddable":true,"href":"https:\/\/www.suno.com.br\/noticias\/wp-json\/wp\/v2\/users\/7"}],"replies":[{"embeddable":true,"href":"https:\/\/www.suno.com.br\/noticias\/wp-json\/wp\/v2\/comments?post=5023"}],"version-history":[{"count":0,"href":"https:\/\/www.suno.com.br\/noticias\/wp-json\/wp\/v2\/posts\/5023\/revisions"}],"wp:featuredmedia":[{"embeddable":true,"href":"https:\/\/www.suno.com.br\/noticias\/wp-json\/wp\/v2\/media\/5025"}],"wp:attachment":[{"href":"https:\/\/www.suno.com.br\/noticias\/wp-json\/wp\/v2\/media?parent=5023"}],"wp:term":[{"taxonomy":"category","embeddable":true,"href":"https:\/\/www.suno.com.br\/noticias\/wp-json\/wp\/v2\/categories?post=5023"},{"taxonomy":"post_tag","embeddable":true,"href":"https:\/\/www.suno.com.br\/noticias\/wp-json\/wp\/v2\/tags?post=5023"},{"taxonomy":"suno_strategy","embeddable":true,"href":"https:\/\/www.suno.com.br\/noticias\/wp-json\/wp\/v2\/suno_strategy?post=5023"}],"curies":[{"name":"wp","href":"https:\/\/api.w.org\/{rel}","templated":true}]}}